{"id":12476,"date":"2025-08-01T07:00:00","date_gmt":"2025-08-01T06:00:00","guid":{"rendered":"https:\/\/maismagazine.pt\/?p=12476"},"modified":"2025-07-29T15:33:55","modified_gmt":"2025-07-29T14:33:55","slug":"um-refugio-natural-e-cultural-no-coracao-do-alentejo","status":"publish","type":"post","link":"http:\/\/maismagazine.pt\/index.php\/2025\/08\/01\/um-refugio-natural-e-cultural-no-coracao-do-alentejo\/","title":{"rendered":"Um Ref\u00fagio Natural e Cultural no Cora\u00e7\u00e3o do Alentejo"},"content":{"rendered":"\n<p><strong><a href=\"http:\/\/www.cm-pontedesor.pt\">Ponte de Sor<\/a> afirma-se como um destino de excel\u00eancia para o turismo de natureza e desporto n\u00e1utico, sempre com a Albufeira de Montargil como pano de fundo. Com novas infraestruturas, a certifica\u00e7\u00e3o da Esta\u00e7\u00e3o N\u00e1utica e uma oferta diversificada de atividades, a regi\u00e3o aposta num desenvolvimento sustent\u00e1vel que promete atrair mais visitantes. <\/strong><\/p>\n\n\n\n<p><\/p>\n\n\n\n<p>A Albufeira de Montargil \u00e9, sem d\u00favida, um dos principais pontos de interesse do concelho. A riqueza do patrim\u00f3nio natural \u00e9 ainda complementada pela presen\u00e7a de variad\u00edssimos equipamentos culturais e de lazer que permitem alcan\u00e7ar um p\u00fablico diferenciado e mais alargado, prolongando a estadia do viajante\/turista. Tamb\u00e9m os equipamentos desportivos do concelho complementam a val\u00eancia n\u00e1utica e l\u00fadica da Albufeira, podendo alavancar a cria\u00e7\u00e3o de pacotes de desporto ativo. Com a implementa\u00e7\u00e3o e certifica\u00e7\u00e3o da Esta\u00e7\u00e3o N\u00e1utica Ponte de Sor \u2013 Montargil toda a oferta do concelho fica integrada e, com o trabalho em rede por parte dos v\u00e1rios intervenientes, \u00e9 potenciado o valor do territ\u00f3rio, contribuindo para uma oferta com uma maior qualidade e mais completa. De salientar que a Esta\u00e7\u00e3o N\u00e1utica abrange, n\u00e3o s\u00f3 a Albufeira de Montargil, mas tamb\u00e9m a Ribeira de Sor, complementando a oferta j\u00e1 existente. Estas sinergias ir\u00e3o contribuir para o aumento da procura deste territ\u00f3rio, bem como para o aumento da dura\u00e7\u00e3o da estadia no concelho de Ponte de Sor. O intuito \u00e9 aumentar o n\u00famero de parceiros e manter uma din\u00e2mica ativa entre eles. <\/p>\n\n\n\n<p><\/p>\n\n\n\n<p>Das atividades que se podem praticar, destaca-se a canoagem, vela, jet-ski, kitesurf, moton\u00e1utica, paddle surf e o wakeboard. Para al\u00e9m destas atividades, que podem ser realizadas atrav\u00e9s dos parceiros da Esta\u00e7\u00e3o N\u00e1utica, existem outras op\u00e7\u00f5es como, por exemplo, pesca desportiva, nata\u00e7\u00e3o e a observa\u00e7\u00e3o de aves. No seguimento da potencia\u00e7\u00e3o deste espa\u00e7o natural muito singular, em 2020, foi desenvolvido o Plano Estrat\u00e9gico de Valoriza\u00e7\u00e3o da Albufeira de Montargil, onde est\u00e1 definida a cria\u00e7\u00e3o de v\u00e1rias infraestruturas de apoio a uma maior e melhor frui\u00e7\u00e3o da Albufeira de Montargil, tais como, praias fluviais, cable park, percursos pedestres, \u00e1rea de servi\u00e7o de autocaravanas, entre outras. Estas infraestruturas possibilitar\u00e3o, a par com as que j\u00e1 existem, criar uma maior oferta de experi\u00eancias. <\/p>\n\n\n\n<p><\/p>\n\n\n\n<p>A praia fluvial de Montalvo\/ Tesos ser\u00e1 uma das tr\u00eas praias previstas para a Albufeira. Esta praia ter\u00e1, para al\u00e9m de acessos melhorados, uma ecopista, \u00e1rea de autoca-ravanas no estacionamento de apoio \u00e0 praia, parque de merendas, parque infantil, campo de voleibol, piscina flutuante, edif\u00edcio para espa\u00e7o comercial e praia concessionada. Por forma a melhorar a oferta e as instala\u00e7\u00f5es do Clube de Vela, prev\u00ea-se a sua mudan\u00e7a para este local, onde v\u00e3o ser constru\u00eddos espa\u00e7os para o efeito, tal como rampa para embarca\u00e7\u00f5es e uma marina\/cais. A Albufeira de Montargil j\u00e1 era muito procurada como praia, quer por parte da popula\u00e7\u00e3o local, quer por pessoas vindas de v\u00e1rios pontos do pa\u00eds, sendo a infraestrutura\u00e7\u00e3o deste espa\u00e7o bastante importante para o desenvolvimento local. <\/p>\n\n\n\n<p><\/p>\n\n\n\n<figure class=\"wp-block-gallery has-nested-images columns-default is-cropped wp-block-gallery-1 is-layout-flex wp-block-gallery-is-layout-flex\">\n<figure class=\"wp-block-image size-large\"><img loading=\"lazy\" decoding=\"async\" width=\"1024\" height=\"534\" data-id=\"12477\" src=\"https:\/\/maismagazine.pt\/wp-content\/uploads\/2025\/07\/Albufeira-de-Montargil_2-1024x534.png\" alt=\"\" class=\"wp-image-12477\" srcset=\"http:\/\/maismagazine.pt\/wp-content\/uploads\/2025\/07\/Albufeira-de-Montargil_2-1024x534.png 1024w, http:\/\/maismagazine.pt\/wp-content\/uploads\/2025\/07\/Albufeira-de-Montargil_2-300x156.png 300w, http:\/\/maismagazine.pt\/wp-content\/uploads\/2025\/07\/Albufeira-de-Montargil_2-768x400.png 768w, http:\/\/maismagazine.pt\/wp-content\/uploads\/2025\/07\/Albufeira-de-Montargil_2-1536x800.png 1536w, http:\/\/maismagazine.pt\/wp-content\/uploads\/2025\/07\/Albufeira-de-Montargil_2.png 1850w\" sizes=\"auto, (max-width: 1024px) 100vw, 1024px\" \/><\/figure>\n\n\n\n<figure class=\"wp-block-image size-large\"><img loading=\"lazy\" decoding=\"async\" width=\"688\" height=\"459\" data-id=\"12479\" src=\"https:\/\/maismagazine.pt\/wp-content\/uploads\/2025\/07\/Albufeira-de-Montargil_3.jpg\" alt=\"\" class=\"wp-image-12479\" srcset=\"http:\/\/maismagazine.pt\/wp-content\/uploads\/2025\/07\/Albufeira-de-Montargil_3.jpg 688w, http:\/\/maismagazine.pt\/wp-content\/uploads\/2025\/07\/Albufeira-de-Montargil_3-300x200.jpg 300w, http:\/\/maismagazine.pt\/wp-content\/uploads\/2025\/07\/Albufeira-de-Montargil_3-150x100.jpg 150w\" sizes=\"auto, (max-width: 688px) 100vw, 688px\" \/><\/figure>\n<\/figure>\n\n\n\n<p><\/p>\n\n\n\n<p><\/p>\n\n\n\n<p><strong>Um ref\u00fagio cultural e hist\u00f3rico<\/strong><\/p>\n\n\n\n<p>No patrim\u00f3nio edificado destacam-se as capelas existentes por todo o territ\u00f3rio, bem como o Centro de Artes e Cultura, no edif\u00edcio da antiga f\u00e1brica de moagem de cereais e descasque de arroz, transformado num espa\u00e7o cultural. Neste local, para al\u00e9m da maquinaria original da antiga f\u00e1brica, existem v\u00e1rios espa\u00e7os de exposi\u00e7\u00e3o, o Museu Municipal e o maior mosaico de rolhas de corti\u00e7a do mundo (Recorde do Guiness). O concelho de Ponte de Sor pauta-se pelos diversos espa\u00e7os culturais, a par com o Centro de Artes e Cultura, com uma grande din\u00e2mica: Teatro-Cinema, Centro Cultural de Montargil, Centro Interpretativo de Molinologia de Foros de Arr\u00e3o, Centro de Interpreta\u00e7\u00e3o Jos\u00e9 Lu\u00eds Peixoto e N\u00facleo Museol\u00f3gico em Galveias, bem como v\u00e1rios locais para eventos ao ar livre. <\/p>\n\n\n\n<p><\/p>\n\n\n\n<p>De salientar que o concelho de Ponte de Sor est\u00e1 presente na Rota da Estrada Nacional 2, com os seus 35 km de extens\u00e3o no nosso territ\u00f3rio. Esta estrada ladeia toda a margem direita da Albufeira, apresentando-se atualmente como importante atrativo tur\u00edstico.  <\/p>\n\n\n\n<p><\/p>\n\n\n\n<p><\/p>\n\n\n\n<h2 class=\"wp-block-heading\">A Natural and Cultural Refuge in the Heart of Alentejo<\/h2>\n\n\n\n<p><strong><a href=\"http:\/\/www.cm-pontedesor.pt\">Ponte de Sor<\/a> has established itself as an excellent destination for nature tourism and water sports, always with the Montargil Reservoir as a backdrop. With new infrastructure, the Nautical Station certification, and a diverse range of activities, the region is committed to sustainable development that promises to attract more visitors.<\/strong><\/p>\n\n\n\n<p><\/p>\n\n\n\n<p>The Montargil Reservoir is undoubtedly one of the municipality&#8217;s main points of interest. Its rich natural heritage is complemented by a wide variety of cultural and leisure facilities, allowing it to reach a diverse and broader audience, extending the traveler&#8217;s\/tourist&#8217;s stay. The municipality&#8217;s sports facilities also complement the Albufeira&#8217;s nautical and recreational activities, potentially leveraging the creation of active sports packages. With the implementation and certification of the Ponte de Sor \u2013 Montargil Nautical Station, the municipality&#8217;s entire offering is integrated, and networking among the various stakeholders enhances the region&#8217;s value, contributing to a higher-quality and more comprehensive offering. It is worth noting that the Nautical Station covers not only the Montargil Reservoir but also the Ribeira de Sor, complementing the existing offering. These synergies will contribute to increased demand for this area, as well as to longer stays in the municipality of Ponte de Sor. The aim is to increase the number of partners and maintain an active dynamic between them.<\/p>\n\n\n\n<p><\/p>\n\n\n\n<p>Among the activities available, canoeing, sailing, jet skiing, kitesurfing, power boating, paddle surfing, and wakeboarding stand out. In addition to these activities, which can be enjoyed through the Nautical Station&#8217;s partners, other options include sport fishing, swimming, and birdwatching. To further enhance this unique natural space, the Montargil Reservoir Strategic Enhancement Plan was developed in 2020. This plan defines the creation of various infrastructures to support greater and better enjoyment of the Montargil Reservoir, such as river beaches, a cable car park, hiking trails, a motorhome service area, and more. These infrastructures, along with existing ones, will enable a broader range of experiences.<\/p>\n\n\n\n<p><\/p>\n\n\n\n<p>The Montalvo\/Tesos river beach will be one of three planned beaches in Albufeira. In addition to improved access, this beach will feature an eco-path, a motorhome parking area, a picnic area, a children&#8217;s playground, a volleyball court, a floating pool, a commercial building, and a concessioned beach. To improve the Sailing Club&#8217;s offerings and facilities, it is planned to relocate to this location, where dedicated spaces will be built, such as a boat ramp and a marina\/pier. The Montargil Reservoir was already highly sought after as a beach, both by the local population and by visitors from various parts of the country, and the infrastructure of this space is crucial for local development.<\/p>\n\n\n\n<p><\/p>\n\n\n\n<p><\/p>\n\n\n\n<figure class=\"wp-block-gallery has-nested-images columns-default is-cropped wp-block-gallery-2 is-layout-flex wp-block-gallery-is-layout-flex\">\n<figure class=\"wp-block-image size-large\"><img loading=\"lazy\" decoding=\"async\" width=\"590\" height=\"393\" data-id=\"12482\" src=\"https:\/\/maismagazine.pt\/wp-content\/uploads\/2025\/07\/Albufeira-de-Montargil_4.jpg\" alt=\"\" class=\"wp-image-12482\" srcset=\"http:\/\/maismagazine.pt\/wp-content\/uploads\/2025\/07\/Albufeira-de-Montargil_4.jpg 590w, http:\/\/maismagazine.pt\/wp-content\/uploads\/2025\/07\/Albufeira-de-Montargil_4-300x200.jpg 300w, http:\/\/maismagazine.pt\/wp-content\/uploads\/2025\/07\/Albufeira-de-Montargil_4-150x100.jpg 150w\" sizes=\"auto, (max-width: 590px) 100vw, 590px\" \/><\/figure>\n\n\n\n<figure class=\"wp-block-image size-large\"><img loading=\"lazy\" decoding=\"async\" width=\"1024\" height=\"533\" data-id=\"12483\" src=\"https:\/\/maismagazine.pt\/wp-content\/uploads\/2025\/07\/Albufeira-de-Montargil_5-1024x533.png\" alt=\"\" class=\"wp-image-12483\" srcset=\"http:\/\/maismagazine.pt\/wp-content\/uploads\/2025\/07\/Albufeira-de-Montargil_5-1024x533.png 1024w, http:\/\/maismagazine.pt\/wp-content\/uploads\/2025\/07\/Albufeira-de-Montargil_5-300x156.png 300w, http:\/\/maismagazine.pt\/wp-content\/uploads\/2025\/07\/Albufeira-de-Montargil_5-768x400.png 768w, http:\/\/maismagazine.pt\/wp-content\/uploads\/2025\/07\/Albufeira-de-Montargil_5.png 1036w\" sizes=\"auto, (max-width: 1024px) 100vw, 1024px\" \/><\/figure>\n<\/figure>\n\n\n\n<pre id=\"tw-target-text\" class=\"wp-block-preformatted\"><\/pre>\n\n\n\n<p><strong>A cultural and historical refuge<\/strong><\/p>\n\n\n\n<p>Among the built heritage, chapels located throughout the territory stand out, as does the Arts and Culture Center, housed in the former grain milling and rice husking factory, which has been converted into a cultural space. This location, in addition to the original machinery from the old factory, houses several exhibition spaces, the Municipal Museum, and the world&#8217;s largest cork stopper mosaic (a Guinness World Record holder). The municipality of Ponte de Sor boasts a variety of cultural spaces, along with the Arts and Culture Center, which are highly dynamic: a Theater-Cinema, the Montargil Cultural Center, the Foros de Arr\u00e3o Molinology Interpretation Center, the Jos\u00e9 Lu\u00eds Peixoto Interpretation Center, and the Galveias Museum Center, as well as several outdoor event venues.<\/p>\n\n\n\n<p><\/p>\n\n\n\n<p>It&#8217;s worth noting that the municipality of Ponte de Sor is on the 35-km National Road 2 route through our territory. This road runs along the entire right bank of the Albufeira River and is currently a major tourist attraction.<\/p>\n\n\n\n<p><\/p>\n\n\n<div class=\"wp-block-image\">\n<figure class=\"aligncenter size-large is-resized\"><img loading=\"lazy\" decoding=\"async\" width=\"1024\" height=\"960\" src=\"https:\/\/maismagazine.pt\/wp-content\/uploads\/2025\/07\/347836036_790355329060483_4482362224180845458_n-1024x960.jpg\" alt=\"\" class=\"wp-image-12486\" style=\"width:294px;height:auto\" srcset=\"http:\/\/maismagazine.pt\/wp-content\/uploads\/2025\/07\/347836036_790355329060483_4482362224180845458_n-1024x960.jpg 1024w, http:\/\/maismagazine.pt\/wp-content\/uploads\/2025\/07\/347836036_790355329060483_4482362224180845458_n-300x281.jpg 300w, http:\/\/maismagazine.pt\/wp-content\/uploads\/2025\/07\/347836036_790355329060483_4482362224180845458_n-768x720.jpg 768w, http:\/\/maismagazine.pt\/wp-content\/uploads\/2025\/07\/347836036_790355329060483_4482362224180845458_n-1536x1440.jpg 1536w, http:\/\/maismagazine.pt\/wp-content\/uploads\/2025\/07\/347836036_790355329060483_4482362224180845458_n.jpg 1718w\" sizes=\"auto, (max-width: 1024px) 100vw, 1024px\" \/><\/figure><\/div>","protected":false},"excerpt":{"rendered":"<p>Ponte de Sor afirma-se como um destino de excel\u00eancia para o turismo de natureza e desporto n\u00e1utico, sempre com a Albufeira de Montargil como pano de fundo. Com novas infraestruturas, a certifica\u00e7\u00e3o da Esta\u00e7\u00e3o N\u00e1utica e uma oferta diversificada de atividades, a regi\u00e3o aposta num desenvolvimento sustent\u00e1vel que promete atrair&hellip;<\/p>\n","protected":false},"author":17,"featured_media":12487,"comment_status":"closed","ping_status":"open","sticky":false,"template":"","format":"standard","meta":{"advgb_blocks_editor_width":"","advgb_blocks_columns_visual_guide":"","_monsterinsights_skip_tracking":false,"_monsterinsights_sitenote_active":false,"_monsterinsights_sitenote_note":"","_monsterinsights_sitenote_category":0,"footnotes":""},"categories":[53],"tags":[2422],"class_list":["post-12476","post","type-post","status-publish","format-standard","has-post-thumbnail","hentry","category-turismo-restaurantes","tag-cm-ponte-de-sor"],"yoast_head":"<!-- This site is optimized with the Yoast SEO plugin v24.4 - https:\/\/yoast.com\/wordpress\/plugins\/seo\/ -->\n<title>Um Ref\u00fagio Natural e Cultural no Cora\u00e7\u00e3o do Alentejo - Mais Magazine<\/title>\n<meta name=\"description\" content=\"Ponte de Sor afirma-se como um destino de excel\u00eancia para o turismo de natureza e desporto n\u00e1utico, sempre com a Albufeira de Montargil como pano de fundo. Com novas infraestruturas, a certifica\u00e7\u00e3o da Esta\u00e7\u00e3o N\u00e1utica e uma oferta diversificada de atividades, a regi\u00e3o aposta num desenvolvimento sustent\u00e1vel que promete atrair mais visitantes.\" \/>\n<meta name=\"robots\" content=\"index, follow, max-snippet:-1, max-image-preview:large, max-video-preview:-1\" \/>\n<link rel=\"canonical\" href=\"https:\/\/maismagazine.pt\/index.php\/2025\/08\/01\/um-refugio-natural-e-cultural-no-coracao-do-alentejo\/\" \/>\n<meta property=\"og:locale\" content=\"pt_PT\" \/>\n<meta property=\"og:type\" content=\"article\" \/>\n<meta property=\"og:title\" content=\"Um Ref\u00fagio Natural e Cultural no Cora\u00e7\u00e3o do Alentejo - Mais Magazine\" \/>\n<meta property=\"og:description\" content=\"Ponte de Sor afirma-se como um destino de excel\u00eancia para o turismo de natureza e desporto n\u00e1utico, sempre com a Albufeira de Montargil como pano de fundo. Com novas infraestruturas, a certifica\u00e7\u00e3o da Esta\u00e7\u00e3o N\u00e1utica e uma oferta diversificada de atividades, a regi\u00e3o aposta num desenvolvimento sustent\u00e1vel que promete atrair mais visitantes.\" \/>\n<meta property=\"og:url\" content=\"https:\/\/maismagazine.pt\/index.php\/2025\/08\/01\/um-refugio-natural-e-cultural-no-coracao-do-alentejo\/\" \/>\n<meta property=\"og:site_name\" content=\"Mais Magazine\" \/>\n<meta property=\"article:published_time\" content=\"2025-08-01T06:00:00+00:00\" \/>\n<meta property=\"og:image\" content=\"https:\/\/maismagazine.pt\/wp-content\/uploads\/2025\/07\/Albufeira-de-Montargil-scaled.jpg\" \/>\n\t<meta property=\"og:image:width\" content=\"2560\" \/>\n\t<meta property=\"og:image:height\" content=\"1438\" \/>\n\t<meta property=\"og:image:type\" content=\"image\/jpeg\" \/>\n<meta name=\"author\" content=\"Tiago Costa\" \/>\n<meta name=\"twitter:card\" content=\"summary_large_image\" \/>\n<meta name=\"twitter:label1\" content=\"Escrito por\" \/>\n\t<meta name=\"twitter:data1\" content=\"\" \/>\n\t<meta name=\"twitter:label2\" content=\"Tempo estimado de leitura\" \/>\n\t<meta name=\"twitter:data2\" content=\"9 minutos\" \/>\n<script type=\"application\/ld+json\" class=\"yoast-schema-graph\">{\"@context\":\"https:\/\/schema.org\",\"@graph\":[{\"@type\":\"Article\",\"@id\":\"https:\/\/maismagazine.pt\/index.php\/2025\/08\/01\/um-refugio-natural-e-cultural-no-coracao-do-alentejo\/#article\",\"isPartOf\":{\"@id\":\"https:\/\/maismagazine.pt\/index.php\/2025\/08\/01\/um-refugio-natural-e-cultural-no-coracao-do-alentejo\/\"},\"author\":{\"name\":\"Tiago Costa\",\"@id\":\"https:\/\/maismagazine.pt\/#\/schema\/person\/c6c5bfccc886434cbd11c74e035f9646\"},\"headline\":\"Um Ref\u00fagio Natural e Cultural no Cora\u00e7\u00e3o do Alentejo\",\"datePublished\":\"2025-08-01T06:00:00+00:00\",\"mainEntityOfPage\":{\"@id\":\"https:\/\/maismagazine.pt\/index.php\/2025\/08\/01\/um-refugio-natural-e-cultural-no-coracao-do-alentejo\/\"},\"wordCount\":1348,\"publisher\":{\"@id\":\"https:\/\/maismagazine.pt\/#organization\"},\"image\":{\"@id\":\"https:\/\/maismagazine.pt\/index.php\/2025\/08\/01\/um-refugio-natural-e-cultural-no-coracao-do-alentejo\/#primaryimage\"},\"thumbnailUrl\":\"http:\/\/maismagazine.pt\/wp-content\/uploads\/2025\/07\/Albufeira-de-Montargil-scaled.jpg\",\"keywords\":[\"CM Ponte de Sor\"],\"articleSection\":[\"Turismo | Vinhos | Gastronomia\"],\"inLanguage\":\"pt-PT\"},{\"@type\":\"WebPage\",\"@id\":\"https:\/\/maismagazine.pt\/index.php\/2025\/08\/01\/um-refugio-natural-e-cultural-no-coracao-do-alentejo\/\",\"url\":\"https:\/\/maismagazine.pt\/index.php\/2025\/08\/01\/um-refugio-natural-e-cultural-no-coracao-do-alentejo\/\",\"name\":\"Um Ref\u00fagio Natural e Cultural no Cora\u00e7\u00e3o do Alentejo - Mais Magazine\",\"isPartOf\":{\"@id\":\"https:\/\/maismagazine.pt\/#website\"},\"primaryImageOfPage\":{\"@id\":\"https:\/\/maismagazine.pt\/index.php\/2025\/08\/01\/um-refugio-natural-e-cultural-no-coracao-do-alentejo\/#primaryimage\"},\"image\":{\"@id\":\"https:\/\/maismagazine.pt\/index.php\/2025\/08\/01\/um-refugio-natural-e-cultural-no-coracao-do-alentejo\/#primaryimage\"},\"thumbnailUrl\":\"http:\/\/maismagazine.pt\/wp-content\/uploads\/2025\/07\/Albufeira-de-Montargil-scaled.jpg\",\"datePublished\":\"2025-08-01T06:00:00+00:00\",\"description\":\"Ponte de Sor afirma-se como um destino de excel\u00eancia para o turismo de natureza e desporto n\u00e1utico, sempre com a Albufeira de Montargil como pano de fundo. Com novas infraestruturas, a certifica\u00e7\u00e3o da Esta\u00e7\u00e3o N\u00e1utica e uma oferta diversificada de atividades, a regi\u00e3o aposta num desenvolvimento sustent\u00e1vel que promete atrair mais visitantes.\",\"breadcrumb\":{\"@id\":\"https:\/\/maismagazine.pt\/index.php\/2025\/08\/01\/um-refugio-natural-e-cultural-no-coracao-do-alentejo\/#breadcrumb\"},\"inLanguage\":\"pt-PT\",\"potentialAction\":[{\"@type\":\"ReadAction\",\"target\":[\"https:\/\/maismagazine.pt\/index.php\/2025\/08\/01\/um-refugio-natural-e-cultural-no-coracao-do-alentejo\/\"]}]},{\"@type\":\"ImageObject\",\"inLanguage\":\"pt-PT\",\"@id\":\"https:\/\/maismagazine.pt\/index.php\/2025\/08\/01\/um-refugio-natural-e-cultural-no-coracao-do-alentejo\/#primaryimage\",\"url\":\"http:\/\/maismagazine.pt\/wp-content\/uploads\/2025\/07\/Albufeira-de-Montargil-scaled.jpg\",\"contentUrl\":\"http:\/\/maismagazine.pt\/wp-content\/uploads\/2025\/07\/Albufeira-de-Montargil-scaled.jpg\",\"width\":2560,\"height\":1438},{\"@type\":\"BreadcrumbList\",\"@id\":\"https:\/\/maismagazine.pt\/index.php\/2025\/08\/01\/um-refugio-natural-e-cultural-no-coracao-do-alentejo\/#breadcrumb\",\"itemListElement\":[{\"@type\":\"ListItem\",\"position\":1,\"name\":\"Home\",\"item\":\"https:\/\/maismagazine.pt\/\"},{\"@type\":\"ListItem\",\"position\":2,\"name\":\"Um Ref\u00fagio Natural e Cultural no Cora\u00e7\u00e3o do Alentejo\"}]},{\"@type\":\"WebSite\",\"@id\":\"https:\/\/maismagazine.pt\/#website\",\"url\":\"https:\/\/maismagazine.pt\/\",\"name\":\"Mais Magazine\",\"description\":\"\",\"publisher\":{\"@id\":\"https:\/\/maismagazine.pt\/#organization\"},\"potentialAction\":[{\"@type\":\"SearchAction\",\"target\":{\"@type\":\"EntryPoint\",\"urlTemplate\":\"https:\/\/maismagazine.pt\/?s={search_term_string}\"},\"query-input\":{\"@type\":\"PropertyValueSpecification\",\"valueRequired\":true,\"valueName\":\"search_term_string\"}}],\"inLanguage\":\"pt-PT\"},{\"@type\":\"Organization\",\"@id\":\"https:\/\/maismagazine.pt\/#organization\",\"name\":\"Mais Magazine\",\"url\":\"https:\/\/maismagazine.pt\/\",\"logo\":{\"@type\":\"ImageObject\",\"inLanguage\":\"pt-PT\",\"@id\":\"https:\/\/maismagazine.pt\/#\/schema\/logo\/image\/\",\"url\":\"http:\/\/maismagazine.pt\/wp-content\/uploads\/2020\/04\/cropped-cropped-mais-magazine-site-logo-2.png\",\"contentUrl\":\"http:\/\/maismagazine.pt\/wp-content\/uploads\/2020\/04\/cropped-cropped-mais-magazine-site-logo-2.png\",\"width\":581,\"height\":90,\"caption\":\"Mais Magazine\"},\"image\":{\"@id\":\"https:\/\/maismagazine.pt\/#\/schema\/logo\/image\/\"}},{\"@type\":\"Person\",\"@id\":\"https:\/\/maismagazine.pt\/#\/schema\/person\/c6c5bfccc886434cbd11c74e035f9646\",\"name\":\"Tiago Costa\",\"image\":{\"@type\":\"ImageObject\",\"inLanguage\":\"pt-PT\",\"@id\":\"https:\/\/maismagazine.pt\/#\/schema\/person\/image\/\",\"url\":\"https:\/\/secure.gravatar.com\/avatar\/c599b2bce16c9870429198cbad5ee022?s=96&d=mm&r=g\",\"contentUrl\":\"https:\/\/secure.gravatar.com\/avatar\/c599b2bce16c9870429198cbad5ee022?s=96&d=mm&r=g\",\"caption\":\"Tiago Costa\"},\"url\":\"http:\/\/maismagazine.pt\/index.php\/author\/tiago\/\"}]}<\/script>\n<!-- \/ Yoast SEO plugin. -->","yoast_head_json":{"title":"Um Ref\u00fagio Natural e Cultural no Cora\u00e7\u00e3o do Alentejo - Mais Magazine","description":"Ponte de Sor afirma-se como um destino de excel\u00eancia para o turismo de natureza e desporto n\u00e1utico, sempre com a Albufeira de Montargil como pano de fundo. Com novas infraestruturas, a certifica\u00e7\u00e3o da Esta\u00e7\u00e3o N\u00e1utica e uma oferta diversificada de atividades, a regi\u00e3o aposta num desenvolvimento sustent\u00e1vel que promete atrair mais visitantes.","robots":{"index":"index","follow":"follow","max-snippet":"max-snippet:-1","max-image-preview":"max-image-preview:large","max-video-preview":"max-video-preview:-1"},"canonical":"https:\/\/maismagazine.pt\/index.php\/2025\/08\/01\/um-refugio-natural-e-cultural-no-coracao-do-alentejo\/","og_locale":"pt_PT","og_type":"article","og_title":"Um Ref\u00fagio Natural e Cultural no Cora\u00e7\u00e3o do Alentejo - Mais Magazine","og_description":"Ponte de Sor afirma-se como um destino de excel\u00eancia para o turismo de natureza e desporto n\u00e1utico, sempre com a Albufeira de Montargil como pano de fundo. Com novas infraestruturas, a certifica\u00e7\u00e3o da Esta\u00e7\u00e3o N\u00e1utica e uma oferta diversificada de atividades, a regi\u00e3o aposta num desenvolvimento sustent\u00e1vel que promete atrair mais visitantes.","og_url":"https:\/\/maismagazine.pt\/index.php\/2025\/08\/01\/um-refugio-natural-e-cultural-no-coracao-do-alentejo\/","og_site_name":"Mais Magazine","article_published_time":"2025-08-01T06:00:00+00:00","og_image":[{"width":2560,"height":1438,"url":"https:\/\/maismagazine.pt\/wp-content\/uploads\/2025\/07\/Albufeira-de-Montargil-scaled.jpg","type":"image\/jpeg"}],"author":"Tiago Costa","twitter_card":"summary_large_image","twitter_misc":{"Escrito por":false,"Tempo estimado de leitura":"9 minutos"},"schema":{"@context":"https:\/\/schema.org","@graph":[{"@type":"Article","@id":"https:\/\/maismagazine.pt\/index.php\/2025\/08\/01\/um-refugio-natural-e-cultural-no-coracao-do-alentejo\/#article","isPartOf":{"@id":"https:\/\/maismagazine.pt\/index.php\/2025\/08\/01\/um-refugio-natural-e-cultural-no-coracao-do-alentejo\/"},"author":{"name":"Tiago Costa","@id":"https:\/\/maismagazine.pt\/#\/schema\/person\/c6c5bfccc886434cbd11c74e035f9646"},"headline":"Um Ref\u00fagio Natural e Cultural no Cora\u00e7\u00e3o do Alentejo","datePublished":"2025-08-01T06:00:00+00:00","mainEntityOfPage":{"@id":"https:\/\/maismagazine.pt\/index.php\/2025\/08\/01\/um-refugio-natural-e-cultural-no-coracao-do-alentejo\/"},"wordCount":1348,"publisher":{"@id":"https:\/\/maismagazine.pt\/#organization"},"image":{"@id":"https:\/\/maismagazine.pt\/index.php\/2025\/08\/01\/um-refugio-natural-e-cultural-no-coracao-do-alentejo\/#primaryimage"},"thumbnailUrl":"http:\/\/maismagazine.pt\/wp-content\/uploads\/2025\/07\/Albufeira-de-Montargil-scaled.jpg","keywords":["CM Ponte de Sor"],"articleSection":["Turismo | Vinhos | Gastronomia"],"inLanguage":"pt-PT"},{"@type":"WebPage","@id":"https:\/\/maismagazine.pt\/index.php\/2025\/08\/01\/um-refugio-natural-e-cultural-no-coracao-do-alentejo\/","url":"https:\/\/maismagazine.pt\/index.php\/2025\/08\/01\/um-refugio-natural-e-cultural-no-coracao-do-alentejo\/","name":"Um Ref\u00fagio Natural e Cultural no Cora\u00e7\u00e3o do Alentejo - Mais Magazine","isPartOf":{"@id":"https:\/\/maismagazine.pt\/#website"},"primaryImageOfPage":{"@id":"https:\/\/maismagazine.pt\/index.php\/2025\/08\/01\/um-refugio-natural-e-cultural-no-coracao-do-alentejo\/#primaryimage"},"image":{"@id":"https:\/\/maismagazine.pt\/index.php\/2025\/08\/01\/um-refugio-natural-e-cultural-no-coracao-do-alentejo\/#primaryimage"},"thumbnailUrl":"http:\/\/maismagazine.pt\/wp-content\/uploads\/2025\/07\/Albufeira-de-Montargil-scaled.jpg","datePublished":"2025-08-01T06:00:00+00:00","description":"Ponte de Sor afirma-se como um destino de excel\u00eancia para o turismo de natureza e desporto n\u00e1utico, sempre com a Albufeira de Montargil como pano de fundo. Com novas infraestruturas, a certifica\u00e7\u00e3o da Esta\u00e7\u00e3o N\u00e1utica e uma oferta diversificada de atividades, a regi\u00e3o aposta num desenvolvimento sustent\u00e1vel que promete atrair mais visitantes.","breadcrumb":{"@id":"https:\/\/maismagazine.pt\/index.php\/2025\/08\/01\/um-refugio-natural-e-cultural-no-coracao-do-alentejo\/#breadcrumb"},"inLanguage":"pt-PT","potentialAction":[{"@type":"ReadAction","target":["https:\/\/maismagazine.pt\/index.php\/2025\/08\/01\/um-refugio-natural-e-cultural-no-coracao-do-alentejo\/"]}]},{"@type":"ImageObject","inLanguage":"pt-PT","@id":"https:\/\/maismagazine.pt\/index.php\/2025\/08\/01\/um-refugio-natural-e-cultural-no-coracao-do-alentejo\/#primaryimage","url":"http:\/\/maismagazine.pt\/wp-content\/uploads\/2025\/07\/Albufeira-de-Montargil-scaled.jpg","contentUrl":"http:\/\/maismagazine.pt\/wp-content\/uploads\/2025\/07\/Albufeira-de-Montargil-scaled.jpg","width":2560,"height":1438},{"@type":"BreadcrumbList","@id":"https:\/\/maismagazine.pt\/index.php\/2025\/08\/01\/um-refugio-natural-e-cultural-no-coracao-do-alentejo\/#breadcrumb","itemListElement":[{"@type":"ListItem","position":1,"name":"Home","item":"https:\/\/maismagazine.pt\/"},{"@type":"ListItem","position":2,"name":"Um Ref\u00fagio Natural e Cultural no Cora\u00e7\u00e3o do Alentejo"}]},{"@type":"WebSite","@id":"https:\/\/maismagazine.pt\/#website","url":"https:\/\/maismagazine.pt\/","name":"Mais Magazine","description":"","publisher":{"@id":"https:\/\/maismagazine.pt\/#organization"},"potentialAction":[{"@type":"SearchAction","target":{"@type":"EntryPoint","urlTemplate":"https:\/\/maismagazine.pt\/?s={search_term_string}"},"query-input":{"@type":"PropertyValueSpecification","valueRequired":true,"valueName":"search_term_string"}}],"inLanguage":"pt-PT"},{"@type":"Organization","@id":"https:\/\/maismagazine.pt\/#organization","name":"Mais Magazine","url":"https:\/\/maismagazine.pt\/","logo":{"@type":"ImageObject","inLanguage":"pt-PT","@id":"https:\/\/maismagazine.pt\/#\/schema\/logo\/image\/","url":"http:\/\/maismagazine.pt\/wp-content\/uploads\/2020\/04\/cropped-cropped-mais-magazine-site-logo-2.png","contentUrl":"http:\/\/maismagazine.pt\/wp-content\/uploads\/2020\/04\/cropped-cropped-mais-magazine-site-logo-2.png","width":581,"height":90,"caption":"Mais Magazine"},"image":{"@id":"https:\/\/maismagazine.pt\/#\/schema\/logo\/image\/"}},{"@type":"Person","@id":"https:\/\/maismagazine.pt\/#\/schema\/person\/c6c5bfccc886434cbd11c74e035f9646","name":"Tiago Costa","image":{"@type":"ImageObject","inLanguage":"pt-PT","@id":"https:\/\/maismagazine.pt\/#\/schema\/person\/image\/","url":"https:\/\/secure.gravatar.com\/avatar\/c599b2bce16c9870429198cbad5ee022?s=96&d=mm&r=g","contentUrl":"https:\/\/secure.gravatar.com\/avatar\/c599b2bce16c9870429198cbad5ee022?s=96&d=mm&r=g","caption":"Tiago Costa"},"url":"http:\/\/maismagazine.pt\/index.php\/author\/tiago\/"}]}},"author_meta":{"display_name":false,"author_link":"http:\/\/maismagazine.pt\/index.php\/author\/tiago\/"},"featured_img":"http:\/\/maismagazine.pt\/wp-content\/uploads\/2025\/07\/Albufeira-de-Montargil-300x169.jpg","coauthors":[],"tax_additional":{"categories":{"linked":["<a href=\"http:\/\/maismagazine.pt\/index.php\/category\/turismo-restaurantes\/\" class=\"advgb-post-tax-term\">Turismo | Vinhos | Gastronomia<\/a>"],"unlinked":["<span class=\"advgb-post-tax-term\">Turismo | Vinhos | Gastronomia<\/span>"]},"tags":{"linked":["<a href=\"http:\/\/maismagazine.pt\/index.php\/category\/turismo-restaurantes\/\" class=\"advgb-post-tax-term\">CM Ponte de Sor<\/a>"],"unlinked":["<span class=\"advgb-post-tax-term\">CM Ponte de Sor<\/span>"]}},"comment_count":"0","relative_dates":{"created":"Posted 9 meses ago","modified":"Updated 9 meses ago"},"absolute_dates":{"created":"Posted on 1 de Agosto, 2025","modified":"Updated on 29 de Julho, 2025"},"absolute_dates_time":{"created":"Posted on 1 de Agosto, 2025 7:00","modified":"Updated on 29 de Julho, 2025 15:33"},"featured_img_caption":"","series_order":"","_links":{"self":[{"href":"http:\/\/maismagazine.pt\/index.php\/wp-json\/wp\/v2\/posts\/12476","targetHints":{"allow":["GET"]}}],"collection":[{"href":"http:\/\/maismagazine.pt\/index.php\/wp-json\/wp\/v2\/posts"}],"about":[{"href":"http:\/\/maismagazine.pt\/index.php\/wp-json\/wp\/v2\/types\/post"}],"author":[{"embeddable":true,"href":"http:\/\/maismagazine.pt\/index.php\/wp-json\/wp\/v2\/users\/17"}],"replies":[{"embeddable":true,"href":"http:\/\/maismagazine.pt\/index.php\/wp-json\/wp\/v2\/comments?post=12476"}],"version-history":[{"count":2,"href":"http:\/\/maismagazine.pt\/index.php\/wp-json\/wp\/v2\/posts\/12476\/revisions"}],"predecessor-version":[{"id":12491,"href":"http:\/\/maismagazine.pt\/index.php\/wp-json\/wp\/v2\/posts\/12476\/revisions\/12491"}],"wp:featuredmedia":[{"embeddable":true,"href":"http:\/\/maismagazine.pt\/index.php\/wp-json\/wp\/v2\/media\/12487"}],"wp:attachment":[{"href":"http:\/\/maismagazine.pt\/index.php\/wp-json\/wp\/v2\/media?parent=12476"}],"wp:term":[{"taxonomy":"category","embeddable":true,"href":"http:\/\/maismagazine.pt\/index.php\/wp-json\/wp\/v2\/categories?post=12476"},{"taxonomy":"post_tag","embeddable":true,"href":"http:\/\/maismagazine.pt\/index.php\/wp-json\/wp\/v2\/tags?post=12476"}],"curies":[{"name":"wp","href":"https:\/\/api.w.org\/{rel}","templated":true}]}}