{"id":12455,"date":"2025-09-26T07:00:00","date_gmt":"2025-09-26T06:00:00","guid":{"rendered":"https:\/\/maismagazine.pt\/?p=12455"},"modified":"2025-09-24T10:01:31","modified_gmt":"2025-09-24T09:01:31","slug":"contabilistas-certificados-agentes-criticos-de-mudanca","status":"publish","type":"post","link":"http:\/\/maismagazine.pt\/index.php\/2025\/09\/26\/contabilistas-certificados-agentes-criticos-de-mudanca\/","title":{"rendered":"Contabilistas certificados, agentes cr\u00edticos de mudan\u00e7a"},"content":{"rendered":"\n<p>Um estudo recente revela que mais de 50 por cento dos novos neg\u00f3cios falham durante os primeiros cinco anos. A OCDE admite que tal facto pode dever-se aos baixos n\u00edveis de literacia financeira e \u00e0 falta de disciplina financeira. Para al\u00e9m de insubstitu\u00edveis parceiros de gest\u00e3o e conselheiros no \u00e2mbito da tomada de decis\u00f5es estrat\u00e9gicas, os contabilistas certificados s\u00e3o grandes agentes da cidadania, educa\u00e7\u00e3o e moral tribut\u00e1ria. Esta \u00e9 uma profiss\u00e3o em permanente reciclagem, seja pela necessidade decorrente da via legislativa, seja por via do Or\u00e7amento do Estado e, em especial, pelo amplo leque de forma\u00e7\u00f5es que a Ordem dos Contabilistas Certificados (OCC), como entidade reguladora, disponibiliza ao longo do ano a todos os profissionais inscritos na nossa institui\u00e7\u00e3o. <\/p>\n\n\n\n<p><\/p>\n\n\n\n<p>Penso que o futuro (que, no fundo, \u00e9 j\u00e1 o presente) deve assentar no aperfei\u00e7oamento das ferramentas tecnol\u00f3gicas que v\u00e3o surgindo. O know-how destes profissionais ser\u00e1 sempre de primeira linha e, por muita sofistica\u00e7\u00e3o tecnol\u00f3gica que exista, dificilmente haver\u00e1 na sociedade um profissional com o grau de qualifica\u00e7\u00e3o e aptid\u00e3o em mat\u00e9rias fiscais e contabil\u00edsticas dos contabilistas certificados. <\/p>\n\n\n\n<p><\/p>\n\n\n\n<p>A intelig\u00eancia artificial j\u00e1 est\u00e1 a operar uma transforma\u00e7\u00e3o na profiss\u00e3o e isso deve ser encarado como uma oportunidade que n\u00e3o pode ser desperdi\u00e7ada. \u00c9 um facto ineg\u00e1vel que os contabilistas certificados disp\u00f5em de n\u00edveis de literacia financeira mais elevados do que o cidad\u00e3o m\u00e9dio: conceitos, ferramentas e informa\u00e7\u00f5es econ\u00f3micas s\u00e3o o n\u00facleo do nosso trabalho e valor. Estamos, portanto, numa posi\u00e7\u00e3o mais favor\u00e1vel e respons\u00e1vel para agir e ajudar aqueles que est\u00e3o menos informados. Os contabilistas devem, por isso, compartilhar conhecimento para consciencializar, formar e informar. <\/p>\n\n\n\n<p><\/p>\n\n\n\n<p>Vivemos num ambiente intrinsecamente ligado onde a informa\u00e7\u00e3o desempenha um papel crucial. Assim, somente com mais e melhor informa\u00e7\u00e3o os nossos clientes tomar\u00e3o melhores e empreendedoras decis\u00f5es que ajudar\u00e3o as suas empresas a crescer e, consequentemente, a criar uma sociedade ambientalmente mais justa, equitativa e socialmente respons\u00e1vel. <\/p>\n\n\n\n<p><\/p>\n\n\n\n<p>Os contabilistas certificados s\u00e3o, hoje e sempre, agentes cr\u00edticos de mudan\u00e7a. Sempre primando pela discri\u00e7\u00e3o, longe dos holofotes, mas aportando uma inestim\u00e1vel confian\u00e7a e solidez \u00e0 presta\u00e7\u00e3o de contas. <\/p>\n\n\n\n<p><\/p>\n\n\n\n<p><em>Paula Franco, Baston\u00e1ria da Ordem dos Contabilistas Certificados (OCC) <\/em><\/p>\n\n\n\n<p><\/p>\n\n\n<div class=\"wp-block-image\">\n<figure class=\"aligncenter size-large is-resized\"><img loading=\"lazy\" decoding=\"async\" width=\"1024\" height=\"1024\" src=\"https:\/\/maismagazine.pt\/wp-content\/uploads\/2025\/07\/422045447_830818242403232_3826841752701553683_n-1024x1024.jpg\" alt=\"\" class=\"wp-image-12456\" style=\"width:264px;height:auto\" srcset=\"http:\/\/maismagazine.pt\/wp-content\/uploads\/2025\/07\/422045447_830818242403232_3826841752701553683_n-1024x1024.jpg 1024w, http:\/\/maismagazine.pt\/wp-content\/uploads\/2025\/07\/422045447_830818242403232_3826841752701553683_n-300x300.jpg 300w, http:\/\/maismagazine.pt\/wp-content\/uploads\/2025\/07\/422045447_830818242403232_3826841752701553683_n-150x150.jpg 150w, http:\/\/maismagazine.pt\/wp-content\/uploads\/2025\/07\/422045447_830818242403232_3826841752701553683_n-768x768.jpg 768w, http:\/\/maismagazine.pt\/wp-content\/uploads\/2025\/07\/422045447_830818242403232_3826841752701553683_n-1536x1536.jpg 1536w, http:\/\/maismagazine.pt\/wp-content\/uploads\/2025\/07\/422045447_830818242403232_3826841752701553683_n.jpg 1702w\" sizes=\"auto, (max-width: 1024px) 100vw, 1024px\" \/><\/figure><\/div>","protected":false},"excerpt":{"rendered":"<p>Um estudo recente revela que mais de 50 por cento dos novos neg\u00f3cios falham durante os primeiros cinco anos. A OCDE admite que tal facto pode dever-se aos baixos n\u00edveis de literacia financeira e \u00e0 falta de disciplina financeira. Para al\u00e9m de insubstitu\u00edveis parceiros de gest\u00e3o e conselheiros no \u00e2mbito&hellip;<\/p>\n","protected":false},"author":18,"featured_media":12458,"comment_status":"closed","ping_status":"open","sticky":false,"template":"","format":"standard","meta":{"advgb_blocks_editor_width":"","advgb_blocks_columns_visual_guide":"","_monsterinsights_skip_tracking":false,"_monsterinsights_sitenote_active":false,"_monsterinsights_sitenote_note":"","_monsterinsights_sitenote_category":0,"footnotes":""},"categories":[52,51],"tags":[2414,2415],"class_list":["post-12455","post","type-post","status-publish","format-standard","has-post-thumbnail","hentry","category-destaque","category-opiniao","tag-contabilistas","tag-ordem-dos-contabilistas-certificados"],"yoast_head":"<!-- This site is optimized with the Yoast SEO plugin v24.4 - https:\/\/yoast.com\/wordpress\/plugins\/seo\/ -->\n<title>Contabilistas certificados, agentes cr\u00edticos de mudan\u00e7a - Mais Magazine<\/title>\n<meta name=\"robots\" content=\"index, follow, max-snippet:-1, max-image-preview:large, max-video-preview:-1\" \/>\n<link rel=\"canonical\" href=\"http:\/\/maismagazine.pt\/index.php\/2025\/09\/26\/contabilistas-certificados-agentes-criticos-de-mudanca\/\" \/>\n<meta property=\"og:locale\" content=\"pt_PT\" \/>\n<meta property=\"og:type\" content=\"article\" \/>\n<meta property=\"og:title\" content=\"Contabilistas certificados, agentes cr\u00edticos de mudan\u00e7a - Mais Magazine\" \/>\n<meta property=\"og:description\" content=\"Um estudo recente revela que mais de 50 por cento dos novos neg\u00f3cios falham durante os primeiros cinco anos. A OCDE admite que tal facto pode dever-se aos baixos n\u00edveis de literacia financeira e \u00e0 falta de disciplina financeira. Para al\u00e9m de insubstitu\u00edveis parceiros de gest\u00e3o e conselheiros no \u00e2mbito&hellip;\" \/>\n<meta property=\"og:url\" content=\"http:\/\/maismagazine.pt\/index.php\/2025\/09\/26\/contabilistas-certificados-agentes-criticos-de-mudanca\/\" \/>\n<meta property=\"og:site_name\" content=\"Mais Magazine\" \/>\n<meta property=\"article:published_time\" content=\"2025-09-26T06:00:00+00:00\" \/>\n<meta property=\"og:image\" content=\"http:\/\/maismagazine.pt\/wp-content\/uploads\/2025\/07\/DL0A9489-scaled.jpg\" \/>\n\t<meta property=\"og:image:width\" content=\"2560\" \/>\n\t<meta property=\"og:image:height\" content=\"1707\" \/>\n\t<meta property=\"og:image:type\" content=\"image\/jpeg\" \/>\n<meta name=\"author\" content=\"Tatiana Martins\" \/>\n<meta name=\"twitter:card\" content=\"summary_large_image\" \/>\n<meta name=\"twitter:label1\" content=\"Escrito por\" \/>\n\t<meta name=\"twitter:data1\" content=\"\" \/>\n\t<meta name=\"twitter:label2\" content=\"Tempo estimado de leitura\" \/>\n\t<meta name=\"twitter:data2\" content=\"3 minutos\" \/>\n<script type=\"application\/ld+json\" class=\"yoast-schema-graph\">{\"@context\":\"https:\/\/schema.org\",\"@graph\":[{\"@type\":\"Article\",\"@id\":\"http:\/\/maismagazine.pt\/index.php\/2025\/09\/26\/contabilistas-certificados-agentes-criticos-de-mudanca\/#article\",\"isPartOf\":{\"@id\":\"http:\/\/maismagazine.pt\/index.php\/2025\/09\/26\/contabilistas-certificados-agentes-criticos-de-mudanca\/\"},\"author\":{\"name\":\"Tatiana Martins\",\"@id\":\"http:\/\/maismagazine.pt\/#\/schema\/person\/7426e2caeb8df32a1b56aa48dae778c9\"},\"headline\":\"Contabilistas certificados, agentes cr\u00edticos de mudan\u00e7a\",\"datePublished\":\"2025-09-26T06:00:00+00:00\",\"mainEntityOfPage\":{\"@id\":\"http:\/\/maismagazine.pt\/index.php\/2025\/09\/26\/contabilistas-certificados-agentes-criticos-de-mudanca\/\"},\"wordCount\":406,\"publisher\":{\"@id\":\"http:\/\/maismagazine.pt\/#organization\"},\"image\":{\"@id\":\"http:\/\/maismagazine.pt\/index.php\/2025\/09\/26\/contabilistas-certificados-agentes-criticos-de-mudanca\/#primaryimage\"},\"thumbnailUrl\":\"http:\/\/maismagazine.pt\/wp-content\/uploads\/2025\/07\/DL0A9489-scaled.jpg\",\"keywords\":[\"Contabilistas\",\"Ordem dos Contabilistas Certificados\"],\"articleSection\":[\"Destaque lateral\",\"Opini\u00e3o\"],\"inLanguage\":\"pt-PT\"},{\"@type\":\"WebPage\",\"@id\":\"http:\/\/maismagazine.pt\/index.php\/2025\/09\/26\/contabilistas-certificados-agentes-criticos-de-mudanca\/\",\"url\":\"http:\/\/maismagazine.pt\/index.php\/2025\/09\/26\/contabilistas-certificados-agentes-criticos-de-mudanca\/\",\"name\":\"Contabilistas certificados, agentes cr\u00edticos de mudan\u00e7a - Mais Magazine\",\"isPartOf\":{\"@id\":\"http:\/\/maismagazine.pt\/#website\"},\"primaryImageOfPage\":{\"@id\":\"http:\/\/maismagazine.pt\/index.php\/2025\/09\/26\/contabilistas-certificados-agentes-criticos-de-mudanca\/#primaryimage\"},\"image\":{\"@id\":\"http:\/\/maismagazine.pt\/index.php\/2025\/09\/26\/contabilistas-certificados-agentes-criticos-de-mudanca\/#primaryimage\"},\"thumbnailUrl\":\"http:\/\/maismagazine.pt\/wp-content\/uploads\/2025\/07\/DL0A9489-scaled.jpg\",\"datePublished\":\"2025-09-26T06:00:00+00:00\",\"breadcrumb\":{\"@id\":\"http:\/\/maismagazine.pt\/index.php\/2025\/09\/26\/contabilistas-certificados-agentes-criticos-de-mudanca\/#breadcrumb\"},\"inLanguage\":\"pt-PT\",\"potentialAction\":[{\"@type\":\"ReadAction\",\"target\":[\"http:\/\/maismagazine.pt\/index.php\/2025\/09\/26\/contabilistas-certificados-agentes-criticos-de-mudanca\/\"]}]},{\"@type\":\"ImageObject\",\"inLanguage\":\"pt-PT\",\"@id\":\"http:\/\/maismagazine.pt\/index.php\/2025\/09\/26\/contabilistas-certificados-agentes-criticos-de-mudanca\/#primaryimage\",\"url\":\"http:\/\/maismagazine.pt\/wp-content\/uploads\/2025\/07\/DL0A9489-scaled.jpg\",\"contentUrl\":\"http:\/\/maismagazine.pt\/wp-content\/uploads\/2025\/07\/DL0A9489-scaled.jpg\",\"width\":2560,\"height\":1707,\"caption\":\"Entrevista com a Bastonaria Paula Franco, na sede da OCC, em LX.\"},{\"@type\":\"BreadcrumbList\",\"@id\":\"http:\/\/maismagazine.pt\/index.php\/2025\/09\/26\/contabilistas-certificados-agentes-criticos-de-mudanca\/#breadcrumb\",\"itemListElement\":[{\"@type\":\"ListItem\",\"position\":1,\"name\":\"Home\",\"item\":\"http:\/\/maismagazine.pt\/\"},{\"@type\":\"ListItem\",\"position\":2,\"name\":\"Contabilistas certificados, agentes cr\u00edticos de mudan\u00e7a\"}]},{\"@type\":\"WebSite\",\"@id\":\"http:\/\/maismagazine.pt\/#website\",\"url\":\"http:\/\/maismagazine.pt\/\",\"name\":\"Mais Magazine\",\"description\":\"\",\"publisher\":{\"@id\":\"http:\/\/maismagazine.pt\/#organization\"},\"potentialAction\":[{\"@type\":\"SearchAction\",\"target\":{\"@type\":\"EntryPoint\",\"urlTemplate\":\"http:\/\/maismagazine.pt\/?s={search_term_string}\"},\"query-input\":{\"@type\":\"PropertyValueSpecification\",\"valueRequired\":true,\"valueName\":\"search_term_string\"}}],\"inLanguage\":\"pt-PT\"},{\"@type\":\"Organization\",\"@id\":\"http:\/\/maismagazine.pt\/#organization\",\"name\":\"Mais Magazine\",\"url\":\"http:\/\/maismagazine.pt\/\",\"logo\":{\"@type\":\"ImageObject\",\"inLanguage\":\"pt-PT\",\"@id\":\"http:\/\/maismagazine.pt\/#\/schema\/logo\/image\/\",\"url\":\"http:\/\/maismagazine.pt\/wp-content\/uploads\/2020\/04\/cropped-cropped-mais-magazine-site-logo-2.png\",\"contentUrl\":\"http:\/\/maismagazine.pt\/wp-content\/uploads\/2020\/04\/cropped-cropped-mais-magazine-site-logo-2.png\",\"width\":581,\"height\":90,\"caption\":\"Mais Magazine\"},\"image\":{\"@id\":\"http:\/\/maismagazine.pt\/#\/schema\/logo\/image\/\"}},{\"@type\":\"Person\",\"@id\":\"http:\/\/maismagazine.pt\/#\/schema\/person\/7426e2caeb8df32a1b56aa48dae778c9\",\"name\":\"Tatiana Martins\",\"image\":{\"@type\":\"ImageObject\",\"inLanguage\":\"pt-PT\",\"@id\":\"http:\/\/maismagazine.pt\/#\/schema\/person\/image\/\",\"url\":\"https:\/\/secure.gravatar.com\/avatar\/4b24a57f5d0425f2eb20981c4b53244e?s=96&d=mm&r=g\",\"contentUrl\":\"https:\/\/secure.gravatar.com\/avatar\/4b24a57f5d0425f2eb20981c4b53244e?s=96&d=mm&r=g\",\"caption\":\"Tatiana Martins\"},\"url\":\"http:\/\/maismagazine.pt\/index.php\/author\/tatiana\/\"}]}<\/script>\n<!-- \/ Yoast SEO plugin. -->","yoast_head_json":{"title":"Contabilistas certificados, agentes cr\u00edticos de mudan\u00e7a - Mais Magazine","robots":{"index":"index","follow":"follow","max-snippet":"max-snippet:-1","max-image-preview":"max-image-preview:large","max-video-preview":"max-video-preview:-1"},"canonical":"http:\/\/maismagazine.pt\/index.php\/2025\/09\/26\/contabilistas-certificados-agentes-criticos-de-mudanca\/","og_locale":"pt_PT","og_type":"article","og_title":"Contabilistas certificados, agentes cr\u00edticos de mudan\u00e7a - Mais Magazine","og_description":"Um estudo recente revela que mais de 50 por cento dos novos neg\u00f3cios falham durante os primeiros cinco anos. A OCDE admite que tal facto pode dever-se aos baixos n\u00edveis de literacia financeira e \u00e0 falta de disciplina financeira. Para al\u00e9m de insubstitu\u00edveis parceiros de gest\u00e3o e conselheiros no \u00e2mbito&hellip;","og_url":"http:\/\/maismagazine.pt\/index.php\/2025\/09\/26\/contabilistas-certificados-agentes-criticos-de-mudanca\/","og_site_name":"Mais Magazine","article_published_time":"2025-09-26T06:00:00+00:00","og_image":[{"width":2560,"height":1707,"url":"http:\/\/maismagazine.pt\/wp-content\/uploads\/2025\/07\/DL0A9489-scaled.jpg","type":"image\/jpeg"}],"author":"Tatiana Martins","twitter_card":"summary_large_image","twitter_misc":{"Escrito por":false,"Tempo estimado de leitura":"3 minutos"},"schema":{"@context":"https:\/\/schema.org","@graph":[{"@type":"Article","@id":"http:\/\/maismagazine.pt\/index.php\/2025\/09\/26\/contabilistas-certificados-agentes-criticos-de-mudanca\/#article","isPartOf":{"@id":"http:\/\/maismagazine.pt\/index.php\/2025\/09\/26\/contabilistas-certificados-agentes-criticos-de-mudanca\/"},"author":{"name":"Tatiana Martins","@id":"http:\/\/maismagazine.pt\/#\/schema\/person\/7426e2caeb8df32a1b56aa48dae778c9"},"headline":"Contabilistas certificados, agentes cr\u00edticos de mudan\u00e7a","datePublished":"2025-09-26T06:00:00+00:00","mainEntityOfPage":{"@id":"http:\/\/maismagazine.pt\/index.php\/2025\/09\/26\/contabilistas-certificados-agentes-criticos-de-mudanca\/"},"wordCount":406,"publisher":{"@id":"http:\/\/maismagazine.pt\/#organization"},"image":{"@id":"http:\/\/maismagazine.pt\/index.php\/2025\/09\/26\/contabilistas-certificados-agentes-criticos-de-mudanca\/#primaryimage"},"thumbnailUrl":"http:\/\/maismagazine.pt\/wp-content\/uploads\/2025\/07\/DL0A9489-scaled.jpg","keywords":["Contabilistas","Ordem dos Contabilistas Certificados"],"articleSection":["Destaque lateral","Opini\u00e3o"],"inLanguage":"pt-PT"},{"@type":"WebPage","@id":"http:\/\/maismagazine.pt\/index.php\/2025\/09\/26\/contabilistas-certificados-agentes-criticos-de-mudanca\/","url":"http:\/\/maismagazine.pt\/index.php\/2025\/09\/26\/contabilistas-certificados-agentes-criticos-de-mudanca\/","name":"Contabilistas certificados, agentes cr\u00edticos de mudan\u00e7a - Mais Magazine","isPartOf":{"@id":"http:\/\/maismagazine.pt\/#website"},"primaryImageOfPage":{"@id":"http:\/\/maismagazine.pt\/index.php\/2025\/09\/26\/contabilistas-certificados-agentes-criticos-de-mudanca\/#primaryimage"},"image":{"@id":"http:\/\/maismagazine.pt\/index.php\/2025\/09\/26\/contabilistas-certificados-agentes-criticos-de-mudanca\/#primaryimage"},"thumbnailUrl":"http:\/\/maismagazine.pt\/wp-content\/uploads\/2025\/07\/DL0A9489-scaled.jpg","datePublished":"2025-09-26T06:00:00+00:00","breadcrumb":{"@id":"http:\/\/maismagazine.pt\/index.php\/2025\/09\/26\/contabilistas-certificados-agentes-criticos-de-mudanca\/#breadcrumb"},"inLanguage":"pt-PT","potentialAction":[{"@type":"ReadAction","target":["http:\/\/maismagazine.pt\/index.php\/2025\/09\/26\/contabilistas-certificados-agentes-criticos-de-mudanca\/"]}]},{"@type":"ImageObject","inLanguage":"pt-PT","@id":"http:\/\/maismagazine.pt\/index.php\/2025\/09\/26\/contabilistas-certificados-agentes-criticos-de-mudanca\/#primaryimage","url":"http:\/\/maismagazine.pt\/wp-content\/uploads\/2025\/07\/DL0A9489-scaled.jpg","contentUrl":"http:\/\/maismagazine.pt\/wp-content\/uploads\/2025\/07\/DL0A9489-scaled.jpg","width":2560,"height":1707,"caption":"Entrevista com a Bastonaria Paula Franco, na sede da OCC, em LX."},{"@type":"BreadcrumbList","@id":"http:\/\/maismagazine.pt\/index.php\/2025\/09\/26\/contabilistas-certificados-agentes-criticos-de-mudanca\/#breadcrumb","itemListElement":[{"@type":"ListItem","position":1,"name":"Home","item":"http:\/\/maismagazine.pt\/"},{"@type":"ListItem","position":2,"name":"Contabilistas certificados, agentes cr\u00edticos de mudan\u00e7a"}]},{"@type":"WebSite","@id":"http:\/\/maismagazine.pt\/#website","url":"http:\/\/maismagazine.pt\/","name":"Mais Magazine","description":"","publisher":{"@id":"http:\/\/maismagazine.pt\/#organization"},"potentialAction":[{"@type":"SearchAction","target":{"@type":"EntryPoint","urlTemplate":"http:\/\/maismagazine.pt\/?s={search_term_string}"},"query-input":{"@type":"PropertyValueSpecification","valueRequired":true,"valueName":"search_term_string"}}],"inLanguage":"pt-PT"},{"@type":"Organization","@id":"http:\/\/maismagazine.pt\/#organization","name":"Mais Magazine","url":"http:\/\/maismagazine.pt\/","logo":{"@type":"ImageObject","inLanguage":"pt-PT","@id":"http:\/\/maismagazine.pt\/#\/schema\/logo\/image\/","url":"http:\/\/maismagazine.pt\/wp-content\/uploads\/2020\/04\/cropped-cropped-mais-magazine-site-logo-2.png","contentUrl":"http:\/\/maismagazine.pt\/wp-content\/uploads\/2020\/04\/cropped-cropped-mais-magazine-site-logo-2.png","width":581,"height":90,"caption":"Mais Magazine"},"image":{"@id":"http:\/\/maismagazine.pt\/#\/schema\/logo\/image\/"}},{"@type":"Person","@id":"http:\/\/maismagazine.pt\/#\/schema\/person\/7426e2caeb8df32a1b56aa48dae778c9","name":"Tatiana Martins","image":{"@type":"ImageObject","inLanguage":"pt-PT","@id":"http:\/\/maismagazine.pt\/#\/schema\/person\/image\/","url":"https:\/\/secure.gravatar.com\/avatar\/4b24a57f5d0425f2eb20981c4b53244e?s=96&d=mm&r=g","contentUrl":"https:\/\/secure.gravatar.com\/avatar\/4b24a57f5d0425f2eb20981c4b53244e?s=96&d=mm&r=g","caption":"Tatiana Martins"},"url":"http:\/\/maismagazine.pt\/index.php\/author\/tatiana\/"}]}},"author_meta":{"display_name":false,"author_link":"http:\/\/maismagazine.pt\/index.php\/author\/tatiana\/"},"featured_img":"http:\/\/maismagazine.pt\/wp-content\/uploads\/2025\/07\/DL0A9489-300x200.jpg","coauthors":[],"tax_additional":{"categories":{"linked":["<a href=\"http:\/\/maismagazine.pt\/index.php\/category\/destaque\/\" class=\"advgb-post-tax-term\">Destaque lateral<\/a>","<a href=\"http:\/\/maismagazine.pt\/index.php\/category\/noticias\/opiniao\/\" class=\"advgb-post-tax-term\">Opini\u00e3o<\/a>"],"unlinked":["<span class=\"advgb-post-tax-term\">Destaque lateral<\/span>","<span class=\"advgb-post-tax-term\">Opini\u00e3o<\/span>"]},"tags":{"linked":["<a href=\"http:\/\/maismagazine.pt\/index.php\/category\/noticias\/opiniao\/\" class=\"advgb-post-tax-term\">Contabilistas<\/a>","<a href=\"http:\/\/maismagazine.pt\/index.php\/category\/noticias\/opiniao\/\" class=\"advgb-post-tax-term\">Ordem dos Contabilistas Certificados<\/a>"],"unlinked":["<span class=\"advgb-post-tax-term\">Contabilistas<\/span>","<span class=\"advgb-post-tax-term\">Ordem dos Contabilistas Certificados<\/span>"]}},"comment_count":"0","relative_dates":{"created":"Posted 7 meses ago","modified":"Updated 7 meses ago"},"absolute_dates":{"created":"Posted on 26 de Setembro, 2025","modified":"Updated on 24 de Setembro, 2025"},"absolute_dates_time":{"created":"Posted on 26 de Setembro, 2025 7:00","modified":"Updated on 24 de Setembro, 2025 10:01"},"featured_img_caption":"Entrevista com a Bastonaria Paula Franco, na sede da OCC, em LX.","series_order":"","_links":{"self":[{"href":"http:\/\/maismagazine.pt\/index.php\/wp-json\/wp\/v2\/posts\/12455","targetHints":{"allow":["GET"]}}],"collection":[{"href":"http:\/\/maismagazine.pt\/index.php\/wp-json\/wp\/v2\/posts"}],"about":[{"href":"http:\/\/maismagazine.pt\/index.php\/wp-json\/wp\/v2\/types\/post"}],"author":[{"embeddable":true,"href":"http:\/\/maismagazine.pt\/index.php\/wp-json\/wp\/v2\/users\/18"}],"replies":[{"embeddable":true,"href":"http:\/\/maismagazine.pt\/index.php\/wp-json\/wp\/v2\/comments?post=12455"}],"version-history":[{"count":1,"href":"http:\/\/maismagazine.pt\/index.php\/wp-json\/wp\/v2\/posts\/12455\/revisions"}],"predecessor-version":[{"id":12459,"href":"http:\/\/maismagazine.pt\/index.php\/wp-json\/wp\/v2\/posts\/12455\/revisions\/12459"}],"wp:featuredmedia":[{"embeddable":true,"href":"http:\/\/maismagazine.pt\/index.php\/wp-json\/wp\/v2\/media\/12458"}],"wp:attachment":[{"href":"http:\/\/maismagazine.pt\/index.php\/wp-json\/wp\/v2\/media?parent=12455"}],"wp:term":[{"taxonomy":"category","embeddable":true,"href":"http:\/\/maismagazine.pt\/index.php\/wp-json\/wp\/v2\/categories?post=12455"},{"taxonomy":"post_tag","embeddable":true,"href":"http:\/\/maismagazine.pt\/index.php\/wp-json\/wp\/v2\/tags?post=12455"}],"curies":[{"name":"wp","href":"https:\/\/api.w.org\/{rel}","templated":true}]}}