{"id":12401,"date":"2025-06-27T07:00:00","date_gmt":"2025-06-27T06:00:00","guid":{"rendered":"https:\/\/maismagazine.pt\/?p=12401"},"modified":"2025-06-26T15:30:38","modified_gmt":"2025-06-26T14:30:38","slug":"turismo-sustentavel-uma-viagem-em-harmonia-com-a-natureza-2","status":"publish","type":"post","link":"http:\/\/maismagazine.pt\/index.php\/2025\/06\/27\/turismo-sustentavel-uma-viagem-em-harmonia-com-a-natureza-2\/","title":{"rendered":"Turismo Sustent\u00e1vel: Uma Viagem em Harmonia com a Natureza"},"content":{"rendered":"\n<p>Quando olhamos para a sustentabilidade, ganhamos a consci\u00eancia da liga\u00e7\u00e3o entre os seus pilares fundamentais \u2013 o ambiente, a sociedade e a economia. Temos um planeta amea\u00e7ado por diversas crises. O turismo \u00e9, sem d\u00favida, uma atividade que nos permite apreciar a riqueza paisag\u00edstica e cultural de uma imensid\u00e3o de s\u00edtios, permitindo-nos uma viagem que n\u00e3o \u00e9 apenas de lazer, mas tem sempre muito de educativo e formativo. \u00c9 assim fundamental, no quadro de um turismo sustent\u00e1vel, pensarmos em destinos que possam ser preferencialmente pr\u00f3ximos, respeitando e protegendo o ambiente, aprendendo e estabelecendo uma rela\u00e7\u00e3o positiva com as comunidades locais. <\/p>\n\n\n\n<p><\/p>\n\n\n\n<p>Um turismo sustent\u00e1vel em harmonia com a natureza \u00e9 aquele que evita uma sobrecarga de pessoas e de polui\u00e7\u00e3o, preserva e at\u00e9 pode contribuir para uma melhora da natureza. Essa responsabilidade est\u00e1 muito nas decis\u00f5es pol\u00edticas, mas tamb\u00e9m nas op\u00e7\u00f5es de cada um de n\u00f3s. Desde os locais em causa e tipos de turismo que \u00e9 o mais fundamental, \u00e0s boas pr\u00e1ticas como hot\u00e9is e alojamentos com energia renov\u00e1vel, redu\u00e7\u00e3o da produ\u00e7\u00e3o de res\u00edduos, reaproveitamento de \u00e1gua e recurso a produtos org\u00e2nicos e locais, muito pode ser feito e melhorado. A mobilidade \u00e9 fundamental, quer na forma como chegar ao destino, quer no pr\u00f3prio destino, onde solu\u00e7\u00f5es sustent\u00e1veis de mobilidade, como bicicletas, transportes p\u00fablicos ou trilhos pedestres s\u00e3o um caminho a seguir. No nosso caso, temos um pa\u00eds extremamente rico em termos de naturais, com praticamente um quarto de \u00e1reas classificadas por raz\u00f5es de conserva\u00e7\u00e3o da natureza, e um patrim\u00f3nio hist\u00f3rico relevante, quer em muitas cidades e vi-las, quer em aldeias hist\u00f3ricas.<\/p>\n\n\n\n<p><\/p>\n\n\n\n<p>Viajar em harmonia com a natureza, nas suas diferentes dimens\u00f5es, \u00e9 mais do que uma escolha, \u00e9 uma necessidade. \u00c9 redescobrirmos o prazer de nos conectarmos verdadeiramente com um planeta que queremos melhor para as pr\u00f3ximas gera\u00e7\u00f5es. <\/p>\n\n\n\n<p><\/p>\n\n\n<div class=\"wp-block-image\">\n<figure class=\"aligncenter size-large is-resized\"><img loading=\"lazy\" decoding=\"async\" width=\"1024\" height=\"384\" src=\"http:\/\/maismagazine.pt\/wp-content\/uploads\/2025\/04\/Logo_ZERO-1024x384.png\" alt=\"\" class=\"wp-image-11722\" style=\"width:352px;height:auto\" srcset=\"http:\/\/maismagazine.pt\/wp-content\/uploads\/2025\/04\/Logo_ZERO-1024x384.png 1024w, http:\/\/maismagazine.pt\/wp-content\/uploads\/2025\/04\/Logo_ZERO-300x113.png 300w, http:\/\/maismagazine.pt\/wp-content\/uploads\/2025\/04\/Logo_ZERO-768x288.png 768w, http:\/\/maismagazine.pt\/wp-content\/uploads\/2025\/04\/Logo_ZERO-1536x576.png 1536w, http:\/\/maismagazine.pt\/wp-content\/uploads\/2025\/04\/Logo_ZERO-2048x768.png 2048w\" sizes=\"auto, (max-width: 1024px) 100vw, 1024px\" \/><\/figure><\/div>","protected":false},"excerpt":{"rendered":"<p>Quando olhamos para a sustentabilidade, ganhamos a consci\u00eancia da liga\u00e7\u00e3o entre os seus pilares fundamentais \u2013 o ambiente, a sociedade e a economia. Temos um planeta amea\u00e7ado por diversas crises. O turismo \u00e9, sem d\u00favida, uma atividade que nos permite apreciar a riqueza paisag\u00edstica e cultural de uma imensid\u00e3o de&hellip;<\/p>\n","protected":false},"author":18,"featured_media":12402,"comment_status":"closed","ping_status":"open","sticky":false,"template":"","format":"standard","meta":{"advgb_blocks_editor_width":"","advgb_blocks_columns_visual_guide":"","_monsterinsights_skip_tracking":false,"_monsterinsights_sitenote_active":false,"_monsterinsights_sitenote_note":"","_monsterinsights_sitenote_category":0,"footnotes":""},"categories":[52,51],"tags":[1408,2405],"class_list":["post-12401","post","type-post","status-publish","format-standard","has-post-thumbnail","hentry","category-destaque","category-opiniao","tag-turismo-sustentavel","tag-zero"],"yoast_head":"<!-- This site is optimized with the Yoast SEO plugin v24.4 - https:\/\/yoast.com\/wordpress\/plugins\/seo\/ -->\n<title>Turismo Sustent\u00e1vel: Uma Viagem em Harmonia com a Natureza - Mais Magazine<\/title>\n<meta name=\"robots\" content=\"index, follow, max-snippet:-1, max-image-preview:large, max-video-preview:-1\" \/>\n<link rel=\"canonical\" href=\"http:\/\/maismagazine.pt\/index.php\/2025\/06\/27\/turismo-sustentavel-uma-viagem-em-harmonia-com-a-natureza-2\/\" \/>\n<meta property=\"og:locale\" content=\"pt_PT\" \/>\n<meta property=\"og:type\" content=\"article\" \/>\n<meta property=\"og:title\" content=\"Turismo Sustent\u00e1vel: Uma Viagem em Harmonia com a Natureza - Mais Magazine\" \/>\n<meta property=\"og:description\" content=\"Quando olhamos para a sustentabilidade, ganhamos a consci\u00eancia da liga\u00e7\u00e3o entre os seus pilares fundamentais \u2013 o ambiente, a sociedade e a economia. Temos um planeta amea\u00e7ado por diversas crises. O turismo \u00e9, sem d\u00favida, uma atividade que nos permite apreciar a riqueza paisag\u00edstica e cultural de uma imensid\u00e3o de&hellip;\" \/>\n<meta property=\"og:url\" content=\"http:\/\/maismagazine.pt\/index.php\/2025\/06\/27\/turismo-sustentavel-uma-viagem-em-harmonia-com-a-natureza-2\/\" \/>\n<meta property=\"og:site_name\" content=\"Mais Magazine\" \/>\n<meta property=\"article:published_time\" content=\"2025-06-27T06:00:00+00:00\" \/>\n<meta property=\"og:image\" content=\"http:\/\/maismagazine.pt\/wp-content\/uploads\/2025\/06\/Foto-Francisco-Ferreira-plano-maior-scaled.jpeg\" \/>\n\t<meta property=\"og:image:width\" content=\"2153\" \/>\n\t<meta property=\"og:image:height\" content=\"2560\" \/>\n\t<meta property=\"og:image:type\" content=\"image\/jpeg\" \/>\n<meta name=\"author\" content=\"Tatiana Martins\" \/>\n<meta name=\"twitter:card\" content=\"summary_large_image\" \/>\n<meta name=\"twitter:label1\" content=\"Escrito por\" \/>\n\t<meta name=\"twitter:data1\" content=\"\" \/>\n\t<meta name=\"twitter:label2\" content=\"Tempo estimado de leitura\" \/>\n\t<meta name=\"twitter:data2\" content=\"3 minutos\" \/>\n<script type=\"application\/ld+json\" class=\"yoast-schema-graph\">{\"@context\":\"https:\/\/schema.org\",\"@graph\":[{\"@type\":\"Article\",\"@id\":\"http:\/\/maismagazine.pt\/index.php\/2025\/06\/27\/turismo-sustentavel-uma-viagem-em-harmonia-com-a-natureza-2\/#article\",\"isPartOf\":{\"@id\":\"http:\/\/maismagazine.pt\/index.php\/2025\/06\/27\/turismo-sustentavel-uma-viagem-em-harmonia-com-a-natureza-2\/\"},\"author\":{\"name\":\"Tatiana Martins\",\"@id\":\"https:\/\/maismagazine.pt\/#\/schema\/person\/7426e2caeb8df32a1b56aa48dae778c9\"},\"headline\":\"Turismo Sustent\u00e1vel: Uma Viagem em Harmonia com a Natureza\",\"datePublished\":\"2025-06-27T06:00:00+00:00\",\"mainEntityOfPage\":{\"@id\":\"http:\/\/maismagazine.pt\/index.php\/2025\/06\/27\/turismo-sustentavel-uma-viagem-em-harmonia-com-a-natureza-2\/\"},\"wordCount\":338,\"publisher\":{\"@id\":\"https:\/\/maismagazine.pt\/#organization\"},\"image\":{\"@id\":\"http:\/\/maismagazine.pt\/index.php\/2025\/06\/27\/turismo-sustentavel-uma-viagem-em-harmonia-com-a-natureza-2\/#primaryimage\"},\"thumbnailUrl\":\"http:\/\/maismagazine.pt\/wp-content\/uploads\/2025\/06\/Foto-Francisco-Ferreira-plano-maior-scaled.jpeg\",\"keywords\":[\"Turismo Sustent\u00e1vel\",\"Zero\"],\"articleSection\":[\"Destaque lateral\",\"Opini\u00e3o\"],\"inLanguage\":\"pt-PT\"},{\"@type\":\"WebPage\",\"@id\":\"http:\/\/maismagazine.pt\/index.php\/2025\/06\/27\/turismo-sustentavel-uma-viagem-em-harmonia-com-a-natureza-2\/\",\"url\":\"http:\/\/maismagazine.pt\/index.php\/2025\/06\/27\/turismo-sustentavel-uma-viagem-em-harmonia-com-a-natureza-2\/\",\"name\":\"Turismo Sustent\u00e1vel: Uma Viagem em Harmonia com a Natureza - Mais Magazine\",\"isPartOf\":{\"@id\":\"https:\/\/maismagazine.pt\/#website\"},\"primaryImageOfPage\":{\"@id\":\"http:\/\/maismagazine.pt\/index.php\/2025\/06\/27\/turismo-sustentavel-uma-viagem-em-harmonia-com-a-natureza-2\/#primaryimage\"},\"image\":{\"@id\":\"http:\/\/maismagazine.pt\/index.php\/2025\/06\/27\/turismo-sustentavel-uma-viagem-em-harmonia-com-a-natureza-2\/#primaryimage\"},\"thumbnailUrl\":\"http:\/\/maismagazine.pt\/wp-content\/uploads\/2025\/06\/Foto-Francisco-Ferreira-plano-maior-scaled.jpeg\",\"datePublished\":\"2025-06-27T06:00:00+00:00\",\"breadcrumb\":{\"@id\":\"http:\/\/maismagazine.pt\/index.php\/2025\/06\/27\/turismo-sustentavel-uma-viagem-em-harmonia-com-a-natureza-2\/#breadcrumb\"},\"inLanguage\":\"pt-PT\",\"potentialAction\":[{\"@type\":\"ReadAction\",\"target\":[\"http:\/\/maismagazine.pt\/index.php\/2025\/06\/27\/turismo-sustentavel-uma-viagem-em-harmonia-com-a-natureza-2\/\"]}]},{\"@type\":\"ImageObject\",\"inLanguage\":\"pt-PT\",\"@id\":\"http:\/\/maismagazine.pt\/index.php\/2025\/06\/27\/turismo-sustentavel-uma-viagem-em-harmonia-com-a-natureza-2\/#primaryimage\",\"url\":\"http:\/\/maismagazine.pt\/wp-content\/uploads\/2025\/06\/Foto-Francisco-Ferreira-plano-maior-scaled.jpeg\",\"contentUrl\":\"http:\/\/maismagazine.pt\/wp-content\/uploads\/2025\/06\/Foto-Francisco-Ferreira-plano-maior-scaled.jpeg\",\"width\":2153,\"height\":2560,\"caption\":\"Francisco Ferreira, Presidente da ZERO \u2013 Associa\u00e7\u00e3o Sistema Terrestre Sustent\u00e1vel\"},{\"@type\":\"BreadcrumbList\",\"@id\":\"http:\/\/maismagazine.pt\/index.php\/2025\/06\/27\/turismo-sustentavel-uma-viagem-em-harmonia-com-a-natureza-2\/#breadcrumb\",\"itemListElement\":[{\"@type\":\"ListItem\",\"position\":1,\"name\":\"Home\",\"item\":\"https:\/\/maismagazine.pt\/\"},{\"@type\":\"ListItem\",\"position\":2,\"name\":\"Turismo Sustent\u00e1vel: Uma Viagem em Harmonia com a Natureza\"}]},{\"@type\":\"WebSite\",\"@id\":\"https:\/\/maismagazine.pt\/#website\",\"url\":\"https:\/\/maismagazine.pt\/\",\"name\":\"Mais Magazine\",\"description\":\"\",\"publisher\":{\"@id\":\"https:\/\/maismagazine.pt\/#organization\"},\"potentialAction\":[{\"@type\":\"SearchAction\",\"target\":{\"@type\":\"EntryPoint\",\"urlTemplate\":\"https:\/\/maismagazine.pt\/?s={search_term_string}\"},\"query-input\":{\"@type\":\"PropertyValueSpecification\",\"valueRequired\":true,\"valueName\":\"search_term_string\"}}],\"inLanguage\":\"pt-PT\"},{\"@type\":\"Organization\",\"@id\":\"https:\/\/maismagazine.pt\/#organization\",\"name\":\"Mais Magazine\",\"url\":\"https:\/\/maismagazine.pt\/\",\"logo\":{\"@type\":\"ImageObject\",\"inLanguage\":\"pt-PT\",\"@id\":\"https:\/\/maismagazine.pt\/#\/schema\/logo\/image\/\",\"url\":\"http:\/\/maismagazine.pt\/wp-content\/uploads\/2020\/04\/cropped-cropped-mais-magazine-site-logo-2.png\",\"contentUrl\":\"http:\/\/maismagazine.pt\/wp-content\/uploads\/2020\/04\/cropped-cropped-mais-magazine-site-logo-2.png\",\"width\":581,\"height\":90,\"caption\":\"Mais Magazine\"},\"image\":{\"@id\":\"https:\/\/maismagazine.pt\/#\/schema\/logo\/image\/\"}},{\"@type\":\"Person\",\"@id\":\"https:\/\/maismagazine.pt\/#\/schema\/person\/7426e2caeb8df32a1b56aa48dae778c9\",\"name\":\"Tatiana Martins\",\"image\":{\"@type\":\"ImageObject\",\"inLanguage\":\"pt-PT\",\"@id\":\"https:\/\/maismagazine.pt\/#\/schema\/person\/image\/\",\"url\":\"https:\/\/secure.gravatar.com\/avatar\/4b24a57f5d0425f2eb20981c4b53244e?s=96&d=mm&r=g\",\"contentUrl\":\"https:\/\/secure.gravatar.com\/avatar\/4b24a57f5d0425f2eb20981c4b53244e?s=96&d=mm&r=g\",\"caption\":\"Tatiana Martins\"},\"url\":\"http:\/\/maismagazine.pt\/index.php\/author\/tatiana\/\"}]}<\/script>\n<!-- \/ Yoast SEO plugin. -->","yoast_head_json":{"title":"Turismo Sustent\u00e1vel: Uma Viagem em Harmonia com a Natureza - Mais Magazine","robots":{"index":"index","follow":"follow","max-snippet":"max-snippet:-1","max-image-preview":"max-image-preview:large","max-video-preview":"max-video-preview:-1"},"canonical":"http:\/\/maismagazine.pt\/index.php\/2025\/06\/27\/turismo-sustentavel-uma-viagem-em-harmonia-com-a-natureza-2\/","og_locale":"pt_PT","og_type":"article","og_title":"Turismo Sustent\u00e1vel: Uma Viagem em Harmonia com a Natureza - Mais Magazine","og_description":"Quando olhamos para a sustentabilidade, ganhamos a consci\u00eancia da liga\u00e7\u00e3o entre os seus pilares fundamentais \u2013 o ambiente, a sociedade e a economia. Temos um planeta amea\u00e7ado por diversas crises. O turismo \u00e9, sem d\u00favida, uma atividade que nos permite apreciar a riqueza paisag\u00edstica e cultural de uma imensid\u00e3o de&hellip;","og_url":"http:\/\/maismagazine.pt\/index.php\/2025\/06\/27\/turismo-sustentavel-uma-viagem-em-harmonia-com-a-natureza-2\/","og_site_name":"Mais Magazine","article_published_time":"2025-06-27T06:00:00+00:00","og_image":[{"width":2153,"height":2560,"url":"http:\/\/maismagazine.pt\/wp-content\/uploads\/2025\/06\/Foto-Francisco-Ferreira-plano-maior-scaled.jpeg","type":"image\/jpeg"}],"author":"Tatiana Martins","twitter_card":"summary_large_image","twitter_misc":{"Escrito por":false,"Tempo estimado de leitura":"3 minutos"},"schema":{"@context":"https:\/\/schema.org","@graph":[{"@type":"Article","@id":"http:\/\/maismagazine.pt\/index.php\/2025\/06\/27\/turismo-sustentavel-uma-viagem-em-harmonia-com-a-natureza-2\/#article","isPartOf":{"@id":"http:\/\/maismagazine.pt\/index.php\/2025\/06\/27\/turismo-sustentavel-uma-viagem-em-harmonia-com-a-natureza-2\/"},"author":{"name":"Tatiana Martins","@id":"https:\/\/maismagazine.pt\/#\/schema\/person\/7426e2caeb8df32a1b56aa48dae778c9"},"headline":"Turismo Sustent\u00e1vel: Uma Viagem em Harmonia com a Natureza","datePublished":"2025-06-27T06:00:00+00:00","mainEntityOfPage":{"@id":"http:\/\/maismagazine.pt\/index.php\/2025\/06\/27\/turismo-sustentavel-uma-viagem-em-harmonia-com-a-natureza-2\/"},"wordCount":338,"publisher":{"@id":"https:\/\/maismagazine.pt\/#organization"},"image":{"@id":"http:\/\/maismagazine.pt\/index.php\/2025\/06\/27\/turismo-sustentavel-uma-viagem-em-harmonia-com-a-natureza-2\/#primaryimage"},"thumbnailUrl":"http:\/\/maismagazine.pt\/wp-content\/uploads\/2025\/06\/Foto-Francisco-Ferreira-plano-maior-scaled.jpeg","keywords":["Turismo Sustent\u00e1vel","Zero"],"articleSection":["Destaque lateral","Opini\u00e3o"],"inLanguage":"pt-PT"},{"@type":"WebPage","@id":"http:\/\/maismagazine.pt\/index.php\/2025\/06\/27\/turismo-sustentavel-uma-viagem-em-harmonia-com-a-natureza-2\/","url":"http:\/\/maismagazine.pt\/index.php\/2025\/06\/27\/turismo-sustentavel-uma-viagem-em-harmonia-com-a-natureza-2\/","name":"Turismo Sustent\u00e1vel: Uma Viagem em Harmonia com a Natureza - Mais Magazine","isPartOf":{"@id":"https:\/\/maismagazine.pt\/#website"},"primaryImageOfPage":{"@id":"http:\/\/maismagazine.pt\/index.php\/2025\/06\/27\/turismo-sustentavel-uma-viagem-em-harmonia-com-a-natureza-2\/#primaryimage"},"image":{"@id":"http:\/\/maismagazine.pt\/index.php\/2025\/06\/27\/turismo-sustentavel-uma-viagem-em-harmonia-com-a-natureza-2\/#primaryimage"},"thumbnailUrl":"http:\/\/maismagazine.pt\/wp-content\/uploads\/2025\/06\/Foto-Francisco-Ferreira-plano-maior-scaled.jpeg","datePublished":"2025-06-27T06:00:00+00:00","breadcrumb":{"@id":"http:\/\/maismagazine.pt\/index.php\/2025\/06\/27\/turismo-sustentavel-uma-viagem-em-harmonia-com-a-natureza-2\/#breadcrumb"},"inLanguage":"pt-PT","potentialAction":[{"@type":"ReadAction","target":["http:\/\/maismagazine.pt\/index.php\/2025\/06\/27\/turismo-sustentavel-uma-viagem-em-harmonia-com-a-natureza-2\/"]}]},{"@type":"ImageObject","inLanguage":"pt-PT","@id":"http:\/\/maismagazine.pt\/index.php\/2025\/06\/27\/turismo-sustentavel-uma-viagem-em-harmonia-com-a-natureza-2\/#primaryimage","url":"http:\/\/maismagazine.pt\/wp-content\/uploads\/2025\/06\/Foto-Francisco-Ferreira-plano-maior-scaled.jpeg","contentUrl":"http:\/\/maismagazine.pt\/wp-content\/uploads\/2025\/06\/Foto-Francisco-Ferreira-plano-maior-scaled.jpeg","width":2153,"height":2560,"caption":"Francisco Ferreira, Presidente da ZERO \u2013 Associa\u00e7\u00e3o Sistema Terrestre Sustent\u00e1vel"},{"@type":"BreadcrumbList","@id":"http:\/\/maismagazine.pt\/index.php\/2025\/06\/27\/turismo-sustentavel-uma-viagem-em-harmonia-com-a-natureza-2\/#breadcrumb","itemListElement":[{"@type":"ListItem","position":1,"name":"Home","item":"https:\/\/maismagazine.pt\/"},{"@type":"ListItem","position":2,"name":"Turismo Sustent\u00e1vel: Uma Viagem em Harmonia com a Natureza"}]},{"@type":"WebSite","@id":"https:\/\/maismagazine.pt\/#website","url":"https:\/\/maismagazine.pt\/","name":"Mais Magazine","description":"","publisher":{"@id":"https:\/\/maismagazine.pt\/#organization"},"potentialAction":[{"@type":"SearchAction","target":{"@type":"EntryPoint","urlTemplate":"https:\/\/maismagazine.pt\/?s={search_term_string}"},"query-input":{"@type":"PropertyValueSpecification","valueRequired":true,"valueName":"search_term_string"}}],"inLanguage":"pt-PT"},{"@type":"Organization","@id":"https:\/\/maismagazine.pt\/#organization","name":"Mais Magazine","url":"https:\/\/maismagazine.pt\/","logo":{"@type":"ImageObject","inLanguage":"pt-PT","@id":"https:\/\/maismagazine.pt\/#\/schema\/logo\/image\/","url":"http:\/\/maismagazine.pt\/wp-content\/uploads\/2020\/04\/cropped-cropped-mais-magazine-site-logo-2.png","contentUrl":"http:\/\/maismagazine.pt\/wp-content\/uploads\/2020\/04\/cropped-cropped-mais-magazine-site-logo-2.png","width":581,"height":90,"caption":"Mais Magazine"},"image":{"@id":"https:\/\/maismagazine.pt\/#\/schema\/logo\/image\/"}},{"@type":"Person","@id":"https:\/\/maismagazine.pt\/#\/schema\/person\/7426e2caeb8df32a1b56aa48dae778c9","name":"Tatiana Martins","image":{"@type":"ImageObject","inLanguage":"pt-PT","@id":"https:\/\/maismagazine.pt\/#\/schema\/person\/image\/","url":"https:\/\/secure.gravatar.com\/avatar\/4b24a57f5d0425f2eb20981c4b53244e?s=96&d=mm&r=g","contentUrl":"https:\/\/secure.gravatar.com\/avatar\/4b24a57f5d0425f2eb20981c4b53244e?s=96&d=mm&r=g","caption":"Tatiana Martins"},"url":"http:\/\/maismagazine.pt\/index.php\/author\/tatiana\/"}]}},"author_meta":{"display_name":false,"author_link":"http:\/\/maismagazine.pt\/index.php\/author\/tatiana\/"},"featured_img":"http:\/\/maismagazine.pt\/wp-content\/uploads\/2025\/06\/Foto-Francisco-Ferreira-plano-maior-252x300.jpeg","coauthors":[],"tax_additional":{"categories":{"linked":["<a href=\"http:\/\/maismagazine.pt\/index.php\/category\/destaque\/\" class=\"advgb-post-tax-term\">Destaque lateral<\/a>","<a href=\"http:\/\/maismagazine.pt\/index.php\/category\/noticias\/opiniao\/\" class=\"advgb-post-tax-term\">Opini\u00e3o<\/a>"],"unlinked":["<span class=\"advgb-post-tax-term\">Destaque lateral<\/span>","<span class=\"advgb-post-tax-term\">Opini\u00e3o<\/span>"]},"tags":{"linked":["<a href=\"http:\/\/maismagazine.pt\/index.php\/category\/noticias\/opiniao\/\" class=\"advgb-post-tax-term\">Turismo Sustent\u00e1vel<\/a>","<a href=\"http:\/\/maismagazine.pt\/index.php\/category\/noticias\/opiniao\/\" class=\"advgb-post-tax-term\">Zero<\/a>"],"unlinked":["<span class=\"advgb-post-tax-term\">Turismo Sustent\u00e1vel<\/span>","<span class=\"advgb-post-tax-term\">Zero<\/span>"]}},"comment_count":"0","relative_dates":{"created":"Posted 10 meses ago","modified":"Updated 10 meses ago"},"absolute_dates":{"created":"Posted on 27 de Junho, 2025","modified":"Updated on 26 de Junho, 2025"},"absolute_dates_time":{"created":"Posted on 27 de Junho, 2025 7:00","modified":"Updated on 26 de Junho, 2025 15:30"},"featured_img_caption":"Francisco Ferreira, Presidente da ZERO \u2013 Associa\u00e7\u00e3o Sistema Terrestre Sustent\u00e1vel\n","series_order":"","_links":{"self":[{"href":"http:\/\/maismagazine.pt\/index.php\/wp-json\/wp\/v2\/posts\/12401","targetHints":{"allow":["GET"]}}],"collection":[{"href":"http:\/\/maismagazine.pt\/index.php\/wp-json\/wp\/v2\/posts"}],"about":[{"href":"http:\/\/maismagazine.pt\/index.php\/wp-json\/wp\/v2\/types\/post"}],"author":[{"embeddable":true,"href":"http:\/\/maismagazine.pt\/index.php\/wp-json\/wp\/v2\/users\/18"}],"replies":[{"embeddable":true,"href":"http:\/\/maismagazine.pt\/index.php\/wp-json\/wp\/v2\/comments?post=12401"}],"version-history":[{"count":1,"href":"http:\/\/maismagazine.pt\/index.php\/wp-json\/wp\/v2\/posts\/12401\/revisions"}],"predecessor-version":[{"id":12403,"href":"http:\/\/maismagazine.pt\/index.php\/wp-json\/wp\/v2\/posts\/12401\/revisions\/12403"}],"wp:featuredmedia":[{"embeddable":true,"href":"http:\/\/maismagazine.pt\/index.php\/wp-json\/wp\/v2\/media\/12402"}],"wp:attachment":[{"href":"http:\/\/maismagazine.pt\/index.php\/wp-json\/wp\/v2\/media?parent=12401"}],"wp:term":[{"taxonomy":"category","embeddable":true,"href":"http:\/\/maismagazine.pt\/index.php\/wp-json\/wp\/v2\/categories?post=12401"},{"taxonomy":"post_tag","embeddable":true,"href":"http:\/\/maismagazine.pt\/index.php\/wp-json\/wp\/v2\/tags?post=12401"}],"curies":[{"name":"wp","href":"https:\/\/api.w.org\/{rel}","templated":true}]}}