{"id":12396,"date":"2025-06-27T07:00:00","date_gmt":"2025-06-27T06:00:00","guid":{"rendered":"https:\/\/maismagazine.pt\/?p=12396"},"modified":"2025-06-26T15:34:53","modified_gmt":"2025-06-26T14:34:53","slug":"o-poder-de-moldar-o-futuro-do-turismo-2","status":"publish","type":"post","link":"http:\/\/maismagazine.pt\/index.php\/2025\/06\/27\/o-poder-de-moldar-o-futuro-do-turismo-2\/","title":{"rendered":"O poder de moldar o futuro do turismo"},"content":{"rendered":"\n<p>\u00c0 medida que as viagens continuam a abrir portas para os lugares mais deslumbrantes do mundo, tamb\u00e9m trazem consigo uma responsabilidade crescente. A explora\u00e7\u00e3o de novos destinos n\u00e3o deve ser feita \u00e0 custa do ambiente ou das comunidades locais. Adotar uma forma mais ponderada e respeitosa de viajar permite-nos preservar a beleza natural, apoiar o patrim\u00f3nio cultural e garantir que as gera\u00e7\u00f5es futuras possam experimentar as maravilhas de que desfrutamos hoje. \u00c9 uma mudan\u00e7a de uma simples visita para uma liga\u00e7\u00e3o genu\u00edna com a natureza, as pessoas e o nosso objetivo. <\/p>\n\n\n\n<p><\/p>\n\n\n\n<p>O turismo sustent\u00e1vel n\u00e3o \u00e9 apenas uma op\u00e7\u00e3o \u00e9tica, mas a \u00fanica op\u00e7\u00e3o dispon\u00edvel se quisermos transformar o setor e garantir a sua longevidade para as gera\u00e7\u00f5es futuras. <\/p>\n\n\n\n<p><\/p>\n\n\n\n<p>Como viajantes, temos o poder de moldar o futuro do turismo. Cada escolha que fazemos &#8211; grande ou pequena &#8211; pode contribuir para uma ind\u00fastria de viagens mais sustent\u00e1vel e respons\u00e1vel. Ao estarmos atentos ao nosso impacto e ao adotarmos h\u00e1bitos conscientes, ajudamos a proteger os locais que gostamos de explorar. Minimizar o impacto ambiental (utilizando objetos reutiliz\u00e1veis, transportes p\u00fablicos, conservando a energia e a \u00e1gua e participando em excurs\u00f5es e experi\u00eancias geridas localmente) e respeitar as culturais locais (dedicando tempo a compreender os costumes e tradi\u00e7\u00f5es locais, abordando-os sempre com curiosidade e respeito), s\u00e3o algumas das formas mais simples de viajar de modo sustent\u00e1vel. <\/p>\n\n\n\n<p><\/p>\n\n\n\n<p>O Global Sustainable Tourism Council\u00ae (GSTC) estabelece e gere padr\u00f5es globais para viagens e turismo sustent\u00e1veis, conhecidos como os Crit\u00e9rios GSTC. <\/p>\n\n\n\n<p><\/p>\n\n\n\n<p>Estes servem como padr\u00f5es globais para a sustentabilidade em viagens e turismo, sendo utilizados na educa\u00e7\u00e3o e sensibiliza\u00e7\u00e3o, na defini\u00e7\u00e3o de pol\u00edticas para empresas e ag\u00eancias governamentais e outros tipos de organiza\u00e7\u00f5es, na medi\u00e7\u00e3o e avalia\u00e7\u00e3o, e como base para a certifica\u00e7\u00e3o. S\u00e3o o resultado de um esfor\u00e7o mundial para desenvolver uma linguagem comum sobre a sustentabilidade no turismo. Est\u00e3o organizados em quatro pilares:<\/p>\n\n\n\n<p>\u2022 Gest\u00e3o sustent\u00e1vel<\/p>\n\n\n\n<p>\u2022 Impactos socioecon\u00f3micos<\/p>\n\n\n\n<p>\u2022 Impactos culturais<\/p>\n\n\n\n<p>\u2022 Impactos ambientais (incluindo o consumo de recursos, a redu\u00e7\u00e3o da polui\u00e7\u00e3o e a conserva\u00e7\u00e3o da biodiversidade e das paisagens)<\/p>\n\n\n\n<p><\/p>\n\n\n\n<p>O turismo sustent\u00e1vel j\u00e1 n\u00e3o \u00e9 um conceito de nicho &#8211; est\u00e1 a tornar-se uma for\u00e7a motriz na forma como viajamos. \u00c0 medida que a consciencializa\u00e7\u00e3o cresce entre os viajantes, empresas e governos, estamos a assistir a uma mudan\u00e7a coletiva para experi\u00eancias tur\u00edsticas mais respons\u00e1veis e significativas. <\/p>\n\n\n\n<p><\/p>\n\n\n\n<p>\u00c0 medida que avan\u00e7amos, \u00e9 essencial que todas as partes interessadas &#8211; governos, empresas e indiv\u00edduos &#8211; trabalhem em conjunto para fazer do turismo sustent\u00e1vel a norma e n\u00e3o a exce\u00e7\u00e3o. <\/p>\n\n\n\n<p><\/p>\n\n\n\n<p>S\u00f3 percorrendo este caminho juntos \u00e9 que podemos garantir que o turismo continua a ser uma for\u00e7a para o bem, uma for\u00e7a que eleva as comunidades, nutre a alma e honra a delicada beleza do nosso planeta. Quando viajamos com inten\u00e7\u00e3o, tornamo-nos parte de algo maior: um movimento global que valoriza a cultura, protege a natureza e deixa um legado de cuidado. A natureza est\u00e1 a contar com todos n\u00f3s. <\/p>\n\n\n\n<p><\/p>\n\n\n<div class=\"wp-block-image\">\n<figure class=\"aligncenter size-large is-resized\"><img loading=\"lazy\" decoding=\"async\" width=\"1024\" height=\"348\" src=\"https:\/\/maismagazine.pt\/wp-content\/uploads\/2025\/06\/GSTC-logo-1024x348.png\" alt=\"\" class=\"wp-image-12397\" style=\"width:438px;height:auto\" srcset=\"http:\/\/maismagazine.pt\/wp-content\/uploads\/2025\/06\/GSTC-logo-1024x348.png 1024w, http:\/\/maismagazine.pt\/wp-content\/uploads\/2025\/06\/GSTC-logo-300x102.png 300w, http:\/\/maismagazine.pt\/wp-content\/uploads\/2025\/06\/GSTC-logo-768x261.png 768w, http:\/\/maismagazine.pt\/wp-content\/uploads\/2025\/06\/GSTC-logo-1536x522.png 1536w, http:\/\/maismagazine.pt\/wp-content\/uploads\/2025\/06\/GSTC-logo.png 1801w\" sizes=\"auto, (max-width: 1024px) 100vw, 1024px\" \/><\/figure><\/div>","protected":false},"excerpt":{"rendered":"<p>\u00c0 medida que as viagens continuam a abrir portas para os lugares mais deslumbrantes do mundo, tamb\u00e9m trazem consigo uma responsabilidade crescente. A explora\u00e7\u00e3o de novos destinos n\u00e3o deve ser feita \u00e0 custa do ambiente ou das comunidades locais. Adotar uma forma mais ponderada e respeitosa de viajar permite-nos preservar&hellip;<\/p>\n","protected":false},"author":18,"featured_media":12399,"comment_status":"closed","ping_status":"open","sticky":false,"template":"","format":"standard","meta":{"advgb_blocks_editor_width":"","advgb_blocks_columns_visual_guide":"","_monsterinsights_skip_tracking":false,"_monsterinsights_sitenote_active":false,"_monsterinsights_sitenote_note":"","_monsterinsights_sitenote_category":0,"footnotes":""},"categories":[52,51],"tags":[1406,1408],"class_list":["post-12396","post","type-post","status-publish","format-standard","has-post-thumbnail","hentry","category-destaque","category-opiniao","tag-gstc","tag-turismo-sustentavel"],"yoast_head":"<!-- This site is optimized with the Yoast SEO plugin v24.4 - https:\/\/yoast.com\/wordpress\/plugins\/seo\/ -->\n<title>O poder de moldar o futuro do turismo - Mais Magazine<\/title>\n<meta name=\"robots\" content=\"index, follow, max-snippet:-1, max-image-preview:large, max-video-preview:-1\" \/>\n<link rel=\"canonical\" href=\"http:\/\/maismagazine.pt\/index.php\/2025\/06\/27\/o-poder-de-moldar-o-futuro-do-turismo-2\/\" \/>\n<meta property=\"og:locale\" content=\"pt_PT\" \/>\n<meta property=\"og:type\" content=\"article\" \/>\n<meta property=\"og:title\" content=\"O poder de moldar o futuro do turismo - Mais Magazine\" \/>\n<meta property=\"og:description\" content=\"\u00c0 medida que as viagens continuam a abrir portas para os lugares mais deslumbrantes do mundo, tamb\u00e9m trazem consigo uma responsabilidade crescente. A explora\u00e7\u00e3o de novos destinos n\u00e3o deve ser feita \u00e0 custa do ambiente ou das comunidades locais. Adotar uma forma mais ponderada e respeitosa de viajar permite-nos preservar&hellip;\" \/>\n<meta property=\"og:url\" content=\"http:\/\/maismagazine.pt\/index.php\/2025\/06\/27\/o-poder-de-moldar-o-futuro-do-turismo-2\/\" \/>\n<meta property=\"og:site_name\" content=\"Mais Magazine\" \/>\n<meta property=\"article:published_time\" content=\"2025-06-27T06:00:00+00:00\" \/>\n<meta property=\"og:image\" content=\"http:\/\/maismagazine.pt\/wp-content\/uploads\/2025\/06\/Randy-Durband_photo-1.jpg\" \/>\n\t<meta property=\"og:image:width\" content=\"1825\" \/>\n\t<meta property=\"og:image:height\" content=\"2337\" \/>\n\t<meta property=\"og:image:type\" content=\"image\/jpeg\" \/>\n<meta name=\"author\" content=\"Tatiana Martins\" \/>\n<meta name=\"twitter:card\" content=\"summary_large_image\" \/>\n<meta name=\"twitter:label1\" content=\"Escrito por\" \/>\n\t<meta name=\"twitter:data1\" content=\"\" \/>\n\t<meta name=\"twitter:label2\" content=\"Tempo estimado de leitura\" \/>\n\t<meta name=\"twitter:data2\" content=\"4 minutos\" \/>\n<script type=\"application\/ld+json\" class=\"yoast-schema-graph\">{\"@context\":\"https:\/\/schema.org\",\"@graph\":[{\"@type\":\"Article\",\"@id\":\"http:\/\/maismagazine.pt\/index.php\/2025\/06\/27\/o-poder-de-moldar-o-futuro-do-turismo-2\/#article\",\"isPartOf\":{\"@id\":\"http:\/\/maismagazine.pt\/index.php\/2025\/06\/27\/o-poder-de-moldar-o-futuro-do-turismo-2\/\"},\"author\":{\"name\":\"Tatiana Martins\",\"@id\":\"https:\/\/maismagazine.pt\/#\/schema\/person\/7426e2caeb8df32a1b56aa48dae778c9\"},\"headline\":\"O poder de moldar o futuro do turismo\",\"datePublished\":\"2025-06-27T06:00:00+00:00\",\"mainEntityOfPage\":{\"@id\":\"http:\/\/maismagazine.pt\/index.php\/2025\/06\/27\/o-poder-de-moldar-o-futuro-do-turismo-2\/\"},\"wordCount\":545,\"publisher\":{\"@id\":\"https:\/\/maismagazine.pt\/#organization\"},\"image\":{\"@id\":\"http:\/\/maismagazine.pt\/index.php\/2025\/06\/27\/o-poder-de-moldar-o-futuro-do-turismo-2\/#primaryimage\"},\"thumbnailUrl\":\"http:\/\/maismagazine.pt\/wp-content\/uploads\/2025\/06\/Randy-Durband_photo-1.jpg\",\"keywords\":[\"GSTC\",\"Turismo Sustent\u00e1vel\"],\"articleSection\":[\"Destaque lateral\",\"Opini\u00e3o\"],\"inLanguage\":\"pt-PT\"},{\"@type\":\"WebPage\",\"@id\":\"http:\/\/maismagazine.pt\/index.php\/2025\/06\/27\/o-poder-de-moldar-o-futuro-do-turismo-2\/\",\"url\":\"http:\/\/maismagazine.pt\/index.php\/2025\/06\/27\/o-poder-de-moldar-o-futuro-do-turismo-2\/\",\"name\":\"O poder de moldar o futuro do turismo - Mais Magazine\",\"isPartOf\":{\"@id\":\"https:\/\/maismagazine.pt\/#website\"},\"primaryImageOfPage\":{\"@id\":\"http:\/\/maismagazine.pt\/index.php\/2025\/06\/27\/o-poder-de-moldar-o-futuro-do-turismo-2\/#primaryimage\"},\"image\":{\"@id\":\"http:\/\/maismagazine.pt\/index.php\/2025\/06\/27\/o-poder-de-moldar-o-futuro-do-turismo-2\/#primaryimage\"},\"thumbnailUrl\":\"http:\/\/maismagazine.pt\/wp-content\/uploads\/2025\/06\/Randy-Durband_photo-1.jpg\",\"datePublished\":\"2025-06-27T06:00:00+00:00\",\"breadcrumb\":{\"@id\":\"http:\/\/maismagazine.pt\/index.php\/2025\/06\/27\/o-poder-de-moldar-o-futuro-do-turismo-2\/#breadcrumb\"},\"inLanguage\":\"pt-PT\",\"potentialAction\":[{\"@type\":\"ReadAction\",\"target\":[\"http:\/\/maismagazine.pt\/index.php\/2025\/06\/27\/o-poder-de-moldar-o-futuro-do-turismo-2\/\"]}]},{\"@type\":\"ImageObject\",\"inLanguage\":\"pt-PT\",\"@id\":\"http:\/\/maismagazine.pt\/index.php\/2025\/06\/27\/o-poder-de-moldar-o-futuro-do-turismo-2\/#primaryimage\",\"url\":\"http:\/\/maismagazine.pt\/wp-content\/uploads\/2025\/06\/Randy-Durband_photo-1.jpg\",\"contentUrl\":\"http:\/\/maismagazine.pt\/wp-content\/uploads\/2025\/06\/Randy-Durband_photo-1.jpg\",\"width\":1825,\"height\":2337,\"caption\":\"Randy Durband, CEO do Conselho Global de Turismo Sustent\u00e1vel\"},{\"@type\":\"BreadcrumbList\",\"@id\":\"http:\/\/maismagazine.pt\/index.php\/2025\/06\/27\/o-poder-de-moldar-o-futuro-do-turismo-2\/#breadcrumb\",\"itemListElement\":[{\"@type\":\"ListItem\",\"position\":1,\"name\":\"Home\",\"item\":\"https:\/\/maismagazine.pt\/\"},{\"@type\":\"ListItem\",\"position\":2,\"name\":\"O poder de moldar o futuro do turismo\"}]},{\"@type\":\"WebSite\",\"@id\":\"https:\/\/maismagazine.pt\/#website\",\"url\":\"https:\/\/maismagazine.pt\/\",\"name\":\"Mais Magazine\",\"description\":\"\",\"publisher\":{\"@id\":\"https:\/\/maismagazine.pt\/#organization\"},\"potentialAction\":[{\"@type\":\"SearchAction\",\"target\":{\"@type\":\"EntryPoint\",\"urlTemplate\":\"https:\/\/maismagazine.pt\/?s={search_term_string}\"},\"query-input\":{\"@type\":\"PropertyValueSpecification\",\"valueRequired\":true,\"valueName\":\"search_term_string\"}}],\"inLanguage\":\"pt-PT\"},{\"@type\":\"Organization\",\"@id\":\"https:\/\/maismagazine.pt\/#organization\",\"name\":\"Mais Magazine\",\"url\":\"https:\/\/maismagazine.pt\/\",\"logo\":{\"@type\":\"ImageObject\",\"inLanguage\":\"pt-PT\",\"@id\":\"https:\/\/maismagazine.pt\/#\/schema\/logo\/image\/\",\"url\":\"http:\/\/maismagazine.pt\/wp-content\/uploads\/2020\/04\/cropped-cropped-mais-magazine-site-logo-2.png\",\"contentUrl\":\"http:\/\/maismagazine.pt\/wp-content\/uploads\/2020\/04\/cropped-cropped-mais-magazine-site-logo-2.png\",\"width\":581,\"height\":90,\"caption\":\"Mais Magazine\"},\"image\":{\"@id\":\"https:\/\/maismagazine.pt\/#\/schema\/logo\/image\/\"}},{\"@type\":\"Person\",\"@id\":\"https:\/\/maismagazine.pt\/#\/schema\/person\/7426e2caeb8df32a1b56aa48dae778c9\",\"name\":\"Tatiana Martins\",\"image\":{\"@type\":\"ImageObject\",\"inLanguage\":\"pt-PT\",\"@id\":\"https:\/\/maismagazine.pt\/#\/schema\/person\/image\/\",\"url\":\"https:\/\/secure.gravatar.com\/avatar\/4b24a57f5d0425f2eb20981c4b53244e?s=96&d=mm&r=g\",\"contentUrl\":\"https:\/\/secure.gravatar.com\/avatar\/4b24a57f5d0425f2eb20981c4b53244e?s=96&d=mm&r=g\",\"caption\":\"Tatiana Martins\"},\"url\":\"http:\/\/maismagazine.pt\/index.php\/author\/tatiana\/\"}]}<\/script>\n<!-- \/ Yoast SEO plugin. -->","yoast_head_json":{"title":"O poder de moldar o futuro do turismo - Mais Magazine","robots":{"index":"index","follow":"follow","max-snippet":"max-snippet:-1","max-image-preview":"max-image-preview:large","max-video-preview":"max-video-preview:-1"},"canonical":"http:\/\/maismagazine.pt\/index.php\/2025\/06\/27\/o-poder-de-moldar-o-futuro-do-turismo-2\/","og_locale":"pt_PT","og_type":"article","og_title":"O poder de moldar o futuro do turismo - Mais Magazine","og_description":"\u00c0 medida que as viagens continuam a abrir portas para os lugares mais deslumbrantes do mundo, tamb\u00e9m trazem consigo uma responsabilidade crescente. A explora\u00e7\u00e3o de novos destinos n\u00e3o deve ser feita \u00e0 custa do ambiente ou das comunidades locais. Adotar uma forma mais ponderada e respeitosa de viajar permite-nos preservar&hellip;","og_url":"http:\/\/maismagazine.pt\/index.php\/2025\/06\/27\/o-poder-de-moldar-o-futuro-do-turismo-2\/","og_site_name":"Mais Magazine","article_published_time":"2025-06-27T06:00:00+00:00","og_image":[{"width":1825,"height":2337,"url":"http:\/\/maismagazine.pt\/wp-content\/uploads\/2025\/06\/Randy-Durband_photo-1.jpg","type":"image\/jpeg"}],"author":"Tatiana Martins","twitter_card":"summary_large_image","twitter_misc":{"Escrito por":false,"Tempo estimado de leitura":"4 minutos"},"schema":{"@context":"https:\/\/schema.org","@graph":[{"@type":"Article","@id":"http:\/\/maismagazine.pt\/index.php\/2025\/06\/27\/o-poder-de-moldar-o-futuro-do-turismo-2\/#article","isPartOf":{"@id":"http:\/\/maismagazine.pt\/index.php\/2025\/06\/27\/o-poder-de-moldar-o-futuro-do-turismo-2\/"},"author":{"name":"Tatiana Martins","@id":"https:\/\/maismagazine.pt\/#\/schema\/person\/7426e2caeb8df32a1b56aa48dae778c9"},"headline":"O poder de moldar o futuro do turismo","datePublished":"2025-06-27T06:00:00+00:00","mainEntityOfPage":{"@id":"http:\/\/maismagazine.pt\/index.php\/2025\/06\/27\/o-poder-de-moldar-o-futuro-do-turismo-2\/"},"wordCount":545,"publisher":{"@id":"https:\/\/maismagazine.pt\/#organization"},"image":{"@id":"http:\/\/maismagazine.pt\/index.php\/2025\/06\/27\/o-poder-de-moldar-o-futuro-do-turismo-2\/#primaryimage"},"thumbnailUrl":"http:\/\/maismagazine.pt\/wp-content\/uploads\/2025\/06\/Randy-Durband_photo-1.jpg","keywords":["GSTC","Turismo Sustent\u00e1vel"],"articleSection":["Destaque lateral","Opini\u00e3o"],"inLanguage":"pt-PT"},{"@type":"WebPage","@id":"http:\/\/maismagazine.pt\/index.php\/2025\/06\/27\/o-poder-de-moldar-o-futuro-do-turismo-2\/","url":"http:\/\/maismagazine.pt\/index.php\/2025\/06\/27\/o-poder-de-moldar-o-futuro-do-turismo-2\/","name":"O poder de moldar o futuro do turismo - Mais Magazine","isPartOf":{"@id":"https:\/\/maismagazine.pt\/#website"},"primaryImageOfPage":{"@id":"http:\/\/maismagazine.pt\/index.php\/2025\/06\/27\/o-poder-de-moldar-o-futuro-do-turismo-2\/#primaryimage"},"image":{"@id":"http:\/\/maismagazine.pt\/index.php\/2025\/06\/27\/o-poder-de-moldar-o-futuro-do-turismo-2\/#primaryimage"},"thumbnailUrl":"http:\/\/maismagazine.pt\/wp-content\/uploads\/2025\/06\/Randy-Durband_photo-1.jpg","datePublished":"2025-06-27T06:00:00+00:00","breadcrumb":{"@id":"http:\/\/maismagazine.pt\/index.php\/2025\/06\/27\/o-poder-de-moldar-o-futuro-do-turismo-2\/#breadcrumb"},"inLanguage":"pt-PT","potentialAction":[{"@type":"ReadAction","target":["http:\/\/maismagazine.pt\/index.php\/2025\/06\/27\/o-poder-de-moldar-o-futuro-do-turismo-2\/"]}]},{"@type":"ImageObject","inLanguage":"pt-PT","@id":"http:\/\/maismagazine.pt\/index.php\/2025\/06\/27\/o-poder-de-moldar-o-futuro-do-turismo-2\/#primaryimage","url":"http:\/\/maismagazine.pt\/wp-content\/uploads\/2025\/06\/Randy-Durband_photo-1.jpg","contentUrl":"http:\/\/maismagazine.pt\/wp-content\/uploads\/2025\/06\/Randy-Durband_photo-1.jpg","width":1825,"height":2337,"caption":"Randy Durband, CEO do Conselho Global de Turismo Sustent\u00e1vel"},{"@type":"BreadcrumbList","@id":"http:\/\/maismagazine.pt\/index.php\/2025\/06\/27\/o-poder-de-moldar-o-futuro-do-turismo-2\/#breadcrumb","itemListElement":[{"@type":"ListItem","position":1,"name":"Home","item":"https:\/\/maismagazine.pt\/"},{"@type":"ListItem","position":2,"name":"O poder de moldar o futuro do turismo"}]},{"@type":"WebSite","@id":"https:\/\/maismagazine.pt\/#website","url":"https:\/\/maismagazine.pt\/","name":"Mais Magazine","description":"","publisher":{"@id":"https:\/\/maismagazine.pt\/#organization"},"potentialAction":[{"@type":"SearchAction","target":{"@type":"EntryPoint","urlTemplate":"https:\/\/maismagazine.pt\/?s={search_term_string}"},"query-input":{"@type":"PropertyValueSpecification","valueRequired":true,"valueName":"search_term_string"}}],"inLanguage":"pt-PT"},{"@type":"Organization","@id":"https:\/\/maismagazine.pt\/#organization","name":"Mais Magazine","url":"https:\/\/maismagazine.pt\/","logo":{"@type":"ImageObject","inLanguage":"pt-PT","@id":"https:\/\/maismagazine.pt\/#\/schema\/logo\/image\/","url":"http:\/\/maismagazine.pt\/wp-content\/uploads\/2020\/04\/cropped-cropped-mais-magazine-site-logo-2.png","contentUrl":"http:\/\/maismagazine.pt\/wp-content\/uploads\/2020\/04\/cropped-cropped-mais-magazine-site-logo-2.png","width":581,"height":90,"caption":"Mais Magazine"},"image":{"@id":"https:\/\/maismagazine.pt\/#\/schema\/logo\/image\/"}},{"@type":"Person","@id":"https:\/\/maismagazine.pt\/#\/schema\/person\/7426e2caeb8df32a1b56aa48dae778c9","name":"Tatiana Martins","image":{"@type":"ImageObject","inLanguage":"pt-PT","@id":"https:\/\/maismagazine.pt\/#\/schema\/person\/image\/","url":"https:\/\/secure.gravatar.com\/avatar\/4b24a57f5d0425f2eb20981c4b53244e?s=96&d=mm&r=g","contentUrl":"https:\/\/secure.gravatar.com\/avatar\/4b24a57f5d0425f2eb20981c4b53244e?s=96&d=mm&r=g","caption":"Tatiana Martins"},"url":"http:\/\/maismagazine.pt\/index.php\/author\/tatiana\/"}]}},"author_meta":{"display_name":false,"author_link":"http:\/\/maismagazine.pt\/index.php\/author\/tatiana\/"},"featured_img":"http:\/\/maismagazine.pt\/wp-content\/uploads\/2025\/06\/Randy-Durband_photo-1-234x300.jpg","coauthors":[],"tax_additional":{"categories":{"linked":["<a href=\"http:\/\/maismagazine.pt\/index.php\/category\/destaque\/\" class=\"advgb-post-tax-term\">Destaque lateral<\/a>","<a href=\"http:\/\/maismagazine.pt\/index.php\/category\/noticias\/opiniao\/\" class=\"advgb-post-tax-term\">Opini\u00e3o<\/a>"],"unlinked":["<span class=\"advgb-post-tax-term\">Destaque lateral<\/span>","<span class=\"advgb-post-tax-term\">Opini\u00e3o<\/span>"]},"tags":{"linked":["<a href=\"http:\/\/maismagazine.pt\/index.php\/category\/noticias\/opiniao\/\" class=\"advgb-post-tax-term\">GSTC<\/a>","<a href=\"http:\/\/maismagazine.pt\/index.php\/category\/noticias\/opiniao\/\" class=\"advgb-post-tax-term\">Turismo Sustent\u00e1vel<\/a>"],"unlinked":["<span class=\"advgb-post-tax-term\">GSTC<\/span>","<span class=\"advgb-post-tax-term\">Turismo Sustent\u00e1vel<\/span>"]}},"comment_count":"0","relative_dates":{"created":"Posted 10 meses ago","modified":"Updated 10 meses ago"},"absolute_dates":{"created":"Posted on 27 de Junho, 2025","modified":"Updated on 26 de Junho, 2025"},"absolute_dates_time":{"created":"Posted on 27 de Junho, 2025 7:00","modified":"Updated on 26 de Junho, 2025 15:34"},"featured_img_caption":"Randy Durband, CEO do Conselho Global de Turismo Sustent\u00e1vel ","series_order":"","_links":{"self":[{"href":"http:\/\/maismagazine.pt\/index.php\/wp-json\/wp\/v2\/posts\/12396","targetHints":{"allow":["GET"]}}],"collection":[{"href":"http:\/\/maismagazine.pt\/index.php\/wp-json\/wp\/v2\/posts"}],"about":[{"href":"http:\/\/maismagazine.pt\/index.php\/wp-json\/wp\/v2\/types\/post"}],"author":[{"embeddable":true,"href":"http:\/\/maismagazine.pt\/index.php\/wp-json\/wp\/v2\/users\/18"}],"replies":[{"embeddable":true,"href":"http:\/\/maismagazine.pt\/index.php\/wp-json\/wp\/v2\/comments?post=12396"}],"version-history":[{"count":1,"href":"http:\/\/maismagazine.pt\/index.php\/wp-json\/wp\/v2\/posts\/12396\/revisions"}],"predecessor-version":[{"id":12400,"href":"http:\/\/maismagazine.pt\/index.php\/wp-json\/wp\/v2\/posts\/12396\/revisions\/12400"}],"wp:featuredmedia":[{"embeddable":true,"href":"http:\/\/maismagazine.pt\/index.php\/wp-json\/wp\/v2\/media\/12399"}],"wp:attachment":[{"href":"http:\/\/maismagazine.pt\/index.php\/wp-json\/wp\/v2\/media?parent=12396"}],"wp:term":[{"taxonomy":"category","embeddable":true,"href":"http:\/\/maismagazine.pt\/index.php\/wp-json\/wp\/v2\/categories?post=12396"},{"taxonomy":"post_tag","embeddable":true,"href":"http:\/\/maismagazine.pt\/index.php\/wp-json\/wp\/v2\/tags?post=12396"}],"curies":[{"name":"wp","href":"https:\/\/api.w.org\/{rel}","templated":true}]}}