{"id":12383,"date":"2025-06-27T07:00:00","date_gmt":"2025-06-27T06:00:00","guid":{"rendered":"https:\/\/maismagazine.pt\/?p=12383"},"modified":"2025-06-26T15:21:50","modified_gmt":"2025-06-26T14:21:50","slug":"cadaval-pensar-no-futuro-com-sustentabilidade","status":"publish","type":"post","link":"http:\/\/maismagazine.pt\/index.php\/2025\/06\/27\/cadaval-pensar-no-futuro-com-sustentabilidade\/","title":{"rendered":"Cadaval: Pensar no futuro com sustentabilidade"},"content":{"rendered":"\n<p><strong>O munic\u00edpio do Cadaval est\u00e1 a tra\u00e7ar um caminho s\u00f3lido rumo a um turismo mais sustent\u00e1vel, centrado na valoriza\u00e7\u00e3o dos seus recursos naturais. Atrav\u00e9s de iniciativas concretas, parcerias estrat\u00e9gicas e aposta na capacita\u00e7\u00e3o da comunidade local, a autarquia pretende fazer do turismo um motor de desenvolvimento econ\u00f3mico e social, em equil\u00edbrio com o meio ambiente e a identidade do territ\u00f3rio, tal como conta \u00e0 Mais Magazine Ricardo Pinteus, Presidente da <a href=\"http:\/\/www.cm-cadaval.pt\">C\u00e2mara Municipal do Cadaval<\/a>.<\/strong> <\/p>\n\n\n\n<p><\/p>\n\n\n\n<p><strong>Qual a vis\u00e3o e import\u00e2ncia que o munic\u00edpio do Cadaval atribui ao turismo sustent\u00e1vel na regi\u00e3o?<\/strong><\/p>\n\n\n\n<p>Julgo que o desenvolvimento tur\u00edstico do concelho est\u00e1 em harmonia com o compromisso da autarquia em mat\u00e9ria de turismo sustent\u00e1vel.<\/p>\n\n\n\n<p>Tem havido um crescimento sustent\u00e1vel da oferta tur\u00edstica, quer daquela que depende da iniciativa do munic\u00edpio, quer dos privados. No entanto, ainda h\u00e1 um longo caminho a percorrer.<\/p>\n\n\n\n<p>Queremos potenciar a Serra do Montejunto como um dos destinos de turismo de natureza privilegiados da regi\u00e3o, afirmando-se ainda mais na oferta tur\u00edstica da regi\u00e3o oeste. <\/p>\n\n\n\n<p>Para al\u00e9m da Serra de Montejunto, a aposta no agroturismo \u00e9 tamb\u00e9m um dos objetivos da autarquia, julgo que teremos de dar esse passo, as pessoas que nos visitam adoram a nossa paisagem rural e agr\u00edcola, e julgo que \u00e9 tempo de o setor apresentar essa oferta a par da sua explora\u00e7\u00e3o agr\u00edcola.<\/p>\n\n\n\n<p>Hoje \u00e9 comum em muitas regi\u00f5es agr\u00edcolas do pa\u00eds e do estrangeiro, fazer essa liga\u00e7\u00e3o entre o turismo e a atividade agr\u00edcola, acrescentando valor \u00e0 atividade e dinamizando a economia local, sempre numa l\u00f3gica de atividade sustent\u00e1vel.<\/p>\n\n\n<div class=\"wp-block-image\">\n<figure class=\"alignleft size-full is-resized\"><img loading=\"lazy\" decoding=\"async\" width=\"750\" height=\"500\" src=\"http:\/\/maismagazine.pt\/wp-content\/uploads\/2025\/06\/DSC_0014.jpg\" alt=\"\" class=\"wp-image-12393\" style=\"width:479px;height:auto\" srcset=\"http:\/\/maismagazine.pt\/wp-content\/uploads\/2025\/06\/DSC_0014.jpg 750w, http:\/\/maismagazine.pt\/wp-content\/uploads\/2025\/06\/DSC_0014-300x200.jpg 300w, http:\/\/maismagazine.pt\/wp-content\/uploads\/2025\/06\/DSC_0014-150x100.jpg 150w\" sizes=\"auto, (max-width: 750px) 100vw, 750px\" \/><\/figure><\/div>\n\n\n<p><strong>Porque \u00e9 que o Cadaval \u00e9 um destino de elei\u00e7\u00e3o para os amantes da natureza? Quais os principais pontos de interesse tur\u00edstico sustent\u00e1vel que gostaria de destacar?<\/strong><\/p>\n\n\n\n<p>Como \u00e9 \u00f3bvio, a Serra de Montejunto \u00e9 sem d\u00favida o principal foco de atra\u00e7\u00e3o, mas a nossa paisagem rural, no geral, \u00e9 tamb\u00e9m um importante fator de atra\u00e7\u00e3o. S\u00f3 o Oeste oferece esta paisagem no pa\u00eds, com campos agricultados e organizados, tudo isto a dois passos da capital e do principal aeroporto nacional.Temos um enorme potencial tur\u00eds-tico e para isso gostar\u00edamos de contar tamb\u00e9m com quem j\u00e1 est\u00e1 no terreno, insisto nisso.<\/p>\n\n\n\n<p>No \u00e2mbito de uma gemina\u00e7\u00e3o que temos com o Munic\u00edpio de Farroupilha, no Brasil, em que tivemos j\u00e1 oportunidade de acolher um grupo de 5 jovens universit\u00e1rios e rec\u00e9m-licenciados, que v\u00eam de uma regi\u00e3o em que o agroturismo \u00e9 um dos principais empregadores, fic\u00e1mos a perceber que temos ainda muito por desenvolver.<\/p>\n\n\n\n<p>L\u00e1, as casas agr\u00edcolas apostam no turismo como complemento da sua principal atividade, criam mais emprego e conseguem alocar valor acrescentado aos seus produtos, s\u00f3 temos de reproduzir as suas din\u00e2micas e isso ajudaria em muito a desenvolver a nossa economia e a melhorar o rendimento das pessoas. <\/p>\n\n\n\n<p><\/p>\n\n\n\n<p><strong>Que tipo de iniciativas o munic\u00edpio leva a cabo em prol da promo\u00e7\u00e3o de um turismo que se quer cada vez mais sustent\u00e1vel e em harmonia com as comunidades locais? <\/strong><\/p>\n\n\n\n<p>O que fazemos \u00e9 essencialmente criar condi\u00e7\u00f5es para que o turismo se possa desenvolver de forma sustent\u00e1vel, nomeadamente atrav\u00e9s do estabelecimento de parcerias, como \u00e9 o caso da cria\u00e7\u00e3o da \u201cRota do Neveiro\u201d que estabelecemos com os Munic\u00edpios de Castanheira de Pera e Funchal, na Madeira, que tamb\u00e9m t\u00eam \u201cpo\u00e7os de neve\u201d.<\/p>\n\n\n\n<p>Normalmente, h\u00e1 sempre uma preocupa\u00e7\u00e3o muito grande com as comunidades locais e o facto de querermos ir ao encontro dos seus interesses e iniciativas, ajuda sempre.<\/p>\n\n\n\n<p>Exemplo disso mesmo \u00e9 o \u201cCantar dos Reis\u201d, no Avenal e no Pereiro, que s\u00e3o importantes express\u00f5es culturais locais que j\u00e1 tem alguma express\u00e3o tur\u00edstica, pois entendemos que a promo\u00e7\u00e3o do patrim\u00f3nio cultural imaterial pode tamb\u00e9m ser uma alavanca ao turismo, como acontece noutras partes do pa\u00eds com o turismo religioso. <\/p>\n\n\n<div class=\"wp-block-image\">\n<figure class=\"alignright size-full is-resized\"><img loading=\"lazy\" decoding=\"async\" width=\"935\" height=\"702\" src=\"https:\/\/maismagazine.pt\/wp-content\/uploads\/2025\/06\/Passeio-pedestre-em-Montejunto.jpg\" alt=\"\" class=\"wp-image-12394\" style=\"width:437px;height:auto\" srcset=\"http:\/\/maismagazine.pt\/wp-content\/uploads\/2025\/06\/Passeio-pedestre-em-Montejunto.jpg 935w, http:\/\/maismagazine.pt\/wp-content\/uploads\/2025\/06\/Passeio-pedestre-em-Montejunto-300x225.jpg 300w, http:\/\/maismagazine.pt\/wp-content\/uploads\/2025\/06\/Passeio-pedestre-em-Montejunto-768x577.jpg 768w\" sizes=\"auto, (max-width: 935px) 100vw, 935px\" \/><\/figure><\/div>\n\n\n<p><strong>Recentemente, o munic\u00edpio do Cadaval recebeu uma sess\u00e3o dedicada ao tema \u201cTurismo: Sustentabilidade, Oportunidades e Incentivos\u201d, que reuniu empres\u00e1rios, agentes locais, investidores e alunos do curso de Turismo Ambiental e Rural do Agrupamento de Escolas do Cadaval. Em que consistiu esta iniciativa e qual a sua import\u00e2ncia?<\/strong><\/p>\n\n\n\n<p>Para desenvolver o turismo em qualquer territ\u00f3rio \u00e9 preciso iniciativa, investidores, mas, essencialmente, \u00e9 preciso tamb\u00e9m que existam pessoas qualificadas para o desenvolvimento da atividade, pelo que foi a pensar nisto tudo que, nesse mesmo dia, o munic\u00edpio do Cadaval assinou com a Escola de Hotelaria e Turismo do Oeste um protocolo de colabora\u00e7\u00e3o que visa a capacita\u00e7\u00e3o gratuita dos profissionais do turismo.<\/p>\n\n\n\n<p>Este foi mais um passo dado pelo munic\u00edpio do Cadaval para o desenvolvimento do turismo e do turismo sustent\u00e1vel.<\/p>\n\n\n\n<p>Como j\u00e1 referi anteriormente, ainda temos um longo caminho a percorrer e, na minha opini\u00e3o, parte desse caminho faz-se discutindo o setor, a informar e formar as pessoas para as potencialidades do turismo no Concelho do Cadaval. Esta iniciativa inseriu-se no \u00e2mbito das pol\u00edticas e do compromisso que estabelecemos para o turismo sustent\u00e1vel no Cadaval. <\/p>\n\n\n\n<p><\/p>\n\n\n\n<p><strong>Quais as metas que pretendem alcan\u00e7ar nos pr\u00f3ximos anos no que concerne ao turismo sustent\u00e1vel?<\/strong><\/p>\n\n\n\n<p>N\u00e3o posso deixar de referir um inves-timento que julgo que ter\u00e1 um enorme impacto no turismo local e regional e ir\u00e1 permitir o alavancar do setor no concelho, que \u00e9 a implementa\u00e7\u00e3o de um percurso pedestre com passadi\u00e7os na Serra de Montejunto.<\/p>\n\n\n\n<p>Esta obra, sustent\u00e1vel e que tem em conta a preserva\u00e7\u00e3o dos recursos naturais e a prote\u00e7\u00e3o da fauna e flora existentes, tem como objetivo levar pessoas \u00e0 serra, de forma organizada e, de certa forma, pouco intrusiva nos habitats, uma vez que existir\u00e3o percursos bem definidos para serem usufru\u00eddos pelas pessoas, com o m\u00ednimo impacto na natureza.<\/p>\n\n\n\n<p>O que espero \u00e9 que este projeto funcione como um projeto \u201cancora\u201d, em que depois a economia local, atrav\u00e9s do investimento privado, se dinamize criando postos de trabalho e novos neg\u00f3cios, nomeadamente no \u00e2mbito do alojamento, restaura\u00e7\u00e3o, atividades l\u00fadicas e desportivas, entre outras oportunidades, como a forma\u00e7\u00e3o e o ensino pedag\u00f3gico e c\u00edvico em torno de um turismo ambientalmente sustent\u00e1vel. <\/p>\n\n\n\n<p><\/p>\n\n\n<div class=\"wp-block-image\">\n<figure class=\"aligncenter size-full is-resized\"><img loading=\"lazy\" decoding=\"async\" width=\"960\" height=\"960\" src=\"https:\/\/maismagazine.pt\/wp-content\/uploads\/2025\/06\/324143374_646813193879188_1336365978300345379_n.jpg\" alt=\"\" class=\"wp-image-12392\" style=\"width:248px;height:auto\" srcset=\"http:\/\/maismagazine.pt\/wp-content\/uploads\/2025\/06\/324143374_646813193879188_1336365978300345379_n.jpg 960w, http:\/\/maismagazine.pt\/wp-content\/uploads\/2025\/06\/324143374_646813193879188_1336365978300345379_n-300x300.jpg 300w, http:\/\/maismagazine.pt\/wp-content\/uploads\/2025\/06\/324143374_646813193879188_1336365978300345379_n-150x150.jpg 150w, http:\/\/maismagazine.pt\/wp-content\/uploads\/2025\/06\/324143374_646813193879188_1336365978300345379_n-768x768.jpg 768w\" sizes=\"auto, (max-width: 960px) 100vw, 960px\" \/><\/figure><\/div>\n\n\n<p><\/p>\n","protected":false},"excerpt":{"rendered":"<p>O munic\u00edpio do Cadaval est\u00e1 a tra\u00e7ar um caminho s\u00f3lido rumo a um turismo mais sustent\u00e1vel, centrado na valoriza\u00e7\u00e3o dos seus recursos naturais. Atrav\u00e9s de iniciativas concretas, parcerias estrat\u00e9gicas e aposta na capacita\u00e7\u00e3o da comunidade local, a autarquia pretende fazer do turismo um motor de desenvolvimento econ\u00f3mico e social, em&hellip;<\/p>\n","protected":false},"author":18,"featured_media":12391,"comment_status":"closed","ping_status":"open","sticky":false,"template":"","format":"standard","meta":{"advgb_blocks_editor_width":"","advgb_blocks_columns_visual_guide":"","_monsterinsights_skip_tracking":false,"_monsterinsights_sitenote_active":false,"_monsterinsights_sitenote_note":"","_monsterinsights_sitenote_category":0,"footnotes":""},"categories":[50],"tags":[1677,84,64],"class_list":["post-12383","post","type-post","status-publish","format-standard","has-post-thumbnail","hentry","category-destaques","tag-cadaval","tag-sustentabilidade","tag-turismo"],"yoast_head":"<!-- This site is optimized with the Yoast SEO plugin v24.4 - https:\/\/yoast.com\/wordpress\/plugins\/seo\/ -->\n<title>Cadaval: Pensar no futuro com sustentabilidade - Mais Magazine<\/title>\n<meta name=\"robots\" content=\"index, follow, max-snippet:-1, max-image-preview:large, max-video-preview:-1\" \/>\n<link rel=\"canonical\" href=\"http:\/\/maismagazine.pt\/index.php\/2025\/06\/27\/cadaval-pensar-no-futuro-com-sustentabilidade\/\" \/>\n<meta property=\"og:locale\" content=\"pt_PT\" \/>\n<meta property=\"og:type\" content=\"article\" \/>\n<meta property=\"og:title\" content=\"Cadaval: Pensar no futuro com sustentabilidade - Mais Magazine\" \/>\n<meta property=\"og:description\" content=\"O munic\u00edpio do Cadaval est\u00e1 a tra\u00e7ar um caminho s\u00f3lido rumo a um turismo mais sustent\u00e1vel, centrado na valoriza\u00e7\u00e3o dos seus recursos naturais. Atrav\u00e9s de iniciativas concretas, parcerias estrat\u00e9gicas e aposta na capacita\u00e7\u00e3o da comunidade local, a autarquia pretende fazer do turismo um motor de desenvolvimento econ\u00f3mico e social, em&hellip;\" \/>\n<meta property=\"og:url\" content=\"http:\/\/maismagazine.pt\/index.php\/2025\/06\/27\/cadaval-pensar-no-futuro-com-sustentabilidade\/\" \/>\n<meta property=\"og:site_name\" content=\"Mais Magazine\" \/>\n<meta property=\"article:published_time\" content=\"2025-06-27T06:00:00+00:00\" \/>\n<meta property=\"og:image\" content=\"http:\/\/maismagazine.pt\/wp-content\/uploads\/2025\/06\/RP_editada.png\" \/>\n\t<meta property=\"og:image:width\" content=\"1088\" \/>\n\t<meta property=\"og:image:height\" content=\"456\" \/>\n\t<meta property=\"og:image:type\" content=\"image\/png\" \/>\n<meta name=\"author\" content=\"Tatiana Martins\" \/>\n<meta name=\"twitter:card\" content=\"summary_large_image\" \/>\n<meta name=\"twitter:label1\" content=\"Escrito por\" \/>\n\t<meta name=\"twitter:data1\" content=\"\" \/>\n\t<meta name=\"twitter:label2\" content=\"Tempo estimado de leitura\" \/>\n\t<meta name=\"twitter:data2\" content=\"7 minutos\" \/>\n<script type=\"application\/ld+json\" class=\"yoast-schema-graph\">{\"@context\":\"https:\/\/schema.org\",\"@graph\":[{\"@type\":\"Article\",\"@id\":\"http:\/\/maismagazine.pt\/index.php\/2025\/06\/27\/cadaval-pensar-no-futuro-com-sustentabilidade\/#article\",\"isPartOf\":{\"@id\":\"http:\/\/maismagazine.pt\/index.php\/2025\/06\/27\/cadaval-pensar-no-futuro-com-sustentabilidade\/\"},\"author\":{\"name\":\"Tatiana Martins\",\"@id\":\"https:\/\/maismagazine.pt\/#\/schema\/person\/7426e2caeb8df32a1b56aa48dae778c9\"},\"headline\":\"Cadaval: Pensar no futuro com sustentabilidade\",\"datePublished\":\"2025-06-27T06:00:00+00:00\",\"mainEntityOfPage\":{\"@id\":\"http:\/\/maismagazine.pt\/index.php\/2025\/06\/27\/cadaval-pensar-no-futuro-com-sustentabilidade\/\"},\"wordCount\":1070,\"publisher\":{\"@id\":\"https:\/\/maismagazine.pt\/#organization\"},\"image\":{\"@id\":\"http:\/\/maismagazine.pt\/index.php\/2025\/06\/27\/cadaval-pensar-no-futuro-com-sustentabilidade\/#primaryimage\"},\"thumbnailUrl\":\"http:\/\/maismagazine.pt\/wp-content\/uploads\/2025\/06\/RP_editada.png\",\"keywords\":[\"Cadaval\",\"Sustentabilidade\",\"Turismo\"],\"articleSection\":[\"Destaques\"],\"inLanguage\":\"pt-PT\"},{\"@type\":\"WebPage\",\"@id\":\"http:\/\/maismagazine.pt\/index.php\/2025\/06\/27\/cadaval-pensar-no-futuro-com-sustentabilidade\/\",\"url\":\"http:\/\/maismagazine.pt\/index.php\/2025\/06\/27\/cadaval-pensar-no-futuro-com-sustentabilidade\/\",\"name\":\"Cadaval: Pensar no futuro com sustentabilidade - Mais Magazine\",\"isPartOf\":{\"@id\":\"https:\/\/maismagazine.pt\/#website\"},\"primaryImageOfPage\":{\"@id\":\"http:\/\/maismagazine.pt\/index.php\/2025\/06\/27\/cadaval-pensar-no-futuro-com-sustentabilidade\/#primaryimage\"},\"image\":{\"@id\":\"http:\/\/maismagazine.pt\/index.php\/2025\/06\/27\/cadaval-pensar-no-futuro-com-sustentabilidade\/#primaryimage\"},\"thumbnailUrl\":\"http:\/\/maismagazine.pt\/wp-content\/uploads\/2025\/06\/RP_editada.png\",\"datePublished\":\"2025-06-27T06:00:00+00:00\",\"breadcrumb\":{\"@id\":\"http:\/\/maismagazine.pt\/index.php\/2025\/06\/27\/cadaval-pensar-no-futuro-com-sustentabilidade\/#breadcrumb\"},\"inLanguage\":\"pt-PT\",\"potentialAction\":[{\"@type\":\"ReadAction\",\"target\":[\"http:\/\/maismagazine.pt\/index.php\/2025\/06\/27\/cadaval-pensar-no-futuro-com-sustentabilidade\/\"]}]},{\"@type\":\"ImageObject\",\"inLanguage\":\"pt-PT\",\"@id\":\"http:\/\/maismagazine.pt\/index.php\/2025\/06\/27\/cadaval-pensar-no-futuro-com-sustentabilidade\/#primaryimage\",\"url\":\"http:\/\/maismagazine.pt\/wp-content\/uploads\/2025\/06\/RP_editada.png\",\"contentUrl\":\"http:\/\/maismagazine.pt\/wp-content\/uploads\/2025\/06\/RP_editada.png\",\"width\":1088,\"height\":456,\"caption\":\"Ricardo Pinteus, Presidente da C\u00e2mara Municipal do Cadaval\"},{\"@type\":\"BreadcrumbList\",\"@id\":\"http:\/\/maismagazine.pt\/index.php\/2025\/06\/27\/cadaval-pensar-no-futuro-com-sustentabilidade\/#breadcrumb\",\"itemListElement\":[{\"@type\":\"ListItem\",\"position\":1,\"name\":\"Home\",\"item\":\"https:\/\/maismagazine.pt\/\"},{\"@type\":\"ListItem\",\"position\":2,\"name\":\"Cadaval: Pensar no futuro com sustentabilidade\"}]},{\"@type\":\"WebSite\",\"@id\":\"https:\/\/maismagazine.pt\/#website\",\"url\":\"https:\/\/maismagazine.pt\/\",\"name\":\"Mais Magazine\",\"description\":\"\",\"publisher\":{\"@id\":\"https:\/\/maismagazine.pt\/#organization\"},\"potentialAction\":[{\"@type\":\"SearchAction\",\"target\":{\"@type\":\"EntryPoint\",\"urlTemplate\":\"https:\/\/maismagazine.pt\/?s={search_term_string}\"},\"query-input\":{\"@type\":\"PropertyValueSpecification\",\"valueRequired\":true,\"valueName\":\"search_term_string\"}}],\"inLanguage\":\"pt-PT\"},{\"@type\":\"Organization\",\"@id\":\"https:\/\/maismagazine.pt\/#organization\",\"name\":\"Mais Magazine\",\"url\":\"https:\/\/maismagazine.pt\/\",\"logo\":{\"@type\":\"ImageObject\",\"inLanguage\":\"pt-PT\",\"@id\":\"https:\/\/maismagazine.pt\/#\/schema\/logo\/image\/\",\"url\":\"http:\/\/maismagazine.pt\/wp-content\/uploads\/2020\/04\/cropped-cropped-mais-magazine-site-logo-2.png\",\"contentUrl\":\"http:\/\/maismagazine.pt\/wp-content\/uploads\/2020\/04\/cropped-cropped-mais-magazine-site-logo-2.png\",\"width\":581,\"height\":90,\"caption\":\"Mais Magazine\"},\"image\":{\"@id\":\"https:\/\/maismagazine.pt\/#\/schema\/logo\/image\/\"}},{\"@type\":\"Person\",\"@id\":\"https:\/\/maismagazine.pt\/#\/schema\/person\/7426e2caeb8df32a1b56aa48dae778c9\",\"name\":\"Tatiana Martins\",\"image\":{\"@type\":\"ImageObject\",\"inLanguage\":\"pt-PT\",\"@id\":\"https:\/\/maismagazine.pt\/#\/schema\/person\/image\/\",\"url\":\"https:\/\/secure.gravatar.com\/avatar\/4b24a57f5d0425f2eb20981c4b53244e?s=96&d=mm&r=g\",\"contentUrl\":\"https:\/\/secure.gravatar.com\/avatar\/4b24a57f5d0425f2eb20981c4b53244e?s=96&d=mm&r=g\",\"caption\":\"Tatiana Martins\"},\"url\":\"http:\/\/maismagazine.pt\/index.php\/author\/tatiana\/\"}]}<\/script>\n<!-- \/ Yoast SEO plugin. -->","yoast_head_json":{"title":"Cadaval: Pensar no futuro com sustentabilidade - Mais Magazine","robots":{"index":"index","follow":"follow","max-snippet":"max-snippet:-1","max-image-preview":"max-image-preview:large","max-video-preview":"max-video-preview:-1"},"canonical":"http:\/\/maismagazine.pt\/index.php\/2025\/06\/27\/cadaval-pensar-no-futuro-com-sustentabilidade\/","og_locale":"pt_PT","og_type":"article","og_title":"Cadaval: Pensar no futuro com sustentabilidade - Mais Magazine","og_description":"O munic\u00edpio do Cadaval est\u00e1 a tra\u00e7ar um caminho s\u00f3lido rumo a um turismo mais sustent\u00e1vel, centrado na valoriza\u00e7\u00e3o dos seus recursos naturais. Atrav\u00e9s de iniciativas concretas, parcerias estrat\u00e9gicas e aposta na capacita\u00e7\u00e3o da comunidade local, a autarquia pretende fazer do turismo um motor de desenvolvimento econ\u00f3mico e social, em&hellip;","og_url":"http:\/\/maismagazine.pt\/index.php\/2025\/06\/27\/cadaval-pensar-no-futuro-com-sustentabilidade\/","og_site_name":"Mais Magazine","article_published_time":"2025-06-27T06:00:00+00:00","og_image":[{"width":1088,"height":456,"url":"http:\/\/maismagazine.pt\/wp-content\/uploads\/2025\/06\/RP_editada.png","type":"image\/png"}],"author":"Tatiana Martins","twitter_card":"summary_large_image","twitter_misc":{"Escrito por":false,"Tempo estimado de leitura":"7 minutos"},"schema":{"@context":"https:\/\/schema.org","@graph":[{"@type":"Article","@id":"http:\/\/maismagazine.pt\/index.php\/2025\/06\/27\/cadaval-pensar-no-futuro-com-sustentabilidade\/#article","isPartOf":{"@id":"http:\/\/maismagazine.pt\/index.php\/2025\/06\/27\/cadaval-pensar-no-futuro-com-sustentabilidade\/"},"author":{"name":"Tatiana Martins","@id":"https:\/\/maismagazine.pt\/#\/schema\/person\/7426e2caeb8df32a1b56aa48dae778c9"},"headline":"Cadaval: Pensar no futuro com sustentabilidade","datePublished":"2025-06-27T06:00:00+00:00","mainEntityOfPage":{"@id":"http:\/\/maismagazine.pt\/index.php\/2025\/06\/27\/cadaval-pensar-no-futuro-com-sustentabilidade\/"},"wordCount":1070,"publisher":{"@id":"https:\/\/maismagazine.pt\/#organization"},"image":{"@id":"http:\/\/maismagazine.pt\/index.php\/2025\/06\/27\/cadaval-pensar-no-futuro-com-sustentabilidade\/#primaryimage"},"thumbnailUrl":"http:\/\/maismagazine.pt\/wp-content\/uploads\/2025\/06\/RP_editada.png","keywords":["Cadaval","Sustentabilidade","Turismo"],"articleSection":["Destaques"],"inLanguage":"pt-PT"},{"@type":"WebPage","@id":"http:\/\/maismagazine.pt\/index.php\/2025\/06\/27\/cadaval-pensar-no-futuro-com-sustentabilidade\/","url":"http:\/\/maismagazine.pt\/index.php\/2025\/06\/27\/cadaval-pensar-no-futuro-com-sustentabilidade\/","name":"Cadaval: Pensar no futuro com sustentabilidade - Mais Magazine","isPartOf":{"@id":"https:\/\/maismagazine.pt\/#website"},"primaryImageOfPage":{"@id":"http:\/\/maismagazine.pt\/index.php\/2025\/06\/27\/cadaval-pensar-no-futuro-com-sustentabilidade\/#primaryimage"},"image":{"@id":"http:\/\/maismagazine.pt\/index.php\/2025\/06\/27\/cadaval-pensar-no-futuro-com-sustentabilidade\/#primaryimage"},"thumbnailUrl":"http:\/\/maismagazine.pt\/wp-content\/uploads\/2025\/06\/RP_editada.png","datePublished":"2025-06-27T06:00:00+00:00","breadcrumb":{"@id":"http:\/\/maismagazine.pt\/index.php\/2025\/06\/27\/cadaval-pensar-no-futuro-com-sustentabilidade\/#breadcrumb"},"inLanguage":"pt-PT","potentialAction":[{"@type":"ReadAction","target":["http:\/\/maismagazine.pt\/index.php\/2025\/06\/27\/cadaval-pensar-no-futuro-com-sustentabilidade\/"]}]},{"@type":"ImageObject","inLanguage":"pt-PT","@id":"http:\/\/maismagazine.pt\/index.php\/2025\/06\/27\/cadaval-pensar-no-futuro-com-sustentabilidade\/#primaryimage","url":"http:\/\/maismagazine.pt\/wp-content\/uploads\/2025\/06\/RP_editada.png","contentUrl":"http:\/\/maismagazine.pt\/wp-content\/uploads\/2025\/06\/RP_editada.png","width":1088,"height":456,"caption":"Ricardo Pinteus, Presidente da C\u00e2mara Municipal do Cadaval"},{"@type":"BreadcrumbList","@id":"http:\/\/maismagazine.pt\/index.php\/2025\/06\/27\/cadaval-pensar-no-futuro-com-sustentabilidade\/#breadcrumb","itemListElement":[{"@type":"ListItem","position":1,"name":"Home","item":"https:\/\/maismagazine.pt\/"},{"@type":"ListItem","position":2,"name":"Cadaval: Pensar no futuro com sustentabilidade"}]},{"@type":"WebSite","@id":"https:\/\/maismagazine.pt\/#website","url":"https:\/\/maismagazine.pt\/","name":"Mais Magazine","description":"","publisher":{"@id":"https:\/\/maismagazine.pt\/#organization"},"potentialAction":[{"@type":"SearchAction","target":{"@type":"EntryPoint","urlTemplate":"https:\/\/maismagazine.pt\/?s={search_term_string}"},"query-input":{"@type":"PropertyValueSpecification","valueRequired":true,"valueName":"search_term_string"}}],"inLanguage":"pt-PT"},{"@type":"Organization","@id":"https:\/\/maismagazine.pt\/#organization","name":"Mais Magazine","url":"https:\/\/maismagazine.pt\/","logo":{"@type":"ImageObject","inLanguage":"pt-PT","@id":"https:\/\/maismagazine.pt\/#\/schema\/logo\/image\/","url":"http:\/\/maismagazine.pt\/wp-content\/uploads\/2020\/04\/cropped-cropped-mais-magazine-site-logo-2.png","contentUrl":"http:\/\/maismagazine.pt\/wp-content\/uploads\/2020\/04\/cropped-cropped-mais-magazine-site-logo-2.png","width":581,"height":90,"caption":"Mais Magazine"},"image":{"@id":"https:\/\/maismagazine.pt\/#\/schema\/logo\/image\/"}},{"@type":"Person","@id":"https:\/\/maismagazine.pt\/#\/schema\/person\/7426e2caeb8df32a1b56aa48dae778c9","name":"Tatiana Martins","image":{"@type":"ImageObject","inLanguage":"pt-PT","@id":"https:\/\/maismagazine.pt\/#\/schema\/person\/image\/","url":"https:\/\/secure.gravatar.com\/avatar\/4b24a57f5d0425f2eb20981c4b53244e?s=96&d=mm&r=g","contentUrl":"https:\/\/secure.gravatar.com\/avatar\/4b24a57f5d0425f2eb20981c4b53244e?s=96&d=mm&r=g","caption":"Tatiana Martins"},"url":"http:\/\/maismagazine.pt\/index.php\/author\/tatiana\/"}]}},"author_meta":{"display_name":false,"author_link":"http:\/\/maismagazine.pt\/index.php\/author\/tatiana\/"},"featured_img":"http:\/\/maismagazine.pt\/wp-content\/uploads\/2025\/06\/RP_editada-300x126.png","coauthors":[],"tax_additional":{"categories":{"linked":["<a href=\"http:\/\/maismagazine.pt\/index.php\/category\/destaques\/\" class=\"advgb-post-tax-term\">Destaques<\/a>"],"unlinked":["<span class=\"advgb-post-tax-term\">Destaques<\/span>"]},"tags":{"linked":["<a href=\"http:\/\/maismagazine.pt\/index.php\/category\/destaques\/\" class=\"advgb-post-tax-term\">Cadaval<\/a>","<a href=\"http:\/\/maismagazine.pt\/index.php\/category\/destaques\/\" class=\"advgb-post-tax-term\">Sustentabilidade<\/a>","<a href=\"http:\/\/maismagazine.pt\/index.php\/category\/destaques\/\" class=\"advgb-post-tax-term\">Turismo<\/a>"],"unlinked":["<span class=\"advgb-post-tax-term\">Cadaval<\/span>","<span class=\"advgb-post-tax-term\">Sustentabilidade<\/span>","<span class=\"advgb-post-tax-term\">Turismo<\/span>"]}},"comment_count":"0","relative_dates":{"created":"Posted 10 meses ago","modified":"Updated 10 meses ago"},"absolute_dates":{"created":"Posted on 27 de Junho, 2025","modified":"Updated on 26 de Junho, 2025"},"absolute_dates_time":{"created":"Posted on 27 de Junho, 2025 7:00","modified":"Updated on 26 de Junho, 2025 15:21"},"featured_img_caption":"Ricardo Pinteus, Presidente da C\u00e2mara Municipal do Cadaval","series_order":"","_links":{"self":[{"href":"http:\/\/maismagazine.pt\/index.php\/wp-json\/wp\/v2\/posts\/12383","targetHints":{"allow":["GET"]}}],"collection":[{"href":"http:\/\/maismagazine.pt\/index.php\/wp-json\/wp\/v2\/posts"}],"about":[{"href":"http:\/\/maismagazine.pt\/index.php\/wp-json\/wp\/v2\/types\/post"}],"author":[{"embeddable":true,"href":"http:\/\/maismagazine.pt\/index.php\/wp-json\/wp\/v2\/users\/18"}],"replies":[{"embeddable":true,"href":"http:\/\/maismagazine.pt\/index.php\/wp-json\/wp\/v2\/comments?post=12383"}],"version-history":[{"count":1,"href":"http:\/\/maismagazine.pt\/index.php\/wp-json\/wp\/v2\/posts\/12383\/revisions"}],"predecessor-version":[{"id":12395,"href":"http:\/\/maismagazine.pt\/index.php\/wp-json\/wp\/v2\/posts\/12383\/revisions\/12395"}],"wp:featuredmedia":[{"embeddable":true,"href":"http:\/\/maismagazine.pt\/index.php\/wp-json\/wp\/v2\/media\/12391"}],"wp:attachment":[{"href":"http:\/\/maismagazine.pt\/index.php\/wp-json\/wp\/v2\/media?parent=12383"}],"wp:term":[{"taxonomy":"category","embeddable":true,"href":"http:\/\/maismagazine.pt\/index.php\/wp-json\/wp\/v2\/categories?post=12383"},{"taxonomy":"post_tag","embeddable":true,"href":"http:\/\/maismagazine.pt\/index.php\/wp-json\/wp\/v2\/tags?post=12383"}],"curies":[{"name":"wp","href":"https:\/\/api.w.org\/{rel}","templated":true}]}}