{"id":12367,"date":"2025-06-27T07:00:00","date_gmt":"2025-06-27T06:00:00","guid":{"rendered":"https:\/\/maismagazine.pt\/?p=12367"},"modified":"2025-06-26T15:06:58","modified_gmt":"2025-06-26T14:06:58","slug":"a-familia-madeinestesc","status":"publish","type":"post","link":"http:\/\/maismagazine.pt\/index.php\/2025\/06\/27\/a-familia-madeinestesc\/","title":{"rendered":"A fam\u00edlia #madeinestesc"},"content":{"rendered":"\n<p><strong>Graciano Paulo assumiu a presid\u00eancia da Escola Superior de Tecnologia da Sa\u00fade do Polit\u00e9cnico de Coimbra (<a href=\"https:\/\/www.estesc.ipc.pt\/\">ESTeSC<\/a>) em 2021, com o prop\u00f3sito de retribuir \u00e0 institui\u00e7\u00e3o tudo o que esta lhe proporcionou enquanto estudante. Em entrevista \u00e0 Mais Magazine, fala sobre os principais desafios que enfrentou ao longo do mandato e tra\u00e7a a sua vis\u00e3o para o futuro. <\/strong><\/p>\n\n\n\n<p><\/p>\n\n\n\n<p><\/p>\n\n\n\n<p>Chegou a Coimbra em 1985 para frequentar o curso de Radiologia \u2014 atualmente Imagem M\u00e9dica e Radioterapia. Mais tarde, concluiu um mestrado em Gest\u00e3o e Economia da Sa\u00fade e um doutoramento em Ci\u00eancias da Sa\u00fade na Faculdade de Medicina da Universidade de Coimbra. O seu percurso esteve sempre ligado \u00e0 valoriza\u00e7\u00e3o do ensino e das profiss\u00f5es na \u00e1rea da sa\u00fade, tendo desempenhado fun\u00e7\u00f5es como presidente da Associa\u00e7\u00e3o Portuguesa de Radiologia, Radioterapia e Medicina Nuclear. Apesar de uma carreira diversificada, admite que o mais marcante foi o tempo que passou no Hospital dos Cov\u00f5es. \u201cEra um hospital com identidade pr\u00f3pria, quase familiar, e foi ali que cresci profissional e pessoalmente.\u201d <\/p>\n\n\n\n<p><\/p>\n\n\n\n<p>A candidatura a presidente da ESTeSC surgiu de forma natural, ap\u00f3s ter sido vice-presidente da institui\u00e7\u00e3o. \u201cSempre senti que um dia teria de retribuir a esta escola tudo o que ela me deu enquanto aluno. Por isso, ser presidente desta institui\u00e7\u00e3o \u00e9 um enorme privil\u00e9gio\u201d, afirma. Prestes a concluir o seu primeiro mandato, faz um balan\u00e7o positivo, embora assuma que enfrentou alguns obst\u00e1culos. Entre eles, destaca a complexidade da legisla\u00e7\u00e3o portuguesa; o subfinanciamento cr\u00f3nico das institui\u00e7\u00f5es p\u00fablicas; a insufici\u00eancia de espa\u00e7o f\u00edsico; e a crescente dificuldade na gest\u00e3o de pessoas, agravada pelas mudan\u00e7as nos padr\u00f5es de relacionamento ap\u00f3s a pandemia. <\/p>\n\n\n<div class=\"wp-block-image\">\n<figure class=\"aligncenter size-full is-resized\"><img loading=\"lazy\" decoding=\"async\" width=\"890\" height=\"593\" src=\"https:\/\/maismagazine.pt\/wp-content\/uploads\/2025\/06\/Presi_TheBox.jpg\" alt=\"\" class=\"wp-image-12369\" style=\"width:485px;height:auto\" srcset=\"http:\/\/maismagazine.pt\/wp-content\/uploads\/2025\/06\/Presi_TheBox.jpg 890w, http:\/\/maismagazine.pt\/wp-content\/uploads\/2025\/06\/Presi_TheBox-300x200.jpg 300w, http:\/\/maismagazine.pt\/wp-content\/uploads\/2025\/06\/Presi_TheBox-768x512.jpg 768w, http:\/\/maismagazine.pt\/wp-content\/uploads\/2025\/06\/Presi_TheBox-150x100.jpg 150w\" sizes=\"auto, (max-width: 890px) 100vw, 890px\" \/><figcaption class=\"wp-element-caption\">Graciano Paulo, Presidente da ESTeSC<\/figcaption><\/figure><\/div>\n\n\n<p><\/p>\n\n\n\n<p>Em mar\u00e7o deste ano, a ESTeSC celebrou 45 anos de exist\u00eancia. A escola nasceu em 1980, como Escola T\u00e9cnica dos Servi\u00e7os de Sa\u00fade de Coimbra, e passou para o edif\u00edcio atual em 1991. Desde ent\u00e3o, consolidou-se como uma refer\u00eancia nacional no ensino das tecnologias da sa\u00fade. \u201cTodas as grandes transforma\u00e7\u00f5es que aconteceram nesta \u00e1rea \u2014 seja no ensino, na investiga\u00e7\u00e3o ou nas profiss\u00f5es \u2014 passaram por Coimbra\u201d, explica. <\/p>\n\n\n\n<p><\/p>\n\n\n\n<p>Atualmente, a ESTeSC oferece oito licenciaturas: Audiologia, Ci\u00eancias Biom\u00e9dicas Laboratoriais, Farm\u00e1cia, Fisiologia Cl\u00ednica, Fisioterapia, Imagem M\u00e9dica e Radioterapia, Diet\u00e9tica e Nutri\u00e7\u00e3o, e Sa\u00fade Ambiental. Est\u00e1 ainda submetida \u00e0 acredita\u00e7\u00e3o uma nova licenciatura em Terapia Ocupacional, com planos para a cria\u00e7\u00e3o de um polo da escola no Hospital Rovisco Pais, na Tocha. \u201cTemos um memorando assinado com a C\u00e2mara Municipal e com a ULS Coimbra. A ideia \u00e9 instalar, dentro do campus do hospital, uma nova unidade dedicada \u00e0 \u00e1rea das terapias\u201d, adianta. Al\u00e9m das licenciaturas, a escola oferece diversos mestrados e p\u00f3s-gradua\u00e7\u00f5es. Nos \u00faltimos anos, tem sido uma das unidades do Polit\u00e9cnico de Coimbra com maior crescimento na oferta formativa, aproveitando os programas do PRR \u2013 Impulso Jovem e Impulso Adulto. Foi ainda submetido, em parceria com a Escola Superior de Tecnologia da Sa\u00fade de Lisboa, o primeiro doutoramento em Tecnologias da Sa\u00fade, aguardando aprova\u00e7\u00e3o.  <\/p>\n\n\n\n<p><\/p>\n\n\n\n<p>Questionado sobre os elementos diferenciadores da ESTeSC, Graciano Paulo aponta a cultura institucional: \u201cTemos uma cultura de exig\u00eancia, responsabilidade e proximidade. Criou-se aqui um verdadeiro esp\u00edrito de fam\u00edlia \u2013 aquilo a que chamo de fam\u00edlia #madeinestesc\u201d. A localiza\u00e7\u00e3o da escola na cidade de Coimbra e a forte liga\u00e7\u00e3o aos hospitais e institui\u00e7\u00f5es de sa\u00fade da regi\u00e3o, s\u00e3o tamb\u00e9m fatores-chave para o sucesso da forma\u00e7\u00e3o oferecida.  <\/p>\n\n\n\n<p><\/p>\n\n\n\n<p>Com os olhos postos no futuro, o presidente pretende concretizar v\u00e1rias metas at\u00e9 ao final do ano: adjudicar as obras de requalifica\u00e7\u00e3o energ\u00e9tica dos edif\u00edcios, concluir a moderniza\u00e7\u00e3o dos servi\u00e7os administrativos e garantir a aprova\u00e7\u00e3o das novas ofertas formativas. Graciano Paulo confirma ainda a inten\u00e7\u00e3o de se recandidatar: \u201cDevo isso \u00e0 escola. Sinto que \u00e9 minha obriga\u00e7\u00e3o continuar a retribuir tudo o que ela me deu.\u201d <\/p>\n\n\n\n<p><\/p>\n\n\n\n<p>Entre as prioridades para um novo mandato est\u00e3o a renova\u00e7\u00e3o do corpo docente e n\u00e3o docente, a consolida\u00e7\u00e3o do novo polo na Tocha e o refor\u00e7o da investiga\u00e7\u00e3o aplicada. \u201cA nossa miss\u00e3o ser\u00e1 antecipar o impacto que a intelig\u00eancia artificial trar\u00e1 para a sa\u00fade e o ensino, e adaptar-nos a essas novas realidades.\u201d Independentemente dos desafios, Graciano Paulo mant\u00e9m o foco nas pessoas. \u201cAcredito que s\u00f3 \u00e9 poss\u00edvel ter uma escola saud\u00e1vel se quem aqui estuda e trabalha se sentir bem.  <\/p>\n\n\n<div class=\"wp-block-image\">\n<figure class=\"aligncenter size-full is-resized\"><img loading=\"lazy\" decoding=\"async\" width=\"288\" height=\"355\" src=\"https:\/\/maismagazine.pt\/wp-content\/uploads\/2025\/06\/image-5.png\" alt=\"\" class=\"wp-image-12375\" style=\"width:208px;height:auto\" srcset=\"http:\/\/maismagazine.pt\/wp-content\/uploads\/2025\/06\/image-5.png 288w, http:\/\/maismagazine.pt\/wp-content\/uploads\/2025\/06\/image-5-243x300.png 243w\" sizes=\"auto, (max-width: 288px) 100vw, 288px\" \/><\/figure><\/div>","protected":false},"excerpt":{"rendered":"<p>Graciano Paulo assumiu a presid\u00eancia da Escola Superior de Tecnologia da Sa\u00fade do Polit\u00e9cnico de Coimbra (ESTeSC) em 2021, com o prop\u00f3sito de retribuir \u00e0 institui\u00e7\u00e3o tudo o que esta lhe proporcionou enquanto estudante. Em entrevista \u00e0 Mais Magazine, fala sobre os principais desafios que enfrentou ao longo do mandato&hellip;<\/p>\n","protected":false},"author":17,"featured_media":12376,"comment_status":"closed","ping_status":"open","sticky":false,"template":"","format":"standard","meta":{"advgb_blocks_editor_width":"","advgb_blocks_columns_visual_guide":"","_monsterinsights_skip_tracking":false,"_monsterinsights_sitenote_active":false,"_monsterinsights_sitenote_note":"","_monsterinsights_sitenote_category":0,"footnotes":""},"categories":[149],"tags":[2403],"class_list":["post-12367","post","type-post","status-publish","format-standard","has-post-thumbnail","hentry","category-educacao","tag-estesc"],"yoast_head":"<!-- This site is optimized with the Yoast SEO plugin v24.4 - https:\/\/yoast.com\/wordpress\/plugins\/seo\/ -->\n<title>A fam\u00edlia #madeinestesc - Mais Magazine<\/title>\n<meta name=\"description\" content=\"Graciano Paulo assumiu a presid\u00eancia da Escola Superior de Tecnologia da Sa\u00fade do Polit\u00e9cnico de Coimbra (ESTeSC) em 2021, com o prop\u00f3sito de retribuir \u00e0 institui\u00e7\u00e3o tudo o que esta lhe proporcionou enquanto estudante. Em entrevista \u00e0 Mais Magazine, fala sobre os principais desafios que enfrentou ao longo do mandato e tra\u00e7a a sua vis\u00e3o para o futuro.\" \/>\n<meta name=\"robots\" content=\"index, follow, max-snippet:-1, max-image-preview:large, max-video-preview:-1\" \/>\n<link rel=\"canonical\" href=\"https:\/\/maismagazine.pt\/index.php\/2025\/06\/27\/a-familia-madeinestesc\/\" \/>\n<meta property=\"og:locale\" content=\"pt_PT\" \/>\n<meta property=\"og:type\" content=\"article\" \/>\n<meta property=\"og:title\" content=\"A fam\u00edlia #madeinestesc - Mais Magazine\" \/>\n<meta property=\"og:description\" content=\"Graciano Paulo assumiu a presid\u00eancia da Escola Superior de Tecnologia da Sa\u00fade do Polit\u00e9cnico de Coimbra (ESTeSC) em 2021, com o prop\u00f3sito de retribuir \u00e0 institui\u00e7\u00e3o tudo o que esta lhe proporcionou enquanto estudante. Em entrevista \u00e0 Mais Magazine, fala sobre os principais desafios que enfrentou ao longo do mandato e tra\u00e7a a sua vis\u00e3o para o futuro.\" \/>\n<meta property=\"og:url\" content=\"https:\/\/maismagazine.pt\/index.php\/2025\/06\/27\/a-familia-madeinestesc\/\" \/>\n<meta property=\"og:site_name\" content=\"Mais Magazine\" \/>\n<meta property=\"article:published_time\" content=\"2025-06-27T06:00:00+00:00\" \/>\n<meta property=\"og:image\" content=\"https:\/\/maismagazine.pt\/wp-content\/uploads\/2025\/06\/ESTEsC-1_clean.png\" \/>\n\t<meta property=\"og:image:width\" content=\"739\" \/>\n\t<meta property=\"og:image:height\" content=\"489\" \/>\n\t<meta property=\"og:image:type\" content=\"image\/png\" \/>\n<meta name=\"author\" content=\"Tiago Costa\" \/>\n<meta name=\"twitter:card\" content=\"summary_large_image\" \/>\n<meta name=\"twitter:label1\" content=\"Escrito por\" \/>\n\t<meta name=\"twitter:data1\" content=\"\" \/>\n\t<meta name=\"twitter:label2\" content=\"Tempo estimado de leitura\" \/>\n\t<meta name=\"twitter:data2\" content=\"5 minutos\" \/>\n<script type=\"application\/ld+json\" class=\"yoast-schema-graph\">{\"@context\":\"https:\/\/schema.org\",\"@graph\":[{\"@type\":\"Article\",\"@id\":\"https:\/\/maismagazine.pt\/index.php\/2025\/06\/27\/a-familia-madeinestesc\/#article\",\"isPartOf\":{\"@id\":\"https:\/\/maismagazine.pt\/index.php\/2025\/06\/27\/a-familia-madeinestesc\/\"},\"author\":{\"name\":\"Tiago Costa\",\"@id\":\"https:\/\/maismagazine.pt\/#\/schema\/person\/c6c5bfccc886434cbd11c74e035f9646\"},\"headline\":\"A fam\u00edlia #madeinestesc\",\"datePublished\":\"2025-06-27T06:00:00+00:00\",\"mainEntityOfPage\":{\"@id\":\"https:\/\/maismagazine.pt\/index.php\/2025\/06\/27\/a-familia-madeinestesc\/\"},\"wordCount\":780,\"publisher\":{\"@id\":\"https:\/\/maismagazine.pt\/#organization\"},\"image\":{\"@id\":\"https:\/\/maismagazine.pt\/index.php\/2025\/06\/27\/a-familia-madeinestesc\/#primaryimage\"},\"thumbnailUrl\":\"http:\/\/maismagazine.pt\/wp-content\/uploads\/2025\/06\/ESTEsC-1_clean.png\",\"keywords\":[\"ESTeSC\"],\"articleSection\":[\"Educa\u00e7\u00e3o\"],\"inLanguage\":\"pt-PT\"},{\"@type\":\"WebPage\",\"@id\":\"https:\/\/maismagazine.pt\/index.php\/2025\/06\/27\/a-familia-madeinestesc\/\",\"url\":\"https:\/\/maismagazine.pt\/index.php\/2025\/06\/27\/a-familia-madeinestesc\/\",\"name\":\"A fam\u00edlia #madeinestesc - Mais Magazine\",\"isPartOf\":{\"@id\":\"https:\/\/maismagazine.pt\/#website\"},\"primaryImageOfPage\":{\"@id\":\"https:\/\/maismagazine.pt\/index.php\/2025\/06\/27\/a-familia-madeinestesc\/#primaryimage\"},\"image\":{\"@id\":\"https:\/\/maismagazine.pt\/index.php\/2025\/06\/27\/a-familia-madeinestesc\/#primaryimage\"},\"thumbnailUrl\":\"http:\/\/maismagazine.pt\/wp-content\/uploads\/2025\/06\/ESTEsC-1_clean.png\",\"datePublished\":\"2025-06-27T06:00:00+00:00\",\"description\":\"Graciano Paulo assumiu a presid\u00eancia da Escola Superior de Tecnologia da Sa\u00fade do Polit\u00e9cnico de Coimbra (ESTeSC) em 2021, com o prop\u00f3sito de retribuir \u00e0 institui\u00e7\u00e3o tudo o que esta lhe proporcionou enquanto estudante. Em entrevista \u00e0 Mais Magazine, fala sobre os principais desafios que enfrentou ao longo do mandato e tra\u00e7a a sua vis\u00e3o para o futuro.\",\"breadcrumb\":{\"@id\":\"https:\/\/maismagazine.pt\/index.php\/2025\/06\/27\/a-familia-madeinestesc\/#breadcrumb\"},\"inLanguage\":\"pt-PT\",\"potentialAction\":[{\"@type\":\"ReadAction\",\"target\":[\"https:\/\/maismagazine.pt\/index.php\/2025\/06\/27\/a-familia-madeinestesc\/\"]}]},{\"@type\":\"ImageObject\",\"inLanguage\":\"pt-PT\",\"@id\":\"https:\/\/maismagazine.pt\/index.php\/2025\/06\/27\/a-familia-madeinestesc\/#primaryimage\",\"url\":\"http:\/\/maismagazine.pt\/wp-content\/uploads\/2025\/06\/ESTEsC-1_clean.png\",\"contentUrl\":\"http:\/\/maismagazine.pt\/wp-content\/uploads\/2025\/06\/ESTEsC-1_clean.png\",\"width\":739,\"height\":489},{\"@type\":\"BreadcrumbList\",\"@id\":\"https:\/\/maismagazine.pt\/index.php\/2025\/06\/27\/a-familia-madeinestesc\/#breadcrumb\",\"itemListElement\":[{\"@type\":\"ListItem\",\"position\":1,\"name\":\"Home\",\"item\":\"https:\/\/maismagazine.pt\/\"},{\"@type\":\"ListItem\",\"position\":2,\"name\":\"A fam\u00edlia #madeinestesc\"}]},{\"@type\":\"WebSite\",\"@id\":\"https:\/\/maismagazine.pt\/#website\",\"url\":\"https:\/\/maismagazine.pt\/\",\"name\":\"Mais Magazine\",\"description\":\"\",\"publisher\":{\"@id\":\"https:\/\/maismagazine.pt\/#organization\"},\"potentialAction\":[{\"@type\":\"SearchAction\",\"target\":{\"@type\":\"EntryPoint\",\"urlTemplate\":\"https:\/\/maismagazine.pt\/?s={search_term_string}\"},\"query-input\":{\"@type\":\"PropertyValueSpecification\",\"valueRequired\":true,\"valueName\":\"search_term_string\"}}],\"inLanguage\":\"pt-PT\"},{\"@type\":\"Organization\",\"@id\":\"https:\/\/maismagazine.pt\/#organization\",\"name\":\"Mais Magazine\",\"url\":\"https:\/\/maismagazine.pt\/\",\"logo\":{\"@type\":\"ImageObject\",\"inLanguage\":\"pt-PT\",\"@id\":\"https:\/\/maismagazine.pt\/#\/schema\/logo\/image\/\",\"url\":\"http:\/\/maismagazine.pt\/wp-content\/uploads\/2020\/04\/cropped-cropped-mais-magazine-site-logo-2.png\",\"contentUrl\":\"http:\/\/maismagazine.pt\/wp-content\/uploads\/2020\/04\/cropped-cropped-mais-magazine-site-logo-2.png\",\"width\":581,\"height\":90,\"caption\":\"Mais Magazine\"},\"image\":{\"@id\":\"https:\/\/maismagazine.pt\/#\/schema\/logo\/image\/\"}},{\"@type\":\"Person\",\"@id\":\"https:\/\/maismagazine.pt\/#\/schema\/person\/c6c5bfccc886434cbd11c74e035f9646\",\"name\":\"Tiago Costa\",\"image\":{\"@type\":\"ImageObject\",\"inLanguage\":\"pt-PT\",\"@id\":\"https:\/\/maismagazine.pt\/#\/schema\/person\/image\/\",\"url\":\"https:\/\/secure.gravatar.com\/avatar\/c599b2bce16c9870429198cbad5ee022?s=96&d=mm&r=g\",\"contentUrl\":\"https:\/\/secure.gravatar.com\/avatar\/c599b2bce16c9870429198cbad5ee022?s=96&d=mm&r=g\",\"caption\":\"Tiago Costa\"},\"url\":\"http:\/\/maismagazine.pt\/index.php\/author\/tiago\/\"}]}<\/script>\n<!-- \/ Yoast SEO plugin. -->","yoast_head_json":{"title":"A fam\u00edlia #madeinestesc - Mais Magazine","description":"Graciano Paulo assumiu a presid\u00eancia da Escola Superior de Tecnologia da Sa\u00fade do Polit\u00e9cnico de Coimbra (ESTeSC) em 2021, com o prop\u00f3sito de retribuir \u00e0 institui\u00e7\u00e3o tudo o que esta lhe proporcionou enquanto estudante. Em entrevista \u00e0 Mais Magazine, fala sobre os principais desafios que enfrentou ao longo do mandato e tra\u00e7a a sua vis\u00e3o para o futuro.","robots":{"index":"index","follow":"follow","max-snippet":"max-snippet:-1","max-image-preview":"max-image-preview:large","max-video-preview":"max-video-preview:-1"},"canonical":"https:\/\/maismagazine.pt\/index.php\/2025\/06\/27\/a-familia-madeinestesc\/","og_locale":"pt_PT","og_type":"article","og_title":"A fam\u00edlia #madeinestesc - Mais Magazine","og_description":"Graciano Paulo assumiu a presid\u00eancia da Escola Superior de Tecnologia da Sa\u00fade do Polit\u00e9cnico de Coimbra (ESTeSC) em 2021, com o prop\u00f3sito de retribuir \u00e0 institui\u00e7\u00e3o tudo o que esta lhe proporcionou enquanto estudante. Em entrevista \u00e0 Mais Magazine, fala sobre os principais desafios que enfrentou ao longo do mandato e tra\u00e7a a sua vis\u00e3o para o futuro.","og_url":"https:\/\/maismagazine.pt\/index.php\/2025\/06\/27\/a-familia-madeinestesc\/","og_site_name":"Mais Magazine","article_published_time":"2025-06-27T06:00:00+00:00","og_image":[{"width":739,"height":489,"url":"https:\/\/maismagazine.pt\/wp-content\/uploads\/2025\/06\/ESTEsC-1_clean.png","type":"image\/png"}],"author":"Tiago Costa","twitter_card":"summary_large_image","twitter_misc":{"Escrito por":false,"Tempo estimado de leitura":"5 minutos"},"schema":{"@context":"https:\/\/schema.org","@graph":[{"@type":"Article","@id":"https:\/\/maismagazine.pt\/index.php\/2025\/06\/27\/a-familia-madeinestesc\/#article","isPartOf":{"@id":"https:\/\/maismagazine.pt\/index.php\/2025\/06\/27\/a-familia-madeinestesc\/"},"author":{"name":"Tiago Costa","@id":"https:\/\/maismagazine.pt\/#\/schema\/person\/c6c5bfccc886434cbd11c74e035f9646"},"headline":"A fam\u00edlia #madeinestesc","datePublished":"2025-06-27T06:00:00+00:00","mainEntityOfPage":{"@id":"https:\/\/maismagazine.pt\/index.php\/2025\/06\/27\/a-familia-madeinestesc\/"},"wordCount":780,"publisher":{"@id":"https:\/\/maismagazine.pt\/#organization"},"image":{"@id":"https:\/\/maismagazine.pt\/index.php\/2025\/06\/27\/a-familia-madeinestesc\/#primaryimage"},"thumbnailUrl":"http:\/\/maismagazine.pt\/wp-content\/uploads\/2025\/06\/ESTEsC-1_clean.png","keywords":["ESTeSC"],"articleSection":["Educa\u00e7\u00e3o"],"inLanguage":"pt-PT"},{"@type":"WebPage","@id":"https:\/\/maismagazine.pt\/index.php\/2025\/06\/27\/a-familia-madeinestesc\/","url":"https:\/\/maismagazine.pt\/index.php\/2025\/06\/27\/a-familia-madeinestesc\/","name":"A fam\u00edlia #madeinestesc - Mais Magazine","isPartOf":{"@id":"https:\/\/maismagazine.pt\/#website"},"primaryImageOfPage":{"@id":"https:\/\/maismagazine.pt\/index.php\/2025\/06\/27\/a-familia-madeinestesc\/#primaryimage"},"image":{"@id":"https:\/\/maismagazine.pt\/index.php\/2025\/06\/27\/a-familia-madeinestesc\/#primaryimage"},"thumbnailUrl":"http:\/\/maismagazine.pt\/wp-content\/uploads\/2025\/06\/ESTEsC-1_clean.png","datePublished":"2025-06-27T06:00:00+00:00","description":"Graciano Paulo assumiu a presid\u00eancia da Escola Superior de Tecnologia da Sa\u00fade do Polit\u00e9cnico de Coimbra (ESTeSC) em 2021, com o prop\u00f3sito de retribuir \u00e0 institui\u00e7\u00e3o tudo o que esta lhe proporcionou enquanto estudante. Em entrevista \u00e0 Mais Magazine, fala sobre os principais desafios que enfrentou ao longo do mandato e tra\u00e7a a sua vis\u00e3o para o futuro.","breadcrumb":{"@id":"https:\/\/maismagazine.pt\/index.php\/2025\/06\/27\/a-familia-madeinestesc\/#breadcrumb"},"inLanguage":"pt-PT","potentialAction":[{"@type":"ReadAction","target":["https:\/\/maismagazine.pt\/index.php\/2025\/06\/27\/a-familia-madeinestesc\/"]}]},{"@type":"ImageObject","inLanguage":"pt-PT","@id":"https:\/\/maismagazine.pt\/index.php\/2025\/06\/27\/a-familia-madeinestesc\/#primaryimage","url":"http:\/\/maismagazine.pt\/wp-content\/uploads\/2025\/06\/ESTEsC-1_clean.png","contentUrl":"http:\/\/maismagazine.pt\/wp-content\/uploads\/2025\/06\/ESTEsC-1_clean.png","width":739,"height":489},{"@type":"BreadcrumbList","@id":"https:\/\/maismagazine.pt\/index.php\/2025\/06\/27\/a-familia-madeinestesc\/#breadcrumb","itemListElement":[{"@type":"ListItem","position":1,"name":"Home","item":"https:\/\/maismagazine.pt\/"},{"@type":"ListItem","position":2,"name":"A fam\u00edlia #madeinestesc"}]},{"@type":"WebSite","@id":"https:\/\/maismagazine.pt\/#website","url":"https:\/\/maismagazine.pt\/","name":"Mais Magazine","description":"","publisher":{"@id":"https:\/\/maismagazine.pt\/#organization"},"potentialAction":[{"@type":"SearchAction","target":{"@type":"EntryPoint","urlTemplate":"https:\/\/maismagazine.pt\/?s={search_term_string}"},"query-input":{"@type":"PropertyValueSpecification","valueRequired":true,"valueName":"search_term_string"}}],"inLanguage":"pt-PT"},{"@type":"Organization","@id":"https:\/\/maismagazine.pt\/#organization","name":"Mais Magazine","url":"https:\/\/maismagazine.pt\/","logo":{"@type":"ImageObject","inLanguage":"pt-PT","@id":"https:\/\/maismagazine.pt\/#\/schema\/logo\/image\/","url":"http:\/\/maismagazine.pt\/wp-content\/uploads\/2020\/04\/cropped-cropped-mais-magazine-site-logo-2.png","contentUrl":"http:\/\/maismagazine.pt\/wp-content\/uploads\/2020\/04\/cropped-cropped-mais-magazine-site-logo-2.png","width":581,"height":90,"caption":"Mais Magazine"},"image":{"@id":"https:\/\/maismagazine.pt\/#\/schema\/logo\/image\/"}},{"@type":"Person","@id":"https:\/\/maismagazine.pt\/#\/schema\/person\/c6c5bfccc886434cbd11c74e035f9646","name":"Tiago Costa","image":{"@type":"ImageObject","inLanguage":"pt-PT","@id":"https:\/\/maismagazine.pt\/#\/schema\/person\/image\/","url":"https:\/\/secure.gravatar.com\/avatar\/c599b2bce16c9870429198cbad5ee022?s=96&d=mm&r=g","contentUrl":"https:\/\/secure.gravatar.com\/avatar\/c599b2bce16c9870429198cbad5ee022?s=96&d=mm&r=g","caption":"Tiago Costa"},"url":"http:\/\/maismagazine.pt\/index.php\/author\/tiago\/"}]}},"author_meta":{"display_name":false,"author_link":"http:\/\/maismagazine.pt\/index.php\/author\/tiago\/"},"featured_img":"http:\/\/maismagazine.pt\/wp-content\/uploads\/2025\/06\/ESTEsC-1_clean-300x199.png","coauthors":[],"tax_additional":{"categories":{"linked":["<a href=\"http:\/\/maismagazine.pt\/index.php\/category\/educacao\/\" class=\"advgb-post-tax-term\">Educa\u00e7\u00e3o<\/a>"],"unlinked":["<span class=\"advgb-post-tax-term\">Educa\u00e7\u00e3o<\/span>"]},"tags":{"linked":["<a href=\"http:\/\/maismagazine.pt\/index.php\/category\/educacao\/\" class=\"advgb-post-tax-term\">ESTeSC<\/a>"],"unlinked":["<span class=\"advgb-post-tax-term\">ESTeSC<\/span>"]}},"comment_count":"0","relative_dates":{"created":"Posted 10 meses ago","modified":"Updated 10 meses ago"},"absolute_dates":{"created":"Posted on 27 de Junho, 2025","modified":"Updated on 26 de Junho, 2025"},"absolute_dates_time":{"created":"Posted on 27 de Junho, 2025 7:00","modified":"Updated on 26 de Junho, 2025 15:06"},"featured_img_caption":"","series_order":"","_links":{"self":[{"href":"http:\/\/maismagazine.pt\/index.php\/wp-json\/wp\/v2\/posts\/12367","targetHints":{"allow":["GET"]}}],"collection":[{"href":"http:\/\/maismagazine.pt\/index.php\/wp-json\/wp\/v2\/posts"}],"about":[{"href":"http:\/\/maismagazine.pt\/index.php\/wp-json\/wp\/v2\/types\/post"}],"author":[{"embeddable":true,"href":"http:\/\/maismagazine.pt\/index.php\/wp-json\/wp\/v2\/users\/17"}],"replies":[{"embeddable":true,"href":"http:\/\/maismagazine.pt\/index.php\/wp-json\/wp\/v2\/comments?post=12367"}],"version-history":[{"count":2,"href":"http:\/\/maismagazine.pt\/index.php\/wp-json\/wp\/v2\/posts\/12367\/revisions"}],"predecessor-version":[{"id":12378,"href":"http:\/\/maismagazine.pt\/index.php\/wp-json\/wp\/v2\/posts\/12367\/revisions\/12378"}],"wp:featuredmedia":[{"embeddable":true,"href":"http:\/\/maismagazine.pt\/index.php\/wp-json\/wp\/v2\/media\/12376"}],"wp:attachment":[{"href":"http:\/\/maismagazine.pt\/index.php\/wp-json\/wp\/v2\/media?parent=12367"}],"wp:term":[{"taxonomy":"category","embeddable":true,"href":"http:\/\/maismagazine.pt\/index.php\/wp-json\/wp\/v2\/categories?post=12367"},{"taxonomy":"post_tag","embeddable":true,"href":"http:\/\/maismagazine.pt\/index.php\/wp-json\/wp\/v2\/tags?post=12367"}],"curies":[{"name":"wp","href":"https:\/\/api.w.org\/{rel}","templated":true}]}}