{"id":12356,"date":"2025-06-27T07:00:00","date_gmt":"2025-06-27T06:00:00","guid":{"rendered":"https:\/\/maismagazine.pt\/?p=12356"},"modified":"2025-06-26T14:55:46","modified_gmt":"2025-06-26T13:55:46","slug":"instituto-politecnico-de-santarem-uma-referencia-nacional-com-impacto-global","status":"publish","type":"post","link":"http:\/\/maismagazine.pt\/index.php\/2025\/06\/27\/instituto-politecnico-de-santarem-uma-referencia-nacional-com-impacto-global\/","title":{"rendered":"Instituto Polit\u00e9cnico de Santar\u00e9m: Uma refer\u00eancia nacional com impacto global"},"content":{"rendered":"\n<p><strong>A Mais Magazine esteve \u00e0 conversa com Jo\u00e3o Mout\u00e3o, presidente do <a href=\"http:\/\/www.ipsantarem.pt\">Instituto Polit\u00e9cnico de Santar\u00e9m<\/a>, que nos falou sobre as solu\u00e7\u00f5es em curso para a melhoria do alojamento estudantil e destacou a abertura, j\u00e1 no pr\u00f3ximo ano letivo, da licenciatura em Enfermagem Veterin\u00e1ria e do mestrado em Educa\u00e7\u00e3o Especial. <\/strong><\/p>\n\n\n\n<p><\/p>\n\n\n\n<p><\/p>\n\n\n\n<p><strong>Pode apresentar-nos o Instituto Polit\u00e9cnico de Santar\u00e9m?  <\/strong><\/p>\n\n\n\n<p>O Instituto Polit\u00e9cnico de Santar\u00e9m (IP-Santar\u00e9m) \u00e9 uma institui\u00e7\u00e3o p\u00fablica de ensino superior polit\u00e9cnico, fundada em 1979, que se afirma como um polo de desenvolvimento do Ribatejo e Oeste, promovendo inova\u00e7\u00e3o, investiga\u00e7\u00e3o aplicada, responsabilidade social e inclus\u00e3o. Combinamos tradi\u00e7\u00e3o e inova\u00e7\u00e3o, proximidade e internacionaliza\u00e7\u00e3o, mantendo uma aposta constante na inova\u00e7\u00e3o, na responsabilidade social e na inclus\u00e3o, consolidando o IPSantar\u00e9m como uma refer\u00eancia nacional e internacional. <\/p>\n\n\n\n<p><\/p>\n\n\n\n<p><strong>Quais s\u00e3o as principais caracter\u00edsticas que fazem desta institui\u00e7\u00e3o uma refer\u00eancia no ensino superior em Portugal? <\/strong><\/p>\n\n\n\n<p>Destacamo-nos, em primeiro lugar, pela centralidade que damos aos estudantes no nosso modelo pedag\u00f3gico: apostamos num ensino pr\u00e1tico, pr\u00f3ximo e personalizado, que valoriza a experi\u00eancia em contexto real de trabalho e a empregabilidade. Esta abordagem garante que os nossos diplomados est\u00e3o preparados para responder aos desafios do mercado, refletindo-se em elevadas taxas de empregabilidade e reconhecimento por parte das empresas e institui\u00e7\u00f5es da regi\u00e3o. <\/p>\n\n\n\n<p><\/p>\n\n\n\n<p>Somos uma institui\u00e7\u00e3o profundamente enraizada no Ribatejo e Oeste, mas com uma vis\u00e3o global. Coordenamos a Universidade Europeia ACE\u00b2-EU \u2013 Applied, Connected, Entrepreneurial and Engaged European University, e integramos a RIAL \u2013 Rede Internacional Acad\u00e9mica da Lusofonia, proporcionando aos nossos estudantes oportunidades \u00fanicas de mobilidade, contacto com diferentes culturas e desenvolvimento de compet\u00eancias interculturais. Em suma, mais do que formar profissionais, queremos formar cidad\u00e3os conscientes e preparados para liderar os desafios do s\u00e9culo XXI. <\/p>\n\n\n\n<p><\/p>\n\n\n\n<p><strong>No que respeita \u00e0 vossa oferta formativa, que cursos e oportunidades disponibilizam a quem procura estudar no IP Santar\u00e9m? <\/strong><\/p>\n\n\n\n<p>A oferta formativa do IPSantar\u00e9m \u00e9 uma das mais diversificadas do ensino superior polit\u00e9cnico em Portugal, abrangendo \u00e1reas como agricultura, alimenta\u00e7\u00e3o, sa\u00fade, desporto, educa\u00e7\u00e3o, gest\u00e3o e tecnologia. Esta diversidade \u00e9 assegurada pelas cinco escolas superiores que comp\u00f5em a institui\u00e7\u00e3o: Escola Superior Agr\u00e1ria, Escola Superior de Desporto de Rio Maior, Escola Superior de Sa\u00fade, Escola Superior de Educa\u00e7\u00e3o e Escola Superior de Gest\u00e3o e Tecnologia.  <\/p>\n\n\n\n<p><\/p>\n\n\n\n<p>No pr\u00f3ximo ano letivo, vamos refor\u00e7ar ainda mais a sua oferta formativa com a abertura de dois novos cursos: a licenciatura em Enfermagem Veterin\u00e1ria, que responde \u00e0 crescente procura de profissionais qualificados nesta \u00e1rea, e o mestrado em Educa\u00e7\u00e3o Especial, pensado para dar resposta \u00e0s novas exig\u00eancias e desafios da forma\u00e7\u00e3o de professores. Al\u00e9m da forte presen\u00e7a em Santar\u00e9m e Rio Maior, apostamos numa estrat\u00e9gia de proximidade territorial atrav\u00e9s de cursos deslocalizados em Azambuja, Vila Franca de Xira, Torres Vedras, Abrantes, Alcoba\u00e7a, Mafra e Ericeira. Este modelo permite-nos chegar a diferentes comunidades e responder de forma ajustada \u00e0s necessidades locais de forma\u00e7\u00e3o. Destacamos o cons\u00f3rcio inovador em Alcoba\u00e7a, criado em parceria com o Munic\u00edpio, a Universidade de Coimbra, a EPADRC e o INIAV, que j\u00e1 resultou no TeSP em Tecnologias de Produ\u00e7\u00e3o Integrada em Hortofrut\u00edcolas e, a partir do pr\u00f3ximo ano letivo, no TeSP em Inova\u00e7\u00e3o Gastron\u00f3mica. Em Azambuja, a colabora\u00e7\u00e3o com o Munic\u00edpio permitiu lan\u00e7ar o TeSP em Distribui\u00e7\u00e3o e Log\u00edstica, um curso p\u00f3s-laboral com forte componente pr\u00e1tica e est\u00e1gios garantidos em empresas locais. <\/p>\n\n\n\n<p><\/p>\n\n\n\n<p><strong>Foi recentemente anunciada a cria\u00e7\u00e3o de uma nova resid\u00eancia para estudantes, a nascer nas antigas camaratas da EPC. A quest\u00e3o do alojamento \u00e9 uma das vossas prioridades? Pode partilhar connosco mais pormenores sobre esta interven\u00e7\u00e3o? <\/strong><\/p>\n\n\n\n<p>A quest\u00e3o do alojamento estudantil \u00e9 uma das nossas principais prioridades estrat\u00e9gicas no IPSantar\u00e9m. Para al\u00e9m desta nova resid\u00eancia, localizada pr\u00f3xima do Centro Hist\u00f3rico de Santar\u00e9m, todas as resid\u00eancias ser\u00e3o qualificadas. No total, estas interven\u00e7\u00f5es permitir\u00e3o disponibilizar 548 camas para estudantes em Santar\u00e9m, e 174 em Rio Maior, refor\u00e7ando significativamente a nossa capacidade de alojamento e consolidando Santar\u00e9m como uma cidade universit\u00e1ria de refer\u00eancia. <\/p>\n\n\n\n<p><\/p>\n\n\n\n<p><strong>O IP Santar\u00e9m est\u00e1, neste momento, envolvido em algum projeto que gostaria de destacar? E qual \u00e9 a vis\u00e3o para o futuro da institui\u00e7\u00e3o?  <\/strong><\/p>\n\n\n\n<p>O IPSantar\u00e9m est\u00e1, neste momento, envolvido na coordena\u00e7\u00e3o da ACE\u00b2-EU a qual re\u00fane nove institui\u00e7\u00f5es de ensino superior de diferentes pa\u00edses europeus, incluindo Portugal, \u00c1ustria, Rom\u00e9nia, Maced\u00f3nia do Norte, Litu\u00e2nia, Espanha, Pol\u00f3nia, Let\u00f3nia e Alemanha. Isto permite que os nossos estudantes beneficiem de oportunidades \u00fanicas de mobilidade de curta dura\u00e7\u00e3o, enriquecendo o seu percurso acad\u00e9mico de acordo com os seus interesses. A nossa vis\u00e3o para o futuro centra-se na cria\u00e7\u00e3o de uma universidade do s\u00e9culo XXI, comprometida com a resolu\u00e7\u00e3o dos desafios societais e para uma Europa mais interligada e competitiva. <\/p>\n\n\n\n<p><\/p>\n\n\n<div class=\"wp-block-image\">\n<figure class=\"aligncenter size-large is-resized\"><img loading=\"lazy\" decoding=\"async\" width=\"1024\" height=\"293\" src=\"https:\/\/maismagazine.pt\/wp-content\/uploads\/2025\/06\/cropped-PolitSantarem_Logo-01-1024x293.png\" alt=\"\" class=\"wp-image-12357\" style=\"width:762px;height:auto\" srcset=\"http:\/\/maismagazine.pt\/wp-content\/uploads\/2025\/06\/cropped-PolitSantarem_Logo-01-1024x293.png 1024w, http:\/\/maismagazine.pt\/wp-content\/uploads\/2025\/06\/cropped-PolitSantarem_Logo-01-300x86.png 300w, http:\/\/maismagazine.pt\/wp-content\/uploads\/2025\/06\/cropped-PolitSantarem_Logo-01-768x220.png 768w, http:\/\/maismagazine.pt\/wp-content\/uploads\/2025\/06\/cropped-PolitSantarem_Logo-01-1536x439.png 1536w, http:\/\/maismagazine.pt\/wp-content\/uploads\/2025\/06\/cropped-PolitSantarem_Logo-01-2048x586.png 2048w\" sizes=\"auto, (max-width: 1024px) 100vw, 1024px\" \/><\/figure><\/div>","protected":false},"excerpt":{"rendered":"<p>A Mais Magazine esteve \u00e0 conversa com Jo\u00e3o Mout\u00e3o, presidente do Instituto Polit\u00e9cnico de Santar\u00e9m, que nos falou sobre as solu\u00e7\u00f5es em curso para a melhoria do alojamento estudantil e destacou a abertura, j\u00e1 no pr\u00f3ximo ano letivo, da licenciatura em Enfermagem Veterin\u00e1ria e do mestrado em Educa\u00e7\u00e3o Especial. Pode&hellip;<\/p>\n","protected":false},"author":17,"featured_media":12360,"comment_status":"closed","ping_status":"open","sticky":false,"template":"","format":"standard","meta":{"advgb_blocks_editor_width":"","advgb_blocks_columns_visual_guide":"","_monsterinsights_skip_tracking":false,"_monsterinsights_sitenote_active":false,"_monsterinsights_sitenote_note":"","_monsterinsights_sitenote_category":0,"footnotes":""},"categories":[149],"tags":[1975],"class_list":["post-12356","post","type-post","status-publish","format-standard","has-post-thumbnail","hentry","category-educacao","tag-ip-santarem"],"yoast_head":"<!-- This site is optimized with the Yoast SEO plugin v24.4 - https:\/\/yoast.com\/wordpress\/plugins\/seo\/ -->\n<title>Instituto Polit\u00e9cnico de Santar\u00e9m: Uma refer\u00eancia nacional com impacto global - Mais Magazine<\/title>\n<meta name=\"description\" content=\"A Mais Magazine esteve \u00e0 conversa com Jo\u00e3o Mout\u00e3o, presidente do Instituto Polit\u00e9cnico de Santar\u00e9m, que nos falou sobre as solu\u00e7\u00f5es em curso para a melhoria do alojamento estudantil e destacou a abertura, j\u00e1 no pr\u00f3ximo ano letivo, da licenciatura em Enfermagem Veterin\u00e1ria e do mestrado em Educa\u00e7\u00e3o Especial.\" \/>\n<meta name=\"robots\" content=\"index, follow, max-snippet:-1, max-image-preview:large, max-video-preview:-1\" \/>\n<link rel=\"canonical\" href=\"http:\/\/maismagazine.pt\/index.php\/2025\/06\/27\/instituto-politecnico-de-santarem-uma-referencia-nacional-com-impacto-global\/\" \/>\n<meta property=\"og:locale\" content=\"pt_PT\" \/>\n<meta property=\"og:type\" content=\"article\" \/>\n<meta property=\"og:title\" content=\"Instituto Polit\u00e9cnico de Santar\u00e9m: Uma refer\u00eancia nacional com impacto global - Mais Magazine\" \/>\n<meta property=\"og:description\" content=\"A Mais Magazine esteve \u00e0 conversa com Jo\u00e3o Mout\u00e3o, presidente do Instituto Polit\u00e9cnico de Santar\u00e9m, que nos falou sobre as solu\u00e7\u00f5es em curso para a melhoria do alojamento estudantil e destacou a abertura, j\u00e1 no pr\u00f3ximo ano letivo, da licenciatura em Enfermagem Veterin\u00e1ria e do mestrado em Educa\u00e7\u00e3o Especial.\" \/>\n<meta property=\"og:url\" content=\"http:\/\/maismagazine.pt\/index.php\/2025\/06\/27\/instituto-politecnico-de-santarem-uma-referencia-nacional-com-impacto-global\/\" \/>\n<meta property=\"og:site_name\" content=\"Mais Magazine\" \/>\n<meta property=\"article:published_time\" content=\"2025-06-27T06:00:00+00:00\" \/>\n<meta property=\"og:image\" content=\"http:\/\/maismagazine.pt\/wp-content\/uploads\/2025\/06\/Prof.-Joao-Moutao-2.png\" \/>\n\t<meta property=\"og:image:width\" content=\"622\" \/>\n\t<meta property=\"og:image:height\" content=\"414\" \/>\n\t<meta property=\"og:image:type\" content=\"image\/png\" \/>\n<meta name=\"author\" content=\"Tiago Costa\" \/>\n<meta name=\"twitter:card\" content=\"summary_large_image\" \/>\n<meta name=\"twitter:label1\" content=\"Escrito por\" \/>\n\t<meta name=\"twitter:data1\" content=\"\" \/>\n\t<meta name=\"twitter:label2\" content=\"Tempo estimado de leitura\" \/>\n\t<meta name=\"twitter:data2\" content=\"5 minutos\" \/>\n<script type=\"application\/ld+json\" class=\"yoast-schema-graph\">{\"@context\":\"https:\/\/schema.org\",\"@graph\":[{\"@type\":\"Article\",\"@id\":\"http:\/\/maismagazine.pt\/index.php\/2025\/06\/27\/instituto-politecnico-de-santarem-uma-referencia-nacional-com-impacto-global\/#article\",\"isPartOf\":{\"@id\":\"http:\/\/maismagazine.pt\/index.php\/2025\/06\/27\/instituto-politecnico-de-santarem-uma-referencia-nacional-com-impacto-global\/\"},\"author\":{\"name\":\"Tiago Costa\",\"@id\":\"https:\/\/maismagazine.pt\/#\/schema\/person\/c6c5bfccc886434cbd11c74e035f9646\"},\"headline\":\"Instituto Polit\u00e9cnico de Santar\u00e9m: Uma refer\u00eancia nacional com impacto global\",\"datePublished\":\"2025-06-27T06:00:00+00:00\",\"mainEntityOfPage\":{\"@id\":\"http:\/\/maismagazine.pt\/index.php\/2025\/06\/27\/instituto-politecnico-de-santarem-uma-referencia-nacional-com-impacto-global\/\"},\"wordCount\":873,\"publisher\":{\"@id\":\"https:\/\/maismagazine.pt\/#organization\"},\"image\":{\"@id\":\"http:\/\/maismagazine.pt\/index.php\/2025\/06\/27\/instituto-politecnico-de-santarem-uma-referencia-nacional-com-impacto-global\/#primaryimage\"},\"thumbnailUrl\":\"http:\/\/maismagazine.pt\/wp-content\/uploads\/2025\/06\/Prof.-Joao-Moutao-2.png\",\"keywords\":[\"IP Santar\u00e9m\"],\"articleSection\":[\"Educa\u00e7\u00e3o\"],\"inLanguage\":\"pt-PT\"},{\"@type\":\"WebPage\",\"@id\":\"http:\/\/maismagazine.pt\/index.php\/2025\/06\/27\/instituto-politecnico-de-santarem-uma-referencia-nacional-com-impacto-global\/\",\"url\":\"http:\/\/maismagazine.pt\/index.php\/2025\/06\/27\/instituto-politecnico-de-santarem-uma-referencia-nacional-com-impacto-global\/\",\"name\":\"Instituto Polit\u00e9cnico de Santar\u00e9m: Uma refer\u00eancia nacional com impacto global - Mais Magazine\",\"isPartOf\":{\"@id\":\"https:\/\/maismagazine.pt\/#website\"},\"primaryImageOfPage\":{\"@id\":\"http:\/\/maismagazine.pt\/index.php\/2025\/06\/27\/instituto-politecnico-de-santarem-uma-referencia-nacional-com-impacto-global\/#primaryimage\"},\"image\":{\"@id\":\"http:\/\/maismagazine.pt\/index.php\/2025\/06\/27\/instituto-politecnico-de-santarem-uma-referencia-nacional-com-impacto-global\/#primaryimage\"},\"thumbnailUrl\":\"http:\/\/maismagazine.pt\/wp-content\/uploads\/2025\/06\/Prof.-Joao-Moutao-2.png\",\"datePublished\":\"2025-06-27T06:00:00+00:00\",\"description\":\"A Mais Magazine esteve \u00e0 conversa com Jo\u00e3o Mout\u00e3o, presidente do Instituto Polit\u00e9cnico de Santar\u00e9m, que nos falou sobre as solu\u00e7\u00f5es em curso para a melhoria do alojamento estudantil e destacou a abertura, j\u00e1 no pr\u00f3ximo ano letivo, da licenciatura em Enfermagem Veterin\u00e1ria e do mestrado em Educa\u00e7\u00e3o Especial.\",\"breadcrumb\":{\"@id\":\"http:\/\/maismagazine.pt\/index.php\/2025\/06\/27\/instituto-politecnico-de-santarem-uma-referencia-nacional-com-impacto-global\/#breadcrumb\"},\"inLanguage\":\"pt-PT\",\"potentialAction\":[{\"@type\":\"ReadAction\",\"target\":[\"http:\/\/maismagazine.pt\/index.php\/2025\/06\/27\/instituto-politecnico-de-santarem-uma-referencia-nacional-com-impacto-global\/\"]}]},{\"@type\":\"ImageObject\",\"inLanguage\":\"pt-PT\",\"@id\":\"http:\/\/maismagazine.pt\/index.php\/2025\/06\/27\/instituto-politecnico-de-santarem-uma-referencia-nacional-com-impacto-global\/#primaryimage\",\"url\":\"http:\/\/maismagazine.pt\/wp-content\/uploads\/2025\/06\/Prof.-Joao-Moutao-2.png\",\"contentUrl\":\"http:\/\/maismagazine.pt\/wp-content\/uploads\/2025\/06\/Prof.-Joao-Moutao-2.png\",\"width\":622,\"height\":414},{\"@type\":\"BreadcrumbList\",\"@id\":\"http:\/\/maismagazine.pt\/index.php\/2025\/06\/27\/instituto-politecnico-de-santarem-uma-referencia-nacional-com-impacto-global\/#breadcrumb\",\"itemListElement\":[{\"@type\":\"ListItem\",\"position\":1,\"name\":\"Home\",\"item\":\"https:\/\/maismagazine.pt\/\"},{\"@type\":\"ListItem\",\"position\":2,\"name\":\"Instituto Polit\u00e9cnico de Santar\u00e9m: Uma refer\u00eancia nacional com impacto global\"}]},{\"@type\":\"WebSite\",\"@id\":\"https:\/\/maismagazine.pt\/#website\",\"url\":\"https:\/\/maismagazine.pt\/\",\"name\":\"Mais Magazine\",\"description\":\"\",\"publisher\":{\"@id\":\"https:\/\/maismagazine.pt\/#organization\"},\"potentialAction\":[{\"@type\":\"SearchAction\",\"target\":{\"@type\":\"EntryPoint\",\"urlTemplate\":\"https:\/\/maismagazine.pt\/?s={search_term_string}\"},\"query-input\":{\"@type\":\"PropertyValueSpecification\",\"valueRequired\":true,\"valueName\":\"search_term_string\"}}],\"inLanguage\":\"pt-PT\"},{\"@type\":\"Organization\",\"@id\":\"https:\/\/maismagazine.pt\/#organization\",\"name\":\"Mais Magazine\",\"url\":\"https:\/\/maismagazine.pt\/\",\"logo\":{\"@type\":\"ImageObject\",\"inLanguage\":\"pt-PT\",\"@id\":\"https:\/\/maismagazine.pt\/#\/schema\/logo\/image\/\",\"url\":\"http:\/\/maismagazine.pt\/wp-content\/uploads\/2020\/04\/cropped-cropped-mais-magazine-site-logo-2.png\",\"contentUrl\":\"http:\/\/maismagazine.pt\/wp-content\/uploads\/2020\/04\/cropped-cropped-mais-magazine-site-logo-2.png\",\"width\":581,\"height\":90,\"caption\":\"Mais Magazine\"},\"image\":{\"@id\":\"https:\/\/maismagazine.pt\/#\/schema\/logo\/image\/\"}},{\"@type\":\"Person\",\"@id\":\"https:\/\/maismagazine.pt\/#\/schema\/person\/c6c5bfccc886434cbd11c74e035f9646\",\"name\":\"Tiago Costa\",\"image\":{\"@type\":\"ImageObject\",\"inLanguage\":\"pt-PT\",\"@id\":\"https:\/\/maismagazine.pt\/#\/schema\/person\/image\/\",\"url\":\"https:\/\/secure.gravatar.com\/avatar\/c599b2bce16c9870429198cbad5ee022?s=96&d=mm&r=g\",\"contentUrl\":\"https:\/\/secure.gravatar.com\/avatar\/c599b2bce16c9870429198cbad5ee022?s=96&d=mm&r=g\",\"caption\":\"Tiago Costa\"},\"url\":\"http:\/\/maismagazine.pt\/index.php\/author\/tiago\/\"}]}<\/script>\n<!-- \/ Yoast SEO plugin. -->","yoast_head_json":{"title":"Instituto Polit\u00e9cnico de Santar\u00e9m: Uma refer\u00eancia nacional com impacto global - Mais Magazine","description":"A Mais Magazine esteve \u00e0 conversa com Jo\u00e3o Mout\u00e3o, presidente do Instituto Polit\u00e9cnico de Santar\u00e9m, que nos falou sobre as solu\u00e7\u00f5es em curso para a melhoria do alojamento estudantil e destacou a abertura, j\u00e1 no pr\u00f3ximo ano letivo, da licenciatura em Enfermagem Veterin\u00e1ria e do mestrado em Educa\u00e7\u00e3o Especial.","robots":{"index":"index","follow":"follow","max-snippet":"max-snippet:-1","max-image-preview":"max-image-preview:large","max-video-preview":"max-video-preview:-1"},"canonical":"http:\/\/maismagazine.pt\/index.php\/2025\/06\/27\/instituto-politecnico-de-santarem-uma-referencia-nacional-com-impacto-global\/","og_locale":"pt_PT","og_type":"article","og_title":"Instituto Polit\u00e9cnico de Santar\u00e9m: Uma refer\u00eancia nacional com impacto global - Mais Magazine","og_description":"A Mais Magazine esteve \u00e0 conversa com Jo\u00e3o Mout\u00e3o, presidente do Instituto Polit\u00e9cnico de Santar\u00e9m, que nos falou sobre as solu\u00e7\u00f5es em curso para a melhoria do alojamento estudantil e destacou a abertura, j\u00e1 no pr\u00f3ximo ano letivo, da licenciatura em Enfermagem Veterin\u00e1ria e do mestrado em Educa\u00e7\u00e3o Especial.","og_url":"http:\/\/maismagazine.pt\/index.php\/2025\/06\/27\/instituto-politecnico-de-santarem-uma-referencia-nacional-com-impacto-global\/","og_site_name":"Mais Magazine","article_published_time":"2025-06-27T06:00:00+00:00","og_image":[{"width":622,"height":414,"url":"http:\/\/maismagazine.pt\/wp-content\/uploads\/2025\/06\/Prof.-Joao-Moutao-2.png","type":"image\/png"}],"author":"Tiago Costa","twitter_card":"summary_large_image","twitter_misc":{"Escrito por":false,"Tempo estimado de leitura":"5 minutos"},"schema":{"@context":"https:\/\/schema.org","@graph":[{"@type":"Article","@id":"http:\/\/maismagazine.pt\/index.php\/2025\/06\/27\/instituto-politecnico-de-santarem-uma-referencia-nacional-com-impacto-global\/#article","isPartOf":{"@id":"http:\/\/maismagazine.pt\/index.php\/2025\/06\/27\/instituto-politecnico-de-santarem-uma-referencia-nacional-com-impacto-global\/"},"author":{"name":"Tiago Costa","@id":"https:\/\/maismagazine.pt\/#\/schema\/person\/c6c5bfccc886434cbd11c74e035f9646"},"headline":"Instituto Polit\u00e9cnico de Santar\u00e9m: Uma refer\u00eancia nacional com impacto global","datePublished":"2025-06-27T06:00:00+00:00","mainEntityOfPage":{"@id":"http:\/\/maismagazine.pt\/index.php\/2025\/06\/27\/instituto-politecnico-de-santarem-uma-referencia-nacional-com-impacto-global\/"},"wordCount":873,"publisher":{"@id":"https:\/\/maismagazine.pt\/#organization"},"image":{"@id":"http:\/\/maismagazine.pt\/index.php\/2025\/06\/27\/instituto-politecnico-de-santarem-uma-referencia-nacional-com-impacto-global\/#primaryimage"},"thumbnailUrl":"http:\/\/maismagazine.pt\/wp-content\/uploads\/2025\/06\/Prof.-Joao-Moutao-2.png","keywords":["IP Santar\u00e9m"],"articleSection":["Educa\u00e7\u00e3o"],"inLanguage":"pt-PT"},{"@type":"WebPage","@id":"http:\/\/maismagazine.pt\/index.php\/2025\/06\/27\/instituto-politecnico-de-santarem-uma-referencia-nacional-com-impacto-global\/","url":"http:\/\/maismagazine.pt\/index.php\/2025\/06\/27\/instituto-politecnico-de-santarem-uma-referencia-nacional-com-impacto-global\/","name":"Instituto Polit\u00e9cnico de Santar\u00e9m: Uma refer\u00eancia nacional com impacto global - Mais Magazine","isPartOf":{"@id":"https:\/\/maismagazine.pt\/#website"},"primaryImageOfPage":{"@id":"http:\/\/maismagazine.pt\/index.php\/2025\/06\/27\/instituto-politecnico-de-santarem-uma-referencia-nacional-com-impacto-global\/#primaryimage"},"image":{"@id":"http:\/\/maismagazine.pt\/index.php\/2025\/06\/27\/instituto-politecnico-de-santarem-uma-referencia-nacional-com-impacto-global\/#primaryimage"},"thumbnailUrl":"http:\/\/maismagazine.pt\/wp-content\/uploads\/2025\/06\/Prof.-Joao-Moutao-2.png","datePublished":"2025-06-27T06:00:00+00:00","description":"A Mais Magazine esteve \u00e0 conversa com Jo\u00e3o Mout\u00e3o, presidente do Instituto Polit\u00e9cnico de Santar\u00e9m, que nos falou sobre as solu\u00e7\u00f5es em curso para a melhoria do alojamento estudantil e destacou a abertura, j\u00e1 no pr\u00f3ximo ano letivo, da licenciatura em Enfermagem Veterin\u00e1ria e do mestrado em Educa\u00e7\u00e3o Especial.","breadcrumb":{"@id":"http:\/\/maismagazine.pt\/index.php\/2025\/06\/27\/instituto-politecnico-de-santarem-uma-referencia-nacional-com-impacto-global\/#breadcrumb"},"inLanguage":"pt-PT","potentialAction":[{"@type":"ReadAction","target":["http:\/\/maismagazine.pt\/index.php\/2025\/06\/27\/instituto-politecnico-de-santarem-uma-referencia-nacional-com-impacto-global\/"]}]},{"@type":"ImageObject","inLanguage":"pt-PT","@id":"http:\/\/maismagazine.pt\/index.php\/2025\/06\/27\/instituto-politecnico-de-santarem-uma-referencia-nacional-com-impacto-global\/#primaryimage","url":"http:\/\/maismagazine.pt\/wp-content\/uploads\/2025\/06\/Prof.-Joao-Moutao-2.png","contentUrl":"http:\/\/maismagazine.pt\/wp-content\/uploads\/2025\/06\/Prof.-Joao-Moutao-2.png","width":622,"height":414},{"@type":"BreadcrumbList","@id":"http:\/\/maismagazine.pt\/index.php\/2025\/06\/27\/instituto-politecnico-de-santarem-uma-referencia-nacional-com-impacto-global\/#breadcrumb","itemListElement":[{"@type":"ListItem","position":1,"name":"Home","item":"https:\/\/maismagazine.pt\/"},{"@type":"ListItem","position":2,"name":"Instituto Polit\u00e9cnico de Santar\u00e9m: Uma refer\u00eancia nacional com impacto global"}]},{"@type":"WebSite","@id":"https:\/\/maismagazine.pt\/#website","url":"https:\/\/maismagazine.pt\/","name":"Mais Magazine","description":"","publisher":{"@id":"https:\/\/maismagazine.pt\/#organization"},"potentialAction":[{"@type":"SearchAction","target":{"@type":"EntryPoint","urlTemplate":"https:\/\/maismagazine.pt\/?s={search_term_string}"},"query-input":{"@type":"PropertyValueSpecification","valueRequired":true,"valueName":"search_term_string"}}],"inLanguage":"pt-PT"},{"@type":"Organization","@id":"https:\/\/maismagazine.pt\/#organization","name":"Mais Magazine","url":"https:\/\/maismagazine.pt\/","logo":{"@type":"ImageObject","inLanguage":"pt-PT","@id":"https:\/\/maismagazine.pt\/#\/schema\/logo\/image\/","url":"http:\/\/maismagazine.pt\/wp-content\/uploads\/2020\/04\/cropped-cropped-mais-magazine-site-logo-2.png","contentUrl":"http:\/\/maismagazine.pt\/wp-content\/uploads\/2020\/04\/cropped-cropped-mais-magazine-site-logo-2.png","width":581,"height":90,"caption":"Mais Magazine"},"image":{"@id":"https:\/\/maismagazine.pt\/#\/schema\/logo\/image\/"}},{"@type":"Person","@id":"https:\/\/maismagazine.pt\/#\/schema\/person\/c6c5bfccc886434cbd11c74e035f9646","name":"Tiago Costa","image":{"@type":"ImageObject","inLanguage":"pt-PT","@id":"https:\/\/maismagazine.pt\/#\/schema\/person\/image\/","url":"https:\/\/secure.gravatar.com\/avatar\/c599b2bce16c9870429198cbad5ee022?s=96&d=mm&r=g","contentUrl":"https:\/\/secure.gravatar.com\/avatar\/c599b2bce16c9870429198cbad5ee022?s=96&d=mm&r=g","caption":"Tiago Costa"},"url":"http:\/\/maismagazine.pt\/index.php\/author\/tiago\/"}]}},"author_meta":{"display_name":false,"author_link":"http:\/\/maismagazine.pt\/index.php\/author\/tiago\/"},"featured_img":"http:\/\/maismagazine.pt\/wp-content\/uploads\/2025\/06\/Prof.-Joao-Moutao-2-300x200.png","coauthors":[],"tax_additional":{"categories":{"linked":["<a href=\"http:\/\/maismagazine.pt\/index.php\/category\/educacao\/\" class=\"advgb-post-tax-term\">Educa\u00e7\u00e3o<\/a>"],"unlinked":["<span class=\"advgb-post-tax-term\">Educa\u00e7\u00e3o<\/span>"]},"tags":{"linked":["<a href=\"http:\/\/maismagazine.pt\/index.php\/category\/educacao\/\" class=\"advgb-post-tax-term\">IP Santar\u00e9m<\/a>"],"unlinked":["<span class=\"advgb-post-tax-term\">IP Santar\u00e9m<\/span>"]}},"comment_count":"0","relative_dates":{"created":"Posted 10 meses ago","modified":"Updated 10 meses ago"},"absolute_dates":{"created":"Posted on 27 de Junho, 2025","modified":"Updated on 26 de Junho, 2025"},"absolute_dates_time":{"created":"Posted on 27 de Junho, 2025 7:00","modified":"Updated on 26 de Junho, 2025 14:55"},"featured_img_caption":"","series_order":"","_links":{"self":[{"href":"http:\/\/maismagazine.pt\/index.php\/wp-json\/wp\/v2\/posts\/12356","targetHints":{"allow":["GET"]}}],"collection":[{"href":"http:\/\/maismagazine.pt\/index.php\/wp-json\/wp\/v2\/posts"}],"about":[{"href":"http:\/\/maismagazine.pt\/index.php\/wp-json\/wp\/v2\/types\/post"}],"author":[{"embeddable":true,"href":"http:\/\/maismagazine.pt\/index.php\/wp-json\/wp\/v2\/users\/17"}],"replies":[{"embeddable":true,"href":"http:\/\/maismagazine.pt\/index.php\/wp-json\/wp\/v2\/comments?post=12356"}],"version-history":[{"count":1,"href":"http:\/\/maismagazine.pt\/index.php\/wp-json\/wp\/v2\/posts\/12356\/revisions"}],"predecessor-version":[{"id":12362,"href":"http:\/\/maismagazine.pt\/index.php\/wp-json\/wp\/v2\/posts\/12356\/revisions\/12362"}],"wp:featuredmedia":[{"embeddable":true,"href":"http:\/\/maismagazine.pt\/index.php\/wp-json\/wp\/v2\/media\/12360"}],"wp:attachment":[{"href":"http:\/\/maismagazine.pt\/index.php\/wp-json\/wp\/v2\/media?parent=12356"}],"wp:term":[{"taxonomy":"category","embeddable":true,"href":"http:\/\/maismagazine.pt\/index.php\/wp-json\/wp\/v2\/categories?post=12356"},{"taxonomy":"post_tag","embeddable":true,"href":"http:\/\/maismagazine.pt\/index.php\/wp-json\/wp\/v2\/tags?post=12356"}],"curies":[{"name":"wp","href":"https:\/\/api.w.org\/{rel}","templated":true}]}}