{"id":12350,"date":"2025-06-27T07:00:00","date_gmt":"2025-06-27T06:00:00","guid":{"rendered":"https:\/\/maismagazine.pt\/?p=12350"},"modified":"2025-06-26T14:50:04","modified_gmt":"2025-06-26T13:50:04","slug":"politecnico-de-leiria-a-universidade-para-a-regiao-de-leiria-e-oeste-3","status":"publish","type":"post","link":"http:\/\/maismagazine.pt\/index.php\/2025\/06\/27\/politecnico-de-leiria-a-universidade-para-a-regiao-de-leiria-e-oeste-3\/","title":{"rendered":"Polit\u00e9cnico de Leiria: a universidade para a regi\u00e3o de Leiria e Oeste"},"content":{"rendered":"\n<p><strong>Destacando-se pela sua forma\u00e7\u00e3o graduada e p\u00f3s-graduada, o <a href=\"https:\/\/www.ipleiria.pt\/\">Polit\u00e9cnico de Leiria<\/a> \u00e9 atualmente uma refer\u00eancia a n\u00edvel nacional, que se afirma cada vez mais no contexto internacional, atrav\u00e9s de um ecossistema robusto de investiga\u00e7\u00e3o, desenvolvimento e inova\u00e7\u00e3o. <\/strong><\/p>\n\n\n\n<p><\/p>\n\n\n\n<p>O Instituto Polit\u00e9cnico de Leiria (IPLeiria) \u00e9 uma institui\u00e7\u00e3o de ensino superior p\u00fablica ao servi\u00e7o da sociedade e plena nas diferentes dimens\u00f5es, designadamente no ensino, investiga\u00e7\u00e3o e inova\u00e7\u00e3o, encontrando-se numa fase relevante de crescimento, desenvolvimento e afirma\u00e7\u00e3o nacional e internacional. <\/p>\n\n\n\n<p><\/p>\n\n\n\n<p>A institui\u00e7\u00e3o disponibiliza forma\u00e7\u00e3o de qualidade, orientada para o mercado de trabalho, nas \u00e1reas de Artes e Design, Ci\u00eancia e Tecnologia do Mar, Ci\u00eancias Empresariais e Jur\u00eddicas, Educa\u00e7\u00e3o e Ci\u00eancias Sociais, Engenharia e Tecnologia, Sa\u00fade e Desporto, e Turismo. Com um universo de cerca de 14.500 estudantes, apresenta uma oferta de 46 licenciaturas, 85 cursos de mestrado e p\u00f3s-gradua\u00e7\u00e3o, 4 programas de doutoramento, e tamb\u00e9m 45 cursos t\u00e9cnicos superiores profissionais (TeSP).Proporciona aos seus estudantes uma experi\u00eancia acad\u00e9mica diferenciadora, procurando construir a rampa de lan\u00e7amento para uma vida profissional de sucesso, atrav\u00e9s de valores fundamentais como a criatividade, inova\u00e7\u00e3o, \u00e9tica e responsabilidade, sustentabilidade, pluralidade e inclus\u00e3o.<\/p>\n\n\n\n<p><\/p>\n\n\n\n<p>A institui\u00e7\u00e3o coloca na linha da frente a capacita\u00e7\u00e3o de cidad\u00e3os com compet\u00eancias relevantes, bem como a implementa\u00e7\u00e3o de estrat\u00e9gias de forma\u00e7\u00e3o ao longo da vida e de programas de coopera\u00e7\u00e3o e mobilidade internacionais, procurando promover uma rela\u00e7\u00e3o forte com a sociedade para gerar conhecimento com impacto. <\/p>\n\n\n\n<p><\/p>\n\n\n\n<p>Como col\u00edder da universidade europeia Regional University Network(RUN-EU), o Polit\u00e9cnico de Leiria contribui para o refor\u00e7o da identidade europeia suportada pela inova\u00e7\u00e3o e pelo conhecimento, destacando-se a inova\u00e7\u00e3o pedag\u00f3gica, os percursos curriculares flex\u00edveis, os cursos curtos promotores de requalifica\u00e7\u00e3o e qualifica\u00e7\u00e3o avan\u00e7ada, bem como a cria\u00e7\u00e3o de European Degrees, visando o desenvolvimento da regi\u00e3o onde cada parceiro internacional se encontra inserido. <\/p>\n\n\n\n<p><\/p>\n\n\n<div class=\"wp-block-image\">\n<figure class=\"aligncenter size-large is-resized\"><img loading=\"lazy\" decoding=\"async\" width=\"683\" height=\"1024\" src=\"https:\/\/maismagazine.pt\/wp-content\/uploads\/2025\/06\/Foto_1-Estudantes-683x1024.jpg\" alt=\"\" class=\"wp-image-12351\" style=\"width:272px;height:auto\" srcset=\"http:\/\/maismagazine.pt\/wp-content\/uploads\/2025\/06\/Foto_1-Estudantes-683x1024.jpg 683w, http:\/\/maismagazine.pt\/wp-content\/uploads\/2025\/06\/Foto_1-Estudantes-200x300.jpg 200w, http:\/\/maismagazine.pt\/wp-content\/uploads\/2025\/06\/Foto_1-Estudantes-768x1152.jpg 768w, http:\/\/maismagazine.pt\/wp-content\/uploads\/2025\/06\/Foto_1-Estudantes-1024x1536.jpg 1024w, http:\/\/maismagazine.pt\/wp-content\/uploads\/2025\/06\/Foto_1-Estudantes-1365x2048.jpg 1365w, http:\/\/maismagazine.pt\/wp-content\/uploads\/2025\/06\/Foto_1-Estudantes-scaled.jpg 1707w\" sizes=\"auto, (max-width: 683px) 100vw, 683px\" \/><\/figure><\/div>\n\n\n<p><\/p>\n\n\n\n<p>Considerando a trajet\u00f3ria de mais de quatro d\u00e9cadas dedicadas \u00e0 excel\u00eancia acad\u00e9mica, \u00e0 investiga\u00e7\u00e3o aplicada e ao impacto socioecon\u00f3mico, o IPLeiria supera atualmente os requisitos legais para se constituir como Universidade, posicionando-se como uma institui\u00e7\u00e3o de ensino superior plenamente capacitada para assumir este estatuto. Esta transforma\u00e7\u00e3o \u00e9 sustentada pelo estudo \u2018Prospetiva 2035 \u2013 Tr\u00eas Cen\u00e1rios para o Futuro de Leiria e Oeste\u2019, no qual se destaca o potencial de uma universidade de excel\u00eancia para impulsionar o ecossistema regional. <\/p>\n\n\n\n<p><\/p>\n\n\n\n<figure class=\"wp-block-pullquote\"><blockquote><p><strong>Polit\u00e9cnico de Leiria tem oito unidades de investiga\u00e7\u00e3o com classifica\u00e7\u00e3o &#8220;Excelente&#8221; <\/strong><br>Das 15 Unidades de Investiga\u00e7\u00e3o &amp; Desenvolvimento (I&amp;D) do Polit\u00e9cnico de Leiria, oito alcan\u00e7aram a classifica\u00e7\u00e3o \u2018Excelente\u2019 e cinco a classifica\u00e7\u00e3o \u2018Muito Bom\u2019, tendo duas obtido a avalia\u00e7\u00e3o \u2018Bom\u2019. Estes resultados, apresentados pela Funda\u00e7\u00e3o para a Ci\u00eancia e Tecnologia (FCT), confirmam que o Polit\u00e9cnico de Leiria j\u00e1 opera no dom\u00ednio universit\u00e1rio e legitimam a sua aspira\u00e7\u00e3o para a transforma\u00e7\u00e3o em Universidade. Al\u00e9m de refor\u00e7ar o compromisso com a cria\u00e7\u00e3o e partilha de conhecimento, e de incrementar a apresenta\u00e7\u00e3o de novos projetos ao n\u00edvel da investiga\u00e7\u00e3o, estas avalia\u00e7\u00f5es abrem novas oportunidades para o aumento da oferta formativa de programas doutorais. <br><\/p><\/blockquote><\/figure>\n\n\n\n<p><\/p>\n\n\n<div class=\"wp-block-image\">\n<figure class=\"aligncenter size-full is-resized\"><img loading=\"lazy\" decoding=\"async\" width=\"346\" height=\"130\" src=\"https:\/\/maismagazine.pt\/wp-content\/uploads\/2025\/06\/image-3.png\" alt=\"\" class=\"wp-image-12352\" style=\"width:367px;height:auto\" srcset=\"http:\/\/maismagazine.pt\/wp-content\/uploads\/2025\/06\/image-3.png 346w, http:\/\/maismagazine.pt\/wp-content\/uploads\/2025\/06\/image-3-300x113.png 300w\" sizes=\"auto, (max-width: 346px) 100vw, 346px\" \/><\/figure><\/div>","protected":false},"excerpt":{"rendered":"<p>Destacando-se pela sua forma\u00e7\u00e3o graduada e p\u00f3s-graduada, o Polit\u00e9cnico de Leiria \u00e9 atualmente uma refer\u00eancia a n\u00edvel nacional, que se afirma cada vez mais no contexto internacional, atrav\u00e9s de um ecossistema robusto de investiga\u00e7\u00e3o, desenvolvimento e inova\u00e7\u00e3o. O Instituto Polit\u00e9cnico de Leiria (IPLeiria) \u00e9 uma institui\u00e7\u00e3o de ensino superior p\u00fablica&hellip;<\/p>\n","protected":false},"author":17,"featured_media":12353,"comment_status":"closed","ping_status":"open","sticky":false,"template":"","format":"standard","meta":{"advgb_blocks_editor_width":"","advgb_blocks_columns_visual_guide":"","_monsterinsights_skip_tracking":false,"_monsterinsights_sitenote_active":false,"_monsterinsights_sitenote_note":"","_monsterinsights_sitenote_category":0,"footnotes":""},"categories":[149],"tags":[2094],"class_list":["post-12350","post","type-post","status-publish","format-standard","has-post-thumbnail","hentry","category-educacao","tag-ip-leiria"],"yoast_head":"<!-- This site is optimized with the Yoast SEO plugin v24.4 - https:\/\/yoast.com\/wordpress\/plugins\/seo\/ -->\n<title>Polit\u00e9cnico de Leiria: a universidade para a regi\u00e3o de Leiria e Oeste - Mais Magazine<\/title>\n<meta name=\"description\" content=\"Destacando-se pela sua forma\u00e7\u00e3o graduada e p\u00f3s-graduada, o Polit\u00e9cnico de Leiria \u00e9 atualmente uma refer\u00eancia a n\u00edvel nacional, que se afirma cada vez mais no contexto internacional, atrav\u00e9s de um ecossistema robusto de investiga\u00e7\u00e3o, desenvolvimento e inova\u00e7\u00e3o.\" \/>\n<meta name=\"robots\" content=\"index, follow, max-snippet:-1, max-image-preview:large, max-video-preview:-1\" \/>\n<link rel=\"canonical\" href=\"http:\/\/maismagazine.pt\/index.php\/2025\/06\/27\/politecnico-de-leiria-a-universidade-para-a-regiao-de-leiria-e-oeste-3\/\" \/>\n<meta property=\"og:locale\" content=\"pt_PT\" \/>\n<meta property=\"og:type\" content=\"article\" \/>\n<meta property=\"og:title\" content=\"Polit\u00e9cnico de Leiria: a universidade para a regi\u00e3o de Leiria e Oeste - Mais Magazine\" \/>\n<meta property=\"og:description\" content=\"Destacando-se pela sua forma\u00e7\u00e3o graduada e p\u00f3s-graduada, o Polit\u00e9cnico de Leiria \u00e9 atualmente uma refer\u00eancia a n\u00edvel nacional, que se afirma cada vez mais no contexto internacional, atrav\u00e9s de um ecossistema robusto de investiga\u00e7\u00e3o, desenvolvimento e inova\u00e7\u00e3o.\" \/>\n<meta property=\"og:url\" content=\"http:\/\/maismagazine.pt\/index.php\/2025\/06\/27\/politecnico-de-leiria-a-universidade-para-a-regiao-de-leiria-e-oeste-3\/\" \/>\n<meta property=\"og:site_name\" content=\"Mais Magazine\" \/>\n<meta property=\"article:published_time\" content=\"2025-06-27T06:00:00+00:00\" \/>\n<meta property=\"og:image\" content=\"http:\/\/maismagazine.pt\/wp-content\/uploads\/2025\/06\/Foto-3-Fachada-Principal-Politecnico-de-Leiria.jpg\" \/>\n\t<meta property=\"og:image:width\" content=\"786\" \/>\n\t<meta property=\"og:image:height\" content=\"551\" \/>\n\t<meta property=\"og:image:type\" content=\"image\/jpeg\" \/>\n<meta name=\"author\" content=\"Tiago Costa\" \/>\n<meta name=\"twitter:card\" content=\"summary_large_image\" \/>\n<meta name=\"twitter:label1\" content=\"Escrito por\" \/>\n\t<meta name=\"twitter:data1\" content=\"\" \/>\n\t<meta name=\"twitter:label2\" content=\"Tempo estimado de leitura\" \/>\n\t<meta name=\"twitter:data2\" content=\"3 minutos\" \/>\n<script type=\"application\/ld+json\" class=\"yoast-schema-graph\">{\"@context\":\"https:\/\/schema.org\",\"@graph\":[{\"@type\":\"Article\",\"@id\":\"http:\/\/maismagazine.pt\/index.php\/2025\/06\/27\/politecnico-de-leiria-a-universidade-para-a-regiao-de-leiria-e-oeste-3\/#article\",\"isPartOf\":{\"@id\":\"http:\/\/maismagazine.pt\/index.php\/2025\/06\/27\/politecnico-de-leiria-a-universidade-para-a-regiao-de-leiria-e-oeste-3\/\"},\"author\":{\"name\":\"Tiago Costa\",\"@id\":\"https:\/\/maismagazine.pt\/#\/schema\/person\/c6c5bfccc886434cbd11c74e035f9646\"},\"headline\":\"Polit\u00e9cnico de Leiria: a universidade para a regi\u00e3o de Leiria e Oeste\",\"datePublished\":\"2025-06-27T06:00:00+00:00\",\"mainEntityOfPage\":{\"@id\":\"http:\/\/maismagazine.pt\/index.php\/2025\/06\/27\/politecnico-de-leiria-a-universidade-para-a-regiao-de-leiria-e-oeste-3\/\"},\"wordCount\":572,\"publisher\":{\"@id\":\"https:\/\/maismagazine.pt\/#organization\"},\"image\":{\"@id\":\"http:\/\/maismagazine.pt\/index.php\/2025\/06\/27\/politecnico-de-leiria-a-universidade-para-a-regiao-de-leiria-e-oeste-3\/#primaryimage\"},\"thumbnailUrl\":\"http:\/\/maismagazine.pt\/wp-content\/uploads\/2025\/06\/Foto-3-Fachada-Principal-Politecnico-de-Leiria.jpg\",\"keywords\":[\"IP Leiria\"],\"articleSection\":[\"Educa\u00e7\u00e3o\"],\"inLanguage\":\"pt-PT\"},{\"@type\":\"WebPage\",\"@id\":\"http:\/\/maismagazine.pt\/index.php\/2025\/06\/27\/politecnico-de-leiria-a-universidade-para-a-regiao-de-leiria-e-oeste-3\/\",\"url\":\"http:\/\/maismagazine.pt\/index.php\/2025\/06\/27\/politecnico-de-leiria-a-universidade-para-a-regiao-de-leiria-e-oeste-3\/\",\"name\":\"Polit\u00e9cnico de Leiria: a universidade para a regi\u00e3o de Leiria e Oeste - Mais Magazine\",\"isPartOf\":{\"@id\":\"https:\/\/maismagazine.pt\/#website\"},\"primaryImageOfPage\":{\"@id\":\"http:\/\/maismagazine.pt\/index.php\/2025\/06\/27\/politecnico-de-leiria-a-universidade-para-a-regiao-de-leiria-e-oeste-3\/#primaryimage\"},\"image\":{\"@id\":\"http:\/\/maismagazine.pt\/index.php\/2025\/06\/27\/politecnico-de-leiria-a-universidade-para-a-regiao-de-leiria-e-oeste-3\/#primaryimage\"},\"thumbnailUrl\":\"http:\/\/maismagazine.pt\/wp-content\/uploads\/2025\/06\/Foto-3-Fachada-Principal-Politecnico-de-Leiria.jpg\",\"datePublished\":\"2025-06-27T06:00:00+00:00\",\"description\":\"Destacando-se pela sua forma\u00e7\u00e3o graduada e p\u00f3s-graduada, o Polit\u00e9cnico de Leiria \u00e9 atualmente uma refer\u00eancia a n\u00edvel nacional, que se afirma cada vez mais no contexto internacional, atrav\u00e9s de um ecossistema robusto de investiga\u00e7\u00e3o, desenvolvimento e inova\u00e7\u00e3o.\",\"breadcrumb\":{\"@id\":\"http:\/\/maismagazine.pt\/index.php\/2025\/06\/27\/politecnico-de-leiria-a-universidade-para-a-regiao-de-leiria-e-oeste-3\/#breadcrumb\"},\"inLanguage\":\"pt-PT\",\"potentialAction\":[{\"@type\":\"ReadAction\",\"target\":[\"http:\/\/maismagazine.pt\/index.php\/2025\/06\/27\/politecnico-de-leiria-a-universidade-para-a-regiao-de-leiria-e-oeste-3\/\"]}]},{\"@type\":\"ImageObject\",\"inLanguage\":\"pt-PT\",\"@id\":\"http:\/\/maismagazine.pt\/index.php\/2025\/06\/27\/politecnico-de-leiria-a-universidade-para-a-regiao-de-leiria-e-oeste-3\/#primaryimage\",\"url\":\"http:\/\/maismagazine.pt\/wp-content\/uploads\/2025\/06\/Foto-3-Fachada-Principal-Politecnico-de-Leiria.jpg\",\"contentUrl\":\"http:\/\/maismagazine.pt\/wp-content\/uploads\/2025\/06\/Foto-3-Fachada-Principal-Politecnico-de-Leiria.jpg\",\"width\":786,\"height\":551},{\"@type\":\"BreadcrumbList\",\"@id\":\"http:\/\/maismagazine.pt\/index.php\/2025\/06\/27\/politecnico-de-leiria-a-universidade-para-a-regiao-de-leiria-e-oeste-3\/#breadcrumb\",\"itemListElement\":[{\"@type\":\"ListItem\",\"position\":1,\"name\":\"Home\",\"item\":\"https:\/\/maismagazine.pt\/\"},{\"@type\":\"ListItem\",\"position\":2,\"name\":\"Polit\u00e9cnico de Leiria: a universidade para a regi\u00e3o de Leiria e Oeste\"}]},{\"@type\":\"WebSite\",\"@id\":\"https:\/\/maismagazine.pt\/#website\",\"url\":\"https:\/\/maismagazine.pt\/\",\"name\":\"Mais Magazine\",\"description\":\"\",\"publisher\":{\"@id\":\"https:\/\/maismagazine.pt\/#organization\"},\"potentialAction\":[{\"@type\":\"SearchAction\",\"target\":{\"@type\":\"EntryPoint\",\"urlTemplate\":\"https:\/\/maismagazine.pt\/?s={search_term_string}\"},\"query-input\":{\"@type\":\"PropertyValueSpecification\",\"valueRequired\":true,\"valueName\":\"search_term_string\"}}],\"inLanguage\":\"pt-PT\"},{\"@type\":\"Organization\",\"@id\":\"https:\/\/maismagazine.pt\/#organization\",\"name\":\"Mais Magazine\",\"url\":\"https:\/\/maismagazine.pt\/\",\"logo\":{\"@type\":\"ImageObject\",\"inLanguage\":\"pt-PT\",\"@id\":\"https:\/\/maismagazine.pt\/#\/schema\/logo\/image\/\",\"url\":\"http:\/\/maismagazine.pt\/wp-content\/uploads\/2020\/04\/cropped-cropped-mais-magazine-site-logo-2.png\",\"contentUrl\":\"http:\/\/maismagazine.pt\/wp-content\/uploads\/2020\/04\/cropped-cropped-mais-magazine-site-logo-2.png\",\"width\":581,\"height\":90,\"caption\":\"Mais Magazine\"},\"image\":{\"@id\":\"https:\/\/maismagazine.pt\/#\/schema\/logo\/image\/\"}},{\"@type\":\"Person\",\"@id\":\"https:\/\/maismagazine.pt\/#\/schema\/person\/c6c5bfccc886434cbd11c74e035f9646\",\"name\":\"Tiago Costa\",\"image\":{\"@type\":\"ImageObject\",\"inLanguage\":\"pt-PT\",\"@id\":\"https:\/\/maismagazine.pt\/#\/schema\/person\/image\/\",\"url\":\"https:\/\/secure.gravatar.com\/avatar\/c599b2bce16c9870429198cbad5ee022?s=96&d=mm&r=g\",\"contentUrl\":\"https:\/\/secure.gravatar.com\/avatar\/c599b2bce16c9870429198cbad5ee022?s=96&d=mm&r=g\",\"caption\":\"Tiago Costa\"},\"url\":\"http:\/\/maismagazine.pt\/index.php\/author\/tiago\/\"}]}<\/script>\n<!-- \/ Yoast SEO plugin. -->","yoast_head_json":{"title":"Polit\u00e9cnico de Leiria: a universidade para a regi\u00e3o de Leiria e Oeste - Mais Magazine","description":"Destacando-se pela sua forma\u00e7\u00e3o graduada e p\u00f3s-graduada, o Polit\u00e9cnico de Leiria \u00e9 atualmente uma refer\u00eancia a n\u00edvel nacional, que se afirma cada vez mais no contexto internacional, atrav\u00e9s de um ecossistema robusto de investiga\u00e7\u00e3o, desenvolvimento e inova\u00e7\u00e3o.","robots":{"index":"index","follow":"follow","max-snippet":"max-snippet:-1","max-image-preview":"max-image-preview:large","max-video-preview":"max-video-preview:-1"},"canonical":"http:\/\/maismagazine.pt\/index.php\/2025\/06\/27\/politecnico-de-leiria-a-universidade-para-a-regiao-de-leiria-e-oeste-3\/","og_locale":"pt_PT","og_type":"article","og_title":"Polit\u00e9cnico de Leiria: a universidade para a regi\u00e3o de Leiria e Oeste - Mais Magazine","og_description":"Destacando-se pela sua forma\u00e7\u00e3o graduada e p\u00f3s-graduada, o Polit\u00e9cnico de Leiria \u00e9 atualmente uma refer\u00eancia a n\u00edvel nacional, que se afirma cada vez mais no contexto internacional, atrav\u00e9s de um ecossistema robusto de investiga\u00e7\u00e3o, desenvolvimento e inova\u00e7\u00e3o.","og_url":"http:\/\/maismagazine.pt\/index.php\/2025\/06\/27\/politecnico-de-leiria-a-universidade-para-a-regiao-de-leiria-e-oeste-3\/","og_site_name":"Mais Magazine","article_published_time":"2025-06-27T06:00:00+00:00","og_image":[{"width":786,"height":551,"url":"http:\/\/maismagazine.pt\/wp-content\/uploads\/2025\/06\/Foto-3-Fachada-Principal-Politecnico-de-Leiria.jpg","type":"image\/jpeg"}],"author":"Tiago Costa","twitter_card":"summary_large_image","twitter_misc":{"Escrito por":false,"Tempo estimado de leitura":"3 minutos"},"schema":{"@context":"https:\/\/schema.org","@graph":[{"@type":"Article","@id":"http:\/\/maismagazine.pt\/index.php\/2025\/06\/27\/politecnico-de-leiria-a-universidade-para-a-regiao-de-leiria-e-oeste-3\/#article","isPartOf":{"@id":"http:\/\/maismagazine.pt\/index.php\/2025\/06\/27\/politecnico-de-leiria-a-universidade-para-a-regiao-de-leiria-e-oeste-3\/"},"author":{"name":"Tiago Costa","@id":"https:\/\/maismagazine.pt\/#\/schema\/person\/c6c5bfccc886434cbd11c74e035f9646"},"headline":"Polit\u00e9cnico de Leiria: a universidade para a regi\u00e3o de Leiria e Oeste","datePublished":"2025-06-27T06:00:00+00:00","mainEntityOfPage":{"@id":"http:\/\/maismagazine.pt\/index.php\/2025\/06\/27\/politecnico-de-leiria-a-universidade-para-a-regiao-de-leiria-e-oeste-3\/"},"wordCount":572,"publisher":{"@id":"https:\/\/maismagazine.pt\/#organization"},"image":{"@id":"http:\/\/maismagazine.pt\/index.php\/2025\/06\/27\/politecnico-de-leiria-a-universidade-para-a-regiao-de-leiria-e-oeste-3\/#primaryimage"},"thumbnailUrl":"http:\/\/maismagazine.pt\/wp-content\/uploads\/2025\/06\/Foto-3-Fachada-Principal-Politecnico-de-Leiria.jpg","keywords":["IP Leiria"],"articleSection":["Educa\u00e7\u00e3o"],"inLanguage":"pt-PT"},{"@type":"WebPage","@id":"http:\/\/maismagazine.pt\/index.php\/2025\/06\/27\/politecnico-de-leiria-a-universidade-para-a-regiao-de-leiria-e-oeste-3\/","url":"http:\/\/maismagazine.pt\/index.php\/2025\/06\/27\/politecnico-de-leiria-a-universidade-para-a-regiao-de-leiria-e-oeste-3\/","name":"Polit\u00e9cnico de Leiria: a universidade para a regi\u00e3o de Leiria e Oeste - Mais Magazine","isPartOf":{"@id":"https:\/\/maismagazine.pt\/#website"},"primaryImageOfPage":{"@id":"http:\/\/maismagazine.pt\/index.php\/2025\/06\/27\/politecnico-de-leiria-a-universidade-para-a-regiao-de-leiria-e-oeste-3\/#primaryimage"},"image":{"@id":"http:\/\/maismagazine.pt\/index.php\/2025\/06\/27\/politecnico-de-leiria-a-universidade-para-a-regiao-de-leiria-e-oeste-3\/#primaryimage"},"thumbnailUrl":"http:\/\/maismagazine.pt\/wp-content\/uploads\/2025\/06\/Foto-3-Fachada-Principal-Politecnico-de-Leiria.jpg","datePublished":"2025-06-27T06:00:00+00:00","description":"Destacando-se pela sua forma\u00e7\u00e3o graduada e p\u00f3s-graduada, o Polit\u00e9cnico de Leiria \u00e9 atualmente uma refer\u00eancia a n\u00edvel nacional, que se afirma cada vez mais no contexto internacional, atrav\u00e9s de um ecossistema robusto de investiga\u00e7\u00e3o, desenvolvimento e inova\u00e7\u00e3o.","breadcrumb":{"@id":"http:\/\/maismagazine.pt\/index.php\/2025\/06\/27\/politecnico-de-leiria-a-universidade-para-a-regiao-de-leiria-e-oeste-3\/#breadcrumb"},"inLanguage":"pt-PT","potentialAction":[{"@type":"ReadAction","target":["http:\/\/maismagazine.pt\/index.php\/2025\/06\/27\/politecnico-de-leiria-a-universidade-para-a-regiao-de-leiria-e-oeste-3\/"]}]},{"@type":"ImageObject","inLanguage":"pt-PT","@id":"http:\/\/maismagazine.pt\/index.php\/2025\/06\/27\/politecnico-de-leiria-a-universidade-para-a-regiao-de-leiria-e-oeste-3\/#primaryimage","url":"http:\/\/maismagazine.pt\/wp-content\/uploads\/2025\/06\/Foto-3-Fachada-Principal-Politecnico-de-Leiria.jpg","contentUrl":"http:\/\/maismagazine.pt\/wp-content\/uploads\/2025\/06\/Foto-3-Fachada-Principal-Politecnico-de-Leiria.jpg","width":786,"height":551},{"@type":"BreadcrumbList","@id":"http:\/\/maismagazine.pt\/index.php\/2025\/06\/27\/politecnico-de-leiria-a-universidade-para-a-regiao-de-leiria-e-oeste-3\/#breadcrumb","itemListElement":[{"@type":"ListItem","position":1,"name":"Home","item":"https:\/\/maismagazine.pt\/"},{"@type":"ListItem","position":2,"name":"Polit\u00e9cnico de Leiria: a universidade para a regi\u00e3o de Leiria e Oeste"}]},{"@type":"WebSite","@id":"https:\/\/maismagazine.pt\/#website","url":"https:\/\/maismagazine.pt\/","name":"Mais Magazine","description":"","publisher":{"@id":"https:\/\/maismagazine.pt\/#organization"},"potentialAction":[{"@type":"SearchAction","target":{"@type":"EntryPoint","urlTemplate":"https:\/\/maismagazine.pt\/?s={search_term_string}"},"query-input":{"@type":"PropertyValueSpecification","valueRequired":true,"valueName":"search_term_string"}}],"inLanguage":"pt-PT"},{"@type":"Organization","@id":"https:\/\/maismagazine.pt\/#organization","name":"Mais Magazine","url":"https:\/\/maismagazine.pt\/","logo":{"@type":"ImageObject","inLanguage":"pt-PT","@id":"https:\/\/maismagazine.pt\/#\/schema\/logo\/image\/","url":"http:\/\/maismagazine.pt\/wp-content\/uploads\/2020\/04\/cropped-cropped-mais-magazine-site-logo-2.png","contentUrl":"http:\/\/maismagazine.pt\/wp-content\/uploads\/2020\/04\/cropped-cropped-mais-magazine-site-logo-2.png","width":581,"height":90,"caption":"Mais Magazine"},"image":{"@id":"https:\/\/maismagazine.pt\/#\/schema\/logo\/image\/"}},{"@type":"Person","@id":"https:\/\/maismagazine.pt\/#\/schema\/person\/c6c5bfccc886434cbd11c74e035f9646","name":"Tiago Costa","image":{"@type":"ImageObject","inLanguage":"pt-PT","@id":"https:\/\/maismagazine.pt\/#\/schema\/person\/image\/","url":"https:\/\/secure.gravatar.com\/avatar\/c599b2bce16c9870429198cbad5ee022?s=96&d=mm&r=g","contentUrl":"https:\/\/secure.gravatar.com\/avatar\/c599b2bce16c9870429198cbad5ee022?s=96&d=mm&r=g","caption":"Tiago Costa"},"url":"http:\/\/maismagazine.pt\/index.php\/author\/tiago\/"}]}},"author_meta":{"display_name":false,"author_link":"http:\/\/maismagazine.pt\/index.php\/author\/tiago\/"},"featured_img":"http:\/\/maismagazine.pt\/wp-content\/uploads\/2025\/06\/Foto-3-Fachada-Principal-Politecnico-de-Leiria-300x210.jpg","coauthors":[],"tax_additional":{"categories":{"linked":["<a href=\"http:\/\/maismagazine.pt\/index.php\/category\/educacao\/\" class=\"advgb-post-tax-term\">Educa\u00e7\u00e3o<\/a>"],"unlinked":["<span class=\"advgb-post-tax-term\">Educa\u00e7\u00e3o<\/span>"]},"tags":{"linked":["<a href=\"http:\/\/maismagazine.pt\/index.php\/category\/educacao\/\" class=\"advgb-post-tax-term\">IP Leiria<\/a>"],"unlinked":["<span class=\"advgb-post-tax-term\">IP Leiria<\/span>"]}},"comment_count":"0","relative_dates":{"created":"Posted 10 meses ago","modified":"Updated 10 meses ago"},"absolute_dates":{"created":"Posted on 27 de Junho, 2025","modified":"Updated on 26 de Junho, 2025"},"absolute_dates_time":{"created":"Posted on 27 de Junho, 2025 7:00","modified":"Updated on 26 de Junho, 2025 14:50"},"featured_img_caption":"","series_order":"","_links":{"self":[{"href":"http:\/\/maismagazine.pt\/index.php\/wp-json\/wp\/v2\/posts\/12350","targetHints":{"allow":["GET"]}}],"collection":[{"href":"http:\/\/maismagazine.pt\/index.php\/wp-json\/wp\/v2\/posts"}],"about":[{"href":"http:\/\/maismagazine.pt\/index.php\/wp-json\/wp\/v2\/types\/post"}],"author":[{"embeddable":true,"href":"http:\/\/maismagazine.pt\/index.php\/wp-json\/wp\/v2\/users\/17"}],"replies":[{"embeddable":true,"href":"http:\/\/maismagazine.pt\/index.php\/wp-json\/wp\/v2\/comments?post=12350"}],"version-history":[{"count":2,"href":"http:\/\/maismagazine.pt\/index.php\/wp-json\/wp\/v2\/posts\/12350\/revisions"}],"predecessor-version":[{"id":12355,"href":"http:\/\/maismagazine.pt\/index.php\/wp-json\/wp\/v2\/posts\/12350\/revisions\/12355"}],"wp:featuredmedia":[{"embeddable":true,"href":"http:\/\/maismagazine.pt\/index.php\/wp-json\/wp\/v2\/media\/12353"}],"wp:attachment":[{"href":"http:\/\/maismagazine.pt\/index.php\/wp-json\/wp\/v2\/media?parent=12350"}],"wp:term":[{"taxonomy":"category","embeddable":true,"href":"http:\/\/maismagazine.pt\/index.php\/wp-json\/wp\/v2\/categories?post=12350"},{"taxonomy":"post_tag","embeddable":true,"href":"http:\/\/maismagazine.pt\/index.php\/wp-json\/wp\/v2\/tags?post=12350"}],"curies":[{"name":"wp","href":"https:\/\/api.w.org\/{rel}","templated":true}]}}