{"id":12337,"date":"2025-06-27T07:00:00","date_gmt":"2025-06-27T06:00:00","guid":{"rendered":"https:\/\/maismagazine.pt\/?p=12337"},"modified":"2025-06-26T14:41:25","modified_gmt":"2025-06-26T13:41:25","slug":"destaco-o-agroal-como-um-verdadeiro-ex-libris-do-turismo-sustentavel-e-de-bem-estar-no-centro-do-pais","status":"publish","type":"post","link":"http:\/\/maismagazine.pt\/index.php\/2025\/06\/27\/destaco-o-agroal-como-um-verdadeiro-ex-libris-do-turismo-sustentavel-e-de-bem-estar-no-centro-do-pais\/","title":{"rendered":"\u201cDestaco o Agroal como um verdadeiro ex-l\u00edbris do turismo sustent\u00e1vel e de bem-estar no centro do pa\u00eds\u201d"},"content":{"rendered":"\n<p><strong>A Mais Magazine conversou com Lu\u00eds Miguel Albuquerque, Presidente da <a href=\"https:\/\/www.ourem.pt\/\">C\u00e2mara Municipal de Our\u00e9m<\/a>, que destacou o not\u00e1vel trabalho realizado pelo munic\u00edpio na praia fluvial do Agroal &#8211; um verdadeiro tesouro de \u00e1guas terap\u00eauticas &#8211; e que, pelo nono ano consecutivo, foi distinguido com o prestigiado galard\u00e3o da Bandeira Azul.<\/strong> <\/p>\n\n\n\n<p><\/p>\n\n\n\n<p><strong>Quais as val\u00eancias da praia fluvial do Agroal que permitiu arrecadar esta prestigiada premia\u00e7\u00e3o? Trata-se de um dos grandes \u00edcones do turismo balnear da regi\u00e3o?<\/strong><\/p>\n\n\n\n<p>A atribui\u00e7\u00e3o da Bandeira Azul assenta em crit\u00e9rios exigentes que abrangem a qualidade da \u00e1gua, a gest\u00e3o ambiental, a seguran\u00e7a dos banhistas, os servi\u00e7os de apoio, a acessibilidade e a educa\u00e7\u00e3o ambiental. No Agroal, asseguramos tudo isso atrav\u00e9s de um profundo respeito pelo valor natural e social do espa\u00e7o.<\/p>\n\n\n\n<p>Trata-se de uma zona balnear com caracter\u00edsticas \u00fanicas, desde logo pelas \u00e1guas, reconhecidas pelas suas propriedades terap\u00eauticas. Temos procurado, ano ap\u00f3s ano, melhorar as condi\u00e7\u00f5es e elevar a Praia Fluvial do Agroal a um patamar de excel\u00eancia que esteja \u00e0 altura da crescente procura.<\/p>\n\n\n\n<p>Estamos a concluir um projeto de requalifica\u00e7\u00e3o muito importante que inclui, entre outras melhorias, a cria\u00e7\u00e3o de uma nova piscina infantil. \u00c9 uma solu\u00e7\u00e3o pensada para as fam\u00edlias, que vai refor\u00e7ar a atratividade do espa\u00e7o e garantir uma utiliza\u00e7\u00e3o mais segura, inclusiva e confort\u00e1vel. Este investimento \u00e9 mais um passo na valoriza\u00e7\u00e3o desta zona balnear que tanto significado tem para o concelho. <\/p>\n\n\n\n<p><\/p>\n\n\n\n<p><strong>Que tipo de trabalho o munic\u00edpio de Our\u00e9m tem levado a cabo na promo\u00e7\u00e3o dos seus espa\u00e7os balneares? De que forma lidam com quest\u00f5es ambientais relacionadas com as praias fluviais, como a polui\u00e7\u00e3o da \u00e1gua e a preserva\u00e7\u00e3o dos ecossistemas locais?<\/strong> <\/p>\n\n\n\n<p>Temos plena consci\u00eancia de que as zonas balneares n\u00e3o s\u00e3o apenas locais de recreio. S\u00e3o ecossistemas sens\u00edveis, onde o equil\u00edbrio entre usufruto e a preserva\u00e7\u00e3o \u00e9 absolutamente essencial. Nesse sentido, o Munic\u00edpio de Our\u00e9m tem procurado responder com responsabilidade aos desafios ambientais que este tipo de espa\u00e7os nos coloca, nomeadamente atrav\u00e9s da monitoriza\u00e7\u00e3o permanente da qualidade da \u00e1gua, das interven\u00e7\u00f5es regulares de limpeza, do controlo da vegeta\u00e7\u00e3o invasora e da vigil\u00e2ncia da bacia hidrogr\u00e1fica. Estamos atentos tamb\u00e9m ao impacto humano e promovemos a\u00e7\u00f5es de educa\u00e7\u00e3o ambiental junto da popula\u00e7\u00e3o residente e dos visitantes, numa l\u00f3gica de corresponsabiliza\u00e7\u00e3o e respeito pelo patrim\u00f3nio natural.<\/p>\n\n\n\n<p>A aposta no Agroal est\u00e1 integrada numa estrat\u00e9gia mais ampla de valoriza\u00e7\u00e3o dos nossos recursos naturais e tur\u00edsticos. Cuidar da natureza \u00e9, para n\u00f3s, uma forma direta de promover o territ\u00f3rio. E \u00e9 com esse des\u00edgnio que refor\u00e7amos a comunica\u00e7\u00e3o, a qualifica\u00e7\u00e3o e a atratividade dos nossos espa\u00e7os naturais.<\/p>\n\n\n\n<p>A requalifica\u00e7\u00e3o da Praia Fluvial do Agroal, atualmente em curso, \u00e9 disso exemplo. \u00c9 um projeto que contempla interven\u00e7\u00f5es de reordenamento e valoriza\u00e7\u00e3o paisag\u00edstica, com o objetivo garantir a sustentabilidade do local a longo prazo.<\/p>\n\n\n\n<p>Destaco o Agroal como um verdadeiro ex-l\u00edbris do turismo sustent\u00e1vel e de bem-estar no centro do pa\u00eds e n\u00e3o tenho d\u00favidas em afirmar que sabemos valorizar e cuidar do que \u00e9 nosso. <\/p>\n\n\n\n<p><\/p>\n\n\n<div class=\"wp-block-image\">\n<figure class=\"aligncenter size-full is-resized\"><img loading=\"lazy\" decoding=\"async\" width=\"1024\" height=\"565\" src=\"https:\/\/maismagazine.pt\/wp-content\/uploads\/2025\/06\/Logo-Ourem-versao-A_Principal-vertical-1024x565-1.jpg\" alt=\"\" class=\"wp-image-12341\" style=\"width:451px;height:auto\" srcset=\"http:\/\/maismagazine.pt\/wp-content\/uploads\/2025\/06\/Logo-Ourem-versao-A_Principal-vertical-1024x565-1.jpg 1024w, http:\/\/maismagazine.pt\/wp-content\/uploads\/2025\/06\/Logo-Ourem-versao-A_Principal-vertical-1024x565-1-300x166.jpg 300w, http:\/\/maismagazine.pt\/wp-content\/uploads\/2025\/06\/Logo-Ourem-versao-A_Principal-vertical-1024x565-1-768x424.jpg 768w\" sizes=\"auto, (max-width: 1024px) 100vw, 1024px\" \/><\/figure><\/div>","protected":false},"excerpt":{"rendered":"<p>A Mais Magazine conversou com Lu\u00eds Miguel Albuquerque, Presidente da C\u00e2mara Municipal de Our\u00e9m, que destacou o not\u00e1vel trabalho realizado pelo munic\u00edpio na praia fluvial do Agroal &#8211; um verdadeiro tesouro de \u00e1guas terap\u00eauticas &#8211; e que, pelo nono ano consecutivo, foi distinguido com o prestigiado galard\u00e3o da Bandeira Azul.&hellip;<\/p>\n","protected":false},"author":18,"featured_media":12339,"comment_status":"closed","ping_status":"open","sticky":false,"template":"","format":"standard","meta":{"advgb_blocks_editor_width":"","advgb_blocks_columns_visual_guide":"","_monsterinsights_skip_tracking":false,"_monsterinsights_sitenote_active":false,"_monsterinsights_sitenote_note":"","_monsterinsights_sitenote_category":0,"footnotes":""},"categories":[53],"tags":[658,2401,64],"class_list":["post-12337","post","type-post","status-publish","format-standard","has-post-thumbnail","hentry","category-turismo-restaurantes","tag-ourem","tag-praia-fluvial-do-agroal","tag-turismo"],"yoast_head":"<!-- This site is optimized with the Yoast SEO plugin v24.4 - https:\/\/yoast.com\/wordpress\/plugins\/seo\/ -->\n<title>\u201cDestaco o Agroal como um verdadeiro ex-l\u00edbris do turismo sustent\u00e1vel e de bem-estar no centro do pa\u00eds\u201d - Mais Magazine<\/title>\n<meta name=\"robots\" content=\"index, follow, max-snippet:-1, max-image-preview:large, max-video-preview:-1\" \/>\n<link rel=\"canonical\" href=\"https:\/\/maismagazine.pt\/index.php\/2025\/06\/27\/destaco-o-agroal-como-um-verdadeiro-ex-libris-do-turismo-sustentavel-e-de-bem-estar-no-centro-do-pais\/\" \/>\n<meta property=\"og:locale\" content=\"pt_PT\" \/>\n<meta property=\"og:type\" content=\"article\" \/>\n<meta property=\"og:title\" content=\"\u201cDestaco o Agroal como um verdadeiro ex-l\u00edbris do turismo sustent\u00e1vel e de bem-estar no centro do pa\u00eds\u201d - Mais Magazine\" \/>\n<meta property=\"og:description\" content=\"A Mais Magazine conversou com Lu\u00eds Miguel Albuquerque, Presidente da C\u00e2mara Municipal de Our\u00e9m, que destacou o not\u00e1vel trabalho realizado pelo munic\u00edpio na praia fluvial do Agroal &#8211; um verdadeiro tesouro de \u00e1guas terap\u00eauticas &#8211; e que, pelo nono ano consecutivo, foi distinguido com o prestigiado galard\u00e3o da Bandeira Azul.&hellip;\" \/>\n<meta property=\"og:url\" content=\"https:\/\/maismagazine.pt\/index.php\/2025\/06\/27\/destaco-o-agroal-como-um-verdadeiro-ex-libris-do-turismo-sustentavel-e-de-bem-estar-no-centro-do-pais\/\" \/>\n<meta property=\"og:site_name\" content=\"Mais Magazine\" \/>\n<meta property=\"article:published_time\" content=\"2025-06-27T06:00:00+00:00\" \/>\n<meta property=\"og:image\" content=\"https:\/\/maismagazine.pt\/wp-content\/uploads\/2025\/06\/TZC04275-860x1024.jpg\" \/>\n\t<meta property=\"og:image:width\" content=\"860\" \/>\n\t<meta property=\"og:image:height\" content=\"1024\" \/>\n\t<meta property=\"og:image:type\" content=\"image\/jpeg\" \/>\n<meta name=\"author\" content=\"Tatiana Martins\" \/>\n<meta name=\"twitter:card\" content=\"summary_large_image\" \/>\n<meta name=\"twitter:label1\" content=\"Escrito por\" \/>\n\t<meta name=\"twitter:data1\" content=\"\" \/>\n\t<meta name=\"twitter:label2\" content=\"Tempo estimado de leitura\" \/>\n\t<meta name=\"twitter:data2\" content=\"4 minutos\" \/>\n<script type=\"application\/ld+json\" class=\"yoast-schema-graph\">{\"@context\":\"https:\/\/schema.org\",\"@graph\":[{\"@type\":\"Article\",\"@id\":\"https:\/\/maismagazine.pt\/index.php\/2025\/06\/27\/destaco-o-agroal-como-um-verdadeiro-ex-libris-do-turismo-sustentavel-e-de-bem-estar-no-centro-do-pais\/#article\",\"isPartOf\":{\"@id\":\"https:\/\/maismagazine.pt\/index.php\/2025\/06\/27\/destaco-o-agroal-como-um-verdadeiro-ex-libris-do-turismo-sustentavel-e-de-bem-estar-no-centro-do-pais\/\"},\"author\":{\"name\":\"Tatiana Martins\",\"@id\":\"https:\/\/maismagazine.pt\/#\/schema\/person\/7426e2caeb8df32a1b56aa48dae778c9\"},\"headline\":\"\u201cDestaco o Agroal como um verdadeiro ex-l\u00edbris do turismo sustent\u00e1vel e de bem-estar no centro do pa\u00eds\u201d\",\"datePublished\":\"2025-06-27T06:00:00+00:00\",\"mainEntityOfPage\":{\"@id\":\"https:\/\/maismagazine.pt\/index.php\/2025\/06\/27\/destaco-o-agroal-como-um-verdadeiro-ex-libris-do-turismo-sustentavel-e-de-bem-estar-no-centro-do-pais\/\"},\"wordCount\":581,\"publisher\":{\"@id\":\"https:\/\/maismagazine.pt\/#organization\"},\"image\":{\"@id\":\"https:\/\/maismagazine.pt\/index.php\/2025\/06\/27\/destaco-o-agroal-como-um-verdadeiro-ex-libris-do-turismo-sustentavel-e-de-bem-estar-no-centro-do-pais\/#primaryimage\"},\"thumbnailUrl\":\"http:\/\/maismagazine.pt\/wp-content\/uploads\/2025\/06\/TZC04275.jpg\",\"keywords\":[\"Our\u00e9m\",\"Praia Fluvial do Agroal\",\"Turismo\"],\"articleSection\":[\"Turismo | Vinhos | Gastronomia\"],\"inLanguage\":\"pt-PT\"},{\"@type\":\"WebPage\",\"@id\":\"https:\/\/maismagazine.pt\/index.php\/2025\/06\/27\/destaco-o-agroal-como-um-verdadeiro-ex-libris-do-turismo-sustentavel-e-de-bem-estar-no-centro-do-pais\/\",\"url\":\"https:\/\/maismagazine.pt\/index.php\/2025\/06\/27\/destaco-o-agroal-como-um-verdadeiro-ex-libris-do-turismo-sustentavel-e-de-bem-estar-no-centro-do-pais\/\",\"name\":\"\u201cDestaco o Agroal como um verdadeiro ex-l\u00edbris do turismo sustent\u00e1vel e de bem-estar no centro do pa\u00eds\u201d - Mais Magazine\",\"isPartOf\":{\"@id\":\"https:\/\/maismagazine.pt\/#website\"},\"primaryImageOfPage\":{\"@id\":\"https:\/\/maismagazine.pt\/index.php\/2025\/06\/27\/destaco-o-agroal-como-um-verdadeiro-ex-libris-do-turismo-sustentavel-e-de-bem-estar-no-centro-do-pais\/#primaryimage\"},\"image\":{\"@id\":\"https:\/\/maismagazine.pt\/index.php\/2025\/06\/27\/destaco-o-agroal-como-um-verdadeiro-ex-libris-do-turismo-sustentavel-e-de-bem-estar-no-centro-do-pais\/#primaryimage\"},\"thumbnailUrl\":\"http:\/\/maismagazine.pt\/wp-content\/uploads\/2025\/06\/TZC04275.jpg\",\"datePublished\":\"2025-06-27T06:00:00+00:00\",\"breadcrumb\":{\"@id\":\"https:\/\/maismagazine.pt\/index.php\/2025\/06\/27\/destaco-o-agroal-como-um-verdadeiro-ex-libris-do-turismo-sustentavel-e-de-bem-estar-no-centro-do-pais\/#breadcrumb\"},\"inLanguage\":\"pt-PT\",\"potentialAction\":[{\"@type\":\"ReadAction\",\"target\":[\"https:\/\/maismagazine.pt\/index.php\/2025\/06\/27\/destaco-o-agroal-como-um-verdadeiro-ex-libris-do-turismo-sustentavel-e-de-bem-estar-no-centro-do-pais\/\"]}]},{\"@type\":\"ImageObject\",\"inLanguage\":\"pt-PT\",\"@id\":\"https:\/\/maismagazine.pt\/index.php\/2025\/06\/27\/destaco-o-agroal-como-um-verdadeiro-ex-libris-do-turismo-sustentavel-e-de-bem-estar-no-centro-do-pais\/#primaryimage\",\"url\":\"http:\/\/maismagazine.pt\/wp-content\/uploads\/2025\/06\/TZC04275.jpg\",\"contentUrl\":\"http:\/\/maismagazine.pt\/wp-content\/uploads\/2025\/06\/TZC04275.jpg\",\"width\":1983,\"height\":2362,\"caption\":\"Lu\u00eds Miguel Albuquerque, Presidente da C\u00e2mara Municipal de Our\u00e9m\"},{\"@type\":\"BreadcrumbList\",\"@id\":\"https:\/\/maismagazine.pt\/index.php\/2025\/06\/27\/destaco-o-agroal-como-um-verdadeiro-ex-libris-do-turismo-sustentavel-e-de-bem-estar-no-centro-do-pais\/#breadcrumb\",\"itemListElement\":[{\"@type\":\"ListItem\",\"position\":1,\"name\":\"Home\",\"item\":\"https:\/\/maismagazine.pt\/\"},{\"@type\":\"ListItem\",\"position\":2,\"name\":\"\u201cDestaco o Agroal como um verdadeiro ex-l\u00edbris do turismo sustent\u00e1vel e de bem-estar no centro do pa\u00eds\u201d\"}]},{\"@type\":\"WebSite\",\"@id\":\"https:\/\/maismagazine.pt\/#website\",\"url\":\"https:\/\/maismagazine.pt\/\",\"name\":\"Mais Magazine\",\"description\":\"\",\"publisher\":{\"@id\":\"https:\/\/maismagazine.pt\/#organization\"},\"potentialAction\":[{\"@type\":\"SearchAction\",\"target\":{\"@type\":\"EntryPoint\",\"urlTemplate\":\"https:\/\/maismagazine.pt\/?s={search_term_string}\"},\"query-input\":{\"@type\":\"PropertyValueSpecification\",\"valueRequired\":true,\"valueName\":\"search_term_string\"}}],\"inLanguage\":\"pt-PT\"},{\"@type\":\"Organization\",\"@id\":\"https:\/\/maismagazine.pt\/#organization\",\"name\":\"Mais Magazine\",\"url\":\"https:\/\/maismagazine.pt\/\",\"logo\":{\"@type\":\"ImageObject\",\"inLanguage\":\"pt-PT\",\"@id\":\"https:\/\/maismagazine.pt\/#\/schema\/logo\/image\/\",\"url\":\"http:\/\/maismagazine.pt\/wp-content\/uploads\/2020\/04\/cropped-cropped-mais-magazine-site-logo-2.png\",\"contentUrl\":\"http:\/\/maismagazine.pt\/wp-content\/uploads\/2020\/04\/cropped-cropped-mais-magazine-site-logo-2.png\",\"width\":581,\"height\":90,\"caption\":\"Mais Magazine\"},\"image\":{\"@id\":\"https:\/\/maismagazine.pt\/#\/schema\/logo\/image\/\"}},{\"@type\":\"Person\",\"@id\":\"https:\/\/maismagazine.pt\/#\/schema\/person\/7426e2caeb8df32a1b56aa48dae778c9\",\"name\":\"Tatiana Martins\",\"image\":{\"@type\":\"ImageObject\",\"inLanguage\":\"pt-PT\",\"@id\":\"https:\/\/maismagazine.pt\/#\/schema\/person\/image\/\",\"url\":\"https:\/\/secure.gravatar.com\/avatar\/4b24a57f5d0425f2eb20981c4b53244e?s=96&d=mm&r=g\",\"contentUrl\":\"https:\/\/secure.gravatar.com\/avatar\/4b24a57f5d0425f2eb20981c4b53244e?s=96&d=mm&r=g\",\"caption\":\"Tatiana Martins\"},\"url\":\"http:\/\/maismagazine.pt\/index.php\/author\/tatiana\/\"}]}<\/script>\n<!-- \/ Yoast SEO plugin. -->","yoast_head_json":{"title":"\u201cDestaco o Agroal como um verdadeiro ex-l\u00edbris do turismo sustent\u00e1vel e de bem-estar no centro do pa\u00eds\u201d - Mais Magazine","robots":{"index":"index","follow":"follow","max-snippet":"max-snippet:-1","max-image-preview":"max-image-preview:large","max-video-preview":"max-video-preview:-1"},"canonical":"https:\/\/maismagazine.pt\/index.php\/2025\/06\/27\/destaco-o-agroal-como-um-verdadeiro-ex-libris-do-turismo-sustentavel-e-de-bem-estar-no-centro-do-pais\/","og_locale":"pt_PT","og_type":"article","og_title":"\u201cDestaco o Agroal como um verdadeiro ex-l\u00edbris do turismo sustent\u00e1vel e de bem-estar no centro do pa\u00eds\u201d - Mais Magazine","og_description":"A Mais Magazine conversou com Lu\u00eds Miguel Albuquerque, Presidente da C\u00e2mara Municipal de Our\u00e9m, que destacou o not\u00e1vel trabalho realizado pelo munic\u00edpio na praia fluvial do Agroal &#8211; um verdadeiro tesouro de \u00e1guas terap\u00eauticas &#8211; e que, pelo nono ano consecutivo, foi distinguido com o prestigiado galard\u00e3o da Bandeira Azul.&hellip;","og_url":"https:\/\/maismagazine.pt\/index.php\/2025\/06\/27\/destaco-o-agroal-como-um-verdadeiro-ex-libris-do-turismo-sustentavel-e-de-bem-estar-no-centro-do-pais\/","og_site_name":"Mais Magazine","article_published_time":"2025-06-27T06:00:00+00:00","og_image":[{"width":860,"height":1024,"url":"https:\/\/maismagazine.pt\/wp-content\/uploads\/2025\/06\/TZC04275-860x1024.jpg","type":"image\/jpeg"}],"author":"Tatiana Martins","twitter_card":"summary_large_image","twitter_misc":{"Escrito por":false,"Tempo estimado de leitura":"4 minutos"},"schema":{"@context":"https:\/\/schema.org","@graph":[{"@type":"Article","@id":"https:\/\/maismagazine.pt\/index.php\/2025\/06\/27\/destaco-o-agroal-como-um-verdadeiro-ex-libris-do-turismo-sustentavel-e-de-bem-estar-no-centro-do-pais\/#article","isPartOf":{"@id":"https:\/\/maismagazine.pt\/index.php\/2025\/06\/27\/destaco-o-agroal-como-um-verdadeiro-ex-libris-do-turismo-sustentavel-e-de-bem-estar-no-centro-do-pais\/"},"author":{"name":"Tatiana Martins","@id":"https:\/\/maismagazine.pt\/#\/schema\/person\/7426e2caeb8df32a1b56aa48dae778c9"},"headline":"\u201cDestaco o Agroal como um verdadeiro ex-l\u00edbris do turismo sustent\u00e1vel e de bem-estar no centro do pa\u00eds\u201d","datePublished":"2025-06-27T06:00:00+00:00","mainEntityOfPage":{"@id":"https:\/\/maismagazine.pt\/index.php\/2025\/06\/27\/destaco-o-agroal-como-um-verdadeiro-ex-libris-do-turismo-sustentavel-e-de-bem-estar-no-centro-do-pais\/"},"wordCount":581,"publisher":{"@id":"https:\/\/maismagazine.pt\/#organization"},"image":{"@id":"https:\/\/maismagazine.pt\/index.php\/2025\/06\/27\/destaco-o-agroal-como-um-verdadeiro-ex-libris-do-turismo-sustentavel-e-de-bem-estar-no-centro-do-pais\/#primaryimage"},"thumbnailUrl":"http:\/\/maismagazine.pt\/wp-content\/uploads\/2025\/06\/TZC04275.jpg","keywords":["Our\u00e9m","Praia Fluvial do Agroal","Turismo"],"articleSection":["Turismo | Vinhos | Gastronomia"],"inLanguage":"pt-PT"},{"@type":"WebPage","@id":"https:\/\/maismagazine.pt\/index.php\/2025\/06\/27\/destaco-o-agroal-como-um-verdadeiro-ex-libris-do-turismo-sustentavel-e-de-bem-estar-no-centro-do-pais\/","url":"https:\/\/maismagazine.pt\/index.php\/2025\/06\/27\/destaco-o-agroal-como-um-verdadeiro-ex-libris-do-turismo-sustentavel-e-de-bem-estar-no-centro-do-pais\/","name":"\u201cDestaco o Agroal como um verdadeiro ex-l\u00edbris do turismo sustent\u00e1vel e de bem-estar no centro do pa\u00eds\u201d - Mais Magazine","isPartOf":{"@id":"https:\/\/maismagazine.pt\/#website"},"primaryImageOfPage":{"@id":"https:\/\/maismagazine.pt\/index.php\/2025\/06\/27\/destaco-o-agroal-como-um-verdadeiro-ex-libris-do-turismo-sustentavel-e-de-bem-estar-no-centro-do-pais\/#primaryimage"},"image":{"@id":"https:\/\/maismagazine.pt\/index.php\/2025\/06\/27\/destaco-o-agroal-como-um-verdadeiro-ex-libris-do-turismo-sustentavel-e-de-bem-estar-no-centro-do-pais\/#primaryimage"},"thumbnailUrl":"http:\/\/maismagazine.pt\/wp-content\/uploads\/2025\/06\/TZC04275.jpg","datePublished":"2025-06-27T06:00:00+00:00","breadcrumb":{"@id":"https:\/\/maismagazine.pt\/index.php\/2025\/06\/27\/destaco-o-agroal-como-um-verdadeiro-ex-libris-do-turismo-sustentavel-e-de-bem-estar-no-centro-do-pais\/#breadcrumb"},"inLanguage":"pt-PT","potentialAction":[{"@type":"ReadAction","target":["https:\/\/maismagazine.pt\/index.php\/2025\/06\/27\/destaco-o-agroal-como-um-verdadeiro-ex-libris-do-turismo-sustentavel-e-de-bem-estar-no-centro-do-pais\/"]}]},{"@type":"ImageObject","inLanguage":"pt-PT","@id":"https:\/\/maismagazine.pt\/index.php\/2025\/06\/27\/destaco-o-agroal-como-um-verdadeiro-ex-libris-do-turismo-sustentavel-e-de-bem-estar-no-centro-do-pais\/#primaryimage","url":"http:\/\/maismagazine.pt\/wp-content\/uploads\/2025\/06\/TZC04275.jpg","contentUrl":"http:\/\/maismagazine.pt\/wp-content\/uploads\/2025\/06\/TZC04275.jpg","width":1983,"height":2362,"caption":"Lu\u00eds Miguel Albuquerque, Presidente da C\u00e2mara Municipal de Our\u00e9m"},{"@type":"BreadcrumbList","@id":"https:\/\/maismagazine.pt\/index.php\/2025\/06\/27\/destaco-o-agroal-como-um-verdadeiro-ex-libris-do-turismo-sustentavel-e-de-bem-estar-no-centro-do-pais\/#breadcrumb","itemListElement":[{"@type":"ListItem","position":1,"name":"Home","item":"https:\/\/maismagazine.pt\/"},{"@type":"ListItem","position":2,"name":"\u201cDestaco o Agroal como um verdadeiro ex-l\u00edbris do turismo sustent\u00e1vel e de bem-estar no centro do pa\u00eds\u201d"}]},{"@type":"WebSite","@id":"https:\/\/maismagazine.pt\/#website","url":"https:\/\/maismagazine.pt\/","name":"Mais Magazine","description":"","publisher":{"@id":"https:\/\/maismagazine.pt\/#organization"},"potentialAction":[{"@type":"SearchAction","target":{"@type":"EntryPoint","urlTemplate":"https:\/\/maismagazine.pt\/?s={search_term_string}"},"query-input":{"@type":"PropertyValueSpecification","valueRequired":true,"valueName":"search_term_string"}}],"inLanguage":"pt-PT"},{"@type":"Organization","@id":"https:\/\/maismagazine.pt\/#organization","name":"Mais Magazine","url":"https:\/\/maismagazine.pt\/","logo":{"@type":"ImageObject","inLanguage":"pt-PT","@id":"https:\/\/maismagazine.pt\/#\/schema\/logo\/image\/","url":"http:\/\/maismagazine.pt\/wp-content\/uploads\/2020\/04\/cropped-cropped-mais-magazine-site-logo-2.png","contentUrl":"http:\/\/maismagazine.pt\/wp-content\/uploads\/2020\/04\/cropped-cropped-mais-magazine-site-logo-2.png","width":581,"height":90,"caption":"Mais Magazine"},"image":{"@id":"https:\/\/maismagazine.pt\/#\/schema\/logo\/image\/"}},{"@type":"Person","@id":"https:\/\/maismagazine.pt\/#\/schema\/person\/7426e2caeb8df32a1b56aa48dae778c9","name":"Tatiana Martins","image":{"@type":"ImageObject","inLanguage":"pt-PT","@id":"https:\/\/maismagazine.pt\/#\/schema\/person\/image\/","url":"https:\/\/secure.gravatar.com\/avatar\/4b24a57f5d0425f2eb20981c4b53244e?s=96&d=mm&r=g","contentUrl":"https:\/\/secure.gravatar.com\/avatar\/4b24a57f5d0425f2eb20981c4b53244e?s=96&d=mm&r=g","caption":"Tatiana Martins"},"url":"http:\/\/maismagazine.pt\/index.php\/author\/tatiana\/"}]}},"author_meta":{"display_name":false,"author_link":"http:\/\/maismagazine.pt\/index.php\/author\/tatiana\/"},"featured_img":"http:\/\/maismagazine.pt\/wp-content\/uploads\/2025\/06\/TZC04275-252x300.jpg","coauthors":[],"tax_additional":{"categories":{"linked":["<a href=\"http:\/\/maismagazine.pt\/index.php\/category\/turismo-restaurantes\/\" class=\"advgb-post-tax-term\">Turismo | Vinhos | Gastronomia<\/a>"],"unlinked":["<span class=\"advgb-post-tax-term\">Turismo | Vinhos | Gastronomia<\/span>"]},"tags":{"linked":["<a href=\"http:\/\/maismagazine.pt\/index.php\/category\/turismo-restaurantes\/\" class=\"advgb-post-tax-term\">Our\u00e9m<\/a>","<a href=\"http:\/\/maismagazine.pt\/index.php\/category\/turismo-restaurantes\/\" class=\"advgb-post-tax-term\">Praia Fluvial do Agroal<\/a>","<a href=\"http:\/\/maismagazine.pt\/index.php\/category\/turismo-restaurantes\/\" class=\"advgb-post-tax-term\">Turismo<\/a>"],"unlinked":["<span class=\"advgb-post-tax-term\">Our\u00e9m<\/span>","<span class=\"advgb-post-tax-term\">Praia Fluvial do Agroal<\/span>","<span class=\"advgb-post-tax-term\">Turismo<\/span>"]}},"comment_count":"0","relative_dates":{"created":"Posted 10 meses ago","modified":"Updated 10 meses ago"},"absolute_dates":{"created":"Posted on 27 de Junho, 2025","modified":"Updated on 26 de Junho, 2025"},"absolute_dates_time":{"created":"Posted on 27 de Junho, 2025 7:00","modified":"Updated on 26 de Junho, 2025 14:41"},"featured_img_caption":"Lu\u00eds Miguel Albuquerque, Presidente da  C\u00e2mara Municipal de Our\u00e9m","series_order":"","_links":{"self":[{"href":"http:\/\/maismagazine.pt\/index.php\/wp-json\/wp\/v2\/posts\/12337","targetHints":{"allow":["GET"]}}],"collection":[{"href":"http:\/\/maismagazine.pt\/index.php\/wp-json\/wp\/v2\/posts"}],"about":[{"href":"http:\/\/maismagazine.pt\/index.php\/wp-json\/wp\/v2\/types\/post"}],"author":[{"embeddable":true,"href":"http:\/\/maismagazine.pt\/index.php\/wp-json\/wp\/v2\/users\/18"}],"replies":[{"embeddable":true,"href":"http:\/\/maismagazine.pt\/index.php\/wp-json\/wp\/v2\/comments?post=12337"}],"version-history":[{"count":1,"href":"http:\/\/maismagazine.pt\/index.php\/wp-json\/wp\/v2\/posts\/12337\/revisions"}],"predecessor-version":[{"id":12343,"href":"http:\/\/maismagazine.pt\/index.php\/wp-json\/wp\/v2\/posts\/12337\/revisions\/12343"}],"wp:featuredmedia":[{"embeddable":true,"href":"http:\/\/maismagazine.pt\/index.php\/wp-json\/wp\/v2\/media\/12339"}],"wp:attachment":[{"href":"http:\/\/maismagazine.pt\/index.php\/wp-json\/wp\/v2\/media?parent=12337"}],"wp:term":[{"taxonomy":"category","embeddable":true,"href":"http:\/\/maismagazine.pt\/index.php\/wp-json\/wp\/v2\/categories?post=12337"},{"taxonomy":"post_tag","embeddable":true,"href":"http:\/\/maismagazine.pt\/index.php\/wp-json\/wp\/v2\/tags?post=12337"}],"curies":[{"name":"wp","href":"https:\/\/api.w.org\/{rel}","templated":true}]}}