{"id":12310,"date":"2025-06-27T07:00:00","date_gmt":"2025-06-27T06:00:00","guid":{"rendered":"https:\/\/maismagazine.pt\/?p=12310"},"modified":"2025-06-26T14:24:23","modified_gmt":"2025-06-26T13:24:23","slug":"a-cozinha-do-manel-um-restaurante-orgulhosamente-tradicional","status":"publish","type":"post","link":"http:\/\/maismagazine.pt\/index.php\/2025\/06\/27\/a-cozinha-do-manel-um-restaurante-orgulhosamente-tradicional\/","title":{"rendered":"A Cozinha do Manel: Um restaurante orgulhosamente tradicional"},"content":{"rendered":"\n<p><strong>Especialista h\u00e1 mais de tr\u00eas d\u00e9cadas na arte de bem servir, A Cozinha do Manel \u00e9 um restaurante de paragem obrigat\u00f3ria para quem visita a cidade do Porto.<\/strong><\/p>\n\n\n\n<p><\/p>\n\n\n\n<p>Localizado no n\u00famero 215 da Rua do Hero\u00edsmo, este espa\u00e7o acolhedor abre portas de ter\u00e7a-feira a s\u00e1bado (das 12h30 \u00e0s 15h00 e das 19h30 \u00e0s 22h00), ao domingo (das 12h30 \u00e0s 15h00), incluindo todos os feriados, para garantir que ningu\u00e9m fique sem provar os seus sabores \u00fanicos. <\/p>\n\n\n\n<p><\/p>\n\n\n\n<p>A carta d\u2019A Cozinha do Manel distingue-se pela diversidade e excel\u00eancia dos pratos propostos. Entre as entradas, destacam-se a alheira de ca\u00e7a, a morcela, o presunto \u201cpata negra\u201d e os tradicionais bolinhos de bacalhau, petiscos que antecipam da melhor forma o que est\u00e1 por vir. <\/p>\n\n\n<div class=\"wp-block-image\">\n<figure class=\"alignleft size-full is-resized\"><img loading=\"lazy\" decoding=\"async\" width=\"977\" height=\"889\" src=\"https:\/\/maismagazine.pt\/wp-content\/uploads\/2025\/06\/WhatsApp-Image-2024-07-11-at-16.33.10.jpeg\" alt=\"\" class=\"wp-image-12314\" style=\"width:304px;height:auto\" srcset=\"http:\/\/maismagazine.pt\/wp-content\/uploads\/2025\/06\/WhatsApp-Image-2024-07-11-at-16.33.10.jpeg 977w, http:\/\/maismagazine.pt\/wp-content\/uploads\/2025\/06\/WhatsApp-Image-2024-07-11-at-16.33.10-300x273.jpeg 300w, http:\/\/maismagazine.pt\/wp-content\/uploads\/2025\/06\/WhatsApp-Image-2024-07-11-at-16.33.10-768x699.jpeg 768w\" sizes=\"auto, (max-width: 977px) 100vw, 977px\" \/><figcaption class=\"wp-element-caption\">Jos\u00e9 Ant\u00f3nio, Propriet\u00e1rio d\u2019A Cozinha do Manel<\/figcaption><\/figure><\/div>\n\n\n<p>No que toca aos pratos principais, o cabrito assado em forno a lenha \u00e9 uma das joias da casa. A vitela, tamb\u00e9m assada em forno a lenha, mant\u00e9m-se como outra das op\u00e7\u00f5es mais apreciadas, lado a lado com o bacalhau e os filetes de pescada ou de polvo, todos confecionados com rigor e respeito pelas receitas tradicionais. <\/p>\n\n\n\n<p><\/p>\n\n\n\n<p>A ementa inclui ainda pratos com dias fixos, como o famoso arroz de pato \u00e0s ter\u00e7as-feiras, e as emblem\u00e1ticas tripas \u00e0 moda do Porto, servidas \u00e0s quartas, s\u00e1bados e domingos. No menu di\u00e1rio surgem tamb\u00e9m sugest\u00f5es como as m\u00e3ozinhas de vitela estufadas com gr\u00e3o-de-bico, o peixe do dia e v\u00e1rias op\u00e7\u00f5es de carnes grelhadas.<\/p>\n\n\n\n<p><\/p>\n\n\n\n<p>Mas a experi\u00eancia \u00e0 mesa n\u00e3o fica completa sem as sobremesas, um verdadeiro ex-l\u00edbris da casa. Toda a do\u00e7aria \u00e9 de confe\u00e7\u00e3o artesanal e local, o que se reflete no sabor aut\u00eantico de cada iguaria. Rabanadas, aletria, bilharacos, bolinhos de bolina e a irresist\u00edvel mousse de chocolate preto s\u00e3o apenas algumas das op\u00e7\u00f5es que encantam todos os que visitam.  <\/p>\n\n\n\n<p><\/p>\n\n\n\n<p>A garrafeira d\u2019A Cozinha do Manel \u00e9 outro motivo de orgulho: uma cuidadosa sele\u00e7\u00e3o de vinhos, sobretudo da regi\u00e3o do Douro, dispon\u00edveis tamb\u00e9m a copo, para harmonizar na perfei\u00e7\u00e3o com cada refei\u00e7\u00e3o. <\/p>\n\n\n\n<p><\/p>\n\n\n\n<p>Este compromisso com a qualidade tem sido amplamente reconhecido ao longo dos anos. Entre as distin\u00e7\u00f5es mais recentes encontram-se o Pr\u00e9mio Grandes Escolhas (2024), o prestigiado Pr\u00e9mio Maria de Lourdes Modesto \u2013 Cozinha Tradicional Portuguesa (2023) e o reconhecimento como um dos restaurantes com as melhores tripas da cidade do Porto. <\/p>\n\n\n<div class=\"wp-block-image\">\n<figure class=\"alignright size-large is-resized\"><img loading=\"lazy\" decoding=\"async\" width=\"820\" height=\"1024\" src=\"https:\/\/maismagazine.pt\/wp-content\/uploads\/2025\/06\/WhatsApp-Image-2024-07-11-at-16.33.1111-820x1024.jpeg\" alt=\"\" class=\"wp-image-12317\" style=\"width:275px;height:auto\" srcset=\"http:\/\/maismagazine.pt\/wp-content\/uploads\/2025\/06\/WhatsApp-Image-2024-07-11-at-16.33.1111-820x1024.jpeg 820w, http:\/\/maismagazine.pt\/wp-content\/uploads\/2025\/06\/WhatsApp-Image-2024-07-11-at-16.33.1111-240x300.jpeg 240w, http:\/\/maismagazine.pt\/wp-content\/uploads\/2025\/06\/WhatsApp-Image-2024-07-11-at-16.33.1111-768x959.jpeg 768w, http:\/\/maismagazine.pt\/wp-content\/uploads\/2025\/06\/WhatsApp-Image-2024-07-11-at-16.33.1111-1230x1536.jpeg 1230w, http:\/\/maismagazine.pt\/wp-content\/uploads\/2025\/06\/WhatsApp-Image-2024-07-11-at-16.33.1111.jpeg 1640w\" sizes=\"auto, (max-width: 820px) 100vw, 820px\" \/><\/figure><\/div>\n\n\n<p>Ao n\u00edvel do ambiente, o restaurante oferece um espa\u00e7o acolhedor e aut\u00eantico. Ao entrar, os clientes s\u00e3o recebidos por um balc\u00e3o comprido e uma cozinha aberta, onde \u00e9 poss\u00edvel acompanhar o cuidado colocado em cada prepara\u00e7\u00e3o. A sala, banhada por luz natural, exibe lambris e pain\u00e9is de azulejos que refor\u00e7am o car\u00e1ter tradicional do espa\u00e7o. Os quadros nas paredes, a garrafeira e os dois fornos a lenha \u2014 cada vez mais raros na restaura\u00e7\u00e3o \u2014 completam um cen\u00e1rio que convida \u00e0 mem\u00f3ria e ao prazer da mesa. <\/p>\n\n\n\n<p><\/p>\n\n\n\n<p>Mais do que simples elementos decorativos, os objetos que preenchem o espa\u00e7o contam hist\u00f3rias e guardam mem\u00f3rias, fazendo parte da identidade viva deste restaurante. S\u00e3o testemunhos silenciosos da passagem do tempo e do carinho com que este projeto foi sendo constru\u00eddo. <\/p>\n\n\n\n<p><\/p>\n\n\n\n<p>Ao longo das d\u00e9cadas, A Cozinha do Manel recebeu clientes de todas as \u00e1reas da sociedade \u2014 da pol\u00edtica ao futebol, da m\u00fasica \u00e0 literatura \u2014 mantendo sempre o mesmo compromisso com a excel\u00eancia e a hospitalidade. A dedica\u00e7\u00e3o da equipa, verdadeira mestra na arte de bem receber, transforma cada refei\u00e7\u00e3o numa experi\u00eancia memor\u00e1vel e profundamente portuguesa. <\/p>\n\n\n\n<p><\/p>\n","protected":false},"excerpt":{"rendered":"<p>Especialista h\u00e1 mais de tr\u00eas d\u00e9cadas na arte de bem servir, A Cozinha do Manel \u00e9 um restaurante de paragem obrigat\u00f3ria para quem visita a cidade do Porto. Localizado no n\u00famero 215 da Rua do Hero\u00edsmo, este espa\u00e7o acolhedor abre portas de ter\u00e7a-feira a s\u00e1bado (das 12h30 \u00e0s 15h00 e&hellip;<\/p>\n","protected":false},"author":18,"featured_media":12313,"comment_status":"closed","ping_status":"open","sticky":false,"template":"","format":"standard","meta":{"advgb_blocks_editor_width":"","advgb_blocks_columns_visual_guide":"","_monsterinsights_skip_tracking":false,"_monsterinsights_sitenote_active":false,"_monsterinsights_sitenote_note":"","_monsterinsights_sitenote_category":0,"footnotes":""},"categories":[53],"tags":[2392,283,259],"class_list":["post-12310","post","type-post","status-publish","format-standard","has-post-thumbnail","hentry","category-turismo-restaurantes","tag-a-cozinha-do-manel","tag-gastronomia","tag-porto"],"yoast_head":"<!-- This site is optimized with the Yoast SEO plugin v24.4 - https:\/\/yoast.com\/wordpress\/plugins\/seo\/ -->\n<title>A Cozinha do Manel: Um restaurante orgulhosamente tradicional - Mais Magazine<\/title>\n<meta name=\"robots\" content=\"index, follow, max-snippet:-1, max-image-preview:large, max-video-preview:-1\" \/>\n<link rel=\"canonical\" href=\"http:\/\/maismagazine.pt\/index.php\/2025\/06\/27\/a-cozinha-do-manel-um-restaurante-orgulhosamente-tradicional\/\" \/>\n<meta property=\"og:locale\" content=\"pt_PT\" \/>\n<meta property=\"og:type\" content=\"article\" \/>\n<meta property=\"og:title\" content=\"A Cozinha do Manel: Um restaurante orgulhosamente tradicional - Mais Magazine\" \/>\n<meta property=\"og:description\" content=\"Especialista h\u00e1 mais de tr\u00eas d\u00e9cadas na arte de bem servir, A Cozinha do Manel \u00e9 um restaurante de paragem obrigat\u00f3ria para quem visita a cidade do Porto. Localizado no n\u00famero 215 da Rua do Hero\u00edsmo, este espa\u00e7o acolhedor abre portas de ter\u00e7a-feira a s\u00e1bado (das 12h30 \u00e0s 15h00 e&hellip;\" \/>\n<meta property=\"og:url\" content=\"http:\/\/maismagazine.pt\/index.php\/2025\/06\/27\/a-cozinha-do-manel-um-restaurante-orgulhosamente-tradicional\/\" \/>\n<meta property=\"og:site_name\" content=\"Mais Magazine\" \/>\n<meta property=\"article:published_time\" content=\"2025-06-27T06:00:00+00:00\" \/>\n<meta property=\"og:image\" content=\"http:\/\/maismagazine.pt\/wp-content\/uploads\/2025\/06\/WhatsApp-Image-2024-07-11-at-16.33.11.jpeg\" \/>\n\t<meta property=\"og:image:width\" content=\"2048\" \/>\n\t<meta property=\"og:image:height\" content=\"1364\" \/>\n\t<meta property=\"og:image:type\" content=\"image\/jpeg\" \/>\n<meta name=\"author\" content=\"Tatiana Martins\" \/>\n<meta name=\"twitter:card\" content=\"summary_large_image\" \/>\n<meta name=\"twitter:label1\" content=\"Escrito por\" \/>\n\t<meta name=\"twitter:data1\" content=\"\" \/>\n\t<meta name=\"twitter:label2\" content=\"Tempo estimado de leitura\" \/>\n\t<meta name=\"twitter:data2\" content=\"4 minutos\" \/>\n<script type=\"application\/ld+json\" class=\"yoast-schema-graph\">{\"@context\":\"https:\/\/schema.org\",\"@graph\":[{\"@type\":\"Article\",\"@id\":\"http:\/\/maismagazine.pt\/index.php\/2025\/06\/27\/a-cozinha-do-manel-um-restaurante-orgulhosamente-tradicional\/#article\",\"isPartOf\":{\"@id\":\"http:\/\/maismagazine.pt\/index.php\/2025\/06\/27\/a-cozinha-do-manel-um-restaurante-orgulhosamente-tradicional\/\"},\"author\":{\"name\":\"Tatiana Martins\",\"@id\":\"http:\/\/maismagazine.pt\/#\/schema\/person\/7426e2caeb8df32a1b56aa48dae778c9\"},\"headline\":\"A Cozinha do Manel: Um restaurante orgulhosamente tradicional\",\"datePublished\":\"2025-06-27T06:00:00+00:00\",\"mainEntityOfPage\":{\"@id\":\"http:\/\/maismagazine.pt\/index.php\/2025\/06\/27\/a-cozinha-do-manel-um-restaurante-orgulhosamente-tradicional\/\"},\"wordCount\":630,\"publisher\":{\"@id\":\"http:\/\/maismagazine.pt\/#organization\"},\"image\":{\"@id\":\"http:\/\/maismagazine.pt\/index.php\/2025\/06\/27\/a-cozinha-do-manel-um-restaurante-orgulhosamente-tradicional\/#primaryimage\"},\"thumbnailUrl\":\"http:\/\/maismagazine.pt\/wp-content\/uploads\/2025\/06\/WhatsApp-Image-2024-07-11-at-16.33.11.jpeg\",\"keywords\":[\"A Cozinha do Manel\",\"Gastronomia\",\"porto\"],\"articleSection\":[\"Turismo | Vinhos | Gastronomia\"],\"inLanguage\":\"pt-PT\"},{\"@type\":\"WebPage\",\"@id\":\"http:\/\/maismagazine.pt\/index.php\/2025\/06\/27\/a-cozinha-do-manel-um-restaurante-orgulhosamente-tradicional\/\",\"url\":\"http:\/\/maismagazine.pt\/index.php\/2025\/06\/27\/a-cozinha-do-manel-um-restaurante-orgulhosamente-tradicional\/\",\"name\":\"A Cozinha do Manel: Um restaurante orgulhosamente tradicional - Mais Magazine\",\"isPartOf\":{\"@id\":\"http:\/\/maismagazine.pt\/#website\"},\"primaryImageOfPage\":{\"@id\":\"http:\/\/maismagazine.pt\/index.php\/2025\/06\/27\/a-cozinha-do-manel-um-restaurante-orgulhosamente-tradicional\/#primaryimage\"},\"image\":{\"@id\":\"http:\/\/maismagazine.pt\/index.php\/2025\/06\/27\/a-cozinha-do-manel-um-restaurante-orgulhosamente-tradicional\/#primaryimage\"},\"thumbnailUrl\":\"http:\/\/maismagazine.pt\/wp-content\/uploads\/2025\/06\/WhatsApp-Image-2024-07-11-at-16.33.11.jpeg\",\"datePublished\":\"2025-06-27T06:00:00+00:00\",\"breadcrumb\":{\"@id\":\"http:\/\/maismagazine.pt\/index.php\/2025\/06\/27\/a-cozinha-do-manel-um-restaurante-orgulhosamente-tradicional\/#breadcrumb\"},\"inLanguage\":\"pt-PT\",\"potentialAction\":[{\"@type\":\"ReadAction\",\"target\":[\"http:\/\/maismagazine.pt\/index.php\/2025\/06\/27\/a-cozinha-do-manel-um-restaurante-orgulhosamente-tradicional\/\"]}]},{\"@type\":\"ImageObject\",\"inLanguage\":\"pt-PT\",\"@id\":\"http:\/\/maismagazine.pt\/index.php\/2025\/06\/27\/a-cozinha-do-manel-um-restaurante-orgulhosamente-tradicional\/#primaryimage\",\"url\":\"http:\/\/maismagazine.pt\/wp-content\/uploads\/2025\/06\/WhatsApp-Image-2024-07-11-at-16.33.11.jpeg\",\"contentUrl\":\"http:\/\/maismagazine.pt\/wp-content\/uploads\/2025\/06\/WhatsApp-Image-2024-07-11-at-16.33.11.jpeg\",\"width\":2048,\"height\":1364},{\"@type\":\"BreadcrumbList\",\"@id\":\"http:\/\/maismagazine.pt\/index.php\/2025\/06\/27\/a-cozinha-do-manel-um-restaurante-orgulhosamente-tradicional\/#breadcrumb\",\"itemListElement\":[{\"@type\":\"ListItem\",\"position\":1,\"name\":\"Home\",\"item\":\"http:\/\/maismagazine.pt\/\"},{\"@type\":\"ListItem\",\"position\":2,\"name\":\"A Cozinha do Manel: Um restaurante orgulhosamente tradicional\"}]},{\"@type\":\"WebSite\",\"@id\":\"http:\/\/maismagazine.pt\/#website\",\"url\":\"http:\/\/maismagazine.pt\/\",\"name\":\"Mais Magazine\",\"description\":\"\",\"publisher\":{\"@id\":\"http:\/\/maismagazine.pt\/#organization\"},\"potentialAction\":[{\"@type\":\"SearchAction\",\"target\":{\"@type\":\"EntryPoint\",\"urlTemplate\":\"http:\/\/maismagazine.pt\/?s={search_term_string}\"},\"query-input\":{\"@type\":\"PropertyValueSpecification\",\"valueRequired\":true,\"valueName\":\"search_term_string\"}}],\"inLanguage\":\"pt-PT\"},{\"@type\":\"Organization\",\"@id\":\"http:\/\/maismagazine.pt\/#organization\",\"name\":\"Mais Magazine\",\"url\":\"http:\/\/maismagazine.pt\/\",\"logo\":{\"@type\":\"ImageObject\",\"inLanguage\":\"pt-PT\",\"@id\":\"http:\/\/maismagazine.pt\/#\/schema\/logo\/image\/\",\"url\":\"http:\/\/maismagazine.pt\/wp-content\/uploads\/2020\/04\/cropped-cropped-mais-magazine-site-logo-2.png\",\"contentUrl\":\"http:\/\/maismagazine.pt\/wp-content\/uploads\/2020\/04\/cropped-cropped-mais-magazine-site-logo-2.png\",\"width\":581,\"height\":90,\"caption\":\"Mais Magazine\"},\"image\":{\"@id\":\"http:\/\/maismagazine.pt\/#\/schema\/logo\/image\/\"}},{\"@type\":\"Person\",\"@id\":\"http:\/\/maismagazine.pt\/#\/schema\/person\/7426e2caeb8df32a1b56aa48dae778c9\",\"name\":\"Tatiana Martins\",\"image\":{\"@type\":\"ImageObject\",\"inLanguage\":\"pt-PT\",\"@id\":\"http:\/\/maismagazine.pt\/#\/schema\/person\/image\/\",\"url\":\"https:\/\/secure.gravatar.com\/avatar\/4b24a57f5d0425f2eb20981c4b53244e?s=96&d=mm&r=g\",\"contentUrl\":\"https:\/\/secure.gravatar.com\/avatar\/4b24a57f5d0425f2eb20981c4b53244e?s=96&d=mm&r=g\",\"caption\":\"Tatiana Martins\"},\"url\":\"http:\/\/maismagazine.pt\/index.php\/author\/tatiana\/\"}]}<\/script>\n<!-- \/ Yoast SEO plugin. -->","yoast_head_json":{"title":"A Cozinha do Manel: Um restaurante orgulhosamente tradicional - Mais Magazine","robots":{"index":"index","follow":"follow","max-snippet":"max-snippet:-1","max-image-preview":"max-image-preview:large","max-video-preview":"max-video-preview:-1"},"canonical":"http:\/\/maismagazine.pt\/index.php\/2025\/06\/27\/a-cozinha-do-manel-um-restaurante-orgulhosamente-tradicional\/","og_locale":"pt_PT","og_type":"article","og_title":"A Cozinha do Manel: Um restaurante orgulhosamente tradicional - Mais Magazine","og_description":"Especialista h\u00e1 mais de tr\u00eas d\u00e9cadas na arte de bem servir, A Cozinha do Manel \u00e9 um restaurante de paragem obrigat\u00f3ria para quem visita a cidade do Porto. Localizado no n\u00famero 215 da Rua do Hero\u00edsmo, este espa\u00e7o acolhedor abre portas de ter\u00e7a-feira a s\u00e1bado (das 12h30 \u00e0s 15h00 e&hellip;","og_url":"http:\/\/maismagazine.pt\/index.php\/2025\/06\/27\/a-cozinha-do-manel-um-restaurante-orgulhosamente-tradicional\/","og_site_name":"Mais Magazine","article_published_time":"2025-06-27T06:00:00+00:00","og_image":[{"width":2048,"height":1364,"url":"http:\/\/maismagazine.pt\/wp-content\/uploads\/2025\/06\/WhatsApp-Image-2024-07-11-at-16.33.11.jpeg","type":"image\/jpeg"}],"author":"Tatiana Martins","twitter_card":"summary_large_image","twitter_misc":{"Escrito por":false,"Tempo estimado de leitura":"4 minutos"},"schema":{"@context":"https:\/\/schema.org","@graph":[{"@type":"Article","@id":"http:\/\/maismagazine.pt\/index.php\/2025\/06\/27\/a-cozinha-do-manel-um-restaurante-orgulhosamente-tradicional\/#article","isPartOf":{"@id":"http:\/\/maismagazine.pt\/index.php\/2025\/06\/27\/a-cozinha-do-manel-um-restaurante-orgulhosamente-tradicional\/"},"author":{"name":"Tatiana Martins","@id":"http:\/\/maismagazine.pt\/#\/schema\/person\/7426e2caeb8df32a1b56aa48dae778c9"},"headline":"A Cozinha do Manel: Um restaurante orgulhosamente tradicional","datePublished":"2025-06-27T06:00:00+00:00","mainEntityOfPage":{"@id":"http:\/\/maismagazine.pt\/index.php\/2025\/06\/27\/a-cozinha-do-manel-um-restaurante-orgulhosamente-tradicional\/"},"wordCount":630,"publisher":{"@id":"http:\/\/maismagazine.pt\/#organization"},"image":{"@id":"http:\/\/maismagazine.pt\/index.php\/2025\/06\/27\/a-cozinha-do-manel-um-restaurante-orgulhosamente-tradicional\/#primaryimage"},"thumbnailUrl":"http:\/\/maismagazine.pt\/wp-content\/uploads\/2025\/06\/WhatsApp-Image-2024-07-11-at-16.33.11.jpeg","keywords":["A Cozinha do Manel","Gastronomia","porto"],"articleSection":["Turismo | Vinhos | Gastronomia"],"inLanguage":"pt-PT"},{"@type":"WebPage","@id":"http:\/\/maismagazine.pt\/index.php\/2025\/06\/27\/a-cozinha-do-manel-um-restaurante-orgulhosamente-tradicional\/","url":"http:\/\/maismagazine.pt\/index.php\/2025\/06\/27\/a-cozinha-do-manel-um-restaurante-orgulhosamente-tradicional\/","name":"A Cozinha do Manel: Um restaurante orgulhosamente tradicional - Mais Magazine","isPartOf":{"@id":"http:\/\/maismagazine.pt\/#website"},"primaryImageOfPage":{"@id":"http:\/\/maismagazine.pt\/index.php\/2025\/06\/27\/a-cozinha-do-manel-um-restaurante-orgulhosamente-tradicional\/#primaryimage"},"image":{"@id":"http:\/\/maismagazine.pt\/index.php\/2025\/06\/27\/a-cozinha-do-manel-um-restaurante-orgulhosamente-tradicional\/#primaryimage"},"thumbnailUrl":"http:\/\/maismagazine.pt\/wp-content\/uploads\/2025\/06\/WhatsApp-Image-2024-07-11-at-16.33.11.jpeg","datePublished":"2025-06-27T06:00:00+00:00","breadcrumb":{"@id":"http:\/\/maismagazine.pt\/index.php\/2025\/06\/27\/a-cozinha-do-manel-um-restaurante-orgulhosamente-tradicional\/#breadcrumb"},"inLanguage":"pt-PT","potentialAction":[{"@type":"ReadAction","target":["http:\/\/maismagazine.pt\/index.php\/2025\/06\/27\/a-cozinha-do-manel-um-restaurante-orgulhosamente-tradicional\/"]}]},{"@type":"ImageObject","inLanguage":"pt-PT","@id":"http:\/\/maismagazine.pt\/index.php\/2025\/06\/27\/a-cozinha-do-manel-um-restaurante-orgulhosamente-tradicional\/#primaryimage","url":"http:\/\/maismagazine.pt\/wp-content\/uploads\/2025\/06\/WhatsApp-Image-2024-07-11-at-16.33.11.jpeg","contentUrl":"http:\/\/maismagazine.pt\/wp-content\/uploads\/2025\/06\/WhatsApp-Image-2024-07-11-at-16.33.11.jpeg","width":2048,"height":1364},{"@type":"BreadcrumbList","@id":"http:\/\/maismagazine.pt\/index.php\/2025\/06\/27\/a-cozinha-do-manel-um-restaurante-orgulhosamente-tradicional\/#breadcrumb","itemListElement":[{"@type":"ListItem","position":1,"name":"Home","item":"http:\/\/maismagazine.pt\/"},{"@type":"ListItem","position":2,"name":"A Cozinha do Manel: Um restaurante orgulhosamente tradicional"}]},{"@type":"WebSite","@id":"http:\/\/maismagazine.pt\/#website","url":"http:\/\/maismagazine.pt\/","name":"Mais Magazine","description":"","publisher":{"@id":"http:\/\/maismagazine.pt\/#organization"},"potentialAction":[{"@type":"SearchAction","target":{"@type":"EntryPoint","urlTemplate":"http:\/\/maismagazine.pt\/?s={search_term_string}"},"query-input":{"@type":"PropertyValueSpecification","valueRequired":true,"valueName":"search_term_string"}}],"inLanguage":"pt-PT"},{"@type":"Organization","@id":"http:\/\/maismagazine.pt\/#organization","name":"Mais Magazine","url":"http:\/\/maismagazine.pt\/","logo":{"@type":"ImageObject","inLanguage":"pt-PT","@id":"http:\/\/maismagazine.pt\/#\/schema\/logo\/image\/","url":"http:\/\/maismagazine.pt\/wp-content\/uploads\/2020\/04\/cropped-cropped-mais-magazine-site-logo-2.png","contentUrl":"http:\/\/maismagazine.pt\/wp-content\/uploads\/2020\/04\/cropped-cropped-mais-magazine-site-logo-2.png","width":581,"height":90,"caption":"Mais Magazine"},"image":{"@id":"http:\/\/maismagazine.pt\/#\/schema\/logo\/image\/"}},{"@type":"Person","@id":"http:\/\/maismagazine.pt\/#\/schema\/person\/7426e2caeb8df32a1b56aa48dae778c9","name":"Tatiana Martins","image":{"@type":"ImageObject","inLanguage":"pt-PT","@id":"http:\/\/maismagazine.pt\/#\/schema\/person\/image\/","url":"https:\/\/secure.gravatar.com\/avatar\/4b24a57f5d0425f2eb20981c4b53244e?s=96&d=mm&r=g","contentUrl":"https:\/\/secure.gravatar.com\/avatar\/4b24a57f5d0425f2eb20981c4b53244e?s=96&d=mm&r=g","caption":"Tatiana Martins"},"url":"http:\/\/maismagazine.pt\/index.php\/author\/tatiana\/"}]}},"author_meta":{"display_name":false,"author_link":"http:\/\/maismagazine.pt\/index.php\/author\/tatiana\/"},"featured_img":"http:\/\/maismagazine.pt\/wp-content\/uploads\/2025\/06\/WhatsApp-Image-2024-07-11-at-16.33.11-300x200.jpeg","coauthors":[],"tax_additional":{"categories":{"linked":["<a href=\"http:\/\/maismagazine.pt\/index.php\/category\/turismo-restaurantes\/\" class=\"advgb-post-tax-term\">Turismo | Vinhos | Gastronomia<\/a>"],"unlinked":["<span class=\"advgb-post-tax-term\">Turismo | Vinhos | Gastronomia<\/span>"]},"tags":{"linked":["<a href=\"http:\/\/maismagazine.pt\/index.php\/category\/turismo-restaurantes\/\" class=\"advgb-post-tax-term\">A Cozinha do Manel<\/a>","<a href=\"http:\/\/maismagazine.pt\/index.php\/category\/turismo-restaurantes\/\" class=\"advgb-post-tax-term\">Gastronomia<\/a>","<a href=\"http:\/\/maismagazine.pt\/index.php\/category\/turismo-restaurantes\/\" class=\"advgb-post-tax-term\">porto<\/a>"],"unlinked":["<span class=\"advgb-post-tax-term\">A Cozinha do Manel<\/span>","<span class=\"advgb-post-tax-term\">Gastronomia<\/span>","<span class=\"advgb-post-tax-term\">porto<\/span>"]}},"comment_count":"0","relative_dates":{"created":"Posted 10 meses ago","modified":"Updated 10 meses ago"},"absolute_dates":{"created":"Posted on 27 de Junho, 2025","modified":"Updated on 26 de Junho, 2025"},"absolute_dates_time":{"created":"Posted on 27 de Junho, 2025 7:00","modified":"Updated on 26 de Junho, 2025 14:24"},"featured_img_caption":"","series_order":"","_links":{"self":[{"href":"http:\/\/maismagazine.pt\/index.php\/wp-json\/wp\/v2\/posts\/12310","targetHints":{"allow":["GET"]}}],"collection":[{"href":"http:\/\/maismagazine.pt\/index.php\/wp-json\/wp\/v2\/posts"}],"about":[{"href":"http:\/\/maismagazine.pt\/index.php\/wp-json\/wp\/v2\/types\/post"}],"author":[{"embeddable":true,"href":"http:\/\/maismagazine.pt\/index.php\/wp-json\/wp\/v2\/users\/18"}],"replies":[{"embeddable":true,"href":"http:\/\/maismagazine.pt\/index.php\/wp-json\/wp\/v2\/comments?post=12310"}],"version-history":[{"count":1,"href":"http:\/\/maismagazine.pt\/index.php\/wp-json\/wp\/v2\/posts\/12310\/revisions"}],"predecessor-version":[{"id":12318,"href":"http:\/\/maismagazine.pt\/index.php\/wp-json\/wp\/v2\/posts\/12310\/revisions\/12318"}],"wp:featuredmedia":[{"embeddable":true,"href":"http:\/\/maismagazine.pt\/index.php\/wp-json\/wp\/v2\/media\/12313"}],"wp:attachment":[{"href":"http:\/\/maismagazine.pt\/index.php\/wp-json\/wp\/v2\/media?parent=12310"}],"wp:term":[{"taxonomy":"category","embeddable":true,"href":"http:\/\/maismagazine.pt\/index.php\/wp-json\/wp\/v2\/categories?post=12310"},{"taxonomy":"post_tag","embeddable":true,"href":"http:\/\/maismagazine.pt\/index.php\/wp-json\/wp\/v2\/tags?post=12310"}],"curies":[{"name":"wp","href":"https:\/\/api.w.org\/{rel}","templated":true}]}}