{"id":12296,"date":"2025-06-27T07:00:00","date_gmt":"2025-06-27T06:00:00","guid":{"rendered":"https:\/\/maismagazine.pt\/?p=12296"},"modified":"2025-06-26T14:18:50","modified_gmt":"2025-06-26T13:18:50","slug":"marisqueira-do-porto-o-sabor-do-mar-a-mesa","status":"publish","type":"post","link":"http:\/\/maismagazine.pt\/index.php\/2025\/06\/27\/marisqueira-do-porto-o-sabor-do-mar-a-mesa\/","title":{"rendered":"Marisqueira do Porto: O sabor do mar \u00e0 mesa"},"content":{"rendered":"\n<p><strong>Localizado no cora\u00e7\u00e3o da cidade Invicta e num espa\u00e7o com quase cinco d\u00e9cadas de hist\u00f3ria, a Marisqueira do Porto \u00e9 um ponto de paragem obrigat\u00f3rio para todos os amantes de marisco e da ic\u00f3nica francesinha. A Mais Magazine esteve \u00e0 conversa com um dos propriet\u00e1rios do espa\u00e7o, Avelino Sousa, que nos conta como este local se assume como uma casa de afetos, onde cada refei\u00e7\u00e3o \u00e9 uma experi\u00eancia e cada cliente \u00e9 recebido com proximidade e genuinidade, bem \u00e0 moda do Porto.<\/strong> <\/p>\n\n\n\n<p><\/p>\n\n\n\n<p>Muitos dizem que a verdadeira alma e beleza da cidade do Porto reside na hist\u00f3ria que se revela em cada edif\u00edcio, cada esquina e cada detalhe silencioso que conta s\u00e9culos de viv\u00eancias. Num desses lugares cheios de mem\u00f3ria, com quase cinco d\u00e9cadas de hist\u00f3rias para contar, funcionou o ic\u00f3nico Gambamar. Em 2014, este espa\u00e7o foi adquirido pelo Grupo Requinte de Carlos Magalh\u00e3es, que lhe deu uma nova vida, uma nova identidade e um novo nome: a Marisqueira do Porto.<\/p>\n\n\n<div class=\"wp-block-image\">\n<figure class=\"alignleft size-full is-resized\"><img loading=\"lazy\" decoding=\"async\" width=\"468\" height=\"702\" src=\"https:\/\/maismagazine.pt\/wp-content\/uploads\/2025\/06\/marisqueira-jan24-387.jpg\" alt=\"\" class=\"wp-image-12303\" style=\"width:230px;height:auto\" srcset=\"http:\/\/maismagazine.pt\/wp-content\/uploads\/2025\/06\/marisqueira-jan24-387.jpg 468w, http:\/\/maismagazine.pt\/wp-content\/uploads\/2025\/06\/marisqueira-jan24-387-200x300.jpg 200w\" sizes=\"auto, (max-width: 468px) 100vw, 468px\" \/><\/figure><\/div>\n\n\n<p>Avelino Sousa \u00e9 o timoneiro desta nova etapa, que desde o princ\u00edpio se prop\u00f4s a levar \u00e0 mesa os melhores sabores do mar, sempre com respeito pelo legado de um local t\u00e3o simb\u00f3lico para os portuenses. Preservar a liga\u00e7\u00e3o profunda com a cidade e com as suas gentes, ao mesmo tempo que se imprime uma identidade renovada e alinhada com os valores do grupo e com a exig\u00eancia de quem o visita, \u00e9 o fio condutor do trabalho desenvolvido por Avelino Sousa. \u201cQuis &#8211; e continuo a querer &#8211; levar esta casa a um bom porto, fazendo dela um ponto de encontro para os portuenses e um local obrigat\u00f3rio para quem visita a cidade e quer sentir a sua verdadeira alma\u201d, afirma. <\/p>\n\n\n\n<p><\/p>\n\n\n\n<p>O marisco e o peixe s\u00e3o os grandes ex-libris da carta da Marisqueira do Porto. O restaurante oferece combinados de marisco e marisco ao quilo, mas tamb\u00e9m pratos quentes que j\u00e1 s\u00e3o incontorn\u00e1veis &#8211; o arroz de lavagante, o arroz de marisco, os peixes grelhados na brasa e a posta \u00e0 Marisqueira do Porto. Ainda que possa surpreender e fazendo jus \u00e0 pr\u00f3xima liga\u00e7\u00e3o com a comunidade portuense, a francesinha tamb\u00e9m tem um lugar muito especial neste espa\u00e7o. \u201c\u00c9 curioso como muitas pessoas se surpreendem ao ver este cl\u00e1ssico portuense numa marisqueira, mas a verdade \u00e9 que muitos acabam por voltar&#8230; precisamente por causa dela\u201d, conta Avelino Sousa. <\/p>\n\n\n<div class=\"wp-block-image\">\n<figure class=\"alignright size-full is-resized\"><img loading=\"lazy\" decoding=\"async\" width=\"437\" height=\"656\" src=\"https:\/\/maismagazine.pt\/wp-content\/uploads\/2025\/06\/Marisqueira-dez24-205.jpg\" alt=\"\" class=\"wp-image-12305\" style=\"width:234px;height:auto\" srcset=\"http:\/\/maismagazine.pt\/wp-content\/uploads\/2025\/06\/Marisqueira-dez24-205.jpg 437w, http:\/\/maismagazine.pt\/wp-content\/uploads\/2025\/06\/Marisqueira-dez24-205-200x300.jpg 200w\" sizes=\"auto, (max-width: 437px) 100vw, 437px\" \/><\/figure><\/div>\n\n\n<p>A verdadeira alma portuense encontra-se espelhada em cada detalhe da Marisqueira do Porto, desde a cozinha inspirada nos sabores tradicionais, at\u00e9 \u00e0 cl\u00e1ssica hospitalidade associada ao povo nortenho na rece\u00e7\u00e3o e atendimento. Ali\u00e1s, a proximidade com o cliente e a genuinidade s\u00e3o as linhas de diferencia\u00e7\u00e3o deste espa\u00e7o que acolhe todos como fam\u00edlia. \u201cGosto de estar presente na sala, de receber cada cliente como se estivesse a receber algu\u00e9m na minha casa. Partilho hist\u00f3rias, dou dicas sobre a cidade, crio liga\u00e7\u00f5es reais. H\u00e1 quem venha pelo marisco, e quem venha tamb\u00e9m por essa proximidade. Muitos clientes dizem-nos que aqui se sentem como numa casa de fam\u00edlia \u2014 e \u00e9 exatamente isso que quero transmitir.\u201d <\/p>\n\n\n\n<p><\/p>\n\n\n\n<p>Atenta \u00e0s novas tend\u00eancias do mercado, a Marisqueira do Porto tem investido com sucesso no sistema de delivery, que tem registado um crescimento not\u00e1vel. Paralelamente, prepara-se para renovar a sua sala, criando um ambiente ainda mais acolhedor para todos os que a visitam. <\/p>\n\n\n\n<p><\/p>\n\n\n\n<p>O futuro \u00e9 uma p\u00e1gina em branco, pronta para ser preenchida com novas hist\u00f3rias e mem\u00f3rias que perpetuem o vasto legado desta casa t\u00e3o especial. Para Avelino Sousa, o caminho est\u00e1 bem definido: \u201ccontinuar a cultivar esta forma \u00fanica de ser e de receber, que \u00e9 t\u00e3o nossa, t\u00e3o nortenha\u201d. <\/p>\n\n\n\n<p><\/p>\n\n\n<div class=\"wp-block-image\">\n<figure class=\"aligncenter size-large is-resized\"><img loading=\"lazy\" decoding=\"async\" width=\"1024\" height=\"1024\" src=\"https:\/\/maismagazine.pt\/wp-content\/uploads\/2025\/06\/324928499_698519018441667_4261928904961650671_n-1024x1024.png\" alt=\"\" class=\"wp-image-12308\" style=\"width:256px;height:auto\" srcset=\"http:\/\/maismagazine.pt\/wp-content\/uploads\/2025\/06\/324928499_698519018441667_4261928904961650671_n-1024x1024.png 1024w, http:\/\/maismagazine.pt\/wp-content\/uploads\/2025\/06\/324928499_698519018441667_4261928904961650671_n-300x300.png 300w, http:\/\/maismagazine.pt\/wp-content\/uploads\/2025\/06\/324928499_698519018441667_4261928904961650671_n-150x150.png 150w, http:\/\/maismagazine.pt\/wp-content\/uploads\/2025\/06\/324928499_698519018441667_4261928904961650671_n-768x768.png 768w, http:\/\/maismagazine.pt\/wp-content\/uploads\/2025\/06\/324928499_698519018441667_4261928904961650671_n.png 1534w\" sizes=\"auto, (max-width: 1024px) 100vw, 1024px\" \/><\/figure><\/div>\n\n\n<p><\/p>\n","protected":false},"excerpt":{"rendered":"<p>Localizado no cora\u00e7\u00e3o da cidade Invicta e num espa\u00e7o com quase cinco d\u00e9cadas de hist\u00f3ria, a Marisqueira do Porto \u00e9 um ponto de paragem obrigat\u00f3rio para todos os amantes de marisco e da ic\u00f3nica francesinha. A Mais Magazine esteve \u00e0 conversa com um dos propriet\u00e1rios do espa\u00e7o, Avelino Sousa, que&hellip;<\/p>\n","protected":false},"author":18,"featured_media":12301,"comment_status":"closed","ping_status":"open","sticky":false,"template":"","format":"standard","meta":{"advgb_blocks_editor_width":"","advgb_blocks_columns_visual_guide":"","_monsterinsights_skip_tracking":false,"_monsterinsights_sitenote_active":false,"_monsterinsights_sitenote_note":"","_monsterinsights_sitenote_category":0,"footnotes":""},"categories":[53],"tags":[283,2391,259],"class_list":["post-12296","post","type-post","status-publish","format-standard","has-post-thumbnail","hentry","category-turismo-restaurantes","tag-gastronomia","tag-marisqueira-do-porto","tag-porto"],"yoast_head":"<!-- This site is optimized with the Yoast SEO plugin v24.4 - https:\/\/yoast.com\/wordpress\/plugins\/seo\/ -->\n<title>Marisqueira do Porto: O sabor do mar \u00e0 mesa - Mais Magazine<\/title>\n<meta name=\"robots\" content=\"index, follow, max-snippet:-1, max-image-preview:large, max-video-preview:-1\" \/>\n<link rel=\"canonical\" href=\"http:\/\/maismagazine.pt\/index.php\/2025\/06\/27\/marisqueira-do-porto-o-sabor-do-mar-a-mesa\/\" \/>\n<meta property=\"og:locale\" content=\"pt_PT\" \/>\n<meta property=\"og:type\" content=\"article\" \/>\n<meta property=\"og:title\" content=\"Marisqueira do Porto: O sabor do mar \u00e0 mesa - Mais Magazine\" \/>\n<meta property=\"og:description\" content=\"Localizado no cora\u00e7\u00e3o da cidade Invicta e num espa\u00e7o com quase cinco d\u00e9cadas de hist\u00f3ria, a Marisqueira do Porto \u00e9 um ponto de paragem obrigat\u00f3rio para todos os amantes de marisco e da ic\u00f3nica francesinha. A Mais Magazine esteve \u00e0 conversa com um dos propriet\u00e1rios do espa\u00e7o, Avelino Sousa, que&hellip;\" \/>\n<meta property=\"og:url\" content=\"http:\/\/maismagazine.pt\/index.php\/2025\/06\/27\/marisqueira-do-porto-o-sabor-do-mar-a-mesa\/\" \/>\n<meta property=\"og:site_name\" content=\"Mais Magazine\" \/>\n<meta property=\"article:published_time\" content=\"2025-06-27T06:00:00+00:00\" \/>\n<meta property=\"og:image\" content=\"http:\/\/maismagazine.pt\/wp-content\/uploads\/2025\/06\/marisqueira-jan24-399-683x1024.jpg\" \/>\n\t<meta property=\"og:image:width\" content=\"683\" \/>\n\t<meta property=\"og:image:height\" content=\"1024\" \/>\n\t<meta property=\"og:image:type\" content=\"image\/jpeg\" \/>\n<meta name=\"author\" content=\"Tatiana Martins\" \/>\n<meta name=\"twitter:card\" content=\"summary_large_image\" \/>\n<meta name=\"twitter:label1\" content=\"Escrito por\" \/>\n\t<meta name=\"twitter:data1\" content=\"\" \/>\n\t<meta name=\"twitter:label2\" content=\"Tempo estimado de leitura\" \/>\n\t<meta name=\"twitter:data2\" content=\"5 minutos\" \/>\n<script type=\"application\/ld+json\" class=\"yoast-schema-graph\">{\"@context\":\"https:\/\/schema.org\",\"@graph\":[{\"@type\":\"Article\",\"@id\":\"http:\/\/maismagazine.pt\/index.php\/2025\/06\/27\/marisqueira-do-porto-o-sabor-do-mar-a-mesa\/#article\",\"isPartOf\":{\"@id\":\"http:\/\/maismagazine.pt\/index.php\/2025\/06\/27\/marisqueira-do-porto-o-sabor-do-mar-a-mesa\/\"},\"author\":{\"name\":\"Tatiana Martins\",\"@id\":\"https:\/\/maismagazine.pt\/#\/schema\/person\/7426e2caeb8df32a1b56aa48dae778c9\"},\"headline\":\"Marisqueira do Porto: O sabor do mar \u00e0 mesa\",\"datePublished\":\"2025-06-27T06:00:00+00:00\",\"mainEntityOfPage\":{\"@id\":\"http:\/\/maismagazine.pt\/index.php\/2025\/06\/27\/marisqueira-do-porto-o-sabor-do-mar-a-mesa\/\"},\"wordCount\":644,\"publisher\":{\"@id\":\"https:\/\/maismagazine.pt\/#organization\"},\"image\":{\"@id\":\"http:\/\/maismagazine.pt\/index.php\/2025\/06\/27\/marisqueira-do-porto-o-sabor-do-mar-a-mesa\/#primaryimage\"},\"thumbnailUrl\":\"http:\/\/maismagazine.pt\/wp-content\/uploads\/2025\/06\/marisqueira-jan24-399.jpg\",\"keywords\":[\"Gastronomia\",\"Marisqueira do Porto\",\"porto\"],\"articleSection\":[\"Turismo | Vinhos | Gastronomia\"],\"inLanguage\":\"pt-PT\"},{\"@type\":\"WebPage\",\"@id\":\"http:\/\/maismagazine.pt\/index.php\/2025\/06\/27\/marisqueira-do-porto-o-sabor-do-mar-a-mesa\/\",\"url\":\"http:\/\/maismagazine.pt\/index.php\/2025\/06\/27\/marisqueira-do-porto-o-sabor-do-mar-a-mesa\/\",\"name\":\"Marisqueira do Porto: O sabor do mar \u00e0 mesa - Mais Magazine\",\"isPartOf\":{\"@id\":\"https:\/\/maismagazine.pt\/#website\"},\"primaryImageOfPage\":{\"@id\":\"http:\/\/maismagazine.pt\/index.php\/2025\/06\/27\/marisqueira-do-porto-o-sabor-do-mar-a-mesa\/#primaryimage\"},\"image\":{\"@id\":\"http:\/\/maismagazine.pt\/index.php\/2025\/06\/27\/marisqueira-do-porto-o-sabor-do-mar-a-mesa\/#primaryimage\"},\"thumbnailUrl\":\"http:\/\/maismagazine.pt\/wp-content\/uploads\/2025\/06\/marisqueira-jan24-399.jpg\",\"datePublished\":\"2025-06-27T06:00:00+00:00\",\"breadcrumb\":{\"@id\":\"http:\/\/maismagazine.pt\/index.php\/2025\/06\/27\/marisqueira-do-porto-o-sabor-do-mar-a-mesa\/#breadcrumb\"},\"inLanguage\":\"pt-PT\",\"potentialAction\":[{\"@type\":\"ReadAction\",\"target\":[\"http:\/\/maismagazine.pt\/index.php\/2025\/06\/27\/marisqueira-do-porto-o-sabor-do-mar-a-mesa\/\"]}]},{\"@type\":\"ImageObject\",\"inLanguage\":\"pt-PT\",\"@id\":\"http:\/\/maismagazine.pt\/index.php\/2025\/06\/27\/marisqueira-do-porto-o-sabor-do-mar-a-mesa\/#primaryimage\",\"url\":\"http:\/\/maismagazine.pt\/wp-content\/uploads\/2025\/06\/marisqueira-jan24-399.jpg\",\"contentUrl\":\"http:\/\/maismagazine.pt\/wp-content\/uploads\/2025\/06\/marisqueira-jan24-399.jpg\",\"width\":1675,\"height\":2512,\"caption\":\"Avelino Sousa, Propriet\u00e1rio da Marisqueira do Porto\"},{\"@type\":\"BreadcrumbList\",\"@id\":\"http:\/\/maismagazine.pt\/index.php\/2025\/06\/27\/marisqueira-do-porto-o-sabor-do-mar-a-mesa\/#breadcrumb\",\"itemListElement\":[{\"@type\":\"ListItem\",\"position\":1,\"name\":\"Home\",\"item\":\"https:\/\/maismagazine.pt\/\"},{\"@type\":\"ListItem\",\"position\":2,\"name\":\"Marisqueira do Porto: O sabor do mar \u00e0 mesa\"}]},{\"@type\":\"WebSite\",\"@id\":\"https:\/\/maismagazine.pt\/#website\",\"url\":\"https:\/\/maismagazine.pt\/\",\"name\":\"Mais Magazine\",\"description\":\"\",\"publisher\":{\"@id\":\"https:\/\/maismagazine.pt\/#organization\"},\"potentialAction\":[{\"@type\":\"SearchAction\",\"target\":{\"@type\":\"EntryPoint\",\"urlTemplate\":\"https:\/\/maismagazine.pt\/?s={search_term_string}\"},\"query-input\":{\"@type\":\"PropertyValueSpecification\",\"valueRequired\":true,\"valueName\":\"search_term_string\"}}],\"inLanguage\":\"pt-PT\"},{\"@type\":\"Organization\",\"@id\":\"https:\/\/maismagazine.pt\/#organization\",\"name\":\"Mais Magazine\",\"url\":\"https:\/\/maismagazine.pt\/\",\"logo\":{\"@type\":\"ImageObject\",\"inLanguage\":\"pt-PT\",\"@id\":\"https:\/\/maismagazine.pt\/#\/schema\/logo\/image\/\",\"url\":\"http:\/\/maismagazine.pt\/wp-content\/uploads\/2020\/04\/cropped-cropped-mais-magazine-site-logo-2.png\",\"contentUrl\":\"http:\/\/maismagazine.pt\/wp-content\/uploads\/2020\/04\/cropped-cropped-mais-magazine-site-logo-2.png\",\"width\":581,\"height\":90,\"caption\":\"Mais Magazine\"},\"image\":{\"@id\":\"https:\/\/maismagazine.pt\/#\/schema\/logo\/image\/\"}},{\"@type\":\"Person\",\"@id\":\"https:\/\/maismagazine.pt\/#\/schema\/person\/7426e2caeb8df32a1b56aa48dae778c9\",\"name\":\"Tatiana Martins\",\"image\":{\"@type\":\"ImageObject\",\"inLanguage\":\"pt-PT\",\"@id\":\"https:\/\/maismagazine.pt\/#\/schema\/person\/image\/\",\"url\":\"https:\/\/secure.gravatar.com\/avatar\/4b24a57f5d0425f2eb20981c4b53244e?s=96&d=mm&r=g\",\"contentUrl\":\"https:\/\/secure.gravatar.com\/avatar\/4b24a57f5d0425f2eb20981c4b53244e?s=96&d=mm&r=g\",\"caption\":\"Tatiana Martins\"},\"url\":\"http:\/\/maismagazine.pt\/index.php\/author\/tatiana\/\"}]}<\/script>\n<!-- \/ Yoast SEO plugin. -->","yoast_head_json":{"title":"Marisqueira do Porto: O sabor do mar \u00e0 mesa - Mais Magazine","robots":{"index":"index","follow":"follow","max-snippet":"max-snippet:-1","max-image-preview":"max-image-preview:large","max-video-preview":"max-video-preview:-1"},"canonical":"http:\/\/maismagazine.pt\/index.php\/2025\/06\/27\/marisqueira-do-porto-o-sabor-do-mar-a-mesa\/","og_locale":"pt_PT","og_type":"article","og_title":"Marisqueira do Porto: O sabor do mar \u00e0 mesa - Mais Magazine","og_description":"Localizado no cora\u00e7\u00e3o da cidade Invicta e num espa\u00e7o com quase cinco d\u00e9cadas de hist\u00f3ria, a Marisqueira do Porto \u00e9 um ponto de paragem obrigat\u00f3rio para todos os amantes de marisco e da ic\u00f3nica francesinha. A Mais Magazine esteve \u00e0 conversa com um dos propriet\u00e1rios do espa\u00e7o, Avelino Sousa, que&hellip;","og_url":"http:\/\/maismagazine.pt\/index.php\/2025\/06\/27\/marisqueira-do-porto-o-sabor-do-mar-a-mesa\/","og_site_name":"Mais Magazine","article_published_time":"2025-06-27T06:00:00+00:00","og_image":[{"width":683,"height":1024,"url":"http:\/\/maismagazine.pt\/wp-content\/uploads\/2025\/06\/marisqueira-jan24-399-683x1024.jpg","type":"image\/jpeg"}],"author":"Tatiana Martins","twitter_card":"summary_large_image","twitter_misc":{"Escrito por":false,"Tempo estimado de leitura":"5 minutos"},"schema":{"@context":"https:\/\/schema.org","@graph":[{"@type":"Article","@id":"http:\/\/maismagazine.pt\/index.php\/2025\/06\/27\/marisqueira-do-porto-o-sabor-do-mar-a-mesa\/#article","isPartOf":{"@id":"http:\/\/maismagazine.pt\/index.php\/2025\/06\/27\/marisqueira-do-porto-o-sabor-do-mar-a-mesa\/"},"author":{"name":"Tatiana Martins","@id":"https:\/\/maismagazine.pt\/#\/schema\/person\/7426e2caeb8df32a1b56aa48dae778c9"},"headline":"Marisqueira do Porto: O sabor do mar \u00e0 mesa","datePublished":"2025-06-27T06:00:00+00:00","mainEntityOfPage":{"@id":"http:\/\/maismagazine.pt\/index.php\/2025\/06\/27\/marisqueira-do-porto-o-sabor-do-mar-a-mesa\/"},"wordCount":644,"publisher":{"@id":"https:\/\/maismagazine.pt\/#organization"},"image":{"@id":"http:\/\/maismagazine.pt\/index.php\/2025\/06\/27\/marisqueira-do-porto-o-sabor-do-mar-a-mesa\/#primaryimage"},"thumbnailUrl":"http:\/\/maismagazine.pt\/wp-content\/uploads\/2025\/06\/marisqueira-jan24-399.jpg","keywords":["Gastronomia","Marisqueira do Porto","porto"],"articleSection":["Turismo | Vinhos | Gastronomia"],"inLanguage":"pt-PT"},{"@type":"WebPage","@id":"http:\/\/maismagazine.pt\/index.php\/2025\/06\/27\/marisqueira-do-porto-o-sabor-do-mar-a-mesa\/","url":"http:\/\/maismagazine.pt\/index.php\/2025\/06\/27\/marisqueira-do-porto-o-sabor-do-mar-a-mesa\/","name":"Marisqueira do Porto: O sabor do mar \u00e0 mesa - Mais Magazine","isPartOf":{"@id":"https:\/\/maismagazine.pt\/#website"},"primaryImageOfPage":{"@id":"http:\/\/maismagazine.pt\/index.php\/2025\/06\/27\/marisqueira-do-porto-o-sabor-do-mar-a-mesa\/#primaryimage"},"image":{"@id":"http:\/\/maismagazine.pt\/index.php\/2025\/06\/27\/marisqueira-do-porto-o-sabor-do-mar-a-mesa\/#primaryimage"},"thumbnailUrl":"http:\/\/maismagazine.pt\/wp-content\/uploads\/2025\/06\/marisqueira-jan24-399.jpg","datePublished":"2025-06-27T06:00:00+00:00","breadcrumb":{"@id":"http:\/\/maismagazine.pt\/index.php\/2025\/06\/27\/marisqueira-do-porto-o-sabor-do-mar-a-mesa\/#breadcrumb"},"inLanguage":"pt-PT","potentialAction":[{"@type":"ReadAction","target":["http:\/\/maismagazine.pt\/index.php\/2025\/06\/27\/marisqueira-do-porto-o-sabor-do-mar-a-mesa\/"]}]},{"@type":"ImageObject","inLanguage":"pt-PT","@id":"http:\/\/maismagazine.pt\/index.php\/2025\/06\/27\/marisqueira-do-porto-o-sabor-do-mar-a-mesa\/#primaryimage","url":"http:\/\/maismagazine.pt\/wp-content\/uploads\/2025\/06\/marisqueira-jan24-399.jpg","contentUrl":"http:\/\/maismagazine.pt\/wp-content\/uploads\/2025\/06\/marisqueira-jan24-399.jpg","width":1675,"height":2512,"caption":"Avelino Sousa, Propriet\u00e1rio da Marisqueira do Porto"},{"@type":"BreadcrumbList","@id":"http:\/\/maismagazine.pt\/index.php\/2025\/06\/27\/marisqueira-do-porto-o-sabor-do-mar-a-mesa\/#breadcrumb","itemListElement":[{"@type":"ListItem","position":1,"name":"Home","item":"https:\/\/maismagazine.pt\/"},{"@type":"ListItem","position":2,"name":"Marisqueira do Porto: O sabor do mar \u00e0 mesa"}]},{"@type":"WebSite","@id":"https:\/\/maismagazine.pt\/#website","url":"https:\/\/maismagazine.pt\/","name":"Mais Magazine","description":"","publisher":{"@id":"https:\/\/maismagazine.pt\/#organization"},"potentialAction":[{"@type":"SearchAction","target":{"@type":"EntryPoint","urlTemplate":"https:\/\/maismagazine.pt\/?s={search_term_string}"},"query-input":{"@type":"PropertyValueSpecification","valueRequired":true,"valueName":"search_term_string"}}],"inLanguage":"pt-PT"},{"@type":"Organization","@id":"https:\/\/maismagazine.pt\/#organization","name":"Mais Magazine","url":"https:\/\/maismagazine.pt\/","logo":{"@type":"ImageObject","inLanguage":"pt-PT","@id":"https:\/\/maismagazine.pt\/#\/schema\/logo\/image\/","url":"http:\/\/maismagazine.pt\/wp-content\/uploads\/2020\/04\/cropped-cropped-mais-magazine-site-logo-2.png","contentUrl":"http:\/\/maismagazine.pt\/wp-content\/uploads\/2020\/04\/cropped-cropped-mais-magazine-site-logo-2.png","width":581,"height":90,"caption":"Mais Magazine"},"image":{"@id":"https:\/\/maismagazine.pt\/#\/schema\/logo\/image\/"}},{"@type":"Person","@id":"https:\/\/maismagazine.pt\/#\/schema\/person\/7426e2caeb8df32a1b56aa48dae778c9","name":"Tatiana Martins","image":{"@type":"ImageObject","inLanguage":"pt-PT","@id":"https:\/\/maismagazine.pt\/#\/schema\/person\/image\/","url":"https:\/\/secure.gravatar.com\/avatar\/4b24a57f5d0425f2eb20981c4b53244e?s=96&d=mm&r=g","contentUrl":"https:\/\/secure.gravatar.com\/avatar\/4b24a57f5d0425f2eb20981c4b53244e?s=96&d=mm&r=g","caption":"Tatiana Martins"},"url":"http:\/\/maismagazine.pt\/index.php\/author\/tatiana\/"}]}},"author_meta":{"display_name":false,"author_link":"http:\/\/maismagazine.pt\/index.php\/author\/tatiana\/"},"featured_img":"http:\/\/maismagazine.pt\/wp-content\/uploads\/2025\/06\/marisqueira-jan24-399-200x300.jpg","coauthors":[],"tax_additional":{"categories":{"linked":["<a href=\"http:\/\/maismagazine.pt\/index.php\/category\/turismo-restaurantes\/\" class=\"advgb-post-tax-term\">Turismo | Vinhos | Gastronomia<\/a>"],"unlinked":["<span class=\"advgb-post-tax-term\">Turismo | Vinhos | Gastronomia<\/span>"]},"tags":{"linked":["<a href=\"http:\/\/maismagazine.pt\/index.php\/category\/turismo-restaurantes\/\" class=\"advgb-post-tax-term\">Gastronomia<\/a>","<a href=\"http:\/\/maismagazine.pt\/index.php\/category\/turismo-restaurantes\/\" class=\"advgb-post-tax-term\">Marisqueira do Porto<\/a>","<a href=\"http:\/\/maismagazine.pt\/index.php\/category\/turismo-restaurantes\/\" class=\"advgb-post-tax-term\">porto<\/a>"],"unlinked":["<span class=\"advgb-post-tax-term\">Gastronomia<\/span>","<span class=\"advgb-post-tax-term\">Marisqueira do Porto<\/span>","<span class=\"advgb-post-tax-term\">porto<\/span>"]}},"comment_count":"0","relative_dates":{"created":"Posted 10 meses ago","modified":"Updated 10 meses ago"},"absolute_dates":{"created":"Posted on 27 de Junho, 2025","modified":"Updated on 26 de Junho, 2025"},"absolute_dates_time":{"created":"Posted on 27 de Junho, 2025 7:00","modified":"Updated on 26 de Junho, 2025 14:18"},"featured_img_caption":"Avelino Sousa, Propriet\u00e1rio da Marisqueira do Porto","series_order":"","_links":{"self":[{"href":"http:\/\/maismagazine.pt\/index.php\/wp-json\/wp\/v2\/posts\/12296","targetHints":{"allow":["GET"]}}],"collection":[{"href":"http:\/\/maismagazine.pt\/index.php\/wp-json\/wp\/v2\/posts"}],"about":[{"href":"http:\/\/maismagazine.pt\/index.php\/wp-json\/wp\/v2\/types\/post"}],"author":[{"embeddable":true,"href":"http:\/\/maismagazine.pt\/index.php\/wp-json\/wp\/v2\/users\/18"}],"replies":[{"embeddable":true,"href":"http:\/\/maismagazine.pt\/index.php\/wp-json\/wp\/v2\/comments?post=12296"}],"version-history":[{"count":1,"href":"http:\/\/maismagazine.pt\/index.php\/wp-json\/wp\/v2\/posts\/12296\/revisions"}],"predecessor-version":[{"id":12309,"href":"http:\/\/maismagazine.pt\/index.php\/wp-json\/wp\/v2\/posts\/12296\/revisions\/12309"}],"wp:featuredmedia":[{"embeddable":true,"href":"http:\/\/maismagazine.pt\/index.php\/wp-json\/wp\/v2\/media\/12301"}],"wp:attachment":[{"href":"http:\/\/maismagazine.pt\/index.php\/wp-json\/wp\/v2\/media?parent=12296"}],"wp:term":[{"taxonomy":"category","embeddable":true,"href":"http:\/\/maismagazine.pt\/index.php\/wp-json\/wp\/v2\/categories?post=12296"},{"taxonomy":"post_tag","embeddable":true,"href":"http:\/\/maismagazine.pt\/index.php\/wp-json\/wp\/v2\/tags?post=12296"}],"curies":[{"name":"wp","href":"https:\/\/api.w.org\/{rel}","templated":true}]}}