{"id":12242,"date":"2025-06-10T07:00:00","date_gmt":"2025-06-10T06:00:00","guid":{"rendered":"https:\/\/maismagazine.pt\/?p=12242"},"modified":"2025-06-04T15:43:50","modified_gmt":"2025-06-04T14:43:50","slug":"lousa-um-destino-de-natureza-aventura-e-cultura","status":"publish","type":"post","link":"http:\/\/maismagazine.pt\/index.php\/2025\/06\/10\/lousa-um-destino-de-natureza-aventura-e-cultura\/","title":{"rendered":"Lous\u00e3: Um destino de natureza, aventura e cultura"},"content":{"rendered":"\n<p><strong>Entre serras cobertas de verde e aldeias que parecem sa\u00eddas de um conto de fadas, a <a href=\"http:\/\/www.cm-lousa.pt\">Lous\u00e3<\/a> encanta como uma verdadeira \u201cterra de emo\u00e7\u00f5es\u201d. Com paisagens de cortar a respira\u00e7\u00e3o, hist\u00f3ria rica e a autenticidade das suas gentes, este destino no cora\u00e7\u00e3o de Portugal \u00e9 muito mais do que uma simples paragem \u2014 \u00e9 uma experi\u00eancia que vale cada momento da visita. <\/strong><\/p>\n\n\n\n<p><\/p>\n\n\n\n<p>Ao percorrer a m\u00edtica Estrada Nacional 2, \u00e9 no quil\u00f3metro 261 que se revela o munic\u00edpio da Lous\u00e3. Nesta regi\u00e3o, destaca-se a imponente Serra da Lous\u00e3 \u2014 um verdadeiro ex-l\u00edbris que, muito provavelmente, j\u00e1 ter\u00e1 chegado aos ouvidos de todos os amantes da natureza e da aventura. Inserida na Rede Natura, uma rede europeia de s\u00edtios protegidos dedicada \u00e0 conserva\u00e7\u00e3o da biodiversidade, esta serra destaca-se pela diversidade e riqueza dos seus habitats naturais. Aqui, a vegeta\u00e7\u00e3o aut\u00f3ctone, como o sobreiro montanheiro, o carvalho portugu\u00eas, o medronheiro e as arom\u00e1ticas, convive com esp\u00e9cies introduzidas pelo ser humano, como o pinheiro-bravo e o eucalipto. Nos cumes mais elevados e nas vertentes das ribeiras, predominam os matos, compostos por urzais, carquejais, tojais e giestais. Quanto \u00e0 fauna, a Serra abriga uma impressionante variedade de esp\u00e9cies, entre elas javalis, corujas, coelhos, r\u00e3s, sardaniscas, veados e cor\u00e7os, compondo um ecossistema vivo e vibrante que merece ser explorado com aten\u00e7\u00e3o e respeito. No cora\u00e7\u00e3o da serra ergue-se o Castelo da Lous\u00e3, tamb\u00e9m conhecido como Castelo de Arouce. Datado da segunda metade do s\u00e9culo XI, este monumento nacional integra a Rede de Castelos e Muralhas do Mondego e oferece uma viagem ao passado entre muralhas de xisto e vistas panor\u00e2micas deslumbrantes. Requalificado em 2019, o castelo disp\u00f5e de um Centro de Interpreta\u00e7\u00e3o e Acolhimento, onde se pode conhecer melhor a hist\u00f3ria local e o patrim\u00f3nio envolvente. <\/p>\n\n\n\n<p><\/p>\n\n\n\n<figure class=\"wp-block-gallery has-nested-images columns-default is-cropped wp-block-gallery-1 is-layout-flex wp-block-gallery-is-layout-flex\">\n<figure class=\"wp-block-image size-large\"><img loading=\"lazy\" decoding=\"async\" width=\"864\" height=\"576\" data-id=\"12245\" src=\"https:\/\/maismagazine.pt\/wp-content\/uploads\/2025\/06\/CASTELO-DA-LOUSA-8.jpg\" alt=\"\" class=\"wp-image-12245\" srcset=\"http:\/\/maismagazine.pt\/wp-content\/uploads\/2025\/06\/CASTELO-DA-LOUSA-8.jpg 864w, http:\/\/maismagazine.pt\/wp-content\/uploads\/2025\/06\/CASTELO-DA-LOUSA-8-300x200.jpg 300w, http:\/\/maismagazine.pt\/wp-content\/uploads\/2025\/06\/CASTELO-DA-LOUSA-8-768x512.jpg 768w, http:\/\/maismagazine.pt\/wp-content\/uploads\/2025\/06\/CASTELO-DA-LOUSA-8-150x100.jpg 150w\" sizes=\"auto, (max-width: 864px) 100vw, 864px\" \/><\/figure>\n\n\n\n<figure class=\"wp-block-image size-large\"><img loading=\"lazy\" decoding=\"async\" width=\"921\" height=\"614\" data-id=\"12244\" src=\"https:\/\/maismagazine.pt\/wp-content\/uploads\/2025\/06\/CANDAL-7.jpg\" alt=\"\" class=\"wp-image-12244\" srcset=\"http:\/\/maismagazine.pt\/wp-content\/uploads\/2025\/06\/CANDAL-7.jpg 921w, http:\/\/maismagazine.pt\/wp-content\/uploads\/2025\/06\/CANDAL-7-300x200.jpg 300w, http:\/\/maismagazine.pt\/wp-content\/uploads\/2025\/06\/CANDAL-7-768x512.jpg 768w, http:\/\/maismagazine.pt\/wp-content\/uploads\/2025\/06\/CANDAL-7-150x100.jpg 150w\" sizes=\"auto, (max-width: 921px) 100vw, 921px\" \/><\/figure>\n\n\n\n<figure class=\"wp-block-image size-large\"><img loading=\"lazy\" decoding=\"async\" width=\"932\" height=\"621\" data-id=\"12246\" src=\"https:\/\/maismagazine.pt\/wp-content\/uploads\/2025\/06\/PRAIA-FLUVIAL-DA-BOGUEIRA-CASAL-DE-ERMIO-5.jpg\" alt=\"\" class=\"wp-image-12246\" srcset=\"http:\/\/maismagazine.pt\/wp-content\/uploads\/2025\/06\/PRAIA-FLUVIAL-DA-BOGUEIRA-CASAL-DE-ERMIO-5.jpg 932w, http:\/\/maismagazine.pt\/wp-content\/uploads\/2025\/06\/PRAIA-FLUVIAL-DA-BOGUEIRA-CASAL-DE-ERMIO-5-300x200.jpg 300w, http:\/\/maismagazine.pt\/wp-content\/uploads\/2025\/06\/PRAIA-FLUVIAL-DA-BOGUEIRA-CASAL-DE-ERMIO-5-768x512.jpg 768w, http:\/\/maismagazine.pt\/wp-content\/uploads\/2025\/06\/PRAIA-FLUVIAL-DA-BOGUEIRA-CASAL-DE-ERMIO-5-150x100.jpg 150w\" sizes=\"auto, (max-width: 932px) 100vw, 932px\" \/><\/figure>\n<\/figure>\n\n\n\n<p><\/p>\n\n\n\n<p>A Lous\u00e3 integra a rede das Aldeias do Xisto, um conjunto de 27 aldeias situadas no interior da Regi\u00e3o Centro de Portugal, conhecidas pela sua arquitetura tradicional em xisto e pela rica heran\u00e7a cultural. No concelho da Lous\u00e3, destacam-se cinco aldeias: Candal, Casal Novo, Cerdeira, Chiqueiro e Talasnal. Cada uma delas guarda a alma das tradi\u00e7\u00f5es serranas, com casas em xisto, paisagens envolventes, gastronomia t\u00edpica e uma genuinidade rara, vis\u00edvel em produtos artesanais e servi\u00e7os de qualidade. A Lous\u00e3 oferece alojamento variado, com hot\u00e9is, pousada da juventude, turismo rural, alojamento local, campo de f\u00e9rias em Foz de Arouce e parque de campismo junto \u00e0 Praia Fluvial da Sra. da Gra\u00e7a, em Serpins. <\/p>\n\n\n\n<p><\/p>\n\n\n\n<p>Para quem procura aventura ao ar livre, a regi\u00e3o oferece mais de 600 km de percursos pedestres homologados e in\u00fameros trilhos de BTT, com diferentes n\u00edveis de dificuldade, sustentados pelos Centros de BTT locais. No ver\u00e3o, as praias fluviais da Lous\u00e3 \u2014 como a Senhora da Piedade, Senhora da Gra\u00e7a e Bogueira \u2014 convidam a mergulhos em \u00e1guas l\u00edmpidas e puras, proporcionando momentos de lazer em cen\u00e1rios naturais de grande beleza.  <\/p>\n\n\n\n<p><\/p>\n\n\n\n<p>E porque descobrir um lugar \u00e9 tamb\u00e9m sabore\u00e1-lo, a Lous\u00e3 encanta os paladares com os seus produtos regionais: o ic\u00f3nico Licor Beir\u00e3o, os vinhos da Quinta de Foz de Arouce, a do\u00e7aria tradicional, Mel Serra da Lous\u00e3 DOP, os enchidos serranos, chanfana, cabrito, alasnicos, serranitos, entre outros. Todos estes sabores ganham vida nos restaurantes locais, que combinam tradi\u00e7\u00e3o com autenticidade. <\/p>\n\n\n\n<p><\/p>\n\n\n\n<p>Assim, a Lous\u00e3 n\u00e3o \u00e9 apenas um destino \u2014 \u00e9 uma viv\u00eancia que fica na mem\u00f3ria, feita de natureza bruta, patrim\u00f3nio vivo e emo\u00e7\u00f5es aut\u00eanticas.    <\/p>\n\n\n\n<p><\/p>\n\n\n<div class=\"wp-block-image\">\n<figure class=\"aligncenter size-full is-resized\"><img loading=\"lazy\" decoding=\"async\" width=\"709\" height=\"567\" src=\"https:\/\/maismagazine.pt\/wp-content\/uploads\/2025\/06\/ID-Lousa-CM_pantone.png\" alt=\"\" class=\"wp-image-12247\" style=\"width:299px;height:auto\" srcset=\"http:\/\/maismagazine.pt\/wp-content\/uploads\/2025\/06\/ID-Lousa-CM_pantone.png 709w, http:\/\/maismagazine.pt\/wp-content\/uploads\/2025\/06\/ID-Lousa-CM_pantone-300x240.png 300w\" sizes=\"auto, (max-width: 709px) 100vw, 709px\" \/><\/figure><\/div>","protected":false},"excerpt":{"rendered":"<p>Entre serras cobertas de verde e aldeias que parecem sa\u00eddas de um conto de fadas, a Lous\u00e3 encanta como uma verdadeira \u201cterra de emo\u00e7\u00f5es\u201d. Com paisagens de cortar a respira\u00e7\u00e3o, hist\u00f3ria rica e a autenticidade das suas gentes, este destino no cora\u00e7\u00e3o de Portugal \u00e9 muito mais do que uma&hellip;<\/p>\n","protected":false},"author":17,"featured_media":12249,"comment_status":"closed","ping_status":"open","sticky":false,"template":"","format":"standard","meta":{"advgb_blocks_editor_width":"","advgb_blocks_columns_visual_guide":"","_monsterinsights_skip_tracking":false,"_monsterinsights_sitenote_active":false,"_monsterinsights_sitenote_note":"","_monsterinsights_sitenote_category":0,"footnotes":""},"categories":[53],"tags":[2382,2376],"class_list":["post-12242","post","type-post","status-publish","format-standard","has-post-thumbnail","hentry","category-turismo-restaurantes","tag-cm-lousa","tag-en2"],"yoast_head":"<!-- This site is optimized with the Yoast SEO plugin v24.4 - https:\/\/yoast.com\/wordpress\/plugins\/seo\/ -->\n<title>Lous\u00e3: Um destino de natureza, aventura e cultura - Mais Magazine<\/title>\n<meta name=\"description\" content=\"Entre serras cobertas de verde e aldeias que parecem sa\u00eddas de um conto de fadas, a Lous\u00e3 encanta como uma verdadeira \u201cterra de emo\u00e7\u00f5es\u201d. Com paisagens de cortar a respira\u00e7\u00e3o, hist\u00f3ria rica e a autenticidade das suas gentes, este destino no cora\u00e7\u00e3o de Portugal \u00e9 muito mais do que uma simples paragem \u2014 \u00e9 uma experi\u00eancia que vale cada momento da visita.\" \/>\n<meta name=\"robots\" content=\"index, follow, max-snippet:-1, max-image-preview:large, max-video-preview:-1\" \/>\n<link rel=\"canonical\" href=\"http:\/\/maismagazine.pt\/index.php\/2025\/06\/10\/lousa-um-destino-de-natureza-aventura-e-cultura\/\" \/>\n<meta property=\"og:locale\" content=\"pt_PT\" \/>\n<meta property=\"og:type\" content=\"article\" \/>\n<meta property=\"og:title\" content=\"Lous\u00e3: Um destino de natureza, aventura e cultura - Mais Magazine\" \/>\n<meta property=\"og:description\" content=\"Entre serras cobertas de verde e aldeias que parecem sa\u00eddas de um conto de fadas, a Lous\u00e3 encanta como uma verdadeira \u201cterra de emo\u00e7\u00f5es\u201d. Com paisagens de cortar a respira\u00e7\u00e3o, hist\u00f3ria rica e a autenticidade das suas gentes, este destino no cora\u00e7\u00e3o de Portugal \u00e9 muito mais do que uma simples paragem \u2014 \u00e9 uma experi\u00eancia que vale cada momento da visita.\" \/>\n<meta property=\"og:url\" content=\"http:\/\/maismagazine.pt\/index.php\/2025\/06\/10\/lousa-um-destino-de-natureza-aventura-e-cultura\/\" \/>\n<meta property=\"og:site_name\" content=\"Mais Magazine\" \/>\n<meta property=\"article:published_time\" content=\"2025-06-10T06:00:00+00:00\" \/>\n<meta property=\"og:image\" content=\"http:\/\/maismagazine.pt\/wp-content\/uploads\/2025\/06\/Serra-da-Lousa.jpg\" \/>\n\t<meta property=\"og:image:width\" content=\"750\" \/>\n\t<meta property=\"og:image:height\" content=\"496\" \/>\n\t<meta property=\"og:image:type\" content=\"image\/jpeg\" \/>\n<meta name=\"author\" content=\"Tiago Costa\" \/>\n<meta name=\"twitter:card\" content=\"summary_large_image\" \/>\n<meta name=\"twitter:label1\" content=\"Escrito por\" \/>\n\t<meta name=\"twitter:data1\" content=\"\" \/>\n\t<meta name=\"twitter:label2\" content=\"Tempo estimado de leitura\" \/>\n\t<meta name=\"twitter:data2\" content=\"5 minutos\" \/>\n<script type=\"application\/ld+json\" class=\"yoast-schema-graph\">{\"@context\":\"https:\/\/schema.org\",\"@graph\":[{\"@type\":\"Article\",\"@id\":\"http:\/\/maismagazine.pt\/index.php\/2025\/06\/10\/lousa-um-destino-de-natureza-aventura-e-cultura\/#article\",\"isPartOf\":{\"@id\":\"http:\/\/maismagazine.pt\/index.php\/2025\/06\/10\/lousa-um-destino-de-natureza-aventura-e-cultura\/\"},\"author\":{\"name\":\"Tiago Costa\",\"@id\":\"https:\/\/maismagazine.pt\/#\/schema\/person\/c6c5bfccc886434cbd11c74e035f9646\"},\"headline\":\"Lous\u00e3: Um destino de natureza, aventura e cultura\",\"datePublished\":\"2025-06-10T06:00:00+00:00\",\"mainEntityOfPage\":{\"@id\":\"http:\/\/maismagazine.pt\/index.php\/2025\/06\/10\/lousa-um-destino-de-natureza-aventura-e-cultura\/\"},\"wordCount\":606,\"publisher\":{\"@id\":\"https:\/\/maismagazine.pt\/#organization\"},\"image\":{\"@id\":\"http:\/\/maismagazine.pt\/index.php\/2025\/06\/10\/lousa-um-destino-de-natureza-aventura-e-cultura\/#primaryimage\"},\"thumbnailUrl\":\"http:\/\/maismagazine.pt\/wp-content\/uploads\/2025\/06\/Serra-da-Lousa.jpg\",\"keywords\":[\"CM Lous\u00e3\",\"EN2\"],\"articleSection\":[\"Turismo | Vinhos | Gastronomia\"],\"inLanguage\":\"pt-PT\"},{\"@type\":\"WebPage\",\"@id\":\"http:\/\/maismagazine.pt\/index.php\/2025\/06\/10\/lousa-um-destino-de-natureza-aventura-e-cultura\/\",\"url\":\"http:\/\/maismagazine.pt\/index.php\/2025\/06\/10\/lousa-um-destino-de-natureza-aventura-e-cultura\/\",\"name\":\"Lous\u00e3: Um destino de natureza, aventura e cultura - Mais Magazine\",\"isPartOf\":{\"@id\":\"https:\/\/maismagazine.pt\/#website\"},\"primaryImageOfPage\":{\"@id\":\"http:\/\/maismagazine.pt\/index.php\/2025\/06\/10\/lousa-um-destino-de-natureza-aventura-e-cultura\/#primaryimage\"},\"image\":{\"@id\":\"http:\/\/maismagazine.pt\/index.php\/2025\/06\/10\/lousa-um-destino-de-natureza-aventura-e-cultura\/#primaryimage\"},\"thumbnailUrl\":\"http:\/\/maismagazine.pt\/wp-content\/uploads\/2025\/06\/Serra-da-Lousa.jpg\",\"datePublished\":\"2025-06-10T06:00:00+00:00\",\"description\":\"Entre serras cobertas de verde e aldeias que parecem sa\u00eddas de um conto de fadas, a Lous\u00e3 encanta como uma verdadeira \u201cterra de emo\u00e7\u00f5es\u201d. Com paisagens de cortar a respira\u00e7\u00e3o, hist\u00f3ria rica e a autenticidade das suas gentes, este destino no cora\u00e7\u00e3o de Portugal \u00e9 muito mais do que uma simples paragem \u2014 \u00e9 uma experi\u00eancia que vale cada momento da visita.\",\"breadcrumb\":{\"@id\":\"http:\/\/maismagazine.pt\/index.php\/2025\/06\/10\/lousa-um-destino-de-natureza-aventura-e-cultura\/#breadcrumb\"},\"inLanguage\":\"pt-PT\",\"potentialAction\":[{\"@type\":\"ReadAction\",\"target\":[\"http:\/\/maismagazine.pt\/index.php\/2025\/06\/10\/lousa-um-destino-de-natureza-aventura-e-cultura\/\"]}]},{\"@type\":\"ImageObject\",\"inLanguage\":\"pt-PT\",\"@id\":\"http:\/\/maismagazine.pt\/index.php\/2025\/06\/10\/lousa-um-destino-de-natureza-aventura-e-cultura\/#primaryimage\",\"url\":\"http:\/\/maismagazine.pt\/wp-content\/uploads\/2025\/06\/Serra-da-Lousa.jpg\",\"contentUrl\":\"http:\/\/maismagazine.pt\/wp-content\/uploads\/2025\/06\/Serra-da-Lousa.jpg\",\"width\":750,\"height\":496},{\"@type\":\"BreadcrumbList\",\"@id\":\"http:\/\/maismagazine.pt\/index.php\/2025\/06\/10\/lousa-um-destino-de-natureza-aventura-e-cultura\/#breadcrumb\",\"itemListElement\":[{\"@type\":\"ListItem\",\"position\":1,\"name\":\"Home\",\"item\":\"https:\/\/maismagazine.pt\/\"},{\"@type\":\"ListItem\",\"position\":2,\"name\":\"Lous\u00e3: Um destino de natureza, aventura e cultura\"}]},{\"@type\":\"WebSite\",\"@id\":\"https:\/\/maismagazine.pt\/#website\",\"url\":\"https:\/\/maismagazine.pt\/\",\"name\":\"Mais Magazine\",\"description\":\"\",\"publisher\":{\"@id\":\"https:\/\/maismagazine.pt\/#organization\"},\"potentialAction\":[{\"@type\":\"SearchAction\",\"target\":{\"@type\":\"EntryPoint\",\"urlTemplate\":\"https:\/\/maismagazine.pt\/?s={search_term_string}\"},\"query-input\":{\"@type\":\"PropertyValueSpecification\",\"valueRequired\":true,\"valueName\":\"search_term_string\"}}],\"inLanguage\":\"pt-PT\"},{\"@type\":\"Organization\",\"@id\":\"https:\/\/maismagazine.pt\/#organization\",\"name\":\"Mais Magazine\",\"url\":\"https:\/\/maismagazine.pt\/\",\"logo\":{\"@type\":\"ImageObject\",\"inLanguage\":\"pt-PT\",\"@id\":\"https:\/\/maismagazine.pt\/#\/schema\/logo\/image\/\",\"url\":\"http:\/\/maismagazine.pt\/wp-content\/uploads\/2020\/04\/cropped-cropped-mais-magazine-site-logo-2.png\",\"contentUrl\":\"http:\/\/maismagazine.pt\/wp-content\/uploads\/2020\/04\/cropped-cropped-mais-magazine-site-logo-2.png\",\"width\":581,\"height\":90,\"caption\":\"Mais Magazine\"},\"image\":{\"@id\":\"https:\/\/maismagazine.pt\/#\/schema\/logo\/image\/\"}},{\"@type\":\"Person\",\"@id\":\"https:\/\/maismagazine.pt\/#\/schema\/person\/c6c5bfccc886434cbd11c74e035f9646\",\"name\":\"Tiago Costa\",\"image\":{\"@type\":\"ImageObject\",\"inLanguage\":\"pt-PT\",\"@id\":\"https:\/\/maismagazine.pt\/#\/schema\/person\/image\/\",\"url\":\"https:\/\/secure.gravatar.com\/avatar\/c599b2bce16c9870429198cbad5ee022?s=96&d=mm&r=g\",\"contentUrl\":\"https:\/\/secure.gravatar.com\/avatar\/c599b2bce16c9870429198cbad5ee022?s=96&d=mm&r=g\",\"caption\":\"Tiago Costa\"},\"url\":\"http:\/\/maismagazine.pt\/index.php\/author\/tiago\/\"}]}<\/script>\n<!-- \/ Yoast SEO plugin. -->","yoast_head_json":{"title":"Lous\u00e3: Um destino de natureza, aventura e cultura - Mais Magazine","description":"Entre serras cobertas de verde e aldeias que parecem sa\u00eddas de um conto de fadas, a Lous\u00e3 encanta como uma verdadeira \u201cterra de emo\u00e7\u00f5es\u201d. Com paisagens de cortar a respira\u00e7\u00e3o, hist\u00f3ria rica e a autenticidade das suas gentes, este destino no cora\u00e7\u00e3o de Portugal \u00e9 muito mais do que uma simples paragem \u2014 \u00e9 uma experi\u00eancia que vale cada momento da visita.","robots":{"index":"index","follow":"follow","max-snippet":"max-snippet:-1","max-image-preview":"max-image-preview:large","max-video-preview":"max-video-preview:-1"},"canonical":"http:\/\/maismagazine.pt\/index.php\/2025\/06\/10\/lousa-um-destino-de-natureza-aventura-e-cultura\/","og_locale":"pt_PT","og_type":"article","og_title":"Lous\u00e3: Um destino de natureza, aventura e cultura - Mais Magazine","og_description":"Entre serras cobertas de verde e aldeias que parecem sa\u00eddas de um conto de fadas, a Lous\u00e3 encanta como uma verdadeira \u201cterra de emo\u00e7\u00f5es\u201d. Com paisagens de cortar a respira\u00e7\u00e3o, hist\u00f3ria rica e a autenticidade das suas gentes, este destino no cora\u00e7\u00e3o de Portugal \u00e9 muito mais do que uma simples paragem \u2014 \u00e9 uma experi\u00eancia que vale cada momento da visita.","og_url":"http:\/\/maismagazine.pt\/index.php\/2025\/06\/10\/lousa-um-destino-de-natureza-aventura-e-cultura\/","og_site_name":"Mais Magazine","article_published_time":"2025-06-10T06:00:00+00:00","og_image":[{"width":750,"height":496,"url":"http:\/\/maismagazine.pt\/wp-content\/uploads\/2025\/06\/Serra-da-Lousa.jpg","type":"image\/jpeg"}],"author":"Tiago Costa","twitter_card":"summary_large_image","twitter_misc":{"Escrito por":false,"Tempo estimado de leitura":"5 minutos"},"schema":{"@context":"https:\/\/schema.org","@graph":[{"@type":"Article","@id":"http:\/\/maismagazine.pt\/index.php\/2025\/06\/10\/lousa-um-destino-de-natureza-aventura-e-cultura\/#article","isPartOf":{"@id":"http:\/\/maismagazine.pt\/index.php\/2025\/06\/10\/lousa-um-destino-de-natureza-aventura-e-cultura\/"},"author":{"name":"Tiago Costa","@id":"https:\/\/maismagazine.pt\/#\/schema\/person\/c6c5bfccc886434cbd11c74e035f9646"},"headline":"Lous\u00e3: Um destino de natureza, aventura e cultura","datePublished":"2025-06-10T06:00:00+00:00","mainEntityOfPage":{"@id":"http:\/\/maismagazine.pt\/index.php\/2025\/06\/10\/lousa-um-destino-de-natureza-aventura-e-cultura\/"},"wordCount":606,"publisher":{"@id":"https:\/\/maismagazine.pt\/#organization"},"image":{"@id":"http:\/\/maismagazine.pt\/index.php\/2025\/06\/10\/lousa-um-destino-de-natureza-aventura-e-cultura\/#primaryimage"},"thumbnailUrl":"http:\/\/maismagazine.pt\/wp-content\/uploads\/2025\/06\/Serra-da-Lousa.jpg","keywords":["CM Lous\u00e3","EN2"],"articleSection":["Turismo | Vinhos | Gastronomia"],"inLanguage":"pt-PT"},{"@type":"WebPage","@id":"http:\/\/maismagazine.pt\/index.php\/2025\/06\/10\/lousa-um-destino-de-natureza-aventura-e-cultura\/","url":"http:\/\/maismagazine.pt\/index.php\/2025\/06\/10\/lousa-um-destino-de-natureza-aventura-e-cultura\/","name":"Lous\u00e3: Um destino de natureza, aventura e cultura - Mais Magazine","isPartOf":{"@id":"https:\/\/maismagazine.pt\/#website"},"primaryImageOfPage":{"@id":"http:\/\/maismagazine.pt\/index.php\/2025\/06\/10\/lousa-um-destino-de-natureza-aventura-e-cultura\/#primaryimage"},"image":{"@id":"http:\/\/maismagazine.pt\/index.php\/2025\/06\/10\/lousa-um-destino-de-natureza-aventura-e-cultura\/#primaryimage"},"thumbnailUrl":"http:\/\/maismagazine.pt\/wp-content\/uploads\/2025\/06\/Serra-da-Lousa.jpg","datePublished":"2025-06-10T06:00:00+00:00","description":"Entre serras cobertas de verde e aldeias que parecem sa\u00eddas de um conto de fadas, a Lous\u00e3 encanta como uma verdadeira \u201cterra de emo\u00e7\u00f5es\u201d. Com paisagens de cortar a respira\u00e7\u00e3o, hist\u00f3ria rica e a autenticidade das suas gentes, este destino no cora\u00e7\u00e3o de Portugal \u00e9 muito mais do que uma simples paragem \u2014 \u00e9 uma experi\u00eancia que vale cada momento da visita.","breadcrumb":{"@id":"http:\/\/maismagazine.pt\/index.php\/2025\/06\/10\/lousa-um-destino-de-natureza-aventura-e-cultura\/#breadcrumb"},"inLanguage":"pt-PT","potentialAction":[{"@type":"ReadAction","target":["http:\/\/maismagazine.pt\/index.php\/2025\/06\/10\/lousa-um-destino-de-natureza-aventura-e-cultura\/"]}]},{"@type":"ImageObject","inLanguage":"pt-PT","@id":"http:\/\/maismagazine.pt\/index.php\/2025\/06\/10\/lousa-um-destino-de-natureza-aventura-e-cultura\/#primaryimage","url":"http:\/\/maismagazine.pt\/wp-content\/uploads\/2025\/06\/Serra-da-Lousa.jpg","contentUrl":"http:\/\/maismagazine.pt\/wp-content\/uploads\/2025\/06\/Serra-da-Lousa.jpg","width":750,"height":496},{"@type":"BreadcrumbList","@id":"http:\/\/maismagazine.pt\/index.php\/2025\/06\/10\/lousa-um-destino-de-natureza-aventura-e-cultura\/#breadcrumb","itemListElement":[{"@type":"ListItem","position":1,"name":"Home","item":"https:\/\/maismagazine.pt\/"},{"@type":"ListItem","position":2,"name":"Lous\u00e3: Um destino de natureza, aventura e cultura"}]},{"@type":"WebSite","@id":"https:\/\/maismagazine.pt\/#website","url":"https:\/\/maismagazine.pt\/","name":"Mais Magazine","description":"","publisher":{"@id":"https:\/\/maismagazine.pt\/#organization"},"potentialAction":[{"@type":"SearchAction","target":{"@type":"EntryPoint","urlTemplate":"https:\/\/maismagazine.pt\/?s={search_term_string}"},"query-input":{"@type":"PropertyValueSpecification","valueRequired":true,"valueName":"search_term_string"}}],"inLanguage":"pt-PT"},{"@type":"Organization","@id":"https:\/\/maismagazine.pt\/#organization","name":"Mais Magazine","url":"https:\/\/maismagazine.pt\/","logo":{"@type":"ImageObject","inLanguage":"pt-PT","@id":"https:\/\/maismagazine.pt\/#\/schema\/logo\/image\/","url":"http:\/\/maismagazine.pt\/wp-content\/uploads\/2020\/04\/cropped-cropped-mais-magazine-site-logo-2.png","contentUrl":"http:\/\/maismagazine.pt\/wp-content\/uploads\/2020\/04\/cropped-cropped-mais-magazine-site-logo-2.png","width":581,"height":90,"caption":"Mais Magazine"},"image":{"@id":"https:\/\/maismagazine.pt\/#\/schema\/logo\/image\/"}},{"@type":"Person","@id":"https:\/\/maismagazine.pt\/#\/schema\/person\/c6c5bfccc886434cbd11c74e035f9646","name":"Tiago Costa","image":{"@type":"ImageObject","inLanguage":"pt-PT","@id":"https:\/\/maismagazine.pt\/#\/schema\/person\/image\/","url":"https:\/\/secure.gravatar.com\/avatar\/c599b2bce16c9870429198cbad5ee022?s=96&d=mm&r=g","contentUrl":"https:\/\/secure.gravatar.com\/avatar\/c599b2bce16c9870429198cbad5ee022?s=96&d=mm&r=g","caption":"Tiago Costa"},"url":"http:\/\/maismagazine.pt\/index.php\/author\/tiago\/"}]}},"author_meta":{"display_name":false,"author_link":"http:\/\/maismagazine.pt\/index.php\/author\/tiago\/"},"featured_img":"http:\/\/maismagazine.pt\/wp-content\/uploads\/2025\/06\/Serra-da-Lousa-300x198.jpg","coauthors":[],"tax_additional":{"categories":{"linked":["<a href=\"http:\/\/maismagazine.pt\/index.php\/category\/turismo-restaurantes\/\" class=\"advgb-post-tax-term\">Turismo | Vinhos | Gastronomia<\/a>"],"unlinked":["<span class=\"advgb-post-tax-term\">Turismo | Vinhos | Gastronomia<\/span>"]},"tags":{"linked":["<a href=\"http:\/\/maismagazine.pt\/index.php\/category\/turismo-restaurantes\/\" class=\"advgb-post-tax-term\">CM Lous\u00e3<\/a>","<a href=\"http:\/\/maismagazine.pt\/index.php\/category\/turismo-restaurantes\/\" class=\"advgb-post-tax-term\">EN2<\/a>"],"unlinked":["<span class=\"advgb-post-tax-term\">CM Lous\u00e3<\/span>","<span class=\"advgb-post-tax-term\">EN2<\/span>"]}},"comment_count":"0","relative_dates":{"created":"Posted 11 meses ago","modified":"Updated 11 meses ago"},"absolute_dates":{"created":"Posted on 10 de Junho, 2025","modified":"Updated on 4 de Junho, 2025"},"absolute_dates_time":{"created":"Posted on 10 de Junho, 2025 7:00","modified":"Updated on 4 de Junho, 2025 15:43"},"featured_img_caption":"","series_order":"","_links":{"self":[{"href":"http:\/\/maismagazine.pt\/index.php\/wp-json\/wp\/v2\/posts\/12242","targetHints":{"allow":["GET"]}}],"collection":[{"href":"http:\/\/maismagazine.pt\/index.php\/wp-json\/wp\/v2\/posts"}],"about":[{"href":"http:\/\/maismagazine.pt\/index.php\/wp-json\/wp\/v2\/types\/post"}],"author":[{"embeddable":true,"href":"http:\/\/maismagazine.pt\/index.php\/wp-json\/wp\/v2\/users\/17"}],"replies":[{"embeddable":true,"href":"http:\/\/maismagazine.pt\/index.php\/wp-json\/wp\/v2\/comments?post=12242"}],"version-history":[{"count":2,"href":"http:\/\/maismagazine.pt\/index.php\/wp-json\/wp\/v2\/posts\/12242\/revisions"}],"predecessor-version":[{"id":12251,"href":"http:\/\/maismagazine.pt\/index.php\/wp-json\/wp\/v2\/posts\/12242\/revisions\/12251"}],"wp:featuredmedia":[{"embeddable":true,"href":"http:\/\/maismagazine.pt\/index.php\/wp-json\/wp\/v2\/media\/12249"}],"wp:attachment":[{"href":"http:\/\/maismagazine.pt\/index.php\/wp-json\/wp\/v2\/media?parent=12242"}],"wp:term":[{"taxonomy":"category","embeddable":true,"href":"http:\/\/maismagazine.pt\/index.php\/wp-json\/wp\/v2\/categories?post=12242"},{"taxonomy":"post_tag","embeddable":true,"href":"http:\/\/maismagazine.pt\/index.php\/wp-json\/wp\/v2\/tags?post=12242"}],"curies":[{"name":"wp","href":"https:\/\/api.w.org\/{rel}","templated":true}]}}