{"id":12229,"date":"2025-06-10T07:00:00","date_gmt":"2025-06-10T06:00:00","guid":{"rendered":"https:\/\/maismagazine.pt\/?p=12229"},"modified":"2025-06-04T15:35:41","modified_gmt":"2025-06-04T14:35:41","slug":"pedrogao-grande-onde-a-en2-abraca-a-cultura-a-natureza-e-a-gastronomia","status":"publish","type":"post","link":"http:\/\/maismagazine.pt\/index.php\/2025\/06\/10\/pedrogao-grande-onde-a-en2-abraca-a-cultura-a-natureza-e-a-gastronomia\/","title":{"rendered":"Pedr\u00f3g\u00e3o Grande: Onde a EN2 abra\u00e7a a cultura, a natureza e a gastronomia"},"content":{"rendered":"\n<p><strong>A Rota da Estrada Nacional 2 tem um impacto significativo no turismo e na economia de<a href=\"http:\/\/www.cm-pedrogaogrande.pt\"> Pedr\u00f3g\u00e3o Grande<\/a>, atraindo viajantes que percorrem esta hist\u00f3rica via rodovi\u00e1ria. Como um dos pontos de passagem obrigat\u00f3ria, o munic\u00edpio beneficia do aumento do fluxo de turistas, que dinamizam o com\u00e9rcio local, a restaura\u00e7\u00e3o e o alojamento. <\/strong><\/p>\n\n\n\n<p><\/p>\n\n\n\n<p>Ao quil\u00f3metro 324 da m\u00edtica Estrada Nacional 2, encontra-se uma das paragens obrigat\u00f3rias para qualquer viajante: Pedr\u00f3g\u00e3o Grande. Esta encantadora localidade destaca-se pelo seu valioso patrim\u00f3nio natural e cultural, tornando&#8211;se um ponto de paragem essencial para quem percorre a EN2. Um ref\u00fagio que oferece uma combina\u00e7\u00e3o encantadora de patrim\u00f3nio hist\u00f3rico e belezas naturais, onde podemos encontrar: <\/p>\n\n\n\n<p><\/p>\n\n\n\n<ul class=\"wp-block-list\">\n<li><strong>Barragem do Cabril<\/strong> \u2013 Um dos maiores atrativos naturais da regi\u00e3o, ideal para a pr\u00e1tica de desportos n\u00e1uticos e momentos de lazer. Constru\u00edda sobre o rio Z\u00eazere, \u00e9 uma das maiores barragens de Portugal, oferecendo uma paisagem deslumbrante e excelentes condi\u00e7\u00f5es para pesca, canoagem e passeios de barco. A envolvente da barragem \u00e9 tamb\u00e9m um local privilegiado para caminhadas e piqueniques, proporcionando um contacto direto com a natureza. Al\u00e9m disso, na albufeira do Cabril encontra-se uma praia fluvial equipada para momentos de lazer e divers\u00e3o. <\/li>\n\n\n\n<li><strong>Praias fluviais do Mosteiro e de Mega Fundeira<\/strong> \u2013 Locais paradis\u00edacos para quem procura descanso e contacto com a natureza. Estas praias oferecem \u00e1guas l\u00edmpidas e cristalinas com uma envolv\u00eancia tranquila, ideais para relaxar e aproveitar a natureza. <\/li>\n\n\n\n<li><strong>Centro Hist\u00f3rico de Pedr\u00f3g\u00e3o Grand<\/strong>e\u2013 Com ruelas pitorescas e monumentos que contam a hist\u00f3ria do concelho. Destacam-se a Igreja Matriz e edif\u00edcios de arquitetura tradicional. Passear pelo centro hist\u00f3rico \u00e9 uma viagem ao passado, permitindo descobrir as influ\u00eancias culturais e arquitet\u00f3nicas que marcaram a regi\u00e3o. <\/li>\n\n\n\n<li><strong>Ponte Filipina<\/strong> \u2013 Constru\u00edda entre 1607 e 1610, apresenta-se como uma obra arquitet\u00f3nica de grande beleza, testemunho da engenharia antiga. <\/li>\n\n\n\n<li><strong>Miradouro panor\u00e2mico do Cabril<\/strong> \u2013 Junto \u00e0 EN2, este miradouro proporciona vistas deslumbrantes sobre a Albufeira do Cabril e sobre o vale profundo do Z\u00eazere. <\/li>\n\n\n\n<li><strong>Passadi\u00e7o do Granada<\/strong> \u2013 Um percurso pedonal sob o Penedo do Granada que permite aos visitantes explorarem a beleza natural de forma confort\u00e1vel e segura. Este passadi\u00e7o oferece vistas magn\u00edficas sobre o rio Z\u00eazere e a foz da Ribeira de Pera, proporcionando uma experi\u00eancia \u00fanica de contempla\u00e7\u00e3o. <\/li>\n\n\n\n<li><strong>Rota da Picha e do Resineiro<\/strong> \u2013 Um percurso pedestre circular situado na aldeia da Picha, no km 310 da Rota da N2. Esta rota com cerca de 3km de extens\u00e3o foi criada com o objetivo de homenagear o legado dos resineiros e valorizar o patrim\u00f3nio natural, cultural e hist\u00f3rico da regi\u00e3o. Ao longo do trajeto, os caminhantes t\u00eam a oportunidade de conhecer de perto a atividade da resinagem, que foi, durante muitos anos, a principal atividade econ\u00f3mica do concelho de Pedr\u00f3g\u00e3o Grande. O percurso inclui v\u00e1rias esta\u00e7\u00f5es que retratam e descrevem etapas do processo de extra\u00e7\u00e3o da resina, permitindo aos participantes uma experi\u00eancia educativa e imersiva.  <\/li>\n\n\n\n<li><strong>Gastronomia<\/strong> \u2013 Tamb\u00e9m a n\u00edvel gastron\u00f3mico o concelho de Pedr\u00f3g\u00e3o Grande apresenta uma grande diversidade e riqueza de sabores que fazem as del\u00edcias a todos os viajantes da EN2. Com uma gastronomia muito rica em sabores tradicionais, proporcionando uma experi\u00eancia culin\u00e1ria aut\u00eantica, o munic\u00edpio est\u00e1 repleto de pratos t\u00edpicos como o <strong>Bucho Recheado de Pedr\u00f3g\u00e3o Grande<\/strong>, uma especialidade tradicional que consiste no aproveitamento do est\u00f4mago do porco (bucho), previamente preparado e posteriormente recheado com uma mistura de carnes; a <strong>Sopa Dourada<\/strong>, uma iguaria doce tradicional, preparada \u00e0 base de gemas de ovo, a\u00e7\u00facar, p\u00e3o e canela; e o <strong>Peixe Frito do Rio<\/strong>, as <strong>Trouxas de Bucho<\/strong>, o <strong>Queijo de Cabra<\/strong> e o <strong>Mel de Urze<\/strong>. <\/li>\n<\/ul>\n\n\n\n<p><\/p>\n\n\n\n<p>A Rota da EN2 em Pedr\u00f3g\u00e3o Grande \u00e9, assim, uma experi\u00eancia inesquec\u00edvel que combina cultura, paisagem e gastronomia, tornando este destino uma paragem obrigat\u00f3ria para quem percorre esta lend\u00e1ria estrada.  <\/p>\n\n\n\n<p><\/p>\n\n\n<div class=\"wp-block-image\">\n<figure class=\"aligncenter size-full is-resized\"><img loading=\"lazy\" decoding=\"async\" width=\"351\" height=\"112\" src=\"https:\/\/maismagazine.pt\/wp-content\/uploads\/2025\/06\/image.png\" alt=\"\" class=\"wp-image-12234\" style=\"width:389px;height:auto\" srcset=\"http:\/\/maismagazine.pt\/wp-content\/uploads\/2025\/06\/image.png 351w, http:\/\/maismagazine.pt\/wp-content\/uploads\/2025\/06\/image-300x96.png 300w\" sizes=\"auto, (max-width: 351px) 100vw, 351px\" \/><\/figure><\/div>","protected":false},"excerpt":{"rendered":"<p>A Rota da Estrada Nacional 2 tem um impacto significativo no turismo e na economia de Pedr\u00f3g\u00e3o Grande, atraindo viajantes que percorrem esta hist\u00f3rica via rodovi\u00e1ria. Como um dos pontos de passagem obrigat\u00f3ria, o munic\u00edpio beneficia do aumento do fluxo de turistas, que dinamizam o com\u00e9rcio local, a restaura\u00e7\u00e3o e&hellip;<\/p>\n","protected":false},"author":17,"featured_media":12236,"comment_status":"closed","ping_status":"open","sticky":false,"template":"","format":"standard","meta":{"advgb_blocks_editor_width":"","advgb_blocks_columns_visual_guide":"","_monsterinsights_skip_tracking":false,"_monsterinsights_sitenote_active":false,"_monsterinsights_sitenote_note":"","_monsterinsights_sitenote_category":0,"footnotes":""},"categories":[53],"tags":[2380,2376],"class_list":["post-12229","post","type-post","status-publish","format-standard","has-post-thumbnail","hentry","category-turismo-restaurantes","tag-cm-pedrogao-grande","tag-en2"],"yoast_head":"<!-- This site is optimized with the Yoast SEO plugin v24.4 - https:\/\/yoast.com\/wordpress\/plugins\/seo\/ -->\n<title>Pedr\u00f3g\u00e3o Grande: Onde a EN2 abra\u00e7a a cultura, a natureza e a gastronomia - Mais Magazine<\/title>\n<meta name=\"description\" content=\"A Rota da Estrada Nacional 2 tem um impacto significativo no turismo e na economia de Pedr\u00f3g\u00e3o Grande, atraindo viajantes que percorrem esta hist\u00f3rica via rodovi\u00e1ria. Como um dos pontos de passagem obrigat\u00f3ria, o munic\u00edpio beneficia do aumento do fluxo de turistas, que dinamizam o com\u00e9rcio local, a restaura\u00e7\u00e3o e o alojamento.\" \/>\n<meta name=\"robots\" content=\"index, follow, max-snippet:-1, max-image-preview:large, max-video-preview:-1\" \/>\n<link rel=\"canonical\" href=\"https:\/\/maismagazine.pt\/index.php\/2025\/06\/10\/pedrogao-grande-onde-a-en2-abraca-a-cultura-a-natureza-e-a-gastronomia\/\" \/>\n<meta property=\"og:locale\" content=\"pt_PT\" \/>\n<meta property=\"og:type\" content=\"article\" \/>\n<meta property=\"og:title\" content=\"Pedr\u00f3g\u00e3o Grande: Onde a EN2 abra\u00e7a a cultura, a natureza e a gastronomia - Mais Magazine\" \/>\n<meta property=\"og:description\" content=\"A Rota da Estrada Nacional 2 tem um impacto significativo no turismo e na economia de Pedr\u00f3g\u00e3o Grande, atraindo viajantes que percorrem esta hist\u00f3rica via rodovi\u00e1ria. Como um dos pontos de passagem obrigat\u00f3ria, o munic\u00edpio beneficia do aumento do fluxo de turistas, que dinamizam o com\u00e9rcio local, a restaura\u00e7\u00e3o e o alojamento.\" \/>\n<meta property=\"og:url\" content=\"https:\/\/maismagazine.pt\/index.php\/2025\/06\/10\/pedrogao-grande-onde-a-en2-abraca-a-cultura-a-natureza-e-a-gastronomia\/\" \/>\n<meta property=\"og:site_name\" content=\"Mais Magazine\" \/>\n<meta property=\"article:published_time\" content=\"2025-06-10T06:00:00+00:00\" \/>\n<meta property=\"og:image\" content=\"https:\/\/maismagazine.pt\/wp-content\/uploads\/2025\/06\/Albufeira-do-Cabril.jpg\" \/>\n\t<meta property=\"og:image:width\" content=\"798\" \/>\n\t<meta property=\"og:image:height\" content=\"599\" \/>\n\t<meta property=\"og:image:type\" content=\"image\/jpeg\" \/>\n<meta name=\"author\" content=\"Tiago Costa\" \/>\n<meta name=\"twitter:card\" content=\"summary_large_image\" \/>\n<meta name=\"twitter:label1\" content=\"Escrito por\" \/>\n\t<meta name=\"twitter:data1\" content=\"\" \/>\n\t<meta name=\"twitter:label2\" content=\"Tempo estimado de leitura\" \/>\n\t<meta name=\"twitter:data2\" content=\"4 minutos\" \/>\n<script type=\"application\/ld+json\" class=\"yoast-schema-graph\">{\"@context\":\"https:\/\/schema.org\",\"@graph\":[{\"@type\":\"Article\",\"@id\":\"https:\/\/maismagazine.pt\/index.php\/2025\/06\/10\/pedrogao-grande-onde-a-en2-abraca-a-cultura-a-natureza-e-a-gastronomia\/#article\",\"isPartOf\":{\"@id\":\"https:\/\/maismagazine.pt\/index.php\/2025\/06\/10\/pedrogao-grande-onde-a-en2-abraca-a-cultura-a-natureza-e-a-gastronomia\/\"},\"author\":{\"name\":\"Tiago Costa\",\"@id\":\"https:\/\/maismagazine.pt\/#\/schema\/person\/c6c5bfccc886434cbd11c74e035f9646\"},\"headline\":\"Pedr\u00f3g\u00e3o Grande: Onde a EN2 abra\u00e7a a cultura, a natureza e a gastronomia\",\"datePublished\":\"2025-06-10T06:00:00+00:00\",\"mainEntityOfPage\":{\"@id\":\"https:\/\/maismagazine.pt\/index.php\/2025\/06\/10\/pedrogao-grande-onde-a-en2-abraca-a-cultura-a-natureza-e-a-gastronomia\/\"},\"wordCount\":701,\"publisher\":{\"@id\":\"https:\/\/maismagazine.pt\/#organization\"},\"image\":{\"@id\":\"https:\/\/maismagazine.pt\/index.php\/2025\/06\/10\/pedrogao-grande-onde-a-en2-abraca-a-cultura-a-natureza-e-a-gastronomia\/#primaryimage\"},\"thumbnailUrl\":\"http:\/\/maismagazine.pt\/wp-content\/uploads\/2025\/06\/Albufeira-do-Cabril.jpg\",\"keywords\":[\"CM Pedr\u00f3g\u00e3o Grande\",\"EN2\"],\"articleSection\":[\"Turismo | Vinhos | Gastronomia\"],\"inLanguage\":\"pt-PT\"},{\"@type\":\"WebPage\",\"@id\":\"https:\/\/maismagazine.pt\/index.php\/2025\/06\/10\/pedrogao-grande-onde-a-en2-abraca-a-cultura-a-natureza-e-a-gastronomia\/\",\"url\":\"https:\/\/maismagazine.pt\/index.php\/2025\/06\/10\/pedrogao-grande-onde-a-en2-abraca-a-cultura-a-natureza-e-a-gastronomia\/\",\"name\":\"Pedr\u00f3g\u00e3o Grande: Onde a EN2 abra\u00e7a a cultura, a natureza e a gastronomia - Mais Magazine\",\"isPartOf\":{\"@id\":\"https:\/\/maismagazine.pt\/#website\"},\"primaryImageOfPage\":{\"@id\":\"https:\/\/maismagazine.pt\/index.php\/2025\/06\/10\/pedrogao-grande-onde-a-en2-abraca-a-cultura-a-natureza-e-a-gastronomia\/#primaryimage\"},\"image\":{\"@id\":\"https:\/\/maismagazine.pt\/index.php\/2025\/06\/10\/pedrogao-grande-onde-a-en2-abraca-a-cultura-a-natureza-e-a-gastronomia\/#primaryimage\"},\"thumbnailUrl\":\"http:\/\/maismagazine.pt\/wp-content\/uploads\/2025\/06\/Albufeira-do-Cabril.jpg\",\"datePublished\":\"2025-06-10T06:00:00+00:00\",\"description\":\"A Rota da Estrada Nacional 2 tem um impacto significativo no turismo e na economia de Pedr\u00f3g\u00e3o Grande, atraindo viajantes que percorrem esta hist\u00f3rica via rodovi\u00e1ria. Como um dos pontos de passagem obrigat\u00f3ria, o munic\u00edpio beneficia do aumento do fluxo de turistas, que dinamizam o com\u00e9rcio local, a restaura\u00e7\u00e3o e o alojamento.\",\"breadcrumb\":{\"@id\":\"https:\/\/maismagazine.pt\/index.php\/2025\/06\/10\/pedrogao-grande-onde-a-en2-abraca-a-cultura-a-natureza-e-a-gastronomia\/#breadcrumb\"},\"inLanguage\":\"pt-PT\",\"potentialAction\":[{\"@type\":\"ReadAction\",\"target\":[\"https:\/\/maismagazine.pt\/index.php\/2025\/06\/10\/pedrogao-grande-onde-a-en2-abraca-a-cultura-a-natureza-e-a-gastronomia\/\"]}]},{\"@type\":\"ImageObject\",\"inLanguage\":\"pt-PT\",\"@id\":\"https:\/\/maismagazine.pt\/index.php\/2025\/06\/10\/pedrogao-grande-onde-a-en2-abraca-a-cultura-a-natureza-e-a-gastronomia\/#primaryimage\",\"url\":\"http:\/\/maismagazine.pt\/wp-content\/uploads\/2025\/06\/Albufeira-do-Cabril.jpg\",\"contentUrl\":\"http:\/\/maismagazine.pt\/wp-content\/uploads\/2025\/06\/Albufeira-do-Cabril.jpg\",\"width\":798,\"height\":599},{\"@type\":\"BreadcrumbList\",\"@id\":\"https:\/\/maismagazine.pt\/index.php\/2025\/06\/10\/pedrogao-grande-onde-a-en2-abraca-a-cultura-a-natureza-e-a-gastronomia\/#breadcrumb\",\"itemListElement\":[{\"@type\":\"ListItem\",\"position\":1,\"name\":\"Home\",\"item\":\"https:\/\/maismagazine.pt\/\"},{\"@type\":\"ListItem\",\"position\":2,\"name\":\"Pedr\u00f3g\u00e3o Grande: Onde a EN2 abra\u00e7a a cultura, a natureza e a gastronomia\"}]},{\"@type\":\"WebSite\",\"@id\":\"https:\/\/maismagazine.pt\/#website\",\"url\":\"https:\/\/maismagazine.pt\/\",\"name\":\"Mais Magazine\",\"description\":\"\",\"publisher\":{\"@id\":\"https:\/\/maismagazine.pt\/#organization\"},\"potentialAction\":[{\"@type\":\"SearchAction\",\"target\":{\"@type\":\"EntryPoint\",\"urlTemplate\":\"https:\/\/maismagazine.pt\/?s={search_term_string}\"},\"query-input\":{\"@type\":\"PropertyValueSpecification\",\"valueRequired\":true,\"valueName\":\"search_term_string\"}}],\"inLanguage\":\"pt-PT\"},{\"@type\":\"Organization\",\"@id\":\"https:\/\/maismagazine.pt\/#organization\",\"name\":\"Mais Magazine\",\"url\":\"https:\/\/maismagazine.pt\/\",\"logo\":{\"@type\":\"ImageObject\",\"inLanguage\":\"pt-PT\",\"@id\":\"https:\/\/maismagazine.pt\/#\/schema\/logo\/image\/\",\"url\":\"http:\/\/maismagazine.pt\/wp-content\/uploads\/2020\/04\/cropped-cropped-mais-magazine-site-logo-2.png\",\"contentUrl\":\"http:\/\/maismagazine.pt\/wp-content\/uploads\/2020\/04\/cropped-cropped-mais-magazine-site-logo-2.png\",\"width\":581,\"height\":90,\"caption\":\"Mais Magazine\"},\"image\":{\"@id\":\"https:\/\/maismagazine.pt\/#\/schema\/logo\/image\/\"}},{\"@type\":\"Person\",\"@id\":\"https:\/\/maismagazine.pt\/#\/schema\/person\/c6c5bfccc886434cbd11c74e035f9646\",\"name\":\"Tiago Costa\",\"image\":{\"@type\":\"ImageObject\",\"inLanguage\":\"pt-PT\",\"@id\":\"https:\/\/maismagazine.pt\/#\/schema\/person\/image\/\",\"url\":\"https:\/\/secure.gravatar.com\/avatar\/c599b2bce16c9870429198cbad5ee022?s=96&d=mm&r=g\",\"contentUrl\":\"https:\/\/secure.gravatar.com\/avatar\/c599b2bce16c9870429198cbad5ee022?s=96&d=mm&r=g\",\"caption\":\"Tiago Costa\"},\"url\":\"http:\/\/maismagazine.pt\/index.php\/author\/tiago\/\"}]}<\/script>\n<!-- \/ Yoast SEO plugin. -->","yoast_head_json":{"title":"Pedr\u00f3g\u00e3o Grande: Onde a EN2 abra\u00e7a a cultura, a natureza e a gastronomia - Mais Magazine","description":"A Rota da Estrada Nacional 2 tem um impacto significativo no turismo e na economia de Pedr\u00f3g\u00e3o Grande, atraindo viajantes que percorrem esta hist\u00f3rica via rodovi\u00e1ria. Como um dos pontos de passagem obrigat\u00f3ria, o munic\u00edpio beneficia do aumento do fluxo de turistas, que dinamizam o com\u00e9rcio local, a restaura\u00e7\u00e3o e o alojamento.","robots":{"index":"index","follow":"follow","max-snippet":"max-snippet:-1","max-image-preview":"max-image-preview:large","max-video-preview":"max-video-preview:-1"},"canonical":"https:\/\/maismagazine.pt\/index.php\/2025\/06\/10\/pedrogao-grande-onde-a-en2-abraca-a-cultura-a-natureza-e-a-gastronomia\/","og_locale":"pt_PT","og_type":"article","og_title":"Pedr\u00f3g\u00e3o Grande: Onde a EN2 abra\u00e7a a cultura, a natureza e a gastronomia - Mais Magazine","og_description":"A Rota da Estrada Nacional 2 tem um impacto significativo no turismo e na economia de Pedr\u00f3g\u00e3o Grande, atraindo viajantes que percorrem esta hist\u00f3rica via rodovi\u00e1ria. Como um dos pontos de passagem obrigat\u00f3ria, o munic\u00edpio beneficia do aumento do fluxo de turistas, que dinamizam o com\u00e9rcio local, a restaura\u00e7\u00e3o e o alojamento.","og_url":"https:\/\/maismagazine.pt\/index.php\/2025\/06\/10\/pedrogao-grande-onde-a-en2-abraca-a-cultura-a-natureza-e-a-gastronomia\/","og_site_name":"Mais Magazine","article_published_time":"2025-06-10T06:00:00+00:00","og_image":[{"width":798,"height":599,"url":"https:\/\/maismagazine.pt\/wp-content\/uploads\/2025\/06\/Albufeira-do-Cabril.jpg","type":"image\/jpeg"}],"author":"Tiago Costa","twitter_card":"summary_large_image","twitter_misc":{"Escrito por":false,"Tempo estimado de leitura":"4 minutos"},"schema":{"@context":"https:\/\/schema.org","@graph":[{"@type":"Article","@id":"https:\/\/maismagazine.pt\/index.php\/2025\/06\/10\/pedrogao-grande-onde-a-en2-abraca-a-cultura-a-natureza-e-a-gastronomia\/#article","isPartOf":{"@id":"https:\/\/maismagazine.pt\/index.php\/2025\/06\/10\/pedrogao-grande-onde-a-en2-abraca-a-cultura-a-natureza-e-a-gastronomia\/"},"author":{"name":"Tiago Costa","@id":"https:\/\/maismagazine.pt\/#\/schema\/person\/c6c5bfccc886434cbd11c74e035f9646"},"headline":"Pedr\u00f3g\u00e3o Grande: Onde a EN2 abra\u00e7a a cultura, a natureza e a gastronomia","datePublished":"2025-06-10T06:00:00+00:00","mainEntityOfPage":{"@id":"https:\/\/maismagazine.pt\/index.php\/2025\/06\/10\/pedrogao-grande-onde-a-en2-abraca-a-cultura-a-natureza-e-a-gastronomia\/"},"wordCount":701,"publisher":{"@id":"https:\/\/maismagazine.pt\/#organization"},"image":{"@id":"https:\/\/maismagazine.pt\/index.php\/2025\/06\/10\/pedrogao-grande-onde-a-en2-abraca-a-cultura-a-natureza-e-a-gastronomia\/#primaryimage"},"thumbnailUrl":"http:\/\/maismagazine.pt\/wp-content\/uploads\/2025\/06\/Albufeira-do-Cabril.jpg","keywords":["CM Pedr\u00f3g\u00e3o Grande","EN2"],"articleSection":["Turismo | Vinhos | Gastronomia"],"inLanguage":"pt-PT"},{"@type":"WebPage","@id":"https:\/\/maismagazine.pt\/index.php\/2025\/06\/10\/pedrogao-grande-onde-a-en2-abraca-a-cultura-a-natureza-e-a-gastronomia\/","url":"https:\/\/maismagazine.pt\/index.php\/2025\/06\/10\/pedrogao-grande-onde-a-en2-abraca-a-cultura-a-natureza-e-a-gastronomia\/","name":"Pedr\u00f3g\u00e3o Grande: Onde a EN2 abra\u00e7a a cultura, a natureza e a gastronomia - Mais Magazine","isPartOf":{"@id":"https:\/\/maismagazine.pt\/#website"},"primaryImageOfPage":{"@id":"https:\/\/maismagazine.pt\/index.php\/2025\/06\/10\/pedrogao-grande-onde-a-en2-abraca-a-cultura-a-natureza-e-a-gastronomia\/#primaryimage"},"image":{"@id":"https:\/\/maismagazine.pt\/index.php\/2025\/06\/10\/pedrogao-grande-onde-a-en2-abraca-a-cultura-a-natureza-e-a-gastronomia\/#primaryimage"},"thumbnailUrl":"http:\/\/maismagazine.pt\/wp-content\/uploads\/2025\/06\/Albufeira-do-Cabril.jpg","datePublished":"2025-06-10T06:00:00+00:00","description":"A Rota da Estrada Nacional 2 tem um impacto significativo no turismo e na economia de Pedr\u00f3g\u00e3o Grande, atraindo viajantes que percorrem esta hist\u00f3rica via rodovi\u00e1ria. Como um dos pontos de passagem obrigat\u00f3ria, o munic\u00edpio beneficia do aumento do fluxo de turistas, que dinamizam o com\u00e9rcio local, a restaura\u00e7\u00e3o e o alojamento.","breadcrumb":{"@id":"https:\/\/maismagazine.pt\/index.php\/2025\/06\/10\/pedrogao-grande-onde-a-en2-abraca-a-cultura-a-natureza-e-a-gastronomia\/#breadcrumb"},"inLanguage":"pt-PT","potentialAction":[{"@type":"ReadAction","target":["https:\/\/maismagazine.pt\/index.php\/2025\/06\/10\/pedrogao-grande-onde-a-en2-abraca-a-cultura-a-natureza-e-a-gastronomia\/"]}]},{"@type":"ImageObject","inLanguage":"pt-PT","@id":"https:\/\/maismagazine.pt\/index.php\/2025\/06\/10\/pedrogao-grande-onde-a-en2-abraca-a-cultura-a-natureza-e-a-gastronomia\/#primaryimage","url":"http:\/\/maismagazine.pt\/wp-content\/uploads\/2025\/06\/Albufeira-do-Cabril.jpg","contentUrl":"http:\/\/maismagazine.pt\/wp-content\/uploads\/2025\/06\/Albufeira-do-Cabril.jpg","width":798,"height":599},{"@type":"BreadcrumbList","@id":"https:\/\/maismagazine.pt\/index.php\/2025\/06\/10\/pedrogao-grande-onde-a-en2-abraca-a-cultura-a-natureza-e-a-gastronomia\/#breadcrumb","itemListElement":[{"@type":"ListItem","position":1,"name":"Home","item":"https:\/\/maismagazine.pt\/"},{"@type":"ListItem","position":2,"name":"Pedr\u00f3g\u00e3o Grande: Onde a EN2 abra\u00e7a a cultura, a natureza e a gastronomia"}]},{"@type":"WebSite","@id":"https:\/\/maismagazine.pt\/#website","url":"https:\/\/maismagazine.pt\/","name":"Mais Magazine","description":"","publisher":{"@id":"https:\/\/maismagazine.pt\/#organization"},"potentialAction":[{"@type":"SearchAction","target":{"@type":"EntryPoint","urlTemplate":"https:\/\/maismagazine.pt\/?s={search_term_string}"},"query-input":{"@type":"PropertyValueSpecification","valueRequired":true,"valueName":"search_term_string"}}],"inLanguage":"pt-PT"},{"@type":"Organization","@id":"https:\/\/maismagazine.pt\/#organization","name":"Mais Magazine","url":"https:\/\/maismagazine.pt\/","logo":{"@type":"ImageObject","inLanguage":"pt-PT","@id":"https:\/\/maismagazine.pt\/#\/schema\/logo\/image\/","url":"http:\/\/maismagazine.pt\/wp-content\/uploads\/2020\/04\/cropped-cropped-mais-magazine-site-logo-2.png","contentUrl":"http:\/\/maismagazine.pt\/wp-content\/uploads\/2020\/04\/cropped-cropped-mais-magazine-site-logo-2.png","width":581,"height":90,"caption":"Mais Magazine"},"image":{"@id":"https:\/\/maismagazine.pt\/#\/schema\/logo\/image\/"}},{"@type":"Person","@id":"https:\/\/maismagazine.pt\/#\/schema\/person\/c6c5bfccc886434cbd11c74e035f9646","name":"Tiago Costa","image":{"@type":"ImageObject","inLanguage":"pt-PT","@id":"https:\/\/maismagazine.pt\/#\/schema\/person\/image\/","url":"https:\/\/secure.gravatar.com\/avatar\/c599b2bce16c9870429198cbad5ee022?s=96&d=mm&r=g","contentUrl":"https:\/\/secure.gravatar.com\/avatar\/c599b2bce16c9870429198cbad5ee022?s=96&d=mm&r=g","caption":"Tiago Costa"},"url":"http:\/\/maismagazine.pt\/index.php\/author\/tiago\/"}]}},"author_meta":{"display_name":false,"author_link":"http:\/\/maismagazine.pt\/index.php\/author\/tiago\/"},"featured_img":"http:\/\/maismagazine.pt\/wp-content\/uploads\/2025\/06\/Albufeira-do-Cabril-300x225.jpg","coauthors":[],"tax_additional":{"categories":{"linked":["<a href=\"http:\/\/maismagazine.pt\/index.php\/category\/turismo-restaurantes\/\" class=\"advgb-post-tax-term\">Turismo | Vinhos | Gastronomia<\/a>"],"unlinked":["<span class=\"advgb-post-tax-term\">Turismo | Vinhos | Gastronomia<\/span>"]},"tags":{"linked":["<a href=\"http:\/\/maismagazine.pt\/index.php\/category\/turismo-restaurantes\/\" class=\"advgb-post-tax-term\">CM Pedr\u00f3g\u00e3o Grande<\/a>","<a href=\"http:\/\/maismagazine.pt\/index.php\/category\/turismo-restaurantes\/\" class=\"advgb-post-tax-term\">EN2<\/a>"],"unlinked":["<span class=\"advgb-post-tax-term\">CM Pedr\u00f3g\u00e3o Grande<\/span>","<span class=\"advgb-post-tax-term\">EN2<\/span>"]}},"comment_count":"0","relative_dates":{"created":"Posted 11 meses ago","modified":"Updated 11 meses ago"},"absolute_dates":{"created":"Posted on 10 de Junho, 2025","modified":"Updated on 4 de Junho, 2025"},"absolute_dates_time":{"created":"Posted on 10 de Junho, 2025 7:00","modified":"Updated on 4 de Junho, 2025 15:35"},"featured_img_caption":"","series_order":"","_links":{"self":[{"href":"http:\/\/maismagazine.pt\/index.php\/wp-json\/wp\/v2\/posts\/12229","targetHints":{"allow":["GET"]}}],"collection":[{"href":"http:\/\/maismagazine.pt\/index.php\/wp-json\/wp\/v2\/posts"}],"about":[{"href":"http:\/\/maismagazine.pt\/index.php\/wp-json\/wp\/v2\/types\/post"}],"author":[{"embeddable":true,"href":"http:\/\/maismagazine.pt\/index.php\/wp-json\/wp\/v2\/users\/17"}],"replies":[{"embeddable":true,"href":"http:\/\/maismagazine.pt\/index.php\/wp-json\/wp\/v2\/comments?post=12229"}],"version-history":[{"count":1,"href":"http:\/\/maismagazine.pt\/index.php\/wp-json\/wp\/v2\/posts\/12229\/revisions"}],"predecessor-version":[{"id":12238,"href":"http:\/\/maismagazine.pt\/index.php\/wp-json\/wp\/v2\/posts\/12229\/revisions\/12238"}],"wp:featuredmedia":[{"embeddable":true,"href":"http:\/\/maismagazine.pt\/index.php\/wp-json\/wp\/v2\/media\/12236"}],"wp:attachment":[{"href":"http:\/\/maismagazine.pt\/index.php\/wp-json\/wp\/v2\/media?parent=12229"}],"wp:term":[{"taxonomy":"category","embeddable":true,"href":"http:\/\/maismagazine.pt\/index.php\/wp-json\/wp\/v2\/categories?post=12229"},{"taxonomy":"post_tag","embeddable":true,"href":"http:\/\/maismagazine.pt\/index.php\/wp-json\/wp\/v2\/tags?post=12229"}],"curies":[{"name":"wp","href":"https:\/\/api.w.org\/{rel}","templated":true}]}}