{"id":12147,"date":"2025-05-23T07:00:00","date_gmt":"2025-05-23T06:00:00","guid":{"rendered":"https:\/\/maismagazine.pt\/?p=12147"},"modified":"2025-05-20T16:06:52","modified_gmt":"2025-05-20T15:06:52","slug":"quatro-decadas-da-maior-feira-industrial-do-pais","status":"publish","type":"post","link":"http:\/\/maismagazine.pt\/index.php\/2025\/05\/23\/quatro-decadas-da-maior-feira-industrial-do-pais\/","title":{"rendered":"Quatro d\u00e9cadas da maior feira industrial do pa\u00eds"},"content":{"rendered":"\n<p><strong>Lu\u00eds Miguel Ribeiro, presidente da Exponor, partilhou com a Mais Magazine as suas expectativas para a 20\u00aa EMAF e destacou a import\u00e2ncia da inova\u00e7\u00e3o no setor industrial. <\/strong><\/p>\n\n\n\n<p><\/p>\n\n\n\n<p><strong>Quais s\u00e3o as suas perspetivas para a 20\u00aa edi\u00e7\u00e3o da EMAF, de 27 a 30 de maio na Exponor?<\/strong><\/p>\n\n\n\n<p>A EMAF chega \u00e0 20.\u00aa edi\u00e7\u00e3o com expectativas francamente otimistas. Em 2023 recebemos cerca de 26 000 visitantes, este ano j\u00e1 super\u00e1mos o n\u00famero de expositores da \u00faltima edi\u00e7\u00e3o, pelo que antecipamos um crescimento significativo na aflu\u00eancia de profissionais nacionais e internacionais. A celebra\u00e7\u00e3o de quatro d\u00e9cadas da maior feira industrial do pa\u00eds ser\u00e1 assinalada logo no primeiro dia, a 27 de maio, com uma sess\u00e3o evocativa no Terminal de Cruzeiros do Porto de Leix\u00f5es \u2013 um local ic\u00f3nico que refor\u00e7a a liga\u00e7\u00e3o da EMAF ao tecido empresarial do Norte e ao pa\u00eds. Em paralelo, ter\u00e1 lugar a entrega dos Pr\u00e9mios do Concurso de Inova\u00e7\u00e3o, em parceria com a Revista Rob\u00f3tica, distinguindo as solu\u00e7\u00f5es mais inovadoras e disruptivas apresentadas pelos expositores. Este reconhecimento sublinha o papel da EMAF como montra de tecnologia de ponta e acelerador da moderniza\u00e7\u00e3o da ind\u00fastria portuguesa.  <\/p>\n\n\n\n<p><\/p>\n\n\n\n<p>Tudo indica, portanto, que a edi\u00e7\u00e3o de 2025 ser\u00e1 memor\u00e1vel \u2013 celebrando o percurso realizado e, simultaneamente, projetando o futuro da nossa ind\u00fastria. <\/p>\n\n\n\n<p><\/p>\n\n\n\n<p><strong>Integrado na programa\u00e7\u00e3o da EMAF, o \u201cFUTURE SUMMIT\u201d acontece no dia 28 de maio. Que tem\u00e1ticas estar\u00e3o em destaque nesta confer\u00eancia e que mensagem gostaria de deixar ao p\u00fablico para os motivar a participar? <\/strong><\/p>\n\n\n\n<p>O Future Summit promete ser um dos destaques principais desta 20.\u00aa edi\u00e7\u00e3o. Esta confer\u00eancia de excel\u00eancia, organizada conjuntamente pela AEP, AIMMAP, EXPONOR e CEiiA, ir\u00e1 centrar-se em tem\u00e1ticas cruciais para o futuro da ind\u00fastria nacional, com especial destaque para a inova\u00e7\u00e3o tecnol\u00f3gica, a ind\u00fastria da defesa, a reindustrializa\u00e7\u00e3o europeia e a soberania estrat\u00e9gica. Vivemos uma transforma\u00e7\u00e3o global acelerada, marcada por instabilidade geopol\u00edtica, transi\u00e7\u00e3o energ\u00e9tica e novas exig\u00eancias de seguran\u00e7a. O Future Summit surge, assim, como um espa\u00e7o de reflex\u00e3o e antecipa\u00e7\u00e3o, onde l\u00edderes empresariais, decisores pol\u00edticos e especialistas ir\u00e3o partilhar vis\u00f5es estrat\u00e9gicas e solu\u00e7\u00f5es concretas para posicionar Portugal na vanguarda da nova ind\u00fastria europeia. Entre os oradores confirmados destaca-se o Deputado S\u00e9rgio Sousa Pinto, cujo keynote refor\u00e7ar\u00e1 a import\u00e2ncia da seguran\u00e7a coletiva europeia, e l\u00edderes como Jos\u00e9 Rui Felizardo (CEiiA), Fernando Sousa (CEI\/ZIPOR) ou Rafael Campos Pereira (AIMMAP), que ajudar\u00e3o a tra\u00e7ar o caminho para uma ind\u00fastria nacional mais resiliente, competitiva e inovadora. As interven\u00e7\u00f5es do Presidente da AEP, Luis Miguel Ribeiro, do Presidente da AIMMAP, V\u00edtor Neves, e da Presidente do CEIIA, Isabel Furtado, assim como do moderador do debate, Jos\u00e9 Manuel Mendon\u00e7a, s\u00e3o tamb\u00e9m aguardadas com expetativa, atendendo ao conhecimento e larga experi\u00eancia destas individualidades. <\/p>\n\n\n\n<p><\/p>\n\n\n\n<p>A mensagem que deixamos \u00e9 clara: esta \u00e9 uma oportunidade \u00fanica para ouvir quem est\u00e1 a moldar o futuro. Queremos mobilizar empresas, t\u00e9cnicos, investigadores e jovens talentos para uma confer\u00eancia que se pretende vision\u00e1ria e inspiradora. O futuro constr\u00f3i-se com conhecimento e ambi\u00e7\u00e3o \u2014 e o Future Summit ser\u00e1 o lugar certo para come\u00e7ar.  <\/p>\n\n\n\n<p><\/p>\n\n\n\n<p><strong>Como a digitaliza\u00e7\u00e3o e a automa\u00e7\u00e3o est\u00e3o a transformar a ind\u00fastria, e que papel tem a EMAF nesse processo? <\/strong><\/p>\n\n\n\n<p>Sem d\u00favida que, apesar dos desafios inerentes ao setor, a tecnologia \u00e9 uma fonte de revolu\u00e7\u00e3o da ind\u00fastria com efeitos muito positivos, n\u00e3o apenas para o setor, mas, atrav\u00e9s do mesmo, para a economia e a sociedade. A forte componente inovadora do setor industrial obriga a uma monitoriza\u00e7\u00e3o constante do estado da tecnologia e \u00e0 cria\u00e7\u00e3o de parcerias de desenvolvimento tecnol\u00f3gico. Nesse sentido, eventos como a EMAF, ao reunirem os principais players nacionais e internacionais criam um ecossistema de partilha de conhecimento, promovendo solu\u00e7\u00f5es inovadoras, fomentando sinergias no setor industrial e acelerando a inova\u00e7\u00e3o tecnol\u00f3gica no pa\u00eds. <\/p>\n\n\n\n<p> <\/p>\n\n\n\n<p>Estamos perante um importante evento do setor industrial em Portugal e uma refer\u00eancia no panorama ib\u00e9rico, incluindo temas como a Ind\u00fastria 4.0, a automa\u00e7\u00e3o, a sustentabilidade e a transforma\u00e7\u00e3o digital, que s\u00e3o amplamente geradores de elevado valor acrescentado.  <\/p>\n\n\n\n<p><\/p>\n\n\n\n<p>Mais do que uma feira, a EMAF \u00e9 uma plataforma estrat\u00e9gica para preparar o setor industrial para os desafios e oportunidades da ind\u00fastria em Portugal e para um crescimento econ\u00f3mico mais robusto e sustent\u00e1vel.  <\/p>\n\n\n\n<p><\/p>\n\n\n<div class=\"wp-block-image\">\n<figure class=\"aligncenter size-large is-resized\"><img loading=\"lazy\" decoding=\"async\" width=\"1024\" height=\"1024\" src=\"https:\/\/maismagazine.pt\/wp-content\/uploads\/2025\/05\/470235767_997195835786049_1394915927772823817_n-1024x1024.jpg\" alt=\"\" class=\"wp-image-12152\" style=\"width:263px;height:auto\" srcset=\"http:\/\/maismagazine.pt\/wp-content\/uploads\/2025\/05\/470235767_997195835786049_1394915927772823817_n-1024x1024.jpg 1024w, http:\/\/maismagazine.pt\/wp-content\/uploads\/2025\/05\/470235767_997195835786049_1394915927772823817_n-300x300.jpg 300w, http:\/\/maismagazine.pt\/wp-content\/uploads\/2025\/05\/470235767_997195835786049_1394915927772823817_n-150x150.jpg 150w, http:\/\/maismagazine.pt\/wp-content\/uploads\/2025\/05\/470235767_997195835786049_1394915927772823817_n-768x768.jpg 768w, http:\/\/maismagazine.pt\/wp-content\/uploads\/2025\/05\/470235767_997195835786049_1394915927772823817_n.jpg 1080w\" sizes=\"auto, (max-width: 1024px) 100vw, 1024px\" \/><\/figure><\/div>","protected":false},"excerpt":{"rendered":"<p>Lu\u00eds Miguel Ribeiro, presidente da Exponor, partilhou com a Mais Magazine as suas expectativas para a 20\u00aa EMAF e destacou a import\u00e2ncia da inova\u00e7\u00e3o no setor industrial. Quais s\u00e3o as suas perspetivas para a 20\u00aa edi\u00e7\u00e3o da EMAF, de 27 a 30 de maio na Exponor? A EMAF chega \u00e0&hellip;<\/p>\n","protected":false},"author":17,"featured_media":12151,"comment_status":"closed","ping_status":"open","sticky":false,"template":"","format":"standard","meta":{"advgb_blocks_editor_width":"","advgb_blocks_columns_visual_guide":"","_monsterinsights_skip_tracking":false,"_monsterinsights_sitenote_active":false,"_monsterinsights_sitenote_note":"","_monsterinsights_sitenote_category":0,"footnotes":""},"categories":[52,51],"tags":[2371,156],"class_list":["post-12147","post","type-post","status-publish","format-standard","has-post-thumbnail","hentry","category-destaque","category-opiniao","tag-emaf-2025","tag-exponor"],"yoast_head":"<!-- This site is optimized with the Yoast SEO plugin v24.4 - https:\/\/yoast.com\/wordpress\/plugins\/seo\/ -->\n<title>Quatro d\u00e9cadas da maior feira industrial do pa\u00eds - Mais Magazine<\/title>\n<meta name=\"description\" content=\"Lu\u00eds Miguel Ribeiro, presidente da Exponor, partilhou com a Mais Magazine as suas expectativas para a 20\u00aa EMAF e destacou a import\u00e2ncia da inova\u00e7\u00e3o no setor industrial.\" \/>\n<meta name=\"robots\" content=\"index, follow, max-snippet:-1, max-image-preview:large, max-video-preview:-1\" \/>\n<link rel=\"canonical\" href=\"http:\/\/maismagazine.pt\/index.php\/2025\/05\/23\/quatro-decadas-da-maior-feira-industrial-do-pais\/\" \/>\n<meta property=\"og:locale\" content=\"pt_PT\" \/>\n<meta property=\"og:type\" content=\"article\" \/>\n<meta property=\"og:title\" content=\"Quatro d\u00e9cadas da maior feira industrial do pa\u00eds - Mais Magazine\" \/>\n<meta property=\"og:description\" content=\"Lu\u00eds Miguel Ribeiro, presidente da Exponor, partilhou com a Mais Magazine as suas expectativas para a 20\u00aa EMAF e destacou a import\u00e2ncia da inova\u00e7\u00e3o no setor industrial.\" \/>\n<meta property=\"og:url\" content=\"http:\/\/maismagazine.pt\/index.php\/2025\/05\/23\/quatro-decadas-da-maior-feira-industrial-do-pais\/\" \/>\n<meta property=\"og:site_name\" content=\"Mais Magazine\" \/>\n<meta property=\"article:published_time\" content=\"2025-05-23T06:00:00+00:00\" \/>\n<meta property=\"og:image\" content=\"http:\/\/maismagazine.pt\/wp-content\/uploads\/2025\/05\/Luis-Miguel-Ribeiro-Presidente-da-Exponor.jpg\" \/>\n\t<meta property=\"og:image:width\" content=\"387\" \/>\n\t<meta property=\"og:image:height\" content=\"580\" \/>\n\t<meta property=\"og:image:type\" content=\"image\/jpeg\" \/>\n<meta name=\"author\" content=\"Tiago Costa\" \/>\n<meta name=\"twitter:card\" content=\"summary_large_image\" \/>\n<meta name=\"twitter:label1\" content=\"Escrito por\" \/>\n\t<meta name=\"twitter:data1\" content=\"\" \/>\n\t<meta name=\"twitter:label2\" content=\"Tempo estimado de leitura\" \/>\n\t<meta name=\"twitter:data2\" content=\"5 minutos\" \/>\n<script type=\"application\/ld+json\" class=\"yoast-schema-graph\">{\"@context\":\"https:\/\/schema.org\",\"@graph\":[{\"@type\":\"Article\",\"@id\":\"http:\/\/maismagazine.pt\/index.php\/2025\/05\/23\/quatro-decadas-da-maior-feira-industrial-do-pais\/#article\",\"isPartOf\":{\"@id\":\"http:\/\/maismagazine.pt\/index.php\/2025\/05\/23\/quatro-decadas-da-maior-feira-industrial-do-pais\/\"},\"author\":{\"name\":\"Tiago Costa\",\"@id\":\"https:\/\/maismagazine.pt\/#\/schema\/person\/c6c5bfccc886434cbd11c74e035f9646\"},\"headline\":\"Quatro d\u00e9cadas da maior feira industrial do pa\u00eds\",\"datePublished\":\"2025-05-23T06:00:00+00:00\",\"mainEntityOfPage\":{\"@id\":\"http:\/\/maismagazine.pt\/index.php\/2025\/05\/23\/quatro-decadas-da-maior-feira-industrial-do-pais\/\"},\"wordCount\":777,\"publisher\":{\"@id\":\"https:\/\/maismagazine.pt\/#organization\"},\"image\":{\"@id\":\"http:\/\/maismagazine.pt\/index.php\/2025\/05\/23\/quatro-decadas-da-maior-feira-industrial-do-pais\/#primaryimage\"},\"thumbnailUrl\":\"http:\/\/maismagazine.pt\/wp-content\/uploads\/2025\/05\/Luis-Miguel-Ribeiro-Presidente-da-Exponor.jpg\",\"keywords\":[\"EMAF 2025\",\"Exponor\"],\"articleSection\":[\"Destaque lateral\",\"Opini\u00e3o\"],\"inLanguage\":\"pt-PT\"},{\"@type\":\"WebPage\",\"@id\":\"http:\/\/maismagazine.pt\/index.php\/2025\/05\/23\/quatro-decadas-da-maior-feira-industrial-do-pais\/\",\"url\":\"http:\/\/maismagazine.pt\/index.php\/2025\/05\/23\/quatro-decadas-da-maior-feira-industrial-do-pais\/\",\"name\":\"Quatro d\u00e9cadas da maior feira industrial do pa\u00eds - Mais Magazine\",\"isPartOf\":{\"@id\":\"https:\/\/maismagazine.pt\/#website\"},\"primaryImageOfPage\":{\"@id\":\"http:\/\/maismagazine.pt\/index.php\/2025\/05\/23\/quatro-decadas-da-maior-feira-industrial-do-pais\/#primaryimage\"},\"image\":{\"@id\":\"http:\/\/maismagazine.pt\/index.php\/2025\/05\/23\/quatro-decadas-da-maior-feira-industrial-do-pais\/#primaryimage\"},\"thumbnailUrl\":\"http:\/\/maismagazine.pt\/wp-content\/uploads\/2025\/05\/Luis-Miguel-Ribeiro-Presidente-da-Exponor.jpg\",\"datePublished\":\"2025-05-23T06:00:00+00:00\",\"description\":\"Lu\u00eds Miguel Ribeiro, presidente da Exponor, partilhou com a Mais Magazine as suas expectativas para a 20\u00aa EMAF e destacou a import\u00e2ncia da inova\u00e7\u00e3o no setor industrial.\",\"breadcrumb\":{\"@id\":\"http:\/\/maismagazine.pt\/index.php\/2025\/05\/23\/quatro-decadas-da-maior-feira-industrial-do-pais\/#breadcrumb\"},\"inLanguage\":\"pt-PT\",\"potentialAction\":[{\"@type\":\"ReadAction\",\"target\":[\"http:\/\/maismagazine.pt\/index.php\/2025\/05\/23\/quatro-decadas-da-maior-feira-industrial-do-pais\/\"]}]},{\"@type\":\"ImageObject\",\"inLanguage\":\"pt-PT\",\"@id\":\"http:\/\/maismagazine.pt\/index.php\/2025\/05\/23\/quatro-decadas-da-maior-feira-industrial-do-pais\/#primaryimage\",\"url\":\"http:\/\/maismagazine.pt\/wp-content\/uploads\/2025\/05\/Luis-Miguel-Ribeiro-Presidente-da-Exponor.jpg\",\"contentUrl\":\"http:\/\/maismagazine.pt\/wp-content\/uploads\/2025\/05\/Luis-Miguel-Ribeiro-Presidente-da-Exponor.jpg\",\"width\":387,\"height\":580},{\"@type\":\"BreadcrumbList\",\"@id\":\"http:\/\/maismagazine.pt\/index.php\/2025\/05\/23\/quatro-decadas-da-maior-feira-industrial-do-pais\/#breadcrumb\",\"itemListElement\":[{\"@type\":\"ListItem\",\"position\":1,\"name\":\"Home\",\"item\":\"https:\/\/maismagazine.pt\/\"},{\"@type\":\"ListItem\",\"position\":2,\"name\":\"Quatro d\u00e9cadas da maior feira industrial do pa\u00eds\"}]},{\"@type\":\"WebSite\",\"@id\":\"https:\/\/maismagazine.pt\/#website\",\"url\":\"https:\/\/maismagazine.pt\/\",\"name\":\"Mais Magazine\",\"description\":\"\",\"publisher\":{\"@id\":\"https:\/\/maismagazine.pt\/#organization\"},\"potentialAction\":[{\"@type\":\"SearchAction\",\"target\":{\"@type\":\"EntryPoint\",\"urlTemplate\":\"https:\/\/maismagazine.pt\/?s={search_term_string}\"},\"query-input\":{\"@type\":\"PropertyValueSpecification\",\"valueRequired\":true,\"valueName\":\"search_term_string\"}}],\"inLanguage\":\"pt-PT\"},{\"@type\":\"Organization\",\"@id\":\"https:\/\/maismagazine.pt\/#organization\",\"name\":\"Mais Magazine\",\"url\":\"https:\/\/maismagazine.pt\/\",\"logo\":{\"@type\":\"ImageObject\",\"inLanguage\":\"pt-PT\",\"@id\":\"https:\/\/maismagazine.pt\/#\/schema\/logo\/image\/\",\"url\":\"http:\/\/maismagazine.pt\/wp-content\/uploads\/2020\/04\/cropped-cropped-mais-magazine-site-logo-2.png\",\"contentUrl\":\"http:\/\/maismagazine.pt\/wp-content\/uploads\/2020\/04\/cropped-cropped-mais-magazine-site-logo-2.png\",\"width\":581,\"height\":90,\"caption\":\"Mais Magazine\"},\"image\":{\"@id\":\"https:\/\/maismagazine.pt\/#\/schema\/logo\/image\/\"}},{\"@type\":\"Person\",\"@id\":\"https:\/\/maismagazine.pt\/#\/schema\/person\/c6c5bfccc886434cbd11c74e035f9646\",\"name\":\"Tiago Costa\",\"image\":{\"@type\":\"ImageObject\",\"inLanguage\":\"pt-PT\",\"@id\":\"https:\/\/maismagazine.pt\/#\/schema\/person\/image\/\",\"url\":\"https:\/\/secure.gravatar.com\/avatar\/c599b2bce16c9870429198cbad5ee022?s=96&d=mm&r=g\",\"contentUrl\":\"https:\/\/secure.gravatar.com\/avatar\/c599b2bce16c9870429198cbad5ee022?s=96&d=mm&r=g\",\"caption\":\"Tiago Costa\"},\"url\":\"http:\/\/maismagazine.pt\/index.php\/author\/tiago\/\"}]}<\/script>\n<!-- \/ Yoast SEO plugin. -->","yoast_head_json":{"title":"Quatro d\u00e9cadas da maior feira industrial do pa\u00eds - Mais Magazine","description":"Lu\u00eds Miguel Ribeiro, presidente da Exponor, partilhou com a Mais Magazine as suas expectativas para a 20\u00aa EMAF e destacou a import\u00e2ncia da inova\u00e7\u00e3o no setor industrial.","robots":{"index":"index","follow":"follow","max-snippet":"max-snippet:-1","max-image-preview":"max-image-preview:large","max-video-preview":"max-video-preview:-1"},"canonical":"http:\/\/maismagazine.pt\/index.php\/2025\/05\/23\/quatro-decadas-da-maior-feira-industrial-do-pais\/","og_locale":"pt_PT","og_type":"article","og_title":"Quatro d\u00e9cadas da maior feira industrial do pa\u00eds - Mais Magazine","og_description":"Lu\u00eds Miguel Ribeiro, presidente da Exponor, partilhou com a Mais Magazine as suas expectativas para a 20\u00aa EMAF e destacou a import\u00e2ncia da inova\u00e7\u00e3o no setor industrial.","og_url":"http:\/\/maismagazine.pt\/index.php\/2025\/05\/23\/quatro-decadas-da-maior-feira-industrial-do-pais\/","og_site_name":"Mais Magazine","article_published_time":"2025-05-23T06:00:00+00:00","og_image":[{"width":387,"height":580,"url":"http:\/\/maismagazine.pt\/wp-content\/uploads\/2025\/05\/Luis-Miguel-Ribeiro-Presidente-da-Exponor.jpg","type":"image\/jpeg"}],"author":"Tiago Costa","twitter_card":"summary_large_image","twitter_misc":{"Escrito por":false,"Tempo estimado de leitura":"5 minutos"},"schema":{"@context":"https:\/\/schema.org","@graph":[{"@type":"Article","@id":"http:\/\/maismagazine.pt\/index.php\/2025\/05\/23\/quatro-decadas-da-maior-feira-industrial-do-pais\/#article","isPartOf":{"@id":"http:\/\/maismagazine.pt\/index.php\/2025\/05\/23\/quatro-decadas-da-maior-feira-industrial-do-pais\/"},"author":{"name":"Tiago Costa","@id":"https:\/\/maismagazine.pt\/#\/schema\/person\/c6c5bfccc886434cbd11c74e035f9646"},"headline":"Quatro d\u00e9cadas da maior feira industrial do pa\u00eds","datePublished":"2025-05-23T06:00:00+00:00","mainEntityOfPage":{"@id":"http:\/\/maismagazine.pt\/index.php\/2025\/05\/23\/quatro-decadas-da-maior-feira-industrial-do-pais\/"},"wordCount":777,"publisher":{"@id":"https:\/\/maismagazine.pt\/#organization"},"image":{"@id":"http:\/\/maismagazine.pt\/index.php\/2025\/05\/23\/quatro-decadas-da-maior-feira-industrial-do-pais\/#primaryimage"},"thumbnailUrl":"http:\/\/maismagazine.pt\/wp-content\/uploads\/2025\/05\/Luis-Miguel-Ribeiro-Presidente-da-Exponor.jpg","keywords":["EMAF 2025","Exponor"],"articleSection":["Destaque lateral","Opini\u00e3o"],"inLanguage":"pt-PT"},{"@type":"WebPage","@id":"http:\/\/maismagazine.pt\/index.php\/2025\/05\/23\/quatro-decadas-da-maior-feira-industrial-do-pais\/","url":"http:\/\/maismagazine.pt\/index.php\/2025\/05\/23\/quatro-decadas-da-maior-feira-industrial-do-pais\/","name":"Quatro d\u00e9cadas da maior feira industrial do pa\u00eds - Mais Magazine","isPartOf":{"@id":"https:\/\/maismagazine.pt\/#website"},"primaryImageOfPage":{"@id":"http:\/\/maismagazine.pt\/index.php\/2025\/05\/23\/quatro-decadas-da-maior-feira-industrial-do-pais\/#primaryimage"},"image":{"@id":"http:\/\/maismagazine.pt\/index.php\/2025\/05\/23\/quatro-decadas-da-maior-feira-industrial-do-pais\/#primaryimage"},"thumbnailUrl":"http:\/\/maismagazine.pt\/wp-content\/uploads\/2025\/05\/Luis-Miguel-Ribeiro-Presidente-da-Exponor.jpg","datePublished":"2025-05-23T06:00:00+00:00","description":"Lu\u00eds Miguel Ribeiro, presidente da Exponor, partilhou com a Mais Magazine as suas expectativas para a 20\u00aa EMAF e destacou a import\u00e2ncia da inova\u00e7\u00e3o no setor industrial.","breadcrumb":{"@id":"http:\/\/maismagazine.pt\/index.php\/2025\/05\/23\/quatro-decadas-da-maior-feira-industrial-do-pais\/#breadcrumb"},"inLanguage":"pt-PT","potentialAction":[{"@type":"ReadAction","target":["http:\/\/maismagazine.pt\/index.php\/2025\/05\/23\/quatro-decadas-da-maior-feira-industrial-do-pais\/"]}]},{"@type":"ImageObject","inLanguage":"pt-PT","@id":"http:\/\/maismagazine.pt\/index.php\/2025\/05\/23\/quatro-decadas-da-maior-feira-industrial-do-pais\/#primaryimage","url":"http:\/\/maismagazine.pt\/wp-content\/uploads\/2025\/05\/Luis-Miguel-Ribeiro-Presidente-da-Exponor.jpg","contentUrl":"http:\/\/maismagazine.pt\/wp-content\/uploads\/2025\/05\/Luis-Miguel-Ribeiro-Presidente-da-Exponor.jpg","width":387,"height":580},{"@type":"BreadcrumbList","@id":"http:\/\/maismagazine.pt\/index.php\/2025\/05\/23\/quatro-decadas-da-maior-feira-industrial-do-pais\/#breadcrumb","itemListElement":[{"@type":"ListItem","position":1,"name":"Home","item":"https:\/\/maismagazine.pt\/"},{"@type":"ListItem","position":2,"name":"Quatro d\u00e9cadas da maior feira industrial do pa\u00eds"}]},{"@type":"WebSite","@id":"https:\/\/maismagazine.pt\/#website","url":"https:\/\/maismagazine.pt\/","name":"Mais Magazine","description":"","publisher":{"@id":"https:\/\/maismagazine.pt\/#organization"},"potentialAction":[{"@type":"SearchAction","target":{"@type":"EntryPoint","urlTemplate":"https:\/\/maismagazine.pt\/?s={search_term_string}"},"query-input":{"@type":"PropertyValueSpecification","valueRequired":true,"valueName":"search_term_string"}}],"inLanguage":"pt-PT"},{"@type":"Organization","@id":"https:\/\/maismagazine.pt\/#organization","name":"Mais Magazine","url":"https:\/\/maismagazine.pt\/","logo":{"@type":"ImageObject","inLanguage":"pt-PT","@id":"https:\/\/maismagazine.pt\/#\/schema\/logo\/image\/","url":"http:\/\/maismagazine.pt\/wp-content\/uploads\/2020\/04\/cropped-cropped-mais-magazine-site-logo-2.png","contentUrl":"http:\/\/maismagazine.pt\/wp-content\/uploads\/2020\/04\/cropped-cropped-mais-magazine-site-logo-2.png","width":581,"height":90,"caption":"Mais Magazine"},"image":{"@id":"https:\/\/maismagazine.pt\/#\/schema\/logo\/image\/"}},{"@type":"Person","@id":"https:\/\/maismagazine.pt\/#\/schema\/person\/c6c5bfccc886434cbd11c74e035f9646","name":"Tiago Costa","image":{"@type":"ImageObject","inLanguage":"pt-PT","@id":"https:\/\/maismagazine.pt\/#\/schema\/person\/image\/","url":"https:\/\/secure.gravatar.com\/avatar\/c599b2bce16c9870429198cbad5ee022?s=96&d=mm&r=g","contentUrl":"https:\/\/secure.gravatar.com\/avatar\/c599b2bce16c9870429198cbad5ee022?s=96&d=mm&r=g","caption":"Tiago Costa"},"url":"http:\/\/maismagazine.pt\/index.php\/author\/tiago\/"}]}},"author_meta":{"display_name":false,"author_link":"http:\/\/maismagazine.pt\/index.php\/author\/tiago\/"},"featured_img":"http:\/\/maismagazine.pt\/wp-content\/uploads\/2025\/05\/Luis-Miguel-Ribeiro-Presidente-da-Exponor-200x300.jpg","coauthors":[],"tax_additional":{"categories":{"linked":["<a href=\"http:\/\/maismagazine.pt\/index.php\/category\/destaque\/\" class=\"advgb-post-tax-term\">Destaque lateral<\/a>","<a href=\"http:\/\/maismagazine.pt\/index.php\/category\/noticias\/opiniao\/\" class=\"advgb-post-tax-term\">Opini\u00e3o<\/a>"],"unlinked":["<span class=\"advgb-post-tax-term\">Destaque lateral<\/span>","<span class=\"advgb-post-tax-term\">Opini\u00e3o<\/span>"]},"tags":{"linked":["<a href=\"http:\/\/maismagazine.pt\/index.php\/category\/noticias\/opiniao\/\" class=\"advgb-post-tax-term\">EMAF 2025<\/a>","<a href=\"http:\/\/maismagazine.pt\/index.php\/category\/noticias\/opiniao\/\" class=\"advgb-post-tax-term\">Exponor<\/a>"],"unlinked":["<span class=\"advgb-post-tax-term\">EMAF 2025<\/span>","<span class=\"advgb-post-tax-term\">Exponor<\/span>"]}},"comment_count":"0","relative_dates":{"created":"Posted 11 meses ago","modified":"Updated 11 meses ago"},"absolute_dates":{"created":"Posted on 23 de Maio, 2025","modified":"Updated on 20 de Maio, 2025"},"absolute_dates_time":{"created":"Posted on 23 de Maio, 2025 7:00","modified":"Updated on 20 de Maio, 2025 16:06"},"featured_img_caption":"","series_order":"","_links":{"self":[{"href":"http:\/\/maismagazine.pt\/index.php\/wp-json\/wp\/v2\/posts\/12147","targetHints":{"allow":["GET"]}}],"collection":[{"href":"http:\/\/maismagazine.pt\/index.php\/wp-json\/wp\/v2\/posts"}],"about":[{"href":"http:\/\/maismagazine.pt\/index.php\/wp-json\/wp\/v2\/types\/post"}],"author":[{"embeddable":true,"href":"http:\/\/maismagazine.pt\/index.php\/wp-json\/wp\/v2\/users\/17"}],"replies":[{"embeddable":true,"href":"http:\/\/maismagazine.pt\/index.php\/wp-json\/wp\/v2\/comments?post=12147"}],"version-history":[{"count":1,"href":"http:\/\/maismagazine.pt\/index.php\/wp-json\/wp\/v2\/posts\/12147\/revisions"}],"predecessor-version":[{"id":12153,"href":"http:\/\/maismagazine.pt\/index.php\/wp-json\/wp\/v2\/posts\/12147\/revisions\/12153"}],"wp:featuredmedia":[{"embeddable":true,"href":"http:\/\/maismagazine.pt\/index.php\/wp-json\/wp\/v2\/media\/12151"}],"wp:attachment":[{"href":"http:\/\/maismagazine.pt\/index.php\/wp-json\/wp\/v2\/media?parent=12147"}],"wp:term":[{"taxonomy":"category","embeddable":true,"href":"http:\/\/maismagazine.pt\/index.php\/wp-json\/wp\/v2\/categories?post=12147"},{"taxonomy":"post_tag","embeddable":true,"href":"http:\/\/maismagazine.pt\/index.php\/wp-json\/wp\/v2\/tags?post=12147"}],"curies":[{"name":"wp","href":"https:\/\/api.w.org\/{rel}","templated":true}]}}