{"id":12114,"date":"2025-05-23T07:00:00","date_gmt":"2025-05-23T06:00:00","guid":{"rendered":"https:\/\/maismagazine.pt\/?p=12114"},"modified":"2025-05-20T15:41:05","modified_gmt":"2025-05-20T14:41:05","slug":"universidade-de-evora-no-centro-da-inovacao-e-do-conhecimento","status":"publish","type":"post","link":"http:\/\/maismagazine.pt\/index.php\/2025\/05\/23\/universidade-de-evora-no-centro-da-inovacao-e-do-conhecimento\/","title":{"rendered":"Universidade de \u00c9vora no Centro da Inova\u00e7\u00e3o e do Conhecimento"},"content":{"rendered":"\n<p><strong>A Mais Magazine esteve \u00e0 conversa com Herm\u00ednia Vasconcelos Vilar, reitora da Universidade de \u00c9vora, que anunciou a cria\u00e7\u00e3o da primeira licenciatura em Engenharia Aeroespacial da institui\u00e7\u00e3o, refor\u00e7ando a aposta na inova\u00e7\u00e3o e na diversifica\u00e7\u00e3o da oferta formativa.<\/strong><\/p>\n\n\n\n<p><\/p>\n\n\n\n<p><strong>90% das Unidades de I&amp;D da Universidade de \u00c9vora foram classificadas como Excelente ou Muito Bom. Que impacto tem este resultado para a sua institui\u00e7\u00e3o?<\/strong><\/p>\n\n\n\n<p>\u00c9 um resultado que refor\u00e7a o prest\u00edgio da Universidade de \u00c9vora no panorama cient\u00edfico nacional e internacional e, simultaneamente, a nossa responsabilidade em continuar a promover a ci\u00eancia ao servi\u00e7o da sociedade. Confirma a qualidade e relev\u00e2ncia do trabalho desenvolvido, sendo um testemunho claro do compromisso, talento e dedica\u00e7\u00e3o de todos os investigadores e colaboradores. Apesar de sermos uma universidade situada no interior do pa\u00eds, temos uma preocupa\u00e7\u00e3o constante com a excel\u00eancia, a inova\u00e7\u00e3o e a internacionaliza\u00e7\u00e3o. Esta distin\u00e7\u00e3o demonstra que \u00e9 poss\u00edvel desenvolver investiga\u00e7\u00e3o de excel\u00eancia fora dos grandes centros urbanos, produzindo conhecimento com impacto efetivo no bem-estar das popula\u00e7\u00f5es e no desenvolvimento sustent\u00e1vel, com relev\u00e2ncia regional, nacional e internacional. Refor\u00e7a o posicionamento da Universidade como uma institui\u00e7\u00e3o de refer\u00eancia para atrair talento, consolidar redes de colabora\u00e7\u00e3o e contribuir de forma decisiva para a constru\u00e7\u00e3o de uma sociedade mais inovadora e sustent\u00e1vel. Real\u00e7ar, ainda, que temos vindo a aumentar o n\u00famero de projetos em execu\u00e7\u00e3o com base em diferentes programas e fontes de financiamento, aos quais os nossos investigadores t\u00eam concorrido muitas vezes em integrados ou a liderarem parcerias nacionais e internacionais. <\/p>\n\n\n\n<p><\/p>\n\n\n\n<p><strong>O que representa para a institui\u00e7\u00e3o e para a regi\u00e3o a constru\u00e7\u00e3o do novo P\u00f3lo de Sa\u00fade? <\/strong><\/p>\n\n\n\n<p>O projeto de constru\u00e7\u00e3o de uma nova escola de sa\u00fade junto ao novo Hospital Central do Alentejo, em articula\u00e7\u00e3o com v\u00e1rias entidades do territ\u00f3rio, representa um marco estrat\u00e9gico no refor\u00e7o da forma\u00e7\u00e3o, investiga\u00e7\u00e3o e presta\u00e7\u00e3o de servi\u00e7os na \u00e1rea da sa\u00fade. Traduz o compromisso da Universidade com a melhoria dos cuidados de sa\u00fade, a coes\u00e3o territorial e o desenvolvimento de respostas integradas e inovadoras para os desafios demogr\u00e1ficos e sociais da regi\u00e3o e do pa\u00eds. Para al\u00e9m de criar novas oportunidades de ensino e investiga\u00e7\u00e3o, o P\u00f3lo da Sa\u00fade ser\u00e1 tamb\u00e9m uma estrutura de proximidade, capaz de atrair profissionais qualificados, promover a articula\u00e7\u00e3o entre diferentes \u00e1reas cient\u00edficas e fortalecer a colabora\u00e7\u00e3o com institui\u00e7\u00f5es do setor da sa\u00fade a n\u00edvel nacional e internacional. <\/p>\n\n\n<div class=\"wp-block-image\">\n<figure class=\"aligncenter size-large is-resized\"><img loading=\"lazy\" decoding=\"async\" width=\"1024\" height=\"768\" src=\"https:\/\/maismagazine.pt\/wp-content\/uploads\/2025\/05\/Foto-2-1-1024x768.jpg\" alt=\"\" class=\"wp-image-12120\" style=\"width:460px;height:auto\" srcset=\"http:\/\/maismagazine.pt\/wp-content\/uploads\/2025\/05\/Foto-2-1-1024x768.jpg 1024w, http:\/\/maismagazine.pt\/wp-content\/uploads\/2025\/05\/Foto-2-1-300x225.jpg 300w, http:\/\/maismagazine.pt\/wp-content\/uploads\/2025\/05\/Foto-2-1-768x576.jpg 768w, http:\/\/maismagazine.pt\/wp-content\/uploads\/2025\/05\/Foto-2-1-1536x1152.jpg 1536w, http:\/\/maismagazine.pt\/wp-content\/uploads\/2025\/05\/Foto-2-1.jpg 1600w\" sizes=\"auto, (max-width: 1024px) 100vw, 1024px\" \/><\/figure><\/div>\n\n\n<p><strong>E a quest\u00e3o do Alojamento?<\/strong><\/p>\n\n\n\n<p>No \u00e2mbito do Plano Nacional para o Alojamento no Ensino Superior (PNAES), financiado pelo PRR, foi recentemente aprovada a candidatura para a constru\u00e7\u00e3o de uma nova resid\u00eancia universit\u00e1ria com 200 camas. Esta aprova\u00e7\u00e3o representa um marco significativo, uma vez que corresponde a uma aspira\u00e7\u00e3o antiga da Universidade, que h\u00e1 v\u00e1rios anos tem vindo a trabalhar na cria\u00e7\u00e3o de novas solu\u00e7\u00f5es habitacionais para a sua comunidade acad\u00e9mica. Adicionalmente estamos a intervir em outras resid\u00eancias. <\/p>\n\n\n\n<p><\/p>\n\n\n\n<p><strong>Novidades na oferta formativa?<\/strong><\/p>\n\n\n\n<p>No pr\u00f3ximo ano letivo iremos oferecer, pela primeira vez, uma nova licenciatura em Engenharia Aeroespacial. \u00c9 uma forma\u00e7\u00e3o com um perfil pr\u00f3prio, e no \u00e2mbito do qual esperamos contar com o contributo de docentes e investigadores ligados a institui\u00e7\u00f5es de investiga\u00e7\u00e3o e a empresas. \u00c9 um novo curso que corresponde a um anseio h\u00e1 muito tido pela Universidade de \u00c9vora. Vamos tamb\u00e9m abrir o mestrado em Ci\u00eancias Biom\u00e9dicas e da Sa\u00fade, o qual reflete o crescimento e a crescente consolida\u00e7\u00e3o desta \u00e1rea na universidade. Destaco que a Universidade de \u00c9vora tem vindo a aumentar, de forma consistente, o seu n\u00famero de alunos em diferentes tipologias de forma\u00e7\u00f5es, desde licenciaturas a mestrados, doutoramentos, cursos de p\u00f3s-gradua\u00e7\u00e3o e microcredenciais, atingindo mais de 10.000 estudantes. <\/p>\n","protected":false},"excerpt":{"rendered":"<p>A Mais Magazine esteve \u00e0 conversa com Herm\u00ednia Vasconcelos Vilar, reitora da Universidade de \u00c9vora, que anunciou a cria\u00e7\u00e3o da primeira licenciatura em Engenharia Aeroespacial da institui\u00e7\u00e3o, refor\u00e7ando a aposta na inova\u00e7\u00e3o e na diversifica\u00e7\u00e3o da oferta formativa. 90% das Unidades de I&amp;D da Universidade de \u00c9vora foram classificadas como&hellip;<\/p>\n","protected":false},"author":18,"featured_media":12121,"comment_status":"closed","ping_status":"open","sticky":false,"template":"","format":"standard","meta":{"advgb_blocks_editor_width":"","advgb_blocks_columns_visual_guide":"","_monsterinsights_skip_tracking":false,"_monsterinsights_sitenote_active":false,"_monsterinsights_sitenote_note":"","_monsterinsights_sitenote_category":0,"footnotes":""},"categories":[149],"tags":[525,521,1529],"class_list":["post-12114","post","type-post","status-publish","format-standard","has-post-thumbnail","hentry","category-educacao","tag-educacao","tag-ensino","tag-universidade-de-evora"],"yoast_head":"<!-- This site is optimized with the Yoast SEO plugin v24.4 - https:\/\/yoast.com\/wordpress\/plugins\/seo\/ -->\n<title>Universidade de \u00c9vora no Centro da Inova\u00e7\u00e3o e do Conhecimento - Mais Magazine<\/title>\n<meta name=\"robots\" content=\"index, follow, max-snippet:-1, max-image-preview:large, max-video-preview:-1\" \/>\n<link rel=\"canonical\" href=\"http:\/\/maismagazine.pt\/index.php\/2025\/05\/23\/universidade-de-evora-no-centro-da-inovacao-e-do-conhecimento\/\" \/>\n<meta property=\"og:locale\" content=\"pt_PT\" \/>\n<meta property=\"og:type\" content=\"article\" \/>\n<meta property=\"og:title\" content=\"Universidade de \u00c9vora no Centro da Inova\u00e7\u00e3o e do Conhecimento - Mais Magazine\" \/>\n<meta property=\"og:description\" content=\"A Mais Magazine esteve \u00e0 conversa com Herm\u00ednia Vasconcelos Vilar, reitora da Universidade de \u00c9vora, que anunciou a cria\u00e7\u00e3o da primeira licenciatura em Engenharia Aeroespacial da institui\u00e7\u00e3o, refor\u00e7ando a aposta na inova\u00e7\u00e3o e na diversifica\u00e7\u00e3o da oferta formativa. 90% das Unidades de I&amp;D da Universidade de \u00c9vora foram classificadas como&hellip;\" \/>\n<meta property=\"og:url\" content=\"http:\/\/maismagazine.pt\/index.php\/2025\/05\/23\/universidade-de-evora-no-centro-da-inovacao-e-do-conhecimento\/\" \/>\n<meta property=\"og:site_name\" content=\"Mais Magazine\" \/>\n<meta property=\"article:published_time\" content=\"2025-05-23T06:00:00+00:00\" \/>\n<meta property=\"og:image\" content=\"http:\/\/maismagazine.pt\/wp-content\/uploads\/2025\/05\/Reitora-1-1.jpg\" \/>\n\t<meta property=\"og:image:width\" content=\"652\" \/>\n\t<meta property=\"og:image:height\" content=\"468\" \/>\n\t<meta property=\"og:image:type\" content=\"image\/jpeg\" \/>\n<meta name=\"author\" content=\"Tatiana Martins\" \/>\n<meta name=\"twitter:card\" content=\"summary_large_image\" \/>\n<meta name=\"twitter:label1\" content=\"Escrito por\" \/>\n\t<meta name=\"twitter:data1\" content=\"\" \/>\n\t<meta name=\"twitter:label2\" content=\"Tempo estimado de leitura\" \/>\n\t<meta name=\"twitter:data2\" content=\"4 minutos\" \/>\n<script type=\"application\/ld+json\" class=\"yoast-schema-graph\">{\"@context\":\"https:\/\/schema.org\",\"@graph\":[{\"@type\":\"Article\",\"@id\":\"http:\/\/maismagazine.pt\/index.php\/2025\/05\/23\/universidade-de-evora-no-centro-da-inovacao-e-do-conhecimento\/#article\",\"isPartOf\":{\"@id\":\"http:\/\/maismagazine.pt\/index.php\/2025\/05\/23\/universidade-de-evora-no-centro-da-inovacao-e-do-conhecimento\/\"},\"author\":{\"name\":\"Tatiana Martins\",\"@id\":\"https:\/\/maismagazine.pt\/#\/schema\/person\/7426e2caeb8df32a1b56aa48dae778c9\"},\"headline\":\"Universidade de \u00c9vora no Centro da Inova\u00e7\u00e3o e do Conhecimento\",\"datePublished\":\"2025-05-23T06:00:00+00:00\",\"mainEntityOfPage\":{\"@id\":\"http:\/\/maismagazine.pt\/index.php\/2025\/05\/23\/universidade-de-evora-no-centro-da-inovacao-e-do-conhecimento\/\"},\"wordCount\":688,\"publisher\":{\"@id\":\"https:\/\/maismagazine.pt\/#organization\"},\"image\":{\"@id\":\"http:\/\/maismagazine.pt\/index.php\/2025\/05\/23\/universidade-de-evora-no-centro-da-inovacao-e-do-conhecimento\/#primaryimage\"},\"thumbnailUrl\":\"http:\/\/maismagazine.pt\/wp-content\/uploads\/2025\/05\/Reitora-1-1.jpg\",\"keywords\":[\"Educa\u00e7\u00e3o\",\"Ensino\",\"Universidade de \u00c9vora\"],\"articleSection\":[\"Educa\u00e7\u00e3o\"],\"inLanguage\":\"pt-PT\"},{\"@type\":\"WebPage\",\"@id\":\"http:\/\/maismagazine.pt\/index.php\/2025\/05\/23\/universidade-de-evora-no-centro-da-inovacao-e-do-conhecimento\/\",\"url\":\"http:\/\/maismagazine.pt\/index.php\/2025\/05\/23\/universidade-de-evora-no-centro-da-inovacao-e-do-conhecimento\/\",\"name\":\"Universidade de \u00c9vora no Centro da Inova\u00e7\u00e3o e do Conhecimento - Mais Magazine\",\"isPartOf\":{\"@id\":\"https:\/\/maismagazine.pt\/#website\"},\"primaryImageOfPage\":{\"@id\":\"http:\/\/maismagazine.pt\/index.php\/2025\/05\/23\/universidade-de-evora-no-centro-da-inovacao-e-do-conhecimento\/#primaryimage\"},\"image\":{\"@id\":\"http:\/\/maismagazine.pt\/index.php\/2025\/05\/23\/universidade-de-evora-no-centro-da-inovacao-e-do-conhecimento\/#primaryimage\"},\"thumbnailUrl\":\"http:\/\/maismagazine.pt\/wp-content\/uploads\/2025\/05\/Reitora-1-1.jpg\",\"datePublished\":\"2025-05-23T06:00:00+00:00\",\"breadcrumb\":{\"@id\":\"http:\/\/maismagazine.pt\/index.php\/2025\/05\/23\/universidade-de-evora-no-centro-da-inovacao-e-do-conhecimento\/#breadcrumb\"},\"inLanguage\":\"pt-PT\",\"potentialAction\":[{\"@type\":\"ReadAction\",\"target\":[\"http:\/\/maismagazine.pt\/index.php\/2025\/05\/23\/universidade-de-evora-no-centro-da-inovacao-e-do-conhecimento\/\"]}]},{\"@type\":\"ImageObject\",\"inLanguage\":\"pt-PT\",\"@id\":\"http:\/\/maismagazine.pt\/index.php\/2025\/05\/23\/universidade-de-evora-no-centro-da-inovacao-e-do-conhecimento\/#primaryimage\",\"url\":\"http:\/\/maismagazine.pt\/wp-content\/uploads\/2025\/05\/Reitora-1-1.jpg\",\"contentUrl\":\"http:\/\/maismagazine.pt\/wp-content\/uploads\/2025\/05\/Reitora-1-1.jpg\",\"width\":652,\"height\":468,\"caption\":\"Herm\u00ednia Vasconcelos Vilar, Reitora da Universidade de \u00c9vora\"},{\"@type\":\"BreadcrumbList\",\"@id\":\"http:\/\/maismagazine.pt\/index.php\/2025\/05\/23\/universidade-de-evora-no-centro-da-inovacao-e-do-conhecimento\/#breadcrumb\",\"itemListElement\":[{\"@type\":\"ListItem\",\"position\":1,\"name\":\"Home\",\"item\":\"https:\/\/maismagazine.pt\/\"},{\"@type\":\"ListItem\",\"position\":2,\"name\":\"Universidade de \u00c9vora no Centro da Inova\u00e7\u00e3o e do Conhecimento\"}]},{\"@type\":\"WebSite\",\"@id\":\"https:\/\/maismagazine.pt\/#website\",\"url\":\"https:\/\/maismagazine.pt\/\",\"name\":\"Mais Magazine\",\"description\":\"\",\"publisher\":{\"@id\":\"https:\/\/maismagazine.pt\/#organization\"},\"potentialAction\":[{\"@type\":\"SearchAction\",\"target\":{\"@type\":\"EntryPoint\",\"urlTemplate\":\"https:\/\/maismagazine.pt\/?s={search_term_string}\"},\"query-input\":{\"@type\":\"PropertyValueSpecification\",\"valueRequired\":true,\"valueName\":\"search_term_string\"}}],\"inLanguage\":\"pt-PT\"},{\"@type\":\"Organization\",\"@id\":\"https:\/\/maismagazine.pt\/#organization\",\"name\":\"Mais Magazine\",\"url\":\"https:\/\/maismagazine.pt\/\",\"logo\":{\"@type\":\"ImageObject\",\"inLanguage\":\"pt-PT\",\"@id\":\"https:\/\/maismagazine.pt\/#\/schema\/logo\/image\/\",\"url\":\"http:\/\/maismagazine.pt\/wp-content\/uploads\/2020\/04\/cropped-cropped-mais-magazine-site-logo-2.png\",\"contentUrl\":\"http:\/\/maismagazine.pt\/wp-content\/uploads\/2020\/04\/cropped-cropped-mais-magazine-site-logo-2.png\",\"width\":581,\"height\":90,\"caption\":\"Mais Magazine\"},\"image\":{\"@id\":\"https:\/\/maismagazine.pt\/#\/schema\/logo\/image\/\"}},{\"@type\":\"Person\",\"@id\":\"https:\/\/maismagazine.pt\/#\/schema\/person\/7426e2caeb8df32a1b56aa48dae778c9\",\"name\":\"Tatiana Martins\",\"image\":{\"@type\":\"ImageObject\",\"inLanguage\":\"pt-PT\",\"@id\":\"https:\/\/maismagazine.pt\/#\/schema\/person\/image\/\",\"url\":\"https:\/\/secure.gravatar.com\/avatar\/4b24a57f5d0425f2eb20981c4b53244e?s=96&d=mm&r=g\",\"contentUrl\":\"https:\/\/secure.gravatar.com\/avatar\/4b24a57f5d0425f2eb20981c4b53244e?s=96&d=mm&r=g\",\"caption\":\"Tatiana Martins\"},\"url\":\"http:\/\/maismagazine.pt\/index.php\/author\/tatiana\/\"}]}<\/script>\n<!-- \/ Yoast SEO plugin. -->","yoast_head_json":{"title":"Universidade de \u00c9vora no Centro da Inova\u00e7\u00e3o e do Conhecimento - Mais Magazine","robots":{"index":"index","follow":"follow","max-snippet":"max-snippet:-1","max-image-preview":"max-image-preview:large","max-video-preview":"max-video-preview:-1"},"canonical":"http:\/\/maismagazine.pt\/index.php\/2025\/05\/23\/universidade-de-evora-no-centro-da-inovacao-e-do-conhecimento\/","og_locale":"pt_PT","og_type":"article","og_title":"Universidade de \u00c9vora no Centro da Inova\u00e7\u00e3o e do Conhecimento - Mais Magazine","og_description":"A Mais Magazine esteve \u00e0 conversa com Herm\u00ednia Vasconcelos Vilar, reitora da Universidade de \u00c9vora, que anunciou a cria\u00e7\u00e3o da primeira licenciatura em Engenharia Aeroespacial da institui\u00e7\u00e3o, refor\u00e7ando a aposta na inova\u00e7\u00e3o e na diversifica\u00e7\u00e3o da oferta formativa. 90% das Unidades de I&amp;D da Universidade de \u00c9vora foram classificadas como&hellip;","og_url":"http:\/\/maismagazine.pt\/index.php\/2025\/05\/23\/universidade-de-evora-no-centro-da-inovacao-e-do-conhecimento\/","og_site_name":"Mais Magazine","article_published_time":"2025-05-23T06:00:00+00:00","og_image":[{"width":652,"height":468,"url":"http:\/\/maismagazine.pt\/wp-content\/uploads\/2025\/05\/Reitora-1-1.jpg","type":"image\/jpeg"}],"author":"Tatiana Martins","twitter_card":"summary_large_image","twitter_misc":{"Escrito por":false,"Tempo estimado de leitura":"4 minutos"},"schema":{"@context":"https:\/\/schema.org","@graph":[{"@type":"Article","@id":"http:\/\/maismagazine.pt\/index.php\/2025\/05\/23\/universidade-de-evora-no-centro-da-inovacao-e-do-conhecimento\/#article","isPartOf":{"@id":"http:\/\/maismagazine.pt\/index.php\/2025\/05\/23\/universidade-de-evora-no-centro-da-inovacao-e-do-conhecimento\/"},"author":{"name":"Tatiana Martins","@id":"https:\/\/maismagazine.pt\/#\/schema\/person\/7426e2caeb8df32a1b56aa48dae778c9"},"headline":"Universidade de \u00c9vora no Centro da Inova\u00e7\u00e3o e do Conhecimento","datePublished":"2025-05-23T06:00:00+00:00","mainEntityOfPage":{"@id":"http:\/\/maismagazine.pt\/index.php\/2025\/05\/23\/universidade-de-evora-no-centro-da-inovacao-e-do-conhecimento\/"},"wordCount":688,"publisher":{"@id":"https:\/\/maismagazine.pt\/#organization"},"image":{"@id":"http:\/\/maismagazine.pt\/index.php\/2025\/05\/23\/universidade-de-evora-no-centro-da-inovacao-e-do-conhecimento\/#primaryimage"},"thumbnailUrl":"http:\/\/maismagazine.pt\/wp-content\/uploads\/2025\/05\/Reitora-1-1.jpg","keywords":["Educa\u00e7\u00e3o","Ensino","Universidade de \u00c9vora"],"articleSection":["Educa\u00e7\u00e3o"],"inLanguage":"pt-PT"},{"@type":"WebPage","@id":"http:\/\/maismagazine.pt\/index.php\/2025\/05\/23\/universidade-de-evora-no-centro-da-inovacao-e-do-conhecimento\/","url":"http:\/\/maismagazine.pt\/index.php\/2025\/05\/23\/universidade-de-evora-no-centro-da-inovacao-e-do-conhecimento\/","name":"Universidade de \u00c9vora no Centro da Inova\u00e7\u00e3o e do Conhecimento - Mais Magazine","isPartOf":{"@id":"https:\/\/maismagazine.pt\/#website"},"primaryImageOfPage":{"@id":"http:\/\/maismagazine.pt\/index.php\/2025\/05\/23\/universidade-de-evora-no-centro-da-inovacao-e-do-conhecimento\/#primaryimage"},"image":{"@id":"http:\/\/maismagazine.pt\/index.php\/2025\/05\/23\/universidade-de-evora-no-centro-da-inovacao-e-do-conhecimento\/#primaryimage"},"thumbnailUrl":"http:\/\/maismagazine.pt\/wp-content\/uploads\/2025\/05\/Reitora-1-1.jpg","datePublished":"2025-05-23T06:00:00+00:00","breadcrumb":{"@id":"http:\/\/maismagazine.pt\/index.php\/2025\/05\/23\/universidade-de-evora-no-centro-da-inovacao-e-do-conhecimento\/#breadcrumb"},"inLanguage":"pt-PT","potentialAction":[{"@type":"ReadAction","target":["http:\/\/maismagazine.pt\/index.php\/2025\/05\/23\/universidade-de-evora-no-centro-da-inovacao-e-do-conhecimento\/"]}]},{"@type":"ImageObject","inLanguage":"pt-PT","@id":"http:\/\/maismagazine.pt\/index.php\/2025\/05\/23\/universidade-de-evora-no-centro-da-inovacao-e-do-conhecimento\/#primaryimage","url":"http:\/\/maismagazine.pt\/wp-content\/uploads\/2025\/05\/Reitora-1-1.jpg","contentUrl":"http:\/\/maismagazine.pt\/wp-content\/uploads\/2025\/05\/Reitora-1-1.jpg","width":652,"height":468,"caption":"Herm\u00ednia Vasconcelos Vilar, Reitora da Universidade de \u00c9vora"},{"@type":"BreadcrumbList","@id":"http:\/\/maismagazine.pt\/index.php\/2025\/05\/23\/universidade-de-evora-no-centro-da-inovacao-e-do-conhecimento\/#breadcrumb","itemListElement":[{"@type":"ListItem","position":1,"name":"Home","item":"https:\/\/maismagazine.pt\/"},{"@type":"ListItem","position":2,"name":"Universidade de \u00c9vora no Centro da Inova\u00e7\u00e3o e do Conhecimento"}]},{"@type":"WebSite","@id":"https:\/\/maismagazine.pt\/#website","url":"https:\/\/maismagazine.pt\/","name":"Mais Magazine","description":"","publisher":{"@id":"https:\/\/maismagazine.pt\/#organization"},"potentialAction":[{"@type":"SearchAction","target":{"@type":"EntryPoint","urlTemplate":"https:\/\/maismagazine.pt\/?s={search_term_string}"},"query-input":{"@type":"PropertyValueSpecification","valueRequired":true,"valueName":"search_term_string"}}],"inLanguage":"pt-PT"},{"@type":"Organization","@id":"https:\/\/maismagazine.pt\/#organization","name":"Mais Magazine","url":"https:\/\/maismagazine.pt\/","logo":{"@type":"ImageObject","inLanguage":"pt-PT","@id":"https:\/\/maismagazine.pt\/#\/schema\/logo\/image\/","url":"http:\/\/maismagazine.pt\/wp-content\/uploads\/2020\/04\/cropped-cropped-mais-magazine-site-logo-2.png","contentUrl":"http:\/\/maismagazine.pt\/wp-content\/uploads\/2020\/04\/cropped-cropped-mais-magazine-site-logo-2.png","width":581,"height":90,"caption":"Mais Magazine"},"image":{"@id":"https:\/\/maismagazine.pt\/#\/schema\/logo\/image\/"}},{"@type":"Person","@id":"https:\/\/maismagazine.pt\/#\/schema\/person\/7426e2caeb8df32a1b56aa48dae778c9","name":"Tatiana Martins","image":{"@type":"ImageObject","inLanguage":"pt-PT","@id":"https:\/\/maismagazine.pt\/#\/schema\/person\/image\/","url":"https:\/\/secure.gravatar.com\/avatar\/4b24a57f5d0425f2eb20981c4b53244e?s=96&d=mm&r=g","contentUrl":"https:\/\/secure.gravatar.com\/avatar\/4b24a57f5d0425f2eb20981c4b53244e?s=96&d=mm&r=g","caption":"Tatiana Martins"},"url":"http:\/\/maismagazine.pt\/index.php\/author\/tatiana\/"}]}},"author_meta":{"display_name":false,"author_link":"http:\/\/maismagazine.pt\/index.php\/author\/tatiana\/"},"featured_img":"http:\/\/maismagazine.pt\/wp-content\/uploads\/2025\/05\/Reitora-1-1-300x215.jpg","coauthors":[],"tax_additional":{"categories":{"linked":["<a href=\"http:\/\/maismagazine.pt\/index.php\/category\/educacao\/\" class=\"advgb-post-tax-term\">Educa\u00e7\u00e3o<\/a>"],"unlinked":["<span class=\"advgb-post-tax-term\">Educa\u00e7\u00e3o<\/span>"]},"tags":{"linked":["<a href=\"http:\/\/maismagazine.pt\/index.php\/category\/educacao\/\" class=\"advgb-post-tax-term\">Educa\u00e7\u00e3o<\/a>","<a href=\"http:\/\/maismagazine.pt\/index.php\/category\/educacao\/\" class=\"advgb-post-tax-term\">Ensino<\/a>","<a href=\"http:\/\/maismagazine.pt\/index.php\/category\/educacao\/\" class=\"advgb-post-tax-term\">Universidade de \u00c9vora<\/a>"],"unlinked":["<span class=\"advgb-post-tax-term\">Educa\u00e7\u00e3o<\/span>","<span class=\"advgb-post-tax-term\">Ensino<\/span>","<span class=\"advgb-post-tax-term\">Universidade de \u00c9vora<\/span>"]}},"comment_count":"0","relative_dates":{"created":"Posted 11 meses ago","modified":"Updated 11 meses ago"},"absolute_dates":{"created":"Posted on 23 de Maio, 2025","modified":"Updated on 20 de Maio, 2025"},"absolute_dates_time":{"created":"Posted on 23 de Maio, 2025 7:00","modified":"Updated on 20 de Maio, 2025 15:41"},"featured_img_caption":"Herm\u00ednia Vasconcelos Vilar,  Reitora da Universidade de \u00c9vora","series_order":"","_links":{"self":[{"href":"http:\/\/maismagazine.pt\/index.php\/wp-json\/wp\/v2\/posts\/12114","targetHints":{"allow":["GET"]}}],"collection":[{"href":"http:\/\/maismagazine.pt\/index.php\/wp-json\/wp\/v2\/posts"}],"about":[{"href":"http:\/\/maismagazine.pt\/index.php\/wp-json\/wp\/v2\/types\/post"}],"author":[{"embeddable":true,"href":"http:\/\/maismagazine.pt\/index.php\/wp-json\/wp\/v2\/users\/18"}],"replies":[{"embeddable":true,"href":"http:\/\/maismagazine.pt\/index.php\/wp-json\/wp\/v2\/comments?post=12114"}],"version-history":[{"count":2,"href":"http:\/\/maismagazine.pt\/index.php\/wp-json\/wp\/v2\/posts\/12114\/revisions"}],"predecessor-version":[{"id":12123,"href":"http:\/\/maismagazine.pt\/index.php\/wp-json\/wp\/v2\/posts\/12114\/revisions\/12123"}],"wp:featuredmedia":[{"embeddable":true,"href":"http:\/\/maismagazine.pt\/index.php\/wp-json\/wp\/v2\/media\/12121"}],"wp:attachment":[{"href":"http:\/\/maismagazine.pt\/index.php\/wp-json\/wp\/v2\/media?parent=12114"}],"wp:term":[{"taxonomy":"category","embeddable":true,"href":"http:\/\/maismagazine.pt\/index.php\/wp-json\/wp\/v2\/categories?post=12114"},{"taxonomy":"post_tag","embeddable":true,"href":"http:\/\/maismagazine.pt\/index.php\/wp-json\/wp\/v2\/tags?post=12114"}],"curies":[{"name":"wp","href":"https:\/\/api.w.org\/{rel}","templated":true}]}}