{"id":12108,"date":"2025-05-23T07:00:00","date_gmt":"2025-05-23T06:00:00","guid":{"rendered":"https:\/\/maismagazine.pt\/?p=12108"},"modified":"2025-06-04T15:22:26","modified_gmt":"2025-06-04T14:22:26","slug":"inovacao-em-forma-de-protecao","status":"publish","type":"post","link":"http:\/\/maismagazine.pt\/index.php\/2025\/05\/23\/inovacao-em-forma-de-protecao\/","title":{"rendered":"Inova\u00e7\u00e3o em forma de prote\u00e7\u00e3o"},"content":{"rendered":"\n<p><strong>O <a href=\"http:\/\/www.ansell.com\">Grupo Ansell<\/a> \u00e9 l\u00edder global no setor de Equipamentos de Prote\u00e7\u00e3o Individual (EPI\u2019s), com forte presen\u00e7a internacional. A sua \u00fanica f\u00e1brica europeia situa-se em Portugal, na localidade de Vila Nova de Poiares, e dedica-se \u00e0 produ\u00e7\u00e3o de luvas e mangas de prote\u00e7\u00e3o industrial, essenciais para setores como o autom\u00f3vel, metalomec\u00e2nico e alimentar. Reconhecida pela qualidade dos seus produtos, a Ansell adota uma estrat\u00e9gia focada na sustentabilidade ambiental, promovendo pr\u00e1ticas inovadoras e respons\u00e1veis que conciliam efici\u00eancia industrial com a preserva\u00e7\u00e3o do ambiente. <\/strong><\/p>\n\n\n\n<p><\/p>\n\n\n\n<p><\/p>\n\n\n\n<p>No mercado portugu\u00eas desde 1990, a marca \u00e9 respons\u00e1vel pelo fabrico de luvas de prote\u00e7\u00e3o industrial, mais conhecidos como EPI\u2019s (Equipamentos de Prote\u00e7\u00e3o Individual). A Ansell est\u00e1 capacitada para fornecer uma luva com suporte t\u00eaxtil (tricotada), indicada, por exemplo, para a ind\u00fastria alimentar, disponibilizando ainda uma luva mais t\u00e9cnica, com maior aptid\u00e3o para prote\u00e7\u00e3o ao corte, destinado para ind\u00fastrias como a metalomec\u00e2nica, vidreira e autom\u00f3vel, entre outras. <\/p>\n\n\n\n<p><\/p>\n\n\n\n<p><strong>Anualmente, a Ansell Portugal tem capacidade para produzir cerca de 25 milh\u00f5es de pares de luvas<\/strong><\/p>\n\n\n\n<p>A empresa, que emprega mais de 400 trabalhadores, assume ainda um papel inovador dentro do Grupo Ansell, atrav\u00e9s de um departamento interno e aut\u00f3nomo de desenvolvimento de novos produtos. Este departamento \u00e9 respons\u00e1vel pela cria\u00e7\u00e3o de alguns artigos de prote\u00e7\u00e3o, pioneiros na \u00e1rea, como, por exemplo, as mangas que conferem prote\u00e7\u00e3o \u00e0 zona do antebra\u00e7o, sendo um artigo com grande sucesso, criado e produzido em Portugal e exportado para a Europa, Am\u00e9rica do Norte e Sul. Atualmente, a Ansell Portugal \u00e9 uma empresa refer\u00eancia no seu setor de atividade, produzindo, em m\u00e9dia, cerca de 21 milh\u00f5es de pares de luvas anualmente, tendo capacidade t\u00e9cnica instalada para chegar aos 25 milh\u00f5es. <\/p>\n\n\n\n<p><\/p>\n\n\n\n<p>Esta capacita\u00e7\u00e3o para a produ\u00e7\u00e3o em grande escala, permite que a Ansell Portugal se adapte \u00e0s novas tend\u00eancias que o mercado exige, nomeadamente p\u00f3s-covid 19, onde se regista uma maior consciencializa\u00e7\u00e3o para a prote\u00e7\u00e3o das m\u00e3os, inclusivamente na execu\u00e7\u00e3o de simples tarefas di\u00e1rias, como, por exemplo, jardinagem ou pequenos trabalhos dom\u00e9sticos. Neste sentido, a Ansell Portugal criou uma linha de produ\u00e7\u00e3o apenas destinada \u00e0 produ\u00e7\u00e3o de uma luva multiuso, confort\u00e1vel e ergon\u00f3mica, que se adapta facilmente \u00e0 m\u00e3o e que pode ser usada em trabalhos leves em casa. Simultaneamente, a cria\u00e7\u00e3o de legisla\u00e7\u00e3o mais r\u00edgida de higiene e prote\u00e7\u00e3o individual no trabalho nas mais diversas \u00e1reas, tamb\u00e9m \u00e9 respons\u00e1vel pelo aumento de procura destes artigos. O carimbo \u201cmade in Portugal\u201d \u00e9 tamb\u00e9m uma mais-valia para os artigos da Ansell Portugal, conferindo um selo de qualidade. O crescimento que a marca tem obtido em Portugal tem aberto portas a novas compet\u00eancias, como \u00e9 exemplo as luvas para prote\u00e7\u00e3o el\u00e9trica de borracha, que necessitam de certifica\u00e7\u00e3o a cada seis meses e que s\u00f3 podia ser feita nas f\u00e1bricas da Mal\u00e1sia, o que representava um grande inc\u00f3modo para os clientes europeus. Atualmente, a Ansell Portugal est\u00e1 j\u00e1 habilitada a realizar esse processo, garantindo que tal seja feito em apenas uma semana. <\/p>\n\n\n\n<p><\/p>\n\n\n\n<figure class=\"wp-block-gallery has-nested-images columns-default is-cropped wp-block-gallery-1 is-layout-flex wp-block-gallery-is-layout-flex\">\n<figure class=\"wp-block-image size-large\"><img loading=\"lazy\" decoding=\"async\" width=\"1024\" height=\"566\" data-id=\"12109\" src=\"https:\/\/maismagazine.pt\/wp-content\/uploads\/2025\/05\/New-Lot-59-1024x566.jpg\" alt=\"\" class=\"wp-image-12109\" srcset=\"http:\/\/maismagazine.pt\/wp-content\/uploads\/2025\/05\/New-Lot-59-1024x566.jpg 1024w, http:\/\/maismagazine.pt\/wp-content\/uploads\/2025\/05\/New-Lot-59-300x166.jpg 300w, http:\/\/maismagazine.pt\/wp-content\/uploads\/2025\/05\/New-Lot-59-768x425.jpg 768w, http:\/\/maismagazine.pt\/wp-content\/uploads\/2025\/05\/New-Lot-59-1536x849.jpg 1536w, http:\/\/maismagazine.pt\/wp-content\/uploads\/2025\/05\/New-Lot-59-2048x1132.jpg 2048w\" sizes=\"auto, (max-width: 1024px) 100vw, 1024px\" \/><\/figure>\n\n\n\n<figure class=\"wp-block-image size-large\"><img loading=\"lazy\" decoding=\"async\" width=\"855\" height=\"570\" data-id=\"12111\" src=\"https:\/\/maismagazine.pt\/wp-content\/uploads\/2025\/05\/MicrosoftTeams-image-16.1.png\" alt=\"\" class=\"wp-image-12111\" srcset=\"http:\/\/maismagazine.pt\/wp-content\/uploads\/2025\/05\/MicrosoftTeams-image-16.1.png 855w, http:\/\/maismagazine.pt\/wp-content\/uploads\/2025\/05\/MicrosoftTeams-image-16.1-300x200.png 300w, http:\/\/maismagazine.pt\/wp-content\/uploads\/2025\/05\/MicrosoftTeams-image-16.1-768x512.png 768w, http:\/\/maismagazine.pt\/wp-content\/uploads\/2025\/05\/MicrosoftTeams-image-16.1-150x100.png 150w\" sizes=\"auto, (max-width: 855px) 100vw, 855px\" \/><\/figure>\n<\/figure>\n\n\n\n<p><\/p>\n\n\n\n<p><\/p>\n\n\n\n<p><strong>O conceito de ind\u00fastria 4.0 empregue na marca \u00e9 fator-chave para a cria\u00e7\u00e3o de processos de produ\u00e7\u00e3o que garantam maior produtividade <\/strong><\/p>\n\n\n\n<p>Na era tecnol\u00f3gica e cada vez mais competitiva em que vivemos, a introdu\u00e7\u00e3o de tecnologia de automa\u00e7\u00e3o \u00e9 um processo fundamental para, por um lado, agilizar processos e aumentar a produtividade e a capacidade de resposta ao mercado e, por outro lado, simplificar os processos produtivos internos. Seja pela adapta\u00e7\u00e3o da tecnologia que chega das restantes f\u00e1bricas do grupo, maioritariamente sediadas na \u00c1sia, seja na busca de parcerias locais que sejam um garante de fornecimento de tecnologias adaptadas. Neste sentido, a introdu\u00e7\u00e3o do conceito de ind\u00fastria 4.0 na f\u00e1brica da Ansell Portugal possibilitou, entre outras coisas, a sensoriza\u00e7\u00e3o das m\u00e1quinas que n\u00e3o s\u00f3 concede um melhoramento no seu desempenho di\u00e1rio, como tamb\u00e9m s\u00e3o uma fonte de informa\u00e7\u00e3o muito \u00fatil e atempada sobre o seu funcionamento. Esta otimiza\u00e7\u00e3o e simplifica\u00e7\u00e3o no processo de produ\u00e7\u00e3o, aliada \u00e0s reuni\u00f5es di\u00e1rias das equipas APS (Ansell Production System) que se destinam \u00e0 an\u00e1lise dos dados recolhidos pela tecnologia, s\u00e3o fatores pilares que garantem que a Ansell Portugal est\u00e1 habilitada para fornecer um servi\u00e7o r\u00e1pido, eficaz e de qualidade. <\/p>\n\n\n\n<p><\/p>\n\n\n\n<p><\/p>\n\n\n\n<p><strong>A Ansell Portugal \u00e9 uma empresa que regula a sua atividade em nome da sustentabilidade ambiental<\/strong><\/p>\n\n\n\n<p>A Ansell Portugal, sendo parte integrante de uma sociedade, reconhece, por isso, a import\u00e2ncia de adequar a sua atividade \u00e0s novas tem\u00e1ticas e exig\u00eancias ambientais, que afetam as sociedades de forma transversal. Neste sentido, a empresa tem procurado estabelecer metas e projetos que ajudem a reduzir o impacto negativo sobre o ambiente. Para ajudar nesta ge-t\u00e3o, a Ansell Portugal \u00e9 certificada desde 2024 na ISO 50001, sistema de gest\u00e3o da energia que se resume num conjunto de atividades e procedimentos que visam melhorar o desempenho energ\u00e9tico, reduzindo o consumo de energia. Atualmente, a empresa possuiu um parque de pain\u00e9is fotovoltaicos instalado com cerca de 2300 pain\u00e9is, que garantem cerca de 42% de autoconsumo, apenas utilizando lumin\u00e1rias LED e contando com a instala\u00e7\u00e3o de um sistema de reutiliza\u00e7\u00e3o de \u00e1gua que permite que toda a \u00e1gua consumida no processo de lavandaria seja filtrada e reutilizada no processo produtivo. <\/p>\n\n\n\n<p><\/p>\n\n\n\n<p>Hoje em dia, 23% do volume de vendas, nas cinco principais gamas, utiliza j\u00e1 uma percentagem de fio reciclado, o que se traduz numa redu\u00e7\u00e3o da pegada de carbono de 350 ton CO2 * eq. para o ano de 2024. Para o futuro, a Ansell Portugal procura aumentar a sua capacidade de armazenagem local e da capacidade instalada para produ\u00e7\u00e3o de luvas tricotadas, de modo a poder exportar luvas \u201cmade in Portugal\u201d para mercados como a Am\u00e9rica Latina e \u00c1frica, bem como apostar cada vez mais na automa\u00e7\u00e3o\/simplifica\u00e7\u00e3o do processo produtivo. <\/p>\n\n\n\n<p><\/p>\n\n\n\n<p><em>*Valor calculado considerando altera\u00e7\u00e3o de fio virgem por fio reciclado, metodologia ACV (ISO 14040\/4:2006, revis\u00e3o cr\u00edtica por entidade externa independente <\/em><\/p>\n\n\n\n<p><\/p>\n\n\n<div class=\"wp-block-image\">\n<figure class=\"aligncenter size-large is-resized\"><img loading=\"lazy\" decoding=\"async\" width=\"1024\" height=\"687\" src=\"https:\/\/maismagazine.pt\/wp-content\/uploads\/2025\/05\/Ansell-_-35A-1024x687.jpg\" alt=\"\" class=\"wp-image-12115\" style=\"width:565px;height:auto\" srcset=\"http:\/\/maismagazine.pt\/wp-content\/uploads\/2025\/05\/Ansell-_-35A-1024x687.jpg 1024w, http:\/\/maismagazine.pt\/wp-content\/uploads\/2025\/05\/Ansell-_-35A-300x201.jpg 300w, http:\/\/maismagazine.pt\/wp-content\/uploads\/2025\/05\/Ansell-_-35A-768x515.jpg 768w, http:\/\/maismagazine.pt\/wp-content\/uploads\/2025\/05\/Ansell-_-35A-1536x1030.jpg 1536w, http:\/\/maismagazine.pt\/wp-content\/uploads\/2025\/05\/Ansell-_-35A-150x100.jpg 150w, http:\/\/maismagazine.pt\/wp-content\/uploads\/2025\/05\/Ansell-_-35A.jpg 2048w\" sizes=\"auto, (max-width: 1024px) 100vw, 1024px\" \/><\/figure><\/div>\n\n\n<p><\/p>\n","protected":false},"excerpt":{"rendered":"<p>O Grupo Ansell \u00e9 l\u00edder global no setor de Equipamentos de Prote\u00e7\u00e3o Individual (EPI\u2019s), com forte presen\u00e7a internacional. A sua \u00fanica f\u00e1brica europeia situa-se em Portugal, na localidade de Vila Nova de Poiares, e dedica-se \u00e0 produ\u00e7\u00e3o de luvas e mangas de prote\u00e7\u00e3o industrial, essenciais para setores como o autom\u00f3vel,&hellip;<\/p>\n","protected":false},"author":17,"featured_media":12116,"comment_status":"closed","ping_status":"open","sticky":false,"template":"","format":"standard","meta":{"advgb_blocks_editor_width":"","advgb_blocks_columns_visual_guide":"","_monsterinsights_skip_tracking":false,"_monsterinsights_sitenote_active":false,"_monsterinsights_sitenote_note":"","_monsterinsights_sitenote_category":0,"footnotes":""},"categories":[154,161],"tags":[1492],"class_list":["post-12108","post","type-post","status-publish","format-standard","has-post-thumbnail","hentry","category-emaf","category-mundo-empresarial","tag-ansell"],"yoast_head":"<!-- This site is optimized with the Yoast SEO plugin v24.4 - https:\/\/yoast.com\/wordpress\/plugins\/seo\/ -->\n<title>Inova\u00e7\u00e3o em forma de prote\u00e7\u00e3o - Mais Magazine<\/title>\n<meta name=\"description\" content=\"O Grupo Ansell \u00e9 l\u00edder global no setor de Equipamentos de Prote\u00e7\u00e3o Individual (EPI\u2019s), com forte presen\u00e7a internacional. A sua \u00fanica f\u00e1brica europeia situa-se em Portugal, na localidade de Vila Nova de Poiares, e dedica-se \u00e0 produ\u00e7\u00e3o de luvas e mangas de prote\u00e7\u00e3o industrial, essenciais para setores como o autom\u00f3vel, metalomec\u00e2nico e alimentar. Reconhecida pela qualidade dos seus produtos, a Ansell adota uma estrat\u00e9gia focada na sustentabilidade ambiental, promovendo pr\u00e1ticas inovadoras e respons\u00e1veis que conciliam efici\u00eancia industrial com a preserva\u00e7\u00e3o do ambiente.\" \/>\n<meta name=\"robots\" content=\"index, follow, max-snippet:-1, max-image-preview:large, max-video-preview:-1\" \/>\n<link rel=\"canonical\" href=\"http:\/\/maismagazine.pt\/index.php\/2025\/05\/23\/inovacao-em-forma-de-protecao\/\" \/>\n<meta property=\"og:locale\" content=\"pt_PT\" \/>\n<meta property=\"og:type\" content=\"article\" \/>\n<meta property=\"og:title\" content=\"Inova\u00e7\u00e3o em forma de prote\u00e7\u00e3o - Mais Magazine\" \/>\n<meta property=\"og:description\" content=\"O Grupo Ansell \u00e9 l\u00edder global no setor de Equipamentos de Prote\u00e7\u00e3o Individual (EPI\u2019s), com forte presen\u00e7a internacional. A sua \u00fanica f\u00e1brica europeia situa-se em Portugal, na localidade de Vila Nova de Poiares, e dedica-se \u00e0 produ\u00e7\u00e3o de luvas e mangas de prote\u00e7\u00e3o industrial, essenciais para setores como o autom\u00f3vel, metalomec\u00e2nico e alimentar. Reconhecida pela qualidade dos seus produtos, a Ansell adota uma estrat\u00e9gia focada na sustentabilidade ambiental, promovendo pr\u00e1ticas inovadoras e respons\u00e1veis que conciliam efici\u00eancia industrial com a preserva\u00e7\u00e3o do ambiente.\" \/>\n<meta property=\"og:url\" content=\"http:\/\/maismagazine.pt\/index.php\/2025\/05\/23\/inovacao-em-forma-de-protecao\/\" \/>\n<meta property=\"og:site_name\" content=\"Mais Magazine\" \/>\n<meta property=\"article:published_time\" content=\"2025-05-23T06:00:00+00:00\" \/>\n<meta property=\"article:modified_time\" content=\"2025-06-04T14:22:26+00:00\" \/>\n<meta property=\"og:image\" content=\"http:\/\/maismagazine.pt\/wp-content\/uploads\/2025\/05\/Foto-Ansell-Frente.jpg.jpg\" \/>\n\t<meta property=\"og:image:width\" content=\"921\" \/>\n\t<meta property=\"og:image:height\" content=\"518\" \/>\n\t<meta property=\"og:image:type\" content=\"image\/jpeg\" \/>\n<meta name=\"author\" content=\"Tiago Costa\" \/>\n<meta name=\"twitter:card\" content=\"summary_large_image\" \/>\n<meta name=\"twitter:label1\" content=\"Escrito por\" \/>\n\t<meta name=\"twitter:data1\" content=\"\" \/>\n\t<meta name=\"twitter:label2\" content=\"Tempo estimado de leitura\" \/>\n\t<meta name=\"twitter:data2\" content=\"7 minutos\" \/>\n<script type=\"application\/ld+json\" class=\"yoast-schema-graph\">{\"@context\":\"https:\/\/schema.org\",\"@graph\":[{\"@type\":\"Article\",\"@id\":\"http:\/\/maismagazine.pt\/index.php\/2025\/05\/23\/inovacao-em-forma-de-protecao\/#article\",\"isPartOf\":{\"@id\":\"http:\/\/maismagazine.pt\/index.php\/2025\/05\/23\/inovacao-em-forma-de-protecao\/\"},\"author\":{\"name\":\"Tiago Costa\",\"@id\":\"https:\/\/maismagazine.pt\/#\/schema\/person\/c6c5bfccc886434cbd11c74e035f9646\"},\"headline\":\"Inova\u00e7\u00e3o em forma de prote\u00e7\u00e3o\",\"datePublished\":\"2025-05-23T06:00:00+00:00\",\"dateModified\":\"2025-06-04T14:22:26+00:00\",\"mainEntityOfPage\":{\"@id\":\"http:\/\/maismagazine.pt\/index.php\/2025\/05\/23\/inovacao-em-forma-de-protecao\/\"},\"wordCount\":1042,\"publisher\":{\"@id\":\"https:\/\/maismagazine.pt\/#organization\"},\"image\":{\"@id\":\"http:\/\/maismagazine.pt\/index.php\/2025\/05\/23\/inovacao-em-forma-de-protecao\/#primaryimage\"},\"thumbnailUrl\":\"http:\/\/maismagazine.pt\/wp-content\/uploads\/2025\/05\/Foto-Ansell-Frente.jpg.jpg\",\"keywords\":[\"Ansell\"],\"articleSection\":[\"EMAF\",\"Mundo Empresarial\"],\"inLanguage\":\"pt-PT\"},{\"@type\":\"WebPage\",\"@id\":\"http:\/\/maismagazine.pt\/index.php\/2025\/05\/23\/inovacao-em-forma-de-protecao\/\",\"url\":\"http:\/\/maismagazine.pt\/index.php\/2025\/05\/23\/inovacao-em-forma-de-protecao\/\",\"name\":\"Inova\u00e7\u00e3o em forma de prote\u00e7\u00e3o - Mais Magazine\",\"isPartOf\":{\"@id\":\"https:\/\/maismagazine.pt\/#website\"},\"primaryImageOfPage\":{\"@id\":\"http:\/\/maismagazine.pt\/index.php\/2025\/05\/23\/inovacao-em-forma-de-protecao\/#primaryimage\"},\"image\":{\"@id\":\"http:\/\/maismagazine.pt\/index.php\/2025\/05\/23\/inovacao-em-forma-de-protecao\/#primaryimage\"},\"thumbnailUrl\":\"http:\/\/maismagazine.pt\/wp-content\/uploads\/2025\/05\/Foto-Ansell-Frente.jpg.jpg\",\"datePublished\":\"2025-05-23T06:00:00+00:00\",\"dateModified\":\"2025-06-04T14:22:26+00:00\",\"description\":\"O Grupo Ansell \u00e9 l\u00edder global no setor de Equipamentos de Prote\u00e7\u00e3o Individual (EPI\u2019s), com forte presen\u00e7a internacional. A sua \u00fanica f\u00e1brica europeia situa-se em Portugal, na localidade de Vila Nova de Poiares, e dedica-se \u00e0 produ\u00e7\u00e3o de luvas e mangas de prote\u00e7\u00e3o industrial, essenciais para setores como o autom\u00f3vel, metalomec\u00e2nico e alimentar. Reconhecida pela qualidade dos seus produtos, a Ansell adota uma estrat\u00e9gia focada na sustentabilidade ambiental, promovendo pr\u00e1ticas inovadoras e respons\u00e1veis que conciliam efici\u00eancia industrial com a preserva\u00e7\u00e3o do ambiente.\",\"breadcrumb\":{\"@id\":\"http:\/\/maismagazine.pt\/index.php\/2025\/05\/23\/inovacao-em-forma-de-protecao\/#breadcrumb\"},\"inLanguage\":\"pt-PT\",\"potentialAction\":[{\"@type\":\"ReadAction\",\"target\":[\"http:\/\/maismagazine.pt\/index.php\/2025\/05\/23\/inovacao-em-forma-de-protecao\/\"]}]},{\"@type\":\"ImageObject\",\"inLanguage\":\"pt-PT\",\"@id\":\"http:\/\/maismagazine.pt\/index.php\/2025\/05\/23\/inovacao-em-forma-de-protecao\/#primaryimage\",\"url\":\"http:\/\/maismagazine.pt\/wp-content\/uploads\/2025\/05\/Foto-Ansell-Frente.jpg.jpg\",\"contentUrl\":\"http:\/\/maismagazine.pt\/wp-content\/uploads\/2025\/05\/Foto-Ansell-Frente.jpg.jpg\",\"width\":921,\"height\":518,\"caption\":\"???????\"},{\"@type\":\"BreadcrumbList\",\"@id\":\"http:\/\/maismagazine.pt\/index.php\/2025\/05\/23\/inovacao-em-forma-de-protecao\/#breadcrumb\",\"itemListElement\":[{\"@type\":\"ListItem\",\"position\":1,\"name\":\"Home\",\"item\":\"https:\/\/maismagazine.pt\/\"},{\"@type\":\"ListItem\",\"position\":2,\"name\":\"Inova\u00e7\u00e3o em forma de prote\u00e7\u00e3o\"}]},{\"@type\":\"WebSite\",\"@id\":\"https:\/\/maismagazine.pt\/#website\",\"url\":\"https:\/\/maismagazine.pt\/\",\"name\":\"Mais Magazine\",\"description\":\"\",\"publisher\":{\"@id\":\"https:\/\/maismagazine.pt\/#organization\"},\"potentialAction\":[{\"@type\":\"SearchAction\",\"target\":{\"@type\":\"EntryPoint\",\"urlTemplate\":\"https:\/\/maismagazine.pt\/?s={search_term_string}\"},\"query-input\":{\"@type\":\"PropertyValueSpecification\",\"valueRequired\":true,\"valueName\":\"search_term_string\"}}],\"inLanguage\":\"pt-PT\"},{\"@type\":\"Organization\",\"@id\":\"https:\/\/maismagazine.pt\/#organization\",\"name\":\"Mais Magazine\",\"url\":\"https:\/\/maismagazine.pt\/\",\"logo\":{\"@type\":\"ImageObject\",\"inLanguage\":\"pt-PT\",\"@id\":\"https:\/\/maismagazine.pt\/#\/schema\/logo\/image\/\",\"url\":\"http:\/\/maismagazine.pt\/wp-content\/uploads\/2020\/04\/cropped-cropped-mais-magazine-site-logo-2.png\",\"contentUrl\":\"http:\/\/maismagazine.pt\/wp-content\/uploads\/2020\/04\/cropped-cropped-mais-magazine-site-logo-2.png\",\"width\":581,\"height\":90,\"caption\":\"Mais Magazine\"},\"image\":{\"@id\":\"https:\/\/maismagazine.pt\/#\/schema\/logo\/image\/\"}},{\"@type\":\"Person\",\"@id\":\"https:\/\/maismagazine.pt\/#\/schema\/person\/c6c5bfccc886434cbd11c74e035f9646\",\"name\":\"Tiago Costa\",\"image\":{\"@type\":\"ImageObject\",\"inLanguage\":\"pt-PT\",\"@id\":\"https:\/\/maismagazine.pt\/#\/schema\/person\/image\/\",\"url\":\"https:\/\/secure.gravatar.com\/avatar\/c599b2bce16c9870429198cbad5ee022?s=96&d=mm&r=g\",\"contentUrl\":\"https:\/\/secure.gravatar.com\/avatar\/c599b2bce16c9870429198cbad5ee022?s=96&d=mm&r=g\",\"caption\":\"Tiago Costa\"},\"url\":\"http:\/\/maismagazine.pt\/index.php\/author\/tiago\/\"}]}<\/script>\n<!-- \/ Yoast SEO plugin. -->","yoast_head_json":{"title":"Inova\u00e7\u00e3o em forma de prote\u00e7\u00e3o - Mais Magazine","description":"O Grupo Ansell \u00e9 l\u00edder global no setor de Equipamentos de Prote\u00e7\u00e3o Individual (EPI\u2019s), com forte presen\u00e7a internacional. A sua \u00fanica f\u00e1brica europeia situa-se em Portugal, na localidade de Vila Nova de Poiares, e dedica-se \u00e0 produ\u00e7\u00e3o de luvas e mangas de prote\u00e7\u00e3o industrial, essenciais para setores como o autom\u00f3vel, metalomec\u00e2nico e alimentar. Reconhecida pela qualidade dos seus produtos, a Ansell adota uma estrat\u00e9gia focada na sustentabilidade ambiental, promovendo pr\u00e1ticas inovadoras e respons\u00e1veis que conciliam efici\u00eancia industrial com a preserva\u00e7\u00e3o do ambiente.","robots":{"index":"index","follow":"follow","max-snippet":"max-snippet:-1","max-image-preview":"max-image-preview:large","max-video-preview":"max-video-preview:-1"},"canonical":"http:\/\/maismagazine.pt\/index.php\/2025\/05\/23\/inovacao-em-forma-de-protecao\/","og_locale":"pt_PT","og_type":"article","og_title":"Inova\u00e7\u00e3o em forma de prote\u00e7\u00e3o - Mais Magazine","og_description":"O Grupo Ansell \u00e9 l\u00edder global no setor de Equipamentos de Prote\u00e7\u00e3o Individual (EPI\u2019s), com forte presen\u00e7a internacional. A sua \u00fanica f\u00e1brica europeia situa-se em Portugal, na localidade de Vila Nova de Poiares, e dedica-se \u00e0 produ\u00e7\u00e3o de luvas e mangas de prote\u00e7\u00e3o industrial, essenciais para setores como o autom\u00f3vel, metalomec\u00e2nico e alimentar. Reconhecida pela qualidade dos seus produtos, a Ansell adota uma estrat\u00e9gia focada na sustentabilidade ambiental, promovendo pr\u00e1ticas inovadoras e respons\u00e1veis que conciliam efici\u00eancia industrial com a preserva\u00e7\u00e3o do ambiente.","og_url":"http:\/\/maismagazine.pt\/index.php\/2025\/05\/23\/inovacao-em-forma-de-protecao\/","og_site_name":"Mais Magazine","article_published_time":"2025-05-23T06:00:00+00:00","article_modified_time":"2025-06-04T14:22:26+00:00","og_image":[{"width":921,"height":518,"url":"http:\/\/maismagazine.pt\/wp-content\/uploads\/2025\/05\/Foto-Ansell-Frente.jpg.jpg","type":"image\/jpeg"}],"author":"Tiago Costa","twitter_card":"summary_large_image","twitter_misc":{"Escrito por":false,"Tempo estimado de leitura":"7 minutos"},"schema":{"@context":"https:\/\/schema.org","@graph":[{"@type":"Article","@id":"http:\/\/maismagazine.pt\/index.php\/2025\/05\/23\/inovacao-em-forma-de-protecao\/#article","isPartOf":{"@id":"http:\/\/maismagazine.pt\/index.php\/2025\/05\/23\/inovacao-em-forma-de-protecao\/"},"author":{"name":"Tiago Costa","@id":"https:\/\/maismagazine.pt\/#\/schema\/person\/c6c5bfccc886434cbd11c74e035f9646"},"headline":"Inova\u00e7\u00e3o em forma de prote\u00e7\u00e3o","datePublished":"2025-05-23T06:00:00+00:00","dateModified":"2025-06-04T14:22:26+00:00","mainEntityOfPage":{"@id":"http:\/\/maismagazine.pt\/index.php\/2025\/05\/23\/inovacao-em-forma-de-protecao\/"},"wordCount":1042,"publisher":{"@id":"https:\/\/maismagazine.pt\/#organization"},"image":{"@id":"http:\/\/maismagazine.pt\/index.php\/2025\/05\/23\/inovacao-em-forma-de-protecao\/#primaryimage"},"thumbnailUrl":"http:\/\/maismagazine.pt\/wp-content\/uploads\/2025\/05\/Foto-Ansell-Frente.jpg.jpg","keywords":["Ansell"],"articleSection":["EMAF","Mundo Empresarial"],"inLanguage":"pt-PT"},{"@type":"WebPage","@id":"http:\/\/maismagazine.pt\/index.php\/2025\/05\/23\/inovacao-em-forma-de-protecao\/","url":"http:\/\/maismagazine.pt\/index.php\/2025\/05\/23\/inovacao-em-forma-de-protecao\/","name":"Inova\u00e7\u00e3o em forma de prote\u00e7\u00e3o - Mais Magazine","isPartOf":{"@id":"https:\/\/maismagazine.pt\/#website"},"primaryImageOfPage":{"@id":"http:\/\/maismagazine.pt\/index.php\/2025\/05\/23\/inovacao-em-forma-de-protecao\/#primaryimage"},"image":{"@id":"http:\/\/maismagazine.pt\/index.php\/2025\/05\/23\/inovacao-em-forma-de-protecao\/#primaryimage"},"thumbnailUrl":"http:\/\/maismagazine.pt\/wp-content\/uploads\/2025\/05\/Foto-Ansell-Frente.jpg.jpg","datePublished":"2025-05-23T06:00:00+00:00","dateModified":"2025-06-04T14:22:26+00:00","description":"O Grupo Ansell \u00e9 l\u00edder global no setor de Equipamentos de Prote\u00e7\u00e3o Individual (EPI\u2019s), com forte presen\u00e7a internacional. A sua \u00fanica f\u00e1brica europeia situa-se em Portugal, na localidade de Vila Nova de Poiares, e dedica-se \u00e0 produ\u00e7\u00e3o de luvas e mangas de prote\u00e7\u00e3o industrial, essenciais para setores como o autom\u00f3vel, metalomec\u00e2nico e alimentar. Reconhecida pela qualidade dos seus produtos, a Ansell adota uma estrat\u00e9gia focada na sustentabilidade ambiental, promovendo pr\u00e1ticas inovadoras e respons\u00e1veis que conciliam efici\u00eancia industrial com a preserva\u00e7\u00e3o do ambiente.","breadcrumb":{"@id":"http:\/\/maismagazine.pt\/index.php\/2025\/05\/23\/inovacao-em-forma-de-protecao\/#breadcrumb"},"inLanguage":"pt-PT","potentialAction":[{"@type":"ReadAction","target":["http:\/\/maismagazine.pt\/index.php\/2025\/05\/23\/inovacao-em-forma-de-protecao\/"]}]},{"@type":"ImageObject","inLanguage":"pt-PT","@id":"http:\/\/maismagazine.pt\/index.php\/2025\/05\/23\/inovacao-em-forma-de-protecao\/#primaryimage","url":"http:\/\/maismagazine.pt\/wp-content\/uploads\/2025\/05\/Foto-Ansell-Frente.jpg.jpg","contentUrl":"http:\/\/maismagazine.pt\/wp-content\/uploads\/2025\/05\/Foto-Ansell-Frente.jpg.jpg","width":921,"height":518,"caption":"???????"},{"@type":"BreadcrumbList","@id":"http:\/\/maismagazine.pt\/index.php\/2025\/05\/23\/inovacao-em-forma-de-protecao\/#breadcrumb","itemListElement":[{"@type":"ListItem","position":1,"name":"Home","item":"https:\/\/maismagazine.pt\/"},{"@type":"ListItem","position":2,"name":"Inova\u00e7\u00e3o em forma de prote\u00e7\u00e3o"}]},{"@type":"WebSite","@id":"https:\/\/maismagazine.pt\/#website","url":"https:\/\/maismagazine.pt\/","name":"Mais Magazine","description":"","publisher":{"@id":"https:\/\/maismagazine.pt\/#organization"},"potentialAction":[{"@type":"SearchAction","target":{"@type":"EntryPoint","urlTemplate":"https:\/\/maismagazine.pt\/?s={search_term_string}"},"query-input":{"@type":"PropertyValueSpecification","valueRequired":true,"valueName":"search_term_string"}}],"inLanguage":"pt-PT"},{"@type":"Organization","@id":"https:\/\/maismagazine.pt\/#organization","name":"Mais Magazine","url":"https:\/\/maismagazine.pt\/","logo":{"@type":"ImageObject","inLanguage":"pt-PT","@id":"https:\/\/maismagazine.pt\/#\/schema\/logo\/image\/","url":"http:\/\/maismagazine.pt\/wp-content\/uploads\/2020\/04\/cropped-cropped-mais-magazine-site-logo-2.png","contentUrl":"http:\/\/maismagazine.pt\/wp-content\/uploads\/2020\/04\/cropped-cropped-mais-magazine-site-logo-2.png","width":581,"height":90,"caption":"Mais Magazine"},"image":{"@id":"https:\/\/maismagazine.pt\/#\/schema\/logo\/image\/"}},{"@type":"Person","@id":"https:\/\/maismagazine.pt\/#\/schema\/person\/c6c5bfccc886434cbd11c74e035f9646","name":"Tiago Costa","image":{"@type":"ImageObject","inLanguage":"pt-PT","@id":"https:\/\/maismagazine.pt\/#\/schema\/person\/image\/","url":"https:\/\/secure.gravatar.com\/avatar\/c599b2bce16c9870429198cbad5ee022?s=96&d=mm&r=g","contentUrl":"https:\/\/secure.gravatar.com\/avatar\/c599b2bce16c9870429198cbad5ee022?s=96&d=mm&r=g","caption":"Tiago Costa"},"url":"http:\/\/maismagazine.pt\/index.php\/author\/tiago\/"}]}},"author_meta":{"display_name":false,"author_link":"http:\/\/maismagazine.pt\/index.php\/author\/tiago\/"},"featured_img":"http:\/\/maismagazine.pt\/wp-content\/uploads\/2025\/05\/Foto-Ansell-Frente.jpg-300x169.jpg","coauthors":[],"tax_additional":{"categories":{"linked":["<a href=\"http:\/\/maismagazine.pt\/index.php\/category\/emaf\/\" class=\"advgb-post-tax-term\">EMAF<\/a>","<a href=\"http:\/\/maismagazine.pt\/index.php\/category\/mundo-empresarial\/\" class=\"advgb-post-tax-term\">Mundo Empresarial<\/a>"],"unlinked":["<span class=\"advgb-post-tax-term\">EMAF<\/span>","<span class=\"advgb-post-tax-term\">Mundo Empresarial<\/span>"]},"tags":{"linked":["<a href=\"http:\/\/maismagazine.pt\/index.php\/category\/mundo-empresarial\/\" class=\"advgb-post-tax-term\">Ansell<\/a>"],"unlinked":["<span class=\"advgb-post-tax-term\">Ansell<\/span>"]}},"comment_count":"0","relative_dates":{"created":"Posted 11 meses ago","modified":"Updated 11 meses ago"},"absolute_dates":{"created":"Posted on 23 de Maio, 2025","modified":"Updated on 4 de Junho, 2025"},"absolute_dates_time":{"created":"Posted on 23 de Maio, 2025 7:00","modified":"Updated on 4 de Junho, 2025 15:22"},"featured_img_caption":"???????","series_order":"","_links":{"self":[{"href":"http:\/\/maismagazine.pt\/index.php\/wp-json\/wp\/v2\/posts\/12108","targetHints":{"allow":["GET"]}}],"collection":[{"href":"http:\/\/maismagazine.pt\/index.php\/wp-json\/wp\/v2\/posts"}],"about":[{"href":"http:\/\/maismagazine.pt\/index.php\/wp-json\/wp\/v2\/types\/post"}],"author":[{"embeddable":true,"href":"http:\/\/maismagazine.pt\/index.php\/wp-json\/wp\/v2\/users\/17"}],"replies":[{"embeddable":true,"href":"http:\/\/maismagazine.pt\/index.php\/wp-json\/wp\/v2\/comments?post=12108"}],"version-history":[{"count":2,"href":"http:\/\/maismagazine.pt\/index.php\/wp-json\/wp\/v2\/posts\/12108\/revisions"}],"predecessor-version":[{"id":12118,"href":"http:\/\/maismagazine.pt\/index.php\/wp-json\/wp\/v2\/posts\/12108\/revisions\/12118"}],"wp:featuredmedia":[{"embeddable":true,"href":"http:\/\/maismagazine.pt\/index.php\/wp-json\/wp\/v2\/media\/12116"}],"wp:attachment":[{"href":"http:\/\/maismagazine.pt\/index.php\/wp-json\/wp\/v2\/media?parent=12108"}],"wp:term":[{"taxonomy":"category","embeddable":true,"href":"http:\/\/maismagazine.pt\/index.php\/wp-json\/wp\/v2\/categories?post=12108"},{"taxonomy":"post_tag","embeddable":true,"href":"http:\/\/maismagazine.pt\/index.php\/wp-json\/wp\/v2\/tags?post=12108"}],"curies":[{"name":"wp","href":"https:\/\/api.w.org\/{rel}","templated":true}]}}