{"id":12105,"date":"2025-05-23T07:00:00","date_gmt":"2025-05-23T06:00:00","guid":{"rendered":"https:\/\/maismagazine.pt\/?p=12105"},"modified":"2025-05-20T15:35:18","modified_gmt":"2025-05-20T14:35:18","slug":"departamento-de-fisica-da-universidade-de-aveiro-aqui-sonhamos-criamos-e-partilhamos-conhecimento","status":"publish","type":"post","link":"http:\/\/maismagazine.pt\/index.php\/2025\/05\/23\/departamento-de-fisica-da-universidade-de-aveiro-aqui-sonhamos-criamos-e-partilhamos-conhecimento\/","title":{"rendered":"Departamento de F\u00edsica da Universidade de Aveiro: Aqui sonhamos, criamos e partilhamos conhecimento!"},"content":{"rendered":"\n<p><strong>Jo\u00e3o Miguel Dias, diretor do <a href=\"http:\/\/www.ua.pt\/pt\/FIS\">Departamento de F\u00edsica da Universidade de Aveiro<\/a>, apresenta um retrato do DFis como uma unidade de ensino e investiga\u00e7\u00e3o de excel\u00eancia, com uma oferta formativa diversificada, elevada empregabilidade e forte liga\u00e7\u00e3o \u00e0 sociedade, distinguindo-se claramente no panorama nacional.<\/strong><\/p>\n\n\n\n<p><\/p>\n\n\n\n<p><strong>Poderia come\u00e7ar por partilhar connosco qual \u00e9 a miss\u00e3o principal do Departamento de F\u00edsica (DFis) da Universidade de Aveiro?<\/strong><\/p>\n\n\n\n<p>Criado em 1976, o Departamento de F\u00edsica (DFis) da Universidade de Aveiro (UA) foi dos primeiros departamentos da institui\u00e7\u00e3o, tendo como miss\u00e3o oferecer um ensino de qualidade nos 3 ciclos de estudos, a cria\u00e7\u00e3o, aplica\u00e7\u00e3o e dissemina\u00e7\u00e3o de conhecimento cient\u00edfico na \u00e1rea da f\u00edsica, e a liga\u00e7\u00e3o \u00e0 sociedade. <\/p>\n\n\n\n<p><\/p>\n\n\n\n<p><strong>Que fatores distinguem este departamento dos restantes departamentos de F\u00edsica a n\u00edvel nacional?<\/strong><\/p>\n\n\n\n<p>Na atualidade o DFis distingue-se claramente dos departamentos cong\u00e9neres das restantes universidades nacionais, efetuando investiga\u00e7\u00e3o de relevo em 25 sub\u00e1reas da f\u00edsica reconhecidas internacionalmente. Os docentes e investigadores do DFis efetuam investiga\u00e7\u00e3o inovadora, diversificada e sustent\u00e1vel, desde a nanoescala at\u00e9 \u00e0 escala cosmol\u00f3gica, fazendo o estudo de processos fundamentais e aplicados, cujos resultados t\u00eam sido premiados frequentemente a n\u00edvel nacional e internacional. Esta atividade desenvolve-se integrada num conjunto alargado de unidades de investiga\u00e7\u00e3o de reconhecido m\u00e9rito (CESAM, CICECO, i3N, CIDTFF e IEETA), que suportam o ensino de excel\u00eancia ministrado pelo DFis. Este facto foi reconhecido pela Funda\u00e7\u00e3o para a Ci\u00eancia e Tecnologia na sua \u00faltima avalia\u00e7\u00e3o, em que todas as unidades de investiga\u00e7\u00e3o e laborat\u00f3rios associados que integram docentes e investigadores do DFis foram avaliados com a classifica\u00e7\u00e3o m\u00e1xima de Excelente. <\/p>\n\n\n\n<p>Como resultado da investiga\u00e7\u00e3o que efetua, o DFis distingue-se ainda claramente dos outros departamentos e universidades nacionais ao apresentar uma oferta formativa Diversificada, Inovadora, de Elevada Qualidade e Empregabilidade, reconhecida pela ind\u00fastria, com coer\u00eancia nos 3 ciclos de estudos, e suportada por espa\u00e7os de ensino modernos e bem equipados. <\/p>\n\n\n\n<p><\/p>\n\n\n\n<p><strong>No que diz respeito \u00e0 vossa oferta formativa, que op\u00e7\u00f5es disponibilizam aos estudantes que vos procuram?<\/strong><\/p>\n\n\n\n<p>O DFis oferece 6 licenciaturas sob a sua responsabilidade (Ci\u00eancias do Mar, Engenharia Biom\u00e9dica, Engenharia Computacional, Engenharia F\u00edsica, F\u00edsica, e Meteorologia, Oceanografia e Clima), e integra ainda o cons\u00f3rcio respons\u00e1vel pela licenciatura em Engenharia Aeroespacial. Adicionalmente oferece ainda 7 mestrados e 6 programas de doutoramento, na sua maioria partilhados com outros departamentos da UA (https:\/\/www.ua.pt\/pt\/fis). Relativamente \u00e0 forma\u00e7\u00e3o para adultos oferecemos ainda 1 curso de especializa\u00e7\u00e3o e 6 microcredenciais. Como resultado os nossos estudantes t\u00eam um leque alargado de sa\u00eddas profissionais, incluindo coloca\u00e7\u00e3o em empresas tecnol\u00f3gicas, realiza\u00e7\u00e3o de investiga\u00e7\u00e3o em universidades e institutos nacionais e estrangeiros, ou cria\u00e7\u00e3o das suas pr\u00f3prias empresas. <\/p>\n\n\n\n<p><\/p>\n\n\n\n<p><strong>Por fim, no que diz respeito \u00e0 empregabilidade, os vossos diplomados encontram facilmente coloca\u00e7\u00e3o no mercado de trabalho? <\/strong><\/p>\n\n\n\n<p>Aqueles que optam por estudar no DFis encontram um ambiente \u00fanico, forma\u00e7\u00f5es modernas e professores, investigadores e t\u00e9cnicos qualificados e motivados. Desta forma os nossos diplomados encontram-se bem preparados para o mercado de trabalho, onde encontram facilmente coloca\u00e7\u00e3o, em muitos casos decorrente de oportunidades de est\u00e1gio e de trabalho conjunto com empresas, tanto ao n\u00edvel das Licenciaturas como dos Mestrados e Programas Doutorais. Deste modo o DFis constitui a escolha ideal para os estudantes que procuram uma forma\u00e7\u00e3o inovadora, com elevada qualidade e empregabilidade, e tamb\u00e9m com modernas instala\u00e7\u00f5es e um ambiente de trabalho de grande proximidade entre os estudantes e com os docentes. Contamos ainda com n\u00facleos e associa\u00e7\u00f5es de estudantes muito ativos na realiza\u00e7\u00e3o de atividades extracurriculares dedicadas aos nossos estudantes, oferecendo-lhes oportunidades de desenvolvimento pessoal cada vez mais valorizadas pelos empregadores. <\/p>\n\n\n\n<p>Pelo conjunto de raz\u00f5es enunciadas o Departamento de F\u00edsica da Universidade de Aveiro destaca-se no panorama nacional como um centro de excel\u00eancia na forma\u00e7\u00e3o de alunos altamente qualificados. <\/p>\n\n\n\n<p><\/p>\n\n\n<div class=\"wp-block-image\">\n<figure class=\"aligncenter size-large is-resized\"><img loading=\"lazy\" decoding=\"async\" width=\"1024\" height=\"724\" src=\"https:\/\/maismagazine.pt\/wp-content\/uploads\/2025\/05\/Logo_DFis_UA-1-1024x724.jpg\" alt=\"\" class=\"wp-image-12112\" style=\"width:289px;height:auto\" srcset=\"http:\/\/maismagazine.pt\/wp-content\/uploads\/2025\/05\/Logo_DFis_UA-1-1024x724.jpg 1024w, http:\/\/maismagazine.pt\/wp-content\/uploads\/2025\/05\/Logo_DFis_UA-1-300x212.jpg 300w, http:\/\/maismagazine.pt\/wp-content\/uploads\/2025\/05\/Logo_DFis_UA-1-768x543.jpg 768w, http:\/\/maismagazine.pt\/wp-content\/uploads\/2025\/05\/Logo_DFis_UA-1-1536x1086.jpg 1536w, http:\/\/maismagazine.pt\/wp-content\/uploads\/2025\/05\/Logo_DFis_UA-1-2048x1448.jpg 2048w\" sizes=\"auto, (max-width: 1024px) 100vw, 1024px\" \/><\/figure><\/div>\n\n\n<p><\/p>\n\n\n\n<p><\/p>\n","protected":false},"excerpt":{"rendered":"<p>Jo\u00e3o Miguel Dias, diretor do Departamento de F\u00edsica da Universidade de Aveiro, apresenta um retrato do DFis como uma unidade de ensino e investiga\u00e7\u00e3o de excel\u00eancia, com uma oferta formativa diversificada, elevada empregabilidade e forte liga\u00e7\u00e3o \u00e0 sociedade, distinguindo-se claramente no panorama nacional. Poderia come\u00e7ar por partilhar connosco qual \u00e9&hellip;<\/p>\n","protected":false},"author":18,"featured_media":12110,"comment_status":"closed","ping_status":"open","sticky":false,"template":"","format":"standard","meta":{"advgb_blocks_editor_width":"","advgb_blocks_columns_visual_guide":"","_monsterinsights_skip_tracking":false,"_monsterinsights_sitenote_active":false,"_monsterinsights_sitenote_note":"","_monsterinsights_sitenote_category":0,"footnotes":""},"categories":[149],"tags":[2369,525,521,802],"class_list":["post-12105","post","type-post","status-publish","format-standard","has-post-thumbnail","hentry","category-educacao","tag-departamento-de-fisica-da-universidade-de-aveiro","tag-educacao","tag-ensino","tag-universidade-de-aveiro"],"yoast_head":"<!-- This site is optimized with the Yoast SEO plugin v24.4 - https:\/\/yoast.com\/wordpress\/plugins\/seo\/ -->\n<title>Departamento de F\u00edsica da Universidade de Aveiro: Aqui sonhamos, criamos e partilhamos conhecimento! - Mais Magazine<\/title>\n<meta name=\"robots\" content=\"index, follow, max-snippet:-1, max-image-preview:large, max-video-preview:-1\" \/>\n<link rel=\"canonical\" href=\"http:\/\/maismagazine.pt\/index.php\/2025\/05\/23\/departamento-de-fisica-da-universidade-de-aveiro-aqui-sonhamos-criamos-e-partilhamos-conhecimento\/\" \/>\n<meta property=\"og:locale\" content=\"pt_PT\" \/>\n<meta property=\"og:type\" content=\"article\" \/>\n<meta property=\"og:title\" content=\"Departamento de F\u00edsica da Universidade de Aveiro: Aqui sonhamos, criamos e partilhamos conhecimento! - Mais Magazine\" \/>\n<meta property=\"og:description\" content=\"Jo\u00e3o Miguel Dias, diretor do Departamento de F\u00edsica da Universidade de Aveiro, apresenta um retrato do DFis como uma unidade de ensino e investiga\u00e7\u00e3o de excel\u00eancia, com uma oferta formativa diversificada, elevada empregabilidade e forte liga\u00e7\u00e3o \u00e0 sociedade, distinguindo-se claramente no panorama nacional. Poderia come\u00e7ar por partilhar connosco qual \u00e9&hellip;\" \/>\n<meta property=\"og:url\" content=\"http:\/\/maismagazine.pt\/index.php\/2025\/05\/23\/departamento-de-fisica-da-universidade-de-aveiro-aqui-sonhamos-criamos-e-partilhamos-conhecimento\/\" \/>\n<meta property=\"og:site_name\" content=\"Mais Magazine\" \/>\n<meta property=\"article:published_time\" content=\"2025-05-23T06:00:00+00:00\" \/>\n<meta property=\"og:image\" content=\"http:\/\/maismagazine.pt\/wp-content\/uploads\/2025\/05\/Foto-Diretor-1.png\" \/>\n\t<meta property=\"og:image:width\" content=\"869\" \/>\n\t<meta property=\"og:image:height\" content=\"720\" \/>\n\t<meta property=\"og:image:type\" content=\"image\/png\" \/>\n<meta name=\"author\" content=\"Tatiana Martins\" \/>\n<meta name=\"twitter:card\" content=\"summary_large_image\" \/>\n<meta name=\"twitter:label1\" content=\"Escrito por\" \/>\n\t<meta name=\"twitter:data1\" content=\"\" \/>\n\t<meta name=\"twitter:label2\" content=\"Tempo estimado de leitura\" \/>\n\t<meta name=\"twitter:data2\" content=\"4 minutos\" \/>\n<script type=\"application\/ld+json\" class=\"yoast-schema-graph\">{\"@context\":\"https:\/\/schema.org\",\"@graph\":[{\"@type\":\"Article\",\"@id\":\"http:\/\/maismagazine.pt\/index.php\/2025\/05\/23\/departamento-de-fisica-da-universidade-de-aveiro-aqui-sonhamos-criamos-e-partilhamos-conhecimento\/#article\",\"isPartOf\":{\"@id\":\"http:\/\/maismagazine.pt\/index.php\/2025\/05\/23\/departamento-de-fisica-da-universidade-de-aveiro-aqui-sonhamos-criamos-e-partilhamos-conhecimento\/\"},\"author\":{\"name\":\"Tatiana Martins\",\"@id\":\"https:\/\/maismagazine.pt\/#\/schema\/person\/7426e2caeb8df32a1b56aa48dae778c9\"},\"headline\":\"Departamento de F\u00edsica da Universidade de Aveiro: Aqui sonhamos, criamos e partilhamos conhecimento!\",\"datePublished\":\"2025-05-23T06:00:00+00:00\",\"mainEntityOfPage\":{\"@id\":\"http:\/\/maismagazine.pt\/index.php\/2025\/05\/23\/departamento-de-fisica-da-universidade-de-aveiro-aqui-sonhamos-criamos-e-partilhamos-conhecimento\/\"},\"wordCount\":681,\"publisher\":{\"@id\":\"https:\/\/maismagazine.pt\/#organization\"},\"image\":{\"@id\":\"http:\/\/maismagazine.pt\/index.php\/2025\/05\/23\/departamento-de-fisica-da-universidade-de-aveiro-aqui-sonhamos-criamos-e-partilhamos-conhecimento\/#primaryimage\"},\"thumbnailUrl\":\"http:\/\/maismagazine.pt\/wp-content\/uploads\/2025\/05\/Foto-Diretor-1.png\",\"keywords\":[\"Departamento de F\u00edsica da Universidade de Aveiro\",\"Educa\u00e7\u00e3o\",\"Ensino\",\"Universidade de Aveiro\"],\"articleSection\":[\"Educa\u00e7\u00e3o\"],\"inLanguage\":\"pt-PT\"},{\"@type\":\"WebPage\",\"@id\":\"http:\/\/maismagazine.pt\/index.php\/2025\/05\/23\/departamento-de-fisica-da-universidade-de-aveiro-aqui-sonhamos-criamos-e-partilhamos-conhecimento\/\",\"url\":\"http:\/\/maismagazine.pt\/index.php\/2025\/05\/23\/departamento-de-fisica-da-universidade-de-aveiro-aqui-sonhamos-criamos-e-partilhamos-conhecimento\/\",\"name\":\"Departamento de F\u00edsica da Universidade de Aveiro: Aqui sonhamos, criamos e partilhamos conhecimento! - Mais Magazine\",\"isPartOf\":{\"@id\":\"https:\/\/maismagazine.pt\/#website\"},\"primaryImageOfPage\":{\"@id\":\"http:\/\/maismagazine.pt\/index.php\/2025\/05\/23\/departamento-de-fisica-da-universidade-de-aveiro-aqui-sonhamos-criamos-e-partilhamos-conhecimento\/#primaryimage\"},\"image\":{\"@id\":\"http:\/\/maismagazine.pt\/index.php\/2025\/05\/23\/departamento-de-fisica-da-universidade-de-aveiro-aqui-sonhamos-criamos-e-partilhamos-conhecimento\/#primaryimage\"},\"thumbnailUrl\":\"http:\/\/maismagazine.pt\/wp-content\/uploads\/2025\/05\/Foto-Diretor-1.png\",\"datePublished\":\"2025-05-23T06:00:00+00:00\",\"breadcrumb\":{\"@id\":\"http:\/\/maismagazine.pt\/index.php\/2025\/05\/23\/departamento-de-fisica-da-universidade-de-aveiro-aqui-sonhamos-criamos-e-partilhamos-conhecimento\/#breadcrumb\"},\"inLanguage\":\"pt-PT\",\"potentialAction\":[{\"@type\":\"ReadAction\",\"target\":[\"http:\/\/maismagazine.pt\/index.php\/2025\/05\/23\/departamento-de-fisica-da-universidade-de-aveiro-aqui-sonhamos-criamos-e-partilhamos-conhecimento\/\"]}]},{\"@type\":\"ImageObject\",\"inLanguage\":\"pt-PT\",\"@id\":\"http:\/\/maismagazine.pt\/index.php\/2025\/05\/23\/departamento-de-fisica-da-universidade-de-aveiro-aqui-sonhamos-criamos-e-partilhamos-conhecimento\/#primaryimage\",\"url\":\"http:\/\/maismagazine.pt\/wp-content\/uploads\/2025\/05\/Foto-Diretor-1.png\",\"contentUrl\":\"http:\/\/maismagazine.pt\/wp-content\/uploads\/2025\/05\/Foto-Diretor-1.png\",\"width\":869,\"height\":720,\"caption\":\"Jo\u00e3o Miguel Dias, Diretor do Departamento de F\u00edsica da Universidade de Aveiro\"},{\"@type\":\"BreadcrumbList\",\"@id\":\"http:\/\/maismagazine.pt\/index.php\/2025\/05\/23\/departamento-de-fisica-da-universidade-de-aveiro-aqui-sonhamos-criamos-e-partilhamos-conhecimento\/#breadcrumb\",\"itemListElement\":[{\"@type\":\"ListItem\",\"position\":1,\"name\":\"Home\",\"item\":\"https:\/\/maismagazine.pt\/\"},{\"@type\":\"ListItem\",\"position\":2,\"name\":\"Departamento de F\u00edsica da Universidade de Aveiro: Aqui sonhamos, criamos e partilhamos conhecimento!\"}]},{\"@type\":\"WebSite\",\"@id\":\"https:\/\/maismagazine.pt\/#website\",\"url\":\"https:\/\/maismagazine.pt\/\",\"name\":\"Mais Magazine\",\"description\":\"\",\"publisher\":{\"@id\":\"https:\/\/maismagazine.pt\/#organization\"},\"potentialAction\":[{\"@type\":\"SearchAction\",\"target\":{\"@type\":\"EntryPoint\",\"urlTemplate\":\"https:\/\/maismagazine.pt\/?s={search_term_string}\"},\"query-input\":{\"@type\":\"PropertyValueSpecification\",\"valueRequired\":true,\"valueName\":\"search_term_string\"}}],\"inLanguage\":\"pt-PT\"},{\"@type\":\"Organization\",\"@id\":\"https:\/\/maismagazine.pt\/#organization\",\"name\":\"Mais Magazine\",\"url\":\"https:\/\/maismagazine.pt\/\",\"logo\":{\"@type\":\"ImageObject\",\"inLanguage\":\"pt-PT\",\"@id\":\"https:\/\/maismagazine.pt\/#\/schema\/logo\/image\/\",\"url\":\"http:\/\/maismagazine.pt\/wp-content\/uploads\/2020\/04\/cropped-cropped-mais-magazine-site-logo-2.png\",\"contentUrl\":\"http:\/\/maismagazine.pt\/wp-content\/uploads\/2020\/04\/cropped-cropped-mais-magazine-site-logo-2.png\",\"width\":581,\"height\":90,\"caption\":\"Mais Magazine\"},\"image\":{\"@id\":\"https:\/\/maismagazine.pt\/#\/schema\/logo\/image\/\"}},{\"@type\":\"Person\",\"@id\":\"https:\/\/maismagazine.pt\/#\/schema\/person\/7426e2caeb8df32a1b56aa48dae778c9\",\"name\":\"Tatiana Martins\",\"image\":{\"@type\":\"ImageObject\",\"inLanguage\":\"pt-PT\",\"@id\":\"https:\/\/maismagazine.pt\/#\/schema\/person\/image\/\",\"url\":\"https:\/\/secure.gravatar.com\/avatar\/4b24a57f5d0425f2eb20981c4b53244e?s=96&d=mm&r=g\",\"contentUrl\":\"https:\/\/secure.gravatar.com\/avatar\/4b24a57f5d0425f2eb20981c4b53244e?s=96&d=mm&r=g\",\"caption\":\"Tatiana Martins\"},\"url\":\"http:\/\/maismagazine.pt\/index.php\/author\/tatiana\/\"}]}<\/script>\n<!-- \/ Yoast SEO plugin. -->","yoast_head_json":{"title":"Departamento de F\u00edsica da Universidade de Aveiro: Aqui sonhamos, criamos e partilhamos conhecimento! - Mais Magazine","robots":{"index":"index","follow":"follow","max-snippet":"max-snippet:-1","max-image-preview":"max-image-preview:large","max-video-preview":"max-video-preview:-1"},"canonical":"http:\/\/maismagazine.pt\/index.php\/2025\/05\/23\/departamento-de-fisica-da-universidade-de-aveiro-aqui-sonhamos-criamos-e-partilhamos-conhecimento\/","og_locale":"pt_PT","og_type":"article","og_title":"Departamento de F\u00edsica da Universidade de Aveiro: Aqui sonhamos, criamos e partilhamos conhecimento! - Mais Magazine","og_description":"Jo\u00e3o Miguel Dias, diretor do Departamento de F\u00edsica da Universidade de Aveiro, apresenta um retrato do DFis como uma unidade de ensino e investiga\u00e7\u00e3o de excel\u00eancia, com uma oferta formativa diversificada, elevada empregabilidade e forte liga\u00e7\u00e3o \u00e0 sociedade, distinguindo-se claramente no panorama nacional. Poderia come\u00e7ar por partilhar connosco qual \u00e9&hellip;","og_url":"http:\/\/maismagazine.pt\/index.php\/2025\/05\/23\/departamento-de-fisica-da-universidade-de-aveiro-aqui-sonhamos-criamos-e-partilhamos-conhecimento\/","og_site_name":"Mais Magazine","article_published_time":"2025-05-23T06:00:00+00:00","og_image":[{"width":869,"height":720,"url":"http:\/\/maismagazine.pt\/wp-content\/uploads\/2025\/05\/Foto-Diretor-1.png","type":"image\/png"}],"author":"Tatiana Martins","twitter_card":"summary_large_image","twitter_misc":{"Escrito por":false,"Tempo estimado de leitura":"4 minutos"},"schema":{"@context":"https:\/\/schema.org","@graph":[{"@type":"Article","@id":"http:\/\/maismagazine.pt\/index.php\/2025\/05\/23\/departamento-de-fisica-da-universidade-de-aveiro-aqui-sonhamos-criamos-e-partilhamos-conhecimento\/#article","isPartOf":{"@id":"http:\/\/maismagazine.pt\/index.php\/2025\/05\/23\/departamento-de-fisica-da-universidade-de-aveiro-aqui-sonhamos-criamos-e-partilhamos-conhecimento\/"},"author":{"name":"Tatiana Martins","@id":"https:\/\/maismagazine.pt\/#\/schema\/person\/7426e2caeb8df32a1b56aa48dae778c9"},"headline":"Departamento de F\u00edsica da Universidade de Aveiro: Aqui sonhamos, criamos e partilhamos conhecimento!","datePublished":"2025-05-23T06:00:00+00:00","mainEntityOfPage":{"@id":"http:\/\/maismagazine.pt\/index.php\/2025\/05\/23\/departamento-de-fisica-da-universidade-de-aveiro-aqui-sonhamos-criamos-e-partilhamos-conhecimento\/"},"wordCount":681,"publisher":{"@id":"https:\/\/maismagazine.pt\/#organization"},"image":{"@id":"http:\/\/maismagazine.pt\/index.php\/2025\/05\/23\/departamento-de-fisica-da-universidade-de-aveiro-aqui-sonhamos-criamos-e-partilhamos-conhecimento\/#primaryimage"},"thumbnailUrl":"http:\/\/maismagazine.pt\/wp-content\/uploads\/2025\/05\/Foto-Diretor-1.png","keywords":["Departamento de F\u00edsica da Universidade de Aveiro","Educa\u00e7\u00e3o","Ensino","Universidade de Aveiro"],"articleSection":["Educa\u00e7\u00e3o"],"inLanguage":"pt-PT"},{"@type":"WebPage","@id":"http:\/\/maismagazine.pt\/index.php\/2025\/05\/23\/departamento-de-fisica-da-universidade-de-aveiro-aqui-sonhamos-criamos-e-partilhamos-conhecimento\/","url":"http:\/\/maismagazine.pt\/index.php\/2025\/05\/23\/departamento-de-fisica-da-universidade-de-aveiro-aqui-sonhamos-criamos-e-partilhamos-conhecimento\/","name":"Departamento de F\u00edsica da Universidade de Aveiro: Aqui sonhamos, criamos e partilhamos conhecimento! - Mais Magazine","isPartOf":{"@id":"https:\/\/maismagazine.pt\/#website"},"primaryImageOfPage":{"@id":"http:\/\/maismagazine.pt\/index.php\/2025\/05\/23\/departamento-de-fisica-da-universidade-de-aveiro-aqui-sonhamos-criamos-e-partilhamos-conhecimento\/#primaryimage"},"image":{"@id":"http:\/\/maismagazine.pt\/index.php\/2025\/05\/23\/departamento-de-fisica-da-universidade-de-aveiro-aqui-sonhamos-criamos-e-partilhamos-conhecimento\/#primaryimage"},"thumbnailUrl":"http:\/\/maismagazine.pt\/wp-content\/uploads\/2025\/05\/Foto-Diretor-1.png","datePublished":"2025-05-23T06:00:00+00:00","breadcrumb":{"@id":"http:\/\/maismagazine.pt\/index.php\/2025\/05\/23\/departamento-de-fisica-da-universidade-de-aveiro-aqui-sonhamos-criamos-e-partilhamos-conhecimento\/#breadcrumb"},"inLanguage":"pt-PT","potentialAction":[{"@type":"ReadAction","target":["http:\/\/maismagazine.pt\/index.php\/2025\/05\/23\/departamento-de-fisica-da-universidade-de-aveiro-aqui-sonhamos-criamos-e-partilhamos-conhecimento\/"]}]},{"@type":"ImageObject","inLanguage":"pt-PT","@id":"http:\/\/maismagazine.pt\/index.php\/2025\/05\/23\/departamento-de-fisica-da-universidade-de-aveiro-aqui-sonhamos-criamos-e-partilhamos-conhecimento\/#primaryimage","url":"http:\/\/maismagazine.pt\/wp-content\/uploads\/2025\/05\/Foto-Diretor-1.png","contentUrl":"http:\/\/maismagazine.pt\/wp-content\/uploads\/2025\/05\/Foto-Diretor-1.png","width":869,"height":720,"caption":"Jo\u00e3o Miguel Dias, Diretor do Departamento de F\u00edsica da Universidade de Aveiro"},{"@type":"BreadcrumbList","@id":"http:\/\/maismagazine.pt\/index.php\/2025\/05\/23\/departamento-de-fisica-da-universidade-de-aveiro-aqui-sonhamos-criamos-e-partilhamos-conhecimento\/#breadcrumb","itemListElement":[{"@type":"ListItem","position":1,"name":"Home","item":"https:\/\/maismagazine.pt\/"},{"@type":"ListItem","position":2,"name":"Departamento de F\u00edsica da Universidade de Aveiro: Aqui sonhamos, criamos e partilhamos conhecimento!"}]},{"@type":"WebSite","@id":"https:\/\/maismagazine.pt\/#website","url":"https:\/\/maismagazine.pt\/","name":"Mais Magazine","description":"","publisher":{"@id":"https:\/\/maismagazine.pt\/#organization"},"potentialAction":[{"@type":"SearchAction","target":{"@type":"EntryPoint","urlTemplate":"https:\/\/maismagazine.pt\/?s={search_term_string}"},"query-input":{"@type":"PropertyValueSpecification","valueRequired":true,"valueName":"search_term_string"}}],"inLanguage":"pt-PT"},{"@type":"Organization","@id":"https:\/\/maismagazine.pt\/#organization","name":"Mais Magazine","url":"https:\/\/maismagazine.pt\/","logo":{"@type":"ImageObject","inLanguage":"pt-PT","@id":"https:\/\/maismagazine.pt\/#\/schema\/logo\/image\/","url":"http:\/\/maismagazine.pt\/wp-content\/uploads\/2020\/04\/cropped-cropped-mais-magazine-site-logo-2.png","contentUrl":"http:\/\/maismagazine.pt\/wp-content\/uploads\/2020\/04\/cropped-cropped-mais-magazine-site-logo-2.png","width":581,"height":90,"caption":"Mais Magazine"},"image":{"@id":"https:\/\/maismagazine.pt\/#\/schema\/logo\/image\/"}},{"@type":"Person","@id":"https:\/\/maismagazine.pt\/#\/schema\/person\/7426e2caeb8df32a1b56aa48dae778c9","name":"Tatiana Martins","image":{"@type":"ImageObject","inLanguage":"pt-PT","@id":"https:\/\/maismagazine.pt\/#\/schema\/person\/image\/","url":"https:\/\/secure.gravatar.com\/avatar\/4b24a57f5d0425f2eb20981c4b53244e?s=96&d=mm&r=g","contentUrl":"https:\/\/secure.gravatar.com\/avatar\/4b24a57f5d0425f2eb20981c4b53244e?s=96&d=mm&r=g","caption":"Tatiana Martins"},"url":"http:\/\/maismagazine.pt\/index.php\/author\/tatiana\/"}]}},"author_meta":{"display_name":false,"author_link":"http:\/\/maismagazine.pt\/index.php\/author\/tatiana\/"},"featured_img":"http:\/\/maismagazine.pt\/wp-content\/uploads\/2025\/05\/Foto-Diretor-1-300x249.png","coauthors":[],"tax_additional":{"categories":{"linked":["<a href=\"http:\/\/maismagazine.pt\/index.php\/category\/educacao\/\" class=\"advgb-post-tax-term\">Educa\u00e7\u00e3o<\/a>"],"unlinked":["<span class=\"advgb-post-tax-term\">Educa\u00e7\u00e3o<\/span>"]},"tags":{"linked":["<a href=\"http:\/\/maismagazine.pt\/index.php\/category\/educacao\/\" class=\"advgb-post-tax-term\">Departamento de F\u00edsica da Universidade de Aveiro<\/a>","<a href=\"http:\/\/maismagazine.pt\/index.php\/category\/educacao\/\" class=\"advgb-post-tax-term\">Educa\u00e7\u00e3o<\/a>","<a href=\"http:\/\/maismagazine.pt\/index.php\/category\/educacao\/\" class=\"advgb-post-tax-term\">Ensino<\/a>","<a href=\"http:\/\/maismagazine.pt\/index.php\/category\/educacao\/\" class=\"advgb-post-tax-term\">Universidade de Aveiro<\/a>"],"unlinked":["<span class=\"advgb-post-tax-term\">Departamento de F\u00edsica da Universidade de Aveiro<\/span>","<span class=\"advgb-post-tax-term\">Educa\u00e7\u00e3o<\/span>","<span class=\"advgb-post-tax-term\">Ensino<\/span>","<span class=\"advgb-post-tax-term\">Universidade de Aveiro<\/span>"]}},"comment_count":"0","relative_dates":{"created":"Posted 11 meses ago","modified":"Updated 11 meses ago"},"absolute_dates":{"created":"Posted on 23 de Maio, 2025","modified":"Updated on 20 de Maio, 2025"},"absolute_dates_time":{"created":"Posted on 23 de Maio, 2025 7:00","modified":"Updated on 20 de Maio, 2025 15:35"},"featured_img_caption":"Jo\u00e3o Miguel Dias, Diretor do Departamento  de F\u00edsica da Universidade de Aveiro","series_order":"","_links":{"self":[{"href":"http:\/\/maismagazine.pt\/index.php\/wp-json\/wp\/v2\/posts\/12105","targetHints":{"allow":["GET"]}}],"collection":[{"href":"http:\/\/maismagazine.pt\/index.php\/wp-json\/wp\/v2\/posts"}],"about":[{"href":"http:\/\/maismagazine.pt\/index.php\/wp-json\/wp\/v2\/types\/post"}],"author":[{"embeddable":true,"href":"http:\/\/maismagazine.pt\/index.php\/wp-json\/wp\/v2\/users\/18"}],"replies":[{"embeddable":true,"href":"http:\/\/maismagazine.pt\/index.php\/wp-json\/wp\/v2\/comments?post=12105"}],"version-history":[{"count":1,"href":"http:\/\/maismagazine.pt\/index.php\/wp-json\/wp\/v2\/posts\/12105\/revisions"}],"predecessor-version":[{"id":12113,"href":"http:\/\/maismagazine.pt\/index.php\/wp-json\/wp\/v2\/posts\/12105\/revisions\/12113"}],"wp:featuredmedia":[{"embeddable":true,"href":"http:\/\/maismagazine.pt\/index.php\/wp-json\/wp\/v2\/media\/12110"}],"wp:attachment":[{"href":"http:\/\/maismagazine.pt\/index.php\/wp-json\/wp\/v2\/media?parent=12105"}],"wp:term":[{"taxonomy":"category","embeddable":true,"href":"http:\/\/maismagazine.pt\/index.php\/wp-json\/wp\/v2\/categories?post=12105"},{"taxonomy":"post_tag","embeddable":true,"href":"http:\/\/maismagazine.pt\/index.php\/wp-json\/wp\/v2\/tags?post=12105"}],"curies":[{"name":"wp","href":"https:\/\/api.w.org\/{rel}","templated":true}]}}