{"id":12097,"date":"2025-05-23T07:00:00","date_gmt":"2025-05-23T06:00:00","guid":{"rendered":"https:\/\/maismagazine.pt\/?p=12097"},"modified":"2025-05-20T15:29:53","modified_gmt":"2025-05-20T14:29:53","slug":"ha-mais-de-40-anos-a-formar-lideres-em-ambiente-sustentabilidade-e-inovacao-tecnologica","status":"publish","type":"post","link":"http:\/\/maismagazine.pt\/index.php\/2025\/05\/23\/ha-mais-de-40-anos-a-formar-lideres-em-ambiente-sustentabilidade-e-inovacao-tecnologica\/","title":{"rendered":"H\u00e1 mais de 40 anos a formar l\u00edderes em Ambiente, Sustentabilidade e Inova\u00e7\u00e3o Tecnol\u00f3gica"},"content":{"rendered":"\n<p><strong>F\u00e1tima Lopes Alves, diretora do Departamento de Ambiente e Ordenamento da Universidade de Aveiro, sublinha que a Engenharia do Ambiente \u00e9 hoje uma \u00e1rea-chave para enfrentar os desafios globais e garantir um futuro sustent\u00e1vel.<\/strong><\/p>\n\n\n\n<p><\/p>\n\n\n\n<p>De acordo com o \u00faltimo relat\u00f3rio do F\u00f3rum Econ\u00f3mico Mundial (Future of Jobs Report 2025), a forma\u00e7\u00e3o em Engenharia do Ambiente ser\u00e1 uma das 10 profiss\u00f5es do futuro!<\/p>\n\n\n\n<p><\/p>\n\n\n\n<p>Atualmente o n\u00edvel de empregabilidade dos Engenheiros do Ambiente \u00e9 de 100%, come\u00e7ando a verificar-se um aumento na procura destes profissionais, sem precedentes, face aos desafios atuais dos diversos setores empresariais, mas tamb\u00e9m pelos desafios reais que o Planeta enfrenta em virtude das altera\u00e7\u00f5es globais e da necessidade de proteger e bem gerir os recursos essenciais \u00e0 sobreviv\u00eancia da Humanidade. \u00c9 neste contexto, que n\u00e3o \u00e9 novo, que a Licenciatura e o Mestrado em Engenharia do Ambiente do Departamento de Ambiente e Ordenamento da Universidade de Aveiro (UA) se posicionam. <\/p>\n\n\n\n<p><\/p>\n\n\n\n<p>Os licenciados em Engenharia do Ambiente (EA) pela UA adquirem uma forma\u00e7\u00e3o de base s\u00f3lida que lhes permite diagnosticar, avaliar e resolver solu\u00e7\u00f5es inovadoras para os atuais desafios ambientais e de sustentabilidade que se colocam ao Planeta. Ao longo do seu percurso acad\u00e9mico t\u00eam a possibilidade de contactar com diversos docentes e investigadores de diferentes \u00e1reas cient\u00edficas e de diferentes departamentos da UA. <\/p>\n\n\n\n<p><\/p>\n\n\n\n<p>As atuais salas de aulas s\u00e3o modernas e todas est\u00e3o equipadas com ecr\u00e3s interativos, proporcionando aplica\u00e7\u00e3o de metodologias modernas de ensino-aprendizagem, centradas no estudante, mais din\u00e2micas e interativas, baseadas em modelos de resolu\u00e7\u00e3o de problemas e de desenvolvimento de pensamento cr\u00edtico ao longo da sua forma\u00e7\u00e3o. <\/p>\n\n\n\n<p><\/p>\n\n\n\n<p>O elevado n\u00famero de estudantes internacionais, em particular, matriculados nos diversos Mestrados e Programas Doutorais do Departamento de Ambiente e Ordenamento, aliado aos investigadores internacionais existentes do Departamento, permitem que os estudantes de EA, se insiram num ambiente intercultural diversificado. De salientar, que neste \u00e2mbito os cursos de Mestrado e Doutoramento s\u00e3o lecionados em l\u00edngua inglesa num processo integrador e \u00fanico no panorama da UA. <\/p>\n\n\n<div class=\"wp-block-image\">\n<figure class=\"aligncenter size-large is-resized\"><img loading=\"lazy\" decoding=\"async\" width=\"1024\" height=\"683\" src=\"https:\/\/maismagazine.pt\/wp-content\/uploads\/2025\/05\/Departamento-de-Ambiente-e-Ordenamento-20250310-5677-1-1024x683.jpg\" alt=\"\" class=\"wp-image-12102\" style=\"width:570px;height:auto\" srcset=\"http:\/\/maismagazine.pt\/wp-content\/uploads\/2025\/05\/Departamento-de-Ambiente-e-Ordenamento-20250310-5677-1-1024x683.jpg 1024w, http:\/\/maismagazine.pt\/wp-content\/uploads\/2025\/05\/Departamento-de-Ambiente-e-Ordenamento-20250310-5677-1-300x200.jpg 300w, http:\/\/maismagazine.pt\/wp-content\/uploads\/2025\/05\/Departamento-de-Ambiente-e-Ordenamento-20250310-5677-1-768x512.jpg 768w, http:\/\/maismagazine.pt\/wp-content\/uploads\/2025\/05\/Departamento-de-Ambiente-e-Ordenamento-20250310-5677-1-1536x1024.jpg 1536w, http:\/\/maismagazine.pt\/wp-content\/uploads\/2025\/05\/Departamento-de-Ambiente-e-Ordenamento-20250310-5677-1-2048x1366.jpg 2048w, http:\/\/maismagazine.pt\/wp-content\/uploads\/2025\/05\/Departamento-de-Ambiente-e-Ordenamento-20250310-5677-1-150x100.jpg 150w\" sizes=\"auto, (max-width: 1024px) 100vw, 1024px\" \/><\/figure><\/div>\n\n\n<p>Os estudantes de EA t\u00eam acesso a uma aprendizagem pr\u00e1tica e intensa em laborat\u00f3rios dedicados ao ensino e investiga\u00e7\u00e3o, recentemente renovados, possuindo equipamentos diversificados. Os estudantes interagem diretamente com investigadores de reconhecido m\u00e9rito nacional e internacional, inseridos em Unidades de Investiga\u00e7\u00e3o com classifica\u00e7\u00e3o de Excelente pela Funda\u00e7\u00e3o para a Ci\u00eancia e Tecnologia. <\/p>\n\n\n\n<p><\/p>\n\n\n\n<p>Os Engenheiros do Ambiente desempenham fun\u00e7\u00f5es em ind\u00fastrias, empresas de diferentes setores de atividades, em institui\u00e7\u00f5es\/ organiza\u00e7\u00f5es\/ servi\u00e7os e ag\u00eancias municipais, em temas diversificados, mas atuais, como a sustentabilidade, a descarboniza\u00e7\u00e3o, as altera\u00e7\u00f5es clim\u00e1ticas, a gest\u00e3o dos recursos, o planeamento ambiental e a gest\u00e3o do territ\u00f3rio. Em particular, os Engenheiros do Ambiente adquirem compet\u00eancias profissionais aprovadas pela Ordem dos Engenheiros tais como: projeto e gest\u00e3o de esta\u00e7\u00f5es de abastecimento e tratamento de \u00e1guas\/\u00e1guas residuais; projeto e gest\u00e3o de sistemas de tratamento de res\u00edduos s\u00f3lidos; reabilita\u00e7\u00e3o de solos e aqu\u00edferos; avalia\u00e7\u00e3o de impactos ambientais, sa\u00fade ambiental e seguran\u00e7a no trabalho; planeamento e ordenamento do territ\u00f3rio. <\/p>\n\n\n\n<p><\/p>\n","protected":false},"excerpt":{"rendered":"<p>F\u00e1tima Lopes Alves, diretora do Departamento de Ambiente e Ordenamento da Universidade de Aveiro, sublinha que a Engenharia do Ambiente \u00e9 hoje uma \u00e1rea-chave para enfrentar os desafios globais e garantir um futuro sustent\u00e1vel. De acordo com o \u00faltimo relat\u00f3rio do F\u00f3rum Econ\u00f3mico Mundial (Future of Jobs Report 2025), a&hellip;<\/p>\n","protected":false},"author":18,"featured_media":12101,"comment_status":"closed","ping_status":"open","sticky":false,"template":"","format":"standard","meta":{"advgb_blocks_editor_width":"","advgb_blocks_columns_visual_guide":"","_monsterinsights_skip_tracking":false,"_monsterinsights_sitenote_active":false,"_monsterinsights_sitenote_note":"","_monsterinsights_sitenote_category":0,"footnotes":""},"categories":[149],"tags":[2367,525,521,802],"class_list":["post-12097","post","type-post","status-publish","format-standard","has-post-thumbnail","hentry","category-educacao","tag-departamento-de-ambiente-e-ordenamento-da-universidade-de-aveiro","tag-educacao","tag-ensino","tag-universidade-de-aveiro"],"yoast_head":"<!-- This site is optimized with the Yoast SEO plugin v24.4 - https:\/\/yoast.com\/wordpress\/plugins\/seo\/ -->\n<title>H\u00e1 mais de 40 anos a formar l\u00edderes em Ambiente, Sustentabilidade e Inova\u00e7\u00e3o Tecnol\u00f3gica - Mais Magazine<\/title>\n<meta name=\"robots\" content=\"index, follow, max-snippet:-1, max-image-preview:large, max-video-preview:-1\" \/>\n<link rel=\"canonical\" href=\"http:\/\/maismagazine.pt\/index.php\/2025\/05\/23\/ha-mais-de-40-anos-a-formar-lideres-em-ambiente-sustentabilidade-e-inovacao-tecnologica\/\" \/>\n<meta property=\"og:locale\" content=\"pt_PT\" \/>\n<meta property=\"og:type\" content=\"article\" \/>\n<meta property=\"og:title\" content=\"H\u00e1 mais de 40 anos a formar l\u00edderes em Ambiente, Sustentabilidade e Inova\u00e7\u00e3o Tecnol\u00f3gica - Mais Magazine\" \/>\n<meta property=\"og:description\" content=\"F\u00e1tima Lopes Alves, diretora do Departamento de Ambiente e Ordenamento da Universidade de Aveiro, sublinha que a Engenharia do Ambiente \u00e9 hoje uma \u00e1rea-chave para enfrentar os desafios globais e garantir um futuro sustent\u00e1vel. De acordo com o \u00faltimo relat\u00f3rio do F\u00f3rum Econ\u00f3mico Mundial (Future of Jobs Report 2025), a&hellip;\" \/>\n<meta property=\"og:url\" content=\"http:\/\/maismagazine.pt\/index.php\/2025\/05\/23\/ha-mais-de-40-anos-a-formar-lideres-em-ambiente-sustentabilidade-e-inovacao-tecnologica\/\" \/>\n<meta property=\"og:site_name\" content=\"Mais Magazine\" \/>\n<meta property=\"article:published_time\" content=\"2025-05-23T06:00:00+00:00\" \/>\n<meta property=\"og:image\" content=\"http:\/\/maismagazine.pt\/wp-content\/uploads\/2025\/05\/Diretora-DAO-1-scaled.jpg\" \/>\n\t<meta property=\"og:image:width\" content=\"1196\" \/>\n\t<meta property=\"og:image:height\" content=\"2560\" \/>\n\t<meta property=\"og:image:type\" content=\"image\/jpeg\" \/>\n<meta name=\"author\" content=\"Tatiana Martins\" \/>\n<meta name=\"twitter:card\" content=\"summary_large_image\" \/>\n<meta name=\"twitter:label1\" content=\"Escrito por\" \/>\n\t<meta name=\"twitter:data1\" content=\"\" \/>\n\t<meta name=\"twitter:label2\" content=\"Tempo estimado de leitura\" \/>\n\t<meta name=\"twitter:data2\" content=\"4 minutos\" \/>\n<script type=\"application\/ld+json\" class=\"yoast-schema-graph\">{\"@context\":\"https:\/\/schema.org\",\"@graph\":[{\"@type\":\"Article\",\"@id\":\"http:\/\/maismagazine.pt\/index.php\/2025\/05\/23\/ha-mais-de-40-anos-a-formar-lideres-em-ambiente-sustentabilidade-e-inovacao-tecnologica\/#article\",\"isPartOf\":{\"@id\":\"http:\/\/maismagazine.pt\/index.php\/2025\/05\/23\/ha-mais-de-40-anos-a-formar-lideres-em-ambiente-sustentabilidade-e-inovacao-tecnologica\/\"},\"author\":{\"name\":\"Tatiana Martins\",\"@id\":\"https:\/\/maismagazine.pt\/#\/schema\/person\/7426e2caeb8df32a1b56aa48dae778c9\"},\"headline\":\"H\u00e1 mais de 40 anos a formar l\u00edderes em Ambiente, Sustentabilidade e Inova\u00e7\u00e3o Tecnol\u00f3gica\",\"datePublished\":\"2025-05-23T06:00:00+00:00\",\"mainEntityOfPage\":{\"@id\":\"http:\/\/maismagazine.pt\/index.php\/2025\/05\/23\/ha-mais-de-40-anos-a-formar-lideres-em-ambiente-sustentabilidade-e-inovacao-tecnologica\/\"},\"wordCount\":554,\"publisher\":{\"@id\":\"https:\/\/maismagazine.pt\/#organization\"},\"image\":{\"@id\":\"http:\/\/maismagazine.pt\/index.php\/2025\/05\/23\/ha-mais-de-40-anos-a-formar-lideres-em-ambiente-sustentabilidade-e-inovacao-tecnologica\/#primaryimage\"},\"thumbnailUrl\":\"http:\/\/maismagazine.pt\/wp-content\/uploads\/2025\/05\/Diretora-DAO-1-scaled.jpg\",\"keywords\":[\"Departamento de Ambiente e Ordenamento da Universidade de Aveiro\",\"Educa\u00e7\u00e3o\",\"Ensino\",\"Universidade de Aveiro\"],\"articleSection\":[\"Educa\u00e7\u00e3o\"],\"inLanguage\":\"pt-PT\"},{\"@type\":\"WebPage\",\"@id\":\"http:\/\/maismagazine.pt\/index.php\/2025\/05\/23\/ha-mais-de-40-anos-a-formar-lideres-em-ambiente-sustentabilidade-e-inovacao-tecnologica\/\",\"url\":\"http:\/\/maismagazine.pt\/index.php\/2025\/05\/23\/ha-mais-de-40-anos-a-formar-lideres-em-ambiente-sustentabilidade-e-inovacao-tecnologica\/\",\"name\":\"H\u00e1 mais de 40 anos a formar l\u00edderes em Ambiente, Sustentabilidade e Inova\u00e7\u00e3o Tecnol\u00f3gica - Mais Magazine\",\"isPartOf\":{\"@id\":\"https:\/\/maismagazine.pt\/#website\"},\"primaryImageOfPage\":{\"@id\":\"http:\/\/maismagazine.pt\/index.php\/2025\/05\/23\/ha-mais-de-40-anos-a-formar-lideres-em-ambiente-sustentabilidade-e-inovacao-tecnologica\/#primaryimage\"},\"image\":{\"@id\":\"http:\/\/maismagazine.pt\/index.php\/2025\/05\/23\/ha-mais-de-40-anos-a-formar-lideres-em-ambiente-sustentabilidade-e-inovacao-tecnologica\/#primaryimage\"},\"thumbnailUrl\":\"http:\/\/maismagazine.pt\/wp-content\/uploads\/2025\/05\/Diretora-DAO-1-scaled.jpg\",\"datePublished\":\"2025-05-23T06:00:00+00:00\",\"breadcrumb\":{\"@id\":\"http:\/\/maismagazine.pt\/index.php\/2025\/05\/23\/ha-mais-de-40-anos-a-formar-lideres-em-ambiente-sustentabilidade-e-inovacao-tecnologica\/#breadcrumb\"},\"inLanguage\":\"pt-PT\",\"potentialAction\":[{\"@type\":\"ReadAction\",\"target\":[\"http:\/\/maismagazine.pt\/index.php\/2025\/05\/23\/ha-mais-de-40-anos-a-formar-lideres-em-ambiente-sustentabilidade-e-inovacao-tecnologica\/\"]}]},{\"@type\":\"ImageObject\",\"inLanguage\":\"pt-PT\",\"@id\":\"http:\/\/maismagazine.pt\/index.php\/2025\/05\/23\/ha-mais-de-40-anos-a-formar-lideres-em-ambiente-sustentabilidade-e-inovacao-tecnologica\/#primaryimage\",\"url\":\"http:\/\/maismagazine.pt\/wp-content\/uploads\/2025\/05\/Diretora-DAO-1-scaled.jpg\",\"contentUrl\":\"http:\/\/maismagazine.pt\/wp-content\/uploads\/2025\/05\/Diretora-DAO-1-scaled.jpg\",\"width\":1196,\"height\":2560,\"caption\":\"F\u00e1tima Lopes Alves, Diretora do Departamento de Ambiente e Ordenamento da Universidade de Aveiro\"},{\"@type\":\"BreadcrumbList\",\"@id\":\"http:\/\/maismagazine.pt\/index.php\/2025\/05\/23\/ha-mais-de-40-anos-a-formar-lideres-em-ambiente-sustentabilidade-e-inovacao-tecnologica\/#breadcrumb\",\"itemListElement\":[{\"@type\":\"ListItem\",\"position\":1,\"name\":\"Home\",\"item\":\"https:\/\/maismagazine.pt\/\"},{\"@type\":\"ListItem\",\"position\":2,\"name\":\"H\u00e1 mais de 40 anos a formar l\u00edderes em Ambiente, Sustentabilidade e Inova\u00e7\u00e3o Tecnol\u00f3gica\"}]},{\"@type\":\"WebSite\",\"@id\":\"https:\/\/maismagazine.pt\/#website\",\"url\":\"https:\/\/maismagazine.pt\/\",\"name\":\"Mais Magazine\",\"description\":\"\",\"publisher\":{\"@id\":\"https:\/\/maismagazine.pt\/#organization\"},\"potentialAction\":[{\"@type\":\"SearchAction\",\"target\":{\"@type\":\"EntryPoint\",\"urlTemplate\":\"https:\/\/maismagazine.pt\/?s={search_term_string}\"},\"query-input\":{\"@type\":\"PropertyValueSpecification\",\"valueRequired\":true,\"valueName\":\"search_term_string\"}}],\"inLanguage\":\"pt-PT\"},{\"@type\":\"Organization\",\"@id\":\"https:\/\/maismagazine.pt\/#organization\",\"name\":\"Mais Magazine\",\"url\":\"https:\/\/maismagazine.pt\/\",\"logo\":{\"@type\":\"ImageObject\",\"inLanguage\":\"pt-PT\",\"@id\":\"https:\/\/maismagazine.pt\/#\/schema\/logo\/image\/\",\"url\":\"http:\/\/maismagazine.pt\/wp-content\/uploads\/2020\/04\/cropped-cropped-mais-magazine-site-logo-2.png\",\"contentUrl\":\"http:\/\/maismagazine.pt\/wp-content\/uploads\/2020\/04\/cropped-cropped-mais-magazine-site-logo-2.png\",\"width\":581,\"height\":90,\"caption\":\"Mais Magazine\"},\"image\":{\"@id\":\"https:\/\/maismagazine.pt\/#\/schema\/logo\/image\/\"}},{\"@type\":\"Person\",\"@id\":\"https:\/\/maismagazine.pt\/#\/schema\/person\/7426e2caeb8df32a1b56aa48dae778c9\",\"name\":\"Tatiana Martins\",\"image\":{\"@type\":\"ImageObject\",\"inLanguage\":\"pt-PT\",\"@id\":\"https:\/\/maismagazine.pt\/#\/schema\/person\/image\/\",\"url\":\"https:\/\/secure.gravatar.com\/avatar\/4b24a57f5d0425f2eb20981c4b53244e?s=96&d=mm&r=g\",\"contentUrl\":\"https:\/\/secure.gravatar.com\/avatar\/4b24a57f5d0425f2eb20981c4b53244e?s=96&d=mm&r=g\",\"caption\":\"Tatiana Martins\"},\"url\":\"http:\/\/maismagazine.pt\/index.php\/author\/tatiana\/\"}]}<\/script>\n<!-- \/ Yoast SEO plugin. -->","yoast_head_json":{"title":"H\u00e1 mais de 40 anos a formar l\u00edderes em Ambiente, Sustentabilidade e Inova\u00e7\u00e3o Tecnol\u00f3gica - Mais Magazine","robots":{"index":"index","follow":"follow","max-snippet":"max-snippet:-1","max-image-preview":"max-image-preview:large","max-video-preview":"max-video-preview:-1"},"canonical":"http:\/\/maismagazine.pt\/index.php\/2025\/05\/23\/ha-mais-de-40-anos-a-formar-lideres-em-ambiente-sustentabilidade-e-inovacao-tecnologica\/","og_locale":"pt_PT","og_type":"article","og_title":"H\u00e1 mais de 40 anos a formar l\u00edderes em Ambiente, Sustentabilidade e Inova\u00e7\u00e3o Tecnol\u00f3gica - Mais Magazine","og_description":"F\u00e1tima Lopes Alves, diretora do Departamento de Ambiente e Ordenamento da Universidade de Aveiro, sublinha que a Engenharia do Ambiente \u00e9 hoje uma \u00e1rea-chave para enfrentar os desafios globais e garantir um futuro sustent\u00e1vel. De acordo com o \u00faltimo relat\u00f3rio do F\u00f3rum Econ\u00f3mico Mundial (Future of Jobs Report 2025), a&hellip;","og_url":"http:\/\/maismagazine.pt\/index.php\/2025\/05\/23\/ha-mais-de-40-anos-a-formar-lideres-em-ambiente-sustentabilidade-e-inovacao-tecnologica\/","og_site_name":"Mais Magazine","article_published_time":"2025-05-23T06:00:00+00:00","og_image":[{"width":1196,"height":2560,"url":"http:\/\/maismagazine.pt\/wp-content\/uploads\/2025\/05\/Diretora-DAO-1-scaled.jpg","type":"image\/jpeg"}],"author":"Tatiana Martins","twitter_card":"summary_large_image","twitter_misc":{"Escrito por":false,"Tempo estimado de leitura":"4 minutos"},"schema":{"@context":"https:\/\/schema.org","@graph":[{"@type":"Article","@id":"http:\/\/maismagazine.pt\/index.php\/2025\/05\/23\/ha-mais-de-40-anos-a-formar-lideres-em-ambiente-sustentabilidade-e-inovacao-tecnologica\/#article","isPartOf":{"@id":"http:\/\/maismagazine.pt\/index.php\/2025\/05\/23\/ha-mais-de-40-anos-a-formar-lideres-em-ambiente-sustentabilidade-e-inovacao-tecnologica\/"},"author":{"name":"Tatiana Martins","@id":"https:\/\/maismagazine.pt\/#\/schema\/person\/7426e2caeb8df32a1b56aa48dae778c9"},"headline":"H\u00e1 mais de 40 anos a formar l\u00edderes em Ambiente, Sustentabilidade e Inova\u00e7\u00e3o Tecnol\u00f3gica","datePublished":"2025-05-23T06:00:00+00:00","mainEntityOfPage":{"@id":"http:\/\/maismagazine.pt\/index.php\/2025\/05\/23\/ha-mais-de-40-anos-a-formar-lideres-em-ambiente-sustentabilidade-e-inovacao-tecnologica\/"},"wordCount":554,"publisher":{"@id":"https:\/\/maismagazine.pt\/#organization"},"image":{"@id":"http:\/\/maismagazine.pt\/index.php\/2025\/05\/23\/ha-mais-de-40-anos-a-formar-lideres-em-ambiente-sustentabilidade-e-inovacao-tecnologica\/#primaryimage"},"thumbnailUrl":"http:\/\/maismagazine.pt\/wp-content\/uploads\/2025\/05\/Diretora-DAO-1-scaled.jpg","keywords":["Departamento de Ambiente e Ordenamento da Universidade de Aveiro","Educa\u00e7\u00e3o","Ensino","Universidade de Aveiro"],"articleSection":["Educa\u00e7\u00e3o"],"inLanguage":"pt-PT"},{"@type":"WebPage","@id":"http:\/\/maismagazine.pt\/index.php\/2025\/05\/23\/ha-mais-de-40-anos-a-formar-lideres-em-ambiente-sustentabilidade-e-inovacao-tecnologica\/","url":"http:\/\/maismagazine.pt\/index.php\/2025\/05\/23\/ha-mais-de-40-anos-a-formar-lideres-em-ambiente-sustentabilidade-e-inovacao-tecnologica\/","name":"H\u00e1 mais de 40 anos a formar l\u00edderes em Ambiente, Sustentabilidade e Inova\u00e7\u00e3o Tecnol\u00f3gica - Mais Magazine","isPartOf":{"@id":"https:\/\/maismagazine.pt\/#website"},"primaryImageOfPage":{"@id":"http:\/\/maismagazine.pt\/index.php\/2025\/05\/23\/ha-mais-de-40-anos-a-formar-lideres-em-ambiente-sustentabilidade-e-inovacao-tecnologica\/#primaryimage"},"image":{"@id":"http:\/\/maismagazine.pt\/index.php\/2025\/05\/23\/ha-mais-de-40-anos-a-formar-lideres-em-ambiente-sustentabilidade-e-inovacao-tecnologica\/#primaryimage"},"thumbnailUrl":"http:\/\/maismagazine.pt\/wp-content\/uploads\/2025\/05\/Diretora-DAO-1-scaled.jpg","datePublished":"2025-05-23T06:00:00+00:00","breadcrumb":{"@id":"http:\/\/maismagazine.pt\/index.php\/2025\/05\/23\/ha-mais-de-40-anos-a-formar-lideres-em-ambiente-sustentabilidade-e-inovacao-tecnologica\/#breadcrumb"},"inLanguage":"pt-PT","potentialAction":[{"@type":"ReadAction","target":["http:\/\/maismagazine.pt\/index.php\/2025\/05\/23\/ha-mais-de-40-anos-a-formar-lideres-em-ambiente-sustentabilidade-e-inovacao-tecnologica\/"]}]},{"@type":"ImageObject","inLanguage":"pt-PT","@id":"http:\/\/maismagazine.pt\/index.php\/2025\/05\/23\/ha-mais-de-40-anos-a-formar-lideres-em-ambiente-sustentabilidade-e-inovacao-tecnologica\/#primaryimage","url":"http:\/\/maismagazine.pt\/wp-content\/uploads\/2025\/05\/Diretora-DAO-1-scaled.jpg","contentUrl":"http:\/\/maismagazine.pt\/wp-content\/uploads\/2025\/05\/Diretora-DAO-1-scaled.jpg","width":1196,"height":2560,"caption":"F\u00e1tima Lopes Alves, Diretora do Departamento de Ambiente e Ordenamento da Universidade de Aveiro"},{"@type":"BreadcrumbList","@id":"http:\/\/maismagazine.pt\/index.php\/2025\/05\/23\/ha-mais-de-40-anos-a-formar-lideres-em-ambiente-sustentabilidade-e-inovacao-tecnologica\/#breadcrumb","itemListElement":[{"@type":"ListItem","position":1,"name":"Home","item":"https:\/\/maismagazine.pt\/"},{"@type":"ListItem","position":2,"name":"H\u00e1 mais de 40 anos a formar l\u00edderes em Ambiente, Sustentabilidade e Inova\u00e7\u00e3o Tecnol\u00f3gica"}]},{"@type":"WebSite","@id":"https:\/\/maismagazine.pt\/#website","url":"https:\/\/maismagazine.pt\/","name":"Mais Magazine","description":"","publisher":{"@id":"https:\/\/maismagazine.pt\/#organization"},"potentialAction":[{"@type":"SearchAction","target":{"@type":"EntryPoint","urlTemplate":"https:\/\/maismagazine.pt\/?s={search_term_string}"},"query-input":{"@type":"PropertyValueSpecification","valueRequired":true,"valueName":"search_term_string"}}],"inLanguage":"pt-PT"},{"@type":"Organization","@id":"https:\/\/maismagazine.pt\/#organization","name":"Mais Magazine","url":"https:\/\/maismagazine.pt\/","logo":{"@type":"ImageObject","inLanguage":"pt-PT","@id":"https:\/\/maismagazine.pt\/#\/schema\/logo\/image\/","url":"http:\/\/maismagazine.pt\/wp-content\/uploads\/2020\/04\/cropped-cropped-mais-magazine-site-logo-2.png","contentUrl":"http:\/\/maismagazine.pt\/wp-content\/uploads\/2020\/04\/cropped-cropped-mais-magazine-site-logo-2.png","width":581,"height":90,"caption":"Mais Magazine"},"image":{"@id":"https:\/\/maismagazine.pt\/#\/schema\/logo\/image\/"}},{"@type":"Person","@id":"https:\/\/maismagazine.pt\/#\/schema\/person\/7426e2caeb8df32a1b56aa48dae778c9","name":"Tatiana Martins","image":{"@type":"ImageObject","inLanguage":"pt-PT","@id":"https:\/\/maismagazine.pt\/#\/schema\/person\/image\/","url":"https:\/\/secure.gravatar.com\/avatar\/4b24a57f5d0425f2eb20981c4b53244e?s=96&d=mm&r=g","contentUrl":"https:\/\/secure.gravatar.com\/avatar\/4b24a57f5d0425f2eb20981c4b53244e?s=96&d=mm&r=g","caption":"Tatiana Martins"},"url":"http:\/\/maismagazine.pt\/index.php\/author\/tatiana\/"}]}},"author_meta":{"display_name":false,"author_link":"http:\/\/maismagazine.pt\/index.php\/author\/tatiana\/"},"featured_img":"http:\/\/maismagazine.pt\/wp-content\/uploads\/2025\/05\/Diretora-DAO-1-140x300.jpg","coauthors":[],"tax_additional":{"categories":{"linked":["<a href=\"http:\/\/maismagazine.pt\/index.php\/category\/educacao\/\" class=\"advgb-post-tax-term\">Educa\u00e7\u00e3o<\/a>"],"unlinked":["<span class=\"advgb-post-tax-term\">Educa\u00e7\u00e3o<\/span>"]},"tags":{"linked":["<a href=\"http:\/\/maismagazine.pt\/index.php\/category\/educacao\/\" class=\"advgb-post-tax-term\">Departamento de Ambiente e Ordenamento da Universidade de Aveiro<\/a>","<a href=\"http:\/\/maismagazine.pt\/index.php\/category\/educacao\/\" class=\"advgb-post-tax-term\">Educa\u00e7\u00e3o<\/a>","<a href=\"http:\/\/maismagazine.pt\/index.php\/category\/educacao\/\" class=\"advgb-post-tax-term\">Ensino<\/a>","<a href=\"http:\/\/maismagazine.pt\/index.php\/category\/educacao\/\" class=\"advgb-post-tax-term\">Universidade de Aveiro<\/a>"],"unlinked":["<span class=\"advgb-post-tax-term\">Departamento de Ambiente e Ordenamento da Universidade de Aveiro<\/span>","<span class=\"advgb-post-tax-term\">Educa\u00e7\u00e3o<\/span>","<span class=\"advgb-post-tax-term\">Ensino<\/span>","<span class=\"advgb-post-tax-term\">Universidade de Aveiro<\/span>"]}},"comment_count":"0","relative_dates":{"created":"Posted 11 meses ago","modified":"Updated 11 meses ago"},"absolute_dates":{"created":"Posted on 23 de Maio, 2025","modified":"Updated on 20 de Maio, 2025"},"absolute_dates_time":{"created":"Posted on 23 de Maio, 2025 7:00","modified":"Updated on 20 de Maio, 2025 15:29"},"featured_img_caption":"F\u00e1tima Lopes Alves, Diretora do Departamento de Ambiente e Ordenamento da Universidade de Aveiro","series_order":"","_links":{"self":[{"href":"http:\/\/maismagazine.pt\/index.php\/wp-json\/wp\/v2\/posts\/12097","targetHints":{"allow":["GET"]}}],"collection":[{"href":"http:\/\/maismagazine.pt\/index.php\/wp-json\/wp\/v2\/posts"}],"about":[{"href":"http:\/\/maismagazine.pt\/index.php\/wp-json\/wp\/v2\/types\/post"}],"author":[{"embeddable":true,"href":"http:\/\/maismagazine.pt\/index.php\/wp-json\/wp\/v2\/users\/18"}],"replies":[{"embeddable":true,"href":"http:\/\/maismagazine.pt\/index.php\/wp-json\/wp\/v2\/comments?post=12097"}],"version-history":[{"count":1,"href":"http:\/\/maismagazine.pt\/index.php\/wp-json\/wp\/v2\/posts\/12097\/revisions"}],"predecessor-version":[{"id":12103,"href":"http:\/\/maismagazine.pt\/index.php\/wp-json\/wp\/v2\/posts\/12097\/revisions\/12103"}],"wp:featuredmedia":[{"embeddable":true,"href":"http:\/\/maismagazine.pt\/index.php\/wp-json\/wp\/v2\/media\/12101"}],"wp:attachment":[{"href":"http:\/\/maismagazine.pt\/index.php\/wp-json\/wp\/v2\/media?parent=12097"}],"wp:term":[{"taxonomy":"category","embeddable":true,"href":"http:\/\/maismagazine.pt\/index.php\/wp-json\/wp\/v2\/categories?post=12097"},{"taxonomy":"post_tag","embeddable":true,"href":"http:\/\/maismagazine.pt\/index.php\/wp-json\/wp\/v2\/tags?post=12097"}],"curies":[{"name":"wp","href":"https:\/\/api.w.org\/{rel}","templated":true}]}}