{"id":12086,"date":"2025-05-23T07:00:00","date_gmt":"2025-05-23T06:00:00","guid":{"rendered":"https:\/\/maismagazine.pt\/?p=12086"},"modified":"2025-05-20T16:21:36","modified_gmt":"2025-05-20T15:21:36","slug":"eeg-e-uminhoexec-compromisso-com-a-excelencia-e-proximidade-as-organizacoes","status":"publish","type":"post","link":"http:\/\/maismagazine.pt\/index.php\/2025\/05\/23\/eeg-e-uminhoexec-compromisso-com-a-excelencia-e-proximidade-as-organizacoes\/","title":{"rendered":"EEG e UMinhoExec: Compromisso com a excel\u00eancia e proximidade \u00e0s organiza\u00e7\u00f5es"},"content":{"rendered":"\n<p><strong>Lu\u00eds Aguiar &#8211; Conraria, presidente da <a href=\"http:\/\/www.eeg.uminho.pt\">Escola de Economia, Gest\u00e3o e Ci\u00eancia Pol\u00edtica da Universidade do Minho<\/a> desde o in\u00edcio de 2024, tra\u00e7a uma vis\u00e3o ambiciosa para o futuro da institui\u00e7\u00e3o, apostando na acredita\u00e7\u00e3o internacional, no refor\u00e7o da liga\u00e7\u00e3o ao setor empresarial atrav\u00e9s da <a href=\"http:\/\/www.uminhoexec.pt\">UMinhoExec<\/a> e na consolida\u00e7\u00e3o da escola como refer\u00eancia nacional e internacional no ensino e na investiga\u00e7\u00e3o.<\/strong><\/p>\n\n\n\n<p><\/p>\n\n\n\n<p><strong>Assumiu, no in\u00edcio de 2024, a presid\u00eancia da Escola de Economia, Gest\u00e3o e Ci\u00eancia Pol\u00edtica da Universidade do Minho. Que principais desafios identifica na lideran\u00e7a de uma institui\u00e7\u00e3o com esta relev\u00e2ncia?<\/strong><\/p>\n\n\n\n<p>A Universidade do Minho (UMinho) \u00e9 a principal institui\u00e7\u00e3o de ensino superior da regi\u00e3o, e a Escola de Economia, Gest\u00e3o e Ci\u00eancia Pol\u00edtica (EEG) \u00e9 uma das suas maiores, com cerca de tr\u00eas mil alunos distribu\u00eddos por 8 licenciaturas, 5 mestrados e 5 doutoramentos. Conta ainda com a UMinhoExec, o nosso bra\u00e7o para a forma\u00e7\u00e3o executiva e intera\u00e7\u00e3o com a sociedade. Os desafios s\u00e3o, naturalmente, bons desafios. <\/p>\n\n\n\n<p>Um dos principais desafios \u00e9, na verdade, uma vantagem competitiva: a diversidade de \u00e1reas cient\u00edficas, que v\u00e3o desde as tradicionais Economia e Gest\u00e3o, com as suas diversas especializa\u00e7\u00f5es, \u00e0 Ci\u00eancia Pol\u00edtica, que inclui as Rela\u00e7\u00f5es Internacionais e a Administra\u00e7\u00e3o P\u00fablica. Com todos os desafios geopol\u00edticos que a Europa enfrenta, \u00e9 imposs\u00edvel pensar bem em Economia e Gest\u00e3o de \u00e2mbito internacional sem, simultaneamente, conhecer de forma profunda todos os desafios geostrat\u00e9gicos que enfrentamos. Termos na casa professores especializados em geopol\u00edtica, seguran\u00e7a internacional, geoestrat\u00e9gia, com conhecimentos do M\u00e9dio Oriente e da R\u00fassia, torna-nos \u00fanicos. E todos estes recursos est\u00e3o \u00e0 disposi\u00e7\u00e3o dos nossos estudantes e de quem trabalha connosco. <\/p>\n\n\n\n<p>Outro objetivo \u00e9 usar o prest\u00edgio nacional como base para a nossa proje\u00e7\u00e3o internacional. Acresce o desafio de refor\u00e7ar a liga\u00e7\u00e3o ao setor empresarial atrav\u00e9s da UMinhoExec. E, sendo uma Escola de Investiga\u00e7\u00e3o, \u00e9 essencial manter ou elevar o nosso n\u00edvel cient\u00edfico. A consultoria que prestamos \u00e0s empresas assenta nessa investiga\u00e7\u00e3o, sendo muitas vezes quase investiga\u00e7\u00e3o aplicada. Parte desse trabalho \u00e9 muitas vezes submetido a arbitragem internacional \u2014 com autoriza\u00e7\u00e3o do cliente \u2014, o que garante um elevado padr\u00e3o de qualidade. <\/p>\n\n\n<div class=\"wp-block-image\">\n<figure class=\"aligncenter size-full is-resized\"><img loading=\"lazy\" decoding=\"async\" width=\"750\" height=\"500\" src=\"https:\/\/maismagazine.pt\/wp-content\/uploads\/2025\/05\/EEG-1-1.jpg\" alt=\"\" class=\"wp-image-12092\" style=\"width:552px;height:auto\" srcset=\"http:\/\/maismagazine.pt\/wp-content\/uploads\/2025\/05\/EEG-1-1.jpg 750w, http:\/\/maismagazine.pt\/wp-content\/uploads\/2025\/05\/EEG-1-1-300x200.jpg 300w, http:\/\/maismagazine.pt\/wp-content\/uploads\/2025\/05\/EEG-1-1-150x100.jpg 150w\" sizes=\"auto, (max-width: 750px) 100vw, 750px\" \/><\/figure><\/div>\n\n\n<p><strong>Quais s\u00e3o as metas estrat\u00e9gicas que definiu para o mandato 2024-2026 enquanto presidente da EEG?<\/strong><\/p>\n\n\n\n<p>A nossa miss\u00e3o \u00e9 gerar conhecimento e desenvolver percursos de aprendizagem inovadores, com impacto nas organiza\u00e7\u00f5es e nas pol\u00edticas p\u00fablicas. Toda a estrat\u00e9gia visa cumprir essa miss\u00e3o com distin\u00e7\u00e3o. Para este mandato, definimos v\u00e1rias metas. <\/p>\n\n\n\n<p>Uma delas \u00e9 a dar passos decisivos para a acredita\u00e7\u00e3o internacional da Escola. Contamos conseguir a acredita\u00e7\u00e3o da Association to Advance Collegiate Schools of Business (AACSB) para a escola. A AACSB \u00e9 uma das principais organiza\u00e7\u00f5es de acredita\u00e7\u00e3o internacional para escolas de gest\u00e3o, reconhecida globalmente pela excel\u00eancia. Pretendemos, alargar o conjunto de cursos acreditados pela European Foundation for Management Development (EFMD). S\u00e3o metas para atingir em 2025 e 2026 e posicionam-nos como uma escola de excel\u00eancia internacional. <\/p>\n\n\n\n<p>Com a acredita\u00e7\u00e3o internacional, tornaremos a EEG uma escola ainda mais atrativa, em especial para quem tem ambi\u00e7\u00f5es internacionais. Quem estudar aqui passa uns anos numa cidade hist\u00f3rica, din\u00e2mica, jovem e acess\u00edvel com uma academia reconhecida pelos padr\u00f5es mais exigentes. <\/p>\n\n\n\n<p><\/p>\n\n\n\n<p><strong>A UMinhoExec foi criada em 2014 no seio da Escola de Economia, Gest\u00e3o e Ci\u00eancia Pol\u00edtica. Que motiva\u00e7\u00f5es estiveram na base da sua funda\u00e7\u00e3o? Que metas tem para ela?<\/strong><\/p>\n\n\n\n<p>Em paralelo, nossa escola de forma\u00e7\u00e3o executiva, a UMinhoExec, aprofundar\u00e1 a sua rela\u00e7\u00e3o com o sector empresarial. Ambicionamos torna-la uma escola de refer\u00eancia no noroeste ib\u00e9rico. Temos duas metas: ter instala\u00e7\u00f5es pr\u00f3prias para a UMinhoExec e transform\u00e1-la numa associa\u00e7\u00e3o sem fins lucrativos que com v\u00e1rias empresas associadas. Empresas que entram na UMInhoExec investindo em unidades de participa\u00e7\u00e3o. <\/p>\n\n\n\n<p>Est\u00e1 escolhido o local \u2014 um edif\u00edcio hist\u00f3rico no centro da cidade de Braga, que ainda tem de ser reabilitado \u2014 e j\u00e1 est\u00e3o quase fechadas as empresas \u2014 entre 15 e 20. Iniciaremos as obras de reabilita\u00e7\u00e3o do edif\u00edcio ainda durante este mandato e formalizaremos a associa\u00e7\u00e3o este ano. <\/p>\n\n\n<div class=\"wp-block-image\">\n<figure class=\"alignleft size-full is-resized\"><img loading=\"lazy\" decoding=\"async\" width=\"634\" height=\"423\" src=\"https:\/\/maismagazine.pt\/wp-content\/uploads\/2025\/05\/EEGLAC-7-1.jpg\" alt=\"\" class=\"wp-image-12093\" style=\"width:441px;height:auto\" srcset=\"http:\/\/maismagazine.pt\/wp-content\/uploads\/2025\/05\/EEGLAC-7-1.jpg 634w, http:\/\/maismagazine.pt\/wp-content\/uploads\/2025\/05\/EEGLAC-7-1-300x200.jpg 300w, http:\/\/maismagazine.pt\/wp-content\/uploads\/2025\/05\/EEGLAC-7-1-150x100.jpg 150w\" sizes=\"auto, (max-width: 634px) 100vw, 634px\" \/><\/figure><\/div>\n\n\n<p><strong>Que tipo de programas e iniciativas disponibilizam aos profissionais e organiza\u00e7\u00f5es que recorrem \u00e0 UMinhoExec?<\/strong><\/p>\n\n\n\n<p>A UMinhoExec oferece programas executivos diversos: p\u00f3s-gradua\u00e7\u00f5es creditadas (45 a 60 ECTS), programas customizados para organiza\u00e7\u00f5es, programas intensivos e forma\u00e7\u00f5es breves em compet\u00eancias espec\u00edficas. Atua ainda na forma\u00e7\u00e3o avan\u00e7ada para a Administra\u00e7\u00e3o P\u00fablica, com a\u00e7\u00f5es sobre contrata\u00e7\u00e3o p\u00fablica ou forma\u00e7\u00e3o para a Autoridade Tribut\u00e1ria. Complementa a sua oferta com iniciativas regulares de networking empresarial e partilha de boas pr\u00e1ticas. <\/p>\n\n\n\n<p><\/p>\n\n\n\n<p><strong>Qual \u00e9 a grande aposta para o pr\u00f3ximo ano?<\/strong><\/p>\n\n\n\n<p>A grande aposta para 2025\/26 \u00e9 o Curso de Especializa\u00e7\u00e3o em Administra\u00e7\u00e3o Hospitalar. At\u00e9 este ano, era um curso oferecido exclusivamente em Lisboa pela Escola Nacional de Sa\u00fade P\u00fablica (ENSP) da Universidade Nova de Lisboa. Este ano, pela primeira vez da sua hist\u00f3ria, ser\u00e1 oferecido em duas cidades simultaneamente: Lisboa (ENSP NOVA) e Braga (UMinhoExec com a ENSP NOVA). <\/p>\n\n\n\n<p>Ser\u00e1 um curso extraordin\u00e1rio. A UMinhoExec juntou os melhores recursos da Universidade do Minho \u2014 recorrendo \u00e0 EEG e \u00e0 Escola de Medicina \u2014 com os da ENSP. Os profissionais do Norte deixam de ter necessidade de ir fazer este curso a Lisboa. Acrescento que tem sido um privil\u00e9gio colaborar com a ENSP, confirmando que quando h\u00e1 empenho de todos, s\u00f3 h\u00e1 por onde correr bem. <\/p>\n\n\n<div class=\"wp-block-image\">\n<figure class=\"aligncenter size-full is-resized\"><img loading=\"lazy\" decoding=\"async\" width=\"990\" height=\"275\" src=\"https:\/\/maismagazine.pt\/wp-content\/uploads\/2025\/05\/uminhoexec-logotipo-03_blue.png\" alt=\"\" class=\"wp-image-12095\" style=\"width:241px;height:auto\" srcset=\"http:\/\/maismagazine.pt\/wp-content\/uploads\/2025\/05\/uminhoexec-logotipo-03_blue.png 990w, http:\/\/maismagazine.pt\/wp-content\/uploads\/2025\/05\/uminhoexec-logotipo-03_blue-300x83.png 300w, http:\/\/maismagazine.pt\/wp-content\/uploads\/2025\/05\/uminhoexec-logotipo-03_blue-768x213.png 768w\" sizes=\"auto, (max-width: 990px) 100vw, 990px\" \/><\/figure><\/div>\n\n<div class=\"wp-block-image\">\n<figure class=\"aligncenter size-large is-resized\"><img loading=\"lazy\" decoding=\"async\" width=\"1024\" height=\"1024\" src=\"https:\/\/maismagazine.pt\/wp-content\/uploads\/2025\/05\/UMinho-EEG-01-1024x1024.png\" alt=\"\" class=\"wp-image-12094\" style=\"width:256px;height:auto\" srcset=\"http:\/\/maismagazine.pt\/wp-content\/uploads\/2025\/05\/UMinho-EEG-01-1024x1024.png 1024w, http:\/\/maismagazine.pt\/wp-content\/uploads\/2025\/05\/UMinho-EEG-01-300x300.png 300w, http:\/\/maismagazine.pt\/wp-content\/uploads\/2025\/05\/UMinho-EEG-01-150x150.png 150w, http:\/\/maismagazine.pt\/wp-content\/uploads\/2025\/05\/UMinho-EEG-01-768x768.png 768w, http:\/\/maismagazine.pt\/wp-content\/uploads\/2025\/05\/UMinho-EEG-01-1536x1536.png 1536w, http:\/\/maismagazine.pt\/wp-content\/uploads\/2025\/05\/UMinho-EEG-01-2048x2048.png 2048w\" sizes=\"auto, (max-width: 1024px) 100vw, 1024px\" \/><\/figure><\/div>\n\n\n<p><canvas width=\"1095\" height=\"1545\"><\/canvas><\/p>\n\n\n\n<p><canvas width=\"1095\" height=\"1545\"><\/canvas><\/p>\n","protected":false},"excerpt":{"rendered":"<p>Lu\u00eds Aguiar &#8211; Conraria, presidente da Escola de Economia, Gest\u00e3o e Ci\u00eancia Pol\u00edtica da Universidade do Minho desde o in\u00edcio de 2024, tra\u00e7a uma vis\u00e3o ambiciosa para o futuro da institui\u00e7\u00e3o, apostando na acredita\u00e7\u00e3o internacional, no refor\u00e7o da liga\u00e7\u00e3o ao setor empresarial atrav\u00e9s da UMinhoExec e na consolida\u00e7\u00e3o da escola&hellip;<\/p>\n","protected":false},"author":18,"featured_media":12090,"comment_status":"closed","ping_status":"open","sticky":false,"template":"","format":"standard","meta":{"advgb_blocks_editor_width":"","advgb_blocks_columns_visual_guide":"","_monsterinsights_skip_tracking":false,"_monsterinsights_sitenote_active":false,"_monsterinsights_sitenote_note":"","_monsterinsights_sitenote_category":0,"footnotes":""},"categories":[50],"tags":[525,521,2366,948],"class_list":["post-12086","post","type-post","status-publish","format-standard","has-post-thumbnail","hentry","category-destaques","tag-educacao","tag-ensino","tag-uminhoexec","tag-universidade-do-minho"],"yoast_head":"<!-- This site is optimized with the Yoast SEO plugin v24.4 - https:\/\/yoast.com\/wordpress\/plugins\/seo\/ -->\n<title>EEG e UMinhoExec: Compromisso com a excel\u00eancia e proximidade \u00e0s organiza\u00e7\u00f5es - Mais Magazine<\/title>\n<meta name=\"robots\" content=\"index, follow, max-snippet:-1, max-image-preview:large, max-video-preview:-1\" \/>\n<link rel=\"canonical\" href=\"https:\/\/maismagazine.pt\/index.php\/2025\/05\/23\/eeg-e-uminhoexec-compromisso-com-a-excelencia-e-proximidade-as-organizacoes\/\" \/>\n<meta property=\"og:locale\" content=\"pt_PT\" \/>\n<meta property=\"og:type\" content=\"article\" \/>\n<meta property=\"og:title\" content=\"EEG e UMinhoExec: Compromisso com a excel\u00eancia e proximidade \u00e0s organiza\u00e7\u00f5es - Mais Magazine\" \/>\n<meta property=\"og:description\" content=\"Lu\u00eds Aguiar &#8211; Conraria, presidente da Escola de Economia, Gest\u00e3o e Ci\u00eancia Pol\u00edtica da Universidade do Minho desde o in\u00edcio de 2024, tra\u00e7a uma vis\u00e3o ambiciosa para o futuro da institui\u00e7\u00e3o, apostando na acredita\u00e7\u00e3o internacional, no refor\u00e7o da liga\u00e7\u00e3o ao setor empresarial atrav\u00e9s da UMinhoExec e na consolida\u00e7\u00e3o da escola&hellip;\" \/>\n<meta property=\"og:url\" content=\"https:\/\/maismagazine.pt\/index.php\/2025\/05\/23\/eeg-e-uminhoexec-compromisso-com-a-excelencia-e-proximidade-as-organizacoes\/\" \/>\n<meta property=\"og:site_name\" content=\"Mais Magazine\" \/>\n<meta property=\"article:published_time\" content=\"2025-05-23T06:00:00+00:00\" \/>\n<meta property=\"og:image\" content=\"https:\/\/maismagazine.pt\/wp-content\/uploads\/2025\/05\/EEGLAC-10-1.jpg\" \/>\n\t<meta property=\"og:image:width\" content=\"690\" \/>\n\t<meta property=\"og:image:height\" content=\"460\" \/>\n\t<meta property=\"og:image:type\" content=\"image\/jpeg\" \/>\n<meta name=\"author\" content=\"Tatiana Martins\" \/>\n<meta name=\"twitter:card\" content=\"summary_large_image\" \/>\n<meta name=\"twitter:label1\" content=\"Escrito por\" \/>\n\t<meta name=\"twitter:data1\" content=\"\" \/>\n\t<meta name=\"twitter:label2\" content=\"Tempo estimado de leitura\" \/>\n\t<meta name=\"twitter:data2\" content=\"6 minutos\" \/>\n<script type=\"application\/ld+json\" class=\"yoast-schema-graph\">{\"@context\":\"https:\/\/schema.org\",\"@graph\":[{\"@type\":\"Article\",\"@id\":\"https:\/\/maismagazine.pt\/index.php\/2025\/05\/23\/eeg-e-uminhoexec-compromisso-com-a-excelencia-e-proximidade-as-organizacoes\/#article\",\"isPartOf\":{\"@id\":\"https:\/\/maismagazine.pt\/index.php\/2025\/05\/23\/eeg-e-uminhoexec-compromisso-com-a-excelencia-e-proximidade-as-organizacoes\/\"},\"author\":{\"name\":\"Tatiana Martins\",\"@id\":\"https:\/\/maismagazine.pt\/#\/schema\/person\/7426e2caeb8df32a1b56aa48dae778c9\"},\"headline\":\"EEG e UMinhoExec: Compromisso com a excel\u00eancia e proximidade \u00e0s organiza\u00e7\u00f5es\",\"datePublished\":\"2025-05-23T06:00:00+00:00\",\"mainEntityOfPage\":{\"@id\":\"https:\/\/maismagazine.pt\/index.php\/2025\/05\/23\/eeg-e-uminhoexec-compromisso-com-a-excelencia-e-proximidade-as-organizacoes\/\"},\"wordCount\":969,\"publisher\":{\"@id\":\"https:\/\/maismagazine.pt\/#organization\"},\"image\":{\"@id\":\"https:\/\/maismagazine.pt\/index.php\/2025\/05\/23\/eeg-e-uminhoexec-compromisso-com-a-excelencia-e-proximidade-as-organizacoes\/#primaryimage\"},\"thumbnailUrl\":\"http:\/\/maismagazine.pt\/wp-content\/uploads\/2025\/05\/EEGLAC-10-1.jpg\",\"keywords\":[\"Educa\u00e7\u00e3o\",\"Ensino\",\"UMinhoExec\",\"Universidade do Minho\"],\"articleSection\":[\"Destaques\"],\"inLanguage\":\"pt-PT\"},{\"@type\":\"WebPage\",\"@id\":\"https:\/\/maismagazine.pt\/index.php\/2025\/05\/23\/eeg-e-uminhoexec-compromisso-com-a-excelencia-e-proximidade-as-organizacoes\/\",\"url\":\"https:\/\/maismagazine.pt\/index.php\/2025\/05\/23\/eeg-e-uminhoexec-compromisso-com-a-excelencia-e-proximidade-as-organizacoes\/\",\"name\":\"EEG e UMinhoExec: Compromisso com a excel\u00eancia e proximidade \u00e0s organiza\u00e7\u00f5es - Mais Magazine\",\"isPartOf\":{\"@id\":\"https:\/\/maismagazine.pt\/#website\"},\"primaryImageOfPage\":{\"@id\":\"https:\/\/maismagazine.pt\/index.php\/2025\/05\/23\/eeg-e-uminhoexec-compromisso-com-a-excelencia-e-proximidade-as-organizacoes\/#primaryimage\"},\"image\":{\"@id\":\"https:\/\/maismagazine.pt\/index.php\/2025\/05\/23\/eeg-e-uminhoexec-compromisso-com-a-excelencia-e-proximidade-as-organizacoes\/#primaryimage\"},\"thumbnailUrl\":\"http:\/\/maismagazine.pt\/wp-content\/uploads\/2025\/05\/EEGLAC-10-1.jpg\",\"datePublished\":\"2025-05-23T06:00:00+00:00\",\"breadcrumb\":{\"@id\":\"https:\/\/maismagazine.pt\/index.php\/2025\/05\/23\/eeg-e-uminhoexec-compromisso-com-a-excelencia-e-proximidade-as-organizacoes\/#breadcrumb\"},\"inLanguage\":\"pt-PT\",\"potentialAction\":[{\"@type\":\"ReadAction\",\"target\":[\"https:\/\/maismagazine.pt\/index.php\/2025\/05\/23\/eeg-e-uminhoexec-compromisso-com-a-excelencia-e-proximidade-as-organizacoes\/\"]}]},{\"@type\":\"ImageObject\",\"inLanguage\":\"pt-PT\",\"@id\":\"https:\/\/maismagazine.pt\/index.php\/2025\/05\/23\/eeg-e-uminhoexec-compromisso-com-a-excelencia-e-proximidade-as-organizacoes\/#primaryimage\",\"url\":\"http:\/\/maismagazine.pt\/wp-content\/uploads\/2025\/05\/EEGLAC-10-1.jpg\",\"contentUrl\":\"http:\/\/maismagazine.pt\/wp-content\/uploads\/2025\/05\/EEGLAC-10-1.jpg\",\"width\":690,\"height\":460,\"caption\":\"Lu\u00eds Aguiar - Conraria, Presidente da Escola de Economia, Gest\u00e3o e Ci\u00eancia Pol\u00edtica da Universidade do Minho\"},{\"@type\":\"BreadcrumbList\",\"@id\":\"https:\/\/maismagazine.pt\/index.php\/2025\/05\/23\/eeg-e-uminhoexec-compromisso-com-a-excelencia-e-proximidade-as-organizacoes\/#breadcrumb\",\"itemListElement\":[{\"@type\":\"ListItem\",\"position\":1,\"name\":\"Home\",\"item\":\"https:\/\/maismagazine.pt\/\"},{\"@type\":\"ListItem\",\"position\":2,\"name\":\"EEG e UMinhoExec: Compromisso com a excel\u00eancia e proximidade \u00e0s organiza\u00e7\u00f5es\"}]},{\"@type\":\"WebSite\",\"@id\":\"https:\/\/maismagazine.pt\/#website\",\"url\":\"https:\/\/maismagazine.pt\/\",\"name\":\"Mais Magazine\",\"description\":\"\",\"publisher\":{\"@id\":\"https:\/\/maismagazine.pt\/#organization\"},\"potentialAction\":[{\"@type\":\"SearchAction\",\"target\":{\"@type\":\"EntryPoint\",\"urlTemplate\":\"https:\/\/maismagazine.pt\/?s={search_term_string}\"},\"query-input\":{\"@type\":\"PropertyValueSpecification\",\"valueRequired\":true,\"valueName\":\"search_term_string\"}}],\"inLanguage\":\"pt-PT\"},{\"@type\":\"Organization\",\"@id\":\"https:\/\/maismagazine.pt\/#organization\",\"name\":\"Mais Magazine\",\"url\":\"https:\/\/maismagazine.pt\/\",\"logo\":{\"@type\":\"ImageObject\",\"inLanguage\":\"pt-PT\",\"@id\":\"https:\/\/maismagazine.pt\/#\/schema\/logo\/image\/\",\"url\":\"http:\/\/maismagazine.pt\/wp-content\/uploads\/2020\/04\/cropped-cropped-mais-magazine-site-logo-2.png\",\"contentUrl\":\"http:\/\/maismagazine.pt\/wp-content\/uploads\/2020\/04\/cropped-cropped-mais-magazine-site-logo-2.png\",\"width\":581,\"height\":90,\"caption\":\"Mais Magazine\"},\"image\":{\"@id\":\"https:\/\/maismagazine.pt\/#\/schema\/logo\/image\/\"}},{\"@type\":\"Person\",\"@id\":\"https:\/\/maismagazine.pt\/#\/schema\/person\/7426e2caeb8df32a1b56aa48dae778c9\",\"name\":\"Tatiana Martins\",\"image\":{\"@type\":\"ImageObject\",\"inLanguage\":\"pt-PT\",\"@id\":\"https:\/\/maismagazine.pt\/#\/schema\/person\/image\/\",\"url\":\"https:\/\/secure.gravatar.com\/avatar\/4b24a57f5d0425f2eb20981c4b53244e?s=96&d=mm&r=g\",\"contentUrl\":\"https:\/\/secure.gravatar.com\/avatar\/4b24a57f5d0425f2eb20981c4b53244e?s=96&d=mm&r=g\",\"caption\":\"Tatiana Martins\"},\"url\":\"http:\/\/maismagazine.pt\/index.php\/author\/tatiana\/\"}]}<\/script>\n<!-- \/ Yoast SEO plugin. -->","yoast_head_json":{"title":"EEG e UMinhoExec: Compromisso com a excel\u00eancia e proximidade \u00e0s organiza\u00e7\u00f5es - Mais Magazine","robots":{"index":"index","follow":"follow","max-snippet":"max-snippet:-1","max-image-preview":"max-image-preview:large","max-video-preview":"max-video-preview:-1"},"canonical":"https:\/\/maismagazine.pt\/index.php\/2025\/05\/23\/eeg-e-uminhoexec-compromisso-com-a-excelencia-e-proximidade-as-organizacoes\/","og_locale":"pt_PT","og_type":"article","og_title":"EEG e UMinhoExec: Compromisso com a excel\u00eancia e proximidade \u00e0s organiza\u00e7\u00f5es - Mais Magazine","og_description":"Lu\u00eds Aguiar &#8211; Conraria, presidente da Escola de Economia, Gest\u00e3o e Ci\u00eancia Pol\u00edtica da Universidade do Minho desde o in\u00edcio de 2024, tra\u00e7a uma vis\u00e3o ambiciosa para o futuro da institui\u00e7\u00e3o, apostando na acredita\u00e7\u00e3o internacional, no refor\u00e7o da liga\u00e7\u00e3o ao setor empresarial atrav\u00e9s da UMinhoExec e na consolida\u00e7\u00e3o da escola&hellip;","og_url":"https:\/\/maismagazine.pt\/index.php\/2025\/05\/23\/eeg-e-uminhoexec-compromisso-com-a-excelencia-e-proximidade-as-organizacoes\/","og_site_name":"Mais Magazine","article_published_time":"2025-05-23T06:00:00+00:00","og_image":[{"width":690,"height":460,"url":"https:\/\/maismagazine.pt\/wp-content\/uploads\/2025\/05\/EEGLAC-10-1.jpg","type":"image\/jpeg"}],"author":"Tatiana Martins","twitter_card":"summary_large_image","twitter_misc":{"Escrito por":false,"Tempo estimado de leitura":"6 minutos"},"schema":{"@context":"https:\/\/schema.org","@graph":[{"@type":"Article","@id":"https:\/\/maismagazine.pt\/index.php\/2025\/05\/23\/eeg-e-uminhoexec-compromisso-com-a-excelencia-e-proximidade-as-organizacoes\/#article","isPartOf":{"@id":"https:\/\/maismagazine.pt\/index.php\/2025\/05\/23\/eeg-e-uminhoexec-compromisso-com-a-excelencia-e-proximidade-as-organizacoes\/"},"author":{"name":"Tatiana Martins","@id":"https:\/\/maismagazine.pt\/#\/schema\/person\/7426e2caeb8df32a1b56aa48dae778c9"},"headline":"EEG e UMinhoExec: Compromisso com a excel\u00eancia e proximidade \u00e0s organiza\u00e7\u00f5es","datePublished":"2025-05-23T06:00:00+00:00","mainEntityOfPage":{"@id":"https:\/\/maismagazine.pt\/index.php\/2025\/05\/23\/eeg-e-uminhoexec-compromisso-com-a-excelencia-e-proximidade-as-organizacoes\/"},"wordCount":969,"publisher":{"@id":"https:\/\/maismagazine.pt\/#organization"},"image":{"@id":"https:\/\/maismagazine.pt\/index.php\/2025\/05\/23\/eeg-e-uminhoexec-compromisso-com-a-excelencia-e-proximidade-as-organizacoes\/#primaryimage"},"thumbnailUrl":"http:\/\/maismagazine.pt\/wp-content\/uploads\/2025\/05\/EEGLAC-10-1.jpg","keywords":["Educa\u00e7\u00e3o","Ensino","UMinhoExec","Universidade do Minho"],"articleSection":["Destaques"],"inLanguage":"pt-PT"},{"@type":"WebPage","@id":"https:\/\/maismagazine.pt\/index.php\/2025\/05\/23\/eeg-e-uminhoexec-compromisso-com-a-excelencia-e-proximidade-as-organizacoes\/","url":"https:\/\/maismagazine.pt\/index.php\/2025\/05\/23\/eeg-e-uminhoexec-compromisso-com-a-excelencia-e-proximidade-as-organizacoes\/","name":"EEG e UMinhoExec: Compromisso com a excel\u00eancia e proximidade \u00e0s organiza\u00e7\u00f5es - Mais Magazine","isPartOf":{"@id":"https:\/\/maismagazine.pt\/#website"},"primaryImageOfPage":{"@id":"https:\/\/maismagazine.pt\/index.php\/2025\/05\/23\/eeg-e-uminhoexec-compromisso-com-a-excelencia-e-proximidade-as-organizacoes\/#primaryimage"},"image":{"@id":"https:\/\/maismagazine.pt\/index.php\/2025\/05\/23\/eeg-e-uminhoexec-compromisso-com-a-excelencia-e-proximidade-as-organizacoes\/#primaryimage"},"thumbnailUrl":"http:\/\/maismagazine.pt\/wp-content\/uploads\/2025\/05\/EEGLAC-10-1.jpg","datePublished":"2025-05-23T06:00:00+00:00","breadcrumb":{"@id":"https:\/\/maismagazine.pt\/index.php\/2025\/05\/23\/eeg-e-uminhoexec-compromisso-com-a-excelencia-e-proximidade-as-organizacoes\/#breadcrumb"},"inLanguage":"pt-PT","potentialAction":[{"@type":"ReadAction","target":["https:\/\/maismagazine.pt\/index.php\/2025\/05\/23\/eeg-e-uminhoexec-compromisso-com-a-excelencia-e-proximidade-as-organizacoes\/"]}]},{"@type":"ImageObject","inLanguage":"pt-PT","@id":"https:\/\/maismagazine.pt\/index.php\/2025\/05\/23\/eeg-e-uminhoexec-compromisso-com-a-excelencia-e-proximidade-as-organizacoes\/#primaryimage","url":"http:\/\/maismagazine.pt\/wp-content\/uploads\/2025\/05\/EEGLAC-10-1.jpg","contentUrl":"http:\/\/maismagazine.pt\/wp-content\/uploads\/2025\/05\/EEGLAC-10-1.jpg","width":690,"height":460,"caption":"Lu\u00eds Aguiar - Conraria, Presidente da Escola de Economia, Gest\u00e3o e Ci\u00eancia Pol\u00edtica da Universidade do Minho"},{"@type":"BreadcrumbList","@id":"https:\/\/maismagazine.pt\/index.php\/2025\/05\/23\/eeg-e-uminhoexec-compromisso-com-a-excelencia-e-proximidade-as-organizacoes\/#breadcrumb","itemListElement":[{"@type":"ListItem","position":1,"name":"Home","item":"https:\/\/maismagazine.pt\/"},{"@type":"ListItem","position":2,"name":"EEG e UMinhoExec: Compromisso com a excel\u00eancia e proximidade \u00e0s organiza\u00e7\u00f5es"}]},{"@type":"WebSite","@id":"https:\/\/maismagazine.pt\/#website","url":"https:\/\/maismagazine.pt\/","name":"Mais Magazine","description":"","publisher":{"@id":"https:\/\/maismagazine.pt\/#organization"},"potentialAction":[{"@type":"SearchAction","target":{"@type":"EntryPoint","urlTemplate":"https:\/\/maismagazine.pt\/?s={search_term_string}"},"query-input":{"@type":"PropertyValueSpecification","valueRequired":true,"valueName":"search_term_string"}}],"inLanguage":"pt-PT"},{"@type":"Organization","@id":"https:\/\/maismagazine.pt\/#organization","name":"Mais Magazine","url":"https:\/\/maismagazine.pt\/","logo":{"@type":"ImageObject","inLanguage":"pt-PT","@id":"https:\/\/maismagazine.pt\/#\/schema\/logo\/image\/","url":"http:\/\/maismagazine.pt\/wp-content\/uploads\/2020\/04\/cropped-cropped-mais-magazine-site-logo-2.png","contentUrl":"http:\/\/maismagazine.pt\/wp-content\/uploads\/2020\/04\/cropped-cropped-mais-magazine-site-logo-2.png","width":581,"height":90,"caption":"Mais Magazine"},"image":{"@id":"https:\/\/maismagazine.pt\/#\/schema\/logo\/image\/"}},{"@type":"Person","@id":"https:\/\/maismagazine.pt\/#\/schema\/person\/7426e2caeb8df32a1b56aa48dae778c9","name":"Tatiana Martins","image":{"@type":"ImageObject","inLanguage":"pt-PT","@id":"https:\/\/maismagazine.pt\/#\/schema\/person\/image\/","url":"https:\/\/secure.gravatar.com\/avatar\/4b24a57f5d0425f2eb20981c4b53244e?s=96&d=mm&r=g","contentUrl":"https:\/\/secure.gravatar.com\/avatar\/4b24a57f5d0425f2eb20981c4b53244e?s=96&d=mm&r=g","caption":"Tatiana Martins"},"url":"http:\/\/maismagazine.pt\/index.php\/author\/tatiana\/"}]}},"author_meta":{"display_name":false,"author_link":"http:\/\/maismagazine.pt\/index.php\/author\/tatiana\/"},"featured_img":"http:\/\/maismagazine.pt\/wp-content\/uploads\/2025\/05\/EEGLAC-10-1-300x200.jpg","coauthors":[],"tax_additional":{"categories":{"linked":["<a href=\"http:\/\/maismagazine.pt\/index.php\/category\/destaques\/\" class=\"advgb-post-tax-term\">Destaques<\/a>"],"unlinked":["<span class=\"advgb-post-tax-term\">Destaques<\/span>"]},"tags":{"linked":["<a href=\"http:\/\/maismagazine.pt\/index.php\/category\/destaques\/\" class=\"advgb-post-tax-term\">Educa\u00e7\u00e3o<\/a>","<a href=\"http:\/\/maismagazine.pt\/index.php\/category\/destaques\/\" class=\"advgb-post-tax-term\">Ensino<\/a>","<a href=\"http:\/\/maismagazine.pt\/index.php\/category\/destaques\/\" class=\"advgb-post-tax-term\">UMinhoExec<\/a>","<a href=\"http:\/\/maismagazine.pt\/index.php\/category\/destaques\/\" class=\"advgb-post-tax-term\">Universidade do Minho<\/a>"],"unlinked":["<span class=\"advgb-post-tax-term\">Educa\u00e7\u00e3o<\/span>","<span class=\"advgb-post-tax-term\">Ensino<\/span>","<span class=\"advgb-post-tax-term\">UMinhoExec<\/span>","<span class=\"advgb-post-tax-term\">Universidade do Minho<\/span>"]}},"comment_count":"0","relative_dates":{"created":"Posted 11 meses ago","modified":"Updated 11 meses ago"},"absolute_dates":{"created":"Posted on 23 de Maio, 2025","modified":"Updated on 20 de Maio, 2025"},"absolute_dates_time":{"created":"Posted on 23 de Maio, 2025 7:00","modified":"Updated on 20 de Maio, 2025 16:21"},"featured_img_caption":"Lu\u00eds Aguiar - Conraria, Presidente da Escola de Economia,  Gest\u00e3o e Ci\u00eancia Pol\u00edtica da Universidade do Minho","series_order":"","_links":{"self":[{"href":"http:\/\/maismagazine.pt\/index.php\/wp-json\/wp\/v2\/posts\/12086","targetHints":{"allow":["GET"]}}],"collection":[{"href":"http:\/\/maismagazine.pt\/index.php\/wp-json\/wp\/v2\/posts"}],"about":[{"href":"http:\/\/maismagazine.pt\/index.php\/wp-json\/wp\/v2\/types\/post"}],"author":[{"embeddable":true,"href":"http:\/\/maismagazine.pt\/index.php\/wp-json\/wp\/v2\/users\/18"}],"replies":[{"embeddable":true,"href":"http:\/\/maismagazine.pt\/index.php\/wp-json\/wp\/v2\/comments?post=12086"}],"version-history":[{"count":1,"href":"http:\/\/maismagazine.pt\/index.php\/wp-json\/wp\/v2\/posts\/12086\/revisions"}],"predecessor-version":[{"id":12096,"href":"http:\/\/maismagazine.pt\/index.php\/wp-json\/wp\/v2\/posts\/12086\/revisions\/12096"}],"wp:featuredmedia":[{"embeddable":true,"href":"http:\/\/maismagazine.pt\/index.php\/wp-json\/wp\/v2\/media\/12090"}],"wp:attachment":[{"href":"http:\/\/maismagazine.pt\/index.php\/wp-json\/wp\/v2\/media?parent=12086"}],"wp:term":[{"taxonomy":"category","embeddable":true,"href":"http:\/\/maismagazine.pt\/index.php\/wp-json\/wp\/v2\/categories?post=12086"},{"taxonomy":"post_tag","embeddable":true,"href":"http:\/\/maismagazine.pt\/index.php\/wp-json\/wp\/v2\/tags?post=12086"}],"curies":[{"name":"wp","href":"https:\/\/api.w.org\/{rel}","templated":true}]}}