{"id":12038,"date":"2025-05-23T07:00:00","date_gmt":"2025-05-23T06:00:00","guid":{"rendered":"https:\/\/maismagazine.pt\/?p=12038"},"modified":"2025-05-19T15:40:27","modified_gmt":"2025-05-19T14:40:27","slug":"asq-advocacia-de-excelencia-com-olhos-no-futuro","status":"publish","type":"post","link":"http:\/\/maismagazine.pt\/index.php\/2025\/05\/23\/asq-advocacia-de-excelencia-com-olhos-no-futuro\/","title":{"rendered":"ASQ: Advocacia de excel\u00eancia com olhos no futuro"},"content":{"rendered":"\n<p><strong>Em entrevista \u00e0 Mais Magazine, Ant\u00f3nio Santos Quintas, administrador da <a href=\"http:\/\/www.asqassociados.pt\">ASQ<\/a>, tra\u00e7a o percurso de uma sociedade de advogados que alia a proximidade ao cliente \u00e0 especializa\u00e7\u00e3o t\u00e9cnica, \u00e0 inova\u00e7\u00e3o e \u00e0 gest\u00e3o de qualidade. Com uma vis\u00e3o estrat\u00e9gica desde a funda\u00e7\u00e3o, a ASQ tem vindo a consolidar a sua posi\u00e7\u00e3o no setor empresarial, apostando num modelo full-service e numa expans\u00e3o internacional sustentada.<\/strong><\/p>\n\n\n\n<p><\/p>\n\n\n\n<p><strong>Como surgiu a ASQ e quais foram os principais marcos no seu percurso at\u00e9 hoje?<\/strong><\/p>\n\n\n\n<p>A ASQ nasce da vis\u00e3o de criar uma estrutura de advocacia distinta, organizada e voltada para solu\u00e7\u00f5es jur\u00eddicas integradas de elevada complexidade. Desde a sua constitui\u00e7\u00e3o formal, em 2006, mas com ra\u00edzes conceptuais muito anteriores, a sociedade tem trilhado um percurso de consolida\u00e7\u00e3o sustentada no setor empresarial. A aposta numa advocacia pr\u00f3xima, mas n\u00e3o dependente, marcou a diferencia\u00e7\u00e3o desde cedo. Destacam-se, entre outros marcos, a afirma\u00e7\u00e3o como refer\u00eancia na recupera\u00e7\u00e3o de cr\u00e9dito e a constru\u00e7\u00e3o de uma identidade s\u00f3lida, orientada por um sistema de gest\u00e3o de qualidade certificado pela norma ISO 9001:2015, que estrutura processos, assegura padr\u00f5es e fomenta a melhoria cont\u00ednua. Mais recentemente, o plano de internacionaliza\u00e7\u00e3o tem ganhado express\u00e3o, com a entrada em mercados europeus, sendo a abertura de um escrit\u00f3rio em Espanha um passo natural na evolu\u00e7\u00e3o estrat\u00e9gica da organiza\u00e7\u00e3o. <\/p>\n\n\n\n<p><\/p>\n\n\n\n<p><strong>Quais s\u00e3o as principais \u00e1reas de especializa\u00e7\u00e3o da ASQ e como est\u00e1 organizada a equipa para assegurar um acompanhamento pr\u00f3ximo e especializado dos clientes?<\/strong><\/p>\n\n\n\n<p>A ASQ atua num modelo full-service, com especial voca\u00e7\u00e3o para o setor empresarial. Entre as \u00e1reas mais relevantes contam-se a recupera\u00e7\u00e3o de cr\u00e9dito, direito laboral, comercial, societ\u00e1rio, contratos internacionais e contencioso, em articula\u00e7\u00e3o com equipas t\u00e9cnicas multidisciplinares. A estrutura \u00e9 composta por um corpo jur\u00eddico robusto e por uma equipa n\u00e3o jur\u00eddica especializada em \u00e1reas como contabilidade e economia, permitindo uma abordagem integrada aos desafios dos clientes. O modelo organizacional \u00e9 sustentado por uma hierarquia funcional clara e uma cultura colaborativa, onde cada elemento conhece o seu papel e contribui para um servi\u00e7o coeso e ajustado \u00e0s necessidades espec\u00edficas de cada caso. <\/p>\n\n\n\n<p><\/p>\n\n\n\n<p><strong>De que forma a ASQ tem vindo a incorporar solu\u00e7\u00f5es tecnol\u00f3gicas no exerc\u00edcio da advocacia e na rela\u00e7\u00e3o com os clientes?<\/strong><\/p>\n\n\n\n<p>A inova\u00e7\u00e3o tecnol\u00f3gica \u00e9 encarada como uma aliada da efici\u00eancia. A digitaliza\u00e7\u00e3o de processos, a ado\u00e7\u00e3o de plataformas colaborativas e a integra\u00e7\u00e3o de ferramentas de automatiza\u00e7\u00e3o t\u00eam permitido uma redu\u00e7\u00e3o significativa de tarefas repetitivas, libertando a equipa para o trabalho anal\u00edtico e estrat\u00e9gico. A comunica\u00e7\u00e3o com os clientes foi tamb\u00e9m refor\u00e7ada com solu\u00e7\u00f5es que asseguram informa\u00e7\u00e3o constante sobre o estado dos processos, garantindo rastreabilidade e clareza. Este investimento \u00e9 cont\u00ednuo, com especial aten\u00e7\u00e3o ao equil\u00edbrio entre a tecnologia e o fator humano que caracteriza o servi\u00e7o jur\u00eddico de excel\u00eancia. <\/p>\n\n\n\n<p><\/p>\n\n\n\n<p><strong>Que mecanismos a ASQ implementa para assegurar a qualidade dos servi\u00e7os e promover a melhoria cont\u00ednua da rela\u00e7\u00e3o com os clientes?<\/strong><\/p>\n\n\n\n<p>A certifica\u00e7\u00e3o ISO 9001:2015 estrutura o compromisso com a qualidade. Atrav\u00e9s de processos bem definidos, auditorias internas, comiss\u00f5es de melhoria e instrumentos de escuta ativa \u2014 como inqu\u00e9ritos de satisfa\u00e7\u00e3o e canais de sugest\u00e3o \u2014 a organiza\u00e7\u00e3o monitoriza continuamente os seus indicadores de desempenho. A cultura interna assenta na reflex\u00e3o, no alinhamento estrat\u00e9gico e na uniformiza\u00e7\u00e3o da comunica\u00e7\u00e3o, com forma\u00e7\u00e3o cont\u00ednua e avalia\u00e7\u00e3o sistem\u00e1tica de pr\u00e1ticas. Esta abordagem permite n\u00e3o apenas a manuten\u00e7\u00e3o de padr\u00f5es elevados, mas tamb\u00e9m a antecipa\u00e7\u00e3o das necessidades dos clientes, numa l\u00f3gica de evolu\u00e7\u00e3o partilhada e sustent\u00e1vel. <\/p>\n\n\n\n<p><\/p>\n\n\n<div class=\"wp-block-image\">\n<figure class=\"aligncenter size-full\"><img loading=\"lazy\" decoding=\"async\" width=\"454\" height=\"220\" src=\"https:\/\/maismagazine.pt\/wp-content\/uploads\/2025\/05\/S_ASQ_v3.jpg\" alt=\"\" class=\"wp-image-12039\" srcset=\"http:\/\/maismagazine.pt\/wp-content\/uploads\/2025\/05\/S_ASQ_v3.jpg 454w, http:\/\/maismagazine.pt\/wp-content\/uploads\/2025\/05\/S_ASQ_v3-300x145.jpg 300w\" sizes=\"auto, (max-width: 454px) 100vw, 454px\" \/><\/figure><\/div>","protected":false},"excerpt":{"rendered":"<p>Em entrevista \u00e0 Mais Magazine, Ant\u00f3nio Santos Quintas, administrador da ASQ, tra\u00e7a o percurso de uma sociedade de advogados que alia a proximidade ao cliente \u00e0 especializa\u00e7\u00e3o t\u00e9cnica, \u00e0 inova\u00e7\u00e3o e \u00e0 gest\u00e3o de qualidade. Com uma vis\u00e3o estrat\u00e9gica desde a funda\u00e7\u00e3o, a ASQ tem vindo a consolidar a sua&hellip;<\/p>\n","protected":false},"author":18,"featured_media":12040,"comment_status":"closed","ping_status":"open","sticky":false,"template":"","format":"standard","meta":{"advgb_blocks_editor_width":"","advgb_blocks_columns_visual_guide":"","_monsterinsights_skip_tracking":false,"_monsterinsights_sitenote_active":false,"_monsterinsights_sitenote_note":"","_monsterinsights_sitenote_category":0,"footnotes":""},"categories":[161],"tags":[1910,2361,729],"class_list":["post-12038","post","type-post","status-publish","format-standard","has-post-thumbnail","hentry","category-mundo-empresarial","tag-advocacia","tag-asq","tag-direito"],"yoast_head":"<!-- This site is optimized with the Yoast SEO plugin v24.4 - https:\/\/yoast.com\/wordpress\/plugins\/seo\/ -->\n<title>ASQ: Advocacia de excel\u00eancia com olhos no futuro - Mais Magazine<\/title>\n<meta name=\"robots\" content=\"index, follow, max-snippet:-1, max-image-preview:large, max-video-preview:-1\" \/>\n<link rel=\"canonical\" href=\"http:\/\/maismagazine.pt\/index.php\/2025\/05\/23\/asq-advocacia-de-excelencia-com-olhos-no-futuro\/\" \/>\n<meta property=\"og:locale\" content=\"pt_PT\" \/>\n<meta property=\"og:type\" content=\"article\" \/>\n<meta property=\"og:title\" content=\"ASQ: Advocacia de excel\u00eancia com olhos no futuro - Mais Magazine\" \/>\n<meta property=\"og:description\" content=\"Em entrevista \u00e0 Mais Magazine, Ant\u00f3nio Santos Quintas, administrador da ASQ, tra\u00e7a o percurso de uma sociedade de advogados que alia a proximidade ao cliente \u00e0 especializa\u00e7\u00e3o t\u00e9cnica, \u00e0 inova\u00e7\u00e3o e \u00e0 gest\u00e3o de qualidade. Com uma vis\u00e3o estrat\u00e9gica desde a funda\u00e7\u00e3o, a ASQ tem vindo a consolidar a sua&hellip;\" \/>\n<meta property=\"og:url\" content=\"http:\/\/maismagazine.pt\/index.php\/2025\/05\/23\/asq-advocacia-de-excelencia-com-olhos-no-futuro\/\" \/>\n<meta property=\"og:site_name\" content=\"Mais Magazine\" \/>\n<meta property=\"article:published_time\" content=\"2025-05-23T06:00:00+00:00\" \/>\n<meta property=\"og:image\" content=\"http:\/\/maismagazine.pt\/wp-content\/uploads\/2025\/05\/Foto-Administrador-1.jpg\" \/>\n\t<meta property=\"og:image:width\" content=\"2048\" \/>\n\t<meta property=\"og:image:height\" content=\"1536\" \/>\n\t<meta property=\"og:image:type\" content=\"image\/jpeg\" \/>\n<meta name=\"author\" content=\"Tatiana Martins\" \/>\n<meta name=\"twitter:card\" content=\"summary_large_image\" \/>\n<meta name=\"twitter:label1\" content=\"Escrito por\" \/>\n\t<meta name=\"twitter:data1\" content=\"\" \/>\n\t<meta name=\"twitter:label2\" content=\"Tempo estimado de leitura\" \/>\n\t<meta name=\"twitter:data2\" content=\"4 minutos\" \/>\n<script type=\"application\/ld+json\" class=\"yoast-schema-graph\">{\"@context\":\"https:\/\/schema.org\",\"@graph\":[{\"@type\":\"Article\",\"@id\":\"http:\/\/maismagazine.pt\/index.php\/2025\/05\/23\/asq-advocacia-de-excelencia-com-olhos-no-futuro\/#article\",\"isPartOf\":{\"@id\":\"http:\/\/maismagazine.pt\/index.php\/2025\/05\/23\/asq-advocacia-de-excelencia-com-olhos-no-futuro\/\"},\"author\":{\"name\":\"Tatiana Martins\",\"@id\":\"https:\/\/maismagazine.pt\/#\/schema\/person\/7426e2caeb8df32a1b56aa48dae778c9\"},\"headline\":\"ASQ: Advocacia de excel\u00eancia com olhos no futuro\",\"datePublished\":\"2025-05-23T06:00:00+00:00\",\"mainEntityOfPage\":{\"@id\":\"http:\/\/maismagazine.pt\/index.php\/2025\/05\/23\/asq-advocacia-de-excelencia-com-olhos-no-futuro\/\"},\"wordCount\":657,\"publisher\":{\"@id\":\"https:\/\/maismagazine.pt\/#organization\"},\"image\":{\"@id\":\"http:\/\/maismagazine.pt\/index.php\/2025\/05\/23\/asq-advocacia-de-excelencia-com-olhos-no-futuro\/#primaryimage\"},\"thumbnailUrl\":\"http:\/\/maismagazine.pt\/wp-content\/uploads\/2025\/05\/Foto-Administrador-1.jpg\",\"keywords\":[\"Advocacia\",\"ASQ\",\"Direito\"],\"articleSection\":[\"Mundo Empresarial\"],\"inLanguage\":\"pt-PT\"},{\"@type\":\"WebPage\",\"@id\":\"http:\/\/maismagazine.pt\/index.php\/2025\/05\/23\/asq-advocacia-de-excelencia-com-olhos-no-futuro\/\",\"url\":\"http:\/\/maismagazine.pt\/index.php\/2025\/05\/23\/asq-advocacia-de-excelencia-com-olhos-no-futuro\/\",\"name\":\"ASQ: Advocacia de excel\u00eancia com olhos no futuro - Mais Magazine\",\"isPartOf\":{\"@id\":\"https:\/\/maismagazine.pt\/#website\"},\"primaryImageOfPage\":{\"@id\":\"http:\/\/maismagazine.pt\/index.php\/2025\/05\/23\/asq-advocacia-de-excelencia-com-olhos-no-futuro\/#primaryimage\"},\"image\":{\"@id\":\"http:\/\/maismagazine.pt\/index.php\/2025\/05\/23\/asq-advocacia-de-excelencia-com-olhos-no-futuro\/#primaryimage\"},\"thumbnailUrl\":\"http:\/\/maismagazine.pt\/wp-content\/uploads\/2025\/05\/Foto-Administrador-1.jpg\",\"datePublished\":\"2025-05-23T06:00:00+00:00\",\"breadcrumb\":{\"@id\":\"http:\/\/maismagazine.pt\/index.php\/2025\/05\/23\/asq-advocacia-de-excelencia-com-olhos-no-futuro\/#breadcrumb\"},\"inLanguage\":\"pt-PT\",\"potentialAction\":[{\"@type\":\"ReadAction\",\"target\":[\"http:\/\/maismagazine.pt\/index.php\/2025\/05\/23\/asq-advocacia-de-excelencia-com-olhos-no-futuro\/\"]}]},{\"@type\":\"ImageObject\",\"inLanguage\":\"pt-PT\",\"@id\":\"http:\/\/maismagazine.pt\/index.php\/2025\/05\/23\/asq-advocacia-de-excelencia-com-olhos-no-futuro\/#primaryimage\",\"url\":\"http:\/\/maismagazine.pt\/wp-content\/uploads\/2025\/05\/Foto-Administrador-1.jpg\",\"contentUrl\":\"http:\/\/maismagazine.pt\/wp-content\/uploads\/2025\/05\/Foto-Administrador-1.jpg\",\"width\":2048,\"height\":1536,\"caption\":\"Ant\u00f3nio Santos Quintas, Administrador da ASQ\"},{\"@type\":\"BreadcrumbList\",\"@id\":\"http:\/\/maismagazine.pt\/index.php\/2025\/05\/23\/asq-advocacia-de-excelencia-com-olhos-no-futuro\/#breadcrumb\",\"itemListElement\":[{\"@type\":\"ListItem\",\"position\":1,\"name\":\"Home\",\"item\":\"https:\/\/maismagazine.pt\/\"},{\"@type\":\"ListItem\",\"position\":2,\"name\":\"ASQ: Advocacia de excel\u00eancia com olhos no futuro\"}]},{\"@type\":\"WebSite\",\"@id\":\"https:\/\/maismagazine.pt\/#website\",\"url\":\"https:\/\/maismagazine.pt\/\",\"name\":\"Mais Magazine\",\"description\":\"\",\"publisher\":{\"@id\":\"https:\/\/maismagazine.pt\/#organization\"},\"potentialAction\":[{\"@type\":\"SearchAction\",\"target\":{\"@type\":\"EntryPoint\",\"urlTemplate\":\"https:\/\/maismagazine.pt\/?s={search_term_string}\"},\"query-input\":{\"@type\":\"PropertyValueSpecification\",\"valueRequired\":true,\"valueName\":\"search_term_string\"}}],\"inLanguage\":\"pt-PT\"},{\"@type\":\"Organization\",\"@id\":\"https:\/\/maismagazine.pt\/#organization\",\"name\":\"Mais Magazine\",\"url\":\"https:\/\/maismagazine.pt\/\",\"logo\":{\"@type\":\"ImageObject\",\"inLanguage\":\"pt-PT\",\"@id\":\"https:\/\/maismagazine.pt\/#\/schema\/logo\/image\/\",\"url\":\"http:\/\/maismagazine.pt\/wp-content\/uploads\/2020\/04\/cropped-cropped-mais-magazine-site-logo-2.png\",\"contentUrl\":\"http:\/\/maismagazine.pt\/wp-content\/uploads\/2020\/04\/cropped-cropped-mais-magazine-site-logo-2.png\",\"width\":581,\"height\":90,\"caption\":\"Mais Magazine\"},\"image\":{\"@id\":\"https:\/\/maismagazine.pt\/#\/schema\/logo\/image\/\"}},{\"@type\":\"Person\",\"@id\":\"https:\/\/maismagazine.pt\/#\/schema\/person\/7426e2caeb8df32a1b56aa48dae778c9\",\"name\":\"Tatiana Martins\",\"image\":{\"@type\":\"ImageObject\",\"inLanguage\":\"pt-PT\",\"@id\":\"https:\/\/maismagazine.pt\/#\/schema\/person\/image\/\",\"url\":\"https:\/\/secure.gravatar.com\/avatar\/4b24a57f5d0425f2eb20981c4b53244e?s=96&d=mm&r=g\",\"contentUrl\":\"https:\/\/secure.gravatar.com\/avatar\/4b24a57f5d0425f2eb20981c4b53244e?s=96&d=mm&r=g\",\"caption\":\"Tatiana Martins\"},\"url\":\"http:\/\/maismagazine.pt\/index.php\/author\/tatiana\/\"}]}<\/script>\n<!-- \/ Yoast SEO plugin. -->","yoast_head_json":{"title":"ASQ: Advocacia de excel\u00eancia com olhos no futuro - Mais Magazine","robots":{"index":"index","follow":"follow","max-snippet":"max-snippet:-1","max-image-preview":"max-image-preview:large","max-video-preview":"max-video-preview:-1"},"canonical":"http:\/\/maismagazine.pt\/index.php\/2025\/05\/23\/asq-advocacia-de-excelencia-com-olhos-no-futuro\/","og_locale":"pt_PT","og_type":"article","og_title":"ASQ: Advocacia de excel\u00eancia com olhos no futuro - Mais Magazine","og_description":"Em entrevista \u00e0 Mais Magazine, Ant\u00f3nio Santos Quintas, administrador da ASQ, tra\u00e7a o percurso de uma sociedade de advogados que alia a proximidade ao cliente \u00e0 especializa\u00e7\u00e3o t\u00e9cnica, \u00e0 inova\u00e7\u00e3o e \u00e0 gest\u00e3o de qualidade. Com uma vis\u00e3o estrat\u00e9gica desde a funda\u00e7\u00e3o, a ASQ tem vindo a consolidar a sua&hellip;","og_url":"http:\/\/maismagazine.pt\/index.php\/2025\/05\/23\/asq-advocacia-de-excelencia-com-olhos-no-futuro\/","og_site_name":"Mais Magazine","article_published_time":"2025-05-23T06:00:00+00:00","og_image":[{"width":2048,"height":1536,"url":"http:\/\/maismagazine.pt\/wp-content\/uploads\/2025\/05\/Foto-Administrador-1.jpg","type":"image\/jpeg"}],"author":"Tatiana Martins","twitter_card":"summary_large_image","twitter_misc":{"Escrito por":false,"Tempo estimado de leitura":"4 minutos"},"schema":{"@context":"https:\/\/schema.org","@graph":[{"@type":"Article","@id":"http:\/\/maismagazine.pt\/index.php\/2025\/05\/23\/asq-advocacia-de-excelencia-com-olhos-no-futuro\/#article","isPartOf":{"@id":"http:\/\/maismagazine.pt\/index.php\/2025\/05\/23\/asq-advocacia-de-excelencia-com-olhos-no-futuro\/"},"author":{"name":"Tatiana Martins","@id":"https:\/\/maismagazine.pt\/#\/schema\/person\/7426e2caeb8df32a1b56aa48dae778c9"},"headline":"ASQ: Advocacia de excel\u00eancia com olhos no futuro","datePublished":"2025-05-23T06:00:00+00:00","mainEntityOfPage":{"@id":"http:\/\/maismagazine.pt\/index.php\/2025\/05\/23\/asq-advocacia-de-excelencia-com-olhos-no-futuro\/"},"wordCount":657,"publisher":{"@id":"https:\/\/maismagazine.pt\/#organization"},"image":{"@id":"http:\/\/maismagazine.pt\/index.php\/2025\/05\/23\/asq-advocacia-de-excelencia-com-olhos-no-futuro\/#primaryimage"},"thumbnailUrl":"http:\/\/maismagazine.pt\/wp-content\/uploads\/2025\/05\/Foto-Administrador-1.jpg","keywords":["Advocacia","ASQ","Direito"],"articleSection":["Mundo Empresarial"],"inLanguage":"pt-PT"},{"@type":"WebPage","@id":"http:\/\/maismagazine.pt\/index.php\/2025\/05\/23\/asq-advocacia-de-excelencia-com-olhos-no-futuro\/","url":"http:\/\/maismagazine.pt\/index.php\/2025\/05\/23\/asq-advocacia-de-excelencia-com-olhos-no-futuro\/","name":"ASQ: Advocacia de excel\u00eancia com olhos no futuro - Mais Magazine","isPartOf":{"@id":"https:\/\/maismagazine.pt\/#website"},"primaryImageOfPage":{"@id":"http:\/\/maismagazine.pt\/index.php\/2025\/05\/23\/asq-advocacia-de-excelencia-com-olhos-no-futuro\/#primaryimage"},"image":{"@id":"http:\/\/maismagazine.pt\/index.php\/2025\/05\/23\/asq-advocacia-de-excelencia-com-olhos-no-futuro\/#primaryimage"},"thumbnailUrl":"http:\/\/maismagazine.pt\/wp-content\/uploads\/2025\/05\/Foto-Administrador-1.jpg","datePublished":"2025-05-23T06:00:00+00:00","breadcrumb":{"@id":"http:\/\/maismagazine.pt\/index.php\/2025\/05\/23\/asq-advocacia-de-excelencia-com-olhos-no-futuro\/#breadcrumb"},"inLanguage":"pt-PT","potentialAction":[{"@type":"ReadAction","target":["http:\/\/maismagazine.pt\/index.php\/2025\/05\/23\/asq-advocacia-de-excelencia-com-olhos-no-futuro\/"]}]},{"@type":"ImageObject","inLanguage":"pt-PT","@id":"http:\/\/maismagazine.pt\/index.php\/2025\/05\/23\/asq-advocacia-de-excelencia-com-olhos-no-futuro\/#primaryimage","url":"http:\/\/maismagazine.pt\/wp-content\/uploads\/2025\/05\/Foto-Administrador-1.jpg","contentUrl":"http:\/\/maismagazine.pt\/wp-content\/uploads\/2025\/05\/Foto-Administrador-1.jpg","width":2048,"height":1536,"caption":"Ant\u00f3nio Santos Quintas, Administrador da ASQ"},{"@type":"BreadcrumbList","@id":"http:\/\/maismagazine.pt\/index.php\/2025\/05\/23\/asq-advocacia-de-excelencia-com-olhos-no-futuro\/#breadcrumb","itemListElement":[{"@type":"ListItem","position":1,"name":"Home","item":"https:\/\/maismagazine.pt\/"},{"@type":"ListItem","position":2,"name":"ASQ: Advocacia de excel\u00eancia com olhos no futuro"}]},{"@type":"WebSite","@id":"https:\/\/maismagazine.pt\/#website","url":"https:\/\/maismagazine.pt\/","name":"Mais Magazine","description":"","publisher":{"@id":"https:\/\/maismagazine.pt\/#organization"},"potentialAction":[{"@type":"SearchAction","target":{"@type":"EntryPoint","urlTemplate":"https:\/\/maismagazine.pt\/?s={search_term_string}"},"query-input":{"@type":"PropertyValueSpecification","valueRequired":true,"valueName":"search_term_string"}}],"inLanguage":"pt-PT"},{"@type":"Organization","@id":"https:\/\/maismagazine.pt\/#organization","name":"Mais Magazine","url":"https:\/\/maismagazine.pt\/","logo":{"@type":"ImageObject","inLanguage":"pt-PT","@id":"https:\/\/maismagazine.pt\/#\/schema\/logo\/image\/","url":"http:\/\/maismagazine.pt\/wp-content\/uploads\/2020\/04\/cropped-cropped-mais-magazine-site-logo-2.png","contentUrl":"http:\/\/maismagazine.pt\/wp-content\/uploads\/2020\/04\/cropped-cropped-mais-magazine-site-logo-2.png","width":581,"height":90,"caption":"Mais Magazine"},"image":{"@id":"https:\/\/maismagazine.pt\/#\/schema\/logo\/image\/"}},{"@type":"Person","@id":"https:\/\/maismagazine.pt\/#\/schema\/person\/7426e2caeb8df32a1b56aa48dae778c9","name":"Tatiana Martins","image":{"@type":"ImageObject","inLanguage":"pt-PT","@id":"https:\/\/maismagazine.pt\/#\/schema\/person\/image\/","url":"https:\/\/secure.gravatar.com\/avatar\/4b24a57f5d0425f2eb20981c4b53244e?s=96&d=mm&r=g","contentUrl":"https:\/\/secure.gravatar.com\/avatar\/4b24a57f5d0425f2eb20981c4b53244e?s=96&d=mm&r=g","caption":"Tatiana Martins"},"url":"http:\/\/maismagazine.pt\/index.php\/author\/tatiana\/"}]}},"author_meta":{"display_name":false,"author_link":"http:\/\/maismagazine.pt\/index.php\/author\/tatiana\/"},"featured_img":"http:\/\/maismagazine.pt\/wp-content\/uploads\/2025\/05\/Foto-Administrador-1-300x225.jpg","coauthors":[],"tax_additional":{"categories":{"linked":["<a href=\"http:\/\/maismagazine.pt\/index.php\/category\/mundo-empresarial\/\" class=\"advgb-post-tax-term\">Mundo Empresarial<\/a>"],"unlinked":["<span class=\"advgb-post-tax-term\">Mundo Empresarial<\/span>"]},"tags":{"linked":["<a href=\"http:\/\/maismagazine.pt\/index.php\/category\/mundo-empresarial\/\" class=\"advgb-post-tax-term\">Advocacia<\/a>","<a href=\"http:\/\/maismagazine.pt\/index.php\/category\/mundo-empresarial\/\" class=\"advgb-post-tax-term\">ASQ<\/a>","<a href=\"http:\/\/maismagazine.pt\/index.php\/category\/mundo-empresarial\/\" class=\"advgb-post-tax-term\">Direito<\/a>"],"unlinked":["<span class=\"advgb-post-tax-term\">Advocacia<\/span>","<span class=\"advgb-post-tax-term\">ASQ<\/span>","<span class=\"advgb-post-tax-term\">Direito<\/span>"]}},"comment_count":"0","relative_dates":{"created":"Posted 11 meses ago","modified":"Updated 12 meses ago"},"absolute_dates":{"created":"Posted on 23 de Maio, 2025","modified":"Updated on 19 de Maio, 2025"},"absolute_dates_time":{"created":"Posted on 23 de Maio, 2025 7:00","modified":"Updated on 19 de Maio, 2025 15:40"},"featured_img_caption":"Ant\u00f3nio Santos Quintas, Administrador da ASQ","series_order":"","_links":{"self":[{"href":"http:\/\/maismagazine.pt\/index.php\/wp-json\/wp\/v2\/posts\/12038","targetHints":{"allow":["GET"]}}],"collection":[{"href":"http:\/\/maismagazine.pt\/index.php\/wp-json\/wp\/v2\/posts"}],"about":[{"href":"http:\/\/maismagazine.pt\/index.php\/wp-json\/wp\/v2\/types\/post"}],"author":[{"embeddable":true,"href":"http:\/\/maismagazine.pt\/index.php\/wp-json\/wp\/v2\/users\/18"}],"replies":[{"embeddable":true,"href":"http:\/\/maismagazine.pt\/index.php\/wp-json\/wp\/v2\/comments?post=12038"}],"version-history":[{"count":1,"href":"http:\/\/maismagazine.pt\/index.php\/wp-json\/wp\/v2\/posts\/12038\/revisions"}],"predecessor-version":[{"id":12041,"href":"http:\/\/maismagazine.pt\/index.php\/wp-json\/wp\/v2\/posts\/12038\/revisions\/12041"}],"wp:featuredmedia":[{"embeddable":true,"href":"http:\/\/maismagazine.pt\/index.php\/wp-json\/wp\/v2\/media\/12040"}],"wp:attachment":[{"href":"http:\/\/maismagazine.pt\/index.php\/wp-json\/wp\/v2\/media?parent=12038"}],"wp:term":[{"taxonomy":"category","embeddable":true,"href":"http:\/\/maismagazine.pt\/index.php\/wp-json\/wp\/v2\/categories?post=12038"},{"taxonomy":"post_tag","embeddable":true,"href":"http:\/\/maismagazine.pt\/index.php\/wp-json\/wp\/v2\/tags?post=12038"}],"curies":[{"name":"wp","href":"https:\/\/api.w.org\/{rel}","templated":true}]}}