{"id":12034,"date":"2025-05-23T07:00:00","date_gmt":"2025-05-23T06:00:00","guid":{"rendered":"https:\/\/maismagazine.pt\/?p=12034"},"modified":"2025-06-04T15:19:10","modified_gmt":"2025-06-04T14:19:10","slug":"almada-um-destino-de-natureza-cultura-historia-e-gastronomia","status":"publish","type":"post","link":"http:\/\/maismagazine.pt\/index.php\/2025\/05\/23\/almada-um-destino-de-natureza-cultura-historia-e-gastronomia\/","title":{"rendered":"Almada: Um destino de natureza, cultura, hist\u00f3ria e gastronomia"},"content":{"rendered":"\n<p><strong>Aos p\u00e9s do Cristo Rei, janela aberta para Lisboa, as praias de Almada dispensam apresenta\u00e7\u00f5es, j\u00e1 que a Costa da Caparica \u00e9 uma das zonas balneares mais emblem\u00e1ticas do pa\u00eds, com 13kms de praias tradicionalmente galardoadas com a distin\u00e7\u00e3o Bandeira Azul. Ao longo de todo o ano, a Hist\u00f3ria, o patrim\u00f3nio natural e a vida ao ar livre aliam-se \u00e0 intensa atividade cultural com eventos de renome internacional e a uma oferta gastron\u00f3mica de excel\u00eancia, convidando \u00e0 descoberta de <a href=\"http:\/\/www.cm-almada.pt\">Almada<\/a>.<\/strong><\/p>\n\n\n\n<p><\/p>\n\n\n\n<p><strong> <\/strong>Recortadas pela paisagem protegida da Arriba F\u00f3ssil da Costa da Caparica, as praias de fina areia branca decoradas em tons de verde, azul e dourado, estendem-se por 13kms de costa, da Cova do Vapor at\u00e9 \u00e0 Fonte da Telha. O oceano convida a banhos, \u00e0 pr\u00e1tica dos mais variados desportos de onda (como o Surf, o Bodyboard, o SUP ou o Kitesurf) e a desfrutar sunsets de cores intensas, que se unem aos sabores das iguarias locais, numa vasta oferta de restaurantes de qualidade superior, para todos os gostos. \u00c9 tamb\u00e9m nas praias do Concelho de Almada que se pode \u201cmergulhar\u201d nas viv\u00eancias da pesca tradicional com a Arte X\u00e1vega \u2013 Patrim\u00f3nio Cultural Imaterial, identit\u00e1rio da Costa da Caparica.  <\/p>\n\n\n\n<p><\/p>\n\n\n\n<p>A qualidade das praias, desta que \u00e9 a maior zona balnear da \u00c1rea Metropolitana de Lisboa \u00e9 reconhecida pelo cumprimento de todos os crit\u00e9rios de qualidade exigidos, n\u00e3o esquecendo a seguran\u00e7a e a sustentabilidade. O Munic\u00edpio de Almada \u00e9 tradicionalmente dos mais galardoados com a Distin\u00e7\u00e3o Bandeira Azul no pa\u00eds. Quem visite as praias da Costa da Caparica, poder\u00e1 ver esvoa\u00e7ar o azul das bandeiras atribu\u00eddas anualmente pela Funda\u00e7\u00e3o para a Educa\u00e7\u00e3o Ambiental, desde 1987. Al\u00e9m do galard\u00e3o Bandeira Azul, a qualidade de toda a linha de praia de Almada confere, a cada praia, a Distin\u00e7\u00e3o de Praia Qualidade Ouro, pela Quercus. No sentido de norte para sul, pode-se optar por praias dunares, logo ap\u00f3s a foz do Tejo, e visitar a Frente Urbana da Costa da Caparica. Ou ent\u00e3o percorrer a p\u00e9 ou de bicicleta as terras da Costa e a paisagem protegida da Arriba F\u00f3ssil, at\u00e9 chegar \u00e0 aldeia piscat\u00f3ria da Fonte da Telha, onde o horizonte seduz em qualquer uma das dire\u00e7\u00f5es. A variedade de op\u00e7\u00f5es estende-se ainda \u00e0s Praias Acess\u00edveis (praias do Para\u00edso e Rainha) e \u00e0 crescente procura de praias naturistas (praias da Bela Vista e da Adi\u00e7a). Tudo isto vem contribuir ainda mais para a promo\u00e7\u00e3o das praias da Costa da Caparica e do Concelho de Almada como um destino de elei\u00e7\u00e3o muito vers\u00e1til.  <\/p>\n\n\n\n<p><\/p>\n\n\n\n<figure class=\"wp-block-gallery has-nested-images columns-default is-cropped wp-block-gallery-1 is-layout-flex wp-block-gallery-is-layout-flex\">\n<figure class=\"wp-block-image size-large\"><img loading=\"lazy\" decoding=\"async\" width=\"377\" height=\"566\" data-id=\"12052\" src=\"https:\/\/maismagazine.pt\/wp-content\/uploads\/2025\/05\/RR_9030.jpg\" alt=\"\" class=\"wp-image-12052\" srcset=\"http:\/\/maismagazine.pt\/wp-content\/uploads\/2025\/05\/RR_9030.jpg 377w, http:\/\/maismagazine.pt\/wp-content\/uploads\/2025\/05\/RR_9030-200x300.jpg 200w\" sizes=\"auto, (max-width: 377px) 100vw, 377px\" \/><\/figure>\n\n\n\n<figure class=\"wp-block-image size-large\"><img loading=\"lazy\" decoding=\"async\" width=\"756\" height=\"504\" data-id=\"12051\" src=\"https:\/\/maismagazine.pt\/wp-content\/uploads\/2025\/05\/Parque-da-Paz.jpg\" alt=\"\" class=\"wp-image-12051\" srcset=\"http:\/\/maismagazine.pt\/wp-content\/uploads\/2025\/05\/Parque-da-Paz.jpg 756w, http:\/\/maismagazine.pt\/wp-content\/uploads\/2025\/05\/Parque-da-Paz-300x200.jpg 300w, http:\/\/maismagazine.pt\/wp-content\/uploads\/2025\/05\/Parque-da-Paz-150x100.jpg 150w\" sizes=\"auto, (max-width: 756px) 100vw, 756px\" \/><\/figure>\n<\/figure>\n\n\n\n<p><\/p>\n\n\n\n<p><\/p>\n\n\n\n<p>Como pano de fundo para a imensid\u00e3o do Atl\u00e2ntico, encontramos o maior espa\u00e7o natural do Concelho, a Arriba F\u00f3ssil da Costa da Caparica. Nesta \u00e1rea com grande relev\u00e2ncia geol\u00f3gica e geomorfol\u00f3gica, vegeta\u00e7\u00e3o aut\u00f3ctone e esp\u00e9cies raras de flora e fauna, \u00e9 inevit\u00e1vel apaixonar-mo-nos pela Reserva Bot\u00e2nica da Mata Nacional dos Medos, onde o pinhal manso oferece v\u00e1rios percursos pedestres que alcan\u00e7am os miradouros sobranceiros \u00e0s praias. Contribuindo para a conserva\u00e7\u00e3o e sustentabilidade deste espa\u00e7o, os passadi\u00e7os da Mata dos Medos s\u00e3o de visita obrigat\u00f3ria e convidam a uma total imers\u00e3o no meio natural. A zona \u00e9 tamb\u00e9m ponto de refer\u00eancia para os amantes de desportos radicais, como o parapente, e de atividades ligadas \u00e0 sa\u00fade e bem-estar, passeios de bicicleta, passeios a cavalo e piqueniques. Na ponta norte desta \u00e1rea protegida podemos visitar o emblem\u00e1tico Convento dos Capuchos do s\u00e9culo XVI, hoje espa\u00e7o cultural, que constitui, em conjunto com os seus jardins rom\u00e2nticos e miradouros, um testemunho singular dos princ\u00edpios de contempla\u00e7\u00e3o, paz e isolamento dos frades franciscanos que o habitaram. <\/p>\n\n\n\n<p><\/p>\n\n\n\n<p>Almada \u00e9 considerada uma das 10 cidades mais verdes de Portugal. De entre parques urbanos e jardins, destaca-se o Parque da Paz com os seus 70 hectares ricos em fauna e flora, caminhos pedonais e cicl\u00e1veis, por entre clareiras com relvados amplos, bosques e lagos. Outras op\u00e7\u00f5es para usufruir por inteiro do contacto com a natureza incluem, por exemplo, uma visita ao Jardim do Rio, onde o Elevador Panor\u00e2mico assegura o acesso ao centro hist\u00f3rico de Almada, ou ao Jardim Bot\u00e2nico \u201cO Ch\u00e3o das Artes\u201d, na Casa da Cerca. Fora do centro urbano de Almada, destacam-se espa\u00e7os como o Jardim Urbano da Costa da Caparica, o Parque Aventura, na Charneca de Caparica, e o Parque Multiusos da Sobreda. A pr\u00e1tica de golfe \u00e9 incontorn\u00e1vel no Concelho com a exist\u00eancia de 3 campos de golfe de excel\u00eancia, na zona dos Capuchos e Aroeira, que se destacam pela versatilidade dos seus greens.  <\/p>\n\n\n\n<p><\/p>\n\n\n\n<p>O patrim\u00f3nio hist\u00f3rico \u00e9 tamb\u00e9m vasto e parte integrante das viv\u00eancias do presente. O Santu\u00e1rio do Cristo Rei, ex-libris de Almada, oferece uma deslumbrante vista panor\u00e2mica sobre a regi\u00e3o, atraindo milhares de visitantes e peregrinos. Este \u00e9 o ponto de partida perfeito para uma visita ao restante patrim\u00f3nio concelhio, entre monumentos, museus, igrejas, e locais que testemunham um passado rural, militar e industrial de grande relev\u00e2ncia. Atrav\u00e9s da aplica\u00e7\u00e3o Visit Almada \u00e9 poss\u00edvel uma visita\u00e7\u00e3o imersiva por todo o Concelho com recurso \u00e0 realidade aumentada, virtual e mista, permitindo a compreens\u00e3o do territ\u00f3rio de forma integrada e inclusiva. Esta aplica\u00e7\u00e3o permite o acesso a variados itiner\u00e1rios de interesse que honram o legado natural, hist\u00f3rico e cultural desta realidade complexa, interessante e, muitas vezes, inesperada.  <\/p>\n\n\n\n<p><\/p>\n\n\n<div class=\"wp-block-image\">\n<figure class=\"aligncenter size-full is-resized\"><img loading=\"lazy\" decoding=\"async\" width=\"921\" height=\"518\" src=\"https:\/\/maismagazine.pt\/wp-content\/uploads\/2025\/05\/Surf_Joel-Reis-2.jpg\" alt=\"\" class=\"wp-image-12059\" style=\"width:557px;height:auto\" srcset=\"http:\/\/maismagazine.pt\/wp-content\/uploads\/2025\/05\/Surf_Joel-Reis-2.jpg 921w, http:\/\/maismagazine.pt\/wp-content\/uploads\/2025\/05\/Surf_Joel-Reis-2-300x169.jpg 300w, http:\/\/maismagazine.pt\/wp-content\/uploads\/2025\/05\/Surf_Joel-Reis-2-768x432.jpg 768w\" sizes=\"auto, (max-width: 921px) 100vw, 921px\" \/><\/figure><\/div>\n\n\n<p><\/p>\n\n\n\n<p>\u00c0 oferta da cidade de Almada juntam-se ainda algumas localidades pitorescas, onde a autenticidade das suas gentes se une a uma hist\u00f3ria de atividades ribeirinhas tradicionais, de que s\u00e3o exemplo a Trafaria, o Porto Brand\u00e3o e a Caparica. Na zona mais rural e interior do Concelho, a Sobreda destaca-se pela forte tradi\u00e7\u00e3o de arte equestre e pela sua antiga quinta agr\u00edcola do s\u00e9culo XVIII, o Solar dos Zagallos.Uma visita a Almada n\u00e3o dispensa uma pausa para saborear a sua apetitosa e generosa oferta gastron\u00f3mica, que reflete em cada prato a autenticidade tradicional, mas tamb\u00e9m a inova\u00e7\u00e3o cosmopolita. Da ementa de op\u00e7\u00f5es destacam-se os pratos de peixe fresco, marisco, cataplanas, caldeiradas, \u201cAmeijoas \u00e0 Bulh\u00e3o Pato\u201d e as carvoadas. Escusado ser\u00e1 dizer que a sua gastronomia repleta de sabores do oceano pode ser regada com os melhores vinhos. Para terminar em beleza a sua refei\u00e7\u00e3o, aconchegar o est\u00f4mago e ado\u00e7ar o palato dos mais gulosos, a do\u00e7aria convida a provar os t\u00edpicos Past\u00e9is Al-Madan, os Claudinos e os Past\u00e9is de Santo Ant\u00f3nio, entre muitas outras \u201cdoces p\u00e9rolas\u201d da pastelaria e confeitaria almadense.Incontorn\u00e1vel e irresist\u00edvel \u00e9 tamb\u00e9m a atividade cultural intensa que atrai p\u00fablico nacional e internacional, com os mais variados gostos e interesses. A agenda cultural de Almada inclui: festivais de m\u00fasica como o Sol da Caparica, o Su-mol Summer Fest, o Festival de M\u00fasica dos Capuchos, o Trafaria Bluegrass, os Sons de Outono, e a Quinzena da Dan\u00e7a; festivais de teatro como o Festival de Almada, de renome internacional, o Festival Sementes, de teatro infantil, e o Transborda \u2013 Mostra Internacional de Artes Performativas de Almada. A estes, e n\u00e3o menos importantes, juntam-se o Concurso Gastron\u00f3mico Sabores de Almada, o Trafaria ComProva \u2013 prova de vinhos de renome e petiscos locais \u2013 e ainda, as iniciativas desportivas como o Caparica Surf Fest e a Meia Maratona de Almada. <\/p>\n\n\n\n<p><\/p>\n\n\n\n<p>Deixamos-lhe, por isso, o convite para visitar este destino aut\u00eantico, sustent\u00e1vel e irresist\u00edvel que, com toda a certeza, o vai surpreender. <\/p>\n\n\n\n<p><\/p>\n\n\n<div class=\"wp-block-image\">\n<figure class=\"aligncenter size-large is-resized\"><img loading=\"lazy\" decoding=\"async\" width=\"1024\" height=\"381\" src=\"https:\/\/maismagazine.pt\/wp-content\/uploads\/2025\/05\/CMA_Horizontal_Cor_CMYK_03-1024x381.jpg\" alt=\"\" class=\"wp-image-12060\" style=\"width:500px;height:auto\" srcset=\"http:\/\/maismagazine.pt\/wp-content\/uploads\/2025\/05\/CMA_Horizontal_Cor_CMYK_03-1024x381.jpg 1024w, http:\/\/maismagazine.pt\/wp-content\/uploads\/2025\/05\/CMA_Horizontal_Cor_CMYK_03-300x112.jpg 300w, http:\/\/maismagazine.pt\/wp-content\/uploads\/2025\/05\/CMA_Horizontal_Cor_CMYK_03-768x286.jpg 768w, http:\/\/maismagazine.pt\/wp-content\/uploads\/2025\/05\/CMA_Horizontal_Cor_CMYK_03-1536x572.jpg 1536w, http:\/\/maismagazine.pt\/wp-content\/uploads\/2025\/05\/CMA_Horizontal_Cor_CMYK_03-2048x762.jpg 2048w\" sizes=\"auto, (max-width: 1024px) 100vw, 1024px\" \/><\/figure><\/div>","protected":false},"excerpt":{"rendered":"<p>Aos p\u00e9s do Cristo Rei, janela aberta para Lisboa, as praias de Almada dispensam apresenta\u00e7\u00f5es, j\u00e1 que a Costa da Caparica \u00e9 uma das zonas balneares mais emblem\u00e1ticas do pa\u00eds, com 13kms de praias tradicionalmente galardoadas com a distin\u00e7\u00e3o Bandeira Azul. Ao longo de todo o ano, a Hist\u00f3ria, o&hellip;<\/p>\n","protected":false},"author":17,"featured_media":12062,"comment_status":"closed","ping_status":"open","sticky":false,"template":"","format":"standard","meta":{"advgb_blocks_editor_width":"","advgb_blocks_columns_visual_guide":"","_monsterinsights_skip_tracking":false,"_monsterinsights_sitenote_active":false,"_monsterinsights_sitenote_note":"","_monsterinsights_sitenote_category":0,"footnotes":""},"categories":[722,78,53],"tags":[2363],"class_list":["post-12034","post","type-post","status-publish","format-standard","has-post-thumbnail","hentry","category-abae","category-ambiente-e-sustentabilidade","category-turismo-restaurantes","tag-cm-almada"],"yoast_head":"<!-- This site is optimized with the Yoast SEO plugin v24.4 - https:\/\/yoast.com\/wordpress\/plugins\/seo\/ -->\n<title>Almada: Um destino de natureza, cultura, hist\u00f3ria e gastronomia - Mais Magazine<\/title>\n<meta name=\"description\" content=\"Aos p\u00e9s do Cristo Rei, janela aberta para Lisboa, as praias de Almada dispensam apresenta\u00e7\u00f5es, j\u00e1 que a Costa da Caparica \u00e9 uma das zonas balneares mais emblem\u00e1ticas do pa\u00eds, com 13kms de praias tradicionalmente galardoadas com a distin\u00e7\u00e3o Bandeira Azul. Ao longo de todo o ano, a Hist\u00f3ria, o patrim\u00f3nio natural e a vida ao ar livre aliam-se \u00e0 intensa atividade cultural com eventos de renome internacional e a uma oferta gastron\u00f3mica de excel\u00eancia, convidando \u00e0 descoberta de Almada.\" \/>\n<meta name=\"robots\" content=\"index, follow, max-snippet:-1, max-image-preview:large, max-video-preview:-1\" \/>\n<link rel=\"canonical\" href=\"http:\/\/maismagazine.pt\/index.php\/2025\/05\/23\/almada-um-destino-de-natureza-cultura-historia-e-gastronomia\/\" \/>\n<meta property=\"og:locale\" content=\"pt_PT\" \/>\n<meta property=\"og:type\" content=\"article\" \/>\n<meta property=\"og:title\" content=\"Almada: Um destino de natureza, cultura, hist\u00f3ria e gastronomia - Mais Magazine\" \/>\n<meta property=\"og:description\" content=\"Aos p\u00e9s do Cristo Rei, janela aberta para Lisboa, as praias de Almada dispensam apresenta\u00e7\u00f5es, j\u00e1 que a Costa da Caparica \u00e9 uma das zonas balneares mais emblem\u00e1ticas do pa\u00eds, com 13kms de praias tradicionalmente galardoadas com a distin\u00e7\u00e3o Bandeira Azul. Ao longo de todo o ano, a Hist\u00f3ria, o patrim\u00f3nio natural e a vida ao ar livre aliam-se \u00e0 intensa atividade cultural com eventos de renome internacional e a uma oferta gastron\u00f3mica de excel\u00eancia, convidando \u00e0 descoberta de Almada.\" \/>\n<meta property=\"og:url\" content=\"http:\/\/maismagazine.pt\/index.php\/2025\/05\/23\/almada-um-destino-de-natureza-cultura-historia-e-gastronomia\/\" \/>\n<meta property=\"og:site_name\" content=\"Mais Magazine\" \/>\n<meta property=\"article:published_time\" content=\"2025-05-23T06:00:00+00:00\" \/>\n<meta property=\"article:modified_time\" content=\"2025-06-04T14:19:10+00:00\" \/>\n<meta property=\"og:image\" content=\"http:\/\/maismagazine.pt\/wp-content\/uploads\/2025\/05\/Cristo-Rei-e-Ponte-25-de-Abril.jpg\" \/>\n\t<meta property=\"og:image:width\" content=\"800\" \/>\n\t<meta property=\"og:image:height\" content=\"450\" \/>\n\t<meta property=\"og:image:type\" content=\"image\/jpeg\" \/>\n<meta name=\"author\" content=\"Tiago Costa\" \/>\n<meta name=\"twitter:card\" content=\"summary_large_image\" \/>\n<meta name=\"twitter:label1\" content=\"Escrito por\" \/>\n\t<meta name=\"twitter:data1\" content=\"\" \/>\n\t<meta name=\"twitter:label2\" content=\"Tempo estimado de leitura\" \/>\n\t<meta name=\"twitter:data2\" content=\"8 minutos\" \/>\n<script type=\"application\/ld+json\" class=\"yoast-schema-graph\">{\"@context\":\"https:\/\/schema.org\",\"@graph\":[{\"@type\":\"Article\",\"@id\":\"http:\/\/maismagazine.pt\/index.php\/2025\/05\/23\/almada-um-destino-de-natureza-cultura-historia-e-gastronomia\/#article\",\"isPartOf\":{\"@id\":\"http:\/\/maismagazine.pt\/index.php\/2025\/05\/23\/almada-um-destino-de-natureza-cultura-historia-e-gastronomia\/\"},\"author\":{\"name\":\"Tiago Costa\",\"@id\":\"https:\/\/maismagazine.pt\/#\/schema\/person\/c6c5bfccc886434cbd11c74e035f9646\"},\"headline\":\"Almada: Um destino de natureza, cultura, hist\u00f3ria e gastronomia\",\"datePublished\":\"2025-05-23T06:00:00+00:00\",\"dateModified\":\"2025-06-04T14:19:10+00:00\",\"mainEntityOfPage\":{\"@id\":\"http:\/\/maismagazine.pt\/index.php\/2025\/05\/23\/almada-um-destino-de-natureza-cultura-historia-e-gastronomia\/\"},\"wordCount\":1305,\"publisher\":{\"@id\":\"https:\/\/maismagazine.pt\/#organization\"},\"image\":{\"@id\":\"http:\/\/maismagazine.pt\/index.php\/2025\/05\/23\/almada-um-destino-de-natureza-cultura-historia-e-gastronomia\/#primaryimage\"},\"thumbnailUrl\":\"http:\/\/maismagazine.pt\/wp-content\/uploads\/2025\/05\/Cristo-Rei-e-Ponte-25-de-Abril.jpg\",\"keywords\":[\"CM Almada\"],\"articleSection\":[\"ABAE\",\"Ambiente e Sustentabilidade\",\"Turismo | Vinhos | Gastronomia\"],\"inLanguage\":\"pt-PT\"},{\"@type\":\"WebPage\",\"@id\":\"http:\/\/maismagazine.pt\/index.php\/2025\/05\/23\/almada-um-destino-de-natureza-cultura-historia-e-gastronomia\/\",\"url\":\"http:\/\/maismagazine.pt\/index.php\/2025\/05\/23\/almada-um-destino-de-natureza-cultura-historia-e-gastronomia\/\",\"name\":\"Almada: Um destino de natureza, cultura, hist\u00f3ria e gastronomia - Mais Magazine\",\"isPartOf\":{\"@id\":\"https:\/\/maismagazine.pt\/#website\"},\"primaryImageOfPage\":{\"@id\":\"http:\/\/maismagazine.pt\/index.php\/2025\/05\/23\/almada-um-destino-de-natureza-cultura-historia-e-gastronomia\/#primaryimage\"},\"image\":{\"@id\":\"http:\/\/maismagazine.pt\/index.php\/2025\/05\/23\/almada-um-destino-de-natureza-cultura-historia-e-gastronomia\/#primaryimage\"},\"thumbnailUrl\":\"http:\/\/maismagazine.pt\/wp-content\/uploads\/2025\/05\/Cristo-Rei-e-Ponte-25-de-Abril.jpg\",\"datePublished\":\"2025-05-23T06:00:00+00:00\",\"dateModified\":\"2025-06-04T14:19:10+00:00\",\"description\":\"Aos p\u00e9s do Cristo Rei, janela aberta para Lisboa, as praias de Almada dispensam apresenta\u00e7\u00f5es, j\u00e1 que a Costa da Caparica \u00e9 uma das zonas balneares mais emblem\u00e1ticas do pa\u00eds, com 13kms de praias tradicionalmente galardoadas com a distin\u00e7\u00e3o Bandeira Azul. Ao longo de todo o ano, a Hist\u00f3ria, o patrim\u00f3nio natural e a vida ao ar livre aliam-se \u00e0 intensa atividade cultural com eventos de renome internacional e a uma oferta gastron\u00f3mica de excel\u00eancia, convidando \u00e0 descoberta de Almada.\",\"breadcrumb\":{\"@id\":\"http:\/\/maismagazine.pt\/index.php\/2025\/05\/23\/almada-um-destino-de-natureza-cultura-historia-e-gastronomia\/#breadcrumb\"},\"inLanguage\":\"pt-PT\",\"potentialAction\":[{\"@type\":\"ReadAction\",\"target\":[\"http:\/\/maismagazine.pt\/index.php\/2025\/05\/23\/almada-um-destino-de-natureza-cultura-historia-e-gastronomia\/\"]}]},{\"@type\":\"ImageObject\",\"inLanguage\":\"pt-PT\",\"@id\":\"http:\/\/maismagazine.pt\/index.php\/2025\/05\/23\/almada-um-destino-de-natureza-cultura-historia-e-gastronomia\/#primaryimage\",\"url\":\"http:\/\/maismagazine.pt\/wp-content\/uploads\/2025\/05\/Cristo-Rei-e-Ponte-25-de-Abril.jpg\",\"contentUrl\":\"http:\/\/maismagazine.pt\/wp-content\/uploads\/2025\/05\/Cristo-Rei-e-Ponte-25-de-Abril.jpg\",\"width\":800,\"height\":450,\"caption\":\"DCIM100MEDIADJI_0029.JPG\"},{\"@type\":\"BreadcrumbList\",\"@id\":\"http:\/\/maismagazine.pt\/index.php\/2025\/05\/23\/almada-um-destino-de-natureza-cultura-historia-e-gastronomia\/#breadcrumb\",\"itemListElement\":[{\"@type\":\"ListItem\",\"position\":1,\"name\":\"Home\",\"item\":\"https:\/\/maismagazine.pt\/\"},{\"@type\":\"ListItem\",\"position\":2,\"name\":\"Almada: Um destino de natureza, cultura, hist\u00f3ria e gastronomia\"}]},{\"@type\":\"WebSite\",\"@id\":\"https:\/\/maismagazine.pt\/#website\",\"url\":\"https:\/\/maismagazine.pt\/\",\"name\":\"Mais Magazine\",\"description\":\"\",\"publisher\":{\"@id\":\"https:\/\/maismagazine.pt\/#organization\"},\"potentialAction\":[{\"@type\":\"SearchAction\",\"target\":{\"@type\":\"EntryPoint\",\"urlTemplate\":\"https:\/\/maismagazine.pt\/?s={search_term_string}\"},\"query-input\":{\"@type\":\"PropertyValueSpecification\",\"valueRequired\":true,\"valueName\":\"search_term_string\"}}],\"inLanguage\":\"pt-PT\"},{\"@type\":\"Organization\",\"@id\":\"https:\/\/maismagazine.pt\/#organization\",\"name\":\"Mais Magazine\",\"url\":\"https:\/\/maismagazine.pt\/\",\"logo\":{\"@type\":\"ImageObject\",\"inLanguage\":\"pt-PT\",\"@id\":\"https:\/\/maismagazine.pt\/#\/schema\/logo\/image\/\",\"url\":\"http:\/\/maismagazine.pt\/wp-content\/uploads\/2020\/04\/cropped-cropped-mais-magazine-site-logo-2.png\",\"contentUrl\":\"http:\/\/maismagazine.pt\/wp-content\/uploads\/2020\/04\/cropped-cropped-mais-magazine-site-logo-2.png\",\"width\":581,\"height\":90,\"caption\":\"Mais Magazine\"},\"image\":{\"@id\":\"https:\/\/maismagazine.pt\/#\/schema\/logo\/image\/\"}},{\"@type\":\"Person\",\"@id\":\"https:\/\/maismagazine.pt\/#\/schema\/person\/c6c5bfccc886434cbd11c74e035f9646\",\"name\":\"Tiago Costa\",\"image\":{\"@type\":\"ImageObject\",\"inLanguage\":\"pt-PT\",\"@id\":\"https:\/\/maismagazine.pt\/#\/schema\/person\/image\/\",\"url\":\"https:\/\/secure.gravatar.com\/avatar\/c599b2bce16c9870429198cbad5ee022?s=96&d=mm&r=g\",\"contentUrl\":\"https:\/\/secure.gravatar.com\/avatar\/c599b2bce16c9870429198cbad5ee022?s=96&d=mm&r=g\",\"caption\":\"Tiago Costa\"},\"url\":\"http:\/\/maismagazine.pt\/index.php\/author\/tiago\/\"}]}<\/script>\n<!-- \/ Yoast SEO plugin. -->","yoast_head_json":{"title":"Almada: Um destino de natureza, cultura, hist\u00f3ria e gastronomia - Mais Magazine","description":"Aos p\u00e9s do Cristo Rei, janela aberta para Lisboa, as praias de Almada dispensam apresenta\u00e7\u00f5es, j\u00e1 que a Costa da Caparica \u00e9 uma das zonas balneares mais emblem\u00e1ticas do pa\u00eds, com 13kms de praias tradicionalmente galardoadas com a distin\u00e7\u00e3o Bandeira Azul. Ao longo de todo o ano, a Hist\u00f3ria, o patrim\u00f3nio natural e a vida ao ar livre aliam-se \u00e0 intensa atividade cultural com eventos de renome internacional e a uma oferta gastron\u00f3mica de excel\u00eancia, convidando \u00e0 descoberta de Almada.","robots":{"index":"index","follow":"follow","max-snippet":"max-snippet:-1","max-image-preview":"max-image-preview:large","max-video-preview":"max-video-preview:-1"},"canonical":"http:\/\/maismagazine.pt\/index.php\/2025\/05\/23\/almada-um-destino-de-natureza-cultura-historia-e-gastronomia\/","og_locale":"pt_PT","og_type":"article","og_title":"Almada: Um destino de natureza, cultura, hist\u00f3ria e gastronomia - Mais Magazine","og_description":"Aos p\u00e9s do Cristo Rei, janela aberta para Lisboa, as praias de Almada dispensam apresenta\u00e7\u00f5es, j\u00e1 que a Costa da Caparica \u00e9 uma das zonas balneares mais emblem\u00e1ticas do pa\u00eds, com 13kms de praias tradicionalmente galardoadas com a distin\u00e7\u00e3o Bandeira Azul. Ao longo de todo o ano, a Hist\u00f3ria, o patrim\u00f3nio natural e a vida ao ar livre aliam-se \u00e0 intensa atividade cultural com eventos de renome internacional e a uma oferta gastron\u00f3mica de excel\u00eancia, convidando \u00e0 descoberta de Almada.","og_url":"http:\/\/maismagazine.pt\/index.php\/2025\/05\/23\/almada-um-destino-de-natureza-cultura-historia-e-gastronomia\/","og_site_name":"Mais Magazine","article_published_time":"2025-05-23T06:00:00+00:00","article_modified_time":"2025-06-04T14:19:10+00:00","og_image":[{"width":800,"height":450,"url":"http:\/\/maismagazine.pt\/wp-content\/uploads\/2025\/05\/Cristo-Rei-e-Ponte-25-de-Abril.jpg","type":"image\/jpeg"}],"author":"Tiago Costa","twitter_card":"summary_large_image","twitter_misc":{"Escrito por":false,"Tempo estimado de leitura":"8 minutos"},"schema":{"@context":"https:\/\/schema.org","@graph":[{"@type":"Article","@id":"http:\/\/maismagazine.pt\/index.php\/2025\/05\/23\/almada-um-destino-de-natureza-cultura-historia-e-gastronomia\/#article","isPartOf":{"@id":"http:\/\/maismagazine.pt\/index.php\/2025\/05\/23\/almada-um-destino-de-natureza-cultura-historia-e-gastronomia\/"},"author":{"name":"Tiago Costa","@id":"https:\/\/maismagazine.pt\/#\/schema\/person\/c6c5bfccc886434cbd11c74e035f9646"},"headline":"Almada: Um destino de natureza, cultura, hist\u00f3ria e gastronomia","datePublished":"2025-05-23T06:00:00+00:00","dateModified":"2025-06-04T14:19:10+00:00","mainEntityOfPage":{"@id":"http:\/\/maismagazine.pt\/index.php\/2025\/05\/23\/almada-um-destino-de-natureza-cultura-historia-e-gastronomia\/"},"wordCount":1305,"publisher":{"@id":"https:\/\/maismagazine.pt\/#organization"},"image":{"@id":"http:\/\/maismagazine.pt\/index.php\/2025\/05\/23\/almada-um-destino-de-natureza-cultura-historia-e-gastronomia\/#primaryimage"},"thumbnailUrl":"http:\/\/maismagazine.pt\/wp-content\/uploads\/2025\/05\/Cristo-Rei-e-Ponte-25-de-Abril.jpg","keywords":["CM Almada"],"articleSection":["ABAE","Ambiente e Sustentabilidade","Turismo | Vinhos | Gastronomia"],"inLanguage":"pt-PT"},{"@type":"WebPage","@id":"http:\/\/maismagazine.pt\/index.php\/2025\/05\/23\/almada-um-destino-de-natureza-cultura-historia-e-gastronomia\/","url":"http:\/\/maismagazine.pt\/index.php\/2025\/05\/23\/almada-um-destino-de-natureza-cultura-historia-e-gastronomia\/","name":"Almada: Um destino de natureza, cultura, hist\u00f3ria e gastronomia - Mais Magazine","isPartOf":{"@id":"https:\/\/maismagazine.pt\/#website"},"primaryImageOfPage":{"@id":"http:\/\/maismagazine.pt\/index.php\/2025\/05\/23\/almada-um-destino-de-natureza-cultura-historia-e-gastronomia\/#primaryimage"},"image":{"@id":"http:\/\/maismagazine.pt\/index.php\/2025\/05\/23\/almada-um-destino-de-natureza-cultura-historia-e-gastronomia\/#primaryimage"},"thumbnailUrl":"http:\/\/maismagazine.pt\/wp-content\/uploads\/2025\/05\/Cristo-Rei-e-Ponte-25-de-Abril.jpg","datePublished":"2025-05-23T06:00:00+00:00","dateModified":"2025-06-04T14:19:10+00:00","description":"Aos p\u00e9s do Cristo Rei, janela aberta para Lisboa, as praias de Almada dispensam apresenta\u00e7\u00f5es, j\u00e1 que a Costa da Caparica \u00e9 uma das zonas balneares mais emblem\u00e1ticas do pa\u00eds, com 13kms de praias tradicionalmente galardoadas com a distin\u00e7\u00e3o Bandeira Azul. Ao longo de todo o ano, a Hist\u00f3ria, o patrim\u00f3nio natural e a vida ao ar livre aliam-se \u00e0 intensa atividade cultural com eventos de renome internacional e a uma oferta gastron\u00f3mica de excel\u00eancia, convidando \u00e0 descoberta de Almada.","breadcrumb":{"@id":"http:\/\/maismagazine.pt\/index.php\/2025\/05\/23\/almada-um-destino-de-natureza-cultura-historia-e-gastronomia\/#breadcrumb"},"inLanguage":"pt-PT","potentialAction":[{"@type":"ReadAction","target":["http:\/\/maismagazine.pt\/index.php\/2025\/05\/23\/almada-um-destino-de-natureza-cultura-historia-e-gastronomia\/"]}]},{"@type":"ImageObject","inLanguage":"pt-PT","@id":"http:\/\/maismagazine.pt\/index.php\/2025\/05\/23\/almada-um-destino-de-natureza-cultura-historia-e-gastronomia\/#primaryimage","url":"http:\/\/maismagazine.pt\/wp-content\/uploads\/2025\/05\/Cristo-Rei-e-Ponte-25-de-Abril.jpg","contentUrl":"http:\/\/maismagazine.pt\/wp-content\/uploads\/2025\/05\/Cristo-Rei-e-Ponte-25-de-Abril.jpg","width":800,"height":450,"caption":"DCIM100MEDIADJI_0029.JPG"},{"@type":"BreadcrumbList","@id":"http:\/\/maismagazine.pt\/index.php\/2025\/05\/23\/almada-um-destino-de-natureza-cultura-historia-e-gastronomia\/#breadcrumb","itemListElement":[{"@type":"ListItem","position":1,"name":"Home","item":"https:\/\/maismagazine.pt\/"},{"@type":"ListItem","position":2,"name":"Almada: Um destino de natureza, cultura, hist\u00f3ria e gastronomia"}]},{"@type":"WebSite","@id":"https:\/\/maismagazine.pt\/#website","url":"https:\/\/maismagazine.pt\/","name":"Mais Magazine","description":"","publisher":{"@id":"https:\/\/maismagazine.pt\/#organization"},"potentialAction":[{"@type":"SearchAction","target":{"@type":"EntryPoint","urlTemplate":"https:\/\/maismagazine.pt\/?s={search_term_string}"},"query-input":{"@type":"PropertyValueSpecification","valueRequired":true,"valueName":"search_term_string"}}],"inLanguage":"pt-PT"},{"@type":"Organization","@id":"https:\/\/maismagazine.pt\/#organization","name":"Mais Magazine","url":"https:\/\/maismagazine.pt\/","logo":{"@type":"ImageObject","inLanguage":"pt-PT","@id":"https:\/\/maismagazine.pt\/#\/schema\/logo\/image\/","url":"http:\/\/maismagazine.pt\/wp-content\/uploads\/2020\/04\/cropped-cropped-mais-magazine-site-logo-2.png","contentUrl":"http:\/\/maismagazine.pt\/wp-content\/uploads\/2020\/04\/cropped-cropped-mais-magazine-site-logo-2.png","width":581,"height":90,"caption":"Mais Magazine"},"image":{"@id":"https:\/\/maismagazine.pt\/#\/schema\/logo\/image\/"}},{"@type":"Person","@id":"https:\/\/maismagazine.pt\/#\/schema\/person\/c6c5bfccc886434cbd11c74e035f9646","name":"Tiago Costa","image":{"@type":"ImageObject","inLanguage":"pt-PT","@id":"https:\/\/maismagazine.pt\/#\/schema\/person\/image\/","url":"https:\/\/secure.gravatar.com\/avatar\/c599b2bce16c9870429198cbad5ee022?s=96&d=mm&r=g","contentUrl":"https:\/\/secure.gravatar.com\/avatar\/c599b2bce16c9870429198cbad5ee022?s=96&d=mm&r=g","caption":"Tiago Costa"},"url":"http:\/\/maismagazine.pt\/index.php\/author\/tiago\/"}]}},"author_meta":{"display_name":false,"author_link":"http:\/\/maismagazine.pt\/index.php\/author\/tiago\/"},"featured_img":"http:\/\/maismagazine.pt\/wp-content\/uploads\/2025\/05\/Cristo-Rei-e-Ponte-25-de-Abril-300x169.jpg","coauthors":[],"tax_additional":{"categories":{"linked":["<a href=\"http:\/\/maismagazine.pt\/index.php\/category\/abae\/\" class=\"advgb-post-tax-term\">ABAE<\/a>","<a href=\"http:\/\/maismagazine.pt\/index.php\/category\/empreendedorismo\/ambiente-e-sustentabilidade\/\" class=\"advgb-post-tax-term\">Ambiente e Sustentabilidade<\/a>","<a href=\"http:\/\/maismagazine.pt\/index.php\/category\/turismo-restaurantes\/\" class=\"advgb-post-tax-term\">Turismo | Vinhos | Gastronomia<\/a>"],"unlinked":["<span class=\"advgb-post-tax-term\">ABAE<\/span>","<span class=\"advgb-post-tax-term\">Ambiente e Sustentabilidade<\/span>","<span class=\"advgb-post-tax-term\">Turismo | Vinhos | Gastronomia<\/span>"]},"tags":{"linked":["<a href=\"http:\/\/maismagazine.pt\/index.php\/category\/turismo-restaurantes\/\" class=\"advgb-post-tax-term\">CM Almada<\/a>"],"unlinked":["<span class=\"advgb-post-tax-term\">CM Almada<\/span>"]}},"comment_count":"0","relative_dates":{"created":"Posted 11 meses ago","modified":"Updated 11 meses ago"},"absolute_dates":{"created":"Posted on 23 de Maio, 2025","modified":"Updated on 4 de Junho, 2025"},"absolute_dates_time":{"created":"Posted on 23 de Maio, 2025 7:00","modified":"Updated on 4 de Junho, 2025 15:19"},"featured_img_caption":"DCIM100MEDIADJI_0029.JPG","series_order":"","_links":{"self":[{"href":"http:\/\/maismagazine.pt\/index.php\/wp-json\/wp\/v2\/posts\/12034","targetHints":{"allow":["GET"]}}],"collection":[{"href":"http:\/\/maismagazine.pt\/index.php\/wp-json\/wp\/v2\/posts"}],"about":[{"href":"http:\/\/maismagazine.pt\/index.php\/wp-json\/wp\/v2\/types\/post"}],"author":[{"embeddable":true,"href":"http:\/\/maismagazine.pt\/index.php\/wp-json\/wp\/v2\/users\/17"}],"replies":[{"embeddable":true,"href":"http:\/\/maismagazine.pt\/index.php\/wp-json\/wp\/v2\/comments?post=12034"}],"version-history":[{"count":2,"href":"http:\/\/maismagazine.pt\/index.php\/wp-json\/wp\/v2\/posts\/12034\/revisions"}],"predecessor-version":[{"id":12065,"href":"http:\/\/maismagazine.pt\/index.php\/wp-json\/wp\/v2\/posts\/12034\/revisions\/12065"}],"wp:featuredmedia":[{"embeddable":true,"href":"http:\/\/maismagazine.pt\/index.php\/wp-json\/wp\/v2\/media\/12062"}],"wp:attachment":[{"href":"http:\/\/maismagazine.pt\/index.php\/wp-json\/wp\/v2\/media?parent=12034"}],"wp:term":[{"taxonomy":"category","embeddable":true,"href":"http:\/\/maismagazine.pt\/index.php\/wp-json\/wp\/v2\/categories?post=12034"},{"taxonomy":"post_tag","embeddable":true,"href":"http:\/\/maismagazine.pt\/index.php\/wp-json\/wp\/v2\/tags?post=12034"}],"curies":[{"name":"wp","href":"https:\/\/api.w.org\/{rel}","templated":true}]}}