{"id":12028,"date":"2025-05-23T07:00:00","date_gmt":"2025-05-23T06:00:00","guid":{"rendered":"https:\/\/maismagazine.pt\/?p=12028"},"modified":"2025-05-19T15:35:12","modified_gmt":"2025-05-19T14:35:12","slug":"sem-advogados-nao-ha-estado-de-direito","status":"publish","type":"post","link":"http:\/\/maismagazine.pt\/index.php\/2025\/05\/23\/sem-advogados-nao-ha-estado-de-direito\/","title":{"rendered":"\u201cSem Advogados n\u00e3o h\u00e1 Estado de Direito!\u201d"},"content":{"rendered":"\n<p><strong>A Mais Magazine esteve \u00e0 conversa com V\u00edtor Santos de Oliveira, advogado e s\u00f3cio da sociedade de advogados <a href=\"http:\/\/www.santosdeoliveira.pt\">Santos de Oliveira &amp; Associados<\/a>, uma firma de advocacia portuguesa, com escrit\u00f3rios localizados em Lisboa e no Porto. <\/strong><\/p>\n\n\n\n<p><\/p>\n\n\n\n<p><strong>Comecemos esta entrevista por nos contar um pouco sobre o seu lado profissional. A sua paix\u00e3o pela Advocacia sempre esteve presente na sua vida ou foi algo que surgiu em algum momento espec\u00edfico do seu percurso acad\u00e9mico?<\/strong><\/p>\n\n\n\n<p>Sou licenciado em Direito pela Universidade Lus\u00edada e membro da Ordem dos Advogados desde 1996. Possuo ainda um curso de contabilidade e uma forma\u00e7\u00e3o de formadores. Fui convidado para integrar o j\u00fari da Ordem dos Advogados Portugueses e para os cursos de forma\u00e7\u00e3o de magistrados para o Tribunal Fiscal e Administrativo e, como formador no ISEL, no Curso Profissional de Direito do Trabalho. Sou tamb\u00e9m professor de Direito Penal e comentador dos meios de comunica\u00e7\u00e3o social sobre quest\u00f5es jur\u00eddicas. <\/p>\n\n\n\n<p>A paix\u00e3o pela Advocacia sempre esteve presente na minha vida, ainda se consolidou mais quando, aos 16 anos, fui estafeta de um Escrit\u00f3rio de Advogados do Senhor Dr. Jo\u00e3o Nuno Azevedo Neves e Correia do Amaral, que foram um exemplo inspirador. <\/p>\n\n\n\n<p><\/p>\n\n\n\n<p><strong>Posteriormente, como surgiu a oportunidade de abrir o seu pr\u00f3prio Escrit\u00f3rio de Advogados?<\/strong><\/p>\n\n\n\n<p>Tendo conclu\u00eddo a licenciatura e o est\u00e1gio, o percurso normal de qualquer advogado \u00e9 instalar o seu escrit\u00f3rio e exercer a profiss\u00e3o. Era, assim, h\u00e1 30 anos. Desde 1996, desenvolvo a minha atividade jur\u00eddica em \u00e1reas como o Direito Penal, Direito P\u00fablico e Fiscal e Direito da Fam\u00edlia, inicialmente em pr\u00e1tica individual e, desde junho de 2010, fundei, em conjunto com mais dois s\u00f3cios, a sociedade Santos de Oliveira &amp; Associados. <\/p>\n\n\n\n<p><\/p>\n\n\n\n<p><strong>Que tipo de servi\u00e7os o seu Escrit\u00f3rio de Advogados disponibiliza? Em que \u00e1reas do Direito trabalham?<\/strong><\/p>\n\n\n\n<p>Estamos totalmente empenhados em consolidar a Santos de Oliveira &amp; Associados como um dos principais escrit\u00f3rios multidisciplinares de advogados em Portugal, com uma ampla acessibilidade para clientes, sejam eles empresariais ou particulares. <\/p>\n\n\n\n<p>Isto implica um planeamento cuidadoso do crescimento como estrutura, a fim de estarmos totalmente equipados para prestar servi\u00e7os a uma gama mais ampla de clientes nacionais e internacionais. O investimento em estrutura deve, portanto, acompanhar de forma s\u00f3lida o aumento da procura, sob o risco de desequil\u00edbrio financeiro \u2013 o que, num per\u00edodo de recess\u00e3o como o que estamos a atravessar, \u00e9 muito dif\u00edcil de superar. <\/p>\n\n\n\n<p>Quanto \u00e0 evolu\u00e7\u00e3o do mercado, esta ser\u00e1 definida por um novo conceito introduzido pela recente legisla\u00e7\u00e3o \u2013 os escrit\u00f3rios de advocacia multidisciplinares. Assim, o conceito tradicional de escrit\u00f3rio de advocacia ir\u00e1 certamente mudar com esta inova\u00e7\u00e3o, redefinindo-se em termos de estrutura, modus operandi e atividades principais. Os escrit\u00f3rios de advocacia ter\u00e3o de escolher claramente uma \u00e1rea espec\u00edfica de atividade na qual prestar\u00e3o este servi\u00e7o completo e implementar as mudan\u00e7as necess\u00e1rias na sua estrutura, associando os profissionais necess\u00e1rios, a fim de atrair clientes que operam nessa \u00e1rea. O escrit\u00f3rio de advocacia n\u00e3o se limitar\u00e1 mais a fornecer apenas um servi\u00e7o jur\u00eddico, mas uma solu\u00e7\u00e3o integrada completa para a demanda do cliente. Isso certamente mudar\u00e1 o mercado num curto per\u00edodo. <\/p>\n\n\n\n<p><\/p>\n\n\n\n<p><strong>Fale-nos sobre a gest\u00e3o da firma nesta(s) \u00e1rea(s) e as suas compet\u00eancias espec\u00edficas.<\/strong><\/p>\n\n\n\n<p>Para implementar o nosso lema, os principais investimentos da Santos de Oliveira &amp; Associados t\u00eam-se centrado na integra\u00e7\u00e3o dos advogados mais competentes, com diferentes \u00e1reas de especializa\u00e7\u00e3o, a fim de prestar uma vasta gama de servi\u00e7os de qualidade aos nossos clientes. Isto implica n\u00e3o s\u00f3 as melhores qualifica\u00e7\u00f5es t\u00e9cnicas, mas tamb\u00e9m qualidades pessoais, que permitem a cada advogado que faz parte da nossa equipa trabalhar em proximidade com o cliente, criando assim um ambiente de total confian\u00e7a. Esta abordagem implica que a nossa sociedade esteja equipada com todas as ferramentas tecnol\u00f3gicas que permitam aos nossos advogados n\u00e3o s\u00f3 prestar servi\u00e7os jur\u00eddicos eficazes, mas tamb\u00e9m aceder e fornecer informa\u00e7\u00f5es, quando necess\u00e1rio e solicitado, com efici\u00eancia. Isto exige uma atualiza\u00e7\u00e3o constante e, por conseguinte, investimento nesta \u00e1rea. <\/p>\n\n\n\n<p>O reconhecimento dos nossos servi\u00e7os jur\u00eddicos \u00e9, em geral, o nosso objetivo. Assim, outro dos nossos principais investimentos nos \u00faltimos anos tem sido a implementa\u00e7\u00e3o das medidas necess\u00e1rias para obter um Certificado de Qualidade oficial. Este procedimento encontra-se agora na fase final e o certificado ser\u00e1 emitido at\u00e9 ao final do ano em curso. <\/p>\n\n\n\n<p><\/p>\n\n\n\n<p><strong>Na sua \u00f3tica, quais os principais desafios que a Justi\u00e7a em Portugal enfrenta? A morosidade da Justi\u00e7a \u00e9 um dos principais desafios a combater? Como faz\u00ea-lo?<\/strong><\/p>\n\n\n\n<p>Acredito que a Justi\u00e7a Portuguesa, n\u00e3o precisa de mais reformas legislativas. \u00c9 necess\u00e1rio, urgente, que o Poder Pol\u00edtico estabele\u00e7a um novo pacto com todos os profissionais que operam no sector, conferindo-lhes a seguran\u00e7a, a estabilidade, os meios t\u00e9cnicos, a forma\u00e7\u00e3o e a motiva\u00e7\u00e3o que permita acabar com a morosidade que n\u00e3o reflete o real empenho e dedica\u00e7\u00e3o de todos \u00e0 causa da justi\u00e7a no nosso pa\u00eds.<\/p>\n\n\n\n<p><\/p>\n\n\n<div class=\"wp-block-image\">\n<figure class=\"aligncenter size-large is-resized\"><img loading=\"lazy\" decoding=\"async\" width=\"1024\" height=\"1024\" src=\"https:\/\/maismagazine.pt\/wp-content\/uploads\/2025\/05\/305191117_508366841291130_970038786237325746_n-1024x1024.jpg\" alt=\"\" class=\"wp-image-12036\" style=\"width:184px;height:auto\" srcset=\"http:\/\/maismagazine.pt\/wp-content\/uploads\/2025\/05\/305191117_508366841291130_970038786237325746_n-1024x1024.jpg 1024w, http:\/\/maismagazine.pt\/wp-content\/uploads\/2025\/05\/305191117_508366841291130_970038786237325746_n-300x300.jpg 300w, http:\/\/maismagazine.pt\/wp-content\/uploads\/2025\/05\/305191117_508366841291130_970038786237325746_n-150x150.jpg 150w, http:\/\/maismagazine.pt\/wp-content\/uploads\/2025\/05\/305191117_508366841291130_970038786237325746_n-768x768.jpg 768w, http:\/\/maismagazine.pt\/wp-content\/uploads\/2025\/05\/305191117_508366841291130_970038786237325746_n.jpg 1280w\" sizes=\"auto, (max-width: 1024px) 100vw, 1024px\" \/><\/figure><\/div>\n\n\n<p><canvas width=\"1095\" height=\"1545\"><\/canvas><\/p>\n","protected":false},"excerpt":{"rendered":"<p>A Mais Magazine esteve \u00e0 conversa com V\u00edtor Santos de Oliveira, advogado e s\u00f3cio da sociedade de advogados Santos de Oliveira &amp; Associados, uma firma de advocacia portuguesa, com escrit\u00f3rios localizados em Lisboa e no Porto. Comecemos esta entrevista por nos contar um pouco sobre o seu lado profissional. A&hellip;<\/p>\n","protected":false},"author":18,"featured_media":12035,"comment_status":"closed","ping_status":"open","sticky":false,"template":"","format":"standard","meta":{"advgb_blocks_editor_width":"","advgb_blocks_columns_visual_guide":"","_monsterinsights_skip_tracking":false,"_monsterinsights_sitenote_active":false,"_monsterinsights_sitenote_note":"","_monsterinsights_sitenote_category":0,"footnotes":""},"categories":[161],"tags":[1910,729,2360],"class_list":["post-12028","post","type-post","status-publish","format-standard","has-post-thumbnail","hentry","category-mundo-empresarial","tag-advocacia","tag-direito","tag-santos-de-oliveira-associados"],"yoast_head":"<!-- This site is optimized with the Yoast SEO plugin v24.4 - https:\/\/yoast.com\/wordpress\/plugins\/seo\/ -->\n<title>\u201cSem Advogados n\u00e3o h\u00e1 Estado de Direito!\u201d - Mais Magazine<\/title>\n<meta name=\"robots\" content=\"index, follow, max-snippet:-1, max-image-preview:large, max-video-preview:-1\" \/>\n<link rel=\"canonical\" href=\"https:\/\/maismagazine.pt\/index.php\/2025\/05\/23\/sem-advogados-nao-ha-estado-de-direito\/\" \/>\n<meta property=\"og:locale\" content=\"pt_PT\" \/>\n<meta property=\"og:type\" content=\"article\" \/>\n<meta property=\"og:title\" content=\"\u201cSem Advogados n\u00e3o h\u00e1 Estado de Direito!\u201d - Mais Magazine\" \/>\n<meta property=\"og:description\" content=\"A Mais Magazine esteve \u00e0 conversa com V\u00edtor Santos de Oliveira, advogado e s\u00f3cio da sociedade de advogados Santos de Oliveira &amp; Associados, uma firma de advocacia portuguesa, com escrit\u00f3rios localizados em Lisboa e no Porto. Comecemos esta entrevista por nos contar um pouco sobre o seu lado profissional. A&hellip;\" \/>\n<meta property=\"og:url\" content=\"https:\/\/maismagazine.pt\/index.php\/2025\/05\/23\/sem-advogados-nao-ha-estado-de-direito\/\" \/>\n<meta property=\"og:site_name\" content=\"Mais Magazine\" \/>\n<meta property=\"article:published_time\" content=\"2025-05-23T06:00:00+00:00\" \/>\n<meta property=\"og:image\" content=\"https:\/\/maismagazine.pt\/wp-content\/uploads\/2025\/05\/santos-de-oliveira1.jpg\" \/>\n\t<meta property=\"og:image:width\" content=\"446\" \/>\n\t<meta property=\"og:image:height\" content=\"670\" \/>\n\t<meta property=\"og:image:type\" content=\"image\/jpeg\" \/>\n<meta name=\"author\" content=\"Tatiana Martins\" \/>\n<meta name=\"twitter:card\" content=\"summary_large_image\" \/>\n<meta name=\"twitter:label1\" content=\"Escrito por\" \/>\n\t<meta name=\"twitter:data1\" content=\"\" \/>\n\t<meta name=\"twitter:label2\" content=\"Tempo estimado de leitura\" \/>\n\t<meta name=\"twitter:data2\" content=\"5 minutos\" \/>\n<script type=\"application\/ld+json\" class=\"yoast-schema-graph\">{\"@context\":\"https:\/\/schema.org\",\"@graph\":[{\"@type\":\"Article\",\"@id\":\"https:\/\/maismagazine.pt\/index.php\/2025\/05\/23\/sem-advogados-nao-ha-estado-de-direito\/#article\",\"isPartOf\":{\"@id\":\"https:\/\/maismagazine.pt\/index.php\/2025\/05\/23\/sem-advogados-nao-ha-estado-de-direito\/\"},\"author\":{\"name\":\"Tatiana Martins\",\"@id\":\"https:\/\/maismagazine.pt\/#\/schema\/person\/7426e2caeb8df32a1b56aa48dae778c9\"},\"headline\":\"\u201cSem Advogados n\u00e3o h\u00e1 Estado de Direito!\u201d\",\"datePublished\":\"2025-05-23T06:00:00+00:00\",\"mainEntityOfPage\":{\"@id\":\"https:\/\/maismagazine.pt\/index.php\/2025\/05\/23\/sem-advogados-nao-ha-estado-de-direito\/\"},\"wordCount\":885,\"publisher\":{\"@id\":\"https:\/\/maismagazine.pt\/#organization\"},\"image\":{\"@id\":\"https:\/\/maismagazine.pt\/index.php\/2025\/05\/23\/sem-advogados-nao-ha-estado-de-direito\/#primaryimage\"},\"thumbnailUrl\":\"http:\/\/maismagazine.pt\/wp-content\/uploads\/2025\/05\/santos-de-oliveira1.jpg\",\"keywords\":[\"Advocacia\",\"Direito\",\"Santos de Oliveira &amp; Associados\"],\"articleSection\":[\"Mundo Empresarial\"],\"inLanguage\":\"pt-PT\"},{\"@type\":\"WebPage\",\"@id\":\"https:\/\/maismagazine.pt\/index.php\/2025\/05\/23\/sem-advogados-nao-ha-estado-de-direito\/\",\"url\":\"https:\/\/maismagazine.pt\/index.php\/2025\/05\/23\/sem-advogados-nao-ha-estado-de-direito\/\",\"name\":\"\u201cSem Advogados n\u00e3o h\u00e1 Estado de Direito!\u201d - Mais Magazine\",\"isPartOf\":{\"@id\":\"https:\/\/maismagazine.pt\/#website\"},\"primaryImageOfPage\":{\"@id\":\"https:\/\/maismagazine.pt\/index.php\/2025\/05\/23\/sem-advogados-nao-ha-estado-de-direito\/#primaryimage\"},\"image\":{\"@id\":\"https:\/\/maismagazine.pt\/index.php\/2025\/05\/23\/sem-advogados-nao-ha-estado-de-direito\/#primaryimage\"},\"thumbnailUrl\":\"http:\/\/maismagazine.pt\/wp-content\/uploads\/2025\/05\/santos-de-oliveira1.jpg\",\"datePublished\":\"2025-05-23T06:00:00+00:00\",\"breadcrumb\":{\"@id\":\"https:\/\/maismagazine.pt\/index.php\/2025\/05\/23\/sem-advogados-nao-ha-estado-de-direito\/#breadcrumb\"},\"inLanguage\":\"pt-PT\",\"potentialAction\":[{\"@type\":\"ReadAction\",\"target\":[\"https:\/\/maismagazine.pt\/index.php\/2025\/05\/23\/sem-advogados-nao-ha-estado-de-direito\/\"]}]},{\"@type\":\"ImageObject\",\"inLanguage\":\"pt-PT\",\"@id\":\"https:\/\/maismagazine.pt\/index.php\/2025\/05\/23\/sem-advogados-nao-ha-estado-de-direito\/#primaryimage\",\"url\":\"http:\/\/maismagazine.pt\/wp-content\/uploads\/2025\/05\/santos-de-oliveira1.jpg\",\"contentUrl\":\"http:\/\/maismagazine.pt\/wp-content\/uploads\/2025\/05\/santos-de-oliveira1.jpg\",\"width\":446,\"height\":670,\"caption\":\"V\u00edtor Santos de Oliveira, Advogado\"},{\"@type\":\"BreadcrumbList\",\"@id\":\"https:\/\/maismagazine.pt\/index.php\/2025\/05\/23\/sem-advogados-nao-ha-estado-de-direito\/#breadcrumb\",\"itemListElement\":[{\"@type\":\"ListItem\",\"position\":1,\"name\":\"Home\",\"item\":\"https:\/\/maismagazine.pt\/\"},{\"@type\":\"ListItem\",\"position\":2,\"name\":\"\u201cSem Advogados n\u00e3o h\u00e1 Estado de Direito!\u201d\"}]},{\"@type\":\"WebSite\",\"@id\":\"https:\/\/maismagazine.pt\/#website\",\"url\":\"https:\/\/maismagazine.pt\/\",\"name\":\"Mais Magazine\",\"description\":\"\",\"publisher\":{\"@id\":\"https:\/\/maismagazine.pt\/#organization\"},\"potentialAction\":[{\"@type\":\"SearchAction\",\"target\":{\"@type\":\"EntryPoint\",\"urlTemplate\":\"https:\/\/maismagazine.pt\/?s={search_term_string}\"},\"query-input\":{\"@type\":\"PropertyValueSpecification\",\"valueRequired\":true,\"valueName\":\"search_term_string\"}}],\"inLanguage\":\"pt-PT\"},{\"@type\":\"Organization\",\"@id\":\"https:\/\/maismagazine.pt\/#organization\",\"name\":\"Mais Magazine\",\"url\":\"https:\/\/maismagazine.pt\/\",\"logo\":{\"@type\":\"ImageObject\",\"inLanguage\":\"pt-PT\",\"@id\":\"https:\/\/maismagazine.pt\/#\/schema\/logo\/image\/\",\"url\":\"http:\/\/maismagazine.pt\/wp-content\/uploads\/2020\/04\/cropped-cropped-mais-magazine-site-logo-2.png\",\"contentUrl\":\"http:\/\/maismagazine.pt\/wp-content\/uploads\/2020\/04\/cropped-cropped-mais-magazine-site-logo-2.png\",\"width\":581,\"height\":90,\"caption\":\"Mais Magazine\"},\"image\":{\"@id\":\"https:\/\/maismagazine.pt\/#\/schema\/logo\/image\/\"}},{\"@type\":\"Person\",\"@id\":\"https:\/\/maismagazine.pt\/#\/schema\/person\/7426e2caeb8df32a1b56aa48dae778c9\",\"name\":\"Tatiana Martins\",\"image\":{\"@type\":\"ImageObject\",\"inLanguage\":\"pt-PT\",\"@id\":\"https:\/\/maismagazine.pt\/#\/schema\/person\/image\/\",\"url\":\"https:\/\/secure.gravatar.com\/avatar\/4b24a57f5d0425f2eb20981c4b53244e?s=96&d=mm&r=g\",\"contentUrl\":\"https:\/\/secure.gravatar.com\/avatar\/4b24a57f5d0425f2eb20981c4b53244e?s=96&d=mm&r=g\",\"caption\":\"Tatiana Martins\"},\"url\":\"http:\/\/maismagazine.pt\/index.php\/author\/tatiana\/\"}]}<\/script>\n<!-- \/ Yoast SEO plugin. -->","yoast_head_json":{"title":"\u201cSem Advogados n\u00e3o h\u00e1 Estado de Direito!\u201d - Mais Magazine","robots":{"index":"index","follow":"follow","max-snippet":"max-snippet:-1","max-image-preview":"max-image-preview:large","max-video-preview":"max-video-preview:-1"},"canonical":"https:\/\/maismagazine.pt\/index.php\/2025\/05\/23\/sem-advogados-nao-ha-estado-de-direito\/","og_locale":"pt_PT","og_type":"article","og_title":"\u201cSem Advogados n\u00e3o h\u00e1 Estado de Direito!\u201d - Mais Magazine","og_description":"A Mais Magazine esteve \u00e0 conversa com V\u00edtor Santos de Oliveira, advogado e s\u00f3cio da sociedade de advogados Santos de Oliveira &amp; Associados, uma firma de advocacia portuguesa, com escrit\u00f3rios localizados em Lisboa e no Porto. Comecemos esta entrevista por nos contar um pouco sobre o seu lado profissional. A&hellip;","og_url":"https:\/\/maismagazine.pt\/index.php\/2025\/05\/23\/sem-advogados-nao-ha-estado-de-direito\/","og_site_name":"Mais Magazine","article_published_time":"2025-05-23T06:00:00+00:00","og_image":[{"width":446,"height":670,"url":"https:\/\/maismagazine.pt\/wp-content\/uploads\/2025\/05\/santos-de-oliveira1.jpg","type":"image\/jpeg"}],"author":"Tatiana Martins","twitter_card":"summary_large_image","twitter_misc":{"Escrito por":false,"Tempo estimado de leitura":"5 minutos"},"schema":{"@context":"https:\/\/schema.org","@graph":[{"@type":"Article","@id":"https:\/\/maismagazine.pt\/index.php\/2025\/05\/23\/sem-advogados-nao-ha-estado-de-direito\/#article","isPartOf":{"@id":"https:\/\/maismagazine.pt\/index.php\/2025\/05\/23\/sem-advogados-nao-ha-estado-de-direito\/"},"author":{"name":"Tatiana Martins","@id":"https:\/\/maismagazine.pt\/#\/schema\/person\/7426e2caeb8df32a1b56aa48dae778c9"},"headline":"\u201cSem Advogados n\u00e3o h\u00e1 Estado de Direito!\u201d","datePublished":"2025-05-23T06:00:00+00:00","mainEntityOfPage":{"@id":"https:\/\/maismagazine.pt\/index.php\/2025\/05\/23\/sem-advogados-nao-ha-estado-de-direito\/"},"wordCount":885,"publisher":{"@id":"https:\/\/maismagazine.pt\/#organization"},"image":{"@id":"https:\/\/maismagazine.pt\/index.php\/2025\/05\/23\/sem-advogados-nao-ha-estado-de-direito\/#primaryimage"},"thumbnailUrl":"http:\/\/maismagazine.pt\/wp-content\/uploads\/2025\/05\/santos-de-oliveira1.jpg","keywords":["Advocacia","Direito","Santos de Oliveira &amp; Associados"],"articleSection":["Mundo Empresarial"],"inLanguage":"pt-PT"},{"@type":"WebPage","@id":"https:\/\/maismagazine.pt\/index.php\/2025\/05\/23\/sem-advogados-nao-ha-estado-de-direito\/","url":"https:\/\/maismagazine.pt\/index.php\/2025\/05\/23\/sem-advogados-nao-ha-estado-de-direito\/","name":"\u201cSem Advogados n\u00e3o h\u00e1 Estado de Direito!\u201d - Mais Magazine","isPartOf":{"@id":"https:\/\/maismagazine.pt\/#website"},"primaryImageOfPage":{"@id":"https:\/\/maismagazine.pt\/index.php\/2025\/05\/23\/sem-advogados-nao-ha-estado-de-direito\/#primaryimage"},"image":{"@id":"https:\/\/maismagazine.pt\/index.php\/2025\/05\/23\/sem-advogados-nao-ha-estado-de-direito\/#primaryimage"},"thumbnailUrl":"http:\/\/maismagazine.pt\/wp-content\/uploads\/2025\/05\/santos-de-oliveira1.jpg","datePublished":"2025-05-23T06:00:00+00:00","breadcrumb":{"@id":"https:\/\/maismagazine.pt\/index.php\/2025\/05\/23\/sem-advogados-nao-ha-estado-de-direito\/#breadcrumb"},"inLanguage":"pt-PT","potentialAction":[{"@type":"ReadAction","target":["https:\/\/maismagazine.pt\/index.php\/2025\/05\/23\/sem-advogados-nao-ha-estado-de-direito\/"]}]},{"@type":"ImageObject","inLanguage":"pt-PT","@id":"https:\/\/maismagazine.pt\/index.php\/2025\/05\/23\/sem-advogados-nao-ha-estado-de-direito\/#primaryimage","url":"http:\/\/maismagazine.pt\/wp-content\/uploads\/2025\/05\/santos-de-oliveira1.jpg","contentUrl":"http:\/\/maismagazine.pt\/wp-content\/uploads\/2025\/05\/santos-de-oliveira1.jpg","width":446,"height":670,"caption":"V\u00edtor Santos de Oliveira, Advogado"},{"@type":"BreadcrumbList","@id":"https:\/\/maismagazine.pt\/index.php\/2025\/05\/23\/sem-advogados-nao-ha-estado-de-direito\/#breadcrumb","itemListElement":[{"@type":"ListItem","position":1,"name":"Home","item":"https:\/\/maismagazine.pt\/"},{"@type":"ListItem","position":2,"name":"\u201cSem Advogados n\u00e3o h\u00e1 Estado de Direito!\u201d"}]},{"@type":"WebSite","@id":"https:\/\/maismagazine.pt\/#website","url":"https:\/\/maismagazine.pt\/","name":"Mais Magazine","description":"","publisher":{"@id":"https:\/\/maismagazine.pt\/#organization"},"potentialAction":[{"@type":"SearchAction","target":{"@type":"EntryPoint","urlTemplate":"https:\/\/maismagazine.pt\/?s={search_term_string}"},"query-input":{"@type":"PropertyValueSpecification","valueRequired":true,"valueName":"search_term_string"}}],"inLanguage":"pt-PT"},{"@type":"Organization","@id":"https:\/\/maismagazine.pt\/#organization","name":"Mais Magazine","url":"https:\/\/maismagazine.pt\/","logo":{"@type":"ImageObject","inLanguage":"pt-PT","@id":"https:\/\/maismagazine.pt\/#\/schema\/logo\/image\/","url":"http:\/\/maismagazine.pt\/wp-content\/uploads\/2020\/04\/cropped-cropped-mais-magazine-site-logo-2.png","contentUrl":"http:\/\/maismagazine.pt\/wp-content\/uploads\/2020\/04\/cropped-cropped-mais-magazine-site-logo-2.png","width":581,"height":90,"caption":"Mais Magazine"},"image":{"@id":"https:\/\/maismagazine.pt\/#\/schema\/logo\/image\/"}},{"@type":"Person","@id":"https:\/\/maismagazine.pt\/#\/schema\/person\/7426e2caeb8df32a1b56aa48dae778c9","name":"Tatiana Martins","image":{"@type":"ImageObject","inLanguage":"pt-PT","@id":"https:\/\/maismagazine.pt\/#\/schema\/person\/image\/","url":"https:\/\/secure.gravatar.com\/avatar\/4b24a57f5d0425f2eb20981c4b53244e?s=96&d=mm&r=g","contentUrl":"https:\/\/secure.gravatar.com\/avatar\/4b24a57f5d0425f2eb20981c4b53244e?s=96&d=mm&r=g","caption":"Tatiana Martins"},"url":"http:\/\/maismagazine.pt\/index.php\/author\/tatiana\/"}]}},"author_meta":{"display_name":false,"author_link":"http:\/\/maismagazine.pt\/index.php\/author\/tatiana\/"},"featured_img":"http:\/\/maismagazine.pt\/wp-content\/uploads\/2025\/05\/santos-de-oliveira1-200x300.jpg","coauthors":[],"tax_additional":{"categories":{"linked":["<a href=\"http:\/\/maismagazine.pt\/index.php\/category\/mundo-empresarial\/\" class=\"advgb-post-tax-term\">Mundo Empresarial<\/a>"],"unlinked":["<span class=\"advgb-post-tax-term\">Mundo Empresarial<\/span>"]},"tags":{"linked":["<a href=\"http:\/\/maismagazine.pt\/index.php\/category\/mundo-empresarial\/\" class=\"advgb-post-tax-term\">Advocacia<\/a>","<a href=\"http:\/\/maismagazine.pt\/index.php\/category\/mundo-empresarial\/\" class=\"advgb-post-tax-term\">Direito<\/a>","<a href=\"http:\/\/maismagazine.pt\/index.php\/category\/mundo-empresarial\/\" class=\"advgb-post-tax-term\">Santos de Oliveira &amp; Associados<\/a>"],"unlinked":["<span class=\"advgb-post-tax-term\">Advocacia<\/span>","<span class=\"advgb-post-tax-term\">Direito<\/span>","<span class=\"advgb-post-tax-term\">Santos de Oliveira &amp; Associados<\/span>"]}},"comment_count":"0","relative_dates":{"created":"Posted 11 meses ago","modified":"Updated 12 meses ago"},"absolute_dates":{"created":"Posted on 23 de Maio, 2025","modified":"Updated on 19 de Maio, 2025"},"absolute_dates_time":{"created":"Posted on 23 de Maio, 2025 7:00","modified":"Updated on 19 de Maio, 2025 15:35"},"featured_img_caption":"V\u00edtor Santos de Oliveira, Advogado","series_order":"","_links":{"self":[{"href":"http:\/\/maismagazine.pt\/index.php\/wp-json\/wp\/v2\/posts\/12028","targetHints":{"allow":["GET"]}}],"collection":[{"href":"http:\/\/maismagazine.pt\/index.php\/wp-json\/wp\/v2\/posts"}],"about":[{"href":"http:\/\/maismagazine.pt\/index.php\/wp-json\/wp\/v2\/types\/post"}],"author":[{"embeddable":true,"href":"http:\/\/maismagazine.pt\/index.php\/wp-json\/wp\/v2\/users\/18"}],"replies":[{"embeddable":true,"href":"http:\/\/maismagazine.pt\/index.php\/wp-json\/wp\/v2\/comments?post=12028"}],"version-history":[{"count":1,"href":"http:\/\/maismagazine.pt\/index.php\/wp-json\/wp\/v2\/posts\/12028\/revisions"}],"predecessor-version":[{"id":12037,"href":"http:\/\/maismagazine.pt\/index.php\/wp-json\/wp\/v2\/posts\/12028\/revisions\/12037"}],"wp:featuredmedia":[{"embeddable":true,"href":"http:\/\/maismagazine.pt\/index.php\/wp-json\/wp\/v2\/media\/12035"}],"wp:attachment":[{"href":"http:\/\/maismagazine.pt\/index.php\/wp-json\/wp\/v2\/media?parent=12028"}],"wp:term":[{"taxonomy":"category","embeddable":true,"href":"http:\/\/maismagazine.pt\/index.php\/wp-json\/wp\/v2\/categories?post=12028"},{"taxonomy":"post_tag","embeddable":true,"href":"http:\/\/maismagazine.pt\/index.php\/wp-json\/wp\/v2\/tags?post=12028"}],"curies":[{"name":"wp","href":"https:\/\/api.w.org\/{rel}","templated":true}]}}