{"id":12020,"date":"2025-05-23T07:00:00","date_gmt":"2025-05-23T06:00:00","guid":{"rendered":"https:\/\/maismagazine.pt\/?p=12020"},"modified":"2025-05-20T16:23:21","modified_gmt":"2025-05-20T15:23:21","slug":"inovacao-e-proximidade-ao-servico-da-justica","status":"publish","type":"post","link":"http:\/\/maismagazine.pt\/index.php\/2025\/05\/23\/inovacao-e-proximidade-ao-servico-da-justica\/","title":{"rendered":"Inova\u00e7\u00e3o e proximidade ao servi\u00e7o da Justi\u00e7a"},"content":{"rendered":"\n<p><strong>O Direito continua a ser, para muitos, uma \u00e1rea distante marcada por linguagem densa e processos morosos. Mas h\u00e1 profissionais que desafiam esse distanciamento, trazendo a Justi\u00e7a para mais perto das pessoas. \u00c9 o caso de Lu\u00edsa Teixeira que, desde 2006, lidera o <a href=\"http:\/\/www.gabinetejuridicolt.com\">Gabinete Jur\u00eddico LT<\/a>. Um espa\u00e7o onde a Justi\u00e7a deixa de ser um conceito abstrato e se transforma numa presen\u00e7a pr\u00f3xima, detalhada e preventiva.<\/strong><\/p>\n\n\n\n<p><\/p>\n\n\n\n<p>Com apenas cinco anos de idade, Lu\u00edsa Teixeira tinha j\u00e1 uma ideia clara do seu futuro. Ambicionava ser Advogada e M\u00e3e, duas metas que, com esfor\u00e7o e perseveran\u00e7a, se tornaram realidade. A paix\u00e3o pela Advocacia, o desejo de dar nome a uma Sociedade de Advogados e a coragem de seguir em frente foram os elementos necess\u00e1rios que levaram \u00e0 funda\u00e7\u00e3o do seu pr\u00f3prio Escrit\u00f3rio de Advogados, o Gabinete Jur\u00eddico LT. Situado bem no cora\u00e7\u00e3o da cidade da Maia, junto \u00e0 C\u00e2mara Municipal e ao Tribunal, este espa\u00e7o marca pela diferen\u00e7a e pela aten\u00e7\u00e3o ao detalhe, promovendo um servi\u00e7o de proximidade. Um Gabinete onde o rigor se alia \u00e0 modernidade, e onde cada detalhe \u2014 da decora\u00e7\u00e3o ao di\u00e1logo \u2014 \u00e9 pensado para acolher todos aqueles que necessitam de aux\u00edlio Jur\u00eddico. \u201cRespeitando e valorizando a seriedade, honestidade e profissionalismo inerentes ao exerc\u00edcio do Direito, este Gabinete pauta-se pela inova\u00e7\u00e3o que pretende impor neste meio, onde novas ferramentas e m\u00e9todos de trabalho se exigem. Tudo com um \u00fanico objetivo: a satisfa\u00e7\u00e3o do Cliente\u201d, afirma Lu\u00edsa Teixeira. <\/p>\n\n\n<div class=\"wp-block-image\">\n<figure class=\"aligncenter size-large is-resized\"><img loading=\"lazy\" decoding=\"async\" width=\"1024\" height=\"768\" src=\"https:\/\/maismagazine.pt\/wp-content\/uploads\/2025\/05\/250429R1_025-1024x768.jpg\" alt=\"\" class=\"wp-image-12026\" style=\"width:425px;height:auto\" srcset=\"http:\/\/maismagazine.pt\/wp-content\/uploads\/2025\/05\/250429R1_025-1024x768.jpg 1024w, http:\/\/maismagazine.pt\/wp-content\/uploads\/2025\/05\/250429R1_025-300x225.jpg 300w, http:\/\/maismagazine.pt\/wp-content\/uploads\/2025\/05\/250429R1_025-768x576.jpg 768w, http:\/\/maismagazine.pt\/wp-content\/uploads\/2025\/05\/250429R1_025.jpg 1134w\" sizes=\"auto, (max-width: 1024px) 100vw, 1024px\" \/><\/figure><\/div>\n\n\n<p><strong>Gabinete Jur\u00eddico LT: Muito mais do que advogados de tribunal<\/strong><\/p>\n\n\n\n<p>\u00c9 comum associar-se a presen\u00e7a de um Advogado a Processos Jur\u00eddicos, presen\u00e7as em Tribunais ou at\u00e9 mesmo encargos financeiros elevados. O Gabinete Jur\u00eddico LT quebra a ideia de que um Advogado s\u00f3 entra em cena quando h\u00e1 problemas, propondo o conceito de \u201cpreven\u00e7\u00e3o\u201d como palavra-chave. Neste sentido, a Assessoria Jur\u00eddica Empresarial, vulgarmente conhecida como Aven\u00e7a mensal, surge como uma esp\u00e9cie de \u201cSeguro Jur\u00eddico\u201d que est\u00e1 a conquistar cada vez mais clientes. A import\u00e2ncia da presen\u00e7a do Advogado na Sociedade Contempor\u00e2nea vai muito para al\u00e9m da resolu\u00e7\u00e3o de conflitos, registando-se maior consciencializa\u00e7\u00e3o para a necessidade de um Acompanhamento Jur\u00eddico constante, que seja capaz evitar lit\u00edgios, poupar custos e garantir decis\u00f5es seguras. Assim, no Gabinete Jur\u00eddico LT, a Advocacia Preventiva surge n\u00e3o como um custo acrescido, mas sim como um investimento a longo prazo que dota as empresas de maior seguran\u00e7a e fiabilidade. \u201cA competitividade do mundo empresarial contempor\u00e2neo exige \u00e0s empresas constante aten\u00e7\u00e3o em rela\u00e7\u00e3o ao detalhe e pormenor. Muitas vezes, uma vulnerabilidade torna-se decisiva e \u00e9 respons\u00e1vel pelo fracasso ou sucesso de neg\u00f3cios importantes\u201d, esclarece a Advogada. <\/p>\n\n\n<div class=\"wp-block-image\">\n<figure class=\"alignleft size-full is-resized\"><img loading=\"lazy\" decoding=\"async\" width=\"428\" height=\"571\" src=\"https:\/\/maismagazine.pt\/wp-content\/uploads\/2025\/05\/250429R1_032.jpg\" alt=\"\" class=\"wp-image-12024\" style=\"width:260px;height:auto\" srcset=\"http:\/\/maismagazine.pt\/wp-content\/uploads\/2025\/05\/250429R1_032.jpg 428w, http:\/\/maismagazine.pt\/wp-content\/uploads\/2025\/05\/250429R1_032-225x300.jpg 225w\" sizes=\"auto, (max-width: 428px) 100vw, 428px\" \/><\/figure><\/div>\n\n\n<p>A pr\u00e1tica da Advocacia Preventiva \u00e9 ainda uma resposta eficaz para dar conta da morosidade da Justi\u00e7a que assola o nosso pa\u00eds. A falta de recursos humanos e de meios inform\u00e1ticos que resultam na lentid\u00e3o da Justi\u00e7a e, posteriormente, no gradual descr\u00e9dito por parte do cidad\u00e3o comum, \u00e9 um dos principais desafios di\u00e1rios de Lu\u00edsa Teixeira. Tentar evitar que os Processos Judiciais cheguem aos Tribunais e procurar fazer acordos entre as partes envolvidas \u00e9 uma das linhas orientadoras de um trabalho que se adapta \u00e0 realidade da Justi\u00e7a em Portugal. \u201cNa minha perspetiva sempre ser\u00e1 melhor um mau acordo, que uma boa senten\u00e7a. Muitas vezes temos uma senten\u00e7a que nos \u00e9 favor\u00e1vel, mas n\u00e3o \u00e9 exequ\u00edvel, uma vez que, quando a vamos executar para obter o seu cumprimento, j\u00e1 n\u00e3o existem bens que o garantam\u201d, explica Lu\u00edsa Teixeira. <\/p>\n\n\n\n<p>Seguindo esta linha, este Gabinete oferece ainda um servi\u00e7o inovador que visa a identifica\u00e7\u00e3o de vulnerabilidade, o Check-up Jur\u00eddico Empresarial. Contratos de trabalho, acordos com fornecedores, cr\u00e9ditos por recuperar, processos pendentes \u2014 nada escapa ao olhar atento desta equipa. \u00c9 uma ferramenta essencial para identificar riscos e fortalecer a base jur\u00eddica de qualquer neg\u00f3cio. <\/p>\n\n\n\n<p>Ao contr\u00e1rio do que \u00e9 tend\u00eancia, o Gabinete Jur\u00eddico LT, por op\u00e7\u00e3o pr\u00f3pria, n\u00e3o apresenta especializa\u00e7\u00f5es em \u00e1reas do Direito, optando por adotar uma metodologia de trabalho transversal a toda a Justi\u00e7a, tentando corresponder com efic\u00e1cia \u00e0s necessidades de cada cliente. <\/p>\n\n\n\n<p><\/p>\n\n\n\n<p><strong>Advocacia e Maternidade: Um desafio a dobrar<\/strong><\/p>\n\n\n\n<p>Ainda que seja inequ\u00edvoco o papel central que o Advogado representa na Sociedade Contempor\u00e2nea, a profiss\u00e3o nem sempre se v\u00ea valorizada, principalmente no que toca \u00e0s Mulheres. No mundo da Advocacia, ainda dominado por uma estrutura que nem sempre acolhe com Justi\u00e7a quem dela faz a sua miss\u00e3o, ser Mulher continua a ser um desafio dentro do pr\u00f3prio Sistema Jur\u00eddico. A falta de licen\u00e7a de maternidade, comuns em muitas outras profiss\u00f5es, \u00e9 um dos principais sintomas da falta de direitos de Advogada\/M\u00e3e. Ao longo de mais de 20 anos de experi\u00eancia, Lu\u00edsa Teixeira confessa que foi necess\u00e1rio demonstrar o dobro do valor para atingir um lugar de sucesso e de destaque, muitas vezes abdicando da vertente familiar. \u201cQuando o meu filho nasceu, h\u00e1 cerca de dez anos, foi um per\u00edodo particularmente exigente. Como exercia sozinha, n\u00e3o tinha alternativa sen\u00e3o lev\u00e1-lo comigo para todo o lado \u2014 fosse para tribunais, fosse para julgamentos. At\u00e9 2017, dediquei-me intensamente ao contencioso de condom\u00ednio e, sobretudo nos primeiros meses do ano, participava em in\u00fameras Assembleias de Cond\u00f3minos, muitas vezes regressando a casa j\u00e1 muito tarde e sacrificando tempo precioso com o meu filho. Apesar de todas essas dificuldades, n\u00e3o mudaria nada no meu percurso. Ser Advogada \u00e9 ser eu, n\u00e3o me vejo a exercer qualquer outra profiss\u00e3o\u201d.  <\/p>\n\n\n\n<p>No m\u00eas em que se celebra o Dia Mundial do Advogado, Lu\u00edsa Teixeira destaca o papel essencial que este profissional desempenha nas sociedades democr\u00e1ticas: o Advogado \u00e9 o verdadeiro servidor da Justi\u00e7a e do Direito. \u00c9 aquele que defende os Direitos e interesses de cada cidad\u00e3o, garantindo o acesso \u00e0 equidade e \u00e0 legalidade. <\/p>\n\n\n<div class=\"wp-block-image\">\n<figure class=\"aligncenter size-full\"><img loading=\"lazy\" decoding=\"async\" width=\"581\" height=\"436\" src=\"https:\/\/maismagazine.pt\/wp-content\/uploads\/2025\/05\/250429R1_017-EV.jpg\" alt=\"\" class=\"wp-image-12025\" srcset=\"http:\/\/maismagazine.pt\/wp-content\/uploads\/2025\/05\/250429R1_017-EV.jpg 581w, http:\/\/maismagazine.pt\/wp-content\/uploads\/2025\/05\/250429R1_017-EV-300x225.jpg 300w\" sizes=\"auto, (max-width: 581px) 100vw, 581px\" \/><\/figure><\/div>\n\n\n<p>Com a experi\u00eancia de quem trilhou um percurso s\u00f3lido na profiss\u00e3o, a Advogada deixa uma mensagem a todos os que ambicionam seguir a Carreira Jur\u00eddica: \u201cPersist\u00eancia, resili\u00eancia e coragem \u2014 s\u00e3o estas as chaves para quem deseja abra\u00e7ar a Advocacia com verdade e dedica\u00e7\u00e3o.\u201d <\/p>\n\n\n\n<p><\/p>\n\n\n\n<p><\/p>\n\n\n\n<p><\/p>\n\n\n\n<p><\/p>\n","protected":false},"excerpt":{"rendered":"<p>O Direito continua a ser, para muitos, uma \u00e1rea distante marcada por linguagem densa e processos morosos. Mas h\u00e1 profissionais que desafiam esse distanciamento, trazendo a Justi\u00e7a para mais perto das pessoas. \u00c9 o caso de Lu\u00edsa Teixeira que, desde 2006, lidera o Gabinete Jur\u00eddico LT. Um espa\u00e7o onde a&hellip;<\/p>\n","protected":false},"author":18,"featured_media":12021,"comment_status":"closed","ping_status":"open","sticky":false,"template":"","format":"standard","meta":{"advgb_blocks_editor_width":"","advgb_blocks_columns_visual_guide":"","_monsterinsights_skip_tracking":false,"_monsterinsights_sitenote_active":false,"_monsterinsights_sitenote_note":"","_monsterinsights_sitenote_category":0,"footnotes":""},"categories":[50],"tags":[1910,729,1911],"class_list":["post-12020","post","type-post","status-publish","format-standard","has-post-thumbnail","hentry","category-destaques","tag-advocacia","tag-direito","tag-gabinete-juridico-lt"],"yoast_head":"<!-- This site is optimized with the Yoast SEO plugin v24.4 - https:\/\/yoast.com\/wordpress\/plugins\/seo\/ -->\n<title>Inova\u00e7\u00e3o e proximidade ao servi\u00e7o da Justi\u00e7a - Mais Magazine<\/title>\n<meta name=\"robots\" content=\"index, follow, max-snippet:-1, max-image-preview:large, max-video-preview:-1\" \/>\n<link rel=\"canonical\" href=\"https:\/\/maismagazine.pt\/index.php\/2025\/05\/23\/inovacao-e-proximidade-ao-servico-da-justica\/\" \/>\n<meta property=\"og:locale\" content=\"pt_PT\" \/>\n<meta property=\"og:type\" content=\"article\" \/>\n<meta property=\"og:title\" content=\"Inova\u00e7\u00e3o e proximidade ao servi\u00e7o da Justi\u00e7a - Mais Magazine\" \/>\n<meta property=\"og:description\" content=\"O Direito continua a ser, para muitos, uma \u00e1rea distante marcada por linguagem densa e processos morosos. Mas h\u00e1 profissionais que desafiam esse distanciamento, trazendo a Justi\u00e7a para mais perto das pessoas. \u00c9 o caso de Lu\u00edsa Teixeira que, desde 2006, lidera o Gabinete Jur\u00eddico LT. Um espa\u00e7o onde a&hellip;\" \/>\n<meta property=\"og:url\" content=\"https:\/\/maismagazine.pt\/index.php\/2025\/05\/23\/inovacao-e-proximidade-ao-servico-da-justica\/\" \/>\n<meta property=\"og:site_name\" content=\"Mais Magazine\" \/>\n<meta property=\"article:published_time\" content=\"2025-05-23T06:00:00+00:00\" \/>\n<meta property=\"og:image\" content=\"https:\/\/maismagazine.pt\/wp-content\/uploads\/2025\/05\/250429R1_005-EV.jpg\" \/>\n\t<meta property=\"og:image:width\" content=\"431\" \/>\n\t<meta property=\"og:image:height\" content=\"575\" \/>\n\t<meta property=\"og:image:type\" content=\"image\/jpeg\" \/>\n<meta name=\"author\" content=\"Tatiana Martins\" \/>\n<meta name=\"twitter:card\" content=\"summary_large_image\" \/>\n<meta name=\"twitter:label1\" content=\"Escrito por\" \/>\n\t<meta name=\"twitter:data1\" content=\"\" \/>\n\t<meta name=\"twitter:label2\" content=\"Tempo estimado de leitura\" \/>\n\t<meta name=\"twitter:data2\" content=\"7 minutos\" \/>\n<script type=\"application\/ld+json\" class=\"yoast-schema-graph\">{\"@context\":\"https:\/\/schema.org\",\"@graph\":[{\"@type\":\"Article\",\"@id\":\"https:\/\/maismagazine.pt\/index.php\/2025\/05\/23\/inovacao-e-proximidade-ao-servico-da-justica\/#article\",\"isPartOf\":{\"@id\":\"https:\/\/maismagazine.pt\/index.php\/2025\/05\/23\/inovacao-e-proximidade-ao-servico-da-justica\/\"},\"author\":{\"name\":\"Tatiana Martins\",\"@id\":\"https:\/\/maismagazine.pt\/#\/schema\/person\/7426e2caeb8df32a1b56aa48dae778c9\"},\"headline\":\"Inova\u00e7\u00e3o e proximidade ao servi\u00e7o da Justi\u00e7a\",\"datePublished\":\"2025-05-23T06:00:00+00:00\",\"mainEntityOfPage\":{\"@id\":\"https:\/\/maismagazine.pt\/index.php\/2025\/05\/23\/inovacao-e-proximidade-ao-servico-da-justica\/\"},\"wordCount\":1089,\"publisher\":{\"@id\":\"https:\/\/maismagazine.pt\/#organization\"},\"image\":{\"@id\":\"https:\/\/maismagazine.pt\/index.php\/2025\/05\/23\/inovacao-e-proximidade-ao-servico-da-justica\/#primaryimage\"},\"thumbnailUrl\":\"http:\/\/maismagazine.pt\/wp-content\/uploads\/2025\/05\/250429R1_005-EV.jpg\",\"keywords\":[\"Advocacia\",\"Direito\",\"Gabinete Jur\u00eddico LT\"],\"articleSection\":[\"Destaques\"],\"inLanguage\":\"pt-PT\"},{\"@type\":\"WebPage\",\"@id\":\"https:\/\/maismagazine.pt\/index.php\/2025\/05\/23\/inovacao-e-proximidade-ao-servico-da-justica\/\",\"url\":\"https:\/\/maismagazine.pt\/index.php\/2025\/05\/23\/inovacao-e-proximidade-ao-servico-da-justica\/\",\"name\":\"Inova\u00e7\u00e3o e proximidade ao servi\u00e7o da Justi\u00e7a - Mais Magazine\",\"isPartOf\":{\"@id\":\"https:\/\/maismagazine.pt\/#website\"},\"primaryImageOfPage\":{\"@id\":\"https:\/\/maismagazine.pt\/index.php\/2025\/05\/23\/inovacao-e-proximidade-ao-servico-da-justica\/#primaryimage\"},\"image\":{\"@id\":\"https:\/\/maismagazine.pt\/index.php\/2025\/05\/23\/inovacao-e-proximidade-ao-servico-da-justica\/#primaryimage\"},\"thumbnailUrl\":\"http:\/\/maismagazine.pt\/wp-content\/uploads\/2025\/05\/250429R1_005-EV.jpg\",\"datePublished\":\"2025-05-23T06:00:00+00:00\",\"breadcrumb\":{\"@id\":\"https:\/\/maismagazine.pt\/index.php\/2025\/05\/23\/inovacao-e-proximidade-ao-servico-da-justica\/#breadcrumb\"},\"inLanguage\":\"pt-PT\",\"potentialAction\":[{\"@type\":\"ReadAction\",\"target\":[\"https:\/\/maismagazine.pt\/index.php\/2025\/05\/23\/inovacao-e-proximidade-ao-servico-da-justica\/\"]}]},{\"@type\":\"ImageObject\",\"inLanguage\":\"pt-PT\",\"@id\":\"https:\/\/maismagazine.pt\/index.php\/2025\/05\/23\/inovacao-e-proximidade-ao-servico-da-justica\/#primaryimage\",\"url\":\"http:\/\/maismagazine.pt\/wp-content\/uploads\/2025\/05\/250429R1_005-EV.jpg\",\"contentUrl\":\"http:\/\/maismagazine.pt\/wp-content\/uploads\/2025\/05\/250429R1_005-EV.jpg\",\"width\":431,\"height\":575,\"caption\":\"Evoto\"},{\"@type\":\"BreadcrumbList\",\"@id\":\"https:\/\/maismagazine.pt\/index.php\/2025\/05\/23\/inovacao-e-proximidade-ao-servico-da-justica\/#breadcrumb\",\"itemListElement\":[{\"@type\":\"ListItem\",\"position\":1,\"name\":\"Home\",\"item\":\"https:\/\/maismagazine.pt\/\"},{\"@type\":\"ListItem\",\"position\":2,\"name\":\"Inova\u00e7\u00e3o e proximidade ao servi\u00e7o da Justi\u00e7a\"}]},{\"@type\":\"WebSite\",\"@id\":\"https:\/\/maismagazine.pt\/#website\",\"url\":\"https:\/\/maismagazine.pt\/\",\"name\":\"Mais Magazine\",\"description\":\"\",\"publisher\":{\"@id\":\"https:\/\/maismagazine.pt\/#organization\"},\"potentialAction\":[{\"@type\":\"SearchAction\",\"target\":{\"@type\":\"EntryPoint\",\"urlTemplate\":\"https:\/\/maismagazine.pt\/?s={search_term_string}\"},\"query-input\":{\"@type\":\"PropertyValueSpecification\",\"valueRequired\":true,\"valueName\":\"search_term_string\"}}],\"inLanguage\":\"pt-PT\"},{\"@type\":\"Organization\",\"@id\":\"https:\/\/maismagazine.pt\/#organization\",\"name\":\"Mais Magazine\",\"url\":\"https:\/\/maismagazine.pt\/\",\"logo\":{\"@type\":\"ImageObject\",\"inLanguage\":\"pt-PT\",\"@id\":\"https:\/\/maismagazine.pt\/#\/schema\/logo\/image\/\",\"url\":\"http:\/\/maismagazine.pt\/wp-content\/uploads\/2020\/04\/cropped-cropped-mais-magazine-site-logo-2.png\",\"contentUrl\":\"http:\/\/maismagazine.pt\/wp-content\/uploads\/2020\/04\/cropped-cropped-mais-magazine-site-logo-2.png\",\"width\":581,\"height\":90,\"caption\":\"Mais Magazine\"},\"image\":{\"@id\":\"https:\/\/maismagazine.pt\/#\/schema\/logo\/image\/\"}},{\"@type\":\"Person\",\"@id\":\"https:\/\/maismagazine.pt\/#\/schema\/person\/7426e2caeb8df32a1b56aa48dae778c9\",\"name\":\"Tatiana Martins\",\"image\":{\"@type\":\"ImageObject\",\"inLanguage\":\"pt-PT\",\"@id\":\"https:\/\/maismagazine.pt\/#\/schema\/person\/image\/\",\"url\":\"https:\/\/secure.gravatar.com\/avatar\/4b24a57f5d0425f2eb20981c4b53244e?s=96&d=mm&r=g\",\"contentUrl\":\"https:\/\/secure.gravatar.com\/avatar\/4b24a57f5d0425f2eb20981c4b53244e?s=96&d=mm&r=g\",\"caption\":\"Tatiana Martins\"},\"url\":\"http:\/\/maismagazine.pt\/index.php\/author\/tatiana\/\"}]}<\/script>\n<!-- \/ Yoast SEO plugin. -->","yoast_head_json":{"title":"Inova\u00e7\u00e3o e proximidade ao servi\u00e7o da Justi\u00e7a - Mais Magazine","robots":{"index":"index","follow":"follow","max-snippet":"max-snippet:-1","max-image-preview":"max-image-preview:large","max-video-preview":"max-video-preview:-1"},"canonical":"https:\/\/maismagazine.pt\/index.php\/2025\/05\/23\/inovacao-e-proximidade-ao-servico-da-justica\/","og_locale":"pt_PT","og_type":"article","og_title":"Inova\u00e7\u00e3o e proximidade ao servi\u00e7o da Justi\u00e7a - Mais Magazine","og_description":"O Direito continua a ser, para muitos, uma \u00e1rea distante marcada por linguagem densa e processos morosos. Mas h\u00e1 profissionais que desafiam esse distanciamento, trazendo a Justi\u00e7a para mais perto das pessoas. \u00c9 o caso de Lu\u00edsa Teixeira que, desde 2006, lidera o Gabinete Jur\u00eddico LT. Um espa\u00e7o onde a&hellip;","og_url":"https:\/\/maismagazine.pt\/index.php\/2025\/05\/23\/inovacao-e-proximidade-ao-servico-da-justica\/","og_site_name":"Mais Magazine","article_published_time":"2025-05-23T06:00:00+00:00","og_image":[{"width":431,"height":575,"url":"https:\/\/maismagazine.pt\/wp-content\/uploads\/2025\/05\/250429R1_005-EV.jpg","type":"image\/jpeg"}],"author":"Tatiana Martins","twitter_card":"summary_large_image","twitter_misc":{"Escrito por":false,"Tempo estimado de leitura":"7 minutos"},"schema":{"@context":"https:\/\/schema.org","@graph":[{"@type":"Article","@id":"https:\/\/maismagazine.pt\/index.php\/2025\/05\/23\/inovacao-e-proximidade-ao-servico-da-justica\/#article","isPartOf":{"@id":"https:\/\/maismagazine.pt\/index.php\/2025\/05\/23\/inovacao-e-proximidade-ao-servico-da-justica\/"},"author":{"name":"Tatiana Martins","@id":"https:\/\/maismagazine.pt\/#\/schema\/person\/7426e2caeb8df32a1b56aa48dae778c9"},"headline":"Inova\u00e7\u00e3o e proximidade ao servi\u00e7o da Justi\u00e7a","datePublished":"2025-05-23T06:00:00+00:00","mainEntityOfPage":{"@id":"https:\/\/maismagazine.pt\/index.php\/2025\/05\/23\/inovacao-e-proximidade-ao-servico-da-justica\/"},"wordCount":1089,"publisher":{"@id":"https:\/\/maismagazine.pt\/#organization"},"image":{"@id":"https:\/\/maismagazine.pt\/index.php\/2025\/05\/23\/inovacao-e-proximidade-ao-servico-da-justica\/#primaryimage"},"thumbnailUrl":"http:\/\/maismagazine.pt\/wp-content\/uploads\/2025\/05\/250429R1_005-EV.jpg","keywords":["Advocacia","Direito","Gabinete Jur\u00eddico LT"],"articleSection":["Destaques"],"inLanguage":"pt-PT"},{"@type":"WebPage","@id":"https:\/\/maismagazine.pt\/index.php\/2025\/05\/23\/inovacao-e-proximidade-ao-servico-da-justica\/","url":"https:\/\/maismagazine.pt\/index.php\/2025\/05\/23\/inovacao-e-proximidade-ao-servico-da-justica\/","name":"Inova\u00e7\u00e3o e proximidade ao servi\u00e7o da Justi\u00e7a - Mais Magazine","isPartOf":{"@id":"https:\/\/maismagazine.pt\/#website"},"primaryImageOfPage":{"@id":"https:\/\/maismagazine.pt\/index.php\/2025\/05\/23\/inovacao-e-proximidade-ao-servico-da-justica\/#primaryimage"},"image":{"@id":"https:\/\/maismagazine.pt\/index.php\/2025\/05\/23\/inovacao-e-proximidade-ao-servico-da-justica\/#primaryimage"},"thumbnailUrl":"http:\/\/maismagazine.pt\/wp-content\/uploads\/2025\/05\/250429R1_005-EV.jpg","datePublished":"2025-05-23T06:00:00+00:00","breadcrumb":{"@id":"https:\/\/maismagazine.pt\/index.php\/2025\/05\/23\/inovacao-e-proximidade-ao-servico-da-justica\/#breadcrumb"},"inLanguage":"pt-PT","potentialAction":[{"@type":"ReadAction","target":["https:\/\/maismagazine.pt\/index.php\/2025\/05\/23\/inovacao-e-proximidade-ao-servico-da-justica\/"]}]},{"@type":"ImageObject","inLanguage":"pt-PT","@id":"https:\/\/maismagazine.pt\/index.php\/2025\/05\/23\/inovacao-e-proximidade-ao-servico-da-justica\/#primaryimage","url":"http:\/\/maismagazine.pt\/wp-content\/uploads\/2025\/05\/250429R1_005-EV.jpg","contentUrl":"http:\/\/maismagazine.pt\/wp-content\/uploads\/2025\/05\/250429R1_005-EV.jpg","width":431,"height":575,"caption":"Evoto"},{"@type":"BreadcrumbList","@id":"https:\/\/maismagazine.pt\/index.php\/2025\/05\/23\/inovacao-e-proximidade-ao-servico-da-justica\/#breadcrumb","itemListElement":[{"@type":"ListItem","position":1,"name":"Home","item":"https:\/\/maismagazine.pt\/"},{"@type":"ListItem","position":2,"name":"Inova\u00e7\u00e3o e proximidade ao servi\u00e7o da Justi\u00e7a"}]},{"@type":"WebSite","@id":"https:\/\/maismagazine.pt\/#website","url":"https:\/\/maismagazine.pt\/","name":"Mais Magazine","description":"","publisher":{"@id":"https:\/\/maismagazine.pt\/#organization"},"potentialAction":[{"@type":"SearchAction","target":{"@type":"EntryPoint","urlTemplate":"https:\/\/maismagazine.pt\/?s={search_term_string}"},"query-input":{"@type":"PropertyValueSpecification","valueRequired":true,"valueName":"search_term_string"}}],"inLanguage":"pt-PT"},{"@type":"Organization","@id":"https:\/\/maismagazine.pt\/#organization","name":"Mais Magazine","url":"https:\/\/maismagazine.pt\/","logo":{"@type":"ImageObject","inLanguage":"pt-PT","@id":"https:\/\/maismagazine.pt\/#\/schema\/logo\/image\/","url":"http:\/\/maismagazine.pt\/wp-content\/uploads\/2020\/04\/cropped-cropped-mais-magazine-site-logo-2.png","contentUrl":"http:\/\/maismagazine.pt\/wp-content\/uploads\/2020\/04\/cropped-cropped-mais-magazine-site-logo-2.png","width":581,"height":90,"caption":"Mais Magazine"},"image":{"@id":"https:\/\/maismagazine.pt\/#\/schema\/logo\/image\/"}},{"@type":"Person","@id":"https:\/\/maismagazine.pt\/#\/schema\/person\/7426e2caeb8df32a1b56aa48dae778c9","name":"Tatiana Martins","image":{"@type":"ImageObject","inLanguage":"pt-PT","@id":"https:\/\/maismagazine.pt\/#\/schema\/person\/image\/","url":"https:\/\/secure.gravatar.com\/avatar\/4b24a57f5d0425f2eb20981c4b53244e?s=96&d=mm&r=g","contentUrl":"https:\/\/secure.gravatar.com\/avatar\/4b24a57f5d0425f2eb20981c4b53244e?s=96&d=mm&r=g","caption":"Tatiana Martins"},"url":"http:\/\/maismagazine.pt\/index.php\/author\/tatiana\/"}]}},"author_meta":{"display_name":false,"author_link":"http:\/\/maismagazine.pt\/index.php\/author\/tatiana\/"},"featured_img":"http:\/\/maismagazine.pt\/wp-content\/uploads\/2025\/05\/250429R1_005-EV-225x300.jpg","coauthors":[],"tax_additional":{"categories":{"linked":["<a href=\"http:\/\/maismagazine.pt\/index.php\/category\/destaques\/\" class=\"advgb-post-tax-term\">Destaques<\/a>"],"unlinked":["<span class=\"advgb-post-tax-term\">Destaques<\/span>"]},"tags":{"linked":["<a href=\"http:\/\/maismagazine.pt\/index.php\/category\/destaques\/\" class=\"advgb-post-tax-term\">Advocacia<\/a>","<a href=\"http:\/\/maismagazine.pt\/index.php\/category\/destaques\/\" class=\"advgb-post-tax-term\">Direito<\/a>","<a href=\"http:\/\/maismagazine.pt\/index.php\/category\/destaques\/\" class=\"advgb-post-tax-term\">Gabinete Jur\u00eddico LT<\/a>"],"unlinked":["<span class=\"advgb-post-tax-term\">Advocacia<\/span>","<span class=\"advgb-post-tax-term\">Direito<\/span>","<span class=\"advgb-post-tax-term\">Gabinete Jur\u00eddico LT<\/span>"]}},"comment_count":"0","relative_dates":{"created":"Posted 11 meses ago","modified":"Updated 11 meses ago"},"absolute_dates":{"created":"Posted on 23 de Maio, 2025","modified":"Updated on 20 de Maio, 2025"},"absolute_dates_time":{"created":"Posted on 23 de Maio, 2025 7:00","modified":"Updated on 20 de Maio, 2025 16:23"},"featured_img_caption":"Evoto","series_order":"","_links":{"self":[{"href":"http:\/\/maismagazine.pt\/index.php\/wp-json\/wp\/v2\/posts\/12020","targetHints":{"allow":["GET"]}}],"collection":[{"href":"http:\/\/maismagazine.pt\/index.php\/wp-json\/wp\/v2\/posts"}],"about":[{"href":"http:\/\/maismagazine.pt\/index.php\/wp-json\/wp\/v2\/types\/post"}],"author":[{"embeddable":true,"href":"http:\/\/maismagazine.pt\/index.php\/wp-json\/wp\/v2\/users\/18"}],"replies":[{"embeddable":true,"href":"http:\/\/maismagazine.pt\/index.php\/wp-json\/wp\/v2\/comments?post=12020"}],"version-history":[{"count":1,"href":"http:\/\/maismagazine.pt\/index.php\/wp-json\/wp\/v2\/posts\/12020\/revisions"}],"predecessor-version":[{"id":12027,"href":"http:\/\/maismagazine.pt\/index.php\/wp-json\/wp\/v2\/posts\/12020\/revisions\/12027"}],"wp:featuredmedia":[{"embeddable":true,"href":"http:\/\/maismagazine.pt\/index.php\/wp-json\/wp\/v2\/media\/12021"}],"wp:attachment":[{"href":"http:\/\/maismagazine.pt\/index.php\/wp-json\/wp\/v2\/media?parent=12020"}],"wp:term":[{"taxonomy":"category","embeddable":true,"href":"http:\/\/maismagazine.pt\/index.php\/wp-json\/wp\/v2\/categories?post=12020"},{"taxonomy":"post_tag","embeddable":true,"href":"http:\/\/maismagazine.pt\/index.php\/wp-json\/wp\/v2\/tags?post=12020"}],"curies":[{"name":"wp","href":"https:\/\/api.w.org\/{rel}","templated":true}]}}