{"id":12016,"date":"2025-05-23T07:00:00","date_gmt":"2025-05-23T06:00:00","guid":{"rendered":"https:\/\/maismagazine.pt\/?p=12016"},"modified":"2025-06-04T15:20:11","modified_gmt":"2025-06-04T14:20:11","slug":"caldas-da-rainha-um-verao-mais-ameno-e-sustentavel","status":"publish","type":"post","link":"http:\/\/maismagazine.pt\/index.php\/2025\/05\/23\/caldas-da-rainha-um-verao-mais-ameno-e-sustentavel\/","title":{"rendered":"Caldas da Rainha &#8211; Um ver\u00e3o mais ameno e sustent\u00e1vel"},"content":{"rendered":"\n<p><strong>A Lagoa de \u00d3bidos \u00e9 o sistema lagunar costeiro mais extenso de Portugal, com cerca de 1040 hectares, alberga uma elevada biodiversidade &#8211; que inclui centenas de esp\u00e9cies de aves, mam\u00edferos, r\u00e9pteis, anf\u00edbios, peixes, invertebrados, algas, fungos e plantas \u2013 e \u00e9 tamb\u00e9m um dos geoss\u00edtios com interesse internacional do Geoparque Oeste da UNESCO. <\/strong><\/p>\n\n\n\n<p><\/p>\n\n\n\n<p><\/p>\n\n\n\n<p>Por ser uma extensa massa de \u00e1gua, a Lagoa tem uma influ\u00eancia direta no microclima da regi\u00e3o, tornando-o mais ameno para os veraneantes. Quem frequenta as praias do concelho de <a href=\"http:\/\/www.mcr.pt\">Caldas da Rainha<\/a> sabe que dificilmente sentir\u00e1 o calor sufocante de outras paragens, podendo desfrutar de dias mais amenos, com nevoeiro ao amanhecer e brisas carregadas de iodo e odor a mar. As praias da Foz do Arelho oferecem um extenso areal com espa\u00e7o para todos; a hip\u00f3tese de escolher entre \u00e1guas tranquilas, do lado da Lagoa, ou com ondula\u00e7\u00e3o, do lado do mar; e a possibilidade de praticar v\u00e1rios desportos como surf, windsurf, kitesurf, stand up paddle, vela, canoagem, futebol de praia, voleibol de praia, andebol de praia, trail running, ciclismo ou BTT. Durante a \u00e9poca balnear, as zonas costeiras e ribeirinhas recebem usualmente um grande fluxo de visitantes, o que acarreta uma maior press\u00e3o sobre os recursos naturais e os ecossistemas locais. Neste contexto, as autarquias desempenham um papel fundamental na promo\u00e7\u00e3o da sustentabilidade ambiental, atrav\u00e9s da implementa\u00e7\u00e3o de pol\u00edticas, a\u00e7\u00f5es educativas e de gest\u00e3o que visam equilibrar a frui\u00e7\u00e3o tur\u00edstica com a preserva\u00e7\u00e3o ambiental. Al\u00e9m de garantir a qualidade das \u00e1guas balneares, a limpeza das praias, a gest\u00e3o eficiente dos res\u00edduos e a manuten\u00e7\u00e3o das infraestruturas de apoio, o Munic\u00edpio das Caldas da Rainha assegura tamb\u00e9m a implementa\u00e7\u00e3o de diversas atividades de sensibiliza\u00e7\u00e3o e educa\u00e7\u00e3o ambiental. Por cumprirem os requisitos definidos pela Funda\u00e7\u00e3o para a Educa\u00e7\u00e3o Ambiental (FEE) relativamente \u00e0 qualidade ambiental, seguran\u00e7a, bem-estar, infraestruturas de apoio, informa\u00e7\u00e3o aos utentes e sensibiliza\u00e7\u00e3o ambiental, foi atribu\u00eddo o galard\u00e3o Bandeira Azul \u00e0s praias do Mar e da Lagoa (pela 36.\u00aa e 14.\u00aa vez, respetivamente). Ambas as praias receberam igualmente o galard\u00e3o de Praia Acess\u00edvel, atribu\u00eddo quando se verifica a exist\u00eancia de f\u00e1cil acesso pedonal, estacionamento ordenado com lugares para as viaturas ao servi\u00e7o das pessoas com defici\u00eancia, acesso \u00e0 zona de banhos de sol por n\u00edvel, por rampa ou com recurso a meios mec\u00e2nicos e ainda passadeiras no areal, sanit\u00e1rios e posto de socorros acess\u00edveis.  <\/p>\n\n\n\n<p><\/p>\n\n\n\n<p>O CILO \u2013 Centro de Interpreta\u00e7\u00e3o para a Lagoa de \u00d3bidos foi igualmente distinguido, pelo segundo ano consecutivo, pela Ag\u00eancia Portuguesa do Ambiente (APA) como um dos 23 \u201cCentro Azuis\u201d de Portugal, distin\u00e7\u00e3o atribu\u00edda a estruturas, localizadas na praia ou na sua proximidade, que prestam informa\u00e7\u00f5es e realizam atividades de Educa\u00e7\u00e3o Ambiental, especificamente, sobre a Bandeira Azul.  <\/p>\n\n\n\n<p><\/p>\n\n\n\n<figure class=\"wp-block-gallery has-nested-images columns-default is-cropped wp-block-gallery-1 is-layout-flex wp-block-gallery-is-layout-flex\">\n<figure class=\"wp-block-image size-large\"><img loading=\"lazy\" decoding=\"async\" width=\"687\" height=\"515\" data-id=\"12022\" src=\"https:\/\/maismagazine.pt\/wp-content\/uploads\/2025\/05\/Cais-palafitico-do-Nadadouro.jpg\" alt=\"\" class=\"wp-image-12022\" srcset=\"http:\/\/maismagazine.pt\/wp-content\/uploads\/2025\/05\/Cais-palafitico-do-Nadadouro.jpg 687w, http:\/\/maismagazine.pt\/wp-content\/uploads\/2025\/05\/Cais-palafitico-do-Nadadouro-300x225.jpg 300w\" sizes=\"auto, (max-width: 687px) 100vw, 687px\" \/><\/figure>\n\n\n\n<figure class=\"wp-block-image size-large\"><img loading=\"lazy\" decoding=\"async\" width=\"784\" height=\"588\" data-id=\"12023\" src=\"https:\/\/maismagazine.pt\/wp-content\/uploads\/2025\/05\/Lagoa-de-Obidos-e-praia-da-Foz-do-Arelho.jpg\" alt=\"\" class=\"wp-image-12023\" srcset=\"http:\/\/maismagazine.pt\/wp-content\/uploads\/2025\/05\/Lagoa-de-Obidos-e-praia-da-Foz-do-Arelho.jpg 784w, http:\/\/maismagazine.pt\/wp-content\/uploads\/2025\/05\/Lagoa-de-Obidos-e-praia-da-Foz-do-Arelho-300x225.jpg 300w, http:\/\/maismagazine.pt\/wp-content\/uploads\/2025\/05\/Lagoa-de-Obidos-e-praia-da-Foz-do-Arelho-768x576.jpg 768w\" sizes=\"auto, (max-width: 784px) 100vw, 784px\" \/><\/figure>\n<\/figure>\n\n\n\n<p><\/p>\n\n\n\n<p><\/p>\n\n\n\n<p>Na tentativa de conciliar, de forma sustent\u00e1vel, o lazer e a conserva\u00e7\u00e3o dos ecossistemas naturais, a \u00e9poca balnear de 2025 ser\u00e1 marcada pela dinamiza\u00e7\u00e3o de campanhas e atividades de sensibiliza\u00e7\u00e3o ambiental dirigidas a residentes e turistas, com o objetivo de promover boas pr\u00e1ticas como a recolha seletiva de res\u00edduos, a prote\u00e7\u00e3o da fauna e flora locais, o conhecimento do patrim\u00f3nio natural local, a ocupa\u00e7\u00e3o indevida de habitats sens\u00edveis e a sa\u00fade e bem-estar atrav\u00e9s da pr\u00e1tica desportiva: <\/p>\n\n\n\n<ul class=\"wp-block-list\">\n<li>Campanhas de sensibiliza\u00e7\u00e3o: \u201cVamos cort\u00e1-la do mapa\u201d \u2013 infografias sobre controlo da prolifera\u00e7\u00e3o da erva-das-pampas; \u201cVegeta\u00e7\u00e3o dunar: um escudo a preservar\u201d \u2013 sinal\u00e9tica e pain\u00e9is informativos sobre preserva\u00e7\u00e3o das dunas; \u201cO que \u00e9 da esplanada n\u00e3o voa para a praia\u201d \u2013 sinal\u00e9tica contra o arrastamento de lixo pelo vento, colocada nos bares e restaurantes de praia; \u201cN\u00e3o h\u00e1 Oceano B\u201d \u2013 placas informativas sobre lixo pl\u00e1stico;<\/li>\n\n\n\n<li>A\u00e7\u00f5es de sensibiliza\u00e7\u00e3o ambiental: jogos ambientais desenvolvidos no \u00e2mbito do Programa de voluntariado ambiental jovem; a\u00e7\u00e3o \u201cZero beatas\u201d \u2013 distribui\u00e7\u00e3o de cinzeiros artesanais e reutiliz\u00e1veis; a\u00e7\u00e3o \u201cO nosso amigo nadador-salvador\u201d sobre t\u00e9cnicas de salvamento e seguran\u00e7a balnear; passeio interpretativo de barco pela Lagoa de \u00d3bidos; percurso pedestre interpretativo pela Lagoa de \u00d3bidos; <\/li>\n\n\n\n<li>Promo\u00e7\u00e3o do conhecimento e conserva\u00e7\u00e3o dos valores naturais locais: \u201cProjeto Biolagoa\u201d \u2013 monitoriza\u00e7\u00e3o de aves aqu\u00e1ticas, com participa\u00e7\u00e3o do p\u00fablico; \u201cProjeto Peixes Nativos\u201d \u2013 monitoriza\u00e7\u00e3o de peixes de \u00e1gua doce, com participa\u00e7\u00e3o de p\u00fablico; \u201cProjeto Prospe\u00e7\u00e3o das jazidas jur\u00e1ssicas de Salir do Porto\u201d \u2013 trabalho de campo desenvolvido por investigadores e volunt\u00e1rios; programa educativo do Centro para a Interpreta\u00e7\u00e3o da Lagoa de \u00d3bidos \u2013 diversas atividades dirigidas a escolas e p\u00fablico geral;<\/li>\n\n\n\n<li>A\u00e7\u00f5es de limpeza costeira e do areal, incluindo monitoriza\u00e7\u00f5es do Projeto Coastwatch;<\/li>\n\n\n\n<li>A\u00e7\u00f5es de restauro de habitats: remo\u00e7\u00e3o de esp\u00e9cies invasoras \u2013 chor\u00e3o da praia nas dunas e erva-das-pampas em espa\u00e7os p\u00fablicos;<\/li>\n\n\n\n<li>Leituras e exposi\u00e7\u00f5es: Biblioteca de Praia, \u201cHora do Conto\u201d sobre conserva\u00e7\u00e3o da Natureza; exposi\u00e7\u00e3o fotogr\u00e1fica \u201cRestaurar para salvar\u201d \u2013 com imagens de esp\u00e9cies nativas que ser\u00e3o beneficiadas pelo restauro ambiental da Lagoa de \u00d3bidos; exposi\u00e7\u00e3o \u201cObjetivos de Desenvolvimento Sustent\u00e1vel\u201d pelas ruas da cidade;<\/li>\n\n\n\n<li>Caminhos da Rainha: rede de percursos pedestres e cicl\u00e1veis com cerca de 670km, em todo o concelho;<\/li>\n\n\n\n<li>Ver\u00e3o desportivo 2025 da Foz do Arelho: Open Day Centro N\u00e1utico da Foz do Arelho; Portugal Beach Handball Tour 2025 &#8211; etapa Foz Arelho; 5\u00aa Etapa Campeonato Nacional de Voleibol de Praia 2025; Campeonato Regional de T\u00e9nis de Praia; Est\u00e1gios de Kempo; Etapas de Futebol de Praia e Atividade de Tiro com Arco. <\/li>\n<\/ul>\n\n\n\n<p><\/p>\n\n\n\n<p>As medidas a adotar e as atividades programadas para a \u00e9poca balnear de 2025 visam assegurar uma conviv\u00eancia harmoniosa entre turismo, lazer e preserva\u00e7\u00e3o ambiental, promovendo o restauro da natureza e um modelo de desenvolvimento sustent\u00e1vel que beneficia tanto as popula\u00e7\u00f5es locais como os visitantes. Para isso, estabeleceram-se parcerias entre o Munic\u00edpio e associa\u00e7\u00f5es de Ambiente locais, empresas tur\u00edstico-mar\u00edtimas, agrupamentos escolares, grupos art\u00edsticos e da sociedade civil, focando a atua\u00e7\u00e3o na maximiza\u00e7\u00e3o do envolvimento da comunidade e dos veraneantes, contribuindo para uma sociedade mais respeitadora do Ambiente e refor\u00e7ando o papel de cada um na promo\u00e7\u00e3o da sustentabilidade ambiental e na conserva\u00e7\u00e3o da Natureza. <\/p>\n\n\n\n<p><\/p>\n\n\n\n<p><strong>Sugest\u00f5es de visita:<\/strong><\/p>\n\n\n\n<ul class=\"wp-block-list\">\n<li>Passadi\u00e7os da Foz do Arelho e Cais Palaf\u00edtico do Nadadouro \u2013 estruturas para caminhar junto ao mar e \u00e0 Lagoa.<\/li>\n\n\n\n<li>Duna de Salir do Porto \u2013 resultante da acumula\u00e7\u00e3o de areias transportadas pelo vento, \u00e9 a maior duna de Portugal, com cerca de 50 metros de altura.<\/li>\n\n\n\n<li>Jazidas jur\u00e1ssicas da Serra do Bouro &#8211; trilhos de pegadas pertencentes a v\u00e1rias esp\u00e9cies de dinossauros, com uma fabulosa vista para o Oceano Atl\u00e2ntico.<\/li>\n\n\n\n<li>Paul de Tornada \u2013 Zona h\u00famida com 54 hectares, classificada como S\u00edtio Ramsar e Reserva Natural Local, \u00e9 um ref\u00fagio para muitas esp\u00e9cies de plantas e animais, como gar\u00e7as, patos, lontras, c\u00e1gados-de-carapa\u00e7a-estriada ou enguias.<\/li>\n\n\n\n<li> Centro de Artes \u2013 formado por quatro museus distintos (ateliers &#8211; museus Ant\u00f3nio Duarte e Jo\u00e3o Fragoso, Museus Barata Feyo e Leopoldo de Almeida) que constituem um dos mais not\u00e1veis n\u00facleos de escultura do pa\u00eds.<\/li>\n\n\n\n<li>Hospital Termal &#8211; inaugurado em 1485, pela Rainha D. Leonor, \u00e9 o mais antigo hospital termal do mundo em atividade.<\/li>\n\n\n\n<li>Parque D. Carlos I &#8211; Criado em 1799 como Passeio da Copa para os doentes do Hospital Termal, mistura estilos e influ\u00eancias de v\u00e1rios momentos hist\u00f3ricos e per\u00edodos arquitet\u00f3nicos, inclui o Museu Jos\u00e9 Malhoa e disp\u00f5e de um grande lago para passeios de barco a remos.<\/li>\n\n\n\n<li>Mata Rainha D. Leonor \u2013 Plantada inicialmente no tempo de D. Leonor, abriga esp\u00e9cies como carvalhos, pinheiros e o maior platanal de Portugal. Com 17 hectares, \u00e9 um dos grandes pulm\u00f5es da cidade, e a origem das nascentes de \u00e1guas termais que abastecem o Hospital Termal. <\/li>\n<\/ul>\n\n\n<div class=\"wp-block-image\">\n<figure class=\"aligncenter size-full is-resized\"><img loading=\"lazy\" decoding=\"async\" width=\"388\" height=\"220\" src=\"https:\/\/maismagazine.pt\/wp-content\/uploads\/2025\/05\/image.png\" alt=\"\" class=\"wp-image-12030\" style=\"width:257px;height:auto\" srcset=\"http:\/\/maismagazine.pt\/wp-content\/uploads\/2025\/05\/image.png 388w, http:\/\/maismagazine.pt\/wp-content\/uploads\/2025\/05\/image-300x170.png 300w\" sizes=\"auto, (max-width: 388px) 100vw, 388px\" \/><\/figure><\/div>","protected":false},"excerpt":{"rendered":"<p>A Lagoa de \u00d3bidos \u00e9 o sistema lagunar costeiro mais extenso de Portugal, com cerca de 1040 hectares, alberga uma elevada biodiversidade &#8211; que inclui centenas de esp\u00e9cies de aves, mam\u00edferos, r\u00e9pteis, anf\u00edbios, peixes, invertebrados, algas, fungos e plantas \u2013 e \u00e9 tamb\u00e9m um dos geoss\u00edtios com interesse internacional do&hellip;<\/p>\n","protected":false},"author":17,"featured_media":12032,"comment_status":"closed","ping_status":"open","sticky":false,"template":"","format":"standard","meta":{"advgb_blocks_editor_width":"","advgb_blocks_columns_visual_guide":"","_monsterinsights_skip_tracking":false,"_monsterinsights_sitenote_active":false,"_monsterinsights_sitenote_note":"","_monsterinsights_sitenote_category":0,"footnotes":""},"categories":[722,78,53],"tags":[2034],"class_list":["post-12016","post","type-post","status-publish","format-standard","has-post-thumbnail","hentry","category-abae","category-ambiente-e-sustentabilidade","category-turismo-restaurantes","tag-cm-caldas-da-rainha"],"yoast_head":"<!-- This site is optimized with the Yoast SEO plugin v24.4 - https:\/\/yoast.com\/wordpress\/plugins\/seo\/ -->\n<title>Caldas da Rainha - Um ver\u00e3o mais ameno e sustent\u00e1vel - Mais Magazine<\/title>\n<meta name=\"description\" content=\"A Lagoa de \u00d3bidos \u00e9 o sistema lagunar costeiro mais extenso de Portugal, com cerca de 1040 hectares, alberga uma elevada biodiversidade - que inclui centenas de esp\u00e9cies de aves, mam\u00edferos, r\u00e9pteis, anf\u00edbios, peixes, invertebrados, algas, fungos e plantas \u2013 e \u00e9 tamb\u00e9m um dos geoss\u00edtios com interesse internacional do Geoparque Oeste da UNESCO.\" \/>\n<meta name=\"robots\" content=\"index, follow, max-snippet:-1, max-image-preview:large, max-video-preview:-1\" \/>\n<link rel=\"canonical\" href=\"http:\/\/maismagazine.pt\/index.php\/2025\/05\/23\/caldas-da-rainha-um-verao-mais-ameno-e-sustentavel\/\" \/>\n<meta property=\"og:locale\" content=\"pt_PT\" \/>\n<meta property=\"og:type\" content=\"article\" \/>\n<meta property=\"og:title\" content=\"Caldas da Rainha - Um ver\u00e3o mais ameno e sustent\u00e1vel - Mais Magazine\" \/>\n<meta property=\"og:description\" content=\"A Lagoa de \u00d3bidos \u00e9 o sistema lagunar costeiro mais extenso de Portugal, com cerca de 1040 hectares, alberga uma elevada biodiversidade - que inclui centenas de esp\u00e9cies de aves, mam\u00edferos, r\u00e9pteis, anf\u00edbios, peixes, invertebrados, algas, fungos e plantas \u2013 e \u00e9 tamb\u00e9m um dos geoss\u00edtios com interesse internacional do Geoparque Oeste da UNESCO.\" \/>\n<meta property=\"og:url\" content=\"http:\/\/maismagazine.pt\/index.php\/2025\/05\/23\/caldas-da-rainha-um-verao-mais-ameno-e-sustentavel\/\" \/>\n<meta property=\"og:site_name\" content=\"Mais Magazine\" \/>\n<meta property=\"article:published_time\" content=\"2025-05-23T06:00:00+00:00\" \/>\n<meta property=\"article:modified_time\" content=\"2025-06-04T14:20:11+00:00\" \/>\n<meta property=\"og:image\" content=\"http:\/\/maismagazine.pt\/wp-content\/uploads\/2025\/05\/Passadicos-da-Foz-do-Arelho.jpg\" \/>\n\t<meta property=\"og:image:width\" content=\"1050\" \/>\n\t<meta property=\"og:image:height\" content=\"699\" \/>\n\t<meta property=\"og:image:type\" content=\"image\/jpeg\" \/>\n<meta name=\"author\" content=\"Tiago Costa\" \/>\n<meta name=\"twitter:card\" content=\"summary_large_image\" \/>\n<meta name=\"twitter:label1\" content=\"Escrito por\" \/>\n\t<meta name=\"twitter:data1\" content=\"\" \/>\n\t<meta name=\"twitter:label2\" content=\"Tempo estimado de leitura\" \/>\n\t<meta name=\"twitter:data2\" content=\"8 minutos\" \/>\n<script type=\"application\/ld+json\" class=\"yoast-schema-graph\">{\"@context\":\"https:\/\/schema.org\",\"@graph\":[{\"@type\":\"Article\",\"@id\":\"http:\/\/maismagazine.pt\/index.php\/2025\/05\/23\/caldas-da-rainha-um-verao-mais-ameno-e-sustentavel\/#article\",\"isPartOf\":{\"@id\":\"http:\/\/maismagazine.pt\/index.php\/2025\/05\/23\/caldas-da-rainha-um-verao-mais-ameno-e-sustentavel\/\"},\"author\":{\"name\":\"Tiago Costa\",\"@id\":\"https:\/\/maismagazine.pt\/#\/schema\/person\/c6c5bfccc886434cbd11c74e035f9646\"},\"headline\":\"Caldas da Rainha &#8211; Um ver\u00e3o mais ameno e sustent\u00e1vel\",\"datePublished\":\"2025-05-23T06:00:00+00:00\",\"dateModified\":\"2025-06-04T14:20:11+00:00\",\"mainEntityOfPage\":{\"@id\":\"http:\/\/maismagazine.pt\/index.php\/2025\/05\/23\/caldas-da-rainha-um-verao-mais-ameno-e-sustentavel\/\"},\"wordCount\":1351,\"publisher\":{\"@id\":\"https:\/\/maismagazine.pt\/#organization\"},\"image\":{\"@id\":\"http:\/\/maismagazine.pt\/index.php\/2025\/05\/23\/caldas-da-rainha-um-verao-mais-ameno-e-sustentavel\/#primaryimage\"},\"thumbnailUrl\":\"http:\/\/maismagazine.pt\/wp-content\/uploads\/2025\/05\/Passadicos-da-Foz-do-Arelho.jpg\",\"keywords\":[\"CM Caldas da Rainha\"],\"articleSection\":[\"ABAE\",\"Ambiente e Sustentabilidade\",\"Turismo | Vinhos | Gastronomia\"],\"inLanguage\":\"pt-PT\"},{\"@type\":\"WebPage\",\"@id\":\"http:\/\/maismagazine.pt\/index.php\/2025\/05\/23\/caldas-da-rainha-um-verao-mais-ameno-e-sustentavel\/\",\"url\":\"http:\/\/maismagazine.pt\/index.php\/2025\/05\/23\/caldas-da-rainha-um-verao-mais-ameno-e-sustentavel\/\",\"name\":\"Caldas da Rainha - Um ver\u00e3o mais ameno e sustent\u00e1vel - Mais Magazine\",\"isPartOf\":{\"@id\":\"https:\/\/maismagazine.pt\/#website\"},\"primaryImageOfPage\":{\"@id\":\"http:\/\/maismagazine.pt\/index.php\/2025\/05\/23\/caldas-da-rainha-um-verao-mais-ameno-e-sustentavel\/#primaryimage\"},\"image\":{\"@id\":\"http:\/\/maismagazine.pt\/index.php\/2025\/05\/23\/caldas-da-rainha-um-verao-mais-ameno-e-sustentavel\/#primaryimage\"},\"thumbnailUrl\":\"http:\/\/maismagazine.pt\/wp-content\/uploads\/2025\/05\/Passadicos-da-Foz-do-Arelho.jpg\",\"datePublished\":\"2025-05-23T06:00:00+00:00\",\"dateModified\":\"2025-06-04T14:20:11+00:00\",\"description\":\"A Lagoa de \u00d3bidos \u00e9 o sistema lagunar costeiro mais extenso de Portugal, com cerca de 1040 hectares, alberga uma elevada biodiversidade - que inclui centenas de esp\u00e9cies de aves, mam\u00edferos, r\u00e9pteis, anf\u00edbios, peixes, invertebrados, algas, fungos e plantas \u2013 e \u00e9 tamb\u00e9m um dos geoss\u00edtios com interesse internacional do Geoparque Oeste da UNESCO.\",\"breadcrumb\":{\"@id\":\"http:\/\/maismagazine.pt\/index.php\/2025\/05\/23\/caldas-da-rainha-um-verao-mais-ameno-e-sustentavel\/#breadcrumb\"},\"inLanguage\":\"pt-PT\",\"potentialAction\":[{\"@type\":\"ReadAction\",\"target\":[\"http:\/\/maismagazine.pt\/index.php\/2025\/05\/23\/caldas-da-rainha-um-verao-mais-ameno-e-sustentavel\/\"]}]},{\"@type\":\"ImageObject\",\"inLanguage\":\"pt-PT\",\"@id\":\"http:\/\/maismagazine.pt\/index.php\/2025\/05\/23\/caldas-da-rainha-um-verao-mais-ameno-e-sustentavel\/#primaryimage\",\"url\":\"http:\/\/maismagazine.pt\/wp-content\/uploads\/2025\/05\/Passadicos-da-Foz-do-Arelho.jpg\",\"contentUrl\":\"http:\/\/maismagazine.pt\/wp-content\/uploads\/2025\/05\/Passadicos-da-Foz-do-Arelho.jpg\",\"width\":1050,\"height\":699,\"caption\":\"passadicos foz do arelho Roteiro percurso 3\"},{\"@type\":\"BreadcrumbList\",\"@id\":\"http:\/\/maismagazine.pt\/index.php\/2025\/05\/23\/caldas-da-rainha-um-verao-mais-ameno-e-sustentavel\/#breadcrumb\",\"itemListElement\":[{\"@type\":\"ListItem\",\"position\":1,\"name\":\"Home\",\"item\":\"https:\/\/maismagazine.pt\/\"},{\"@type\":\"ListItem\",\"position\":2,\"name\":\"Caldas da Rainha &#8211; Um ver\u00e3o mais ameno e sustent\u00e1vel\"}]},{\"@type\":\"WebSite\",\"@id\":\"https:\/\/maismagazine.pt\/#website\",\"url\":\"https:\/\/maismagazine.pt\/\",\"name\":\"Mais Magazine\",\"description\":\"\",\"publisher\":{\"@id\":\"https:\/\/maismagazine.pt\/#organization\"},\"potentialAction\":[{\"@type\":\"SearchAction\",\"target\":{\"@type\":\"EntryPoint\",\"urlTemplate\":\"https:\/\/maismagazine.pt\/?s={search_term_string}\"},\"query-input\":{\"@type\":\"PropertyValueSpecification\",\"valueRequired\":true,\"valueName\":\"search_term_string\"}}],\"inLanguage\":\"pt-PT\"},{\"@type\":\"Organization\",\"@id\":\"https:\/\/maismagazine.pt\/#organization\",\"name\":\"Mais Magazine\",\"url\":\"https:\/\/maismagazine.pt\/\",\"logo\":{\"@type\":\"ImageObject\",\"inLanguage\":\"pt-PT\",\"@id\":\"https:\/\/maismagazine.pt\/#\/schema\/logo\/image\/\",\"url\":\"http:\/\/maismagazine.pt\/wp-content\/uploads\/2020\/04\/cropped-cropped-mais-magazine-site-logo-2.png\",\"contentUrl\":\"http:\/\/maismagazine.pt\/wp-content\/uploads\/2020\/04\/cropped-cropped-mais-magazine-site-logo-2.png\",\"width\":581,\"height\":90,\"caption\":\"Mais Magazine\"},\"image\":{\"@id\":\"https:\/\/maismagazine.pt\/#\/schema\/logo\/image\/\"}},{\"@type\":\"Person\",\"@id\":\"https:\/\/maismagazine.pt\/#\/schema\/person\/c6c5bfccc886434cbd11c74e035f9646\",\"name\":\"Tiago Costa\",\"image\":{\"@type\":\"ImageObject\",\"inLanguage\":\"pt-PT\",\"@id\":\"https:\/\/maismagazine.pt\/#\/schema\/person\/image\/\",\"url\":\"https:\/\/secure.gravatar.com\/avatar\/c599b2bce16c9870429198cbad5ee022?s=96&d=mm&r=g\",\"contentUrl\":\"https:\/\/secure.gravatar.com\/avatar\/c599b2bce16c9870429198cbad5ee022?s=96&d=mm&r=g\",\"caption\":\"Tiago Costa\"},\"url\":\"http:\/\/maismagazine.pt\/index.php\/author\/tiago\/\"}]}<\/script>\n<!-- \/ Yoast SEO plugin. -->","yoast_head_json":{"title":"Caldas da Rainha - Um ver\u00e3o mais ameno e sustent\u00e1vel - Mais Magazine","description":"A Lagoa de \u00d3bidos \u00e9 o sistema lagunar costeiro mais extenso de Portugal, com cerca de 1040 hectares, alberga uma elevada biodiversidade - que inclui centenas de esp\u00e9cies de aves, mam\u00edferos, r\u00e9pteis, anf\u00edbios, peixes, invertebrados, algas, fungos e plantas \u2013 e \u00e9 tamb\u00e9m um dos geoss\u00edtios com interesse internacional do Geoparque Oeste da UNESCO.","robots":{"index":"index","follow":"follow","max-snippet":"max-snippet:-1","max-image-preview":"max-image-preview:large","max-video-preview":"max-video-preview:-1"},"canonical":"http:\/\/maismagazine.pt\/index.php\/2025\/05\/23\/caldas-da-rainha-um-verao-mais-ameno-e-sustentavel\/","og_locale":"pt_PT","og_type":"article","og_title":"Caldas da Rainha - Um ver\u00e3o mais ameno e sustent\u00e1vel - Mais Magazine","og_description":"A Lagoa de \u00d3bidos \u00e9 o sistema lagunar costeiro mais extenso de Portugal, com cerca de 1040 hectares, alberga uma elevada biodiversidade - que inclui centenas de esp\u00e9cies de aves, mam\u00edferos, r\u00e9pteis, anf\u00edbios, peixes, invertebrados, algas, fungos e plantas \u2013 e \u00e9 tamb\u00e9m um dos geoss\u00edtios com interesse internacional do Geoparque Oeste da UNESCO.","og_url":"http:\/\/maismagazine.pt\/index.php\/2025\/05\/23\/caldas-da-rainha-um-verao-mais-ameno-e-sustentavel\/","og_site_name":"Mais Magazine","article_published_time":"2025-05-23T06:00:00+00:00","article_modified_time":"2025-06-04T14:20:11+00:00","og_image":[{"width":1050,"height":699,"url":"http:\/\/maismagazine.pt\/wp-content\/uploads\/2025\/05\/Passadicos-da-Foz-do-Arelho.jpg","type":"image\/jpeg"}],"author":"Tiago Costa","twitter_card":"summary_large_image","twitter_misc":{"Escrito por":false,"Tempo estimado de leitura":"8 minutos"},"schema":{"@context":"https:\/\/schema.org","@graph":[{"@type":"Article","@id":"http:\/\/maismagazine.pt\/index.php\/2025\/05\/23\/caldas-da-rainha-um-verao-mais-ameno-e-sustentavel\/#article","isPartOf":{"@id":"http:\/\/maismagazine.pt\/index.php\/2025\/05\/23\/caldas-da-rainha-um-verao-mais-ameno-e-sustentavel\/"},"author":{"name":"Tiago Costa","@id":"https:\/\/maismagazine.pt\/#\/schema\/person\/c6c5bfccc886434cbd11c74e035f9646"},"headline":"Caldas da Rainha &#8211; Um ver\u00e3o mais ameno e sustent\u00e1vel","datePublished":"2025-05-23T06:00:00+00:00","dateModified":"2025-06-04T14:20:11+00:00","mainEntityOfPage":{"@id":"http:\/\/maismagazine.pt\/index.php\/2025\/05\/23\/caldas-da-rainha-um-verao-mais-ameno-e-sustentavel\/"},"wordCount":1351,"publisher":{"@id":"https:\/\/maismagazine.pt\/#organization"},"image":{"@id":"http:\/\/maismagazine.pt\/index.php\/2025\/05\/23\/caldas-da-rainha-um-verao-mais-ameno-e-sustentavel\/#primaryimage"},"thumbnailUrl":"http:\/\/maismagazine.pt\/wp-content\/uploads\/2025\/05\/Passadicos-da-Foz-do-Arelho.jpg","keywords":["CM Caldas da Rainha"],"articleSection":["ABAE","Ambiente e Sustentabilidade","Turismo | Vinhos | Gastronomia"],"inLanguage":"pt-PT"},{"@type":"WebPage","@id":"http:\/\/maismagazine.pt\/index.php\/2025\/05\/23\/caldas-da-rainha-um-verao-mais-ameno-e-sustentavel\/","url":"http:\/\/maismagazine.pt\/index.php\/2025\/05\/23\/caldas-da-rainha-um-verao-mais-ameno-e-sustentavel\/","name":"Caldas da Rainha - Um ver\u00e3o mais ameno e sustent\u00e1vel - Mais Magazine","isPartOf":{"@id":"https:\/\/maismagazine.pt\/#website"},"primaryImageOfPage":{"@id":"http:\/\/maismagazine.pt\/index.php\/2025\/05\/23\/caldas-da-rainha-um-verao-mais-ameno-e-sustentavel\/#primaryimage"},"image":{"@id":"http:\/\/maismagazine.pt\/index.php\/2025\/05\/23\/caldas-da-rainha-um-verao-mais-ameno-e-sustentavel\/#primaryimage"},"thumbnailUrl":"http:\/\/maismagazine.pt\/wp-content\/uploads\/2025\/05\/Passadicos-da-Foz-do-Arelho.jpg","datePublished":"2025-05-23T06:00:00+00:00","dateModified":"2025-06-04T14:20:11+00:00","description":"A Lagoa de \u00d3bidos \u00e9 o sistema lagunar costeiro mais extenso de Portugal, com cerca de 1040 hectares, alberga uma elevada biodiversidade - que inclui centenas de esp\u00e9cies de aves, mam\u00edferos, r\u00e9pteis, anf\u00edbios, peixes, invertebrados, algas, fungos e plantas \u2013 e \u00e9 tamb\u00e9m um dos geoss\u00edtios com interesse internacional do Geoparque Oeste da UNESCO.","breadcrumb":{"@id":"http:\/\/maismagazine.pt\/index.php\/2025\/05\/23\/caldas-da-rainha-um-verao-mais-ameno-e-sustentavel\/#breadcrumb"},"inLanguage":"pt-PT","potentialAction":[{"@type":"ReadAction","target":["http:\/\/maismagazine.pt\/index.php\/2025\/05\/23\/caldas-da-rainha-um-verao-mais-ameno-e-sustentavel\/"]}]},{"@type":"ImageObject","inLanguage":"pt-PT","@id":"http:\/\/maismagazine.pt\/index.php\/2025\/05\/23\/caldas-da-rainha-um-verao-mais-ameno-e-sustentavel\/#primaryimage","url":"http:\/\/maismagazine.pt\/wp-content\/uploads\/2025\/05\/Passadicos-da-Foz-do-Arelho.jpg","contentUrl":"http:\/\/maismagazine.pt\/wp-content\/uploads\/2025\/05\/Passadicos-da-Foz-do-Arelho.jpg","width":1050,"height":699,"caption":"passadicos foz do arelho Roteiro percurso 3"},{"@type":"BreadcrumbList","@id":"http:\/\/maismagazine.pt\/index.php\/2025\/05\/23\/caldas-da-rainha-um-verao-mais-ameno-e-sustentavel\/#breadcrumb","itemListElement":[{"@type":"ListItem","position":1,"name":"Home","item":"https:\/\/maismagazine.pt\/"},{"@type":"ListItem","position":2,"name":"Caldas da Rainha &#8211; Um ver\u00e3o mais ameno e sustent\u00e1vel"}]},{"@type":"WebSite","@id":"https:\/\/maismagazine.pt\/#website","url":"https:\/\/maismagazine.pt\/","name":"Mais Magazine","description":"","publisher":{"@id":"https:\/\/maismagazine.pt\/#organization"},"potentialAction":[{"@type":"SearchAction","target":{"@type":"EntryPoint","urlTemplate":"https:\/\/maismagazine.pt\/?s={search_term_string}"},"query-input":{"@type":"PropertyValueSpecification","valueRequired":true,"valueName":"search_term_string"}}],"inLanguage":"pt-PT"},{"@type":"Organization","@id":"https:\/\/maismagazine.pt\/#organization","name":"Mais Magazine","url":"https:\/\/maismagazine.pt\/","logo":{"@type":"ImageObject","inLanguage":"pt-PT","@id":"https:\/\/maismagazine.pt\/#\/schema\/logo\/image\/","url":"http:\/\/maismagazine.pt\/wp-content\/uploads\/2020\/04\/cropped-cropped-mais-magazine-site-logo-2.png","contentUrl":"http:\/\/maismagazine.pt\/wp-content\/uploads\/2020\/04\/cropped-cropped-mais-magazine-site-logo-2.png","width":581,"height":90,"caption":"Mais Magazine"},"image":{"@id":"https:\/\/maismagazine.pt\/#\/schema\/logo\/image\/"}},{"@type":"Person","@id":"https:\/\/maismagazine.pt\/#\/schema\/person\/c6c5bfccc886434cbd11c74e035f9646","name":"Tiago Costa","image":{"@type":"ImageObject","inLanguage":"pt-PT","@id":"https:\/\/maismagazine.pt\/#\/schema\/person\/image\/","url":"https:\/\/secure.gravatar.com\/avatar\/c599b2bce16c9870429198cbad5ee022?s=96&d=mm&r=g","contentUrl":"https:\/\/secure.gravatar.com\/avatar\/c599b2bce16c9870429198cbad5ee022?s=96&d=mm&r=g","caption":"Tiago Costa"},"url":"http:\/\/maismagazine.pt\/index.php\/author\/tiago\/"}]}},"author_meta":{"display_name":false,"author_link":"http:\/\/maismagazine.pt\/index.php\/author\/tiago\/"},"featured_img":"http:\/\/maismagazine.pt\/wp-content\/uploads\/2025\/05\/Passadicos-da-Foz-do-Arelho-300x200.jpg","coauthors":[],"tax_additional":{"categories":{"linked":["<a href=\"http:\/\/maismagazine.pt\/index.php\/category\/abae\/\" class=\"advgb-post-tax-term\">ABAE<\/a>","<a href=\"http:\/\/maismagazine.pt\/index.php\/category\/empreendedorismo\/ambiente-e-sustentabilidade\/\" class=\"advgb-post-tax-term\">Ambiente e Sustentabilidade<\/a>","<a href=\"http:\/\/maismagazine.pt\/index.php\/category\/turismo-restaurantes\/\" class=\"advgb-post-tax-term\">Turismo | Vinhos | Gastronomia<\/a>"],"unlinked":["<span class=\"advgb-post-tax-term\">ABAE<\/span>","<span class=\"advgb-post-tax-term\">Ambiente e Sustentabilidade<\/span>","<span class=\"advgb-post-tax-term\">Turismo | Vinhos | Gastronomia<\/span>"]},"tags":{"linked":["<a href=\"http:\/\/maismagazine.pt\/index.php\/category\/turismo-restaurantes\/\" class=\"advgb-post-tax-term\">CM Caldas da Rainha<\/a>"],"unlinked":["<span class=\"advgb-post-tax-term\">CM Caldas da Rainha<\/span>"]}},"comment_count":"0","relative_dates":{"created":"Posted 11 meses ago","modified":"Updated 11 meses ago"},"absolute_dates":{"created":"Posted on 23 de Maio, 2025","modified":"Updated on 4 de Junho, 2025"},"absolute_dates_time":{"created":"Posted on 23 de Maio, 2025 7:00","modified":"Updated on 4 de Junho, 2025 15:20"},"featured_img_caption":"passadicos foz do arelho\nRoteiro percurso 3","series_order":"","_links":{"self":[{"href":"http:\/\/maismagazine.pt\/index.php\/wp-json\/wp\/v2\/posts\/12016","targetHints":{"allow":["GET"]}}],"collection":[{"href":"http:\/\/maismagazine.pt\/index.php\/wp-json\/wp\/v2\/posts"}],"about":[{"href":"http:\/\/maismagazine.pt\/index.php\/wp-json\/wp\/v2\/types\/post"}],"author":[{"embeddable":true,"href":"http:\/\/maismagazine.pt\/index.php\/wp-json\/wp\/v2\/users\/17"}],"replies":[{"embeddable":true,"href":"http:\/\/maismagazine.pt\/index.php\/wp-json\/wp\/v2\/comments?post=12016"}],"version-history":[{"count":2,"href":"http:\/\/maismagazine.pt\/index.php\/wp-json\/wp\/v2\/posts\/12016\/revisions"}],"predecessor-version":[{"id":12033,"href":"http:\/\/maismagazine.pt\/index.php\/wp-json\/wp\/v2\/posts\/12016\/revisions\/12033"}],"wp:featuredmedia":[{"embeddable":true,"href":"http:\/\/maismagazine.pt\/index.php\/wp-json\/wp\/v2\/media\/12032"}],"wp:attachment":[{"href":"http:\/\/maismagazine.pt\/index.php\/wp-json\/wp\/v2\/media?parent=12016"}],"wp:term":[{"taxonomy":"category","embeddable":true,"href":"http:\/\/maismagazine.pt\/index.php\/wp-json\/wp\/v2\/categories?post=12016"},{"taxonomy":"post_tag","embeddable":true,"href":"http:\/\/maismagazine.pt\/index.php\/wp-json\/wp\/v2\/tags?post=12016"}],"curies":[{"name":"wp","href":"https:\/\/api.w.org\/{rel}","templated":true}]}}