{"id":11998,"date":"2025-05-23T07:00:00","date_gmt":"2025-05-23T06:00:00","guid":{"rendered":"https:\/\/maismagazine.pt\/?p=11998"},"modified":"2025-05-21T09:53:50","modified_gmt":"2025-05-21T08:53:50","slug":"justica-e-advocacia-com-o-cidadao-no-centro","status":"publish","type":"post","link":"http:\/\/maismagazine.pt\/index.php\/2025\/05\/23\/justica-e-advocacia-com-o-cidadao-no-centro\/","title":{"rendered":"Justi\u00e7a e Advocacia com o Cidad\u00e3o no centro"},"content":{"rendered":"\n<p>H\u00e1 uns anos, numa comunica\u00e7\u00e3o do Dia do Advogado, falei dos \u2018mitos\u2019 dos Advogados, uma li\u00e7\u00e3o de \u2018mitologia\u2019 que visava chamar a aten\u00e7\u00e3o para a (m\u00e1) perce\u00e7\u00e3o que o Cidad\u00e3o tem da profiss\u00e3o, ao contr\u00e1rio do que acontecia h\u00e1 umas dezenas de anos.<\/p>\n\n\n\n<p><\/p>\n\n\n\n<p>Os \u2018sete mitos\u2019 que apontei sobre aquilo em que as pessoas acreditam sobre Advogados \u00e9 que (i) \u201cs\u00e3o sempre caros\u201d, (ii) \u201cs\u00e3o todos mentirosos e manipuladores\u201d, (iii) \u201cs\u00e3o todos ricos\u201d, (iv) \u201cs\u00f3 querem saber de casos que d\u00e3o dinheiro e publicidade\u201d, (v) \u201caproveitam-se das trag\u00e9dias para ganhar dinheiro\u201d, (vi) \u201cinventam \u2018esquemas\u2019 para prolongar os processos\u201d e (vii) \u201cn\u00e3o s\u00e3o de confian\u00e7a\u201d.<\/p>\n\n\n\n<p><\/p>\n\n\n\n<p>Bem sabemos que a Justi\u00e7a e os seus agentes s\u00e3o uma das \u00e1reas em que os Cidad\u00e3os menos confiam. O Advogado \u00e9 um deles e h\u00e1 sobre o seu papel uma contradi\u00e7\u00e3o: j\u00e1 todos ouvimos algu\u00e9m elogiar o seu Advogado pessoal ou um Advogado amigo, mas dizer que n\u00e3o acredita na bondade da profiss\u00e3o. Se juntarmos a esta desconfian\u00e7a um Sistema de Justi\u00e7a de funcionamento complexo e linguagem incompreens\u00edvel, temos todos os elementos para uma \u2018tempestade perfeita\u2019. <\/p>\n\n\n\n<p><\/p>\n\n\n\n<p>N\u00e3o foi sempre assim, no passado. Tempos houve em que as pessoas sabiam que era importante ter um Advogado ao seu lado, nos neg\u00f3cios, mas tamb\u00e9m na vida privada. Hoje, a profiss\u00e3o nunca teve tanta exposi\u00e7\u00e3o medi\u00e1tica e t\u00e3o fraca reputa\u00e7\u00e3o &#8211; tamb\u00e9m por descuido e exagero de alguns, que se colocam em situa\u00e7\u00f5es que desprestigiam e descredibilizam a profiss\u00e3o, na busca dos seus 15 minutos de fama. <\/p>\n\n\n\n<p><\/p>\n\n\n\n<p>\u00c9 urgente provar que o Advogado faz a diferen\u00e7a em todos os momentos importantes da vida dos Cidad\u00e3os e empresas: tal como o m\u00e9dico de fam\u00edlia, todos dev\u00edamos ter um Advogado de fam\u00edlia que nos acompanhasse ao longo da vida. Para mudar essa vis\u00e3o \u00e9 tamb\u00e9m preciso capacitar a opini\u00e3o p\u00fablica para reconhecer a import\u00e2ncia do conselho e acompanhamento jur\u00eddicos, promover a desmistifica\u00e7\u00e3o da linguagem jur\u00eddica e dinamizar um modelo de comunica\u00e7\u00e3o p\u00fablica da Justi\u00e7a mais assertivo e acess\u00edvel. <\/p>\n\n\n\n<p><\/p>\n\n\n\n<p>A m\u00e1 comunica\u00e7\u00e3o do sistema judicial revela-se tamb\u00e9m na forma como as decis\u00f5es judiciais surgem nos Media: o que o Cidad\u00e3o acaba a entender da Advocacia \u00e9 apenas a parte m\u00e1 &#8211; os atrasos, as \u2018manobras\u2019, as decis\u00f5es incompreens\u00edveis. A parte boa fica \u2018soterrada\u2019 debaixo da \u2018avalanche\u2019 de casos medi\u00e1ticos em que o malfeitor parece sempre ganhar \u00e0 v\u00edtima. <\/p>\n\n\n\n<p><\/p>\n\n\n\n<p>Nestas condi\u00e7\u00f5es, o Cidad\u00e3o continuar\u00e1 a considerar que um Advogado n\u00e3o acrescenta nada de \u00fatil e que o aconselhamento jur\u00eddico e o recurso \u00e0 Justi\u00e7a, al\u00e9m de caro, \u00e9 in\u00fatil e contraproducente. Mas a verdade \u00e9 que o Advogado faz a diferen\u00e7a em todos os momentos importantes da vida: na regula\u00e7\u00e3o das rela\u00e7\u00f5es familiares, como o casamento e o div\u00f3rcio, na cria\u00e7\u00e3o de um neg\u00f3cio, na constitui\u00e7\u00e3o de empresa, na compra de uma casa, nas parcerias empresariais, etc.<\/p>\n\n\n\n<p><\/p>\n\n\n\n<p>Acredito que defender o papel e a import\u00e2ncia do Advogado \u00e9 tamb\u00e9m participar ativamente na reafirma\u00e7\u00e3o dos direitos sociais e c\u00edvicos dos Cidad\u00e3os, das empresas e das institui\u00e7\u00f5es e uma forma de contribuir para a boa e plena administra\u00e7\u00e3o da Justi\u00e7a.<\/p>\n\n\n\n<p><\/p>\n\n\n\n<p><em>Jo\u00e3o Massano, Baston\u00e1rio da Ordem dos Advogados<\/em><\/p>\n\n\n\n<p><\/p>\n\n\n<div class=\"wp-block-image\">\n<figure class=\"aligncenter size-full\"><img loading=\"lazy\" decoding=\"async\" width=\"275\" height=\"110\" src=\"https:\/\/maismagazine.pt\/wp-content\/uploads\/2025\/05\/logo-oa-big-1.png\" alt=\"\" class=\"wp-image-12001\"\/><\/figure><\/div>\n\n\n<p><\/p>\n","protected":false},"excerpt":{"rendered":"<p>H\u00e1 uns anos, numa comunica\u00e7\u00e3o do Dia do Advogado, falei dos \u2018mitos\u2019 dos Advogados, uma li\u00e7\u00e3o de \u2018mitologia\u2019 que visava chamar a aten\u00e7\u00e3o para a (m\u00e1) perce\u00e7\u00e3o que o Cidad\u00e3o tem da profiss\u00e3o, ao contr\u00e1rio do que acontecia h\u00e1 umas dezenas de anos. Os \u2018sete mitos\u2019 que apontei sobre aquilo&hellip;<\/p>\n","protected":false},"author":18,"featured_media":12000,"comment_status":"closed","ping_status":"open","sticky":false,"template":"","format":"standard","meta":{"advgb_blocks_editor_width":"","advgb_blocks_columns_visual_guide":"","_monsterinsights_skip_tracking":false,"_monsterinsights_sitenote_active":false,"_monsterinsights_sitenote_note":"","_monsterinsights_sitenote_category":0,"footnotes":""},"categories":[52,51],"tags":[1910,729,2327,2328],"class_list":["post-11998","post","type-post","status-publish","format-standard","has-post-thumbnail","hentry","category-destaque","category-opiniao","tag-advocacia","tag-direito","tag-justica","tag-ordem-dos-advogados"],"yoast_head":"<!-- This site is optimized with the Yoast SEO plugin v24.4 - https:\/\/yoast.com\/wordpress\/plugins\/seo\/ -->\n<title>Justi\u00e7a e Advocacia com o Cidad\u00e3o no centro - Mais Magazine<\/title>\n<meta name=\"robots\" content=\"index, follow, max-snippet:-1, max-image-preview:large, max-video-preview:-1\" \/>\n<link rel=\"canonical\" href=\"https:\/\/maismagazine.pt\/index.php\/2025\/05\/23\/justica-e-advocacia-com-o-cidadao-no-centro\/\" \/>\n<meta property=\"og:locale\" content=\"pt_PT\" \/>\n<meta property=\"og:type\" content=\"article\" \/>\n<meta property=\"og:title\" content=\"Justi\u00e7a e Advocacia com o Cidad\u00e3o no centro - Mais Magazine\" \/>\n<meta property=\"og:description\" content=\"H\u00e1 uns anos, numa comunica\u00e7\u00e3o do Dia do Advogado, falei dos \u2018mitos\u2019 dos Advogados, uma li\u00e7\u00e3o de \u2018mitologia\u2019 que visava chamar a aten\u00e7\u00e3o para a (m\u00e1) perce\u00e7\u00e3o que o Cidad\u00e3o tem da profiss\u00e3o, ao contr\u00e1rio do que acontecia h\u00e1 umas dezenas de anos. Os \u2018sete mitos\u2019 que apontei sobre aquilo&hellip;\" \/>\n<meta property=\"og:url\" content=\"https:\/\/maismagazine.pt\/index.php\/2025\/05\/23\/justica-e-advocacia-com-o-cidadao-no-centro\/\" \/>\n<meta property=\"og:site_name\" content=\"Mais Magazine\" \/>\n<meta property=\"article:published_time\" content=\"2025-05-23T06:00:00+00:00\" \/>\n<meta property=\"og:image\" content=\"https:\/\/maismagazine.pt\/wp-content\/uploads\/2025\/05\/Joao-Massano-Bastonario-da-Ordem-dos-Advogados.jpg\" \/>\n\t<meta property=\"og:image:width\" content=\"1080\" \/>\n\t<meta property=\"og:image:height\" content=\"1080\" \/>\n\t<meta property=\"og:image:type\" content=\"image\/jpeg\" \/>\n<meta name=\"author\" content=\"Tatiana Martins\" \/>\n<meta name=\"twitter:card\" content=\"summary_large_image\" \/>\n<meta name=\"twitter:label1\" content=\"Escrito por\" \/>\n\t<meta name=\"twitter:data1\" content=\"\" \/>\n\t<meta name=\"twitter:label2\" content=\"Tempo estimado de leitura\" \/>\n\t<meta name=\"twitter:data2\" content=\"4 minutos\" \/>\n<script type=\"application\/ld+json\" class=\"yoast-schema-graph\">{\"@context\":\"https:\/\/schema.org\",\"@graph\":[{\"@type\":\"Article\",\"@id\":\"https:\/\/maismagazine.pt\/index.php\/2025\/05\/23\/justica-e-advocacia-com-o-cidadao-no-centro\/#article\",\"isPartOf\":{\"@id\":\"https:\/\/maismagazine.pt\/index.php\/2025\/05\/23\/justica-e-advocacia-com-o-cidadao-no-centro\/\"},\"author\":{\"name\":\"Tatiana Martins\",\"@id\":\"https:\/\/maismagazine.pt\/#\/schema\/person\/7426e2caeb8df32a1b56aa48dae778c9\"},\"headline\":\"Justi\u00e7a e Advocacia com o Cidad\u00e3o no centro\",\"datePublished\":\"2025-05-23T06:00:00+00:00\",\"mainEntityOfPage\":{\"@id\":\"https:\/\/maismagazine.pt\/index.php\/2025\/05\/23\/justica-e-advocacia-com-o-cidadao-no-centro\/\"},\"wordCount\":598,\"publisher\":{\"@id\":\"https:\/\/maismagazine.pt\/#organization\"},\"image\":{\"@id\":\"https:\/\/maismagazine.pt\/index.php\/2025\/05\/23\/justica-e-advocacia-com-o-cidadao-no-centro\/#primaryimage\"},\"thumbnailUrl\":\"http:\/\/maismagazine.pt\/wp-content\/uploads\/2025\/05\/Joao-Massano-Bastonario-da-Ordem-dos-Advogados.jpg\",\"keywords\":[\"Advocacia\",\"Direito\",\"Justi\u00e7a\",\"Ordem dos Advogados\"],\"articleSection\":[\"Destaque lateral\",\"Opini\u00e3o\"],\"inLanguage\":\"pt-PT\"},{\"@type\":\"WebPage\",\"@id\":\"https:\/\/maismagazine.pt\/index.php\/2025\/05\/23\/justica-e-advocacia-com-o-cidadao-no-centro\/\",\"url\":\"https:\/\/maismagazine.pt\/index.php\/2025\/05\/23\/justica-e-advocacia-com-o-cidadao-no-centro\/\",\"name\":\"Justi\u00e7a e Advocacia com o Cidad\u00e3o no centro - Mais Magazine\",\"isPartOf\":{\"@id\":\"https:\/\/maismagazine.pt\/#website\"},\"primaryImageOfPage\":{\"@id\":\"https:\/\/maismagazine.pt\/index.php\/2025\/05\/23\/justica-e-advocacia-com-o-cidadao-no-centro\/#primaryimage\"},\"image\":{\"@id\":\"https:\/\/maismagazine.pt\/index.php\/2025\/05\/23\/justica-e-advocacia-com-o-cidadao-no-centro\/#primaryimage\"},\"thumbnailUrl\":\"http:\/\/maismagazine.pt\/wp-content\/uploads\/2025\/05\/Joao-Massano-Bastonario-da-Ordem-dos-Advogados.jpg\",\"datePublished\":\"2025-05-23T06:00:00+00:00\",\"breadcrumb\":{\"@id\":\"https:\/\/maismagazine.pt\/index.php\/2025\/05\/23\/justica-e-advocacia-com-o-cidadao-no-centro\/#breadcrumb\"},\"inLanguage\":\"pt-PT\",\"potentialAction\":[{\"@type\":\"ReadAction\",\"target\":[\"https:\/\/maismagazine.pt\/index.php\/2025\/05\/23\/justica-e-advocacia-com-o-cidadao-no-centro\/\"]}]},{\"@type\":\"ImageObject\",\"inLanguage\":\"pt-PT\",\"@id\":\"https:\/\/maismagazine.pt\/index.php\/2025\/05\/23\/justica-e-advocacia-com-o-cidadao-no-centro\/#primaryimage\",\"url\":\"http:\/\/maismagazine.pt\/wp-content\/uploads\/2025\/05\/Joao-Massano-Bastonario-da-Ordem-dos-Advogados.jpg\",\"contentUrl\":\"http:\/\/maismagazine.pt\/wp-content\/uploads\/2025\/05\/Joao-Massano-Bastonario-da-Ordem-dos-Advogados.jpg\",\"width\":1080,\"height\":1080},{\"@type\":\"BreadcrumbList\",\"@id\":\"https:\/\/maismagazine.pt\/index.php\/2025\/05\/23\/justica-e-advocacia-com-o-cidadao-no-centro\/#breadcrumb\",\"itemListElement\":[{\"@type\":\"ListItem\",\"position\":1,\"name\":\"Home\",\"item\":\"https:\/\/maismagazine.pt\/\"},{\"@type\":\"ListItem\",\"position\":2,\"name\":\"Justi\u00e7a e Advocacia com o Cidad\u00e3o no centro\"}]},{\"@type\":\"WebSite\",\"@id\":\"https:\/\/maismagazine.pt\/#website\",\"url\":\"https:\/\/maismagazine.pt\/\",\"name\":\"Mais Magazine\",\"description\":\"\",\"publisher\":{\"@id\":\"https:\/\/maismagazine.pt\/#organization\"},\"potentialAction\":[{\"@type\":\"SearchAction\",\"target\":{\"@type\":\"EntryPoint\",\"urlTemplate\":\"https:\/\/maismagazine.pt\/?s={search_term_string}\"},\"query-input\":{\"@type\":\"PropertyValueSpecification\",\"valueRequired\":true,\"valueName\":\"search_term_string\"}}],\"inLanguage\":\"pt-PT\"},{\"@type\":\"Organization\",\"@id\":\"https:\/\/maismagazine.pt\/#organization\",\"name\":\"Mais Magazine\",\"url\":\"https:\/\/maismagazine.pt\/\",\"logo\":{\"@type\":\"ImageObject\",\"inLanguage\":\"pt-PT\",\"@id\":\"https:\/\/maismagazine.pt\/#\/schema\/logo\/image\/\",\"url\":\"http:\/\/maismagazine.pt\/wp-content\/uploads\/2020\/04\/cropped-cropped-mais-magazine-site-logo-2.png\",\"contentUrl\":\"http:\/\/maismagazine.pt\/wp-content\/uploads\/2020\/04\/cropped-cropped-mais-magazine-site-logo-2.png\",\"width\":581,\"height\":90,\"caption\":\"Mais Magazine\"},\"image\":{\"@id\":\"https:\/\/maismagazine.pt\/#\/schema\/logo\/image\/\"}},{\"@type\":\"Person\",\"@id\":\"https:\/\/maismagazine.pt\/#\/schema\/person\/7426e2caeb8df32a1b56aa48dae778c9\",\"name\":\"Tatiana Martins\",\"image\":{\"@type\":\"ImageObject\",\"inLanguage\":\"pt-PT\",\"@id\":\"https:\/\/maismagazine.pt\/#\/schema\/person\/image\/\",\"url\":\"https:\/\/secure.gravatar.com\/avatar\/4b24a57f5d0425f2eb20981c4b53244e?s=96&d=mm&r=g\",\"contentUrl\":\"https:\/\/secure.gravatar.com\/avatar\/4b24a57f5d0425f2eb20981c4b53244e?s=96&d=mm&r=g\",\"caption\":\"Tatiana Martins\"},\"url\":\"http:\/\/maismagazine.pt\/index.php\/author\/tatiana\/\"}]}<\/script>\n<!-- \/ Yoast SEO plugin. -->","yoast_head_json":{"title":"Justi\u00e7a e Advocacia com o Cidad\u00e3o no centro - Mais Magazine","robots":{"index":"index","follow":"follow","max-snippet":"max-snippet:-1","max-image-preview":"max-image-preview:large","max-video-preview":"max-video-preview:-1"},"canonical":"https:\/\/maismagazine.pt\/index.php\/2025\/05\/23\/justica-e-advocacia-com-o-cidadao-no-centro\/","og_locale":"pt_PT","og_type":"article","og_title":"Justi\u00e7a e Advocacia com o Cidad\u00e3o no centro - Mais Magazine","og_description":"H\u00e1 uns anos, numa comunica\u00e7\u00e3o do Dia do Advogado, falei dos \u2018mitos\u2019 dos Advogados, uma li\u00e7\u00e3o de \u2018mitologia\u2019 que visava chamar a aten\u00e7\u00e3o para a (m\u00e1) perce\u00e7\u00e3o que o Cidad\u00e3o tem da profiss\u00e3o, ao contr\u00e1rio do que acontecia h\u00e1 umas dezenas de anos. Os \u2018sete mitos\u2019 que apontei sobre aquilo&hellip;","og_url":"https:\/\/maismagazine.pt\/index.php\/2025\/05\/23\/justica-e-advocacia-com-o-cidadao-no-centro\/","og_site_name":"Mais Magazine","article_published_time":"2025-05-23T06:00:00+00:00","og_image":[{"width":1080,"height":1080,"url":"https:\/\/maismagazine.pt\/wp-content\/uploads\/2025\/05\/Joao-Massano-Bastonario-da-Ordem-dos-Advogados.jpg","type":"image\/jpeg"}],"author":"Tatiana Martins","twitter_card":"summary_large_image","twitter_misc":{"Escrito por":false,"Tempo estimado de leitura":"4 minutos"},"schema":{"@context":"https:\/\/schema.org","@graph":[{"@type":"Article","@id":"https:\/\/maismagazine.pt\/index.php\/2025\/05\/23\/justica-e-advocacia-com-o-cidadao-no-centro\/#article","isPartOf":{"@id":"https:\/\/maismagazine.pt\/index.php\/2025\/05\/23\/justica-e-advocacia-com-o-cidadao-no-centro\/"},"author":{"name":"Tatiana Martins","@id":"https:\/\/maismagazine.pt\/#\/schema\/person\/7426e2caeb8df32a1b56aa48dae778c9"},"headline":"Justi\u00e7a e Advocacia com o Cidad\u00e3o no centro","datePublished":"2025-05-23T06:00:00+00:00","mainEntityOfPage":{"@id":"https:\/\/maismagazine.pt\/index.php\/2025\/05\/23\/justica-e-advocacia-com-o-cidadao-no-centro\/"},"wordCount":598,"publisher":{"@id":"https:\/\/maismagazine.pt\/#organization"},"image":{"@id":"https:\/\/maismagazine.pt\/index.php\/2025\/05\/23\/justica-e-advocacia-com-o-cidadao-no-centro\/#primaryimage"},"thumbnailUrl":"http:\/\/maismagazine.pt\/wp-content\/uploads\/2025\/05\/Joao-Massano-Bastonario-da-Ordem-dos-Advogados.jpg","keywords":["Advocacia","Direito","Justi\u00e7a","Ordem dos Advogados"],"articleSection":["Destaque lateral","Opini\u00e3o"],"inLanguage":"pt-PT"},{"@type":"WebPage","@id":"https:\/\/maismagazine.pt\/index.php\/2025\/05\/23\/justica-e-advocacia-com-o-cidadao-no-centro\/","url":"https:\/\/maismagazine.pt\/index.php\/2025\/05\/23\/justica-e-advocacia-com-o-cidadao-no-centro\/","name":"Justi\u00e7a e Advocacia com o Cidad\u00e3o no centro - Mais Magazine","isPartOf":{"@id":"https:\/\/maismagazine.pt\/#website"},"primaryImageOfPage":{"@id":"https:\/\/maismagazine.pt\/index.php\/2025\/05\/23\/justica-e-advocacia-com-o-cidadao-no-centro\/#primaryimage"},"image":{"@id":"https:\/\/maismagazine.pt\/index.php\/2025\/05\/23\/justica-e-advocacia-com-o-cidadao-no-centro\/#primaryimage"},"thumbnailUrl":"http:\/\/maismagazine.pt\/wp-content\/uploads\/2025\/05\/Joao-Massano-Bastonario-da-Ordem-dos-Advogados.jpg","datePublished":"2025-05-23T06:00:00+00:00","breadcrumb":{"@id":"https:\/\/maismagazine.pt\/index.php\/2025\/05\/23\/justica-e-advocacia-com-o-cidadao-no-centro\/#breadcrumb"},"inLanguage":"pt-PT","potentialAction":[{"@type":"ReadAction","target":["https:\/\/maismagazine.pt\/index.php\/2025\/05\/23\/justica-e-advocacia-com-o-cidadao-no-centro\/"]}]},{"@type":"ImageObject","inLanguage":"pt-PT","@id":"https:\/\/maismagazine.pt\/index.php\/2025\/05\/23\/justica-e-advocacia-com-o-cidadao-no-centro\/#primaryimage","url":"http:\/\/maismagazine.pt\/wp-content\/uploads\/2025\/05\/Joao-Massano-Bastonario-da-Ordem-dos-Advogados.jpg","contentUrl":"http:\/\/maismagazine.pt\/wp-content\/uploads\/2025\/05\/Joao-Massano-Bastonario-da-Ordem-dos-Advogados.jpg","width":1080,"height":1080},{"@type":"BreadcrumbList","@id":"https:\/\/maismagazine.pt\/index.php\/2025\/05\/23\/justica-e-advocacia-com-o-cidadao-no-centro\/#breadcrumb","itemListElement":[{"@type":"ListItem","position":1,"name":"Home","item":"https:\/\/maismagazine.pt\/"},{"@type":"ListItem","position":2,"name":"Justi\u00e7a e Advocacia com o Cidad\u00e3o no centro"}]},{"@type":"WebSite","@id":"https:\/\/maismagazine.pt\/#website","url":"https:\/\/maismagazine.pt\/","name":"Mais Magazine","description":"","publisher":{"@id":"https:\/\/maismagazine.pt\/#organization"},"potentialAction":[{"@type":"SearchAction","target":{"@type":"EntryPoint","urlTemplate":"https:\/\/maismagazine.pt\/?s={search_term_string}"},"query-input":{"@type":"PropertyValueSpecification","valueRequired":true,"valueName":"search_term_string"}}],"inLanguage":"pt-PT"},{"@type":"Organization","@id":"https:\/\/maismagazine.pt\/#organization","name":"Mais Magazine","url":"https:\/\/maismagazine.pt\/","logo":{"@type":"ImageObject","inLanguage":"pt-PT","@id":"https:\/\/maismagazine.pt\/#\/schema\/logo\/image\/","url":"http:\/\/maismagazine.pt\/wp-content\/uploads\/2020\/04\/cropped-cropped-mais-magazine-site-logo-2.png","contentUrl":"http:\/\/maismagazine.pt\/wp-content\/uploads\/2020\/04\/cropped-cropped-mais-magazine-site-logo-2.png","width":581,"height":90,"caption":"Mais Magazine"},"image":{"@id":"https:\/\/maismagazine.pt\/#\/schema\/logo\/image\/"}},{"@type":"Person","@id":"https:\/\/maismagazine.pt\/#\/schema\/person\/7426e2caeb8df32a1b56aa48dae778c9","name":"Tatiana Martins","image":{"@type":"ImageObject","inLanguage":"pt-PT","@id":"https:\/\/maismagazine.pt\/#\/schema\/person\/image\/","url":"https:\/\/secure.gravatar.com\/avatar\/4b24a57f5d0425f2eb20981c4b53244e?s=96&d=mm&r=g","contentUrl":"https:\/\/secure.gravatar.com\/avatar\/4b24a57f5d0425f2eb20981c4b53244e?s=96&d=mm&r=g","caption":"Tatiana Martins"},"url":"http:\/\/maismagazine.pt\/index.php\/author\/tatiana\/"}]}},"author_meta":{"display_name":false,"author_link":"http:\/\/maismagazine.pt\/index.php\/author\/tatiana\/"},"featured_img":"http:\/\/maismagazine.pt\/wp-content\/uploads\/2025\/05\/Joao-Massano-Bastonario-da-Ordem-dos-Advogados-300x300.jpg","coauthors":[],"tax_additional":{"categories":{"linked":["<a href=\"http:\/\/maismagazine.pt\/index.php\/category\/destaque\/\" class=\"advgb-post-tax-term\">Destaque lateral<\/a>","<a href=\"http:\/\/maismagazine.pt\/index.php\/category\/noticias\/opiniao\/\" class=\"advgb-post-tax-term\">Opini\u00e3o<\/a>"],"unlinked":["<span class=\"advgb-post-tax-term\">Destaque lateral<\/span>","<span class=\"advgb-post-tax-term\">Opini\u00e3o<\/span>"]},"tags":{"linked":["<a href=\"http:\/\/maismagazine.pt\/index.php\/category\/noticias\/opiniao\/\" class=\"advgb-post-tax-term\">Advocacia<\/a>","<a href=\"http:\/\/maismagazine.pt\/index.php\/category\/noticias\/opiniao\/\" class=\"advgb-post-tax-term\">Direito<\/a>","<a href=\"http:\/\/maismagazine.pt\/index.php\/category\/noticias\/opiniao\/\" class=\"advgb-post-tax-term\">Justi\u00e7a<\/a>","<a href=\"http:\/\/maismagazine.pt\/index.php\/category\/noticias\/opiniao\/\" class=\"advgb-post-tax-term\">Ordem dos Advogados<\/a>"],"unlinked":["<span class=\"advgb-post-tax-term\">Advocacia<\/span>","<span class=\"advgb-post-tax-term\">Direito<\/span>","<span class=\"advgb-post-tax-term\">Justi\u00e7a<\/span>","<span class=\"advgb-post-tax-term\">Ordem dos Advogados<\/span>"]}},"comment_count":"0","relative_dates":{"created":"Posted 11 meses ago","modified":"Updated 11 meses ago"},"absolute_dates":{"created":"Posted on 23 de Maio, 2025","modified":"Updated on 21 de Maio, 2025"},"absolute_dates_time":{"created":"Posted on 23 de Maio, 2025 7:00","modified":"Updated on 21 de Maio, 2025 9:53"},"featured_img_caption":"","series_order":"","_links":{"self":[{"href":"http:\/\/maismagazine.pt\/index.php\/wp-json\/wp\/v2\/posts\/11998","targetHints":{"allow":["GET"]}}],"collection":[{"href":"http:\/\/maismagazine.pt\/index.php\/wp-json\/wp\/v2\/posts"}],"about":[{"href":"http:\/\/maismagazine.pt\/index.php\/wp-json\/wp\/v2\/types\/post"}],"author":[{"embeddable":true,"href":"http:\/\/maismagazine.pt\/index.php\/wp-json\/wp\/v2\/users\/18"}],"replies":[{"embeddable":true,"href":"http:\/\/maismagazine.pt\/index.php\/wp-json\/wp\/v2\/comments?post=11998"}],"version-history":[{"count":1,"href":"http:\/\/maismagazine.pt\/index.php\/wp-json\/wp\/v2\/posts\/11998\/revisions"}],"predecessor-version":[{"id":12002,"href":"http:\/\/maismagazine.pt\/index.php\/wp-json\/wp\/v2\/posts\/11998\/revisions\/12002"}],"wp:featuredmedia":[{"embeddable":true,"href":"http:\/\/maismagazine.pt\/index.php\/wp-json\/wp\/v2\/media\/12000"}],"wp:attachment":[{"href":"http:\/\/maismagazine.pt\/index.php\/wp-json\/wp\/v2\/media?parent=11998"}],"wp:term":[{"taxonomy":"category","embeddable":true,"href":"http:\/\/maismagazine.pt\/index.php\/wp-json\/wp\/v2\/categories?post=11998"},{"taxonomy":"post_tag","embeddable":true,"href":"http:\/\/maismagazine.pt\/index.php\/wp-json\/wp\/v2\/tags?post=11998"}],"curies":[{"name":"wp","href":"https:\/\/api.w.org\/{rel}","templated":true}]}}