{"id":11993,"date":"2025-05-23T07:00:00","date_gmt":"2025-05-23T06:00:00","guid":{"rendered":"https:\/\/maismagazine.pt\/?p=11993"},"modified":"2025-05-19T15:03:30","modified_gmt":"2025-05-19T14:03:30","slug":"nao-ha-estado-de-direito-sem-uma-advocacia-independente","status":"publish","type":"post","link":"http:\/\/maismagazine.pt\/index.php\/2025\/05\/23\/nao-ha-estado-de-direito-sem-uma-advocacia-independente\/","title":{"rendered":"N\u00e3o h\u00e1 Estado de Direito sem uma Advocacia independente!"},"content":{"rendered":"\n<p>No atual momento cada vez mais se torna evidente que a defesa das Liberdades e da Justi\u00e7a, em suma, do Estado de Direito, se torna uma prioridade, face aos in\u00fameros ataques que tem sofrido, mesmo em regi\u00f5es onde menos se poderia esperar. <\/p>\n\n\n\n<p><\/p>\n\n\n\n<p>As recentes press\u00f5es do Governo Federal Norte Americano junto de v\u00e1rias Sociedades de Advogados para que alterassem as suas pol\u00edticas em defesa de minorias, \u00e9 apenas mais um epis\u00f3dio recente e demonstrativo de que n\u00e3o podemos dar por adquirido o Estado de Direito, mesmo em sociedades democr\u00e1ticas e tradicionalmente defensores dos direitos, liberdades e garantias.\u00c9 sintom\u00e1tico, por\u00e9m e infelizmente, que o ataque \u00e0s Liberdades e \u00e0 Justi\u00e7a comece sempre por um ataque aos Advogados! Isto s\u00f3 demonstra que n\u00e3o h\u00e1 Liberdade e Justi\u00e7a sem uma Advocacia independente e forte.<\/p>\n\n\n\n<p><\/p>\n\n\n\n<p>H\u00e1 situa\u00e7\u00f5es mais evidentes que outras, onde os Advogados s\u00e3o mesmo assassinados, presos, impedidos de defender os seus cidad\u00e3os, restringidos na sua atividade. Mas h\u00e1 outras situa\u00e7\u00f5es, n\u00e3o menos graves, onde o ataque \u00e0 Advocacia se come\u00e7a a fazer de forma mais dissimulada.<\/p>\n\n\n\n<p><\/p>\n\n\n\n<p>Entendemos que, neste \u00faltimo caso, se encontra a recente cria\u00e7\u00e3o de um \u00f3rg\u00e3o de supervis\u00e3o, com poderes de aprecia\u00e7\u00e3o da legalidade da atividade dos restantes \u00f3rg\u00e3os estatut\u00e1rios das Ordens Profissionais, tal como foi introduzido pela Lei n.\u00ba 12\/2023, de 28 de mar\u00e7o. Pela sua composi\u00e7\u00e3o (maioria de n\u00e3o Advogados) e pelas suas largas compet\u00eancias (aprecia\u00e7\u00e3o da legalidade da atua\u00e7\u00e3o dos \u00f3rg\u00e3os da Ordem), este novo \u00f3rg\u00e3o tem a potencialidade de poder limitar o direito \u00e0 auto-organiza\u00e7\u00e3o da Ordem dos Advogados e, como tal, a independ\u00eancia da Advocacia.<\/p>\n\n\n\n<p><\/p>\n\n\n\n<p>A isto, tem de se acrescentar a inexist\u00eancia de capacidade da Ordem dos Advogados na gest\u00e3o do regime do Apoio ao Direito, onde apenas lhe \u00e9 consentido designar os Colegas, mas n\u00e3o o pagamento dos seus servi\u00e7os, com as perniciosas consequ\u00eancias em termos de sistem\u00e1tica n\u00e3o atualiza\u00e7\u00e3o do valor dos honor\u00e1rios e do atraso nos pagamentos, ainda concentrados nas m\u00e3os do Estado.<\/p>\n\n\n\n<p><\/p>\n\n\n\n<p>N\u00e3o menos relevante, acrescente-se a subvers\u00e3o da permanente constitui\u00e7\u00e3o de Advogados como arguidos, com \u00fanica finalidade de tentativa de acesso aos documentos do seu Cliente, na sua posse, que deveriam ser confidenciais e protegidos, para defesa do acesso \u00e0 Justi\u00e7a!<\/p>\n\n\n\n<p><\/p>\n\n\n\n<p>Tamb\u00e9m, o tratamento legislativo do Advogado como obrigat\u00f3rio delator do seu Cliente, por quest\u00f5es fiscais, com preteri\u00e7\u00e3o do dever de segredo, fundamental tamb\u00e9m para prote\u00e7\u00e3o do acesso \u00e0 Justi\u00e7a. O que j\u00e1 recebeu a cr\u00edtica violenta por parte de Tribunais da Uni\u00e3o Europeia.<\/p>\n\n\n\n<p><\/p>\n\n\n\n<p>Por \u00faltimo, \u00e9 igualmente de criticar o condicionamento da atua\u00e7\u00e3o das Sociedades de Advogados pela via fiscal, mantendo um regime legal violador da Constitui\u00e7\u00e3o, arcaico, n\u00e3o neutro, desatualizado, in\u00edquo, criador de desigualdades e violador da concorr\u00eancia, que s\u00f3 restringe o fortalecimento das Sociedades, a cria\u00e7\u00e3o de postos de trabalho e o investimento. Todas estas situa\u00e7\u00f5es, que se verificam em Portugal, atentam contra a necess\u00e1ria independ\u00eancia do Advogado e merecem ser afrontadas, criticadas e revertidas.<\/p>\n\n\n\n<p><\/p>\n\n\n\n<p>Tudo pela defesa das Liberdades e da Justi\u00e7a, enfim, do Estado de Direito!<\/p>\n\n\n\n<p><\/p>\n\n\n\n<p><em>Jos\u00e9 Lu\u00eds Moreira da Silva, Presidente do Conselho Diretivo ASAP &#8211; Associa\u00e7\u00e3o das Sociedades de Advogados de Portugal<\/em><\/p>\n\n\n\n<p><\/p>\n\n\n<div class=\"wp-block-image\">\n<figure class=\"aligncenter size-full is-resized\"><img loading=\"lazy\" decoding=\"async\" width=\"800\" height=\"209\" src=\"https:\/\/maismagazine.pt\/wp-content\/uploads\/2025\/05\/1729245673799-1.jpg\" alt=\"\" class=\"wp-image-11996\" style=\"width:333px;height:auto\" srcset=\"http:\/\/maismagazine.pt\/wp-content\/uploads\/2025\/05\/1729245673799-1.jpg 800w, http:\/\/maismagazine.pt\/wp-content\/uploads\/2025\/05\/1729245673799-1-300x78.jpg 300w, http:\/\/maismagazine.pt\/wp-content\/uploads\/2025\/05\/1729245673799-1-768x201.jpg 768w\" sizes=\"auto, (max-width: 800px) 100vw, 800px\" \/><\/figure><\/div>\n\n\n<p><\/p>\n","protected":false},"excerpt":{"rendered":"<p>No atual momento cada vez mais se torna evidente que a defesa das Liberdades e da Justi\u00e7a, em suma, do Estado de Direito, se torna uma prioridade, face aos in\u00fameros ataques que tem sofrido, mesmo em regi\u00f5es onde menos se poderia esperar. As recentes press\u00f5es do Governo Federal Norte Americano&hellip;<\/p>\n","protected":false},"author":18,"featured_media":11995,"comment_status":"closed","ping_status":"open","sticky":false,"template":"","format":"standard","meta":{"advgb_blocks_editor_width":"","advgb_blocks_columns_visual_guide":"","_monsterinsights_skip_tracking":false,"_monsterinsights_sitenote_active":false,"_monsterinsights_sitenote_note":"","_monsterinsights_sitenote_category":0,"footnotes":""},"categories":[52,51],"tags":[1910,2357,729,2327],"class_list":["post-11993","post","type-post","status-publish","format-standard","has-post-thumbnail","hentry","category-destaque","category-opiniao","tag-advocacia","tag-asap","tag-direito","tag-justica"],"yoast_head":"<!-- This site is optimized with the Yoast SEO plugin v24.4 - https:\/\/yoast.com\/wordpress\/plugins\/seo\/ -->\n<title>N\u00e3o h\u00e1 Estado de Direito sem uma Advocacia independente! - Mais Magazine<\/title>\n<meta name=\"robots\" content=\"index, follow, max-snippet:-1, max-image-preview:large, max-video-preview:-1\" \/>\n<link rel=\"canonical\" href=\"https:\/\/maismagazine.pt\/index.php\/2025\/05\/23\/nao-ha-estado-de-direito-sem-uma-advocacia-independente\/\" \/>\n<meta property=\"og:locale\" content=\"pt_PT\" \/>\n<meta property=\"og:type\" content=\"article\" \/>\n<meta property=\"og:title\" content=\"N\u00e3o h\u00e1 Estado de Direito sem uma Advocacia independente! - Mais Magazine\" \/>\n<meta property=\"og:description\" content=\"No atual momento cada vez mais se torna evidente que a defesa das Liberdades e da Justi\u00e7a, em suma, do Estado de Direito, se torna uma prioridade, face aos in\u00fameros ataques que tem sofrido, mesmo em regi\u00f5es onde menos se poderia esperar. As recentes press\u00f5es do Governo Federal Norte Americano&hellip;\" \/>\n<meta property=\"og:url\" content=\"https:\/\/maismagazine.pt\/index.php\/2025\/05\/23\/nao-ha-estado-de-direito-sem-uma-advocacia-independente\/\" \/>\n<meta property=\"og:site_name\" content=\"Mais Magazine\" \/>\n<meta property=\"article:published_time\" content=\"2025-05-23T06:00:00+00:00\" \/>\n<meta property=\"og:image\" content=\"https:\/\/maismagazine.pt\/wp-content\/uploads\/2025\/05\/Jose-Luis-Moreira-da-Silva1_jpg-1.jpg\" \/>\n\t<meta property=\"og:image:width\" content=\"422\" \/>\n\t<meta property=\"og:image:height\" content=\"480\" \/>\n\t<meta property=\"og:image:type\" content=\"image\/jpeg\" \/>\n<meta name=\"author\" content=\"Tatiana Martins\" \/>\n<meta name=\"twitter:card\" content=\"summary_large_image\" \/>\n<meta name=\"twitter:label1\" content=\"Escrito por\" \/>\n\t<meta name=\"twitter:data1\" content=\"\" \/>\n\t<meta name=\"twitter:label2\" content=\"Tempo estimado de leitura\" \/>\n\t<meta name=\"twitter:data2\" content=\"4 minutos\" \/>\n<script type=\"application\/ld+json\" class=\"yoast-schema-graph\">{\"@context\":\"https:\/\/schema.org\",\"@graph\":[{\"@type\":\"Article\",\"@id\":\"https:\/\/maismagazine.pt\/index.php\/2025\/05\/23\/nao-ha-estado-de-direito-sem-uma-advocacia-independente\/#article\",\"isPartOf\":{\"@id\":\"https:\/\/maismagazine.pt\/index.php\/2025\/05\/23\/nao-ha-estado-de-direito-sem-uma-advocacia-independente\/\"},\"author\":{\"name\":\"Tatiana Martins\",\"@id\":\"https:\/\/maismagazine.pt\/#\/schema\/person\/7426e2caeb8df32a1b56aa48dae778c9\"},\"headline\":\"N\u00e3o h\u00e1 Estado de Direito sem uma Advocacia independente!\",\"datePublished\":\"2025-05-23T06:00:00+00:00\",\"mainEntityOfPage\":{\"@id\":\"https:\/\/maismagazine.pt\/index.php\/2025\/05\/23\/nao-ha-estado-de-direito-sem-uma-advocacia-independente\/\"},\"wordCount\":582,\"publisher\":{\"@id\":\"https:\/\/maismagazine.pt\/#organization\"},\"image\":{\"@id\":\"https:\/\/maismagazine.pt\/index.php\/2025\/05\/23\/nao-ha-estado-de-direito-sem-uma-advocacia-independente\/#primaryimage\"},\"thumbnailUrl\":\"http:\/\/maismagazine.pt\/wp-content\/uploads\/2025\/05\/Jose-Luis-Moreira-da-Silva1_jpg-1.jpg\",\"keywords\":[\"Advocacia\",\"ASAP\",\"Direito\",\"Justi\u00e7a\"],\"articleSection\":[\"Destaque lateral\",\"Opini\u00e3o\"],\"inLanguage\":\"pt-PT\"},{\"@type\":\"WebPage\",\"@id\":\"https:\/\/maismagazine.pt\/index.php\/2025\/05\/23\/nao-ha-estado-de-direito-sem-uma-advocacia-independente\/\",\"url\":\"https:\/\/maismagazine.pt\/index.php\/2025\/05\/23\/nao-ha-estado-de-direito-sem-uma-advocacia-independente\/\",\"name\":\"N\u00e3o h\u00e1 Estado de Direito sem uma Advocacia independente! - Mais Magazine\",\"isPartOf\":{\"@id\":\"https:\/\/maismagazine.pt\/#website\"},\"primaryImageOfPage\":{\"@id\":\"https:\/\/maismagazine.pt\/index.php\/2025\/05\/23\/nao-ha-estado-de-direito-sem-uma-advocacia-independente\/#primaryimage\"},\"image\":{\"@id\":\"https:\/\/maismagazine.pt\/index.php\/2025\/05\/23\/nao-ha-estado-de-direito-sem-uma-advocacia-independente\/#primaryimage\"},\"thumbnailUrl\":\"http:\/\/maismagazine.pt\/wp-content\/uploads\/2025\/05\/Jose-Luis-Moreira-da-Silva1_jpg-1.jpg\",\"datePublished\":\"2025-05-23T06:00:00+00:00\",\"breadcrumb\":{\"@id\":\"https:\/\/maismagazine.pt\/index.php\/2025\/05\/23\/nao-ha-estado-de-direito-sem-uma-advocacia-independente\/#breadcrumb\"},\"inLanguage\":\"pt-PT\",\"potentialAction\":[{\"@type\":\"ReadAction\",\"target\":[\"https:\/\/maismagazine.pt\/index.php\/2025\/05\/23\/nao-ha-estado-de-direito-sem-uma-advocacia-independente\/\"]}]},{\"@type\":\"ImageObject\",\"inLanguage\":\"pt-PT\",\"@id\":\"https:\/\/maismagazine.pt\/index.php\/2025\/05\/23\/nao-ha-estado-de-direito-sem-uma-advocacia-independente\/#primaryimage\",\"url\":\"http:\/\/maismagazine.pt\/wp-content\/uploads\/2025\/05\/Jose-Luis-Moreira-da-Silva1_jpg-1.jpg\",\"contentUrl\":\"http:\/\/maismagazine.pt\/wp-content\/uploads\/2025\/05\/Jose-Luis-Moreira-da-Silva1_jpg-1.jpg\",\"width\":422,\"height\":480},{\"@type\":\"BreadcrumbList\",\"@id\":\"https:\/\/maismagazine.pt\/index.php\/2025\/05\/23\/nao-ha-estado-de-direito-sem-uma-advocacia-independente\/#breadcrumb\",\"itemListElement\":[{\"@type\":\"ListItem\",\"position\":1,\"name\":\"Home\",\"item\":\"https:\/\/maismagazine.pt\/\"},{\"@type\":\"ListItem\",\"position\":2,\"name\":\"N\u00e3o h\u00e1 Estado de Direito sem uma Advocacia independente!\"}]},{\"@type\":\"WebSite\",\"@id\":\"https:\/\/maismagazine.pt\/#website\",\"url\":\"https:\/\/maismagazine.pt\/\",\"name\":\"Mais Magazine\",\"description\":\"\",\"publisher\":{\"@id\":\"https:\/\/maismagazine.pt\/#organization\"},\"potentialAction\":[{\"@type\":\"SearchAction\",\"target\":{\"@type\":\"EntryPoint\",\"urlTemplate\":\"https:\/\/maismagazine.pt\/?s={search_term_string}\"},\"query-input\":{\"@type\":\"PropertyValueSpecification\",\"valueRequired\":true,\"valueName\":\"search_term_string\"}}],\"inLanguage\":\"pt-PT\"},{\"@type\":\"Organization\",\"@id\":\"https:\/\/maismagazine.pt\/#organization\",\"name\":\"Mais Magazine\",\"url\":\"https:\/\/maismagazine.pt\/\",\"logo\":{\"@type\":\"ImageObject\",\"inLanguage\":\"pt-PT\",\"@id\":\"https:\/\/maismagazine.pt\/#\/schema\/logo\/image\/\",\"url\":\"http:\/\/maismagazine.pt\/wp-content\/uploads\/2020\/04\/cropped-cropped-mais-magazine-site-logo-2.png\",\"contentUrl\":\"http:\/\/maismagazine.pt\/wp-content\/uploads\/2020\/04\/cropped-cropped-mais-magazine-site-logo-2.png\",\"width\":581,\"height\":90,\"caption\":\"Mais Magazine\"},\"image\":{\"@id\":\"https:\/\/maismagazine.pt\/#\/schema\/logo\/image\/\"}},{\"@type\":\"Person\",\"@id\":\"https:\/\/maismagazine.pt\/#\/schema\/person\/7426e2caeb8df32a1b56aa48dae778c9\",\"name\":\"Tatiana Martins\",\"image\":{\"@type\":\"ImageObject\",\"inLanguage\":\"pt-PT\",\"@id\":\"https:\/\/maismagazine.pt\/#\/schema\/person\/image\/\",\"url\":\"https:\/\/secure.gravatar.com\/avatar\/4b24a57f5d0425f2eb20981c4b53244e?s=96&d=mm&r=g\",\"contentUrl\":\"https:\/\/secure.gravatar.com\/avatar\/4b24a57f5d0425f2eb20981c4b53244e?s=96&d=mm&r=g\",\"caption\":\"Tatiana Martins\"},\"url\":\"http:\/\/maismagazine.pt\/index.php\/author\/tatiana\/\"}]}<\/script>\n<!-- \/ Yoast SEO plugin. -->","yoast_head_json":{"title":"N\u00e3o h\u00e1 Estado de Direito sem uma Advocacia independente! - Mais Magazine","robots":{"index":"index","follow":"follow","max-snippet":"max-snippet:-1","max-image-preview":"max-image-preview:large","max-video-preview":"max-video-preview:-1"},"canonical":"https:\/\/maismagazine.pt\/index.php\/2025\/05\/23\/nao-ha-estado-de-direito-sem-uma-advocacia-independente\/","og_locale":"pt_PT","og_type":"article","og_title":"N\u00e3o h\u00e1 Estado de Direito sem uma Advocacia independente! - Mais Magazine","og_description":"No atual momento cada vez mais se torna evidente que a defesa das Liberdades e da Justi\u00e7a, em suma, do Estado de Direito, se torna uma prioridade, face aos in\u00fameros ataques que tem sofrido, mesmo em regi\u00f5es onde menos se poderia esperar. As recentes press\u00f5es do Governo Federal Norte Americano&hellip;","og_url":"https:\/\/maismagazine.pt\/index.php\/2025\/05\/23\/nao-ha-estado-de-direito-sem-uma-advocacia-independente\/","og_site_name":"Mais Magazine","article_published_time":"2025-05-23T06:00:00+00:00","og_image":[{"width":422,"height":480,"url":"https:\/\/maismagazine.pt\/wp-content\/uploads\/2025\/05\/Jose-Luis-Moreira-da-Silva1_jpg-1.jpg","type":"image\/jpeg"}],"author":"Tatiana Martins","twitter_card":"summary_large_image","twitter_misc":{"Escrito por":false,"Tempo estimado de leitura":"4 minutos"},"schema":{"@context":"https:\/\/schema.org","@graph":[{"@type":"Article","@id":"https:\/\/maismagazine.pt\/index.php\/2025\/05\/23\/nao-ha-estado-de-direito-sem-uma-advocacia-independente\/#article","isPartOf":{"@id":"https:\/\/maismagazine.pt\/index.php\/2025\/05\/23\/nao-ha-estado-de-direito-sem-uma-advocacia-independente\/"},"author":{"name":"Tatiana Martins","@id":"https:\/\/maismagazine.pt\/#\/schema\/person\/7426e2caeb8df32a1b56aa48dae778c9"},"headline":"N\u00e3o h\u00e1 Estado de Direito sem uma Advocacia independente!","datePublished":"2025-05-23T06:00:00+00:00","mainEntityOfPage":{"@id":"https:\/\/maismagazine.pt\/index.php\/2025\/05\/23\/nao-ha-estado-de-direito-sem-uma-advocacia-independente\/"},"wordCount":582,"publisher":{"@id":"https:\/\/maismagazine.pt\/#organization"},"image":{"@id":"https:\/\/maismagazine.pt\/index.php\/2025\/05\/23\/nao-ha-estado-de-direito-sem-uma-advocacia-independente\/#primaryimage"},"thumbnailUrl":"http:\/\/maismagazine.pt\/wp-content\/uploads\/2025\/05\/Jose-Luis-Moreira-da-Silva1_jpg-1.jpg","keywords":["Advocacia","ASAP","Direito","Justi\u00e7a"],"articleSection":["Destaque lateral","Opini\u00e3o"],"inLanguage":"pt-PT"},{"@type":"WebPage","@id":"https:\/\/maismagazine.pt\/index.php\/2025\/05\/23\/nao-ha-estado-de-direito-sem-uma-advocacia-independente\/","url":"https:\/\/maismagazine.pt\/index.php\/2025\/05\/23\/nao-ha-estado-de-direito-sem-uma-advocacia-independente\/","name":"N\u00e3o h\u00e1 Estado de Direito sem uma Advocacia independente! - Mais Magazine","isPartOf":{"@id":"https:\/\/maismagazine.pt\/#website"},"primaryImageOfPage":{"@id":"https:\/\/maismagazine.pt\/index.php\/2025\/05\/23\/nao-ha-estado-de-direito-sem-uma-advocacia-independente\/#primaryimage"},"image":{"@id":"https:\/\/maismagazine.pt\/index.php\/2025\/05\/23\/nao-ha-estado-de-direito-sem-uma-advocacia-independente\/#primaryimage"},"thumbnailUrl":"http:\/\/maismagazine.pt\/wp-content\/uploads\/2025\/05\/Jose-Luis-Moreira-da-Silva1_jpg-1.jpg","datePublished":"2025-05-23T06:00:00+00:00","breadcrumb":{"@id":"https:\/\/maismagazine.pt\/index.php\/2025\/05\/23\/nao-ha-estado-de-direito-sem-uma-advocacia-independente\/#breadcrumb"},"inLanguage":"pt-PT","potentialAction":[{"@type":"ReadAction","target":["https:\/\/maismagazine.pt\/index.php\/2025\/05\/23\/nao-ha-estado-de-direito-sem-uma-advocacia-independente\/"]}]},{"@type":"ImageObject","inLanguage":"pt-PT","@id":"https:\/\/maismagazine.pt\/index.php\/2025\/05\/23\/nao-ha-estado-de-direito-sem-uma-advocacia-independente\/#primaryimage","url":"http:\/\/maismagazine.pt\/wp-content\/uploads\/2025\/05\/Jose-Luis-Moreira-da-Silva1_jpg-1.jpg","contentUrl":"http:\/\/maismagazine.pt\/wp-content\/uploads\/2025\/05\/Jose-Luis-Moreira-da-Silva1_jpg-1.jpg","width":422,"height":480},{"@type":"BreadcrumbList","@id":"https:\/\/maismagazine.pt\/index.php\/2025\/05\/23\/nao-ha-estado-de-direito-sem-uma-advocacia-independente\/#breadcrumb","itemListElement":[{"@type":"ListItem","position":1,"name":"Home","item":"https:\/\/maismagazine.pt\/"},{"@type":"ListItem","position":2,"name":"N\u00e3o h\u00e1 Estado de Direito sem uma Advocacia independente!"}]},{"@type":"WebSite","@id":"https:\/\/maismagazine.pt\/#website","url":"https:\/\/maismagazine.pt\/","name":"Mais Magazine","description":"","publisher":{"@id":"https:\/\/maismagazine.pt\/#organization"},"potentialAction":[{"@type":"SearchAction","target":{"@type":"EntryPoint","urlTemplate":"https:\/\/maismagazine.pt\/?s={search_term_string}"},"query-input":{"@type":"PropertyValueSpecification","valueRequired":true,"valueName":"search_term_string"}}],"inLanguage":"pt-PT"},{"@type":"Organization","@id":"https:\/\/maismagazine.pt\/#organization","name":"Mais Magazine","url":"https:\/\/maismagazine.pt\/","logo":{"@type":"ImageObject","inLanguage":"pt-PT","@id":"https:\/\/maismagazine.pt\/#\/schema\/logo\/image\/","url":"http:\/\/maismagazine.pt\/wp-content\/uploads\/2020\/04\/cropped-cropped-mais-magazine-site-logo-2.png","contentUrl":"http:\/\/maismagazine.pt\/wp-content\/uploads\/2020\/04\/cropped-cropped-mais-magazine-site-logo-2.png","width":581,"height":90,"caption":"Mais Magazine"},"image":{"@id":"https:\/\/maismagazine.pt\/#\/schema\/logo\/image\/"}},{"@type":"Person","@id":"https:\/\/maismagazine.pt\/#\/schema\/person\/7426e2caeb8df32a1b56aa48dae778c9","name":"Tatiana Martins","image":{"@type":"ImageObject","inLanguage":"pt-PT","@id":"https:\/\/maismagazine.pt\/#\/schema\/person\/image\/","url":"https:\/\/secure.gravatar.com\/avatar\/4b24a57f5d0425f2eb20981c4b53244e?s=96&d=mm&r=g","contentUrl":"https:\/\/secure.gravatar.com\/avatar\/4b24a57f5d0425f2eb20981c4b53244e?s=96&d=mm&r=g","caption":"Tatiana Martins"},"url":"http:\/\/maismagazine.pt\/index.php\/author\/tatiana\/"}]}},"author_meta":{"display_name":false,"author_link":"http:\/\/maismagazine.pt\/index.php\/author\/tatiana\/"},"featured_img":"http:\/\/maismagazine.pt\/wp-content\/uploads\/2025\/05\/Jose-Luis-Moreira-da-Silva1_jpg-1-264x300.jpg","coauthors":[],"tax_additional":{"categories":{"linked":["<a href=\"http:\/\/maismagazine.pt\/index.php\/category\/destaque\/\" class=\"advgb-post-tax-term\">Destaque lateral<\/a>","<a href=\"http:\/\/maismagazine.pt\/index.php\/category\/noticias\/opiniao\/\" class=\"advgb-post-tax-term\">Opini\u00e3o<\/a>"],"unlinked":["<span class=\"advgb-post-tax-term\">Destaque lateral<\/span>","<span class=\"advgb-post-tax-term\">Opini\u00e3o<\/span>"]},"tags":{"linked":["<a href=\"http:\/\/maismagazine.pt\/index.php\/category\/noticias\/opiniao\/\" class=\"advgb-post-tax-term\">Advocacia<\/a>","<a href=\"http:\/\/maismagazine.pt\/index.php\/category\/noticias\/opiniao\/\" class=\"advgb-post-tax-term\">ASAP<\/a>","<a href=\"http:\/\/maismagazine.pt\/index.php\/category\/noticias\/opiniao\/\" class=\"advgb-post-tax-term\">Direito<\/a>","<a href=\"http:\/\/maismagazine.pt\/index.php\/category\/noticias\/opiniao\/\" class=\"advgb-post-tax-term\">Justi\u00e7a<\/a>"],"unlinked":["<span class=\"advgb-post-tax-term\">Advocacia<\/span>","<span class=\"advgb-post-tax-term\">ASAP<\/span>","<span class=\"advgb-post-tax-term\">Direito<\/span>","<span class=\"advgb-post-tax-term\">Justi\u00e7a<\/span>"]}},"comment_count":"0","relative_dates":{"created":"Posted 11 meses ago","modified":"Updated 12 meses ago"},"absolute_dates":{"created":"Posted on 23 de Maio, 2025","modified":"Updated on 19 de Maio, 2025"},"absolute_dates_time":{"created":"Posted on 23 de Maio, 2025 7:00","modified":"Updated on 19 de Maio, 2025 15:03"},"featured_img_caption":"","series_order":"","_links":{"self":[{"href":"http:\/\/maismagazine.pt\/index.php\/wp-json\/wp\/v2\/posts\/11993","targetHints":{"allow":["GET"]}}],"collection":[{"href":"http:\/\/maismagazine.pt\/index.php\/wp-json\/wp\/v2\/posts"}],"about":[{"href":"http:\/\/maismagazine.pt\/index.php\/wp-json\/wp\/v2\/types\/post"}],"author":[{"embeddable":true,"href":"http:\/\/maismagazine.pt\/index.php\/wp-json\/wp\/v2\/users\/18"}],"replies":[{"embeddable":true,"href":"http:\/\/maismagazine.pt\/index.php\/wp-json\/wp\/v2\/comments?post=11993"}],"version-history":[{"count":1,"href":"http:\/\/maismagazine.pt\/index.php\/wp-json\/wp\/v2\/posts\/11993\/revisions"}],"predecessor-version":[{"id":11997,"href":"http:\/\/maismagazine.pt\/index.php\/wp-json\/wp\/v2\/posts\/11993\/revisions\/11997"}],"wp:featuredmedia":[{"embeddable":true,"href":"http:\/\/maismagazine.pt\/index.php\/wp-json\/wp\/v2\/media\/11995"}],"wp:attachment":[{"href":"http:\/\/maismagazine.pt\/index.php\/wp-json\/wp\/v2\/media?parent=11993"}],"wp:term":[{"taxonomy":"category","embeddable":true,"href":"http:\/\/maismagazine.pt\/index.php\/wp-json\/wp\/v2\/categories?post=11993"},{"taxonomy":"post_tag","embeddable":true,"href":"http:\/\/maismagazine.pt\/index.php\/wp-json\/wp\/v2\/tags?post=11993"}],"curies":[{"name":"wp","href":"https:\/\/api.w.org\/{rel}","templated":true}]}}