{"id":11931,"date":"2025-04-25T07:00:00","date_gmt":"2025-04-25T06:00:00","guid":{"rendered":"https:\/\/maismagazine.pt\/?p=11931"},"modified":"2025-04-23T16:23:12","modified_gmt":"2025-04-23T15:23:12","slug":"elegancia-e-personalizacao-em-cada-ambiente","status":"publish","type":"post","link":"http:\/\/maismagazine.pt\/index.php\/2025\/04\/25\/elegancia-e-personalizacao-em-cada-ambiente\/","title":{"rendered":"Eleg\u00e2ncia e personaliza\u00e7\u00e3o em cada ambiente"},"content":{"rendered":"\n<p><strong>Nem sempre os caminhos s\u00e3o \u00f3bvios. Por vezes, revelam-se aos poucos \u2014 num detalhe, num gesto, numa casa transformada com luz e textura. Foi assim que Sofia Andrez, vinda da gest\u00e3o e do turismo, descobriu no design de interiores a sua verdadeira linguagem. Anos depois, a filha, Joana, entrou no projeto \u2014 n\u00e3o por destino tra\u00e7ado, mas por afinidade natural. Hoje, a Andrez Andrez \u00e9 o reflexo dessa liga\u00e7\u00e3o: um est\u00fadio de design com alma familiar, pensamento estrat\u00e9gico e projetos que respiram autenticidade. <\/strong><\/p>\n\n\n\n<p><\/p>\n\n\n\n<p>Sofia Andrez sempre teve uma sensibilidade est\u00e9tica inata, mesmo antes de fazer do Design de Interiores a sua vida. Com forma\u00e7\u00e3o em gest\u00e3o de empresas e experi\u00eancia no setor do turismo, come\u00e7ou, com intui\u00e7\u00e3o natural, a melhorar visualmente os im\u00f3veis com que trabalhava. \u201cComecei por querer tornar as casas mais apelativas. Pequenas mudan\u00e7as \u2014 almofadas, paredes, luz \u2014 tinham um impacto enorme\u201d, recorda. A intui\u00e7\u00e3o rapidamente se transformou em fasc\u00ednio e exigiu a\u00e7\u00e3o. Determinada, deixou o neg\u00f3cio que havia criado, voltou aos estudos e formou-se em Design de Interiores. Fundou um pequeno atelier em Faro, com apenas 30 m\u00b2, mas uma vontade muito maior: a de criar espa\u00e7os com identidade. Hoje, com est\u00fadios em Lisboa, no Algarve e em Felgueiras, a Andrez Andrez \u00e9 reconhecida por projetos elegantes e personalizados, com uma forte componente emocional. Para Sofia, o ponto de partida \u00e9 claro: \u201cA casa deve refletir quem somos, as nossas mem\u00f3rias e o nosso estilo de vida.&#8221; <\/p>\n\n\n\n<p><\/p>\n\n\n\n<p><strong>Um legado que se constr\u00f3i a quatro m\u00e3os<\/strong><\/p>\n\n\n\n<p>Joana Andrez seguiu um percurso semelhante ao da m\u00e3e, ainda que por vias diferentes. Tamb\u00e9m formada em gest\u00e3o, come\u00e7ou por ajudar Sofia em tarefas mais operacionais. Aos poucos, percebeu que o design era um territ\u00f3rio onde poderia aplicar o seu lado estrat\u00e9gico sem abdicar da criatividade. \u201cN\u00e3o foi uma decis\u00e3o imediata. Fui percebendo, com o tempo, que havia ali espa\u00e7o para mim \u2014 para o meu olhar e para as minhas ideias\u201d. Hoje, as duas trabalham lado a lado, num equil\u00edbrio que tem tanto de profissional como de afetivo. Sofia \u00e9 mais intuitiva e ponderada; Joana, mais anal\u00edtica e arrojada. \u201cH\u00e1 uma troca constante. Por vezes sou eu quem a desafia a arriscar mais, outras vezes \u00e9 ela quem me ajuda a recentrar\u201d, explica Joana. Essa dualidade \u2014 entre a experi\u00eancia e a inova\u00e7\u00e3o \u2014 \u00e9 parte essencial da identidade da marca. <\/p>\n\n\n\n<p><\/p>\n\n\n\n<figure class=\"wp-block-gallery has-nested-images columns-default is-cropped wp-block-gallery-1 is-layout-flex wp-block-gallery-is-layout-flex\">\n<figure class=\"wp-block-image size-large\"><img loading=\"lazy\" decoding=\"async\" width=\"886\" height=\"589\" data-id=\"11935\" src=\"https:\/\/maismagazine.pt\/wp-content\/uploads\/2025\/04\/1010.jpg\" alt=\"\" class=\"wp-image-11935\" srcset=\"http:\/\/maismagazine.pt\/wp-content\/uploads\/2025\/04\/1010.jpg 886w, http:\/\/maismagazine.pt\/wp-content\/uploads\/2025\/04\/1010-300x199.jpg 300w, http:\/\/maismagazine.pt\/wp-content\/uploads\/2025\/04\/1010-768x511.jpg 768w, http:\/\/maismagazine.pt\/wp-content\/uploads\/2025\/04\/1010-150x100.jpg 150w\" sizes=\"auto, (max-width: 886px) 100vw, 886px\" \/><\/figure>\n\n\n\n<figure class=\"wp-block-image size-large\"><img loading=\"lazy\" decoding=\"async\" width=\"891\" height=\"594\" data-id=\"11936\" src=\"https:\/\/maismagazine.pt\/wp-content\/uploads\/2025\/04\/1198_apoio_de_praia_verdelago-SEM-PESSOAS.jpg\" alt=\"\" class=\"wp-image-11936\" srcset=\"http:\/\/maismagazine.pt\/wp-content\/uploads\/2025\/04\/1198_apoio_de_praia_verdelago-SEM-PESSOAS.jpg 891w, http:\/\/maismagazine.pt\/wp-content\/uploads\/2025\/04\/1198_apoio_de_praia_verdelago-SEM-PESSOAS-300x200.jpg 300w, http:\/\/maismagazine.pt\/wp-content\/uploads\/2025\/04\/1198_apoio_de_praia_verdelago-SEM-PESSOAS-768x512.jpg 768w, http:\/\/maismagazine.pt\/wp-content\/uploads\/2025\/04\/1198_apoio_de_praia_verdelago-SEM-PESSOAS-150x100.jpg 150w\" sizes=\"auto, (max-width: 891px) 100vw, 891px\" \/><\/figure>\n<\/figure>\n\n\n\n<p><\/p>\n\n\n\n<p><\/p>\n\n\n\n<p><strong>A dedica\u00e7\u00e3o e a aten\u00e7\u00e3o ao detalhe<\/strong><\/p>\n\n\n\n<p>Na Andrez Andrez, n\u00e3o encontramos \u201capenas\u201d uma preocupa\u00e7\u00e3o est\u00e9tica. Cada projeto procura interpretar a identidade dos clientes, traduzindo-a em ambientes sofisticados, funcionais e com significado emocional. A aten\u00e7\u00e3o ao detalhe, o respeito pela personalidade de cada espa\u00e7o e a sensibilidade ao estilo de vida de quem o vai habitar fazem parte do processo criativo. Este olhar singular conquistou clientes nacionais e internacionais, sobretudo o setor residencial e hoteleiro de luxo, onde a autenticidade e a exclusividade s\u00e3o particularmente valorizadas. \u201cN\u00e3o estamos obcecadas com m\u00e9tricas de crescimento. Crescemos com consist\u00eancia, porque nos guiamos por aquilo que entregamos \u2014 e pela forma como isso transforma a vida de quem nos procura\u201d, refere Joana. Sofia Andrez afirmou-se no design de interiores em Portugal n\u00e3o apenas pelo portef\u00f3lio, mas por ter seguido um caminho muito pr\u00f3prio, guiada pela intui\u00e7\u00e3o. E tamb\u00e9m pela forma como soube integrar a filha, sem diluir a identidade que sempre definiu o projeto. A Andrez Andrez continua a crescer com os p\u00e9s na terra, guiada pelo detalhe. Prova, dia ap\u00f3s dia, que o design de interiores \u00e9 uma forma de olhar o mundo a partir dos espa\u00e7os que habitamos, e transform\u00e1-los com eleg\u00e2ncia, conforto e emo\u00e7\u00e3o.  <\/p>\n\n\n\n<p><\/p>\n\n\n\n<p><\/p>\n","protected":false},"excerpt":{"rendered":"<p>Nem sempre os caminhos s\u00e3o \u00f3bvios. Por vezes, revelam-se aos poucos \u2014 num detalhe, num gesto, numa casa transformada com luz e textura. Foi assim que Sofia Andrez, vinda da gest\u00e3o e do turismo, descobriu no design de interiores a sua verdadeira linguagem. Anos depois, a filha, Joana, entrou no&hellip;<\/p>\n","protected":false},"author":17,"featured_media":11940,"comment_status":"closed","ping_status":"open","sticky":false,"template":"","format":"standard","meta":{"advgb_blocks_editor_width":"","advgb_blocks_columns_visual_guide":"","_monsterinsights_skip_tracking":false,"_monsterinsights_sitenote_active":false,"_monsterinsights_sitenote_note":"","_monsterinsights_sitenote_category":0,"footnotes":""},"categories":[6,161],"tags":[2322,125],"class_list":["post-11931","post","type-post","status-publish","format-standard","has-post-thumbnail","hentry","category-empreendedorismo","category-mundo-empresarial","tag-andrez","tag-mulheres"],"yoast_head":"<!-- This site is optimized with the Yoast SEO plugin v24.4 - https:\/\/yoast.com\/wordpress\/plugins\/seo\/ -->\n<title>Eleg\u00e2ncia e personaliza\u00e7\u00e3o em cada ambiente - Mais Magazine<\/title>\n<meta name=\"description\" content=\"Nem sempre os caminhos s\u00e3o \u00f3bvios. Por vezes, revelam-se aos poucos \u2014 num detalhe, num gesto, numa casa transformada com luz e textura. Foi assim que Sofia Andrez, vinda da gest\u00e3o e do turismo, descobriu no design de interiores a sua verdadeira linguagem. Anos depois, a filha, Joana, entrou no projeto \u2014 n\u00e3o por destino tra\u00e7ado, mas por afinidade natural. Hoje, a Andrez Andrez \u00e9 o reflexo dessa liga\u00e7\u00e3o: um est\u00fadio de design com alma familiar, pensamento estrat\u00e9gico e projetos que respiram autenticidade.\" \/>\n<meta name=\"robots\" content=\"index, follow, max-snippet:-1, max-image-preview:large, max-video-preview:-1\" \/>\n<link rel=\"canonical\" href=\"http:\/\/maismagazine.pt\/index.php\/2025\/04\/25\/elegancia-e-personalizacao-em-cada-ambiente\/\" \/>\n<meta property=\"og:locale\" content=\"pt_PT\" \/>\n<meta property=\"og:type\" content=\"article\" \/>\n<meta property=\"og:title\" content=\"Eleg\u00e2ncia e personaliza\u00e7\u00e3o em cada ambiente - Mais Magazine\" \/>\n<meta property=\"og:description\" content=\"Nem sempre os caminhos s\u00e3o \u00f3bvios. Por vezes, revelam-se aos poucos \u2014 num detalhe, num gesto, numa casa transformada com luz e textura. Foi assim que Sofia Andrez, vinda da gest\u00e3o e do turismo, descobriu no design de interiores a sua verdadeira linguagem. Anos depois, a filha, Joana, entrou no projeto \u2014 n\u00e3o por destino tra\u00e7ado, mas por afinidade natural. Hoje, a Andrez Andrez \u00e9 o reflexo dessa liga\u00e7\u00e3o: um est\u00fadio de design com alma familiar, pensamento estrat\u00e9gico e projetos que respiram autenticidade.\" \/>\n<meta property=\"og:url\" content=\"http:\/\/maismagazine.pt\/index.php\/2025\/04\/25\/elegancia-e-personalizacao-em-cada-ambiente\/\" \/>\n<meta property=\"og:site_name\" content=\"Mais Magazine\" \/>\n<meta property=\"article:published_time\" content=\"2025-04-25T06:00:00+00:00\" \/>\n<meta property=\"og:image\" content=\"http:\/\/maismagazine.pt\/wp-content\/uploads\/2025\/04\/MG_7271-X.jpg\" \/>\n\t<meta property=\"og:image:width\" content=\"877\" \/>\n\t<meta property=\"og:image:height\" content=\"627\" \/>\n\t<meta property=\"og:image:type\" content=\"image\/jpeg\" \/>\n<meta name=\"author\" content=\"Tiago Costa\" \/>\n<meta name=\"twitter:card\" content=\"summary_large_image\" \/>\n<meta name=\"twitter:label1\" content=\"Escrito por\" \/>\n\t<meta name=\"twitter:data1\" content=\"\" \/>\n\t<meta name=\"twitter:label2\" content=\"Tempo estimado de leitura\" \/>\n\t<meta name=\"twitter:data2\" content=\"4 minutos\" \/>\n<script type=\"application\/ld+json\" class=\"yoast-schema-graph\">{\"@context\":\"https:\/\/schema.org\",\"@graph\":[{\"@type\":\"Article\",\"@id\":\"http:\/\/maismagazine.pt\/index.php\/2025\/04\/25\/elegancia-e-personalizacao-em-cada-ambiente\/#article\",\"isPartOf\":{\"@id\":\"http:\/\/maismagazine.pt\/index.php\/2025\/04\/25\/elegancia-e-personalizacao-em-cada-ambiente\/\"},\"author\":{\"name\":\"Tiago Costa\",\"@id\":\"https:\/\/maismagazine.pt\/#\/schema\/person\/c6c5bfccc886434cbd11c74e035f9646\"},\"headline\":\"Eleg\u00e2ncia e personaliza\u00e7\u00e3o em cada ambiente\",\"datePublished\":\"2025-04-25T06:00:00+00:00\",\"mainEntityOfPage\":{\"@id\":\"http:\/\/maismagazine.pt\/index.php\/2025\/04\/25\/elegancia-e-personalizacao-em-cada-ambiente\/\"},\"wordCount\":645,\"publisher\":{\"@id\":\"https:\/\/maismagazine.pt\/#organization\"},\"image\":{\"@id\":\"http:\/\/maismagazine.pt\/index.php\/2025\/04\/25\/elegancia-e-personalizacao-em-cada-ambiente\/#primaryimage\"},\"thumbnailUrl\":\"http:\/\/maismagazine.pt\/wp-content\/uploads\/2025\/04\/MG_7271-X.jpg\",\"keywords\":[\"Andrez\",\"mulheres\"],\"articleSection\":[\"Empreendedorismo\",\"Mundo Empresarial\"],\"inLanguage\":\"pt-PT\"},{\"@type\":\"WebPage\",\"@id\":\"http:\/\/maismagazine.pt\/index.php\/2025\/04\/25\/elegancia-e-personalizacao-em-cada-ambiente\/\",\"url\":\"http:\/\/maismagazine.pt\/index.php\/2025\/04\/25\/elegancia-e-personalizacao-em-cada-ambiente\/\",\"name\":\"Eleg\u00e2ncia e personaliza\u00e7\u00e3o em cada ambiente - Mais Magazine\",\"isPartOf\":{\"@id\":\"https:\/\/maismagazine.pt\/#website\"},\"primaryImageOfPage\":{\"@id\":\"http:\/\/maismagazine.pt\/index.php\/2025\/04\/25\/elegancia-e-personalizacao-em-cada-ambiente\/#primaryimage\"},\"image\":{\"@id\":\"http:\/\/maismagazine.pt\/index.php\/2025\/04\/25\/elegancia-e-personalizacao-em-cada-ambiente\/#primaryimage\"},\"thumbnailUrl\":\"http:\/\/maismagazine.pt\/wp-content\/uploads\/2025\/04\/MG_7271-X.jpg\",\"datePublished\":\"2025-04-25T06:00:00+00:00\",\"description\":\"Nem sempre os caminhos s\u00e3o \u00f3bvios. Por vezes, revelam-se aos poucos \u2014 num detalhe, num gesto, numa casa transformada com luz e textura. Foi assim que Sofia Andrez, vinda da gest\u00e3o e do turismo, descobriu no design de interiores a sua verdadeira linguagem. Anos depois, a filha, Joana, entrou no projeto \u2014 n\u00e3o por destino tra\u00e7ado, mas por afinidade natural. Hoje, a Andrez Andrez \u00e9 o reflexo dessa liga\u00e7\u00e3o: um est\u00fadio de design com alma familiar, pensamento estrat\u00e9gico e projetos que respiram autenticidade.\",\"breadcrumb\":{\"@id\":\"http:\/\/maismagazine.pt\/index.php\/2025\/04\/25\/elegancia-e-personalizacao-em-cada-ambiente\/#breadcrumb\"},\"inLanguage\":\"pt-PT\",\"potentialAction\":[{\"@type\":\"ReadAction\",\"target\":[\"http:\/\/maismagazine.pt\/index.php\/2025\/04\/25\/elegancia-e-personalizacao-em-cada-ambiente\/\"]}]},{\"@type\":\"ImageObject\",\"inLanguage\":\"pt-PT\",\"@id\":\"http:\/\/maismagazine.pt\/index.php\/2025\/04\/25\/elegancia-e-personalizacao-em-cada-ambiente\/#primaryimage\",\"url\":\"http:\/\/maismagazine.pt\/wp-content\/uploads\/2025\/04\/MG_7271-X.jpg\",\"contentUrl\":\"http:\/\/maismagazine.pt\/wp-content\/uploads\/2025\/04\/MG_7271-X.jpg\",\"width\":877,\"height\":627},{\"@type\":\"BreadcrumbList\",\"@id\":\"http:\/\/maismagazine.pt\/index.php\/2025\/04\/25\/elegancia-e-personalizacao-em-cada-ambiente\/#breadcrumb\",\"itemListElement\":[{\"@type\":\"ListItem\",\"position\":1,\"name\":\"Home\",\"item\":\"https:\/\/maismagazine.pt\/\"},{\"@type\":\"ListItem\",\"position\":2,\"name\":\"Eleg\u00e2ncia e personaliza\u00e7\u00e3o em cada ambiente\"}]},{\"@type\":\"WebSite\",\"@id\":\"https:\/\/maismagazine.pt\/#website\",\"url\":\"https:\/\/maismagazine.pt\/\",\"name\":\"Mais Magazine\",\"description\":\"\",\"publisher\":{\"@id\":\"https:\/\/maismagazine.pt\/#organization\"},\"potentialAction\":[{\"@type\":\"SearchAction\",\"target\":{\"@type\":\"EntryPoint\",\"urlTemplate\":\"https:\/\/maismagazine.pt\/?s={search_term_string}\"},\"query-input\":{\"@type\":\"PropertyValueSpecification\",\"valueRequired\":true,\"valueName\":\"search_term_string\"}}],\"inLanguage\":\"pt-PT\"},{\"@type\":\"Organization\",\"@id\":\"https:\/\/maismagazine.pt\/#organization\",\"name\":\"Mais Magazine\",\"url\":\"https:\/\/maismagazine.pt\/\",\"logo\":{\"@type\":\"ImageObject\",\"inLanguage\":\"pt-PT\",\"@id\":\"https:\/\/maismagazine.pt\/#\/schema\/logo\/image\/\",\"url\":\"http:\/\/maismagazine.pt\/wp-content\/uploads\/2020\/04\/cropped-cropped-mais-magazine-site-logo-2.png\",\"contentUrl\":\"http:\/\/maismagazine.pt\/wp-content\/uploads\/2020\/04\/cropped-cropped-mais-magazine-site-logo-2.png\",\"width\":581,\"height\":90,\"caption\":\"Mais Magazine\"},\"image\":{\"@id\":\"https:\/\/maismagazine.pt\/#\/schema\/logo\/image\/\"}},{\"@type\":\"Person\",\"@id\":\"https:\/\/maismagazine.pt\/#\/schema\/person\/c6c5bfccc886434cbd11c74e035f9646\",\"name\":\"Tiago Costa\",\"image\":{\"@type\":\"ImageObject\",\"inLanguage\":\"pt-PT\",\"@id\":\"https:\/\/maismagazine.pt\/#\/schema\/person\/image\/\",\"url\":\"https:\/\/secure.gravatar.com\/avatar\/c599b2bce16c9870429198cbad5ee022?s=96&d=mm&r=g\",\"contentUrl\":\"https:\/\/secure.gravatar.com\/avatar\/c599b2bce16c9870429198cbad5ee022?s=96&d=mm&r=g\",\"caption\":\"Tiago Costa\"},\"url\":\"http:\/\/maismagazine.pt\/index.php\/author\/tiago\/\"}]}<\/script>\n<!-- \/ Yoast SEO plugin. -->","yoast_head_json":{"title":"Eleg\u00e2ncia e personaliza\u00e7\u00e3o em cada ambiente - Mais Magazine","description":"Nem sempre os caminhos s\u00e3o \u00f3bvios. Por vezes, revelam-se aos poucos \u2014 num detalhe, num gesto, numa casa transformada com luz e textura. Foi assim que Sofia Andrez, vinda da gest\u00e3o e do turismo, descobriu no design de interiores a sua verdadeira linguagem. Anos depois, a filha, Joana, entrou no projeto \u2014 n\u00e3o por destino tra\u00e7ado, mas por afinidade natural. Hoje, a Andrez Andrez \u00e9 o reflexo dessa liga\u00e7\u00e3o: um est\u00fadio de design com alma familiar, pensamento estrat\u00e9gico e projetos que respiram autenticidade.","robots":{"index":"index","follow":"follow","max-snippet":"max-snippet:-1","max-image-preview":"max-image-preview:large","max-video-preview":"max-video-preview:-1"},"canonical":"http:\/\/maismagazine.pt\/index.php\/2025\/04\/25\/elegancia-e-personalizacao-em-cada-ambiente\/","og_locale":"pt_PT","og_type":"article","og_title":"Eleg\u00e2ncia e personaliza\u00e7\u00e3o em cada ambiente - Mais Magazine","og_description":"Nem sempre os caminhos s\u00e3o \u00f3bvios. Por vezes, revelam-se aos poucos \u2014 num detalhe, num gesto, numa casa transformada com luz e textura. Foi assim que Sofia Andrez, vinda da gest\u00e3o e do turismo, descobriu no design de interiores a sua verdadeira linguagem. Anos depois, a filha, Joana, entrou no projeto \u2014 n\u00e3o por destino tra\u00e7ado, mas por afinidade natural. Hoje, a Andrez Andrez \u00e9 o reflexo dessa liga\u00e7\u00e3o: um est\u00fadio de design com alma familiar, pensamento estrat\u00e9gico e projetos que respiram autenticidade.","og_url":"http:\/\/maismagazine.pt\/index.php\/2025\/04\/25\/elegancia-e-personalizacao-em-cada-ambiente\/","og_site_name":"Mais Magazine","article_published_time":"2025-04-25T06:00:00+00:00","og_image":[{"width":877,"height":627,"url":"http:\/\/maismagazine.pt\/wp-content\/uploads\/2025\/04\/MG_7271-X.jpg","type":"image\/jpeg"}],"author":"Tiago Costa","twitter_card":"summary_large_image","twitter_misc":{"Escrito por":false,"Tempo estimado de leitura":"4 minutos"},"schema":{"@context":"https:\/\/schema.org","@graph":[{"@type":"Article","@id":"http:\/\/maismagazine.pt\/index.php\/2025\/04\/25\/elegancia-e-personalizacao-em-cada-ambiente\/#article","isPartOf":{"@id":"http:\/\/maismagazine.pt\/index.php\/2025\/04\/25\/elegancia-e-personalizacao-em-cada-ambiente\/"},"author":{"name":"Tiago Costa","@id":"https:\/\/maismagazine.pt\/#\/schema\/person\/c6c5bfccc886434cbd11c74e035f9646"},"headline":"Eleg\u00e2ncia e personaliza\u00e7\u00e3o em cada ambiente","datePublished":"2025-04-25T06:00:00+00:00","mainEntityOfPage":{"@id":"http:\/\/maismagazine.pt\/index.php\/2025\/04\/25\/elegancia-e-personalizacao-em-cada-ambiente\/"},"wordCount":645,"publisher":{"@id":"https:\/\/maismagazine.pt\/#organization"},"image":{"@id":"http:\/\/maismagazine.pt\/index.php\/2025\/04\/25\/elegancia-e-personalizacao-em-cada-ambiente\/#primaryimage"},"thumbnailUrl":"http:\/\/maismagazine.pt\/wp-content\/uploads\/2025\/04\/MG_7271-X.jpg","keywords":["Andrez","mulheres"],"articleSection":["Empreendedorismo","Mundo Empresarial"],"inLanguage":"pt-PT"},{"@type":"WebPage","@id":"http:\/\/maismagazine.pt\/index.php\/2025\/04\/25\/elegancia-e-personalizacao-em-cada-ambiente\/","url":"http:\/\/maismagazine.pt\/index.php\/2025\/04\/25\/elegancia-e-personalizacao-em-cada-ambiente\/","name":"Eleg\u00e2ncia e personaliza\u00e7\u00e3o em cada ambiente - Mais Magazine","isPartOf":{"@id":"https:\/\/maismagazine.pt\/#website"},"primaryImageOfPage":{"@id":"http:\/\/maismagazine.pt\/index.php\/2025\/04\/25\/elegancia-e-personalizacao-em-cada-ambiente\/#primaryimage"},"image":{"@id":"http:\/\/maismagazine.pt\/index.php\/2025\/04\/25\/elegancia-e-personalizacao-em-cada-ambiente\/#primaryimage"},"thumbnailUrl":"http:\/\/maismagazine.pt\/wp-content\/uploads\/2025\/04\/MG_7271-X.jpg","datePublished":"2025-04-25T06:00:00+00:00","description":"Nem sempre os caminhos s\u00e3o \u00f3bvios. Por vezes, revelam-se aos poucos \u2014 num detalhe, num gesto, numa casa transformada com luz e textura. Foi assim que Sofia Andrez, vinda da gest\u00e3o e do turismo, descobriu no design de interiores a sua verdadeira linguagem. Anos depois, a filha, Joana, entrou no projeto \u2014 n\u00e3o por destino tra\u00e7ado, mas por afinidade natural. Hoje, a Andrez Andrez \u00e9 o reflexo dessa liga\u00e7\u00e3o: um est\u00fadio de design com alma familiar, pensamento estrat\u00e9gico e projetos que respiram autenticidade.","breadcrumb":{"@id":"http:\/\/maismagazine.pt\/index.php\/2025\/04\/25\/elegancia-e-personalizacao-em-cada-ambiente\/#breadcrumb"},"inLanguage":"pt-PT","potentialAction":[{"@type":"ReadAction","target":["http:\/\/maismagazine.pt\/index.php\/2025\/04\/25\/elegancia-e-personalizacao-em-cada-ambiente\/"]}]},{"@type":"ImageObject","inLanguage":"pt-PT","@id":"http:\/\/maismagazine.pt\/index.php\/2025\/04\/25\/elegancia-e-personalizacao-em-cada-ambiente\/#primaryimage","url":"http:\/\/maismagazine.pt\/wp-content\/uploads\/2025\/04\/MG_7271-X.jpg","contentUrl":"http:\/\/maismagazine.pt\/wp-content\/uploads\/2025\/04\/MG_7271-X.jpg","width":877,"height":627},{"@type":"BreadcrumbList","@id":"http:\/\/maismagazine.pt\/index.php\/2025\/04\/25\/elegancia-e-personalizacao-em-cada-ambiente\/#breadcrumb","itemListElement":[{"@type":"ListItem","position":1,"name":"Home","item":"https:\/\/maismagazine.pt\/"},{"@type":"ListItem","position":2,"name":"Eleg\u00e2ncia e personaliza\u00e7\u00e3o em cada ambiente"}]},{"@type":"WebSite","@id":"https:\/\/maismagazine.pt\/#website","url":"https:\/\/maismagazine.pt\/","name":"Mais Magazine","description":"","publisher":{"@id":"https:\/\/maismagazine.pt\/#organization"},"potentialAction":[{"@type":"SearchAction","target":{"@type":"EntryPoint","urlTemplate":"https:\/\/maismagazine.pt\/?s={search_term_string}"},"query-input":{"@type":"PropertyValueSpecification","valueRequired":true,"valueName":"search_term_string"}}],"inLanguage":"pt-PT"},{"@type":"Organization","@id":"https:\/\/maismagazine.pt\/#organization","name":"Mais Magazine","url":"https:\/\/maismagazine.pt\/","logo":{"@type":"ImageObject","inLanguage":"pt-PT","@id":"https:\/\/maismagazine.pt\/#\/schema\/logo\/image\/","url":"http:\/\/maismagazine.pt\/wp-content\/uploads\/2020\/04\/cropped-cropped-mais-magazine-site-logo-2.png","contentUrl":"http:\/\/maismagazine.pt\/wp-content\/uploads\/2020\/04\/cropped-cropped-mais-magazine-site-logo-2.png","width":581,"height":90,"caption":"Mais Magazine"},"image":{"@id":"https:\/\/maismagazine.pt\/#\/schema\/logo\/image\/"}},{"@type":"Person","@id":"https:\/\/maismagazine.pt\/#\/schema\/person\/c6c5bfccc886434cbd11c74e035f9646","name":"Tiago Costa","image":{"@type":"ImageObject","inLanguage":"pt-PT","@id":"https:\/\/maismagazine.pt\/#\/schema\/person\/image\/","url":"https:\/\/secure.gravatar.com\/avatar\/c599b2bce16c9870429198cbad5ee022?s=96&d=mm&r=g","contentUrl":"https:\/\/secure.gravatar.com\/avatar\/c599b2bce16c9870429198cbad5ee022?s=96&d=mm&r=g","caption":"Tiago Costa"},"url":"http:\/\/maismagazine.pt\/index.php\/author\/tiago\/"}]}},"author_meta":{"display_name":false,"author_link":"http:\/\/maismagazine.pt\/index.php\/author\/tiago\/"},"featured_img":"http:\/\/maismagazine.pt\/wp-content\/uploads\/2025\/04\/MG_7271-X-300x214.jpg","coauthors":[],"tax_additional":{"categories":{"linked":["<a href=\"http:\/\/maismagazine.pt\/index.php\/category\/empreendedorismo\/\" class=\"advgb-post-tax-term\">Empreendedorismo<\/a>","<a href=\"http:\/\/maismagazine.pt\/index.php\/category\/mundo-empresarial\/\" class=\"advgb-post-tax-term\">Mundo Empresarial<\/a>"],"unlinked":["<span class=\"advgb-post-tax-term\">Empreendedorismo<\/span>","<span class=\"advgb-post-tax-term\">Mundo Empresarial<\/span>"]},"tags":{"linked":["<a href=\"http:\/\/maismagazine.pt\/index.php\/category\/mundo-empresarial\/\" class=\"advgb-post-tax-term\">Andrez<\/a>","<a href=\"http:\/\/maismagazine.pt\/index.php\/category\/mundo-empresarial\/\" class=\"advgb-post-tax-term\">mulheres<\/a>"],"unlinked":["<span class=\"advgb-post-tax-term\">Andrez<\/span>","<span class=\"advgb-post-tax-term\">mulheres<\/span>"]}},"comment_count":"0","relative_dates":{"created":"Posted 1 ano ago","modified":"Updated 1 ano ago"},"absolute_dates":{"created":"Posted on 25 de Abril, 2025","modified":"Updated on 23 de Abril, 2025"},"absolute_dates_time":{"created":"Posted on 25 de Abril, 2025 7:00","modified":"Updated on 23 de Abril, 2025 16:23"},"featured_img_caption":"","series_order":"","_links":{"self":[{"href":"http:\/\/maismagazine.pt\/index.php\/wp-json\/wp\/v2\/posts\/11931","targetHints":{"allow":["GET"]}}],"collection":[{"href":"http:\/\/maismagazine.pt\/index.php\/wp-json\/wp\/v2\/posts"}],"about":[{"href":"http:\/\/maismagazine.pt\/index.php\/wp-json\/wp\/v2\/types\/post"}],"author":[{"embeddable":true,"href":"http:\/\/maismagazine.pt\/index.php\/wp-json\/wp\/v2\/users\/17"}],"replies":[{"embeddable":true,"href":"http:\/\/maismagazine.pt\/index.php\/wp-json\/wp\/v2\/comments?post=11931"}],"version-history":[{"count":1,"href":"http:\/\/maismagazine.pt\/index.php\/wp-json\/wp\/v2\/posts\/11931\/revisions"}],"predecessor-version":[{"id":11941,"href":"http:\/\/maismagazine.pt\/index.php\/wp-json\/wp\/v2\/posts\/11931\/revisions\/11941"}],"wp:featuredmedia":[{"embeddable":true,"href":"http:\/\/maismagazine.pt\/index.php\/wp-json\/wp\/v2\/media\/11940"}],"wp:attachment":[{"href":"http:\/\/maismagazine.pt\/index.php\/wp-json\/wp\/v2\/media?parent=11931"}],"wp:term":[{"taxonomy":"category","embeddable":true,"href":"http:\/\/maismagazine.pt\/index.php\/wp-json\/wp\/v2\/categories?post=11931"},{"taxonomy":"post_tag","embeddable":true,"href":"http:\/\/maismagazine.pt\/index.php\/wp-json\/wp\/v2\/tags?post=11931"}],"curies":[{"name":"wp","href":"https:\/\/api.w.org\/{rel}","templated":true}]}}