{"id":11923,"date":"2025-04-25T07:00:00","date_gmt":"2025-04-25T06:00:00","guid":{"rendered":"https:\/\/maismagazine.pt\/?p=11923"},"modified":"2025-04-23T16:10:50","modified_gmt":"2025-04-23T15:10:50","slug":"o-meu-sucesso-passa-por-ter-a-minha-familia-e-a-minha-carreira","status":"publish","type":"post","link":"http:\/\/maismagazine.pt\/index.php\/2025\/04\/25\/o-meu-sucesso-passa-por-ter-a-minha-familia-e-a-minha-carreira\/","title":{"rendered":"\u201cO meu sucesso passa por ter a minha fam\u00edlia e a minha carreira&#8221;"},"content":{"rendered":"\n<p><strong>Apaixonada pela advocacia desde jovem, Claudete Teixeira comanda o seu pr\u00f3prio escrit\u00f3rio, constru\u00eddo com muito empenho e dedica\u00e7\u00e3o. Ao longo do tempo, essa trajet\u00f3ria tem sido marcada por conquistas significativas e etapas de sucesso. Em entrevista \u00e0 Mais Magazine, a advogada partilha os desafios que enfrenta enquanto mulher no universo jur\u00eddico, os impactos na sua vida pessoal e profissional, e os sacrif\u00edcios que foram necess\u00e1rios para impulsionar o crescimento do seu neg\u00f3cio. <\/strong><\/p>\n\n\n\n<p><\/p>\n\n\n\n<p><\/p>\n\n\n\n<p><strong>Em que momento da sua vida surge a paix\u00e3o pela advocacia? <\/strong> <\/p>\n\n\n\n<p>A advocacia nasceu comigo, faz parte do meu ser. Eu gosto de estudar, de argumentar e de defender causas e pessoas. Eu vivo o meu trabalho intensamente e n\u00e3o o sei fazer de outra forma. O passo de abrir o meu pr\u00f3prio escrit\u00f3rio foi dado com alguma coragem, porque a incerteza inerente \u00e0 mudan\u00e7a cria um atrito que n\u00e3o \u00e9 f\u00e1cil de ultrapassar, mas era o passo natural e que se impunha para que eu pudesse crescer profissionalmente, num ambiente de trabalho respons\u00e1vel, combativo, mas salutar. Trabalhar com pessoas que partilham os nossos valores e que t\u00eam uma abordagem ao trabalho e \u00e0 advocacia similar \u00e0 nossa \u00e9 uma mais-valia. Atendendo ao elevado n\u00famero de horas que passamos no trabalho, \u00e9 importante que esse seja um local agrad\u00e1vel. <\/p>\n\n\n\n<p><\/p>\n\n\n\n<p><strong>Para si, o que \u00e9 o sucesso? Como se pode alcan\u00e7a-lo? <\/strong><\/p>\n\n\n\n<p>Acho que n\u00e3o existe uma resposta certa, ou pelo menos uma \u00fanica resposta, para essa pergunta. O sucesso \u00e9 algo muito pessoal e alcan\u00e7\u00e1vel de in\u00fameras e diversas formas, em fun\u00e7\u00e3o do objetivo de vida de cada um. O meu sucesso passa por ter a minha fam\u00edlia e a minha carreira. Naturalmente que me sinto realizada profissionalmente e isso \u00e9 muito importante para mim, porque lutei muito, desde muito cedo, pelo meu crescimento profissional. Mas, na advocacia, e se calhar em qualquer profiss\u00e3o, n\u00e3o nos devemos deslumbrar com vit\u00f3rias ou com um aparente sucesso, porque o trabalho tem de ser di\u00e1rio e cont\u00ednuo e qualquer falha pode deitar tudo a perder. \u00c9 preciso manter os p\u00e9s bem assentes na terra. Embora tamb\u00e9m n\u00e3o nos devamos abater com derrotas. Nem tudo depende de n\u00f3s. <\/p>\n\n\n\n<p><\/p>\n\n\n<div class=\"wp-block-image\">\n<figure class=\"aligncenter size-full is-resized\"><img loading=\"lazy\" decoding=\"async\" width=\"365\" height=\"547\" src=\"https:\/\/maismagazine.pt\/wp-content\/uploads\/2025\/04\/065.jpg\" alt=\"\" class=\"wp-image-11924\" style=\"width:344px;height:auto\" srcset=\"http:\/\/maismagazine.pt\/wp-content\/uploads\/2025\/04\/065.jpg 365w, http:\/\/maismagazine.pt\/wp-content\/uploads\/2025\/04\/065-200x300.jpg 200w\" sizes=\"auto, (max-width: 365px) 100vw, 365px\" \/><figcaption class=\"wp-element-caption\">Claudete Teixeira, Advogada<\/figcaption><\/figure><\/div>\n\n\n<p><\/p>\n\n\n\n<p><strong>Sente que, profissionalmente, ainda existe disparidade de direitos entre g\u00e9neros? <\/strong><\/p>\n\n\n\n<p>Eu penso que, em geral, essa disparidade existe. No caso particular da advocacia e no exerc\u00edcio da profiss\u00e3o, no dia a dia, eu, em particular, n\u00e3o sinto que o facto de ser mulher me coloque numa posi\u00e7\u00e3o mais fragilizada em rela\u00e7\u00e3o a um homem. Essa fragilidade existe, por\u00e9m, se adicionarmos a esta equa\u00e7\u00e3o a maternidade e os filhos. A partir do momento em que uma advogada tem filhos tem de desenvolver um esfor\u00e7o muito superior do que um advogado que \u00e9 pai, para conseguir o mesmo resultado. A falta de apoios e direitos sociais no p\u00f3s-parto e na inf\u00e2ncia \u00e9 algo muito violento e que penaliza essencialmente as mulheres. Especialmente se essas mulheres quiserem assumir posi\u00e7\u00f5es de lideran\u00e7a e\/ou progress\u00e3o na carreira. <\/p>\n\n\n\n<p><\/p>\n\n\n\n<p><strong>Tendo em conta o trabalho e a dedica\u00e7\u00e3o que a advocacia exige, como consegue encontrar o equil\u00edbrio entre a vida profissional e pessoal? <\/strong><\/p>\n\n\n\n<p>O mercado de trabalho \u00e9, de facto, muito exigente e a advocacia \u00e9 uma carreira competitiva, at\u00e9 connosco pr\u00f3prios. N\u00e3o apenas porque o n\u00edvel de responsabilidade com que temos de lidar \u00e9 muito elevado, como pelo facto de termos sempre de nos manter atualizados. Eu continuo sempre a estudar. Al\u00e9m do trabalho propriamente dito \u00e9 necess\u00e1rio dedicar tempo ao estudo \u00e0 nossa forma\u00e7\u00e3o cont\u00ednua. Ter tempo para esta vertente e para n\u00f3s e para a fam\u00edlia, naturalmente que n\u00e3o \u00e9 f\u00e1cil. Mas \u00e9 fundamental que se encontre esse ponto de equil\u00edbrio. Eu sou feliz no meu trabalho e a exercer a profiss\u00e3o que escolhi, mas n\u00e3o seria uma pessoa totalmente feliz se n\u00e3o tivesse tamb\u00e9m a minha fam\u00edlia, os meus filhos. E quando assim \u00e9, quando precisamos de mais do que o nosso trabalho para sermos totalmente felizes, temos mesmo de encontrar esse ponto de equil\u00edbrio. Embora eu ache que esse equil\u00edbrio tamb\u00e9m passa por uns dias dedicarmo-nos mais ao trabalho e outros \u00e0 fam\u00edlia. Ou seja, os dias n\u00e3o s\u00e3o todos iguais, e \u00e9 preciso gerir em fun\u00e7\u00e3o das necessidades, ao inv\u00e9s de acreditar que conseguimos estar sempre em todo o lado, porque isso \u00e9 que provavelmente n\u00e3o vamos conseguir e vamos acabar exaustos e frustrados. <\/p>\n\n\n\n<p><\/p>\n\n\n\n<p><strong>Que conselhos daria \u00e0s jovens mulheres trabalhadoras? <\/strong><\/p>\n\n\n\n<p>Quando eu iniciei a minha carreira o meu foco era aprender e ganhar experi\u00eancia e trabalhava desde manh\u00e3 muito cedo at\u00e9 horas tardias da noite, e n\u00e3o raras vezes aos fins de semana, mas, como digo, o meu foco era crescer profissionalmente e tornar-me cada vez melhor. Hoje sinto que o meu esfor\u00e7o valeu a pena, mas n\u00e3o considero que isso seja um estilo de vida saud\u00e1vel e muito menos se for prolongado no tempo. At\u00e9 porque, naturalmente, quando se leva um estilo de vida destes, a vida pessoal fica preterida. Por outro lado, h\u00e1 alturas em que \u00e9 preciso algum sacrif\u00edcio para se conseguir ir mais al\u00e9m na carreira. Posto isto, acredito que conseguindo-se encontrar algum equil\u00edbrio entre estas duas realidades e tamb\u00e9m alguma intelig\u00eancia e bom senso para gerir o nosso esfor\u00e7o e objetivos, certamente ser\u00e1 o ideal. Por\u00e9m, \u00e9 preciso ter consci\u00eancia que sem muito trabalho e sacrif\u00edcio n\u00e3o se consegue evoluir.  <\/p>\n\n\n\n<p><\/p>\n\n\n\n<p><strong>Quais as principais metas que gostaria de alcan\u00e7ar a n\u00edvel profissional?<\/strong><\/p>\n\n\n\n<p>N\u00f3s continuamos a crescer, o que me deixa muito satisfeita. Este ano juntou&#8211;se \u00e0 nossa equipa uma colega com uma grande experi\u00eancia em direito criminal e contraordena\u00e7\u00f5es, uma \u00e1rea em que n\u00e3o t\u00ednhamos ningu\u00e9m especializado. A \u00e1rea do imobili\u00e1rio\/contratos tamb\u00e9m est\u00e1 com uma expans\u00e3o muito s\u00f3lida e significativa e possivelmente teremos tamb\u00e9m de refor\u00e7ar essa equipa. Portanto, tudo isto s\u00e3o bons indicadores, sendo que o meu objetivo \u00e9 manter o crescimento do meu escrit\u00f3rio, preservando a qualidade do trabalho. <\/p>\n\n\n\n<p><\/p>\n","protected":false},"excerpt":{"rendered":"<p>Apaixonada pela advocacia desde jovem, Claudete Teixeira comanda o seu pr\u00f3prio escrit\u00f3rio, constru\u00eddo com muito empenho e dedica\u00e7\u00e3o. Ao longo do tempo, essa trajet\u00f3ria tem sido marcada por conquistas significativas e etapas de sucesso. Em entrevista \u00e0 Mais Magazine, a advogada partilha os desafios que enfrenta enquanto mulher no universo&hellip;<\/p>\n","protected":false},"author":17,"featured_media":11925,"comment_status":"closed","ping_status":"open","sticky":false,"template":"","format":"standard","meta":{"advgb_blocks_editor_width":"","advgb_blocks_columns_visual_guide":"","_monsterinsights_skip_tracking":false,"_monsterinsights_sitenote_active":false,"_monsterinsights_sitenote_note":"","_monsterinsights_sitenote_category":0,"footnotes":""},"categories":[6,161],"tags":[1955,125],"class_list":["post-11923","post","type-post","status-publish","format-standard","has-post-thumbnail","hentry","category-empreendedorismo","category-mundo-empresarial","tag-claudete-teixeira","tag-mulheres"],"yoast_head":"<!-- This site is optimized with the Yoast SEO plugin v24.4 - https:\/\/yoast.com\/wordpress\/plugins\/seo\/ -->\n<title>\u201cO meu sucesso passa por ter a minha fam\u00edlia e a minha carreira&quot; - Mais Magazine<\/title>\n<meta name=\"description\" content=\"Apaixonada pela advocacia desde jovem, Claudete Teixeira comanda o seu pr\u00f3prio escrit\u00f3rio, constru\u00eddo com muito empenho e dedica\u00e7\u00e3o. Ao longo do tempo, essa trajet\u00f3ria tem sido marcada por conquistas significativas e etapas de sucesso. Em entrevista \u00e0 Mais Magazine, a advogada partilha os desafios que enfrenta enquanto mulher no universo jur\u00eddico, os impactos na sua vida pessoal e profissional, e os sacrif\u00edcios que foram necess\u00e1rios para impulsionar o crescimento do seu neg\u00f3cio.\" \/>\n<meta name=\"robots\" content=\"index, follow, max-snippet:-1, max-image-preview:large, max-video-preview:-1\" \/>\n<link rel=\"canonical\" href=\"https:\/\/maismagazine.pt\/index.php\/2025\/04\/25\/o-meu-sucesso-passa-por-ter-a-minha-familia-e-a-minha-carreira\/\" \/>\n<meta property=\"og:locale\" content=\"pt_PT\" \/>\n<meta property=\"og:type\" content=\"article\" \/>\n<meta property=\"og:title\" content=\"\u201cO meu sucesso passa por ter a minha fam\u00edlia e a minha carreira&quot; - Mais Magazine\" \/>\n<meta property=\"og:description\" content=\"Apaixonada pela advocacia desde jovem, Claudete Teixeira comanda o seu pr\u00f3prio escrit\u00f3rio, constru\u00eddo com muito empenho e dedica\u00e7\u00e3o. Ao longo do tempo, essa trajet\u00f3ria tem sido marcada por conquistas significativas e etapas de sucesso. Em entrevista \u00e0 Mais Magazine, a advogada partilha os desafios que enfrenta enquanto mulher no universo jur\u00eddico, os impactos na sua vida pessoal e profissional, e os sacrif\u00edcios que foram necess\u00e1rios para impulsionar o crescimento do seu neg\u00f3cio.\" \/>\n<meta property=\"og:url\" content=\"https:\/\/maismagazine.pt\/index.php\/2025\/04\/25\/o-meu-sucesso-passa-por-ter-a-minha-familia-e-a-minha-carreira\/\" \/>\n<meta property=\"og:site_name\" content=\"Mais Magazine\" \/>\n<meta property=\"article:published_time\" content=\"2025-04-25T06:00:00+00:00\" \/>\n<meta property=\"og:image\" content=\"https:\/\/maismagazine.pt\/wp-content\/uploads\/2025\/04\/044.jpg\" \/>\n\t<meta property=\"og:image:width\" content=\"805\" \/>\n\t<meta property=\"og:image:height\" content=\"536\" \/>\n\t<meta property=\"og:image:type\" content=\"image\/jpeg\" \/>\n<meta name=\"author\" content=\"Tiago Costa\" \/>\n<meta name=\"twitter:card\" content=\"summary_large_image\" \/>\n<meta name=\"twitter:label1\" content=\"Escrito por\" \/>\n\t<meta name=\"twitter:data1\" content=\"\" \/>\n\t<meta name=\"twitter:label2\" content=\"Tempo estimado de leitura\" \/>\n\t<meta name=\"twitter:data2\" content=\"6 minutos\" \/>\n<script type=\"application\/ld+json\" class=\"yoast-schema-graph\">{\"@context\":\"https:\/\/schema.org\",\"@graph\":[{\"@type\":\"Article\",\"@id\":\"https:\/\/maismagazine.pt\/index.php\/2025\/04\/25\/o-meu-sucesso-passa-por-ter-a-minha-familia-e-a-minha-carreira\/#article\",\"isPartOf\":{\"@id\":\"https:\/\/maismagazine.pt\/index.php\/2025\/04\/25\/o-meu-sucesso-passa-por-ter-a-minha-familia-e-a-minha-carreira\/\"},\"author\":{\"name\":\"Tiago Costa\",\"@id\":\"http:\/\/maismagazine.pt\/#\/schema\/person\/c6c5bfccc886434cbd11c74e035f9646\"},\"headline\":\"\u201cO meu sucesso passa por ter a minha fam\u00edlia e a minha carreira&#8221;\",\"datePublished\":\"2025-04-25T06:00:00+00:00\",\"mainEntityOfPage\":{\"@id\":\"https:\/\/maismagazine.pt\/index.php\/2025\/04\/25\/o-meu-sucesso-passa-por-ter-a-minha-familia-e-a-minha-carreira\/\"},\"wordCount\":1068,\"publisher\":{\"@id\":\"http:\/\/maismagazine.pt\/#organization\"},\"image\":{\"@id\":\"https:\/\/maismagazine.pt\/index.php\/2025\/04\/25\/o-meu-sucesso-passa-por-ter-a-minha-familia-e-a-minha-carreira\/#primaryimage\"},\"thumbnailUrl\":\"http:\/\/maismagazine.pt\/wp-content\/uploads\/2025\/04\/044.jpg\",\"keywords\":[\"Claudete Teixeira\",\"mulheres\"],\"articleSection\":[\"Empreendedorismo\",\"Mundo Empresarial\"],\"inLanguage\":\"pt-PT\"},{\"@type\":\"WebPage\",\"@id\":\"https:\/\/maismagazine.pt\/index.php\/2025\/04\/25\/o-meu-sucesso-passa-por-ter-a-minha-familia-e-a-minha-carreira\/\",\"url\":\"https:\/\/maismagazine.pt\/index.php\/2025\/04\/25\/o-meu-sucesso-passa-por-ter-a-minha-familia-e-a-minha-carreira\/\",\"name\":\"\u201cO meu sucesso passa por ter a minha fam\u00edlia e a minha carreira\\\" - Mais Magazine\",\"isPartOf\":{\"@id\":\"http:\/\/maismagazine.pt\/#website\"},\"primaryImageOfPage\":{\"@id\":\"https:\/\/maismagazine.pt\/index.php\/2025\/04\/25\/o-meu-sucesso-passa-por-ter-a-minha-familia-e-a-minha-carreira\/#primaryimage\"},\"image\":{\"@id\":\"https:\/\/maismagazine.pt\/index.php\/2025\/04\/25\/o-meu-sucesso-passa-por-ter-a-minha-familia-e-a-minha-carreira\/#primaryimage\"},\"thumbnailUrl\":\"http:\/\/maismagazine.pt\/wp-content\/uploads\/2025\/04\/044.jpg\",\"datePublished\":\"2025-04-25T06:00:00+00:00\",\"description\":\"Apaixonada pela advocacia desde jovem, Claudete Teixeira comanda o seu pr\u00f3prio escrit\u00f3rio, constru\u00eddo com muito empenho e dedica\u00e7\u00e3o. Ao longo do tempo, essa trajet\u00f3ria tem sido marcada por conquistas significativas e etapas de sucesso. Em entrevista \u00e0 Mais Magazine, a advogada partilha os desafios que enfrenta enquanto mulher no universo jur\u00eddico, os impactos na sua vida pessoal e profissional, e os sacrif\u00edcios que foram necess\u00e1rios para impulsionar o crescimento do seu neg\u00f3cio.\",\"breadcrumb\":{\"@id\":\"https:\/\/maismagazine.pt\/index.php\/2025\/04\/25\/o-meu-sucesso-passa-por-ter-a-minha-familia-e-a-minha-carreira\/#breadcrumb\"},\"inLanguage\":\"pt-PT\",\"potentialAction\":[{\"@type\":\"ReadAction\",\"target\":[\"https:\/\/maismagazine.pt\/index.php\/2025\/04\/25\/o-meu-sucesso-passa-por-ter-a-minha-familia-e-a-minha-carreira\/\"]}]},{\"@type\":\"ImageObject\",\"inLanguage\":\"pt-PT\",\"@id\":\"https:\/\/maismagazine.pt\/index.php\/2025\/04\/25\/o-meu-sucesso-passa-por-ter-a-minha-familia-e-a-minha-carreira\/#primaryimage\",\"url\":\"http:\/\/maismagazine.pt\/wp-content\/uploads\/2025\/04\/044.jpg\",\"contentUrl\":\"http:\/\/maismagazine.pt\/wp-content\/uploads\/2025\/04\/044.jpg\",\"width\":805,\"height\":536},{\"@type\":\"BreadcrumbList\",\"@id\":\"https:\/\/maismagazine.pt\/index.php\/2025\/04\/25\/o-meu-sucesso-passa-por-ter-a-minha-familia-e-a-minha-carreira\/#breadcrumb\",\"itemListElement\":[{\"@type\":\"ListItem\",\"position\":1,\"name\":\"Home\",\"item\":\"http:\/\/maismagazine.pt\/\"},{\"@type\":\"ListItem\",\"position\":2,\"name\":\"\u201cO meu sucesso passa por ter a minha fam\u00edlia e a minha carreira&#8221;\"}]},{\"@type\":\"WebSite\",\"@id\":\"http:\/\/maismagazine.pt\/#website\",\"url\":\"http:\/\/maismagazine.pt\/\",\"name\":\"Mais Magazine\",\"description\":\"\",\"publisher\":{\"@id\":\"http:\/\/maismagazine.pt\/#organization\"},\"potentialAction\":[{\"@type\":\"SearchAction\",\"target\":{\"@type\":\"EntryPoint\",\"urlTemplate\":\"http:\/\/maismagazine.pt\/?s={search_term_string}\"},\"query-input\":{\"@type\":\"PropertyValueSpecification\",\"valueRequired\":true,\"valueName\":\"search_term_string\"}}],\"inLanguage\":\"pt-PT\"},{\"@type\":\"Organization\",\"@id\":\"http:\/\/maismagazine.pt\/#organization\",\"name\":\"Mais Magazine\",\"url\":\"http:\/\/maismagazine.pt\/\",\"logo\":{\"@type\":\"ImageObject\",\"inLanguage\":\"pt-PT\",\"@id\":\"http:\/\/maismagazine.pt\/#\/schema\/logo\/image\/\",\"url\":\"http:\/\/maismagazine.pt\/wp-content\/uploads\/2020\/04\/cropped-cropped-mais-magazine-site-logo-2.png\",\"contentUrl\":\"http:\/\/maismagazine.pt\/wp-content\/uploads\/2020\/04\/cropped-cropped-mais-magazine-site-logo-2.png\",\"width\":581,\"height\":90,\"caption\":\"Mais Magazine\"},\"image\":{\"@id\":\"http:\/\/maismagazine.pt\/#\/schema\/logo\/image\/\"}},{\"@type\":\"Person\",\"@id\":\"http:\/\/maismagazine.pt\/#\/schema\/person\/c6c5bfccc886434cbd11c74e035f9646\",\"name\":\"Tiago Costa\",\"image\":{\"@type\":\"ImageObject\",\"inLanguage\":\"pt-PT\",\"@id\":\"http:\/\/maismagazine.pt\/#\/schema\/person\/image\/\",\"url\":\"https:\/\/secure.gravatar.com\/avatar\/c599b2bce16c9870429198cbad5ee022?s=96&d=mm&r=g\",\"contentUrl\":\"https:\/\/secure.gravatar.com\/avatar\/c599b2bce16c9870429198cbad5ee022?s=96&d=mm&r=g\",\"caption\":\"Tiago Costa\"},\"url\":\"http:\/\/maismagazine.pt\/index.php\/author\/tiago\/\"}]}<\/script>\n<!-- \/ Yoast SEO plugin. -->","yoast_head_json":{"title":"\u201cO meu sucesso passa por ter a minha fam\u00edlia e a minha carreira\" - Mais Magazine","description":"Apaixonada pela advocacia desde jovem, Claudete Teixeira comanda o seu pr\u00f3prio escrit\u00f3rio, constru\u00eddo com muito empenho e dedica\u00e7\u00e3o. Ao longo do tempo, essa trajet\u00f3ria tem sido marcada por conquistas significativas e etapas de sucesso. Em entrevista \u00e0 Mais Magazine, a advogada partilha os desafios que enfrenta enquanto mulher no universo jur\u00eddico, os impactos na sua vida pessoal e profissional, e os sacrif\u00edcios que foram necess\u00e1rios para impulsionar o crescimento do seu neg\u00f3cio.","robots":{"index":"index","follow":"follow","max-snippet":"max-snippet:-1","max-image-preview":"max-image-preview:large","max-video-preview":"max-video-preview:-1"},"canonical":"https:\/\/maismagazine.pt\/index.php\/2025\/04\/25\/o-meu-sucesso-passa-por-ter-a-minha-familia-e-a-minha-carreira\/","og_locale":"pt_PT","og_type":"article","og_title":"\u201cO meu sucesso passa por ter a minha fam\u00edlia e a minha carreira\" - Mais Magazine","og_description":"Apaixonada pela advocacia desde jovem, Claudete Teixeira comanda o seu pr\u00f3prio escrit\u00f3rio, constru\u00eddo com muito empenho e dedica\u00e7\u00e3o. Ao longo do tempo, essa trajet\u00f3ria tem sido marcada por conquistas significativas e etapas de sucesso. Em entrevista \u00e0 Mais Magazine, a advogada partilha os desafios que enfrenta enquanto mulher no universo jur\u00eddico, os impactos na sua vida pessoal e profissional, e os sacrif\u00edcios que foram necess\u00e1rios para impulsionar o crescimento do seu neg\u00f3cio.","og_url":"https:\/\/maismagazine.pt\/index.php\/2025\/04\/25\/o-meu-sucesso-passa-por-ter-a-minha-familia-e-a-minha-carreira\/","og_site_name":"Mais Magazine","article_published_time":"2025-04-25T06:00:00+00:00","og_image":[{"width":805,"height":536,"url":"https:\/\/maismagazine.pt\/wp-content\/uploads\/2025\/04\/044.jpg","type":"image\/jpeg"}],"author":"Tiago Costa","twitter_card":"summary_large_image","twitter_misc":{"Escrito por":false,"Tempo estimado de leitura":"6 minutos"},"schema":{"@context":"https:\/\/schema.org","@graph":[{"@type":"Article","@id":"https:\/\/maismagazine.pt\/index.php\/2025\/04\/25\/o-meu-sucesso-passa-por-ter-a-minha-familia-e-a-minha-carreira\/#article","isPartOf":{"@id":"https:\/\/maismagazine.pt\/index.php\/2025\/04\/25\/o-meu-sucesso-passa-por-ter-a-minha-familia-e-a-minha-carreira\/"},"author":{"name":"Tiago Costa","@id":"http:\/\/maismagazine.pt\/#\/schema\/person\/c6c5bfccc886434cbd11c74e035f9646"},"headline":"\u201cO meu sucesso passa por ter a minha fam\u00edlia e a minha carreira&#8221;","datePublished":"2025-04-25T06:00:00+00:00","mainEntityOfPage":{"@id":"https:\/\/maismagazine.pt\/index.php\/2025\/04\/25\/o-meu-sucesso-passa-por-ter-a-minha-familia-e-a-minha-carreira\/"},"wordCount":1068,"publisher":{"@id":"http:\/\/maismagazine.pt\/#organization"},"image":{"@id":"https:\/\/maismagazine.pt\/index.php\/2025\/04\/25\/o-meu-sucesso-passa-por-ter-a-minha-familia-e-a-minha-carreira\/#primaryimage"},"thumbnailUrl":"http:\/\/maismagazine.pt\/wp-content\/uploads\/2025\/04\/044.jpg","keywords":["Claudete Teixeira","mulheres"],"articleSection":["Empreendedorismo","Mundo Empresarial"],"inLanguage":"pt-PT"},{"@type":"WebPage","@id":"https:\/\/maismagazine.pt\/index.php\/2025\/04\/25\/o-meu-sucesso-passa-por-ter-a-minha-familia-e-a-minha-carreira\/","url":"https:\/\/maismagazine.pt\/index.php\/2025\/04\/25\/o-meu-sucesso-passa-por-ter-a-minha-familia-e-a-minha-carreira\/","name":"\u201cO meu sucesso passa por ter a minha fam\u00edlia e a minha carreira\" - Mais Magazine","isPartOf":{"@id":"http:\/\/maismagazine.pt\/#website"},"primaryImageOfPage":{"@id":"https:\/\/maismagazine.pt\/index.php\/2025\/04\/25\/o-meu-sucesso-passa-por-ter-a-minha-familia-e-a-minha-carreira\/#primaryimage"},"image":{"@id":"https:\/\/maismagazine.pt\/index.php\/2025\/04\/25\/o-meu-sucesso-passa-por-ter-a-minha-familia-e-a-minha-carreira\/#primaryimage"},"thumbnailUrl":"http:\/\/maismagazine.pt\/wp-content\/uploads\/2025\/04\/044.jpg","datePublished":"2025-04-25T06:00:00+00:00","description":"Apaixonada pela advocacia desde jovem, Claudete Teixeira comanda o seu pr\u00f3prio escrit\u00f3rio, constru\u00eddo com muito empenho e dedica\u00e7\u00e3o. Ao longo do tempo, essa trajet\u00f3ria tem sido marcada por conquistas significativas e etapas de sucesso. Em entrevista \u00e0 Mais Magazine, a advogada partilha os desafios que enfrenta enquanto mulher no universo jur\u00eddico, os impactos na sua vida pessoal e profissional, e os sacrif\u00edcios que foram necess\u00e1rios para impulsionar o crescimento do seu neg\u00f3cio.","breadcrumb":{"@id":"https:\/\/maismagazine.pt\/index.php\/2025\/04\/25\/o-meu-sucesso-passa-por-ter-a-minha-familia-e-a-minha-carreira\/#breadcrumb"},"inLanguage":"pt-PT","potentialAction":[{"@type":"ReadAction","target":["https:\/\/maismagazine.pt\/index.php\/2025\/04\/25\/o-meu-sucesso-passa-por-ter-a-minha-familia-e-a-minha-carreira\/"]}]},{"@type":"ImageObject","inLanguage":"pt-PT","@id":"https:\/\/maismagazine.pt\/index.php\/2025\/04\/25\/o-meu-sucesso-passa-por-ter-a-minha-familia-e-a-minha-carreira\/#primaryimage","url":"http:\/\/maismagazine.pt\/wp-content\/uploads\/2025\/04\/044.jpg","contentUrl":"http:\/\/maismagazine.pt\/wp-content\/uploads\/2025\/04\/044.jpg","width":805,"height":536},{"@type":"BreadcrumbList","@id":"https:\/\/maismagazine.pt\/index.php\/2025\/04\/25\/o-meu-sucesso-passa-por-ter-a-minha-familia-e-a-minha-carreira\/#breadcrumb","itemListElement":[{"@type":"ListItem","position":1,"name":"Home","item":"http:\/\/maismagazine.pt\/"},{"@type":"ListItem","position":2,"name":"\u201cO meu sucesso passa por ter a minha fam\u00edlia e a minha carreira&#8221;"}]},{"@type":"WebSite","@id":"http:\/\/maismagazine.pt\/#website","url":"http:\/\/maismagazine.pt\/","name":"Mais Magazine","description":"","publisher":{"@id":"http:\/\/maismagazine.pt\/#organization"},"potentialAction":[{"@type":"SearchAction","target":{"@type":"EntryPoint","urlTemplate":"http:\/\/maismagazine.pt\/?s={search_term_string}"},"query-input":{"@type":"PropertyValueSpecification","valueRequired":true,"valueName":"search_term_string"}}],"inLanguage":"pt-PT"},{"@type":"Organization","@id":"http:\/\/maismagazine.pt\/#organization","name":"Mais Magazine","url":"http:\/\/maismagazine.pt\/","logo":{"@type":"ImageObject","inLanguage":"pt-PT","@id":"http:\/\/maismagazine.pt\/#\/schema\/logo\/image\/","url":"http:\/\/maismagazine.pt\/wp-content\/uploads\/2020\/04\/cropped-cropped-mais-magazine-site-logo-2.png","contentUrl":"http:\/\/maismagazine.pt\/wp-content\/uploads\/2020\/04\/cropped-cropped-mais-magazine-site-logo-2.png","width":581,"height":90,"caption":"Mais Magazine"},"image":{"@id":"http:\/\/maismagazine.pt\/#\/schema\/logo\/image\/"}},{"@type":"Person","@id":"http:\/\/maismagazine.pt\/#\/schema\/person\/c6c5bfccc886434cbd11c74e035f9646","name":"Tiago Costa","image":{"@type":"ImageObject","inLanguage":"pt-PT","@id":"http:\/\/maismagazine.pt\/#\/schema\/person\/image\/","url":"https:\/\/secure.gravatar.com\/avatar\/c599b2bce16c9870429198cbad5ee022?s=96&d=mm&r=g","contentUrl":"https:\/\/secure.gravatar.com\/avatar\/c599b2bce16c9870429198cbad5ee022?s=96&d=mm&r=g","caption":"Tiago Costa"},"url":"http:\/\/maismagazine.pt\/index.php\/author\/tiago\/"}]}},"author_meta":{"display_name":false,"author_link":"http:\/\/maismagazine.pt\/index.php\/author\/tiago\/"},"featured_img":"http:\/\/maismagazine.pt\/wp-content\/uploads\/2025\/04\/044-300x200.jpg","coauthors":[],"tax_additional":{"categories":{"linked":["<a href=\"http:\/\/maismagazine.pt\/index.php\/category\/empreendedorismo\/\" class=\"advgb-post-tax-term\">Empreendedorismo<\/a>","<a href=\"http:\/\/maismagazine.pt\/index.php\/category\/mundo-empresarial\/\" class=\"advgb-post-tax-term\">Mundo Empresarial<\/a>"],"unlinked":["<span class=\"advgb-post-tax-term\">Empreendedorismo<\/span>","<span class=\"advgb-post-tax-term\">Mundo Empresarial<\/span>"]},"tags":{"linked":["<a href=\"http:\/\/maismagazine.pt\/index.php\/category\/mundo-empresarial\/\" class=\"advgb-post-tax-term\">Claudete Teixeira<\/a>","<a href=\"http:\/\/maismagazine.pt\/index.php\/category\/mundo-empresarial\/\" class=\"advgb-post-tax-term\">mulheres<\/a>"],"unlinked":["<span class=\"advgb-post-tax-term\">Claudete Teixeira<\/span>","<span class=\"advgb-post-tax-term\">mulheres<\/span>"]}},"comment_count":"0","relative_dates":{"created":"Posted 1 ano ago","modified":"Updated 1 ano ago"},"absolute_dates":{"created":"Posted on 25 de Abril, 2025","modified":"Updated on 23 de Abril, 2025"},"absolute_dates_time":{"created":"Posted on 25 de Abril, 2025 7:00","modified":"Updated on 23 de Abril, 2025 16:10"},"featured_img_caption":"","series_order":"","_links":{"self":[{"href":"http:\/\/maismagazine.pt\/index.php\/wp-json\/wp\/v2\/posts\/11923","targetHints":{"allow":["GET"]}}],"collection":[{"href":"http:\/\/maismagazine.pt\/index.php\/wp-json\/wp\/v2\/posts"}],"about":[{"href":"http:\/\/maismagazine.pt\/index.php\/wp-json\/wp\/v2\/types\/post"}],"author":[{"embeddable":true,"href":"http:\/\/maismagazine.pt\/index.php\/wp-json\/wp\/v2\/users\/17"}],"replies":[{"embeddable":true,"href":"http:\/\/maismagazine.pt\/index.php\/wp-json\/wp\/v2\/comments?post=11923"}],"version-history":[{"count":1,"href":"http:\/\/maismagazine.pt\/index.php\/wp-json\/wp\/v2\/posts\/11923\/revisions"}],"predecessor-version":[{"id":11926,"href":"http:\/\/maismagazine.pt\/index.php\/wp-json\/wp\/v2\/posts\/11923\/revisions\/11926"}],"wp:featuredmedia":[{"embeddable":true,"href":"http:\/\/maismagazine.pt\/index.php\/wp-json\/wp\/v2\/media\/11925"}],"wp:attachment":[{"href":"http:\/\/maismagazine.pt\/index.php\/wp-json\/wp\/v2\/media?parent=11923"}],"wp:term":[{"taxonomy":"category","embeddable":true,"href":"http:\/\/maismagazine.pt\/index.php\/wp-json\/wp\/v2\/categories?post=11923"},{"taxonomy":"post_tag","embeddable":true,"href":"http:\/\/maismagazine.pt\/index.php\/wp-json\/wp\/v2\/tags?post=11923"}],"curies":[{"name":"wp","href":"https:\/\/api.w.org\/{rel}","templated":true}]}}