{"id":11878,"date":"2025-04-25T07:00:00","date_gmt":"2025-04-25T06:00:00","guid":{"rendered":"https:\/\/maismagazine.pt\/?p=11878"},"modified":"2025-04-23T15:34:08","modified_gmt":"2025-04-23T14:34:08","slug":"a-mente-inquieta-da-patologista-veterinaria-que-aposta-na-transformacao-de-vidas","status":"publish","type":"post","link":"http:\/\/maismagazine.pt\/index.php\/2025\/04\/25\/a-mente-inquieta-da-patologista-veterinaria-que-aposta-na-transformacao-de-vidas\/","title":{"rendered":"A mente inquieta da patologista veterin\u00e1ria que aposta na transforma\u00e7\u00e3o de vidas"},"content":{"rendered":"\n<p><strong>\u201cTransformar \u2013 com alma, sempre\u201d essa \u00e9 a miss\u00e3o de vida de Ana Canadas, patologista no ICBAS e professora na Escola Universit\u00e1ria Vasco da Gama (EUVG). Em entrevista \u00e0 Mais Magazine, partilha o seu percurso profissional e o prop\u00f3sito que a move.<\/strong><\/p>\n\n\n\n<p><\/p>\n\n\n\n<p>Quem a conhece diz: \u00c9 um \u201cmini-furac\u00e3o\u201d feliz. Uma mente inquieta com uma miss\u00e3o clara: transformar. Diagn\u00f3sticos, mentalidades, sistemas e, sobretudo&#8230; pessoas.<\/p>\n\n\n\n<p><\/p>\n\n\n\n<p>Ana Canadas teve, desde sempre, um fasc\u00ednio pelo mundo animal \u2014 uma vontade genu\u00edna de cuidar e compreender. Mas a vida levou-a primeiro por outro caminho: a enfermagem humana. \u201cE sou grata por isso \u2014 aprendi a cuidar com presen\u00e7a e escuta. A enfermagem moldou-me: ensinou-me a valorizar a vida e a relativizar\u201d, afirma.<\/p>\n\n\n\n<p><\/p>\n\n\n\n<p>Mais tarde, reencontrou-se com o seu sonho de sempre: a Medicina Veterin\u00e1ria. E foi durante a pr\u00e1tica profissional como cl\u00ednica que descobriu a Patologia. \u201cFascina-me a complexidade e as hist\u00f3rias escondidas nos tecidos ao microsc\u00f3pio, a beleza quase po\u00e9tica de entender a vida atrav\u00e9s da doen\u00e7a e das imagens. A Patologia \u00e9 mais do que observar: \u00e9 interpretar, decidir e dar voz\u201d, salienta. <\/p>\n\n\n\n<p><\/p>\n\n\n\n<p>O seu trajeto inclui tamb\u00e9m um doutoramento e uma resid\u00eancia europeia na \u00e1rea e, desde 2021, lidera o LabPatVet, o laborat\u00f3rio de histopatologia veterin\u00e1ria do ICBAS. Assumir essa lideran\u00e7a \u00e9, para Ana Canadas, o culminar de um ato de compromisso profundo que mant\u00e9m desde 2012. Mais do que dirigir um laborat\u00f3rio, v\u00ea-se como algu\u00e9m que empreende diariamente: com vis\u00e3o, estrat\u00e9gia e sentido de miss\u00e3o de melhorar os servi\u00e7os \u00e0 comunidade. Liderar um laborat\u00f3rio, ainda que de pequena dimens\u00e3o, \u00e9 tanto sobre ci\u00eancia como sobre pessoas. Para a entrevistada, \u201c\u00e9 sobre clientes \u2014 com necessidades \u00fanicas, contextos distintos e expectativas concretas. Adapto-me, encontro solu\u00e7\u00f5es\u201d. \u00c9 um exerc\u00edcio de empatia e inova\u00e7\u00e3o que tem fidelizado e mantido os n\u00edveis de qualidade nos servi\u00e7os prestados. \u00c9 exigente, intensa e sens\u00edvel \u2014 e isso sente-se em tudo o que faz. Tem uma veia transformadora e deixa uma energia que n\u00e3o passa despercebida. Defende o que acredita com firmeza \u2014 mesmo que isso traga desconforto e resist\u00eancias externas. Acredita que s\u00f3 com verdade, coragem e humanidade se lidera e se vive com justi\u00e7a. Acredita numa lideran\u00e7a consciente, baseada na escuta ativa e no respeito pelas individualidades. \u201cPara prosperar, \u00e9 preciso compreender o outro\u201d, reitera. <\/p>\n\n\n\n<p><\/p>\n\n\n\n<p>N\u00e3o obstante, \u00e9 no ensino, na mentoria e na forma\u00e7\u00e3o que est\u00e1 atualmente o centro da sua paix\u00e3o. Na EUVG, onde \u00e9 professora regente de v\u00e1rias unidades curriculares, encontra o seu prop\u00f3sito. Partilhar conhecimento, orientar jovens e ver o seu crescimento \u2014 \u00e9 isso que a realiza, pois, para Ana Canadas, \u201censinar \u00e9 inspirar. Ser mentora e modelo \u00e9 um privil\u00e9gio\u201d. <\/p>\n\n\n\n<p><\/p>\n\n\n\n<p>Neste contexto, a sua vida \u00e9, de facto, intensa. Entre diagn\u00f3sticos, aulas, projetos e estudo, os dias s\u00e3o longos. Mas a patologista \u00e9 movida pelo prop\u00f3sito. Come\u00e7a o dia com energia, felicidade e gratid\u00e3o e esfor\u00e7a-se por parar \u2014 \u201c\u00e9 no sil\u00eancio que nasce a clareza do caminho a trilhar\u201d, afirma. <\/p>\n\n\n\n<p><\/p>\n\n\n\n<p>Mais do que patologista ou professora, Ana Canadas \u00e9 empreendedora da transforma\u00e7\u00e3o. E esse esp\u00edrito empreendedor tem-se expandido para novas \u00e1reas. <\/p>\n\n\n\n<p><\/p>\n\n\n\n<p>Defensora da Intelig\u00eancia Artificial, considera-a vital na Patologia e no ensino \u2014 encontra-se ativamente a explorar esse caminho. Quer inovar, fazer diferente, criar solu\u00e7\u00f5es. E quer que a Patologia Veterin\u00e1ria cres\u00e7a e se reinvente no contexto t\u00e3o falado da \u201cOne Health\u201d. <\/p>\n\n\n\n<p><\/p>\n\n\n\n<p>Ana Canadas \u00e9 patologista, mas a sua voca\u00e7\u00e3o \u00e9 transformar \u2014 com alma, sempre. <\/p>\n","protected":false},"excerpt":{"rendered":"<p>\u201cTransformar \u2013 com alma, sempre\u201d essa \u00e9 a miss\u00e3o de vida de Ana Canadas, patologista no ICBAS e professora na Escola Universit\u00e1ria Vasco da Gama (EUVG). Em entrevista \u00e0 Mais Magazine, partilha o seu percurso profissional e o prop\u00f3sito que a move. Quem a conhece diz: \u00c9 um \u201cmini-furac\u00e3o\u201d feliz.&hellip;<\/p>\n","protected":false},"author":18,"featured_media":11883,"comment_status":"closed","ping_status":"open","sticky":false,"template":"","format":"standard","meta":{"advgb_blocks_editor_width":"","advgb_blocks_columns_visual_guide":"","_monsterinsights_skip_tracking":false,"_monsterinsights_sitenote_active":false,"_monsterinsights_sitenote_note":"","_monsterinsights_sitenote_category":0,"footnotes":""},"categories":[161],"tags":[602,2315,125],"class_list":["post-11878","post","type-post","status-publish","format-standard","has-post-thumbnail","hentry","category-mundo-empresarial","tag-euvg","tag-icbas","tag-mulheres"],"yoast_head":"<!-- This site is optimized with the Yoast SEO plugin v24.4 - https:\/\/yoast.com\/wordpress\/plugins\/seo\/ -->\n<title>A mente inquieta da patologista veterin\u00e1ria que aposta na transforma\u00e7\u00e3o de vidas - Mais Magazine<\/title>\n<meta name=\"robots\" content=\"index, follow, max-snippet:-1, max-image-preview:large, max-video-preview:-1\" \/>\n<link rel=\"canonical\" href=\"http:\/\/maismagazine.pt\/index.php\/2025\/04\/25\/a-mente-inquieta-da-patologista-veterinaria-que-aposta-na-transformacao-de-vidas\/\" \/>\n<meta property=\"og:locale\" content=\"pt_PT\" \/>\n<meta property=\"og:type\" content=\"article\" \/>\n<meta property=\"og:title\" content=\"A mente inquieta da patologista veterin\u00e1ria que aposta na transforma\u00e7\u00e3o de vidas - Mais Magazine\" \/>\n<meta property=\"og:description\" content=\"\u201cTransformar \u2013 com alma, sempre\u201d essa \u00e9 a miss\u00e3o de vida de Ana Canadas, patologista no ICBAS e professora na Escola Universit\u00e1ria Vasco da Gama (EUVG). Em entrevista \u00e0 Mais Magazine, partilha o seu percurso profissional e o prop\u00f3sito que a move. Quem a conhece diz: \u00c9 um \u201cmini-furac\u00e3o\u201d feliz.&hellip;\" \/>\n<meta property=\"og:url\" content=\"http:\/\/maismagazine.pt\/index.php\/2025\/04\/25\/a-mente-inquieta-da-patologista-veterinaria-que-aposta-na-transformacao-de-vidas\/\" \/>\n<meta property=\"og:site_name\" content=\"Mais Magazine\" \/>\n<meta property=\"article:published_time\" content=\"2025-04-25T06:00:00+00:00\" \/>\n<meta property=\"og:image\" content=\"http:\/\/maismagazine.pt\/wp-content\/uploads\/2025\/04\/DSC00055-1-1.png\" \/>\n\t<meta property=\"og:image:width\" content=\"456\" \/>\n\t<meta property=\"og:image:height\" content=\"652\" \/>\n\t<meta property=\"og:image:type\" content=\"image\/png\" \/>\n<meta name=\"author\" content=\"Tatiana Martins\" \/>\n<meta name=\"twitter:card\" content=\"summary_large_image\" \/>\n<meta name=\"twitter:label1\" content=\"Escrito por\" \/>\n\t<meta name=\"twitter:data1\" content=\"\" \/>\n\t<meta name=\"twitter:label2\" content=\"Tempo estimado de leitura\" \/>\n\t<meta name=\"twitter:data2\" content=\"4 minutos\" \/>\n<script type=\"application\/ld+json\" class=\"yoast-schema-graph\">{\"@context\":\"https:\/\/schema.org\",\"@graph\":[{\"@type\":\"Article\",\"@id\":\"http:\/\/maismagazine.pt\/index.php\/2025\/04\/25\/a-mente-inquieta-da-patologista-veterinaria-que-aposta-na-transformacao-de-vidas\/#article\",\"isPartOf\":{\"@id\":\"http:\/\/maismagazine.pt\/index.php\/2025\/04\/25\/a-mente-inquieta-da-patologista-veterinaria-que-aposta-na-transformacao-de-vidas\/\"},\"author\":{\"name\":\"Tatiana Martins\",\"@id\":\"https:\/\/maismagazine.pt\/#\/schema\/person\/7426e2caeb8df32a1b56aa48dae778c9\"},\"headline\":\"A mente inquieta da patologista veterin\u00e1ria que aposta na transforma\u00e7\u00e3o de vidas\",\"datePublished\":\"2025-04-25T06:00:00+00:00\",\"mainEntityOfPage\":{\"@id\":\"http:\/\/maismagazine.pt\/index.php\/2025\/04\/25\/a-mente-inquieta-da-patologista-veterinaria-que-aposta-na-transformacao-de-vidas\/\"},\"wordCount\":611,\"publisher\":{\"@id\":\"https:\/\/maismagazine.pt\/#organization\"},\"image\":{\"@id\":\"http:\/\/maismagazine.pt\/index.php\/2025\/04\/25\/a-mente-inquieta-da-patologista-veterinaria-que-aposta-na-transformacao-de-vidas\/#primaryimage\"},\"thumbnailUrl\":\"http:\/\/maismagazine.pt\/wp-content\/uploads\/2025\/04\/DSC00055-1-1.png\",\"keywords\":[\"EUVG\",\"ICBAS\",\"mulheres\"],\"articleSection\":[\"Mundo Empresarial\"],\"inLanguage\":\"pt-PT\"},{\"@type\":\"WebPage\",\"@id\":\"http:\/\/maismagazine.pt\/index.php\/2025\/04\/25\/a-mente-inquieta-da-patologista-veterinaria-que-aposta-na-transformacao-de-vidas\/\",\"url\":\"http:\/\/maismagazine.pt\/index.php\/2025\/04\/25\/a-mente-inquieta-da-patologista-veterinaria-que-aposta-na-transformacao-de-vidas\/\",\"name\":\"A mente inquieta da patologista veterin\u00e1ria que aposta na transforma\u00e7\u00e3o de vidas - Mais Magazine\",\"isPartOf\":{\"@id\":\"https:\/\/maismagazine.pt\/#website\"},\"primaryImageOfPage\":{\"@id\":\"http:\/\/maismagazine.pt\/index.php\/2025\/04\/25\/a-mente-inquieta-da-patologista-veterinaria-que-aposta-na-transformacao-de-vidas\/#primaryimage\"},\"image\":{\"@id\":\"http:\/\/maismagazine.pt\/index.php\/2025\/04\/25\/a-mente-inquieta-da-patologista-veterinaria-que-aposta-na-transformacao-de-vidas\/#primaryimage\"},\"thumbnailUrl\":\"http:\/\/maismagazine.pt\/wp-content\/uploads\/2025\/04\/DSC00055-1-1.png\",\"datePublished\":\"2025-04-25T06:00:00+00:00\",\"breadcrumb\":{\"@id\":\"http:\/\/maismagazine.pt\/index.php\/2025\/04\/25\/a-mente-inquieta-da-patologista-veterinaria-que-aposta-na-transformacao-de-vidas\/#breadcrumb\"},\"inLanguage\":\"pt-PT\",\"potentialAction\":[{\"@type\":\"ReadAction\",\"target\":[\"http:\/\/maismagazine.pt\/index.php\/2025\/04\/25\/a-mente-inquieta-da-patologista-veterinaria-que-aposta-na-transformacao-de-vidas\/\"]}]},{\"@type\":\"ImageObject\",\"inLanguage\":\"pt-PT\",\"@id\":\"http:\/\/maismagazine.pt\/index.php\/2025\/04\/25\/a-mente-inquieta-da-patologista-veterinaria-que-aposta-na-transformacao-de-vidas\/#primaryimage\",\"url\":\"http:\/\/maismagazine.pt\/wp-content\/uploads\/2025\/04\/DSC00055-1-1.png\",\"contentUrl\":\"http:\/\/maismagazine.pt\/wp-content\/uploads\/2025\/04\/DSC00055-1-1.png\",\"width\":456,\"height\":652,\"caption\":\"Ana Canadas Sousa, Patologista no ICBAS e Professora na EUVG\"},{\"@type\":\"BreadcrumbList\",\"@id\":\"http:\/\/maismagazine.pt\/index.php\/2025\/04\/25\/a-mente-inquieta-da-patologista-veterinaria-que-aposta-na-transformacao-de-vidas\/#breadcrumb\",\"itemListElement\":[{\"@type\":\"ListItem\",\"position\":1,\"name\":\"Home\",\"item\":\"https:\/\/maismagazine.pt\/\"},{\"@type\":\"ListItem\",\"position\":2,\"name\":\"A mente inquieta da patologista veterin\u00e1ria que aposta na transforma\u00e7\u00e3o de vidas\"}]},{\"@type\":\"WebSite\",\"@id\":\"https:\/\/maismagazine.pt\/#website\",\"url\":\"https:\/\/maismagazine.pt\/\",\"name\":\"Mais Magazine\",\"description\":\"\",\"publisher\":{\"@id\":\"https:\/\/maismagazine.pt\/#organization\"},\"potentialAction\":[{\"@type\":\"SearchAction\",\"target\":{\"@type\":\"EntryPoint\",\"urlTemplate\":\"https:\/\/maismagazine.pt\/?s={search_term_string}\"},\"query-input\":{\"@type\":\"PropertyValueSpecification\",\"valueRequired\":true,\"valueName\":\"search_term_string\"}}],\"inLanguage\":\"pt-PT\"},{\"@type\":\"Organization\",\"@id\":\"https:\/\/maismagazine.pt\/#organization\",\"name\":\"Mais Magazine\",\"url\":\"https:\/\/maismagazine.pt\/\",\"logo\":{\"@type\":\"ImageObject\",\"inLanguage\":\"pt-PT\",\"@id\":\"https:\/\/maismagazine.pt\/#\/schema\/logo\/image\/\",\"url\":\"http:\/\/maismagazine.pt\/wp-content\/uploads\/2020\/04\/cropped-cropped-mais-magazine-site-logo-2.png\",\"contentUrl\":\"http:\/\/maismagazine.pt\/wp-content\/uploads\/2020\/04\/cropped-cropped-mais-magazine-site-logo-2.png\",\"width\":581,\"height\":90,\"caption\":\"Mais Magazine\"},\"image\":{\"@id\":\"https:\/\/maismagazine.pt\/#\/schema\/logo\/image\/\"}},{\"@type\":\"Person\",\"@id\":\"https:\/\/maismagazine.pt\/#\/schema\/person\/7426e2caeb8df32a1b56aa48dae778c9\",\"name\":\"Tatiana Martins\",\"image\":{\"@type\":\"ImageObject\",\"inLanguage\":\"pt-PT\",\"@id\":\"https:\/\/maismagazine.pt\/#\/schema\/person\/image\/\",\"url\":\"https:\/\/secure.gravatar.com\/avatar\/4b24a57f5d0425f2eb20981c4b53244e?s=96&d=mm&r=g\",\"contentUrl\":\"https:\/\/secure.gravatar.com\/avatar\/4b24a57f5d0425f2eb20981c4b53244e?s=96&d=mm&r=g\",\"caption\":\"Tatiana Martins\"},\"url\":\"http:\/\/maismagazine.pt\/index.php\/author\/tatiana\/\"}]}<\/script>\n<!-- \/ Yoast SEO plugin. -->","yoast_head_json":{"title":"A mente inquieta da patologista veterin\u00e1ria que aposta na transforma\u00e7\u00e3o de vidas - Mais Magazine","robots":{"index":"index","follow":"follow","max-snippet":"max-snippet:-1","max-image-preview":"max-image-preview:large","max-video-preview":"max-video-preview:-1"},"canonical":"http:\/\/maismagazine.pt\/index.php\/2025\/04\/25\/a-mente-inquieta-da-patologista-veterinaria-que-aposta-na-transformacao-de-vidas\/","og_locale":"pt_PT","og_type":"article","og_title":"A mente inquieta da patologista veterin\u00e1ria que aposta na transforma\u00e7\u00e3o de vidas - Mais Magazine","og_description":"\u201cTransformar \u2013 com alma, sempre\u201d essa \u00e9 a miss\u00e3o de vida de Ana Canadas, patologista no ICBAS e professora na Escola Universit\u00e1ria Vasco da Gama (EUVG). Em entrevista \u00e0 Mais Magazine, partilha o seu percurso profissional e o prop\u00f3sito que a move. Quem a conhece diz: \u00c9 um \u201cmini-furac\u00e3o\u201d feliz.&hellip;","og_url":"http:\/\/maismagazine.pt\/index.php\/2025\/04\/25\/a-mente-inquieta-da-patologista-veterinaria-que-aposta-na-transformacao-de-vidas\/","og_site_name":"Mais Magazine","article_published_time":"2025-04-25T06:00:00+00:00","og_image":[{"width":456,"height":652,"url":"http:\/\/maismagazine.pt\/wp-content\/uploads\/2025\/04\/DSC00055-1-1.png","type":"image\/png"}],"author":"Tatiana Martins","twitter_card":"summary_large_image","twitter_misc":{"Escrito por":false,"Tempo estimado de leitura":"4 minutos"},"schema":{"@context":"https:\/\/schema.org","@graph":[{"@type":"Article","@id":"http:\/\/maismagazine.pt\/index.php\/2025\/04\/25\/a-mente-inquieta-da-patologista-veterinaria-que-aposta-na-transformacao-de-vidas\/#article","isPartOf":{"@id":"http:\/\/maismagazine.pt\/index.php\/2025\/04\/25\/a-mente-inquieta-da-patologista-veterinaria-que-aposta-na-transformacao-de-vidas\/"},"author":{"name":"Tatiana Martins","@id":"https:\/\/maismagazine.pt\/#\/schema\/person\/7426e2caeb8df32a1b56aa48dae778c9"},"headline":"A mente inquieta da patologista veterin\u00e1ria que aposta na transforma\u00e7\u00e3o de vidas","datePublished":"2025-04-25T06:00:00+00:00","mainEntityOfPage":{"@id":"http:\/\/maismagazine.pt\/index.php\/2025\/04\/25\/a-mente-inquieta-da-patologista-veterinaria-que-aposta-na-transformacao-de-vidas\/"},"wordCount":611,"publisher":{"@id":"https:\/\/maismagazine.pt\/#organization"},"image":{"@id":"http:\/\/maismagazine.pt\/index.php\/2025\/04\/25\/a-mente-inquieta-da-patologista-veterinaria-que-aposta-na-transformacao-de-vidas\/#primaryimage"},"thumbnailUrl":"http:\/\/maismagazine.pt\/wp-content\/uploads\/2025\/04\/DSC00055-1-1.png","keywords":["EUVG","ICBAS","mulheres"],"articleSection":["Mundo Empresarial"],"inLanguage":"pt-PT"},{"@type":"WebPage","@id":"http:\/\/maismagazine.pt\/index.php\/2025\/04\/25\/a-mente-inquieta-da-patologista-veterinaria-que-aposta-na-transformacao-de-vidas\/","url":"http:\/\/maismagazine.pt\/index.php\/2025\/04\/25\/a-mente-inquieta-da-patologista-veterinaria-que-aposta-na-transformacao-de-vidas\/","name":"A mente inquieta da patologista veterin\u00e1ria que aposta na transforma\u00e7\u00e3o de vidas - Mais Magazine","isPartOf":{"@id":"https:\/\/maismagazine.pt\/#website"},"primaryImageOfPage":{"@id":"http:\/\/maismagazine.pt\/index.php\/2025\/04\/25\/a-mente-inquieta-da-patologista-veterinaria-que-aposta-na-transformacao-de-vidas\/#primaryimage"},"image":{"@id":"http:\/\/maismagazine.pt\/index.php\/2025\/04\/25\/a-mente-inquieta-da-patologista-veterinaria-que-aposta-na-transformacao-de-vidas\/#primaryimage"},"thumbnailUrl":"http:\/\/maismagazine.pt\/wp-content\/uploads\/2025\/04\/DSC00055-1-1.png","datePublished":"2025-04-25T06:00:00+00:00","breadcrumb":{"@id":"http:\/\/maismagazine.pt\/index.php\/2025\/04\/25\/a-mente-inquieta-da-patologista-veterinaria-que-aposta-na-transformacao-de-vidas\/#breadcrumb"},"inLanguage":"pt-PT","potentialAction":[{"@type":"ReadAction","target":["http:\/\/maismagazine.pt\/index.php\/2025\/04\/25\/a-mente-inquieta-da-patologista-veterinaria-que-aposta-na-transformacao-de-vidas\/"]}]},{"@type":"ImageObject","inLanguage":"pt-PT","@id":"http:\/\/maismagazine.pt\/index.php\/2025\/04\/25\/a-mente-inquieta-da-patologista-veterinaria-que-aposta-na-transformacao-de-vidas\/#primaryimage","url":"http:\/\/maismagazine.pt\/wp-content\/uploads\/2025\/04\/DSC00055-1-1.png","contentUrl":"http:\/\/maismagazine.pt\/wp-content\/uploads\/2025\/04\/DSC00055-1-1.png","width":456,"height":652,"caption":"Ana Canadas Sousa, Patologista no ICBAS e Professora na EUVG"},{"@type":"BreadcrumbList","@id":"http:\/\/maismagazine.pt\/index.php\/2025\/04\/25\/a-mente-inquieta-da-patologista-veterinaria-que-aposta-na-transformacao-de-vidas\/#breadcrumb","itemListElement":[{"@type":"ListItem","position":1,"name":"Home","item":"https:\/\/maismagazine.pt\/"},{"@type":"ListItem","position":2,"name":"A mente inquieta da patologista veterin\u00e1ria que aposta na transforma\u00e7\u00e3o de vidas"}]},{"@type":"WebSite","@id":"https:\/\/maismagazine.pt\/#website","url":"https:\/\/maismagazine.pt\/","name":"Mais Magazine","description":"","publisher":{"@id":"https:\/\/maismagazine.pt\/#organization"},"potentialAction":[{"@type":"SearchAction","target":{"@type":"EntryPoint","urlTemplate":"https:\/\/maismagazine.pt\/?s={search_term_string}"},"query-input":{"@type":"PropertyValueSpecification","valueRequired":true,"valueName":"search_term_string"}}],"inLanguage":"pt-PT"},{"@type":"Organization","@id":"https:\/\/maismagazine.pt\/#organization","name":"Mais Magazine","url":"https:\/\/maismagazine.pt\/","logo":{"@type":"ImageObject","inLanguage":"pt-PT","@id":"https:\/\/maismagazine.pt\/#\/schema\/logo\/image\/","url":"http:\/\/maismagazine.pt\/wp-content\/uploads\/2020\/04\/cropped-cropped-mais-magazine-site-logo-2.png","contentUrl":"http:\/\/maismagazine.pt\/wp-content\/uploads\/2020\/04\/cropped-cropped-mais-magazine-site-logo-2.png","width":581,"height":90,"caption":"Mais Magazine"},"image":{"@id":"https:\/\/maismagazine.pt\/#\/schema\/logo\/image\/"}},{"@type":"Person","@id":"https:\/\/maismagazine.pt\/#\/schema\/person\/7426e2caeb8df32a1b56aa48dae778c9","name":"Tatiana Martins","image":{"@type":"ImageObject","inLanguage":"pt-PT","@id":"https:\/\/maismagazine.pt\/#\/schema\/person\/image\/","url":"https:\/\/secure.gravatar.com\/avatar\/4b24a57f5d0425f2eb20981c4b53244e?s=96&d=mm&r=g","contentUrl":"https:\/\/secure.gravatar.com\/avatar\/4b24a57f5d0425f2eb20981c4b53244e?s=96&d=mm&r=g","caption":"Tatiana Martins"},"url":"http:\/\/maismagazine.pt\/index.php\/author\/tatiana\/"}]}},"author_meta":{"display_name":false,"author_link":"http:\/\/maismagazine.pt\/index.php\/author\/tatiana\/"},"featured_img":"http:\/\/maismagazine.pt\/wp-content\/uploads\/2025\/04\/DSC00055-1-1-210x300.png","coauthors":[],"tax_additional":{"categories":{"linked":["<a href=\"http:\/\/maismagazine.pt\/index.php\/category\/mundo-empresarial\/\" class=\"advgb-post-tax-term\">Mundo Empresarial<\/a>"],"unlinked":["<span class=\"advgb-post-tax-term\">Mundo Empresarial<\/span>"]},"tags":{"linked":["<a href=\"http:\/\/maismagazine.pt\/index.php\/category\/mundo-empresarial\/\" class=\"advgb-post-tax-term\">EUVG<\/a>","<a href=\"http:\/\/maismagazine.pt\/index.php\/category\/mundo-empresarial\/\" class=\"advgb-post-tax-term\">ICBAS<\/a>","<a href=\"http:\/\/maismagazine.pt\/index.php\/category\/mundo-empresarial\/\" class=\"advgb-post-tax-term\">mulheres<\/a>"],"unlinked":["<span class=\"advgb-post-tax-term\">EUVG<\/span>","<span class=\"advgb-post-tax-term\">ICBAS<\/span>","<span class=\"advgb-post-tax-term\">mulheres<\/span>"]}},"comment_count":"0","relative_dates":{"created":"Posted 1 ano ago","modified":"Updated 1 ano ago"},"absolute_dates":{"created":"Posted on 25 de Abril, 2025","modified":"Updated on 23 de Abril, 2025"},"absolute_dates_time":{"created":"Posted on 25 de Abril, 2025 7:00","modified":"Updated on 23 de Abril, 2025 15:34"},"featured_img_caption":"Ana Canadas Sousa, Patologista no ICBAS  e  Professora na EUVG","series_order":"","_links":{"self":[{"href":"http:\/\/maismagazine.pt\/index.php\/wp-json\/wp\/v2\/posts\/11878","targetHints":{"allow":["GET"]}}],"collection":[{"href":"http:\/\/maismagazine.pt\/index.php\/wp-json\/wp\/v2\/posts"}],"about":[{"href":"http:\/\/maismagazine.pt\/index.php\/wp-json\/wp\/v2\/types\/post"}],"author":[{"embeddable":true,"href":"http:\/\/maismagazine.pt\/index.php\/wp-json\/wp\/v2\/users\/18"}],"replies":[{"embeddable":true,"href":"http:\/\/maismagazine.pt\/index.php\/wp-json\/wp\/v2\/comments?post=11878"}],"version-history":[{"count":1,"href":"http:\/\/maismagazine.pt\/index.php\/wp-json\/wp\/v2\/posts\/11878\/revisions"}],"predecessor-version":[{"id":11884,"href":"http:\/\/maismagazine.pt\/index.php\/wp-json\/wp\/v2\/posts\/11878\/revisions\/11884"}],"wp:featuredmedia":[{"embeddable":true,"href":"http:\/\/maismagazine.pt\/index.php\/wp-json\/wp\/v2\/media\/11883"}],"wp:attachment":[{"href":"http:\/\/maismagazine.pt\/index.php\/wp-json\/wp\/v2\/media?parent=11878"}],"wp:term":[{"taxonomy":"category","embeddable":true,"href":"http:\/\/maismagazine.pt\/index.php\/wp-json\/wp\/v2\/categories?post=11878"},{"taxonomy":"post_tag","embeddable":true,"href":"http:\/\/maismagazine.pt\/index.php\/wp-json\/wp\/v2\/tags?post=11878"}],"curies":[{"name":"wp","href":"https:\/\/api.w.org\/{rel}","templated":true}]}}