{"id":11858,"date":"2025-04-25T07:00:00","date_gmt":"2025-04-25T06:00:00","guid":{"rendered":"https:\/\/maismagazine.pt\/?p=11858"},"modified":"2025-04-23T15:22:00","modified_gmt":"2025-04-23T14:22:00","slug":"escrever-sonhos-e-ter-coragem-de-os-viver","status":"publish","type":"post","link":"http:\/\/maismagazine.pt\/index.php\/2025\/04\/25\/escrever-sonhos-e-ter-coragem-de-os-viver\/","title":{"rendered":"\u201cEscrever sonhos e ter coragem de os viver\u201d"},"content":{"rendered":"\n<p><strong>Em entrevista \u00e0 Mais Magazine, Eunice Melo, CEO da OneAzores, fala do amor que sente pela terra que a viu nascer &#8211; os A\u00e7ores &#8211; e tra\u00e7a um balan\u00e7o do seu percurso profissional at\u00e9 ao momento.<\/strong><\/p>\n\n\n\n<p><\/p>\n\n\n\n<p><strong>Quem \u00e9 a Eunice Melo e como tem sido o seu percurso profissional?<\/strong><\/p>\n\n\n\n<p>Sou uma a\u00e7oriana das nove ilhas, apaixonada pela minha terra e movida por uma energia empreendedora que me acompanha desde cedo. Descendente de uma fam\u00edlia de construtores navais, armadores e comerciantes, cresci com o esp\u00edrito do mar e dos neg\u00f3cios no sangue. Acredito que nasci com o prop\u00f3sito de criar, transformar e partilhar conhecimento. Aos 19 anos, criei o meu primeiro neg\u00f3cio. Dois anos depois, fundei com o meu pai a Nautipico, empresa mar\u00edtimo tur\u00edstica no Pico, e desde ent\u00e3o n\u00e3o parei. <\/p>\n\n\n\n<p>Fundei, em contexto familiar sete em-presas na \u00e1rea mar\u00edtimo-tur\u00edstica, tendo sido pioneiros no desenvolvimento do Yacht Charter em Portugal. A Sailazores, Atividades N\u00e1uticas, Lda., empresa m\u00e3e e s\u00edmbolo desta vis\u00e3o, tornou-se na maior refer\u00eancia nacional do setor, em conjunto com a minha irm\u00e3, meu cunhado e o meu marido, mantendo o esp\u00edrito familiar que sempre nos guiou. <\/p>\n\n\n\n<p>H\u00e1 vinte e um anos fundei a Eunice Melo, Lda., uma empresa que concentra diversas \u00e1reas de neg\u00f3cio e de atua\u00e7\u00e3o, desde a distribui\u00e7\u00e3o, \u00e0 log\u00edstica e aos transportes, at\u00e9 ao alojamento local, \u00e0 decora\u00e7\u00e3o, constru\u00e7\u00e3o, eventos e assessoria. No segmento do turismo, cri\u00e1mos a marca registada OneAzores, que representa todas as iniciativas tur\u00edsticas nas nove ilhas, com uma abordagem integrada, inovadora e profundamente enraizada na identidade a\u00e7oriana. <\/p>\n\n\n\n<p>Neste momento da minha vida, sinto-me cada vez mais desperta para os valores da sustentabilidade e \u00e9 neste contexto que represento nos A\u00e7ores o conceito de constru\u00e7\u00e3o em a\u00e7o leve (LSF \u2013 Light Steel Frame), uma solu\u00e7\u00e3o amiga do ambiente, eficiente e alinhada com os desafios atuais das altera\u00e7\u00f5es clim\u00e1ticas. <\/p>\n\n\n\n<p>Paralelamente, sou membro da Associa\u00e7\u00e3o Mulher L\u00edder RML, que promove a diversidade de g\u00e9nero como motor de inova\u00e7\u00e3o no topo das empresas, al\u00e9m disso, fui eleita pela Assembleia Legislativa Regional da Regi\u00e3o Aut\u00f3noma dos A\u00e7ores como membro suplente do Conselho Econ\u00f3mico e Social. Sou igualmente membro ativo de diversas associa\u00e7\u00f5es empresariais regionais, onde contribuo para o fortalecimento do tecido empresarial local, promovendo a inova\u00e7\u00e3o e sustentabilidade. <\/p>\n\n\n\n<p><\/p>\n\n\n\n<p><strong>Em que momento da sua vida surgiu a OneAzores e quais t\u00eam sido os maiores desafios que enfrenta diariamente enquanto mulher?<\/strong><\/p>\n\n\n\n<p>O projeto nasceu do desejo de conectar todos os aspetos do turismo na regi\u00e3o, desde o alojamento local at\u00e9 \u00e0 promo\u00e7\u00e3o dos nossos recursos naturais, com foco na preserva\u00e7\u00e3o do meio ambiente. A OneAzores \u00e9 uma vis\u00e3o que une a cultura e os valores locais \u00e0 necessidade de inovar e de agir de forma respons\u00e1vel e inteligente. <\/p>\n\n\n\n<p>Enquanto mulher, os desafios s\u00e3o, em grande parte, internos. Acredito firmemente que a for\u00e7a mental das mulheres \u00e9 incompar\u00e1vel, e que o mundo tem vindo a mostrar que n\u00e3o existem limita\u00e7\u00f5es para o que podemos alcan\u00e7ar. N\u00e3o h\u00e1 atividades ou compet\u00eancias exclusivas para homens ou para mulheres; existem apenas habilidades, dedica\u00e7\u00e3o e a vontade de persistir. Ao longo da minha carreira, foi comum, especialmente nas primeiras fases de lideran\u00e7a, sentir que tinha de provar a minha compet\u00eancia repetidamente, especialmente ao trabalhar com equipas predominantemente masculinas. <\/p>\n\n\n\n<p>Uma vez que consegui provar a minha capacidade, a confian\u00e7a e o respeito dos outros surgiram naturalmente. E isso, para mim, \u00e9 um dos pontos mais importantes da lideran\u00e7a \u2013 mostrar que somos capazes, n\u00e3o pela for\u00e7a f\u00edsica, mas pela nossa compet\u00eancia e capacidade de execu\u00e7\u00e3o. <\/p>\n\n\n\n<p><\/p>\n\n\n\n<p><strong>Que balan\u00e7o faz da sua carreira at\u00e9 ao momento e que metas ainda espera alcan\u00e7ar?<\/strong><\/p>\n\n\n\n<p>O balan\u00e7o da minha carreira at\u00e9 ao momento \u00e9 de profundo orgulho e gratid\u00e3o. Olho para tr\u00e1s e vejo uma trajet\u00f3ria que criei com valor nos A\u00e7ores. Gerar emprego, refor\u00e7ar a identidade local e posicionar os meus projetos com uma vis\u00e3o global foi o que me permitiu contribuir para o crescimento econ\u00f3mico das v\u00e1rias ilhas. <\/p>\n\n\n\n<p>O segredo do sucesso n\u00e3o est\u00e1 apenas nas conquistas materiais, mas em escrever os sonhos e, sobretudo, ter coragem de os viver. Na minha jornada, sou grata por ter conseguido ser a empresa n\u00famero um da ilha do Pico em fatura\u00e7\u00e3o, um marco significativo na minha carreira, e que considero um feito particularmente valioso sendo mulher. Contudo, o meu maior sucesso \u00e9 o apoio familiar, que \u00e9 a base s\u00f3lida para todos os meus desafios profissionais. Uma fam\u00edlia forte \u00e9 o alicerce de qualquer sucesso. <\/p>\n\n\n\n<p>Uma das minhas maiores metas \u00e9, na idade da reforma, n\u00e3o me reformar. Quero continuar a ter energia, criatividade, esp\u00edrito e sa\u00fade para desenvolver tudo o que me proponho. Acredito que n\u00e3o h\u00e1 idade para parar de sonhar, de agir, de viver. Quero conciliar o meu tempo entre os A\u00e7ores e o mundo, levando comigo a experi\u00eancia e o conhecimento acumulado ao longo da minha vida, e aplicando-os em causas que me s\u00e3o caras, como o apoio a comunidades carenciadas. <\/p>\n","protected":false},"excerpt":{"rendered":"<p>Em entrevista \u00e0 Mais Magazine, Eunice Melo, CEO da OneAzores, fala do amor que sente pela terra que a viu nascer &#8211; os A\u00e7ores &#8211; e tra\u00e7a um balan\u00e7o do seu percurso profissional at\u00e9 ao momento. Quem \u00e9 a Eunice Melo e como tem sido o seu percurso profissional? Sou&hellip;<\/p>\n","protected":false},"author":18,"featured_media":11862,"comment_status":"closed","ping_status":"open","sticky":false,"template":"","format":"standard","meta":{"advgb_blocks_editor_width":"","advgb_blocks_columns_visual_guide":"","_monsterinsights_skip_tracking":false,"_monsterinsights_sitenote_active":false,"_monsterinsights_sitenote_note":"","_monsterinsights_sitenote_category":0,"footnotes":""},"categories":[161],"tags":[281,125,2312],"class_list":["post-11858","post","type-post","status-publish","format-standard","has-post-thumbnail","hentry","category-mundo-empresarial","tag-acores","tag-mulheres","tag-oneazores"],"yoast_head":"<!-- This site is optimized with the Yoast SEO plugin v24.4 - https:\/\/yoast.com\/wordpress\/plugins\/seo\/ -->\n<title>\u201cEscrever sonhos e ter coragem de os viver\u201d - Mais Magazine<\/title>\n<meta name=\"robots\" content=\"index, follow, max-snippet:-1, max-image-preview:large, max-video-preview:-1\" \/>\n<link rel=\"canonical\" href=\"http:\/\/maismagazine.pt\/index.php\/2025\/04\/25\/escrever-sonhos-e-ter-coragem-de-os-viver\/\" \/>\n<meta property=\"og:locale\" content=\"pt_PT\" \/>\n<meta property=\"og:type\" content=\"article\" \/>\n<meta property=\"og:title\" content=\"\u201cEscrever sonhos e ter coragem de os viver\u201d - Mais Magazine\" \/>\n<meta property=\"og:description\" content=\"Em entrevista \u00e0 Mais Magazine, Eunice Melo, CEO da OneAzores, fala do amor que sente pela terra que a viu nascer &#8211; os A\u00e7ores &#8211; e tra\u00e7a um balan\u00e7o do seu percurso profissional at\u00e9 ao momento. Quem \u00e9 a Eunice Melo e como tem sido o seu percurso profissional? Sou&hellip;\" \/>\n<meta property=\"og:url\" content=\"http:\/\/maismagazine.pt\/index.php\/2025\/04\/25\/escrever-sonhos-e-ter-coragem-de-os-viver\/\" \/>\n<meta property=\"og:site_name\" content=\"Mais Magazine\" \/>\n<meta property=\"article:published_time\" content=\"2025-04-25T06:00:00+00:00\" \/>\n<meta property=\"og:image\" content=\"http:\/\/maismagazine.pt\/wp-content\/uploads\/2025\/04\/PHOTO-2025-04-06-15-50-52-1.jpg\" \/>\n\t<meta property=\"og:image:width\" content=\"923\" \/>\n\t<meta property=\"og:image:height\" content=\"1145\" \/>\n\t<meta property=\"og:image:type\" content=\"image\/jpeg\" \/>\n<meta name=\"author\" content=\"Tatiana Martins\" \/>\n<meta name=\"twitter:card\" content=\"summary_large_image\" \/>\n<meta name=\"twitter:label1\" content=\"Escrito por\" \/>\n\t<meta name=\"twitter:data1\" content=\"\" \/>\n\t<meta name=\"twitter:label2\" content=\"Tempo estimado de leitura\" \/>\n\t<meta name=\"twitter:data2\" content=\"5 minutos\" \/>\n<script type=\"application\/ld+json\" class=\"yoast-schema-graph\">{\"@context\":\"https:\/\/schema.org\",\"@graph\":[{\"@type\":\"Article\",\"@id\":\"http:\/\/maismagazine.pt\/index.php\/2025\/04\/25\/escrever-sonhos-e-ter-coragem-de-os-viver\/#article\",\"isPartOf\":{\"@id\":\"http:\/\/maismagazine.pt\/index.php\/2025\/04\/25\/escrever-sonhos-e-ter-coragem-de-os-viver\/\"},\"author\":{\"name\":\"Tatiana Martins\",\"@id\":\"https:\/\/maismagazine.pt\/#\/schema\/person\/7426e2caeb8df32a1b56aa48dae778c9\"},\"headline\":\"\u201cEscrever sonhos e ter coragem de os viver\u201d\",\"datePublished\":\"2025-04-25T06:00:00+00:00\",\"mainEntityOfPage\":{\"@id\":\"http:\/\/maismagazine.pt\/index.php\/2025\/04\/25\/escrever-sonhos-e-ter-coragem-de-os-viver\/\"},\"wordCount\":900,\"publisher\":{\"@id\":\"https:\/\/maismagazine.pt\/#organization\"},\"image\":{\"@id\":\"http:\/\/maismagazine.pt\/index.php\/2025\/04\/25\/escrever-sonhos-e-ter-coragem-de-os-viver\/#primaryimage\"},\"thumbnailUrl\":\"http:\/\/maismagazine.pt\/wp-content\/uploads\/2025\/04\/PHOTO-2025-04-06-15-50-52-1.jpg\",\"keywords\":[\"a\u00e7ores\",\"mulheres\",\"OneAzores\"],\"articleSection\":[\"Mundo Empresarial\"],\"inLanguage\":\"pt-PT\"},{\"@type\":\"WebPage\",\"@id\":\"http:\/\/maismagazine.pt\/index.php\/2025\/04\/25\/escrever-sonhos-e-ter-coragem-de-os-viver\/\",\"url\":\"http:\/\/maismagazine.pt\/index.php\/2025\/04\/25\/escrever-sonhos-e-ter-coragem-de-os-viver\/\",\"name\":\"\u201cEscrever sonhos e ter coragem de os viver\u201d - Mais Magazine\",\"isPartOf\":{\"@id\":\"https:\/\/maismagazine.pt\/#website\"},\"primaryImageOfPage\":{\"@id\":\"http:\/\/maismagazine.pt\/index.php\/2025\/04\/25\/escrever-sonhos-e-ter-coragem-de-os-viver\/#primaryimage\"},\"image\":{\"@id\":\"http:\/\/maismagazine.pt\/index.php\/2025\/04\/25\/escrever-sonhos-e-ter-coragem-de-os-viver\/#primaryimage\"},\"thumbnailUrl\":\"http:\/\/maismagazine.pt\/wp-content\/uploads\/2025\/04\/PHOTO-2025-04-06-15-50-52-1.jpg\",\"datePublished\":\"2025-04-25T06:00:00+00:00\",\"breadcrumb\":{\"@id\":\"http:\/\/maismagazine.pt\/index.php\/2025\/04\/25\/escrever-sonhos-e-ter-coragem-de-os-viver\/#breadcrumb\"},\"inLanguage\":\"pt-PT\",\"potentialAction\":[{\"@type\":\"ReadAction\",\"target\":[\"http:\/\/maismagazine.pt\/index.php\/2025\/04\/25\/escrever-sonhos-e-ter-coragem-de-os-viver\/\"]}]},{\"@type\":\"ImageObject\",\"inLanguage\":\"pt-PT\",\"@id\":\"http:\/\/maismagazine.pt\/index.php\/2025\/04\/25\/escrever-sonhos-e-ter-coragem-de-os-viver\/#primaryimage\",\"url\":\"http:\/\/maismagazine.pt\/wp-content\/uploads\/2025\/04\/PHOTO-2025-04-06-15-50-52-1.jpg\",\"contentUrl\":\"http:\/\/maismagazine.pt\/wp-content\/uploads\/2025\/04\/PHOTO-2025-04-06-15-50-52-1.jpg\",\"width\":923,\"height\":1145,\"caption\":\"Eunice Melo, CEO da OneAzores\"},{\"@type\":\"BreadcrumbList\",\"@id\":\"http:\/\/maismagazine.pt\/index.php\/2025\/04\/25\/escrever-sonhos-e-ter-coragem-de-os-viver\/#breadcrumb\",\"itemListElement\":[{\"@type\":\"ListItem\",\"position\":1,\"name\":\"Home\",\"item\":\"https:\/\/maismagazine.pt\/\"},{\"@type\":\"ListItem\",\"position\":2,\"name\":\"\u201cEscrever sonhos e ter coragem de os viver\u201d\"}]},{\"@type\":\"WebSite\",\"@id\":\"https:\/\/maismagazine.pt\/#website\",\"url\":\"https:\/\/maismagazine.pt\/\",\"name\":\"Mais Magazine\",\"description\":\"\",\"publisher\":{\"@id\":\"https:\/\/maismagazine.pt\/#organization\"},\"potentialAction\":[{\"@type\":\"SearchAction\",\"target\":{\"@type\":\"EntryPoint\",\"urlTemplate\":\"https:\/\/maismagazine.pt\/?s={search_term_string}\"},\"query-input\":{\"@type\":\"PropertyValueSpecification\",\"valueRequired\":true,\"valueName\":\"search_term_string\"}}],\"inLanguage\":\"pt-PT\"},{\"@type\":\"Organization\",\"@id\":\"https:\/\/maismagazine.pt\/#organization\",\"name\":\"Mais Magazine\",\"url\":\"https:\/\/maismagazine.pt\/\",\"logo\":{\"@type\":\"ImageObject\",\"inLanguage\":\"pt-PT\",\"@id\":\"https:\/\/maismagazine.pt\/#\/schema\/logo\/image\/\",\"url\":\"http:\/\/maismagazine.pt\/wp-content\/uploads\/2020\/04\/cropped-cropped-mais-magazine-site-logo-2.png\",\"contentUrl\":\"http:\/\/maismagazine.pt\/wp-content\/uploads\/2020\/04\/cropped-cropped-mais-magazine-site-logo-2.png\",\"width\":581,\"height\":90,\"caption\":\"Mais Magazine\"},\"image\":{\"@id\":\"https:\/\/maismagazine.pt\/#\/schema\/logo\/image\/\"}},{\"@type\":\"Person\",\"@id\":\"https:\/\/maismagazine.pt\/#\/schema\/person\/7426e2caeb8df32a1b56aa48dae778c9\",\"name\":\"Tatiana Martins\",\"image\":{\"@type\":\"ImageObject\",\"inLanguage\":\"pt-PT\",\"@id\":\"https:\/\/maismagazine.pt\/#\/schema\/person\/image\/\",\"url\":\"https:\/\/secure.gravatar.com\/avatar\/4b24a57f5d0425f2eb20981c4b53244e?s=96&d=mm&r=g\",\"contentUrl\":\"https:\/\/secure.gravatar.com\/avatar\/4b24a57f5d0425f2eb20981c4b53244e?s=96&d=mm&r=g\",\"caption\":\"Tatiana Martins\"},\"url\":\"http:\/\/maismagazine.pt\/index.php\/author\/tatiana\/\"}]}<\/script>\n<!-- \/ Yoast SEO plugin. -->","yoast_head_json":{"title":"\u201cEscrever sonhos e ter coragem de os viver\u201d - Mais Magazine","robots":{"index":"index","follow":"follow","max-snippet":"max-snippet:-1","max-image-preview":"max-image-preview:large","max-video-preview":"max-video-preview:-1"},"canonical":"http:\/\/maismagazine.pt\/index.php\/2025\/04\/25\/escrever-sonhos-e-ter-coragem-de-os-viver\/","og_locale":"pt_PT","og_type":"article","og_title":"\u201cEscrever sonhos e ter coragem de os viver\u201d - Mais Magazine","og_description":"Em entrevista \u00e0 Mais Magazine, Eunice Melo, CEO da OneAzores, fala do amor que sente pela terra que a viu nascer &#8211; os A\u00e7ores &#8211; e tra\u00e7a um balan\u00e7o do seu percurso profissional at\u00e9 ao momento. Quem \u00e9 a Eunice Melo e como tem sido o seu percurso profissional? Sou&hellip;","og_url":"http:\/\/maismagazine.pt\/index.php\/2025\/04\/25\/escrever-sonhos-e-ter-coragem-de-os-viver\/","og_site_name":"Mais Magazine","article_published_time":"2025-04-25T06:00:00+00:00","og_image":[{"width":923,"height":1145,"url":"http:\/\/maismagazine.pt\/wp-content\/uploads\/2025\/04\/PHOTO-2025-04-06-15-50-52-1.jpg","type":"image\/jpeg"}],"author":"Tatiana Martins","twitter_card":"summary_large_image","twitter_misc":{"Escrito por":false,"Tempo estimado de leitura":"5 minutos"},"schema":{"@context":"https:\/\/schema.org","@graph":[{"@type":"Article","@id":"http:\/\/maismagazine.pt\/index.php\/2025\/04\/25\/escrever-sonhos-e-ter-coragem-de-os-viver\/#article","isPartOf":{"@id":"http:\/\/maismagazine.pt\/index.php\/2025\/04\/25\/escrever-sonhos-e-ter-coragem-de-os-viver\/"},"author":{"name":"Tatiana Martins","@id":"https:\/\/maismagazine.pt\/#\/schema\/person\/7426e2caeb8df32a1b56aa48dae778c9"},"headline":"\u201cEscrever sonhos e ter coragem de os viver\u201d","datePublished":"2025-04-25T06:00:00+00:00","mainEntityOfPage":{"@id":"http:\/\/maismagazine.pt\/index.php\/2025\/04\/25\/escrever-sonhos-e-ter-coragem-de-os-viver\/"},"wordCount":900,"publisher":{"@id":"https:\/\/maismagazine.pt\/#organization"},"image":{"@id":"http:\/\/maismagazine.pt\/index.php\/2025\/04\/25\/escrever-sonhos-e-ter-coragem-de-os-viver\/#primaryimage"},"thumbnailUrl":"http:\/\/maismagazine.pt\/wp-content\/uploads\/2025\/04\/PHOTO-2025-04-06-15-50-52-1.jpg","keywords":["a\u00e7ores","mulheres","OneAzores"],"articleSection":["Mundo Empresarial"],"inLanguage":"pt-PT"},{"@type":"WebPage","@id":"http:\/\/maismagazine.pt\/index.php\/2025\/04\/25\/escrever-sonhos-e-ter-coragem-de-os-viver\/","url":"http:\/\/maismagazine.pt\/index.php\/2025\/04\/25\/escrever-sonhos-e-ter-coragem-de-os-viver\/","name":"\u201cEscrever sonhos e ter coragem de os viver\u201d - Mais Magazine","isPartOf":{"@id":"https:\/\/maismagazine.pt\/#website"},"primaryImageOfPage":{"@id":"http:\/\/maismagazine.pt\/index.php\/2025\/04\/25\/escrever-sonhos-e-ter-coragem-de-os-viver\/#primaryimage"},"image":{"@id":"http:\/\/maismagazine.pt\/index.php\/2025\/04\/25\/escrever-sonhos-e-ter-coragem-de-os-viver\/#primaryimage"},"thumbnailUrl":"http:\/\/maismagazine.pt\/wp-content\/uploads\/2025\/04\/PHOTO-2025-04-06-15-50-52-1.jpg","datePublished":"2025-04-25T06:00:00+00:00","breadcrumb":{"@id":"http:\/\/maismagazine.pt\/index.php\/2025\/04\/25\/escrever-sonhos-e-ter-coragem-de-os-viver\/#breadcrumb"},"inLanguage":"pt-PT","potentialAction":[{"@type":"ReadAction","target":["http:\/\/maismagazine.pt\/index.php\/2025\/04\/25\/escrever-sonhos-e-ter-coragem-de-os-viver\/"]}]},{"@type":"ImageObject","inLanguage":"pt-PT","@id":"http:\/\/maismagazine.pt\/index.php\/2025\/04\/25\/escrever-sonhos-e-ter-coragem-de-os-viver\/#primaryimage","url":"http:\/\/maismagazine.pt\/wp-content\/uploads\/2025\/04\/PHOTO-2025-04-06-15-50-52-1.jpg","contentUrl":"http:\/\/maismagazine.pt\/wp-content\/uploads\/2025\/04\/PHOTO-2025-04-06-15-50-52-1.jpg","width":923,"height":1145,"caption":"Eunice Melo, CEO da OneAzores"},{"@type":"BreadcrumbList","@id":"http:\/\/maismagazine.pt\/index.php\/2025\/04\/25\/escrever-sonhos-e-ter-coragem-de-os-viver\/#breadcrumb","itemListElement":[{"@type":"ListItem","position":1,"name":"Home","item":"https:\/\/maismagazine.pt\/"},{"@type":"ListItem","position":2,"name":"\u201cEscrever sonhos e ter coragem de os viver\u201d"}]},{"@type":"WebSite","@id":"https:\/\/maismagazine.pt\/#website","url":"https:\/\/maismagazine.pt\/","name":"Mais Magazine","description":"","publisher":{"@id":"https:\/\/maismagazine.pt\/#organization"},"potentialAction":[{"@type":"SearchAction","target":{"@type":"EntryPoint","urlTemplate":"https:\/\/maismagazine.pt\/?s={search_term_string}"},"query-input":{"@type":"PropertyValueSpecification","valueRequired":true,"valueName":"search_term_string"}}],"inLanguage":"pt-PT"},{"@type":"Organization","@id":"https:\/\/maismagazine.pt\/#organization","name":"Mais Magazine","url":"https:\/\/maismagazine.pt\/","logo":{"@type":"ImageObject","inLanguage":"pt-PT","@id":"https:\/\/maismagazine.pt\/#\/schema\/logo\/image\/","url":"http:\/\/maismagazine.pt\/wp-content\/uploads\/2020\/04\/cropped-cropped-mais-magazine-site-logo-2.png","contentUrl":"http:\/\/maismagazine.pt\/wp-content\/uploads\/2020\/04\/cropped-cropped-mais-magazine-site-logo-2.png","width":581,"height":90,"caption":"Mais Magazine"},"image":{"@id":"https:\/\/maismagazine.pt\/#\/schema\/logo\/image\/"}},{"@type":"Person","@id":"https:\/\/maismagazine.pt\/#\/schema\/person\/7426e2caeb8df32a1b56aa48dae778c9","name":"Tatiana Martins","image":{"@type":"ImageObject","inLanguage":"pt-PT","@id":"https:\/\/maismagazine.pt\/#\/schema\/person\/image\/","url":"https:\/\/secure.gravatar.com\/avatar\/4b24a57f5d0425f2eb20981c4b53244e?s=96&d=mm&r=g","contentUrl":"https:\/\/secure.gravatar.com\/avatar\/4b24a57f5d0425f2eb20981c4b53244e?s=96&d=mm&r=g","caption":"Tatiana Martins"},"url":"http:\/\/maismagazine.pt\/index.php\/author\/tatiana\/"}]}},"author_meta":{"display_name":false,"author_link":"http:\/\/maismagazine.pt\/index.php\/author\/tatiana\/"},"featured_img":"http:\/\/maismagazine.pt\/wp-content\/uploads\/2025\/04\/PHOTO-2025-04-06-15-50-52-1-242x300.jpg","coauthors":[],"tax_additional":{"categories":{"linked":["<a href=\"http:\/\/maismagazine.pt\/index.php\/category\/mundo-empresarial\/\" class=\"advgb-post-tax-term\">Mundo Empresarial<\/a>"],"unlinked":["<span class=\"advgb-post-tax-term\">Mundo Empresarial<\/span>"]},"tags":{"linked":["<a href=\"http:\/\/maismagazine.pt\/index.php\/category\/mundo-empresarial\/\" class=\"advgb-post-tax-term\">a\u00e7ores<\/a>","<a href=\"http:\/\/maismagazine.pt\/index.php\/category\/mundo-empresarial\/\" class=\"advgb-post-tax-term\">mulheres<\/a>","<a href=\"http:\/\/maismagazine.pt\/index.php\/category\/mundo-empresarial\/\" class=\"advgb-post-tax-term\">OneAzores<\/a>"],"unlinked":["<span class=\"advgb-post-tax-term\">a\u00e7ores<\/span>","<span class=\"advgb-post-tax-term\">mulheres<\/span>","<span class=\"advgb-post-tax-term\">OneAzores<\/span>"]}},"comment_count":"0","relative_dates":{"created":"Posted 1 ano ago","modified":"Updated 1 ano ago"},"absolute_dates":{"created":"Posted on 25 de Abril, 2025","modified":"Updated on 23 de Abril, 2025"},"absolute_dates_time":{"created":"Posted on 25 de Abril, 2025 7:00","modified":"Updated on 23 de Abril, 2025 15:22"},"featured_img_caption":"Eunice Melo, CEO da OneAzores         ","series_order":"","_links":{"self":[{"href":"http:\/\/maismagazine.pt\/index.php\/wp-json\/wp\/v2\/posts\/11858","targetHints":{"allow":["GET"]}}],"collection":[{"href":"http:\/\/maismagazine.pt\/index.php\/wp-json\/wp\/v2\/posts"}],"about":[{"href":"http:\/\/maismagazine.pt\/index.php\/wp-json\/wp\/v2\/types\/post"}],"author":[{"embeddable":true,"href":"http:\/\/maismagazine.pt\/index.php\/wp-json\/wp\/v2\/users\/18"}],"replies":[{"embeddable":true,"href":"http:\/\/maismagazine.pt\/index.php\/wp-json\/wp\/v2\/comments?post=11858"}],"version-history":[{"count":1,"href":"http:\/\/maismagazine.pt\/index.php\/wp-json\/wp\/v2\/posts\/11858\/revisions"}],"predecessor-version":[{"id":11863,"href":"http:\/\/maismagazine.pt\/index.php\/wp-json\/wp\/v2\/posts\/11858\/revisions\/11863"}],"wp:featuredmedia":[{"embeddable":true,"href":"http:\/\/maismagazine.pt\/index.php\/wp-json\/wp\/v2\/media\/11862"}],"wp:attachment":[{"href":"http:\/\/maismagazine.pt\/index.php\/wp-json\/wp\/v2\/media?parent=11858"}],"wp:term":[{"taxonomy":"category","embeddable":true,"href":"http:\/\/maismagazine.pt\/index.php\/wp-json\/wp\/v2\/categories?post=11858"},{"taxonomy":"post_tag","embeddable":true,"href":"http:\/\/maismagazine.pt\/index.php\/wp-json\/wp\/v2\/tags?post=11858"}],"curies":[{"name":"wp","href":"https:\/\/api.w.org\/{rel}","templated":true}]}}