{"id":11848,"date":"2025-04-25T07:00:00","date_gmt":"2025-04-25T06:00:00","guid":{"rendered":"https:\/\/maismagazine.pt\/?p=11848"},"modified":"2025-04-23T15:17:54","modified_gmt":"2025-04-23T14:17:54","slug":"rumo-a-sustentabilidade","status":"publish","type":"post","link":"http:\/\/maismagazine.pt\/index.php\/2025\/04\/25\/rumo-a-sustentabilidade\/","title":{"rendered":"Rumo \u00e0 sustentabilidade"},"content":{"rendered":"\n<p><strong>No Dia Mundial da Terra, Carla Borges, Presidente da C\u00e2mara Municipal de Tondela, Leonel Gouveia, Presidente da C\u00e2mara Municipal de Santa Comba D\u00e3o e Presidente do Conselho Executivo da <a href=\"http:\/\/www.planaltobeirao.pt\">AMRPB<\/a>, e Jos\u00e9 Portela, Diretor Executivo da AMRPB, destacam o importante papel da Associa\u00e7\u00e3o de Munic\u00edpios da Regi\u00e3o do Planalto Beir\u00e3o na promo\u00e7\u00e3o de pr\u00e1ticas sustent\u00e1veis e na moderniza\u00e7\u00e3o da gest\u00e3o de res\u00edduos urbanos em 19 munic\u00edpios da regi\u00e3o Centro. <\/strong><\/p>\n\n\n\n<p><\/p>\n\n\n\n<p><\/p>\n\n\n\n<p><strong>A Associa\u00e7\u00e3o de Munic\u00edpios da Regi\u00e3o do Planalto Beir\u00e3o (AMRPB) foi fundada em 1991. Qual a principal miss\u00e3o da AMRPB e os grandes objetivos que norteiam a sua atua\u00e7\u00e3o?  <\/strong><\/p>\n\n\n\n<p>A AMRPB \u00e9 uma associa\u00e7\u00e3o de munic\u00edpios de fins espec\u00edficos centrada na gest\u00e3o integrada dos res\u00edduos urbanos produzidos numa vasta \u00e1rea da regi\u00e3o Centro de Portugal. Com sede em Tondela, serve 326 mil habitantes distribu\u00eddos por 19 munic\u00edpios: Aguiar da Beira, Carregal do Sal, Castro Daire, Gouveia, Mangualde, Mort\u00e1gua, Nelas, Oliveira de Frades, Oliveira do Hospital, Penalva do Castelo, Santa Comba D\u00e3o, S\u00e1t\u00e3o, Seia, S\u00e3o Pedro do Sul, T\u00e1bua, Tondela, Vila Nova de Paiva, Viseu e Vouzela. Com mais de 4.600 km\u00b2 \u00e9 caracterizada por uma geografia diversificada, com importantes desafios log\u00edsticos e socioecon\u00f3micos, traduzidos pela baixa densidade populacional do territ\u00f3rio. A AMRPB \u00e9 tamb\u00e9m a entidade titular do Sistema de abastecimento de distribui\u00e7\u00e3o de \u00e1gua do Planalto Beir\u00e3o em 5 munic\u00edpios. De gest\u00e3o p\u00fablica, a AMRPB tem um forte car\u00e1cter intermunicipal. Em paralelo, a AMRPB det\u00e9m a Ecobeir\u00e3o, EIM, SA, que \u00e9 a Entidade Gestora em Alta e que para efeitos de tratamento e valoriza\u00e7\u00e3o dos res\u00edduos gere o Sistema de Gest\u00e3o de Res\u00edduos Urbanos (SGRU) do Planalto Beir\u00e3o ao congregar m\u00faltiplas val\u00eancias de car\u00e1cter industrial em torno da prote\u00e7\u00e3o do ambiente. <\/p>\n\n\n\n<p><\/p>\n\n\n\n<p><strong>Considerando o contexto do dia mundial da Terra e os desafios crescentes relacionados com a gest\u00e3o de res\u00edduos, que papel assume a AMRBP na promo\u00e7\u00e3o de pr\u00e1ticas sustent\u00e1veis junto dos cidad\u00e3os e das autarquias?  <\/strong><\/p>\n\n\n\n<p>Em 2024, a AMRPB recolheu e tratou cerca de 144 mil toneladas de res\u00edduos urbanos. Cerca de 80% teve origem em recolha indiferenciada, servida por mais de 24.000 pontos de recolha de res\u00edduos urbanos. Os restantes 20% proveem de recolha seletiva de res\u00edduos, atrav\u00e9s de 2.900 ecopontos, 18 ecocentros, servi\u00e7o porta-a-porta ou outras val\u00eancias de capta\u00e7\u00e3o de res\u00edduos valoriz\u00e1veis que os utilizadores elegem para encaminhar corretamente os seus res\u00edduos para reciclagem. Em termos de gest\u00e3o de res\u00edduos, o modelo t\u00e9cnico do SGRU da AMRPB evoluiu muito nos \u00faltimos anos, fruto de uma gest\u00e3o di\u00e1ria dedicada e assente em objetivos claros, que visam acima de tudo, a execu\u00e7\u00e3o de um servi\u00e7o p\u00fablico eficiente e sustent\u00e1vel aos utilizadores. Para esse efeito, muito contribuiu o recente investimento executado no territ\u00f3rio, superior a 35 milh\u00f5es de Euros (cofinanciado atrav\u00e9s do POSEUR-PT2020), que permitiu dotar o SGRU do Planalto Beir\u00e3o de uma capacidade instalada em converg\u00eancia com a maioria da metas do Plano Estrat\u00e9gico nacional para os Res\u00edduos Urbanos 2020 (PERSU2020). A t\u00edtulo de exemplo, em apenas 6 anos duplicou-se a reciclagem de res\u00edduos de embalagens no territ\u00f3rio. <\/p>\n\n\n\n<p><\/p>\n\n\n\n<p><strong>Conhecidas as metas do PERSU 2030, qual o caminho que a AMRPB tem delineado?  <\/strong><\/p>\n\n\n\n<p>O PERSU 2030 trouxe novas exig\u00eancias para o setor da gest\u00e3o de res\u00edduos urbanos em Portugal e mais ainda para aqueles territ\u00f3rios sem acesso a valoriza\u00e7\u00e3o energ\u00e9tica da fra\u00e7\u00e3o resto do tratamento mec\u00e2nico de res\u00edduos. At\u00e9 2030 devem-se reciclar 60% dos res\u00edduos urbanos e at\u00e9 2035 reduzir a deposi\u00e7\u00e3o em aterros a 10%. Para a AMRPB, isso representa uma adapta\u00e7\u00e3o significativa da sua estrat\u00e9gia, com um aumento nas metas de reciclagem de biorres\u00edduos, que passam a incluir a capta\u00e7\u00e3o de 32 mil toneladas de biorres\u00edduos em 2030. A estrat\u00e9gia de a\u00e7\u00e3o da AMRPB, delineada no PA PERSU 2030, procura, al\u00e9m de cumprir as metas de reciclagem e de redu\u00e7\u00e3o de aterro, assegurar a sustentabilidade econ\u00f3mico-financeira do SGRU. Foram tamb\u00e9m fixadas tr\u00eas grandes agendas estrat\u00e9gicas: a preven\u00e7\u00e3o da produ\u00e7\u00e3o de res\u00edduos, a promo\u00e7\u00e3o da circularidade e a descarboniza\u00e7\u00e3o do sistema. <\/p>\n\n\n\n<p><\/p>\n\n\n<div class=\"wp-block-image\">\n<figure class=\"aligncenter size-full is-resized\"><img loading=\"lazy\" decoding=\"async\" width=\"784\" height=\"589\" src=\"https:\/\/maismagazine.pt\/wp-content\/uploads\/2025\/04\/1.jpg\" alt=\"\" class=\"wp-image-11849\" style=\"width:608px;height:auto\" srcset=\"http:\/\/maismagazine.pt\/wp-content\/uploads\/2025\/04\/1.jpg 784w, http:\/\/maismagazine.pt\/wp-content\/uploads\/2025\/04\/1-300x225.jpg 300w, http:\/\/maismagazine.pt\/wp-content\/uploads\/2025\/04\/1-768x577.jpg 768w\" sizes=\"auto, (max-width: 784px) 100vw, 784px\" \/><figcaption class=\"wp-element-caption\">Carla Borges, Presidente da C\u00e2mara Municipal de Tondela, Leonel Gouveia, Presidente da C\u00e2mara Municipal de Santa Comba D\u00e3o e Presidente do Conselho Executivo da AMRPB e Jos\u00e9 Portela, Diretor Executivo da AMRPB<\/figcaption><\/figure><\/div>\n\n\n<p><\/p>\n\n\n\n<p><\/p>\n\n\n\n<p><strong>Os biorres\u00edduos t\u00eam um papel importante na estrat\u00e9gia da AMRPB?  <\/strong><\/p>\n\n\n\n<p>Os biorres\u00edduos, compostos principalmente por restos de alimentos e res\u00edduos verdes, representam uma parte muito significativa dos res\u00edduos urbanos. A AMRPB identifica hoje uma produ\u00e7\u00e3o de biorres\u00edduos no territ\u00f3rio de cerca de 50 mil toneladas, o que corresponde a uma capita\u00e7\u00e3o m\u00e9dia de 130kg\/habitante. Sob o slogan \u201cSou resto, mas ainda presto\u201d pretende-se valorizar gradualmente a fra\u00e7\u00e3o org\u00e2nica dos res\u00edduos urbanos, captando-a inicialmente atrav\u00e9s de um servi\u00e7o p\u00fablico de recolha seletiva, porta-a-porta, com projetos-piloto em utilizadores dom\u00e9sticos e com maior destaque em utilizadores n\u00e3o dom\u00e9sticos (restaurantes, caf\u00e9s, cantinas, entre outros). Esta estrat\u00e9gia tamb\u00e9m envolve a necess\u00e1ria amplia\u00e7\u00e3o da capacidade instalada para o tratamento de biorres\u00edduos, que vise a produ\u00e7\u00e3o de um composto ou corretivo org\u00e2nico de qualidade e promova a produ\u00e7\u00e3o de energia verde, atrav\u00e9s do biometano produzido na unidade de digest\u00e3o anaer\u00f3bia.  <\/p>\n\n\n\n<p><\/p>\n\n\n\n<p><\/p>\n\n\n\n<p><strong>Recentemente, a AMRPB deu um passo muito importante na economia circular da regi\u00e3o\u2026 <\/strong><\/p>\n\n\n\n<p>Foi o resultado de uma sinergia alcan\u00e7ada entre a AMRPB e o setor cimenteiro, em prol da redu\u00e7\u00e3o da deposi\u00e7\u00e3o de res\u00edduos em aterro e do fornecimento de combust\u00edveis alternativos \u00e0 ind\u00fastria cimenteira, cujas vantagens resultam tamb\u00e9m na diminui\u00e7\u00e3o das emiss\u00f5es de gases de efeito estufa para ambas as partes. Trata-se de uma moderna unidade industrial de produ\u00e7\u00e3o de 50 mil toneladas de combust\u00edveis derivados de res\u00edduos (CDR) por ano, que transforma os res\u00edduos urbanos sem potencial do ponto de vista da reciclagem material em fonte de energia renov\u00e1vel. Esta unidade desempenha hoje um papel estrat\u00e9gico na promo\u00e7\u00e3o de uma economia tendencialmente circular da regi\u00e3o, ao alinharem-se aos melhores princ\u00edpios ambientais. <\/p>\n\n\n\n<p><\/p>\n\n\n\n<p><strong>\u00c9 do conhecimento p\u00fablico que a AMRPB est\u00e1 dispon\u00edvel para resolver a quest\u00e3o da fra\u00e7\u00e3o resto da regi\u00e3o Centro? <\/strong><\/p>\n\n\n\n<p>Portugal enfrenta uma emerg\u00eancia silenciosa na gest\u00e3o dos seus res\u00edduos. A capacidade dispon\u00edvel nos aterros nacionais est\u00e1 pr\u00f3xima do limite, especialmente nas regi\u00f5es mais populosas do pa\u00eds. Esta escassez tem revelado falhas estruturais no modelo de gest\u00e3o de res\u00edduos e est\u00e1 a alimentar um movimento crescente a favor da exporta\u00e7\u00e3o de res\u00edduos portugueses para incineradoras no Norte da Europa. Paralelamente, a AMRPB desempenha um papel essencial na prote\u00e7\u00e3o da sa\u00fade p\u00fablica e na gest\u00e3o de res\u00edduos, promovendo a transi\u00e7\u00e3o para a economia circular. Como j\u00e1 referido, entre 2017 e 2024, investiu mais de 35 milh\u00f5es de euros em recolha seletiva, valoriza\u00e7\u00e3o de embalagens e biorres\u00edduos e na produ\u00e7\u00e3o de CDR. Apesar desses avan\u00e7os, a AMRPB desde h\u00e1 muito que alerta para a emerg\u00eancia nacional na gest\u00e3o de res\u00edduos, com a capacidade dos aterros pr\u00f3xima do esgotamento e a depend\u00eancia crescente da elimina\u00e7\u00e3o em aterro. As metas europeias exigem um aumento significativo da reciclagem, mas a infraestrutura e o apoio financeiro s\u00e3o insuficientes. H\u00e1 tamb\u00e9m preocupa\u00e7\u00e3o com o aumento dr\u00e1stico dos custos de tratamento at\u00e9 2030, que pode comprometer a sustentabilidade econ\u00f3mica dos sistemas e a acessibili-dade econ\u00f3mica dos utilizadores. Face a este cen\u00e1rio, a AMRPB est\u00e1 a ultimar os estudos necess\u00e1rios para a instala\u00e7\u00e3o de uma unidade de valoriza\u00e7\u00e3o energ\u00e9tica de res\u00edduos urbanos e n\u00e3o urbanos, \u00e0 escala das necessidades da regi\u00e3o Centro do pa\u00eds e que pode passar por uma concess\u00e3o de servi\u00e7o p\u00fablico, de longo prazo, cujos volumes a tratar preconizem um modelo econ\u00f3mico e financeiro s\u00f3lido. Caber\u00e1, pois, aos v\u00e1rios interlocutores, nomeadamente ao setor p\u00fablico, interpretar este des\u00edgnio com sentido de oportunidade e responsabilidade, em prol do interesse p\u00fablico, invertendo-se o cen\u00e1rio atual da regi\u00e3o Centro. <\/p>\n\n\n\n<p><\/p>\n\n\n<div class=\"wp-block-image\">\n<figure class=\"aligncenter size-full is-resized\"><img loading=\"lazy\" decoding=\"async\" width=\"564\" height=\"563\" src=\"https:\/\/maismagazine.pt\/wp-content\/uploads\/2025\/04\/451198654_817629830346187_8492506095702026429_n.jpg\" alt=\"\" class=\"wp-image-11854\" style=\"width:332px;height:auto\" srcset=\"http:\/\/maismagazine.pt\/wp-content\/uploads\/2025\/04\/451198654_817629830346187_8492506095702026429_n.jpg 564w, http:\/\/maismagazine.pt\/wp-content\/uploads\/2025\/04\/451198654_817629830346187_8492506095702026429_n-300x300.jpg 300w, http:\/\/maismagazine.pt\/wp-content\/uploads\/2025\/04\/451198654_817629830346187_8492506095702026429_n-150x150.jpg 150w\" sizes=\"auto, (max-width: 564px) 100vw, 564px\" \/><\/figure><\/div>\n\n\n<p><\/p>\n\n\n\n<p><\/p>\n","protected":false},"excerpt":{"rendered":"<p>No Dia Mundial da Terra, Carla Borges, Presidente da C\u00e2mara Municipal de Tondela, Leonel Gouveia, Presidente da C\u00e2mara Municipal de Santa Comba D\u00e3o e Presidente do Conselho Executivo da AMRPB, e Jos\u00e9 Portela, Diretor Executivo da AMRPB, destacam o importante papel da Associa\u00e7\u00e3o de Munic\u00edpios da Regi\u00e3o do Planalto Beir\u00e3o&hellip;<\/p>\n","protected":false},"author":17,"featured_media":11855,"comment_status":"closed","ping_status":"open","sticky":false,"template":"","format":"standard","meta":{"advgb_blocks_editor_width":"","advgb_blocks_columns_visual_guide":"","_monsterinsights_skip_tracking":false,"_monsterinsights_sitenote_active":false,"_monsterinsights_sitenote_note":"","_monsterinsights_sitenote_category":0,"footnotes":""},"categories":[78],"tags":[984],"class_list":["post-11848","post","type-post","status-publish","format-standard","has-post-thumbnail","hentry","category-ambiente-e-sustentabilidade","tag-planalto-beirao"],"yoast_head":"<!-- This site is optimized with the Yoast SEO plugin v24.4 - https:\/\/yoast.com\/wordpress\/plugins\/seo\/ -->\n<title>Rumo \u00e0 sustentabilidade - Mais Magazine<\/title>\n<meta name=\"description\" content=\"No Dia Mundial da Terra, Carla Borges, Presidente da C\u00e2mara Municipal de Tondela, Leonel Gouveia, Presidente da C\u00e2mara Municipal de Santa Comba D\u00e3o e Presidente do Conselho Executivo da AMRPB, e Jos\u00e9 Portela, Diretor Executivo da AMRPB, destacam o importante papel da Associa\u00e7\u00e3o de Munic\u00edpios da Regi\u00e3o do Planalto Beir\u00e3o na promo\u00e7\u00e3o de pr\u00e1ticas sustent\u00e1veis e na moderniza\u00e7\u00e3o da gest\u00e3o de res\u00edduos urbanos em 19 munic\u00edpios da regi\u00e3o Centro.\" \/>\n<meta name=\"robots\" content=\"index, follow, max-snippet:-1, max-image-preview:large, max-video-preview:-1\" \/>\n<link rel=\"canonical\" href=\"https:\/\/maismagazine.pt\/index.php\/2025\/04\/25\/rumo-a-sustentabilidade\/\" \/>\n<meta property=\"og:locale\" content=\"pt_PT\" \/>\n<meta property=\"og:type\" content=\"article\" \/>\n<meta property=\"og:title\" content=\"Rumo \u00e0 sustentabilidade - Mais Magazine\" \/>\n<meta property=\"og:description\" content=\"No Dia Mundial da Terra, Carla Borges, Presidente da C\u00e2mara Municipal de Tondela, Leonel Gouveia, Presidente da C\u00e2mara Municipal de Santa Comba D\u00e3o e Presidente do Conselho Executivo da AMRPB, e Jos\u00e9 Portela, Diretor Executivo da AMRPB, destacam o importante papel da Associa\u00e7\u00e3o de Munic\u00edpios da Regi\u00e3o do Planalto Beir\u00e3o na promo\u00e7\u00e3o de pr\u00e1ticas sustent\u00e1veis e na moderniza\u00e7\u00e3o da gest\u00e3o de res\u00edduos urbanos em 19 munic\u00edpios da regi\u00e3o Centro.\" \/>\n<meta property=\"og:url\" content=\"https:\/\/maismagazine.pt\/index.php\/2025\/04\/25\/rumo-a-sustentabilidade\/\" \/>\n<meta property=\"og:site_name\" content=\"Mais Magazine\" \/>\n<meta property=\"article:published_time\" content=\"2025-04-25T06:00:00+00:00\" \/>\n<meta property=\"og:image\" content=\"https:\/\/maismagazine.pt\/wp-content\/uploads\/2025\/04\/2-1.jpg\" \/>\n\t<meta property=\"og:image:width\" content=\"846\" \/>\n\t<meta property=\"og:image:height\" content=\"634\" \/>\n\t<meta property=\"og:image:type\" content=\"image\/jpeg\" \/>\n<meta name=\"author\" content=\"Tiago Costa\" \/>\n<meta name=\"twitter:card\" content=\"summary_large_image\" \/>\n<meta name=\"twitter:label1\" content=\"Escrito por\" \/>\n\t<meta name=\"twitter:data1\" content=\"\" \/>\n\t<meta name=\"twitter:label2\" content=\"Tempo estimado de leitura\" \/>\n\t<meta name=\"twitter:data2\" content=\"8 minutos\" \/>\n<script type=\"application\/ld+json\" class=\"yoast-schema-graph\">{\"@context\":\"https:\/\/schema.org\",\"@graph\":[{\"@type\":\"Article\",\"@id\":\"https:\/\/maismagazine.pt\/index.php\/2025\/04\/25\/rumo-a-sustentabilidade\/#article\",\"isPartOf\":{\"@id\":\"https:\/\/maismagazine.pt\/index.php\/2025\/04\/25\/rumo-a-sustentabilidade\/\"},\"author\":{\"name\":\"Tiago Costa\",\"@id\":\"https:\/\/maismagazine.pt\/#\/schema\/person\/c6c5bfccc886434cbd11c74e035f9646\"},\"headline\":\"Rumo \u00e0 sustentabilidade\",\"datePublished\":\"2025-04-25T06:00:00+00:00\",\"mainEntityOfPage\":{\"@id\":\"https:\/\/maismagazine.pt\/index.php\/2025\/04\/25\/rumo-a-sustentabilidade\/\"},\"wordCount\":1446,\"publisher\":{\"@id\":\"https:\/\/maismagazine.pt\/#organization\"},\"image\":{\"@id\":\"https:\/\/maismagazine.pt\/index.php\/2025\/04\/25\/rumo-a-sustentabilidade\/#primaryimage\"},\"thumbnailUrl\":\"http:\/\/maismagazine.pt\/wp-content\/uploads\/2025\/04\/2-1.jpg\",\"keywords\":[\"Planalto Beir\u00e3o\"],\"articleSection\":[\"Ambiente e Sustentabilidade\"],\"inLanguage\":\"pt-PT\"},{\"@type\":\"WebPage\",\"@id\":\"https:\/\/maismagazine.pt\/index.php\/2025\/04\/25\/rumo-a-sustentabilidade\/\",\"url\":\"https:\/\/maismagazine.pt\/index.php\/2025\/04\/25\/rumo-a-sustentabilidade\/\",\"name\":\"Rumo \u00e0 sustentabilidade - Mais Magazine\",\"isPartOf\":{\"@id\":\"https:\/\/maismagazine.pt\/#website\"},\"primaryImageOfPage\":{\"@id\":\"https:\/\/maismagazine.pt\/index.php\/2025\/04\/25\/rumo-a-sustentabilidade\/#primaryimage\"},\"image\":{\"@id\":\"https:\/\/maismagazine.pt\/index.php\/2025\/04\/25\/rumo-a-sustentabilidade\/#primaryimage\"},\"thumbnailUrl\":\"http:\/\/maismagazine.pt\/wp-content\/uploads\/2025\/04\/2-1.jpg\",\"datePublished\":\"2025-04-25T06:00:00+00:00\",\"description\":\"No Dia Mundial da Terra, Carla Borges, Presidente da C\u00e2mara Municipal de Tondela, Leonel Gouveia, Presidente da C\u00e2mara Municipal de Santa Comba D\u00e3o e Presidente do Conselho Executivo da AMRPB, e Jos\u00e9 Portela, Diretor Executivo da AMRPB, destacam o importante papel da Associa\u00e7\u00e3o de Munic\u00edpios da Regi\u00e3o do Planalto Beir\u00e3o na promo\u00e7\u00e3o de pr\u00e1ticas sustent\u00e1veis e na moderniza\u00e7\u00e3o da gest\u00e3o de res\u00edduos urbanos em 19 munic\u00edpios da regi\u00e3o Centro.\",\"breadcrumb\":{\"@id\":\"https:\/\/maismagazine.pt\/index.php\/2025\/04\/25\/rumo-a-sustentabilidade\/#breadcrumb\"},\"inLanguage\":\"pt-PT\",\"potentialAction\":[{\"@type\":\"ReadAction\",\"target\":[\"https:\/\/maismagazine.pt\/index.php\/2025\/04\/25\/rumo-a-sustentabilidade\/\"]}]},{\"@type\":\"ImageObject\",\"inLanguage\":\"pt-PT\",\"@id\":\"https:\/\/maismagazine.pt\/index.php\/2025\/04\/25\/rumo-a-sustentabilidade\/#primaryimage\",\"url\":\"http:\/\/maismagazine.pt\/wp-content\/uploads\/2025\/04\/2-1.jpg\",\"contentUrl\":\"http:\/\/maismagazine.pt\/wp-content\/uploads\/2025\/04\/2-1.jpg\",\"width\":846,\"height\":634,\"caption\":\"default\"},{\"@type\":\"BreadcrumbList\",\"@id\":\"https:\/\/maismagazine.pt\/index.php\/2025\/04\/25\/rumo-a-sustentabilidade\/#breadcrumb\",\"itemListElement\":[{\"@type\":\"ListItem\",\"position\":1,\"name\":\"Home\",\"item\":\"https:\/\/maismagazine.pt\/\"},{\"@type\":\"ListItem\",\"position\":2,\"name\":\"Rumo \u00e0 sustentabilidade\"}]},{\"@type\":\"WebSite\",\"@id\":\"https:\/\/maismagazine.pt\/#website\",\"url\":\"https:\/\/maismagazine.pt\/\",\"name\":\"Mais Magazine\",\"description\":\"\",\"publisher\":{\"@id\":\"https:\/\/maismagazine.pt\/#organization\"},\"potentialAction\":[{\"@type\":\"SearchAction\",\"target\":{\"@type\":\"EntryPoint\",\"urlTemplate\":\"https:\/\/maismagazine.pt\/?s={search_term_string}\"},\"query-input\":{\"@type\":\"PropertyValueSpecification\",\"valueRequired\":true,\"valueName\":\"search_term_string\"}}],\"inLanguage\":\"pt-PT\"},{\"@type\":\"Organization\",\"@id\":\"https:\/\/maismagazine.pt\/#organization\",\"name\":\"Mais Magazine\",\"url\":\"https:\/\/maismagazine.pt\/\",\"logo\":{\"@type\":\"ImageObject\",\"inLanguage\":\"pt-PT\",\"@id\":\"https:\/\/maismagazine.pt\/#\/schema\/logo\/image\/\",\"url\":\"http:\/\/maismagazine.pt\/wp-content\/uploads\/2020\/04\/cropped-cropped-mais-magazine-site-logo-2.png\",\"contentUrl\":\"http:\/\/maismagazine.pt\/wp-content\/uploads\/2020\/04\/cropped-cropped-mais-magazine-site-logo-2.png\",\"width\":581,\"height\":90,\"caption\":\"Mais Magazine\"},\"image\":{\"@id\":\"https:\/\/maismagazine.pt\/#\/schema\/logo\/image\/\"}},{\"@type\":\"Person\",\"@id\":\"https:\/\/maismagazine.pt\/#\/schema\/person\/c6c5bfccc886434cbd11c74e035f9646\",\"name\":\"Tiago Costa\",\"image\":{\"@type\":\"ImageObject\",\"inLanguage\":\"pt-PT\",\"@id\":\"https:\/\/maismagazine.pt\/#\/schema\/person\/image\/\",\"url\":\"https:\/\/secure.gravatar.com\/avatar\/c599b2bce16c9870429198cbad5ee022?s=96&d=mm&r=g\",\"contentUrl\":\"https:\/\/secure.gravatar.com\/avatar\/c599b2bce16c9870429198cbad5ee022?s=96&d=mm&r=g\",\"caption\":\"Tiago Costa\"},\"url\":\"http:\/\/maismagazine.pt\/index.php\/author\/tiago\/\"}]}<\/script>\n<!-- \/ Yoast SEO plugin. -->","yoast_head_json":{"title":"Rumo \u00e0 sustentabilidade - Mais Magazine","description":"No Dia Mundial da Terra, Carla Borges, Presidente da C\u00e2mara Municipal de Tondela, Leonel Gouveia, Presidente da C\u00e2mara Municipal de Santa Comba D\u00e3o e Presidente do Conselho Executivo da AMRPB, e Jos\u00e9 Portela, Diretor Executivo da AMRPB, destacam o importante papel da Associa\u00e7\u00e3o de Munic\u00edpios da Regi\u00e3o do Planalto Beir\u00e3o na promo\u00e7\u00e3o de pr\u00e1ticas sustent\u00e1veis e na moderniza\u00e7\u00e3o da gest\u00e3o de res\u00edduos urbanos em 19 munic\u00edpios da regi\u00e3o Centro.","robots":{"index":"index","follow":"follow","max-snippet":"max-snippet:-1","max-image-preview":"max-image-preview:large","max-video-preview":"max-video-preview:-1"},"canonical":"https:\/\/maismagazine.pt\/index.php\/2025\/04\/25\/rumo-a-sustentabilidade\/","og_locale":"pt_PT","og_type":"article","og_title":"Rumo \u00e0 sustentabilidade - Mais Magazine","og_description":"No Dia Mundial da Terra, Carla Borges, Presidente da C\u00e2mara Municipal de Tondela, Leonel Gouveia, Presidente da C\u00e2mara Municipal de Santa Comba D\u00e3o e Presidente do Conselho Executivo da AMRPB, e Jos\u00e9 Portela, Diretor Executivo da AMRPB, destacam o importante papel da Associa\u00e7\u00e3o de Munic\u00edpios da Regi\u00e3o do Planalto Beir\u00e3o na promo\u00e7\u00e3o de pr\u00e1ticas sustent\u00e1veis e na moderniza\u00e7\u00e3o da gest\u00e3o de res\u00edduos urbanos em 19 munic\u00edpios da regi\u00e3o Centro.","og_url":"https:\/\/maismagazine.pt\/index.php\/2025\/04\/25\/rumo-a-sustentabilidade\/","og_site_name":"Mais Magazine","article_published_time":"2025-04-25T06:00:00+00:00","og_image":[{"width":846,"height":634,"url":"https:\/\/maismagazine.pt\/wp-content\/uploads\/2025\/04\/2-1.jpg","type":"image\/jpeg"}],"author":"Tiago Costa","twitter_card":"summary_large_image","twitter_misc":{"Escrito por":false,"Tempo estimado de leitura":"8 minutos"},"schema":{"@context":"https:\/\/schema.org","@graph":[{"@type":"Article","@id":"https:\/\/maismagazine.pt\/index.php\/2025\/04\/25\/rumo-a-sustentabilidade\/#article","isPartOf":{"@id":"https:\/\/maismagazine.pt\/index.php\/2025\/04\/25\/rumo-a-sustentabilidade\/"},"author":{"name":"Tiago Costa","@id":"https:\/\/maismagazine.pt\/#\/schema\/person\/c6c5bfccc886434cbd11c74e035f9646"},"headline":"Rumo \u00e0 sustentabilidade","datePublished":"2025-04-25T06:00:00+00:00","mainEntityOfPage":{"@id":"https:\/\/maismagazine.pt\/index.php\/2025\/04\/25\/rumo-a-sustentabilidade\/"},"wordCount":1446,"publisher":{"@id":"https:\/\/maismagazine.pt\/#organization"},"image":{"@id":"https:\/\/maismagazine.pt\/index.php\/2025\/04\/25\/rumo-a-sustentabilidade\/#primaryimage"},"thumbnailUrl":"http:\/\/maismagazine.pt\/wp-content\/uploads\/2025\/04\/2-1.jpg","keywords":["Planalto Beir\u00e3o"],"articleSection":["Ambiente e Sustentabilidade"],"inLanguage":"pt-PT"},{"@type":"WebPage","@id":"https:\/\/maismagazine.pt\/index.php\/2025\/04\/25\/rumo-a-sustentabilidade\/","url":"https:\/\/maismagazine.pt\/index.php\/2025\/04\/25\/rumo-a-sustentabilidade\/","name":"Rumo \u00e0 sustentabilidade - Mais Magazine","isPartOf":{"@id":"https:\/\/maismagazine.pt\/#website"},"primaryImageOfPage":{"@id":"https:\/\/maismagazine.pt\/index.php\/2025\/04\/25\/rumo-a-sustentabilidade\/#primaryimage"},"image":{"@id":"https:\/\/maismagazine.pt\/index.php\/2025\/04\/25\/rumo-a-sustentabilidade\/#primaryimage"},"thumbnailUrl":"http:\/\/maismagazine.pt\/wp-content\/uploads\/2025\/04\/2-1.jpg","datePublished":"2025-04-25T06:00:00+00:00","description":"No Dia Mundial da Terra, Carla Borges, Presidente da C\u00e2mara Municipal de Tondela, Leonel Gouveia, Presidente da C\u00e2mara Municipal de Santa Comba D\u00e3o e Presidente do Conselho Executivo da AMRPB, e Jos\u00e9 Portela, Diretor Executivo da AMRPB, destacam o importante papel da Associa\u00e7\u00e3o de Munic\u00edpios da Regi\u00e3o do Planalto Beir\u00e3o na promo\u00e7\u00e3o de pr\u00e1ticas sustent\u00e1veis e na moderniza\u00e7\u00e3o da gest\u00e3o de res\u00edduos urbanos em 19 munic\u00edpios da regi\u00e3o Centro.","breadcrumb":{"@id":"https:\/\/maismagazine.pt\/index.php\/2025\/04\/25\/rumo-a-sustentabilidade\/#breadcrumb"},"inLanguage":"pt-PT","potentialAction":[{"@type":"ReadAction","target":["https:\/\/maismagazine.pt\/index.php\/2025\/04\/25\/rumo-a-sustentabilidade\/"]}]},{"@type":"ImageObject","inLanguage":"pt-PT","@id":"https:\/\/maismagazine.pt\/index.php\/2025\/04\/25\/rumo-a-sustentabilidade\/#primaryimage","url":"http:\/\/maismagazine.pt\/wp-content\/uploads\/2025\/04\/2-1.jpg","contentUrl":"http:\/\/maismagazine.pt\/wp-content\/uploads\/2025\/04\/2-1.jpg","width":846,"height":634,"caption":"default"},{"@type":"BreadcrumbList","@id":"https:\/\/maismagazine.pt\/index.php\/2025\/04\/25\/rumo-a-sustentabilidade\/#breadcrumb","itemListElement":[{"@type":"ListItem","position":1,"name":"Home","item":"https:\/\/maismagazine.pt\/"},{"@type":"ListItem","position":2,"name":"Rumo \u00e0 sustentabilidade"}]},{"@type":"WebSite","@id":"https:\/\/maismagazine.pt\/#website","url":"https:\/\/maismagazine.pt\/","name":"Mais Magazine","description":"","publisher":{"@id":"https:\/\/maismagazine.pt\/#organization"},"potentialAction":[{"@type":"SearchAction","target":{"@type":"EntryPoint","urlTemplate":"https:\/\/maismagazine.pt\/?s={search_term_string}"},"query-input":{"@type":"PropertyValueSpecification","valueRequired":true,"valueName":"search_term_string"}}],"inLanguage":"pt-PT"},{"@type":"Organization","@id":"https:\/\/maismagazine.pt\/#organization","name":"Mais Magazine","url":"https:\/\/maismagazine.pt\/","logo":{"@type":"ImageObject","inLanguage":"pt-PT","@id":"https:\/\/maismagazine.pt\/#\/schema\/logo\/image\/","url":"http:\/\/maismagazine.pt\/wp-content\/uploads\/2020\/04\/cropped-cropped-mais-magazine-site-logo-2.png","contentUrl":"http:\/\/maismagazine.pt\/wp-content\/uploads\/2020\/04\/cropped-cropped-mais-magazine-site-logo-2.png","width":581,"height":90,"caption":"Mais Magazine"},"image":{"@id":"https:\/\/maismagazine.pt\/#\/schema\/logo\/image\/"}},{"@type":"Person","@id":"https:\/\/maismagazine.pt\/#\/schema\/person\/c6c5bfccc886434cbd11c74e035f9646","name":"Tiago Costa","image":{"@type":"ImageObject","inLanguage":"pt-PT","@id":"https:\/\/maismagazine.pt\/#\/schema\/person\/image\/","url":"https:\/\/secure.gravatar.com\/avatar\/c599b2bce16c9870429198cbad5ee022?s=96&d=mm&r=g","contentUrl":"https:\/\/secure.gravatar.com\/avatar\/c599b2bce16c9870429198cbad5ee022?s=96&d=mm&r=g","caption":"Tiago Costa"},"url":"http:\/\/maismagazine.pt\/index.php\/author\/tiago\/"}]}},"author_meta":{"display_name":false,"author_link":"http:\/\/maismagazine.pt\/index.php\/author\/tiago\/"},"featured_img":"http:\/\/maismagazine.pt\/wp-content\/uploads\/2025\/04\/2-1-300x225.jpg","coauthors":[],"tax_additional":{"categories":{"linked":["<a href=\"http:\/\/maismagazine.pt\/index.php\/category\/empreendedorismo\/ambiente-e-sustentabilidade\/\" class=\"advgb-post-tax-term\">Ambiente e Sustentabilidade<\/a>"],"unlinked":["<span class=\"advgb-post-tax-term\">Ambiente e Sustentabilidade<\/span>"]},"tags":{"linked":["<a href=\"http:\/\/maismagazine.pt\/index.php\/category\/empreendedorismo\/ambiente-e-sustentabilidade\/\" class=\"advgb-post-tax-term\">Planalto Beir\u00e3o<\/a>"],"unlinked":["<span class=\"advgb-post-tax-term\">Planalto Beir\u00e3o<\/span>"]}},"comment_count":"0","relative_dates":{"created":"Posted 1 ano ago","modified":"Updated 1 ano ago"},"absolute_dates":{"created":"Posted on 25 de Abril, 2025","modified":"Updated on 23 de Abril, 2025"},"absolute_dates_time":{"created":"Posted on 25 de Abril, 2025 7:00","modified":"Updated on 23 de Abril, 2025 15:17"},"featured_img_caption":"default","series_order":"","_links":{"self":[{"href":"http:\/\/maismagazine.pt\/index.php\/wp-json\/wp\/v2\/posts\/11848","targetHints":{"allow":["GET"]}}],"collection":[{"href":"http:\/\/maismagazine.pt\/index.php\/wp-json\/wp\/v2\/posts"}],"about":[{"href":"http:\/\/maismagazine.pt\/index.php\/wp-json\/wp\/v2\/types\/post"}],"author":[{"embeddable":true,"href":"http:\/\/maismagazine.pt\/index.php\/wp-json\/wp\/v2\/users\/17"}],"replies":[{"embeddable":true,"href":"http:\/\/maismagazine.pt\/index.php\/wp-json\/wp\/v2\/comments?post=11848"}],"version-history":[{"count":2,"href":"http:\/\/maismagazine.pt\/index.php\/wp-json\/wp\/v2\/posts\/11848\/revisions"}],"predecessor-version":[{"id":11859,"href":"http:\/\/maismagazine.pt\/index.php\/wp-json\/wp\/v2\/posts\/11848\/revisions\/11859"}],"wp:featuredmedia":[{"embeddable":true,"href":"http:\/\/maismagazine.pt\/index.php\/wp-json\/wp\/v2\/media\/11855"}],"wp:attachment":[{"href":"http:\/\/maismagazine.pt\/index.php\/wp-json\/wp\/v2\/media?parent=11848"}],"wp:term":[{"taxonomy":"category","embeddable":true,"href":"http:\/\/maismagazine.pt\/index.php\/wp-json\/wp\/v2\/categories?post=11848"},{"taxonomy":"post_tag","embeddable":true,"href":"http:\/\/maismagazine.pt\/index.php\/wp-json\/wp\/v2\/tags?post=11848"}],"curies":[{"name":"wp","href":"https:\/\/api.w.org\/{rel}","templated":true}]}}