{"id":11847,"date":"2025-04-25T07:00:00","date_gmt":"2025-04-25T06:00:00","guid":{"rendered":"https:\/\/maismagazine.pt\/?p=11847"},"modified":"2025-04-23T15:17:29","modified_gmt":"2025-04-23T14:17:29","slug":"um-caso-de-sucesso-na-medicina-estetica","status":"publish","type":"post","link":"http:\/\/maismagazine.pt\/index.php\/2025\/04\/25\/um-caso-de-sucesso-na-medicina-estetica\/","title":{"rendered":"Um caso de sucesso na Medicina Est\u00e9tica"},"content":{"rendered":"\n<p><strong>Com cerca de 15 anos de experi\u00eancia na \u00e1rea da Medicina Est\u00e9tica, Maria Calle, CEO e fundadora da <a href=\"https:\/\/calleclinic.com\/\">Calle Clinic<\/a>, afirma que o investimento em forma\u00e7\u00e3o cont\u00ednua \u00e9 fundamental para a constru\u00e7\u00e3o de uma carreira de sucesso.<\/strong><\/p>\n\n\n<div class=\"wp-block-image\">\n<figure class=\"aligncenter size-large is-resized\"><img loading=\"lazy\" decoding=\"async\" width=\"1024\" height=\"768\" src=\"https:\/\/maismagazine.pt\/wp-content\/uploads\/2025\/04\/Calle-clinic-1-1024x768.jpg\" alt=\"\" class=\"wp-image-11853\" style=\"width:359px;height:auto\" srcset=\"http:\/\/maismagazine.pt\/wp-content\/uploads\/2025\/04\/Calle-clinic-1-1024x768.jpg 1024w, http:\/\/maismagazine.pt\/wp-content\/uploads\/2025\/04\/Calle-clinic-1-300x225.jpg 300w, http:\/\/maismagazine.pt\/wp-content\/uploads\/2025\/04\/Calle-clinic-1-768x576.jpg 768w, http:\/\/maismagazine.pt\/wp-content\/uploads\/2025\/04\/Calle-clinic-1-1536x1152.jpg 1536w, http:\/\/maismagazine.pt\/wp-content\/uploads\/2025\/04\/Calle-clinic-1.jpg 2048w\" sizes=\"auto, (max-width: 1024px) 100vw, 1024px\" \/><\/figure><\/div>\n\n\n<p>A Calle Clinic foi fundada em 2016, em Matosinhos e, devido \u00e0 dedica\u00e7\u00e3o e \u00e0 experi\u00eancia da Dra. Maria Calle na \u00e1rea, rapidamente se tornou um fen\u00f3meno n\u00e3o s\u00f3 em Portugal, mas tamb\u00e9m na Galiza. Nesta cl\u00ednica, cada paciente \u00e9 visto como um caso exclusivo, pelo que as suas necessidades e desejos s\u00e3o estudados minuciosamente para oferecer, com seguran\u00e7a e sa\u00fade, o tratamento est\u00e9tico mais adequado em cada momento e a cada pessoa em particular. A equipa \u00e9 composta por uma fam\u00edlia profissional, onde cada membro investe na sua forma\u00e7\u00e3o e evolu\u00e7\u00e3o dentro da respetiva \u00e1rea de atua\u00e7\u00e3o. <\/p>\n\n\n<div class=\"wp-block-image\">\n<figure class=\"alignleft size-large is-resized\"><img loading=\"lazy\" decoding=\"async\" width=\"768\" height=\"1024\" src=\"https:\/\/maismagazine.pt\/wp-content\/uploads\/2025\/04\/thermage-1-768x1024.jpg\" alt=\"\" class=\"wp-image-11851\" style=\"width:227px;height:auto\" srcset=\"http:\/\/maismagazine.pt\/wp-content\/uploads\/2025\/04\/thermage-1-768x1024.jpg 768w, http:\/\/maismagazine.pt\/wp-content\/uploads\/2025\/04\/thermage-1-225x300.jpg 225w, http:\/\/maismagazine.pt\/wp-content\/uploads\/2025\/04\/thermage-1-1152x1536.jpg 1152w, http:\/\/maismagazine.pt\/wp-content\/uploads\/2025\/04\/thermage-1.jpg 1200w\" sizes=\"auto, (max-width: 768px) 100vw, 768px\" \/><\/figure><\/div>\n\n\n<p>Ao longo da sua carreira, Maria Calle enfrentou v\u00e1rios desafios por ser uma mulher empreendedora num setor altamente competitivo e exigente. Entre eles, destaca-se o equil\u00edbrio entre a vida pessoal e profissional, \u201cpois a gest\u00e3o de uma cl\u00ednica exige dedica\u00e7\u00e3o intensa\u201d, refere. No que toca \u00e0 constru\u00e7\u00e3o e crescimento da marca, a fundadora da Calle Clinic afirma que teve de desenvolver uma identidade forte, fidelizar pacientes e consolidar a cl\u00ednica como uma refer\u00eancia no setor. O investimento cont\u00ednuo em forma\u00e7\u00e3o \u00e9 outro desafio a destacar, pois a Medicina Est\u00e9tica \u00e9 uma \u00e1rea em constante evolu\u00e7\u00e3o, sendo, por isso, \u201cmandat\u00f3rio mantermo-nos \u00e0 frente das tend\u00eancias, tecnologias e novos tratamentos\u201d. Por fim, enquanto fundadora e l\u00edder, Maria Calle precisou n\u00e3o apenas de ser uma excelente m\u00e9dica, mas tamb\u00e9m uma gestora eficiente, formando e liderando equipas de forma a garantir um atendimento de excel\u00eancia. <\/p>\n\n\n\n<p><\/p>\n\n\n\n<p>Questionada sobre que conselho daria \u00e0s jovens mulheres que aspiram a tra\u00e7ar um percurso semelhante ao seu, a empreendedora alerta novamente para a import\u00e2ncia da forma\u00e7\u00e3o cont\u00ednua, sendo necess\u00e1rio assistir a cursos especializados, realizar forma\u00e7\u00f5es e participar em congressos. Aconselha ainda a constru\u00e7\u00e3o de uma base s\u00f3lida em Medicina, com um conhecimento profundo de anatomia, fisiologia e farmacologia, garantindo, assim, um trabalho seguro e resultados naturais e eficazes. \u201cDevem tamb\u00e9m priorizar o bom senso, a \u00e9tica profissional e a seguran\u00e7a, utilizando produtos de qualidade, respeitando os protocolos m\u00e9dicos e oferecendo um atendimento humanizado\u201d, acrescenta. Para aquelas que desejam abrir a sua pr\u00f3pria cl\u00ednica, aconselha a manter o foco, aprender com os erros e seguir em frente com determina\u00e7\u00e3o e paix\u00e3o, sendo essencial compreender v\u00e1rias \u00e1reas, como gest\u00e3o, marketing, recursos humanos e finan\u00e7as. Por fim, destaca o Marketing Digital como uma ferramenta indispens\u00e1vel para se darem a conhecer ao p\u00fablico, pois \u201co melhor cart\u00e3o de visita de uma cl\u00ednica e de um m\u00e9dico \u00e9 um paciente satisfeito que nos recomenda\u201d, conclui. <\/p>\n\n\n<div class=\"wp-block-image\">\n<figure class=\"aligncenter size-large is-resized\"><img loading=\"lazy\" decoding=\"async\" width=\"768\" height=\"1024\" src=\"https:\/\/maismagazine.pt\/wp-content\/uploads\/2025\/04\/vista-pacientes-calle-1-768x1024.jpg\" alt=\"\" class=\"wp-image-11852\" style=\"width:264px;height:auto\" srcset=\"http:\/\/maismagazine.pt\/wp-content\/uploads\/2025\/04\/vista-pacientes-calle-1-768x1024.jpg 768w, http:\/\/maismagazine.pt\/wp-content\/uploads\/2025\/04\/vista-pacientes-calle-1-225x300.jpg 225w, http:\/\/maismagazine.pt\/wp-content\/uploads\/2025\/04\/vista-pacientes-calle-1-1152x1536.jpg 1152w, http:\/\/maismagazine.pt\/wp-content\/uploads\/2025\/04\/vista-pacientes-calle-1.jpg 1536w\" sizes=\"auto, (max-width: 768px) 100vw, 768px\" \/><\/figure><\/div>\n\n\n<p>&#8211;<\/p>\n\n\n\n<p>Calle Clinic<\/p>\n\n\n\n<p>Rua Her\u00f3is de Fran\u00e7a, 7964450-156 Matosinhos<\/p>\n\n\n\n<p>Tel. 224029296 Tlm. 930459624<\/p>\n\n\n\n<p>info@calleclinic.com<\/p>\n\n\n\n<p><\/p>\n\n\n\n<p><\/p>\n","protected":false},"excerpt":{"rendered":"<p>Com cerca de 15 anos de experi\u00eancia na \u00e1rea da Medicina Est\u00e9tica, Maria Calle, CEO e fundadora da Calle Clinic, afirma que o investimento em forma\u00e7\u00e3o cont\u00ednua \u00e9 fundamental para a constru\u00e7\u00e3o de uma carreira de sucesso. A Calle Clinic foi fundada em 2016, em Matosinhos e, devido \u00e0 dedica\u00e7\u00e3o&hellip;<\/p>\n","protected":false},"author":18,"featured_media":11850,"comment_status":"closed","ping_status":"open","sticky":false,"template":"","format":"standard","meta":{"advgb_blocks_editor_width":"","advgb_blocks_columns_visual_guide":"","_monsterinsights_skip_tracking":false,"_monsterinsights_sitenote_active":false,"_monsterinsights_sitenote_note":"","_monsterinsights_sitenote_category":0,"footnotes":""},"categories":[161],"tags":[1204,1971,125],"class_list":["post-11847","post","type-post","status-publish","format-standard","has-post-thumbnail","hentry","category-mundo-empresarial","tag-calle-clinic","tag-matosinhos","tag-mulheres"],"yoast_head":"<!-- This site is optimized with the Yoast SEO plugin v24.4 - https:\/\/yoast.com\/wordpress\/plugins\/seo\/ -->\n<title>Um caso de sucesso na Medicina Est\u00e9tica - Mais Magazine<\/title>\n<meta name=\"robots\" content=\"index, follow, max-snippet:-1, max-image-preview:large, max-video-preview:-1\" \/>\n<link rel=\"canonical\" href=\"http:\/\/maismagazine.pt\/index.php\/2025\/04\/25\/um-caso-de-sucesso-na-medicina-estetica\/\" \/>\n<meta property=\"og:locale\" content=\"pt_PT\" \/>\n<meta property=\"og:type\" content=\"article\" \/>\n<meta property=\"og:title\" content=\"Um caso de sucesso na Medicina Est\u00e9tica - Mais Magazine\" \/>\n<meta property=\"og:description\" content=\"Com cerca de 15 anos de experi\u00eancia na \u00e1rea da Medicina Est\u00e9tica, Maria Calle, CEO e fundadora da Calle Clinic, afirma que o investimento em forma\u00e7\u00e3o cont\u00ednua \u00e9 fundamental para a constru\u00e7\u00e3o de uma carreira de sucesso. A Calle Clinic foi fundada em 2016, em Matosinhos e, devido \u00e0 dedica\u00e7\u00e3o&hellip;\" \/>\n<meta property=\"og:url\" content=\"http:\/\/maismagazine.pt\/index.php\/2025\/04\/25\/um-caso-de-sucesso-na-medicina-estetica\/\" \/>\n<meta property=\"og:site_name\" content=\"Mais Magazine\" \/>\n<meta property=\"article:published_time\" content=\"2025-04-25T06:00:00+00:00\" \/>\n<meta property=\"og:image\" content=\"http:\/\/maismagazine.pt\/wp-content\/uploads\/2025\/04\/foto_Maria-Calle-1-1.png\" \/>\n\t<meta property=\"og:image:width\" content=\"458\" \/>\n\t<meta property=\"og:image:height\" content=\"545\" \/>\n\t<meta property=\"og:image:type\" content=\"image\/png\" \/>\n<meta name=\"author\" content=\"Tatiana Martins\" \/>\n<meta name=\"twitter:card\" content=\"summary_large_image\" \/>\n<meta name=\"twitter:label1\" content=\"Escrito por\" \/>\n\t<meta name=\"twitter:data1\" content=\"\" \/>\n\t<meta name=\"twitter:label2\" content=\"Tempo estimado de leitura\" \/>\n\t<meta name=\"twitter:data2\" content=\"4 minutos\" \/>\n<script type=\"application\/ld+json\" class=\"yoast-schema-graph\">{\"@context\":\"https:\/\/schema.org\",\"@graph\":[{\"@type\":\"Article\",\"@id\":\"http:\/\/maismagazine.pt\/index.php\/2025\/04\/25\/um-caso-de-sucesso-na-medicina-estetica\/#article\",\"isPartOf\":{\"@id\":\"http:\/\/maismagazine.pt\/index.php\/2025\/04\/25\/um-caso-de-sucesso-na-medicina-estetica\/\"},\"author\":{\"name\":\"Tatiana Martins\",\"@id\":\"https:\/\/maismagazine.pt\/#\/schema\/person\/7426e2caeb8df32a1b56aa48dae778c9\"},\"headline\":\"Um caso de sucesso na Medicina Est\u00e9tica\",\"datePublished\":\"2025-04-25T06:00:00+00:00\",\"mainEntityOfPage\":{\"@id\":\"http:\/\/maismagazine.pt\/index.php\/2025\/04\/25\/um-caso-de-sucesso-na-medicina-estetica\/\"},\"wordCount\":519,\"publisher\":{\"@id\":\"https:\/\/maismagazine.pt\/#organization\"},\"image\":{\"@id\":\"http:\/\/maismagazine.pt\/index.php\/2025\/04\/25\/um-caso-de-sucesso-na-medicina-estetica\/#primaryimage\"},\"thumbnailUrl\":\"http:\/\/maismagazine.pt\/wp-content\/uploads\/2025\/04\/foto_Maria-Calle-1-1.png\",\"keywords\":[\"CALLE CLINIC\",\"Matosinhos\",\"mulheres\"],\"articleSection\":[\"Mundo Empresarial\"],\"inLanguage\":\"pt-PT\"},{\"@type\":\"WebPage\",\"@id\":\"http:\/\/maismagazine.pt\/index.php\/2025\/04\/25\/um-caso-de-sucesso-na-medicina-estetica\/\",\"url\":\"http:\/\/maismagazine.pt\/index.php\/2025\/04\/25\/um-caso-de-sucesso-na-medicina-estetica\/\",\"name\":\"Um caso de sucesso na Medicina Est\u00e9tica - Mais Magazine\",\"isPartOf\":{\"@id\":\"https:\/\/maismagazine.pt\/#website\"},\"primaryImageOfPage\":{\"@id\":\"http:\/\/maismagazine.pt\/index.php\/2025\/04\/25\/um-caso-de-sucesso-na-medicina-estetica\/#primaryimage\"},\"image\":{\"@id\":\"http:\/\/maismagazine.pt\/index.php\/2025\/04\/25\/um-caso-de-sucesso-na-medicina-estetica\/#primaryimage\"},\"thumbnailUrl\":\"http:\/\/maismagazine.pt\/wp-content\/uploads\/2025\/04\/foto_Maria-Calle-1-1.png\",\"datePublished\":\"2025-04-25T06:00:00+00:00\",\"breadcrumb\":{\"@id\":\"http:\/\/maismagazine.pt\/index.php\/2025\/04\/25\/um-caso-de-sucesso-na-medicina-estetica\/#breadcrumb\"},\"inLanguage\":\"pt-PT\",\"potentialAction\":[{\"@type\":\"ReadAction\",\"target\":[\"http:\/\/maismagazine.pt\/index.php\/2025\/04\/25\/um-caso-de-sucesso-na-medicina-estetica\/\"]}]},{\"@type\":\"ImageObject\",\"inLanguage\":\"pt-PT\",\"@id\":\"http:\/\/maismagazine.pt\/index.php\/2025\/04\/25\/um-caso-de-sucesso-na-medicina-estetica\/#primaryimage\",\"url\":\"http:\/\/maismagazine.pt\/wp-content\/uploads\/2025\/04\/foto_Maria-Calle-1-1.png\",\"contentUrl\":\"http:\/\/maismagazine.pt\/wp-content\/uploads\/2025\/04\/foto_Maria-Calle-1-1.png\",\"width\":458,\"height\":545,\"caption\":\"Maria Calle, CEO e Fundadora da Calle Clinic\"},{\"@type\":\"BreadcrumbList\",\"@id\":\"http:\/\/maismagazine.pt\/index.php\/2025\/04\/25\/um-caso-de-sucesso-na-medicina-estetica\/#breadcrumb\",\"itemListElement\":[{\"@type\":\"ListItem\",\"position\":1,\"name\":\"Home\",\"item\":\"https:\/\/maismagazine.pt\/\"},{\"@type\":\"ListItem\",\"position\":2,\"name\":\"Um caso de sucesso na Medicina Est\u00e9tica\"}]},{\"@type\":\"WebSite\",\"@id\":\"https:\/\/maismagazine.pt\/#website\",\"url\":\"https:\/\/maismagazine.pt\/\",\"name\":\"Mais Magazine\",\"description\":\"\",\"publisher\":{\"@id\":\"https:\/\/maismagazine.pt\/#organization\"},\"potentialAction\":[{\"@type\":\"SearchAction\",\"target\":{\"@type\":\"EntryPoint\",\"urlTemplate\":\"https:\/\/maismagazine.pt\/?s={search_term_string}\"},\"query-input\":{\"@type\":\"PropertyValueSpecification\",\"valueRequired\":true,\"valueName\":\"search_term_string\"}}],\"inLanguage\":\"pt-PT\"},{\"@type\":\"Organization\",\"@id\":\"https:\/\/maismagazine.pt\/#organization\",\"name\":\"Mais Magazine\",\"url\":\"https:\/\/maismagazine.pt\/\",\"logo\":{\"@type\":\"ImageObject\",\"inLanguage\":\"pt-PT\",\"@id\":\"https:\/\/maismagazine.pt\/#\/schema\/logo\/image\/\",\"url\":\"http:\/\/maismagazine.pt\/wp-content\/uploads\/2020\/04\/cropped-cropped-mais-magazine-site-logo-2.png\",\"contentUrl\":\"http:\/\/maismagazine.pt\/wp-content\/uploads\/2020\/04\/cropped-cropped-mais-magazine-site-logo-2.png\",\"width\":581,\"height\":90,\"caption\":\"Mais Magazine\"},\"image\":{\"@id\":\"https:\/\/maismagazine.pt\/#\/schema\/logo\/image\/\"}},{\"@type\":\"Person\",\"@id\":\"https:\/\/maismagazine.pt\/#\/schema\/person\/7426e2caeb8df32a1b56aa48dae778c9\",\"name\":\"Tatiana Martins\",\"image\":{\"@type\":\"ImageObject\",\"inLanguage\":\"pt-PT\",\"@id\":\"https:\/\/maismagazine.pt\/#\/schema\/person\/image\/\",\"url\":\"https:\/\/secure.gravatar.com\/avatar\/4b24a57f5d0425f2eb20981c4b53244e?s=96&d=mm&r=g\",\"contentUrl\":\"https:\/\/secure.gravatar.com\/avatar\/4b24a57f5d0425f2eb20981c4b53244e?s=96&d=mm&r=g\",\"caption\":\"Tatiana Martins\"},\"url\":\"http:\/\/maismagazine.pt\/index.php\/author\/tatiana\/\"}]}<\/script>\n<!-- \/ Yoast SEO plugin. -->","yoast_head_json":{"title":"Um caso de sucesso na Medicina Est\u00e9tica - Mais Magazine","robots":{"index":"index","follow":"follow","max-snippet":"max-snippet:-1","max-image-preview":"max-image-preview:large","max-video-preview":"max-video-preview:-1"},"canonical":"http:\/\/maismagazine.pt\/index.php\/2025\/04\/25\/um-caso-de-sucesso-na-medicina-estetica\/","og_locale":"pt_PT","og_type":"article","og_title":"Um caso de sucesso na Medicina Est\u00e9tica - Mais Magazine","og_description":"Com cerca de 15 anos de experi\u00eancia na \u00e1rea da Medicina Est\u00e9tica, Maria Calle, CEO e fundadora da Calle Clinic, afirma que o investimento em forma\u00e7\u00e3o cont\u00ednua \u00e9 fundamental para a constru\u00e7\u00e3o de uma carreira de sucesso. A Calle Clinic foi fundada em 2016, em Matosinhos e, devido \u00e0 dedica\u00e7\u00e3o&hellip;","og_url":"http:\/\/maismagazine.pt\/index.php\/2025\/04\/25\/um-caso-de-sucesso-na-medicina-estetica\/","og_site_name":"Mais Magazine","article_published_time":"2025-04-25T06:00:00+00:00","og_image":[{"width":458,"height":545,"url":"http:\/\/maismagazine.pt\/wp-content\/uploads\/2025\/04\/foto_Maria-Calle-1-1.png","type":"image\/png"}],"author":"Tatiana Martins","twitter_card":"summary_large_image","twitter_misc":{"Escrito por":false,"Tempo estimado de leitura":"4 minutos"},"schema":{"@context":"https:\/\/schema.org","@graph":[{"@type":"Article","@id":"http:\/\/maismagazine.pt\/index.php\/2025\/04\/25\/um-caso-de-sucesso-na-medicina-estetica\/#article","isPartOf":{"@id":"http:\/\/maismagazine.pt\/index.php\/2025\/04\/25\/um-caso-de-sucesso-na-medicina-estetica\/"},"author":{"name":"Tatiana Martins","@id":"https:\/\/maismagazine.pt\/#\/schema\/person\/7426e2caeb8df32a1b56aa48dae778c9"},"headline":"Um caso de sucesso na Medicina Est\u00e9tica","datePublished":"2025-04-25T06:00:00+00:00","mainEntityOfPage":{"@id":"http:\/\/maismagazine.pt\/index.php\/2025\/04\/25\/um-caso-de-sucesso-na-medicina-estetica\/"},"wordCount":519,"publisher":{"@id":"https:\/\/maismagazine.pt\/#organization"},"image":{"@id":"http:\/\/maismagazine.pt\/index.php\/2025\/04\/25\/um-caso-de-sucesso-na-medicina-estetica\/#primaryimage"},"thumbnailUrl":"http:\/\/maismagazine.pt\/wp-content\/uploads\/2025\/04\/foto_Maria-Calle-1-1.png","keywords":["CALLE CLINIC","Matosinhos","mulheres"],"articleSection":["Mundo Empresarial"],"inLanguage":"pt-PT"},{"@type":"WebPage","@id":"http:\/\/maismagazine.pt\/index.php\/2025\/04\/25\/um-caso-de-sucesso-na-medicina-estetica\/","url":"http:\/\/maismagazine.pt\/index.php\/2025\/04\/25\/um-caso-de-sucesso-na-medicina-estetica\/","name":"Um caso de sucesso na Medicina Est\u00e9tica - Mais Magazine","isPartOf":{"@id":"https:\/\/maismagazine.pt\/#website"},"primaryImageOfPage":{"@id":"http:\/\/maismagazine.pt\/index.php\/2025\/04\/25\/um-caso-de-sucesso-na-medicina-estetica\/#primaryimage"},"image":{"@id":"http:\/\/maismagazine.pt\/index.php\/2025\/04\/25\/um-caso-de-sucesso-na-medicina-estetica\/#primaryimage"},"thumbnailUrl":"http:\/\/maismagazine.pt\/wp-content\/uploads\/2025\/04\/foto_Maria-Calle-1-1.png","datePublished":"2025-04-25T06:00:00+00:00","breadcrumb":{"@id":"http:\/\/maismagazine.pt\/index.php\/2025\/04\/25\/um-caso-de-sucesso-na-medicina-estetica\/#breadcrumb"},"inLanguage":"pt-PT","potentialAction":[{"@type":"ReadAction","target":["http:\/\/maismagazine.pt\/index.php\/2025\/04\/25\/um-caso-de-sucesso-na-medicina-estetica\/"]}]},{"@type":"ImageObject","inLanguage":"pt-PT","@id":"http:\/\/maismagazine.pt\/index.php\/2025\/04\/25\/um-caso-de-sucesso-na-medicina-estetica\/#primaryimage","url":"http:\/\/maismagazine.pt\/wp-content\/uploads\/2025\/04\/foto_Maria-Calle-1-1.png","contentUrl":"http:\/\/maismagazine.pt\/wp-content\/uploads\/2025\/04\/foto_Maria-Calle-1-1.png","width":458,"height":545,"caption":"Maria Calle, CEO e Fundadora da Calle Clinic"},{"@type":"BreadcrumbList","@id":"http:\/\/maismagazine.pt\/index.php\/2025\/04\/25\/um-caso-de-sucesso-na-medicina-estetica\/#breadcrumb","itemListElement":[{"@type":"ListItem","position":1,"name":"Home","item":"https:\/\/maismagazine.pt\/"},{"@type":"ListItem","position":2,"name":"Um caso de sucesso na Medicina Est\u00e9tica"}]},{"@type":"WebSite","@id":"https:\/\/maismagazine.pt\/#website","url":"https:\/\/maismagazine.pt\/","name":"Mais Magazine","description":"","publisher":{"@id":"https:\/\/maismagazine.pt\/#organization"},"potentialAction":[{"@type":"SearchAction","target":{"@type":"EntryPoint","urlTemplate":"https:\/\/maismagazine.pt\/?s={search_term_string}"},"query-input":{"@type":"PropertyValueSpecification","valueRequired":true,"valueName":"search_term_string"}}],"inLanguage":"pt-PT"},{"@type":"Organization","@id":"https:\/\/maismagazine.pt\/#organization","name":"Mais Magazine","url":"https:\/\/maismagazine.pt\/","logo":{"@type":"ImageObject","inLanguage":"pt-PT","@id":"https:\/\/maismagazine.pt\/#\/schema\/logo\/image\/","url":"http:\/\/maismagazine.pt\/wp-content\/uploads\/2020\/04\/cropped-cropped-mais-magazine-site-logo-2.png","contentUrl":"http:\/\/maismagazine.pt\/wp-content\/uploads\/2020\/04\/cropped-cropped-mais-magazine-site-logo-2.png","width":581,"height":90,"caption":"Mais Magazine"},"image":{"@id":"https:\/\/maismagazine.pt\/#\/schema\/logo\/image\/"}},{"@type":"Person","@id":"https:\/\/maismagazine.pt\/#\/schema\/person\/7426e2caeb8df32a1b56aa48dae778c9","name":"Tatiana Martins","image":{"@type":"ImageObject","inLanguage":"pt-PT","@id":"https:\/\/maismagazine.pt\/#\/schema\/person\/image\/","url":"https:\/\/secure.gravatar.com\/avatar\/4b24a57f5d0425f2eb20981c4b53244e?s=96&d=mm&r=g","contentUrl":"https:\/\/secure.gravatar.com\/avatar\/4b24a57f5d0425f2eb20981c4b53244e?s=96&d=mm&r=g","caption":"Tatiana Martins"},"url":"http:\/\/maismagazine.pt\/index.php\/author\/tatiana\/"}]}},"author_meta":{"display_name":false,"author_link":"http:\/\/maismagazine.pt\/index.php\/author\/tatiana\/"},"featured_img":"http:\/\/maismagazine.pt\/wp-content\/uploads\/2025\/04\/foto_Maria-Calle-1-1-252x300.png","coauthors":[],"tax_additional":{"categories":{"linked":["<a href=\"http:\/\/maismagazine.pt\/index.php\/category\/mundo-empresarial\/\" class=\"advgb-post-tax-term\">Mundo Empresarial<\/a>"],"unlinked":["<span class=\"advgb-post-tax-term\">Mundo Empresarial<\/span>"]},"tags":{"linked":["<a href=\"http:\/\/maismagazine.pt\/index.php\/category\/mundo-empresarial\/\" class=\"advgb-post-tax-term\">CALLE CLINIC<\/a>","<a href=\"http:\/\/maismagazine.pt\/index.php\/category\/mundo-empresarial\/\" class=\"advgb-post-tax-term\">Matosinhos<\/a>","<a href=\"http:\/\/maismagazine.pt\/index.php\/category\/mundo-empresarial\/\" class=\"advgb-post-tax-term\">mulheres<\/a>"],"unlinked":["<span class=\"advgb-post-tax-term\">CALLE CLINIC<\/span>","<span class=\"advgb-post-tax-term\">Matosinhos<\/span>","<span class=\"advgb-post-tax-term\">mulheres<\/span>"]}},"comment_count":"0","relative_dates":{"created":"Posted 1 ano ago","modified":"Updated 1 ano ago"},"absolute_dates":{"created":"Posted on 25 de Abril, 2025","modified":"Updated on 23 de Abril, 2025"},"absolute_dates_time":{"created":"Posted on 25 de Abril, 2025 7:00","modified":"Updated on 23 de Abril, 2025 15:17"},"featured_img_caption":"Maria Calle, CEO e  Fundadora  da Calle Clinic","series_order":"","_links":{"self":[{"href":"http:\/\/maismagazine.pt\/index.php\/wp-json\/wp\/v2\/posts\/11847","targetHints":{"allow":["GET"]}}],"collection":[{"href":"http:\/\/maismagazine.pt\/index.php\/wp-json\/wp\/v2\/posts"}],"about":[{"href":"http:\/\/maismagazine.pt\/index.php\/wp-json\/wp\/v2\/types\/post"}],"author":[{"embeddable":true,"href":"http:\/\/maismagazine.pt\/index.php\/wp-json\/wp\/v2\/users\/18"}],"replies":[{"embeddable":true,"href":"http:\/\/maismagazine.pt\/index.php\/wp-json\/wp\/v2\/comments?post=11847"}],"version-history":[{"count":1,"href":"http:\/\/maismagazine.pt\/index.php\/wp-json\/wp\/v2\/posts\/11847\/revisions"}],"predecessor-version":[{"id":11856,"href":"http:\/\/maismagazine.pt\/index.php\/wp-json\/wp\/v2\/posts\/11847\/revisions\/11856"}],"wp:featuredmedia":[{"embeddable":true,"href":"http:\/\/maismagazine.pt\/index.php\/wp-json\/wp\/v2\/media\/11850"}],"wp:attachment":[{"href":"http:\/\/maismagazine.pt\/index.php\/wp-json\/wp\/v2\/media?parent=11847"}],"wp:term":[{"taxonomy":"category","embeddable":true,"href":"http:\/\/maismagazine.pt\/index.php\/wp-json\/wp\/v2\/categories?post=11847"},{"taxonomy":"post_tag","embeddable":true,"href":"http:\/\/maismagazine.pt\/index.php\/wp-json\/wp\/v2\/tags?post=11847"}],"curies":[{"name":"wp","href":"https:\/\/api.w.org\/{rel}","templated":true}]}}