{"id":11781,"date":"2025-04-25T07:00:00","date_gmt":"2025-04-25T06:00:00","guid":{"rendered":"https:\/\/maismagazine.pt\/?p=11781"},"modified":"2025-04-22T16:57:50","modified_gmt":"2025-04-22T15:57:50","slug":"castanheira-de-pera-um-destino-imperdivel-todo-o-ano","status":"publish","type":"post","link":"http:\/\/maismagazine.pt\/index.php\/2025\/04\/25\/castanheira-de-pera-um-destino-imperdivel-todo-o-ano\/","title":{"rendered":"Castanheira de Pera: Um destino imperd\u00edvel todo o ano"},"content":{"rendered":"\n<p><strong>A Mais Magazine foi at\u00e9 <a href=\"http:\/\/www.cm-castanheiradepera.pt\">Castanheira de Pera<\/a> para conhecer de perto os encantos da regi\u00e3o, onde a natureza, o lazer e a cultura se cruzam em perfeita harmonia. <\/strong><\/p>\n\n\n\n<p><\/p>\n\n\n\n<p><strong>Principais atra\u00e7\u00f5es tur\u00edsticas<\/strong><\/p>\n\n\n\n<p>Castanheira de Pera \u00e9 um territ\u00f3rio de paisagens id\u00edlicas. Imagine despertar abra\u00e7ado no aconchego da serra. Respirar tranquilidade, no raiar da paleta de tons verde e azul-celeste espelhados no lago. Veleiros acostam junto a uma velha ponte de pedra de arcos perfeitos. Ao som de uma buzina, lembrando um navio, ouve-se, agora, o marulhar sincronizado das ondas ecoando no vale, entre as serranias, longe do mar! As ondas da Praia das Rocas s\u00e3o o principal atrativo tur\u00edstico da regi\u00e3o. 80 a 100 mil visitantes animam a \u00e9poca balnear \u2013 e a economia de Castanheira de Pera e dos concelhos circunvizinhos. Empreendimento pioneiro no turismo balnear, o complexo gerido pela Prazil\u00e2ndia \u2013 Turismo e Ambiente E.M. oferece diversas atividades de desporto, recreio e lazer tur\u00edstico (ex. canoas, cisnes, stand up paddle, roller ball, insufl\u00e1veis, escalada, slide e outras), anima\u00e7\u00e3o cultural e alojamento de qualidade nos bungalows da Villa Praia. Inaugurada em 2005, a Praia das Rocas completa este ano 20 ver\u00f5es de atividade, num programa festivo que promete novidades. Contam os amantes de praias fluviais de \u00e1guas frias e cristalinas que mergulhar na Ribeira de Pera limpa o corpo, refrigera a alma e revigora o esp\u00edrito. Entre socalcos verdejantes, \u00e0 sombra do centen\u00e1rio carvalhal ou recostando-se em banhos de sol nos penedos de xisto, a Praia Fluvial do Po\u00e7o Corga \u00e9 um ex-l\u00edbris da paisagem cultural de Castanheira de Pera, qu\u00e3o postal ilustrado pintada sobre a grande tela da natureza. Distinguida, no ano passado, como Praia Fluvial Revela\u00e7\u00e3o da Regi\u00e3o Centro, trata-se de um local apraz\u00edvel desde sempre, cativante nas quatro esta\u00e7\u00f5es, dos tons outonais das caducif\u00f3lias ao florir primaveril amarelo-ros\u00e1ceo das urzes e carquejas que se avistam nas serranias, num cen\u00e1rio buc\u00f3lico emoldurado de muros de pedra e dos c\u00f3rregos levando a \u00e1gua no regadio do mosaico de pequenas hortas, junto \u00e0s ru\u00ednas da centen\u00e1ria F\u00e1brica de Lanif\u00edcios do Bolo, paredes-meias com o antigo lagar de azeite. A piscina natural do Po\u00e7o Corga foi inaugurada em 1988, contando-se entre as primeiras praias fluviais da regi\u00e3o&#8230; <\/p>\n\n\n\n<p><\/p>\n\n\n\n<p>\u00c9 o retrato de uma paisagem cultural que melhor combina a preserva\u00e7\u00e3o do ambiente natural com a valoriza\u00e7\u00e3o do patrim\u00f3nio e das mem\u00f3rias dos lugares. O visitante \u00e9 absorto numa primeira experi\u00eancia imersiva na beleza do arb\u00f3reo monumental do Carvalha do Bolo. As vidra\u00e7as do n\u00facleo museol\u00f3gico mostram a velha maquinaria do antigo lagar movido pela for\u00e7a da roda hidr\u00e1ulica, convidando a novos roteiros degustativos na prova de iguarias bem regadas com azeite da regi\u00e3o, numa visita guiada alargada ao Lagar do Bolo, em funcionamento, por altura da apanha da azeitona. No belo casario de xisto que outrora albergou uma oficina de tecelagem, na \u00e9poca estival o restaurante Po\u00e7o Corga abre o card\u00e1pio aos melhores sabores da gastronomia regional, bem servindo o cabrito assado. As boas vibra\u00e7\u00f5es dos concertos de ver\u00e3o fazem levantar os p\u00e9s do ch\u00e3o em agosto, por ocasi\u00e3o da Feira da Juventude. Entre a programa\u00e7\u00e3o outonal do \u201cFestival de Caminhadas da Serra da Lous\u00e3\u201d e a agenda anual dos \u201cDoze Meses, Doze Caminhadas\u201d, as paisagens envolventes do Po\u00e7o Corga s\u00e3o entusiasmantes pretextos no gui\u00e3o do pedestrianismo de natureza, entre os roteiros micol\u00f3gicos e as caminhadas aqu\u00e1ticas. Os empreendimentos tur\u00edsticos privados do resort \u201cVilla Rio\u201d e do parque de campismo \u201cO Moinho\u201d, completam a diversifica\u00e7\u00e3o da oferta de alojamento em redor da Praia.   <\/p>\n\n\n\n<p><\/p>\n\n\n\n<p>Representando um investimento na grandeza de meio milh\u00e3o de euros, a recente requalifica\u00e7\u00e3o da \u00e1rea envolvente da Praia Fluvial do Po\u00e7o Corga teve como principal objetivo responder aos requisitos do programa de qualifica\u00e7\u00e3o tur\u00edstica de espa\u00e7os balneares \u201cPraia Acess\u00edvel, Praia para Todos!\u201d, com interven\u00e7\u00f5es na melhoria das condi\u00e7\u00f5es de acessibilidade, conforto e seguran\u00e7a para pessoas com mobilidade reduzida, atrav\u00e9s da constru\u00e7\u00e3o de rampas e passeios e de instala\u00e7\u00f5es sanit\u00e1rias adaptadas, assim como nas condi\u00e7\u00f5es de circula\u00e7\u00e3o rodovi\u00e1ria e de parqueamento autom\u00f3vel. Os diversos arranjos urban\u00edsticos visaram ainda a valoriza\u00e7\u00e3o da paisagem. A promo\u00e7\u00e3o de novas experi\u00eancias tur\u00edsticas todo o ano justifica a aposta na constru\u00e7\u00e3o de um parque de arborismo. Aos requisitos de \u201cPraia Segura\u201d, que beneficiou da instala\u00e7\u00e3o de um posto de primeiros socorros, a distin\u00e7\u00e3o da qualidade da estrutura balnear passa pelo concurso e manuten\u00e7\u00e3o dos galard\u00f5es de \u201cBandeira Azul\u201d, \u201cPraia Aldeias do Xisto\u201d e \u201cPraia Qualidade de Ouro\u201d. Percorrendo, a montante, as margens da Ribeira de Pera, entre campos de cultivo, carvalhais, soutos e a exuber\u00e2ncia da galeria rip\u00edcola, o caminho do Po\u00e7o dos Amaros cruza-se com a Rota Terras de Peralta. Um banco virado para o a\u00e7ude, pr\u00f3ximo do antigo moinho, convida o pedestrianista a uma reconfortante pausa, numa experi\u00eancia sensorial relaxante ao som das \u00e1guas correntes. Continuando, a montante, o espelho d\u2019\u00e1gua dos Pis\u00f5es \u00e9 outro recanto apraz\u00edvel. Chegados ao Coentral, escorrem pelas fragas as \u00e1guas da Ribeira das Quelhas, caindo em belas cascatas nas torrentes de inverno. Subindo os Passadi\u00e7os alcan\u00e7amos os trilhos que se elevam ao cimo do Cabe\u00e7o do Pereiro, em rumaria ao Santo Ant\u00f3nio da Neve. Dos sete po\u00e7os neveiros restam tr\u00eas. Patrim\u00f3nio \u00fanico, ali era recolhida, compactada e armazenada a neve, transformada depois no gelo servido em sorvetes e bebidas refrescantes que satisfaziam os gostos requintados dos sal\u00f5es setecentistas da realeza e os botequins oitocentistas de Lisboa.  <\/p>\n\n\n\n<p><\/p>\n\n\n<div class=\"wp-block-image\">\n<figure class=\"aligncenter size-full is-resized\"><img loading=\"lazy\" decoding=\"async\" width=\"800\" height=\"600\" src=\"https:\/\/maismagazine.pt\/wp-content\/uploads\/2025\/04\/Praia-das-Rocas.jpg\" alt=\"\" class=\"wp-image-11782\" style=\"width:439px;height:auto\" srcset=\"http:\/\/maismagazine.pt\/wp-content\/uploads\/2025\/04\/Praia-das-Rocas.jpg 800w, http:\/\/maismagazine.pt\/wp-content\/uploads\/2025\/04\/Praia-das-Rocas-300x225.jpg 300w, http:\/\/maismagazine.pt\/wp-content\/uploads\/2025\/04\/Praia-das-Rocas-768x576.jpg 768w\" sizes=\"auto, (max-width: 800px) 100vw, 800px\" \/><\/figure><\/div>\n\n\n<p><\/p>\n\n\n\n<p><strong>Para os amantes da natureza: \u201cFestival de Caminhadas da Serra da Lous\u00e3\u201d e \u201cDoze Meses, Doze Caminhadas&#8221;<\/strong><\/p>\n\n\n\n<p>Outubro marca o regresso do outono, esta\u00e7\u00e3o h\u00famida de efl\u00favios fortes e cores quentes. \u00c9 o m\u00eas da \u201cFeira da Castanha, do Mel e do Artesanato\u201d, no Coentral. \u00c9 o tempo de viver Castanheira de Pera e o seu \u201cFestival de Caminhadas\u201d! Reserve na agenda os dias 3, 4 e 5 de outubro \u2013 as vagas s\u00e3o limitadas. O Festival oferece v\u00e1rias op\u00e7\u00f5es de caminhadas (limitadas a 20 participantes), num programa de multiatividades que incluem degusta\u00e7\u00f5es gastron\u00f3micas, anima\u00e7\u00e3o cultural e lazeres tur\u00edsticos.  <\/p>\n\n\n\n<p><\/p>\n\n\n\n<p><strong>S\u00e1bado, 04 de outubro<\/strong><\/p>\n\n\n\n<p>Op\u00e7\u00e3o A \u2013 Rotas das Levadas de Pera com atelier de broa e queijo, 4km<\/p>\n\n\n\n<p>Op\u00e7\u00e3o B \u2013 Rota das Ribeiras, 10km<\/p>\n\n\n\n<p>Op\u00e7\u00e3o C \u2013 Rota da L\u00e3 com visita \u00e0 f\u00e1brica de lanif\u00edcios Albano Morgado SA, 5km<\/p>\n\n\n\n<p>Op\u00e7\u00e3o D \u2013 Rota dos Veados, 9,5km<\/p>\n\n\n\n<p><\/p>\n\n\n\n<p><\/p>\n\n\n\n<p><strong>Domingo, 05 de outubro<\/strong><\/p>\n\n\n\n<p>Op\u00e7\u00e3o 1 \u2013 Rota dos Neveiros e dos Lobos, 12km<\/p>\n\n\n\n<p>Op\u00e7\u00e3o 2 \u2013 Caminhada Aqu\u00e1tica I<\/p>\n\n\n\n<p>Op\u00e7\u00e3o 3 \u2013 Caminhada Aqu\u00e1tica II<\/p>\n\n\n\n<p>Op\u00e7\u00e3o 4 \u2013 Rota da Vila, 5km<\/p>\n\n\n\n<p><\/p>\n\n\n\n<p><\/p>\n\n\n\n<p>J\u00e1 na 3\u00aa edi\u00e7\u00e3o, o programa \u201cDoze Meses, Doze Caminhadas\u201d, organizado pela Prazil\u00e2ndia E.M., prop\u00f5e a contempla\u00e7\u00e3o de paisagens pitorescas, proporcionando aos participantes experi\u00eancias aut\u00eanticas renovadas a cada ano, em respeito com valoriza\u00e7\u00e3o dos recursos end\u00f3genos e a prote\u00e7\u00e3o dos ecossistemas e da biodiversidade. A Rota dos A\u00e7udes, a Rota dos Neveiros, a Brama dos Veados e a Rota Micol\u00f3gica s\u00e3o momentos altos na agenda das doze caminhadas. <\/p>\n\n\n\n<p><\/p>\n\n\n\n<p>Todo o ano, em roteiros acess\u00edveis a (quase) todos, Castanheira de Pera entusiasma os amantes da natureza com quatro percursos pedestres homologados:<\/p>\n\n\n\n<ul class=\"wp-block-list\">\n<li>PR1 \u2013 Rota dos Coentrais, com sa\u00edda do Coentral Grande, circular, 3,7km<\/li>\n\n\n\n<li>PR2 \u2013 Rota da \u00c1gua e da Pedra, com sa\u00edda do Coentral Grande, circular, 15,4km<\/li>\n\n\n\n<li>PR3 \u2013 Rota dos Neveiros, com sa\u00edda do Coentral Grande, linear, 3km<\/li>\n\n\n\n<li>PR4 \u2013 Rota Terras de Peralta, com sa\u00edda de Pera, circular, 2,6km<\/li>\n<\/ul>\n\n\n\n<figure class=\"wp-block-gallery has-nested-images columns-default is-cropped wp-block-gallery-1 is-layout-flex wp-block-gallery-is-layout-flex\">\n<figure class=\"wp-block-image size-large\"><img loading=\"lazy\" decoding=\"async\" width=\"819\" height=\"614\" data-id=\"11784\" src=\"https:\/\/maismagazine.pt\/wp-content\/uploads\/2025\/04\/DozeMesesDozeCaminhadas_RotadosAcudes.jpg\" alt=\"\" class=\"wp-image-11784\" srcset=\"http:\/\/maismagazine.pt\/wp-content\/uploads\/2025\/04\/DozeMesesDozeCaminhadas_RotadosAcudes.jpg 819w, http:\/\/maismagazine.pt\/wp-content\/uploads\/2025\/04\/DozeMesesDozeCaminhadas_RotadosAcudes-300x225.jpg 300w, http:\/\/maismagazine.pt\/wp-content\/uploads\/2025\/04\/DozeMesesDozeCaminhadas_RotadosAcudes-768x576.jpg 768w\" sizes=\"auto, (max-width: 819px) 100vw, 819px\" \/><\/figure>\n\n\n\n<figure class=\"wp-block-image size-large\"><img loading=\"lazy\" decoding=\"async\" width=\"331\" height=\"500\" data-id=\"11783\" src=\"https:\/\/maismagazine.pt\/wp-content\/uploads\/2025\/04\/Passadico-das-Quelhas.jpg\" alt=\"\" class=\"wp-image-11783\" srcset=\"http:\/\/maismagazine.pt\/wp-content\/uploads\/2025\/04\/Passadico-das-Quelhas.jpg 331w, http:\/\/maismagazine.pt\/wp-content\/uploads\/2025\/04\/Passadico-das-Quelhas-199x300.jpg 199w\" sizes=\"auto, (max-width: 331px) 100vw, 331px\" \/><\/figure>\n<\/figure>\n\n\n\n<p><\/p>\n\n\n\n<p><\/p>\n\n\n\n<p><strong>Turismo de natureza e industrial<\/strong><\/p>\n\n\n\n<p>Castanheira de Pera \u00e9 um territ\u00f3rio de montanha. Recuando no tempo, a \u00e1gua e a l\u00e3 formaram a base da economia agros-silvopastoril local. Hoje, as caudalosas \u00e1guas n\u00e3o movem moinhos, espraiam-se no veraneio das ondas das Rocas. Seguindo, a jusante, pelos trilhos que serpenteiam as margens da Ribeira de Pera, partimos \u00e0 redescoberta do patrim\u00f3nio industrial. A Rota dos A\u00e7udes (fase de projeto) promete ser a grande revela\u00e7\u00e3o do pedestrianismo na regi\u00e3o. Por entre o denso rip\u00e1rio, junto \u00e0s ru\u00ednas de antigos moinhos e f\u00e1bricas de lanif\u00edcios, os a\u00e7udes imp\u00f5em-se na vertigem da paisagem, formando monumentais quedas d\u2019\u00e1gua. Contam-se dez, da albufeira da Praia das Rocas at\u00e9 aos Linhares, narrando peda\u00e7os de hist\u00f3ria da industrializa\u00e7\u00e3o (e da desindustrializa\u00e7\u00e3o) de Castanheira de Pera, desde a funda\u00e7\u00e3o da primeira f\u00e1brica de lanif\u00edcios, na Abelheira (1856), aos motores do grande emp\u00f3rio industrial do Visconde de Castanheira de Pera, Ant\u00f3nio Alves Bebiano, nos Esconhais (1866), passando pela Central Hydro-Electrica de Manuel Diniz Henriques (1912), pela Retorta, o fabrico de barretes no Souto Escuro, o monumental a\u00e7ude dos Rapos e os moinhos do Carregal Fundeiro. Prosseguindo da Moita e dos Linhares at\u00e9 \u00e0s Sarzedas de S\u00e3o Pedro, o Turismo de Natureza cruza-se com os novos roteiros do Turismo Industrial. Fundada em 1927, a \u201cAlbano Morgado S.A.\u201d \u00e9 uma moderna f\u00e1brica de lanif\u00edcios que domina todas as etapas do processo de transforma\u00e7\u00e3o da l\u00e3 \u2013 carda\u00e7\u00e3o, fia\u00e7\u00e3o, tecelagem, tinturaria e ultima\u00e7\u00e3o \u2013 exportando mais de 70% da produ\u00e7\u00e3o para os mais competitivos mercados internacionais. A recente ades\u00e3o \u00e0 \u201cRota Portuguesa de Turismo Industrial\u201d abriu as portas da f\u00e1brica a visita\u00e7\u00e3o de turistas, mediante reserva. <\/p>\n\n\n\n<p><\/p>\n\n\n<div class=\"wp-block-image\">\n<figure class=\"aligncenter size-full is-resized\"><img loading=\"lazy\" decoding=\"async\" width=\"754\" height=\"450\" src=\"https:\/\/maismagazine.pt\/wp-content\/uploads\/2025\/04\/Albano-Morgado-Tecelagem.jpeg\" alt=\"\" class=\"wp-image-11785\" style=\"width:593px;height:auto\" srcset=\"http:\/\/maismagazine.pt\/wp-content\/uploads\/2025\/04\/Albano-Morgado-Tecelagem.jpeg 754w, http:\/\/maismagazine.pt\/wp-content\/uploads\/2025\/04\/Albano-Morgado-Tecelagem-300x179.jpeg 300w\" sizes=\"auto, (max-width: 754px) 100vw, 754px\" \/><\/figure><\/div>\n\n\n<p><\/p>\n\n\n\n<p><strong>A import\u00e2ncia da prote\u00e7\u00e3o e valoriza\u00e7\u00e3o da floresta<\/strong><\/p>\n\n\n\n<p>Cerca de metade do territ\u00f3rio est\u00e1 inserido na Rede Natura 2000, no s\u00edtio da Serra da Lous\u00e3. Na outra metade, fustigada pelos inc\u00eandios de 2017, predomina a monocultura do eucalipto. Tornar o territ\u00f3rio mais resiliente \u00e0 ocorr\u00eancia de fogos florestais e, simultaneamente, valorizar a paisagem rural, a biodiversidade, os recursos end\u00f3genos e a agricultura familiar, como fatores de sustentabilidade e de coes\u00e3o territorial, tem sido uma das prioridades do Munic\u00edpio. Entre os v\u00e1rios instrumentos dispon\u00edveis, designadamente as AIGP (\u00c1reas Integradas de Gest\u00e3o da Paisagem), os Mosaicos Florestais e a gest\u00e3o das faixas de combust\u00edvel ao longo da rede vi\u00e1ria municipal, destacam-se dois: O primeiro, \u201cCastanheira Melhor Floresta\u201d, \u00e9 um projeto de iniciativa privada promovido pela Biond (Associa\u00e7\u00e3o das Bioind\u00fastrias de Base Florestal), com o apoio da autarquia, introduzindo boas pr\u00e1ticas de gest\u00e3o florestal em \u00e1reas predominantes de eucaliptal, que representa um valor de investimento de 1,2 milh\u00f5es de euros; O segundo, resulta da transforma\u00e7\u00e3o paisag\u00edstica em redor dos aglomerados urbanos, atrav\u00e9s dos \u201cCondom\u00ednios de Aldeia\u201d. No ano passado foram lan\u00e7ados 10 planos de interven\u00e7\u00e3o, representando o total de investimento de 566.726\u20ac. \u00c9 inten\u00e7\u00e3o do Munic\u00edpio alargar as interven\u00e7\u00f5es \u00e0 totalidade das aldeias do concelho, mediante a aprova\u00e7\u00e3o das candidaturas submetidas ao \u201cPrograma Integrado de Apoio \u00e0s Aldeias Localizadas em Territ\u00f3rios de Floresta\u201d, do Fundo Ambiental. Os planos de interven\u00e7\u00e3o incluem a remo\u00e7\u00e3o do arb\u00f3reo intensivo lenhoso e resinoso no per\u00edmetro de prote\u00e7\u00e3o das aldeias, a limpeza de matos, a preserva\u00e7\u00e3o de esp\u00e9cies aut\u00f3ctones como o sobreiro, o carvalho e o castanheiro, o plantio de frut\u00edcolas e a extens\u00e3o das zonas de regadio e de pastagem&#8230; A sustentabilidade do turismo come\u00e7a pela valoriza\u00e7\u00e3o das paisagens e a prote\u00e7\u00e3o ambiental. <\/p>\n\n\n\n<p><\/p>\n\n\n<div class=\"wp-block-image\">\n<figure class=\"aligncenter size-full is-resized\"><img loading=\"lazy\" decoding=\"async\" width=\"413\" height=\"413\" src=\"https:\/\/maismagazine.pt\/wp-content\/uploads\/2025\/04\/308179744_467751842049076_8096384085055543399_n.png\" alt=\"\" class=\"wp-image-11788\" style=\"width:217px;height:auto\" srcset=\"http:\/\/maismagazine.pt\/wp-content\/uploads\/2025\/04\/308179744_467751842049076_8096384085055543399_n.png 413w, http:\/\/maismagazine.pt\/wp-content\/uploads\/2025\/04\/308179744_467751842049076_8096384085055543399_n-300x300.png 300w, http:\/\/maismagazine.pt\/wp-content\/uploads\/2025\/04\/308179744_467751842049076_8096384085055543399_n-150x150.png 150w\" sizes=\"auto, (max-width: 413px) 100vw, 413px\" \/><\/figure><\/div>\n\n\n<p><\/p>\n","protected":false},"excerpt":{"rendered":"<p>A Mais Magazine foi at\u00e9 Castanheira de Pera para conhecer de perto os encantos da regi\u00e3o, onde a natureza, o lazer e a cultura se cruzam em perfeita harmonia. Principais atra\u00e7\u00f5es tur\u00edsticas Castanheira de Pera \u00e9 um territ\u00f3rio de paisagens id\u00edlicas. Imagine despertar abra\u00e7ado no aconchego da serra. Respirar tranquilidade,&hellip;<\/p>\n","protected":false},"author":17,"featured_media":11786,"comment_status":"closed","ping_status":"open","sticky":false,"template":"","format":"standard","meta":{"advgb_blocks_editor_width":"","advgb_blocks_columns_visual_guide":"","_monsterinsights_skip_tracking":false,"_monsterinsights_sitenote_active":false,"_monsterinsights_sitenote_note":"","_monsterinsights_sitenote_category":0,"footnotes":""},"categories":[78,50],"tags":[2306],"class_list":["post-11781","post","type-post","status-publish","format-standard","has-post-thumbnail","hentry","category-ambiente-e-sustentabilidade","category-destaques","tag-cm-castanheira-de-pera"],"yoast_head":"<!-- This site is optimized with the Yoast SEO plugin v24.4 - https:\/\/yoast.com\/wordpress\/plugins\/seo\/ -->\n<title>Castanheira de Pera: Um destino imperd\u00edvel todo o ano - Mais Magazine<\/title>\n<meta name=\"description\" content=\"A Mais Magazine foi at\u00e9 Castanheira de Pera para conhecer de perto os encantos da regi\u00e3o, onde a natureza, o lazer e a cultura se cruzam em perfeita harmonia.\" \/>\n<meta name=\"robots\" content=\"index, follow, max-snippet:-1, max-image-preview:large, max-video-preview:-1\" \/>\n<link rel=\"canonical\" href=\"http:\/\/maismagazine.pt\/index.php\/2025\/04\/25\/castanheira-de-pera-um-destino-imperdivel-todo-o-ano\/\" \/>\n<meta property=\"og:locale\" content=\"pt_PT\" \/>\n<meta property=\"og:type\" content=\"article\" \/>\n<meta property=\"og:title\" content=\"Castanheira de Pera: Um destino imperd\u00edvel todo o ano - Mais Magazine\" \/>\n<meta property=\"og:description\" content=\"A Mais Magazine foi at\u00e9 Castanheira de Pera para conhecer de perto os encantos da regi\u00e3o, onde a natureza, o lazer e a cultura se cruzam em perfeita harmonia.\" \/>\n<meta property=\"og:url\" content=\"http:\/\/maismagazine.pt\/index.php\/2025\/04\/25\/castanheira-de-pera-um-destino-imperdivel-todo-o-ano\/\" \/>\n<meta property=\"og:site_name\" content=\"Mais Magazine\" \/>\n<meta property=\"article:published_time\" content=\"2025-04-25T06:00:00+00:00\" \/>\n<meta property=\"og:image\" content=\"http:\/\/maismagazine.pt\/wp-content\/uploads\/2025\/04\/Contracapa.jpg\" \/>\n\t<meta property=\"og:image:width\" content=\"800\" \/>\n\t<meta property=\"og:image:height\" content=\"600\" \/>\n\t<meta property=\"og:image:type\" content=\"image\/jpeg\" \/>\n<meta name=\"author\" content=\"Tiago Costa\" \/>\n<meta name=\"twitter:card\" content=\"summary_large_image\" \/>\n<meta name=\"twitter:label1\" content=\"Escrito por\" \/>\n\t<meta name=\"twitter:data1\" content=\"\" \/>\n\t<meta name=\"twitter:label2\" content=\"Tempo estimado de leitura\" \/>\n\t<meta name=\"twitter:data2\" content=\"11 minutos\" \/>\n<script type=\"application\/ld+json\" class=\"yoast-schema-graph\">{\"@context\":\"https:\/\/schema.org\",\"@graph\":[{\"@type\":\"Article\",\"@id\":\"http:\/\/maismagazine.pt\/index.php\/2025\/04\/25\/castanheira-de-pera-um-destino-imperdivel-todo-o-ano\/#article\",\"isPartOf\":{\"@id\":\"http:\/\/maismagazine.pt\/index.php\/2025\/04\/25\/castanheira-de-pera-um-destino-imperdivel-todo-o-ano\/\"},\"author\":{\"name\":\"Tiago Costa\",\"@id\":\"http:\/\/maismagazine.pt\/#\/schema\/person\/c6c5bfccc886434cbd11c74e035f9646\"},\"headline\":\"Castanheira de Pera: Um destino imperd\u00edvel todo o ano\",\"datePublished\":\"2025-04-25T06:00:00+00:00\",\"mainEntityOfPage\":{\"@id\":\"http:\/\/maismagazine.pt\/index.php\/2025\/04\/25\/castanheira-de-pera-um-destino-imperdivel-todo-o-ano\/\"},\"wordCount\":1950,\"publisher\":{\"@id\":\"http:\/\/maismagazine.pt\/#organization\"},\"image\":{\"@id\":\"http:\/\/maismagazine.pt\/index.php\/2025\/04\/25\/castanheira-de-pera-um-destino-imperdivel-todo-o-ano\/#primaryimage\"},\"thumbnailUrl\":\"http:\/\/maismagazine.pt\/wp-content\/uploads\/2025\/04\/Contracapa.jpg\",\"keywords\":[\"CM Castanheira de Pera\"],\"articleSection\":[\"Ambiente e Sustentabilidade\",\"Destaques\"],\"inLanguage\":\"pt-PT\"},{\"@type\":\"WebPage\",\"@id\":\"http:\/\/maismagazine.pt\/index.php\/2025\/04\/25\/castanheira-de-pera-um-destino-imperdivel-todo-o-ano\/\",\"url\":\"http:\/\/maismagazine.pt\/index.php\/2025\/04\/25\/castanheira-de-pera-um-destino-imperdivel-todo-o-ano\/\",\"name\":\"Castanheira de Pera: Um destino imperd\u00edvel todo o ano - Mais Magazine\",\"isPartOf\":{\"@id\":\"http:\/\/maismagazine.pt\/#website\"},\"primaryImageOfPage\":{\"@id\":\"http:\/\/maismagazine.pt\/index.php\/2025\/04\/25\/castanheira-de-pera-um-destino-imperdivel-todo-o-ano\/#primaryimage\"},\"image\":{\"@id\":\"http:\/\/maismagazine.pt\/index.php\/2025\/04\/25\/castanheira-de-pera-um-destino-imperdivel-todo-o-ano\/#primaryimage\"},\"thumbnailUrl\":\"http:\/\/maismagazine.pt\/wp-content\/uploads\/2025\/04\/Contracapa.jpg\",\"datePublished\":\"2025-04-25T06:00:00+00:00\",\"description\":\"A Mais Magazine foi at\u00e9 Castanheira de Pera para conhecer de perto os encantos da regi\u00e3o, onde a natureza, o lazer e a cultura se cruzam em perfeita harmonia.\",\"breadcrumb\":{\"@id\":\"http:\/\/maismagazine.pt\/index.php\/2025\/04\/25\/castanheira-de-pera-um-destino-imperdivel-todo-o-ano\/#breadcrumb\"},\"inLanguage\":\"pt-PT\",\"potentialAction\":[{\"@type\":\"ReadAction\",\"target\":[\"http:\/\/maismagazine.pt\/index.php\/2025\/04\/25\/castanheira-de-pera-um-destino-imperdivel-todo-o-ano\/\"]}]},{\"@type\":\"ImageObject\",\"inLanguage\":\"pt-PT\",\"@id\":\"http:\/\/maismagazine.pt\/index.php\/2025\/04\/25\/castanheira-de-pera-um-destino-imperdivel-todo-o-ano\/#primaryimage\",\"url\":\"http:\/\/maismagazine.pt\/wp-content\/uploads\/2025\/04\/Contracapa.jpg\",\"contentUrl\":\"http:\/\/maismagazine.pt\/wp-content\/uploads\/2025\/04\/Contracapa.jpg\",\"width\":800,\"height\":600},{\"@type\":\"BreadcrumbList\",\"@id\":\"http:\/\/maismagazine.pt\/index.php\/2025\/04\/25\/castanheira-de-pera-um-destino-imperdivel-todo-o-ano\/#breadcrumb\",\"itemListElement\":[{\"@type\":\"ListItem\",\"position\":1,\"name\":\"Home\",\"item\":\"http:\/\/maismagazine.pt\/\"},{\"@type\":\"ListItem\",\"position\":2,\"name\":\"Castanheira de Pera: Um destino imperd\u00edvel todo o ano\"}]},{\"@type\":\"WebSite\",\"@id\":\"http:\/\/maismagazine.pt\/#website\",\"url\":\"http:\/\/maismagazine.pt\/\",\"name\":\"Mais Magazine\",\"description\":\"\",\"publisher\":{\"@id\":\"http:\/\/maismagazine.pt\/#organization\"},\"potentialAction\":[{\"@type\":\"SearchAction\",\"target\":{\"@type\":\"EntryPoint\",\"urlTemplate\":\"http:\/\/maismagazine.pt\/?s={search_term_string}\"},\"query-input\":{\"@type\":\"PropertyValueSpecification\",\"valueRequired\":true,\"valueName\":\"search_term_string\"}}],\"inLanguage\":\"pt-PT\"},{\"@type\":\"Organization\",\"@id\":\"http:\/\/maismagazine.pt\/#organization\",\"name\":\"Mais Magazine\",\"url\":\"http:\/\/maismagazine.pt\/\",\"logo\":{\"@type\":\"ImageObject\",\"inLanguage\":\"pt-PT\",\"@id\":\"http:\/\/maismagazine.pt\/#\/schema\/logo\/image\/\",\"url\":\"http:\/\/maismagazine.pt\/wp-content\/uploads\/2020\/04\/cropped-cropped-mais-magazine-site-logo-2.png\",\"contentUrl\":\"http:\/\/maismagazine.pt\/wp-content\/uploads\/2020\/04\/cropped-cropped-mais-magazine-site-logo-2.png\",\"width\":581,\"height\":90,\"caption\":\"Mais Magazine\"},\"image\":{\"@id\":\"http:\/\/maismagazine.pt\/#\/schema\/logo\/image\/\"}},{\"@type\":\"Person\",\"@id\":\"http:\/\/maismagazine.pt\/#\/schema\/person\/c6c5bfccc886434cbd11c74e035f9646\",\"name\":\"Tiago Costa\",\"image\":{\"@type\":\"ImageObject\",\"inLanguage\":\"pt-PT\",\"@id\":\"http:\/\/maismagazine.pt\/#\/schema\/person\/image\/\",\"url\":\"https:\/\/secure.gravatar.com\/avatar\/c599b2bce16c9870429198cbad5ee022?s=96&d=mm&r=g\",\"contentUrl\":\"https:\/\/secure.gravatar.com\/avatar\/c599b2bce16c9870429198cbad5ee022?s=96&d=mm&r=g\",\"caption\":\"Tiago Costa\"},\"url\":\"http:\/\/maismagazine.pt\/index.php\/author\/tiago\/\"}]}<\/script>\n<!-- \/ Yoast SEO plugin. -->","yoast_head_json":{"title":"Castanheira de Pera: Um destino imperd\u00edvel todo o ano - Mais Magazine","description":"A Mais Magazine foi at\u00e9 Castanheira de Pera para conhecer de perto os encantos da regi\u00e3o, onde a natureza, o lazer e a cultura se cruzam em perfeita harmonia.","robots":{"index":"index","follow":"follow","max-snippet":"max-snippet:-1","max-image-preview":"max-image-preview:large","max-video-preview":"max-video-preview:-1"},"canonical":"http:\/\/maismagazine.pt\/index.php\/2025\/04\/25\/castanheira-de-pera-um-destino-imperdivel-todo-o-ano\/","og_locale":"pt_PT","og_type":"article","og_title":"Castanheira de Pera: Um destino imperd\u00edvel todo o ano - Mais Magazine","og_description":"A Mais Magazine foi at\u00e9 Castanheira de Pera para conhecer de perto os encantos da regi\u00e3o, onde a natureza, o lazer e a cultura se cruzam em perfeita harmonia.","og_url":"http:\/\/maismagazine.pt\/index.php\/2025\/04\/25\/castanheira-de-pera-um-destino-imperdivel-todo-o-ano\/","og_site_name":"Mais Magazine","article_published_time":"2025-04-25T06:00:00+00:00","og_image":[{"width":800,"height":600,"url":"http:\/\/maismagazine.pt\/wp-content\/uploads\/2025\/04\/Contracapa.jpg","type":"image\/jpeg"}],"author":"Tiago Costa","twitter_card":"summary_large_image","twitter_misc":{"Escrito por":false,"Tempo estimado de leitura":"11 minutos"},"schema":{"@context":"https:\/\/schema.org","@graph":[{"@type":"Article","@id":"http:\/\/maismagazine.pt\/index.php\/2025\/04\/25\/castanheira-de-pera-um-destino-imperdivel-todo-o-ano\/#article","isPartOf":{"@id":"http:\/\/maismagazine.pt\/index.php\/2025\/04\/25\/castanheira-de-pera-um-destino-imperdivel-todo-o-ano\/"},"author":{"name":"Tiago Costa","@id":"http:\/\/maismagazine.pt\/#\/schema\/person\/c6c5bfccc886434cbd11c74e035f9646"},"headline":"Castanheira de Pera: Um destino imperd\u00edvel todo o ano","datePublished":"2025-04-25T06:00:00+00:00","mainEntityOfPage":{"@id":"http:\/\/maismagazine.pt\/index.php\/2025\/04\/25\/castanheira-de-pera-um-destino-imperdivel-todo-o-ano\/"},"wordCount":1950,"publisher":{"@id":"http:\/\/maismagazine.pt\/#organization"},"image":{"@id":"http:\/\/maismagazine.pt\/index.php\/2025\/04\/25\/castanheira-de-pera-um-destino-imperdivel-todo-o-ano\/#primaryimage"},"thumbnailUrl":"http:\/\/maismagazine.pt\/wp-content\/uploads\/2025\/04\/Contracapa.jpg","keywords":["CM Castanheira de Pera"],"articleSection":["Ambiente e Sustentabilidade","Destaques"],"inLanguage":"pt-PT"},{"@type":"WebPage","@id":"http:\/\/maismagazine.pt\/index.php\/2025\/04\/25\/castanheira-de-pera-um-destino-imperdivel-todo-o-ano\/","url":"http:\/\/maismagazine.pt\/index.php\/2025\/04\/25\/castanheira-de-pera-um-destino-imperdivel-todo-o-ano\/","name":"Castanheira de Pera: Um destino imperd\u00edvel todo o ano - Mais Magazine","isPartOf":{"@id":"http:\/\/maismagazine.pt\/#website"},"primaryImageOfPage":{"@id":"http:\/\/maismagazine.pt\/index.php\/2025\/04\/25\/castanheira-de-pera-um-destino-imperdivel-todo-o-ano\/#primaryimage"},"image":{"@id":"http:\/\/maismagazine.pt\/index.php\/2025\/04\/25\/castanheira-de-pera-um-destino-imperdivel-todo-o-ano\/#primaryimage"},"thumbnailUrl":"http:\/\/maismagazine.pt\/wp-content\/uploads\/2025\/04\/Contracapa.jpg","datePublished":"2025-04-25T06:00:00+00:00","description":"A Mais Magazine foi at\u00e9 Castanheira de Pera para conhecer de perto os encantos da regi\u00e3o, onde a natureza, o lazer e a cultura se cruzam em perfeita harmonia.","breadcrumb":{"@id":"http:\/\/maismagazine.pt\/index.php\/2025\/04\/25\/castanheira-de-pera-um-destino-imperdivel-todo-o-ano\/#breadcrumb"},"inLanguage":"pt-PT","potentialAction":[{"@type":"ReadAction","target":["http:\/\/maismagazine.pt\/index.php\/2025\/04\/25\/castanheira-de-pera-um-destino-imperdivel-todo-o-ano\/"]}]},{"@type":"ImageObject","inLanguage":"pt-PT","@id":"http:\/\/maismagazine.pt\/index.php\/2025\/04\/25\/castanheira-de-pera-um-destino-imperdivel-todo-o-ano\/#primaryimage","url":"http:\/\/maismagazine.pt\/wp-content\/uploads\/2025\/04\/Contracapa.jpg","contentUrl":"http:\/\/maismagazine.pt\/wp-content\/uploads\/2025\/04\/Contracapa.jpg","width":800,"height":600},{"@type":"BreadcrumbList","@id":"http:\/\/maismagazine.pt\/index.php\/2025\/04\/25\/castanheira-de-pera-um-destino-imperdivel-todo-o-ano\/#breadcrumb","itemListElement":[{"@type":"ListItem","position":1,"name":"Home","item":"http:\/\/maismagazine.pt\/"},{"@type":"ListItem","position":2,"name":"Castanheira de Pera: Um destino imperd\u00edvel todo o ano"}]},{"@type":"WebSite","@id":"http:\/\/maismagazine.pt\/#website","url":"http:\/\/maismagazine.pt\/","name":"Mais Magazine","description":"","publisher":{"@id":"http:\/\/maismagazine.pt\/#organization"},"potentialAction":[{"@type":"SearchAction","target":{"@type":"EntryPoint","urlTemplate":"http:\/\/maismagazine.pt\/?s={search_term_string}"},"query-input":{"@type":"PropertyValueSpecification","valueRequired":true,"valueName":"search_term_string"}}],"inLanguage":"pt-PT"},{"@type":"Organization","@id":"http:\/\/maismagazine.pt\/#organization","name":"Mais Magazine","url":"http:\/\/maismagazine.pt\/","logo":{"@type":"ImageObject","inLanguage":"pt-PT","@id":"http:\/\/maismagazine.pt\/#\/schema\/logo\/image\/","url":"http:\/\/maismagazine.pt\/wp-content\/uploads\/2020\/04\/cropped-cropped-mais-magazine-site-logo-2.png","contentUrl":"http:\/\/maismagazine.pt\/wp-content\/uploads\/2020\/04\/cropped-cropped-mais-magazine-site-logo-2.png","width":581,"height":90,"caption":"Mais Magazine"},"image":{"@id":"http:\/\/maismagazine.pt\/#\/schema\/logo\/image\/"}},{"@type":"Person","@id":"http:\/\/maismagazine.pt\/#\/schema\/person\/c6c5bfccc886434cbd11c74e035f9646","name":"Tiago Costa","image":{"@type":"ImageObject","inLanguage":"pt-PT","@id":"http:\/\/maismagazine.pt\/#\/schema\/person\/image\/","url":"https:\/\/secure.gravatar.com\/avatar\/c599b2bce16c9870429198cbad5ee022?s=96&d=mm&r=g","contentUrl":"https:\/\/secure.gravatar.com\/avatar\/c599b2bce16c9870429198cbad5ee022?s=96&d=mm&r=g","caption":"Tiago Costa"},"url":"http:\/\/maismagazine.pt\/index.php\/author\/tiago\/"}]}},"author_meta":{"display_name":false,"author_link":"http:\/\/maismagazine.pt\/index.php\/author\/tiago\/"},"featured_img":"http:\/\/maismagazine.pt\/wp-content\/uploads\/2025\/04\/Contracapa-300x225.jpg","coauthors":[],"tax_additional":{"categories":{"linked":["<a href=\"http:\/\/maismagazine.pt\/index.php\/category\/empreendedorismo\/ambiente-e-sustentabilidade\/\" class=\"advgb-post-tax-term\">Ambiente e Sustentabilidade<\/a>","<a href=\"http:\/\/maismagazine.pt\/index.php\/category\/destaques\/\" class=\"advgb-post-tax-term\">Destaques<\/a>"],"unlinked":["<span class=\"advgb-post-tax-term\">Ambiente e Sustentabilidade<\/span>","<span class=\"advgb-post-tax-term\">Destaques<\/span>"]},"tags":{"linked":["<a href=\"http:\/\/maismagazine.pt\/index.php\/category\/destaques\/\" class=\"advgb-post-tax-term\">CM Castanheira de Pera<\/a>"],"unlinked":["<span class=\"advgb-post-tax-term\">CM Castanheira de Pera<\/span>"]}},"comment_count":"0","relative_dates":{"created":"Posted 1 ano ago","modified":"Updated 1 ano ago"},"absolute_dates":{"created":"Posted on 25 de Abril, 2025","modified":"Updated on 22 de Abril, 2025"},"absolute_dates_time":{"created":"Posted on 25 de Abril, 2025 7:00","modified":"Updated on 22 de Abril, 2025 16:57"},"featured_img_caption":"","series_order":"","_links":{"self":[{"href":"http:\/\/maismagazine.pt\/index.php\/wp-json\/wp\/v2\/posts\/11781","targetHints":{"allow":["GET"]}}],"collection":[{"href":"http:\/\/maismagazine.pt\/index.php\/wp-json\/wp\/v2\/posts"}],"about":[{"href":"http:\/\/maismagazine.pt\/index.php\/wp-json\/wp\/v2\/types\/post"}],"author":[{"embeddable":true,"href":"http:\/\/maismagazine.pt\/index.php\/wp-json\/wp\/v2\/users\/17"}],"replies":[{"embeddable":true,"href":"http:\/\/maismagazine.pt\/index.php\/wp-json\/wp\/v2\/comments?post=11781"}],"version-history":[{"count":2,"href":"http:\/\/maismagazine.pt\/index.php\/wp-json\/wp\/v2\/posts\/11781\/revisions"}],"predecessor-version":[{"id":11789,"href":"http:\/\/maismagazine.pt\/index.php\/wp-json\/wp\/v2\/posts\/11781\/revisions\/11789"}],"wp:featuredmedia":[{"embeddable":true,"href":"http:\/\/maismagazine.pt\/index.php\/wp-json\/wp\/v2\/media\/11786"}],"wp:attachment":[{"href":"http:\/\/maismagazine.pt\/index.php\/wp-json\/wp\/v2\/media?parent=11781"}],"wp:term":[{"taxonomy":"category","embeddable":true,"href":"http:\/\/maismagazine.pt\/index.php\/wp-json\/wp\/v2\/categories?post=11781"},{"taxonomy":"post_tag","embeddable":true,"href":"http:\/\/maismagazine.pt\/index.php\/wp-json\/wp\/v2\/tags?post=11781"}],"curies":[{"name":"wp","href":"https:\/\/api.w.org\/{rel}","templated":true}]}}