{"id":11756,"date":"2025-04-25T07:00:00","date_gmt":"2025-04-25T06:00:00","guid":{"rendered":"https:\/\/maismagazine.pt\/?p=11756"},"modified":"2025-04-22T16:37:48","modified_gmt":"2025-04-22T15:37:48","slug":"penamacor-e-sabugal-de-maos-dadas-pela-protecao-da-natureza","status":"publish","type":"post","link":"http:\/\/maismagazine.pt\/index.php\/2025\/04\/25\/penamacor-e-sabugal-de-maos-dadas-pela-protecao-da-natureza\/","title":{"rendered":"Penamacor e Sabugal: De m\u00e3os dadas pela prote\u00e7\u00e3o da natureza"},"content":{"rendered":"\n<p><strong>Penamacor e Sabugal t\u00eam unido for\u00e7as para proteger e valorizar a Reserva Natural da Serra da Malcata. Apostando numa gest\u00e3o partilhada e sustent\u00e1vel, os dois munic\u00edpios mostram como \u00e9 poss\u00edvel conservar a natureza e, ao mesmo tempo, criar oportunidades para quem a quer descobrir \u2014 seja pelas esta\u00e7\u00f5es n\u00e1uticas, seja pelos percursos pedestres que cruzam este territ\u00f3rio singular. <\/strong><\/p>\n\n\n\n<p><\/p>\n\n\n\n<p><strong>Cogest\u00e3o da Reserva Natural da Serra da Malcata: O futuro come\u00e7a agora!<\/strong><\/p>\n\n\n\n<p>Criada em 1981, a Reserva Natural da Serra da Malcata \u00e9 um dos maiores tesouros ecol\u00f3gicos de Portugal. Situada entre os concelhos do Sabugal e de Penamacor, a sua origem est\u00e1 intimamente associada \u00e0 prote\u00e7\u00e3o de uma das esp\u00e9cies mais emblem\u00e1ticas e amea\u00e7adas da fauna ib\u00e9rica: o lince ib\u00e9rico. A sua paisagem carateriza-se por uma natureza selvagem, com pouca interven\u00e7\u00e3o humana, vales profundos, matos densos, \u00e1guas cristalinas e uma biodiversidade rica. Nela podem ser encontradas algumas esp\u00e9cies raras da flora mediterr\u00e2nica, habitats naturais preservados e uma fauna variada onde se incluem \u00e1guias, lontras, javalis, veados e r\u00e9pteis aut\u00f3ctones. A par deste valor ecol\u00f3gico, a Serra da Malcata \u00e9 tamb\u00e9m um espa\u00e7o de mem\u00f3ria e identidade rural, com a presen\u00e7a de comunidades locais que vivem em harmonia com a natureza, adaptando as suas pr\u00e1ticas ao meio envolvente. Nos \u00faltimos anos, tendo em conta a sua riqueza e singularidade, a Reserva tem sido alvo de novas abordagens de gest\u00e3o de territ\u00f3rio como, por exemplo, o \u201cDiscover the Malcata\u201d, um projeto de Cogest\u00e3o desenvolvido pelos munic\u00edpios de Penamacor e Sabugal, que visa criar uma din\u00e2mica partilhada de valoriza\u00e7\u00e3o da \u00e1rea protegida, tendo por base a sua sustentabilidade nas dimens\u00f5es pol\u00edtica, social, econ\u00f3mica, ecol\u00f3gica, territorial e cultural, com incid\u00eancia espec\u00edfica nos dom\u00ednios da promo\u00e7\u00e3o, da sensibiliza\u00e7\u00e3o, da comunica\u00e7\u00e3o e da melhoria das condi\u00e7\u00f5es de visita\u00e7\u00e3o. A instala\u00e7\u00e3o de nova sinal\u00e9tica, a melhoria das instala\u00e7\u00f5es do centro interpretativo da Sra. da Gra\u00e7a, bem como a melhoria dos postos de vigia e torre de observa\u00e7\u00e3o de aves s\u00e3o algumas das a\u00e7\u00f5es a serem levadas a cabo pelo projeto. <\/p>\n\n\n\n<p><\/p>\n\n\n\n<p>Este plano de Cogest\u00e3o assenta numa abordagem colaborativa e descentralizada, envolvendo ativamente entidades p\u00fablicas, associa\u00e7\u00f5es locais, comunidades residentes, institui\u00e7\u00f5es acad\u00e9micas e organiza\u00e7\u00f5es n\u00e3o governamentais. O objetivo \u00e9 alinhar a conserva\u00e7\u00e3o ambiental com o desenvolvimento sustent\u00e1vel da regi\u00e3o, fomentando o ecoturismo, o empreendedorismo local e a valoriza\u00e7\u00e3o dos saberes tradicionais. Atrav\u00e9s de oficinas participativas, programas educativos e iniciativas de ci\u00eancia, o \u201cDiscover the Malcata\u201d procura ainda refor\u00e7ar o sentimento de perten\u00e7a e corresponsabilidade entre os atores locais e visitantes. O envolvimento direto das popula\u00e7\u00f5es permite uma maior efic\u00e1cia na preserva\u00e7\u00e3o dos recursos naturais e culturais, assegurando que a Serra da Malcata permane\u00e7a um espa\u00e7o vivo, resiliente e exemplar na concilia\u00e7\u00e3o entre conserva\u00e7\u00e3o e desenvolvimento.  <\/p>\n\n\n\n<figure class=\"wp-block-gallery has-nested-images columns-default is-cropped wp-block-gallery-1 is-layout-flex wp-block-gallery-is-layout-flex\">\n<figure class=\"wp-block-image size-large\"><img loading=\"lazy\" decoding=\"async\" width=\"764\" height=\"509\" data-id=\"11757\" src=\"https:\/\/maismagazine.pt\/wp-content\/uploads\/2025\/04\/FOTOS_SABUGAL4.jpg\" alt=\"\" class=\"wp-image-11757\" srcset=\"http:\/\/maismagazine.pt\/wp-content\/uploads\/2025\/04\/FOTOS_SABUGAL4.jpg 764w, http:\/\/maismagazine.pt\/wp-content\/uploads\/2025\/04\/FOTOS_SABUGAL4-300x200.jpg 300w, http:\/\/maismagazine.pt\/wp-content\/uploads\/2025\/04\/FOTOS_SABUGAL4-150x100.jpg 150w\" sizes=\"auto, (max-width: 764px) 100vw, 764px\" \/><\/figure>\n\n\n\n<figure class=\"wp-block-image size-large\"><img loading=\"lazy\" decoding=\"async\" width=\"322\" height=\"572\" data-id=\"11758\" src=\"https:\/\/maismagazine.pt\/wp-content\/uploads\/2025\/04\/FOTOS_SABUGAL5.jpg\" alt=\"\" class=\"wp-image-11758\" srcset=\"http:\/\/maismagazine.pt\/wp-content\/uploads\/2025\/04\/FOTOS_SABUGAL5.jpg 322w, http:\/\/maismagazine.pt\/wp-content\/uploads\/2025\/04\/FOTOS_SABUGAL5-169x300.jpg 169w\" sizes=\"auto, (max-width: 322px) 100vw, 322px\" \/><\/figure>\n<\/figure>\n\n\n\n<p><\/p>\n\n\n\n<p><\/p>\n\n\n\n<h2 class=\"wp-block-heading\"><strong>O mar chama: Destinos n\u00e1uticos a descobrir<\/strong><\/h2>\n\n\n\n<p>Organizadas em torno de atividades n\u00e1uticas, as esta\u00e7\u00f5es n\u00e1uticas promovem o desenvolvimento integrado e sustent\u00e1vel das regi\u00f5es com recursos h\u00eddricos. Mais do que simples pontos de pr\u00e1tica desportiva, estas oferecem uma experi\u00eancia completa e qualificada, articulando turismo, desporto, cultura, gastronomia e natureza. Assim, em Penamacor e Sabugar \u00e9 poss\u00edvel encontrar uma oferta estruturada e de qualidade ao n\u00edvel dos espa\u00e7os n\u00e1uticos. <\/p>\n\n\n\n<p><\/p>\n\n\n\n<p><strong>Esta\u00e7\u00e3o N\u00e1utica de Penamacor: Uma escolha natural<\/strong><\/p>\n\n\n\n<p>N\u00e3o \u00e9 poss\u00edvel falar de Penamacor, sem constatar a beleza das suas paisagens que est\u00e3o indelevelmente ligadas \u00e0 \u00e1gua. A Ribeira de Meimoa, a Albufeira da Meimoa e a Barragem da Bas\u00e1gueda s\u00e3o cen\u00e1rios id\u00edlicos, perfeitos para explorar atrav\u00e9s da Rede de Percursos Pedestres e Cicl\u00e1veis, do trilho da Serra da Malcata ou da envolvente Grande Rota das Aldeias Hist\u00f3ricas. Locais como a Zona Balnear do Meim\u00e3o e as Zonas de Lazer da Meimoa e de Benqueren\u00e7a oferecem espa\u00e7os \u00fanicos para relaxar em contacto com a natureza. Canoagem, remo, pesca tur\u00edstica e stand-up-paddle s\u00e3o algumas das atividades n\u00e1uticas dispon\u00edveis, promovidas por operadores locais. Al\u00e9m disso, estes espa\u00e7os disponibilizam alguns servi\u00e7os complementares, tais como, restaura\u00e7\u00e3o, bares e anima\u00e7\u00e3o tur\u00edstica, estabelecimentos hoteleiros, nomeadamente de apoio espec\u00edfico \u00e0 n\u00e1utica, criando experi\u00eancias \u00fanicas que permitam reduzir a sazonalidade, prolongar o tempo m\u00e9dio de estadia e fazer crescer a receita tur\u00edstica, em resultado de uma melhor estrutura\u00e7\u00e3o e comunica\u00e7\u00e3o da oferta. Num territ\u00f3rio onde a sustentabilidade \u00e9 uma prioridade, Penamacor convida a viver experi\u00eancias aut\u00eanticas em plena harmonia com o meio ambiente. <\/p>\n\n\n\n<p><\/p>\n\n\n\n<figure class=\"wp-block-gallery has-nested-images columns-default is-cropped wp-block-gallery-2 is-layout-flex wp-block-gallery-is-layout-flex\">\n<figure class=\"wp-block-image size-large\"><img loading=\"lazy\" decoding=\"async\" width=\"1020\" height=\"573\" data-id=\"11759\" src=\"https:\/\/maismagazine.pt\/wp-content\/uploads\/2025\/04\/albufeira_da_barragem_da_meimoa.jpg\" alt=\"\" class=\"wp-image-11759\" srcset=\"http:\/\/maismagazine.pt\/wp-content\/uploads\/2025\/04\/albufeira_da_barragem_da_meimoa.jpg 1020w, http:\/\/maismagazine.pt\/wp-content\/uploads\/2025\/04\/albufeira_da_barragem_da_meimoa-300x169.jpg 300w, http:\/\/maismagazine.pt\/wp-content\/uploads\/2025\/04\/albufeira_da_barragem_da_meimoa-768x431.jpg 768w\" sizes=\"auto, (max-width: 1020px) 100vw, 1020px\" \/><\/figure>\n\n\n\n<figure class=\"wp-block-image size-large\"><img loading=\"lazy\" decoding=\"async\" width=\"951\" height=\"633\" data-id=\"11760\" src=\"https:\/\/maismagazine.pt\/wp-content\/uploads\/2025\/04\/zona_balnear_do_meimao.jpg\" alt=\"\" class=\"wp-image-11760\" srcset=\"http:\/\/maismagazine.pt\/wp-content\/uploads\/2025\/04\/zona_balnear_do_meimao.jpg 951w, http:\/\/maismagazine.pt\/wp-content\/uploads\/2025\/04\/zona_balnear_do_meimao-300x200.jpg 300w, http:\/\/maismagazine.pt\/wp-content\/uploads\/2025\/04\/zona_balnear_do_meimao-768x511.jpg 768w, http:\/\/maismagazine.pt\/wp-content\/uploads\/2025\/04\/zona_balnear_do_meimao-150x100.jpg 150w\" sizes=\"auto, (max-width: 951px) 100vw, 951px\" \/><\/figure>\n<\/figure>\n\n\n\n<p><\/p>\n\n\n\n<p><\/p>\n\n\n\n<p><strong>Esta\u00e7\u00e3o N\u00e1utica do Alto C\u00f4a (Sabugal): Um destino para viver e sentir<\/strong><\/p>\n\n\n\n<p>A Esta\u00e7\u00e3o N\u00e1utica do Alto C\u00f4a (ENAC) integra a estrat\u00e9gia de Turismo Cultural em \u00c1guas do Interior, que visa afirmar a regi\u00e3o como um destino perfeito para atividades n\u00e1uticas, desportos de montanha e turismo de natureza, promovendo o desenvolvimento sustent\u00e1vel e valorizando a paisagem e cultura local. A ENAC pretende ser um polo atrativo para o turismo n\u00e1utico e cultural, oferecendo experi\u00eancias de qualidade, desde a competi\u00e7\u00e3o (remo e canoagem em altitude) at\u00e9 ao lazer familiar, num territ\u00f3rio vasto e tranquilo que inclui o Alto C\u00f4a e a Serra da Malcata. Organizada como uma rede integrada de servi\u00e7os \u2013 alojamento, restaura\u00e7\u00e3o e atividades tur\u00edsticas \u2013 a ENAC procura atrair visitantes motivados pela pr\u00e1tica de desportos n\u00e1uticos, criando valor e dinamizando a economia local. Assim, assume-se como motor estrat\u00e9gico para o desenvolvimento tur\u00edstico da regi\u00e3o, alicer\u00e7ado em tr\u00eas pilares centrais: a albufeira, a paisagem e a cultura. <\/p>\n\n\n\n<p><\/p>\n\n\n<div class=\"wp-block-image\">\n<figure class=\"aligncenter size-full is-resized\"><img loading=\"lazy\" decoding=\"async\" width=\"823\" height=\"548\" src=\"https:\/\/maismagazine.pt\/wp-content\/uploads\/2025\/04\/FOTOS_SABUGAL7.jpg\" alt=\"\" class=\"wp-image-11761\" style=\"width:449px;height:auto\" srcset=\"http:\/\/maismagazine.pt\/wp-content\/uploads\/2025\/04\/FOTOS_SABUGAL7.jpg 823w, http:\/\/maismagazine.pt\/wp-content\/uploads\/2025\/04\/FOTOS_SABUGAL7-300x200.jpg 300w, http:\/\/maismagazine.pt\/wp-content\/uploads\/2025\/04\/FOTOS_SABUGAL7-768x511.jpg 768w, http:\/\/maismagazine.pt\/wp-content\/uploads\/2025\/04\/FOTOS_SABUGAL7-150x100.jpg 150w\" sizes=\"auto, (max-width: 823px) 100vw, 823px\" \/><\/figure><\/div>\n\n\n<p><\/p>\n\n\n\n<h2 class=\"wp-block-heading\"><strong>Rede de Percursos Pedestres: Mais do que um trilho, um espa\u00e7o de conex\u00e3o entre Homem e Natureza<\/strong><\/h2>\n\n\n\n<p>Numa altura em que a mobilidade sustent\u00e1vel est\u00e1 cada vez mais na ordem do dia, os percursos pedestres afirmam-se como uma forma inteligente e sens\u00edvel de valorizar o territ\u00f3rio. Ao promover o contacto direto com a paisagem, a biodiversidade e a cultura local, estes trilhos tornam-se espa\u00e7os de descoberta, lazer e consciencializa\u00e7\u00e3o ambiental. Neste sentido, os munic\u00edpios de Penamacor e Sabugal t\u00eam ao dispor dos amantes de natureza v\u00e1rias propostas de trilhos. <\/p>\n\n\n\n<p><\/p>\n\n\n<div class=\"wp-block-image\">\n<figure class=\"aligncenter size-full is-resized\"><img loading=\"lazy\" decoding=\"async\" width=\"700\" height=\"727\" src=\"https:\/\/maismagazine.pt\/wp-content\/uploads\/2025\/04\/identidadevisualmunicipiodepenamacor.png\" alt=\"\" class=\"wp-image-11769\" style=\"width:263px;height:auto\" srcset=\"http:\/\/maismagazine.pt\/wp-content\/uploads\/2025\/04\/identidadevisualmunicipiodepenamacor.png 700w, http:\/\/maismagazine.pt\/wp-content\/uploads\/2025\/04\/identidadevisualmunicipiodepenamacor-289x300.png 289w\" sizes=\"auto, (max-width: 700px) 100vw, 700px\" \/><\/figure><\/div>\n\n\n<p><\/p>\n\n\n\n<p><\/p>\n\n\n\n<p><\/p>\n\n\n\n<div class=\"wp-block-columns is-layout-flex wp-container-core-columns-is-layout-1 wp-block-columns-is-layout-flex\">\n<div class=\"wp-block-column is-layout-flow wp-block-column-is-layout-flow\" style=\"flex-basis:50%\">\n<p><strong><strong>PR5 \u2013 Sobreiral<\/strong><\/strong><\/p>\n\n\n\n<figure class=\"wp-block-image size-full\"><img loading=\"lazy\" decoding=\"async\" width=\"866\" height=\"577\" src=\"https:\/\/maismagazine.pt\/wp-content\/uploads\/2025\/04\/pr5_sobreiral-1.jpg\" alt=\"\" class=\"wp-image-11766\" srcset=\"http:\/\/maismagazine.pt\/wp-content\/uploads\/2025\/04\/pr5_sobreiral-1.jpg 866w, http:\/\/maismagazine.pt\/wp-content\/uploads\/2025\/04\/pr5_sobreiral-1-300x200.jpg 300w, http:\/\/maismagazine.pt\/wp-content\/uploads\/2025\/04\/pr5_sobreiral-1-768x512.jpg 768w, http:\/\/maismagazine.pt\/wp-content\/uploads\/2025\/04\/pr5_sobreiral-1-150x100.jpg 150w\" sizes=\"auto, (max-width: 866px) 100vw, 866px\" \/><\/figure>\n<\/div>\n\n\n\n<div class=\"wp-block-column is-layout-flow wp-block-column-is-layout-flow\" style=\"flex-basis:50%\">\n<p><\/p>\n\n\n\n<p><\/p>\n\n\n\n<p><\/p>\n\n\n\n<p><\/p>\n\n\n\n<p>O percurso do \u201cSobreiral\u201d tem in\u00edcio na Barragem da Meimoa e atravessa bosques de carvalhos e medronheiros no Monte do Sobreiral. Oferece vistas amplas sobre a albufeira e a Serra da Malcata, destacando a biodiversidade local e habitats de esp\u00e9cies end\u00e9micas. <\/p>\n<\/div>\n<\/div>\n\n\n\n<p><\/p>\n\n\n\n<p><strong>PR1 \u2013 Percurso Pedestre de Penamacor<\/strong><\/p>\n\n\n\n<p>Partindo do Museu Municipal, siga at\u00e9 ao Miradouro da Casa do Ramalho e explore a Mata Municipal e as Minas do Pal\u00e3o, um vest\u00edgio da explora\u00e7\u00e3o mineira. No regresso, passe pelas ruas hist\u00f3ricas da vila, com destaque para o Castelo de Penamacor, a Igreja de S\u00e3o Tiago e outros monumentos marcantes. <\/p>\n\n\n\n<p><\/p>\n\n\n\n<p><strong>PR2 \u2013 Moinhos do Bas\u00e1gueda<\/strong><\/p>\n\n\n\n<p>A pequena rota \u201cMoinhos do Baz\u00e1gueda\u201d percorre a margem do rio Baz\u00e1gueda, passando por antigos moinhos entre paisagens naturais da Serra da Malcata. O trilho valoriza o patrim\u00f3nio rural, salientando o papel hist\u00f3rico dos moinhos no desenvolvimento das comunidades agr\u00edcolas locais. <\/p>\n\n\n\n<p><\/p>\n\n\n\n<p><strong>PR3 \u2013 Moinho do Fundeiro<\/strong><\/p>\n\n\n\n<p>O \u201cMoinho do Fundeiro\u201d \u00e9 um percurso linear ao longo do rio Baz\u00e1gueda, que liga o Parque de Campismo do Freixial ao Moinho do Fundeiro. Valoriza os antigos moinhos como patrim\u00f3nio rural e testemunhos do desenvolvimento agr\u00edcola da regi\u00e3o. <\/p>\n\n\n\n<p><\/p>\n\n\n\n<p><strong>PR4 \u2013 Patada da Mula<\/strong><\/p>\n\n\n\n<p>A rota \u201cPatada da Mula\u201d passa por paisagens mediterr\u00e2nicas, vest\u00edgios arqueol\u00f3gicos como a gravura rupestre \u201cPatada da Mula\u201d e oferece vistas sobre a albufeira da Ribeira da Meimoa. Destaca a biodiversidade local, incluindo o habitat do lince-ib\u00e9rico e flora end\u00e9mica. <\/p>\n\n\n\n<p><\/p>\n\n\n\n<p><strong>PR6 &#8211; Crista Quartz\u00edtica de Salvador<\/strong><\/p>\n\n\n\n<p>A \u201cCrista Quartz\u00edtica de Salvador\u201d parte da aldeia de Salvador e atravessa um importante geoss\u00edtio do Geopark Naturtejo, com vest\u00edgios de trilobites e outros f\u00f3sseis marinhos. Oferece vistas panor\u00e2micas e passa por pontos hist\u00f3ricos como a Capela de Nossa Senhora de F\u00e1tima e antigas minas. <\/p>\n\n\n\n<p><\/p>\n\n\n\n<p><strong>PR10 \u2013 Serra de Opa<\/strong><\/p>\n\n\n\n<p>A \u201cSerra de Opa\u201d trata-se de um percurso circular que passa por vest\u00edgios hist\u00f3ricos, como o povoado fortificado de Sortelha-a-Velha, e destaca-se pelo seu interesse geomorfol\u00f3gico, com rochas gran\u00edticas e xistentas. Oferece uma vista panor\u00e2mica da regi\u00e3o e permite explorar a evolu\u00e7\u00e3o geol\u00f3gica da Meseta Ib\u00e9rica. <\/p>\n\n\n\n<p><\/p>\n\n\n\n<p><strong>PR11 &#8211; Geoformas Gran\u00edticas da Serrinha<\/strong><\/p>\n\n\n\n<p>A pequena rota \u201cGeoformas Gran\u00edticas da Serrinha\u201d \u00e9 um percurso circular na Aldeia de Jo\u00e3o Pires, que explora curiosas forma\u00e7\u00f5es geol\u00f3gicas, como pias e blocos gran\u00edticos com formas zoom\u00f3rficas. Destaca-se pelo seu potencial did\u00e1tico e tur\u00edstico, permitindo observar as caracter\u00edsticas geomorfol\u00f3gicas \u00fanicas da Serrinha. <\/p>\n\n\n\n<p><\/p>\n\n\n\n<p><strong>Grande Rota das Aldeias Hist\u00f3ricas<\/strong><\/p>\n\n\n\n<p>A Grande Rota das Aldeias Hist\u00f3ricas (GR22) \u00e9 um percurso pedestre de 565 km que liga 12 concelhos e 27 aldeias hist\u00f3ricas de Portugal. Em Penamacor, o trajeto passa por locais emblem\u00e1ticos como as Aldeias Hist\u00f3ricas de Monsanto e Sortelha, oferecendo aos visitantes a oportunidade de descobrir o patrim\u00f3nio cultural e natural da regi\u00e3o. <\/p>\n\n\n\n<p><\/p>\n\n\n\n<p><\/p>\n\n\n<div class=\"wp-block-image\">\n<figure class=\"aligncenter size-large is-resized\"><img loading=\"lazy\" decoding=\"async\" width=\"1024\" height=\"356\" src=\"https:\/\/maismagazine.pt\/wp-content\/uploads\/2025\/04\/LOGO_SABUGAL_Horizontal-1024x356.png\" alt=\"\" class=\"wp-image-11771\" style=\"width:377px;height:auto\" srcset=\"http:\/\/maismagazine.pt\/wp-content\/uploads\/2025\/04\/LOGO_SABUGAL_Horizontal-1024x356.png 1024w, http:\/\/maismagazine.pt\/wp-content\/uploads\/2025\/04\/LOGO_SABUGAL_Horizontal-300x104.png 300w, http:\/\/maismagazine.pt\/wp-content\/uploads\/2025\/04\/LOGO_SABUGAL_Horizontal-768x267.png 768w, http:\/\/maismagazine.pt\/wp-content\/uploads\/2025\/04\/LOGO_SABUGAL_Horizontal-1536x534.png 1536w, http:\/\/maismagazine.pt\/wp-content\/uploads\/2025\/04\/LOGO_SABUGAL_Horizontal-2048x712.png 2048w\" sizes=\"auto, (max-width: 1024px) 100vw, 1024px\" \/><\/figure><\/div>\n\n\n<div class=\"wp-block-columns is-layout-flex wp-container-core-columns-is-layout-2 wp-block-columns-is-layout-flex\">\n<div class=\"wp-block-column is-layout-flow wp-block-column-is-layout-flow\" style=\"flex-basis:50%\">\n<p><strong>PR1 \u2013 Meandros do C\u00f4a<\/strong><\/p>\n\n\n\n<figure class=\"wp-block-image size-full\"><img loading=\"lazy\" decoding=\"async\" width=\"916\" height=\"610\" src=\"https:\/\/maismagazine.pt\/wp-content\/uploads\/2025\/04\/FOTOS_SABUGAL6.jpg\" alt=\"\" class=\"wp-image-11773\" srcset=\"http:\/\/maismagazine.pt\/wp-content\/uploads\/2025\/04\/FOTOS_SABUGAL6.jpg 916w, http:\/\/maismagazine.pt\/wp-content\/uploads\/2025\/04\/FOTOS_SABUGAL6-300x200.jpg 300w, http:\/\/maismagazine.pt\/wp-content\/uploads\/2025\/04\/FOTOS_SABUGAL6-768x511.jpg 768w, http:\/\/maismagazine.pt\/wp-content\/uploads\/2025\/04\/FOTOS_SABUGAL6-150x100.jpg 150w\" sizes=\"auto, (max-width: 916px) 100vw, 916px\" \/><\/figure>\n<\/div>\n\n\n\n<div class=\"wp-block-column is-layout-flow wp-block-column-is-layout-flow\" style=\"flex-basis:50%\">\n<p><\/p>\n\n\n\n<p><\/p>\n\n\n\n<p>A rota \u201cMeandros do C\u00f4a\u201d aproxima o visitante do rio, com uma natureza exuberante e bem preservada, onde o rio serpenteia as colinas de xisto e gran\u00edtico. A fauna e flora s\u00e3o ricas, com uma densa galeria rip\u00edcola e matas de carvalho e castanheiro, al\u00e9m de diversas aves e lontras. O percurso \u00e9 marcado por tradicionais constru\u00e7\u00f5es em pedra, como a\u00e7udes e moinhos, e a hist\u00f3ria do Sabugal pode ser explorada no castelo e no museu arqueol\u00f3gico. <\/p>\n<\/div>\n<\/div>\n\n\n\n<p><\/p>\n\n\n\n<p><\/p>\n\n\n\n<p><strong>PR2 \u2013 Vale do Cesar\u00e3o<\/strong><\/p>\n\n\n\n<p>Este percurso revela o rico patrim\u00f3nio hist\u00f3rico e arqueol\u00f3gico de Vilar Maior e do vale do Cesar\u00e3o, com destaque para o castelo, as ru\u00ednas da igreja de Santa Maria, o pelourinho e a ponte, todos classificados como im\u00f3veis de interesse p\u00fablico. Ao longo do trajeto, encontram-se vest\u00edgios arqueol\u00f3gicos medievais, como cal\u00e7adas e sepulturas, al\u00e9m de elementos arquitet\u00f3nicos tradicionais nas aldeias vizinhas. A fauna e flora s\u00e3o ricas, com destaque para aves como o abelharuco e a \u00e1guia cal\u00e7ada. <\/p>\n\n\n\n<p><\/p>\n\n\n\n<p><strong>PR3 \u2013 Nascente do C\u00f4a<\/strong><\/p>\n\n\n\n<p>Esta pequena rota come\u00e7a na aldeia dos F\u00f3ios, passando perto do cume da Serra das Mesas (1256 m), e inclui uma Esta\u00e7\u00e3o da Biodiversidade que destaca a fauna e flora locais. O percurso de 1 km revela curiosas formas de eros\u00e3o gran\u00edtica e a conflu\u00eancia de quatro regi\u00f5es, com destaque para os soutos de castanheiros seculares. <\/p>\n\n\n\n<p><\/p>\n\n\n\n<p><strong>PR4 \u2013 Vilares<\/strong><\/p>\n\n\n\n<p>Com in\u00edcio na Avenida de S\u00e3o Crist\u00f3v\u00e3o, Soito, esta rota atravessa campos agr\u00edcolas e passa pela Ribeira de Alfaiates e pela albufeira de Alfaiates, observando a avifauna local. O percurso termina em Alfaiates, visitando a Igreja da Miseric\u00f3rdia, o Pelourinho e o Castelo. <\/p>\n\n\n\n<p><\/p>\n\n\n\n<p><strong>PR5 \u2013 Penha do Lobo<\/strong><\/p>\n\n\n\n<p>Explore a aldeia de Penalobo e a sua \u00e1rea circundante, com vistas panor\u00e2micas sobre a Serra da Estrela, destacando-se a morfologia gran\u00edtica, incluindo as \u201cpenhas\u201d e fendas rochosas. Passa tamb\u00e9m por um antigo povoado fortificado, a Serra das Vinhas, e uma gruta, a Lapa do Urso, com vest\u00edgios arqueol\u00f3gicos. <\/p>\n\n\n\n<p><\/p>\n\n\n\n<p><strong>PR6 \u2013 Rota dos Casteleiros<\/strong><\/p>\n\n\n\n<p>Fique a conhecer as aldeias hist\u00f3ricas de Sortelha e Penalobo, destacando-se a antiga cal\u00e7ada medieval que liga Sortelha a Casteleiro e a paisagem com olivais centen\u00e1rios. Sortelha, famosa por ser uma das \u201cAldeias Hist\u00f3ricas\u201d, \u00e9 o principal ponto de interesse do percurso. <\/p>\n\n\n\n<p><\/p>\n\n\n\n<p><strong>PR7 \u2013 Caminho Hist\u00f3rico de Sortelha<\/strong><\/p>\n\n\n\n<p>O percurso atravessa a aldeia de Sorte-lha, descendo pela cal\u00e7ada medieval at\u00e9 uma antiga mina, passando por ribeiras e caminhos ancestrais. Destaca-se o n\u00facleo medieval de Sortelha, com o seu vasto patrim\u00f3nio arquitet\u00f3nico e arqueol\u00f3gico, e paisagens deslumbrantes ao longo do caminho. <\/p>\n\n\n\n<p><\/p>\n\n\n\n<p><strong>PR8 \u2013 Termas do Cr\u00f3<\/strong><\/p>\n\n\n\n<p>Iniciado no Balne\u00e1rio Termal do Cr\u00f3, o percurso explora a rela\u00e7\u00e3o entre a \u00e1gua, a atividade humana e a biodiversidade ao longo do rio C\u00f4a, destacando a\u00e7udes, moinhos e levadas. Com vistas deslumbrantes e diferentes ambientes, oferece uma experi\u00eancia \u00fanica de simbiose com a natureza e o patrim\u00f3nio local. <\/p>\n\n\n\n<p><\/p>\n\n\n\n<p><strong>PR9 &#8211; Rota da Moira Encantada<\/strong><\/p>\n\n\n\n<p>Atravessa a aldeia e passa por \u00e1reas rurais e florestais, incluindo um abrigo de pastores e campos pastoreados por gado. Segue por trilhos florestais, passando pela Grande Rota do Vale do C\u00f4a (GR45), explorando a lenda da Moura Encantada, antigas minas e locais hist\u00f3ricos como a Fonte da Cal e o Talefe, at\u00e9 retornar ao Bara\u00e7al. <\/p>\n\n\n\n<p><\/p>\n\n\n\n<p><strong>PR10 &#8211; Rota do Carrascal<\/strong><\/p>\n\n\n\n<p>A Rota do Carrascal \u00e9 marcada pela paisagem tel\u00farica, com muros de pedra, afloramentos rochosos e searas que abra\u00e7am a aldeia de Rebolosa, destacando o patrim\u00f3nio natural e cultural. A caminhada revela tamb\u00e9m tradi\u00e7\u00f5es locais, como a Capeia Arraiana, e a identidade da comunidade, ligada \u00e0 terra e \u00e0s suas origens.  <\/p>\n\n\n\n<p><\/p>\n\n\n\n<p><strong>C\u00d4A \u2013 O Caminho das Pedras d\u2019\u00c1gua<\/strong><\/p>\n\n\n\n<p>Promovido pelo Munic\u00edpio do Sabugal, o projeto \u201cC\u00d4A \u2013 O Caminho das Pedras d\u2019\u00c1gua\u201d visa criar um percurso pedestre ao longo do rio C\u00f4a, com foco na preserva\u00e7\u00e3o dos seus a\u00e7udes e valoriza\u00e7\u00e3o do territ\u00f3rio. A primeira fase envolveu a defini\u00e7\u00e3o de um tra\u00e7ado de 60 km, abrangendo F\u00f3ios e Badamalos, enquanto a segunda fase escolheu um tro\u00e7o-piloto em Quadrazais para identificar e interpretar pontos de interesse. O projeto tem como objetivo final promover a natureza, hist\u00f3ria e ruralidade da regi\u00e3o, ampliando o percurso ao longo do rio C\u00f4a. <\/p>\n","protected":false},"excerpt":{"rendered":"<p>Penamacor e Sabugal t\u00eam unido for\u00e7as para proteger e valorizar a Reserva Natural da Serra da Malcata. Apostando numa gest\u00e3o partilhada e sustent\u00e1vel, os dois munic\u00edpios mostram como \u00e9 poss\u00edvel conservar a natureza e, ao mesmo tempo, criar oportunidades para quem a quer descobrir \u2014 seja pelas esta\u00e7\u00f5es n\u00e1uticas, seja&hellip;<\/p>\n","protected":false},"author":17,"featured_media":11778,"comment_status":"closed","ping_status":"open","sticky":false,"template":"","format":"standard","meta":{"advgb_blocks_editor_width":"","advgb_blocks_columns_visual_guide":"","_monsterinsights_skip_tracking":false,"_monsterinsights_sitenote_active":false,"_monsterinsights_sitenote_note":"","_monsterinsights_sitenote_category":0,"footnotes":""},"categories":[78,50],"tags":[2303,2305],"class_list":["post-11756","post","type-post","status-publish","format-standard","has-post-thumbnail","hentry","category-ambiente-e-sustentabilidade","category-destaques","tag-cm-penamacor","tag-cm-sabugal"],"yoast_head":"<!-- This site is optimized with the Yoast SEO plugin v24.4 - https:\/\/yoast.com\/wordpress\/plugins\/seo\/ -->\n<title>Penamacor e Sabugal: De m\u00e3os dadas pela prote\u00e7\u00e3o da natureza - Mais Magazine<\/title>\n<meta name=\"description\" content=\"Penamacor e Sabugal t\u00eam unido for\u00e7as para proteger e valorizar a Reserva Natural da Serra da Malcata. Apostando numa gest\u00e3o partilhada e sustent\u00e1vel, os dois munic\u00edpios mostram como \u00e9 poss\u00edvel conservar a natureza e, ao mesmo tempo, criar oportunidades para quem a quer descobrir \u2014 seja pelas esta\u00e7\u00f5es n\u00e1uticas, seja pelos percursos pedestres que cruzam este territ\u00f3rio singular.\" \/>\n<meta name=\"robots\" content=\"index, follow, max-snippet:-1, max-image-preview:large, max-video-preview:-1\" \/>\n<link rel=\"canonical\" href=\"http:\/\/maismagazine.pt\/index.php\/2025\/04\/25\/penamacor-e-sabugal-de-maos-dadas-pela-protecao-da-natureza\/\" \/>\n<meta property=\"og:locale\" content=\"pt_PT\" \/>\n<meta property=\"og:type\" content=\"article\" \/>\n<meta property=\"og:title\" content=\"Penamacor e Sabugal: De m\u00e3os dadas pela prote\u00e7\u00e3o da natureza - Mais Magazine\" \/>\n<meta property=\"og:description\" content=\"Penamacor e Sabugal t\u00eam unido for\u00e7as para proteger e valorizar a Reserva Natural da Serra da Malcata. Apostando numa gest\u00e3o partilhada e sustent\u00e1vel, os dois munic\u00edpios mostram como \u00e9 poss\u00edvel conservar a natureza e, ao mesmo tempo, criar oportunidades para quem a quer descobrir \u2014 seja pelas esta\u00e7\u00f5es n\u00e1uticas, seja pelos percursos pedestres que cruzam este territ\u00f3rio singular.\" \/>\n<meta property=\"og:url\" content=\"http:\/\/maismagazine.pt\/index.php\/2025\/04\/25\/penamacor-e-sabugal-de-maos-dadas-pela-protecao-da-natureza\/\" \/>\n<meta property=\"og:site_name\" content=\"Mais Magazine\" \/>\n<meta property=\"article:published_time\" content=\"2025-04-25T06:00:00+00:00\" \/>\n<meta property=\"og:image\" content=\"http:\/\/maismagazine.pt\/wp-content\/uploads\/2025\/04\/reserva_natural_da_serra_da_malcata.jpg\" \/>\n\t<meta property=\"og:image:width\" content=\"808\" \/>\n\t<meta property=\"og:image:height\" content=\"538\" \/>\n\t<meta property=\"og:image:type\" content=\"image\/jpeg\" \/>\n<meta name=\"author\" content=\"Tiago Costa\" \/>\n<meta name=\"twitter:card\" content=\"summary_large_image\" \/>\n<meta name=\"twitter:label1\" content=\"Escrito por\" \/>\n\t<meta name=\"twitter:data1\" content=\"\" \/>\n\t<meta name=\"twitter:label2\" content=\"Tempo estimado de leitura\" \/>\n\t<meta name=\"twitter:data2\" content=\"14 minutos\" \/>\n<script type=\"application\/ld+json\" class=\"yoast-schema-graph\">{\"@context\":\"https:\/\/schema.org\",\"@graph\":[{\"@type\":\"Article\",\"@id\":\"http:\/\/maismagazine.pt\/index.php\/2025\/04\/25\/penamacor-e-sabugal-de-maos-dadas-pela-protecao-da-natureza\/#article\",\"isPartOf\":{\"@id\":\"http:\/\/maismagazine.pt\/index.php\/2025\/04\/25\/penamacor-e-sabugal-de-maos-dadas-pela-protecao-da-natureza\/\"},\"author\":{\"name\":\"Tiago Costa\",\"@id\":\"http:\/\/maismagazine.pt\/#\/schema\/person\/c6c5bfccc886434cbd11c74e035f9646\"},\"headline\":\"Penamacor e Sabugal: De m\u00e3os dadas pela prote\u00e7\u00e3o da natureza\",\"datePublished\":\"2025-04-25T06:00:00+00:00\",\"mainEntityOfPage\":{\"@id\":\"http:\/\/maismagazine.pt\/index.php\/2025\/04\/25\/penamacor-e-sabugal-de-maos-dadas-pela-protecao-da-natureza\/\"},\"wordCount\":2351,\"publisher\":{\"@id\":\"http:\/\/maismagazine.pt\/#organization\"},\"image\":{\"@id\":\"http:\/\/maismagazine.pt\/index.php\/2025\/04\/25\/penamacor-e-sabugal-de-maos-dadas-pela-protecao-da-natureza\/#primaryimage\"},\"thumbnailUrl\":\"http:\/\/maismagazine.pt\/wp-content\/uploads\/2025\/04\/reserva_natural_da_serra_da_malcata.jpg\",\"keywords\":[\"CM Penamacor\",\"CM Sabugal\"],\"articleSection\":[\"Ambiente e Sustentabilidade\",\"Destaques\"],\"inLanguage\":\"pt-PT\"},{\"@type\":\"WebPage\",\"@id\":\"http:\/\/maismagazine.pt\/index.php\/2025\/04\/25\/penamacor-e-sabugal-de-maos-dadas-pela-protecao-da-natureza\/\",\"url\":\"http:\/\/maismagazine.pt\/index.php\/2025\/04\/25\/penamacor-e-sabugal-de-maos-dadas-pela-protecao-da-natureza\/\",\"name\":\"Penamacor e Sabugal: De m\u00e3os dadas pela prote\u00e7\u00e3o da natureza - Mais Magazine\",\"isPartOf\":{\"@id\":\"http:\/\/maismagazine.pt\/#website\"},\"primaryImageOfPage\":{\"@id\":\"http:\/\/maismagazine.pt\/index.php\/2025\/04\/25\/penamacor-e-sabugal-de-maos-dadas-pela-protecao-da-natureza\/#primaryimage\"},\"image\":{\"@id\":\"http:\/\/maismagazine.pt\/index.php\/2025\/04\/25\/penamacor-e-sabugal-de-maos-dadas-pela-protecao-da-natureza\/#primaryimage\"},\"thumbnailUrl\":\"http:\/\/maismagazine.pt\/wp-content\/uploads\/2025\/04\/reserva_natural_da_serra_da_malcata.jpg\",\"datePublished\":\"2025-04-25T06:00:00+00:00\",\"description\":\"Penamacor e Sabugal t\u00eam unido for\u00e7as para proteger e valorizar a Reserva Natural da Serra da Malcata. Apostando numa gest\u00e3o partilhada e sustent\u00e1vel, os dois munic\u00edpios mostram como \u00e9 poss\u00edvel conservar a natureza e, ao mesmo tempo, criar oportunidades para quem a quer descobrir \u2014 seja pelas esta\u00e7\u00f5es n\u00e1uticas, seja pelos percursos pedestres que cruzam este territ\u00f3rio singular.\",\"breadcrumb\":{\"@id\":\"http:\/\/maismagazine.pt\/index.php\/2025\/04\/25\/penamacor-e-sabugal-de-maos-dadas-pela-protecao-da-natureza\/#breadcrumb\"},\"inLanguage\":\"pt-PT\",\"potentialAction\":[{\"@type\":\"ReadAction\",\"target\":[\"http:\/\/maismagazine.pt\/index.php\/2025\/04\/25\/penamacor-e-sabugal-de-maos-dadas-pela-protecao-da-natureza\/\"]}]},{\"@type\":\"ImageObject\",\"inLanguage\":\"pt-PT\",\"@id\":\"http:\/\/maismagazine.pt\/index.php\/2025\/04\/25\/penamacor-e-sabugal-de-maos-dadas-pela-protecao-da-natureza\/#primaryimage\",\"url\":\"http:\/\/maismagazine.pt\/wp-content\/uploads\/2025\/04\/reserva_natural_da_serra_da_malcata.jpg\",\"contentUrl\":\"http:\/\/maismagazine.pt\/wp-content\/uploads\/2025\/04\/reserva_natural_da_serra_da_malcata.jpg\",\"width\":808,\"height\":538,\"caption\":\"Malcata, Jarr\u00f5es\"},{\"@type\":\"BreadcrumbList\",\"@id\":\"http:\/\/maismagazine.pt\/index.php\/2025\/04\/25\/penamacor-e-sabugal-de-maos-dadas-pela-protecao-da-natureza\/#breadcrumb\",\"itemListElement\":[{\"@type\":\"ListItem\",\"position\":1,\"name\":\"Home\",\"item\":\"http:\/\/maismagazine.pt\/\"},{\"@type\":\"ListItem\",\"position\":2,\"name\":\"Penamacor e Sabugal: De m\u00e3os dadas pela prote\u00e7\u00e3o da natureza\"}]},{\"@type\":\"WebSite\",\"@id\":\"http:\/\/maismagazine.pt\/#website\",\"url\":\"http:\/\/maismagazine.pt\/\",\"name\":\"Mais Magazine\",\"description\":\"\",\"publisher\":{\"@id\":\"http:\/\/maismagazine.pt\/#organization\"},\"potentialAction\":[{\"@type\":\"SearchAction\",\"target\":{\"@type\":\"EntryPoint\",\"urlTemplate\":\"http:\/\/maismagazine.pt\/?s={search_term_string}\"},\"query-input\":{\"@type\":\"PropertyValueSpecification\",\"valueRequired\":true,\"valueName\":\"search_term_string\"}}],\"inLanguage\":\"pt-PT\"},{\"@type\":\"Organization\",\"@id\":\"http:\/\/maismagazine.pt\/#organization\",\"name\":\"Mais Magazine\",\"url\":\"http:\/\/maismagazine.pt\/\",\"logo\":{\"@type\":\"ImageObject\",\"inLanguage\":\"pt-PT\",\"@id\":\"http:\/\/maismagazine.pt\/#\/schema\/logo\/image\/\",\"url\":\"http:\/\/maismagazine.pt\/wp-content\/uploads\/2020\/04\/cropped-cropped-mais-magazine-site-logo-2.png\",\"contentUrl\":\"http:\/\/maismagazine.pt\/wp-content\/uploads\/2020\/04\/cropped-cropped-mais-magazine-site-logo-2.png\",\"width\":581,\"height\":90,\"caption\":\"Mais Magazine\"},\"image\":{\"@id\":\"http:\/\/maismagazine.pt\/#\/schema\/logo\/image\/\"}},{\"@type\":\"Person\",\"@id\":\"http:\/\/maismagazine.pt\/#\/schema\/person\/c6c5bfccc886434cbd11c74e035f9646\",\"name\":\"Tiago Costa\",\"image\":{\"@type\":\"ImageObject\",\"inLanguage\":\"pt-PT\",\"@id\":\"http:\/\/maismagazine.pt\/#\/schema\/person\/image\/\",\"url\":\"https:\/\/secure.gravatar.com\/avatar\/c599b2bce16c9870429198cbad5ee022?s=96&d=mm&r=g\",\"contentUrl\":\"https:\/\/secure.gravatar.com\/avatar\/c599b2bce16c9870429198cbad5ee022?s=96&d=mm&r=g\",\"caption\":\"Tiago Costa\"},\"url\":\"http:\/\/maismagazine.pt\/index.php\/author\/tiago\/\"}]}<\/script>\n<!-- \/ Yoast SEO plugin. -->","yoast_head_json":{"title":"Penamacor e Sabugal: De m\u00e3os dadas pela prote\u00e7\u00e3o da natureza - Mais Magazine","description":"Penamacor e Sabugal t\u00eam unido for\u00e7as para proteger e valorizar a Reserva Natural da Serra da Malcata. Apostando numa gest\u00e3o partilhada e sustent\u00e1vel, os dois munic\u00edpios mostram como \u00e9 poss\u00edvel conservar a natureza e, ao mesmo tempo, criar oportunidades para quem a quer descobrir \u2014 seja pelas esta\u00e7\u00f5es n\u00e1uticas, seja pelos percursos pedestres que cruzam este territ\u00f3rio singular.","robots":{"index":"index","follow":"follow","max-snippet":"max-snippet:-1","max-image-preview":"max-image-preview:large","max-video-preview":"max-video-preview:-1"},"canonical":"http:\/\/maismagazine.pt\/index.php\/2025\/04\/25\/penamacor-e-sabugal-de-maos-dadas-pela-protecao-da-natureza\/","og_locale":"pt_PT","og_type":"article","og_title":"Penamacor e Sabugal: De m\u00e3os dadas pela prote\u00e7\u00e3o da natureza - Mais Magazine","og_description":"Penamacor e Sabugal t\u00eam unido for\u00e7as para proteger e valorizar a Reserva Natural da Serra da Malcata. Apostando numa gest\u00e3o partilhada e sustent\u00e1vel, os dois munic\u00edpios mostram como \u00e9 poss\u00edvel conservar a natureza e, ao mesmo tempo, criar oportunidades para quem a quer descobrir \u2014 seja pelas esta\u00e7\u00f5es n\u00e1uticas, seja pelos percursos pedestres que cruzam este territ\u00f3rio singular.","og_url":"http:\/\/maismagazine.pt\/index.php\/2025\/04\/25\/penamacor-e-sabugal-de-maos-dadas-pela-protecao-da-natureza\/","og_site_name":"Mais Magazine","article_published_time":"2025-04-25T06:00:00+00:00","og_image":[{"width":808,"height":538,"url":"http:\/\/maismagazine.pt\/wp-content\/uploads\/2025\/04\/reserva_natural_da_serra_da_malcata.jpg","type":"image\/jpeg"}],"author":"Tiago Costa","twitter_card":"summary_large_image","twitter_misc":{"Escrito por":false,"Tempo estimado de leitura":"14 minutos"},"schema":{"@context":"https:\/\/schema.org","@graph":[{"@type":"Article","@id":"http:\/\/maismagazine.pt\/index.php\/2025\/04\/25\/penamacor-e-sabugal-de-maos-dadas-pela-protecao-da-natureza\/#article","isPartOf":{"@id":"http:\/\/maismagazine.pt\/index.php\/2025\/04\/25\/penamacor-e-sabugal-de-maos-dadas-pela-protecao-da-natureza\/"},"author":{"name":"Tiago Costa","@id":"http:\/\/maismagazine.pt\/#\/schema\/person\/c6c5bfccc886434cbd11c74e035f9646"},"headline":"Penamacor e Sabugal: De m\u00e3os dadas pela prote\u00e7\u00e3o da natureza","datePublished":"2025-04-25T06:00:00+00:00","mainEntityOfPage":{"@id":"http:\/\/maismagazine.pt\/index.php\/2025\/04\/25\/penamacor-e-sabugal-de-maos-dadas-pela-protecao-da-natureza\/"},"wordCount":2351,"publisher":{"@id":"http:\/\/maismagazine.pt\/#organization"},"image":{"@id":"http:\/\/maismagazine.pt\/index.php\/2025\/04\/25\/penamacor-e-sabugal-de-maos-dadas-pela-protecao-da-natureza\/#primaryimage"},"thumbnailUrl":"http:\/\/maismagazine.pt\/wp-content\/uploads\/2025\/04\/reserva_natural_da_serra_da_malcata.jpg","keywords":["CM Penamacor","CM Sabugal"],"articleSection":["Ambiente e Sustentabilidade","Destaques"],"inLanguage":"pt-PT"},{"@type":"WebPage","@id":"http:\/\/maismagazine.pt\/index.php\/2025\/04\/25\/penamacor-e-sabugal-de-maos-dadas-pela-protecao-da-natureza\/","url":"http:\/\/maismagazine.pt\/index.php\/2025\/04\/25\/penamacor-e-sabugal-de-maos-dadas-pela-protecao-da-natureza\/","name":"Penamacor e Sabugal: De m\u00e3os dadas pela prote\u00e7\u00e3o da natureza - Mais Magazine","isPartOf":{"@id":"http:\/\/maismagazine.pt\/#website"},"primaryImageOfPage":{"@id":"http:\/\/maismagazine.pt\/index.php\/2025\/04\/25\/penamacor-e-sabugal-de-maos-dadas-pela-protecao-da-natureza\/#primaryimage"},"image":{"@id":"http:\/\/maismagazine.pt\/index.php\/2025\/04\/25\/penamacor-e-sabugal-de-maos-dadas-pela-protecao-da-natureza\/#primaryimage"},"thumbnailUrl":"http:\/\/maismagazine.pt\/wp-content\/uploads\/2025\/04\/reserva_natural_da_serra_da_malcata.jpg","datePublished":"2025-04-25T06:00:00+00:00","description":"Penamacor e Sabugal t\u00eam unido for\u00e7as para proteger e valorizar a Reserva Natural da Serra da Malcata. Apostando numa gest\u00e3o partilhada e sustent\u00e1vel, os dois munic\u00edpios mostram como \u00e9 poss\u00edvel conservar a natureza e, ao mesmo tempo, criar oportunidades para quem a quer descobrir \u2014 seja pelas esta\u00e7\u00f5es n\u00e1uticas, seja pelos percursos pedestres que cruzam este territ\u00f3rio singular.","breadcrumb":{"@id":"http:\/\/maismagazine.pt\/index.php\/2025\/04\/25\/penamacor-e-sabugal-de-maos-dadas-pela-protecao-da-natureza\/#breadcrumb"},"inLanguage":"pt-PT","potentialAction":[{"@type":"ReadAction","target":["http:\/\/maismagazine.pt\/index.php\/2025\/04\/25\/penamacor-e-sabugal-de-maos-dadas-pela-protecao-da-natureza\/"]}]},{"@type":"ImageObject","inLanguage":"pt-PT","@id":"http:\/\/maismagazine.pt\/index.php\/2025\/04\/25\/penamacor-e-sabugal-de-maos-dadas-pela-protecao-da-natureza\/#primaryimage","url":"http:\/\/maismagazine.pt\/wp-content\/uploads\/2025\/04\/reserva_natural_da_serra_da_malcata.jpg","contentUrl":"http:\/\/maismagazine.pt\/wp-content\/uploads\/2025\/04\/reserva_natural_da_serra_da_malcata.jpg","width":808,"height":538,"caption":"Malcata, Jarr\u00f5es"},{"@type":"BreadcrumbList","@id":"http:\/\/maismagazine.pt\/index.php\/2025\/04\/25\/penamacor-e-sabugal-de-maos-dadas-pela-protecao-da-natureza\/#breadcrumb","itemListElement":[{"@type":"ListItem","position":1,"name":"Home","item":"http:\/\/maismagazine.pt\/"},{"@type":"ListItem","position":2,"name":"Penamacor e Sabugal: De m\u00e3os dadas pela prote\u00e7\u00e3o da natureza"}]},{"@type":"WebSite","@id":"http:\/\/maismagazine.pt\/#website","url":"http:\/\/maismagazine.pt\/","name":"Mais Magazine","description":"","publisher":{"@id":"http:\/\/maismagazine.pt\/#organization"},"potentialAction":[{"@type":"SearchAction","target":{"@type":"EntryPoint","urlTemplate":"http:\/\/maismagazine.pt\/?s={search_term_string}"},"query-input":{"@type":"PropertyValueSpecification","valueRequired":true,"valueName":"search_term_string"}}],"inLanguage":"pt-PT"},{"@type":"Organization","@id":"http:\/\/maismagazine.pt\/#organization","name":"Mais Magazine","url":"http:\/\/maismagazine.pt\/","logo":{"@type":"ImageObject","inLanguage":"pt-PT","@id":"http:\/\/maismagazine.pt\/#\/schema\/logo\/image\/","url":"http:\/\/maismagazine.pt\/wp-content\/uploads\/2020\/04\/cropped-cropped-mais-magazine-site-logo-2.png","contentUrl":"http:\/\/maismagazine.pt\/wp-content\/uploads\/2020\/04\/cropped-cropped-mais-magazine-site-logo-2.png","width":581,"height":90,"caption":"Mais Magazine"},"image":{"@id":"http:\/\/maismagazine.pt\/#\/schema\/logo\/image\/"}},{"@type":"Person","@id":"http:\/\/maismagazine.pt\/#\/schema\/person\/c6c5bfccc886434cbd11c74e035f9646","name":"Tiago Costa","image":{"@type":"ImageObject","inLanguage":"pt-PT","@id":"http:\/\/maismagazine.pt\/#\/schema\/person\/image\/","url":"https:\/\/secure.gravatar.com\/avatar\/c599b2bce16c9870429198cbad5ee022?s=96&d=mm&r=g","contentUrl":"https:\/\/secure.gravatar.com\/avatar\/c599b2bce16c9870429198cbad5ee022?s=96&d=mm&r=g","caption":"Tiago Costa"},"url":"http:\/\/maismagazine.pt\/index.php\/author\/tiago\/"}]}},"author_meta":{"display_name":false,"author_link":"http:\/\/maismagazine.pt\/index.php\/author\/tiago\/"},"featured_img":"http:\/\/maismagazine.pt\/wp-content\/uploads\/2025\/04\/reserva_natural_da_serra_da_malcata-300x200.jpg","coauthors":[],"tax_additional":{"categories":{"linked":["<a href=\"http:\/\/maismagazine.pt\/index.php\/category\/empreendedorismo\/ambiente-e-sustentabilidade\/\" class=\"advgb-post-tax-term\">Ambiente e Sustentabilidade<\/a>","<a href=\"http:\/\/maismagazine.pt\/index.php\/category\/destaques\/\" class=\"advgb-post-tax-term\">Destaques<\/a>"],"unlinked":["<span class=\"advgb-post-tax-term\">Ambiente e Sustentabilidade<\/span>","<span class=\"advgb-post-tax-term\">Destaques<\/span>"]},"tags":{"linked":["<a href=\"http:\/\/maismagazine.pt\/index.php\/category\/destaques\/\" class=\"advgb-post-tax-term\">CM Penamacor<\/a>","<a href=\"http:\/\/maismagazine.pt\/index.php\/category\/destaques\/\" class=\"advgb-post-tax-term\">CM Sabugal<\/a>"],"unlinked":["<span class=\"advgb-post-tax-term\">CM Penamacor<\/span>","<span class=\"advgb-post-tax-term\">CM Sabugal<\/span>"]}},"comment_count":"0","relative_dates":{"created":"Posted 1 ano ago","modified":"Updated 1 ano ago"},"absolute_dates":{"created":"Posted on 25 de Abril, 2025","modified":"Updated on 22 de Abril, 2025"},"absolute_dates_time":{"created":"Posted on 25 de Abril, 2025 7:00","modified":"Updated on 22 de Abril, 2025 16:37"},"featured_img_caption":"Malcata, Jarr\u00f5es","series_order":"","_links":{"self":[{"href":"http:\/\/maismagazine.pt\/index.php\/wp-json\/wp\/v2\/posts\/11756","targetHints":{"allow":["GET"]}}],"collection":[{"href":"http:\/\/maismagazine.pt\/index.php\/wp-json\/wp\/v2\/posts"}],"about":[{"href":"http:\/\/maismagazine.pt\/index.php\/wp-json\/wp\/v2\/types\/post"}],"author":[{"embeddable":true,"href":"http:\/\/maismagazine.pt\/index.php\/wp-json\/wp\/v2\/users\/17"}],"replies":[{"embeddable":true,"href":"http:\/\/maismagazine.pt\/index.php\/wp-json\/wp\/v2\/comments?post=11756"}],"version-history":[{"count":2,"href":"http:\/\/maismagazine.pt\/index.php\/wp-json\/wp\/v2\/posts\/11756\/revisions"}],"predecessor-version":[{"id":11780,"href":"http:\/\/maismagazine.pt\/index.php\/wp-json\/wp\/v2\/posts\/11756\/revisions\/11780"}],"wp:featuredmedia":[{"embeddable":true,"href":"http:\/\/maismagazine.pt\/index.php\/wp-json\/wp\/v2\/media\/11778"}],"wp:attachment":[{"href":"http:\/\/maismagazine.pt\/index.php\/wp-json\/wp\/v2\/media?parent=11756"}],"wp:term":[{"taxonomy":"category","embeddable":true,"href":"http:\/\/maismagazine.pt\/index.php\/wp-json\/wp\/v2\/categories?post=11756"},{"taxonomy":"post_tag","embeddable":true,"href":"http:\/\/maismagazine.pt\/index.php\/wp-json\/wp\/v2\/tags?post=11756"}],"curies":[{"name":"wp","href":"https:\/\/api.w.org\/{rel}","templated":true}]}}