{"id":11727,"date":"2025-04-25T07:00:00","date_gmt":"2025-04-25T06:00:00","guid":{"rendered":"https:\/\/maismagazine.pt\/?p=11727"},"modified":"2025-04-22T15:48:57","modified_gmt":"2025-04-22T14:48:57","slug":"um-parceiro-de-confianca","status":"publish","type":"post","link":"http:\/\/maismagazine.pt\/index.php\/2025\/04\/25\/um-parceiro-de-confianca\/","title":{"rendered":"Um parceiro de confian\u00e7a"},"content":{"rendered":"\n<p><strong>Em entrevista \u00e0 Mais Magazine, T\u00e2nia Castro, Diretora-Geral da <a href=\"https:\/\/tpmc.pt\/\">TPMc International Management Solutions<\/a>, explica que um dos principais fatores por detr\u00e1s do sucesso da empresa \u00e9 o facto de a Madeira se afirmar cada vez mais como um destino atrativo para o investimento estrangeiro.<\/strong><\/p>\n\n\n\n<p><\/p>\n\n\n\n<p><strong>Para iniciar esta entrevista, poderia contar-nos a hist\u00f3ria por tr\u00e1s da funda\u00e7\u00e3o da TPMc e qual \u00e9 a sua principal miss\u00e3o?<\/strong><\/p>\n\n\n\n<p>A TPMc nasceu de uma necessidade de mercado. J\u00e1 na altura, haviam v\u00e1rios investidores que residiam no estrangeiro a querer fazer investimento na ilha, desde o imobili\u00e1rio passando pelo com\u00e9rcio local. Nessa altura, nascia tamb\u00e9m o Centro Internacional de Neg\u00f3cios e a possibilidade de crescer internacionalmente era j\u00e1 uma certeza dentro e fora do pa\u00eds. <\/p>\n\n\n\n<p>Ao longo dos anos, fomos construindo e expandindo a nossa rede de contactos internacional e, neste momento, conseguimos trabalhar com quase todas as jurisdi\u00e7\u00f5es compat\u00edveis com a legisla\u00e7\u00e3o nacional.<\/p>\n\n\n\n<p>A nossa filosofia e core-business assentam no acompanhamento pessoal e individual a cada cliente. Desde todos os atos legais necess\u00e1rios para constituir uma sociedade at\u00e9 \u00e0 assist\u00eancia di\u00e1ria na fatura\u00e7\u00e3o, contabilidade, administrativo, entre outros. <\/p>\n\n\n\n<p>H\u00e1 alguns anos a esta parte, cri\u00e1mos tamb\u00e9m departamentos pr\u00f3prios para gerir as necessidades de clientes individuais que necessitem de assist\u00eancia na \u00e1rea do IRS, Residente N\u00e3o Habitual, aquisi\u00e7\u00e3o imobili\u00e1ria, inscri\u00e7\u00f5es nos organismos p\u00fablicos, vistos de resid\u00eancia ou investimento, entre outros. <\/p>\n\n\n\n<p>Na verdade, a TPMc cresce conforme o Mercado tamb\u00e9m cresce, tentando acompanhar as necessidades. <\/p>\n\n\n<div class=\"wp-block-image\">\n<figure class=\"alignleft size-full\"><img loading=\"lazy\" decoding=\"async\" width=\"378\" height=\"504\" src=\"https:\/\/maismagazine.pt\/wp-content\/uploads\/2025\/04\/image00004afsafcsa-1.png\" alt=\"\" class=\"wp-image-11743\" srcset=\"http:\/\/maismagazine.pt\/wp-content\/uploads\/2025\/04\/image00004afsafcsa-1.png 378w, http:\/\/maismagazine.pt\/wp-content\/uploads\/2025\/04\/image00004afsafcsa-1-225x300.png 225w\" sizes=\"auto, (max-width: 378px) 100vw, 378px\" \/><\/figure><\/div>\n\n\n<p><strong>Que servi\u00e7os a TPMc disponibiliza para quem procura as vossas solu\u00e7\u00f5es?<\/strong><\/p>\n\n\n\n<p>O nosso objetivo sempre foi, e \u00e9 para isso que trabalhamos, nos tornarmos um parceiro para os nossos clientes. Construir confian\u00e7a, respeito m\u00fatuo e tempo de qualidade para que o servi\u00e7o seja sempre ao mais alto n\u00edvel. <\/p>\n\n\n\n<p>Dentro da estrutura da TPMc existem v\u00e1rios departamentos, sendo que cada departamento tem uma ou v\u00e1rias equipas alocadas aos clientes que fazem parte da nossa carteira, dando assim primazia ao contacto direto. Neste momento, os departamentos da TPMc englobam: &#8211; Legal, Vistos e Resid\u00eancia, Contabilidade e Fiscal, Administrativo, Recursos Humanos, Recrutamento de pessoal, Estudos e Projetos, Inform\u00e1tica e Acompanhamento Local\/Family Office.<\/p>\n\n\n\n<p>Equipas constitu\u00eddas por pessoas jovens combinadas com pessoas mais experientes, onde trocam ideias, sugerem alternativas e cativam os clientes.<\/p>\n\n\n\n<p>A nossa pol\u00edtica assenta numa base de simplicidade. Tornar o sistema fiscal, legal e social mais simples para o investidor, de forma a que ele se possa concentrar nos neg\u00f3cios e n\u00f3s possamos fazer a nossa parte, aligeirando a burocracia, os formalismos e os obst\u00e1culos t\u00edpicos de um pa\u00eds novo para os clientes. <\/p>\n\n\n\n<p><\/p>\n\n\n\n<p><strong>Na sua opini\u00e3o, qual tem sido o segredo para o sucesso da TPMc ao longo destes mais de 30 anos no mercado?<\/strong><\/p>\n\n\n\n<p>A Madeira tem se destacado como um destino atrativo para investimento estrangeiro em v\u00e1rias \u00e1reas.<\/p>\n\n\n\n<p>O facto de Portugal ter cerca de 80 Tratados de Dupla Tributa\u00e7\u00e3o assinados, muitos dos quais com pa\u00edses target em termos de investimento e recursos naturais, como caso de Mo\u00e7ambique, Angola, Peru, China, entre outros.<\/p>\n\n\n\n<p>Adicionalmente, a Madeira tem um regime de IRC de 14,7% para o regime geral, que permite concorrer com qualquer jurisdi\u00e7\u00e3o internacional. Somando a todos estes aspetos, a Madeira disp\u00f5e ainda do CINM, Centro Internacional de Neg\u00f3cios da Madeira, que a n\u00edvel internacional permite chegar a uma taxa de IRC de 5%. <\/p>\n\n\n\n<p>Se juntarmos estas condi\u00e7\u00f5es fiscais e individuais \u00e0 qualidade de vida, ent\u00e3o estamos perante um mercado que, sem sombra de d\u00favida, destoa pela positiva em rela\u00e7\u00e3o aos restantes. <\/p>\n\n\n\n<p>A TPMc acompanha os seus clientes, corporativos e individuais no aproveitamento de todas as sinergias que a Madeira tem para oferecer, facilitando os processos, ajudando a ultrapassar as burocracias, explicando os procedimentos e assistindo no cumprimento das obriga\u00e7\u00f5es. <\/p>\n\n\n\n<p>A TPMc tem ainda ra\u00edzes profundas de colabora\u00e7\u00e3o com a C\u00e2mara de Com\u00e9rcio luso-brit\u00e2nica em Londres, onde colabora v\u00e1rias vezes ao ano nas confer\u00eancias e nas feiras preparadas na capital brit\u00e2nica sob o t\u00edtulo \u201cMoving to Portugal\u201d. <\/p>\n\n\n\n<p>Tamb\u00e9m temos uma colabora\u00e7\u00e3o estreita como associados com a C\u00e2mara de Com\u00e9rcio franco-lus\u00f3fona, com a feitura de artigos para o mercado franc\u00eas sobre as condi\u00e7\u00f5es de atratividade da Ilha da Madeira. Acompanhamos clientes das mais diversas nacionalidades, pelo que estabelecer contactos institucionais e particulares torna-se priorit\u00e1rio. <\/p>\n\n\n\n<p><\/p>\n\n\n\n<p><strong>Para concluir, o que podemos esperar da TPMC num futuro pr\u00f3ximo?<\/strong><\/p>\n\n\n\n<p>O nosso maior prop\u00f3sito neste momento \u00e9 flexibilizar os sectores e as equipas. Com o mercado t\u00e3o din\u00e2mico como est\u00e1 ao n\u00edvel das necessidades, temos de ter capacidade para nos adaptarmos \u00e0s especificidades dos nossos clientes que, neste momento, v\u00e3o desde o t\u00edpico e simples consultor individual que vem para a Madeira trabalhar oriundo de fora de Portugal e que necessita de um visto, um NIF, uma conta banc\u00e1ria, de contabilidade e de orienta\u00e7\u00e3o sobre como o pa\u00eds est\u00e1 regulamentado e quais as obriga\u00e7\u00f5es e timings, at\u00e9 ao grande empres\u00e1rio com v\u00e1rias estruturas societ\u00e1rias que precisa de conhecer o sistema fiscal de v\u00e1rios pa\u00edses e como se complementam com o portugu\u00eas. A expans\u00e3o para fora da Madeira \u00e9 j\u00e1 uma realidade. <\/p>\n\n\n\n<p>O desafio ser\u00e1 sempre conseguir ler o mercado, ouvi-lo e perceber em que \u00e9 que podemos ser \u00fateis. <\/p>\n\n\n\n<p><\/p>\n\n\n<div class=\"wp-block-image\">\n<figure class=\"aligncenter size-full\"><img loading=\"lazy\" decoding=\"async\" width=\"225\" height=\"225\" src=\"https:\/\/maismagazine.pt\/wp-content\/uploads\/2025\/04\/images.jpg\" alt=\"\" class=\"wp-image-11744\" srcset=\"http:\/\/maismagazine.pt\/wp-content\/uploads\/2025\/04\/images.jpg 225w, http:\/\/maismagazine.pt\/wp-content\/uploads\/2025\/04\/images-150x150.jpg 150w\" sizes=\"auto, (max-width: 225px) 100vw, 225px\" \/><\/figure><\/div>\n\n\n<p><\/p>\n","protected":false},"excerpt":{"rendered":"<p>Em entrevista \u00e0 Mais Magazine, T\u00e2nia Castro, Diretora-Geral da TPMc International Management Solutions, explica que um dos principais fatores por detr\u00e1s do sucesso da empresa \u00e9 o facto de a Madeira se afirmar cada vez mais como um destino atrativo para o investimento estrangeiro. Para iniciar esta entrevista, poderia contar-nos&hellip;<\/p>\n","protected":false},"author":18,"featured_media":11738,"comment_status":"closed","ping_status":"open","sticky":false,"template":"","format":"standard","meta":{"advgb_blocks_editor_width":"","advgb_blocks_columns_visual_guide":"","_monsterinsights_skip_tracking":false,"_monsterinsights_sitenote_active":false,"_monsterinsights_sitenote_note":"","_monsterinsights_sitenote_category":0,"footnotes":""},"categories":[161],"tags":[760,1967],"class_list":["post-11727","post","type-post","status-publish","format-standard","has-post-thumbnail","hentry","category-mundo-empresarial","tag-madeira","tag-tpmc"],"yoast_head":"<!-- This site is optimized with the Yoast SEO plugin v24.4 - https:\/\/yoast.com\/wordpress\/plugins\/seo\/ -->\n<title>Um parceiro de confian\u00e7a - Mais Magazine<\/title>\n<meta name=\"robots\" content=\"index, follow, max-snippet:-1, max-image-preview:large, max-video-preview:-1\" \/>\n<link rel=\"canonical\" href=\"https:\/\/maismagazine.pt\/index.php\/2025\/04\/25\/um-parceiro-de-confianca\/\" \/>\n<meta property=\"og:locale\" content=\"pt_PT\" \/>\n<meta property=\"og:type\" content=\"article\" \/>\n<meta property=\"og:title\" content=\"Um parceiro de confian\u00e7a - Mais Magazine\" \/>\n<meta property=\"og:description\" content=\"Em entrevista \u00e0 Mais Magazine, T\u00e2nia Castro, Diretora-Geral da TPMc International Management Solutions, explica que um dos principais fatores por detr\u00e1s do sucesso da empresa \u00e9 o facto de a Madeira se afirmar cada vez mais como um destino atrativo para o investimento estrangeiro. Para iniciar esta entrevista, poderia contar-nos&hellip;\" \/>\n<meta property=\"og:url\" content=\"https:\/\/maismagazine.pt\/index.php\/2025\/04\/25\/um-parceiro-de-confianca\/\" \/>\n<meta property=\"og:site_name\" content=\"Mais Magazine\" \/>\n<meta property=\"article:published_time\" content=\"2025-04-25T06:00:00+00:00\" \/>\n<meta property=\"og:image\" content=\"https:\/\/maismagazine.pt\/wp-content\/uploads\/2025\/04\/image00062-1-scaled.jpeg\" \/>\n\t<meta property=\"og:image:width\" content=\"2199\" \/>\n\t<meta property=\"og:image:height\" content=\"2560\" \/>\n\t<meta property=\"og:image:type\" content=\"image\/jpeg\" \/>\n<meta name=\"author\" content=\"Tatiana Martins\" \/>\n<meta name=\"twitter:card\" content=\"summary_large_image\" \/>\n<meta name=\"twitter:label1\" content=\"Escrito por\" \/>\n\t<meta name=\"twitter:data1\" content=\"\" \/>\n\t<meta name=\"twitter:label2\" content=\"Tempo estimado de leitura\" \/>\n\t<meta name=\"twitter:data2\" content=\"6 minutos\" \/>\n<script type=\"application\/ld+json\" class=\"yoast-schema-graph\">{\"@context\":\"https:\/\/schema.org\",\"@graph\":[{\"@type\":\"Article\",\"@id\":\"https:\/\/maismagazine.pt\/index.php\/2025\/04\/25\/um-parceiro-de-confianca\/#article\",\"isPartOf\":{\"@id\":\"https:\/\/maismagazine.pt\/index.php\/2025\/04\/25\/um-parceiro-de-confianca\/\"},\"author\":{\"name\":\"Tatiana Martins\",\"@id\":\"https:\/\/maismagazine.pt\/#\/schema\/person\/7426e2caeb8df32a1b56aa48dae778c9\"},\"headline\":\"Um parceiro de confian\u00e7a\",\"datePublished\":\"2025-04-25T06:00:00+00:00\",\"mainEntityOfPage\":{\"@id\":\"https:\/\/maismagazine.pt\/index.php\/2025\/04\/25\/um-parceiro-de-confianca\/\"},\"wordCount\":930,\"publisher\":{\"@id\":\"https:\/\/maismagazine.pt\/#organization\"},\"image\":{\"@id\":\"https:\/\/maismagazine.pt\/index.php\/2025\/04\/25\/um-parceiro-de-confianca\/#primaryimage\"},\"thumbnailUrl\":\"http:\/\/maismagazine.pt\/wp-content\/uploads\/2025\/04\/image00062-1-scaled.jpeg\",\"keywords\":[\"Madeira\",\"TPMc\"],\"articleSection\":[\"Mundo Empresarial\"],\"inLanguage\":\"pt-PT\"},{\"@type\":\"WebPage\",\"@id\":\"https:\/\/maismagazine.pt\/index.php\/2025\/04\/25\/um-parceiro-de-confianca\/\",\"url\":\"https:\/\/maismagazine.pt\/index.php\/2025\/04\/25\/um-parceiro-de-confianca\/\",\"name\":\"Um parceiro de confian\u00e7a - Mais Magazine\",\"isPartOf\":{\"@id\":\"https:\/\/maismagazine.pt\/#website\"},\"primaryImageOfPage\":{\"@id\":\"https:\/\/maismagazine.pt\/index.php\/2025\/04\/25\/um-parceiro-de-confianca\/#primaryimage\"},\"image\":{\"@id\":\"https:\/\/maismagazine.pt\/index.php\/2025\/04\/25\/um-parceiro-de-confianca\/#primaryimage\"},\"thumbnailUrl\":\"http:\/\/maismagazine.pt\/wp-content\/uploads\/2025\/04\/image00062-1-scaled.jpeg\",\"datePublished\":\"2025-04-25T06:00:00+00:00\",\"breadcrumb\":{\"@id\":\"https:\/\/maismagazine.pt\/index.php\/2025\/04\/25\/um-parceiro-de-confianca\/#breadcrumb\"},\"inLanguage\":\"pt-PT\",\"potentialAction\":[{\"@type\":\"ReadAction\",\"target\":[\"https:\/\/maismagazine.pt\/index.php\/2025\/04\/25\/um-parceiro-de-confianca\/\"]}]},{\"@type\":\"ImageObject\",\"inLanguage\":\"pt-PT\",\"@id\":\"https:\/\/maismagazine.pt\/index.php\/2025\/04\/25\/um-parceiro-de-confianca\/#primaryimage\",\"url\":\"http:\/\/maismagazine.pt\/wp-content\/uploads\/2025\/04\/image00062-1-scaled.jpeg\",\"contentUrl\":\"http:\/\/maismagazine.pt\/wp-content\/uploads\/2025\/04\/image00062-1-scaled.jpeg\",\"width\":2199,\"height\":2560,\"caption\":\"T\u00e2nia Castro, Diretora-Geral da TPMc\"},{\"@type\":\"BreadcrumbList\",\"@id\":\"https:\/\/maismagazine.pt\/index.php\/2025\/04\/25\/um-parceiro-de-confianca\/#breadcrumb\",\"itemListElement\":[{\"@type\":\"ListItem\",\"position\":1,\"name\":\"Home\",\"item\":\"https:\/\/maismagazine.pt\/\"},{\"@type\":\"ListItem\",\"position\":2,\"name\":\"Um parceiro de confian\u00e7a\"}]},{\"@type\":\"WebSite\",\"@id\":\"https:\/\/maismagazine.pt\/#website\",\"url\":\"https:\/\/maismagazine.pt\/\",\"name\":\"Mais Magazine\",\"description\":\"\",\"publisher\":{\"@id\":\"https:\/\/maismagazine.pt\/#organization\"},\"potentialAction\":[{\"@type\":\"SearchAction\",\"target\":{\"@type\":\"EntryPoint\",\"urlTemplate\":\"https:\/\/maismagazine.pt\/?s={search_term_string}\"},\"query-input\":{\"@type\":\"PropertyValueSpecification\",\"valueRequired\":true,\"valueName\":\"search_term_string\"}}],\"inLanguage\":\"pt-PT\"},{\"@type\":\"Organization\",\"@id\":\"https:\/\/maismagazine.pt\/#organization\",\"name\":\"Mais Magazine\",\"url\":\"https:\/\/maismagazine.pt\/\",\"logo\":{\"@type\":\"ImageObject\",\"inLanguage\":\"pt-PT\",\"@id\":\"https:\/\/maismagazine.pt\/#\/schema\/logo\/image\/\",\"url\":\"http:\/\/maismagazine.pt\/wp-content\/uploads\/2020\/04\/cropped-cropped-mais-magazine-site-logo-2.png\",\"contentUrl\":\"http:\/\/maismagazine.pt\/wp-content\/uploads\/2020\/04\/cropped-cropped-mais-magazine-site-logo-2.png\",\"width\":581,\"height\":90,\"caption\":\"Mais Magazine\"},\"image\":{\"@id\":\"https:\/\/maismagazine.pt\/#\/schema\/logo\/image\/\"}},{\"@type\":\"Person\",\"@id\":\"https:\/\/maismagazine.pt\/#\/schema\/person\/7426e2caeb8df32a1b56aa48dae778c9\",\"name\":\"Tatiana Martins\",\"image\":{\"@type\":\"ImageObject\",\"inLanguage\":\"pt-PT\",\"@id\":\"https:\/\/maismagazine.pt\/#\/schema\/person\/image\/\",\"url\":\"https:\/\/secure.gravatar.com\/avatar\/4b24a57f5d0425f2eb20981c4b53244e?s=96&d=mm&r=g\",\"contentUrl\":\"https:\/\/secure.gravatar.com\/avatar\/4b24a57f5d0425f2eb20981c4b53244e?s=96&d=mm&r=g\",\"caption\":\"Tatiana Martins\"},\"url\":\"http:\/\/maismagazine.pt\/index.php\/author\/tatiana\/\"}]}<\/script>\n<!-- \/ Yoast SEO plugin. -->","yoast_head_json":{"title":"Um parceiro de confian\u00e7a - Mais Magazine","robots":{"index":"index","follow":"follow","max-snippet":"max-snippet:-1","max-image-preview":"max-image-preview:large","max-video-preview":"max-video-preview:-1"},"canonical":"https:\/\/maismagazine.pt\/index.php\/2025\/04\/25\/um-parceiro-de-confianca\/","og_locale":"pt_PT","og_type":"article","og_title":"Um parceiro de confian\u00e7a - Mais Magazine","og_description":"Em entrevista \u00e0 Mais Magazine, T\u00e2nia Castro, Diretora-Geral da TPMc International Management Solutions, explica que um dos principais fatores por detr\u00e1s do sucesso da empresa \u00e9 o facto de a Madeira se afirmar cada vez mais como um destino atrativo para o investimento estrangeiro. Para iniciar esta entrevista, poderia contar-nos&hellip;","og_url":"https:\/\/maismagazine.pt\/index.php\/2025\/04\/25\/um-parceiro-de-confianca\/","og_site_name":"Mais Magazine","article_published_time":"2025-04-25T06:00:00+00:00","og_image":[{"width":2199,"height":2560,"url":"https:\/\/maismagazine.pt\/wp-content\/uploads\/2025\/04\/image00062-1-scaled.jpeg","type":"image\/jpeg"}],"author":"Tatiana Martins","twitter_card":"summary_large_image","twitter_misc":{"Escrito por":false,"Tempo estimado de leitura":"6 minutos"},"schema":{"@context":"https:\/\/schema.org","@graph":[{"@type":"Article","@id":"https:\/\/maismagazine.pt\/index.php\/2025\/04\/25\/um-parceiro-de-confianca\/#article","isPartOf":{"@id":"https:\/\/maismagazine.pt\/index.php\/2025\/04\/25\/um-parceiro-de-confianca\/"},"author":{"name":"Tatiana Martins","@id":"https:\/\/maismagazine.pt\/#\/schema\/person\/7426e2caeb8df32a1b56aa48dae778c9"},"headline":"Um parceiro de confian\u00e7a","datePublished":"2025-04-25T06:00:00+00:00","mainEntityOfPage":{"@id":"https:\/\/maismagazine.pt\/index.php\/2025\/04\/25\/um-parceiro-de-confianca\/"},"wordCount":930,"publisher":{"@id":"https:\/\/maismagazine.pt\/#organization"},"image":{"@id":"https:\/\/maismagazine.pt\/index.php\/2025\/04\/25\/um-parceiro-de-confianca\/#primaryimage"},"thumbnailUrl":"http:\/\/maismagazine.pt\/wp-content\/uploads\/2025\/04\/image00062-1-scaled.jpeg","keywords":["Madeira","TPMc"],"articleSection":["Mundo Empresarial"],"inLanguage":"pt-PT"},{"@type":"WebPage","@id":"https:\/\/maismagazine.pt\/index.php\/2025\/04\/25\/um-parceiro-de-confianca\/","url":"https:\/\/maismagazine.pt\/index.php\/2025\/04\/25\/um-parceiro-de-confianca\/","name":"Um parceiro de confian\u00e7a - Mais Magazine","isPartOf":{"@id":"https:\/\/maismagazine.pt\/#website"},"primaryImageOfPage":{"@id":"https:\/\/maismagazine.pt\/index.php\/2025\/04\/25\/um-parceiro-de-confianca\/#primaryimage"},"image":{"@id":"https:\/\/maismagazine.pt\/index.php\/2025\/04\/25\/um-parceiro-de-confianca\/#primaryimage"},"thumbnailUrl":"http:\/\/maismagazine.pt\/wp-content\/uploads\/2025\/04\/image00062-1-scaled.jpeg","datePublished":"2025-04-25T06:00:00+00:00","breadcrumb":{"@id":"https:\/\/maismagazine.pt\/index.php\/2025\/04\/25\/um-parceiro-de-confianca\/#breadcrumb"},"inLanguage":"pt-PT","potentialAction":[{"@type":"ReadAction","target":["https:\/\/maismagazine.pt\/index.php\/2025\/04\/25\/um-parceiro-de-confianca\/"]}]},{"@type":"ImageObject","inLanguage":"pt-PT","@id":"https:\/\/maismagazine.pt\/index.php\/2025\/04\/25\/um-parceiro-de-confianca\/#primaryimage","url":"http:\/\/maismagazine.pt\/wp-content\/uploads\/2025\/04\/image00062-1-scaled.jpeg","contentUrl":"http:\/\/maismagazine.pt\/wp-content\/uploads\/2025\/04\/image00062-1-scaled.jpeg","width":2199,"height":2560,"caption":"T\u00e2nia Castro, Diretora-Geral da TPMc"},{"@type":"BreadcrumbList","@id":"https:\/\/maismagazine.pt\/index.php\/2025\/04\/25\/um-parceiro-de-confianca\/#breadcrumb","itemListElement":[{"@type":"ListItem","position":1,"name":"Home","item":"https:\/\/maismagazine.pt\/"},{"@type":"ListItem","position":2,"name":"Um parceiro de confian\u00e7a"}]},{"@type":"WebSite","@id":"https:\/\/maismagazine.pt\/#website","url":"https:\/\/maismagazine.pt\/","name":"Mais Magazine","description":"","publisher":{"@id":"https:\/\/maismagazine.pt\/#organization"},"potentialAction":[{"@type":"SearchAction","target":{"@type":"EntryPoint","urlTemplate":"https:\/\/maismagazine.pt\/?s={search_term_string}"},"query-input":{"@type":"PropertyValueSpecification","valueRequired":true,"valueName":"search_term_string"}}],"inLanguage":"pt-PT"},{"@type":"Organization","@id":"https:\/\/maismagazine.pt\/#organization","name":"Mais Magazine","url":"https:\/\/maismagazine.pt\/","logo":{"@type":"ImageObject","inLanguage":"pt-PT","@id":"https:\/\/maismagazine.pt\/#\/schema\/logo\/image\/","url":"http:\/\/maismagazine.pt\/wp-content\/uploads\/2020\/04\/cropped-cropped-mais-magazine-site-logo-2.png","contentUrl":"http:\/\/maismagazine.pt\/wp-content\/uploads\/2020\/04\/cropped-cropped-mais-magazine-site-logo-2.png","width":581,"height":90,"caption":"Mais Magazine"},"image":{"@id":"https:\/\/maismagazine.pt\/#\/schema\/logo\/image\/"}},{"@type":"Person","@id":"https:\/\/maismagazine.pt\/#\/schema\/person\/7426e2caeb8df32a1b56aa48dae778c9","name":"Tatiana Martins","image":{"@type":"ImageObject","inLanguage":"pt-PT","@id":"https:\/\/maismagazine.pt\/#\/schema\/person\/image\/","url":"https:\/\/secure.gravatar.com\/avatar\/4b24a57f5d0425f2eb20981c4b53244e?s=96&d=mm&r=g","contentUrl":"https:\/\/secure.gravatar.com\/avatar\/4b24a57f5d0425f2eb20981c4b53244e?s=96&d=mm&r=g","caption":"Tatiana Martins"},"url":"http:\/\/maismagazine.pt\/index.php\/author\/tatiana\/"}]}},"author_meta":{"display_name":false,"author_link":"http:\/\/maismagazine.pt\/index.php\/author\/tatiana\/"},"featured_img":"http:\/\/maismagazine.pt\/wp-content\/uploads\/2025\/04\/image00062-1-258x300.jpeg","coauthors":[],"tax_additional":{"categories":{"linked":["<a href=\"http:\/\/maismagazine.pt\/index.php\/category\/mundo-empresarial\/\" class=\"advgb-post-tax-term\">Mundo Empresarial<\/a>"],"unlinked":["<span class=\"advgb-post-tax-term\">Mundo Empresarial<\/span>"]},"tags":{"linked":["<a href=\"http:\/\/maismagazine.pt\/index.php\/category\/mundo-empresarial\/\" class=\"advgb-post-tax-term\">Madeira<\/a>","<a href=\"http:\/\/maismagazine.pt\/index.php\/category\/mundo-empresarial\/\" class=\"advgb-post-tax-term\">TPMc<\/a>"],"unlinked":["<span class=\"advgb-post-tax-term\">Madeira<\/span>","<span class=\"advgb-post-tax-term\">TPMc<\/span>"]}},"comment_count":"0","relative_dates":{"created":"Posted 1 ano ago","modified":"Updated 1 ano ago"},"absolute_dates":{"created":"Posted on 25 de Abril, 2025","modified":"Updated on 22 de Abril, 2025"},"absolute_dates_time":{"created":"Posted on 25 de Abril, 2025 7:00","modified":"Updated on 22 de Abril, 2025 15:48"},"featured_img_caption":"T\u00e2nia Castro, Diretora-Geral da TPMc ","series_order":"","_links":{"self":[{"href":"http:\/\/maismagazine.pt\/index.php\/wp-json\/wp\/v2\/posts\/11727","targetHints":{"allow":["GET"]}}],"collection":[{"href":"http:\/\/maismagazine.pt\/index.php\/wp-json\/wp\/v2\/posts"}],"about":[{"href":"http:\/\/maismagazine.pt\/index.php\/wp-json\/wp\/v2\/types\/post"}],"author":[{"embeddable":true,"href":"http:\/\/maismagazine.pt\/index.php\/wp-json\/wp\/v2\/users\/18"}],"replies":[{"embeddable":true,"href":"http:\/\/maismagazine.pt\/index.php\/wp-json\/wp\/v2\/comments?post=11727"}],"version-history":[{"count":1,"href":"http:\/\/maismagazine.pt\/index.php\/wp-json\/wp\/v2\/posts\/11727\/revisions"}],"predecessor-version":[{"id":11745,"href":"http:\/\/maismagazine.pt\/index.php\/wp-json\/wp\/v2\/posts\/11727\/revisions\/11745"}],"wp:featuredmedia":[{"embeddable":true,"href":"http:\/\/maismagazine.pt\/index.php\/wp-json\/wp\/v2\/media\/11738"}],"wp:attachment":[{"href":"http:\/\/maismagazine.pt\/index.php\/wp-json\/wp\/v2\/media?parent=11727"}],"wp:term":[{"taxonomy":"category","embeddable":true,"href":"http:\/\/maismagazine.pt\/index.php\/wp-json\/wp\/v2\/categories?post=11727"},{"taxonomy":"post_tag","embeddable":true,"href":"http:\/\/maismagazine.pt\/index.php\/wp-json\/wp\/v2\/tags?post=11727"}],"curies":[{"name":"wp","href":"https:\/\/api.w.org\/{rel}","templated":true}]}}