{"id":11712,"date":"2025-04-25T07:00:00","date_gmt":"2025-04-25T06:00:00","guid":{"rendered":"https:\/\/maismagazine.pt\/?p=11712"},"modified":"2025-04-22T15:35:32","modified_gmt":"2025-04-22T14:35:32","slug":"mais-do-que-um-destino-um-compromisso-com-o-futuro","status":"publish","type":"post","link":"http:\/\/maismagazine.pt\/index.php\/2025\/04\/25\/mais-do-que-um-destino-um-compromisso-com-o-futuro\/","title":{"rendered":"Mais do que um Destino, um Compromisso com o Futuro"},"content":{"rendered":"\n<p>O nosso pa\u00eds \u00e9 reconhecido pela sua diversidade paisag\u00edstica e riqueza ambiental e tem apostado fortemente no turismo de natureza como uma alavanca para um setor mais sustent\u00e1vel. De norte a sul, incluindo os arquip\u00e9lagos da Madeira e dos A\u00e7ores, os destinos portugueses oferecem experi\u00eancias \u00fanicas ao ar livre, promovendo um contacto direto com a biodiversidade e incentivando pr\u00e1ticas respons\u00e1veis. <\/p>\n\n\n\n<p><\/p>\n\n\n\n<p>A valoriza\u00e7\u00e3o do turismo de natureza, em particular, reflete o compromisso do pa\u00eds com a salvaguarda da sua biodiversidade e a promo\u00e7\u00e3o de pr\u00e1ticas tur\u00edsticas respons\u00e1veis. A implementa\u00e7\u00e3o de percursos pedestres certificados e integrados em redes internacionais, por exemplo, demonstra o empenho em descentralizar o fluxo tur\u00edstico, impulsionando o desenvolvimento econ\u00f3mico das regi\u00f5es do interior e combatendo a sazonalidade. Al\u00e9m da natureza, a acessibilidade \u00e9 outro eixo essencial na evolu\u00e7\u00e3o do turismo sustent\u00e1vel. O turismo para todos n\u00e3o deve ser apenas um princ\u00edpio \u00e9tico, mas uma prioridade estrat\u00e9gica. Os turistas com necessidades espec\u00edficas representam um segmento de mercado em crescimento, e a adapta\u00e7\u00e3o da oferta tur\u00edstica \u00e0s suas exig\u00eancias n\u00e3o s\u00f3 amplia a inclus\u00e3o, como gera novas oportunidades econ\u00f3micas. A implementa\u00e7\u00e3o de infraestruturas acess\u00edveis e a capacita\u00e7\u00e3o dos profissionais do setor s\u00e3o passos essenciais para garantir que Portugal se posiciona como um destino verdadeiramente inclusivo.  <\/p>\n\n\n\n<p><\/p>\n\n\n\n<p>O futuro do turismo passa, inevitavelmente, por uma abordagem estrat\u00e9gica e colaborativa que valoriza o nosso patrim\u00f3nio natural e cultural, respeita as comunidades e responde \u00e0s exig\u00eancias de um viajante cada vez mais consciente e respons\u00e1vel. Portugal tem todas as condi\u00e7\u00f5es para liderar este caminho e consolidar-se como um exemplo de excel\u00eancia no turismo sustent\u00e1vel.  <\/p>\n\n\n\n<p><\/p>\n\n\n\n<p class=\"has-text-align-right\"><em>Carlos Abade, Presidente do Turismo de Portugal<\/em><\/p>\n\n\n\n<p><\/p>\n\n\n<div class=\"wp-block-image\">\n<figure class=\"aligncenter size-large is-resized\"><img loading=\"lazy\" decoding=\"async\" width=\"1024\" height=\"353\" src=\"https:\/\/maismagazine.pt\/wp-content\/uploads\/2025\/04\/org_3edd7585-7923-ed11-b83d-000d3a2c21bb-1024x353.png\" alt=\"\" class=\"wp-image-11715\" style=\"width:374px;height:auto\" srcset=\"http:\/\/maismagazine.pt\/wp-content\/uploads\/2025\/04\/org_3edd7585-7923-ed11-b83d-000d3a2c21bb-1024x353.png 1024w, http:\/\/maismagazine.pt\/wp-content\/uploads\/2025\/04\/org_3edd7585-7923-ed11-b83d-000d3a2c21bb-300x103.png 300w, http:\/\/maismagazine.pt\/wp-content\/uploads\/2025\/04\/org_3edd7585-7923-ed11-b83d-000d3a2c21bb-768x264.png 768w, http:\/\/maismagazine.pt\/wp-content\/uploads\/2025\/04\/org_3edd7585-7923-ed11-b83d-000d3a2c21bb-1536x529.png 1536w, http:\/\/maismagazine.pt\/wp-content\/uploads\/2025\/04\/org_3edd7585-7923-ed11-b83d-000d3a2c21bb.png 1920w\" sizes=\"auto, (max-width: 1024px) 100vw, 1024px\" \/><\/figure><\/div>","protected":false},"excerpt":{"rendered":"<p>O nosso pa\u00eds \u00e9 reconhecido pela sua diversidade paisag\u00edstica e riqueza ambiental e tem apostado fortemente no turismo de natureza como uma alavanca para um setor mais sustent\u00e1vel. De norte a sul, incluindo os arquip\u00e9lagos da Madeira e dos A\u00e7ores, os destinos portugueses oferecem experi\u00eancias \u00fanicas ao ar livre, promovendo&hellip;<\/p>\n","protected":false},"author":17,"featured_media":11713,"comment_status":"closed","ping_status":"open","sticky":false,"template":"","format":"standard","meta":{"advgb_blocks_editor_width":"","advgb_blocks_columns_visual_guide":"","_monsterinsights_skip_tracking":false,"_monsterinsights_sitenote_active":false,"_monsterinsights_sitenote_note":"","_monsterinsights_sitenote_category":0,"footnotes":""},"categories":[52,51],"tags":[1626],"class_list":["post-11712","post","type-post","status-publish","format-standard","has-post-thumbnail","hentry","category-destaque","category-opiniao","tag-turismo-de-portugal"],"yoast_head":"<!-- This site is optimized with the Yoast SEO plugin v24.4 - https:\/\/yoast.com\/wordpress\/plugins\/seo\/ -->\n<title>Mais do que um Destino, um Compromisso com o Futuro - Mais Magazine<\/title>\n<meta name=\"description\" content=\"O nosso pa\u00eds \u00e9 reconhecido pela sua diversidade paisag\u00edstica e riqueza ambiental e tem apostado fortemente no turismo de natureza como uma alavanca para um setor mais sustent\u00e1vel. De norte a sul, incluindo os arquip\u00e9lagos da Madeira e dos A\u00e7ores, os destinos portugueses oferecem experi\u00eancias \u00fanicas ao ar livre, promovendo um contacto direto com a biodiversidade e incentivando pr\u00e1ticas respons\u00e1veis.\" \/>\n<meta name=\"robots\" content=\"index, follow, max-snippet:-1, max-image-preview:large, max-video-preview:-1\" \/>\n<link rel=\"canonical\" href=\"http:\/\/maismagazine.pt\/index.php\/2025\/04\/25\/mais-do-que-um-destino-um-compromisso-com-o-futuro\/\" \/>\n<meta property=\"og:locale\" content=\"pt_PT\" \/>\n<meta property=\"og:type\" content=\"article\" \/>\n<meta property=\"og:title\" content=\"Mais do que um Destino, um Compromisso com o Futuro - Mais Magazine\" \/>\n<meta property=\"og:description\" content=\"O nosso pa\u00eds \u00e9 reconhecido pela sua diversidade paisag\u00edstica e riqueza ambiental e tem apostado fortemente no turismo de natureza como uma alavanca para um setor mais sustent\u00e1vel. De norte a sul, incluindo os arquip\u00e9lagos da Madeira e dos A\u00e7ores, os destinos portugueses oferecem experi\u00eancias \u00fanicas ao ar livre, promovendo um contacto direto com a biodiversidade e incentivando pr\u00e1ticas respons\u00e1veis.\" \/>\n<meta property=\"og:url\" content=\"http:\/\/maismagazine.pt\/index.php\/2025\/04\/25\/mais-do-que-um-destino-um-compromisso-com-o-futuro\/\" \/>\n<meta property=\"og:site_name\" content=\"Mais Magazine\" \/>\n<meta property=\"article:published_time\" content=\"2025-04-25T06:00:00+00:00\" \/>\n<meta property=\"og:image\" content=\"http:\/\/maismagazine.pt\/wp-content\/uploads\/2025\/04\/Carlos-Abade-1200x630-1.jpg\" \/>\n\t<meta property=\"og:image:width\" content=\"2400\" \/>\n\t<meta property=\"og:image:height\" content=\"1260\" \/>\n\t<meta property=\"og:image:type\" content=\"image\/jpeg\" \/>\n<meta name=\"author\" content=\"Tiago Costa\" \/>\n<meta name=\"twitter:card\" content=\"summary_large_image\" \/>\n<meta name=\"twitter:label1\" content=\"Escrito por\" \/>\n\t<meta name=\"twitter:data1\" content=\"\" \/>\n\t<meta name=\"twitter:label2\" content=\"Tempo estimado de leitura\" \/>\n\t<meta name=\"twitter:data2\" content=\"2 minutos\" \/>\n<script type=\"application\/ld+json\" class=\"yoast-schema-graph\">{\"@context\":\"https:\/\/schema.org\",\"@graph\":[{\"@type\":\"Article\",\"@id\":\"http:\/\/maismagazine.pt\/index.php\/2025\/04\/25\/mais-do-que-um-destino-um-compromisso-com-o-futuro\/#article\",\"isPartOf\":{\"@id\":\"http:\/\/maismagazine.pt\/index.php\/2025\/04\/25\/mais-do-que-um-destino-um-compromisso-com-o-futuro\/\"},\"author\":{\"name\":\"Tiago Costa\",\"@id\":\"http:\/\/maismagazine.pt\/#\/schema\/person\/c6c5bfccc886434cbd11c74e035f9646\"},\"headline\":\"Mais do que um Destino, um Compromisso com o Futuro\",\"datePublished\":\"2025-04-25T06:00:00+00:00\",\"mainEntityOfPage\":{\"@id\":\"http:\/\/maismagazine.pt\/index.php\/2025\/04\/25\/mais-do-que-um-destino-um-compromisso-com-o-futuro\/\"},\"wordCount\":317,\"publisher\":{\"@id\":\"http:\/\/maismagazine.pt\/#organization\"},\"image\":{\"@id\":\"http:\/\/maismagazine.pt\/index.php\/2025\/04\/25\/mais-do-que-um-destino-um-compromisso-com-o-futuro\/#primaryimage\"},\"thumbnailUrl\":\"http:\/\/maismagazine.pt\/wp-content\/uploads\/2025\/04\/Carlos-Abade-1200x630-1.jpg\",\"keywords\":[\"Turismo de Portugal\"],\"articleSection\":[\"Destaque lateral\",\"Opini\u00e3o\"],\"inLanguage\":\"pt-PT\"},{\"@type\":\"WebPage\",\"@id\":\"http:\/\/maismagazine.pt\/index.php\/2025\/04\/25\/mais-do-que-um-destino-um-compromisso-com-o-futuro\/\",\"url\":\"http:\/\/maismagazine.pt\/index.php\/2025\/04\/25\/mais-do-que-um-destino-um-compromisso-com-o-futuro\/\",\"name\":\"Mais do que um Destino, um Compromisso com o Futuro - Mais Magazine\",\"isPartOf\":{\"@id\":\"http:\/\/maismagazine.pt\/#website\"},\"primaryImageOfPage\":{\"@id\":\"http:\/\/maismagazine.pt\/index.php\/2025\/04\/25\/mais-do-que-um-destino-um-compromisso-com-o-futuro\/#primaryimage\"},\"image\":{\"@id\":\"http:\/\/maismagazine.pt\/index.php\/2025\/04\/25\/mais-do-que-um-destino-um-compromisso-com-o-futuro\/#primaryimage\"},\"thumbnailUrl\":\"http:\/\/maismagazine.pt\/wp-content\/uploads\/2025\/04\/Carlos-Abade-1200x630-1.jpg\",\"datePublished\":\"2025-04-25T06:00:00+00:00\",\"description\":\"O nosso pa\u00eds \u00e9 reconhecido pela sua diversidade paisag\u00edstica e riqueza ambiental e tem apostado fortemente no turismo de natureza como uma alavanca para um setor mais sustent\u00e1vel. De norte a sul, incluindo os arquip\u00e9lagos da Madeira e dos A\u00e7ores, os destinos portugueses oferecem experi\u00eancias \u00fanicas ao ar livre, promovendo um contacto direto com a biodiversidade e incentivando pr\u00e1ticas respons\u00e1veis.\",\"breadcrumb\":{\"@id\":\"http:\/\/maismagazine.pt\/index.php\/2025\/04\/25\/mais-do-que-um-destino-um-compromisso-com-o-futuro\/#breadcrumb\"},\"inLanguage\":\"pt-PT\",\"potentialAction\":[{\"@type\":\"ReadAction\",\"target\":[\"http:\/\/maismagazine.pt\/index.php\/2025\/04\/25\/mais-do-que-um-destino-um-compromisso-com-o-futuro\/\"]}]},{\"@type\":\"ImageObject\",\"inLanguage\":\"pt-PT\",\"@id\":\"http:\/\/maismagazine.pt\/index.php\/2025\/04\/25\/mais-do-que-um-destino-um-compromisso-com-o-futuro\/#primaryimage\",\"url\":\"http:\/\/maismagazine.pt\/wp-content\/uploads\/2025\/04\/Carlos-Abade-1200x630-1.jpg\",\"contentUrl\":\"http:\/\/maismagazine.pt\/wp-content\/uploads\/2025\/04\/Carlos-Abade-1200x630-1.jpg\",\"width\":2400,\"height\":1260,\"caption\":\"Carlos Abade, Presidente do Turismo de Portugal\"},{\"@type\":\"BreadcrumbList\",\"@id\":\"http:\/\/maismagazine.pt\/index.php\/2025\/04\/25\/mais-do-que-um-destino-um-compromisso-com-o-futuro\/#breadcrumb\",\"itemListElement\":[{\"@type\":\"ListItem\",\"position\":1,\"name\":\"Home\",\"item\":\"http:\/\/maismagazine.pt\/\"},{\"@type\":\"ListItem\",\"position\":2,\"name\":\"Mais do que um Destino, um Compromisso com o Futuro\"}]},{\"@type\":\"WebSite\",\"@id\":\"http:\/\/maismagazine.pt\/#website\",\"url\":\"http:\/\/maismagazine.pt\/\",\"name\":\"Mais Magazine\",\"description\":\"\",\"publisher\":{\"@id\":\"http:\/\/maismagazine.pt\/#organization\"},\"potentialAction\":[{\"@type\":\"SearchAction\",\"target\":{\"@type\":\"EntryPoint\",\"urlTemplate\":\"http:\/\/maismagazine.pt\/?s={search_term_string}\"},\"query-input\":{\"@type\":\"PropertyValueSpecification\",\"valueRequired\":true,\"valueName\":\"search_term_string\"}}],\"inLanguage\":\"pt-PT\"},{\"@type\":\"Organization\",\"@id\":\"http:\/\/maismagazine.pt\/#organization\",\"name\":\"Mais Magazine\",\"url\":\"http:\/\/maismagazine.pt\/\",\"logo\":{\"@type\":\"ImageObject\",\"inLanguage\":\"pt-PT\",\"@id\":\"http:\/\/maismagazine.pt\/#\/schema\/logo\/image\/\",\"url\":\"http:\/\/maismagazine.pt\/wp-content\/uploads\/2020\/04\/cropped-cropped-mais-magazine-site-logo-2.png\",\"contentUrl\":\"http:\/\/maismagazine.pt\/wp-content\/uploads\/2020\/04\/cropped-cropped-mais-magazine-site-logo-2.png\",\"width\":581,\"height\":90,\"caption\":\"Mais Magazine\"},\"image\":{\"@id\":\"http:\/\/maismagazine.pt\/#\/schema\/logo\/image\/\"}},{\"@type\":\"Person\",\"@id\":\"http:\/\/maismagazine.pt\/#\/schema\/person\/c6c5bfccc886434cbd11c74e035f9646\",\"name\":\"Tiago Costa\",\"image\":{\"@type\":\"ImageObject\",\"inLanguage\":\"pt-PT\",\"@id\":\"http:\/\/maismagazine.pt\/#\/schema\/person\/image\/\",\"url\":\"https:\/\/secure.gravatar.com\/avatar\/c599b2bce16c9870429198cbad5ee022?s=96&d=mm&r=g\",\"contentUrl\":\"https:\/\/secure.gravatar.com\/avatar\/c599b2bce16c9870429198cbad5ee022?s=96&d=mm&r=g\",\"caption\":\"Tiago Costa\"},\"url\":\"http:\/\/maismagazine.pt\/index.php\/author\/tiago\/\"}]}<\/script>\n<!-- \/ Yoast SEO plugin. -->","yoast_head_json":{"title":"Mais do que um Destino, um Compromisso com o Futuro - Mais Magazine","description":"O nosso pa\u00eds \u00e9 reconhecido pela sua diversidade paisag\u00edstica e riqueza ambiental e tem apostado fortemente no turismo de natureza como uma alavanca para um setor mais sustent\u00e1vel. De norte a sul, incluindo os arquip\u00e9lagos da Madeira e dos A\u00e7ores, os destinos portugueses oferecem experi\u00eancias \u00fanicas ao ar livre, promovendo um contacto direto com a biodiversidade e incentivando pr\u00e1ticas respons\u00e1veis.","robots":{"index":"index","follow":"follow","max-snippet":"max-snippet:-1","max-image-preview":"max-image-preview:large","max-video-preview":"max-video-preview:-1"},"canonical":"http:\/\/maismagazine.pt\/index.php\/2025\/04\/25\/mais-do-que-um-destino-um-compromisso-com-o-futuro\/","og_locale":"pt_PT","og_type":"article","og_title":"Mais do que um Destino, um Compromisso com o Futuro - Mais Magazine","og_description":"O nosso pa\u00eds \u00e9 reconhecido pela sua diversidade paisag\u00edstica e riqueza ambiental e tem apostado fortemente no turismo de natureza como uma alavanca para um setor mais sustent\u00e1vel. De norte a sul, incluindo os arquip\u00e9lagos da Madeira e dos A\u00e7ores, os destinos portugueses oferecem experi\u00eancias \u00fanicas ao ar livre, promovendo um contacto direto com a biodiversidade e incentivando pr\u00e1ticas respons\u00e1veis.","og_url":"http:\/\/maismagazine.pt\/index.php\/2025\/04\/25\/mais-do-que-um-destino-um-compromisso-com-o-futuro\/","og_site_name":"Mais Magazine","article_published_time":"2025-04-25T06:00:00+00:00","og_image":[{"width":2400,"height":1260,"url":"http:\/\/maismagazine.pt\/wp-content\/uploads\/2025\/04\/Carlos-Abade-1200x630-1.jpg","type":"image\/jpeg"}],"author":"Tiago Costa","twitter_card":"summary_large_image","twitter_misc":{"Escrito por":false,"Tempo estimado de leitura":"2 minutos"},"schema":{"@context":"https:\/\/schema.org","@graph":[{"@type":"Article","@id":"http:\/\/maismagazine.pt\/index.php\/2025\/04\/25\/mais-do-que-um-destino-um-compromisso-com-o-futuro\/#article","isPartOf":{"@id":"http:\/\/maismagazine.pt\/index.php\/2025\/04\/25\/mais-do-que-um-destino-um-compromisso-com-o-futuro\/"},"author":{"name":"Tiago Costa","@id":"http:\/\/maismagazine.pt\/#\/schema\/person\/c6c5bfccc886434cbd11c74e035f9646"},"headline":"Mais do que um Destino, um Compromisso com o Futuro","datePublished":"2025-04-25T06:00:00+00:00","mainEntityOfPage":{"@id":"http:\/\/maismagazine.pt\/index.php\/2025\/04\/25\/mais-do-que-um-destino-um-compromisso-com-o-futuro\/"},"wordCount":317,"publisher":{"@id":"http:\/\/maismagazine.pt\/#organization"},"image":{"@id":"http:\/\/maismagazine.pt\/index.php\/2025\/04\/25\/mais-do-que-um-destino-um-compromisso-com-o-futuro\/#primaryimage"},"thumbnailUrl":"http:\/\/maismagazine.pt\/wp-content\/uploads\/2025\/04\/Carlos-Abade-1200x630-1.jpg","keywords":["Turismo de Portugal"],"articleSection":["Destaque lateral","Opini\u00e3o"],"inLanguage":"pt-PT"},{"@type":"WebPage","@id":"http:\/\/maismagazine.pt\/index.php\/2025\/04\/25\/mais-do-que-um-destino-um-compromisso-com-o-futuro\/","url":"http:\/\/maismagazine.pt\/index.php\/2025\/04\/25\/mais-do-que-um-destino-um-compromisso-com-o-futuro\/","name":"Mais do que um Destino, um Compromisso com o Futuro - Mais Magazine","isPartOf":{"@id":"http:\/\/maismagazine.pt\/#website"},"primaryImageOfPage":{"@id":"http:\/\/maismagazine.pt\/index.php\/2025\/04\/25\/mais-do-que-um-destino-um-compromisso-com-o-futuro\/#primaryimage"},"image":{"@id":"http:\/\/maismagazine.pt\/index.php\/2025\/04\/25\/mais-do-que-um-destino-um-compromisso-com-o-futuro\/#primaryimage"},"thumbnailUrl":"http:\/\/maismagazine.pt\/wp-content\/uploads\/2025\/04\/Carlos-Abade-1200x630-1.jpg","datePublished":"2025-04-25T06:00:00+00:00","description":"O nosso pa\u00eds \u00e9 reconhecido pela sua diversidade paisag\u00edstica e riqueza ambiental e tem apostado fortemente no turismo de natureza como uma alavanca para um setor mais sustent\u00e1vel. De norte a sul, incluindo os arquip\u00e9lagos da Madeira e dos A\u00e7ores, os destinos portugueses oferecem experi\u00eancias \u00fanicas ao ar livre, promovendo um contacto direto com a biodiversidade e incentivando pr\u00e1ticas respons\u00e1veis.","breadcrumb":{"@id":"http:\/\/maismagazine.pt\/index.php\/2025\/04\/25\/mais-do-que-um-destino-um-compromisso-com-o-futuro\/#breadcrumb"},"inLanguage":"pt-PT","potentialAction":[{"@type":"ReadAction","target":["http:\/\/maismagazine.pt\/index.php\/2025\/04\/25\/mais-do-que-um-destino-um-compromisso-com-o-futuro\/"]}]},{"@type":"ImageObject","inLanguage":"pt-PT","@id":"http:\/\/maismagazine.pt\/index.php\/2025\/04\/25\/mais-do-que-um-destino-um-compromisso-com-o-futuro\/#primaryimage","url":"http:\/\/maismagazine.pt\/wp-content\/uploads\/2025\/04\/Carlos-Abade-1200x630-1.jpg","contentUrl":"http:\/\/maismagazine.pt\/wp-content\/uploads\/2025\/04\/Carlos-Abade-1200x630-1.jpg","width":2400,"height":1260,"caption":"Carlos Abade, Presidente do Turismo de Portugal"},{"@type":"BreadcrumbList","@id":"http:\/\/maismagazine.pt\/index.php\/2025\/04\/25\/mais-do-que-um-destino-um-compromisso-com-o-futuro\/#breadcrumb","itemListElement":[{"@type":"ListItem","position":1,"name":"Home","item":"http:\/\/maismagazine.pt\/"},{"@type":"ListItem","position":2,"name":"Mais do que um Destino, um Compromisso com o Futuro"}]},{"@type":"WebSite","@id":"http:\/\/maismagazine.pt\/#website","url":"http:\/\/maismagazine.pt\/","name":"Mais Magazine","description":"","publisher":{"@id":"http:\/\/maismagazine.pt\/#organization"},"potentialAction":[{"@type":"SearchAction","target":{"@type":"EntryPoint","urlTemplate":"http:\/\/maismagazine.pt\/?s={search_term_string}"},"query-input":{"@type":"PropertyValueSpecification","valueRequired":true,"valueName":"search_term_string"}}],"inLanguage":"pt-PT"},{"@type":"Organization","@id":"http:\/\/maismagazine.pt\/#organization","name":"Mais Magazine","url":"http:\/\/maismagazine.pt\/","logo":{"@type":"ImageObject","inLanguage":"pt-PT","@id":"http:\/\/maismagazine.pt\/#\/schema\/logo\/image\/","url":"http:\/\/maismagazine.pt\/wp-content\/uploads\/2020\/04\/cropped-cropped-mais-magazine-site-logo-2.png","contentUrl":"http:\/\/maismagazine.pt\/wp-content\/uploads\/2020\/04\/cropped-cropped-mais-magazine-site-logo-2.png","width":581,"height":90,"caption":"Mais Magazine"},"image":{"@id":"http:\/\/maismagazine.pt\/#\/schema\/logo\/image\/"}},{"@type":"Person","@id":"http:\/\/maismagazine.pt\/#\/schema\/person\/c6c5bfccc886434cbd11c74e035f9646","name":"Tiago Costa","image":{"@type":"ImageObject","inLanguage":"pt-PT","@id":"http:\/\/maismagazine.pt\/#\/schema\/person\/image\/","url":"https:\/\/secure.gravatar.com\/avatar\/c599b2bce16c9870429198cbad5ee022?s=96&d=mm&r=g","contentUrl":"https:\/\/secure.gravatar.com\/avatar\/c599b2bce16c9870429198cbad5ee022?s=96&d=mm&r=g","caption":"Tiago Costa"},"url":"http:\/\/maismagazine.pt\/index.php\/author\/tiago\/"}]}},"author_meta":{"display_name":false,"author_link":"http:\/\/maismagazine.pt\/index.php\/author\/tiago\/"},"featured_img":"http:\/\/maismagazine.pt\/wp-content\/uploads\/2025\/04\/Carlos-Abade-1200x630-1-300x158.jpg","coauthors":[],"tax_additional":{"categories":{"linked":["<a href=\"http:\/\/maismagazine.pt\/index.php\/category\/destaque\/\" class=\"advgb-post-tax-term\">Destaque lateral<\/a>","<a href=\"http:\/\/maismagazine.pt\/index.php\/category\/noticias\/opiniao\/\" class=\"advgb-post-tax-term\">Opini\u00e3o<\/a>"],"unlinked":["<span class=\"advgb-post-tax-term\">Destaque lateral<\/span>","<span class=\"advgb-post-tax-term\">Opini\u00e3o<\/span>"]},"tags":{"linked":["<a href=\"http:\/\/maismagazine.pt\/index.php\/category\/noticias\/opiniao\/\" class=\"advgb-post-tax-term\">Turismo de Portugal<\/a>"],"unlinked":["<span class=\"advgb-post-tax-term\">Turismo de Portugal<\/span>"]}},"comment_count":"0","relative_dates":{"created":"Posted 1 ano ago","modified":"Updated 1 ano ago"},"absolute_dates":{"created":"Posted on 25 de Abril, 2025","modified":"Updated on 22 de Abril, 2025"},"absolute_dates_time":{"created":"Posted on 25 de Abril, 2025 7:00","modified":"Updated on 22 de Abril, 2025 15:35"},"featured_img_caption":"Carlos Abade, Presidente do Turismo de Portugal","series_order":"","_links":{"self":[{"href":"http:\/\/maismagazine.pt\/index.php\/wp-json\/wp\/v2\/posts\/11712","targetHints":{"allow":["GET"]}}],"collection":[{"href":"http:\/\/maismagazine.pt\/index.php\/wp-json\/wp\/v2\/posts"}],"about":[{"href":"http:\/\/maismagazine.pt\/index.php\/wp-json\/wp\/v2\/types\/post"}],"author":[{"embeddable":true,"href":"http:\/\/maismagazine.pt\/index.php\/wp-json\/wp\/v2\/users\/17"}],"replies":[{"embeddable":true,"href":"http:\/\/maismagazine.pt\/index.php\/wp-json\/wp\/v2\/comments?post=11712"}],"version-history":[{"count":1,"href":"http:\/\/maismagazine.pt\/index.php\/wp-json\/wp\/v2\/posts\/11712\/revisions"}],"predecessor-version":[{"id":11716,"href":"http:\/\/maismagazine.pt\/index.php\/wp-json\/wp\/v2\/posts\/11712\/revisions\/11716"}],"wp:featuredmedia":[{"embeddable":true,"href":"http:\/\/maismagazine.pt\/index.php\/wp-json\/wp\/v2\/media\/11713"}],"wp:attachment":[{"href":"http:\/\/maismagazine.pt\/index.php\/wp-json\/wp\/v2\/media?parent=11712"}],"wp:term":[{"taxonomy":"category","embeddable":true,"href":"http:\/\/maismagazine.pt\/index.php\/wp-json\/wp\/v2\/categories?post=11712"},{"taxonomy":"post_tag","embeddable":true,"href":"http:\/\/maismagazine.pt\/index.php\/wp-json\/wp\/v2\/tags?post=11712"}],"curies":[{"name":"wp","href":"https:\/\/api.w.org\/{rel}","templated":true}]}}