{"id":11688,"date":"2025-03-24T16:13:41","date_gmt":"2025-03-24T16:13:41","guid":{"rendered":"https:\/\/maismagazine.pt\/?p=11688"},"modified":"2025-03-24T16:13:45","modified_gmt":"2025-03-24T16:13:45","slug":"v-encontro-internacional-de-rituais-ancestrais","status":"publish","type":"post","link":"http:\/\/maismagazine.pt\/index.php\/2025\/03\/24\/v-encontro-internacional-de-rituais-ancestrais\/","title":{"rendered":"V Encontro Internacional de Rituais Ancestrais"},"content":{"rendered":"\n<p>No dia 05 de abril, s\u00e1bado, a aldeia de Bemposta, no concelho de Mogadouro, vai ser o palco de um dos maiores festivais de m\u00e1scaras da Europa.<br><\/p>\n\n\n\n<p>A posi\u00e7\u00e3o geogr\u00e1fica raiana proporciona ao concelho de Mogadouro uma grande rela\u00e7\u00e3o de proximidade com os povos do outro lado da fronteira, sendo muito comuns os momentos culturais partilhados entre Espanha e Portugal.<br><\/p>\n\n\n<div class=\"wp-block-image\">\n<figure class=\"aligncenter size-large is-resized\"><img loading=\"lazy\" decoding=\"async\" width=\"1024\" height=\"683\" src=\"https:\/\/maismagazine.pt\/wp-content\/uploads\/2025\/03\/IMG_7209-1024x683.jpg\" alt=\"\" class=\"wp-image-11690\" style=\"width:477px;height:auto\" srcset=\"http:\/\/maismagazine.pt\/wp-content\/uploads\/2025\/03\/IMG_7209-1024x683.jpg 1024w, http:\/\/maismagazine.pt\/wp-content\/uploads\/2025\/03\/IMG_7209-300x200.jpg 300w, http:\/\/maismagazine.pt\/wp-content\/uploads\/2025\/03\/IMG_7209-768x512.jpg 768w, http:\/\/maismagazine.pt\/wp-content\/uploads\/2025\/03\/IMG_7209-150x100.jpg 150w, http:\/\/maismagazine.pt\/wp-content\/uploads\/2025\/03\/IMG_7209.jpg 1500w\" sizes=\"auto, (max-width: 1024px) 100vw, 1024px\" \/><\/figure><\/div>\n\n\n<p>O Encontro de Rituais Ancestrais \u00e9 um evento eminentemente rural e cultural, revelador das marcas que a hist\u00f3ria e a tradi\u00e7\u00e3o deixaram nas terras e nas pessoas, perdurando atrav\u00e9s do tempo e multiplicando-se em muitos espa\u00e7os diferentes.<br><\/p>\n\n\n\n<p>Nesta 5.\u00aa edi\u00e7\u00e3o estar\u00e3o presentes cerca de 75 grupos em desfile, vindos de Portugal, Espanha, Bulg\u00e1ria, Rom\u00e9nia, M\u00e9xico e It\u00e1lia. A diversidade de latitudes, de m\u00e1scaras, de l\u00ednguas e de culturas presentes neste evento \u00e9 reveladora do seu potencial mobilizador.<br><\/p>\n\n\n<div class=\"wp-block-image\">\n<figure class=\"alignleft size-full is-resized\"><img loading=\"lazy\" decoding=\"async\" width=\"456\" height=\"543\" src=\"https:\/\/maismagazine.pt\/wp-content\/uploads\/2025\/03\/IMG_6480.jpg\" alt=\"\" class=\"wp-image-11691\" style=\"width:328px;height:auto\" srcset=\"http:\/\/maismagazine.pt\/wp-content\/uploads\/2025\/03\/IMG_6480.jpg 456w, http:\/\/maismagazine.pt\/wp-content\/uploads\/2025\/03\/IMG_6480-252x300.jpg 252w\" sizes=\"auto, (max-width: 456px) 100vw, 456px\" \/><\/figure><\/div>\n\n\n<p>Desde as arribas do Douro ao continente americano, passando pelas plan\u00edcies castelhanas at\u00e9 \u00e0s serras do Centro de Portugal, e atrav\u00e9s dos montes C\u00e1rpatos na Rom\u00e9nia e das estepes e florestas da Bulg\u00e1ria, o desfile do V Encontro de Rituais Ancestrais ser\u00e1 uma mostra viva das diferentes express\u00f5es da ancestralidade em cada uma das localidades com presen\u00e7a no evento.<br><\/p>\n\n\n\n<p>Al\u00e9m do desfile, a programa\u00e7\u00e3o inclui uma s\u00e9rie de atividades complementares, todas elas relacionadas com a tradi\u00e7\u00e3o do concelho de Mogadouro, seja ao n\u00edvel do com\u00e9rcio, da gastronomia, da m\u00fasica ou da arte.<br><\/p>\n\n\n\n<p>Ao in\u00edcio da tarde abrir\u00e1 o Mercado de Rua de Produtos Tradicionais, para comercializa\u00e7\u00e3o dos produtos mais caracter\u00edsticos da nossa terra, como o fumeiro, o azeite, ou o queijo. Haver\u00e1 tamb\u00e9m uma pra\u00e7a da alimenta\u00e7\u00e3o e um espa\u00e7o para uma exposi\u00e7\u00e3o fotogr\u00e1fica alusiva \u00e0s edi\u00e7\u00f5es anteriores, um jantar comunit\u00e1rio e, ao in\u00edcio da noite, um concerto com o grupo de m\u00fasica etnogr\u00e1fica \u201cA Trouxa Moucha\u201d. Os gaiteiros do concelho de Mogadouro tamb\u00e9m estar\u00e3o presentes em todos os momentos.<br><\/p>\n\n\n\n<p>Os eventos associados aos rituais ancestrais tornaram-se num fator de identidade territorial e de orgulho para o nosso concelho, ao mesmo tempo que assumem um papel cada vez mais destac\u00e1vel no \u00e2mbito da promo\u00e7\u00e3o do patrim\u00f3nio cultural e da mobiliza\u00e7\u00e3o da economia, do com\u00e9rcio e do turismo.<\/p>\n\n\n\n<p><br>A organiza\u00e7\u00e3o deste evento resulta de uma parceria entre a Maschocalheiro \u2013 Associa\u00e7\u00e3o de Bemposta, a Junta de Freguesia local, A C\u00e2mara Municipal de Mogadouro e o Agrupamento Europeu de Coopera\u00e7\u00e3o Territorial Duero-Douro.<\/p>\n","protected":false},"excerpt":{"rendered":"<p>No dia 05 de abril, s\u00e1bado, a aldeia de Bemposta, no concelho de Mogadouro, vai ser o palco de um dos maiores festivais de m\u00e1scaras da Europa. A posi\u00e7\u00e3o geogr\u00e1fica raiana proporciona ao concelho de Mogadouro uma grande rela\u00e7\u00e3o de proximidade com os povos do outro lado da fronteira, sendo&hellip;<\/p>\n","protected":false},"author":18,"featured_media":11689,"comment_status":"closed","ping_status":"open","sticky":false,"template":"","format":"standard","meta":{"advgb_blocks_editor_width":"","advgb_blocks_columns_visual_guide":"","_monsterinsights_skip_tracking":false,"_monsterinsights_sitenote_active":false,"_monsterinsights_sitenote_note":"","_monsterinsights_sitenote_category":0,"footnotes":""},"categories":[7],"tags":[2297,654],"class_list":["post-11688","post","type-post","status-publish","format-standard","has-post-thumbnail","hentry","category-noticias","tag-encontro-de-rituais-ancestrais","tag-mogadouro"],"yoast_head":"<!-- This site is optimized with the Yoast SEO plugin v24.4 - https:\/\/yoast.com\/wordpress\/plugins\/seo\/ -->\n<title>V Encontro Internacional de Rituais Ancestrais - Mais Magazine<\/title>\n<meta name=\"robots\" content=\"index, follow, max-snippet:-1, max-image-preview:large, max-video-preview:-1\" \/>\n<link rel=\"canonical\" href=\"http:\/\/maismagazine.pt\/index.php\/2025\/03\/24\/v-encontro-internacional-de-rituais-ancestrais\/\" \/>\n<meta property=\"og:locale\" content=\"pt_PT\" \/>\n<meta property=\"og:type\" content=\"article\" \/>\n<meta property=\"og:title\" content=\"V Encontro Internacional de Rituais Ancestrais - Mais Magazine\" \/>\n<meta property=\"og:description\" content=\"No dia 05 de abril, s\u00e1bado, a aldeia de Bemposta, no concelho de Mogadouro, vai ser o palco de um dos maiores festivais de m\u00e1scaras da Europa. A posi\u00e7\u00e3o geogr\u00e1fica raiana proporciona ao concelho de Mogadouro uma grande rela\u00e7\u00e3o de proximidade com os povos do outro lado da fronteira, sendo&hellip;\" \/>\n<meta property=\"og:url\" content=\"http:\/\/maismagazine.pt\/index.php\/2025\/03\/24\/v-encontro-internacional-de-rituais-ancestrais\/\" \/>\n<meta property=\"og:site_name\" content=\"Mais Magazine\" \/>\n<meta property=\"article:published_time\" content=\"2025-03-24T16:13:41+00:00\" \/>\n<meta property=\"article:modified_time\" content=\"2025-03-24T16:13:45+00:00\" \/>\n<meta property=\"og:image\" content=\"http:\/\/maismagazine.pt\/wp-content\/uploads\/2025\/03\/IMG_7181.jpg\" \/>\n\t<meta property=\"og:image:width\" content=\"1500\" \/>\n\t<meta property=\"og:image:height\" content=\"1000\" \/>\n\t<meta property=\"og:image:type\" content=\"image\/jpeg\" \/>\n<meta name=\"author\" content=\"Tatiana Martins\" \/>\n<meta name=\"twitter:card\" content=\"summary_large_image\" \/>\n<meta name=\"twitter:label1\" content=\"Escrito por\" \/>\n\t<meta name=\"twitter:data1\" content=\"\" \/>\n\t<meta name=\"twitter:label2\" content=\"Tempo estimado de leitura\" \/>\n\t<meta name=\"twitter:data2\" content=\"3 minutos\" \/>\n<script type=\"application\/ld+json\" class=\"yoast-schema-graph\">{\"@context\":\"https:\/\/schema.org\",\"@graph\":[{\"@type\":\"Article\",\"@id\":\"http:\/\/maismagazine.pt\/index.php\/2025\/03\/24\/v-encontro-internacional-de-rituais-ancestrais\/#article\",\"isPartOf\":{\"@id\":\"http:\/\/maismagazine.pt\/index.php\/2025\/03\/24\/v-encontro-internacional-de-rituais-ancestrais\/\"},\"author\":{\"name\":\"Tatiana Martins\",\"@id\":\"https:\/\/maismagazine.pt\/#\/schema\/person\/7426e2caeb8df32a1b56aa48dae778c9\"},\"headline\":\"V Encontro Internacional de Rituais Ancestrais\",\"datePublished\":\"2025-03-24T16:13:41+00:00\",\"dateModified\":\"2025-03-24T16:13:45+00:00\",\"mainEntityOfPage\":{\"@id\":\"http:\/\/maismagazine.pt\/index.php\/2025\/03\/24\/v-encontro-internacional-de-rituais-ancestrais\/\"},\"wordCount\":443,\"publisher\":{\"@id\":\"https:\/\/maismagazine.pt\/#organization\"},\"image\":{\"@id\":\"http:\/\/maismagazine.pt\/index.php\/2025\/03\/24\/v-encontro-internacional-de-rituais-ancestrais\/#primaryimage\"},\"thumbnailUrl\":\"http:\/\/maismagazine.pt\/wp-content\/uploads\/2025\/03\/IMG_7181.jpg\",\"keywords\":[\"Encontro de Rituais Ancestrais\",\"Mogadouro\"],\"articleSection\":[\"Not\u00edcias\"],\"inLanguage\":\"pt-PT\"},{\"@type\":\"WebPage\",\"@id\":\"http:\/\/maismagazine.pt\/index.php\/2025\/03\/24\/v-encontro-internacional-de-rituais-ancestrais\/\",\"url\":\"http:\/\/maismagazine.pt\/index.php\/2025\/03\/24\/v-encontro-internacional-de-rituais-ancestrais\/\",\"name\":\"V Encontro Internacional de Rituais Ancestrais - Mais Magazine\",\"isPartOf\":{\"@id\":\"https:\/\/maismagazine.pt\/#website\"},\"primaryImageOfPage\":{\"@id\":\"http:\/\/maismagazine.pt\/index.php\/2025\/03\/24\/v-encontro-internacional-de-rituais-ancestrais\/#primaryimage\"},\"image\":{\"@id\":\"http:\/\/maismagazine.pt\/index.php\/2025\/03\/24\/v-encontro-internacional-de-rituais-ancestrais\/#primaryimage\"},\"thumbnailUrl\":\"http:\/\/maismagazine.pt\/wp-content\/uploads\/2025\/03\/IMG_7181.jpg\",\"datePublished\":\"2025-03-24T16:13:41+00:00\",\"dateModified\":\"2025-03-24T16:13:45+00:00\",\"breadcrumb\":{\"@id\":\"http:\/\/maismagazine.pt\/index.php\/2025\/03\/24\/v-encontro-internacional-de-rituais-ancestrais\/#breadcrumb\"},\"inLanguage\":\"pt-PT\",\"potentialAction\":[{\"@type\":\"ReadAction\",\"target\":[\"http:\/\/maismagazine.pt\/index.php\/2025\/03\/24\/v-encontro-internacional-de-rituais-ancestrais\/\"]}]},{\"@type\":\"ImageObject\",\"inLanguage\":\"pt-PT\",\"@id\":\"http:\/\/maismagazine.pt\/index.php\/2025\/03\/24\/v-encontro-internacional-de-rituais-ancestrais\/#primaryimage\",\"url\":\"http:\/\/maismagazine.pt\/wp-content\/uploads\/2025\/03\/IMG_7181.jpg\",\"contentUrl\":\"http:\/\/maismagazine.pt\/wp-content\/uploads\/2025\/03\/IMG_7181.jpg\",\"width\":1500,\"height\":1000},{\"@type\":\"BreadcrumbList\",\"@id\":\"http:\/\/maismagazine.pt\/index.php\/2025\/03\/24\/v-encontro-internacional-de-rituais-ancestrais\/#breadcrumb\",\"itemListElement\":[{\"@type\":\"ListItem\",\"position\":1,\"name\":\"Home\",\"item\":\"https:\/\/maismagazine.pt\/\"},{\"@type\":\"ListItem\",\"position\":2,\"name\":\"V Encontro Internacional de Rituais Ancestrais\"}]},{\"@type\":\"WebSite\",\"@id\":\"https:\/\/maismagazine.pt\/#website\",\"url\":\"https:\/\/maismagazine.pt\/\",\"name\":\"Mais Magazine\",\"description\":\"\",\"publisher\":{\"@id\":\"https:\/\/maismagazine.pt\/#organization\"},\"potentialAction\":[{\"@type\":\"SearchAction\",\"target\":{\"@type\":\"EntryPoint\",\"urlTemplate\":\"https:\/\/maismagazine.pt\/?s={search_term_string}\"},\"query-input\":{\"@type\":\"PropertyValueSpecification\",\"valueRequired\":true,\"valueName\":\"search_term_string\"}}],\"inLanguage\":\"pt-PT\"},{\"@type\":\"Organization\",\"@id\":\"https:\/\/maismagazine.pt\/#organization\",\"name\":\"Mais Magazine\",\"url\":\"https:\/\/maismagazine.pt\/\",\"logo\":{\"@type\":\"ImageObject\",\"inLanguage\":\"pt-PT\",\"@id\":\"https:\/\/maismagazine.pt\/#\/schema\/logo\/image\/\",\"url\":\"http:\/\/maismagazine.pt\/wp-content\/uploads\/2020\/04\/cropped-cropped-mais-magazine-site-logo-2.png\",\"contentUrl\":\"http:\/\/maismagazine.pt\/wp-content\/uploads\/2020\/04\/cropped-cropped-mais-magazine-site-logo-2.png\",\"width\":581,\"height\":90,\"caption\":\"Mais Magazine\"},\"image\":{\"@id\":\"https:\/\/maismagazine.pt\/#\/schema\/logo\/image\/\"}},{\"@type\":\"Person\",\"@id\":\"https:\/\/maismagazine.pt\/#\/schema\/person\/7426e2caeb8df32a1b56aa48dae778c9\",\"name\":\"Tatiana Martins\",\"image\":{\"@type\":\"ImageObject\",\"inLanguage\":\"pt-PT\",\"@id\":\"https:\/\/maismagazine.pt\/#\/schema\/person\/image\/\",\"url\":\"https:\/\/secure.gravatar.com\/avatar\/4b24a57f5d0425f2eb20981c4b53244e?s=96&d=mm&r=g\",\"contentUrl\":\"https:\/\/secure.gravatar.com\/avatar\/4b24a57f5d0425f2eb20981c4b53244e?s=96&d=mm&r=g\",\"caption\":\"Tatiana Martins\"},\"url\":\"http:\/\/maismagazine.pt\/index.php\/author\/tatiana\/\"}]}<\/script>\n<!-- \/ Yoast SEO plugin. -->","yoast_head_json":{"title":"V Encontro Internacional de Rituais Ancestrais - Mais Magazine","robots":{"index":"index","follow":"follow","max-snippet":"max-snippet:-1","max-image-preview":"max-image-preview:large","max-video-preview":"max-video-preview:-1"},"canonical":"http:\/\/maismagazine.pt\/index.php\/2025\/03\/24\/v-encontro-internacional-de-rituais-ancestrais\/","og_locale":"pt_PT","og_type":"article","og_title":"V Encontro Internacional de Rituais Ancestrais - Mais Magazine","og_description":"No dia 05 de abril, s\u00e1bado, a aldeia de Bemposta, no concelho de Mogadouro, vai ser o palco de um dos maiores festivais de m\u00e1scaras da Europa. A posi\u00e7\u00e3o geogr\u00e1fica raiana proporciona ao concelho de Mogadouro uma grande rela\u00e7\u00e3o de proximidade com os povos do outro lado da fronteira, sendo&hellip;","og_url":"http:\/\/maismagazine.pt\/index.php\/2025\/03\/24\/v-encontro-internacional-de-rituais-ancestrais\/","og_site_name":"Mais Magazine","article_published_time":"2025-03-24T16:13:41+00:00","article_modified_time":"2025-03-24T16:13:45+00:00","og_image":[{"width":1500,"height":1000,"url":"http:\/\/maismagazine.pt\/wp-content\/uploads\/2025\/03\/IMG_7181.jpg","type":"image\/jpeg"}],"author":"Tatiana Martins","twitter_card":"summary_large_image","twitter_misc":{"Escrito por":false,"Tempo estimado de leitura":"3 minutos"},"schema":{"@context":"https:\/\/schema.org","@graph":[{"@type":"Article","@id":"http:\/\/maismagazine.pt\/index.php\/2025\/03\/24\/v-encontro-internacional-de-rituais-ancestrais\/#article","isPartOf":{"@id":"http:\/\/maismagazine.pt\/index.php\/2025\/03\/24\/v-encontro-internacional-de-rituais-ancestrais\/"},"author":{"name":"Tatiana Martins","@id":"https:\/\/maismagazine.pt\/#\/schema\/person\/7426e2caeb8df32a1b56aa48dae778c9"},"headline":"V Encontro Internacional de Rituais Ancestrais","datePublished":"2025-03-24T16:13:41+00:00","dateModified":"2025-03-24T16:13:45+00:00","mainEntityOfPage":{"@id":"http:\/\/maismagazine.pt\/index.php\/2025\/03\/24\/v-encontro-internacional-de-rituais-ancestrais\/"},"wordCount":443,"publisher":{"@id":"https:\/\/maismagazine.pt\/#organization"},"image":{"@id":"http:\/\/maismagazine.pt\/index.php\/2025\/03\/24\/v-encontro-internacional-de-rituais-ancestrais\/#primaryimage"},"thumbnailUrl":"http:\/\/maismagazine.pt\/wp-content\/uploads\/2025\/03\/IMG_7181.jpg","keywords":["Encontro de Rituais Ancestrais","Mogadouro"],"articleSection":["Not\u00edcias"],"inLanguage":"pt-PT"},{"@type":"WebPage","@id":"http:\/\/maismagazine.pt\/index.php\/2025\/03\/24\/v-encontro-internacional-de-rituais-ancestrais\/","url":"http:\/\/maismagazine.pt\/index.php\/2025\/03\/24\/v-encontro-internacional-de-rituais-ancestrais\/","name":"V Encontro Internacional de Rituais Ancestrais - Mais Magazine","isPartOf":{"@id":"https:\/\/maismagazine.pt\/#website"},"primaryImageOfPage":{"@id":"http:\/\/maismagazine.pt\/index.php\/2025\/03\/24\/v-encontro-internacional-de-rituais-ancestrais\/#primaryimage"},"image":{"@id":"http:\/\/maismagazine.pt\/index.php\/2025\/03\/24\/v-encontro-internacional-de-rituais-ancestrais\/#primaryimage"},"thumbnailUrl":"http:\/\/maismagazine.pt\/wp-content\/uploads\/2025\/03\/IMG_7181.jpg","datePublished":"2025-03-24T16:13:41+00:00","dateModified":"2025-03-24T16:13:45+00:00","breadcrumb":{"@id":"http:\/\/maismagazine.pt\/index.php\/2025\/03\/24\/v-encontro-internacional-de-rituais-ancestrais\/#breadcrumb"},"inLanguage":"pt-PT","potentialAction":[{"@type":"ReadAction","target":["http:\/\/maismagazine.pt\/index.php\/2025\/03\/24\/v-encontro-internacional-de-rituais-ancestrais\/"]}]},{"@type":"ImageObject","inLanguage":"pt-PT","@id":"http:\/\/maismagazine.pt\/index.php\/2025\/03\/24\/v-encontro-internacional-de-rituais-ancestrais\/#primaryimage","url":"http:\/\/maismagazine.pt\/wp-content\/uploads\/2025\/03\/IMG_7181.jpg","contentUrl":"http:\/\/maismagazine.pt\/wp-content\/uploads\/2025\/03\/IMG_7181.jpg","width":1500,"height":1000},{"@type":"BreadcrumbList","@id":"http:\/\/maismagazine.pt\/index.php\/2025\/03\/24\/v-encontro-internacional-de-rituais-ancestrais\/#breadcrumb","itemListElement":[{"@type":"ListItem","position":1,"name":"Home","item":"https:\/\/maismagazine.pt\/"},{"@type":"ListItem","position":2,"name":"V Encontro Internacional de Rituais Ancestrais"}]},{"@type":"WebSite","@id":"https:\/\/maismagazine.pt\/#website","url":"https:\/\/maismagazine.pt\/","name":"Mais Magazine","description":"","publisher":{"@id":"https:\/\/maismagazine.pt\/#organization"},"potentialAction":[{"@type":"SearchAction","target":{"@type":"EntryPoint","urlTemplate":"https:\/\/maismagazine.pt\/?s={search_term_string}"},"query-input":{"@type":"PropertyValueSpecification","valueRequired":true,"valueName":"search_term_string"}}],"inLanguage":"pt-PT"},{"@type":"Organization","@id":"https:\/\/maismagazine.pt\/#organization","name":"Mais Magazine","url":"https:\/\/maismagazine.pt\/","logo":{"@type":"ImageObject","inLanguage":"pt-PT","@id":"https:\/\/maismagazine.pt\/#\/schema\/logo\/image\/","url":"http:\/\/maismagazine.pt\/wp-content\/uploads\/2020\/04\/cropped-cropped-mais-magazine-site-logo-2.png","contentUrl":"http:\/\/maismagazine.pt\/wp-content\/uploads\/2020\/04\/cropped-cropped-mais-magazine-site-logo-2.png","width":581,"height":90,"caption":"Mais Magazine"},"image":{"@id":"https:\/\/maismagazine.pt\/#\/schema\/logo\/image\/"}},{"@type":"Person","@id":"https:\/\/maismagazine.pt\/#\/schema\/person\/7426e2caeb8df32a1b56aa48dae778c9","name":"Tatiana Martins","image":{"@type":"ImageObject","inLanguage":"pt-PT","@id":"https:\/\/maismagazine.pt\/#\/schema\/person\/image\/","url":"https:\/\/secure.gravatar.com\/avatar\/4b24a57f5d0425f2eb20981c4b53244e?s=96&d=mm&r=g","contentUrl":"https:\/\/secure.gravatar.com\/avatar\/4b24a57f5d0425f2eb20981c4b53244e?s=96&d=mm&r=g","caption":"Tatiana Martins"},"url":"http:\/\/maismagazine.pt\/index.php\/author\/tatiana\/"}]}},"author_meta":{"display_name":false,"author_link":"http:\/\/maismagazine.pt\/index.php\/author\/tatiana\/"},"featured_img":"http:\/\/maismagazine.pt\/wp-content\/uploads\/2025\/03\/IMG_7181-300x200.jpg","coauthors":[],"tax_additional":{"categories":{"linked":["<a href=\"http:\/\/maismagazine.pt\/index.php\/category\/noticias\/\" class=\"advgb-post-tax-term\">Not\u00edcias<\/a>"],"unlinked":["<span class=\"advgb-post-tax-term\">Not\u00edcias<\/span>"]},"tags":{"linked":["<a href=\"http:\/\/maismagazine.pt\/index.php\/category\/noticias\/\" class=\"advgb-post-tax-term\">Encontro de Rituais Ancestrais<\/a>","<a href=\"http:\/\/maismagazine.pt\/index.php\/category\/noticias\/\" class=\"advgb-post-tax-term\">Mogadouro<\/a>"],"unlinked":["<span class=\"advgb-post-tax-term\">Encontro de Rituais Ancestrais<\/span>","<span class=\"advgb-post-tax-term\">Mogadouro<\/span>"]}},"comment_count":"0","relative_dates":{"created":"Posted 1 ano ago","modified":"Updated 1 ano ago"},"absolute_dates":{"created":"Posted on 24 de Mar\u00e7o, 2025","modified":"Updated on 24 de Mar\u00e7o, 2025"},"absolute_dates_time":{"created":"Posted on 24 de Mar\u00e7o, 2025 16:13","modified":"Updated on 24 de Mar\u00e7o, 2025 16:13"},"featured_img_caption":"","series_order":"","_links":{"self":[{"href":"http:\/\/maismagazine.pt\/index.php\/wp-json\/wp\/v2\/posts\/11688","targetHints":{"allow":["GET"]}}],"collection":[{"href":"http:\/\/maismagazine.pt\/index.php\/wp-json\/wp\/v2\/posts"}],"about":[{"href":"http:\/\/maismagazine.pt\/index.php\/wp-json\/wp\/v2\/types\/post"}],"author":[{"embeddable":true,"href":"http:\/\/maismagazine.pt\/index.php\/wp-json\/wp\/v2\/users\/18"}],"replies":[{"embeddable":true,"href":"http:\/\/maismagazine.pt\/index.php\/wp-json\/wp\/v2\/comments?post=11688"}],"version-history":[{"count":1,"href":"http:\/\/maismagazine.pt\/index.php\/wp-json\/wp\/v2\/posts\/11688\/revisions"}],"predecessor-version":[{"id":11692,"href":"http:\/\/maismagazine.pt\/index.php\/wp-json\/wp\/v2\/posts\/11688\/revisions\/11692"}],"wp:featuredmedia":[{"embeddable":true,"href":"http:\/\/maismagazine.pt\/index.php\/wp-json\/wp\/v2\/media\/11689"}],"wp:attachment":[{"href":"http:\/\/maismagazine.pt\/index.php\/wp-json\/wp\/v2\/media?parent=11688"}],"wp:term":[{"taxonomy":"category","embeddable":true,"href":"http:\/\/maismagazine.pt\/index.php\/wp-json\/wp\/v2\/categories?post=11688"},{"taxonomy":"post_tag","embeddable":true,"href":"http:\/\/maismagazine.pt\/index.php\/wp-json\/wp\/v2\/tags?post=11688"}],"curies":[{"name":"wp","href":"https:\/\/api.w.org\/{rel}","templated":true}]}}