{"id":11652,"date":"2025-03-21T07:00:00","date_gmt":"2025-03-21T07:00:00","guid":{"rendered":"https:\/\/maismagazine.pt\/?p=11652"},"modified":"2025-03-19T14:25:17","modified_gmt":"2025-03-19T14:25:17","slug":"boomlift-na-vanguarda-do-setor-das-aguas-e-saneamento","status":"publish","type":"post","link":"http:\/\/maismagazine.pt\/index.php\/2025\/03\/21\/boomlift-na-vanguarda-do-setor-das-aguas-e-saneamento\/","title":{"rendered":"Boomlift: Na vanguarda do setor das \u00c1guas e Saneamento"},"content":{"rendered":"\n<p><strong>Nos \u00faltimos anos, a <a href=\"http:\/\/www.boomlift.pt\">Boomlift<\/a> consolidou-se como uma refer\u00eancia no setor das \u00c1guas e Saneamento, destacando-se pelo desenvolvimento de solu\u00e7\u00f5es inovadoras criadas e produzidas em Portugal. Com um forte compromisso com a qualidade, a empresa tem investido significativamente na conce\u00e7\u00e3o de equipamentos que atendem \u00e0s necessidades espec\u00edficas dos seus clientes, nomeadamente as m\u00e1quinas de fumos e as chaves magn\u00e9ticas. <\/strong><\/p>\n\n\n\n<p><\/p>\n\n\n\n<p>O princ\u00edpio de funcionamento das m\u00e1quinas de fumos \u00e9 simples, mas extremamente eficaz: ao introduzir fumo na rede de drenagem, \u00e9 poss\u00edvel identificar rapidamente liga\u00e7\u00f5es irregulares e pontos de infiltra\u00e7\u00e3o que comprometem o funcionamento do sistema de saneamento. Este m\u00e9todo tem sido amplamente adotado em v\u00e1rios munic\u00edpios, garantindo maior seguran\u00e7a e efici\u00eancia no diagn\u00f3stico das redes. A dete\u00e7\u00e3o r\u00e1pida destes problemas permite uma interven\u00e7\u00e3o c\u00e9lere, reduzindo custos de manuten\u00e7\u00e3o e prevenindo danos ambientais associados a falhas na drenagem. <\/p>\n\n\n\n<p><\/p>\n\n\n\n<p>Outro produto inovador que tem ganho destaque no portef\u00f3lio da Boomlift \u00e9 a chave magn\u00e9tica. Esta solu\u00e7\u00e3o foi concebida para facilitar o acesso a infraestruturas subterr\u00e2neas de \u00e1guas e saneamento, garantindo maior seguran\u00e7a e comodidade para os profissionais do setor. O mecanismo magn\u00e9tico permite a abertura e fecho de tampas e dispositivos de acesso sem necessidade de esfor\u00e7o excessivo, evitando danos nos equipamentos e prolongando a sua durabilidade. Esta inova\u00e7\u00e3o n\u00e3o s\u00f3 otimiza o trabalho dos operacionais como tamb\u00e9m reduz os riscos de acidentes e les\u00f5es laborais. <\/p>\n\n\n\n<p><\/p>\n\n\n\n<p><strong>Produ\u00e7\u00e3o Nacional e Reconhecimento Empresarial com Pr\u00e9mios de Inova\u00e7\u00e3o e Scoring Top 5%<\/strong><\/p>\n\n\n\n<p>O compromisso da Boomlift com a inova\u00e7\u00e3o e a produ\u00e7\u00e3o nacional tem sido amplamente reconhecido. A decis\u00e3o de investir na fabrica\u00e7\u00e3o em Portugal n\u00e3o apenas permitiu um controlo rigoroso sobre a qualidade dos produtos, como tamb\u00e9m fortaleceu a economia local, gerando emprego e impulsionando o setor industrial do nosso pa\u00eds, que tanto se tem vindo a distanciar da produ\u00e7\u00e3o pr\u00f3pria.<\/p>\n\n\n\n<p><\/p>\n\n\n\n<p>Esse esfor\u00e7o resultou no reconhecimento da empresa com o Pr\u00e9mio de Distin\u00e7\u00e3o Empresarial nos anos de 2017 e 2018, na categoria de Empreendedorismo e Inova\u00e7\u00e3o, atribu\u00eddos pela C\u00e2mara Municipal de Odivelas. Esta distin\u00e7\u00e3o reafirma a import\u00e2ncia da Boomlift no panorama empresarial portugu\u00eas, consolidando-a como um exemplo de sucesso na cria\u00e7\u00e3o de solu\u00e7\u00f5es tecnol\u00f3gicas para o setor das \u00c1guas e Saneamento, t\u00e3o necess\u00e1rias em Portugal.<\/p>\n\n\n\n<p><\/p>\n\n\n\n<p>Al\u00e9m deste reconhecimento, a empresa tem sido constantemente classificada entre as melhores PME do pa\u00eds. O rigor da sua gest\u00e3o classificou ainda a Boomlift em 2021 e 2022 com o TOP 5% Scoring \u2013 Melhores PME\u2019s de Portugal.<\/p>\n\n\n\n<p><\/p>\n\n\n\n<p><strong>O Futuro da Boomlift<\/strong><\/p>\n\n\n\n<p>Com uma vis\u00e3o estrat\u00e9gica voltada para a moderniza\u00e7\u00e3o, a Boomlift continua a investir no desenvolvimento de novos produtos e na melhoria dos equipamentos existentes, enquadrando-se cada vez mais com as reais necessidades dos utilizadores. O compromisso com a sustentabilidade e a efici\u00eancia operacional s\u00e3o pilares fundamentais na sua atua\u00e7\u00e3o, garantindo que as suas solu\u00e7\u00f5es contribuam para a otimiza\u00e7\u00e3o dos recursos e para a prote\u00e7\u00e3o ambiental, nunca esquecendo a fiabilidade e a seguran\u00e7a dos equipamentos que representa.<\/p>\n\n\n\n<p><\/p>\n\n\n\n<p>A aposta na investiga\u00e7\u00e3o e desenvolvimento \u00e9 uma das estrat\u00e9gias-chave para a expans\u00e3o da empresa. Com uma equipa t\u00e9cnica altamente qualificada e parcerias estrat\u00e9gicas com entidades do setor, a Boomlift procura constantemente aperfei\u00e7oar os seus produtos e adaptar-se \u00e0s novas exig\u00eancias do mercado.<\/p>\n\n\n\n<p><\/p>\n\n\n\n<p>A empresa tamb\u00e9m tem vindo a expandir a sua presen\u00e7a no mercado internacional, levando as suas solu\u00e7\u00f5es inovadoras para al\u00e9m-fronteiras e refor\u00e7ando a reputa\u00e7\u00e3o da engenharia portuguesa. <\/p>\n\n\n\n<p><\/p>\n\n\n\n<p>A Boomlift tem demonstrado uma capacidade \u00fanica de adapta\u00e7\u00e3o e inova\u00e7\u00e3o, consolidando-se como um parceiro de confian\u00e7a para os operadores de \u00e1guas e saneamento. O futuro da Boomlift \u00e9 promissor, com novas oportunidades a surgir num mercado cada vez mais exigente e necessitado de solu\u00e7\u00f5es eficientes e sustent\u00e1veis. J\u00e1 temos em curso novos desenvolvimentos de produtos para este setor, que ser\u00e3o apresentados em breve. <\/p>\n\n\n\n<p><\/p>\n\n\n<div class=\"wp-block-image\">\n<figure class=\"aligncenter size-full is-resized\"><img loading=\"lazy\" decoding=\"async\" width=\"1024\" height=\"582\" src=\"https:\/\/maismagazine.pt\/wp-content\/uploads\/2025\/03\/Logo_BoomLift-AguasSaneamento-1-1024x582-1.png\" alt=\"\" class=\"wp-image-11654\" style=\"width:463px;height:auto\" srcset=\"http:\/\/maismagazine.pt\/wp-content\/uploads\/2025\/03\/Logo_BoomLift-AguasSaneamento-1-1024x582-1.png 1024w, http:\/\/maismagazine.pt\/wp-content\/uploads\/2025\/03\/Logo_BoomLift-AguasSaneamento-1-1024x582-1-300x171.png 300w, http:\/\/maismagazine.pt\/wp-content\/uploads\/2025\/03\/Logo_BoomLift-AguasSaneamento-1-1024x582-1-768x437.png 768w\" sizes=\"auto, (max-width: 1024px) 100vw, 1024px\" \/><\/figure><\/div>","protected":false},"excerpt":{"rendered":"<p>Nos \u00faltimos anos, a Boomlift consolidou-se como uma refer\u00eancia no setor das \u00c1guas e Saneamento, destacando-se pelo desenvolvimento de solu\u00e7\u00f5es inovadoras criadas e produzidas em Portugal. Com um forte compromisso com a qualidade, a empresa tem investido significativamente na conce\u00e7\u00e3o de equipamentos que atendem \u00e0s necessidades espec\u00edficas dos seus clientes,&hellip;<\/p>\n","protected":false},"author":18,"featured_media":11655,"comment_status":"closed","ping_status":"open","sticky":false,"template":"","format":"standard","meta":{"advgb_blocks_editor_width":"","advgb_blocks_columns_visual_guide":"","_monsterinsights_skip_tracking":false,"_monsterinsights_sitenote_active":false,"_monsterinsights_sitenote_note":"","_monsterinsights_sitenote_category":0,"footnotes":""},"categories":[78],"tags":[107,1756],"class_list":["post-11652","post","type-post","status-publish","format-standard","has-post-thumbnail","hentry","category-ambiente-e-sustentabilidade","tag-agua","tag-boomlift"],"yoast_head":"<!-- This site is optimized with the Yoast SEO plugin v24.4 - https:\/\/yoast.com\/wordpress\/plugins\/seo\/ -->\n<title>Boomlift: Na vanguarda do setor das \u00c1guas e Saneamento - Mais Magazine<\/title>\n<meta name=\"robots\" content=\"index, follow, max-snippet:-1, max-image-preview:large, max-video-preview:-1\" \/>\n<link rel=\"canonical\" href=\"http:\/\/maismagazine.pt\/index.php\/2025\/03\/21\/boomlift-na-vanguarda-do-setor-das-aguas-e-saneamento\/\" \/>\n<meta property=\"og:locale\" content=\"pt_PT\" \/>\n<meta property=\"og:type\" content=\"article\" \/>\n<meta property=\"og:title\" content=\"Boomlift: Na vanguarda do setor das \u00c1guas e Saneamento - Mais Magazine\" \/>\n<meta property=\"og:description\" content=\"Nos \u00faltimos anos, a Boomlift consolidou-se como uma refer\u00eancia no setor das \u00c1guas e Saneamento, destacando-se pelo desenvolvimento de solu\u00e7\u00f5es inovadoras criadas e produzidas em Portugal. Com um forte compromisso com a qualidade, a empresa tem investido significativamente na conce\u00e7\u00e3o de equipamentos que atendem \u00e0s necessidades espec\u00edficas dos seus clientes,&hellip;\" \/>\n<meta property=\"og:url\" content=\"http:\/\/maismagazine.pt\/index.php\/2025\/03\/21\/boomlift-na-vanguarda-do-setor-das-aguas-e-saneamento\/\" \/>\n<meta property=\"og:site_name\" content=\"Mais Magazine\" \/>\n<meta property=\"article:published_time\" content=\"2025-03-21T07:00:00+00:00\" \/>\n<meta property=\"og:image\" content=\"http:\/\/maismagazine.pt\/wp-content\/uploads\/2025\/03\/p-scaled.jpg\" \/>\n\t<meta property=\"og:image:width\" content=\"2560\" \/>\n\t<meta property=\"og:image:height\" content=\"1707\" \/>\n\t<meta property=\"og:image:type\" content=\"image\/jpeg\" \/>\n<meta name=\"author\" content=\"Tatiana Martins\" \/>\n<meta name=\"twitter:card\" content=\"summary_large_image\" \/>\n<meta name=\"twitter:label1\" content=\"Escrito por\" \/>\n\t<meta name=\"twitter:data1\" content=\"\" \/>\n\t<meta name=\"twitter:label2\" content=\"Tempo estimado de leitura\" \/>\n\t<meta name=\"twitter:data2\" content=\"4 minutos\" \/>\n<script type=\"application\/ld+json\" class=\"yoast-schema-graph\">{\"@context\":\"https:\/\/schema.org\",\"@graph\":[{\"@type\":\"Article\",\"@id\":\"http:\/\/maismagazine.pt\/index.php\/2025\/03\/21\/boomlift-na-vanguarda-do-setor-das-aguas-e-saneamento\/#article\",\"isPartOf\":{\"@id\":\"http:\/\/maismagazine.pt\/index.php\/2025\/03\/21\/boomlift-na-vanguarda-do-setor-das-aguas-e-saneamento\/\"},\"author\":{\"name\":\"Tatiana Martins\",\"@id\":\"http:\/\/maismagazine.pt\/#\/schema\/person\/7426e2caeb8df32a1b56aa48dae778c9\"},\"headline\":\"Boomlift: Na vanguarda do setor das \u00c1guas e Saneamento\",\"datePublished\":\"2025-03-21T07:00:00+00:00\",\"mainEntityOfPage\":{\"@id\":\"http:\/\/maismagazine.pt\/index.php\/2025\/03\/21\/boomlift-na-vanguarda-do-setor-das-aguas-e-saneamento\/\"},\"wordCount\":702,\"publisher\":{\"@id\":\"http:\/\/maismagazine.pt\/#organization\"},\"image\":{\"@id\":\"http:\/\/maismagazine.pt\/index.php\/2025\/03\/21\/boomlift-na-vanguarda-do-setor-das-aguas-e-saneamento\/#primaryimage\"},\"thumbnailUrl\":\"http:\/\/maismagazine.pt\/wp-content\/uploads\/2025\/03\/p-scaled.jpg\",\"keywords\":[\"\u00c1gua\",\"Boomlift\"],\"articleSection\":[\"Ambiente e Sustentabilidade\"],\"inLanguage\":\"pt-PT\"},{\"@type\":\"WebPage\",\"@id\":\"http:\/\/maismagazine.pt\/index.php\/2025\/03\/21\/boomlift-na-vanguarda-do-setor-das-aguas-e-saneamento\/\",\"url\":\"http:\/\/maismagazine.pt\/index.php\/2025\/03\/21\/boomlift-na-vanguarda-do-setor-das-aguas-e-saneamento\/\",\"name\":\"Boomlift: Na vanguarda do setor das \u00c1guas e Saneamento - Mais Magazine\",\"isPartOf\":{\"@id\":\"http:\/\/maismagazine.pt\/#website\"},\"primaryImageOfPage\":{\"@id\":\"http:\/\/maismagazine.pt\/index.php\/2025\/03\/21\/boomlift-na-vanguarda-do-setor-das-aguas-e-saneamento\/#primaryimage\"},\"image\":{\"@id\":\"http:\/\/maismagazine.pt\/index.php\/2025\/03\/21\/boomlift-na-vanguarda-do-setor-das-aguas-e-saneamento\/#primaryimage\"},\"thumbnailUrl\":\"http:\/\/maismagazine.pt\/wp-content\/uploads\/2025\/03\/p-scaled.jpg\",\"datePublished\":\"2025-03-21T07:00:00+00:00\",\"breadcrumb\":{\"@id\":\"http:\/\/maismagazine.pt\/index.php\/2025\/03\/21\/boomlift-na-vanguarda-do-setor-das-aguas-e-saneamento\/#breadcrumb\"},\"inLanguage\":\"pt-PT\",\"potentialAction\":[{\"@type\":\"ReadAction\",\"target\":[\"http:\/\/maismagazine.pt\/index.php\/2025\/03\/21\/boomlift-na-vanguarda-do-setor-das-aguas-e-saneamento\/\"]}]},{\"@type\":\"ImageObject\",\"inLanguage\":\"pt-PT\",\"@id\":\"http:\/\/maismagazine.pt\/index.php\/2025\/03\/21\/boomlift-na-vanguarda-do-setor-das-aguas-e-saneamento\/#primaryimage\",\"url\":\"http:\/\/maismagazine.pt\/wp-content\/uploads\/2025\/03\/p-scaled.jpg\",\"contentUrl\":\"http:\/\/maismagazine.pt\/wp-content\/uploads\/2025\/03\/p-scaled.jpg\",\"width\":2560,\"height\":1707,\"caption\":\"Manuel Duarte, CEO Boomlift\"},{\"@type\":\"BreadcrumbList\",\"@id\":\"http:\/\/maismagazine.pt\/index.php\/2025\/03\/21\/boomlift-na-vanguarda-do-setor-das-aguas-e-saneamento\/#breadcrumb\",\"itemListElement\":[{\"@type\":\"ListItem\",\"position\":1,\"name\":\"Home\",\"item\":\"http:\/\/maismagazine.pt\/\"},{\"@type\":\"ListItem\",\"position\":2,\"name\":\"Boomlift: Na vanguarda do setor das \u00c1guas e Saneamento\"}]},{\"@type\":\"WebSite\",\"@id\":\"http:\/\/maismagazine.pt\/#website\",\"url\":\"http:\/\/maismagazine.pt\/\",\"name\":\"Mais Magazine\",\"description\":\"\",\"publisher\":{\"@id\":\"http:\/\/maismagazine.pt\/#organization\"},\"potentialAction\":[{\"@type\":\"SearchAction\",\"target\":{\"@type\":\"EntryPoint\",\"urlTemplate\":\"http:\/\/maismagazine.pt\/?s={search_term_string}\"},\"query-input\":{\"@type\":\"PropertyValueSpecification\",\"valueRequired\":true,\"valueName\":\"search_term_string\"}}],\"inLanguage\":\"pt-PT\"},{\"@type\":\"Organization\",\"@id\":\"http:\/\/maismagazine.pt\/#organization\",\"name\":\"Mais Magazine\",\"url\":\"http:\/\/maismagazine.pt\/\",\"logo\":{\"@type\":\"ImageObject\",\"inLanguage\":\"pt-PT\",\"@id\":\"http:\/\/maismagazine.pt\/#\/schema\/logo\/image\/\",\"url\":\"http:\/\/maismagazine.pt\/wp-content\/uploads\/2020\/04\/cropped-cropped-mais-magazine-site-logo-2.png\",\"contentUrl\":\"http:\/\/maismagazine.pt\/wp-content\/uploads\/2020\/04\/cropped-cropped-mais-magazine-site-logo-2.png\",\"width\":581,\"height\":90,\"caption\":\"Mais Magazine\"},\"image\":{\"@id\":\"http:\/\/maismagazine.pt\/#\/schema\/logo\/image\/\"}},{\"@type\":\"Person\",\"@id\":\"http:\/\/maismagazine.pt\/#\/schema\/person\/7426e2caeb8df32a1b56aa48dae778c9\",\"name\":\"Tatiana Martins\",\"image\":{\"@type\":\"ImageObject\",\"inLanguage\":\"pt-PT\",\"@id\":\"http:\/\/maismagazine.pt\/#\/schema\/person\/image\/\",\"url\":\"https:\/\/secure.gravatar.com\/avatar\/4b24a57f5d0425f2eb20981c4b53244e?s=96&d=mm&r=g\",\"contentUrl\":\"https:\/\/secure.gravatar.com\/avatar\/4b24a57f5d0425f2eb20981c4b53244e?s=96&d=mm&r=g\",\"caption\":\"Tatiana Martins\"},\"url\":\"http:\/\/maismagazine.pt\/index.php\/author\/tatiana\/\"}]}<\/script>\n<!-- \/ Yoast SEO plugin. -->","yoast_head_json":{"title":"Boomlift: Na vanguarda do setor das \u00c1guas e Saneamento - Mais Magazine","robots":{"index":"index","follow":"follow","max-snippet":"max-snippet:-1","max-image-preview":"max-image-preview:large","max-video-preview":"max-video-preview:-1"},"canonical":"http:\/\/maismagazine.pt\/index.php\/2025\/03\/21\/boomlift-na-vanguarda-do-setor-das-aguas-e-saneamento\/","og_locale":"pt_PT","og_type":"article","og_title":"Boomlift: Na vanguarda do setor das \u00c1guas e Saneamento - Mais Magazine","og_description":"Nos \u00faltimos anos, a Boomlift consolidou-se como uma refer\u00eancia no setor das \u00c1guas e Saneamento, destacando-se pelo desenvolvimento de solu\u00e7\u00f5es inovadoras criadas e produzidas em Portugal. Com um forte compromisso com a qualidade, a empresa tem investido significativamente na conce\u00e7\u00e3o de equipamentos que atendem \u00e0s necessidades espec\u00edficas dos seus clientes,&hellip;","og_url":"http:\/\/maismagazine.pt\/index.php\/2025\/03\/21\/boomlift-na-vanguarda-do-setor-das-aguas-e-saneamento\/","og_site_name":"Mais Magazine","article_published_time":"2025-03-21T07:00:00+00:00","og_image":[{"width":2560,"height":1707,"url":"http:\/\/maismagazine.pt\/wp-content\/uploads\/2025\/03\/p-scaled.jpg","type":"image\/jpeg"}],"author":"Tatiana Martins","twitter_card":"summary_large_image","twitter_misc":{"Escrito por":false,"Tempo estimado de leitura":"4 minutos"},"schema":{"@context":"https:\/\/schema.org","@graph":[{"@type":"Article","@id":"http:\/\/maismagazine.pt\/index.php\/2025\/03\/21\/boomlift-na-vanguarda-do-setor-das-aguas-e-saneamento\/#article","isPartOf":{"@id":"http:\/\/maismagazine.pt\/index.php\/2025\/03\/21\/boomlift-na-vanguarda-do-setor-das-aguas-e-saneamento\/"},"author":{"name":"Tatiana Martins","@id":"http:\/\/maismagazine.pt\/#\/schema\/person\/7426e2caeb8df32a1b56aa48dae778c9"},"headline":"Boomlift: Na vanguarda do setor das \u00c1guas e Saneamento","datePublished":"2025-03-21T07:00:00+00:00","mainEntityOfPage":{"@id":"http:\/\/maismagazine.pt\/index.php\/2025\/03\/21\/boomlift-na-vanguarda-do-setor-das-aguas-e-saneamento\/"},"wordCount":702,"publisher":{"@id":"http:\/\/maismagazine.pt\/#organization"},"image":{"@id":"http:\/\/maismagazine.pt\/index.php\/2025\/03\/21\/boomlift-na-vanguarda-do-setor-das-aguas-e-saneamento\/#primaryimage"},"thumbnailUrl":"http:\/\/maismagazine.pt\/wp-content\/uploads\/2025\/03\/p-scaled.jpg","keywords":["\u00c1gua","Boomlift"],"articleSection":["Ambiente e Sustentabilidade"],"inLanguage":"pt-PT"},{"@type":"WebPage","@id":"http:\/\/maismagazine.pt\/index.php\/2025\/03\/21\/boomlift-na-vanguarda-do-setor-das-aguas-e-saneamento\/","url":"http:\/\/maismagazine.pt\/index.php\/2025\/03\/21\/boomlift-na-vanguarda-do-setor-das-aguas-e-saneamento\/","name":"Boomlift: Na vanguarda do setor das \u00c1guas e Saneamento - Mais Magazine","isPartOf":{"@id":"http:\/\/maismagazine.pt\/#website"},"primaryImageOfPage":{"@id":"http:\/\/maismagazine.pt\/index.php\/2025\/03\/21\/boomlift-na-vanguarda-do-setor-das-aguas-e-saneamento\/#primaryimage"},"image":{"@id":"http:\/\/maismagazine.pt\/index.php\/2025\/03\/21\/boomlift-na-vanguarda-do-setor-das-aguas-e-saneamento\/#primaryimage"},"thumbnailUrl":"http:\/\/maismagazine.pt\/wp-content\/uploads\/2025\/03\/p-scaled.jpg","datePublished":"2025-03-21T07:00:00+00:00","breadcrumb":{"@id":"http:\/\/maismagazine.pt\/index.php\/2025\/03\/21\/boomlift-na-vanguarda-do-setor-das-aguas-e-saneamento\/#breadcrumb"},"inLanguage":"pt-PT","potentialAction":[{"@type":"ReadAction","target":["http:\/\/maismagazine.pt\/index.php\/2025\/03\/21\/boomlift-na-vanguarda-do-setor-das-aguas-e-saneamento\/"]}]},{"@type":"ImageObject","inLanguage":"pt-PT","@id":"http:\/\/maismagazine.pt\/index.php\/2025\/03\/21\/boomlift-na-vanguarda-do-setor-das-aguas-e-saneamento\/#primaryimage","url":"http:\/\/maismagazine.pt\/wp-content\/uploads\/2025\/03\/p-scaled.jpg","contentUrl":"http:\/\/maismagazine.pt\/wp-content\/uploads\/2025\/03\/p-scaled.jpg","width":2560,"height":1707,"caption":"Manuel Duarte, CEO Boomlift"},{"@type":"BreadcrumbList","@id":"http:\/\/maismagazine.pt\/index.php\/2025\/03\/21\/boomlift-na-vanguarda-do-setor-das-aguas-e-saneamento\/#breadcrumb","itemListElement":[{"@type":"ListItem","position":1,"name":"Home","item":"http:\/\/maismagazine.pt\/"},{"@type":"ListItem","position":2,"name":"Boomlift: Na vanguarda do setor das \u00c1guas e Saneamento"}]},{"@type":"WebSite","@id":"http:\/\/maismagazine.pt\/#website","url":"http:\/\/maismagazine.pt\/","name":"Mais Magazine","description":"","publisher":{"@id":"http:\/\/maismagazine.pt\/#organization"},"potentialAction":[{"@type":"SearchAction","target":{"@type":"EntryPoint","urlTemplate":"http:\/\/maismagazine.pt\/?s={search_term_string}"},"query-input":{"@type":"PropertyValueSpecification","valueRequired":true,"valueName":"search_term_string"}}],"inLanguage":"pt-PT"},{"@type":"Organization","@id":"http:\/\/maismagazine.pt\/#organization","name":"Mais Magazine","url":"http:\/\/maismagazine.pt\/","logo":{"@type":"ImageObject","inLanguage":"pt-PT","@id":"http:\/\/maismagazine.pt\/#\/schema\/logo\/image\/","url":"http:\/\/maismagazine.pt\/wp-content\/uploads\/2020\/04\/cropped-cropped-mais-magazine-site-logo-2.png","contentUrl":"http:\/\/maismagazine.pt\/wp-content\/uploads\/2020\/04\/cropped-cropped-mais-magazine-site-logo-2.png","width":581,"height":90,"caption":"Mais Magazine"},"image":{"@id":"http:\/\/maismagazine.pt\/#\/schema\/logo\/image\/"}},{"@type":"Person","@id":"http:\/\/maismagazine.pt\/#\/schema\/person\/7426e2caeb8df32a1b56aa48dae778c9","name":"Tatiana Martins","image":{"@type":"ImageObject","inLanguage":"pt-PT","@id":"http:\/\/maismagazine.pt\/#\/schema\/person\/image\/","url":"https:\/\/secure.gravatar.com\/avatar\/4b24a57f5d0425f2eb20981c4b53244e?s=96&d=mm&r=g","contentUrl":"https:\/\/secure.gravatar.com\/avatar\/4b24a57f5d0425f2eb20981c4b53244e?s=96&d=mm&r=g","caption":"Tatiana Martins"},"url":"http:\/\/maismagazine.pt\/index.php\/author\/tatiana\/"}]}},"author_meta":{"display_name":false,"author_link":"http:\/\/maismagazine.pt\/index.php\/author\/tatiana\/"},"featured_img":"http:\/\/maismagazine.pt\/wp-content\/uploads\/2025\/03\/p-300x200.jpg","coauthors":[],"tax_additional":{"categories":{"linked":["<a href=\"http:\/\/maismagazine.pt\/index.php\/category\/empreendedorismo\/ambiente-e-sustentabilidade\/\" class=\"advgb-post-tax-term\">Ambiente e Sustentabilidade<\/a>"],"unlinked":["<span class=\"advgb-post-tax-term\">Ambiente e Sustentabilidade<\/span>"]},"tags":{"linked":["<a href=\"http:\/\/maismagazine.pt\/index.php\/category\/empreendedorismo\/ambiente-e-sustentabilidade\/\" class=\"advgb-post-tax-term\">\u00c1gua<\/a>","<a href=\"http:\/\/maismagazine.pt\/index.php\/category\/empreendedorismo\/ambiente-e-sustentabilidade\/\" class=\"advgb-post-tax-term\">Boomlift<\/a>"],"unlinked":["<span class=\"advgb-post-tax-term\">\u00c1gua<\/span>","<span class=\"advgb-post-tax-term\">Boomlift<\/span>"]}},"comment_count":"0","relative_dates":{"created":"Posted 1 ano ago","modified":"Updated 1 ano ago"},"absolute_dates":{"created":"Posted on 21 de Mar\u00e7o, 2025","modified":"Updated on 19 de Mar\u00e7o, 2025"},"absolute_dates_time":{"created":"Posted on 21 de Mar\u00e7o, 2025 7:00","modified":"Updated on 19 de Mar\u00e7o, 2025 14:25"},"featured_img_caption":"Manuel Duarte, CEO Boomlift","series_order":"","_links":{"self":[{"href":"http:\/\/maismagazine.pt\/index.php\/wp-json\/wp\/v2\/posts\/11652","targetHints":{"allow":["GET"]}}],"collection":[{"href":"http:\/\/maismagazine.pt\/index.php\/wp-json\/wp\/v2\/posts"}],"about":[{"href":"http:\/\/maismagazine.pt\/index.php\/wp-json\/wp\/v2\/types\/post"}],"author":[{"embeddable":true,"href":"http:\/\/maismagazine.pt\/index.php\/wp-json\/wp\/v2\/users\/18"}],"replies":[{"embeddable":true,"href":"http:\/\/maismagazine.pt\/index.php\/wp-json\/wp\/v2\/comments?post=11652"}],"version-history":[{"count":1,"href":"http:\/\/maismagazine.pt\/index.php\/wp-json\/wp\/v2\/posts\/11652\/revisions"}],"predecessor-version":[{"id":11656,"href":"http:\/\/maismagazine.pt\/index.php\/wp-json\/wp\/v2\/posts\/11652\/revisions\/11656"}],"wp:featuredmedia":[{"embeddable":true,"href":"http:\/\/maismagazine.pt\/index.php\/wp-json\/wp\/v2\/media\/11655"}],"wp:attachment":[{"href":"http:\/\/maismagazine.pt\/index.php\/wp-json\/wp\/v2\/media?parent=11652"}],"wp:term":[{"taxonomy":"category","embeddable":true,"href":"http:\/\/maismagazine.pt\/index.php\/wp-json\/wp\/v2\/categories?post=11652"},{"taxonomy":"post_tag","embeddable":true,"href":"http:\/\/maismagazine.pt\/index.php\/wp-json\/wp\/v2\/tags?post=11652"}],"curies":[{"name":"wp","href":"https:\/\/api.w.org\/{rel}","templated":true}]}}