{"id":11642,"date":"2025-03-21T07:00:00","date_gmt":"2025-03-21T07:00:00","guid":{"rendered":"https:\/\/maismagazine.pt\/?p=11642"},"modified":"2025-03-19T14:19:46","modified_gmt":"2025-03-19T14:19:46","slug":"epal-agua-e-vida","status":"publish","type":"post","link":"http:\/\/maismagazine.pt\/index.php\/2025\/03\/21\/epal-agua-e-vida\/","title":{"rendered":"Epal: \u00c1gua \u00e9 vida!"},"content":{"rendered":"\n<p><strong>A <a href=\"http:\/\/www.epal.pt\">EPAL<\/a> tem nos seus prop\u00f3sitos um conjunto de ambi\u00e7\u00f5es que est\u00e3o alinhados com os grandes desafios do setor e metas ambientais globais.<\/strong><\/p>\n\n\n\n<p><\/p>\n\n\n\n<p>Como desafios do setor da \u00e1gua, a efici\u00eancia h\u00eddrica e operacional, a resili\u00eancia dos sistemas e a inova\u00e7\u00e3o e transi\u00e7\u00e3o digital s\u00e3o eixos de atua\u00e7\u00e3o que marcaram significativamente o ano de 2024 e prosseguir\u00e3o este ano.<\/p>\n\n\n\n<p><\/p>\n\n\n\n<p>Do lado dos objetivos e metas ambientais, destaque aos projetos de circularidade e de neutralidade, visando consolidar medidas de economia circular e a redu\u00e7\u00e3o de emiss\u00f5es.<\/p>\n\n\n\n<p><\/p>\n\n\n\n<p>A EPAL registou em 2024 o melhor resultado l\u00edquido da sua hist\u00f3ria, ao mesmo tempo registou o maior valor de investimento dos \u00faltimos 15 anos, superando os 35 milh\u00f5es de euros. A renova\u00e7\u00e3o da rede de distribui\u00e7\u00e3o da cidade de Lisboa prosseguiu a bom ritmo, com cerca de 15 km de interven\u00e7\u00f5es, ultrapassando nos \u00faltimos 2 anos os 30 km. <\/p>\n\n\n\n<p><\/p>\n\n\n\n<p>Os indicadores de \u00e1gua segura nos sistemas da \u201calta\u201d e da \u201cbaixa\u201d colocam a EPAL num patamar de excel\u00eancia, confirmando um trabalho integrado de toda a empresa.<\/p>\n\n\n\n<p><\/p>\n\n\n\n<p>No dom\u00ednio da rela\u00e7\u00e3o com os clientes merece destaque o fato de em 2024 se ter iniciado a leitura bimensal, refor\u00e7ando a fiabilidade e a confian\u00e7a no relacionamento, para um alinhamento com n\u00edveis de servi\u00e7o decorrentes dos desafios do novo Regulamento de qualidade de servi\u00e7o da ERSAR.A EPAL viu reconhecido, pelo segundo ano consecutivo, a excel\u00eancia pelos clientes, recebendo o pr\u00e9mio BECX \u201ca melhor marca na Experi\u00eancia do cliente\u201d do setor da \u00e1gua.<\/p>\n\n\n<div class=\"wp-block-image\">\n<figure class=\"alignleft size-large is-resized\"><img loading=\"lazy\" decoding=\"async\" width=\"1024\" height=\"681\" src=\"https:\/\/maismagazine.pt\/wp-content\/uploads\/2025\/03\/Lisboa-Museu-da-Agua-Estacao-elevatoria-a-vapor-dos-Barbadinhos_maquin.-1-1024x681.jpg\" alt=\"\" class=\"wp-image-11648\" style=\"width:441px;height:auto\" srcset=\"http:\/\/maismagazine.pt\/wp-content\/uploads\/2025\/03\/Lisboa-Museu-da-Agua-Estacao-elevatoria-a-vapor-dos-Barbadinhos_maquin.-1-1024x681.jpg 1024w, http:\/\/maismagazine.pt\/wp-content\/uploads\/2025\/03\/Lisboa-Museu-da-Agua-Estacao-elevatoria-a-vapor-dos-Barbadinhos_maquin.-1-300x200.jpg 300w, http:\/\/maismagazine.pt\/wp-content\/uploads\/2025\/03\/Lisboa-Museu-da-Agua-Estacao-elevatoria-a-vapor-dos-Barbadinhos_maquin.-1-768x511.jpg 768w, http:\/\/maismagazine.pt\/wp-content\/uploads\/2025\/03\/Lisboa-Museu-da-Agua-Estacao-elevatoria-a-vapor-dos-Barbadinhos_maquin.-1-150x100.jpg 150w, http:\/\/maismagazine.pt\/wp-content\/uploads\/2025\/03\/Lisboa-Museu-da-Agua-Estacao-elevatoria-a-vapor-dos-Barbadinhos_maquin.-1.jpg 1064w\" sizes=\"auto, (max-width: 1024px) 100vw, 1024px\" \/><\/figure><\/div>\n\n\n<p>Com os olhos postos no futuro e na estrat\u00e9gia \u201c\u00c1gua que une\u201d, merece refer\u00eancia a contrata\u00e7\u00e3o e arranque dos trabalhos do Plano Geral da EPAL e Oeste, com conclus\u00e3o prevista no in\u00edcio de 2026. Este instrumento de planeamento constituir\u00e1 uma importante ferramenta de apoio \u00e0 decis\u00e3o, respondendo aos desafios futuros que s\u00e3o colocados por mudan\u00e7as clim\u00e1ticas, din\u00e2micas territoriais nos munic\u00edpios que s\u00e3o clientes da EPAL e pelos desafios que se antecipam como a constru\u00e7\u00e3o futura do novo aeroporto de Lisboa.<\/p>\n\n\n\n<p><\/p>\n\n\n\n<p>O Museu da \u00c1gua alcan\u00e7ou novo m\u00e1ximo de visitantes, ultrapassando os 135000 e alcan\u00e7ou o maior n\u00famero de visitas guiadas. Foram dados passos para consolidar a candidatura do Aqueduto das \u00c1guas Livres a Patrim\u00f3nio Mundial da UNESCO. Esse trabalho veio a ser reconhecido com a atribui\u00e7\u00e3o de um pr\u00e9mio no decorrer de evento internacional \u2013 IAHR Hydro-Envi-ronment World Heritage Award.A educa\u00e7\u00e3o ambiental merece a melhor aten\u00e7\u00e3o, sendo de referir que o projeto Educa\u00e7\u00e3o Ambiental em A\u00e7\u00e3o levou \u00e0 realiza\u00e7\u00e3o de 130 iniciativas e contou com mais de 4000 participantes. Prosseguimos com novas parcerias, as iniciativas para promover o uso eficiente da \u00e1gua e con-sumo de \u00e1gua da torneira.<\/p>\n\n\n\n<p><\/p>\n\n\n\n<p>A Academia das \u00c1guas Livres alargou o seu Plano de Forma\u00e7\u00e3o e alcan\u00e7ou em 2024 o maior n\u00famero de formandos, vendo reconhecido o n\u00edvel da forma\u00e7\u00e3o atrav\u00e9s de sistema de avalia\u00e7\u00e3o das suas a\u00e7\u00f5es e pela renova\u00e7\u00e3o de certifica\u00e7\u00f5es de entidades externas, nomeadamente a Ordem dos Engenheiros.<\/p>\n\n\n\n<p><\/p>\n\n\n\n<p>Temos em curso um conjunto de projetos tendentes \u00e0 valoriza\u00e7\u00e3o dos ativos, tendo obtido o licenciamento do edif\u00edcio das Portas de Santo Ant\u00e3o, os estudos para futuro Campus da \u00c1gua, no recinto do Parque das Na\u00e7\u00f5es, e temos em conclus\u00e3o as obras para a abertura do recinto das Amoreiras ao p\u00fablico. <\/p>\n\n\n\n<p><\/p>\n\n\n<div class=\"wp-block-image\">\n<figure class=\"aligncenter size-full\"><img loading=\"lazy\" decoding=\"async\" width=\"280\" height=\"99\" src=\"https:\/\/maismagazine.pt\/wp-content\/uploads\/2025\/03\/sioe-org-875790330.png\" alt=\"\" class=\"wp-image-11650\"\/><\/figure><\/div>","protected":false},"excerpt":{"rendered":"<p>A EPAL tem nos seus prop\u00f3sitos um conjunto de ambi\u00e7\u00f5es que est\u00e3o alinhados com os grandes desafios do setor e metas ambientais globais. Como desafios do setor da \u00e1gua, a efici\u00eancia h\u00eddrica e operacional, a resili\u00eancia dos sistemas e a inova\u00e7\u00e3o e transi\u00e7\u00e3o digital s\u00e3o eixos de atua\u00e7\u00e3o que marcaram&hellip;<\/p>\n","protected":false},"author":18,"featured_media":11646,"comment_status":"closed","ping_status":"open","sticky":false,"template":"","format":"standard","meta":{"advgb_blocks_editor_width":"","advgb_blocks_columns_visual_guide":"","_monsterinsights_skip_tracking":false,"_monsterinsights_sitenote_active":false,"_monsterinsights_sitenote_note":"","_monsterinsights_sitenote_category":0,"footnotes":""},"categories":[78],"tags":[107,118],"class_list":["post-11642","post","type-post","status-publish","format-standard","has-post-thumbnail","hentry","category-ambiente-e-sustentabilidade","tag-agua","tag-epal"],"yoast_head":"<!-- This site is optimized with the Yoast SEO plugin v24.4 - https:\/\/yoast.com\/wordpress\/plugins\/seo\/ -->\n<title>Epal: \u00c1gua \u00e9 vida! - Mais Magazine<\/title>\n<meta name=\"robots\" content=\"index, follow, max-snippet:-1, max-image-preview:large, max-video-preview:-1\" \/>\n<link rel=\"canonical\" href=\"https:\/\/maismagazine.pt\/index.php\/2025\/03\/21\/epal-agua-e-vida\/\" \/>\n<meta property=\"og:locale\" content=\"pt_PT\" \/>\n<meta property=\"og:type\" content=\"article\" \/>\n<meta property=\"og:title\" content=\"Epal: \u00c1gua \u00e9 vida! - Mais Magazine\" \/>\n<meta property=\"og:description\" content=\"A EPAL tem nos seus prop\u00f3sitos um conjunto de ambi\u00e7\u00f5es que est\u00e3o alinhados com os grandes desafios do setor e metas ambientais globais. Como desafios do setor da \u00e1gua, a efici\u00eancia h\u00eddrica e operacional, a resili\u00eancia dos sistemas e a inova\u00e7\u00e3o e transi\u00e7\u00e3o digital s\u00e3o eixos de atua\u00e7\u00e3o que marcaram&hellip;\" \/>\n<meta property=\"og:url\" content=\"https:\/\/maismagazine.pt\/index.php\/2025\/03\/21\/epal-agua-e-vida\/\" \/>\n<meta property=\"og:site_name\" content=\"Mais Magazine\" \/>\n<meta property=\"article:published_time\" content=\"2025-03-21T07:00:00+00:00\" \/>\n<meta property=\"og:image\" content=\"https:\/\/maismagazine.pt\/wp-content\/uploads\/2025\/03\/ETA_Asseiceira_Tomar_2019-68-1.jpg\" \/>\n\t<meta property=\"og:image:width\" content=\"843\" \/>\n\t<meta property=\"og:image:height\" content=\"503\" \/>\n\t<meta property=\"og:image:type\" content=\"image\/jpeg\" \/>\n<meta name=\"author\" content=\"Tatiana Martins\" \/>\n<meta name=\"twitter:card\" content=\"summary_large_image\" \/>\n<meta name=\"twitter:label1\" content=\"Escrito por\" \/>\n\t<meta name=\"twitter:data1\" content=\"\" \/>\n\t<meta name=\"twitter:label2\" content=\"Tempo estimado de leitura\" \/>\n\t<meta name=\"twitter:data2\" content=\"4 minutos\" \/>\n<script type=\"application\/ld+json\" class=\"yoast-schema-graph\">{\"@context\":\"https:\/\/schema.org\",\"@graph\":[{\"@type\":\"Article\",\"@id\":\"https:\/\/maismagazine.pt\/index.php\/2025\/03\/21\/epal-agua-e-vida\/#article\",\"isPartOf\":{\"@id\":\"https:\/\/maismagazine.pt\/index.php\/2025\/03\/21\/epal-agua-e-vida\/\"},\"author\":{\"name\":\"Tatiana Martins\",\"@id\":\"http:\/\/maismagazine.pt\/#\/schema\/person\/7426e2caeb8df32a1b56aa48dae778c9\"},\"headline\":\"Epal: \u00c1gua \u00e9 vida!\",\"datePublished\":\"2025-03-21T07:00:00+00:00\",\"mainEntityOfPage\":{\"@id\":\"https:\/\/maismagazine.pt\/index.php\/2025\/03\/21\/epal-agua-e-vida\/\"},\"wordCount\":590,\"publisher\":{\"@id\":\"http:\/\/maismagazine.pt\/#organization\"},\"image\":{\"@id\":\"https:\/\/maismagazine.pt\/index.php\/2025\/03\/21\/epal-agua-e-vida\/#primaryimage\"},\"thumbnailUrl\":\"http:\/\/maismagazine.pt\/wp-content\/uploads\/2025\/03\/ETA_Asseiceira_Tomar_2019-68-1.jpg\",\"keywords\":[\"\u00c1gua\",\"EPAL\"],\"articleSection\":[\"Ambiente e Sustentabilidade\"],\"inLanguage\":\"pt-PT\"},{\"@type\":\"WebPage\",\"@id\":\"https:\/\/maismagazine.pt\/index.php\/2025\/03\/21\/epal-agua-e-vida\/\",\"url\":\"https:\/\/maismagazine.pt\/index.php\/2025\/03\/21\/epal-agua-e-vida\/\",\"name\":\"Epal: \u00c1gua \u00e9 vida! - Mais Magazine\",\"isPartOf\":{\"@id\":\"http:\/\/maismagazine.pt\/#website\"},\"primaryImageOfPage\":{\"@id\":\"https:\/\/maismagazine.pt\/index.php\/2025\/03\/21\/epal-agua-e-vida\/#primaryimage\"},\"image\":{\"@id\":\"https:\/\/maismagazine.pt\/index.php\/2025\/03\/21\/epal-agua-e-vida\/#primaryimage\"},\"thumbnailUrl\":\"http:\/\/maismagazine.pt\/wp-content\/uploads\/2025\/03\/ETA_Asseiceira_Tomar_2019-68-1.jpg\",\"datePublished\":\"2025-03-21T07:00:00+00:00\",\"breadcrumb\":{\"@id\":\"https:\/\/maismagazine.pt\/index.php\/2025\/03\/21\/epal-agua-e-vida\/#breadcrumb\"},\"inLanguage\":\"pt-PT\",\"potentialAction\":[{\"@type\":\"ReadAction\",\"target\":[\"https:\/\/maismagazine.pt\/index.php\/2025\/03\/21\/epal-agua-e-vida\/\"]}]},{\"@type\":\"ImageObject\",\"inLanguage\":\"pt-PT\",\"@id\":\"https:\/\/maismagazine.pt\/index.php\/2025\/03\/21\/epal-agua-e-vida\/#primaryimage\",\"url\":\"http:\/\/maismagazine.pt\/wp-content\/uploads\/2025\/03\/ETA_Asseiceira_Tomar_2019-68-1.jpg\",\"contentUrl\":\"http:\/\/maismagazine.pt\/wp-content\/uploads\/2025\/03\/ETA_Asseiceira_Tomar_2019-68-1.jpg\",\"width\":843,\"height\":503},{\"@type\":\"BreadcrumbList\",\"@id\":\"https:\/\/maismagazine.pt\/index.php\/2025\/03\/21\/epal-agua-e-vida\/#breadcrumb\",\"itemListElement\":[{\"@type\":\"ListItem\",\"position\":1,\"name\":\"Home\",\"item\":\"http:\/\/maismagazine.pt\/\"},{\"@type\":\"ListItem\",\"position\":2,\"name\":\"Epal: \u00c1gua \u00e9 vida!\"}]},{\"@type\":\"WebSite\",\"@id\":\"http:\/\/maismagazine.pt\/#website\",\"url\":\"http:\/\/maismagazine.pt\/\",\"name\":\"Mais Magazine\",\"description\":\"\",\"publisher\":{\"@id\":\"http:\/\/maismagazine.pt\/#organization\"},\"potentialAction\":[{\"@type\":\"SearchAction\",\"target\":{\"@type\":\"EntryPoint\",\"urlTemplate\":\"http:\/\/maismagazine.pt\/?s={search_term_string}\"},\"query-input\":{\"@type\":\"PropertyValueSpecification\",\"valueRequired\":true,\"valueName\":\"search_term_string\"}}],\"inLanguage\":\"pt-PT\"},{\"@type\":\"Organization\",\"@id\":\"http:\/\/maismagazine.pt\/#organization\",\"name\":\"Mais Magazine\",\"url\":\"http:\/\/maismagazine.pt\/\",\"logo\":{\"@type\":\"ImageObject\",\"inLanguage\":\"pt-PT\",\"@id\":\"http:\/\/maismagazine.pt\/#\/schema\/logo\/image\/\",\"url\":\"http:\/\/maismagazine.pt\/wp-content\/uploads\/2020\/04\/cropped-cropped-mais-magazine-site-logo-2.png\",\"contentUrl\":\"http:\/\/maismagazine.pt\/wp-content\/uploads\/2020\/04\/cropped-cropped-mais-magazine-site-logo-2.png\",\"width\":581,\"height\":90,\"caption\":\"Mais Magazine\"},\"image\":{\"@id\":\"http:\/\/maismagazine.pt\/#\/schema\/logo\/image\/\"}},{\"@type\":\"Person\",\"@id\":\"http:\/\/maismagazine.pt\/#\/schema\/person\/7426e2caeb8df32a1b56aa48dae778c9\",\"name\":\"Tatiana Martins\",\"image\":{\"@type\":\"ImageObject\",\"inLanguage\":\"pt-PT\",\"@id\":\"http:\/\/maismagazine.pt\/#\/schema\/person\/image\/\",\"url\":\"https:\/\/secure.gravatar.com\/avatar\/4b24a57f5d0425f2eb20981c4b53244e?s=96&d=mm&r=g\",\"contentUrl\":\"https:\/\/secure.gravatar.com\/avatar\/4b24a57f5d0425f2eb20981c4b53244e?s=96&d=mm&r=g\",\"caption\":\"Tatiana Martins\"},\"url\":\"http:\/\/maismagazine.pt\/index.php\/author\/tatiana\/\"}]}<\/script>\n<!-- \/ Yoast SEO plugin. -->","yoast_head_json":{"title":"Epal: \u00c1gua \u00e9 vida! - Mais Magazine","robots":{"index":"index","follow":"follow","max-snippet":"max-snippet:-1","max-image-preview":"max-image-preview:large","max-video-preview":"max-video-preview:-1"},"canonical":"https:\/\/maismagazine.pt\/index.php\/2025\/03\/21\/epal-agua-e-vida\/","og_locale":"pt_PT","og_type":"article","og_title":"Epal: \u00c1gua \u00e9 vida! - Mais Magazine","og_description":"A EPAL tem nos seus prop\u00f3sitos um conjunto de ambi\u00e7\u00f5es que est\u00e3o alinhados com os grandes desafios do setor e metas ambientais globais. Como desafios do setor da \u00e1gua, a efici\u00eancia h\u00eddrica e operacional, a resili\u00eancia dos sistemas e a inova\u00e7\u00e3o e transi\u00e7\u00e3o digital s\u00e3o eixos de atua\u00e7\u00e3o que marcaram&hellip;","og_url":"https:\/\/maismagazine.pt\/index.php\/2025\/03\/21\/epal-agua-e-vida\/","og_site_name":"Mais Magazine","article_published_time":"2025-03-21T07:00:00+00:00","og_image":[{"width":843,"height":503,"url":"https:\/\/maismagazine.pt\/wp-content\/uploads\/2025\/03\/ETA_Asseiceira_Tomar_2019-68-1.jpg","type":"image\/jpeg"}],"author":"Tatiana Martins","twitter_card":"summary_large_image","twitter_misc":{"Escrito por":false,"Tempo estimado de leitura":"4 minutos"},"schema":{"@context":"https:\/\/schema.org","@graph":[{"@type":"Article","@id":"https:\/\/maismagazine.pt\/index.php\/2025\/03\/21\/epal-agua-e-vida\/#article","isPartOf":{"@id":"https:\/\/maismagazine.pt\/index.php\/2025\/03\/21\/epal-agua-e-vida\/"},"author":{"name":"Tatiana Martins","@id":"http:\/\/maismagazine.pt\/#\/schema\/person\/7426e2caeb8df32a1b56aa48dae778c9"},"headline":"Epal: \u00c1gua \u00e9 vida!","datePublished":"2025-03-21T07:00:00+00:00","mainEntityOfPage":{"@id":"https:\/\/maismagazine.pt\/index.php\/2025\/03\/21\/epal-agua-e-vida\/"},"wordCount":590,"publisher":{"@id":"http:\/\/maismagazine.pt\/#organization"},"image":{"@id":"https:\/\/maismagazine.pt\/index.php\/2025\/03\/21\/epal-agua-e-vida\/#primaryimage"},"thumbnailUrl":"http:\/\/maismagazine.pt\/wp-content\/uploads\/2025\/03\/ETA_Asseiceira_Tomar_2019-68-1.jpg","keywords":["\u00c1gua","EPAL"],"articleSection":["Ambiente e Sustentabilidade"],"inLanguage":"pt-PT"},{"@type":"WebPage","@id":"https:\/\/maismagazine.pt\/index.php\/2025\/03\/21\/epal-agua-e-vida\/","url":"https:\/\/maismagazine.pt\/index.php\/2025\/03\/21\/epal-agua-e-vida\/","name":"Epal: \u00c1gua \u00e9 vida! - Mais Magazine","isPartOf":{"@id":"http:\/\/maismagazine.pt\/#website"},"primaryImageOfPage":{"@id":"https:\/\/maismagazine.pt\/index.php\/2025\/03\/21\/epal-agua-e-vida\/#primaryimage"},"image":{"@id":"https:\/\/maismagazine.pt\/index.php\/2025\/03\/21\/epal-agua-e-vida\/#primaryimage"},"thumbnailUrl":"http:\/\/maismagazine.pt\/wp-content\/uploads\/2025\/03\/ETA_Asseiceira_Tomar_2019-68-1.jpg","datePublished":"2025-03-21T07:00:00+00:00","breadcrumb":{"@id":"https:\/\/maismagazine.pt\/index.php\/2025\/03\/21\/epal-agua-e-vida\/#breadcrumb"},"inLanguage":"pt-PT","potentialAction":[{"@type":"ReadAction","target":["https:\/\/maismagazine.pt\/index.php\/2025\/03\/21\/epal-agua-e-vida\/"]}]},{"@type":"ImageObject","inLanguage":"pt-PT","@id":"https:\/\/maismagazine.pt\/index.php\/2025\/03\/21\/epal-agua-e-vida\/#primaryimage","url":"http:\/\/maismagazine.pt\/wp-content\/uploads\/2025\/03\/ETA_Asseiceira_Tomar_2019-68-1.jpg","contentUrl":"http:\/\/maismagazine.pt\/wp-content\/uploads\/2025\/03\/ETA_Asseiceira_Tomar_2019-68-1.jpg","width":843,"height":503},{"@type":"BreadcrumbList","@id":"https:\/\/maismagazine.pt\/index.php\/2025\/03\/21\/epal-agua-e-vida\/#breadcrumb","itemListElement":[{"@type":"ListItem","position":1,"name":"Home","item":"http:\/\/maismagazine.pt\/"},{"@type":"ListItem","position":2,"name":"Epal: \u00c1gua \u00e9 vida!"}]},{"@type":"WebSite","@id":"http:\/\/maismagazine.pt\/#website","url":"http:\/\/maismagazine.pt\/","name":"Mais Magazine","description":"","publisher":{"@id":"http:\/\/maismagazine.pt\/#organization"},"potentialAction":[{"@type":"SearchAction","target":{"@type":"EntryPoint","urlTemplate":"http:\/\/maismagazine.pt\/?s={search_term_string}"},"query-input":{"@type":"PropertyValueSpecification","valueRequired":true,"valueName":"search_term_string"}}],"inLanguage":"pt-PT"},{"@type":"Organization","@id":"http:\/\/maismagazine.pt\/#organization","name":"Mais Magazine","url":"http:\/\/maismagazine.pt\/","logo":{"@type":"ImageObject","inLanguage":"pt-PT","@id":"http:\/\/maismagazine.pt\/#\/schema\/logo\/image\/","url":"http:\/\/maismagazine.pt\/wp-content\/uploads\/2020\/04\/cropped-cropped-mais-magazine-site-logo-2.png","contentUrl":"http:\/\/maismagazine.pt\/wp-content\/uploads\/2020\/04\/cropped-cropped-mais-magazine-site-logo-2.png","width":581,"height":90,"caption":"Mais Magazine"},"image":{"@id":"http:\/\/maismagazine.pt\/#\/schema\/logo\/image\/"}},{"@type":"Person","@id":"http:\/\/maismagazine.pt\/#\/schema\/person\/7426e2caeb8df32a1b56aa48dae778c9","name":"Tatiana Martins","image":{"@type":"ImageObject","inLanguage":"pt-PT","@id":"http:\/\/maismagazine.pt\/#\/schema\/person\/image\/","url":"https:\/\/secure.gravatar.com\/avatar\/4b24a57f5d0425f2eb20981c4b53244e?s=96&d=mm&r=g","contentUrl":"https:\/\/secure.gravatar.com\/avatar\/4b24a57f5d0425f2eb20981c4b53244e?s=96&d=mm&r=g","caption":"Tatiana Martins"},"url":"http:\/\/maismagazine.pt\/index.php\/author\/tatiana\/"}]}},"author_meta":{"display_name":false,"author_link":"http:\/\/maismagazine.pt\/index.php\/author\/tatiana\/"},"featured_img":"http:\/\/maismagazine.pt\/wp-content\/uploads\/2025\/03\/ETA_Asseiceira_Tomar_2019-68-1-300x179.jpg","coauthors":[],"tax_additional":{"categories":{"linked":["<a href=\"http:\/\/maismagazine.pt\/index.php\/category\/empreendedorismo\/ambiente-e-sustentabilidade\/\" class=\"advgb-post-tax-term\">Ambiente e Sustentabilidade<\/a>"],"unlinked":["<span class=\"advgb-post-tax-term\">Ambiente e Sustentabilidade<\/span>"]},"tags":{"linked":["<a href=\"http:\/\/maismagazine.pt\/index.php\/category\/empreendedorismo\/ambiente-e-sustentabilidade\/\" class=\"advgb-post-tax-term\">\u00c1gua<\/a>","<a href=\"http:\/\/maismagazine.pt\/index.php\/category\/empreendedorismo\/ambiente-e-sustentabilidade\/\" class=\"advgb-post-tax-term\">EPAL<\/a>"],"unlinked":["<span class=\"advgb-post-tax-term\">\u00c1gua<\/span>","<span class=\"advgb-post-tax-term\">EPAL<\/span>"]}},"comment_count":"0","relative_dates":{"created":"Posted 1 ano ago","modified":"Updated 1 ano ago"},"absolute_dates":{"created":"Posted on 21 de Mar\u00e7o, 2025","modified":"Updated on 19 de Mar\u00e7o, 2025"},"absolute_dates_time":{"created":"Posted on 21 de Mar\u00e7o, 2025 7:00","modified":"Updated on 19 de Mar\u00e7o, 2025 14:19"},"featured_img_caption":"","series_order":"","_links":{"self":[{"href":"http:\/\/maismagazine.pt\/index.php\/wp-json\/wp\/v2\/posts\/11642","targetHints":{"allow":["GET"]}}],"collection":[{"href":"http:\/\/maismagazine.pt\/index.php\/wp-json\/wp\/v2\/posts"}],"about":[{"href":"http:\/\/maismagazine.pt\/index.php\/wp-json\/wp\/v2\/types\/post"}],"author":[{"embeddable":true,"href":"http:\/\/maismagazine.pt\/index.php\/wp-json\/wp\/v2\/users\/18"}],"replies":[{"embeddable":true,"href":"http:\/\/maismagazine.pt\/index.php\/wp-json\/wp\/v2\/comments?post=11642"}],"version-history":[{"count":1,"href":"http:\/\/maismagazine.pt\/index.php\/wp-json\/wp\/v2\/posts\/11642\/revisions"}],"predecessor-version":[{"id":11651,"href":"http:\/\/maismagazine.pt\/index.php\/wp-json\/wp\/v2\/posts\/11642\/revisions\/11651"}],"wp:featuredmedia":[{"embeddable":true,"href":"http:\/\/maismagazine.pt\/index.php\/wp-json\/wp\/v2\/media\/11646"}],"wp:attachment":[{"href":"http:\/\/maismagazine.pt\/index.php\/wp-json\/wp\/v2\/media?parent=11642"}],"wp:term":[{"taxonomy":"category","embeddable":true,"href":"http:\/\/maismagazine.pt\/index.php\/wp-json\/wp\/v2\/categories?post=11642"},{"taxonomy":"post_tag","embeddable":true,"href":"http:\/\/maismagazine.pt\/index.php\/wp-json\/wp\/v2\/tags?post=11642"}],"curies":[{"name":"wp","href":"https:\/\/api.w.org\/{rel}","templated":true}]}}