{"id":11641,"date":"2025-03-21T07:00:00","date_gmt":"2025-03-21T07:00:00","guid":{"rendered":"https:\/\/maismagazine.pt\/?p=11641"},"modified":"2025-03-19T14:19:58","modified_gmt":"2025-03-19T14:19:58","slug":"ha-92-anos-a-zelar-pelas-aguas-de-leiria","status":"publish","type":"post","link":"http:\/\/maismagazine.pt\/index.php\/2025\/03\/21\/ha-92-anos-a-zelar-pelas-aguas-de-leiria\/","title":{"rendered":"H\u00e1 92 anos a zelar pelas \u00e1guas de Leiria!"},"content":{"rendered":"\n<p><strong>Em 2025, os <a href=\"http:\/\/www.smas-leiria.pt\">Servi\u00e7os Municipalizados de \u00c1gua e Saneamento de Leiria<\/a> assinalam 92 anos de exist\u00eancia. Somos respons\u00e1veis quer pelo abastecimento de \u00e1gua para consumo humano quer pela recolha de \u00e1guas residuais no concelho de Leiria. Os SMAS de Leiria t\u00eam como miss\u00e3o, a presta\u00e7\u00e3o de servi\u00e7os de qualidade, assegurando os servi\u00e7os de abastecimento de \u00e1gua e de recolha de \u00e1guas residuais, criando todas as condi\u00e7\u00f5es necess\u00e1rias para que os mun\u00edcipes tenham melhor qualidade de vida. <\/strong><\/p>\n\n\n\n<p><\/p>\n\n\n\n<p>Asseguramos o fornecimento de \u00e1gua em qualidade e continuidade e promovemos a prote\u00e7\u00e3o do ambiente atrav\u00e9s do encaminhamento do efluente dom\u00e9stico para tratamento adequado em todo o concelho de Leiria. A nossa atividade tem como objetivo primordial refor\u00e7ar o compromisso de manter e valorizar a \u00e1gua como bem p\u00fablico essencial, numa perspetiva de excel\u00eancia. A constru\u00e7\u00e3o de uma cultura c\u00edvica ainda mais respons\u00e1vel e participativa, e o compromisso para com a sustentabilidade ambiental ser\u00e3o, sempre, os pilares da nossa atua\u00e7\u00e3o. Este setor de atividade enfrenta hoje novos desafios que requerem uma mudan\u00e7a estrat\u00e9gica de atua\u00e7\u00e3o, mais focada na gest\u00e3o eficiente dos recursos e aproxima\u00e7\u00e3o ao cliente. Os SMAS de Leiria identificaram como desafio principal no \u00e2mbito da sua atividade assegurar uma gest\u00e3o eficaz dos recursos para combater os desperd\u00edcios. <\/p>\n\n\n\n<p><\/p>\n\n\n\n<p>Prestamos um servi\u00e7o p\u00fablico de forma eficiente e sustent\u00e1vel. A efic\u00e1cia passa por garantirmos a acessibilidade f\u00edsica, continuidade e qualidade quer da \u00e1gua distribu\u00edda quer das \u00e1guas rejeitadas. Pretendemos alocar os recursos financeiros dispon\u00edveis para atingirmos uma maior efici\u00eancia h\u00eddrica, energ\u00e9tica e promover a descarboniza\u00e7\u00e3o. A taxa de cobertura de saneamento no concelho de Leiria \u00e9, neste momento, de 93%, fruto de um investimento de cerca de 30 milh\u00f5es de euros nos \u00faltimos doze anos. Todavia, os SMAS de Leiria n\u00e3o param por aqui, at\u00e9 porque est\u00e3o em curso atualmente investimentos na rede de saneamento no valor de 2,2 milh\u00f5es de euros que v\u00e3o permitir alcan\u00e7ar uma taxa de cobertura de 95%. Em 2024, enviamos para tratamento adequado cerca 7,3 milh\u00f5es de m3 de efluente. O combate \u00e0s perdas de \u00e1gua \u00e9 um dos objetivos estrat\u00e9gicos dos SMAS de Leiria, sendo a sustentabilidade ambiental do servi\u00e7o assumido com especial relev\u00e2ncia. Atualmente, as perdas de \u00e1gua cifram-se nos 33%. Para fazer face a este problema, os SMAS de Leiria t\u00eam j\u00e1 um Plano de Redu\u00e7\u00e3o de Perdas aprovado pelo Conselho de Administra\u00e7\u00e3o e que est\u00e1 em implementa\u00e7\u00e3o, tendo j\u00e1 permitido a redu\u00e7\u00e3o das perdas de \u00e1gua de 42% para os atuais 33%. Estamos a investir na substitui\u00e7\u00e3o das redes e respetivos ramais de liga\u00e7\u00e3o, o que permitir\u00e1 reduzir significativamente o n\u00famero de roturas, no refor\u00e7o da an\u00e1lise das zonas de abastecimento, avaliando possibilidades de redu\u00e7\u00e3o de press\u00f5es na rede p\u00fablica, e ainda na expans\u00e3o da telemetria a mais zonas, estamos a proceder \u00e0 ausculta\u00e7\u00e3o da rede para dete\u00e7\u00e3o de fugas n\u00e3o vis\u00edveis e estamos a promover o combate \u00e0 utiliza\u00e7\u00e3o il\u00edcita de \u00e1gua atrav\u00e9s de uma pol\u00edtica de fiscaliza\u00e7\u00e3o mais forte. Refor\u00e7\u00e1mos os servi\u00e7os de pesquisa ativa de fugas de \u00e1gua na rede de abastecimento, permitindo a sua repara\u00e7\u00e3o atempada e um controlo ativo e eficaz sobre as perdas de \u00e1gua. Estas medidas, a par com a reabilita\u00e7\u00e3o das redes e respetivos ramais de liga\u00e7\u00e3o, a an\u00e1lise das zonas de abastecimento e a utiliza\u00e7\u00e3o de novas tecnologias v\u00e3o permitir aumentar a responsabilidade ambiental inerente \u00e0 atividade que os SMAS de Leiria desenvolvem. O combate \u00e0 utiliza\u00e7\u00e3o il\u00edcita de \u00e1gua \u00e9 uma das prioridades dos SMAS de Leiria. Neste sentido, desenvolvemos uma campanha de sensibiliza\u00e7\u00e3o \u201cRoubo de \u00c1gua \u00e9 Crime\u201d que visa interpelar \u00e0 mudan\u00e7a no que diz respeito aos usos indevidos. <\/p>\n\n\n\n<figure class=\"wp-block-gallery has-nested-images columns-default is-cropped wp-block-gallery-1 is-layout-flex wp-block-gallery-is-layout-flex\">\n<figure class=\"wp-block-image size-large\"><img loading=\"lazy\" decoding=\"async\" width=\"700\" height=\"524\" data-id=\"11644\" src=\"https:\/\/maismagazine.pt\/wp-content\/uploads\/2025\/03\/DDLeandro-Sousa.jpg\" alt=\"\" class=\"wp-image-11644\" srcset=\"http:\/\/maismagazine.pt\/wp-content\/uploads\/2025\/03\/DDLeandro-Sousa.jpg 700w, http:\/\/maismagazine.pt\/wp-content\/uploads\/2025\/03\/DDLeandro-Sousa-300x225.jpg 300w\" sizes=\"auto, (max-width: 700px) 100vw, 700px\" \/><figcaption class=\"wp-element-caption\">Leandro Sousa, Diretor Delegado dos SMAS de Leiria<\/figcaption><\/figure>\n\n\n\n<figure class=\"wp-block-image size-large\"><img loading=\"lazy\" decoding=\"async\" width=\"803\" height=\"535\" data-id=\"11643\" src=\"https:\/\/maismagazine.pt\/wp-content\/uploads\/2025\/03\/SMAS-001.jpg\" alt=\"\" class=\"wp-image-11643\" srcset=\"http:\/\/maismagazine.pt\/wp-content\/uploads\/2025\/03\/SMAS-001.jpg 803w, http:\/\/maismagazine.pt\/wp-content\/uploads\/2025\/03\/SMAS-001-300x200.jpg 300w, http:\/\/maismagazine.pt\/wp-content\/uploads\/2025\/03\/SMAS-001-768x512.jpg 768w, http:\/\/maismagazine.pt\/wp-content\/uploads\/2025\/03\/SMAS-001-150x100.jpg 150w\" sizes=\"auto, (max-width: 803px) 100vw, 803px\" \/><\/figure>\n<\/figure>\n\n\n\n<p><\/p>\n\n\n\n<p><\/p>\n\n\n\n<p>Atualmente, temos em curso um plano de dete\u00e7\u00e3o de consumos il\u00edcitos com objetivo de travar a dissemina\u00e7\u00e3o dos usos de \u00e1gua n\u00e3o autorizados. E por isso as nossas equipas de fiscaliza\u00e7\u00e3o est\u00e3o no terreno no sentido de identificar os il\u00edcitos e proceder em conformidade com a legisla\u00e7\u00e3o em vigor. Sabemos que os usos il\u00edcitos mais comuns s\u00e3o as liga\u00e7\u00f5es diretas a ramais antes de serem instalados os contadores de \u00e1gua, viola\u00e7\u00e3o de contador e acessos atrav\u00e9s de bocas de inc\u00eandios. <\/p>\n\n\n\n<p><\/p>\n\n\n\n<p>Atualmente temos em curso investimentos no abastecimento de \u00e1gua no valor de 4.408.038,18 \u20ac, destacando-se investimentos na reabilita\u00e7\u00e3o de redes de abastecimento de \u00e1gua e a expans\u00e3o da telemetria a mais 5 mil contadores. Passado o ciclo de infraestrutura\u00e7\u00e3o, as quest\u00f5es da manuten\u00e7\u00e3o e reabilita\u00e7\u00e3o das redes existentes constituem um dos grandes desafios dos SMAS de Leiria, que gere 1.300 km de rede de saneamento e 1.900 Km de rede de \u00e1gua. Procuramos por isso garantir que as infraestruturas agora constru\u00eddas se encontrem preparadas para um adequado desempenho funcional dos sistemas, reconhecidas como um problema transversal que afeta o desempenho hidr\u00e1ulico, ambiental e econ\u00f3mico-financeiro, com impacto significativo no aumento dos custos operacionais. Destacamos ainda o investimento na instala\u00e7\u00e3o de pain\u00e9is fotovoltaicos no edif\u00edcio sede e laborat\u00f3rio e a substitui\u00e7\u00e3o de grupos de bombas com menor desempenho. Temos tamb\u00e9m promovido a\u00e7\u00f5es de sensibiliza\u00e7\u00e3o junto da popula\u00e7\u00e3o que visam o respeito pelos princ\u00edpios fundamentais da humanidade e prote\u00e7\u00e3o ambiental. Assim, desenvolvemos campanhas de sensibiliza\u00e7\u00e3o com o objetivo apelar ao consumo consciente deste recurso finito, como \u00e9 o caso da campanha \u201c\u00c1gua da Torneira. Com Todo o Gosto\u201d que pretende incutir n\u00e3o s\u00f3 a ado\u00e7\u00e3o de uma pr\u00e1tica mais respons\u00e1vel do ponto de vista ambiental e da sustentabilidade no uso da \u00e1gua, mas tamb\u00e9m, para a sensibiliza\u00e7\u00e3o do consumo de \u00e1gua da torneira. Com o objetivo de criar uma rela\u00e7\u00e3o mais pr\u00f3xima com o cliente estamos a desenvolver um novo site. Em breve, estar\u00e1 tamb\u00e9m dispon\u00edvel uma aplica\u00e7\u00e3o m\u00f3vel, um novo canal de comunica\u00e7\u00e3o com os clientes dos SMAS de Leiria. A utiliza\u00e7\u00e3o de novas tecnologias, assume um papel primordial na estrat\u00e9gia de atua\u00e7\u00e3o dos SMAS de Leiria, neste sentido temos vindo a implementar v\u00e1rios projetos no qual se destaca um projeto que tem como objetivo principal a Ges-t\u00e3o Patrimonial das Infraestruturas com Controlo e Supervis\u00e3o de Perdas Reais de \u00c1gua. Este projeto teve in\u00edcio nos SMAS de Leiria em agosto de 2021 para uma zona piloto com cerca de 250Km de extens\u00e3o de rede de abastecimento de \u00e1gua, tendo sido expandido, em outubro de 2022, a toda a rede do concelho de Leiria (1900 Km). O seu \u00e2mbito abrange diversas \u00e1reas t\u00e9cnicas designadamente, monitoriza\u00e7\u00e3o dos dados de opera\u00e7\u00e3o (telegest\u00e3o e avarias), an\u00e1lise preditiva de falhas na rede para constru\u00e7\u00e3o de um plano de substitui\u00e7\u00e3o de condutas, cria\u00e7\u00e3o de um sistema de indicadores operacionais e de gest\u00e3o estrat\u00e9gica, gera\u00e7\u00e3o de modelos hidr\u00e1ulicos para melhoria do desempenho dos sistemas de abastecimento de \u00e1gua, an\u00e1lise de falhas e risco baseado na an\u00e1lise hidr\u00e1ulica, c\u00e1lculo do valor infraestrutural (IVI), gest\u00e3o do parque de contadores e planeamento de projetos e defini\u00e7\u00e3o interven\u00e7\u00f5es priorit\u00e1rias. Em 2025, vamos alargar este projeto ao controlo das aflu\u00eancias indevidas. Nos pr\u00f3ximos anos os SMAS de Leiria pretendem afirmar-se, cada vez mais, como uma refer\u00eancia no desenvolvimento sustent\u00e1vel do Munic\u00edpio de Leiria, assente em elevados padr\u00f5es de prote\u00e7\u00e3o e valoriza\u00e7\u00e3o ambiental e humanos, consolidando uma imagem de confian\u00e7a, transpar\u00eancia, compet\u00eancia e qualidade. O futuro dos SMAS de Leiria, passa pela moderniza\u00e7\u00e3o dos servi\u00e7os, a aproxima\u00e7\u00e3o ao cliente e, essencialmente, a sustentabilidade econ\u00f3mica e ambiental. <\/p>\n\n\n\n<p><\/p>\n\n\n\n<p>No pr\u00f3ximo dia 22 de mar\u00e7o celebramos o Dia Mundial da \u00c1gua, e garantir o acesso a \u00e1gua segura tornou-se um dos maiores desafios da humanidade. A humanidade precisa cada vez mais de \u00e1gua. O uso excessivo, a polui\u00e7\u00e3o e as altera\u00e7\u00f5es clim\u00e1ticas est\u00e3o a colocar uma press\u00e3o crescente sobre os recursos h\u00eddricos dispon\u00edveis. As secas e as vagas de calor s\u00e3o cada vez mais intensas e frequentes. A subida do n\u00edvel do mar est\u00e1 a provocar a infiltra\u00e7\u00e3o de \u00e1guas salgadas nos aqu\u00edferos costeiros. Os len\u00e7\u00f3is fre\u00e1ticos est\u00e3o a degradar-se.  <\/p>\n\n\n\n<p><\/p>\n\n\n<div class=\"wp-block-image\">\n<figure class=\"aligncenter size-large is-resized\"><img loading=\"lazy\" decoding=\"async\" width=\"1024\" height=\"420\" src=\"https:\/\/maismagazine.pt\/wp-content\/uploads\/2025\/03\/8b9090_d153c2f7e8484a51a4de1f098261a193mv2-1024x420.png\" alt=\"\" class=\"wp-image-11645\" style=\"width:444px;height:auto\" srcset=\"http:\/\/maismagazine.pt\/wp-content\/uploads\/2025\/03\/8b9090_d153c2f7e8484a51a4de1f098261a193mv2-1024x420.png 1024w, http:\/\/maismagazine.pt\/wp-content\/uploads\/2025\/03\/8b9090_d153c2f7e8484a51a4de1f098261a193mv2-300x123.png 300w, http:\/\/maismagazine.pt\/wp-content\/uploads\/2025\/03\/8b9090_d153c2f7e8484a51a4de1f098261a193mv2-768x315.png 768w, http:\/\/maismagazine.pt\/wp-content\/uploads\/2025\/03\/8b9090_d153c2f7e8484a51a4de1f098261a193mv2-1536x630.png 1536w, http:\/\/maismagazine.pt\/wp-content\/uploads\/2025\/03\/8b9090_d153c2f7e8484a51a4de1f098261a193mv2-2048x841.png 2048w\" sizes=\"auto, (max-width: 1024px) 100vw, 1024px\" \/><\/figure><\/div>","protected":false},"excerpt":{"rendered":"<p>Em 2025, os Servi\u00e7os Municipalizados de \u00c1gua e Saneamento de Leiria assinalam 92 anos de exist\u00eancia. Somos respons\u00e1veis quer pelo abastecimento de \u00e1gua para consumo humano quer pela recolha de \u00e1guas residuais no concelho de Leiria. Os SMAS de Leiria t\u00eam como miss\u00e3o, a presta\u00e7\u00e3o de servi\u00e7os de qualidade, assegurando&hellip;<\/p>\n","protected":false},"author":17,"featured_media":11647,"comment_status":"closed","ping_status":"open","sticky":false,"template":"","format":"standard","meta":{"advgb_blocks_editor_width":"","advgb_blocks_columns_visual_guide":"","_monsterinsights_skip_tracking":false,"_monsterinsights_sitenote_active":false,"_monsterinsights_sitenote_note":"","_monsterinsights_sitenote_category":0,"footnotes":""},"categories":[78,50],"tags":[117],"class_list":["post-11641","post","type-post","status-publish","format-standard","has-post-thumbnail","hentry","category-ambiente-e-sustentabilidade","category-destaques","tag-smas-leiria"],"yoast_head":"<!-- This site is optimized with the Yoast SEO plugin v24.4 - https:\/\/yoast.com\/wordpress\/plugins\/seo\/ -->\n<title>H\u00e1 92 anos a zelar pelas \u00e1guas de Leiria! - Mais Magazine<\/title>\n<meta name=\"description\" content=\"Em 2025, os Servi\u00e7os Municipalizados de \u00c1gua e Saneamento de Leiria assinalam 92 anos de exist\u00eancia. Somos respons\u00e1veis quer pelo abastecimento de \u00e1gua para consumo humano quer pela recolha de \u00e1guas residuais no concelho de Leiria. Os SMAS de Leiria t\u00eam como miss\u00e3o, a presta\u00e7\u00e3o de servi\u00e7os de qualidade, assegurando os servi\u00e7os de abastecimento de \u00e1gua e de recolha de \u00e1guas residuais, criando todas as condi\u00e7\u00f5es necess\u00e1rias para que os mun\u00edcipes tenham melhor qualidade de vida.\" \/>\n<meta name=\"robots\" content=\"index, follow, max-snippet:-1, max-image-preview:large, max-video-preview:-1\" \/>\n<link rel=\"canonical\" href=\"http:\/\/maismagazine.pt\/index.php\/2025\/03\/21\/ha-92-anos-a-zelar-pelas-aguas-de-leiria\/\" \/>\n<meta property=\"og:locale\" content=\"pt_PT\" \/>\n<meta property=\"og:type\" content=\"article\" \/>\n<meta property=\"og:title\" content=\"H\u00e1 92 anos a zelar pelas \u00e1guas de Leiria! - Mais Magazine\" \/>\n<meta property=\"og:description\" content=\"Em 2025, os Servi\u00e7os Municipalizados de \u00c1gua e Saneamento de Leiria assinalam 92 anos de exist\u00eancia. Somos respons\u00e1veis quer pelo abastecimento de \u00e1gua para consumo humano quer pela recolha de \u00e1guas residuais no concelho de Leiria. Os SMAS de Leiria t\u00eam como miss\u00e3o, a presta\u00e7\u00e3o de servi\u00e7os de qualidade, assegurando os servi\u00e7os de abastecimento de \u00e1gua e de recolha de \u00e1guas residuais, criando todas as condi\u00e7\u00f5es necess\u00e1rias para que os mun\u00edcipes tenham melhor qualidade de vida.\" \/>\n<meta property=\"og:url\" content=\"http:\/\/maismagazine.pt\/index.php\/2025\/03\/21\/ha-92-anos-a-zelar-pelas-aguas-de-leiria\/\" \/>\n<meta property=\"og:site_name\" content=\"Mais Magazine\" \/>\n<meta property=\"article:published_time\" content=\"2025-03-21T07:00:00+00:00\" \/>\n<meta property=\"og:image\" content=\"http:\/\/maismagazine.pt\/wp-content\/uploads\/2025\/03\/SMAS-007.jpg\" \/>\n\t<meta property=\"og:image:width\" content=\"820\" \/>\n\t<meta property=\"og:image:height\" content=\"546\" \/>\n\t<meta property=\"og:image:type\" content=\"image\/jpeg\" \/>\n<meta name=\"author\" content=\"Tiago Costa\" \/>\n<meta name=\"twitter:card\" content=\"summary_large_image\" \/>\n<meta name=\"twitter:label1\" content=\"Escrito por\" \/>\n\t<meta name=\"twitter:data1\" content=\"\" \/>\n\t<meta name=\"twitter:label2\" content=\"Tempo estimado de leitura\" \/>\n\t<meta name=\"twitter:data2\" content=\"8 minutos\" \/>\n<script type=\"application\/ld+json\" class=\"yoast-schema-graph\">{\"@context\":\"https:\/\/schema.org\",\"@graph\":[{\"@type\":\"Article\",\"@id\":\"http:\/\/maismagazine.pt\/index.php\/2025\/03\/21\/ha-92-anos-a-zelar-pelas-aguas-de-leiria\/#article\",\"isPartOf\":{\"@id\":\"http:\/\/maismagazine.pt\/index.php\/2025\/03\/21\/ha-92-anos-a-zelar-pelas-aguas-de-leiria\/\"},\"author\":{\"name\":\"Tiago Costa\",\"@id\":\"http:\/\/maismagazine.pt\/#\/schema\/person\/c6c5bfccc886434cbd11c74e035f9646\"},\"headline\":\"H\u00e1 92 anos a zelar pelas \u00e1guas de Leiria!\",\"datePublished\":\"2025-03-21T07:00:00+00:00\",\"mainEntityOfPage\":{\"@id\":\"http:\/\/maismagazine.pt\/index.php\/2025\/03\/21\/ha-92-anos-a-zelar-pelas-aguas-de-leiria\/\"},\"wordCount\":1454,\"publisher\":{\"@id\":\"http:\/\/maismagazine.pt\/#organization\"},\"image\":{\"@id\":\"http:\/\/maismagazine.pt\/index.php\/2025\/03\/21\/ha-92-anos-a-zelar-pelas-aguas-de-leiria\/#primaryimage\"},\"thumbnailUrl\":\"http:\/\/maismagazine.pt\/wp-content\/uploads\/2025\/03\/SMAS-007.jpg\",\"keywords\":[\"smas leiria\"],\"articleSection\":[\"Ambiente e Sustentabilidade\",\"Destaques\"],\"inLanguage\":\"pt-PT\"},{\"@type\":\"WebPage\",\"@id\":\"http:\/\/maismagazine.pt\/index.php\/2025\/03\/21\/ha-92-anos-a-zelar-pelas-aguas-de-leiria\/\",\"url\":\"http:\/\/maismagazine.pt\/index.php\/2025\/03\/21\/ha-92-anos-a-zelar-pelas-aguas-de-leiria\/\",\"name\":\"H\u00e1 92 anos a zelar pelas \u00e1guas de Leiria! - Mais Magazine\",\"isPartOf\":{\"@id\":\"http:\/\/maismagazine.pt\/#website\"},\"primaryImageOfPage\":{\"@id\":\"http:\/\/maismagazine.pt\/index.php\/2025\/03\/21\/ha-92-anos-a-zelar-pelas-aguas-de-leiria\/#primaryimage\"},\"image\":{\"@id\":\"http:\/\/maismagazine.pt\/index.php\/2025\/03\/21\/ha-92-anos-a-zelar-pelas-aguas-de-leiria\/#primaryimage\"},\"thumbnailUrl\":\"http:\/\/maismagazine.pt\/wp-content\/uploads\/2025\/03\/SMAS-007.jpg\",\"datePublished\":\"2025-03-21T07:00:00+00:00\",\"description\":\"Em 2025, os Servi\u00e7os Municipalizados de \u00c1gua e Saneamento de Leiria assinalam 92 anos de exist\u00eancia. Somos respons\u00e1veis quer pelo abastecimento de \u00e1gua para consumo humano quer pela recolha de \u00e1guas residuais no concelho de Leiria. Os SMAS de Leiria t\u00eam como miss\u00e3o, a presta\u00e7\u00e3o de servi\u00e7os de qualidade, assegurando os servi\u00e7os de abastecimento de \u00e1gua e de recolha de \u00e1guas residuais, criando todas as condi\u00e7\u00f5es necess\u00e1rias para que os mun\u00edcipes tenham melhor qualidade de vida.\",\"breadcrumb\":{\"@id\":\"http:\/\/maismagazine.pt\/index.php\/2025\/03\/21\/ha-92-anos-a-zelar-pelas-aguas-de-leiria\/#breadcrumb\"},\"inLanguage\":\"pt-PT\",\"potentialAction\":[{\"@type\":\"ReadAction\",\"target\":[\"http:\/\/maismagazine.pt\/index.php\/2025\/03\/21\/ha-92-anos-a-zelar-pelas-aguas-de-leiria\/\"]}]},{\"@type\":\"ImageObject\",\"inLanguage\":\"pt-PT\",\"@id\":\"http:\/\/maismagazine.pt\/index.php\/2025\/03\/21\/ha-92-anos-a-zelar-pelas-aguas-de-leiria\/#primaryimage\",\"url\":\"http:\/\/maismagazine.pt\/wp-content\/uploads\/2025\/03\/SMAS-007.jpg\",\"contentUrl\":\"http:\/\/maismagazine.pt\/wp-content\/uploads\/2025\/03\/SMAS-007.jpg\",\"width\":820,\"height\":546},{\"@type\":\"BreadcrumbList\",\"@id\":\"http:\/\/maismagazine.pt\/index.php\/2025\/03\/21\/ha-92-anos-a-zelar-pelas-aguas-de-leiria\/#breadcrumb\",\"itemListElement\":[{\"@type\":\"ListItem\",\"position\":1,\"name\":\"Home\",\"item\":\"http:\/\/maismagazine.pt\/\"},{\"@type\":\"ListItem\",\"position\":2,\"name\":\"H\u00e1 92 anos a zelar pelas \u00e1guas de Leiria!\"}]},{\"@type\":\"WebSite\",\"@id\":\"http:\/\/maismagazine.pt\/#website\",\"url\":\"http:\/\/maismagazine.pt\/\",\"name\":\"Mais Magazine\",\"description\":\"\",\"publisher\":{\"@id\":\"http:\/\/maismagazine.pt\/#organization\"},\"potentialAction\":[{\"@type\":\"SearchAction\",\"target\":{\"@type\":\"EntryPoint\",\"urlTemplate\":\"http:\/\/maismagazine.pt\/?s={search_term_string}\"},\"query-input\":{\"@type\":\"PropertyValueSpecification\",\"valueRequired\":true,\"valueName\":\"search_term_string\"}}],\"inLanguage\":\"pt-PT\"},{\"@type\":\"Organization\",\"@id\":\"http:\/\/maismagazine.pt\/#organization\",\"name\":\"Mais Magazine\",\"url\":\"http:\/\/maismagazine.pt\/\",\"logo\":{\"@type\":\"ImageObject\",\"inLanguage\":\"pt-PT\",\"@id\":\"http:\/\/maismagazine.pt\/#\/schema\/logo\/image\/\",\"url\":\"http:\/\/maismagazine.pt\/wp-content\/uploads\/2020\/04\/cropped-cropped-mais-magazine-site-logo-2.png\",\"contentUrl\":\"http:\/\/maismagazine.pt\/wp-content\/uploads\/2020\/04\/cropped-cropped-mais-magazine-site-logo-2.png\",\"width\":581,\"height\":90,\"caption\":\"Mais Magazine\"},\"image\":{\"@id\":\"http:\/\/maismagazine.pt\/#\/schema\/logo\/image\/\"}},{\"@type\":\"Person\",\"@id\":\"http:\/\/maismagazine.pt\/#\/schema\/person\/c6c5bfccc886434cbd11c74e035f9646\",\"name\":\"Tiago Costa\",\"image\":{\"@type\":\"ImageObject\",\"inLanguage\":\"pt-PT\",\"@id\":\"http:\/\/maismagazine.pt\/#\/schema\/person\/image\/\",\"url\":\"https:\/\/secure.gravatar.com\/avatar\/c599b2bce16c9870429198cbad5ee022?s=96&d=mm&r=g\",\"contentUrl\":\"https:\/\/secure.gravatar.com\/avatar\/c599b2bce16c9870429198cbad5ee022?s=96&d=mm&r=g\",\"caption\":\"Tiago Costa\"},\"url\":\"http:\/\/maismagazine.pt\/index.php\/author\/tiago\/\"}]}<\/script>\n<!-- \/ Yoast SEO plugin. -->","yoast_head_json":{"title":"H\u00e1 92 anos a zelar pelas \u00e1guas de Leiria! - Mais Magazine","description":"Em 2025, os Servi\u00e7os Municipalizados de \u00c1gua e Saneamento de Leiria assinalam 92 anos de exist\u00eancia. Somos respons\u00e1veis quer pelo abastecimento de \u00e1gua para consumo humano quer pela recolha de \u00e1guas residuais no concelho de Leiria. Os SMAS de Leiria t\u00eam como miss\u00e3o, a presta\u00e7\u00e3o de servi\u00e7os de qualidade, assegurando os servi\u00e7os de abastecimento de \u00e1gua e de recolha de \u00e1guas residuais, criando todas as condi\u00e7\u00f5es necess\u00e1rias para que os mun\u00edcipes tenham melhor qualidade de vida.","robots":{"index":"index","follow":"follow","max-snippet":"max-snippet:-1","max-image-preview":"max-image-preview:large","max-video-preview":"max-video-preview:-1"},"canonical":"http:\/\/maismagazine.pt\/index.php\/2025\/03\/21\/ha-92-anos-a-zelar-pelas-aguas-de-leiria\/","og_locale":"pt_PT","og_type":"article","og_title":"H\u00e1 92 anos a zelar pelas \u00e1guas de Leiria! - Mais Magazine","og_description":"Em 2025, os Servi\u00e7os Municipalizados de \u00c1gua e Saneamento de Leiria assinalam 92 anos de exist\u00eancia. Somos respons\u00e1veis quer pelo abastecimento de \u00e1gua para consumo humano quer pela recolha de \u00e1guas residuais no concelho de Leiria. Os SMAS de Leiria t\u00eam como miss\u00e3o, a presta\u00e7\u00e3o de servi\u00e7os de qualidade, assegurando os servi\u00e7os de abastecimento de \u00e1gua e de recolha de \u00e1guas residuais, criando todas as condi\u00e7\u00f5es necess\u00e1rias para que os mun\u00edcipes tenham melhor qualidade de vida.","og_url":"http:\/\/maismagazine.pt\/index.php\/2025\/03\/21\/ha-92-anos-a-zelar-pelas-aguas-de-leiria\/","og_site_name":"Mais Magazine","article_published_time":"2025-03-21T07:00:00+00:00","og_image":[{"width":820,"height":546,"url":"http:\/\/maismagazine.pt\/wp-content\/uploads\/2025\/03\/SMAS-007.jpg","type":"image\/jpeg"}],"author":"Tiago Costa","twitter_card":"summary_large_image","twitter_misc":{"Escrito por":false,"Tempo estimado de leitura":"8 minutos"},"schema":{"@context":"https:\/\/schema.org","@graph":[{"@type":"Article","@id":"http:\/\/maismagazine.pt\/index.php\/2025\/03\/21\/ha-92-anos-a-zelar-pelas-aguas-de-leiria\/#article","isPartOf":{"@id":"http:\/\/maismagazine.pt\/index.php\/2025\/03\/21\/ha-92-anos-a-zelar-pelas-aguas-de-leiria\/"},"author":{"name":"Tiago Costa","@id":"http:\/\/maismagazine.pt\/#\/schema\/person\/c6c5bfccc886434cbd11c74e035f9646"},"headline":"H\u00e1 92 anos a zelar pelas \u00e1guas de Leiria!","datePublished":"2025-03-21T07:00:00+00:00","mainEntityOfPage":{"@id":"http:\/\/maismagazine.pt\/index.php\/2025\/03\/21\/ha-92-anos-a-zelar-pelas-aguas-de-leiria\/"},"wordCount":1454,"publisher":{"@id":"http:\/\/maismagazine.pt\/#organization"},"image":{"@id":"http:\/\/maismagazine.pt\/index.php\/2025\/03\/21\/ha-92-anos-a-zelar-pelas-aguas-de-leiria\/#primaryimage"},"thumbnailUrl":"http:\/\/maismagazine.pt\/wp-content\/uploads\/2025\/03\/SMAS-007.jpg","keywords":["smas leiria"],"articleSection":["Ambiente e Sustentabilidade","Destaques"],"inLanguage":"pt-PT"},{"@type":"WebPage","@id":"http:\/\/maismagazine.pt\/index.php\/2025\/03\/21\/ha-92-anos-a-zelar-pelas-aguas-de-leiria\/","url":"http:\/\/maismagazine.pt\/index.php\/2025\/03\/21\/ha-92-anos-a-zelar-pelas-aguas-de-leiria\/","name":"H\u00e1 92 anos a zelar pelas \u00e1guas de Leiria! - Mais Magazine","isPartOf":{"@id":"http:\/\/maismagazine.pt\/#website"},"primaryImageOfPage":{"@id":"http:\/\/maismagazine.pt\/index.php\/2025\/03\/21\/ha-92-anos-a-zelar-pelas-aguas-de-leiria\/#primaryimage"},"image":{"@id":"http:\/\/maismagazine.pt\/index.php\/2025\/03\/21\/ha-92-anos-a-zelar-pelas-aguas-de-leiria\/#primaryimage"},"thumbnailUrl":"http:\/\/maismagazine.pt\/wp-content\/uploads\/2025\/03\/SMAS-007.jpg","datePublished":"2025-03-21T07:00:00+00:00","description":"Em 2025, os Servi\u00e7os Municipalizados de \u00c1gua e Saneamento de Leiria assinalam 92 anos de exist\u00eancia. Somos respons\u00e1veis quer pelo abastecimento de \u00e1gua para consumo humano quer pela recolha de \u00e1guas residuais no concelho de Leiria. Os SMAS de Leiria t\u00eam como miss\u00e3o, a presta\u00e7\u00e3o de servi\u00e7os de qualidade, assegurando os servi\u00e7os de abastecimento de \u00e1gua e de recolha de \u00e1guas residuais, criando todas as condi\u00e7\u00f5es necess\u00e1rias para que os mun\u00edcipes tenham melhor qualidade de vida.","breadcrumb":{"@id":"http:\/\/maismagazine.pt\/index.php\/2025\/03\/21\/ha-92-anos-a-zelar-pelas-aguas-de-leiria\/#breadcrumb"},"inLanguage":"pt-PT","potentialAction":[{"@type":"ReadAction","target":["http:\/\/maismagazine.pt\/index.php\/2025\/03\/21\/ha-92-anos-a-zelar-pelas-aguas-de-leiria\/"]}]},{"@type":"ImageObject","inLanguage":"pt-PT","@id":"http:\/\/maismagazine.pt\/index.php\/2025\/03\/21\/ha-92-anos-a-zelar-pelas-aguas-de-leiria\/#primaryimage","url":"http:\/\/maismagazine.pt\/wp-content\/uploads\/2025\/03\/SMAS-007.jpg","contentUrl":"http:\/\/maismagazine.pt\/wp-content\/uploads\/2025\/03\/SMAS-007.jpg","width":820,"height":546},{"@type":"BreadcrumbList","@id":"http:\/\/maismagazine.pt\/index.php\/2025\/03\/21\/ha-92-anos-a-zelar-pelas-aguas-de-leiria\/#breadcrumb","itemListElement":[{"@type":"ListItem","position":1,"name":"Home","item":"http:\/\/maismagazine.pt\/"},{"@type":"ListItem","position":2,"name":"H\u00e1 92 anos a zelar pelas \u00e1guas de Leiria!"}]},{"@type":"WebSite","@id":"http:\/\/maismagazine.pt\/#website","url":"http:\/\/maismagazine.pt\/","name":"Mais Magazine","description":"","publisher":{"@id":"http:\/\/maismagazine.pt\/#organization"},"potentialAction":[{"@type":"SearchAction","target":{"@type":"EntryPoint","urlTemplate":"http:\/\/maismagazine.pt\/?s={search_term_string}"},"query-input":{"@type":"PropertyValueSpecification","valueRequired":true,"valueName":"search_term_string"}}],"inLanguage":"pt-PT"},{"@type":"Organization","@id":"http:\/\/maismagazine.pt\/#organization","name":"Mais Magazine","url":"http:\/\/maismagazine.pt\/","logo":{"@type":"ImageObject","inLanguage":"pt-PT","@id":"http:\/\/maismagazine.pt\/#\/schema\/logo\/image\/","url":"http:\/\/maismagazine.pt\/wp-content\/uploads\/2020\/04\/cropped-cropped-mais-magazine-site-logo-2.png","contentUrl":"http:\/\/maismagazine.pt\/wp-content\/uploads\/2020\/04\/cropped-cropped-mais-magazine-site-logo-2.png","width":581,"height":90,"caption":"Mais Magazine"},"image":{"@id":"http:\/\/maismagazine.pt\/#\/schema\/logo\/image\/"}},{"@type":"Person","@id":"http:\/\/maismagazine.pt\/#\/schema\/person\/c6c5bfccc886434cbd11c74e035f9646","name":"Tiago Costa","image":{"@type":"ImageObject","inLanguage":"pt-PT","@id":"http:\/\/maismagazine.pt\/#\/schema\/person\/image\/","url":"https:\/\/secure.gravatar.com\/avatar\/c599b2bce16c9870429198cbad5ee022?s=96&d=mm&r=g","contentUrl":"https:\/\/secure.gravatar.com\/avatar\/c599b2bce16c9870429198cbad5ee022?s=96&d=mm&r=g","caption":"Tiago Costa"},"url":"http:\/\/maismagazine.pt\/index.php\/author\/tiago\/"}]}},"author_meta":{"display_name":false,"author_link":"http:\/\/maismagazine.pt\/index.php\/author\/tiago\/"},"featured_img":"http:\/\/maismagazine.pt\/wp-content\/uploads\/2025\/03\/SMAS-007-300x200.jpg","coauthors":[],"tax_additional":{"categories":{"linked":["<a href=\"http:\/\/maismagazine.pt\/index.php\/category\/empreendedorismo\/ambiente-e-sustentabilidade\/\" class=\"advgb-post-tax-term\">Ambiente e Sustentabilidade<\/a>","<a href=\"http:\/\/maismagazine.pt\/index.php\/category\/destaques\/\" class=\"advgb-post-tax-term\">Destaques<\/a>"],"unlinked":["<span class=\"advgb-post-tax-term\">Ambiente e Sustentabilidade<\/span>","<span class=\"advgb-post-tax-term\">Destaques<\/span>"]},"tags":{"linked":["<a href=\"http:\/\/maismagazine.pt\/index.php\/category\/destaques\/\" class=\"advgb-post-tax-term\">smas leiria<\/a>"],"unlinked":["<span class=\"advgb-post-tax-term\">smas leiria<\/span>"]}},"comment_count":"0","relative_dates":{"created":"Posted 1 ano ago","modified":"Updated 1 ano ago"},"absolute_dates":{"created":"Posted on 21 de Mar\u00e7o, 2025","modified":"Updated on 19 de Mar\u00e7o, 2025"},"absolute_dates_time":{"created":"Posted on 21 de Mar\u00e7o, 2025 7:00","modified":"Updated on 19 de Mar\u00e7o, 2025 14:19"},"featured_img_caption":"","series_order":"","_links":{"self":[{"href":"http:\/\/maismagazine.pt\/index.php\/wp-json\/wp\/v2\/posts\/11641","targetHints":{"allow":["GET"]}}],"collection":[{"href":"http:\/\/maismagazine.pt\/index.php\/wp-json\/wp\/v2\/posts"}],"about":[{"href":"http:\/\/maismagazine.pt\/index.php\/wp-json\/wp\/v2\/types\/post"}],"author":[{"embeddable":true,"href":"http:\/\/maismagazine.pt\/index.php\/wp-json\/wp\/v2\/users\/17"}],"replies":[{"embeddable":true,"href":"http:\/\/maismagazine.pt\/index.php\/wp-json\/wp\/v2\/comments?post=11641"}],"version-history":[{"count":1,"href":"http:\/\/maismagazine.pt\/index.php\/wp-json\/wp\/v2\/posts\/11641\/revisions"}],"predecessor-version":[{"id":11649,"href":"http:\/\/maismagazine.pt\/index.php\/wp-json\/wp\/v2\/posts\/11641\/revisions\/11649"}],"wp:featuredmedia":[{"embeddable":true,"href":"http:\/\/maismagazine.pt\/index.php\/wp-json\/wp\/v2\/media\/11647"}],"wp:attachment":[{"href":"http:\/\/maismagazine.pt\/index.php\/wp-json\/wp\/v2\/media?parent=11641"}],"wp:term":[{"taxonomy":"category","embeddable":true,"href":"http:\/\/maismagazine.pt\/index.php\/wp-json\/wp\/v2\/categories?post=11641"},{"taxonomy":"post_tag","embeddable":true,"href":"http:\/\/maismagazine.pt\/index.php\/wp-json\/wp\/v2\/tags?post=11641"}],"curies":[{"name":"wp","href":"https:\/\/api.w.org\/{rel}","templated":true}]}}