{"id":11626,"date":"2025-03-21T07:00:00","date_gmt":"2025-03-21T07:00:00","guid":{"rendered":"https:\/\/maismagazine.pt\/?p=11626"},"modified":"2025-03-18T16:34:48","modified_gmt":"2025-03-18T16:34:48","slug":"refrigerantes-bussaco-mais-de-um-seculo-de-tradicao-e-inovacao","status":"publish","type":"post","link":"http:\/\/maismagazine.pt\/index.php\/2025\/03\/21\/refrigerantes-bussaco-mais-de-um-seculo-de-tradicao-e-inovacao\/","title":{"rendered":"Refrigerantes Bussaco: Mais de um s\u00e9culo de tradi\u00e7\u00e3o e inova\u00e7\u00e3o"},"content":{"rendered":"\n<p><strong>Resili\u00eancia \u00e9, sem d\u00favida, a palavra que melhor define a trajet\u00f3ria da <a href=\"http:\/\/www.srb.pt\">Sociedade de Refrigerantes Bu\u00e7aco, Lda<\/a> ao longo dos seus 104 anos de hist\u00f3ria. Para celebrar esta data t\u00e3o especial, a atual administra\u00e7\u00e3o promoveu um encontro de confraterniza\u00e7\u00e3o, com o objetivo de agradecer aos colaboradores e homenagear aqueles que deram os primeiros passos nesta jornada.<\/strong><\/p>\n\n\n\n<p><\/p>\n\n\n\n<p>A Sociedade de Refrigerantes Bu\u00e7aco, Lda \u00e9 uma das poucas empresas familiares da regi\u00e3o Centro e do concelho da Mealhada que perduram no tempo, sediada no Bairro da Esta\u00e7\u00e3o, na Vila de Luso, fundada a 16 de fevereiro de 1921 por Jos\u00e9 Carvalho, que se encontra na terceira gera\u00e7\u00e3o de gest\u00e3o. Atualmente, \u00e9 Jo\u00e3o Carvalho quem comanda os destinos da empresa, dando continuidade ao legado deixado pelo seu av\u00f4.<\/p>\n\n\n\n<p><\/p>\n\n\n\n<p>Especializada na produ\u00e7\u00e3o e comercializa\u00e7\u00e3o de bebidas, a empresa oferece ao mercado marcas ic\u00f3nicas, como Bussaco (sumos de anan\u00e1s e laranja), Bussaquina (gasosa) e Bussaquinho (refrigerantes de laranja com ou sem g\u00e1s, Gasosa e Cola).<\/p>\n\n\n\n<p><\/p>\n\n\n\n<p><strong>Moderniza\u00e7\u00e3o, qualidade e apoio \u00e0 comunidade<\/strong><\/p>\n\n\n\n<p>Sempre atenta \u00e0s exig\u00eancias dos consumidores, a Sociedade de Refrigerantes Bu\u00e7aco, Lda tem investido continuamente na moderniza\u00e7\u00e3o dos seus processos e produtos. Um exemplo disso foi a reintrodu\u00e7\u00e3o das garrafas de vidro em 2020, refor\u00e7ando o compromisso com a sustentabilidade e a tradi\u00e7\u00e3o. <\/p>\n\n\n<div class=\"wp-block-image\">\n<figure class=\"alignleft size-large is-resized\"><img loading=\"lazy\" decoding=\"async\" width=\"919\" height=\"1024\" src=\"https:\/\/maismagazine.pt\/wp-content\/uploads\/2025\/03\/Medalha-1-919x1024.jpg\" alt=\"\" class=\"wp-image-11636\" style=\"width:214px;height:auto\" srcset=\"http:\/\/maismagazine.pt\/wp-content\/uploads\/2025\/03\/Medalha-1-919x1024.jpg 919w, http:\/\/maismagazine.pt\/wp-content\/uploads\/2025\/03\/Medalha-1-269x300.jpg 269w, http:\/\/maismagazine.pt\/wp-content\/uploads\/2025\/03\/Medalha-1-768x856.jpg 768w, http:\/\/maismagazine.pt\/wp-content\/uploads\/2025\/03\/Medalha-1-1378x1536.jpg 1378w, http:\/\/maismagazine.pt\/wp-content\/uploads\/2025\/03\/Medalha-1.jpg 1417w\" sizes=\"auto, (max-width: 919px) 100vw, 919px\" \/><\/figure><\/div>\n\n\n<p>Al\u00e9m da inova\u00e7\u00e3o, a qualidade \u00e9 um pilar essencial para a empresa, que utiliza mat\u00e9rias-primas alinhadas com os rigorosos padr\u00f5es do mercado europeu. Esse compromisso foi distinguido em Londres com a \u201cMedalha de Ouro para a Qualidade\u201d, organismo independente com a base na cidade de Geneva (Sui\u00e7a). Este pr\u00e9mio internacional confirma a excel\u00eancia das suas bebidas. <\/p>\n\n\n\n<p><\/p>\n\n\n\n<p>O apoio \u00e0 comunidade \u00e9 igualmente fundamental para a Sociedade de Refrigerantes Bu\u00e7aco, Lda que promove o desenvolvimento do concelho atrav\u00e9s de diversas iniciativas sociais e culturais. A t\u00edtulo de exemplo, no ano passado, a empresa marcou presen\u00e7a num evento realizado pela Filarm\u00f3nica Pampilhosense, uma associa\u00e7\u00e3o tamb\u00e9m ela centen\u00e1ria. <\/p>\n\n\n\n<p><\/p>\n\n\n\n<p>Atualmente, a Sociedade de Refrigerantes Bu\u00e7aco, Lda conta com mais de 100 anos no mercado, conquistando cada vez mais o paladar europeu. A empresa embala e distribui mais de 50 mil produtos nacional e internacionalmente, atende mais de 30 cidades com o aux\u00edlio dos seus parceiros de distribui\u00e7\u00e3o e possui uma carteira com mais de 650 clientes. <\/p>\n\n\n\n<p><\/p>\n\n\n\n<p><strong>H\u00e1 104 anos a refrescar a vida!<\/strong><\/p>\n\n\n\n<p>No evento comemorativo do 104\u00ba anivers\u00e1rio, Jo\u00e3o Carvalho aproveitou para expressar a sua gratid\u00e3o aos colaboradores pelo empenho e dedica\u00e7\u00e3o ao longo dos anos. Tamb\u00e9m prestou uma homenagem especial \u00e0queles que considera serem os seus her\u00f3is: Jos\u00e9 Dias Carvalho (av\u00f4), Maria de Lourdes (av\u00f3), Jos\u00e9 Manuel (pai) e Jorge Manuel (irm\u00e3o).<\/p>\n\n\n\n<p><\/p>\n\n\n\n<p>Com um passado s\u00f3lido e um olhar sempre voltado para o futuro, a Sociedade de Refrigerantes Bu\u00e7aco, Lda continua a escrever a sua hist\u00f3ria, mantendo viva a tradi\u00e7\u00e3o e a paix\u00e3o pelo que faz. <\/p>\n","protected":false},"excerpt":{"rendered":"<p>Resili\u00eancia \u00e9, sem d\u00favida, a palavra que melhor define a trajet\u00f3ria da Sociedade de Refrigerantes Bu\u00e7aco, Lda ao longo dos seus 104 anos de hist\u00f3ria. Para celebrar esta data t\u00e3o especial, a atual administra\u00e7\u00e3o promoveu um encontro de confraterniza\u00e7\u00e3o, com o objetivo de agradecer aos colaboradores e homenagear aqueles que&hellip;<\/p>\n","protected":false},"author":18,"featured_media":11635,"comment_status":"closed","ping_status":"open","sticky":false,"template":"","format":"standard","meta":{"advgb_blocks_editor_width":"","advgb_blocks_columns_visual_guide":"","_monsterinsights_skip_tracking":false,"_monsterinsights_sitenote_active":false,"_monsterinsights_sitenote_note":"","_monsterinsights_sitenote_category":0,"footnotes":""},"categories":[161],"tags":[514,691,2293],"class_list":["post-11626","post","type-post","status-publish","format-standard","has-post-thumbnail","hentry","category-mundo-empresarial","tag-empresas-centenarias","tag-mealhada","tag-refrigerantes-bussaco"],"yoast_head":"<!-- This site is optimized with the Yoast SEO plugin v24.4 - https:\/\/yoast.com\/wordpress\/plugins\/seo\/ -->\n<title>Refrigerantes Bussaco: Mais de um s\u00e9culo de tradi\u00e7\u00e3o e inova\u00e7\u00e3o - Mais Magazine<\/title>\n<meta name=\"robots\" content=\"index, follow, max-snippet:-1, max-image-preview:large, max-video-preview:-1\" \/>\n<link rel=\"canonical\" href=\"https:\/\/maismagazine.pt\/index.php\/2025\/03\/21\/refrigerantes-bussaco-mais-de-um-seculo-de-tradicao-e-inovacao\/\" \/>\n<meta property=\"og:locale\" content=\"pt_PT\" \/>\n<meta property=\"og:type\" content=\"article\" \/>\n<meta property=\"og:title\" content=\"Refrigerantes Bussaco: Mais de um s\u00e9culo de tradi\u00e7\u00e3o e inova\u00e7\u00e3o - Mais Magazine\" \/>\n<meta property=\"og:description\" content=\"Resili\u00eancia \u00e9, sem d\u00favida, a palavra que melhor define a trajet\u00f3ria da Sociedade de Refrigerantes Bu\u00e7aco, Lda ao longo dos seus 104 anos de hist\u00f3ria. Para celebrar esta data t\u00e3o especial, a atual administra\u00e7\u00e3o promoveu um encontro de confraterniza\u00e7\u00e3o, com o objetivo de agradecer aos colaboradores e homenagear aqueles que&hellip;\" \/>\n<meta property=\"og:url\" content=\"https:\/\/maismagazine.pt\/index.php\/2025\/03\/21\/refrigerantes-bussaco-mais-de-um-seculo-de-tradicao-e-inovacao\/\" \/>\n<meta property=\"og:site_name\" content=\"Mais Magazine\" \/>\n<meta property=\"article:published_time\" content=\"2025-03-21T07:00:00+00:00\" \/>\n<meta property=\"og:image\" content=\"https:\/\/maismagazine.pt\/wp-content\/uploads\/2025\/03\/Logo-2015-1.jpg\" \/>\n\t<meta property=\"og:image:width\" content=\"1064\" \/>\n\t<meta property=\"og:image:height\" content=\"1064\" \/>\n\t<meta property=\"og:image:type\" content=\"image\/jpeg\" \/>\n<meta name=\"author\" content=\"Tatiana Martins\" \/>\n<meta name=\"twitter:card\" content=\"summary_large_image\" \/>\n<meta name=\"twitter:label1\" content=\"Escrito por\" \/>\n\t<meta name=\"twitter:data1\" content=\"\" \/>\n\t<meta name=\"twitter:label2\" content=\"Tempo estimado de leitura\" \/>\n\t<meta name=\"twitter:data2\" content=\"3 minutos\" \/>\n<script type=\"application\/ld+json\" class=\"yoast-schema-graph\">{\"@context\":\"https:\/\/schema.org\",\"@graph\":[{\"@type\":\"Article\",\"@id\":\"https:\/\/maismagazine.pt\/index.php\/2025\/03\/21\/refrigerantes-bussaco-mais-de-um-seculo-de-tradicao-e-inovacao\/#article\",\"isPartOf\":{\"@id\":\"https:\/\/maismagazine.pt\/index.php\/2025\/03\/21\/refrigerantes-bussaco-mais-de-um-seculo-de-tradicao-e-inovacao\/\"},\"author\":{\"name\":\"Tatiana Martins\",\"@id\":\"http:\/\/maismagazine.pt\/#\/schema\/person\/7426e2caeb8df32a1b56aa48dae778c9\"},\"headline\":\"Refrigerantes Bussaco: Mais de um s\u00e9culo de tradi\u00e7\u00e3o e inova\u00e7\u00e3o\",\"datePublished\":\"2025-03-21T07:00:00+00:00\",\"mainEntityOfPage\":{\"@id\":\"https:\/\/maismagazine.pt\/index.php\/2025\/03\/21\/refrigerantes-bussaco-mais-de-um-seculo-de-tradicao-e-inovacao\/\"},\"wordCount\":515,\"publisher\":{\"@id\":\"http:\/\/maismagazine.pt\/#organization\"},\"image\":{\"@id\":\"https:\/\/maismagazine.pt\/index.php\/2025\/03\/21\/refrigerantes-bussaco-mais-de-um-seculo-de-tradicao-e-inovacao\/#primaryimage\"},\"thumbnailUrl\":\"http:\/\/maismagazine.pt\/wp-content\/uploads\/2025\/03\/Logo-2015-1.jpg\",\"keywords\":[\"Empresas centen\u00e1rias\",\"Mealhada\",\"Refrigerantes Bussaco\"],\"articleSection\":[\"Mundo Empresarial\"],\"inLanguage\":\"pt-PT\"},{\"@type\":\"WebPage\",\"@id\":\"https:\/\/maismagazine.pt\/index.php\/2025\/03\/21\/refrigerantes-bussaco-mais-de-um-seculo-de-tradicao-e-inovacao\/\",\"url\":\"https:\/\/maismagazine.pt\/index.php\/2025\/03\/21\/refrigerantes-bussaco-mais-de-um-seculo-de-tradicao-e-inovacao\/\",\"name\":\"Refrigerantes Bussaco: Mais de um s\u00e9culo de tradi\u00e7\u00e3o e inova\u00e7\u00e3o - Mais Magazine\",\"isPartOf\":{\"@id\":\"http:\/\/maismagazine.pt\/#website\"},\"primaryImageOfPage\":{\"@id\":\"https:\/\/maismagazine.pt\/index.php\/2025\/03\/21\/refrigerantes-bussaco-mais-de-um-seculo-de-tradicao-e-inovacao\/#primaryimage\"},\"image\":{\"@id\":\"https:\/\/maismagazine.pt\/index.php\/2025\/03\/21\/refrigerantes-bussaco-mais-de-um-seculo-de-tradicao-e-inovacao\/#primaryimage\"},\"thumbnailUrl\":\"http:\/\/maismagazine.pt\/wp-content\/uploads\/2025\/03\/Logo-2015-1.jpg\",\"datePublished\":\"2025-03-21T07:00:00+00:00\",\"breadcrumb\":{\"@id\":\"https:\/\/maismagazine.pt\/index.php\/2025\/03\/21\/refrigerantes-bussaco-mais-de-um-seculo-de-tradicao-e-inovacao\/#breadcrumb\"},\"inLanguage\":\"pt-PT\",\"potentialAction\":[{\"@type\":\"ReadAction\",\"target\":[\"https:\/\/maismagazine.pt\/index.php\/2025\/03\/21\/refrigerantes-bussaco-mais-de-um-seculo-de-tradicao-e-inovacao\/\"]}]},{\"@type\":\"ImageObject\",\"inLanguage\":\"pt-PT\",\"@id\":\"https:\/\/maismagazine.pt\/index.php\/2025\/03\/21\/refrigerantes-bussaco-mais-de-um-seculo-de-tradicao-e-inovacao\/#primaryimage\",\"url\":\"http:\/\/maismagazine.pt\/wp-content\/uploads\/2025\/03\/Logo-2015-1.jpg\",\"contentUrl\":\"http:\/\/maismagazine.pt\/wp-content\/uploads\/2025\/03\/Logo-2015-1.jpg\",\"width\":1064,\"height\":1064},{\"@type\":\"BreadcrumbList\",\"@id\":\"https:\/\/maismagazine.pt\/index.php\/2025\/03\/21\/refrigerantes-bussaco-mais-de-um-seculo-de-tradicao-e-inovacao\/#breadcrumb\",\"itemListElement\":[{\"@type\":\"ListItem\",\"position\":1,\"name\":\"Home\",\"item\":\"http:\/\/maismagazine.pt\/\"},{\"@type\":\"ListItem\",\"position\":2,\"name\":\"Refrigerantes Bussaco: Mais de um s\u00e9culo de tradi\u00e7\u00e3o e inova\u00e7\u00e3o\"}]},{\"@type\":\"WebSite\",\"@id\":\"http:\/\/maismagazine.pt\/#website\",\"url\":\"http:\/\/maismagazine.pt\/\",\"name\":\"Mais Magazine\",\"description\":\"\",\"publisher\":{\"@id\":\"http:\/\/maismagazine.pt\/#organization\"},\"potentialAction\":[{\"@type\":\"SearchAction\",\"target\":{\"@type\":\"EntryPoint\",\"urlTemplate\":\"http:\/\/maismagazine.pt\/?s={search_term_string}\"},\"query-input\":{\"@type\":\"PropertyValueSpecification\",\"valueRequired\":true,\"valueName\":\"search_term_string\"}}],\"inLanguage\":\"pt-PT\"},{\"@type\":\"Organization\",\"@id\":\"http:\/\/maismagazine.pt\/#organization\",\"name\":\"Mais Magazine\",\"url\":\"http:\/\/maismagazine.pt\/\",\"logo\":{\"@type\":\"ImageObject\",\"inLanguage\":\"pt-PT\",\"@id\":\"http:\/\/maismagazine.pt\/#\/schema\/logo\/image\/\",\"url\":\"http:\/\/maismagazine.pt\/wp-content\/uploads\/2020\/04\/cropped-cropped-mais-magazine-site-logo-2.png\",\"contentUrl\":\"http:\/\/maismagazine.pt\/wp-content\/uploads\/2020\/04\/cropped-cropped-mais-magazine-site-logo-2.png\",\"width\":581,\"height\":90,\"caption\":\"Mais Magazine\"},\"image\":{\"@id\":\"http:\/\/maismagazine.pt\/#\/schema\/logo\/image\/\"}},{\"@type\":\"Person\",\"@id\":\"http:\/\/maismagazine.pt\/#\/schema\/person\/7426e2caeb8df32a1b56aa48dae778c9\",\"name\":\"Tatiana Martins\",\"image\":{\"@type\":\"ImageObject\",\"inLanguage\":\"pt-PT\",\"@id\":\"http:\/\/maismagazine.pt\/#\/schema\/person\/image\/\",\"url\":\"https:\/\/secure.gravatar.com\/avatar\/4b24a57f5d0425f2eb20981c4b53244e?s=96&d=mm&r=g\",\"contentUrl\":\"https:\/\/secure.gravatar.com\/avatar\/4b24a57f5d0425f2eb20981c4b53244e?s=96&d=mm&r=g\",\"caption\":\"Tatiana Martins\"},\"url\":\"http:\/\/maismagazine.pt\/index.php\/author\/tatiana\/\"}]}<\/script>\n<!-- \/ Yoast SEO plugin. -->","yoast_head_json":{"title":"Refrigerantes Bussaco: Mais de um s\u00e9culo de tradi\u00e7\u00e3o e inova\u00e7\u00e3o - Mais Magazine","robots":{"index":"index","follow":"follow","max-snippet":"max-snippet:-1","max-image-preview":"max-image-preview:large","max-video-preview":"max-video-preview:-1"},"canonical":"https:\/\/maismagazine.pt\/index.php\/2025\/03\/21\/refrigerantes-bussaco-mais-de-um-seculo-de-tradicao-e-inovacao\/","og_locale":"pt_PT","og_type":"article","og_title":"Refrigerantes Bussaco: Mais de um s\u00e9culo de tradi\u00e7\u00e3o e inova\u00e7\u00e3o - Mais Magazine","og_description":"Resili\u00eancia \u00e9, sem d\u00favida, a palavra que melhor define a trajet\u00f3ria da Sociedade de Refrigerantes Bu\u00e7aco, Lda ao longo dos seus 104 anos de hist\u00f3ria. Para celebrar esta data t\u00e3o especial, a atual administra\u00e7\u00e3o promoveu um encontro de confraterniza\u00e7\u00e3o, com o objetivo de agradecer aos colaboradores e homenagear aqueles que&hellip;","og_url":"https:\/\/maismagazine.pt\/index.php\/2025\/03\/21\/refrigerantes-bussaco-mais-de-um-seculo-de-tradicao-e-inovacao\/","og_site_name":"Mais Magazine","article_published_time":"2025-03-21T07:00:00+00:00","og_image":[{"width":1064,"height":1064,"url":"https:\/\/maismagazine.pt\/wp-content\/uploads\/2025\/03\/Logo-2015-1.jpg","type":"image\/jpeg"}],"author":"Tatiana Martins","twitter_card":"summary_large_image","twitter_misc":{"Escrito por":false,"Tempo estimado de leitura":"3 minutos"},"schema":{"@context":"https:\/\/schema.org","@graph":[{"@type":"Article","@id":"https:\/\/maismagazine.pt\/index.php\/2025\/03\/21\/refrigerantes-bussaco-mais-de-um-seculo-de-tradicao-e-inovacao\/#article","isPartOf":{"@id":"https:\/\/maismagazine.pt\/index.php\/2025\/03\/21\/refrigerantes-bussaco-mais-de-um-seculo-de-tradicao-e-inovacao\/"},"author":{"name":"Tatiana Martins","@id":"http:\/\/maismagazine.pt\/#\/schema\/person\/7426e2caeb8df32a1b56aa48dae778c9"},"headline":"Refrigerantes Bussaco: Mais de um s\u00e9culo de tradi\u00e7\u00e3o e inova\u00e7\u00e3o","datePublished":"2025-03-21T07:00:00+00:00","mainEntityOfPage":{"@id":"https:\/\/maismagazine.pt\/index.php\/2025\/03\/21\/refrigerantes-bussaco-mais-de-um-seculo-de-tradicao-e-inovacao\/"},"wordCount":515,"publisher":{"@id":"http:\/\/maismagazine.pt\/#organization"},"image":{"@id":"https:\/\/maismagazine.pt\/index.php\/2025\/03\/21\/refrigerantes-bussaco-mais-de-um-seculo-de-tradicao-e-inovacao\/#primaryimage"},"thumbnailUrl":"http:\/\/maismagazine.pt\/wp-content\/uploads\/2025\/03\/Logo-2015-1.jpg","keywords":["Empresas centen\u00e1rias","Mealhada","Refrigerantes Bussaco"],"articleSection":["Mundo Empresarial"],"inLanguage":"pt-PT"},{"@type":"WebPage","@id":"https:\/\/maismagazine.pt\/index.php\/2025\/03\/21\/refrigerantes-bussaco-mais-de-um-seculo-de-tradicao-e-inovacao\/","url":"https:\/\/maismagazine.pt\/index.php\/2025\/03\/21\/refrigerantes-bussaco-mais-de-um-seculo-de-tradicao-e-inovacao\/","name":"Refrigerantes Bussaco: Mais de um s\u00e9culo de tradi\u00e7\u00e3o e inova\u00e7\u00e3o - Mais Magazine","isPartOf":{"@id":"http:\/\/maismagazine.pt\/#website"},"primaryImageOfPage":{"@id":"https:\/\/maismagazine.pt\/index.php\/2025\/03\/21\/refrigerantes-bussaco-mais-de-um-seculo-de-tradicao-e-inovacao\/#primaryimage"},"image":{"@id":"https:\/\/maismagazine.pt\/index.php\/2025\/03\/21\/refrigerantes-bussaco-mais-de-um-seculo-de-tradicao-e-inovacao\/#primaryimage"},"thumbnailUrl":"http:\/\/maismagazine.pt\/wp-content\/uploads\/2025\/03\/Logo-2015-1.jpg","datePublished":"2025-03-21T07:00:00+00:00","breadcrumb":{"@id":"https:\/\/maismagazine.pt\/index.php\/2025\/03\/21\/refrigerantes-bussaco-mais-de-um-seculo-de-tradicao-e-inovacao\/#breadcrumb"},"inLanguage":"pt-PT","potentialAction":[{"@type":"ReadAction","target":["https:\/\/maismagazine.pt\/index.php\/2025\/03\/21\/refrigerantes-bussaco-mais-de-um-seculo-de-tradicao-e-inovacao\/"]}]},{"@type":"ImageObject","inLanguage":"pt-PT","@id":"https:\/\/maismagazine.pt\/index.php\/2025\/03\/21\/refrigerantes-bussaco-mais-de-um-seculo-de-tradicao-e-inovacao\/#primaryimage","url":"http:\/\/maismagazine.pt\/wp-content\/uploads\/2025\/03\/Logo-2015-1.jpg","contentUrl":"http:\/\/maismagazine.pt\/wp-content\/uploads\/2025\/03\/Logo-2015-1.jpg","width":1064,"height":1064},{"@type":"BreadcrumbList","@id":"https:\/\/maismagazine.pt\/index.php\/2025\/03\/21\/refrigerantes-bussaco-mais-de-um-seculo-de-tradicao-e-inovacao\/#breadcrumb","itemListElement":[{"@type":"ListItem","position":1,"name":"Home","item":"http:\/\/maismagazine.pt\/"},{"@type":"ListItem","position":2,"name":"Refrigerantes Bussaco: Mais de um s\u00e9culo de tradi\u00e7\u00e3o e inova\u00e7\u00e3o"}]},{"@type":"WebSite","@id":"http:\/\/maismagazine.pt\/#website","url":"http:\/\/maismagazine.pt\/","name":"Mais Magazine","description":"","publisher":{"@id":"http:\/\/maismagazine.pt\/#organization"},"potentialAction":[{"@type":"SearchAction","target":{"@type":"EntryPoint","urlTemplate":"http:\/\/maismagazine.pt\/?s={search_term_string}"},"query-input":{"@type":"PropertyValueSpecification","valueRequired":true,"valueName":"search_term_string"}}],"inLanguage":"pt-PT"},{"@type":"Organization","@id":"http:\/\/maismagazine.pt\/#organization","name":"Mais Magazine","url":"http:\/\/maismagazine.pt\/","logo":{"@type":"ImageObject","inLanguage":"pt-PT","@id":"http:\/\/maismagazine.pt\/#\/schema\/logo\/image\/","url":"http:\/\/maismagazine.pt\/wp-content\/uploads\/2020\/04\/cropped-cropped-mais-magazine-site-logo-2.png","contentUrl":"http:\/\/maismagazine.pt\/wp-content\/uploads\/2020\/04\/cropped-cropped-mais-magazine-site-logo-2.png","width":581,"height":90,"caption":"Mais Magazine"},"image":{"@id":"http:\/\/maismagazine.pt\/#\/schema\/logo\/image\/"}},{"@type":"Person","@id":"http:\/\/maismagazine.pt\/#\/schema\/person\/7426e2caeb8df32a1b56aa48dae778c9","name":"Tatiana Martins","image":{"@type":"ImageObject","inLanguage":"pt-PT","@id":"http:\/\/maismagazine.pt\/#\/schema\/person\/image\/","url":"https:\/\/secure.gravatar.com\/avatar\/4b24a57f5d0425f2eb20981c4b53244e?s=96&d=mm&r=g","contentUrl":"https:\/\/secure.gravatar.com\/avatar\/4b24a57f5d0425f2eb20981c4b53244e?s=96&d=mm&r=g","caption":"Tatiana Martins"},"url":"http:\/\/maismagazine.pt\/index.php\/author\/tatiana\/"}]}},"author_meta":{"display_name":false,"author_link":"http:\/\/maismagazine.pt\/index.php\/author\/tatiana\/"},"featured_img":"http:\/\/maismagazine.pt\/wp-content\/uploads\/2025\/03\/Logo-2015-1-300x300.jpg","coauthors":[],"tax_additional":{"categories":{"linked":["<a href=\"http:\/\/maismagazine.pt\/index.php\/category\/mundo-empresarial\/\" class=\"advgb-post-tax-term\">Mundo Empresarial<\/a>"],"unlinked":["<span class=\"advgb-post-tax-term\">Mundo Empresarial<\/span>"]},"tags":{"linked":["<a href=\"http:\/\/maismagazine.pt\/index.php\/category\/mundo-empresarial\/\" class=\"advgb-post-tax-term\">Empresas centen\u00e1rias<\/a>","<a href=\"http:\/\/maismagazine.pt\/index.php\/category\/mundo-empresarial\/\" class=\"advgb-post-tax-term\">Mealhada<\/a>","<a href=\"http:\/\/maismagazine.pt\/index.php\/category\/mundo-empresarial\/\" class=\"advgb-post-tax-term\">Refrigerantes Bussaco<\/a>"],"unlinked":["<span class=\"advgb-post-tax-term\">Empresas centen\u00e1rias<\/span>","<span class=\"advgb-post-tax-term\">Mealhada<\/span>","<span class=\"advgb-post-tax-term\">Refrigerantes Bussaco<\/span>"]}},"comment_count":"0","relative_dates":{"created":"Posted 1 ano ago","modified":"Updated 1 ano ago"},"absolute_dates":{"created":"Posted on 21 de Mar\u00e7o, 2025","modified":"Updated on 18 de Mar\u00e7o, 2025"},"absolute_dates_time":{"created":"Posted on 21 de Mar\u00e7o, 2025 7:00","modified":"Updated on 18 de Mar\u00e7o, 2025 16:34"},"featured_img_caption":"","series_order":"","_links":{"self":[{"href":"http:\/\/maismagazine.pt\/index.php\/wp-json\/wp\/v2\/posts\/11626","targetHints":{"allow":["GET"]}}],"collection":[{"href":"http:\/\/maismagazine.pt\/index.php\/wp-json\/wp\/v2\/posts"}],"about":[{"href":"http:\/\/maismagazine.pt\/index.php\/wp-json\/wp\/v2\/types\/post"}],"author":[{"embeddable":true,"href":"http:\/\/maismagazine.pt\/index.php\/wp-json\/wp\/v2\/users\/18"}],"replies":[{"embeddable":true,"href":"http:\/\/maismagazine.pt\/index.php\/wp-json\/wp\/v2\/comments?post=11626"}],"version-history":[{"count":1,"href":"http:\/\/maismagazine.pt\/index.php\/wp-json\/wp\/v2\/posts\/11626\/revisions"}],"predecessor-version":[{"id":11637,"href":"http:\/\/maismagazine.pt\/index.php\/wp-json\/wp\/v2\/posts\/11626\/revisions\/11637"}],"wp:featuredmedia":[{"embeddable":true,"href":"http:\/\/maismagazine.pt\/index.php\/wp-json\/wp\/v2\/media\/11635"}],"wp:attachment":[{"href":"http:\/\/maismagazine.pt\/index.php\/wp-json\/wp\/v2\/media?parent=11626"}],"wp:term":[{"taxonomy":"category","embeddable":true,"href":"http:\/\/maismagazine.pt\/index.php\/wp-json\/wp\/v2\/categories?post=11626"},{"taxonomy":"post_tag","embeddable":true,"href":"http:\/\/maismagazine.pt\/index.php\/wp-json\/wp\/v2\/tags?post=11626"}],"curies":[{"name":"wp","href":"https:\/\/api.w.org\/{rel}","templated":true}]}}