{"id":11615,"date":"2026-03-13T07:00:00","date_gmt":"2026-03-13T07:00:00","guid":{"rendered":"https:\/\/maismagazine.pt\/?p=11615"},"modified":"2026-03-10T15:44:31","modified_gmt":"2026-03-10T15:44:31","slug":"saude-oral-que-futuro","status":"publish","type":"post","link":"http:\/\/maismagazine.pt\/index.php\/2026\/03\/13\/saude-oral-que-futuro\/","title":{"rendered":"Sa\u00fade Oral que Futuro?"},"content":{"rendered":"\n<p>Em Portugal, a sa\u00fade oral tem apresentado uma evolu\u00e7\u00e3o not\u00e1vel nas \u00faltimas d\u00e9cadas, refletindo-se na melhoria dos indicadores de sa\u00fade da popula\u00e7\u00e3o e na sua integra\u00e7\u00e3o na sa\u00fade p\u00fablica.A sa\u00fade oral, outrora considerada um componente marginal da sa\u00fade individual, \u00e9 hoje reconhecida como um elemento essencial do bem-estar geral, tanto pela comunidade m\u00e9dica e cient\u00edfica quanto pelos respons\u00e1veis pol\u00edticos.<\/p>\n\n\n\n<p><\/p>\n\n\n\n<p>A melhoria na preven\u00e7\u00e3o de doen\u00e7as orais e no tratamento de patologias dent\u00e1rias, impulsionada em grande parte pelo Programa Nacional de Promo\u00e7\u00e3o da Sa\u00fade Oral (PNPSO), tem sido um dos principais motores de transforma\u00e7\u00e3o na \u00e1rea da sa\u00fade p\u00fablica oral em Portugal.<\/p>\n\n\n\n<p><\/p>\n\n\n\n<p>Lan\u00e7ado em 1986, o PNPSO marcou a hist\u00f3ria da sa\u00fade oral dos portugueses. Inicialmente direcionado para grupos vulner\u00e1veis, como crian\u00e7as, gr\u00e1vidas e idosos, o programa visava combater as elevadas taxas de c\u00e1ries e doen\u00e7as periodontais que eram prevalentes na popula\u00e7\u00e3o, decorrentes da falta de acesso a cuidados dent\u00e1rios adequados.<\/p>\n\n\n\n<p><\/p>\n\n\n\n<p>Ao longo dos anos, o PNPSO foi adaptando as suas abordagens, abrangendo outros grupos vulner\u00e1veis e implementando novos projetos, como o cheque-dentista. Este \u00faltimo permitiu o acesso a cuidados dent\u00e1rios essenciais, sem custos adicionais, para milhares de cidad\u00e3os, especialmente os de baixos rendimentos.<\/p>\n\n\n\n<p><\/p>\n\n\n\n<p>Com a introdu\u00e7\u00e3o de m\u00e9dicos dentistas no Servi\u00e7o Nacional de Sa\u00fade em 2016, assistiu-se a um avan\u00e7o significativo na acessibilidade e na integra\u00e7\u00e3o da sa\u00fade oral nos cuidados prim\u00e1rios.<\/p>\n\n\n\n<p><\/p>\n\n\n\n<p>No entanto, apesar dos progressos alcan\u00e7ados, ainda existem desafios a serem superados. O futuro da sa\u00fade oral em Portugal est\u00e1 agora focado no PNPSO 2025-2030, um programa que ambiciona aprofundar as melhorias j\u00e1 alcan\u00e7adas e expandir o acesso a cuidados de sa\u00fade oral.<\/p>\n\n\n\n<p><\/p>\n\n\n\n<p>A sua principal inova\u00e7\u00e3o \u00e9 a amplia\u00e7\u00e3o da cobertura dos cheques-dentista, que se estender\u00e1 a novos grupos vulner\u00e1veis, e uma maior articula\u00e7\u00e3o entre os cuidados de sa\u00fade prim\u00e1rios e a rede de m\u00e9dicos dentistas prestadores, promovendo uma abordagem mais integrada e coordenada entre os diferentes n\u00edveis de cuidados de sa\u00fade.<\/p>\n\n\n\n<p><\/p>\n\n\n\n<p>A diversifica\u00e7\u00e3o da oferta de servi\u00e7os, com a introdu\u00e7\u00e3o de novas estrat\u00e9gias de interven\u00e7\u00e3o comunit\u00e1ria, incentivando um maior envolvimento das escolas e autarquias na promo\u00e7\u00e3o da sa\u00fade oral, ser\u00e1 outro pilar fundamental do PNPSO 2025-2030.A utiliza\u00e7\u00e3o de plataformas digitais de monitoriza\u00e7\u00e3o da sa\u00fade oral e sistemas de registo eletr\u00f3nico, para um acompanhamento mais rigoroso e uma melhor gest\u00e3o dos recursos, tamb\u00e9m ser\u00e3o elementos-chave deste novo programa.<\/p>\n\n\n\n<p><\/p>\n\n\n\n<p>O PNPSO 2025-2030 est\u00e1 alinhado com os objetivos definidos pela Organiza\u00e7\u00e3o Mundial da Sa\u00fade para esta \u00e1rea, refor\u00e7ando a posi\u00e7\u00e3o de Portugal como l\u00edder na implementa\u00e7\u00e3o de pol\u00edticas eficazes e inovadoras na \u00e1rea da sa\u00fade p\u00fablica.<\/p>\n\n\n\n<p><\/p>\n\n\n\n<p>Estou convicta de que o futuro da sa\u00fade oral em Portugal passa por ser cada vez mais inclusivo, preventivo e sustentado, tendo a educa\u00e7\u00e3o e a inova\u00e7\u00e3o tecnol\u00f3gica como pilares fundamentais para atingir esses objetivos. S\u00f3 assim conseguiremos garantir um futuro mais saud\u00e1vel e sorridente para todos!<\/p>\n\n\n\n<p><\/p>\n\n\n\n<p class=\"has-text-align-right\"><em>Prof. Ana Povo, Secret\u00e1ria de Estado da Sa\u00fade<\/em><\/p>\n","protected":false},"excerpt":{"rendered":"<p>Em Portugal, a sa\u00fade oral tem apresentado uma evolu\u00e7\u00e3o not\u00e1vel nas \u00faltimas d\u00e9cadas, refletindo-se na melhoria dos indicadores de sa\u00fade da popula\u00e7\u00e3o e na sua integra\u00e7\u00e3o na sa\u00fade p\u00fablica.A sa\u00fade oral, outrora considerada um componente marginal da sa\u00fade individual, \u00e9 hoje reconhecida como um elemento essencial do bem-estar geral, tanto&hellip;<\/p>\n","protected":false},"author":18,"featured_media":11616,"comment_status":"closed","ping_status":"open","sticky":false,"template":"","format":"standard","meta":{"advgb_blocks_editor_width":"","advgb_blocks_columns_visual_guide":"","_monsterinsights_skip_tracking":false,"_monsterinsights_sitenote_active":false,"_monsterinsights_sitenote_note":"","_monsterinsights_sitenote_category":0,"footnotes":""},"categories":[52,51,313],"tags":[2268,2290],"class_list":["post-11615","post","type-post","status-publish","format-standard","has-post-thumbnail","hentry","category-destaque","category-opiniao","category-saude","tag-saude-oral","tag-secretaria-de-estado-da-saude"],"yoast_head":"<!-- This site is optimized with the Yoast SEO plugin v24.4 - https:\/\/yoast.com\/wordpress\/plugins\/seo\/ -->\n<title>Sa\u00fade Oral que Futuro? - Mais Magazine<\/title>\n<meta name=\"robots\" content=\"index, follow, max-snippet:-1, max-image-preview:large, max-video-preview:-1\" \/>\n<link rel=\"canonical\" href=\"http:\/\/maismagazine.pt\/index.php\/2026\/03\/13\/saude-oral-que-futuro\/\" \/>\n<meta property=\"og:locale\" content=\"pt_PT\" \/>\n<meta property=\"og:type\" content=\"article\" \/>\n<meta property=\"og:title\" content=\"Sa\u00fade Oral que Futuro? - Mais Magazine\" \/>\n<meta property=\"og:description\" content=\"Em Portugal, a sa\u00fade oral tem apresentado uma evolu\u00e7\u00e3o not\u00e1vel nas \u00faltimas d\u00e9cadas, refletindo-se na melhoria dos indicadores de sa\u00fade da popula\u00e7\u00e3o e na sua integra\u00e7\u00e3o na sa\u00fade p\u00fablica.A sa\u00fade oral, outrora considerada um componente marginal da sa\u00fade individual, \u00e9 hoje reconhecida como um elemento essencial do bem-estar geral, tanto&hellip;\" \/>\n<meta property=\"og:url\" content=\"http:\/\/maismagazine.pt\/index.php\/2026\/03\/13\/saude-oral-que-futuro\/\" \/>\n<meta property=\"og:site_name\" content=\"Mais Magazine\" \/>\n<meta property=\"article:published_time\" content=\"2026-03-13T07:00:00+00:00\" \/>\n<meta property=\"og:image\" content=\"http:\/\/maismagazine.pt\/wp-content\/uploads\/2025\/03\/i061765.jpg\" \/>\n\t<meta property=\"og:image:width\" content=\"800\" \/>\n\t<meta property=\"og:image:height\" content=\"1029\" \/>\n\t<meta property=\"og:image:type\" content=\"image\/jpeg\" \/>\n<meta name=\"author\" content=\"Tatiana Martins\" \/>\n<meta name=\"twitter:card\" content=\"summary_large_image\" \/>\n<meta name=\"twitter:label1\" content=\"Escrito por\" \/>\n\t<meta name=\"twitter:data1\" content=\"\" \/>\n\t<meta name=\"twitter:label2\" content=\"Tempo estimado de leitura\" \/>\n\t<meta name=\"twitter:data2\" content=\"3 minutos\" \/>\n<script type=\"application\/ld+json\" class=\"yoast-schema-graph\">{\"@context\":\"https:\/\/schema.org\",\"@graph\":[{\"@type\":\"Article\",\"@id\":\"http:\/\/maismagazine.pt\/index.php\/2026\/03\/13\/saude-oral-que-futuro\/#article\",\"isPartOf\":{\"@id\":\"http:\/\/maismagazine.pt\/index.php\/2026\/03\/13\/saude-oral-que-futuro\/\"},\"author\":{\"name\":\"Tatiana Martins\",\"@id\":\"https:\/\/maismagazine.pt\/#\/schema\/person\/7426e2caeb8df32a1b56aa48dae778c9\"},\"headline\":\"Sa\u00fade Oral que Futuro?\",\"datePublished\":\"2026-03-13T07:00:00+00:00\",\"mainEntityOfPage\":{\"@id\":\"http:\/\/maismagazine.pt\/index.php\/2026\/03\/13\/saude-oral-que-futuro\/\"},\"wordCount\":563,\"publisher\":{\"@id\":\"https:\/\/maismagazine.pt\/#organization\"},\"image\":{\"@id\":\"http:\/\/maismagazine.pt\/index.php\/2026\/03\/13\/saude-oral-que-futuro\/#primaryimage\"},\"thumbnailUrl\":\"http:\/\/maismagazine.pt\/wp-content\/uploads\/2025\/03\/i061765.jpg\",\"keywords\":[\"Sa\u00fade Oral\",\"Secret\u00e1ria de Estado da Sa\u00fade\"],\"articleSection\":[\"Destaque lateral\",\"Opini\u00e3o\",\"Sa\u00fade\"],\"inLanguage\":\"pt-PT\"},{\"@type\":\"WebPage\",\"@id\":\"http:\/\/maismagazine.pt\/index.php\/2026\/03\/13\/saude-oral-que-futuro\/\",\"url\":\"http:\/\/maismagazine.pt\/index.php\/2026\/03\/13\/saude-oral-que-futuro\/\",\"name\":\"Sa\u00fade Oral que Futuro? - Mais Magazine\",\"isPartOf\":{\"@id\":\"https:\/\/maismagazine.pt\/#website\"},\"primaryImageOfPage\":{\"@id\":\"http:\/\/maismagazine.pt\/index.php\/2026\/03\/13\/saude-oral-que-futuro\/#primaryimage\"},\"image\":{\"@id\":\"http:\/\/maismagazine.pt\/index.php\/2026\/03\/13\/saude-oral-que-futuro\/#primaryimage\"},\"thumbnailUrl\":\"http:\/\/maismagazine.pt\/wp-content\/uploads\/2025\/03\/i061765.jpg\",\"datePublished\":\"2026-03-13T07:00:00+00:00\",\"breadcrumb\":{\"@id\":\"http:\/\/maismagazine.pt\/index.php\/2026\/03\/13\/saude-oral-que-futuro\/#breadcrumb\"},\"inLanguage\":\"pt-PT\",\"potentialAction\":[{\"@type\":\"ReadAction\",\"target\":[\"http:\/\/maismagazine.pt\/index.php\/2026\/03\/13\/saude-oral-que-futuro\/\"]}]},{\"@type\":\"ImageObject\",\"inLanguage\":\"pt-PT\",\"@id\":\"http:\/\/maismagazine.pt\/index.php\/2026\/03\/13\/saude-oral-que-futuro\/#primaryimage\",\"url\":\"http:\/\/maismagazine.pt\/wp-content\/uploads\/2025\/03\/i061765.jpg\",\"contentUrl\":\"http:\/\/maismagazine.pt\/wp-content\/uploads\/2025\/03\/i061765.jpg\",\"width\":800,\"height\":1029,\"caption\":\"Prof. Ana Povo, Secret\u00e1ria de Estado da Sa\u00fade\"},{\"@type\":\"BreadcrumbList\",\"@id\":\"http:\/\/maismagazine.pt\/index.php\/2026\/03\/13\/saude-oral-que-futuro\/#breadcrumb\",\"itemListElement\":[{\"@type\":\"ListItem\",\"position\":1,\"name\":\"Home\",\"item\":\"https:\/\/maismagazine.pt\/\"},{\"@type\":\"ListItem\",\"position\":2,\"name\":\"Sa\u00fade Oral que Futuro?\"}]},{\"@type\":\"WebSite\",\"@id\":\"https:\/\/maismagazine.pt\/#website\",\"url\":\"https:\/\/maismagazine.pt\/\",\"name\":\"Mais Magazine\",\"description\":\"\",\"publisher\":{\"@id\":\"https:\/\/maismagazine.pt\/#organization\"},\"potentialAction\":[{\"@type\":\"SearchAction\",\"target\":{\"@type\":\"EntryPoint\",\"urlTemplate\":\"https:\/\/maismagazine.pt\/?s={search_term_string}\"},\"query-input\":{\"@type\":\"PropertyValueSpecification\",\"valueRequired\":true,\"valueName\":\"search_term_string\"}}],\"inLanguage\":\"pt-PT\"},{\"@type\":\"Organization\",\"@id\":\"https:\/\/maismagazine.pt\/#organization\",\"name\":\"Mais Magazine\",\"url\":\"https:\/\/maismagazine.pt\/\",\"logo\":{\"@type\":\"ImageObject\",\"inLanguage\":\"pt-PT\",\"@id\":\"https:\/\/maismagazine.pt\/#\/schema\/logo\/image\/\",\"url\":\"http:\/\/maismagazine.pt\/wp-content\/uploads\/2020\/04\/cropped-cropped-mais-magazine-site-logo-2.png\",\"contentUrl\":\"http:\/\/maismagazine.pt\/wp-content\/uploads\/2020\/04\/cropped-cropped-mais-magazine-site-logo-2.png\",\"width\":581,\"height\":90,\"caption\":\"Mais Magazine\"},\"image\":{\"@id\":\"https:\/\/maismagazine.pt\/#\/schema\/logo\/image\/\"}},{\"@type\":\"Person\",\"@id\":\"https:\/\/maismagazine.pt\/#\/schema\/person\/7426e2caeb8df32a1b56aa48dae778c9\",\"name\":\"Tatiana Martins\",\"image\":{\"@type\":\"ImageObject\",\"inLanguage\":\"pt-PT\",\"@id\":\"https:\/\/maismagazine.pt\/#\/schema\/person\/image\/\",\"url\":\"https:\/\/secure.gravatar.com\/avatar\/4b24a57f5d0425f2eb20981c4b53244e?s=96&d=mm&r=g\",\"contentUrl\":\"https:\/\/secure.gravatar.com\/avatar\/4b24a57f5d0425f2eb20981c4b53244e?s=96&d=mm&r=g\",\"caption\":\"Tatiana Martins\"},\"url\":\"http:\/\/maismagazine.pt\/index.php\/author\/tatiana\/\"}]}<\/script>\n<!-- \/ Yoast SEO plugin. -->","yoast_head_json":{"title":"Sa\u00fade Oral que Futuro? - Mais Magazine","robots":{"index":"index","follow":"follow","max-snippet":"max-snippet:-1","max-image-preview":"max-image-preview:large","max-video-preview":"max-video-preview:-1"},"canonical":"http:\/\/maismagazine.pt\/index.php\/2026\/03\/13\/saude-oral-que-futuro\/","og_locale":"pt_PT","og_type":"article","og_title":"Sa\u00fade Oral que Futuro? - Mais Magazine","og_description":"Em Portugal, a sa\u00fade oral tem apresentado uma evolu\u00e7\u00e3o not\u00e1vel nas \u00faltimas d\u00e9cadas, refletindo-se na melhoria dos indicadores de sa\u00fade da popula\u00e7\u00e3o e na sua integra\u00e7\u00e3o na sa\u00fade p\u00fablica.A sa\u00fade oral, outrora considerada um componente marginal da sa\u00fade individual, \u00e9 hoje reconhecida como um elemento essencial do bem-estar geral, tanto&hellip;","og_url":"http:\/\/maismagazine.pt\/index.php\/2026\/03\/13\/saude-oral-que-futuro\/","og_site_name":"Mais Magazine","article_published_time":"2026-03-13T07:00:00+00:00","og_image":[{"width":800,"height":1029,"url":"http:\/\/maismagazine.pt\/wp-content\/uploads\/2025\/03\/i061765.jpg","type":"image\/jpeg"}],"author":"Tatiana Martins","twitter_card":"summary_large_image","twitter_misc":{"Escrito por":false,"Tempo estimado de leitura":"3 minutos"},"schema":{"@context":"https:\/\/schema.org","@graph":[{"@type":"Article","@id":"http:\/\/maismagazine.pt\/index.php\/2026\/03\/13\/saude-oral-que-futuro\/#article","isPartOf":{"@id":"http:\/\/maismagazine.pt\/index.php\/2026\/03\/13\/saude-oral-que-futuro\/"},"author":{"name":"Tatiana Martins","@id":"https:\/\/maismagazine.pt\/#\/schema\/person\/7426e2caeb8df32a1b56aa48dae778c9"},"headline":"Sa\u00fade Oral que Futuro?","datePublished":"2026-03-13T07:00:00+00:00","mainEntityOfPage":{"@id":"http:\/\/maismagazine.pt\/index.php\/2026\/03\/13\/saude-oral-que-futuro\/"},"wordCount":563,"publisher":{"@id":"https:\/\/maismagazine.pt\/#organization"},"image":{"@id":"http:\/\/maismagazine.pt\/index.php\/2026\/03\/13\/saude-oral-que-futuro\/#primaryimage"},"thumbnailUrl":"http:\/\/maismagazine.pt\/wp-content\/uploads\/2025\/03\/i061765.jpg","keywords":["Sa\u00fade Oral","Secret\u00e1ria de Estado da Sa\u00fade"],"articleSection":["Destaque lateral","Opini\u00e3o","Sa\u00fade"],"inLanguage":"pt-PT"},{"@type":"WebPage","@id":"http:\/\/maismagazine.pt\/index.php\/2026\/03\/13\/saude-oral-que-futuro\/","url":"http:\/\/maismagazine.pt\/index.php\/2026\/03\/13\/saude-oral-que-futuro\/","name":"Sa\u00fade Oral que Futuro? - Mais Magazine","isPartOf":{"@id":"https:\/\/maismagazine.pt\/#website"},"primaryImageOfPage":{"@id":"http:\/\/maismagazine.pt\/index.php\/2026\/03\/13\/saude-oral-que-futuro\/#primaryimage"},"image":{"@id":"http:\/\/maismagazine.pt\/index.php\/2026\/03\/13\/saude-oral-que-futuro\/#primaryimage"},"thumbnailUrl":"http:\/\/maismagazine.pt\/wp-content\/uploads\/2025\/03\/i061765.jpg","datePublished":"2026-03-13T07:00:00+00:00","breadcrumb":{"@id":"http:\/\/maismagazine.pt\/index.php\/2026\/03\/13\/saude-oral-que-futuro\/#breadcrumb"},"inLanguage":"pt-PT","potentialAction":[{"@type":"ReadAction","target":["http:\/\/maismagazine.pt\/index.php\/2026\/03\/13\/saude-oral-que-futuro\/"]}]},{"@type":"ImageObject","inLanguage":"pt-PT","@id":"http:\/\/maismagazine.pt\/index.php\/2026\/03\/13\/saude-oral-que-futuro\/#primaryimage","url":"http:\/\/maismagazine.pt\/wp-content\/uploads\/2025\/03\/i061765.jpg","contentUrl":"http:\/\/maismagazine.pt\/wp-content\/uploads\/2025\/03\/i061765.jpg","width":800,"height":1029,"caption":"Prof. Ana Povo, Secret\u00e1ria de Estado da Sa\u00fade"},{"@type":"BreadcrumbList","@id":"http:\/\/maismagazine.pt\/index.php\/2026\/03\/13\/saude-oral-que-futuro\/#breadcrumb","itemListElement":[{"@type":"ListItem","position":1,"name":"Home","item":"https:\/\/maismagazine.pt\/"},{"@type":"ListItem","position":2,"name":"Sa\u00fade Oral que Futuro?"}]},{"@type":"WebSite","@id":"https:\/\/maismagazine.pt\/#website","url":"https:\/\/maismagazine.pt\/","name":"Mais Magazine","description":"","publisher":{"@id":"https:\/\/maismagazine.pt\/#organization"},"potentialAction":[{"@type":"SearchAction","target":{"@type":"EntryPoint","urlTemplate":"https:\/\/maismagazine.pt\/?s={search_term_string}"},"query-input":{"@type":"PropertyValueSpecification","valueRequired":true,"valueName":"search_term_string"}}],"inLanguage":"pt-PT"},{"@type":"Organization","@id":"https:\/\/maismagazine.pt\/#organization","name":"Mais Magazine","url":"https:\/\/maismagazine.pt\/","logo":{"@type":"ImageObject","inLanguage":"pt-PT","@id":"https:\/\/maismagazine.pt\/#\/schema\/logo\/image\/","url":"http:\/\/maismagazine.pt\/wp-content\/uploads\/2020\/04\/cropped-cropped-mais-magazine-site-logo-2.png","contentUrl":"http:\/\/maismagazine.pt\/wp-content\/uploads\/2020\/04\/cropped-cropped-mais-magazine-site-logo-2.png","width":581,"height":90,"caption":"Mais Magazine"},"image":{"@id":"https:\/\/maismagazine.pt\/#\/schema\/logo\/image\/"}},{"@type":"Person","@id":"https:\/\/maismagazine.pt\/#\/schema\/person\/7426e2caeb8df32a1b56aa48dae778c9","name":"Tatiana Martins","image":{"@type":"ImageObject","inLanguage":"pt-PT","@id":"https:\/\/maismagazine.pt\/#\/schema\/person\/image\/","url":"https:\/\/secure.gravatar.com\/avatar\/4b24a57f5d0425f2eb20981c4b53244e?s=96&d=mm&r=g","contentUrl":"https:\/\/secure.gravatar.com\/avatar\/4b24a57f5d0425f2eb20981c4b53244e?s=96&d=mm&r=g","caption":"Tatiana Martins"},"url":"http:\/\/maismagazine.pt\/index.php\/author\/tatiana\/"}]}},"author_meta":{"display_name":false,"author_link":"http:\/\/maismagazine.pt\/index.php\/author\/tatiana\/"},"featured_img":"http:\/\/maismagazine.pt\/wp-content\/uploads\/2025\/03\/i061765-233x300.jpg","coauthors":[],"tax_additional":{"categories":{"linked":["<a href=\"http:\/\/maismagazine.pt\/index.php\/category\/destaque\/\" class=\"advgb-post-tax-term\">Destaque lateral<\/a>","<a href=\"http:\/\/maismagazine.pt\/index.php\/category\/noticias\/opiniao\/\" class=\"advgb-post-tax-term\">Opini\u00e3o<\/a>","<a href=\"http:\/\/maismagazine.pt\/index.php\/category\/mundo-empresarial\/saude\/\" class=\"advgb-post-tax-term\">Sa\u00fade<\/a>"],"unlinked":["<span class=\"advgb-post-tax-term\">Destaque lateral<\/span>","<span class=\"advgb-post-tax-term\">Opini\u00e3o<\/span>","<span class=\"advgb-post-tax-term\">Sa\u00fade<\/span>"]},"tags":{"linked":["<a href=\"http:\/\/maismagazine.pt\/index.php\/category\/mundo-empresarial\/saude\/\" class=\"advgb-post-tax-term\">Sa\u00fade Oral<\/a>","<a href=\"http:\/\/maismagazine.pt\/index.php\/category\/mundo-empresarial\/saude\/\" class=\"advgb-post-tax-term\">Secret\u00e1ria de Estado da Sa\u00fade<\/a>"],"unlinked":["<span class=\"advgb-post-tax-term\">Sa\u00fade Oral<\/span>","<span class=\"advgb-post-tax-term\">Secret\u00e1ria de Estado da Sa\u00fade<\/span>"]}},"comment_count":"0","relative_dates":{"created":"Posted 2 meses ago","modified":"Updated 2 meses ago"},"absolute_dates":{"created":"Posted on 13 de Mar\u00e7o, 2026","modified":"Updated on 10 de Mar\u00e7o, 2026"},"absolute_dates_time":{"created":"Posted on 13 de Mar\u00e7o, 2026 7:00","modified":"Updated on 10 de Mar\u00e7o, 2026 15:44"},"featured_img_caption":" Prof. Ana Povo, Secret\u00e1ria de Estado da Sa\u00fade","series_order":"","_links":{"self":[{"href":"http:\/\/maismagazine.pt\/index.php\/wp-json\/wp\/v2\/posts\/11615","targetHints":{"allow":["GET"]}}],"collection":[{"href":"http:\/\/maismagazine.pt\/index.php\/wp-json\/wp\/v2\/posts"}],"about":[{"href":"http:\/\/maismagazine.pt\/index.php\/wp-json\/wp\/v2\/types\/post"}],"author":[{"embeddable":true,"href":"http:\/\/maismagazine.pt\/index.php\/wp-json\/wp\/v2\/users\/18"}],"replies":[{"embeddable":true,"href":"http:\/\/maismagazine.pt\/index.php\/wp-json\/wp\/v2\/comments?post=11615"}],"version-history":[{"count":3,"href":"http:\/\/maismagazine.pt\/index.php\/wp-json\/wp\/v2\/posts\/11615\/revisions"}],"predecessor-version":[{"id":13681,"href":"http:\/\/maismagazine.pt\/index.php\/wp-json\/wp\/v2\/posts\/11615\/revisions\/13681"}],"wp:featuredmedia":[{"embeddable":true,"href":"http:\/\/maismagazine.pt\/index.php\/wp-json\/wp\/v2\/media\/11616"}],"wp:attachment":[{"href":"http:\/\/maismagazine.pt\/index.php\/wp-json\/wp\/v2\/media?parent=11615"}],"wp:term":[{"taxonomy":"category","embeddable":true,"href":"http:\/\/maismagazine.pt\/index.php\/wp-json\/wp\/v2\/categories?post=11615"},{"taxonomy":"post_tag","embeddable":true,"href":"http:\/\/maismagazine.pt\/index.php\/wp-json\/wp\/v2\/tags?post=11615"}],"curies":[{"name":"wp","href":"https:\/\/api.w.org\/{rel}","templated":true}]}}