{"id":11605,"date":"2025-03-21T07:00:00","date_gmt":"2025-03-21T07:00:00","guid":{"rendered":"https:\/\/maismagazine.pt\/?p=11605"},"modified":"2025-03-18T16:16:48","modified_gmt":"2025-03-18T16:16:48","slug":"nao-e-possivel-ter-saude-oral-sem-saude-em-geral-e-vice-versa","status":"publish","type":"post","link":"http:\/\/maismagazine.pt\/index.php\/2025\/03\/21\/nao-e-possivel-ter-saude-oral-sem-saude-em-geral-e-vice-versa\/","title":{"rendered":"\u201cN\u00e3o \u00e9 poss\u00edvel ter Sa\u00fade Oral sem Sa\u00fade em Geral e vice-versa\u201d"},"content":{"rendered":"\n<p><strong>Ativa defensora da complementaridade entre a Sa\u00fade Oral e a Medicina Geral, <a href=\"http:\/\/www.margaridamarques.com\">Margarida Marques<\/a>, M\u00e9dica Dentista no Trofa Sa\u00fade, fala \u00e0 Mais Magazine sobre as vantagens em trabalhar no meio hospitalar, bem como a necessidade de aumentar a literacia para a import\u00e2ncia da Sa\u00fade Oral em Portugal.<\/strong><\/p>\n\n\n\n<p><\/p>\n\n\n\n<p><strong>Gostaria de come\u00e7ar esta entrevista por lhe perguntar como surgiu a paix\u00e3o pela medicina dent\u00e1ria? Sempre foi um objetivo de vida ou foi algo que surgiu durante o seu percurso acad\u00e9mico? <\/strong><\/p>\n\n\n\n<p>N\u00e3o, de todo. Em adolescente o meu objetivo principal seria a medicina, mais propriamente a obstetr\u00edcia. Entrei em Medicina Dent\u00e1ria de forma provis\u00f3ria, no entanto, com o desenrolar do curso acabei por me apaixonar e percebi que aqui faria a diferen\u00e7a. Desenvolvo um trabalho diferenciado pela integra\u00e7\u00e3o da Sa\u00fade Oral na Sa\u00fade Geral, juntado o melhor de dois mundos que se complementam.<\/p>\n\n\n\n<p><\/p>\n\n\n\n<p><strong>O que a motiva diariamente nesta profiss\u00e3o? A ideia de dar novos sorrisos aos seus doentes \u00e9 um dos grandes privil\u00e9gios do seu emprego? <\/strong><\/p>\n\n\n\n<p>Sim, sem d\u00favida, mas vai muito al\u00e9m disso. Por detr\u00e1s de um sorriso bonito est\u00e1 todo um trabalho inter e multidisciplinar que leva a uma mudan\u00e7a f\u00edsica e emocional, e o resultado \u00e9 extremamente impactante na vida de quem me procura. A sociedade est\u00e1 cada vez mais implac\u00e1vel no delineamento dos padr\u00f5es de beleza, vivemos com a press\u00e3o das redes sociais pela procura do \u201cSorriso perfeito\u201d. Encaro isto com grande positividade, pois leva ao aumento da procura pela informa\u00e7\u00e3o referente \u00e0 Sa\u00fade Oral aumentando a consciencializa\u00e7\u00e3o e a literacia, o que por si aumenta a procura pelo M\u00e9dico Dentista, permitindo assim diagnosticar e tratar doen\u00e7as orais (muitas at\u00e9 de base sist\u00e9mica) que muitos nem sabem que padecem. No entanto, preocupa&#8211;me a veracidade da informa\u00e7\u00e3o que \u00e9 transmitida, e a crescente procura por tratamento r\u00e1pidos. N\u00e3o \u00e9 poss\u00edvel repor a Sa\u00fade Oral de forma instant\u00e2nea, tudo leva o seu tempo e a procura de resultados r\u00e1pidos pode levar a escolhas menos saud\u00e1veis.<\/p>\n\n\n<div class=\"wp-block-image\">\n<figure class=\"aligncenter size-large is-resized\"><img loading=\"lazy\" decoding=\"async\" width=\"1024\" height=\"576\" src=\"https:\/\/maismagazine.pt\/wp-content\/uploads\/2025\/03\/maxresdefault-1024x576.jpg\" alt=\"\" class=\"wp-image-11611\" style=\"width:453px;height:auto\" srcset=\"http:\/\/maismagazine.pt\/wp-content\/uploads\/2025\/03\/maxresdefault-1024x576.jpg 1024w, http:\/\/maismagazine.pt\/wp-content\/uploads\/2025\/03\/maxresdefault-300x169.jpg 300w, http:\/\/maismagazine.pt\/wp-content\/uploads\/2025\/03\/maxresdefault-768x432.jpg 768w, http:\/\/maismagazine.pt\/wp-content\/uploads\/2025\/03\/maxresdefault.jpg 1280w\" sizes=\"auto, (max-width: 1024px) 100vw, 1024px\" \/><\/figure><\/div>\n\n\n<p><strong>Atualmente, a Dra. Margarida Marques \u00e9 M\u00e9dica Dentista no Trofa Sa\u00fade Vila Real. Quais as vantagens que considera que o meio hospitalar pode acrescentar no tratamento da Sa\u00fade Oral dos pacientes?<\/strong><\/p>\n\n\n\n<p>Direcionei a minha carreia para o meio hospitalar pois \u00e9, sem d\u00favida, uma mais-valia no tratamento de doen\u00e7as orais. N\u00e3o \u00e9 poss\u00edvel ter Sa\u00fade Oral sem Sa\u00fade em Geral e vice-versa, estas encontram-se interligadas. O corpo humano \u00e9 um sistema complexo de interliga\u00e7\u00e3o entre v\u00e1rios subsistemas, e a cavidade oral faz parte deste grande sistema. A literatura cient\u00edfica j\u00e1 sustenta esta rela\u00e7\u00e3o direta e bidirecional entre v\u00e1rias patologias cr\u00f3nicas e as doen\u00e7as orais. A rela\u00e7\u00e3o entre diabetes mellitus e a doen\u00e7a periodontal \u00e9 bidirecional, sendo crucial um tratamento multidisciplinar. A inflama\u00e7\u00e3o cr\u00f3nica induzida pela periodontite n\u00e3o controlada pode contribuir para a resist\u00eancia \u00e0 insulina, agravando a glic\u00e9mia do doente. Por outro lado, a descompensa\u00e7\u00e3o diab\u00e9tica, caracterizada por n\u00edveis elevados de glicose no sangue, compromete a resposta imunol\u00f3gica e inflamat\u00f3ria, permitindo o avan\u00e7o da infe\u00e7\u00e3o oral. Este estado de infe\u00e7\u00e3o cr\u00f3nica da Periodontite leva ao aumento dos n\u00edveis de marcadores pr\u00f3-inflamat\u00f3rios, tendo um papel importante no desenvolvimento de outras doen\u00e7as como a endocardite bacteriana, doen\u00e7a vascular ateroscler\u00f3tica, enfarte agudo do mioc\u00e1rdio e eventos C\u00e9rebro&#8211;vasculares (AVC). Outro exemplo \u00e9 a mulher gr\u00e1vida, onde estudos associam a doen\u00e7a periodontal ao parto prematuro associado ao aumento do risco de desenvolver uma pr\u00e9-eclampsia e ao baixo peso \u00e0 nascen\u00e7a. \u00c9 fundamental um diagn\u00f3stico e tratamento de forma multidisciplinar e espec\u00edfico a cada doente, interrelacionando a medicina dent\u00e1ria com outras \u00e1reas m\u00e9dicas como a Medicina Interna, Endocrinologia, Cardiologia, Otorrinolaringologia, Medicina Geral e Familiar, entre outras. O Grupo Trofa Sa\u00fade criou a maior rede de cuidados de Medicina Dent\u00e1ria privada do pa\u00eds, dedicando-se \u00e0 humaniza\u00e7\u00e3o dos cuidados para a sa\u00fade, possibilitando esta multidisciplinaridade no tratamento individualizado, permitindo dar uma resposta n\u00e3o poss\u00edvel no setor p\u00fablico. Outra vantagem \u00e9 o acesso a estruturas e suportes t\u00e9cnicos e humanos que permitem tratar doentes muitas vezes negligenciados pelas suas comorbilidades, (doentes acamados, com dificuldades motoras, idosos institucionalizados, perturba\u00e7\u00f5es de espetro de autismo ou com algum d\u00e9fice cognitivo). Esta din\u00e2mica de interrela\u00e7\u00e3o com outras \u00e1reas m\u00e9dicas, possibilita-me \u201ccriar sorrisos\u201d de forma inovadora: controlada em ambulat\u00f3rio ou com a m\u00e1xima seguran\u00e7a no bloco operat\u00f3rio, aliando o conforto e a excel\u00eancia t\u00e9cnica com ajuda de todo um corpo cl\u00ednico experiente, diferenciado e dedicado ao tratamento das doen\u00e7as orais integrada na sua sa\u00fade geral. <\/p>\n\n\n<div class=\"wp-block-image\">\n<figure class=\"alignright size-full is-resized\"><img loading=\"lazy\" decoding=\"async\" width=\"362\" height=\"543\" src=\"https:\/\/maismagazine.pt\/wp-content\/uploads\/2025\/03\/0465-margarida-NAOEDITADA-BAIXARESOL.jpg\" alt=\"\" class=\"wp-image-11612\" style=\"width:281px;height:auto\" srcset=\"http:\/\/maismagazine.pt\/wp-content\/uploads\/2025\/03\/0465-margarida-NAOEDITADA-BAIXARESOL.jpg 362w, http:\/\/maismagazine.pt\/wp-content\/uploads\/2025\/03\/0465-margarida-NAOEDITADA-BAIXARESOL-200x300.jpg 200w\" sizes=\"auto, (max-width: 362px) 100vw, 362px\" \/><\/figure><\/div>\n\n\n<p><strong>Na sua \u00f3tica, qual o atual cen\u00e1rio da Sa\u00fade Oral dos portugueses. Considera que existe um elevado n\u00edvel de literacia dent\u00e1ria que leva os portugueses a terem cuidados acrescidos com a sua Sa\u00fade Oral ou, pelo contr\u00e1rio, ainda existe um trabalho a fazer neste sentido?<\/strong><\/p>\n\n\n\n<p>Segundo os dados do Bar\u00f3metro 2024 dispon\u00edvel pela Ordem dos M\u00e9dicos Dentistas, apenas 68,0% dos portugueses visitaram um M\u00e9dico Dentista no \u00faltimo ano e 57,1% com falta de dentes naturais n\u00e3o possuem dentes de substitui\u00e7\u00e3o, o que revela que ainda existe um longo caminho para o aumento da literacia em Sa\u00fade Oral. No entanto, acredito que com o crescente acesso \u00e0 informa\u00e7\u00e3o, com a consciencializa\u00e7\u00e3o das camadas mais novas com a introdu\u00e7\u00e3o da escovagem na escola e consciencializa\u00e7\u00e3o do p\u00fablico em geral a partir de webinars e workshops que seja um bom ponto de partida para aumentar a literacia para a import\u00e2ncia da Sa\u00fade Oral em Portugal. A par com a minha pr\u00e1tica cl\u00ednica tamb\u00e9m desenvolvo um trabalho digital no intuito de contribuir para o aumento da literacia sobre a Sa\u00fade Oral, promovendo a integra\u00e7\u00e3o da Sa\u00fade Oral com a Sa\u00fade Geral. <\/p>\n\n\n\n<p><\/p>\n\n\n\n<p><strong>Quais os aspetos que considera vitais para o sucesso da sua carreira e que podem servir como conselhos para os futuros M\u00e9dicos Dentistas? <\/strong><\/p>\n\n\n\n<p>A Medicina Dent\u00e1ria como qualquer profiss\u00e3o pode ser bastante competitiva, no entanto, acredito que existe sempre espa\u00e7o para quem desenvolve um bom trabalho. Considero que a dedica\u00e7\u00e3o, a \u00e9tica, resili\u00eancia nas adversidades e a integridade s\u00e3o pontos fundamentais para o crescimento profissional. O sucesso \u00e9 fruto de muito trabalho e da disponibilidade individual de integrar novas compet\u00eancias m\u00e9dicas, mantendo-nos na vanguarda dos protocolos mais recentes aliando compet\u00eancias como gest\u00e3o, lideran\u00e7a e intelig\u00eancia emocional.<\/p>\n\n\n\n<p><\/p>\n\n\n<div class=\"wp-block-image\">\n<figure class=\"aligncenter size-full is-resized\"><img loading=\"lazy\" decoding=\"async\" width=\"497\" height=\"547\" src=\"https:\/\/maismagazine.pt\/wp-content\/uploads\/2025\/03\/Captura-de-ecra-2025-03-18-161541.png\" alt=\"\" class=\"wp-image-11613\" style=\"width:239px;height:auto\" srcset=\"http:\/\/maismagazine.pt\/wp-content\/uploads\/2025\/03\/Captura-de-ecra-2025-03-18-161541.png 497w, http:\/\/maismagazine.pt\/wp-content\/uploads\/2025\/03\/Captura-de-ecra-2025-03-18-161541-273x300.png 273w\" sizes=\"auto, (max-width: 497px) 100vw, 497px\" \/><\/figure><\/div>\n\n\n<p><\/p>\n","protected":false},"excerpt":{"rendered":"<p>Ativa defensora da complementaridade entre a Sa\u00fade Oral e a Medicina Geral, Margarida Marques, M\u00e9dica Dentista no Trofa Sa\u00fade, fala \u00e0 Mais Magazine sobre as vantagens em trabalhar no meio hospitalar, bem como a necessidade de aumentar a literacia para a import\u00e2ncia da Sa\u00fade Oral em Portugal. Gostaria de come\u00e7ar&hellip;<\/p>\n","protected":false},"author":18,"featured_media":11610,"comment_status":"closed","ping_status":"open","sticky":false,"template":"","format":"standard","meta":{"advgb_blocks_editor_width":"","advgb_blocks_columns_visual_guide":"","_monsterinsights_skip_tracking":false,"_monsterinsights_sitenote_active":false,"_monsterinsights_sitenote_note":"","_monsterinsights_sitenote_category":0,"footnotes":""},"categories":[313],"tags":[2268,2289],"class_list":["post-11605","post","type-post","status-publish","format-standard","has-post-thumbnail","hentry","category-saude","tag-saude-oral","tag-trofa-saude"],"yoast_head":"<!-- This site is optimized with the Yoast SEO plugin v24.4 - https:\/\/yoast.com\/wordpress\/plugins\/seo\/ -->\n<title>\u201cN\u00e3o \u00e9 poss\u00edvel ter Sa\u00fade Oral sem Sa\u00fade em Geral e vice-versa\u201d - Mais Magazine<\/title>\n<meta name=\"robots\" content=\"index, follow, max-snippet:-1, max-image-preview:large, max-video-preview:-1\" \/>\n<link rel=\"canonical\" href=\"http:\/\/maismagazine.pt\/index.php\/2025\/03\/21\/nao-e-possivel-ter-saude-oral-sem-saude-em-geral-e-vice-versa\/\" \/>\n<meta property=\"og:locale\" content=\"pt_PT\" \/>\n<meta property=\"og:type\" content=\"article\" \/>\n<meta property=\"og:title\" content=\"\u201cN\u00e3o \u00e9 poss\u00edvel ter Sa\u00fade Oral sem Sa\u00fade em Geral e vice-versa\u201d - Mais Magazine\" \/>\n<meta property=\"og:description\" content=\"Ativa defensora da complementaridade entre a Sa\u00fade Oral e a Medicina Geral, Margarida Marques, M\u00e9dica Dentista no Trofa Sa\u00fade, fala \u00e0 Mais Magazine sobre as vantagens em trabalhar no meio hospitalar, bem como a necessidade de aumentar a literacia para a import\u00e2ncia da Sa\u00fade Oral em Portugal. Gostaria de come\u00e7ar&hellip;\" \/>\n<meta property=\"og:url\" content=\"http:\/\/maismagazine.pt\/index.php\/2025\/03\/21\/nao-e-possivel-ter-saude-oral-sem-saude-em-geral-e-vice-versa\/\" \/>\n<meta property=\"og:site_name\" content=\"Mais Magazine\" \/>\n<meta property=\"article:published_time\" content=\"2025-03-21T07:00:00+00:00\" \/>\n<meta property=\"og:image\" content=\"http:\/\/maismagazine.pt\/wp-content\/uploads\/2025\/03\/14_04_23_MARGARIDA_MARQUES_PB_27-scaled.jpg\" \/>\n\t<meta property=\"og:image:width\" content=\"1707\" \/>\n\t<meta property=\"og:image:height\" content=\"2560\" \/>\n\t<meta property=\"og:image:type\" content=\"image\/jpeg\" \/>\n<meta name=\"author\" content=\"Tatiana Martins\" \/>\n<meta name=\"twitter:card\" content=\"summary_large_image\" \/>\n<meta name=\"twitter:label1\" content=\"Escrito por\" \/>\n\t<meta name=\"twitter:data1\" content=\"\" \/>\n\t<meta name=\"twitter:label2\" content=\"Tempo estimado de leitura\" \/>\n\t<meta name=\"twitter:data2\" content=\"7 minutos\" \/>\n<script type=\"application\/ld+json\" class=\"yoast-schema-graph\">{\"@context\":\"https:\/\/schema.org\",\"@graph\":[{\"@type\":\"Article\",\"@id\":\"http:\/\/maismagazine.pt\/index.php\/2025\/03\/21\/nao-e-possivel-ter-saude-oral-sem-saude-em-geral-e-vice-versa\/#article\",\"isPartOf\":{\"@id\":\"http:\/\/maismagazine.pt\/index.php\/2025\/03\/21\/nao-e-possivel-ter-saude-oral-sem-saude-em-geral-e-vice-versa\/\"},\"author\":{\"name\":\"Tatiana Martins\",\"@id\":\"https:\/\/maismagazine.pt\/#\/schema\/person\/7426e2caeb8df32a1b56aa48dae778c9\"},\"headline\":\"\u201cN\u00e3o \u00e9 poss\u00edvel ter Sa\u00fade Oral sem Sa\u00fade em Geral e vice-versa\u201d\",\"datePublished\":\"2025-03-21T07:00:00+00:00\",\"mainEntityOfPage\":{\"@id\":\"http:\/\/maismagazine.pt\/index.php\/2025\/03\/21\/nao-e-possivel-ter-saude-oral-sem-saude-em-geral-e-vice-versa\/\"},\"wordCount\":1154,\"publisher\":{\"@id\":\"https:\/\/maismagazine.pt\/#organization\"},\"image\":{\"@id\":\"http:\/\/maismagazine.pt\/index.php\/2025\/03\/21\/nao-e-possivel-ter-saude-oral-sem-saude-em-geral-e-vice-versa\/#primaryimage\"},\"thumbnailUrl\":\"http:\/\/maismagazine.pt\/wp-content\/uploads\/2025\/03\/14_04_23_MARGARIDA_MARQUES_PB_27-scaled.jpg\",\"keywords\":[\"Sa\u00fade Oral\",\"Trofa Sa\u00fade\"],\"articleSection\":[\"Sa\u00fade\"],\"inLanguage\":\"pt-PT\"},{\"@type\":\"WebPage\",\"@id\":\"http:\/\/maismagazine.pt\/index.php\/2025\/03\/21\/nao-e-possivel-ter-saude-oral-sem-saude-em-geral-e-vice-versa\/\",\"url\":\"http:\/\/maismagazine.pt\/index.php\/2025\/03\/21\/nao-e-possivel-ter-saude-oral-sem-saude-em-geral-e-vice-versa\/\",\"name\":\"\u201cN\u00e3o \u00e9 poss\u00edvel ter Sa\u00fade Oral sem Sa\u00fade em Geral e vice-versa\u201d - Mais Magazine\",\"isPartOf\":{\"@id\":\"https:\/\/maismagazine.pt\/#website\"},\"primaryImageOfPage\":{\"@id\":\"http:\/\/maismagazine.pt\/index.php\/2025\/03\/21\/nao-e-possivel-ter-saude-oral-sem-saude-em-geral-e-vice-versa\/#primaryimage\"},\"image\":{\"@id\":\"http:\/\/maismagazine.pt\/index.php\/2025\/03\/21\/nao-e-possivel-ter-saude-oral-sem-saude-em-geral-e-vice-versa\/#primaryimage\"},\"thumbnailUrl\":\"http:\/\/maismagazine.pt\/wp-content\/uploads\/2025\/03\/14_04_23_MARGARIDA_MARQUES_PB_27-scaled.jpg\",\"datePublished\":\"2025-03-21T07:00:00+00:00\",\"breadcrumb\":{\"@id\":\"http:\/\/maismagazine.pt\/index.php\/2025\/03\/21\/nao-e-possivel-ter-saude-oral-sem-saude-em-geral-e-vice-versa\/#breadcrumb\"},\"inLanguage\":\"pt-PT\",\"potentialAction\":[{\"@type\":\"ReadAction\",\"target\":[\"http:\/\/maismagazine.pt\/index.php\/2025\/03\/21\/nao-e-possivel-ter-saude-oral-sem-saude-em-geral-e-vice-versa\/\"]}]},{\"@type\":\"ImageObject\",\"inLanguage\":\"pt-PT\",\"@id\":\"http:\/\/maismagazine.pt\/index.php\/2025\/03\/21\/nao-e-possivel-ter-saude-oral-sem-saude-em-geral-e-vice-versa\/#primaryimage\",\"url\":\"http:\/\/maismagazine.pt\/wp-content\/uploads\/2025\/03\/14_04_23_MARGARIDA_MARQUES_PB_27-scaled.jpg\",\"contentUrl\":\"http:\/\/maismagazine.pt\/wp-content\/uploads\/2025\/03\/14_04_23_MARGARIDA_MARQUES_PB_27-scaled.jpg\",\"width\":1707,\"height\":2560,\"caption\":\"Margarida Marques, M\u00e9dica Dentista\"},{\"@type\":\"BreadcrumbList\",\"@id\":\"http:\/\/maismagazine.pt\/index.php\/2025\/03\/21\/nao-e-possivel-ter-saude-oral-sem-saude-em-geral-e-vice-versa\/#breadcrumb\",\"itemListElement\":[{\"@type\":\"ListItem\",\"position\":1,\"name\":\"Home\",\"item\":\"https:\/\/maismagazine.pt\/\"},{\"@type\":\"ListItem\",\"position\":2,\"name\":\"\u201cN\u00e3o \u00e9 poss\u00edvel ter Sa\u00fade Oral sem Sa\u00fade em Geral e vice-versa\u201d\"}]},{\"@type\":\"WebSite\",\"@id\":\"https:\/\/maismagazine.pt\/#website\",\"url\":\"https:\/\/maismagazine.pt\/\",\"name\":\"Mais Magazine\",\"description\":\"\",\"publisher\":{\"@id\":\"https:\/\/maismagazine.pt\/#organization\"},\"potentialAction\":[{\"@type\":\"SearchAction\",\"target\":{\"@type\":\"EntryPoint\",\"urlTemplate\":\"https:\/\/maismagazine.pt\/?s={search_term_string}\"},\"query-input\":{\"@type\":\"PropertyValueSpecification\",\"valueRequired\":true,\"valueName\":\"search_term_string\"}}],\"inLanguage\":\"pt-PT\"},{\"@type\":\"Organization\",\"@id\":\"https:\/\/maismagazine.pt\/#organization\",\"name\":\"Mais Magazine\",\"url\":\"https:\/\/maismagazine.pt\/\",\"logo\":{\"@type\":\"ImageObject\",\"inLanguage\":\"pt-PT\",\"@id\":\"https:\/\/maismagazine.pt\/#\/schema\/logo\/image\/\",\"url\":\"http:\/\/maismagazine.pt\/wp-content\/uploads\/2020\/04\/cropped-cropped-mais-magazine-site-logo-2.png\",\"contentUrl\":\"http:\/\/maismagazine.pt\/wp-content\/uploads\/2020\/04\/cropped-cropped-mais-magazine-site-logo-2.png\",\"width\":581,\"height\":90,\"caption\":\"Mais Magazine\"},\"image\":{\"@id\":\"https:\/\/maismagazine.pt\/#\/schema\/logo\/image\/\"}},{\"@type\":\"Person\",\"@id\":\"https:\/\/maismagazine.pt\/#\/schema\/person\/7426e2caeb8df32a1b56aa48dae778c9\",\"name\":\"Tatiana Martins\",\"image\":{\"@type\":\"ImageObject\",\"inLanguage\":\"pt-PT\",\"@id\":\"https:\/\/maismagazine.pt\/#\/schema\/person\/image\/\",\"url\":\"https:\/\/secure.gravatar.com\/avatar\/4b24a57f5d0425f2eb20981c4b53244e?s=96&d=mm&r=g\",\"contentUrl\":\"https:\/\/secure.gravatar.com\/avatar\/4b24a57f5d0425f2eb20981c4b53244e?s=96&d=mm&r=g\",\"caption\":\"Tatiana Martins\"},\"url\":\"http:\/\/maismagazine.pt\/index.php\/author\/tatiana\/\"}]}<\/script>\n<!-- \/ Yoast SEO plugin. -->","yoast_head_json":{"title":"\u201cN\u00e3o \u00e9 poss\u00edvel ter Sa\u00fade Oral sem Sa\u00fade em Geral e vice-versa\u201d - Mais Magazine","robots":{"index":"index","follow":"follow","max-snippet":"max-snippet:-1","max-image-preview":"max-image-preview:large","max-video-preview":"max-video-preview:-1"},"canonical":"http:\/\/maismagazine.pt\/index.php\/2025\/03\/21\/nao-e-possivel-ter-saude-oral-sem-saude-em-geral-e-vice-versa\/","og_locale":"pt_PT","og_type":"article","og_title":"\u201cN\u00e3o \u00e9 poss\u00edvel ter Sa\u00fade Oral sem Sa\u00fade em Geral e vice-versa\u201d - Mais Magazine","og_description":"Ativa defensora da complementaridade entre a Sa\u00fade Oral e a Medicina Geral, Margarida Marques, M\u00e9dica Dentista no Trofa Sa\u00fade, fala \u00e0 Mais Magazine sobre as vantagens em trabalhar no meio hospitalar, bem como a necessidade de aumentar a literacia para a import\u00e2ncia da Sa\u00fade Oral em Portugal. Gostaria de come\u00e7ar&hellip;","og_url":"http:\/\/maismagazine.pt\/index.php\/2025\/03\/21\/nao-e-possivel-ter-saude-oral-sem-saude-em-geral-e-vice-versa\/","og_site_name":"Mais Magazine","article_published_time":"2025-03-21T07:00:00+00:00","og_image":[{"width":1707,"height":2560,"url":"http:\/\/maismagazine.pt\/wp-content\/uploads\/2025\/03\/14_04_23_MARGARIDA_MARQUES_PB_27-scaled.jpg","type":"image\/jpeg"}],"author":"Tatiana Martins","twitter_card":"summary_large_image","twitter_misc":{"Escrito por":false,"Tempo estimado de leitura":"7 minutos"},"schema":{"@context":"https:\/\/schema.org","@graph":[{"@type":"Article","@id":"http:\/\/maismagazine.pt\/index.php\/2025\/03\/21\/nao-e-possivel-ter-saude-oral-sem-saude-em-geral-e-vice-versa\/#article","isPartOf":{"@id":"http:\/\/maismagazine.pt\/index.php\/2025\/03\/21\/nao-e-possivel-ter-saude-oral-sem-saude-em-geral-e-vice-versa\/"},"author":{"name":"Tatiana Martins","@id":"https:\/\/maismagazine.pt\/#\/schema\/person\/7426e2caeb8df32a1b56aa48dae778c9"},"headline":"\u201cN\u00e3o \u00e9 poss\u00edvel ter Sa\u00fade Oral sem Sa\u00fade em Geral e vice-versa\u201d","datePublished":"2025-03-21T07:00:00+00:00","mainEntityOfPage":{"@id":"http:\/\/maismagazine.pt\/index.php\/2025\/03\/21\/nao-e-possivel-ter-saude-oral-sem-saude-em-geral-e-vice-versa\/"},"wordCount":1154,"publisher":{"@id":"https:\/\/maismagazine.pt\/#organization"},"image":{"@id":"http:\/\/maismagazine.pt\/index.php\/2025\/03\/21\/nao-e-possivel-ter-saude-oral-sem-saude-em-geral-e-vice-versa\/#primaryimage"},"thumbnailUrl":"http:\/\/maismagazine.pt\/wp-content\/uploads\/2025\/03\/14_04_23_MARGARIDA_MARQUES_PB_27-scaled.jpg","keywords":["Sa\u00fade Oral","Trofa Sa\u00fade"],"articleSection":["Sa\u00fade"],"inLanguage":"pt-PT"},{"@type":"WebPage","@id":"http:\/\/maismagazine.pt\/index.php\/2025\/03\/21\/nao-e-possivel-ter-saude-oral-sem-saude-em-geral-e-vice-versa\/","url":"http:\/\/maismagazine.pt\/index.php\/2025\/03\/21\/nao-e-possivel-ter-saude-oral-sem-saude-em-geral-e-vice-versa\/","name":"\u201cN\u00e3o \u00e9 poss\u00edvel ter Sa\u00fade Oral sem Sa\u00fade em Geral e vice-versa\u201d - Mais Magazine","isPartOf":{"@id":"https:\/\/maismagazine.pt\/#website"},"primaryImageOfPage":{"@id":"http:\/\/maismagazine.pt\/index.php\/2025\/03\/21\/nao-e-possivel-ter-saude-oral-sem-saude-em-geral-e-vice-versa\/#primaryimage"},"image":{"@id":"http:\/\/maismagazine.pt\/index.php\/2025\/03\/21\/nao-e-possivel-ter-saude-oral-sem-saude-em-geral-e-vice-versa\/#primaryimage"},"thumbnailUrl":"http:\/\/maismagazine.pt\/wp-content\/uploads\/2025\/03\/14_04_23_MARGARIDA_MARQUES_PB_27-scaled.jpg","datePublished":"2025-03-21T07:00:00+00:00","breadcrumb":{"@id":"http:\/\/maismagazine.pt\/index.php\/2025\/03\/21\/nao-e-possivel-ter-saude-oral-sem-saude-em-geral-e-vice-versa\/#breadcrumb"},"inLanguage":"pt-PT","potentialAction":[{"@type":"ReadAction","target":["http:\/\/maismagazine.pt\/index.php\/2025\/03\/21\/nao-e-possivel-ter-saude-oral-sem-saude-em-geral-e-vice-versa\/"]}]},{"@type":"ImageObject","inLanguage":"pt-PT","@id":"http:\/\/maismagazine.pt\/index.php\/2025\/03\/21\/nao-e-possivel-ter-saude-oral-sem-saude-em-geral-e-vice-versa\/#primaryimage","url":"http:\/\/maismagazine.pt\/wp-content\/uploads\/2025\/03\/14_04_23_MARGARIDA_MARQUES_PB_27-scaled.jpg","contentUrl":"http:\/\/maismagazine.pt\/wp-content\/uploads\/2025\/03\/14_04_23_MARGARIDA_MARQUES_PB_27-scaled.jpg","width":1707,"height":2560,"caption":"Margarida Marques, M\u00e9dica Dentista"},{"@type":"BreadcrumbList","@id":"http:\/\/maismagazine.pt\/index.php\/2025\/03\/21\/nao-e-possivel-ter-saude-oral-sem-saude-em-geral-e-vice-versa\/#breadcrumb","itemListElement":[{"@type":"ListItem","position":1,"name":"Home","item":"https:\/\/maismagazine.pt\/"},{"@type":"ListItem","position":2,"name":"\u201cN\u00e3o \u00e9 poss\u00edvel ter Sa\u00fade Oral sem Sa\u00fade em Geral e vice-versa\u201d"}]},{"@type":"WebSite","@id":"https:\/\/maismagazine.pt\/#website","url":"https:\/\/maismagazine.pt\/","name":"Mais Magazine","description":"","publisher":{"@id":"https:\/\/maismagazine.pt\/#organization"},"potentialAction":[{"@type":"SearchAction","target":{"@type":"EntryPoint","urlTemplate":"https:\/\/maismagazine.pt\/?s={search_term_string}"},"query-input":{"@type":"PropertyValueSpecification","valueRequired":true,"valueName":"search_term_string"}}],"inLanguage":"pt-PT"},{"@type":"Organization","@id":"https:\/\/maismagazine.pt\/#organization","name":"Mais Magazine","url":"https:\/\/maismagazine.pt\/","logo":{"@type":"ImageObject","inLanguage":"pt-PT","@id":"https:\/\/maismagazine.pt\/#\/schema\/logo\/image\/","url":"http:\/\/maismagazine.pt\/wp-content\/uploads\/2020\/04\/cropped-cropped-mais-magazine-site-logo-2.png","contentUrl":"http:\/\/maismagazine.pt\/wp-content\/uploads\/2020\/04\/cropped-cropped-mais-magazine-site-logo-2.png","width":581,"height":90,"caption":"Mais Magazine"},"image":{"@id":"https:\/\/maismagazine.pt\/#\/schema\/logo\/image\/"}},{"@type":"Person","@id":"https:\/\/maismagazine.pt\/#\/schema\/person\/7426e2caeb8df32a1b56aa48dae778c9","name":"Tatiana Martins","image":{"@type":"ImageObject","inLanguage":"pt-PT","@id":"https:\/\/maismagazine.pt\/#\/schema\/person\/image\/","url":"https:\/\/secure.gravatar.com\/avatar\/4b24a57f5d0425f2eb20981c4b53244e?s=96&d=mm&r=g","contentUrl":"https:\/\/secure.gravatar.com\/avatar\/4b24a57f5d0425f2eb20981c4b53244e?s=96&d=mm&r=g","caption":"Tatiana Martins"},"url":"http:\/\/maismagazine.pt\/index.php\/author\/tatiana\/"}]}},"author_meta":{"display_name":false,"author_link":"http:\/\/maismagazine.pt\/index.php\/author\/tatiana\/"},"featured_img":"http:\/\/maismagazine.pt\/wp-content\/uploads\/2025\/03\/14_04_23_MARGARIDA_MARQUES_PB_27-200x300.jpg","coauthors":[],"tax_additional":{"categories":{"linked":["<a href=\"http:\/\/maismagazine.pt\/index.php\/category\/mundo-empresarial\/saude\/\" class=\"advgb-post-tax-term\">Sa\u00fade<\/a>"],"unlinked":["<span class=\"advgb-post-tax-term\">Sa\u00fade<\/span>"]},"tags":{"linked":["<a href=\"http:\/\/maismagazine.pt\/index.php\/category\/mundo-empresarial\/saude\/\" class=\"advgb-post-tax-term\">Sa\u00fade Oral<\/a>","<a href=\"http:\/\/maismagazine.pt\/index.php\/category\/mundo-empresarial\/saude\/\" class=\"advgb-post-tax-term\">Trofa Sa\u00fade<\/a>"],"unlinked":["<span class=\"advgb-post-tax-term\">Sa\u00fade Oral<\/span>","<span class=\"advgb-post-tax-term\">Trofa Sa\u00fade<\/span>"]}},"comment_count":"0","relative_dates":{"created":"Posted 1 ano ago","modified":"Updated 1 ano ago"},"absolute_dates":{"created":"Posted on 21 de Mar\u00e7o, 2025","modified":"Updated on 18 de Mar\u00e7o, 2025"},"absolute_dates_time":{"created":"Posted on 21 de Mar\u00e7o, 2025 7:00","modified":"Updated on 18 de Mar\u00e7o, 2025 16:16"},"featured_img_caption":"Margarida Marques, M\u00e9dica Dentista","series_order":"","_links":{"self":[{"href":"http:\/\/maismagazine.pt\/index.php\/wp-json\/wp\/v2\/posts\/11605","targetHints":{"allow":["GET"]}}],"collection":[{"href":"http:\/\/maismagazine.pt\/index.php\/wp-json\/wp\/v2\/posts"}],"about":[{"href":"http:\/\/maismagazine.pt\/index.php\/wp-json\/wp\/v2\/types\/post"}],"author":[{"embeddable":true,"href":"http:\/\/maismagazine.pt\/index.php\/wp-json\/wp\/v2\/users\/18"}],"replies":[{"embeddable":true,"href":"http:\/\/maismagazine.pt\/index.php\/wp-json\/wp\/v2\/comments?post=11605"}],"version-history":[{"count":1,"href":"http:\/\/maismagazine.pt\/index.php\/wp-json\/wp\/v2\/posts\/11605\/revisions"}],"predecessor-version":[{"id":11614,"href":"http:\/\/maismagazine.pt\/index.php\/wp-json\/wp\/v2\/posts\/11605\/revisions\/11614"}],"wp:featuredmedia":[{"embeddable":true,"href":"http:\/\/maismagazine.pt\/index.php\/wp-json\/wp\/v2\/media\/11610"}],"wp:attachment":[{"href":"http:\/\/maismagazine.pt\/index.php\/wp-json\/wp\/v2\/media?parent=11605"}],"wp:term":[{"taxonomy":"category","embeddable":true,"href":"http:\/\/maismagazine.pt\/index.php\/wp-json\/wp\/v2\/categories?post=11605"},{"taxonomy":"post_tag","embeddable":true,"href":"http:\/\/maismagazine.pt\/index.php\/wp-json\/wp\/v2\/tags?post=11605"}],"curies":[{"name":"wp","href":"https:\/\/api.w.org\/{rel}","templated":true}]}}