{"id":11596,"date":"2025-03-21T07:00:00","date_gmt":"2025-03-21T07:00:00","guid":{"rendered":"https:\/\/maismagazine.pt\/?p=11596"},"modified":"2025-03-18T16:05:57","modified_gmt":"2025-03-18T16:05:57","slug":"termas-das-caldas-da-rainha","status":"publish","type":"post","link":"http:\/\/maismagazine.pt\/index.php\/2025\/03\/21\/termas-das-caldas-da-rainha\/","title":{"rendered":"Termas das Caldas da Rainha"},"content":{"rendered":"\n<p><strong>O Hospital Termal das Caldas da Rainha, fundado pela Rainha D. Leonor, \u00e9 considerado o hospital termal mais antigo do mundo, com uma hist\u00f3ria que se estende por mais de cinco s\u00e9culos. <\/strong><\/p>\n\n\n\n<p><\/p>\n\n\n\n<p>Foi em 1484 que, a caminho da Batalha para se encontrar com o rei, Leonor de Avis passou pela regi\u00e3o e observou pessoas mergulhadas em \u00e1guas termais, utilizando&#8211;as como tratamento para os seus males. Sensibilizada, e perante os relatos dos doentes que afirmavam naquelas caldas encontrar al\u00edvio, D. Leonor mandou edificar um espa\u00e7o para acolher e tratar aqueles que necessitavam das \u00e1guas quentes fumegantes. Agregado ao edif\u00edcio principal, o Balne\u00e1rio Novo foi constru\u00eddo no final do s\u00e9culo XIX, e \u00e9, ainda hoje, um marco na arquitetura termal. Este hospital n\u00e3o s\u00f3 testemunha a hist\u00f3ria da medicina e da arquitetura, mas tamb\u00e9m o legado da assist\u00eancia social que a adorada Rainha quis proporcionar aos mais necessitados. As Caldas da Rainha tornaram-se assim, e desde ent\u00e3o, num referencial na presta\u00e7\u00e3o de cuidados de sa\u00fade e de bem-estar, cuja heran\u00e7a termal continua a adquirir crescente procura e visibilidade. <\/p>\n\n\n\n<p><\/p>\n\n\n\n<p>As \u00e1guas termais est\u00e3o indicadas no tratamento de patologias do aparelho respirat\u00f3rio, como sinusite, rinite cr\u00f4nica, faringite, laringite, asma br\u00f4nquica, bronquite, e tamb\u00e9m para doen\u00e7as reum\u00e1ticas, tais como artrose, reumatismos inflamat\u00f3rios e sequelas p\u00f3s-traum\u00e1ticas. No Hospital Termal das Caldas da Rainha, cuja \u00e1gua hipersalina se encontra a 34\u00ba, com PH 6.9, est\u00e3o dispon\u00edveis in\u00fameras t\u00e9cnicas terap\u00eauticas: imers\u00e3o em banheira; duche jato\/leque\/cach\u00e3o\/cervico escapular\/lombar; duche massagem local; nebuliza\u00e7\u00e3o individual; irriga\u00e7\u00e3o nasal; pulveriza\u00e7\u00e3o far\u00edngea; inala\u00e7\u00e3o (nasal e bucal); aerossol termal\/s\u00f3nico; drenagem de proetz; cataplasma; termalismo de bem-estar; entre muitas outras op\u00e7\u00f5es. <\/p>\n\n\n\n<p><\/p>\n\n\n\n<p>Visite as Termas das Caldas da Rainha. <\/p>\n\n\n\n<p>Aguardamos a sua visita.<\/p>\n\n\n\n<p><\/p>\n\n\n<div class=\"wp-block-image\">\n<figure class=\"aligncenter size-full is-resized\"><img loading=\"lazy\" decoding=\"async\" width=\"940\" height=\"788\" src=\"https:\/\/maismagazine.pt\/wp-content\/uploads\/2025\/03\/307443043_421527596755313_3280882891812048232_n.png\" alt=\"\" class=\"wp-image-11598\" style=\"width:335px;height:auto\" srcset=\"http:\/\/maismagazine.pt\/wp-content\/uploads\/2025\/03\/307443043_421527596755313_3280882891812048232_n.png 940w, http:\/\/maismagazine.pt\/wp-content\/uploads\/2025\/03\/307443043_421527596755313_3280882891812048232_n-300x251.png 300w, http:\/\/maismagazine.pt\/wp-content\/uploads\/2025\/03\/307443043_421527596755313_3280882891812048232_n-768x644.png 768w\" sizes=\"auto, (max-width: 940px) 100vw, 940px\" \/><\/figure><\/div>","protected":false},"excerpt":{"rendered":"<p>O Hospital Termal das Caldas da Rainha, fundado pela Rainha D. Leonor, \u00e9 considerado o hospital termal mais antigo do mundo, com uma hist\u00f3ria que se estende por mais de cinco s\u00e9culos. Foi em 1484 que, a caminho da Batalha para se encontrar com o rei, Leonor de Avis passou&hellip;<\/p>\n","protected":false},"author":17,"featured_media":11599,"comment_status":"closed","ping_status":"open","sticky":false,"template":"","format":"standard","meta":{"advgb_blocks_editor_width":"","advgb_blocks_columns_visual_guide":"","_monsterinsights_skip_tracking":false,"_monsterinsights_sitenote_active":false,"_monsterinsights_sitenote_note":"","_monsterinsights_sitenote_category":0,"footnotes":""},"categories":[313],"tags":[2287],"class_list":["post-11596","post","type-post","status-publish","format-standard","has-post-thumbnail","hentry","category-saude","tag-termas-caldas-da-rainha"],"yoast_head":"<!-- This site is optimized with the Yoast SEO plugin v24.4 - https:\/\/yoast.com\/wordpress\/plugins\/seo\/ -->\n<title>Termas das Caldas da Rainha - Mais Magazine<\/title>\n<meta name=\"description\" content=\"O Hospital Termal das Caldas da Rainha, fundado pela Rainha D. Leonor, \u00e9 considerado o hospital termal mais antigo do mundo, com uma hist\u00f3ria que se estende por mais de cinco s\u00e9culos\" \/>\n<meta name=\"robots\" content=\"index, follow, max-snippet:-1, max-image-preview:large, max-video-preview:-1\" \/>\n<link rel=\"canonical\" href=\"http:\/\/maismagazine.pt\/index.php\/2025\/03\/21\/termas-das-caldas-da-rainha\/\" \/>\n<meta property=\"og:locale\" content=\"pt_PT\" \/>\n<meta property=\"og:type\" content=\"article\" \/>\n<meta property=\"og:title\" content=\"Termas das Caldas da Rainha - Mais Magazine\" \/>\n<meta property=\"og:description\" content=\"O Hospital Termal das Caldas da Rainha, fundado pela Rainha D. Leonor, \u00e9 considerado o hospital termal mais antigo do mundo, com uma hist\u00f3ria que se estende por mais de cinco s\u00e9culos\" \/>\n<meta property=\"og:url\" content=\"http:\/\/maismagazine.pt\/index.php\/2025\/03\/21\/termas-das-caldas-da-rainha\/\" \/>\n<meta property=\"og:site_name\" content=\"Mais Magazine\" \/>\n<meta property=\"article:published_time\" content=\"2025-03-21T07:00:00+00:00\" \/>\n<meta property=\"og:image\" content=\"http:\/\/maismagazine.pt\/wp-content\/uploads\/2025\/03\/2025_6_63739_-scaled.jpg\" \/>\n\t<meta property=\"og:image:width\" content=\"2560\" \/>\n\t<meta property=\"og:image:height\" content=\"1602\" \/>\n\t<meta property=\"og:image:type\" content=\"image\/jpeg\" \/>\n<meta name=\"author\" content=\"Tiago Costa\" \/>\n<meta name=\"twitter:card\" content=\"summary_large_image\" \/>\n<meta name=\"twitter:label1\" content=\"Escrito por\" \/>\n\t<meta name=\"twitter:data1\" content=\"\" \/>\n\t<meta name=\"twitter:label2\" content=\"Tempo estimado de leitura\" \/>\n\t<meta name=\"twitter:data2\" content=\"2 minutos\" \/>\n<script type=\"application\/ld+json\" class=\"yoast-schema-graph\">{\"@context\":\"https:\/\/schema.org\",\"@graph\":[{\"@type\":\"Article\",\"@id\":\"http:\/\/maismagazine.pt\/index.php\/2025\/03\/21\/termas-das-caldas-da-rainha\/#article\",\"isPartOf\":{\"@id\":\"http:\/\/maismagazine.pt\/index.php\/2025\/03\/21\/termas-das-caldas-da-rainha\/\"},\"author\":{\"name\":\"Tiago Costa\",\"@id\":\"http:\/\/maismagazine.pt\/#\/schema\/person\/c6c5bfccc886434cbd11c74e035f9646\"},\"headline\":\"Termas das Caldas da Rainha\",\"datePublished\":\"2025-03-21T07:00:00+00:00\",\"mainEntityOfPage\":{\"@id\":\"http:\/\/maismagazine.pt\/index.php\/2025\/03\/21\/termas-das-caldas-da-rainha\/\"},\"wordCount\":322,\"publisher\":{\"@id\":\"http:\/\/maismagazine.pt\/#organization\"},\"image\":{\"@id\":\"http:\/\/maismagazine.pt\/index.php\/2025\/03\/21\/termas-das-caldas-da-rainha\/#primaryimage\"},\"thumbnailUrl\":\"http:\/\/maismagazine.pt\/wp-content\/uploads\/2025\/03\/2025_6_63739_-scaled.jpg\",\"keywords\":[\"Termas Caldas da rainha\"],\"articleSection\":[\"Sa\u00fade\"],\"inLanguage\":\"pt-PT\"},{\"@type\":\"WebPage\",\"@id\":\"http:\/\/maismagazine.pt\/index.php\/2025\/03\/21\/termas-das-caldas-da-rainha\/\",\"url\":\"http:\/\/maismagazine.pt\/index.php\/2025\/03\/21\/termas-das-caldas-da-rainha\/\",\"name\":\"Termas das Caldas da Rainha - Mais Magazine\",\"isPartOf\":{\"@id\":\"http:\/\/maismagazine.pt\/#website\"},\"primaryImageOfPage\":{\"@id\":\"http:\/\/maismagazine.pt\/index.php\/2025\/03\/21\/termas-das-caldas-da-rainha\/#primaryimage\"},\"image\":{\"@id\":\"http:\/\/maismagazine.pt\/index.php\/2025\/03\/21\/termas-das-caldas-da-rainha\/#primaryimage\"},\"thumbnailUrl\":\"http:\/\/maismagazine.pt\/wp-content\/uploads\/2025\/03\/2025_6_63739_-scaled.jpg\",\"datePublished\":\"2025-03-21T07:00:00+00:00\",\"description\":\"O Hospital Termal das Caldas da Rainha, fundado pela Rainha D. Leonor, \u00e9 considerado o hospital termal mais antigo do mundo, com uma hist\u00f3ria que se estende por mais de cinco s\u00e9culos\",\"breadcrumb\":{\"@id\":\"http:\/\/maismagazine.pt\/index.php\/2025\/03\/21\/termas-das-caldas-da-rainha\/#breadcrumb\"},\"inLanguage\":\"pt-PT\",\"potentialAction\":[{\"@type\":\"ReadAction\",\"target\":[\"http:\/\/maismagazine.pt\/index.php\/2025\/03\/21\/termas-das-caldas-da-rainha\/\"]}]},{\"@type\":\"ImageObject\",\"inLanguage\":\"pt-PT\",\"@id\":\"http:\/\/maismagazine.pt\/index.php\/2025\/03\/21\/termas-das-caldas-da-rainha\/#primaryimage\",\"url\":\"http:\/\/maismagazine.pt\/wp-content\/uploads\/2025\/03\/2025_6_63739_-scaled.jpg\",\"contentUrl\":\"http:\/\/maismagazine.pt\/wp-content\/uploads\/2025\/03\/2025_6_63739_-scaled.jpg\",\"width\":2560,\"height\":1602},{\"@type\":\"BreadcrumbList\",\"@id\":\"http:\/\/maismagazine.pt\/index.php\/2025\/03\/21\/termas-das-caldas-da-rainha\/#breadcrumb\",\"itemListElement\":[{\"@type\":\"ListItem\",\"position\":1,\"name\":\"Home\",\"item\":\"http:\/\/maismagazine.pt\/\"},{\"@type\":\"ListItem\",\"position\":2,\"name\":\"Termas das Caldas da Rainha\"}]},{\"@type\":\"WebSite\",\"@id\":\"http:\/\/maismagazine.pt\/#website\",\"url\":\"http:\/\/maismagazine.pt\/\",\"name\":\"Mais Magazine\",\"description\":\"\",\"publisher\":{\"@id\":\"http:\/\/maismagazine.pt\/#organization\"},\"potentialAction\":[{\"@type\":\"SearchAction\",\"target\":{\"@type\":\"EntryPoint\",\"urlTemplate\":\"http:\/\/maismagazine.pt\/?s={search_term_string}\"},\"query-input\":{\"@type\":\"PropertyValueSpecification\",\"valueRequired\":true,\"valueName\":\"search_term_string\"}}],\"inLanguage\":\"pt-PT\"},{\"@type\":\"Organization\",\"@id\":\"http:\/\/maismagazine.pt\/#organization\",\"name\":\"Mais Magazine\",\"url\":\"http:\/\/maismagazine.pt\/\",\"logo\":{\"@type\":\"ImageObject\",\"inLanguage\":\"pt-PT\",\"@id\":\"http:\/\/maismagazine.pt\/#\/schema\/logo\/image\/\",\"url\":\"http:\/\/maismagazine.pt\/wp-content\/uploads\/2020\/04\/cropped-cropped-mais-magazine-site-logo-2.png\",\"contentUrl\":\"http:\/\/maismagazine.pt\/wp-content\/uploads\/2020\/04\/cropped-cropped-mais-magazine-site-logo-2.png\",\"width\":581,\"height\":90,\"caption\":\"Mais Magazine\"},\"image\":{\"@id\":\"http:\/\/maismagazine.pt\/#\/schema\/logo\/image\/\"}},{\"@type\":\"Person\",\"@id\":\"http:\/\/maismagazine.pt\/#\/schema\/person\/c6c5bfccc886434cbd11c74e035f9646\",\"name\":\"Tiago Costa\",\"image\":{\"@type\":\"ImageObject\",\"inLanguage\":\"pt-PT\",\"@id\":\"http:\/\/maismagazine.pt\/#\/schema\/person\/image\/\",\"url\":\"https:\/\/secure.gravatar.com\/avatar\/c599b2bce16c9870429198cbad5ee022?s=96&d=mm&r=g\",\"contentUrl\":\"https:\/\/secure.gravatar.com\/avatar\/c599b2bce16c9870429198cbad5ee022?s=96&d=mm&r=g\",\"caption\":\"Tiago Costa\"},\"url\":\"http:\/\/maismagazine.pt\/index.php\/author\/tiago\/\"}]}<\/script>\n<!-- \/ Yoast SEO plugin. -->","yoast_head_json":{"title":"Termas das Caldas da Rainha - Mais Magazine","description":"O Hospital Termal das Caldas da Rainha, fundado pela Rainha D. Leonor, \u00e9 considerado o hospital termal mais antigo do mundo, com uma hist\u00f3ria que se estende por mais de cinco s\u00e9culos","robots":{"index":"index","follow":"follow","max-snippet":"max-snippet:-1","max-image-preview":"max-image-preview:large","max-video-preview":"max-video-preview:-1"},"canonical":"http:\/\/maismagazine.pt\/index.php\/2025\/03\/21\/termas-das-caldas-da-rainha\/","og_locale":"pt_PT","og_type":"article","og_title":"Termas das Caldas da Rainha - Mais Magazine","og_description":"O Hospital Termal das Caldas da Rainha, fundado pela Rainha D. Leonor, \u00e9 considerado o hospital termal mais antigo do mundo, com uma hist\u00f3ria que se estende por mais de cinco s\u00e9culos","og_url":"http:\/\/maismagazine.pt\/index.php\/2025\/03\/21\/termas-das-caldas-da-rainha\/","og_site_name":"Mais Magazine","article_published_time":"2025-03-21T07:00:00+00:00","og_image":[{"width":2560,"height":1602,"url":"http:\/\/maismagazine.pt\/wp-content\/uploads\/2025\/03\/2025_6_63739_-scaled.jpg","type":"image\/jpeg"}],"author":"Tiago Costa","twitter_card":"summary_large_image","twitter_misc":{"Escrito por":false,"Tempo estimado de leitura":"2 minutos"},"schema":{"@context":"https:\/\/schema.org","@graph":[{"@type":"Article","@id":"http:\/\/maismagazine.pt\/index.php\/2025\/03\/21\/termas-das-caldas-da-rainha\/#article","isPartOf":{"@id":"http:\/\/maismagazine.pt\/index.php\/2025\/03\/21\/termas-das-caldas-da-rainha\/"},"author":{"name":"Tiago Costa","@id":"http:\/\/maismagazine.pt\/#\/schema\/person\/c6c5bfccc886434cbd11c74e035f9646"},"headline":"Termas das Caldas da Rainha","datePublished":"2025-03-21T07:00:00+00:00","mainEntityOfPage":{"@id":"http:\/\/maismagazine.pt\/index.php\/2025\/03\/21\/termas-das-caldas-da-rainha\/"},"wordCount":322,"publisher":{"@id":"http:\/\/maismagazine.pt\/#organization"},"image":{"@id":"http:\/\/maismagazine.pt\/index.php\/2025\/03\/21\/termas-das-caldas-da-rainha\/#primaryimage"},"thumbnailUrl":"http:\/\/maismagazine.pt\/wp-content\/uploads\/2025\/03\/2025_6_63739_-scaled.jpg","keywords":["Termas Caldas da rainha"],"articleSection":["Sa\u00fade"],"inLanguage":"pt-PT"},{"@type":"WebPage","@id":"http:\/\/maismagazine.pt\/index.php\/2025\/03\/21\/termas-das-caldas-da-rainha\/","url":"http:\/\/maismagazine.pt\/index.php\/2025\/03\/21\/termas-das-caldas-da-rainha\/","name":"Termas das Caldas da Rainha - Mais Magazine","isPartOf":{"@id":"http:\/\/maismagazine.pt\/#website"},"primaryImageOfPage":{"@id":"http:\/\/maismagazine.pt\/index.php\/2025\/03\/21\/termas-das-caldas-da-rainha\/#primaryimage"},"image":{"@id":"http:\/\/maismagazine.pt\/index.php\/2025\/03\/21\/termas-das-caldas-da-rainha\/#primaryimage"},"thumbnailUrl":"http:\/\/maismagazine.pt\/wp-content\/uploads\/2025\/03\/2025_6_63739_-scaled.jpg","datePublished":"2025-03-21T07:00:00+00:00","description":"O Hospital Termal das Caldas da Rainha, fundado pela Rainha D. Leonor, \u00e9 considerado o hospital termal mais antigo do mundo, com uma hist\u00f3ria que se estende por mais de cinco s\u00e9culos","breadcrumb":{"@id":"http:\/\/maismagazine.pt\/index.php\/2025\/03\/21\/termas-das-caldas-da-rainha\/#breadcrumb"},"inLanguage":"pt-PT","potentialAction":[{"@type":"ReadAction","target":["http:\/\/maismagazine.pt\/index.php\/2025\/03\/21\/termas-das-caldas-da-rainha\/"]}]},{"@type":"ImageObject","inLanguage":"pt-PT","@id":"http:\/\/maismagazine.pt\/index.php\/2025\/03\/21\/termas-das-caldas-da-rainha\/#primaryimage","url":"http:\/\/maismagazine.pt\/wp-content\/uploads\/2025\/03\/2025_6_63739_-scaled.jpg","contentUrl":"http:\/\/maismagazine.pt\/wp-content\/uploads\/2025\/03\/2025_6_63739_-scaled.jpg","width":2560,"height":1602},{"@type":"BreadcrumbList","@id":"http:\/\/maismagazine.pt\/index.php\/2025\/03\/21\/termas-das-caldas-da-rainha\/#breadcrumb","itemListElement":[{"@type":"ListItem","position":1,"name":"Home","item":"http:\/\/maismagazine.pt\/"},{"@type":"ListItem","position":2,"name":"Termas das Caldas da Rainha"}]},{"@type":"WebSite","@id":"http:\/\/maismagazine.pt\/#website","url":"http:\/\/maismagazine.pt\/","name":"Mais Magazine","description":"","publisher":{"@id":"http:\/\/maismagazine.pt\/#organization"},"potentialAction":[{"@type":"SearchAction","target":{"@type":"EntryPoint","urlTemplate":"http:\/\/maismagazine.pt\/?s={search_term_string}"},"query-input":{"@type":"PropertyValueSpecification","valueRequired":true,"valueName":"search_term_string"}}],"inLanguage":"pt-PT"},{"@type":"Organization","@id":"http:\/\/maismagazine.pt\/#organization","name":"Mais Magazine","url":"http:\/\/maismagazine.pt\/","logo":{"@type":"ImageObject","inLanguage":"pt-PT","@id":"http:\/\/maismagazine.pt\/#\/schema\/logo\/image\/","url":"http:\/\/maismagazine.pt\/wp-content\/uploads\/2020\/04\/cropped-cropped-mais-magazine-site-logo-2.png","contentUrl":"http:\/\/maismagazine.pt\/wp-content\/uploads\/2020\/04\/cropped-cropped-mais-magazine-site-logo-2.png","width":581,"height":90,"caption":"Mais Magazine"},"image":{"@id":"http:\/\/maismagazine.pt\/#\/schema\/logo\/image\/"}},{"@type":"Person","@id":"http:\/\/maismagazine.pt\/#\/schema\/person\/c6c5bfccc886434cbd11c74e035f9646","name":"Tiago Costa","image":{"@type":"ImageObject","inLanguage":"pt-PT","@id":"http:\/\/maismagazine.pt\/#\/schema\/person\/image\/","url":"https:\/\/secure.gravatar.com\/avatar\/c599b2bce16c9870429198cbad5ee022?s=96&d=mm&r=g","contentUrl":"https:\/\/secure.gravatar.com\/avatar\/c599b2bce16c9870429198cbad5ee022?s=96&d=mm&r=g","caption":"Tiago Costa"},"url":"http:\/\/maismagazine.pt\/index.php\/author\/tiago\/"}]}},"author_meta":{"display_name":false,"author_link":"http:\/\/maismagazine.pt\/index.php\/author\/tiago\/"},"featured_img":"http:\/\/maismagazine.pt\/wp-content\/uploads\/2025\/03\/2025_6_63739_-300x188.jpg","coauthors":[],"tax_additional":{"categories":{"linked":["<a href=\"http:\/\/maismagazine.pt\/index.php\/category\/mundo-empresarial\/saude\/\" class=\"advgb-post-tax-term\">Sa\u00fade<\/a>"],"unlinked":["<span class=\"advgb-post-tax-term\">Sa\u00fade<\/span>"]},"tags":{"linked":["<a href=\"http:\/\/maismagazine.pt\/index.php\/category\/mundo-empresarial\/saude\/\" class=\"advgb-post-tax-term\">Termas Caldas da rainha<\/a>"],"unlinked":["<span class=\"advgb-post-tax-term\">Termas Caldas da rainha<\/span>"]}},"comment_count":"0","relative_dates":{"created":"Posted 1 ano ago","modified":"Updated 1 ano ago"},"absolute_dates":{"created":"Posted on 21 de Mar\u00e7o, 2025","modified":"Updated on 18 de Mar\u00e7o, 2025"},"absolute_dates_time":{"created":"Posted on 21 de Mar\u00e7o, 2025 7:00","modified":"Updated on 18 de Mar\u00e7o, 2025 16:05"},"featured_img_caption":"","series_order":"","_links":{"self":[{"href":"http:\/\/maismagazine.pt\/index.php\/wp-json\/wp\/v2\/posts\/11596","targetHints":{"allow":["GET"]}}],"collection":[{"href":"http:\/\/maismagazine.pt\/index.php\/wp-json\/wp\/v2\/posts"}],"about":[{"href":"http:\/\/maismagazine.pt\/index.php\/wp-json\/wp\/v2\/types\/post"}],"author":[{"embeddable":true,"href":"http:\/\/maismagazine.pt\/index.php\/wp-json\/wp\/v2\/users\/17"}],"replies":[{"embeddable":true,"href":"http:\/\/maismagazine.pt\/index.php\/wp-json\/wp\/v2\/comments?post=11596"}],"version-history":[{"count":1,"href":"http:\/\/maismagazine.pt\/index.php\/wp-json\/wp\/v2\/posts\/11596\/revisions"}],"predecessor-version":[{"id":11600,"href":"http:\/\/maismagazine.pt\/index.php\/wp-json\/wp\/v2\/posts\/11596\/revisions\/11600"}],"wp:featuredmedia":[{"embeddable":true,"href":"http:\/\/maismagazine.pt\/index.php\/wp-json\/wp\/v2\/media\/11599"}],"wp:attachment":[{"href":"http:\/\/maismagazine.pt\/index.php\/wp-json\/wp\/v2\/media?parent=11596"}],"wp:term":[{"taxonomy":"category","embeddable":true,"href":"http:\/\/maismagazine.pt\/index.php\/wp-json\/wp\/v2\/categories?post=11596"},{"taxonomy":"post_tag","embeddable":true,"href":"http:\/\/maismagazine.pt\/index.php\/wp-json\/wp\/v2\/tags?post=11596"}],"curies":[{"name":"wp","href":"https:\/\/api.w.org\/{rel}","templated":true}]}}