{"id":11590,"date":"2025-03-21T07:00:00","date_gmt":"2025-03-21T07:00:00","guid":{"rendered":"https:\/\/maismagazine.pt\/?p=11590"},"modified":"2025-03-18T16:02:07","modified_gmt":"2025-03-18T16:02:07","slug":"acores-arquipelago-sustentabilidade","status":"publish","type":"post","link":"http:\/\/maismagazine.pt\/index.php\/2025\/03\/21\/acores-arquipelago-sustentabilidade\/","title":{"rendered":"A\u00e7ores. Arquip\u00e9lago Sustentabilidade."},"content":{"rendered":"\n<p>Os A\u00e7ores s\u00e3o ilhas natureza. Belas, pequenas, fr\u00e1geis e exuberantes.<\/p>\n\n\n\n<p><\/p>\n\n\n\n<p>Os A\u00e7ores s\u00e3o mar imenso, profundo e robusto. Mundo de enormes riscos e grandiosas oportunidades.<\/p>\n\n\n\n<p><\/p>\n\n\n\n<p>Os A\u00e7ores s\u00e3o um dos mais belos e singulares patrim\u00f3nios naturais do mundo, um verdadeiro para\u00edso no meio do Oceano Atl\u00e2ntico.<\/p>\n\n\n\n<p><\/p>\n\n\n\n<p>A sua grandiosidade vai al\u00e9m das suas paisagens vulc\u00e2nicas, do verde exuberante das suas florestas ou da riqueza da sua fauna marinha.<\/p>\n\n\n\n<p><\/p>\n\n\n\n<p>O seu povo distingue-se pelo seu compromisso convicto com a sua secular hist\u00f3ria, com a sua identidade, com o seu capital natural e com o seu desenvolvimento sustent\u00e1vel.<\/p>\n\n\n\n<p><\/p>\n\n\n\n<p>A Regi\u00e3o Aut\u00f3noma e os seus \u00f3rg\u00e3os de governo pr\u00f3prio sempre afirmaram o seu pensamento estrat\u00e9gico inabal\u00e1vel: preservar a identidade e a natureza a\u00e7orianas.<\/p>\n\n\n\n<p>O arquip\u00e9lago dos A\u00e7ores recebeu, em 2024, a confirma\u00e7\u00e3o da certifica\u00e7\u00e3o internacional de &#8220;Destino Tur\u00edstico Sustent\u00e1vel&#8221;, tendo desta feita alcan\u00e7ado o seu n\u00edvel ouro, atribu\u00eddo pela prestigiada entidade mundial \u201cEarthCheck\u201d.<\/p>\n\n\n\n<p><\/p>\n\n\n\n<p>O \u201cEarthCheck Certified\u201d \u00e9 um programa desenvolvido para empresas de viagens e turismo, com foco no turismo sustent\u00e1vel.<\/p>\n\n\n\n<p><\/p>\n\n\n\n<p>Este reconhecimento atestou, mais uma vez, a nossa capacidade de proporcionar aos visitantes uma experi\u00eancia aut\u00eantica, alinhada com as melhores pr\u00e1ticas de turismo sustent\u00e1vel e em conformidade com os Objetivos de Desenvolvimento Sustent\u00e1vel das Na\u00e7\u00f5es Unidas.<\/p>\n\n\n\n<p><\/p>\n\n\n\n<p>Assim, os A\u00e7ores fazem o seu percurso para serem, al\u00e9m de uma regi\u00e3o de necessidades, tamb\u00e9m uma regi\u00e3o de oportunidades.<\/p>\n\n\n\n<p><\/p>\n\n\n\n<p>Com base no crescimento e estabilidade, o arquip\u00e9lago tem vindo a afirmar-se como laborat\u00f3rio para as novas economias emergentes.<\/p>\n\n\n\n<p><\/p>\n\n\n\n<p>A economia azul, a economia espacial e as novas tecnologias de comunica\u00e7\u00e3o s\u00e3o \u00e1reas onde os A\u00e7ores podem desempenhar um papel fundamental, posicionando-se como um territ\u00f3rio de inova\u00e7\u00e3o e desenvolvimento sustent\u00e1vel.<\/p>\n\n\n\n<p><\/p>\n\n\n\n<p>A vasta extens\u00e3o da nossa Zona Econ\u00f3mica Exclusiva desperta oportunidades desafiantes, exigindo pol\u00edticas espec\u00edficas que garantam um equil\u00edbrio sustent\u00e1vel entre a explora\u00e7\u00e3o dos recursos e a preserva\u00e7\u00e3o ambiental.<\/p>\n\n\n\n<p><\/p>\n\n\n\n<p>A posi\u00e7\u00e3o geoestrat\u00e9gica dos A\u00e7ores eleva-nos ao potencial de relev\u00e2ncia global.<\/p>\n\n\n\n<p><\/p>\n\n\n\n<p>A nossa localiza\u00e7\u00e3o privilegiada no Atl\u00e2ntico possibilita o desenvolvimento de setores estrat\u00e9gicos para a Uni\u00e3o Europeia, nomeadamente, o valor da observa\u00e7\u00e3o e explora\u00e7\u00e3o dos oceanos, da coluna de \u00e1gua e dos fundos do mar profundo; o valor das oportunidades da economia de acesso ao espa\u00e7o suborbital e orbital, e do potencial da coluna atmosf\u00e9rica; o valor do estudo do clima e do conhecimento da a\u00e7\u00e3o clim\u00e1tica e das previs\u00f5es meteorol\u00f3gicas, face ao previs\u00edvel aumento da intensidade e regularidade dos fen\u00f3menos extremos da natureza; o aproveitamento de inovadoras oportunidades da transi\u00e7\u00e3o digital, na dimens\u00e3o transatl\u00e2ntica, com novas rotas comerciais e tecnol\u00f3gicas.<\/p>\n\n\n\n<p><\/p>\n\n\n\n<p>De resto, nas economias mais tradicionais, a economia dos A\u00e7ores tem vindo a crescer, aproximando-se das m\u00e9dias nacional e europeia, sendo que, entre 2021 e 2023, o PIB regional real cresceu acima da m\u00e9dia do pa\u00eds, galgando terreno na converg\u00eancia desejada.<\/p>\n\n\n\n<p><\/p>\n\n\n\n<p>O turismo, em conjunto com a agricultura e as pescas, t\u00eam sido um impulsionador da economia regional. Entre 2019 e 2024, as dormidas cresceram 43,7%, e o mais significativo foi o aumento dos proveitos, que quase duplicaram (95,3%) nesse mesmo per\u00edodo. O setor do turismo reflete esta din\u00e2mica: o n\u00famero de passageiros desembarcados nos aeroportos a\u00e7orianos subiu 35,9%, com destaque para o crescimento de 90,8% nos voos internacionais e 39,8% nos voos interilhas.<\/p>\n\n\n\n<p><\/p>\n\n\n\n<p>Estes n\u00fameros demonstram o crescente interesse global pelo destino A\u00e7ores e validam a nossa estrat\u00e9gia de promo\u00e7\u00e3o fundada na sustentabilidade do destino, elemento decisivo da nossa vida atual e projetada para futuro.<\/p>\n\n\n\n<p><\/p>\n\n\n\n<p>O desenvolvimento econ\u00f3mico da regi\u00e3o acompanha esta trajet\u00f3ria de crescimento. O Indicador de Consumo Privado mant\u00e9m-se em crescimento h\u00e1 mais de 46 meses consecutivos, desde mar\u00e7o de 2021, e o Indicador de Atividade Econ\u00f3mica regista um crescimento cont\u00ednuo h\u00e1 44 meses, desde maio de 2021. Al\u00e9m disso, entre 2020 e 2024, a popula\u00e7\u00e3o empregada aumentou 10%. Estes resultados s\u00e3o consequ\u00eancia das nossas pol\u00edticas p\u00fablicas eficazes e do criado ecossistema econ\u00f3mico, que est\u00e1 din\u00e2mico.<\/p>\n\n\n\n<p><\/p>\n\n\n\n<p>Para a express\u00e3o da nossa reflex\u00e3o estrat\u00e9gica, o argument\u00e1rio a desenvolver, acerca da coes\u00e3o territorial e social, considerando a nossa condi\u00e7\u00e3o de regi\u00e3o ultraperif\u00e9rica, tem de evidenciar a regi\u00e3o de oportunidades que somos, pois acrescentamos valor geopol\u00edtico e econ\u00f3mico ao futuro de Portugal e da Uni\u00e3o Europeia, que precisa de se afirmar como bloco regional mundial competitivo nas economias e na geopol\u00edtica do futuro.<\/p>\n\n\n\n<p><\/p>\n\n\n\n<p>Na verdade, os A\u00e7ores s\u00e3o uma mais-valia para a Uni\u00e3o Europeia. Somos um territ\u00f3rio com potencial para o futuro.<\/p>\n\n\n\n<p><\/p>\n\n\n\n<p>A nossa centralidade mar\u00edtima deve ser valorizada como um motor de crescimento.<\/p>\n\n\n\n<p><\/p>\n\n\n\n<p>Podemos ser exemplo da garantia da explora\u00e7\u00e3o sustent\u00e1vel dos recursos naturais.<\/p>\n\n\n\n<p><\/p>\n\n\n\n<p>A valoriza\u00e7\u00e3o das nossas capacidades na economia azul, na biotecnologia marinha, nas energias renov\u00e1veis, nas tecnologias espaciais e nas tecnologias de comunica\u00e7\u00e3o essenciais para a transmiss\u00e3o de dados, atrav\u00e9s dos cabos submarinos inteligentes de fibra \u00f3tica, bem como para instala\u00e7\u00e3o de centros de armazenamento e gest\u00e3o de dados, no meio do atl\u00e2ntico, assegurando assim a diminui\u00e7\u00e3o da lat\u00eancia tanto para ocidente como para oriente, deve ser prioridade estrat\u00e9gica, cativando projetos de investimento e desenvolvimento.<\/p>\n\n\n\n<p><\/p>\n\n\n\n<p>Acreditamos que o impulso \u00e0 confian\u00e7a dos investidores privados, tanto nacionais, como internacionais, e a sua participa\u00e7\u00e3o no desenvolvimento regional s\u00e3o fundamentais para fortalecer a nossa economia e a nossa sociedade.<\/p>\n\n\n\n<p><\/p>\n\n\n\n<p>No quadro das nossas compet\u00eancias, continuaremos a trabalhar para garantir que a nossa terra permane\u00e7a um s\u00edmbolo de pondera\u00e7\u00e3o entre o progresso e a sustentabilidade, porque, na verdade, \u00e9 assim que se alcan\u00e7a o verdadeiro desenvolvimento.<\/p>\n\n\n\n<p><\/p>\n\n\n\n<p>A\u00e7ores sustent\u00e1veis e, por isso, desenvolvidos.<\/p>\n\n\n\n<p><\/p>\n\n\n\n<p><\/p>\n","protected":false},"excerpt":{"rendered":"<p>Os A\u00e7ores s\u00e3o ilhas natureza. Belas, pequenas, fr\u00e1geis e exuberantes. Os A\u00e7ores s\u00e3o mar imenso, profundo e robusto. Mundo de enormes riscos e grandiosas oportunidades. Os A\u00e7ores s\u00e3o um dos mais belos e singulares patrim\u00f3nios naturais do mundo, um verdadeiro para\u00edso no meio do Oceano Atl\u00e2ntico. A sua grandiosidade vai&hellip;<\/p>\n","protected":false},"author":18,"featured_media":11594,"comment_status":"closed","ping_status":"open","sticky":false,"template":"","format":"standard","meta":{"advgb_blocks_editor_width":"","advgb_blocks_columns_visual_guide":"","_monsterinsights_skip_tracking":false,"_monsterinsights_sitenote_active":false,"_monsterinsights_sitenote_note":"","_monsterinsights_sitenote_category":0,"footnotes":""},"categories":[52,51],"tags":[281,1404],"class_list":["post-11590","post","type-post","status-publish","format-standard","has-post-thumbnail","hentry","category-destaque","category-opiniao","tag-acores","tag-governo-regional-dos-acores"],"yoast_head":"<!-- This site is optimized with the Yoast SEO plugin v24.4 - https:\/\/yoast.com\/wordpress\/plugins\/seo\/ -->\n<title>A\u00e7ores. Arquip\u00e9lago Sustentabilidade. - Mais Magazine<\/title>\n<meta name=\"robots\" content=\"index, follow, max-snippet:-1, max-image-preview:large, max-video-preview:-1\" \/>\n<link rel=\"canonical\" href=\"https:\/\/maismagazine.pt\/index.php\/2025\/03\/21\/acores-arquipelago-sustentabilidade\/\" \/>\n<meta property=\"og:locale\" content=\"pt_PT\" \/>\n<meta property=\"og:type\" content=\"article\" \/>\n<meta property=\"og:title\" content=\"A\u00e7ores. Arquip\u00e9lago Sustentabilidade. - Mais Magazine\" \/>\n<meta property=\"og:description\" content=\"Os A\u00e7ores s\u00e3o ilhas natureza. Belas, pequenas, fr\u00e1geis e exuberantes. Os A\u00e7ores s\u00e3o mar imenso, profundo e robusto. Mundo de enormes riscos e grandiosas oportunidades. Os A\u00e7ores s\u00e3o um dos mais belos e singulares patrim\u00f3nios naturais do mundo, um verdadeiro para\u00edso no meio do Oceano Atl\u00e2ntico. A sua grandiosidade vai&hellip;\" \/>\n<meta property=\"og:url\" content=\"https:\/\/maismagazine.pt\/index.php\/2025\/03\/21\/acores-arquipelago-sustentabilidade\/\" \/>\n<meta property=\"og:site_name\" content=\"Mais Magazine\" \/>\n<meta property=\"article:published_time\" content=\"2025-03-21T07:00:00+00:00\" \/>\n<meta property=\"og:image\" content=\"https:\/\/maismagazine.pt\/wp-content\/uploads\/2025\/03\/Fotografia-Oficial-Jose-Manuel-Bolieiro.png\" \/>\n\t<meta property=\"og:image:width\" content=\"644\" \/>\n\t<meta property=\"og:image:height\" content=\"966\" \/>\n\t<meta property=\"og:image:type\" content=\"image\/png\" \/>\n<meta name=\"author\" content=\"Tatiana Martins\" \/>\n<meta name=\"twitter:card\" content=\"summary_large_image\" \/>\n<meta name=\"twitter:label1\" content=\"Escrito por\" \/>\n\t<meta name=\"twitter:data1\" content=\"\" \/>\n\t<meta name=\"twitter:label2\" content=\"Tempo estimado de leitura\" \/>\n\t<meta name=\"twitter:data2\" content=\"6 minutos\" \/>\n<script type=\"application\/ld+json\" class=\"yoast-schema-graph\">{\"@context\":\"https:\/\/schema.org\",\"@graph\":[{\"@type\":\"Article\",\"@id\":\"https:\/\/maismagazine.pt\/index.php\/2025\/03\/21\/acores-arquipelago-sustentabilidade\/#article\",\"isPartOf\":{\"@id\":\"https:\/\/maismagazine.pt\/index.php\/2025\/03\/21\/acores-arquipelago-sustentabilidade\/\"},\"author\":{\"name\":\"Tatiana Martins\",\"@id\":\"http:\/\/maismagazine.pt\/#\/schema\/person\/7426e2caeb8df32a1b56aa48dae778c9\"},\"headline\":\"A\u00e7ores. Arquip\u00e9lago Sustentabilidade.\",\"datePublished\":\"2025-03-21T07:00:00+00:00\",\"mainEntityOfPage\":{\"@id\":\"https:\/\/maismagazine.pt\/index.php\/2025\/03\/21\/acores-arquipelago-sustentabilidade\/\"},\"wordCount\":1020,\"publisher\":{\"@id\":\"http:\/\/maismagazine.pt\/#organization\"},\"image\":{\"@id\":\"https:\/\/maismagazine.pt\/index.php\/2025\/03\/21\/acores-arquipelago-sustentabilidade\/#primaryimage\"},\"thumbnailUrl\":\"http:\/\/maismagazine.pt\/wp-content\/uploads\/2025\/03\/Fotografia-Oficial-Jose-Manuel-Bolieiro.png\",\"keywords\":[\"a\u00e7ores\",\"Governo Regional dos A\u00e7ores\"],\"articleSection\":[\"Destaque lateral\",\"Opini\u00e3o\"],\"inLanguage\":\"pt-PT\"},{\"@type\":\"WebPage\",\"@id\":\"https:\/\/maismagazine.pt\/index.php\/2025\/03\/21\/acores-arquipelago-sustentabilidade\/\",\"url\":\"https:\/\/maismagazine.pt\/index.php\/2025\/03\/21\/acores-arquipelago-sustentabilidade\/\",\"name\":\"A\u00e7ores. Arquip\u00e9lago Sustentabilidade. - Mais Magazine\",\"isPartOf\":{\"@id\":\"http:\/\/maismagazine.pt\/#website\"},\"primaryImageOfPage\":{\"@id\":\"https:\/\/maismagazine.pt\/index.php\/2025\/03\/21\/acores-arquipelago-sustentabilidade\/#primaryimage\"},\"image\":{\"@id\":\"https:\/\/maismagazine.pt\/index.php\/2025\/03\/21\/acores-arquipelago-sustentabilidade\/#primaryimage\"},\"thumbnailUrl\":\"http:\/\/maismagazine.pt\/wp-content\/uploads\/2025\/03\/Fotografia-Oficial-Jose-Manuel-Bolieiro.png\",\"datePublished\":\"2025-03-21T07:00:00+00:00\",\"breadcrumb\":{\"@id\":\"https:\/\/maismagazine.pt\/index.php\/2025\/03\/21\/acores-arquipelago-sustentabilidade\/#breadcrumb\"},\"inLanguage\":\"pt-PT\",\"potentialAction\":[{\"@type\":\"ReadAction\",\"target\":[\"https:\/\/maismagazine.pt\/index.php\/2025\/03\/21\/acores-arquipelago-sustentabilidade\/\"]}]},{\"@type\":\"ImageObject\",\"inLanguage\":\"pt-PT\",\"@id\":\"https:\/\/maismagazine.pt\/index.php\/2025\/03\/21\/acores-arquipelago-sustentabilidade\/#primaryimage\",\"url\":\"http:\/\/maismagazine.pt\/wp-content\/uploads\/2025\/03\/Fotografia-Oficial-Jose-Manuel-Bolieiro.png\",\"contentUrl\":\"http:\/\/maismagazine.pt\/wp-content\/uploads\/2025\/03\/Fotografia-Oficial-Jose-Manuel-Bolieiro.png\",\"width\":644,\"height\":966,\"caption\":\"Jos\u00e9 Manuel Bolieiro, Presidente do Governo dos A\u00e7ores\"},{\"@type\":\"BreadcrumbList\",\"@id\":\"https:\/\/maismagazine.pt\/index.php\/2025\/03\/21\/acores-arquipelago-sustentabilidade\/#breadcrumb\",\"itemListElement\":[{\"@type\":\"ListItem\",\"position\":1,\"name\":\"Home\",\"item\":\"http:\/\/maismagazine.pt\/\"},{\"@type\":\"ListItem\",\"position\":2,\"name\":\"A\u00e7ores. Arquip\u00e9lago Sustentabilidade.\"}]},{\"@type\":\"WebSite\",\"@id\":\"http:\/\/maismagazine.pt\/#website\",\"url\":\"http:\/\/maismagazine.pt\/\",\"name\":\"Mais Magazine\",\"description\":\"\",\"publisher\":{\"@id\":\"http:\/\/maismagazine.pt\/#organization\"},\"potentialAction\":[{\"@type\":\"SearchAction\",\"target\":{\"@type\":\"EntryPoint\",\"urlTemplate\":\"http:\/\/maismagazine.pt\/?s={search_term_string}\"},\"query-input\":{\"@type\":\"PropertyValueSpecification\",\"valueRequired\":true,\"valueName\":\"search_term_string\"}}],\"inLanguage\":\"pt-PT\"},{\"@type\":\"Organization\",\"@id\":\"http:\/\/maismagazine.pt\/#organization\",\"name\":\"Mais Magazine\",\"url\":\"http:\/\/maismagazine.pt\/\",\"logo\":{\"@type\":\"ImageObject\",\"inLanguage\":\"pt-PT\",\"@id\":\"http:\/\/maismagazine.pt\/#\/schema\/logo\/image\/\",\"url\":\"http:\/\/maismagazine.pt\/wp-content\/uploads\/2020\/04\/cropped-cropped-mais-magazine-site-logo-2.png\",\"contentUrl\":\"http:\/\/maismagazine.pt\/wp-content\/uploads\/2020\/04\/cropped-cropped-mais-magazine-site-logo-2.png\",\"width\":581,\"height\":90,\"caption\":\"Mais Magazine\"},\"image\":{\"@id\":\"http:\/\/maismagazine.pt\/#\/schema\/logo\/image\/\"}},{\"@type\":\"Person\",\"@id\":\"http:\/\/maismagazine.pt\/#\/schema\/person\/7426e2caeb8df32a1b56aa48dae778c9\",\"name\":\"Tatiana Martins\",\"image\":{\"@type\":\"ImageObject\",\"inLanguage\":\"pt-PT\",\"@id\":\"http:\/\/maismagazine.pt\/#\/schema\/person\/image\/\",\"url\":\"https:\/\/secure.gravatar.com\/avatar\/4b24a57f5d0425f2eb20981c4b53244e?s=96&d=mm&r=g\",\"contentUrl\":\"https:\/\/secure.gravatar.com\/avatar\/4b24a57f5d0425f2eb20981c4b53244e?s=96&d=mm&r=g\",\"caption\":\"Tatiana Martins\"},\"url\":\"http:\/\/maismagazine.pt\/index.php\/author\/tatiana\/\"}]}<\/script>\n<!-- \/ Yoast SEO plugin. -->","yoast_head_json":{"title":"A\u00e7ores. Arquip\u00e9lago Sustentabilidade. - Mais Magazine","robots":{"index":"index","follow":"follow","max-snippet":"max-snippet:-1","max-image-preview":"max-image-preview:large","max-video-preview":"max-video-preview:-1"},"canonical":"https:\/\/maismagazine.pt\/index.php\/2025\/03\/21\/acores-arquipelago-sustentabilidade\/","og_locale":"pt_PT","og_type":"article","og_title":"A\u00e7ores. Arquip\u00e9lago Sustentabilidade. - Mais Magazine","og_description":"Os A\u00e7ores s\u00e3o ilhas natureza. Belas, pequenas, fr\u00e1geis e exuberantes. Os A\u00e7ores s\u00e3o mar imenso, profundo e robusto. Mundo de enormes riscos e grandiosas oportunidades. Os A\u00e7ores s\u00e3o um dos mais belos e singulares patrim\u00f3nios naturais do mundo, um verdadeiro para\u00edso no meio do Oceano Atl\u00e2ntico. A sua grandiosidade vai&hellip;","og_url":"https:\/\/maismagazine.pt\/index.php\/2025\/03\/21\/acores-arquipelago-sustentabilidade\/","og_site_name":"Mais Magazine","article_published_time":"2025-03-21T07:00:00+00:00","og_image":[{"width":644,"height":966,"url":"https:\/\/maismagazine.pt\/wp-content\/uploads\/2025\/03\/Fotografia-Oficial-Jose-Manuel-Bolieiro.png","type":"image\/png"}],"author":"Tatiana Martins","twitter_card":"summary_large_image","twitter_misc":{"Escrito por":false,"Tempo estimado de leitura":"6 minutos"},"schema":{"@context":"https:\/\/schema.org","@graph":[{"@type":"Article","@id":"https:\/\/maismagazine.pt\/index.php\/2025\/03\/21\/acores-arquipelago-sustentabilidade\/#article","isPartOf":{"@id":"https:\/\/maismagazine.pt\/index.php\/2025\/03\/21\/acores-arquipelago-sustentabilidade\/"},"author":{"name":"Tatiana Martins","@id":"http:\/\/maismagazine.pt\/#\/schema\/person\/7426e2caeb8df32a1b56aa48dae778c9"},"headline":"A\u00e7ores. Arquip\u00e9lago Sustentabilidade.","datePublished":"2025-03-21T07:00:00+00:00","mainEntityOfPage":{"@id":"https:\/\/maismagazine.pt\/index.php\/2025\/03\/21\/acores-arquipelago-sustentabilidade\/"},"wordCount":1020,"publisher":{"@id":"http:\/\/maismagazine.pt\/#organization"},"image":{"@id":"https:\/\/maismagazine.pt\/index.php\/2025\/03\/21\/acores-arquipelago-sustentabilidade\/#primaryimage"},"thumbnailUrl":"http:\/\/maismagazine.pt\/wp-content\/uploads\/2025\/03\/Fotografia-Oficial-Jose-Manuel-Bolieiro.png","keywords":["a\u00e7ores","Governo Regional dos A\u00e7ores"],"articleSection":["Destaque lateral","Opini\u00e3o"],"inLanguage":"pt-PT"},{"@type":"WebPage","@id":"https:\/\/maismagazine.pt\/index.php\/2025\/03\/21\/acores-arquipelago-sustentabilidade\/","url":"https:\/\/maismagazine.pt\/index.php\/2025\/03\/21\/acores-arquipelago-sustentabilidade\/","name":"A\u00e7ores. Arquip\u00e9lago Sustentabilidade. - Mais Magazine","isPartOf":{"@id":"http:\/\/maismagazine.pt\/#website"},"primaryImageOfPage":{"@id":"https:\/\/maismagazine.pt\/index.php\/2025\/03\/21\/acores-arquipelago-sustentabilidade\/#primaryimage"},"image":{"@id":"https:\/\/maismagazine.pt\/index.php\/2025\/03\/21\/acores-arquipelago-sustentabilidade\/#primaryimage"},"thumbnailUrl":"http:\/\/maismagazine.pt\/wp-content\/uploads\/2025\/03\/Fotografia-Oficial-Jose-Manuel-Bolieiro.png","datePublished":"2025-03-21T07:00:00+00:00","breadcrumb":{"@id":"https:\/\/maismagazine.pt\/index.php\/2025\/03\/21\/acores-arquipelago-sustentabilidade\/#breadcrumb"},"inLanguage":"pt-PT","potentialAction":[{"@type":"ReadAction","target":["https:\/\/maismagazine.pt\/index.php\/2025\/03\/21\/acores-arquipelago-sustentabilidade\/"]}]},{"@type":"ImageObject","inLanguage":"pt-PT","@id":"https:\/\/maismagazine.pt\/index.php\/2025\/03\/21\/acores-arquipelago-sustentabilidade\/#primaryimage","url":"http:\/\/maismagazine.pt\/wp-content\/uploads\/2025\/03\/Fotografia-Oficial-Jose-Manuel-Bolieiro.png","contentUrl":"http:\/\/maismagazine.pt\/wp-content\/uploads\/2025\/03\/Fotografia-Oficial-Jose-Manuel-Bolieiro.png","width":644,"height":966,"caption":"Jos\u00e9 Manuel Bolieiro, Presidente do Governo dos A\u00e7ores"},{"@type":"BreadcrumbList","@id":"https:\/\/maismagazine.pt\/index.php\/2025\/03\/21\/acores-arquipelago-sustentabilidade\/#breadcrumb","itemListElement":[{"@type":"ListItem","position":1,"name":"Home","item":"http:\/\/maismagazine.pt\/"},{"@type":"ListItem","position":2,"name":"A\u00e7ores. Arquip\u00e9lago Sustentabilidade."}]},{"@type":"WebSite","@id":"http:\/\/maismagazine.pt\/#website","url":"http:\/\/maismagazine.pt\/","name":"Mais Magazine","description":"","publisher":{"@id":"http:\/\/maismagazine.pt\/#organization"},"potentialAction":[{"@type":"SearchAction","target":{"@type":"EntryPoint","urlTemplate":"http:\/\/maismagazine.pt\/?s={search_term_string}"},"query-input":{"@type":"PropertyValueSpecification","valueRequired":true,"valueName":"search_term_string"}}],"inLanguage":"pt-PT"},{"@type":"Organization","@id":"http:\/\/maismagazine.pt\/#organization","name":"Mais Magazine","url":"http:\/\/maismagazine.pt\/","logo":{"@type":"ImageObject","inLanguage":"pt-PT","@id":"http:\/\/maismagazine.pt\/#\/schema\/logo\/image\/","url":"http:\/\/maismagazine.pt\/wp-content\/uploads\/2020\/04\/cropped-cropped-mais-magazine-site-logo-2.png","contentUrl":"http:\/\/maismagazine.pt\/wp-content\/uploads\/2020\/04\/cropped-cropped-mais-magazine-site-logo-2.png","width":581,"height":90,"caption":"Mais Magazine"},"image":{"@id":"http:\/\/maismagazine.pt\/#\/schema\/logo\/image\/"}},{"@type":"Person","@id":"http:\/\/maismagazine.pt\/#\/schema\/person\/7426e2caeb8df32a1b56aa48dae778c9","name":"Tatiana Martins","image":{"@type":"ImageObject","inLanguage":"pt-PT","@id":"http:\/\/maismagazine.pt\/#\/schema\/person\/image\/","url":"https:\/\/secure.gravatar.com\/avatar\/4b24a57f5d0425f2eb20981c4b53244e?s=96&d=mm&r=g","contentUrl":"https:\/\/secure.gravatar.com\/avatar\/4b24a57f5d0425f2eb20981c4b53244e?s=96&d=mm&r=g","caption":"Tatiana Martins"},"url":"http:\/\/maismagazine.pt\/index.php\/author\/tatiana\/"}]}},"author_meta":{"display_name":false,"author_link":"http:\/\/maismagazine.pt\/index.php\/author\/tatiana\/"},"featured_img":"http:\/\/maismagazine.pt\/wp-content\/uploads\/2025\/03\/Fotografia-Oficial-Jose-Manuel-Bolieiro-200x300.png","coauthors":[],"tax_additional":{"categories":{"linked":["<a href=\"http:\/\/maismagazine.pt\/index.php\/category\/destaque\/\" class=\"advgb-post-tax-term\">Destaque lateral<\/a>","<a href=\"http:\/\/maismagazine.pt\/index.php\/category\/noticias\/opiniao\/\" class=\"advgb-post-tax-term\">Opini\u00e3o<\/a>"],"unlinked":["<span class=\"advgb-post-tax-term\">Destaque lateral<\/span>","<span class=\"advgb-post-tax-term\">Opini\u00e3o<\/span>"]},"tags":{"linked":["<a href=\"http:\/\/maismagazine.pt\/index.php\/category\/noticias\/opiniao\/\" class=\"advgb-post-tax-term\">a\u00e7ores<\/a>","<a href=\"http:\/\/maismagazine.pt\/index.php\/category\/noticias\/opiniao\/\" class=\"advgb-post-tax-term\">Governo Regional dos A\u00e7ores<\/a>"],"unlinked":["<span class=\"advgb-post-tax-term\">a\u00e7ores<\/span>","<span class=\"advgb-post-tax-term\">Governo Regional dos A\u00e7ores<\/span>"]}},"comment_count":"0","relative_dates":{"created":"Posted 1 ano ago","modified":"Updated 1 ano ago"},"absolute_dates":{"created":"Posted on 21 de Mar\u00e7o, 2025","modified":"Updated on 18 de Mar\u00e7o, 2025"},"absolute_dates_time":{"created":"Posted on 21 de Mar\u00e7o, 2025 7:00","modified":"Updated on 18 de Mar\u00e7o, 2025 16:02"},"featured_img_caption":"Jos\u00e9 Manuel Bolieiro, Presidente do Governo dos A\u00e7ores","series_order":"","_links":{"self":[{"href":"http:\/\/maismagazine.pt\/index.php\/wp-json\/wp\/v2\/posts\/11590","targetHints":{"allow":["GET"]}}],"collection":[{"href":"http:\/\/maismagazine.pt\/index.php\/wp-json\/wp\/v2\/posts"}],"about":[{"href":"http:\/\/maismagazine.pt\/index.php\/wp-json\/wp\/v2\/types\/post"}],"author":[{"embeddable":true,"href":"http:\/\/maismagazine.pt\/index.php\/wp-json\/wp\/v2\/users\/18"}],"replies":[{"embeddable":true,"href":"http:\/\/maismagazine.pt\/index.php\/wp-json\/wp\/v2\/comments?post=11590"}],"version-history":[{"count":1,"href":"http:\/\/maismagazine.pt\/index.php\/wp-json\/wp\/v2\/posts\/11590\/revisions"}],"predecessor-version":[{"id":11595,"href":"http:\/\/maismagazine.pt\/index.php\/wp-json\/wp\/v2\/posts\/11590\/revisions\/11595"}],"wp:featuredmedia":[{"embeddable":true,"href":"http:\/\/maismagazine.pt\/index.php\/wp-json\/wp\/v2\/media\/11594"}],"wp:attachment":[{"href":"http:\/\/maismagazine.pt\/index.php\/wp-json\/wp\/v2\/media?parent=11590"}],"wp:term":[{"taxonomy":"category","embeddable":true,"href":"http:\/\/maismagazine.pt\/index.php\/wp-json\/wp\/v2\/categories?post=11590"},{"taxonomy":"post_tag","embeddable":true,"href":"http:\/\/maismagazine.pt\/index.php\/wp-json\/wp\/v2\/tags?post=11590"}],"curies":[{"name":"wp","href":"https:\/\/api.w.org\/{rel}","templated":true}]}}