{"id":11566,"date":"2025-03-21T07:00:00","date_gmt":"2025-03-21T07:00:00","guid":{"rendered":"https:\/\/maismagazine.pt\/?p=11566"},"modified":"2025-03-18T16:01:16","modified_gmt":"2025-03-18T16:01:16","slug":"termas-da-piedade-by-your-hotel-spa-alcobaca-saude-lazer-e-bem-estar-em-perfeita-harmonia","status":"publish","type":"post","link":"http:\/\/maismagazine.pt\/index.php\/2025\/03\/21\/termas-da-piedade-by-your-hotel-spa-alcobaca-saude-lazer-e-bem-estar-em-perfeita-harmonia\/","title":{"rendered":"Termas da Piedade by Your Hotel &amp; Spa Alcoba\u00e7a: Sa\u00fade, lazer e bem-estar em perfeita harmonia"},"content":{"rendered":"\n<p><strong>A combina\u00e7\u00e3o entre a natureza envolvente e o conforto das suas infraestruturas e servi\u00e7os levam a que as Termas da Piedade, integradas no Your Hotel &amp; Spa Alcoba\u00e7a, sejam um local de ref\u00fagio e tranquilidade, ideal para o equil\u00edbrio perfeito entre trabalho e lazer. O Your Hotel &amp; Spa Alcoba\u00e7a destaca-se ainda pelos seus m\u00e9todos inovadores na preven\u00e7\u00e3o e tratamento da sa\u00fade digestiva e g\u00e1strica em Portugal. <\/strong><\/p>\n\n\n\n<p><\/p>\n\n\n\n<p><strong>As Termas da Piedade, integradas no Your Hotel &amp; Spa Alcoba\u00e7a, s\u00e3o uma refer\u00eancia na preven\u00e7\u00e3o e tratamento da sa\u00fade digestiva e g\u00e1strica no nosso pa\u00eds, especialmente atrav\u00e9s da dinamiza\u00e7\u00e3o de sess\u00f5es de hidrocolonterapia. No que consiste esta abordagem?  <\/strong><\/p>\n\n\n\n<p>O equil\u00edbrio do intestino \u00e9 essencial para a sa\u00fade como um todo. No entanto, com o ritmo acelerado da vida moderna, o aumento do stress e a menor qualidade dos h\u00e1bitos alimentares, cresce o n\u00famero de pessoas que enfrentam problemas digestivos e dist\u00farbios intestinais. A hidroterapia do c\u00f3lon \/ hidrocolonterapia com \u00e1gua termal, \u00e9 um tratamento inovador e singular, apenas dispon\u00edvel nas Termas da Piedade, trazendo mais-valias e melhorias junto dos nossos utentes com diversas patologias intestinais e digestivas ou at\u00e9 mesmo numa \u00f3tica de preven\u00e7\u00e3o. A hidrocolonterapia pode trazer benef\u00edcios como: <\/p>\n\n\n\n<ul class=\"wp-block-list\">\n<li>Desintoxica\u00e7\u00e3o: Ajuda a eliminar res\u00edduos acumulados no intestino.<\/li>\n\n\n\n<li>Melhora da digest\u00e3o: Pode reduzir incha\u00e7o, gases e obstipa\u00e7\u00e3o.<\/li>\n\n\n\n<li>Fortalecimento do sistema imunol\u00f3gico: Um c\u00f3lon limpo favorece um equil\u00edbrio da microbiota intestinal saud\u00e1vel.<\/li>\n\n\n\n<li>Aumento da energia e bem-estar: A remo\u00e7\u00e3o de toxinas pode melhorar a disposi\u00e7\u00e3o.<\/li>\n\n\n\n<li>Pele mais saud\u00e1vel: A elimina\u00e7\u00e3o de toxinas pode refletir em uma pele mais limpa. A hidrocolonterapia \u00e9 um tratamento indolor e bastante eficaz para limpeza e purifica\u00e7\u00e3o do intestino. Este tratamento carece de uma consulta m\u00e9dica de hidrologia pr\u00e9via, para a correta avalia\u00e7\u00e3o cl\u00ednica e respetiva prescri\u00e7\u00e3o m\u00e9dica, onde ser\u00e1 estipulado a periodicidade e quantidade de sess\u00f5es a realizar.<\/li>\n<\/ul>\n\n\n\n<figure class=\"wp-block-gallery has-nested-images columns-default is-cropped wp-block-gallery-1 is-layout-flex wp-block-gallery-is-layout-flex\">\n<figure class=\"wp-block-image size-large\"><img loading=\"lazy\" decoding=\"async\" width=\"657\" height=\"438\" data-id=\"11572\" src=\"https:\/\/maismagazine.pt\/wp-content\/uploads\/2025\/03\/Termas-da-Piedade-1.jpg\" alt=\"\" class=\"wp-image-11572\" srcset=\"http:\/\/maismagazine.pt\/wp-content\/uploads\/2025\/03\/Termas-da-Piedade-1.jpg 657w, http:\/\/maismagazine.pt\/wp-content\/uploads\/2025\/03\/Termas-da-Piedade-1-300x200.jpg 300w, http:\/\/maismagazine.pt\/wp-content\/uploads\/2025\/03\/Termas-da-Piedade-1-150x100.jpg 150w\" sizes=\"auto, (max-width: 657px) 100vw, 657px\" \/><\/figure>\n\n\n\n<figure class=\"wp-block-image size-large\"><img loading=\"lazy\" decoding=\"async\" width=\"698\" height=\"518\" data-id=\"11573\" src=\"https:\/\/maismagazine.pt\/wp-content\/uploads\/2025\/03\/Termas-da-Piedade-2.jpg\" alt=\"\" class=\"wp-image-11573\" srcset=\"http:\/\/maismagazine.pt\/wp-content\/uploads\/2025\/03\/Termas-da-Piedade-2.jpg 698w, http:\/\/maismagazine.pt\/wp-content\/uploads\/2025\/03\/Termas-da-Piedade-2-300x223.jpg 300w\" sizes=\"auto, (max-width: 698px) 100vw, 698px\" \/><\/figure>\n<\/figure>\n\n\n\n<p><\/p>\n\n\n\n<p><\/p>\n\n\n\n<p><strong>As val\u00eancias das \u00e1guas das Termas da Piedade n\u00e3o se ficam apenas pelos tratamentos de doen\u00e7as de foro Gas-trointestinal, que outras abordagens disp\u00f5em? <\/strong><\/p>\n\n\n\n<p>Nas Termas da Piedade, face \u00e0s caracter\u00edsticas \u00fanicas das propriedades da sua \u00e1gua mineral natural, a principal aposta recai efetivamente sobre o foro gastrointestinal, mas as nossas val\u00eancias v\u00e3o muito al\u00e9m disso, com programas terap\u00eauticos no \u00e2mbito m\u00fasculo-esquel\u00e9tico e algumas doen\u00e7as dermatol\u00f3gicas. Adicionalmente temos uma vertente muito vasta para programas de termalismo de bem-estar e lazer. N\u00e3o h\u00e1 obrigatoriedade de ficar hospedado no Your Hotel &amp; Spa Alcoba\u00e7a para fazer as suas sess\u00f5es de tratamentos, ainda assim, oferecemos programas com oferta integrada de alojamento e tratamentos atrav\u00e9s de packs v\u00e1lidos para todo o ano, proporcionando ao h\u00f3spede uma experi\u00eancia termal completa na vertente de relaxamento e bem-estar. <\/p>\n\n\n\n<p><\/p>\n\n\n\n<p><\/p>\n\n\n\n<p><strong>Para al\u00e9m da experi\u00eancia de excel\u00eancia a n\u00edvel do termalismo, o Your Hotel &amp; Spa Alcoba\u00e7a fornece ainda servi\u00e7os de hotelaria. Fale-nos um pouco sobre os v\u00e1rios espa\u00e7os e servi\u00e7os dispon\u00edveis no vosso hotel, bem como das suas mais-valias para o cliente. <\/strong><\/p>\n\n\n\n<p>O nosso hotel em termos de localiza\u00e7\u00e3o \u00e9 um ponto de partida ideal para explorar tudo o que Alcoba\u00e7a e a regi\u00e3o Oeste t\u00eam para oferecer. Seja para relaxar junto ao mar e desfrutar de praias incr\u00edveis, descobrir a nossa rica hist\u00f3ria pela diversidade patrimo-nial ao redor ou aventurar-se pela serra. A nossa unidade, rodeada de natureza, conta com 62 quartos com diversas tipologias, dando resposta \u00e0s necessidades de quem nos procura. No hotel poder\u00e3o contar com o bar, o restaurante \u201cSentidos\u201d que apresenta uma carta focada em produtos locais, o spa termal e termas, um gin\u00e1sio, campo de t\u00e9nis e campo de futebol, aluguer de bicicletas, assim como um percurso pe-destre. Dispomos ainda no espa\u00e7o exterior de uma piscina semiol\u00edmpica e piscina para crian\u00e7as que convidam a mergulhos desde os primeiros dias de sol. No per\u00edodo de ver\u00e3o o bar de apoio e a esplanada est\u00e3o tamb\u00e9m dispon\u00edveis. Como o Your Hotel &amp; Spa Alcoba\u00e7a e as Termas da Piedade est\u00e3o localizados no mesmo espa\u00e7o, a experi\u00eancia torna-se mais pr\u00e1tica e confort\u00e1vel, pois o h\u00f3spede pode sair do seu quarto de roup\u00e3o e deslocar-se diretamente ao spa termal para realizar os seus tratamentos. O Your Hotel &amp; Spa Alcoba\u00e7a disp\u00f5e ainda de 2 salas de reuni\u00e3o com capacidade at\u00e9 120 pessoas, totalmente equipadas e preparadas para receber eventos empresariais e sociais de diferentes dimens\u00f5es.  <\/p>\n\n\n\n<p><\/p>\n\n\n\n<figure class=\"wp-block-gallery has-nested-images columns-default is-cropped wp-block-gallery-2 is-layout-flex wp-block-gallery-is-layout-flex\">\n<figure class=\"wp-block-image size-large\"><img loading=\"lazy\" decoding=\"async\" width=\"768\" height=\"407\" data-id=\"11578\" src=\"https:\/\/maismagazine.pt\/wp-content\/uploads\/2025\/03\/your_hotel_spa_13-1.jpg\" alt=\"\" class=\"wp-image-11578\" srcset=\"http:\/\/maismagazine.pt\/wp-content\/uploads\/2025\/03\/your_hotel_spa_13-1.jpg 768w, http:\/\/maismagazine.pt\/wp-content\/uploads\/2025\/03\/your_hotel_spa_13-1-300x159.jpg 300w\" sizes=\"auto, (max-width: 768px) 100vw, 768px\" \/><\/figure>\n\n\n\n<figure class=\"wp-block-image size-large\"><img loading=\"lazy\" decoding=\"async\" width=\"609\" height=\"425\" data-id=\"11577\" src=\"https:\/\/maismagazine.pt\/wp-content\/uploads\/2025\/03\/duche-vichy-termas-da-piedade.jpg\" alt=\"\" class=\"wp-image-11577\" srcset=\"http:\/\/maismagazine.pt\/wp-content\/uploads\/2025\/03\/duche-vichy-termas-da-piedade.jpg 609w, http:\/\/maismagazine.pt\/wp-content\/uploads\/2025\/03\/duche-vichy-termas-da-piedade-300x209.jpg 300w\" sizes=\"auto, (max-width: 609px) 100vw, 609px\" \/><\/figure>\n<\/figure>\n\n\n\n<p><\/p>\n\n\n\n<p><\/p>\n\n\n\n<p><strong>Cada vez mais as empresas procuram os vossos espa\u00e7os para aliar o trabalho ao bem-estar. De que forma o Your Hotel &amp; Spa Alcoba\u00e7a se apresenta como um espa\u00e7o de refer\u00eancia para as empresas que procuram estas pr\u00e1ticas? <\/strong> <\/p>\n\n\n\n<p>De facto, o sector MICE e Corporate tem vindo a ter cada vez mais procura e crescimento junto da nossa unidade, pois a nossa localiza\u00e7\u00e3o, a apenas uma hora de Lisboa e duas horas do Porto aliado a \u00f3timos acessos (A8) fazem do Your Hotel &amp; Spa Alcoba\u00e7a um local indicado para reunir e juntar as equipas das diversas zonas do pa\u00eds. Temos notado uma maior sensibilidade e preocupa\u00e7\u00e3o das empresas para o investimento do \u201cknow how\u201d e bem-estar dos seus funcion\u00e1rios e parceiros, da\u00ed procurarem-nos para realizarem as suas diversas reuni\u00f5es; meetings; forma\u00e7\u00f5es e eventos. \u00c9 poss\u00edvel ter um pack chave na m\u00e3o onde garantimos uma experi\u00eancia personalizada e sem preocupa\u00e7\u00f5es, pois cada evento \u00e9 planeado \u00e0 medida, atendendo \u00e0s necessidades, prefer\u00eancias e or\u00e7amento de cada cliente. Para al\u00e9m das salas de reuni\u00e3o, a unidade disponibiliza servi\u00e7os que enriquecem a experi\u00eancia com condi\u00e7\u00f5es especiais de alojamento para grupos, refei\u00e7\u00f5es, atividades de team building, fazendo uso do enquadramento natural da unidade, servi\u00e7os de spa termal ou at\u00e9 mesmo festas que conferem uma parte mais l\u00fadica ao seu evento potencializando o esp\u00edrito de equipa. Assim tem sido comum conciliar e equilibrar a vertente de trabalho com o lazer e bem-estar, onde ap\u00f3s um dia de reuni\u00f5es poder\u00e3o ser proporcionados diversos tipos de experi\u00eancia, nomeadamente no spa termal, dando assim um momento de relaxamento para revigorar energias.   <\/p>\n\n\n\n<p><\/p>\n\n\n\n<p><strong>Quais os planos a curto\/m\u00e9dio prazo? <\/strong><\/p>\n\n\n\n<p>A curto prazo iremos efetuar algumas melhorias nas nossas instala\u00e7\u00f5es, nomeadamente no circuito de hidroterapia, iremos ainda alargar a oferta do menu das Termas da Piedade e lan\u00e7ar um novo menu do spa termal. Estamos tamb\u00e9m na fase de investiga\u00e7\u00e3o e desenvolvimento de bebidas \u00e0 base de \u00e1gua termal para o bem-estar digestivo que poder\u00e3o posteriormente ser adquiridas pelo consumidor, bem como produtos cosm\u00e9ticos \u00e0 base de \u00e1gua termal.  <\/p>\n\n\n\n<p><\/p>\n\n\n\n<p><\/p>\n\n\n<div class=\"wp-block-image\">\n<figure class=\"aligncenter size-large is-resized\"><img loading=\"lazy\" decoding=\"async\" width=\"1024\" height=\"956\" src=\"https:\/\/maismagazine.pt\/wp-content\/uploads\/2025\/03\/Logo-YHS-RGB-1600px-3-1024x956.png\" alt=\"\" class=\"wp-image-11591\" style=\"width:206px;height:auto\" srcset=\"http:\/\/maismagazine.pt\/wp-content\/uploads\/2025\/03\/Logo-YHS-RGB-1600px-3-1024x956.png 1024w, http:\/\/maismagazine.pt\/wp-content\/uploads\/2025\/03\/Logo-YHS-RGB-1600px-3-300x280.png 300w, http:\/\/maismagazine.pt\/wp-content\/uploads\/2025\/03\/Logo-YHS-RGB-1600px-3-768x717.png 768w, http:\/\/maismagazine.pt\/wp-content\/uploads\/2025\/03\/Logo-YHS-RGB-1600px-3-1536x1434.png 1536w, http:\/\/maismagazine.pt\/wp-content\/uploads\/2025\/03\/Logo-YHS-RGB-1600px-3.png 1600w\" sizes=\"auto, (max-width: 1024px) 100vw, 1024px\" \/><\/figure><\/div>","protected":false},"excerpt":{"rendered":"<p>A combina\u00e7\u00e3o entre a natureza envolvente e o conforto das suas infraestruturas e servi\u00e7os levam a que as Termas da Piedade, integradas no Your Hotel &amp; Spa Alcoba\u00e7a, sejam um local de ref\u00fagio e tranquilidade, ideal para o equil\u00edbrio perfeito entre trabalho e lazer. O Your Hotel &amp; Spa Alcoba\u00e7a&hellip;<\/p>\n","protected":false},"author":17,"featured_media":11592,"comment_status":"closed","ping_status":"open","sticky":false,"template":"","format":"standard","meta":{"advgb_blocks_editor_width":"","advgb_blocks_columns_visual_guide":"","_monsterinsights_skip_tracking":false,"_monsterinsights_sitenote_active":false,"_monsterinsights_sitenote_note":"","_monsterinsights_sitenote_category":0,"footnotes":""},"categories":[313],"tags":[1385,1924],"class_list":["post-11566","post","type-post","status-publish","format-standard","has-post-thumbnail","hentry","category-saude","tag-termas-da-piedade","tag-your-hotel-spa-alcobaca"],"yoast_head":"<!-- This site is optimized with the Yoast SEO plugin v24.4 - https:\/\/yoast.com\/wordpress\/plugins\/seo\/ -->\n<title>Termas da Piedade by Your Hotel &amp; Spa Alcoba\u00e7a: Sa\u00fade, lazer e bem-estar em perfeita harmonia - Mais Magazine<\/title>\n<meta name=\"description\" content=\"A combina\u00e7\u00e3o entre a natureza envolvente e o conforto das suas infraestruturas e servi\u00e7os levam a que as Termas da Piedade, integradas no Your Hotel &amp; Spa Alcoba\u00e7a, sejam um local de ref\u00fagio e tranquilidade, ideal para o equil\u00edbrio perfeito entre trabalho e lazer. O Your Hotel &amp; Spa Alcoba\u00e7a destaca-se ainda pelos seus m\u00e9todos inovadores na preven\u00e7\u00e3o e tratamento da sa\u00fade digestiva e g\u00e1strica em Portugal.\" \/>\n<meta name=\"robots\" content=\"index, follow, max-snippet:-1, max-image-preview:large, max-video-preview:-1\" \/>\n<link rel=\"canonical\" href=\"https:\/\/maismagazine.pt\/index.php\/2025\/03\/21\/termas-da-piedade-by-your-hotel-spa-alcobaca-saude-lazer-e-bem-estar-em-perfeita-harmonia\/\" \/>\n<meta property=\"og:locale\" content=\"pt_PT\" \/>\n<meta property=\"og:type\" content=\"article\" \/>\n<meta property=\"og:title\" content=\"Termas da Piedade by Your Hotel &amp; Spa Alcoba\u00e7a: Sa\u00fade, lazer e bem-estar em perfeita harmonia - Mais Magazine\" \/>\n<meta property=\"og:description\" content=\"A combina\u00e7\u00e3o entre a natureza envolvente e o conforto das suas infraestruturas e servi\u00e7os levam a que as Termas da Piedade, integradas no Your Hotel &amp; Spa Alcoba\u00e7a, sejam um local de ref\u00fagio e tranquilidade, ideal para o equil\u00edbrio perfeito entre trabalho e lazer. O Your Hotel &amp; Spa Alcoba\u00e7a destaca-se ainda pelos seus m\u00e9todos inovadores na preven\u00e7\u00e3o e tratamento da sa\u00fade digestiva e g\u00e1strica em Portugal.\" \/>\n<meta property=\"og:url\" content=\"https:\/\/maismagazine.pt\/index.php\/2025\/03\/21\/termas-da-piedade-by-your-hotel-spa-alcobaca-saude-lazer-e-bem-estar-em-perfeita-harmonia\/\" \/>\n<meta property=\"og:site_name\" content=\"Mais Magazine\" \/>\n<meta property=\"article:published_time\" content=\"2025-03-21T07:00:00+00:00\" \/>\n<meta property=\"og:image\" content=\"https:\/\/maismagazine.pt\/wp-content\/uploads\/2025\/03\/DRONES.00_02_22_27.Quadro020.jpg\" \/>\n\t<meta property=\"og:image:width\" content=\"1152\" \/>\n\t<meta property=\"og:image:height\" content=\"648\" \/>\n\t<meta property=\"og:image:type\" content=\"image\/jpeg\" \/>\n<meta name=\"author\" content=\"Tiago Costa\" \/>\n<meta name=\"twitter:card\" content=\"summary_large_image\" \/>\n<meta name=\"twitter:label1\" content=\"Escrito por\" \/>\n\t<meta name=\"twitter:data1\" content=\"\" \/>\n\t<meta name=\"twitter:label2\" content=\"Tempo estimado de leitura\" \/>\n\t<meta name=\"twitter:data2\" content=\"7 minutos\" \/>\n<script type=\"application\/ld+json\" class=\"yoast-schema-graph\">{\"@context\":\"https:\/\/schema.org\",\"@graph\":[{\"@type\":\"Article\",\"@id\":\"https:\/\/maismagazine.pt\/index.php\/2025\/03\/21\/termas-da-piedade-by-your-hotel-spa-alcobaca-saude-lazer-e-bem-estar-em-perfeita-harmonia\/#article\",\"isPartOf\":{\"@id\":\"https:\/\/maismagazine.pt\/index.php\/2025\/03\/21\/termas-da-piedade-by-your-hotel-spa-alcobaca-saude-lazer-e-bem-estar-em-perfeita-harmonia\/\"},\"author\":{\"name\":\"Tiago Costa\",\"@id\":\"http:\/\/maismagazine.pt\/#\/schema\/person\/c6c5bfccc886434cbd11c74e035f9646\"},\"headline\":\"Termas da Piedade by Your Hotel &amp; Spa Alcoba\u00e7a: Sa\u00fade, lazer e bem-estar em perfeita harmonia\",\"datePublished\":\"2025-03-21T07:00:00+00:00\",\"mainEntityOfPage\":{\"@id\":\"https:\/\/maismagazine.pt\/index.php\/2025\/03\/21\/termas-da-piedade-by-your-hotel-spa-alcobaca-saude-lazer-e-bem-estar-em-perfeita-harmonia\/\"},\"wordCount\":1189,\"publisher\":{\"@id\":\"http:\/\/maismagazine.pt\/#organization\"},\"image\":{\"@id\":\"https:\/\/maismagazine.pt\/index.php\/2025\/03\/21\/termas-da-piedade-by-your-hotel-spa-alcobaca-saude-lazer-e-bem-estar-em-perfeita-harmonia\/#primaryimage\"},\"thumbnailUrl\":\"http:\/\/maismagazine.pt\/wp-content\/uploads\/2025\/03\/DRONES.00_02_22_27.Quadro020.jpg\",\"keywords\":[\"Termas da Piedade\",\"Your Hotel &amp; Spa Alcoba\u00e7a\"],\"articleSection\":[\"Sa\u00fade\"],\"inLanguage\":\"pt-PT\"},{\"@type\":\"WebPage\",\"@id\":\"https:\/\/maismagazine.pt\/index.php\/2025\/03\/21\/termas-da-piedade-by-your-hotel-spa-alcobaca-saude-lazer-e-bem-estar-em-perfeita-harmonia\/\",\"url\":\"https:\/\/maismagazine.pt\/index.php\/2025\/03\/21\/termas-da-piedade-by-your-hotel-spa-alcobaca-saude-lazer-e-bem-estar-em-perfeita-harmonia\/\",\"name\":\"Termas da Piedade by Your Hotel &amp; Spa Alcoba\u00e7a: Sa\u00fade, lazer e bem-estar em perfeita harmonia - Mais Magazine\",\"isPartOf\":{\"@id\":\"http:\/\/maismagazine.pt\/#website\"},\"primaryImageOfPage\":{\"@id\":\"https:\/\/maismagazine.pt\/index.php\/2025\/03\/21\/termas-da-piedade-by-your-hotel-spa-alcobaca-saude-lazer-e-bem-estar-em-perfeita-harmonia\/#primaryimage\"},\"image\":{\"@id\":\"https:\/\/maismagazine.pt\/index.php\/2025\/03\/21\/termas-da-piedade-by-your-hotel-spa-alcobaca-saude-lazer-e-bem-estar-em-perfeita-harmonia\/#primaryimage\"},\"thumbnailUrl\":\"http:\/\/maismagazine.pt\/wp-content\/uploads\/2025\/03\/DRONES.00_02_22_27.Quadro020.jpg\",\"datePublished\":\"2025-03-21T07:00:00+00:00\",\"description\":\"A combina\u00e7\u00e3o entre a natureza envolvente e o conforto das suas infraestruturas e servi\u00e7os levam a que as Termas da Piedade, integradas no Your Hotel & Spa Alcoba\u00e7a, sejam um local de ref\u00fagio e tranquilidade, ideal para o equil\u00edbrio perfeito entre trabalho e lazer. O Your Hotel & Spa Alcoba\u00e7a destaca-se ainda pelos seus m\u00e9todos inovadores na preven\u00e7\u00e3o e tratamento da sa\u00fade digestiva e g\u00e1strica em Portugal.\",\"breadcrumb\":{\"@id\":\"https:\/\/maismagazine.pt\/index.php\/2025\/03\/21\/termas-da-piedade-by-your-hotel-spa-alcobaca-saude-lazer-e-bem-estar-em-perfeita-harmonia\/#breadcrumb\"},\"inLanguage\":\"pt-PT\",\"potentialAction\":[{\"@type\":\"ReadAction\",\"target\":[\"https:\/\/maismagazine.pt\/index.php\/2025\/03\/21\/termas-da-piedade-by-your-hotel-spa-alcobaca-saude-lazer-e-bem-estar-em-perfeita-harmonia\/\"]}]},{\"@type\":\"ImageObject\",\"inLanguage\":\"pt-PT\",\"@id\":\"https:\/\/maismagazine.pt\/index.php\/2025\/03\/21\/termas-da-piedade-by-your-hotel-spa-alcobaca-saude-lazer-e-bem-estar-em-perfeita-harmonia\/#primaryimage\",\"url\":\"http:\/\/maismagazine.pt\/wp-content\/uploads\/2025\/03\/DRONES.00_02_22_27.Quadro020.jpg\",\"contentUrl\":\"http:\/\/maismagazine.pt\/wp-content\/uploads\/2025\/03\/DRONES.00_02_22_27.Quadro020.jpg\",\"width\":1152,\"height\":648},{\"@type\":\"BreadcrumbList\",\"@id\":\"https:\/\/maismagazine.pt\/index.php\/2025\/03\/21\/termas-da-piedade-by-your-hotel-spa-alcobaca-saude-lazer-e-bem-estar-em-perfeita-harmonia\/#breadcrumb\",\"itemListElement\":[{\"@type\":\"ListItem\",\"position\":1,\"name\":\"Home\",\"item\":\"http:\/\/maismagazine.pt\/\"},{\"@type\":\"ListItem\",\"position\":2,\"name\":\"Termas da Piedade by Your Hotel &amp; Spa Alcoba\u00e7a: Sa\u00fade, lazer e bem-estar em perfeita harmonia\"}]},{\"@type\":\"WebSite\",\"@id\":\"http:\/\/maismagazine.pt\/#website\",\"url\":\"http:\/\/maismagazine.pt\/\",\"name\":\"Mais Magazine\",\"description\":\"\",\"publisher\":{\"@id\":\"http:\/\/maismagazine.pt\/#organization\"},\"potentialAction\":[{\"@type\":\"SearchAction\",\"target\":{\"@type\":\"EntryPoint\",\"urlTemplate\":\"http:\/\/maismagazine.pt\/?s={search_term_string}\"},\"query-input\":{\"@type\":\"PropertyValueSpecification\",\"valueRequired\":true,\"valueName\":\"search_term_string\"}}],\"inLanguage\":\"pt-PT\"},{\"@type\":\"Organization\",\"@id\":\"http:\/\/maismagazine.pt\/#organization\",\"name\":\"Mais Magazine\",\"url\":\"http:\/\/maismagazine.pt\/\",\"logo\":{\"@type\":\"ImageObject\",\"inLanguage\":\"pt-PT\",\"@id\":\"http:\/\/maismagazine.pt\/#\/schema\/logo\/image\/\",\"url\":\"http:\/\/maismagazine.pt\/wp-content\/uploads\/2020\/04\/cropped-cropped-mais-magazine-site-logo-2.png\",\"contentUrl\":\"http:\/\/maismagazine.pt\/wp-content\/uploads\/2020\/04\/cropped-cropped-mais-magazine-site-logo-2.png\",\"width\":581,\"height\":90,\"caption\":\"Mais Magazine\"},\"image\":{\"@id\":\"http:\/\/maismagazine.pt\/#\/schema\/logo\/image\/\"}},{\"@type\":\"Person\",\"@id\":\"http:\/\/maismagazine.pt\/#\/schema\/person\/c6c5bfccc886434cbd11c74e035f9646\",\"name\":\"Tiago Costa\",\"image\":{\"@type\":\"ImageObject\",\"inLanguage\":\"pt-PT\",\"@id\":\"http:\/\/maismagazine.pt\/#\/schema\/person\/image\/\",\"url\":\"https:\/\/secure.gravatar.com\/avatar\/c599b2bce16c9870429198cbad5ee022?s=96&d=mm&r=g\",\"contentUrl\":\"https:\/\/secure.gravatar.com\/avatar\/c599b2bce16c9870429198cbad5ee022?s=96&d=mm&r=g\",\"caption\":\"Tiago Costa\"},\"url\":\"http:\/\/maismagazine.pt\/index.php\/author\/tiago\/\"}]}<\/script>\n<!-- \/ Yoast SEO plugin. -->","yoast_head_json":{"title":"Termas da Piedade by Your Hotel &amp; Spa Alcoba\u00e7a: Sa\u00fade, lazer e bem-estar em perfeita harmonia - Mais Magazine","description":"A combina\u00e7\u00e3o entre a natureza envolvente e o conforto das suas infraestruturas e servi\u00e7os levam a que as Termas da Piedade, integradas no Your Hotel & Spa Alcoba\u00e7a, sejam um local de ref\u00fagio e tranquilidade, ideal para o equil\u00edbrio perfeito entre trabalho e lazer. O Your Hotel & Spa Alcoba\u00e7a destaca-se ainda pelos seus m\u00e9todos inovadores na preven\u00e7\u00e3o e tratamento da sa\u00fade digestiva e g\u00e1strica em Portugal.","robots":{"index":"index","follow":"follow","max-snippet":"max-snippet:-1","max-image-preview":"max-image-preview:large","max-video-preview":"max-video-preview:-1"},"canonical":"https:\/\/maismagazine.pt\/index.php\/2025\/03\/21\/termas-da-piedade-by-your-hotel-spa-alcobaca-saude-lazer-e-bem-estar-em-perfeita-harmonia\/","og_locale":"pt_PT","og_type":"article","og_title":"Termas da Piedade by Your Hotel &amp; Spa Alcoba\u00e7a: Sa\u00fade, lazer e bem-estar em perfeita harmonia - Mais Magazine","og_description":"A combina\u00e7\u00e3o entre a natureza envolvente e o conforto das suas infraestruturas e servi\u00e7os levam a que as Termas da Piedade, integradas no Your Hotel & Spa Alcoba\u00e7a, sejam um local de ref\u00fagio e tranquilidade, ideal para o equil\u00edbrio perfeito entre trabalho e lazer. O Your Hotel & Spa Alcoba\u00e7a destaca-se ainda pelos seus m\u00e9todos inovadores na preven\u00e7\u00e3o e tratamento da sa\u00fade digestiva e g\u00e1strica em Portugal.","og_url":"https:\/\/maismagazine.pt\/index.php\/2025\/03\/21\/termas-da-piedade-by-your-hotel-spa-alcobaca-saude-lazer-e-bem-estar-em-perfeita-harmonia\/","og_site_name":"Mais Magazine","article_published_time":"2025-03-21T07:00:00+00:00","og_image":[{"width":1152,"height":648,"url":"https:\/\/maismagazine.pt\/wp-content\/uploads\/2025\/03\/DRONES.00_02_22_27.Quadro020.jpg","type":"image\/jpeg"}],"author":"Tiago Costa","twitter_card":"summary_large_image","twitter_misc":{"Escrito por":false,"Tempo estimado de leitura":"7 minutos"},"schema":{"@context":"https:\/\/schema.org","@graph":[{"@type":"Article","@id":"https:\/\/maismagazine.pt\/index.php\/2025\/03\/21\/termas-da-piedade-by-your-hotel-spa-alcobaca-saude-lazer-e-bem-estar-em-perfeita-harmonia\/#article","isPartOf":{"@id":"https:\/\/maismagazine.pt\/index.php\/2025\/03\/21\/termas-da-piedade-by-your-hotel-spa-alcobaca-saude-lazer-e-bem-estar-em-perfeita-harmonia\/"},"author":{"name":"Tiago Costa","@id":"http:\/\/maismagazine.pt\/#\/schema\/person\/c6c5bfccc886434cbd11c74e035f9646"},"headline":"Termas da Piedade by Your Hotel &amp; Spa Alcoba\u00e7a: Sa\u00fade, lazer e bem-estar em perfeita harmonia","datePublished":"2025-03-21T07:00:00+00:00","mainEntityOfPage":{"@id":"https:\/\/maismagazine.pt\/index.php\/2025\/03\/21\/termas-da-piedade-by-your-hotel-spa-alcobaca-saude-lazer-e-bem-estar-em-perfeita-harmonia\/"},"wordCount":1189,"publisher":{"@id":"http:\/\/maismagazine.pt\/#organization"},"image":{"@id":"https:\/\/maismagazine.pt\/index.php\/2025\/03\/21\/termas-da-piedade-by-your-hotel-spa-alcobaca-saude-lazer-e-bem-estar-em-perfeita-harmonia\/#primaryimage"},"thumbnailUrl":"http:\/\/maismagazine.pt\/wp-content\/uploads\/2025\/03\/DRONES.00_02_22_27.Quadro020.jpg","keywords":["Termas da Piedade","Your Hotel &amp; Spa Alcoba\u00e7a"],"articleSection":["Sa\u00fade"],"inLanguage":"pt-PT"},{"@type":"WebPage","@id":"https:\/\/maismagazine.pt\/index.php\/2025\/03\/21\/termas-da-piedade-by-your-hotel-spa-alcobaca-saude-lazer-e-bem-estar-em-perfeita-harmonia\/","url":"https:\/\/maismagazine.pt\/index.php\/2025\/03\/21\/termas-da-piedade-by-your-hotel-spa-alcobaca-saude-lazer-e-bem-estar-em-perfeita-harmonia\/","name":"Termas da Piedade by Your Hotel &amp; Spa Alcoba\u00e7a: Sa\u00fade, lazer e bem-estar em perfeita harmonia - Mais Magazine","isPartOf":{"@id":"http:\/\/maismagazine.pt\/#website"},"primaryImageOfPage":{"@id":"https:\/\/maismagazine.pt\/index.php\/2025\/03\/21\/termas-da-piedade-by-your-hotel-spa-alcobaca-saude-lazer-e-bem-estar-em-perfeita-harmonia\/#primaryimage"},"image":{"@id":"https:\/\/maismagazine.pt\/index.php\/2025\/03\/21\/termas-da-piedade-by-your-hotel-spa-alcobaca-saude-lazer-e-bem-estar-em-perfeita-harmonia\/#primaryimage"},"thumbnailUrl":"http:\/\/maismagazine.pt\/wp-content\/uploads\/2025\/03\/DRONES.00_02_22_27.Quadro020.jpg","datePublished":"2025-03-21T07:00:00+00:00","description":"A combina\u00e7\u00e3o entre a natureza envolvente e o conforto das suas infraestruturas e servi\u00e7os levam a que as Termas da Piedade, integradas no Your Hotel & Spa Alcoba\u00e7a, sejam um local de ref\u00fagio e tranquilidade, ideal para o equil\u00edbrio perfeito entre trabalho e lazer. O Your Hotel & Spa Alcoba\u00e7a destaca-se ainda pelos seus m\u00e9todos inovadores na preven\u00e7\u00e3o e tratamento da sa\u00fade digestiva e g\u00e1strica em Portugal.","breadcrumb":{"@id":"https:\/\/maismagazine.pt\/index.php\/2025\/03\/21\/termas-da-piedade-by-your-hotel-spa-alcobaca-saude-lazer-e-bem-estar-em-perfeita-harmonia\/#breadcrumb"},"inLanguage":"pt-PT","potentialAction":[{"@type":"ReadAction","target":["https:\/\/maismagazine.pt\/index.php\/2025\/03\/21\/termas-da-piedade-by-your-hotel-spa-alcobaca-saude-lazer-e-bem-estar-em-perfeita-harmonia\/"]}]},{"@type":"ImageObject","inLanguage":"pt-PT","@id":"https:\/\/maismagazine.pt\/index.php\/2025\/03\/21\/termas-da-piedade-by-your-hotel-spa-alcobaca-saude-lazer-e-bem-estar-em-perfeita-harmonia\/#primaryimage","url":"http:\/\/maismagazine.pt\/wp-content\/uploads\/2025\/03\/DRONES.00_02_22_27.Quadro020.jpg","contentUrl":"http:\/\/maismagazine.pt\/wp-content\/uploads\/2025\/03\/DRONES.00_02_22_27.Quadro020.jpg","width":1152,"height":648},{"@type":"BreadcrumbList","@id":"https:\/\/maismagazine.pt\/index.php\/2025\/03\/21\/termas-da-piedade-by-your-hotel-spa-alcobaca-saude-lazer-e-bem-estar-em-perfeita-harmonia\/#breadcrumb","itemListElement":[{"@type":"ListItem","position":1,"name":"Home","item":"http:\/\/maismagazine.pt\/"},{"@type":"ListItem","position":2,"name":"Termas da Piedade by Your Hotel &amp; Spa Alcoba\u00e7a: Sa\u00fade, lazer e bem-estar em perfeita harmonia"}]},{"@type":"WebSite","@id":"http:\/\/maismagazine.pt\/#website","url":"http:\/\/maismagazine.pt\/","name":"Mais Magazine","description":"","publisher":{"@id":"http:\/\/maismagazine.pt\/#organization"},"potentialAction":[{"@type":"SearchAction","target":{"@type":"EntryPoint","urlTemplate":"http:\/\/maismagazine.pt\/?s={search_term_string}"},"query-input":{"@type":"PropertyValueSpecification","valueRequired":true,"valueName":"search_term_string"}}],"inLanguage":"pt-PT"},{"@type":"Organization","@id":"http:\/\/maismagazine.pt\/#organization","name":"Mais Magazine","url":"http:\/\/maismagazine.pt\/","logo":{"@type":"ImageObject","inLanguage":"pt-PT","@id":"http:\/\/maismagazine.pt\/#\/schema\/logo\/image\/","url":"http:\/\/maismagazine.pt\/wp-content\/uploads\/2020\/04\/cropped-cropped-mais-magazine-site-logo-2.png","contentUrl":"http:\/\/maismagazine.pt\/wp-content\/uploads\/2020\/04\/cropped-cropped-mais-magazine-site-logo-2.png","width":581,"height":90,"caption":"Mais Magazine"},"image":{"@id":"http:\/\/maismagazine.pt\/#\/schema\/logo\/image\/"}},{"@type":"Person","@id":"http:\/\/maismagazine.pt\/#\/schema\/person\/c6c5bfccc886434cbd11c74e035f9646","name":"Tiago Costa","image":{"@type":"ImageObject","inLanguage":"pt-PT","@id":"http:\/\/maismagazine.pt\/#\/schema\/person\/image\/","url":"https:\/\/secure.gravatar.com\/avatar\/c599b2bce16c9870429198cbad5ee022?s=96&d=mm&r=g","contentUrl":"https:\/\/secure.gravatar.com\/avatar\/c599b2bce16c9870429198cbad5ee022?s=96&d=mm&r=g","caption":"Tiago Costa"},"url":"http:\/\/maismagazine.pt\/index.php\/author\/tiago\/"}]}},"author_meta":{"display_name":false,"author_link":"http:\/\/maismagazine.pt\/index.php\/author\/tiago\/"},"featured_img":"http:\/\/maismagazine.pt\/wp-content\/uploads\/2025\/03\/DRONES.00_02_22_27.Quadro020-300x169.jpg","coauthors":[],"tax_additional":{"categories":{"linked":["<a href=\"http:\/\/maismagazine.pt\/index.php\/category\/mundo-empresarial\/saude\/\" class=\"advgb-post-tax-term\">Sa\u00fade<\/a>"],"unlinked":["<span class=\"advgb-post-tax-term\">Sa\u00fade<\/span>"]},"tags":{"linked":["<a href=\"http:\/\/maismagazine.pt\/index.php\/category\/mundo-empresarial\/saude\/\" class=\"advgb-post-tax-term\">Termas da Piedade<\/a>","<a href=\"http:\/\/maismagazine.pt\/index.php\/category\/mundo-empresarial\/saude\/\" class=\"advgb-post-tax-term\">Your Hotel &amp; Spa Alcoba\u00e7a<\/a>"],"unlinked":["<span class=\"advgb-post-tax-term\">Termas da Piedade<\/span>","<span class=\"advgb-post-tax-term\">Your Hotel &amp; Spa Alcoba\u00e7a<\/span>"]}},"comment_count":"0","relative_dates":{"created":"Posted 1 ano ago","modified":"Updated 1 ano ago"},"absolute_dates":{"created":"Posted on 21 de Mar\u00e7o, 2025","modified":"Updated on 18 de Mar\u00e7o, 2025"},"absolute_dates_time":{"created":"Posted on 21 de Mar\u00e7o, 2025 7:00","modified":"Updated on 18 de Mar\u00e7o, 2025 16:01"},"featured_img_caption":"","series_order":"","_links":{"self":[{"href":"http:\/\/maismagazine.pt\/index.php\/wp-json\/wp\/v2\/posts\/11566","targetHints":{"allow":["GET"]}}],"collection":[{"href":"http:\/\/maismagazine.pt\/index.php\/wp-json\/wp\/v2\/posts"}],"about":[{"href":"http:\/\/maismagazine.pt\/index.php\/wp-json\/wp\/v2\/types\/post"}],"author":[{"embeddable":true,"href":"http:\/\/maismagazine.pt\/index.php\/wp-json\/wp\/v2\/users\/17"}],"replies":[{"embeddable":true,"href":"http:\/\/maismagazine.pt\/index.php\/wp-json\/wp\/v2\/comments?post=11566"}],"version-history":[{"count":1,"href":"http:\/\/maismagazine.pt\/index.php\/wp-json\/wp\/v2\/posts\/11566\/revisions"}],"predecessor-version":[{"id":11593,"href":"http:\/\/maismagazine.pt\/index.php\/wp-json\/wp\/v2\/posts\/11566\/revisions\/11593"}],"wp:featuredmedia":[{"embeddable":true,"href":"http:\/\/maismagazine.pt\/index.php\/wp-json\/wp\/v2\/media\/11592"}],"wp:attachment":[{"href":"http:\/\/maismagazine.pt\/index.php\/wp-json\/wp\/v2\/media?parent=11566"}],"wp:term":[{"taxonomy":"category","embeddable":true,"href":"http:\/\/maismagazine.pt\/index.php\/wp-json\/wp\/v2\/categories?post=11566"},{"taxonomy":"post_tag","embeddable":true,"href":"http:\/\/maismagazine.pt\/index.php\/wp-json\/wp\/v2\/tags?post=11566"}],"curies":[{"name":"wp","href":"https:\/\/api.w.org\/{rel}","templated":true}]}}