{"id":11557,"date":"2025-03-21T07:00:00","date_gmt":"2025-03-21T07:00:00","guid":{"rendered":"https:\/\/maismagazine.pt\/?p=11557"},"modified":"2025-03-18T15:47:24","modified_gmt":"2025-03-18T15:47:24","slug":"pedras-salgadas-spa-nature-park-conforto-e-elegancia-em-harmonia-com-a-natureza","status":"publish","type":"post","link":"http:\/\/maismagazine.pt\/index.php\/2025\/03\/21\/pedras-salgadas-spa-nature-park-conforto-e-elegancia-em-harmonia-com-a-natureza\/","title":{"rendered":"PEDRAS SALGADAS SPA &amp; NATURE PARK: Conforto e eleg\u00e2ncia em harmonia com a natureza"},"content":{"rendered":"\n<p><strong>A Mais Magazine viajou at\u00e9 ao interior do pa\u00eds para conhecer o <a href=\"http:\/\/www.pedrassalgadaspark.com\">Pedras Salgadas Spa &amp; Nature Park<\/a>, o destino onde a privacidade e o contacto com a natureza s\u00e3o uma garantia. <\/strong><\/p>\n\n\n\n<p><\/p>\n\n\n\n<p>Situado no cora\u00e7\u00e3o de Tr\u00e1s-os-Montes, o Pedras Salgadas Spa &amp; Nature Park apresenta-se como um ref\u00fagio \u00fanico, onde a serenidade da natureza se mistura com o conforto e a sofistica\u00e7\u00e3o da arquitetura contempor\u00e2nea. Inserido num parque centen\u00e1rio de 20 hectares, com 8 km de trilhos, este local proporciona uma experi\u00eancia revitalizante, em que o bem-estar e a exclusividade s\u00e3o prioridades. O Pedras Salgadas Spa &amp; Nature Park oferece aos seus visitantes duas op\u00e7\u00f5es de alojamento distintas: as Eco Houses e as Tree Houses, totalizando 18 unidades. As Eco Houses, concebidas pelo arquiteto Lu\u00eds Rebelo de Andrade, s\u00e3o casas sustent\u00e1veis que aliam design inovador e total privacidade. Constru\u00eddas com materiais naturais, integram-se de forma harmoniosa na paisagem, oferecendo uma estadia confort\u00e1vel e sofisticada. As Tree Houses, por sua vez, s\u00e3o verdadeiros ref\u00fagios suspensos entre as \u00e1rvores, destacando-se pelo design org\u00e2nico e minimalista. Estas unidades oferecem uma experi\u00eancia imersiva na natureza, proporcionando uma viv\u00eancia \u00fanica, entre conforto e proximidade com o ambiente natural.  <\/p>\n\n\n\n<p><\/p>\n\n\n\n<p>No Pedras Salgadas Spa &amp; Nature Park, os h\u00f3spedes t\u00eam ainda acesso a um spa, uma refer\u00eancia no que se refere ao termalismo em Portugal, recentemente restaurado pelo premiado arquiteto \u00c1lvaro Siza Vieira. Neste espa\u00e7o, \u00e9 poss\u00edvel usufruir dos benef\u00edcios terap\u00eauticos das \u00e1guas minerais naturais, reconhecidos desde o s\u00e9culo XIX. O spa disp\u00f5e tamb\u00e9m de um circuito de hidroterapia, massagens relaxantes e terap\u00eauticas, banhos de imers\u00e3o com \u00e1gua termal, sauna, banho turca, al\u00e9m de uma variedade de tratamentos faciais e corporais, realizados por profissionais altamente qualificados, garantindo um equil\u00edbrio perfeito, rejuvenescimento e bem-estar profundo.  <\/p>\n\n\n\n<p><\/p>\n\n\n\n<figure class=\"wp-block-gallery has-nested-images columns-default is-cropped wp-block-gallery-1 is-layout-flex wp-block-gallery-is-layout-flex\">\n<figure class=\"wp-block-image size-large\"><img loading=\"lazy\" decoding=\"async\" width=\"900\" height=\"600\" data-id=\"11561\" src=\"https:\/\/maismagazine.pt\/wp-content\/uploads\/2025\/03\/1198_20210920.jpg\" alt=\"\" class=\"wp-image-11561\" srcset=\"http:\/\/maismagazine.pt\/wp-content\/uploads\/2025\/03\/1198_20210920.jpg 900w, http:\/\/maismagazine.pt\/wp-content\/uploads\/2025\/03\/1198_20210920-300x200.jpg 300w, http:\/\/maismagazine.pt\/wp-content\/uploads\/2025\/03\/1198_20210920-768x512.jpg 768w, http:\/\/maismagazine.pt\/wp-content\/uploads\/2025\/03\/1198_20210920-150x100.jpg 150w\" sizes=\"auto, (max-width: 900px) 100vw, 900px\" \/><\/figure>\n\n\n\n<figure class=\"wp-block-image size-large\"><img loading=\"lazy\" decoding=\"async\" width=\"960\" height=\"640\" data-id=\"11562\" src=\"https:\/\/maismagazine.pt\/wp-content\/uploads\/2025\/03\/Indoor-Pool-2.jpg\" alt=\"\" class=\"wp-image-11562\" srcset=\"http:\/\/maismagazine.pt\/wp-content\/uploads\/2025\/03\/Indoor-Pool-2.jpg 960w, http:\/\/maismagazine.pt\/wp-content\/uploads\/2025\/03\/Indoor-Pool-2-300x200.jpg 300w, http:\/\/maismagazine.pt\/wp-content\/uploads\/2025\/03\/Indoor-Pool-2-768x512.jpg 768w, http:\/\/maismagazine.pt\/wp-content\/uploads\/2025\/03\/Indoor-Pool-2-150x100.jpg 150w\" sizes=\"auto, (max-width: 960px) 100vw, 960px\" \/><\/figure>\n<\/figure>\n\n\n\n<p><\/p>\n\n\n\n<p><\/p>\n\n\n\n<p>Outro destaque \u00e9 a Casa de Ch\u00e1, um espa\u00e7o acolhedor localizado no interior do parque, onde a gastronomia se inspira na tradi\u00e7\u00e3o transmontana, com um toque moderno. Os pratos, preparados com ingredientes locais e sazonais, proporcionam uma experi\u00eancia aut\u00eantica e saborosa. Aberta todos os dias, a Casa de Ch\u00e1 \u00e9 o local ideal para desfrutar de uma refei\u00e7\u00e3o leve ou simplesmente saborear um ch\u00e1, num ambiente tranquilo que complementa na perfei\u00e7\u00e3o a serenidade do parque. Al\u00e9m disso, o Pedras Salgadas Spa &amp; Nature Park oferece uma vasta gama de experi\u00eancias, com op\u00e7\u00f5es para todos os gostos, desde os amantes da natureza e da aventura at\u00e9 \u00e0queles que procuram o relaxamento absoluto. O Museu Pedras Experience, os trilhos naturais e o arborismo s\u00e3o apenas alguns exemplos das atividades dispon\u00edveis. Cada uma delas \u00e9 cuidadosamente pensada para proporcionar o melhor aproveitamento do parque. Por fim, o Pedras Salgadas Spa &amp; Nature Park est\u00e1 totalmente preparado para receber eventos privados e corporativos, sejam de pequena ou grande dimens\u00e3o, com capacidade para 25 a 350 pessoas. O espa\u00e7o oferece ainda um servi\u00e7o personalizado de catering e organiza\u00e7\u00e3o de eventos.  <\/p>\n\n\n\n<p><\/p>\n\n\n\n<p>Em resumo, o Pedras Salgadas Spa &amp; Nature Park re\u00fane todas as condi\u00e7\u00f5es para proporcionar uma estadia memor\u00e1vel, repleta de conforto, eleg\u00e2ncia e experi\u00eancias inesquec\u00edveis.   <\/p>\n\n\n\n<p><\/p>\n\n\n<div class=\"wp-block-image\">\n<figure class=\"aligncenter size-full is-resized\"><img loading=\"lazy\" decoding=\"async\" width=\"800\" height=\"800\" src=\"https:\/\/maismagazine.pt\/wp-content\/uploads\/2025\/03\/324128307_1652938938473365_8572526968841159376_n.jpg\" alt=\"\" class=\"wp-image-11563\" style=\"width:219px;height:auto\" srcset=\"http:\/\/maismagazine.pt\/wp-content\/uploads\/2025\/03\/324128307_1652938938473365_8572526968841159376_n.jpg 800w, http:\/\/maismagazine.pt\/wp-content\/uploads\/2025\/03\/324128307_1652938938473365_8572526968841159376_n-300x300.jpg 300w, http:\/\/maismagazine.pt\/wp-content\/uploads\/2025\/03\/324128307_1652938938473365_8572526968841159376_n-150x150.jpg 150w, http:\/\/maismagazine.pt\/wp-content\/uploads\/2025\/03\/324128307_1652938938473365_8572526968841159376_n-768x768.jpg 768w\" sizes=\"auto, (max-width: 800px) 100vw, 800px\" \/><\/figure><\/div>","protected":false},"excerpt":{"rendered":"<p>A Mais Magazine viajou at\u00e9 ao interior do pa\u00eds para conhecer o Pedras Salgadas Spa &amp; Nature Park, o destino onde a privacidade e o contacto com a natureza s\u00e3o uma garantia. Situado no cora\u00e7\u00e3o de Tr\u00e1s-os-Montes, o Pedras Salgadas Spa &amp; Nature Park apresenta-se como um ref\u00fagio \u00fanico, onde&hellip;<\/p>\n","protected":false},"author":17,"featured_media":11564,"comment_status":"closed","ping_status":"open","sticky":false,"template":"","format":"standard","meta":{"advgb_blocks_editor_width":"","advgb_blocks_columns_visual_guide":"","_monsterinsights_skip_tracking":false,"_monsterinsights_sitenote_active":false,"_monsterinsights_sitenote_note":"","_monsterinsights_sitenote_category":0,"footnotes":""},"categories":[313],"tags":[1399],"class_list":["post-11557","post","type-post","status-publish","format-standard","has-post-thumbnail","hentry","category-saude","tag-pedras-salgadas-spa-nature-park"],"yoast_head":"<!-- This site is optimized with the Yoast SEO plugin v24.4 - https:\/\/yoast.com\/wordpress\/plugins\/seo\/ -->\n<title>PEDRAS SALGADAS SPA &amp; NATURE PARK: Conforto e eleg\u00e2ncia em harmonia com a natureza - Mais Magazine<\/title>\n<meta name=\"description\" content=\"A Mais Magazine viajou at\u00e9 ao interior do pa\u00eds para conhecer o Pedras Salgadas Spa &amp; Nature Park, o destino onde a privacidade e o contacto com a natureza s\u00e3o uma garantia.\" \/>\n<meta name=\"robots\" content=\"index, follow, max-snippet:-1, max-image-preview:large, max-video-preview:-1\" \/>\n<link rel=\"canonical\" href=\"http:\/\/maismagazine.pt\/index.php\/2025\/03\/21\/pedras-salgadas-spa-nature-park-conforto-e-elegancia-em-harmonia-com-a-natureza\/\" \/>\n<meta property=\"og:locale\" content=\"pt_PT\" \/>\n<meta property=\"og:type\" content=\"article\" \/>\n<meta property=\"og:title\" content=\"PEDRAS SALGADAS SPA &amp; NATURE PARK: Conforto e eleg\u00e2ncia em harmonia com a natureza - Mais Magazine\" \/>\n<meta property=\"og:description\" content=\"A Mais Magazine viajou at\u00e9 ao interior do pa\u00eds para conhecer o Pedras Salgadas Spa &amp; Nature Park, o destino onde a privacidade e o contacto com a natureza s\u00e3o uma garantia.\" \/>\n<meta property=\"og:url\" content=\"http:\/\/maismagazine.pt\/index.php\/2025\/03\/21\/pedras-salgadas-spa-nature-park-conforto-e-elegancia-em-harmonia-com-a-natureza\/\" \/>\n<meta property=\"og:site_name\" content=\"Mais Magazine\" \/>\n<meta property=\"article:published_time\" content=\"2025-03-21T07:00:00+00:00\" \/>\n<meta property=\"og:image\" content=\"http:\/\/maismagazine.pt\/wp-content\/uploads\/2025\/03\/2022_Fountain.jpg\" \/>\n\t<meta property=\"og:image:width\" content=\"936\" \/>\n\t<meta property=\"og:image:height\" content=\"624\" \/>\n\t<meta property=\"og:image:type\" content=\"image\/jpeg\" \/>\n<meta name=\"author\" content=\"Tiago Costa\" \/>\n<meta name=\"twitter:card\" content=\"summary_large_image\" \/>\n<meta name=\"twitter:label1\" content=\"Escrito por\" \/>\n\t<meta name=\"twitter:data1\" content=\"\" \/>\n\t<meta name=\"twitter:label2\" content=\"Tempo estimado de leitura\" \/>\n\t<meta name=\"twitter:data2\" content=\"4 minutos\" \/>\n<script type=\"application\/ld+json\" class=\"yoast-schema-graph\">{\"@context\":\"https:\/\/schema.org\",\"@graph\":[{\"@type\":\"Article\",\"@id\":\"http:\/\/maismagazine.pt\/index.php\/2025\/03\/21\/pedras-salgadas-spa-nature-park-conforto-e-elegancia-em-harmonia-com-a-natureza\/#article\",\"isPartOf\":{\"@id\":\"http:\/\/maismagazine.pt\/index.php\/2025\/03\/21\/pedras-salgadas-spa-nature-park-conforto-e-elegancia-em-harmonia-com-a-natureza\/\"},\"author\":{\"name\":\"Tiago Costa\",\"@id\":\"https:\/\/maismagazine.pt\/#\/schema\/person\/c6c5bfccc886434cbd11c74e035f9646\"},\"headline\":\"PEDRAS SALGADAS SPA &amp; NATURE PARK: Conforto e eleg\u00e2ncia em harmonia com a natureza\",\"datePublished\":\"2025-03-21T07:00:00+00:00\",\"mainEntityOfPage\":{\"@id\":\"http:\/\/maismagazine.pt\/index.php\/2025\/03\/21\/pedras-salgadas-spa-nature-park-conforto-e-elegancia-em-harmonia-com-a-natureza\/\"},\"wordCount\":559,\"publisher\":{\"@id\":\"https:\/\/maismagazine.pt\/#organization\"},\"image\":{\"@id\":\"http:\/\/maismagazine.pt\/index.php\/2025\/03\/21\/pedras-salgadas-spa-nature-park-conforto-e-elegancia-em-harmonia-com-a-natureza\/#primaryimage\"},\"thumbnailUrl\":\"http:\/\/maismagazine.pt\/wp-content\/uploads\/2025\/03\/2022_Fountain.jpg\",\"keywords\":[\"Pedras Salgadas spa &amp; nature park\"],\"articleSection\":[\"Sa\u00fade\"],\"inLanguage\":\"pt-PT\"},{\"@type\":\"WebPage\",\"@id\":\"http:\/\/maismagazine.pt\/index.php\/2025\/03\/21\/pedras-salgadas-spa-nature-park-conforto-e-elegancia-em-harmonia-com-a-natureza\/\",\"url\":\"http:\/\/maismagazine.pt\/index.php\/2025\/03\/21\/pedras-salgadas-spa-nature-park-conforto-e-elegancia-em-harmonia-com-a-natureza\/\",\"name\":\"PEDRAS SALGADAS SPA &amp; NATURE PARK: Conforto e eleg\u00e2ncia em harmonia com a natureza - Mais Magazine\",\"isPartOf\":{\"@id\":\"https:\/\/maismagazine.pt\/#website\"},\"primaryImageOfPage\":{\"@id\":\"http:\/\/maismagazine.pt\/index.php\/2025\/03\/21\/pedras-salgadas-spa-nature-park-conforto-e-elegancia-em-harmonia-com-a-natureza\/#primaryimage\"},\"image\":{\"@id\":\"http:\/\/maismagazine.pt\/index.php\/2025\/03\/21\/pedras-salgadas-spa-nature-park-conforto-e-elegancia-em-harmonia-com-a-natureza\/#primaryimage\"},\"thumbnailUrl\":\"http:\/\/maismagazine.pt\/wp-content\/uploads\/2025\/03\/2022_Fountain.jpg\",\"datePublished\":\"2025-03-21T07:00:00+00:00\",\"description\":\"A Mais Magazine viajou at\u00e9 ao interior do pa\u00eds para conhecer o Pedras Salgadas Spa & Nature Park, o destino onde a privacidade e o contacto com a natureza s\u00e3o uma garantia.\",\"breadcrumb\":{\"@id\":\"http:\/\/maismagazine.pt\/index.php\/2025\/03\/21\/pedras-salgadas-spa-nature-park-conforto-e-elegancia-em-harmonia-com-a-natureza\/#breadcrumb\"},\"inLanguage\":\"pt-PT\",\"potentialAction\":[{\"@type\":\"ReadAction\",\"target\":[\"http:\/\/maismagazine.pt\/index.php\/2025\/03\/21\/pedras-salgadas-spa-nature-park-conforto-e-elegancia-em-harmonia-com-a-natureza\/\"]}]},{\"@type\":\"ImageObject\",\"inLanguage\":\"pt-PT\",\"@id\":\"http:\/\/maismagazine.pt\/index.php\/2025\/03\/21\/pedras-salgadas-spa-nature-park-conforto-e-elegancia-em-harmonia-com-a-natureza\/#primaryimage\",\"url\":\"http:\/\/maismagazine.pt\/wp-content\/uploads\/2025\/03\/2022_Fountain.jpg\",\"contentUrl\":\"http:\/\/maismagazine.pt\/wp-content\/uploads\/2025\/03\/2022_Fountain.jpg\",\"width\":936,\"height\":624},{\"@type\":\"BreadcrumbList\",\"@id\":\"http:\/\/maismagazine.pt\/index.php\/2025\/03\/21\/pedras-salgadas-spa-nature-park-conforto-e-elegancia-em-harmonia-com-a-natureza\/#breadcrumb\",\"itemListElement\":[{\"@type\":\"ListItem\",\"position\":1,\"name\":\"Home\",\"item\":\"https:\/\/maismagazine.pt\/\"},{\"@type\":\"ListItem\",\"position\":2,\"name\":\"PEDRAS SALGADAS SPA &amp; NATURE PARK: Conforto e eleg\u00e2ncia em harmonia com a natureza\"}]},{\"@type\":\"WebSite\",\"@id\":\"https:\/\/maismagazine.pt\/#website\",\"url\":\"https:\/\/maismagazine.pt\/\",\"name\":\"Mais Magazine\",\"description\":\"\",\"publisher\":{\"@id\":\"https:\/\/maismagazine.pt\/#organization\"},\"potentialAction\":[{\"@type\":\"SearchAction\",\"target\":{\"@type\":\"EntryPoint\",\"urlTemplate\":\"https:\/\/maismagazine.pt\/?s={search_term_string}\"},\"query-input\":{\"@type\":\"PropertyValueSpecification\",\"valueRequired\":true,\"valueName\":\"search_term_string\"}}],\"inLanguage\":\"pt-PT\"},{\"@type\":\"Organization\",\"@id\":\"https:\/\/maismagazine.pt\/#organization\",\"name\":\"Mais Magazine\",\"url\":\"https:\/\/maismagazine.pt\/\",\"logo\":{\"@type\":\"ImageObject\",\"inLanguage\":\"pt-PT\",\"@id\":\"https:\/\/maismagazine.pt\/#\/schema\/logo\/image\/\",\"url\":\"http:\/\/maismagazine.pt\/wp-content\/uploads\/2020\/04\/cropped-cropped-mais-magazine-site-logo-2.png\",\"contentUrl\":\"http:\/\/maismagazine.pt\/wp-content\/uploads\/2020\/04\/cropped-cropped-mais-magazine-site-logo-2.png\",\"width\":581,\"height\":90,\"caption\":\"Mais Magazine\"},\"image\":{\"@id\":\"https:\/\/maismagazine.pt\/#\/schema\/logo\/image\/\"}},{\"@type\":\"Person\",\"@id\":\"https:\/\/maismagazine.pt\/#\/schema\/person\/c6c5bfccc886434cbd11c74e035f9646\",\"name\":\"Tiago Costa\",\"image\":{\"@type\":\"ImageObject\",\"inLanguage\":\"pt-PT\",\"@id\":\"https:\/\/maismagazine.pt\/#\/schema\/person\/image\/\",\"url\":\"https:\/\/secure.gravatar.com\/avatar\/c599b2bce16c9870429198cbad5ee022?s=96&d=mm&r=g\",\"contentUrl\":\"https:\/\/secure.gravatar.com\/avatar\/c599b2bce16c9870429198cbad5ee022?s=96&d=mm&r=g\",\"caption\":\"Tiago Costa\"},\"url\":\"http:\/\/maismagazine.pt\/index.php\/author\/tiago\/\"}]}<\/script>\n<!-- \/ Yoast SEO plugin. -->","yoast_head_json":{"title":"PEDRAS SALGADAS SPA &amp; NATURE PARK: Conforto e eleg\u00e2ncia em harmonia com a natureza - Mais Magazine","description":"A Mais Magazine viajou at\u00e9 ao interior do pa\u00eds para conhecer o Pedras Salgadas Spa & Nature Park, o destino onde a privacidade e o contacto com a natureza s\u00e3o uma garantia.","robots":{"index":"index","follow":"follow","max-snippet":"max-snippet:-1","max-image-preview":"max-image-preview:large","max-video-preview":"max-video-preview:-1"},"canonical":"http:\/\/maismagazine.pt\/index.php\/2025\/03\/21\/pedras-salgadas-spa-nature-park-conforto-e-elegancia-em-harmonia-com-a-natureza\/","og_locale":"pt_PT","og_type":"article","og_title":"PEDRAS SALGADAS SPA &amp; NATURE PARK: Conforto e eleg\u00e2ncia em harmonia com a natureza - Mais Magazine","og_description":"A Mais Magazine viajou at\u00e9 ao interior do pa\u00eds para conhecer o Pedras Salgadas Spa & Nature Park, o destino onde a privacidade e o contacto com a natureza s\u00e3o uma garantia.","og_url":"http:\/\/maismagazine.pt\/index.php\/2025\/03\/21\/pedras-salgadas-spa-nature-park-conforto-e-elegancia-em-harmonia-com-a-natureza\/","og_site_name":"Mais Magazine","article_published_time":"2025-03-21T07:00:00+00:00","og_image":[{"width":936,"height":624,"url":"http:\/\/maismagazine.pt\/wp-content\/uploads\/2025\/03\/2022_Fountain.jpg","type":"image\/jpeg"}],"author":"Tiago Costa","twitter_card":"summary_large_image","twitter_misc":{"Escrito por":false,"Tempo estimado de leitura":"4 minutos"},"schema":{"@context":"https:\/\/schema.org","@graph":[{"@type":"Article","@id":"http:\/\/maismagazine.pt\/index.php\/2025\/03\/21\/pedras-salgadas-spa-nature-park-conforto-e-elegancia-em-harmonia-com-a-natureza\/#article","isPartOf":{"@id":"http:\/\/maismagazine.pt\/index.php\/2025\/03\/21\/pedras-salgadas-spa-nature-park-conforto-e-elegancia-em-harmonia-com-a-natureza\/"},"author":{"name":"Tiago Costa","@id":"https:\/\/maismagazine.pt\/#\/schema\/person\/c6c5bfccc886434cbd11c74e035f9646"},"headline":"PEDRAS SALGADAS SPA &amp; NATURE PARK: Conforto e eleg\u00e2ncia em harmonia com a natureza","datePublished":"2025-03-21T07:00:00+00:00","mainEntityOfPage":{"@id":"http:\/\/maismagazine.pt\/index.php\/2025\/03\/21\/pedras-salgadas-spa-nature-park-conforto-e-elegancia-em-harmonia-com-a-natureza\/"},"wordCount":559,"publisher":{"@id":"https:\/\/maismagazine.pt\/#organization"},"image":{"@id":"http:\/\/maismagazine.pt\/index.php\/2025\/03\/21\/pedras-salgadas-spa-nature-park-conforto-e-elegancia-em-harmonia-com-a-natureza\/#primaryimage"},"thumbnailUrl":"http:\/\/maismagazine.pt\/wp-content\/uploads\/2025\/03\/2022_Fountain.jpg","keywords":["Pedras Salgadas spa &amp; nature park"],"articleSection":["Sa\u00fade"],"inLanguage":"pt-PT"},{"@type":"WebPage","@id":"http:\/\/maismagazine.pt\/index.php\/2025\/03\/21\/pedras-salgadas-spa-nature-park-conforto-e-elegancia-em-harmonia-com-a-natureza\/","url":"http:\/\/maismagazine.pt\/index.php\/2025\/03\/21\/pedras-salgadas-spa-nature-park-conforto-e-elegancia-em-harmonia-com-a-natureza\/","name":"PEDRAS SALGADAS SPA &amp; NATURE PARK: Conforto e eleg\u00e2ncia em harmonia com a natureza - Mais Magazine","isPartOf":{"@id":"https:\/\/maismagazine.pt\/#website"},"primaryImageOfPage":{"@id":"http:\/\/maismagazine.pt\/index.php\/2025\/03\/21\/pedras-salgadas-spa-nature-park-conforto-e-elegancia-em-harmonia-com-a-natureza\/#primaryimage"},"image":{"@id":"http:\/\/maismagazine.pt\/index.php\/2025\/03\/21\/pedras-salgadas-spa-nature-park-conforto-e-elegancia-em-harmonia-com-a-natureza\/#primaryimage"},"thumbnailUrl":"http:\/\/maismagazine.pt\/wp-content\/uploads\/2025\/03\/2022_Fountain.jpg","datePublished":"2025-03-21T07:00:00+00:00","description":"A Mais Magazine viajou at\u00e9 ao interior do pa\u00eds para conhecer o Pedras Salgadas Spa & Nature Park, o destino onde a privacidade e o contacto com a natureza s\u00e3o uma garantia.","breadcrumb":{"@id":"http:\/\/maismagazine.pt\/index.php\/2025\/03\/21\/pedras-salgadas-spa-nature-park-conforto-e-elegancia-em-harmonia-com-a-natureza\/#breadcrumb"},"inLanguage":"pt-PT","potentialAction":[{"@type":"ReadAction","target":["http:\/\/maismagazine.pt\/index.php\/2025\/03\/21\/pedras-salgadas-spa-nature-park-conforto-e-elegancia-em-harmonia-com-a-natureza\/"]}]},{"@type":"ImageObject","inLanguage":"pt-PT","@id":"http:\/\/maismagazine.pt\/index.php\/2025\/03\/21\/pedras-salgadas-spa-nature-park-conforto-e-elegancia-em-harmonia-com-a-natureza\/#primaryimage","url":"http:\/\/maismagazine.pt\/wp-content\/uploads\/2025\/03\/2022_Fountain.jpg","contentUrl":"http:\/\/maismagazine.pt\/wp-content\/uploads\/2025\/03\/2022_Fountain.jpg","width":936,"height":624},{"@type":"BreadcrumbList","@id":"http:\/\/maismagazine.pt\/index.php\/2025\/03\/21\/pedras-salgadas-spa-nature-park-conforto-e-elegancia-em-harmonia-com-a-natureza\/#breadcrumb","itemListElement":[{"@type":"ListItem","position":1,"name":"Home","item":"https:\/\/maismagazine.pt\/"},{"@type":"ListItem","position":2,"name":"PEDRAS SALGADAS SPA &amp; NATURE PARK: Conforto e eleg\u00e2ncia em harmonia com a natureza"}]},{"@type":"WebSite","@id":"https:\/\/maismagazine.pt\/#website","url":"https:\/\/maismagazine.pt\/","name":"Mais Magazine","description":"","publisher":{"@id":"https:\/\/maismagazine.pt\/#organization"},"potentialAction":[{"@type":"SearchAction","target":{"@type":"EntryPoint","urlTemplate":"https:\/\/maismagazine.pt\/?s={search_term_string}"},"query-input":{"@type":"PropertyValueSpecification","valueRequired":true,"valueName":"search_term_string"}}],"inLanguage":"pt-PT"},{"@type":"Organization","@id":"https:\/\/maismagazine.pt\/#organization","name":"Mais Magazine","url":"https:\/\/maismagazine.pt\/","logo":{"@type":"ImageObject","inLanguage":"pt-PT","@id":"https:\/\/maismagazine.pt\/#\/schema\/logo\/image\/","url":"http:\/\/maismagazine.pt\/wp-content\/uploads\/2020\/04\/cropped-cropped-mais-magazine-site-logo-2.png","contentUrl":"http:\/\/maismagazine.pt\/wp-content\/uploads\/2020\/04\/cropped-cropped-mais-magazine-site-logo-2.png","width":581,"height":90,"caption":"Mais Magazine"},"image":{"@id":"https:\/\/maismagazine.pt\/#\/schema\/logo\/image\/"}},{"@type":"Person","@id":"https:\/\/maismagazine.pt\/#\/schema\/person\/c6c5bfccc886434cbd11c74e035f9646","name":"Tiago Costa","image":{"@type":"ImageObject","inLanguage":"pt-PT","@id":"https:\/\/maismagazine.pt\/#\/schema\/person\/image\/","url":"https:\/\/secure.gravatar.com\/avatar\/c599b2bce16c9870429198cbad5ee022?s=96&d=mm&r=g","contentUrl":"https:\/\/secure.gravatar.com\/avatar\/c599b2bce16c9870429198cbad5ee022?s=96&d=mm&r=g","caption":"Tiago Costa"},"url":"http:\/\/maismagazine.pt\/index.php\/author\/tiago\/"}]}},"author_meta":{"display_name":false,"author_link":"http:\/\/maismagazine.pt\/index.php\/author\/tiago\/"},"featured_img":"http:\/\/maismagazine.pt\/wp-content\/uploads\/2025\/03\/2022_Fountain-300x200.jpg","coauthors":[],"tax_additional":{"categories":{"linked":["<a href=\"http:\/\/maismagazine.pt\/index.php\/category\/mundo-empresarial\/saude\/\" class=\"advgb-post-tax-term\">Sa\u00fade<\/a>"],"unlinked":["<span class=\"advgb-post-tax-term\">Sa\u00fade<\/span>"]},"tags":{"linked":["<a href=\"http:\/\/maismagazine.pt\/index.php\/category\/mundo-empresarial\/saude\/\" class=\"advgb-post-tax-term\">Pedras Salgadas spa &amp; nature park<\/a>"],"unlinked":["<span class=\"advgb-post-tax-term\">Pedras Salgadas spa &amp; nature park<\/span>"]}},"comment_count":"0","relative_dates":{"created":"Posted 1 ano ago","modified":"Updated 1 ano ago"},"absolute_dates":{"created":"Posted on 21 de Mar\u00e7o, 2025","modified":"Updated on 18 de Mar\u00e7o, 2025"},"absolute_dates_time":{"created":"Posted on 21 de Mar\u00e7o, 2025 7:00","modified":"Updated on 18 de Mar\u00e7o, 2025 15:47"},"featured_img_caption":"","series_order":"","_links":{"self":[{"href":"http:\/\/maismagazine.pt\/index.php\/wp-json\/wp\/v2\/posts\/11557","targetHints":{"allow":["GET"]}}],"collection":[{"href":"http:\/\/maismagazine.pt\/index.php\/wp-json\/wp\/v2\/posts"}],"about":[{"href":"http:\/\/maismagazine.pt\/index.php\/wp-json\/wp\/v2\/types\/post"}],"author":[{"embeddable":true,"href":"http:\/\/maismagazine.pt\/index.php\/wp-json\/wp\/v2\/users\/17"}],"replies":[{"embeddable":true,"href":"http:\/\/maismagazine.pt\/index.php\/wp-json\/wp\/v2\/comments?post=11557"}],"version-history":[{"count":1,"href":"http:\/\/maismagazine.pt\/index.php\/wp-json\/wp\/v2\/posts\/11557\/revisions"}],"predecessor-version":[{"id":11565,"href":"http:\/\/maismagazine.pt\/index.php\/wp-json\/wp\/v2\/posts\/11557\/revisions\/11565"}],"wp:featuredmedia":[{"embeddable":true,"href":"http:\/\/maismagazine.pt\/index.php\/wp-json\/wp\/v2\/media\/11564"}],"wp:attachment":[{"href":"http:\/\/maismagazine.pt\/index.php\/wp-json\/wp\/v2\/media?parent=11557"}],"wp:term":[{"taxonomy":"category","embeddable":true,"href":"http:\/\/maismagazine.pt\/index.php\/wp-json\/wp\/v2\/categories?post=11557"},{"taxonomy":"post_tag","embeddable":true,"href":"http:\/\/maismagazine.pt\/index.php\/wp-json\/wp\/v2\/tags?post=11557"}],"curies":[{"name":"wp","href":"https:\/\/api.w.org\/{rel}","templated":true}]}}