{"id":11282,"date":"2025-02-21T07:00:00","date_gmt":"2025-02-21T07:00:00","guid":{"rendered":"https:\/\/maismagazine.pt\/?p=11282"},"modified":"2025-02-18T16:14:33","modified_gmt":"2025-02-18T16:14:33","slug":"colegio-novo-da-maia-colegio-novo-de-gaia-dois-projetos-educativos-de-referencia-o-mesmo-adn","status":"publish","type":"post","link":"http:\/\/maismagazine.pt\/index.php\/2025\/02\/21\/colegio-novo-da-maia-colegio-novo-de-gaia-dois-projetos-educativos-de-referencia-o-mesmo-adn\/","title":{"rendered":"Col\u00e9gio Novo da Maia | Col\u00e9gio Novo de Gaia: Dois projetos educativos de refer\u00eancia, o mesmo ADN"},"content":{"rendered":"\n<p><strong>Para o <a href=\"http:\/\/www.colegionovodamaia.pt\">Col\u00e9gio Novo da Maia<\/a>, que est\u00e1 prestes a celebrar 25 anos, assim como para o rec\u00e9m-fundado <a href=\"http:\/\/www.colegionovodegaia.pt\">Col\u00e9gio Novo de Gaia<\/a>, cada dia \u00e9 uma oportunidade para construir um futuro melhor. A sua a\u00e7\u00e3o alicer\u00e7a-se na qualidade de vida de cada aluno, fam\u00edlia e agente educativo. Educar para o presente, mas com os olhos postos no futuro. <\/strong><\/p>\n\n\n\n<p><\/p>\n\n\n\n<p>No cora\u00e7\u00e3o de ambas as institui\u00e7\u00f5es est\u00e1 a promo\u00e7\u00e3o de valores, como a responsabilidade, a liberdade, a autonomia e a solidariedade. Concebemos um Col\u00e9gio transformador, antecipando futuros, rasgando horizontes. Adotamos uma forma de estar que reconhece e valoriza todos aqueles que fazem parte do Col\u00e9gio, de uma forma implicada, interventiva e solid\u00e1ria. Para que este contexto seja exequ\u00edvel, torna-se importante uma luz que norteie todo este processo. O nosso rumo \u00e9 claro e inequ\u00edvoco: Qualidade no Sucesso que permita, pela explora\u00e7\u00e3o de todas as nossas potencialidades, a constru\u00e7\u00e3o conjunta de um mundo melhor. <\/p>\n\n\n\n<p><\/p>\n\n\n\n<p><strong>Ideais e Compromissos<\/strong><\/p>\n\n\n\n<p>O Col\u00e9gio Novo de Gaia partilha a heran\u00e7a gen\u00e9tica da compet\u00eancia pedag\u00f3gica do Col\u00e9gio Novo da Maia, prosseguindo a sua vis\u00e3o na promo\u00e7\u00e3o de um ensino inovador, vision\u00e1rio e inclusivo, onde as crian\u00e7as, jovens, docentes e n\u00e3o docentes vivem numa verdadeira comunidade de aprendizagem, desenvolvem os seus talentos e s\u00e3o felizes. Nos dois Col\u00e9gios, mais do que uma escola, foram criados espa\u00e7os onde cada indiv\u00edduo pode projetar o seu percurso de vida. Pretende-se que cada aluno defina um compromisso claro consigo e com o mundo, desenvolvendo uma consci\u00eancia cr\u00edtica e tornando-se um cidad\u00e3o ativo, participativo, criativo e respons\u00e1vel. Este posicionamento assumido estrategicamente tem dado frutos, colocando o Col\u00e9gio Novo da Maia nos lugares cimeiros entre as mais prestigiadas institui\u00e7\u00f5es de ensino nacionais e internacionais. Pelas mais diversas entidades, tem recebido, com regularidade, o reconhecimento de um projeto educativo de excel\u00eancia, a que seguramente o Col\u00e9gio Novo de Gaia dar\u00e1 continuidade, de onde se evidencia:<\/p>\n\n\n\n<ul class=\"wp-block-list\">\n<li>1\u00ba lugar no ranking das escolas do Ensino B\u00e1sico 2023\/2024<\/li>\n\n\n\n<li>6\u00ba lugar no ranking das escolas do Ensino Secund\u00e1rio 2023\/2024<\/li>\n\n\n\n<li>85% dos alunos colocados nas primeiras 2 op\u00e7\u00f5es na 1\u00aa fase de acesso ao ensino superior<\/li>\n\n\n\n<li>Escola amiga da crian\u00e7a (+100 projetos distinguidos)<\/li>\n\n\n\n<li>Escola Saud\u00e1velMente (+5anos)<\/li>\n\n\n\n<li>Escola transformadora (Ashoka)<\/li>\n\n\n\n<li>Happy School (desde 2022\/2023)<\/li>\n<\/ul>\n\n\n\n<p><\/p>\n\n\n\n<p><strong>Uma oferta educativa completa, global e integrada<\/strong><\/p>\n\n\n\n<p>Desde a creche at\u00e9 ao ensino secund\u00e1rio, as diferentes val\u00eancias formativas funcionam de modo articulado, acompanhando a caminhada dos alunos ao longo do seu processo de crescimento, dos primeiros passos at\u00e9 \u00e0 sua prepara\u00e7\u00e3o para a entrada no ensino superior. <\/p>\n\n\n\n<p><\/p>\n\n\n\n<p><strong>Creche \/ Jardim de Inf\u00e2ncia<\/strong><\/p>\n\n\n\n<p>Assegurando o bem-estar, conforto e seguran\u00e7a das crian\u00e7as bem como o seu desenvolvimento hol\u00edstico, centramos a nossa a\u00e7\u00e3o pedag\u00f3gica na promo\u00e7\u00e3o de aprendizagens significativas, atrav\u00e9s de momentos l\u00fadicos e projetos, que potenciam experi\u00eancias diversificadas e enriquecedoras em diversos espa\u00e7os criados de acordo com os diferentes modelos curriculares. As atividades pedag\u00f3gicas contemplam os interesses e as necessidades das crian\u00e7as com base nas \u201cOrienta\u00e7\u00f5es curriculares para a educa\u00e7\u00e3o pr\u00e9-escolar\u201d, numa perspetiva l\u00fadica em que a crian\u00e7a participa como protagonista competente na constru\u00e7\u00e3o do seu conhecimento. <\/p>\n\n\n\n<p><\/p>\n\n\n<div class=\"wp-block-image\">\n<figure class=\"aligncenter size-large is-resized\"><img loading=\"lazy\" decoding=\"async\" width=\"1024\" height=\"533\" src=\"https:\/\/maismagazine.pt\/wp-content\/uploads\/2025\/02\/4-1024x533.jpeg\" alt=\"\" class=\"wp-image-11287\" style=\"width:453px;height:auto\" srcset=\"http:\/\/maismagazine.pt\/wp-content\/uploads\/2025\/02\/4-1024x533.jpeg 1024w, http:\/\/maismagazine.pt\/wp-content\/uploads\/2025\/02\/4-300x156.jpeg 300w, http:\/\/maismagazine.pt\/wp-content\/uploads\/2025\/02\/4-768x400.jpeg 768w, http:\/\/maismagazine.pt\/wp-content\/uploads\/2025\/02\/4-1536x800.jpeg 1536w, http:\/\/maismagazine.pt\/wp-content\/uploads\/2025\/02\/4-2048x1067.jpeg 2048w\" sizes=\"auto, (max-width: 1024px) 100vw, 1024px\" \/><\/figure><\/div>\n\n\n<p><\/p>\n\n\n\n<p><strong>Ensino B\u00e1sico<\/strong><\/p>\n\n\n\n<p>S\u00e3o operacionalizadas, de forma contextualizada, as Aprendizagens Essenciais, o Perfil dos Alunos \u00e0 Sa\u00edda da Escolaridade Obrigat\u00f3ria e a Estrat\u00e9gia Nacional de Educa\u00e7\u00e3o para a Cidadania do 1.\u00ba ao 9.\u00ba ano de escolaridade, com um curr\u00edculo enriquecido. Nestes n\u00edveis de ensino, os alunos s\u00e3o os sujeitos e principais atores do seu conhecimento adquirido, construindo aprendizagens significativas. Esta etapa de forma\u00e7\u00e3o dos alunos desenvolve-se de acordo com objetivos pedag\u00f3gicos negociados e assumidos por toda a equipa docente. <\/p>\n\n\n\n<p><\/p>\n\n\n\n<p><strong>Ensino Secund\u00e1rio<\/strong><\/p>\n\n\n\n<p>Numa linha de continuidade, o Ensino Secund\u00e1rio pretende atingir como objetivos primeiros: uma efetiva aquisi\u00e7\u00e3o de conhecimentos e compet\u00eancias; n\u00edveis de excel\u00eancia de sucesso escolar; um melhor desempenho acad\u00e9mico e o desenvolvimento das soft skills, sujeito ao princ\u00edpio maior do respeito pelos valores fundamentais e estruturantes da nossa sociedade e, tamb\u00e9m, o gosto por aprender ao longo de toda a vida com recurso \u00e0 criatividade e ao saber fidedigno. <\/p>\n\n\n\n<p><\/p>\n\n\n\n<p><strong>Projetos pr\u00f3prios onde a inova\u00e7\u00e3o faz a diferen\u00e7a<\/strong><\/p>\n\n\n\n<p>Cientes da import\u00e2ncia de bons ambientes de aprendizagem e de atividades extracurriculares motivadoras e estimulantes, os projetos do Col\u00e9gio Novo da Maia e de Gaia materializam esse prop\u00f3sito, disponibilizando aos alunos tempos e espa\u00e7os de colabora\u00e7\u00e3o, partilha e criatividade, sempre focados no seu enriquecimento multidisciplinar. <\/p>\n\n\n\n<p><\/p>\n\n\n\n<figure class=\"wp-block-gallery has-nested-images columns-default is-cropped wp-block-gallery-1 is-layout-flex wp-block-gallery-is-layout-flex\">\n<figure class=\"wp-block-image size-large\"><img loading=\"lazy\" decoding=\"async\" width=\"1024\" height=\"683\" data-id=\"11293\" src=\"https:\/\/maismagazine.pt\/wp-content\/uploads\/2025\/02\/2-1024x683.jpg\" alt=\"\" class=\"wp-image-11293\" srcset=\"http:\/\/maismagazine.pt\/wp-content\/uploads\/2025\/02\/2-1024x683.jpg 1024w, http:\/\/maismagazine.pt\/wp-content\/uploads\/2025\/02\/2-300x200.jpg 300w, http:\/\/maismagazine.pt\/wp-content\/uploads\/2025\/02\/2-768x512.jpg 768w, http:\/\/maismagazine.pt\/wp-content\/uploads\/2025\/02\/2-1536x1024.jpg 1536w, http:\/\/maismagazine.pt\/wp-content\/uploads\/2025\/02\/2-150x100.jpg 150w, http:\/\/maismagazine.pt\/wp-content\/uploads\/2025\/02\/2.jpg 1800w\" sizes=\"auto, (max-width: 1024px) 100vw, 1024px\" \/><\/figure>\n\n\n\n<figure class=\"wp-block-image size-large\"><img loading=\"lazy\" decoding=\"async\" width=\"1024\" height=\"768\" data-id=\"11292\" src=\"https:\/\/maismagazine.pt\/wp-content\/uploads\/2025\/02\/3-1024x768.jpeg\" alt=\"\" class=\"wp-image-11292\" srcset=\"http:\/\/maismagazine.pt\/wp-content\/uploads\/2025\/02\/3-1024x768.jpeg 1024w, http:\/\/maismagazine.pt\/wp-content\/uploads\/2025\/02\/3-300x225.jpeg 300w, http:\/\/maismagazine.pt\/wp-content\/uploads\/2025\/02\/3-768x576.jpeg 768w, http:\/\/maismagazine.pt\/wp-content\/uploads\/2025\/02\/3-1536x1152.jpeg 1536w, http:\/\/maismagazine.pt\/wp-content\/uploads\/2025\/02\/3.jpeg 2048w\" sizes=\"auto, (max-width: 1024px) 100vw, 1024px\" \/><\/figure>\n<\/figure>\n\n\n\n<p><\/p>\n\n\n\n<p><\/p>\n\n\n\n<p><strong>Projeto A+<\/strong><\/p>\n\n\n\n<p>Um espa\u00e7o de uma cultura nova onde se afirma a interdisciplinaridade, implicando o trabalho de conte\u00fados espec\u00edficos e compet\u00eancias transversais, em que os alunos aprendam pela descoberta e desenvolvam compet\u00eancias basilares, sustentadas num processo integral e integrado de aprendizagem ao servi\u00e7o do perfil do Perfil do Aluno \u00e0 Sa\u00edda da Escolaridade Obrigat\u00f3ria, n\u00e3o descurando, tamb\u00e9m, os referenciais da Estrat\u00e9gia Nacional da Educa\u00e7\u00e3o para a Cidadania e das Aprendizagens Essenciais. <\/p>\n\n\n\n<p><\/p>\n\n\n\n<p><strong>Projeto BU+<\/strong><\/p>\n\n\n\n<p>Uma perspetiva multidimensional da rela\u00e7\u00e3o do aluno com o mundo num desenvolvimento hol\u00edstico que contribui, de uma forma positiva e impactante, para uma maior clarifica\u00e7\u00e3o na forma\u00e7\u00e3o dos alunos, fortalecendo a sua identidade pessoal, social e acad\u00e9mica. Com programas inovadores e pr\u00e1ticas de mindfulness, este projeto estimula compet\u00eancias socioemocionais essenciais, promovendo o bem-estar, a resili\u00eancia e o crescimento emocional dos estudantes. <\/p>\n\n\n\n<p><\/p>\n\n\n\n<p><strong>CNM\/CNG Academy<\/strong><\/p>\n\n\n\n<p>Atividades extracurriculares agregadas e entendidas como mais uma componente da vida dos Col\u00e9gios que refor\u00e7am a qualidade da sua proposta educativa. T\u00eam como principais inten\u00e7\u00f5es pedag\u00f3gicas consolidar a din\u00e2mica e a qualidade dos tempos de perman\u00eancia dos alunos nos Col\u00e9gios e o desenvolvimento e a aquisi\u00e7\u00e3o de compet\u00eancias intelectuais, cognitivas, f\u00edsicas e sociais.<\/p>\n\n\n\n<p><\/p>\n\n\n<div class=\"wp-block-image\">\n<figure class=\"aligncenter size-full is-resized\"><img loading=\"lazy\" decoding=\"async\" width=\"676\" height=\"412\" src=\"https:\/\/maismagazine.pt\/wp-content\/uploads\/2025\/02\/image-8.png\" alt=\"\" class=\"wp-image-11297\" style=\"width:436px;height:auto\" srcset=\"http:\/\/maismagazine.pt\/wp-content\/uploads\/2025\/02\/image-8.png 676w, http:\/\/maismagazine.pt\/wp-content\/uploads\/2025\/02\/image-8-300x183.png 300w\" sizes=\"auto, (max-width: 676px) 100vw, 676px\" \/><\/figure><\/div>","protected":false},"excerpt":{"rendered":"<p>Para o Col\u00e9gio Novo da Maia, que est\u00e1 prestes a celebrar 25 anos, assim como para o rec\u00e9m-fundado Col\u00e9gio Novo de Gaia, cada dia \u00e9 uma oportunidade para construir um futuro melhor. A sua a\u00e7\u00e3o alicer\u00e7a-se na qualidade de vida de cada aluno, fam\u00edlia e agente educativo. Educar para o&hellip;<\/p>\n","protected":false},"author":17,"featured_media":11298,"comment_status":"closed","ping_status":"open","sticky":false,"template":"","format":"standard","meta":{"advgb_blocks_editor_width":"","advgb_blocks_columns_visual_guide":"","_monsterinsights_skip_tracking":false,"_monsterinsights_sitenote_active":false,"_monsterinsights_sitenote_note":"","_monsterinsights_sitenote_category":0,"footnotes":""},"categories":[149],"tags":[1327],"class_list":["post-11282","post","type-post","status-publish","format-standard","has-post-thumbnail","hentry","category-educacao","tag-colegio-novo-da-maia"],"yoast_head":"<!-- This site is optimized with the Yoast SEO plugin v24.4 - https:\/\/yoast.com\/wordpress\/plugins\/seo\/ -->\n<title>Col\u00e9gio Novo da Maia | Col\u00e9gio Novo de Gaia: Dois projetos educativos de refer\u00eancia, o mesmo ADN - Mais Magazine<\/title>\n<meta name=\"description\" content=\"Para o Col\u00e9gio Novo da Maia, que est\u00e1 prestes a celebrar 25 anos, assim como para o rec\u00e9m-fundado Col\u00e9gio Novo de Gaia, cada dia \u00e9 uma oportunidade para construir um futuro melhor. A sua a\u00e7\u00e3o alicer\u00e7a-se na qualidade de vida de cada aluno, fam\u00edlia e agente educativo. Educar para o presente, mas com os olhos postos no futuro.\" \/>\n<meta name=\"robots\" content=\"index, follow, max-snippet:-1, max-image-preview:large, max-video-preview:-1\" \/>\n<link rel=\"canonical\" href=\"https:\/\/maismagazine.pt\/index.php\/2025\/02\/21\/colegio-novo-da-maia-colegio-novo-de-gaia-dois-projetos-educativos-de-referencia-o-mesmo-adn\/\" \/>\n<meta property=\"og:locale\" content=\"pt_PT\" \/>\n<meta property=\"og:type\" content=\"article\" \/>\n<meta property=\"og:title\" content=\"Col\u00e9gio Novo da Maia | Col\u00e9gio Novo de Gaia: Dois projetos educativos de refer\u00eancia, o mesmo ADN - Mais Magazine\" \/>\n<meta property=\"og:description\" content=\"Para o Col\u00e9gio Novo da Maia, que est\u00e1 prestes a celebrar 25 anos, assim como para o rec\u00e9m-fundado Col\u00e9gio Novo de Gaia, cada dia \u00e9 uma oportunidade para construir um futuro melhor. A sua a\u00e7\u00e3o alicer\u00e7a-se na qualidade de vida de cada aluno, fam\u00edlia e agente educativo. Educar para o presente, mas com os olhos postos no futuro.\" \/>\n<meta property=\"og:url\" content=\"https:\/\/maismagazine.pt\/index.php\/2025\/02\/21\/colegio-novo-da-maia-colegio-novo-de-gaia-dois-projetos-educativos-de-referencia-o-mesmo-adn\/\" \/>\n<meta property=\"og:site_name\" content=\"Mais Magazine\" \/>\n<meta property=\"article:published_time\" content=\"2025-02-21T07:00:00+00:00\" \/>\n<meta property=\"og:image\" content=\"https:\/\/maismagazine.pt\/wp-content\/uploads\/2025\/02\/Captura-de-ecra-2025-02-18-161331.png\" \/>\n\t<meta property=\"og:image:width\" content=\"1159\" \/>\n\t<meta property=\"og:image:height\" content=\"540\" \/>\n\t<meta property=\"og:image:type\" content=\"image\/png\" \/>\n<meta name=\"author\" content=\"Tiago Costa\" \/>\n<meta name=\"twitter:card\" content=\"summary_large_image\" \/>\n<meta name=\"twitter:label1\" content=\"Escrito por\" \/>\n\t<meta name=\"twitter:data1\" content=\"\" \/>\n\t<meta name=\"twitter:label2\" content=\"Tempo estimado de leitura\" \/>\n\t<meta name=\"twitter:data2\" content=\"6 minutos\" \/>\n<script type=\"application\/ld+json\" class=\"yoast-schema-graph\">{\"@context\":\"https:\/\/schema.org\",\"@graph\":[{\"@type\":\"Article\",\"@id\":\"https:\/\/maismagazine.pt\/index.php\/2025\/02\/21\/colegio-novo-da-maia-colegio-novo-de-gaia-dois-projetos-educativos-de-referencia-o-mesmo-adn\/#article\",\"isPartOf\":{\"@id\":\"https:\/\/maismagazine.pt\/index.php\/2025\/02\/21\/colegio-novo-da-maia-colegio-novo-de-gaia-dois-projetos-educativos-de-referencia-o-mesmo-adn\/\"},\"author\":{\"name\":\"Tiago Costa\",\"@id\":\"http:\/\/maismagazine.pt\/#\/schema\/person\/c6c5bfccc886434cbd11c74e035f9646\"},\"headline\":\"Col\u00e9gio Novo da Maia | Col\u00e9gio Novo de Gaia: Dois projetos educativos de refer\u00eancia, o mesmo ADN\",\"datePublished\":\"2025-02-21T07:00:00+00:00\",\"mainEntityOfPage\":{\"@id\":\"https:\/\/maismagazine.pt\/index.php\/2025\/02\/21\/colegio-novo-da-maia-colegio-novo-de-gaia-dois-projetos-educativos-de-referencia-o-mesmo-adn\/\"},\"wordCount\":1013,\"publisher\":{\"@id\":\"http:\/\/maismagazine.pt\/#organization\"},\"image\":{\"@id\":\"https:\/\/maismagazine.pt\/index.php\/2025\/02\/21\/colegio-novo-da-maia-colegio-novo-de-gaia-dois-projetos-educativos-de-referencia-o-mesmo-adn\/#primaryimage\"},\"thumbnailUrl\":\"http:\/\/maismagazine.pt\/wp-content\/uploads\/2025\/02\/Captura-de-ecra-2025-02-18-161331.png\",\"keywords\":[\"Col\u00e9gio Novo da Maia\"],\"articleSection\":[\"Educa\u00e7\u00e3o\"],\"inLanguage\":\"pt-PT\"},{\"@type\":\"WebPage\",\"@id\":\"https:\/\/maismagazine.pt\/index.php\/2025\/02\/21\/colegio-novo-da-maia-colegio-novo-de-gaia-dois-projetos-educativos-de-referencia-o-mesmo-adn\/\",\"url\":\"https:\/\/maismagazine.pt\/index.php\/2025\/02\/21\/colegio-novo-da-maia-colegio-novo-de-gaia-dois-projetos-educativos-de-referencia-o-mesmo-adn\/\",\"name\":\"Col\u00e9gio Novo da Maia | Col\u00e9gio Novo de Gaia: Dois projetos educativos de refer\u00eancia, o mesmo ADN - Mais Magazine\",\"isPartOf\":{\"@id\":\"http:\/\/maismagazine.pt\/#website\"},\"primaryImageOfPage\":{\"@id\":\"https:\/\/maismagazine.pt\/index.php\/2025\/02\/21\/colegio-novo-da-maia-colegio-novo-de-gaia-dois-projetos-educativos-de-referencia-o-mesmo-adn\/#primaryimage\"},\"image\":{\"@id\":\"https:\/\/maismagazine.pt\/index.php\/2025\/02\/21\/colegio-novo-da-maia-colegio-novo-de-gaia-dois-projetos-educativos-de-referencia-o-mesmo-adn\/#primaryimage\"},\"thumbnailUrl\":\"http:\/\/maismagazine.pt\/wp-content\/uploads\/2025\/02\/Captura-de-ecra-2025-02-18-161331.png\",\"datePublished\":\"2025-02-21T07:00:00+00:00\",\"description\":\"Para o Col\u00e9gio Novo da Maia, que est\u00e1 prestes a celebrar 25 anos, assim como para o rec\u00e9m-fundado Col\u00e9gio Novo de Gaia, cada dia \u00e9 uma oportunidade para construir um futuro melhor. A sua a\u00e7\u00e3o alicer\u00e7a-se na qualidade de vida de cada aluno, fam\u00edlia e agente educativo. Educar para o presente, mas com os olhos postos no futuro.\",\"breadcrumb\":{\"@id\":\"https:\/\/maismagazine.pt\/index.php\/2025\/02\/21\/colegio-novo-da-maia-colegio-novo-de-gaia-dois-projetos-educativos-de-referencia-o-mesmo-adn\/#breadcrumb\"},\"inLanguage\":\"pt-PT\",\"potentialAction\":[{\"@type\":\"ReadAction\",\"target\":[\"https:\/\/maismagazine.pt\/index.php\/2025\/02\/21\/colegio-novo-da-maia-colegio-novo-de-gaia-dois-projetos-educativos-de-referencia-o-mesmo-adn\/\"]}]},{\"@type\":\"ImageObject\",\"inLanguage\":\"pt-PT\",\"@id\":\"https:\/\/maismagazine.pt\/index.php\/2025\/02\/21\/colegio-novo-da-maia-colegio-novo-de-gaia-dois-projetos-educativos-de-referencia-o-mesmo-adn\/#primaryimage\",\"url\":\"http:\/\/maismagazine.pt\/wp-content\/uploads\/2025\/02\/Captura-de-ecra-2025-02-18-161331.png\",\"contentUrl\":\"http:\/\/maismagazine.pt\/wp-content\/uploads\/2025\/02\/Captura-de-ecra-2025-02-18-161331.png\",\"width\":1159,\"height\":540},{\"@type\":\"BreadcrumbList\",\"@id\":\"https:\/\/maismagazine.pt\/index.php\/2025\/02\/21\/colegio-novo-da-maia-colegio-novo-de-gaia-dois-projetos-educativos-de-referencia-o-mesmo-adn\/#breadcrumb\",\"itemListElement\":[{\"@type\":\"ListItem\",\"position\":1,\"name\":\"Home\",\"item\":\"http:\/\/maismagazine.pt\/\"},{\"@type\":\"ListItem\",\"position\":2,\"name\":\"Col\u00e9gio Novo da Maia | Col\u00e9gio Novo de Gaia: Dois projetos educativos de refer\u00eancia, o mesmo ADN\"}]},{\"@type\":\"WebSite\",\"@id\":\"http:\/\/maismagazine.pt\/#website\",\"url\":\"http:\/\/maismagazine.pt\/\",\"name\":\"Mais Magazine\",\"description\":\"\",\"publisher\":{\"@id\":\"http:\/\/maismagazine.pt\/#organization\"},\"potentialAction\":[{\"@type\":\"SearchAction\",\"target\":{\"@type\":\"EntryPoint\",\"urlTemplate\":\"http:\/\/maismagazine.pt\/?s={search_term_string}\"},\"query-input\":{\"@type\":\"PropertyValueSpecification\",\"valueRequired\":true,\"valueName\":\"search_term_string\"}}],\"inLanguage\":\"pt-PT\"},{\"@type\":\"Organization\",\"@id\":\"http:\/\/maismagazine.pt\/#organization\",\"name\":\"Mais Magazine\",\"url\":\"http:\/\/maismagazine.pt\/\",\"logo\":{\"@type\":\"ImageObject\",\"inLanguage\":\"pt-PT\",\"@id\":\"http:\/\/maismagazine.pt\/#\/schema\/logo\/image\/\",\"url\":\"http:\/\/maismagazine.pt\/wp-content\/uploads\/2020\/04\/cropped-cropped-mais-magazine-site-logo-2.png\",\"contentUrl\":\"http:\/\/maismagazine.pt\/wp-content\/uploads\/2020\/04\/cropped-cropped-mais-magazine-site-logo-2.png\",\"width\":581,\"height\":90,\"caption\":\"Mais Magazine\"},\"image\":{\"@id\":\"http:\/\/maismagazine.pt\/#\/schema\/logo\/image\/\"}},{\"@type\":\"Person\",\"@id\":\"http:\/\/maismagazine.pt\/#\/schema\/person\/c6c5bfccc886434cbd11c74e035f9646\",\"name\":\"Tiago Costa\",\"image\":{\"@type\":\"ImageObject\",\"inLanguage\":\"pt-PT\",\"@id\":\"http:\/\/maismagazine.pt\/#\/schema\/person\/image\/\",\"url\":\"https:\/\/secure.gravatar.com\/avatar\/c599b2bce16c9870429198cbad5ee022?s=96&d=mm&r=g\",\"contentUrl\":\"https:\/\/secure.gravatar.com\/avatar\/c599b2bce16c9870429198cbad5ee022?s=96&d=mm&r=g\",\"caption\":\"Tiago Costa\"},\"url\":\"http:\/\/maismagazine.pt\/index.php\/author\/tiago\/\"}]}<\/script>\n<!-- \/ Yoast SEO plugin. -->","yoast_head_json":{"title":"Col\u00e9gio Novo da Maia | Col\u00e9gio Novo de Gaia: Dois projetos educativos de refer\u00eancia, o mesmo ADN - Mais Magazine","description":"Para o Col\u00e9gio Novo da Maia, que est\u00e1 prestes a celebrar 25 anos, assim como para o rec\u00e9m-fundado Col\u00e9gio Novo de Gaia, cada dia \u00e9 uma oportunidade para construir um futuro melhor. A sua a\u00e7\u00e3o alicer\u00e7a-se na qualidade de vida de cada aluno, fam\u00edlia e agente educativo. Educar para o presente, mas com os olhos postos no futuro.","robots":{"index":"index","follow":"follow","max-snippet":"max-snippet:-1","max-image-preview":"max-image-preview:large","max-video-preview":"max-video-preview:-1"},"canonical":"https:\/\/maismagazine.pt\/index.php\/2025\/02\/21\/colegio-novo-da-maia-colegio-novo-de-gaia-dois-projetos-educativos-de-referencia-o-mesmo-adn\/","og_locale":"pt_PT","og_type":"article","og_title":"Col\u00e9gio Novo da Maia | Col\u00e9gio Novo de Gaia: Dois projetos educativos de refer\u00eancia, o mesmo ADN - Mais Magazine","og_description":"Para o Col\u00e9gio Novo da Maia, que est\u00e1 prestes a celebrar 25 anos, assim como para o rec\u00e9m-fundado Col\u00e9gio Novo de Gaia, cada dia \u00e9 uma oportunidade para construir um futuro melhor. A sua a\u00e7\u00e3o alicer\u00e7a-se na qualidade de vida de cada aluno, fam\u00edlia e agente educativo. Educar para o presente, mas com os olhos postos no futuro.","og_url":"https:\/\/maismagazine.pt\/index.php\/2025\/02\/21\/colegio-novo-da-maia-colegio-novo-de-gaia-dois-projetos-educativos-de-referencia-o-mesmo-adn\/","og_site_name":"Mais Magazine","article_published_time":"2025-02-21T07:00:00+00:00","og_image":[{"width":1159,"height":540,"url":"https:\/\/maismagazine.pt\/wp-content\/uploads\/2025\/02\/Captura-de-ecra-2025-02-18-161331.png","type":"image\/png"}],"author":"Tiago Costa","twitter_card":"summary_large_image","twitter_misc":{"Escrito por":false,"Tempo estimado de leitura":"6 minutos"},"schema":{"@context":"https:\/\/schema.org","@graph":[{"@type":"Article","@id":"https:\/\/maismagazine.pt\/index.php\/2025\/02\/21\/colegio-novo-da-maia-colegio-novo-de-gaia-dois-projetos-educativos-de-referencia-o-mesmo-adn\/#article","isPartOf":{"@id":"https:\/\/maismagazine.pt\/index.php\/2025\/02\/21\/colegio-novo-da-maia-colegio-novo-de-gaia-dois-projetos-educativos-de-referencia-o-mesmo-adn\/"},"author":{"name":"Tiago Costa","@id":"http:\/\/maismagazine.pt\/#\/schema\/person\/c6c5bfccc886434cbd11c74e035f9646"},"headline":"Col\u00e9gio Novo da Maia | Col\u00e9gio Novo de Gaia: Dois projetos educativos de refer\u00eancia, o mesmo ADN","datePublished":"2025-02-21T07:00:00+00:00","mainEntityOfPage":{"@id":"https:\/\/maismagazine.pt\/index.php\/2025\/02\/21\/colegio-novo-da-maia-colegio-novo-de-gaia-dois-projetos-educativos-de-referencia-o-mesmo-adn\/"},"wordCount":1013,"publisher":{"@id":"http:\/\/maismagazine.pt\/#organization"},"image":{"@id":"https:\/\/maismagazine.pt\/index.php\/2025\/02\/21\/colegio-novo-da-maia-colegio-novo-de-gaia-dois-projetos-educativos-de-referencia-o-mesmo-adn\/#primaryimage"},"thumbnailUrl":"http:\/\/maismagazine.pt\/wp-content\/uploads\/2025\/02\/Captura-de-ecra-2025-02-18-161331.png","keywords":["Col\u00e9gio Novo da Maia"],"articleSection":["Educa\u00e7\u00e3o"],"inLanguage":"pt-PT"},{"@type":"WebPage","@id":"https:\/\/maismagazine.pt\/index.php\/2025\/02\/21\/colegio-novo-da-maia-colegio-novo-de-gaia-dois-projetos-educativos-de-referencia-o-mesmo-adn\/","url":"https:\/\/maismagazine.pt\/index.php\/2025\/02\/21\/colegio-novo-da-maia-colegio-novo-de-gaia-dois-projetos-educativos-de-referencia-o-mesmo-adn\/","name":"Col\u00e9gio Novo da Maia | Col\u00e9gio Novo de Gaia: Dois projetos educativos de refer\u00eancia, o mesmo ADN - Mais Magazine","isPartOf":{"@id":"http:\/\/maismagazine.pt\/#website"},"primaryImageOfPage":{"@id":"https:\/\/maismagazine.pt\/index.php\/2025\/02\/21\/colegio-novo-da-maia-colegio-novo-de-gaia-dois-projetos-educativos-de-referencia-o-mesmo-adn\/#primaryimage"},"image":{"@id":"https:\/\/maismagazine.pt\/index.php\/2025\/02\/21\/colegio-novo-da-maia-colegio-novo-de-gaia-dois-projetos-educativos-de-referencia-o-mesmo-adn\/#primaryimage"},"thumbnailUrl":"http:\/\/maismagazine.pt\/wp-content\/uploads\/2025\/02\/Captura-de-ecra-2025-02-18-161331.png","datePublished":"2025-02-21T07:00:00+00:00","description":"Para o Col\u00e9gio Novo da Maia, que est\u00e1 prestes a celebrar 25 anos, assim como para o rec\u00e9m-fundado Col\u00e9gio Novo de Gaia, cada dia \u00e9 uma oportunidade para construir um futuro melhor. A sua a\u00e7\u00e3o alicer\u00e7a-se na qualidade de vida de cada aluno, fam\u00edlia e agente educativo. Educar para o presente, mas com os olhos postos no futuro.","breadcrumb":{"@id":"https:\/\/maismagazine.pt\/index.php\/2025\/02\/21\/colegio-novo-da-maia-colegio-novo-de-gaia-dois-projetos-educativos-de-referencia-o-mesmo-adn\/#breadcrumb"},"inLanguage":"pt-PT","potentialAction":[{"@type":"ReadAction","target":["https:\/\/maismagazine.pt\/index.php\/2025\/02\/21\/colegio-novo-da-maia-colegio-novo-de-gaia-dois-projetos-educativos-de-referencia-o-mesmo-adn\/"]}]},{"@type":"ImageObject","inLanguage":"pt-PT","@id":"https:\/\/maismagazine.pt\/index.php\/2025\/02\/21\/colegio-novo-da-maia-colegio-novo-de-gaia-dois-projetos-educativos-de-referencia-o-mesmo-adn\/#primaryimage","url":"http:\/\/maismagazine.pt\/wp-content\/uploads\/2025\/02\/Captura-de-ecra-2025-02-18-161331.png","contentUrl":"http:\/\/maismagazine.pt\/wp-content\/uploads\/2025\/02\/Captura-de-ecra-2025-02-18-161331.png","width":1159,"height":540},{"@type":"BreadcrumbList","@id":"https:\/\/maismagazine.pt\/index.php\/2025\/02\/21\/colegio-novo-da-maia-colegio-novo-de-gaia-dois-projetos-educativos-de-referencia-o-mesmo-adn\/#breadcrumb","itemListElement":[{"@type":"ListItem","position":1,"name":"Home","item":"http:\/\/maismagazine.pt\/"},{"@type":"ListItem","position":2,"name":"Col\u00e9gio Novo da Maia | Col\u00e9gio Novo de Gaia: Dois projetos educativos de refer\u00eancia, o mesmo ADN"}]},{"@type":"WebSite","@id":"http:\/\/maismagazine.pt\/#website","url":"http:\/\/maismagazine.pt\/","name":"Mais Magazine","description":"","publisher":{"@id":"http:\/\/maismagazine.pt\/#organization"},"potentialAction":[{"@type":"SearchAction","target":{"@type":"EntryPoint","urlTemplate":"http:\/\/maismagazine.pt\/?s={search_term_string}"},"query-input":{"@type":"PropertyValueSpecification","valueRequired":true,"valueName":"search_term_string"}}],"inLanguage":"pt-PT"},{"@type":"Organization","@id":"http:\/\/maismagazine.pt\/#organization","name":"Mais Magazine","url":"http:\/\/maismagazine.pt\/","logo":{"@type":"ImageObject","inLanguage":"pt-PT","@id":"http:\/\/maismagazine.pt\/#\/schema\/logo\/image\/","url":"http:\/\/maismagazine.pt\/wp-content\/uploads\/2020\/04\/cropped-cropped-mais-magazine-site-logo-2.png","contentUrl":"http:\/\/maismagazine.pt\/wp-content\/uploads\/2020\/04\/cropped-cropped-mais-magazine-site-logo-2.png","width":581,"height":90,"caption":"Mais Magazine"},"image":{"@id":"http:\/\/maismagazine.pt\/#\/schema\/logo\/image\/"}},{"@type":"Person","@id":"http:\/\/maismagazine.pt\/#\/schema\/person\/c6c5bfccc886434cbd11c74e035f9646","name":"Tiago Costa","image":{"@type":"ImageObject","inLanguage":"pt-PT","@id":"http:\/\/maismagazine.pt\/#\/schema\/person\/image\/","url":"https:\/\/secure.gravatar.com\/avatar\/c599b2bce16c9870429198cbad5ee022?s=96&d=mm&r=g","contentUrl":"https:\/\/secure.gravatar.com\/avatar\/c599b2bce16c9870429198cbad5ee022?s=96&d=mm&r=g","caption":"Tiago Costa"},"url":"http:\/\/maismagazine.pt\/index.php\/author\/tiago\/"}]}},"author_meta":{"display_name":false,"author_link":"http:\/\/maismagazine.pt\/index.php\/author\/tiago\/"},"featured_img":"http:\/\/maismagazine.pt\/wp-content\/uploads\/2025\/02\/Captura-de-ecra-2025-02-18-161331-300x140.png","coauthors":[],"tax_additional":{"categories":{"linked":["<a href=\"http:\/\/maismagazine.pt\/index.php\/category\/educacao\/\" class=\"advgb-post-tax-term\">Educa\u00e7\u00e3o<\/a>"],"unlinked":["<span class=\"advgb-post-tax-term\">Educa\u00e7\u00e3o<\/span>"]},"tags":{"linked":["<a href=\"http:\/\/maismagazine.pt\/index.php\/category\/educacao\/\" class=\"advgb-post-tax-term\">Col\u00e9gio Novo da Maia<\/a>"],"unlinked":["<span class=\"advgb-post-tax-term\">Col\u00e9gio Novo da Maia<\/span>"]}},"comment_count":"0","relative_dates":{"created":"Posted 1 ano ago","modified":"Updated 1 ano ago"},"absolute_dates":{"created":"Posted on 21 de Fevereiro, 2025","modified":"Updated on 18 de Fevereiro, 2025"},"absolute_dates_time":{"created":"Posted on 21 de Fevereiro, 2025 7:00","modified":"Updated on 18 de Fevereiro, 2025 16:14"},"featured_img_caption":"","series_order":"","_links":{"self":[{"href":"http:\/\/maismagazine.pt\/index.php\/wp-json\/wp\/v2\/posts\/11282","targetHints":{"allow":["GET"]}}],"collection":[{"href":"http:\/\/maismagazine.pt\/index.php\/wp-json\/wp\/v2\/posts"}],"about":[{"href":"http:\/\/maismagazine.pt\/index.php\/wp-json\/wp\/v2\/types\/post"}],"author":[{"embeddable":true,"href":"http:\/\/maismagazine.pt\/index.php\/wp-json\/wp\/v2\/users\/17"}],"replies":[{"embeddable":true,"href":"http:\/\/maismagazine.pt\/index.php\/wp-json\/wp\/v2\/comments?post=11282"}],"version-history":[{"count":2,"href":"http:\/\/maismagazine.pt\/index.php\/wp-json\/wp\/v2\/posts\/11282\/revisions"}],"predecessor-version":[{"id":11300,"href":"http:\/\/maismagazine.pt\/index.php\/wp-json\/wp\/v2\/posts\/11282\/revisions\/11300"}],"wp:featuredmedia":[{"embeddable":true,"href":"http:\/\/maismagazine.pt\/index.php\/wp-json\/wp\/v2\/media\/11298"}],"wp:attachment":[{"href":"http:\/\/maismagazine.pt\/index.php\/wp-json\/wp\/v2\/media?parent=11282"}],"wp:term":[{"taxonomy":"category","embeddable":true,"href":"http:\/\/maismagazine.pt\/index.php\/wp-json\/wp\/v2\/categories?post=11282"},{"taxonomy":"post_tag","embeddable":true,"href":"http:\/\/maismagazine.pt\/index.php\/wp-json\/wp\/v2\/tags?post=11282"}],"curies":[{"name":"wp","href":"https:\/\/api.w.org\/{rel}","templated":true}]}}