{"id":11281,"date":"2025-02-21T07:00:00","date_gmt":"2025-02-21T07:00:00","guid":{"rendered":"https:\/\/maismagazine.pt\/?p=11281"},"modified":"2025-02-18T16:11:26","modified_gmt":"2025-02-18T16:11:26","slug":"politecnico-de-leiria-a-universidade-para-a-regiao-de-leiria-e-oeste-2","status":"publish","type":"post","link":"http:\/\/maismagazine.pt\/index.php\/2025\/02\/21\/politecnico-de-leiria-a-universidade-para-a-regiao-de-leiria-e-oeste-2\/","title":{"rendered":"POLIT\u00c9CNICO DE LEIRIA: A universidade para a regi\u00e3o de Leiria e Oeste"},"content":{"rendered":"\n<p><strong>O <a href=\"https:\/\/www.ipleiria.pt\/\">Polit\u00e9cnico de Leiria<\/a> \u00e9 uma institui\u00e7\u00e3o de ensino superior p\u00fablica de refer\u00eancia a n\u00edvel nacional, com um foco no desenvolvimento regional, mas que se afirma internacionalmente, formando os seus estudantes com valores de cidadania para as profiss\u00f5es de hoje e do futuro.<\/strong><\/p>\n\n\n\n<p><\/p>\n\n\n\n<p>Destacando-se pela sua forma\u00e7\u00e3o graduada e p\u00f3s-graduada, o Instituto Polit\u00e9cnico de Leiria (IPLeiria) possui um ecossistema robusto de ensino, investiga\u00e7\u00e3o e inova\u00e7\u00e3o, encontrando-se numa fase relevante de crescimento. A institui\u00e7\u00e3o disponibiliza forma\u00e7\u00e3o de qualidade, orientada para o mercado de trabalho, nas \u00e1reas de Artes e Design, Ci\u00eancia e Tecnologia do Mar, Ci\u00eancias Empresariais e Jur\u00eddicas, Educa\u00e7\u00e3o e Ci\u00eancias Sociais, Engenharia e Tecnologia, Sa\u00fade e Desporto, e Turismo.<\/p>\n\n\n\n<p><\/p>\n\n\n\n<p>Proporciona aos seus estudantes uma experi\u00eancia acad\u00e9mica diferenciadora, procurando construir a rampa de lan\u00e7amento para uma vida profissional de sucesso, atrav\u00e9s de valores fundamentais como a criatividade, inova\u00e7\u00e3o, \u00e9tica e responsabilidade, sustentabilidade, pluralidade e inclus\u00e3o.<\/p>\n\n\n<div class=\"wp-block-image\">\n<figure class=\"alignright size-large is-resized\"><img loading=\"lazy\" decoding=\"async\" width=\"1024\" height=\"683\" src=\"https:\/\/maismagazine.pt\/wp-content\/uploads\/2025\/02\/1-Foto-Estudantes-1024x683.jpg\" alt=\"\" class=\"wp-image-11284\" style=\"width:489px;height:auto\" srcset=\"http:\/\/maismagazine.pt\/wp-content\/uploads\/2025\/02\/1-Foto-Estudantes-1024x683.jpg 1024w, http:\/\/maismagazine.pt\/wp-content\/uploads\/2025\/02\/1-Foto-Estudantes-300x200.jpg 300w, http:\/\/maismagazine.pt\/wp-content\/uploads\/2025\/02\/1-Foto-Estudantes-768x512.jpg 768w, http:\/\/maismagazine.pt\/wp-content\/uploads\/2025\/02\/1-Foto-Estudantes-1536x1024.jpg 1536w, http:\/\/maismagazine.pt\/wp-content\/uploads\/2025\/02\/1-Foto-Estudantes-2048x1365.jpg 2048w, http:\/\/maismagazine.pt\/wp-content\/uploads\/2025\/02\/1-Foto-Estudantes-150x100.jpg 150w\" sizes=\"auto, (max-width: 1024px) 100vw, 1024px\" \/><\/figure><\/div>\n\n\n<p>Atualmente, possui um universo de cerca de 14 mil estudantes, promovendo programas de doutoramento, cursos de mestrado e p\u00f3s-gradua\u00e7\u00e3o, licenciaturas, e cursos t\u00e9cnicos superiores profissionais (CTeSP).<\/p>\n\n\n\n<p><\/p>\n\n\n\n<p>Como col\u00edder da universidade europeia Regional University Network (RUN-EU), o Polit\u00e9cnico de Leiria contribui para o refor\u00e7o da identidade europeia suportada pela inova\u00e7\u00e3o e pelo conhecimento, destacando-se os percursos curriculares flex\u00edveis, os cursos curtos promotores de requalifica\u00e7\u00e3o e qualifica\u00e7\u00e3o avan\u00e7ada, bem como a cria\u00e7\u00e3o de European Degrees, visando o desenvolvimento da regi\u00e3o onde cada parceiro internacional se encontra inserido. <\/p>\n\n\n\n<p><\/p>\n\n\n\n<p>O IPLeiria tem contribu\u00eddo largamente para o desenvolvimento de uma cultura de inova\u00e7\u00e3o e empreendedorismo na regi\u00e3o, consolidando as suas \u00e1reas de investiga\u00e7\u00e3o em linha com as necessidades do seu territ\u00f3rio de interven\u00e7\u00e3o, com as estrat\u00e9gias da Uni\u00e3o Europeia e tamb\u00e9m do Governo Portugu\u00eas. Prova disso \u00e9 a intensifica\u00e7\u00e3o da sua participa\u00e7\u00e3o em laborat\u00f3rios colaborativos, a aposta na promo\u00e7\u00e3o de hubs de inova\u00e7\u00e3o e a participa\u00e7\u00e3o em diversas Agendas Mobilizadoras para a Inova\u00e7\u00e3o Empresarial que abrangem setores estrat\u00e9gicos nacionais. <\/p>\n\n\n\n<p><\/p>\n\n\n\n<p><strong>Programas de doutoramento consolidam forma\u00e7\u00e3o p\u00f3s-graduada e a investiga\u00e7\u00e3o aplicada do IPLeiria<\/strong><\/p>\n\n\n\n<p>Para al\u00e9m dos 85 cursos de mestrado e p\u00f3s-gradua\u00e7\u00e3o, o Polit\u00e9cnico de Leiria possui atualmente quatro programas doutorais que se destacam no panorama nacional e internacional.<\/p>\n\n\n\n<p><\/p>\n\n\n\n<p>Numa parceria com a Universidade do Minho, outorga o doutoramento em Fabrico Digital Direto para as Ind\u00fastrias dos Pol\u00edmeros e Moldes, sendo um importante suporte para estes setores empresariais. <\/p>\n\n\n\n<p><\/p>\n\n\n\n<p>\u00c9 de destacar o primeiro doutoramento internacional em Engenharia da Digitaliza\u00e7\u00e3o, promovido conjuntamente com a Technological University of the Shannon (Irlanda) e com o Instituto Polit\u00e9cnico do C\u00e1vado e do Ave (IPCA), sendo o t\u00edtulo tamb\u00e9m outorgado pelo Polit\u00e9cnico de Leiria.<\/p>\n\n\n\n<p><\/p>\n\n\n\n<p>Encontra-se igualmente em funcionamento o programa doutoral em Cria\u00e7\u00e3o Art\u00edstica, realizado em associa\u00e7\u00e3o com a Universidade de Aveiro e o Polit\u00e9cnico do Porto.<\/p>\n\n\n\n<p><\/p>\n\n\n\n<p>Recentemente, viu aprovado um novo doutoramento em Engenharia Sustent\u00e1vel de Produto e Processos, consubstanciando assim mais um passo para a transforma\u00e7\u00e3o da institui\u00e7\u00e3o na Universidade para a regi\u00e3o de Leiria e Oeste. <\/p>\n\n\n<div class=\"wp-block-image\">\n<figure class=\"aligncenter size-large is-resized\"><img loading=\"lazy\" decoding=\"async\" width=\"1024\" height=\"404\" src=\"https:\/\/maismagazine.pt\/wp-content\/uploads\/2025\/02\/Logotipo_Politecnico_Leiria_01-1024x404.png\" alt=\"\" class=\"wp-image-11294\" style=\"width:512px;height:auto\" srcset=\"http:\/\/maismagazine.pt\/wp-content\/uploads\/2025\/02\/Logotipo_Politecnico_Leiria_01-1024x404.png 1024w, http:\/\/maismagazine.pt\/wp-content\/uploads\/2025\/02\/Logotipo_Politecnico_Leiria_01-300x118.png 300w, http:\/\/maismagazine.pt\/wp-content\/uploads\/2025\/02\/Logotipo_Politecnico_Leiria_01-768x303.png 768w, http:\/\/maismagazine.pt\/wp-content\/uploads\/2025\/02\/Logotipo_Politecnico_Leiria_01.png 1200w\" sizes=\"auto, (max-width: 1024px) 100vw, 1024px\" \/><\/figure><\/div>","protected":false},"excerpt":{"rendered":"<p>O Polit\u00e9cnico de Leiria \u00e9 uma institui\u00e7\u00e3o de ensino superior p\u00fablica de refer\u00eancia a n\u00edvel nacional, com um foco no desenvolvimento regional, mas que se afirma internacionalmente, formando os seus estudantes com valores de cidadania para as profiss\u00f5es de hoje e do futuro. Destacando-se pela sua forma\u00e7\u00e3o graduada e p\u00f3s-graduada,&hellip;<\/p>\n","protected":false},"author":18,"featured_media":11283,"comment_status":"closed","ping_status":"open","sticky":false,"template":"","format":"standard","meta":{"advgb_blocks_editor_width":"","advgb_blocks_columns_visual_guide":"","_monsterinsights_skip_tracking":false,"_monsterinsights_sitenote_active":false,"_monsterinsights_sitenote_note":"","_monsterinsights_sitenote_category":0,"footnotes":""},"categories":[149],"tags":[116,1493],"class_list":["post-11281","post","type-post","status-publish","format-standard","has-post-thumbnail","hentry","category-educacao","tag-leiria","tag-politecnico-de-leiria"],"yoast_head":"<!-- This site is optimized with the Yoast SEO plugin v24.4 - https:\/\/yoast.com\/wordpress\/plugins\/seo\/ -->\n<title>POLIT\u00c9CNICO DE LEIRIA: A universidade para a regi\u00e3o de Leiria e Oeste - Mais Magazine<\/title>\n<meta name=\"robots\" content=\"index, follow, max-snippet:-1, max-image-preview:large, max-video-preview:-1\" \/>\n<link rel=\"canonical\" href=\"https:\/\/maismagazine.pt\/index.php\/2025\/02\/21\/politecnico-de-leiria-a-universidade-para-a-regiao-de-leiria-e-oeste-2\/\" \/>\n<meta property=\"og:locale\" content=\"pt_PT\" \/>\n<meta property=\"og:type\" content=\"article\" \/>\n<meta property=\"og:title\" content=\"POLIT\u00c9CNICO DE LEIRIA: A universidade para a regi\u00e3o de Leiria e Oeste - Mais Magazine\" \/>\n<meta property=\"og:description\" content=\"O Polit\u00e9cnico de Leiria \u00e9 uma institui\u00e7\u00e3o de ensino superior p\u00fablica de refer\u00eancia a n\u00edvel nacional, com um foco no desenvolvimento regional, mas que se afirma internacionalmente, formando os seus estudantes com valores de cidadania para as profiss\u00f5es de hoje e do futuro. Destacando-se pela sua forma\u00e7\u00e3o graduada e p\u00f3s-graduada,&hellip;\" \/>\n<meta property=\"og:url\" content=\"https:\/\/maismagazine.pt\/index.php\/2025\/02\/21\/politecnico-de-leiria-a-universidade-para-a-regiao-de-leiria-e-oeste-2\/\" \/>\n<meta property=\"og:site_name\" content=\"Mais Magazine\" \/>\n<meta property=\"article:published_time\" content=\"2025-02-21T07:00:00+00:00\" \/>\n<meta property=\"og:image\" content=\"https:\/\/maismagazine.pt\/wp-content\/uploads\/2025\/02\/2-Foto-Fachada-Principal-Politecnico-de-Leiria-scaled.jpg\" \/>\n\t<meta property=\"og:image:width\" content=\"2560\" \/>\n\t<meta property=\"og:image:height\" content=\"1793\" \/>\n\t<meta property=\"og:image:type\" content=\"image\/jpeg\" \/>\n<meta name=\"author\" content=\"Tatiana Martins\" \/>\n<meta name=\"twitter:card\" content=\"summary_large_image\" \/>\n<meta name=\"twitter:label1\" content=\"Escrito por\" \/>\n\t<meta name=\"twitter:data1\" content=\"\" \/>\n\t<meta name=\"twitter:label2\" content=\"Tempo estimado de leitura\" \/>\n\t<meta name=\"twitter:data2\" content=\"4 minutos\" \/>\n<script type=\"application\/ld+json\" class=\"yoast-schema-graph\">{\"@context\":\"https:\/\/schema.org\",\"@graph\":[{\"@type\":\"Article\",\"@id\":\"https:\/\/maismagazine.pt\/index.php\/2025\/02\/21\/politecnico-de-leiria-a-universidade-para-a-regiao-de-leiria-e-oeste-2\/#article\",\"isPartOf\":{\"@id\":\"https:\/\/maismagazine.pt\/index.php\/2025\/02\/21\/politecnico-de-leiria-a-universidade-para-a-regiao-de-leiria-e-oeste-2\/\"},\"author\":{\"name\":\"Tatiana Martins\",\"@id\":\"https:\/\/maismagazine.pt\/#\/schema\/person\/7426e2caeb8df32a1b56aa48dae778c9\"},\"headline\":\"POLIT\u00c9CNICO DE LEIRIA: A universidade para a regi\u00e3o de Leiria e Oeste\",\"datePublished\":\"2025-02-21T07:00:00+00:00\",\"mainEntityOfPage\":{\"@id\":\"https:\/\/maismagazine.pt\/index.php\/2025\/02\/21\/politecnico-de-leiria-a-universidade-para-a-regiao-de-leiria-e-oeste-2\/\"},\"wordCount\":560,\"publisher\":{\"@id\":\"https:\/\/maismagazine.pt\/#organization\"},\"image\":{\"@id\":\"https:\/\/maismagazine.pt\/index.php\/2025\/02\/21\/politecnico-de-leiria-a-universidade-para-a-regiao-de-leiria-e-oeste-2\/#primaryimage\"},\"thumbnailUrl\":\"http:\/\/maismagazine.pt\/wp-content\/uploads\/2025\/02\/2-Foto-Fachada-Principal-Politecnico-de-Leiria-scaled.jpg\",\"keywords\":[\"leiria\",\"Polit\u00e9cnico de Leiria\"],\"articleSection\":[\"Educa\u00e7\u00e3o\"],\"inLanguage\":\"pt-PT\"},{\"@type\":\"WebPage\",\"@id\":\"https:\/\/maismagazine.pt\/index.php\/2025\/02\/21\/politecnico-de-leiria-a-universidade-para-a-regiao-de-leiria-e-oeste-2\/\",\"url\":\"https:\/\/maismagazine.pt\/index.php\/2025\/02\/21\/politecnico-de-leiria-a-universidade-para-a-regiao-de-leiria-e-oeste-2\/\",\"name\":\"POLIT\u00c9CNICO DE LEIRIA: A universidade para a regi\u00e3o de Leiria e Oeste - Mais Magazine\",\"isPartOf\":{\"@id\":\"https:\/\/maismagazine.pt\/#website\"},\"primaryImageOfPage\":{\"@id\":\"https:\/\/maismagazine.pt\/index.php\/2025\/02\/21\/politecnico-de-leiria-a-universidade-para-a-regiao-de-leiria-e-oeste-2\/#primaryimage\"},\"image\":{\"@id\":\"https:\/\/maismagazine.pt\/index.php\/2025\/02\/21\/politecnico-de-leiria-a-universidade-para-a-regiao-de-leiria-e-oeste-2\/#primaryimage\"},\"thumbnailUrl\":\"http:\/\/maismagazine.pt\/wp-content\/uploads\/2025\/02\/2-Foto-Fachada-Principal-Politecnico-de-Leiria-scaled.jpg\",\"datePublished\":\"2025-02-21T07:00:00+00:00\",\"breadcrumb\":{\"@id\":\"https:\/\/maismagazine.pt\/index.php\/2025\/02\/21\/politecnico-de-leiria-a-universidade-para-a-regiao-de-leiria-e-oeste-2\/#breadcrumb\"},\"inLanguage\":\"pt-PT\",\"potentialAction\":[{\"@type\":\"ReadAction\",\"target\":[\"https:\/\/maismagazine.pt\/index.php\/2025\/02\/21\/politecnico-de-leiria-a-universidade-para-a-regiao-de-leiria-e-oeste-2\/\"]}]},{\"@type\":\"ImageObject\",\"inLanguage\":\"pt-PT\",\"@id\":\"https:\/\/maismagazine.pt\/index.php\/2025\/02\/21\/politecnico-de-leiria-a-universidade-para-a-regiao-de-leiria-e-oeste-2\/#primaryimage\",\"url\":\"http:\/\/maismagazine.pt\/wp-content\/uploads\/2025\/02\/2-Foto-Fachada-Principal-Politecnico-de-Leiria-scaled.jpg\",\"contentUrl\":\"http:\/\/maismagazine.pt\/wp-content\/uploads\/2025\/02\/2-Foto-Fachada-Principal-Politecnico-de-Leiria-scaled.jpg\",\"width\":2560,\"height\":1793},{\"@type\":\"BreadcrumbList\",\"@id\":\"https:\/\/maismagazine.pt\/index.php\/2025\/02\/21\/politecnico-de-leiria-a-universidade-para-a-regiao-de-leiria-e-oeste-2\/#breadcrumb\",\"itemListElement\":[{\"@type\":\"ListItem\",\"position\":1,\"name\":\"Home\",\"item\":\"https:\/\/maismagazine.pt\/\"},{\"@type\":\"ListItem\",\"position\":2,\"name\":\"POLIT\u00c9CNICO DE LEIRIA: A universidade para a regi\u00e3o de Leiria e Oeste\"}]},{\"@type\":\"WebSite\",\"@id\":\"https:\/\/maismagazine.pt\/#website\",\"url\":\"https:\/\/maismagazine.pt\/\",\"name\":\"Mais Magazine\",\"description\":\"\",\"publisher\":{\"@id\":\"https:\/\/maismagazine.pt\/#organization\"},\"potentialAction\":[{\"@type\":\"SearchAction\",\"target\":{\"@type\":\"EntryPoint\",\"urlTemplate\":\"https:\/\/maismagazine.pt\/?s={search_term_string}\"},\"query-input\":{\"@type\":\"PropertyValueSpecification\",\"valueRequired\":true,\"valueName\":\"search_term_string\"}}],\"inLanguage\":\"pt-PT\"},{\"@type\":\"Organization\",\"@id\":\"https:\/\/maismagazine.pt\/#organization\",\"name\":\"Mais Magazine\",\"url\":\"https:\/\/maismagazine.pt\/\",\"logo\":{\"@type\":\"ImageObject\",\"inLanguage\":\"pt-PT\",\"@id\":\"https:\/\/maismagazine.pt\/#\/schema\/logo\/image\/\",\"url\":\"http:\/\/maismagazine.pt\/wp-content\/uploads\/2020\/04\/cropped-cropped-mais-magazine-site-logo-2.png\",\"contentUrl\":\"http:\/\/maismagazine.pt\/wp-content\/uploads\/2020\/04\/cropped-cropped-mais-magazine-site-logo-2.png\",\"width\":581,\"height\":90,\"caption\":\"Mais Magazine\"},\"image\":{\"@id\":\"https:\/\/maismagazine.pt\/#\/schema\/logo\/image\/\"}},{\"@type\":\"Person\",\"@id\":\"https:\/\/maismagazine.pt\/#\/schema\/person\/7426e2caeb8df32a1b56aa48dae778c9\",\"name\":\"Tatiana Martins\",\"image\":{\"@type\":\"ImageObject\",\"inLanguage\":\"pt-PT\",\"@id\":\"https:\/\/maismagazine.pt\/#\/schema\/person\/image\/\",\"url\":\"https:\/\/secure.gravatar.com\/avatar\/4b24a57f5d0425f2eb20981c4b53244e?s=96&d=mm&r=g\",\"contentUrl\":\"https:\/\/secure.gravatar.com\/avatar\/4b24a57f5d0425f2eb20981c4b53244e?s=96&d=mm&r=g\",\"caption\":\"Tatiana Martins\"},\"url\":\"http:\/\/maismagazine.pt\/index.php\/author\/tatiana\/\"}]}<\/script>\n<!-- \/ Yoast SEO plugin. -->","yoast_head_json":{"title":"POLIT\u00c9CNICO DE LEIRIA: A universidade para a regi\u00e3o de Leiria e Oeste - Mais Magazine","robots":{"index":"index","follow":"follow","max-snippet":"max-snippet:-1","max-image-preview":"max-image-preview:large","max-video-preview":"max-video-preview:-1"},"canonical":"https:\/\/maismagazine.pt\/index.php\/2025\/02\/21\/politecnico-de-leiria-a-universidade-para-a-regiao-de-leiria-e-oeste-2\/","og_locale":"pt_PT","og_type":"article","og_title":"POLIT\u00c9CNICO DE LEIRIA: A universidade para a regi\u00e3o de Leiria e Oeste - Mais Magazine","og_description":"O Polit\u00e9cnico de Leiria \u00e9 uma institui\u00e7\u00e3o de ensino superior p\u00fablica de refer\u00eancia a n\u00edvel nacional, com um foco no desenvolvimento regional, mas que se afirma internacionalmente, formando os seus estudantes com valores de cidadania para as profiss\u00f5es de hoje e do futuro. Destacando-se pela sua forma\u00e7\u00e3o graduada e p\u00f3s-graduada,&hellip;","og_url":"https:\/\/maismagazine.pt\/index.php\/2025\/02\/21\/politecnico-de-leiria-a-universidade-para-a-regiao-de-leiria-e-oeste-2\/","og_site_name":"Mais Magazine","article_published_time":"2025-02-21T07:00:00+00:00","og_image":[{"width":2560,"height":1793,"url":"https:\/\/maismagazine.pt\/wp-content\/uploads\/2025\/02\/2-Foto-Fachada-Principal-Politecnico-de-Leiria-scaled.jpg","type":"image\/jpeg"}],"author":"Tatiana Martins","twitter_card":"summary_large_image","twitter_misc":{"Escrito por":false,"Tempo estimado de leitura":"4 minutos"},"schema":{"@context":"https:\/\/schema.org","@graph":[{"@type":"Article","@id":"https:\/\/maismagazine.pt\/index.php\/2025\/02\/21\/politecnico-de-leiria-a-universidade-para-a-regiao-de-leiria-e-oeste-2\/#article","isPartOf":{"@id":"https:\/\/maismagazine.pt\/index.php\/2025\/02\/21\/politecnico-de-leiria-a-universidade-para-a-regiao-de-leiria-e-oeste-2\/"},"author":{"name":"Tatiana Martins","@id":"https:\/\/maismagazine.pt\/#\/schema\/person\/7426e2caeb8df32a1b56aa48dae778c9"},"headline":"POLIT\u00c9CNICO DE LEIRIA: A universidade para a regi\u00e3o de Leiria e Oeste","datePublished":"2025-02-21T07:00:00+00:00","mainEntityOfPage":{"@id":"https:\/\/maismagazine.pt\/index.php\/2025\/02\/21\/politecnico-de-leiria-a-universidade-para-a-regiao-de-leiria-e-oeste-2\/"},"wordCount":560,"publisher":{"@id":"https:\/\/maismagazine.pt\/#organization"},"image":{"@id":"https:\/\/maismagazine.pt\/index.php\/2025\/02\/21\/politecnico-de-leiria-a-universidade-para-a-regiao-de-leiria-e-oeste-2\/#primaryimage"},"thumbnailUrl":"http:\/\/maismagazine.pt\/wp-content\/uploads\/2025\/02\/2-Foto-Fachada-Principal-Politecnico-de-Leiria-scaled.jpg","keywords":["leiria","Polit\u00e9cnico de Leiria"],"articleSection":["Educa\u00e7\u00e3o"],"inLanguage":"pt-PT"},{"@type":"WebPage","@id":"https:\/\/maismagazine.pt\/index.php\/2025\/02\/21\/politecnico-de-leiria-a-universidade-para-a-regiao-de-leiria-e-oeste-2\/","url":"https:\/\/maismagazine.pt\/index.php\/2025\/02\/21\/politecnico-de-leiria-a-universidade-para-a-regiao-de-leiria-e-oeste-2\/","name":"POLIT\u00c9CNICO DE LEIRIA: A universidade para a regi\u00e3o de Leiria e Oeste - Mais Magazine","isPartOf":{"@id":"https:\/\/maismagazine.pt\/#website"},"primaryImageOfPage":{"@id":"https:\/\/maismagazine.pt\/index.php\/2025\/02\/21\/politecnico-de-leiria-a-universidade-para-a-regiao-de-leiria-e-oeste-2\/#primaryimage"},"image":{"@id":"https:\/\/maismagazine.pt\/index.php\/2025\/02\/21\/politecnico-de-leiria-a-universidade-para-a-regiao-de-leiria-e-oeste-2\/#primaryimage"},"thumbnailUrl":"http:\/\/maismagazine.pt\/wp-content\/uploads\/2025\/02\/2-Foto-Fachada-Principal-Politecnico-de-Leiria-scaled.jpg","datePublished":"2025-02-21T07:00:00+00:00","breadcrumb":{"@id":"https:\/\/maismagazine.pt\/index.php\/2025\/02\/21\/politecnico-de-leiria-a-universidade-para-a-regiao-de-leiria-e-oeste-2\/#breadcrumb"},"inLanguage":"pt-PT","potentialAction":[{"@type":"ReadAction","target":["https:\/\/maismagazine.pt\/index.php\/2025\/02\/21\/politecnico-de-leiria-a-universidade-para-a-regiao-de-leiria-e-oeste-2\/"]}]},{"@type":"ImageObject","inLanguage":"pt-PT","@id":"https:\/\/maismagazine.pt\/index.php\/2025\/02\/21\/politecnico-de-leiria-a-universidade-para-a-regiao-de-leiria-e-oeste-2\/#primaryimage","url":"http:\/\/maismagazine.pt\/wp-content\/uploads\/2025\/02\/2-Foto-Fachada-Principal-Politecnico-de-Leiria-scaled.jpg","contentUrl":"http:\/\/maismagazine.pt\/wp-content\/uploads\/2025\/02\/2-Foto-Fachada-Principal-Politecnico-de-Leiria-scaled.jpg","width":2560,"height":1793},{"@type":"BreadcrumbList","@id":"https:\/\/maismagazine.pt\/index.php\/2025\/02\/21\/politecnico-de-leiria-a-universidade-para-a-regiao-de-leiria-e-oeste-2\/#breadcrumb","itemListElement":[{"@type":"ListItem","position":1,"name":"Home","item":"https:\/\/maismagazine.pt\/"},{"@type":"ListItem","position":2,"name":"POLIT\u00c9CNICO DE LEIRIA: A universidade para a regi\u00e3o de Leiria e Oeste"}]},{"@type":"WebSite","@id":"https:\/\/maismagazine.pt\/#website","url":"https:\/\/maismagazine.pt\/","name":"Mais Magazine","description":"","publisher":{"@id":"https:\/\/maismagazine.pt\/#organization"},"potentialAction":[{"@type":"SearchAction","target":{"@type":"EntryPoint","urlTemplate":"https:\/\/maismagazine.pt\/?s={search_term_string}"},"query-input":{"@type":"PropertyValueSpecification","valueRequired":true,"valueName":"search_term_string"}}],"inLanguage":"pt-PT"},{"@type":"Organization","@id":"https:\/\/maismagazine.pt\/#organization","name":"Mais Magazine","url":"https:\/\/maismagazine.pt\/","logo":{"@type":"ImageObject","inLanguage":"pt-PT","@id":"https:\/\/maismagazine.pt\/#\/schema\/logo\/image\/","url":"http:\/\/maismagazine.pt\/wp-content\/uploads\/2020\/04\/cropped-cropped-mais-magazine-site-logo-2.png","contentUrl":"http:\/\/maismagazine.pt\/wp-content\/uploads\/2020\/04\/cropped-cropped-mais-magazine-site-logo-2.png","width":581,"height":90,"caption":"Mais Magazine"},"image":{"@id":"https:\/\/maismagazine.pt\/#\/schema\/logo\/image\/"}},{"@type":"Person","@id":"https:\/\/maismagazine.pt\/#\/schema\/person\/7426e2caeb8df32a1b56aa48dae778c9","name":"Tatiana Martins","image":{"@type":"ImageObject","inLanguage":"pt-PT","@id":"https:\/\/maismagazine.pt\/#\/schema\/person\/image\/","url":"https:\/\/secure.gravatar.com\/avatar\/4b24a57f5d0425f2eb20981c4b53244e?s=96&d=mm&r=g","contentUrl":"https:\/\/secure.gravatar.com\/avatar\/4b24a57f5d0425f2eb20981c4b53244e?s=96&d=mm&r=g","caption":"Tatiana Martins"},"url":"http:\/\/maismagazine.pt\/index.php\/author\/tatiana\/"}]}},"author_meta":{"display_name":false,"author_link":"http:\/\/maismagazine.pt\/index.php\/author\/tatiana\/"},"featured_img":"http:\/\/maismagazine.pt\/wp-content\/uploads\/2025\/02\/2-Foto-Fachada-Principal-Politecnico-de-Leiria-300x210.jpg","coauthors":[],"tax_additional":{"categories":{"linked":["<a href=\"http:\/\/maismagazine.pt\/index.php\/category\/educacao\/\" class=\"advgb-post-tax-term\">Educa\u00e7\u00e3o<\/a>"],"unlinked":["<span class=\"advgb-post-tax-term\">Educa\u00e7\u00e3o<\/span>"]},"tags":{"linked":["<a href=\"http:\/\/maismagazine.pt\/index.php\/category\/educacao\/\" class=\"advgb-post-tax-term\">leiria<\/a>","<a href=\"http:\/\/maismagazine.pt\/index.php\/category\/educacao\/\" class=\"advgb-post-tax-term\">Polit\u00e9cnico de Leiria<\/a>"],"unlinked":["<span class=\"advgb-post-tax-term\">leiria<\/span>","<span class=\"advgb-post-tax-term\">Polit\u00e9cnico de Leiria<\/span>"]}},"comment_count":"0","relative_dates":{"created":"Posted 1 ano ago","modified":"Updated 1 ano ago"},"absolute_dates":{"created":"Posted on 21 de Fevereiro, 2025","modified":"Updated on 18 de Fevereiro, 2025"},"absolute_dates_time":{"created":"Posted on 21 de Fevereiro, 2025 7:00","modified":"Updated on 18 de Fevereiro, 2025 16:11"},"featured_img_caption":"","series_order":"","_links":{"self":[{"href":"http:\/\/maismagazine.pt\/index.php\/wp-json\/wp\/v2\/posts\/11281","targetHints":{"allow":["GET"]}}],"collection":[{"href":"http:\/\/maismagazine.pt\/index.php\/wp-json\/wp\/v2\/posts"}],"about":[{"href":"http:\/\/maismagazine.pt\/index.php\/wp-json\/wp\/v2\/types\/post"}],"author":[{"embeddable":true,"href":"http:\/\/maismagazine.pt\/index.php\/wp-json\/wp\/v2\/users\/18"}],"replies":[{"embeddable":true,"href":"http:\/\/maismagazine.pt\/index.php\/wp-json\/wp\/v2\/comments?post=11281"}],"version-history":[{"count":2,"href":"http:\/\/maismagazine.pt\/index.php\/wp-json\/wp\/v2\/posts\/11281\/revisions"}],"predecessor-version":[{"id":11295,"href":"http:\/\/maismagazine.pt\/index.php\/wp-json\/wp\/v2\/posts\/11281\/revisions\/11295"}],"wp:featuredmedia":[{"embeddable":true,"href":"http:\/\/maismagazine.pt\/index.php\/wp-json\/wp\/v2\/media\/11283"}],"wp:attachment":[{"href":"http:\/\/maismagazine.pt\/index.php\/wp-json\/wp\/v2\/media?parent=11281"}],"wp:term":[{"taxonomy":"category","embeddable":true,"href":"http:\/\/maismagazine.pt\/index.php\/wp-json\/wp\/v2\/categories?post=11281"},{"taxonomy":"post_tag","embeddable":true,"href":"http:\/\/maismagazine.pt\/index.php\/wp-json\/wp\/v2\/tags?post=11281"}],"curies":[{"name":"wp","href":"https:\/\/api.w.org\/{rel}","templated":true}]}}