{"id":11250,"date":"2025-02-21T07:00:00","date_gmt":"2025-02-21T07:00:00","guid":{"rendered":"https:\/\/maismagazine.pt\/?p=11250"},"modified":"2025-02-18T15:43:17","modified_gmt":"2025-02-18T15:43:17","slug":"os-nossos-cursos-estao-perfeitamente-alinhados-com-as-necessidades-do-mercado","status":"publish","type":"post","link":"http:\/\/maismagazine.pt\/index.php\/2025\/02\/21\/os-nossos-cursos-estao-perfeitamente-alinhados-com-as-necessidades-do-mercado\/","title":{"rendered":"\u201cOs nossos cursos est\u00e3o perfeitamente alinhados com as necessidades do mercado\u201d"},"content":{"rendered":"\n<p><strong>Carlos Brand\u00e3o, presidente da <a href=\"http:\/\/www.eshte.pt\">ESHTE<\/a>, revela \u00e0 Mais Magazine os pilares que fazem da institui\u00e7\u00e3o uma refer\u00eancia no ensino superior em turismo, hotelaria e restaura\u00e7\u00e3o, abordando estrat\u00e9gias de internacionaliza\u00e7\u00e3o e anunciando o futuro ensino em l\u00edngua inglesa.<\/strong><\/p>\n\n\n\n<p><\/p>\n\n\n\n<p><strong>Quais as caracter\u00edsticas que fazem da ESHTE uma institui\u00e7\u00e3o de refer\u00eancia no panorama do ensino superior em Portugal?<\/strong><\/p>\n\n\n\n<p>A ESHTE nasceu em 1991, como primeira institui\u00e7\u00e3o de ensino superior nas \u00e1reas de turismo, hotelaria e restaura\u00e7\u00e3o em Portugal, e tem sido pioneira nas distintas \u00e1rea de interesse relacionadas com o turismo ao longo das \u00faltimas d\u00e9cadas. Apresentamos uma constante capacidade de adapta\u00e7\u00e3o \u00e0 realidade, antecipando as tend\u00eancias e evoluindo para dar sempre resposta \u00e0s necessidades de um mercado cada vez mais global e em constante evolu\u00e7\u00e3o. A Escola est\u00e1 inserida numa regi\u00e3o com forte tradi\u00e7\u00e3o no turismo, no eixo tur\u00edstico Lisboa\/Cascais\/Sintra, beneficiando de uma bel\u00edssima localiza\u00e7\u00e3o geogr\u00e1fica, no Estoril, e de uma forte liga\u00e7\u00e3o ao setor. Entre outros pontos, destaco a nossa estrat\u00e9gia de est\u00e1gios, nos segundo e terceiros anos das licenciaturas, que permite a cria\u00e7\u00e3o de liga\u00e7\u00f5es muito fortes com o mercado, gerando consider\u00e1veis mais-valias para os estudantes e para a institui\u00e7\u00e3o. <\/p>\n\n\n\n<p><\/p>\n\n\n\n<p><strong>O que a ESHTE tem para oferecer aos seus alunos em termos de forma\u00e7\u00e3o? E quanto \u00e0s instala\u00e7\u00f5es, o que nos pode destacar?<\/strong><\/p>\n\n\n\n<p>Assumimos um papel central no ensino e na investiga\u00e7\u00e3o nas \u00e1reas de turismo, hotelaria e restaura\u00e7\u00e3o, aumentando e atualizando regularmente a nossa oferta formativa, tanto ao n\u00edvel dos primeiros ciclos, como ao dos mestrados e forma\u00e7\u00e3o avan\u00e7ada. Apostamos num ensino com pendor aplicado que \u00e9 muito valorizado pelo mercado. Todos os nossos cursos est\u00e3o perfeitamente alinhados com as necessidades do mercado e essa estrat\u00e9gia traduz-se em elevad\u00edssimas taxas de empregabilidade para os nossos finalistas. A ESHTE disp\u00f5e de instala\u00e7\u00f5es com boas condi\u00e7\u00f5es para o ensino aplicado, ministrando aulas pr\u00e1ticas muito interessantes na \u00e1rea da restaura\u00e7\u00e3o, hotelaria e gastronomia assim como do turismo e gest\u00e3o do lazer, aliadas a uma localiza\u00e7\u00e3o estrat\u00e9gica.<\/p>\n\n\n\n<p><\/p>\n\n\n\n<p><strong>No ano letivo 2023\/2024, a ESHTE registou um aumento de 25% nos est\u00e1gios internacionais de estudantes de hotelaria e turismo. Qual a import\u00e2ncia deste marco para a institui\u00e7\u00e3o?<\/strong><\/p>\n\n\n\n<p>\u00c9 um sinal de reconhecimento do valor da Escola, que se tem assumido progressivamente como uma institui\u00e7\u00e3o de ensino de refer\u00eancia n\u00e3o s\u00f3 nos mercados nacionais, mas tamb\u00e9m nos internacionais. A abertura de novos mercados \u00e9 importante para os futuros licenciados e para a institui\u00e7\u00e3o, demonstrando claramente que a estrat\u00e9gia de internacionaliza\u00e7\u00e3o da ESHTE est\u00e1 a dar frutos. Lidando com um mercado cada vez mais global, a partilha de conhecimento e de experi\u00eancias internacionais assume particular relev\u00e2ncia. Recentemente, criamos a delega\u00e7\u00e3o portuguesa do Science and Cooking World Congress (SCWC), o mais prestigiado f\u00f3rum internacional de gastronomia cient\u00edfica, que conta com 27 polos em todo o mundo.<\/p>\n\n\n\n<p><\/p>\n\n\n\n<p><strong>Quais s\u00e3o os principais planos e expectativas da ESHTE para o futuro? <\/strong><\/p>\n\n\n\n<p>Continuamos determinados a resolver definitivamente a quest\u00e3o das instala\u00e7\u00f5es da ESHTE, visando proporcionar as melhores condi\u00e7\u00f5es a estudantes, docentes e funcion\u00e1rios. Estamos igualmente apostados em manter a qualidade de ensino que nos caracteriza, encontrando-se a decorrer a reformula\u00e7\u00e3o dos nossos cursos. Continuaremos a investir na internacionaliza\u00e7\u00e3o e iremos avan\u00e7ar num futuro pr\u00f3ximo para o ensino em l\u00edngua inglesa.<\/p>\n\n\n\n<p><\/p>\n\n\n<div class=\"wp-block-image\">\n<figure class=\"aligncenter size-large is-resized\"><img loading=\"lazy\" decoding=\"async\" width=\"1024\" height=\"738\" src=\"https:\/\/maismagazine.pt\/wp-content\/uploads\/2025\/02\/logo-1024x738.jpg\" alt=\"\" class=\"wp-image-11255\" style=\"width:368px;height:auto\" srcset=\"http:\/\/maismagazine.pt\/wp-content\/uploads\/2025\/02\/logo-1024x738.jpg 1024w, http:\/\/maismagazine.pt\/wp-content\/uploads\/2025\/02\/logo-300x216.jpg 300w, http:\/\/maismagazine.pt\/wp-content\/uploads\/2025\/02\/logo-768x553.jpg 768w, http:\/\/maismagazine.pt\/wp-content\/uploads\/2025\/02\/logo.jpg 1181w\" sizes=\"auto, (max-width: 1024px) 100vw, 1024px\" \/><\/figure><\/div>\n\n\n<p><canvas width=\"1530\" height=\"2105\"><\/canvas><\/p>\n","protected":false},"excerpt":{"rendered":"<p>Carlos Brand\u00e3o, presidente da ESHTE, revela \u00e0 Mais Magazine os pilares que fazem da institui\u00e7\u00e3o uma refer\u00eancia no ensino superior em turismo, hotelaria e restaura\u00e7\u00e3o, abordando estrat\u00e9gias de internacionaliza\u00e7\u00e3o e anunciando o futuro ensino em l\u00edngua inglesa. Quais as caracter\u00edsticas que fazem da ESHTE uma institui\u00e7\u00e3o de refer\u00eancia no panorama&hellip;<\/p>\n","protected":false},"author":18,"featured_media":11256,"comment_status":"closed","ping_status":"open","sticky":false,"template":"","format":"standard","meta":{"advgb_blocks_editor_width":"","advgb_blocks_columns_visual_guide":"","_monsterinsights_skip_tracking":false,"_monsterinsights_sitenote_active":false,"_monsterinsights_sitenote_note":"","_monsterinsights_sitenote_category":0,"footnotes":""},"categories":[149],"tags":[1513,1512,1932],"class_list":["post-11250","post","type-post","status-publish","format-standard","has-post-thumbnail","hentry","category-educacao","tag-escola-superior-de-hotelaria-e-turismo-do-estoril","tag-eshte","tag-estoril"],"yoast_head":"<!-- This site is optimized with the Yoast SEO plugin v24.4 - https:\/\/yoast.com\/wordpress\/plugins\/seo\/ -->\n<title>\u201cOs nossos cursos est\u00e3o perfeitamente alinhados com as necessidades do mercado\u201d - Mais Magazine<\/title>\n<meta name=\"robots\" content=\"index, follow, max-snippet:-1, max-image-preview:large, max-video-preview:-1\" \/>\n<link rel=\"canonical\" href=\"http:\/\/maismagazine.pt\/index.php\/2025\/02\/21\/os-nossos-cursos-estao-perfeitamente-alinhados-com-as-necessidades-do-mercado\/\" \/>\n<meta property=\"og:locale\" content=\"pt_PT\" \/>\n<meta property=\"og:type\" content=\"article\" \/>\n<meta property=\"og:title\" content=\"\u201cOs nossos cursos est\u00e3o perfeitamente alinhados com as necessidades do mercado\u201d - Mais Magazine\" \/>\n<meta property=\"og:description\" content=\"Carlos Brand\u00e3o, presidente da ESHTE, revela \u00e0 Mais Magazine os pilares que fazem da institui\u00e7\u00e3o uma refer\u00eancia no ensino superior em turismo, hotelaria e restaura\u00e7\u00e3o, abordando estrat\u00e9gias de internacionaliza\u00e7\u00e3o e anunciando o futuro ensino em l\u00edngua inglesa. Quais as caracter\u00edsticas que fazem da ESHTE uma institui\u00e7\u00e3o de refer\u00eancia no panorama&hellip;\" \/>\n<meta property=\"og:url\" content=\"http:\/\/maismagazine.pt\/index.php\/2025\/02\/21\/os-nossos-cursos-estao-perfeitamente-alinhados-com-as-necessidades-do-mercado\/\" \/>\n<meta property=\"og:site_name\" content=\"Mais Magazine\" \/>\n<meta property=\"article:published_time\" content=\"2025-02-21T07:00:00+00:00\" \/>\n<meta property=\"og:image\" content=\"http:\/\/maismagazine.pt\/wp-content\/uploads\/2025\/02\/Carlos-Brandao-ESHTE-1.jpg\" \/>\n\t<meta property=\"og:image:width\" content=\"876\" \/>\n\t<meta property=\"og:image:height\" content=\"584\" \/>\n\t<meta property=\"og:image:type\" content=\"image\/jpeg\" \/>\n<meta name=\"author\" content=\"Tatiana Martins\" \/>\n<meta name=\"twitter:card\" content=\"summary_large_image\" \/>\n<meta name=\"twitter:label1\" content=\"Escrito por\" \/>\n\t<meta name=\"twitter:data1\" content=\"\" \/>\n\t<meta name=\"twitter:label2\" content=\"Tempo estimado de leitura\" \/>\n\t<meta name=\"twitter:data2\" content=\"4 minutos\" \/>\n<script type=\"application\/ld+json\" class=\"yoast-schema-graph\">{\"@context\":\"https:\/\/schema.org\",\"@graph\":[{\"@type\":\"Article\",\"@id\":\"http:\/\/maismagazine.pt\/index.php\/2025\/02\/21\/os-nossos-cursos-estao-perfeitamente-alinhados-com-as-necessidades-do-mercado\/#article\",\"isPartOf\":{\"@id\":\"http:\/\/maismagazine.pt\/index.php\/2025\/02\/21\/os-nossos-cursos-estao-perfeitamente-alinhados-com-as-necessidades-do-mercado\/\"},\"author\":{\"name\":\"Tatiana Martins\",\"@id\":\"https:\/\/maismagazine.pt\/#\/schema\/person\/7426e2caeb8df32a1b56aa48dae778c9\"},\"headline\":\"\u201cOs nossos cursos est\u00e3o perfeitamente alinhados com as necessidades do mercado\u201d\",\"datePublished\":\"2025-02-21T07:00:00+00:00\",\"mainEntityOfPage\":{\"@id\":\"http:\/\/maismagazine.pt\/index.php\/2025\/02\/21\/os-nossos-cursos-estao-perfeitamente-alinhados-com-as-necessidades-do-mercado\/\"},\"wordCount\":605,\"publisher\":{\"@id\":\"https:\/\/maismagazine.pt\/#organization\"},\"image\":{\"@id\":\"http:\/\/maismagazine.pt\/index.php\/2025\/02\/21\/os-nossos-cursos-estao-perfeitamente-alinhados-com-as-necessidades-do-mercado\/#primaryimage\"},\"thumbnailUrl\":\"http:\/\/maismagazine.pt\/wp-content\/uploads\/2025\/02\/Carlos-Brandao-ESHTE-1.jpg\",\"keywords\":[\"Escola Superior de Hotelaria e Turismo do Estoril\",\"ESHTE\",\"Estoril\"],\"articleSection\":[\"Educa\u00e7\u00e3o\"],\"inLanguage\":\"pt-PT\"},{\"@type\":\"WebPage\",\"@id\":\"http:\/\/maismagazine.pt\/index.php\/2025\/02\/21\/os-nossos-cursos-estao-perfeitamente-alinhados-com-as-necessidades-do-mercado\/\",\"url\":\"http:\/\/maismagazine.pt\/index.php\/2025\/02\/21\/os-nossos-cursos-estao-perfeitamente-alinhados-com-as-necessidades-do-mercado\/\",\"name\":\"\u201cOs nossos cursos est\u00e3o perfeitamente alinhados com as necessidades do mercado\u201d - Mais Magazine\",\"isPartOf\":{\"@id\":\"https:\/\/maismagazine.pt\/#website\"},\"primaryImageOfPage\":{\"@id\":\"http:\/\/maismagazine.pt\/index.php\/2025\/02\/21\/os-nossos-cursos-estao-perfeitamente-alinhados-com-as-necessidades-do-mercado\/#primaryimage\"},\"image\":{\"@id\":\"http:\/\/maismagazine.pt\/index.php\/2025\/02\/21\/os-nossos-cursos-estao-perfeitamente-alinhados-com-as-necessidades-do-mercado\/#primaryimage\"},\"thumbnailUrl\":\"http:\/\/maismagazine.pt\/wp-content\/uploads\/2025\/02\/Carlos-Brandao-ESHTE-1.jpg\",\"datePublished\":\"2025-02-21T07:00:00+00:00\",\"breadcrumb\":{\"@id\":\"http:\/\/maismagazine.pt\/index.php\/2025\/02\/21\/os-nossos-cursos-estao-perfeitamente-alinhados-com-as-necessidades-do-mercado\/#breadcrumb\"},\"inLanguage\":\"pt-PT\",\"potentialAction\":[{\"@type\":\"ReadAction\",\"target\":[\"http:\/\/maismagazine.pt\/index.php\/2025\/02\/21\/os-nossos-cursos-estao-perfeitamente-alinhados-com-as-necessidades-do-mercado\/\"]}]},{\"@type\":\"ImageObject\",\"inLanguage\":\"pt-PT\",\"@id\":\"http:\/\/maismagazine.pt\/index.php\/2025\/02\/21\/os-nossos-cursos-estao-perfeitamente-alinhados-com-as-necessidades-do-mercado\/#primaryimage\",\"url\":\"http:\/\/maismagazine.pt\/wp-content\/uploads\/2025\/02\/Carlos-Brandao-ESHTE-1.jpg\",\"contentUrl\":\"http:\/\/maismagazine.pt\/wp-content\/uploads\/2025\/02\/Carlos-Brandao-ESHTE-1.jpg\",\"width\":876,\"height\":584,\"caption\":\"Carlos Brand\u00e3o, Presidente da ESHTE\"},{\"@type\":\"BreadcrumbList\",\"@id\":\"http:\/\/maismagazine.pt\/index.php\/2025\/02\/21\/os-nossos-cursos-estao-perfeitamente-alinhados-com-as-necessidades-do-mercado\/#breadcrumb\",\"itemListElement\":[{\"@type\":\"ListItem\",\"position\":1,\"name\":\"Home\",\"item\":\"https:\/\/maismagazine.pt\/\"},{\"@type\":\"ListItem\",\"position\":2,\"name\":\"\u201cOs nossos cursos est\u00e3o perfeitamente alinhados com as necessidades do mercado\u201d\"}]},{\"@type\":\"WebSite\",\"@id\":\"https:\/\/maismagazine.pt\/#website\",\"url\":\"https:\/\/maismagazine.pt\/\",\"name\":\"Mais Magazine\",\"description\":\"\",\"publisher\":{\"@id\":\"https:\/\/maismagazine.pt\/#organization\"},\"potentialAction\":[{\"@type\":\"SearchAction\",\"target\":{\"@type\":\"EntryPoint\",\"urlTemplate\":\"https:\/\/maismagazine.pt\/?s={search_term_string}\"},\"query-input\":{\"@type\":\"PropertyValueSpecification\",\"valueRequired\":true,\"valueName\":\"search_term_string\"}}],\"inLanguage\":\"pt-PT\"},{\"@type\":\"Organization\",\"@id\":\"https:\/\/maismagazine.pt\/#organization\",\"name\":\"Mais Magazine\",\"url\":\"https:\/\/maismagazine.pt\/\",\"logo\":{\"@type\":\"ImageObject\",\"inLanguage\":\"pt-PT\",\"@id\":\"https:\/\/maismagazine.pt\/#\/schema\/logo\/image\/\",\"url\":\"http:\/\/maismagazine.pt\/wp-content\/uploads\/2020\/04\/cropped-cropped-mais-magazine-site-logo-2.png\",\"contentUrl\":\"http:\/\/maismagazine.pt\/wp-content\/uploads\/2020\/04\/cropped-cropped-mais-magazine-site-logo-2.png\",\"width\":581,\"height\":90,\"caption\":\"Mais Magazine\"},\"image\":{\"@id\":\"https:\/\/maismagazine.pt\/#\/schema\/logo\/image\/\"}},{\"@type\":\"Person\",\"@id\":\"https:\/\/maismagazine.pt\/#\/schema\/person\/7426e2caeb8df32a1b56aa48dae778c9\",\"name\":\"Tatiana Martins\",\"image\":{\"@type\":\"ImageObject\",\"inLanguage\":\"pt-PT\",\"@id\":\"https:\/\/maismagazine.pt\/#\/schema\/person\/image\/\",\"url\":\"https:\/\/secure.gravatar.com\/avatar\/4b24a57f5d0425f2eb20981c4b53244e?s=96&d=mm&r=g\",\"contentUrl\":\"https:\/\/secure.gravatar.com\/avatar\/4b24a57f5d0425f2eb20981c4b53244e?s=96&d=mm&r=g\",\"caption\":\"Tatiana Martins\"},\"url\":\"http:\/\/maismagazine.pt\/index.php\/author\/tatiana\/\"}]}<\/script>\n<!-- \/ Yoast SEO plugin. -->","yoast_head_json":{"title":"\u201cOs nossos cursos est\u00e3o perfeitamente alinhados com as necessidades do mercado\u201d - Mais Magazine","robots":{"index":"index","follow":"follow","max-snippet":"max-snippet:-1","max-image-preview":"max-image-preview:large","max-video-preview":"max-video-preview:-1"},"canonical":"http:\/\/maismagazine.pt\/index.php\/2025\/02\/21\/os-nossos-cursos-estao-perfeitamente-alinhados-com-as-necessidades-do-mercado\/","og_locale":"pt_PT","og_type":"article","og_title":"\u201cOs nossos cursos est\u00e3o perfeitamente alinhados com as necessidades do mercado\u201d - Mais Magazine","og_description":"Carlos Brand\u00e3o, presidente da ESHTE, revela \u00e0 Mais Magazine os pilares que fazem da institui\u00e7\u00e3o uma refer\u00eancia no ensino superior em turismo, hotelaria e restaura\u00e7\u00e3o, abordando estrat\u00e9gias de internacionaliza\u00e7\u00e3o e anunciando o futuro ensino em l\u00edngua inglesa. Quais as caracter\u00edsticas que fazem da ESHTE uma institui\u00e7\u00e3o de refer\u00eancia no panorama&hellip;","og_url":"http:\/\/maismagazine.pt\/index.php\/2025\/02\/21\/os-nossos-cursos-estao-perfeitamente-alinhados-com-as-necessidades-do-mercado\/","og_site_name":"Mais Magazine","article_published_time":"2025-02-21T07:00:00+00:00","og_image":[{"width":876,"height":584,"url":"http:\/\/maismagazine.pt\/wp-content\/uploads\/2025\/02\/Carlos-Brandao-ESHTE-1.jpg","type":"image\/jpeg"}],"author":"Tatiana Martins","twitter_card":"summary_large_image","twitter_misc":{"Escrito por":false,"Tempo estimado de leitura":"4 minutos"},"schema":{"@context":"https:\/\/schema.org","@graph":[{"@type":"Article","@id":"http:\/\/maismagazine.pt\/index.php\/2025\/02\/21\/os-nossos-cursos-estao-perfeitamente-alinhados-com-as-necessidades-do-mercado\/#article","isPartOf":{"@id":"http:\/\/maismagazine.pt\/index.php\/2025\/02\/21\/os-nossos-cursos-estao-perfeitamente-alinhados-com-as-necessidades-do-mercado\/"},"author":{"name":"Tatiana Martins","@id":"https:\/\/maismagazine.pt\/#\/schema\/person\/7426e2caeb8df32a1b56aa48dae778c9"},"headline":"\u201cOs nossos cursos est\u00e3o perfeitamente alinhados com as necessidades do mercado\u201d","datePublished":"2025-02-21T07:00:00+00:00","mainEntityOfPage":{"@id":"http:\/\/maismagazine.pt\/index.php\/2025\/02\/21\/os-nossos-cursos-estao-perfeitamente-alinhados-com-as-necessidades-do-mercado\/"},"wordCount":605,"publisher":{"@id":"https:\/\/maismagazine.pt\/#organization"},"image":{"@id":"http:\/\/maismagazine.pt\/index.php\/2025\/02\/21\/os-nossos-cursos-estao-perfeitamente-alinhados-com-as-necessidades-do-mercado\/#primaryimage"},"thumbnailUrl":"http:\/\/maismagazine.pt\/wp-content\/uploads\/2025\/02\/Carlos-Brandao-ESHTE-1.jpg","keywords":["Escola Superior de Hotelaria e Turismo do Estoril","ESHTE","Estoril"],"articleSection":["Educa\u00e7\u00e3o"],"inLanguage":"pt-PT"},{"@type":"WebPage","@id":"http:\/\/maismagazine.pt\/index.php\/2025\/02\/21\/os-nossos-cursos-estao-perfeitamente-alinhados-com-as-necessidades-do-mercado\/","url":"http:\/\/maismagazine.pt\/index.php\/2025\/02\/21\/os-nossos-cursos-estao-perfeitamente-alinhados-com-as-necessidades-do-mercado\/","name":"\u201cOs nossos cursos est\u00e3o perfeitamente alinhados com as necessidades do mercado\u201d - Mais Magazine","isPartOf":{"@id":"https:\/\/maismagazine.pt\/#website"},"primaryImageOfPage":{"@id":"http:\/\/maismagazine.pt\/index.php\/2025\/02\/21\/os-nossos-cursos-estao-perfeitamente-alinhados-com-as-necessidades-do-mercado\/#primaryimage"},"image":{"@id":"http:\/\/maismagazine.pt\/index.php\/2025\/02\/21\/os-nossos-cursos-estao-perfeitamente-alinhados-com-as-necessidades-do-mercado\/#primaryimage"},"thumbnailUrl":"http:\/\/maismagazine.pt\/wp-content\/uploads\/2025\/02\/Carlos-Brandao-ESHTE-1.jpg","datePublished":"2025-02-21T07:00:00+00:00","breadcrumb":{"@id":"http:\/\/maismagazine.pt\/index.php\/2025\/02\/21\/os-nossos-cursos-estao-perfeitamente-alinhados-com-as-necessidades-do-mercado\/#breadcrumb"},"inLanguage":"pt-PT","potentialAction":[{"@type":"ReadAction","target":["http:\/\/maismagazine.pt\/index.php\/2025\/02\/21\/os-nossos-cursos-estao-perfeitamente-alinhados-com-as-necessidades-do-mercado\/"]}]},{"@type":"ImageObject","inLanguage":"pt-PT","@id":"http:\/\/maismagazine.pt\/index.php\/2025\/02\/21\/os-nossos-cursos-estao-perfeitamente-alinhados-com-as-necessidades-do-mercado\/#primaryimage","url":"http:\/\/maismagazine.pt\/wp-content\/uploads\/2025\/02\/Carlos-Brandao-ESHTE-1.jpg","contentUrl":"http:\/\/maismagazine.pt\/wp-content\/uploads\/2025\/02\/Carlos-Brandao-ESHTE-1.jpg","width":876,"height":584,"caption":"Carlos Brand\u00e3o, Presidente da ESHTE"},{"@type":"BreadcrumbList","@id":"http:\/\/maismagazine.pt\/index.php\/2025\/02\/21\/os-nossos-cursos-estao-perfeitamente-alinhados-com-as-necessidades-do-mercado\/#breadcrumb","itemListElement":[{"@type":"ListItem","position":1,"name":"Home","item":"https:\/\/maismagazine.pt\/"},{"@type":"ListItem","position":2,"name":"\u201cOs nossos cursos est\u00e3o perfeitamente alinhados com as necessidades do mercado\u201d"}]},{"@type":"WebSite","@id":"https:\/\/maismagazine.pt\/#website","url":"https:\/\/maismagazine.pt\/","name":"Mais Magazine","description":"","publisher":{"@id":"https:\/\/maismagazine.pt\/#organization"},"potentialAction":[{"@type":"SearchAction","target":{"@type":"EntryPoint","urlTemplate":"https:\/\/maismagazine.pt\/?s={search_term_string}"},"query-input":{"@type":"PropertyValueSpecification","valueRequired":true,"valueName":"search_term_string"}}],"inLanguage":"pt-PT"},{"@type":"Organization","@id":"https:\/\/maismagazine.pt\/#organization","name":"Mais Magazine","url":"https:\/\/maismagazine.pt\/","logo":{"@type":"ImageObject","inLanguage":"pt-PT","@id":"https:\/\/maismagazine.pt\/#\/schema\/logo\/image\/","url":"http:\/\/maismagazine.pt\/wp-content\/uploads\/2020\/04\/cropped-cropped-mais-magazine-site-logo-2.png","contentUrl":"http:\/\/maismagazine.pt\/wp-content\/uploads\/2020\/04\/cropped-cropped-mais-magazine-site-logo-2.png","width":581,"height":90,"caption":"Mais Magazine"},"image":{"@id":"https:\/\/maismagazine.pt\/#\/schema\/logo\/image\/"}},{"@type":"Person","@id":"https:\/\/maismagazine.pt\/#\/schema\/person\/7426e2caeb8df32a1b56aa48dae778c9","name":"Tatiana Martins","image":{"@type":"ImageObject","inLanguage":"pt-PT","@id":"https:\/\/maismagazine.pt\/#\/schema\/person\/image\/","url":"https:\/\/secure.gravatar.com\/avatar\/4b24a57f5d0425f2eb20981c4b53244e?s=96&d=mm&r=g","contentUrl":"https:\/\/secure.gravatar.com\/avatar\/4b24a57f5d0425f2eb20981c4b53244e?s=96&d=mm&r=g","caption":"Tatiana Martins"},"url":"http:\/\/maismagazine.pt\/index.php\/author\/tatiana\/"}]}},"author_meta":{"display_name":false,"author_link":"http:\/\/maismagazine.pt\/index.php\/author\/tatiana\/"},"featured_img":"http:\/\/maismagazine.pt\/wp-content\/uploads\/2025\/02\/Carlos-Brandao-ESHTE-1-300x200.jpg","coauthors":[],"tax_additional":{"categories":{"linked":["<a href=\"http:\/\/maismagazine.pt\/index.php\/category\/educacao\/\" class=\"advgb-post-tax-term\">Educa\u00e7\u00e3o<\/a>"],"unlinked":["<span class=\"advgb-post-tax-term\">Educa\u00e7\u00e3o<\/span>"]},"tags":{"linked":["<a href=\"http:\/\/maismagazine.pt\/index.php\/category\/educacao\/\" class=\"advgb-post-tax-term\">Escola Superior de Hotelaria e Turismo do Estoril<\/a>","<a href=\"http:\/\/maismagazine.pt\/index.php\/category\/educacao\/\" class=\"advgb-post-tax-term\">ESHTE<\/a>","<a href=\"http:\/\/maismagazine.pt\/index.php\/category\/educacao\/\" class=\"advgb-post-tax-term\">Estoril<\/a>"],"unlinked":["<span class=\"advgb-post-tax-term\">Escola Superior de Hotelaria e Turismo do Estoril<\/span>","<span class=\"advgb-post-tax-term\">ESHTE<\/span>","<span class=\"advgb-post-tax-term\">Estoril<\/span>"]}},"comment_count":"0","relative_dates":{"created":"Posted 1 ano ago","modified":"Updated 1 ano ago"},"absolute_dates":{"created":"Posted on 21 de Fevereiro, 2025","modified":"Updated on 18 de Fevereiro, 2025"},"absolute_dates_time":{"created":"Posted on 21 de Fevereiro, 2025 7:00","modified":"Updated on 18 de Fevereiro, 2025 15:43"},"featured_img_caption":"Carlos Brand\u00e3o, Presidente da ESHTE","series_order":"","_links":{"self":[{"href":"http:\/\/maismagazine.pt\/index.php\/wp-json\/wp\/v2\/posts\/11250","targetHints":{"allow":["GET"]}}],"collection":[{"href":"http:\/\/maismagazine.pt\/index.php\/wp-json\/wp\/v2\/posts"}],"about":[{"href":"http:\/\/maismagazine.pt\/index.php\/wp-json\/wp\/v2\/types\/post"}],"author":[{"embeddable":true,"href":"http:\/\/maismagazine.pt\/index.php\/wp-json\/wp\/v2\/users\/18"}],"replies":[{"embeddable":true,"href":"http:\/\/maismagazine.pt\/index.php\/wp-json\/wp\/v2\/comments?post=11250"}],"version-history":[{"count":1,"href":"http:\/\/maismagazine.pt\/index.php\/wp-json\/wp\/v2\/posts\/11250\/revisions"}],"predecessor-version":[{"id":11258,"href":"http:\/\/maismagazine.pt\/index.php\/wp-json\/wp\/v2\/posts\/11250\/revisions\/11258"}],"wp:featuredmedia":[{"embeddable":true,"href":"http:\/\/maismagazine.pt\/index.php\/wp-json\/wp\/v2\/media\/11256"}],"wp:attachment":[{"href":"http:\/\/maismagazine.pt\/index.php\/wp-json\/wp\/v2\/media?parent=11250"}],"wp:term":[{"taxonomy":"category","embeddable":true,"href":"http:\/\/maismagazine.pt\/index.php\/wp-json\/wp\/v2\/categories?post=11250"},{"taxonomy":"post_tag","embeddable":true,"href":"http:\/\/maismagazine.pt\/index.php\/wp-json\/wp\/v2\/tags?post=11250"}],"curies":[{"name":"wp","href":"https:\/\/api.w.org\/{rel}","templated":true}]}}